{"id":3144,"date":"2013-09-25T20:39:42","date_gmt":"2013-09-25T20:39:42","guid":{"rendered":"http:\/\/www.eldigitaldeasturias.com\/noticias\/?p=3144"},"modified":"2013-09-25T20:39:42","modified_gmt":"2013-09-25T20:39:42","slug":"interior-crea-unidades-especificas-para-luchar-contra-el-robo-en-el-campo","status":"publish","type":"post","link":"https:\/\/www.eldigitaldeasturias.com\/noticias\/interior-crea-unidades-especificas-para-luchar-contra-el-robo-en-el-campo\/","title":{"rendered":"Interior crea unidades espec\u00edficas para luchar contra el robo en el campo"},"content":{"rendered":"<p><img loading=\"lazy\" decoding=\"async\" class=\"alignleft size-medium wp-image-3145\" alt=\"fotonoticia_20130925151700_800\" src=\"https:\/\/www.eldigitaldeasturias.com\/noticias\/wp-content\/uploads\/2013\/09\/fotonoticia_20130925151700_800-200x300.jpg\" width=\"200\" height=\"300\" \/>MADRID, 25 Sep. (EUROPA PRESS) &#8211;\u00a0El Ministerio del Interior va a proceder al despliegue de nuevos equipos espec\u00edficos de la Guardia Civil denominados &#8216;Equipos Roca&#8217; que tienen como objetivo prevenir de los robos en instalaciones agr\u00edcolas y ganaderas en las zonas rurales. As\u00ed lo ha explicado este mi\u00e9rcoles el ministro del Interior, Jorge Fern\u00e1ndez D\u00edaz, en compa\u00f1\u00eda del ministro de Agricultura, Miguel Arias Ca\u00f1ete, durante la presentaci\u00f3n de las nuevas medidas del plan previsto para luchar contra estas actividades delictivas.<\/p>\n<p>Los &#8216;Equipos Roca&#8217; reciben este nombre por las siglas de Equipos de lucha contra el Robo en el Campo. Su funci\u00f3n ser\u00e1 la de incrementar la seguridad de estas explotaciones mediante una vigilancia permanente y una mayor comunicaci\u00f3n con los colectivos afectados. En total, ser\u00e1n 55 equipos con un total de 275 agentes de la Guardia Civil dedicados en exclusiva a estos cometidos.<\/p>\n<p>Se implicar\u00e1n a las unidades del SEPRONA habituados al medio rural y sus entornos, as\u00ed como al lanzamiento de la aplicaci\u00f3n de la Denuncia Electr\u00f3nica en Internet para que los afectados puedan ponerse en contacto de inmediato con las fuerzas de seguridad ante un robo en sus propiedades.<\/p>\n<p>Est\u00e1 previsto que proporcionen una cobertura integral al agricultor y al ganadero que va desde los contactos iniciales, pasando por el intercambio de informaci\u00f3n y acciones formativas de seguridad, hasta la investigaci\u00f3n e identificaci\u00f3n de los delincuentes. \u00abTratar\u00e1n de ser los \u00e1ngeles de la guarda de este colectivo\u00bb, ha dicho el ministro.<\/p>\n<p>15 PROVINCIAS<\/p>\n<p>Se desplegar\u00e1n en las 15 provincias m\u00e1s afectadas por esta pr\u00e1ctica delictiva: Zaragoza, Castell\u00f3n, Valencia, Alicante, Albacete, Murcia, Almer\u00eda, Granada, C\u00f3rdoba, Sevilla, Huelva, Ciudad Real, Toledo, C\u00e1ceres y Badajoz.<\/p>\n<p>El ministro del Interior ha se\u00f1alado que el n\u00famero de delitos cometidos en el campo en 2012 y conocidos por la Guardia Civil suman un total de 15.234. De ellos, 11.201 se han producido en las 15 provincias m\u00e1s afectadas que representan el 74 por ciento de las infracciones penales. Por provincias, las m\u00e1s afectadas son Valencia con 1.441 delitos; Sevilla que registra 1.306 infracciones penales; le sigue Almer\u00eda con 1.150 delitos cometidos, y Toledo con 965.<\/p>\n<p>A pesar de que el n\u00famero de robos en el campo contin\u00faa aumentando ligeramente, sin embargo, este tipo de infracci\u00f3n s\u00f3lo representa el 2,5% por ciento del total de la cifra de criminalidad en el \u00e1mbito de la Guardia Civil. Prueba de ello, es que en 2012 el total de infracciones penales conocidas por la Guardia Civil en toda Espa\u00f1a fue de 613.433. (Excluido el Pa\u00eds Vasco y Catalu\u00f1a donde la Guardia Civil no tiene competencias en materia de seguridad ciudadana).<\/p>\n<p>Desde que el Ministerio del Interior puso en marcha el Plan contra las Sustracciones en Explotaciones Agr\u00edcolas y Ganaderas en abril de 2011, la Guardia Civil ha detenido e imputado a 1.170 personas en 2011, 1.889 en 2012 y 1.489 delincuentes hasta agosto de 2013. Si comparamos este mismo dato con el mismo per\u00edodo de 2012, la Guardia Civil detuvo hasta agosto de 2012 a 1.305 personas frente a las 1.489 de este a\u00f1o, lo que supone un incremento del 14,1%.<\/p>\n<p>PENAS DE C\u00c1RCEL<\/p>\n<p>Arias Ca\u00f1ete ha destacado tambi\u00e9n la importancia que en la prevenci\u00f3n de este delito tiene la reforma del C\u00f3digo Penal presentada el pasado viernes por el Consejo de Ministros y en la que se contemplan entre 1 y tres a\u00f1os de c\u00e1rcel para los autores de estos delitos, que seg\u00fan ha dicho, muchas veces act\u00faan de manera organizada. Adem\u00e1s ha a\u00f1adido que el nuevo C\u00f3digo Penal castiga especialmente (entre dos y cinco a\u00f1os de c\u00e1rcel) a quienes comercien posteriormente con el material sustra\u00eddo. \u00abNadie roba 300 metros de cobre para decorar su casa\u00bb, ha dicho el ministro.<\/p>\n<p>El director Adjunto Operativo de la Guardia Civil, el teniente general C\u00e1ndido Cardiel ha explicado los cambios que ha experimentado el perfil de este tipo de delincuentes que \u00abya no es el que robaba una gallina\u00bb, sino que se trata de \u00abgrupos organizados e itinerantes\u00bb que viven en un provincia, por la noche se desplazan a otra provincia para robar el material y posteriormente la venden en una tercera provincia.<\/p>\n<p>La mercanc\u00eda robada acaba en mercadillos o en chatarrer\u00edas ha detallado Cardiel, quien ha otorgado especial importancia tambi\u00e9n a la Guardia Civil de Tr\u00e1fico para prevenir de este delito ya que ha recordado que la mercanc\u00eda siempre se traslada por carretera.<\/p>\n","protected":false},"excerpt":{"rendered":"<p>MADRID, 25 Sep. (EUROPA PRESS) &#8211;\u00a0El Ministerio del Interior va a proceder al despliegue de nuevos equipos espec\u00edficos de la Guardia Civil denominados &#8216;Equipos Roca&#8217; que tienen como objetivo prevenir de los robos en instalaciones agr\u00edcolas y ganaderas en las zonas rurales. As\u00ed lo ha explicado este mi\u00e9rcoles el ministro del Interior, Jorge Fern\u00e1ndez D\u00edaz, [&hellip;]<\/p>\n","protected":false},"author":1,"featured_media":3145,"comment_status":"open","ping_status":"open","sticky":false,"template":"","format":"standard","meta":{"footnotes":""},"categories":[5],"tags":[],"class_list":["post-3144","post","type-post","status-publish","format-standard","has-post-thumbnail","hentry","category-sucesos"],"aioseo_notices":[],"aioseo_head":"\n\t\t<!-- All in One SEO Pro 4.9.6.2 - aioseo.com -->\n\t<meta name=\"description\" content=\"MADRID, 25 Sep. (EUROPA PRESS) - El Ministerio del Interior va a proceder al despliegue de nuevos equipos espec\u00edficos de la Guardia Civil denominados &#039;Equipos Roca&#039; que tienen como objetivo prevenir de los robos en instalaciones agr\u00edcolas y ganaderas en las zonas rurales. As\u00ed lo ha explicado este mi\u00e9rcoles el ministro del Interior, Jorge Fern\u00e1ndez D\u00edaz,\" \/>\n\t<meta name=\"robots\" content=\"max-image-preview:large\" \/>\n\t<meta name=\"author\" content=\"El Digital de Asturias\"\/>\n\t<meta name=\"google-site-verification\" content=\"UA-38556648-1\" \/>\n\t<meta name=\"msvalidate.01\" content=\"7dfe9f3f1b24437ab69f4f2559babe99\" \/>\n\t<meta name=\"keywords\" content=\"sucesos\" \/>\n\t<link rel=\"canonical\" href=\"https:\/\/www.eldigitaldeasturias.com\/noticias\/interior-crea-unidades-especificas-para-luchar-contra-el-robo-en-el-campo\/\" \/>\n\t<meta name=\"generator\" content=\"All in One SEO Pro (AIOSEO) 4.9.6.2\" \/>\n\t\t<meta property=\"og:locale\" content=\"es_ES\" \/>\n\t\t<meta property=\"og:site_name\" content=\"El Digital de Asturias\" \/>\n\t\t<meta property=\"og:type\" content=\"article\" \/>\n\t\t<meta property=\"og:title\" content=\"Interior crea unidades espec\u00edficas para luchar contra el robo en el campo - El Digital de Asturias\" \/>\n\t\t<meta property=\"og:description\" content=\"MADRID, 25 Sep. (EUROPA PRESS) - El Ministerio del Interior va a proceder al despliegue de nuevos equipos espec\u00edficos de la Guardia Civil denominados &#039;Equipos Roca&#039; que tienen como objetivo prevenir de los robos en instalaciones agr\u00edcolas y ganaderas en las zonas rurales. As\u00ed lo ha explicado este mi\u00e9rcoles el ministro del Interior, Jorge Fern\u00e1ndez D\u00edaz,\" \/>\n\t\t<meta property=\"og:url\" content=\"https:\/\/www.eldigitaldeasturias.com\/noticias\/interior-crea-unidades-especificas-para-luchar-contra-el-robo-en-el-campo\/\" \/>\n\t\t<meta property=\"article:tag\" content=\"sucesos\" \/>\n\t\t<meta property=\"article:published_time\" content=\"2013-09-25T20:39:42+00:00\" \/>\n\t\t<meta property=\"article:modified_time\" content=\"2013-09-25T20:39:42+00:00\" \/>\n\t\t<meta property=\"article:publisher\" content=\"https:\/\/facebook.com\/eldigitaldeasturias\" \/>\n\t\t<meta name=\"twitter:card\" content=\"summary_large_image\" \/>\n\t\t<meta name=\"twitter:title\" content=\"Interior crea unidades espec\u00edficas para luchar contra el robo en el campo - El Digital de Asturias\" \/>\n\t\t<meta name=\"twitter:description\" content=\"MADRID, 25 Sep. (EUROPA PRESS) - El Ministerio del Interior va a proceder al despliegue de nuevos equipos espec\u00edficos de la Guardia Civil denominados &#039;Equipos Roca&#039; que tienen como objetivo prevenir de los robos en instalaciones agr\u00edcolas y ganaderas en las zonas rurales. As\u00ed lo ha explicado este mi\u00e9rcoles el ministro del Interior, Jorge Fern\u00e1ndez D\u00edaz,\" \/>\n\t\t<meta name=\"twitter:label1\" content=\"Escrito por\" \/>\n\t\t<meta name=\"twitter:data1\" content=\"El Digital de Asturias\" \/>\n\t\t<meta name=\"twitter:label2\" content=\"Tiempo de lectura estimado\" \/>\n\t\t<meta name=\"twitter:data2\" content=\"4 minutos\" \/>\n\t\t<script type=\"application\/ld+json\" class=\"aioseo-schema\">\n\t\t\t{\"@context\":\"https:\\\/\\\/schema.org\",\"@graph\":[{\"@type\":\"BlogPosting\",\"@id\":\"https:\\\/\\\/www.eldigitaldeasturias.com\\\/noticias\\\/interior-crea-unidades-especificas-para-luchar-contra-el-robo-en-el-campo\\\/#blogposting\",\"name\":\"Interior crea unidades espec\\u00edficas para luchar contra el robo en el campo - El Digital de Asturias\",\"headline\":\"Interior crea unidades espec\\u00edficas para luchar contra el robo en el campo\",\"author\":{\"@id\":\"https:\\\/\\\/www.eldigitaldeasturias.com\\\/noticias\\\/author\\\/admin\\\/#author\"},\"publisher\":{\"@id\":\"https:\\\/\\\/www.eldigitaldeasturias.com\\\/noticias\\\/#organization\"},\"image\":{\"@type\":\"ImageObject\",\"url\":3145},\"datePublished\":\"2013-09-25T20:39:42+02:00\",\"dateModified\":\"2013-09-25T20:39:42+02:00\",\"inLanguage\":\"es-ES\",\"mainEntityOfPage\":{\"@id\":\"https:\\\/\\\/www.eldigitaldeasturias.com\\\/noticias\\\/interior-crea-unidades-especificas-para-luchar-contra-el-robo-en-el-campo\\\/#webpage\"},\"isPartOf\":{\"@id\":\"https:\\\/\\\/www.eldigitaldeasturias.com\\\/noticias\\\/interior-crea-unidades-especificas-para-luchar-contra-el-robo-en-el-campo\\\/#webpage\"},\"articleSection\":\"Sucesos\"},{\"@type\":\"BreadcrumbList\",\"@id\":\"https:\\\/\\\/www.eldigitaldeasturias.com\\\/noticias\\\/interior-crea-unidades-especificas-para-luchar-contra-el-robo-en-el-campo\\\/#breadcrumblist\",\"itemListElement\":[{\"@type\":\"ListItem\",\"@id\":\"https:\\\/\\\/www.eldigitaldeasturias.com\\\/noticias#listItem\",\"position\":1,\"name\":\"Home\",\"item\":\"https:\\\/\\\/www.eldigitaldeasturias.com\\\/noticias\",\"nextItem\":{\"@type\":\"ListItem\",\"@id\":\"https:\\\/\\\/www.eldigitaldeasturias.com\\\/noticias\\\/category\\\/sucesos\\\/#listItem\",\"name\":\"Sucesos\"}},{\"@type\":\"ListItem\",\"@id\":\"https:\\\/\\\/www.eldigitaldeasturias.com\\\/noticias\\\/category\\\/sucesos\\\/#listItem\",\"position\":2,\"name\":\"Sucesos\",\"item\":\"https:\\\/\\\/www.eldigitaldeasturias.com\\\/noticias\\\/category\\\/sucesos\\\/\",\"nextItem\":{\"@type\":\"ListItem\",\"@id\":\"https:\\\/\\\/www.eldigitaldeasturias.com\\\/noticias\\\/interior-crea-unidades-especificas-para-luchar-contra-el-robo-en-el-campo\\\/#listItem\",\"name\":\"Interior crea unidades espec\\u00edficas para luchar contra el robo en el campo\"},\"previousItem\":{\"@type\":\"ListItem\",\"@id\":\"https:\\\/\\\/www.eldigitaldeasturias.com\\\/noticias#listItem\",\"name\":\"Home\"}},{\"@type\":\"ListItem\",\"@id\":\"https:\\\/\\\/www.eldigitaldeasturias.com\\\/noticias\\\/interior-crea-unidades-especificas-para-luchar-contra-el-robo-en-el-campo\\\/#listItem\",\"position\":3,\"name\":\"Interior crea unidades espec\\u00edficas para luchar contra el robo en el campo\",\"previousItem\":{\"@type\":\"ListItem\",\"@id\":\"https:\\\/\\\/www.eldigitaldeasturias.com\\\/noticias\\\/category\\\/sucesos\\\/#listItem\",\"name\":\"Sucesos\"}}]},{\"@type\":\"Organization\",\"@id\":\"https:\\\/\\\/www.eldigitaldeasturias.com\\\/noticias\\\/#organization\",\"name\":\"El Digital de Asturias\",\"description\":\"Hemeroteca\",\"url\":\"https:\\\/\\\/www.eldigitaldeasturias.com\\\/noticias\\\/\",\"email\":\"info@eldigitaldeasturias.com\",\"telephone\":\"+34652131393\",\"logo\":{\"@type\":\"ImageObject\",\"url\":\"https:\\\/\\\/www.eldigitaldeasturias.com\\\/noticias\\\/wp-content\\\/uploads\\\/2020\\\/12\\\/EDA.jpg\",\"@id\":\"https:\\\/\\\/www.eldigitaldeasturias.com\\\/noticias\\\/interior-crea-unidades-especificas-para-luchar-contra-el-robo-en-el-campo\\\/#organizationLogo\",\"width\":649,\"height\":297},\"image\":{\"@id\":\"https:\\\/\\\/www.eldigitaldeasturias.com\\\/noticias\\\/interior-crea-unidades-especificas-para-luchar-contra-el-robo-en-el-campo\\\/#organizationLogo\"},\"sameAs\":[\"https:\\\/\\\/facebook.com\\\/eldigitaldeasturias\",\"https:\\\/\\\/www.youtube.com\\\/channel\\\/UCZP-2wLEB9Rv6erhFmqVnvg\"],\"address\":{\"@id\":\"https:\\\/\\\/www.eldigitaldeasturias.com\\\/noticias\\\/#postaladdress\",\"@type\":\"PostalAddress\",\"streetAddress\":\"san antonio 4,\",\"postalCode\":\"33430\",\"addressLocality\":\"Cand\\u00e1s\",\"addressRegion\":\"Asturias\",\"addressCountry\":\"ES\"}},{\"@type\":\"Person\",\"@id\":\"https:\\\/\\\/www.eldigitaldeasturias.com\\\/noticias\\\/author\\\/admin\\\/#author\",\"url\":\"https:\\\/\\\/www.eldigitaldeasturias.com\\\/noticias\\\/author\\\/admin\\\/\",\"name\":\"El Digital de Asturias\",\"image\":{\"@type\":\"ImageObject\",\"@id\":\"https:\\\/\\\/www.eldigitaldeasturias.com\\\/noticias\\\/interior-crea-unidades-especificas-para-luchar-contra-el-robo-en-el-campo\\\/#authorImage\",\"url\":\"https:\\\/\\\/www.eldigitaldeasturias.com\\\/noticias\\\/wp-content\\\/litespeed\\\/avatar\\\/18677e78aa0546b92d9dbf31ec7d7668.jpg?ver=1777290358\",\"width\":96,\"height\":96,\"caption\":\"El Digital de Asturias\"}},{\"@type\":\"WebPage\",\"@id\":\"https:\\\/\\\/www.eldigitaldeasturias.com\\\/noticias\\\/interior-crea-unidades-especificas-para-luchar-contra-el-robo-en-el-campo\\\/#webpage\",\"url\":\"https:\\\/\\\/www.eldigitaldeasturias.com\\\/noticias\\\/interior-crea-unidades-especificas-para-luchar-contra-el-robo-en-el-campo\\\/\",\"name\":\"Interior crea unidades espec\\u00edficas para luchar contra el robo en el campo - El Digital de Asturias\",\"description\":\"MADRID, 25 Sep. (EUROPA PRESS) - El Ministerio del Interior va a proceder al despliegue de nuevos equipos espec\\u00edficos de la Guardia Civil denominados 'Equipos Roca' que tienen como objetivo prevenir de los robos en instalaciones agr\\u00edcolas y ganaderas en las zonas rurales. As\\u00ed lo ha explicado este mi\\u00e9rcoles el ministro del Interior, Jorge Fern\\u00e1ndez D\\u00edaz,\",\"inLanguage\":\"es-ES\",\"isPartOf\":{\"@id\":\"https:\\\/\\\/www.eldigitaldeasturias.com\\\/noticias\\\/#website\"},\"breadcrumb\":{\"@id\":\"https:\\\/\\\/www.eldigitaldeasturias.com\\\/noticias\\\/interior-crea-unidades-especificas-para-luchar-contra-el-robo-en-el-campo\\\/#breadcrumblist\"},\"author\":{\"@id\":\"https:\\\/\\\/www.eldigitaldeasturias.com\\\/noticias\\\/author\\\/admin\\\/#author\"},\"creator\":{\"@id\":\"https:\\\/\\\/www.eldigitaldeasturias.com\\\/noticias\\\/author\\\/admin\\\/#author\"},\"image\":{\"@type\":\"ImageObject\",\"url\":3145,\"@id\":\"https:\\\/\\\/www.eldigitaldeasturias.com\\\/noticias\\\/interior-crea-unidades-especificas-para-luchar-contra-el-robo-en-el-campo\\\/#mainImage\"},\"primaryImageOfPage\":{\"@id\":\"https:\\\/\\\/www.eldigitaldeasturias.com\\\/noticias\\\/interior-crea-unidades-especificas-para-luchar-contra-el-robo-en-el-campo\\\/#mainImage\"},\"datePublished\":\"2013-09-25T20:39:42+02:00\",\"dateModified\":\"2013-09-25T20:39:42+02:00\"},{\"@type\":\"WebSite\",\"@id\":\"https:\\\/\\\/www.eldigitaldeasturias.com\\\/noticias\\\/#website\",\"url\":\"https:\\\/\\\/www.eldigitaldeasturias.com\\\/noticias\\\/\",\"name\":\"El Digital de Asturias - Diario de actualidad y noticias\",\"alternateName\":\"El Digital de Asturias - Diario de actualidad y noticias\",\"description\":\"Hemeroteca\",\"inLanguage\":\"es-ES\",\"publisher\":{\"@id\":\"https:\\\/\\\/www.eldigitaldeasturias.com\\\/noticias\\\/#organization\"}}]}\n\t\t<\/script>\n\t\t<!-- All in One SEO Pro -->\r\n\t\t<title>Interior crea unidades espec\u00edficas para luchar contra el robo en el campo - El Digital de Asturias<\/title>\n\n","aioseo_head_json":{"title":"Interior crea unidades espec\u00edficas para luchar contra el robo en el campo - El Digital de Asturias","description":"MADRID, 25 Sep. (EUROPA PRESS) - El Ministerio del Interior va a proceder al despliegue de nuevos equipos espec\u00edficos de la Guardia Civil denominados 'Equipos Roca' que tienen como objetivo prevenir de los robos en instalaciones agr\u00edcolas y ganaderas en las zonas rurales. As\u00ed lo ha explicado este mi\u00e9rcoles el ministro del Interior, Jorge Fern\u00e1ndez D\u00edaz,","canonical_url":"https:\/\/www.eldigitaldeasturias.com\/noticias\/interior-crea-unidades-especificas-para-luchar-contra-el-robo-en-el-campo\/","robots":"max-image-preview:large","keywords":"sucesos","webmasterTools":{"google-site-verification":"UA-38556648-1","msvalidate.01":"7dfe9f3f1b24437ab69f4f2559babe99","miscellaneous":""},"schema":{"@context":"https:\/\/schema.org","@graph":[{"@type":"BlogPosting","@id":"https:\/\/www.eldigitaldeasturias.com\/noticias\/interior-crea-unidades-especificas-para-luchar-contra-el-robo-en-el-campo\/#blogposting","name":"Interior crea unidades espec\u00edficas para luchar contra el robo en el campo - El Digital de Asturias","headline":"Interior crea unidades espec\u00edficas para luchar contra el robo en el campo","author":{"@id":"https:\/\/www.eldigitaldeasturias.com\/noticias\/author\/admin\/#author"},"publisher":{"@id":"https:\/\/www.eldigitaldeasturias.com\/noticias\/#organization"},"image":{"@type":"ImageObject","url":3145},"datePublished":"2013-09-25T20:39:42+02:00","dateModified":"2013-09-25T20:39:42+02:00","inLanguage":"es-ES","mainEntityOfPage":{"@id":"https:\/\/www.eldigitaldeasturias.com\/noticias\/interior-crea-unidades-especificas-para-luchar-contra-el-robo-en-el-campo\/#webpage"},"isPartOf":{"@id":"https:\/\/www.eldigitaldeasturias.com\/noticias\/interior-crea-unidades-especificas-para-luchar-contra-el-robo-en-el-campo\/#webpage"},"articleSection":"Sucesos"},{"@type":"BreadcrumbList","@id":"https:\/\/www.eldigitaldeasturias.com\/noticias\/interior-crea-unidades-especificas-para-luchar-contra-el-robo-en-el-campo\/#breadcrumblist","itemListElement":[{"@type":"ListItem","@id":"https:\/\/www.eldigitaldeasturias.com\/noticias#listItem","position":1,"name":"Home","item":"https:\/\/www.eldigitaldeasturias.com\/noticias","nextItem":{"@type":"ListItem","@id":"https:\/\/www.eldigitaldeasturias.com\/noticias\/category\/sucesos\/#listItem","name":"Sucesos"}},{"@type":"ListItem","@id":"https:\/\/www.eldigitaldeasturias.com\/noticias\/category\/sucesos\/#listItem","position":2,"name":"Sucesos","item":"https:\/\/www.eldigitaldeasturias.com\/noticias\/category\/sucesos\/","nextItem":{"@type":"ListItem","@id":"https:\/\/www.eldigitaldeasturias.com\/noticias\/interior-crea-unidades-especificas-para-luchar-contra-el-robo-en-el-campo\/#listItem","name":"Interior crea unidades espec\u00edficas para luchar contra el robo en el campo"},"previousItem":{"@type":"ListItem","@id":"https:\/\/www.eldigitaldeasturias.com\/noticias#listItem","name":"Home"}},{"@type":"ListItem","@id":"https:\/\/www.eldigitaldeasturias.com\/noticias\/interior-crea-unidades-especificas-para-luchar-contra-el-robo-en-el-campo\/#listItem","position":3,"name":"Interior crea unidades espec\u00edficas para luchar contra el robo en el campo","previousItem":{"@type":"ListItem","@id":"https:\/\/www.eldigitaldeasturias.com\/noticias\/category\/sucesos\/#listItem","name":"Sucesos"}}]},{"@type":"Organization","@id":"https:\/\/www.eldigitaldeasturias.com\/noticias\/#organization","name":"El Digital de Asturias","description":"Hemeroteca","url":"https:\/\/www.eldigitaldeasturias.com\/noticias\/","email":"info@eldigitaldeasturias.com","telephone":"+34652131393","logo":{"@type":"ImageObject","url":"https:\/\/www.eldigitaldeasturias.com\/noticias\/wp-content\/uploads\/2020\/12\/EDA.jpg","@id":"https:\/\/www.eldigitaldeasturias.com\/noticias\/interior-crea-unidades-especificas-para-luchar-contra-el-robo-en-el-campo\/#organizationLogo","width":649,"height":297},"image":{"@id":"https:\/\/www.eldigitaldeasturias.com\/noticias\/interior-crea-unidades-especificas-para-luchar-contra-el-robo-en-el-campo\/#organizationLogo"},"sameAs":["https:\/\/facebook.com\/eldigitaldeasturias","https:\/\/www.youtube.com\/channel\/UCZP-2wLEB9Rv6erhFmqVnvg"],"address":{"@id":"https:\/\/www.eldigitaldeasturias.com\/noticias\/#postaladdress","@type":"PostalAddress","streetAddress":"san antonio 4,","postalCode":"33430","addressLocality":"Cand\u00e1s","addressRegion":"Asturias","addressCountry":"ES"}},{"@type":"Person","@id":"https:\/\/www.eldigitaldeasturias.com\/noticias\/author\/admin\/#author","url":"https:\/\/www.eldigitaldeasturias.com\/noticias\/author\/admin\/","name":"El Digital de Asturias","image":{"@type":"ImageObject","@id":"https:\/\/www.eldigitaldeasturias.com\/noticias\/interior-crea-unidades-especificas-para-luchar-contra-el-robo-en-el-campo\/#authorImage","url":"https:\/\/www.eldigitaldeasturias.com\/noticias\/wp-content\/litespeed\/avatar\/18677e78aa0546b92d9dbf31ec7d7668.jpg?ver=1777290358","width":96,"height":96,"caption":"El Digital de Asturias"}},{"@type":"WebPage","@id":"https:\/\/www.eldigitaldeasturias.com\/noticias\/interior-crea-unidades-especificas-para-luchar-contra-el-robo-en-el-campo\/#webpage","url":"https:\/\/www.eldigitaldeasturias.com\/noticias\/interior-crea-unidades-especificas-para-luchar-contra-el-robo-en-el-campo\/","name":"Interior crea unidades espec\u00edficas para luchar contra el robo en el campo - El Digital de Asturias","description":"MADRID, 25 Sep. (EUROPA PRESS) - El Ministerio del Interior va a proceder al despliegue de nuevos equipos espec\u00edficos de la Guardia Civil denominados 'Equipos Roca' que tienen como objetivo prevenir de los robos en instalaciones agr\u00edcolas y ganaderas en las zonas rurales. As\u00ed lo ha explicado este mi\u00e9rcoles el ministro del Interior, Jorge Fern\u00e1ndez D\u00edaz,","inLanguage":"es-ES","isPartOf":{"@id":"https:\/\/www.eldigitaldeasturias.com\/noticias\/#website"},"breadcrumb":{"@id":"https:\/\/www.eldigitaldeasturias.com\/noticias\/interior-crea-unidades-especificas-para-luchar-contra-el-robo-en-el-campo\/#breadcrumblist"},"author":{"@id":"https:\/\/www.eldigitaldeasturias.com\/noticias\/author\/admin\/#author"},"creator":{"@id":"https:\/\/www.eldigitaldeasturias.com\/noticias\/author\/admin\/#author"},"image":{"@type":"ImageObject","url":3145,"@id":"https:\/\/www.eldigitaldeasturias.com\/noticias\/interior-crea-unidades-especificas-para-luchar-contra-el-robo-en-el-campo\/#mainImage"},"primaryImageOfPage":{"@id":"https:\/\/www.eldigitaldeasturias.com\/noticias\/interior-crea-unidades-especificas-para-luchar-contra-el-robo-en-el-campo\/#mainImage"},"datePublished":"2013-09-25T20:39:42+02:00","dateModified":"2013-09-25T20:39:42+02:00"},{"@type":"WebSite","@id":"https:\/\/www.eldigitaldeasturias.com\/noticias\/#website","url":"https:\/\/www.eldigitaldeasturias.com\/noticias\/","name":"El Digital de Asturias - Diario de actualidad y noticias","alternateName":"El Digital de Asturias - Diario de actualidad y noticias","description":"Hemeroteca","inLanguage":"es-ES","publisher":{"@id":"https:\/\/www.eldigitaldeasturias.com\/noticias\/#organization"}}]},"og:locale":"es_ES","og:site_name":"El Digital de Asturias","og:type":"article","og:title":"Interior crea unidades espec\u00edficas para luchar contra el robo en el campo - El Digital de Asturias","og:description":"MADRID, 25 Sep. (EUROPA PRESS) - El Ministerio del Interior va a proceder al despliegue de nuevos equipos espec\u00edficos de la Guardia Civil denominados 'Equipos Roca' que tienen como objetivo prevenir de los robos en instalaciones agr\u00edcolas y ganaderas en las zonas rurales. As\u00ed lo ha explicado este mi\u00e9rcoles el ministro del Interior, Jorge Fern\u00e1ndez D\u00edaz,","og:url":"https:\/\/www.eldigitaldeasturias.com\/noticias\/interior-crea-unidades-especificas-para-luchar-contra-el-robo-en-el-campo\/","article:tag":["sucesos"],"article:published_time":"2013-09-25T20:39:42+00:00","article:modified_time":"2013-09-25T20:39:42+00:00","article:publisher":"https:\/\/facebook.com\/eldigitaldeasturias","twitter:card":"summary_large_image","twitter:title":"Interior crea unidades espec\u00edficas para luchar contra el robo en el campo - El Digital de Asturias","twitter:description":"MADRID, 25 Sep. (EUROPA PRESS) - El Ministerio del Interior va a proceder al despliegue de nuevos equipos espec\u00edficos de la Guardia Civil denominados 'Equipos Roca' que tienen como objetivo prevenir de los robos en instalaciones agr\u00edcolas y ganaderas en las zonas rurales. As\u00ed lo ha explicado este mi\u00e9rcoles el ministro del Interior, Jorge Fern\u00e1ndez D\u00edaz,","twitter:label1":"Escrito por","twitter:data1":"El Digital de Asturias","twitter:label2":"Tiempo de lectura estimado","twitter:data2":"4 minutos"},"aioseo_meta_data":{"post_id":"3144","title":null,"description":null,"keywords":null,"keyphrases":null,"primary_term":null,"canonical_url":null,"og_title":null,"og_description":null,"og_object_type":"default","og_image_type":"default","og_image_url":null,"og_image_width":null,"og_image_height":null,"og_image_custom_url":null,"og_image_custom_fields":null,"og_video":null,"og_custom_url":null,"og_article_section":null,"og_article_tags":null,"twitter_use_og":true,"twitter_card":"default","twitter_image_type":"default","twitter_image_url":null,"twitter_image_custom_url":null,"twitter_image_custom_fields":null,"twitter_title":null,"twitter_description":null,"schema":{"blockGraphs":[],"customGraphs":[],"default":{"data":{"Article":[],"Course":[],"Dataset":[],"FAQPage":[],"Movie":[],"Person":[],"Product":[],"ProductReview":[],"Car":[],"Recipe":[],"Service":[],"SoftwareApplication":[],"WebPage":[]},"graphName":"","isEnabled":true},"graphs":[],"defaultGraph":"","defaultPostTypeGraph":""},"schema_type":null,"schema_type_options":null,"pillar_content":false,"robots_default":true,"robots_noindex":false,"robots_noarchive":false,"robots_nosnippet":false,"robots_nofollow":false,"robots_noimageindex":false,"robots_noodp":false,"robots_notranslate":false,"robots_max_snippet":null,"robots_max_videopreview":null,"robots_max_imagepreview":"none","priority":null,"frequency":null,"local_seo":null,"seo_analyzer_scan_date":"2025-08-21 05:50:48","breadcrumb_settings":null,"limit_modified_date":false,"open_ai":null,"ai":null,"created":"2020-11-14 22:37:03","updated":"2025-08-21 05:50:48"},"aioseo_breadcrumb":"<div class=\"aioseo-breadcrumbs\"><span class=\"aioseo-breadcrumb\">\n\t<a href=\"https:\/\/www.eldigitaldeasturias.com\/noticias\" title=\"Home\">Home<\/a>\n<\/span><span class=\"aioseo-breadcrumb-separator\">\u2013<\/span><span class=\"aioseo-breadcrumb\">\n\t<a href=\"https:\/\/www.eldigitaldeasturias.com\/noticias\/category\/sucesos\/\" title=\"Sucesos\">Sucesos<\/a>\n<\/span><span class=\"aioseo-breadcrumb-separator\">\u2013<\/span><span class=\"aioseo-breadcrumb\">\n\t<a href=\"https:\/\/www.eldigitaldeasturias.com\/noticias\/interior-crea-unidades-especificas-para-luchar-contra-el-robo-en-el-campo\/\" title=\"Interior crea unidades espec\u00edficas para luchar contra el robo en el campo\">Interior crea unidades espec\u00edficas para luchar contra el robo en el campo<\/a>\n<\/span><\/div>","aioseo_breadcrumb_json":[{"label":"Home","link":"https:\/\/www.eldigitaldeasturias.com\/noticias"},{"label":"Sucesos","link":"https:\/\/www.eldigitaldeasturias.com\/noticias\/category\/sucesos\/"},{"label":"Interior crea unidades espec\u00edficas para luchar contra el robo en el campo","link":"https:\/\/www.eldigitaldeasturias.com\/noticias\/interior-crea-unidades-especificas-para-luchar-contra-el-robo-en-el-campo\/"}],"_links":{"self":[{"href":"https:\/\/www.eldigitaldeasturias.com\/noticias\/wp-json\/wp\/v2\/posts\/3144","targetHints":{"allow":["GET"]}}],"collection":[{"href":"https:\/\/www.eldigitaldeasturias.com\/noticias\/wp-json\/wp\/v2\/posts"}],"about":[{"href":"https:\/\/www.eldigitaldeasturias.com\/noticias\/wp-json\/wp\/v2\/types\/post"}],"author":[{"embeddable":true,"href":"https:\/\/www.eldigitaldeasturias.com\/noticias\/wp-json\/wp\/v2\/users\/1"}],"replies":[{"embeddable":true,"href":"https:\/\/www.eldigitaldeasturias.com\/noticias\/wp-json\/wp\/v2\/comments?post=3144"}],"version-history":[{"count":0,"href":"https:\/\/www.eldigitaldeasturias.com\/noticias\/wp-json\/wp\/v2\/posts\/3144\/revisions"}],"wp:featuredmedia":[{"embeddable":true,"href":"https:\/\/www.eldigitaldeasturias.com\/noticias\/wp-json\/"}],"wp:attachment":[{"href":"https:\/\/www.eldigitaldeasturias.com\/noticias\/wp-json\/wp\/v2\/media?parent=3144"}],"wp:term":[{"taxonomy":"category","embeddable":true,"href":"https:\/\/www.eldigitaldeasturias.com\/noticias\/wp-json\/wp\/v2\/categories?post=3144"},{"taxonomy":"post_tag","embeddable":true,"href":"https:\/\/www.eldigitaldeasturias.com\/noticias\/wp-json\/wp\/v2\/tags?post=3144"}],"curies":[{"name":"wp","href":"https:\/\/api.w.org\/{rel}","templated":true}]}}