{"id":3138,"date":"2013-09-25T20:34:05","date_gmt":"2013-09-25T20:34:05","guid":{"rendered":"http:\/\/www.eldigitaldeasturias.com\/noticias\/?p=3138"},"modified":"2013-09-25T20:34:05","modified_gmt":"2013-09-25T20:34:05","slug":"los-trabajadores-afectados-por-ere-bajan-un-74-hasta-julio","status":"publish","type":"post","link":"https:\/\/www.eldigitaldeasturias.com\/noticias\/los-trabajadores-afectados-por-ere-bajan-un-74-hasta-julio\/","title":{"rendered":"Los trabajadores afectados por ERE bajan un 7,4% hasta julio"},"content":{"rendered":"<p><img loading=\"lazy\" decoding=\"async\" class=\"alignleft size-medium wp-image-3139\" alt=\"fotonoticia_20130925135025_800\" src=\"https:\/\/www.eldigitaldeasturias.com\/noticias\/wp-content\/uploads\/2013\/09\/fotonoticia_20130925135025_800-360x240.jpg\" width=\"360\" height=\"240\" \/>MADRID, 25 Sep. (EUROPA PRESS) &#8211;\u00a0El n\u00famero de trabajadores afectados por expedientes de regulaci\u00f3n de empleo (ERE) autorizados por las autoridades laborales o comunicados a las mismas baj\u00f3 un 7,4% entre enero y julio en comparaci\u00f3n con el mismo periodo del a\u00f1o pasado, seg\u00fan datos provisionales del Ministerio de Empleo.<\/p>\n<p>En concreto, un total de 266.849 trabajadores se vieron afectados por un ERE en los siete primeros meses del a\u00f1o, en contraste con los 288.268 trabajadores que estuvieron implicados en una regulaci\u00f3n de empleo durante el mismo periodo de 2012.<\/p>\n<p>No obstante, el n\u00famero de trabajadores afectados por despidos colectivos se increment\u00f3 hasta julio un 6,4%, hasta sumar 49.381 trabajadores, dato que contrasta con los descensos en un 10,4% y en un 9,1% de los trabajadores inmersos en suspensiones de contrato y reducciones de jornada, hasta totalizar, respectivamente, 163.556 y 53.912 afectados.<\/p>\n<p>Los procedimientos de regulaci\u00f3n de empleo autorizados\/comunicados descendieron un 8,6% en comparaci\u00f3n con el mismo periodo de 2012, hasta sumar 19,382 procedimientos, frente a los 21.213 de un a\u00f1o antes. Las empresas afectadas, por su parte, sumaron 15.404, un 13,3% menos.<\/p>\n<p>Del total de procedimientos, 18.047 contaban con acuerdo entre las partes, un 7,2% menos que entre enero y julio de 2012, mientras que 1.335 se efectuaron sin acuerdo, un 24,3% menos.<\/p>\n<p>SEIS DE CADA DIEZ, EN UN ERE ECON\u00d3MICO.<\/p>\n<p>De los 266.849 trabajadores afectados por ERE en los siete primeros meses del a\u00f1o, seis de cada diez, 161.577 trabajadores, se vieron envueltos en un procedimiento por causas econ\u00f3micas.<\/p>\n<p>Dentro de este apartado, los procesos en los que las empresas alegaron p\u00e9rdidas actuales afectaron a 68.377 trabajadores, mientras que la disminuci\u00f3n del nivel de ingresos o de las ventas afect\u00f3 a 40.923 empleados.<\/p>\n<p>La previsi\u00f3n de p\u00e9rdidas utilizada por las empresas para justificar un ERE afect\u00f3 a 3.090 trabajadores y otros 204 se vieron inmersos en este procedimiento por alegar la administraci\u00f3n p\u00fablica en la que trabajan o trabajaban \u00abinsuficiencia presupuestaria\u00bb.<\/p>\n<p>De estos 204 trabajadores del sector p\u00fablico afectados por un ERE econ\u00f3mico, 152 fueron despedidos, 22 sufrieron reducciones de jornada y a 30 se les suspendi\u00f3 el contrato de trabajo.<\/p>\n<p>Por otro lado, los trabajadores afectados por ERE de causas t\u00e9cnicas sumaron 6.665 hasta julio, los afectados por causas organizativas totalizaron 25.016, los de producci\u00f3n ascendieron a 72.108 y los de fuerza mayor, 1.483.<\/p>\n<p>La principal novedad introducida en la reforma del mercado de trabajo en relaci\u00f3n a los ERE es la eliminaci\u00f3n de la autorizaci\u00f3n administrativa anteriormente exigida para proceder a la realizaci\u00f3n de despidos colectivos o de medidas de suspensi\u00f3n de contrato o reducci\u00f3n de jornada por parte del empresario.<\/p>\n<p>No obstante, la nueva regulaci\u00f3n mantiene la necesidad de que se realice un periodo de consultas con los representantes de los trabajadores, al tiempo que se establece la intervenci\u00f3n de la autoridad laboral para garantizar la efectividad de dicho periodo de consultas, pero sin tener \u00e9sta car\u00e1cter decisorio.<\/p>\n<p>La decisi\u00f3n \u00faltima ser\u00e1, pues, la del empresario, y como en el caso de los despidos individuales, si no se est\u00e1 de acuerdo, los trabajadores tendr\u00e1n que impugnarla por la v\u00eda judicial.<\/p>\n<p>De los 266.849 trabajadores afectados por un ERE hasta julio, 63.364 proceden de empresas de 50 a 249 empleados, 39.018 forman parte de plantillas de entre 10 y 24 trabajadores, 36.160 trabajaban en empresas de entre de m\u00e1s de 5.000 personas y 30.301 son de empresas de 1 a 9 trabajadores.<\/p>\n<p>En las empresas de 25 a 49 trabajadores se registraron 30.300 trabajadores afectados, y en las de 1.000 a 4.999 hubo 26.977 empleados inmersos en un ERE.<\/p>\n<p>INDUSTRIA Y SERVICIOS, LOS SECTORES CON M\u00c1S AFECTADOS.<\/p>\n<p>La mayor parte de los trabajadores afectados por ERE autorizados\/comunicados hasta julio proven\u00edan de la industria (253.013) y los servicios (175.706). En la construcci\u00f3n, los afectados sumaron 50.442 y en la agricultura, 4.152.<\/p>\n<p>Los datos publicados incluyen en esta ocasi\u00f3n la informaci\u00f3n de los procedimientos comunicados por las empresas a la autoridad laboral de Catalu\u00f1a entre enero y julio.<\/p>\n<p>De hecho, por comunidades aut\u00f3nomas, las que registraron un mayor n\u00famero de trabajadores inmersos en regulaciones de empleo hasta julio fueron Catalu\u00f1a (48.082), Madrid (32.181), Pa\u00eds Vasco (32.765) y Comunidad Valenciana (24.384), mientras que La Rioja (2.033 afectados), Baleares (2.147) y Murcia (2.525) fueron las que tuvieron a menos trabajadores inmersos en un ERE.<\/p>\n","protected":false},"excerpt":{"rendered":"<p>MADRID, 25 Sep. (EUROPA PRESS) &#8211;\u00a0El n\u00famero de trabajadores afectados por expedientes de regulaci\u00f3n de empleo (ERE) autorizados por las autoridades laborales o comunicados a las mismas baj\u00f3 un 7,4% entre enero y julio en comparaci\u00f3n con el mismo periodo del a\u00f1o pasado, seg\u00fan datos provisionales del Ministerio de Empleo. En concreto, un total de [&hellip;]<\/p>\n","protected":false},"author":1,"featured_media":3139,"comment_status":"open","ping_status":"open","sticky":false,"template":"","format":"standard","meta":{"footnotes":""},"categories":[1],"tags":[],"class_list":["post-3138","post","type-post","status-publish","format-standard","has-post-thumbnail","hentry","category-actualidad"],"aioseo_notices":[],"aioseo_head":"\n\t\t<!-- All in One SEO Pro 4.9.6.2 - aioseo.com -->\n\t<meta name=\"description\" content=\"MADRID, 25 Sep. (EUROPA PRESS) - El n\u00famero de trabajadores afectados por expedientes de regulaci\u00f3n de empleo (ERE) autorizados por las autoridades laborales o comunicados a las mismas baj\u00f3 un 7,4% entre enero y julio en comparaci\u00f3n con el mismo periodo del a\u00f1o pasado, seg\u00fan datos provisionales del Ministerio de Empleo. En concreto, un total de\" \/>\n\t<meta name=\"robots\" content=\"max-image-preview:large\" \/>\n\t<meta name=\"author\" content=\"El Digital de Asturias\"\/>\n\t<meta name=\"google-site-verification\" content=\"UA-38556648-1\" \/>\n\t<meta name=\"msvalidate.01\" content=\"7dfe9f3f1b24437ab69f4f2559babe99\" \/>\n\t<meta name=\"keywords\" content=\"actualidad\" \/>\n\t<link rel=\"canonical\" href=\"https:\/\/www.eldigitaldeasturias.com\/noticias\/los-trabajadores-afectados-por-ere-bajan-un-74-hasta-julio\/\" \/>\n\t<meta name=\"generator\" content=\"All in One SEO Pro (AIOSEO) 4.9.6.2\" \/>\n\t\t<meta property=\"og:locale\" content=\"es_ES\" \/>\n\t\t<meta property=\"og:site_name\" content=\"El Digital de Asturias\" \/>\n\t\t<meta property=\"og:type\" content=\"article\" \/>\n\t\t<meta property=\"og:title\" content=\"Los trabajadores afectados por ERE bajan un 7,4% hasta julio - El Digital de Asturias\" \/>\n\t\t<meta property=\"og:description\" content=\"MADRID, 25 Sep. (EUROPA PRESS) - El n\u00famero de trabajadores afectados por expedientes de regulaci\u00f3n de empleo (ERE) autorizados por las autoridades laborales o comunicados a las mismas baj\u00f3 un 7,4% entre enero y julio en comparaci\u00f3n con el mismo periodo del a\u00f1o pasado, seg\u00fan datos provisionales del Ministerio de Empleo. En concreto, un total de\" \/>\n\t\t<meta property=\"og:url\" content=\"https:\/\/www.eldigitaldeasturias.com\/noticias\/los-trabajadores-afectados-por-ere-bajan-un-74-hasta-julio\/\" \/>\n\t\t<meta property=\"article:tag\" content=\"actualidad\" \/>\n\t\t<meta property=\"article:published_time\" content=\"2013-09-25T20:34:05+00:00\" \/>\n\t\t<meta property=\"article:modified_time\" content=\"2013-09-25T20:34:05+00:00\" \/>\n\t\t<meta property=\"article:publisher\" content=\"https:\/\/facebook.com\/eldigitaldeasturias\" \/>\n\t\t<meta name=\"twitter:card\" content=\"summary_large_image\" \/>\n\t\t<meta name=\"twitter:title\" content=\"Los trabajadores afectados por ERE bajan un 7,4% hasta julio - El Digital de Asturias\" \/>\n\t\t<meta name=\"twitter:description\" content=\"MADRID, 25 Sep. (EUROPA PRESS) - El n\u00famero de trabajadores afectados por expedientes de regulaci\u00f3n de empleo (ERE) autorizados por las autoridades laborales o comunicados a las mismas baj\u00f3 un 7,4% entre enero y julio en comparaci\u00f3n con el mismo periodo del a\u00f1o pasado, seg\u00fan datos provisionales del Ministerio de Empleo. En concreto, un total de\" \/>\n\t\t<meta name=\"twitter:label1\" content=\"Escrito por\" \/>\n\t\t<meta name=\"twitter:data1\" content=\"El Digital de Asturias\" \/>\n\t\t<meta name=\"twitter:label2\" content=\"Tiempo de lectura estimado\" \/>\n\t\t<meta name=\"twitter:data2\" content=\"3 minutos\" \/>\n\t\t<script type=\"application\/ld+json\" class=\"aioseo-schema\">\n\t\t\t{\"@context\":\"https:\\\/\\\/schema.org\",\"@graph\":[{\"@type\":\"BlogPosting\",\"@id\":\"https:\\\/\\\/www.eldigitaldeasturias.com\\\/noticias\\\/los-trabajadores-afectados-por-ere-bajan-un-74-hasta-julio\\\/#blogposting\",\"name\":\"Los trabajadores afectados por ERE bajan un 7,4% hasta julio - El Digital de Asturias\",\"headline\":\"Los trabajadores afectados por ERE bajan un 7,4% hasta julio\",\"author\":{\"@id\":\"https:\\\/\\\/www.eldigitaldeasturias.com\\\/noticias\\\/author\\\/admin\\\/#author\"},\"publisher\":{\"@id\":\"https:\\\/\\\/www.eldigitaldeasturias.com\\\/noticias\\\/#organization\"},\"image\":{\"@type\":\"ImageObject\",\"url\":3139},\"datePublished\":\"2013-09-25T20:34:05+02:00\",\"dateModified\":\"2013-09-25T20:34:05+02:00\",\"inLanguage\":\"es-ES\",\"mainEntityOfPage\":{\"@id\":\"https:\\\/\\\/www.eldigitaldeasturias.com\\\/noticias\\\/los-trabajadores-afectados-por-ere-bajan-un-74-hasta-julio\\\/#webpage\"},\"isPartOf\":{\"@id\":\"https:\\\/\\\/www.eldigitaldeasturias.com\\\/noticias\\\/los-trabajadores-afectados-por-ere-bajan-un-74-hasta-julio\\\/#webpage\"},\"articleSection\":\"Actualidad\"},{\"@type\":\"BreadcrumbList\",\"@id\":\"https:\\\/\\\/www.eldigitaldeasturias.com\\\/noticias\\\/los-trabajadores-afectados-por-ere-bajan-un-74-hasta-julio\\\/#breadcrumblist\",\"itemListElement\":[{\"@type\":\"ListItem\",\"@id\":\"https:\\\/\\\/www.eldigitaldeasturias.com\\\/noticias#listItem\",\"position\":1,\"name\":\"Home\",\"item\":\"https:\\\/\\\/www.eldigitaldeasturias.com\\\/noticias\",\"nextItem\":{\"@type\":\"ListItem\",\"@id\":\"https:\\\/\\\/www.eldigitaldeasturias.com\\\/noticias\\\/category\\\/actualidad\\\/#listItem\",\"name\":\"Actualidad\"}},{\"@type\":\"ListItem\",\"@id\":\"https:\\\/\\\/www.eldigitaldeasturias.com\\\/noticias\\\/category\\\/actualidad\\\/#listItem\",\"position\":2,\"name\":\"Actualidad\",\"item\":\"https:\\\/\\\/www.eldigitaldeasturias.com\\\/noticias\\\/category\\\/actualidad\\\/\",\"nextItem\":{\"@type\":\"ListItem\",\"@id\":\"https:\\\/\\\/www.eldigitaldeasturias.com\\\/noticias\\\/los-trabajadores-afectados-por-ere-bajan-un-74-hasta-julio\\\/#listItem\",\"name\":\"Los trabajadores afectados por ERE bajan un 7,4% hasta julio\"},\"previousItem\":{\"@type\":\"ListItem\",\"@id\":\"https:\\\/\\\/www.eldigitaldeasturias.com\\\/noticias#listItem\",\"name\":\"Home\"}},{\"@type\":\"ListItem\",\"@id\":\"https:\\\/\\\/www.eldigitaldeasturias.com\\\/noticias\\\/los-trabajadores-afectados-por-ere-bajan-un-74-hasta-julio\\\/#listItem\",\"position\":3,\"name\":\"Los trabajadores afectados por ERE bajan un 7,4% hasta julio\",\"previousItem\":{\"@type\":\"ListItem\",\"@id\":\"https:\\\/\\\/www.eldigitaldeasturias.com\\\/noticias\\\/category\\\/actualidad\\\/#listItem\",\"name\":\"Actualidad\"}}]},{\"@type\":\"Organization\",\"@id\":\"https:\\\/\\\/www.eldigitaldeasturias.com\\\/noticias\\\/#organization\",\"name\":\"El Digital de Asturias\",\"description\":\"Hemeroteca\",\"url\":\"https:\\\/\\\/www.eldigitaldeasturias.com\\\/noticias\\\/\",\"email\":\"info@eldigitaldeasturias.com\",\"telephone\":\"+34652131393\",\"logo\":{\"@type\":\"ImageObject\",\"url\":\"https:\\\/\\\/www.eldigitaldeasturias.com\\\/noticias\\\/wp-content\\\/uploads\\\/2020\\\/12\\\/EDA.jpg\",\"@id\":\"https:\\\/\\\/www.eldigitaldeasturias.com\\\/noticias\\\/los-trabajadores-afectados-por-ere-bajan-un-74-hasta-julio\\\/#organizationLogo\",\"width\":649,\"height\":297},\"image\":{\"@id\":\"https:\\\/\\\/www.eldigitaldeasturias.com\\\/noticias\\\/los-trabajadores-afectados-por-ere-bajan-un-74-hasta-julio\\\/#organizationLogo\"},\"sameAs\":[\"https:\\\/\\\/facebook.com\\\/eldigitaldeasturias\",\"https:\\\/\\\/www.youtube.com\\\/channel\\\/UCZP-2wLEB9Rv6erhFmqVnvg\"],\"address\":{\"@id\":\"https:\\\/\\\/www.eldigitaldeasturias.com\\\/noticias\\\/#postaladdress\",\"@type\":\"PostalAddress\",\"streetAddress\":\"san antonio 4,\",\"postalCode\":\"33430\",\"addressLocality\":\"Cand\\u00e1s\",\"addressRegion\":\"Asturias\",\"addressCountry\":\"ES\"}},{\"@type\":\"Person\",\"@id\":\"https:\\\/\\\/www.eldigitaldeasturias.com\\\/noticias\\\/author\\\/admin\\\/#author\",\"url\":\"https:\\\/\\\/www.eldigitaldeasturias.com\\\/noticias\\\/author\\\/admin\\\/\",\"name\":\"El Digital de Asturias\",\"image\":{\"@type\":\"ImageObject\",\"@id\":\"https:\\\/\\\/www.eldigitaldeasturias.com\\\/noticias\\\/los-trabajadores-afectados-por-ere-bajan-un-74-hasta-julio\\\/#authorImage\",\"url\":\"https:\\\/\\\/www.eldigitaldeasturias.com\\\/noticias\\\/wp-content\\\/litespeed\\\/avatar\\\/18677e78aa0546b92d9dbf31ec7d7668.jpg?ver=1777290358\",\"width\":96,\"height\":96,\"caption\":\"El Digital de Asturias\"}},{\"@type\":\"WebPage\",\"@id\":\"https:\\\/\\\/www.eldigitaldeasturias.com\\\/noticias\\\/los-trabajadores-afectados-por-ere-bajan-un-74-hasta-julio\\\/#webpage\",\"url\":\"https:\\\/\\\/www.eldigitaldeasturias.com\\\/noticias\\\/los-trabajadores-afectados-por-ere-bajan-un-74-hasta-julio\\\/\",\"name\":\"Los trabajadores afectados por ERE bajan un 7,4% hasta julio - El Digital de Asturias\",\"description\":\"MADRID, 25 Sep. (EUROPA PRESS) - El n\\u00famero de trabajadores afectados por expedientes de regulaci\\u00f3n de empleo (ERE) autorizados por las autoridades laborales o comunicados a las mismas baj\\u00f3 un 7,4% entre enero y julio en comparaci\\u00f3n con el mismo periodo del a\\u00f1o pasado, seg\\u00fan datos provisionales del Ministerio de Empleo. En concreto, un total de\",\"inLanguage\":\"es-ES\",\"isPartOf\":{\"@id\":\"https:\\\/\\\/www.eldigitaldeasturias.com\\\/noticias\\\/#website\"},\"breadcrumb\":{\"@id\":\"https:\\\/\\\/www.eldigitaldeasturias.com\\\/noticias\\\/los-trabajadores-afectados-por-ere-bajan-un-74-hasta-julio\\\/#breadcrumblist\"},\"author\":{\"@id\":\"https:\\\/\\\/www.eldigitaldeasturias.com\\\/noticias\\\/author\\\/admin\\\/#author\"},\"creator\":{\"@id\":\"https:\\\/\\\/www.eldigitaldeasturias.com\\\/noticias\\\/author\\\/admin\\\/#author\"},\"image\":{\"@type\":\"ImageObject\",\"url\":3139,\"@id\":\"https:\\\/\\\/www.eldigitaldeasturias.com\\\/noticias\\\/los-trabajadores-afectados-por-ere-bajan-un-74-hasta-julio\\\/#mainImage\"},\"primaryImageOfPage\":{\"@id\":\"https:\\\/\\\/www.eldigitaldeasturias.com\\\/noticias\\\/los-trabajadores-afectados-por-ere-bajan-un-74-hasta-julio\\\/#mainImage\"},\"datePublished\":\"2013-09-25T20:34:05+02:00\",\"dateModified\":\"2013-09-25T20:34:05+02:00\"},{\"@type\":\"WebSite\",\"@id\":\"https:\\\/\\\/www.eldigitaldeasturias.com\\\/noticias\\\/#website\",\"url\":\"https:\\\/\\\/www.eldigitaldeasturias.com\\\/noticias\\\/\",\"name\":\"El Digital de Asturias - Diario de actualidad y noticias\",\"alternateName\":\"El Digital de Asturias - Diario de actualidad y noticias\",\"description\":\"Hemeroteca\",\"inLanguage\":\"es-ES\",\"publisher\":{\"@id\":\"https:\\\/\\\/www.eldigitaldeasturias.com\\\/noticias\\\/#organization\"}}]}\n\t\t<\/script>\n\t\t<!-- All in One SEO Pro -->\r\n\t\t<title>Los trabajadores afectados por ERE bajan un 7,4% hasta julio - El Digital de Asturias<\/title>\n\n","aioseo_head_json":{"title":"Los trabajadores afectados por ERE bajan un 7,4% hasta julio - El Digital de Asturias","description":"MADRID, 25 Sep. (EUROPA PRESS) - El n\u00famero de trabajadores afectados por expedientes de regulaci\u00f3n de empleo (ERE) autorizados por las autoridades laborales o comunicados a las mismas baj\u00f3 un 7,4% entre enero y julio en comparaci\u00f3n con el mismo periodo del a\u00f1o pasado, seg\u00fan datos provisionales del Ministerio de Empleo. En concreto, un total de","canonical_url":"https:\/\/www.eldigitaldeasturias.com\/noticias\/los-trabajadores-afectados-por-ere-bajan-un-74-hasta-julio\/","robots":"max-image-preview:large","keywords":"actualidad","webmasterTools":{"google-site-verification":"UA-38556648-1","msvalidate.01":"7dfe9f3f1b24437ab69f4f2559babe99","miscellaneous":""},"schema":{"@context":"https:\/\/schema.org","@graph":[{"@type":"BlogPosting","@id":"https:\/\/www.eldigitaldeasturias.com\/noticias\/los-trabajadores-afectados-por-ere-bajan-un-74-hasta-julio\/#blogposting","name":"Los trabajadores afectados por ERE bajan un 7,4% hasta julio - El Digital de Asturias","headline":"Los trabajadores afectados por ERE bajan un 7,4% hasta julio","author":{"@id":"https:\/\/www.eldigitaldeasturias.com\/noticias\/author\/admin\/#author"},"publisher":{"@id":"https:\/\/www.eldigitaldeasturias.com\/noticias\/#organization"},"image":{"@type":"ImageObject","url":3139},"datePublished":"2013-09-25T20:34:05+02:00","dateModified":"2013-09-25T20:34:05+02:00","inLanguage":"es-ES","mainEntityOfPage":{"@id":"https:\/\/www.eldigitaldeasturias.com\/noticias\/los-trabajadores-afectados-por-ere-bajan-un-74-hasta-julio\/#webpage"},"isPartOf":{"@id":"https:\/\/www.eldigitaldeasturias.com\/noticias\/los-trabajadores-afectados-por-ere-bajan-un-74-hasta-julio\/#webpage"},"articleSection":"Actualidad"},{"@type":"BreadcrumbList","@id":"https:\/\/www.eldigitaldeasturias.com\/noticias\/los-trabajadores-afectados-por-ere-bajan-un-74-hasta-julio\/#breadcrumblist","itemListElement":[{"@type":"ListItem","@id":"https:\/\/www.eldigitaldeasturias.com\/noticias#listItem","position":1,"name":"Home","item":"https:\/\/www.eldigitaldeasturias.com\/noticias","nextItem":{"@type":"ListItem","@id":"https:\/\/www.eldigitaldeasturias.com\/noticias\/category\/actualidad\/#listItem","name":"Actualidad"}},{"@type":"ListItem","@id":"https:\/\/www.eldigitaldeasturias.com\/noticias\/category\/actualidad\/#listItem","position":2,"name":"Actualidad","item":"https:\/\/www.eldigitaldeasturias.com\/noticias\/category\/actualidad\/","nextItem":{"@type":"ListItem","@id":"https:\/\/www.eldigitaldeasturias.com\/noticias\/los-trabajadores-afectados-por-ere-bajan-un-74-hasta-julio\/#listItem","name":"Los trabajadores afectados por ERE bajan un 7,4% hasta julio"},"previousItem":{"@type":"ListItem","@id":"https:\/\/www.eldigitaldeasturias.com\/noticias#listItem","name":"Home"}},{"@type":"ListItem","@id":"https:\/\/www.eldigitaldeasturias.com\/noticias\/los-trabajadores-afectados-por-ere-bajan-un-74-hasta-julio\/#listItem","position":3,"name":"Los trabajadores afectados por ERE bajan un 7,4% hasta julio","previousItem":{"@type":"ListItem","@id":"https:\/\/www.eldigitaldeasturias.com\/noticias\/category\/actualidad\/#listItem","name":"Actualidad"}}]},{"@type":"Organization","@id":"https:\/\/www.eldigitaldeasturias.com\/noticias\/#organization","name":"El Digital de Asturias","description":"Hemeroteca","url":"https:\/\/www.eldigitaldeasturias.com\/noticias\/","email":"info@eldigitaldeasturias.com","telephone":"+34652131393","logo":{"@type":"ImageObject","url":"https:\/\/www.eldigitaldeasturias.com\/noticias\/wp-content\/uploads\/2020\/12\/EDA.jpg","@id":"https:\/\/www.eldigitaldeasturias.com\/noticias\/los-trabajadores-afectados-por-ere-bajan-un-74-hasta-julio\/#organizationLogo","width":649,"height":297},"image":{"@id":"https:\/\/www.eldigitaldeasturias.com\/noticias\/los-trabajadores-afectados-por-ere-bajan-un-74-hasta-julio\/#organizationLogo"},"sameAs":["https:\/\/facebook.com\/eldigitaldeasturias","https:\/\/www.youtube.com\/channel\/UCZP-2wLEB9Rv6erhFmqVnvg"],"address":{"@id":"https:\/\/www.eldigitaldeasturias.com\/noticias\/#postaladdress","@type":"PostalAddress","streetAddress":"san antonio 4,","postalCode":"33430","addressLocality":"Cand\u00e1s","addressRegion":"Asturias","addressCountry":"ES"}},{"@type":"Person","@id":"https:\/\/www.eldigitaldeasturias.com\/noticias\/author\/admin\/#author","url":"https:\/\/www.eldigitaldeasturias.com\/noticias\/author\/admin\/","name":"El Digital de Asturias","image":{"@type":"ImageObject","@id":"https:\/\/www.eldigitaldeasturias.com\/noticias\/los-trabajadores-afectados-por-ere-bajan-un-74-hasta-julio\/#authorImage","url":"https:\/\/www.eldigitaldeasturias.com\/noticias\/wp-content\/litespeed\/avatar\/18677e78aa0546b92d9dbf31ec7d7668.jpg?ver=1777290358","width":96,"height":96,"caption":"El Digital de Asturias"}},{"@type":"WebPage","@id":"https:\/\/www.eldigitaldeasturias.com\/noticias\/los-trabajadores-afectados-por-ere-bajan-un-74-hasta-julio\/#webpage","url":"https:\/\/www.eldigitaldeasturias.com\/noticias\/los-trabajadores-afectados-por-ere-bajan-un-74-hasta-julio\/","name":"Los trabajadores afectados por ERE bajan un 7,4% hasta julio - El Digital de Asturias","description":"MADRID, 25 Sep. (EUROPA PRESS) - El n\u00famero de trabajadores afectados por expedientes de regulaci\u00f3n de empleo (ERE) autorizados por las autoridades laborales o comunicados a las mismas baj\u00f3 un 7,4% entre enero y julio en comparaci\u00f3n con el mismo periodo del a\u00f1o pasado, seg\u00fan datos provisionales del Ministerio de Empleo. En concreto, un total de","inLanguage":"es-ES","isPartOf":{"@id":"https:\/\/www.eldigitaldeasturias.com\/noticias\/#website"},"breadcrumb":{"@id":"https:\/\/www.eldigitaldeasturias.com\/noticias\/los-trabajadores-afectados-por-ere-bajan-un-74-hasta-julio\/#breadcrumblist"},"author":{"@id":"https:\/\/www.eldigitaldeasturias.com\/noticias\/author\/admin\/#author"},"creator":{"@id":"https:\/\/www.eldigitaldeasturias.com\/noticias\/author\/admin\/#author"},"image":{"@type":"ImageObject","url":3139,"@id":"https:\/\/www.eldigitaldeasturias.com\/noticias\/los-trabajadores-afectados-por-ere-bajan-un-74-hasta-julio\/#mainImage"},"primaryImageOfPage":{"@id":"https:\/\/www.eldigitaldeasturias.com\/noticias\/los-trabajadores-afectados-por-ere-bajan-un-74-hasta-julio\/#mainImage"},"datePublished":"2013-09-25T20:34:05+02:00","dateModified":"2013-09-25T20:34:05+02:00"},{"@type":"WebSite","@id":"https:\/\/www.eldigitaldeasturias.com\/noticias\/#website","url":"https:\/\/www.eldigitaldeasturias.com\/noticias\/","name":"El Digital de Asturias - Diario de actualidad y noticias","alternateName":"El Digital de Asturias - Diario de actualidad y noticias","description":"Hemeroteca","inLanguage":"es-ES","publisher":{"@id":"https:\/\/www.eldigitaldeasturias.com\/noticias\/#organization"}}]},"og:locale":"es_ES","og:site_name":"El Digital de Asturias","og:type":"article","og:title":"Los trabajadores afectados por ERE bajan un 7,4% hasta julio - El Digital de Asturias","og:description":"MADRID, 25 Sep. (EUROPA PRESS) - El n\u00famero de trabajadores afectados por expedientes de regulaci\u00f3n de empleo (ERE) autorizados por las autoridades laborales o comunicados a las mismas baj\u00f3 un 7,4% entre enero y julio en comparaci\u00f3n con el mismo periodo del a\u00f1o pasado, seg\u00fan datos provisionales del Ministerio de Empleo. En concreto, un total de","og:url":"https:\/\/www.eldigitaldeasturias.com\/noticias\/los-trabajadores-afectados-por-ere-bajan-un-74-hasta-julio\/","article:tag":["actualidad"],"article:published_time":"2013-09-25T20:34:05+00:00","article:modified_time":"2013-09-25T20:34:05+00:00","article:publisher":"https:\/\/facebook.com\/eldigitaldeasturias","twitter:card":"summary_large_image","twitter:title":"Los trabajadores afectados por ERE bajan un 7,4% hasta julio - El Digital de Asturias","twitter:description":"MADRID, 25 Sep. (EUROPA PRESS) - El n\u00famero de trabajadores afectados por expedientes de regulaci\u00f3n de empleo (ERE) autorizados por las autoridades laborales o comunicados a las mismas baj\u00f3 un 7,4% entre enero y julio en comparaci\u00f3n con el mismo periodo del a\u00f1o pasado, seg\u00fan datos provisionales del Ministerio de Empleo. En concreto, un total de","twitter:label1":"Escrito por","twitter:data1":"El Digital de Asturias","twitter:label2":"Tiempo de lectura estimado","twitter:data2":"3 minutos"},"aioseo_meta_data":{"post_id":"3138","title":null,"description":null,"keywords":null,"keyphrases":null,"primary_term":null,"canonical_url":null,"og_title":null,"og_description":null,"og_object_type":"default","og_image_type":"default","og_image_url":null,"og_image_width":null,"og_image_height":null,"og_image_custom_url":null,"og_image_custom_fields":null,"og_video":null,"og_custom_url":null,"og_article_section":null,"og_article_tags":null,"twitter_use_og":true,"twitter_card":"default","twitter_image_type":"default","twitter_image_url":null,"twitter_image_custom_url":null,"twitter_image_custom_fields":null,"twitter_title":null,"twitter_description":null,"schema":{"blockGraphs":[],"customGraphs":[],"default":{"data":{"Article":[],"Course":[],"Dataset":[],"FAQPage":[],"Movie":[],"Person":[],"Product":[],"ProductReview":[],"Car":[],"Recipe":[],"Service":[],"SoftwareApplication":[],"WebPage":[]},"graphName":"","isEnabled":true},"graphs":[],"defaultGraph":"","defaultPostTypeGraph":""},"schema_type":null,"schema_type_options":null,"pillar_content":false,"robots_default":true,"robots_noindex":false,"robots_noarchive":false,"robots_nosnippet":false,"robots_nofollow":false,"robots_noimageindex":false,"robots_noodp":false,"robots_notranslate":false,"robots_max_snippet":null,"robots_max_videopreview":null,"robots_max_imagepreview":"none","priority":null,"frequency":null,"local_seo":null,"seo_analyzer_scan_date":"2025-08-21 05:50:47","breadcrumb_settings":null,"limit_modified_date":false,"open_ai":null,"ai":null,"created":"2020-11-14 22:37:03","updated":"2025-08-21 05:50:47"},"aioseo_breadcrumb":"<div class=\"aioseo-breadcrumbs\"><span class=\"aioseo-breadcrumb\">\n\t<a href=\"https:\/\/www.eldigitaldeasturias.com\/noticias\" title=\"Home\">Home<\/a>\n<\/span><span class=\"aioseo-breadcrumb-separator\">\u2013<\/span><span class=\"aioseo-breadcrumb\">\n\t<a href=\"https:\/\/www.eldigitaldeasturias.com\/noticias\/category\/actualidad\/\" title=\"Actualidad\">Actualidad<\/a>\n<\/span><span class=\"aioseo-breadcrumb-separator\">\u2013<\/span><span class=\"aioseo-breadcrumb\">\n\t<a href=\"https:\/\/www.eldigitaldeasturias.com\/noticias\/los-trabajadores-afectados-por-ere-bajan-un-74-hasta-julio\/\" title=\"Los trabajadores afectados por ERE bajan un 7,4% hasta julio\">Los trabajadores afectados por ERE bajan un 7,4% hasta julio<\/a>\n<\/span><\/div>","aioseo_breadcrumb_json":[{"label":"Home","link":"https:\/\/www.eldigitaldeasturias.com\/noticias"},{"label":"Actualidad","link":"https:\/\/www.eldigitaldeasturias.com\/noticias\/category\/actualidad\/"},{"label":"Los trabajadores afectados por ERE bajan un 7,4% hasta julio","link":"https:\/\/www.eldigitaldeasturias.com\/noticias\/los-trabajadores-afectados-por-ere-bajan-un-74-hasta-julio\/"}],"_links":{"self":[{"href":"https:\/\/www.eldigitaldeasturias.com\/noticias\/wp-json\/wp\/v2\/posts\/3138","targetHints":{"allow":["GET"]}}],"collection":[{"href":"https:\/\/www.eldigitaldeasturias.com\/noticias\/wp-json\/wp\/v2\/posts"}],"about":[{"href":"https:\/\/www.eldigitaldeasturias.com\/noticias\/wp-json\/wp\/v2\/types\/post"}],"author":[{"embeddable":true,"href":"https:\/\/www.eldigitaldeasturias.com\/noticias\/wp-json\/wp\/v2\/users\/1"}],"replies":[{"embeddable":true,"href":"https:\/\/www.eldigitaldeasturias.com\/noticias\/wp-json\/wp\/v2\/comments?post=3138"}],"version-history":[{"count":0,"href":"https:\/\/www.eldigitaldeasturias.com\/noticias\/wp-json\/wp\/v2\/posts\/3138\/revisions"}],"wp:featuredmedia":[{"embeddable":true,"href":"https:\/\/www.eldigitaldeasturias.com\/noticias\/wp-json\/"}],"wp:attachment":[{"href":"https:\/\/www.eldigitaldeasturias.com\/noticias\/wp-json\/wp\/v2\/media?parent=3138"}],"wp:term":[{"taxonomy":"category","embeddable":true,"href":"https:\/\/www.eldigitaldeasturias.com\/noticias\/wp-json\/wp\/v2\/categories?post=3138"},{"taxonomy":"post_tag","embeddable":true,"href":"https:\/\/www.eldigitaldeasturias.com\/noticias\/wp-json\/wp\/v2\/tags?post=3138"}],"curies":[{"name":"wp","href":"https:\/\/api.w.org\/{rel}","templated":true}]}}