{"id":3133,"date":"2013-09-25T20:27:51","date_gmt":"2013-09-25T20:27:51","guid":{"rendered":"http:\/\/www.eldigitaldeasturias.com\/noticias\/?p=3133"},"modified":"2013-09-25T20:27:51","modified_gmt":"2013-09-25T20:27:51","slug":"el-gobierno-frances-presenta-sus-presupuestos-para-2014","status":"publish","type":"post","link":"https:\/\/www.eldigitaldeasturias.com\/noticias\/el-gobierno-frances-presenta-sus-presupuestos-para-2014\/","title":{"rendered":"El Gobierno franc\u00e9s presenta sus presupuestos para 2014"},"content":{"rendered":"<p><img loading=\"lazy\" decoding=\"async\" class=\"alignleft size-medium wp-image-1724\" alt=\"euros_20130922131650_800\" src=\"https:\/\/www.eldigitaldeasturias.com\/noticias\/wp-content\/uploads\/2013\/09\/euros_20130922131650_800-360x246.jpg\" width=\"360\" height=\"246\" \/>PAR\u00cdS, 25 Sep. (EUROPA PRESS) &#8211;\u00a0El Gobierno franc\u00e9s ha presentado este mi\u00e9rcoles los Presupuestos Generales del Estado para 2014, que prev\u00e9n un ajuste de 18.000 millones de euros, concentrado principalmente en el recorte del gasto, para reducir el d\u00e9ficit el pr\u00f3ximo a\u00f1o hasta el 3,6%.<\/p>\n<p>El Gobierno destaca que el presupuesto presentado este mi\u00e9rcoles se centra en el crecimiento y el empleo, al mismo tiempo que lleva a cabo un esfuerzo de ahorro \u00absin precedentes\u00bb que permitir\u00e1 financiar las prioridades de los franceses y lograr la reducci\u00f3n del d\u00e9ficit.<\/p>\n<p>Los Presupuestos Generales del Estado prev\u00e9n que el d\u00e9ficit descienda desde el 4,1% en el que cerrar\u00e1 este a\u00f1o hasta el 3,6% en 2014, una cifra peor de la esperada hasta ahora. Sin embargo, el Ejecutivo de Fran\u00e7ois Hollande sigue comprometido a situar el d\u00e9ficit por debajo del 3% en 2015.<\/p>\n<p>Para ello, el Gobierno llevar\u00e1 a cabo un ajuste en t\u00e9rminos estructurales equivalente a 0,9 puntos del PIB, inferior a los 1,7 puntos de 2013, dos d\u00e9cimas menos de lo previsto.<\/p>\n<p>Alrededor del 80% de este ajuste se concentrar\u00e1 en el recorte del gasto, que ascender\u00e1 a alrededor de 15.000 millones de euros, en contraste con los 3.000 millones de euros que prev\u00e9 de nuevos ingresos por subidas de impuestos o gracias a la lucha contra la evasi\u00f3n fiscal.<\/p>\n<p>En materia de impuestos, el presupuesto incorpora medidas ya adelantadas como la subida del IVA, que incrementar\u00e1 el tipo normal desde el 19,6% al 20% y el reducido desde el 7% al 10% a partir del 1 de enero, o la supresi\u00f3n de la reducci\u00f3n de los impuestos sobre los gastos de escolarizaci\u00f3n.<\/p>\n<p>Por otro lado, el Gobierno ha actualizado en el documento su previsi\u00f3n de crecimiento para 2014, cuando el Producto Interior Bruto se incrementar\u00e1 un 0,9%, tres d\u00e9cimas menos de lo previsto hasta ahora. Para este a\u00f1o, espera un crecimiento del 0,1%.<\/p>\n","protected":false},"excerpt":{"rendered":"<p>PAR\u00cdS, 25 Sep. (EUROPA PRESS) &#8211;\u00a0El Gobierno franc\u00e9s ha presentado este mi\u00e9rcoles los Presupuestos Generales del Estado para 2014, que prev\u00e9n un ajuste de 18.000 millones de euros, concentrado principalmente en el recorte del gasto, para reducir el d\u00e9ficit el pr\u00f3ximo a\u00f1o hasta el 3,6%. El Gobierno destaca que el presupuesto presentado este mi\u00e9rcoles se [&hellip;]<\/p>\n","protected":false},"author":1,"featured_media":1724,"comment_status":"open","ping_status":"open","sticky":false,"template":"","format":"standard","meta":{"footnotes":""},"categories":[1],"tags":[],"class_list":["post-3133","post","type-post","status-publish","format-standard","has-post-thumbnail","hentry","category-actualidad"],"aioseo_notices":[],"aioseo_head":"\n\t\t<!-- All in One SEO Pro 4.9.6.2 - aioseo.com -->\n\t<meta name=\"description\" content=\"PAR\u00cdS, 25 Sep. (EUROPA PRESS) - El Gobierno franc\u00e9s ha presentado este mi\u00e9rcoles los Presupuestos Generales del Estado para 2014, que prev\u00e9n un ajuste de 18.000 millones de euros, concentrado principalmente en el recorte del gasto, para reducir el d\u00e9ficit el pr\u00f3ximo a\u00f1o hasta el 3,6%. El Gobierno destaca que el presupuesto presentado este mi\u00e9rcoles se\" \/>\n\t<meta name=\"robots\" content=\"max-image-preview:large\" \/>\n\t<meta name=\"author\" content=\"El Digital de Asturias\"\/>\n\t<meta name=\"google-site-verification\" content=\"UA-38556648-1\" \/>\n\t<meta name=\"msvalidate.01\" content=\"7dfe9f3f1b24437ab69f4f2559babe99\" \/>\n\t<meta name=\"keywords\" content=\"actualidad\" \/>\n\t<link rel=\"canonical\" href=\"https:\/\/www.eldigitaldeasturias.com\/noticias\/el-gobierno-frances-presenta-sus-presupuestos-para-2014\/\" \/>\n\t<meta name=\"generator\" content=\"All in One SEO Pro (AIOSEO) 4.9.6.2\" \/>\n\t\t<meta property=\"og:locale\" content=\"es_ES\" \/>\n\t\t<meta property=\"og:site_name\" content=\"El Digital de Asturias\" \/>\n\t\t<meta property=\"og:type\" content=\"article\" \/>\n\t\t<meta property=\"og:title\" content=\"El Gobierno franc\u00e9s presenta sus presupuestos para 2014 - El Digital de Asturias\" \/>\n\t\t<meta property=\"og:description\" content=\"PAR\u00cdS, 25 Sep. (EUROPA PRESS) - El Gobierno franc\u00e9s ha presentado este mi\u00e9rcoles los Presupuestos Generales del Estado para 2014, que prev\u00e9n un ajuste de 18.000 millones de euros, concentrado principalmente en el recorte del gasto, para reducir el d\u00e9ficit el pr\u00f3ximo a\u00f1o hasta el 3,6%. El Gobierno destaca que el presupuesto presentado este mi\u00e9rcoles se\" \/>\n\t\t<meta property=\"og:url\" content=\"https:\/\/www.eldigitaldeasturias.com\/noticias\/el-gobierno-frances-presenta-sus-presupuestos-para-2014\/\" \/>\n\t\t<meta property=\"article:tag\" content=\"actualidad\" \/>\n\t\t<meta property=\"article:published_time\" content=\"2013-09-25T20:27:51+00:00\" \/>\n\t\t<meta property=\"article:modified_time\" content=\"2013-09-25T20:27:51+00:00\" \/>\n\t\t<meta property=\"article:publisher\" content=\"https:\/\/facebook.com\/eldigitaldeasturias\" \/>\n\t\t<meta name=\"twitter:card\" content=\"summary_large_image\" \/>\n\t\t<meta name=\"twitter:title\" content=\"El Gobierno franc\u00e9s presenta sus presupuestos para 2014 - El Digital de Asturias\" \/>\n\t\t<meta name=\"twitter:description\" content=\"PAR\u00cdS, 25 Sep. (EUROPA PRESS) - El Gobierno franc\u00e9s ha presentado este mi\u00e9rcoles los Presupuestos Generales del Estado para 2014, que prev\u00e9n un ajuste de 18.000 millones de euros, concentrado principalmente en el recorte del gasto, para reducir el d\u00e9ficit el pr\u00f3ximo a\u00f1o hasta el 3,6%. El Gobierno destaca que el presupuesto presentado este mi\u00e9rcoles se\" \/>\n\t\t<meta name=\"twitter:label1\" content=\"Escrito por\" \/>\n\t\t<meta name=\"twitter:data1\" content=\"El Digital de Asturias\" \/>\n\t\t<meta name=\"twitter:label2\" content=\"Tiempo de lectura estimado\" \/>\n\t\t<meta name=\"twitter:data2\" content=\"2 minutos\" \/>\n\t\t<script type=\"application\/ld+json\" class=\"aioseo-schema\">\n\t\t\t{\"@context\":\"https:\\\/\\\/schema.org\",\"@graph\":[{\"@type\":\"BlogPosting\",\"@id\":\"https:\\\/\\\/www.eldigitaldeasturias.com\\\/noticias\\\/el-gobierno-frances-presenta-sus-presupuestos-para-2014\\\/#blogposting\",\"name\":\"El Gobierno franc\\u00e9s presenta sus presupuestos para 2014 - El Digital de Asturias\",\"headline\":\"El Gobierno franc\\u00e9s presenta sus presupuestos para 2014\",\"author\":{\"@id\":\"https:\\\/\\\/www.eldigitaldeasturias.com\\\/noticias\\\/author\\\/admin\\\/#author\"},\"publisher\":{\"@id\":\"https:\\\/\\\/www.eldigitaldeasturias.com\\\/noticias\\\/#organization\"},\"image\":{\"@type\":\"ImageObject\",\"url\":1724},\"datePublished\":\"2013-09-25T20:27:51+02:00\",\"dateModified\":\"2013-09-25T20:27:51+02:00\",\"inLanguage\":\"es-ES\",\"mainEntityOfPage\":{\"@id\":\"https:\\\/\\\/www.eldigitaldeasturias.com\\\/noticias\\\/el-gobierno-frances-presenta-sus-presupuestos-para-2014\\\/#webpage\"},\"isPartOf\":{\"@id\":\"https:\\\/\\\/www.eldigitaldeasturias.com\\\/noticias\\\/el-gobierno-frances-presenta-sus-presupuestos-para-2014\\\/#webpage\"},\"articleSection\":\"Actualidad\"},{\"@type\":\"BreadcrumbList\",\"@id\":\"https:\\\/\\\/www.eldigitaldeasturias.com\\\/noticias\\\/el-gobierno-frances-presenta-sus-presupuestos-para-2014\\\/#breadcrumblist\",\"itemListElement\":[{\"@type\":\"ListItem\",\"@id\":\"https:\\\/\\\/www.eldigitaldeasturias.com\\\/noticias#listItem\",\"position\":1,\"name\":\"Home\",\"item\":\"https:\\\/\\\/www.eldigitaldeasturias.com\\\/noticias\",\"nextItem\":{\"@type\":\"ListItem\",\"@id\":\"https:\\\/\\\/www.eldigitaldeasturias.com\\\/noticias\\\/category\\\/actualidad\\\/#listItem\",\"name\":\"Actualidad\"}},{\"@type\":\"ListItem\",\"@id\":\"https:\\\/\\\/www.eldigitaldeasturias.com\\\/noticias\\\/category\\\/actualidad\\\/#listItem\",\"position\":2,\"name\":\"Actualidad\",\"item\":\"https:\\\/\\\/www.eldigitaldeasturias.com\\\/noticias\\\/category\\\/actualidad\\\/\",\"nextItem\":{\"@type\":\"ListItem\",\"@id\":\"https:\\\/\\\/www.eldigitaldeasturias.com\\\/noticias\\\/el-gobierno-frances-presenta-sus-presupuestos-para-2014\\\/#listItem\",\"name\":\"El Gobierno franc\\u00e9s presenta sus presupuestos para 2014\"},\"previousItem\":{\"@type\":\"ListItem\",\"@id\":\"https:\\\/\\\/www.eldigitaldeasturias.com\\\/noticias#listItem\",\"name\":\"Home\"}},{\"@type\":\"ListItem\",\"@id\":\"https:\\\/\\\/www.eldigitaldeasturias.com\\\/noticias\\\/el-gobierno-frances-presenta-sus-presupuestos-para-2014\\\/#listItem\",\"position\":3,\"name\":\"El Gobierno franc\\u00e9s presenta sus presupuestos para 2014\",\"previousItem\":{\"@type\":\"ListItem\",\"@id\":\"https:\\\/\\\/www.eldigitaldeasturias.com\\\/noticias\\\/category\\\/actualidad\\\/#listItem\",\"name\":\"Actualidad\"}}]},{\"@type\":\"Organization\",\"@id\":\"https:\\\/\\\/www.eldigitaldeasturias.com\\\/noticias\\\/#organization\",\"name\":\"El Digital de Asturias\",\"description\":\"Hemeroteca\",\"url\":\"https:\\\/\\\/www.eldigitaldeasturias.com\\\/noticias\\\/\",\"email\":\"info@eldigitaldeasturias.com\",\"telephone\":\"+34652131393\",\"logo\":{\"@type\":\"ImageObject\",\"url\":\"https:\\\/\\\/www.eldigitaldeasturias.com\\\/noticias\\\/wp-content\\\/uploads\\\/2020\\\/12\\\/EDA.jpg\",\"@id\":\"https:\\\/\\\/www.eldigitaldeasturias.com\\\/noticias\\\/el-gobierno-frances-presenta-sus-presupuestos-para-2014\\\/#organizationLogo\",\"width\":649,\"height\":297},\"image\":{\"@id\":\"https:\\\/\\\/www.eldigitaldeasturias.com\\\/noticias\\\/el-gobierno-frances-presenta-sus-presupuestos-para-2014\\\/#organizationLogo\"},\"sameAs\":[\"https:\\\/\\\/facebook.com\\\/eldigitaldeasturias\",\"https:\\\/\\\/www.youtube.com\\\/channel\\\/UCZP-2wLEB9Rv6erhFmqVnvg\"],\"address\":{\"@id\":\"https:\\\/\\\/www.eldigitaldeasturias.com\\\/noticias\\\/#postaladdress\",\"@type\":\"PostalAddress\",\"streetAddress\":\"san antonio 4,\",\"postalCode\":\"33430\",\"addressLocality\":\"Cand\\u00e1s\",\"addressRegion\":\"Asturias\",\"addressCountry\":\"ES\"}},{\"@type\":\"Person\",\"@id\":\"https:\\\/\\\/www.eldigitaldeasturias.com\\\/noticias\\\/author\\\/admin\\\/#author\",\"url\":\"https:\\\/\\\/www.eldigitaldeasturias.com\\\/noticias\\\/author\\\/admin\\\/\",\"name\":\"El Digital de Asturias\",\"image\":{\"@type\":\"ImageObject\",\"@id\":\"https:\\\/\\\/www.eldigitaldeasturias.com\\\/noticias\\\/el-gobierno-frances-presenta-sus-presupuestos-para-2014\\\/#authorImage\",\"url\":\"https:\\\/\\\/www.eldigitaldeasturias.com\\\/noticias\\\/wp-content\\\/litespeed\\\/avatar\\\/18677e78aa0546b92d9dbf31ec7d7668.jpg?ver=1777290358\",\"width\":96,\"height\":96,\"caption\":\"El Digital de Asturias\"}},{\"@type\":\"WebPage\",\"@id\":\"https:\\\/\\\/www.eldigitaldeasturias.com\\\/noticias\\\/el-gobierno-frances-presenta-sus-presupuestos-para-2014\\\/#webpage\",\"url\":\"https:\\\/\\\/www.eldigitaldeasturias.com\\\/noticias\\\/el-gobierno-frances-presenta-sus-presupuestos-para-2014\\\/\",\"name\":\"El Gobierno franc\\u00e9s presenta sus presupuestos para 2014 - El Digital de Asturias\",\"description\":\"PAR\\u00cdS, 25 Sep. (EUROPA PRESS) - El Gobierno franc\\u00e9s ha presentado este mi\\u00e9rcoles los Presupuestos Generales del Estado para 2014, que prev\\u00e9n un ajuste de 18.000 millones de euros, concentrado principalmente en el recorte del gasto, para reducir el d\\u00e9ficit el pr\\u00f3ximo a\\u00f1o hasta el 3,6%. El Gobierno destaca que el presupuesto presentado este mi\\u00e9rcoles se\",\"inLanguage\":\"es-ES\",\"isPartOf\":{\"@id\":\"https:\\\/\\\/www.eldigitaldeasturias.com\\\/noticias\\\/#website\"},\"breadcrumb\":{\"@id\":\"https:\\\/\\\/www.eldigitaldeasturias.com\\\/noticias\\\/el-gobierno-frances-presenta-sus-presupuestos-para-2014\\\/#breadcrumblist\"},\"author\":{\"@id\":\"https:\\\/\\\/www.eldigitaldeasturias.com\\\/noticias\\\/author\\\/admin\\\/#author\"},\"creator\":{\"@id\":\"https:\\\/\\\/www.eldigitaldeasturias.com\\\/noticias\\\/author\\\/admin\\\/#author\"},\"image\":{\"@type\":\"ImageObject\",\"url\":1724,\"@id\":\"https:\\\/\\\/www.eldigitaldeasturias.com\\\/noticias\\\/el-gobierno-frances-presenta-sus-presupuestos-para-2014\\\/#mainImage\"},\"primaryImageOfPage\":{\"@id\":\"https:\\\/\\\/www.eldigitaldeasturias.com\\\/noticias\\\/el-gobierno-frances-presenta-sus-presupuestos-para-2014\\\/#mainImage\"},\"datePublished\":\"2013-09-25T20:27:51+02:00\",\"dateModified\":\"2013-09-25T20:27:51+02:00\"},{\"@type\":\"WebSite\",\"@id\":\"https:\\\/\\\/www.eldigitaldeasturias.com\\\/noticias\\\/#website\",\"url\":\"https:\\\/\\\/www.eldigitaldeasturias.com\\\/noticias\\\/\",\"name\":\"El Digital de Asturias - Diario de actualidad y noticias\",\"alternateName\":\"El Digital de Asturias - Diario de actualidad y noticias\",\"description\":\"Hemeroteca\",\"inLanguage\":\"es-ES\",\"publisher\":{\"@id\":\"https:\\\/\\\/www.eldigitaldeasturias.com\\\/noticias\\\/#organization\"}}]}\n\t\t<\/script>\n\t\t<!-- All in One SEO Pro -->\r\n\t\t<title>El Gobierno franc\u00e9s presenta sus presupuestos para 2014 - El Digital de Asturias<\/title>\n\n","aioseo_head_json":{"title":"El Gobierno franc\u00e9s presenta sus presupuestos para 2014 - El Digital de Asturias","description":"PAR\u00cdS, 25 Sep. (EUROPA PRESS) - El Gobierno franc\u00e9s ha presentado este mi\u00e9rcoles los Presupuestos Generales del Estado para 2014, que prev\u00e9n un ajuste de 18.000 millones de euros, concentrado principalmente en el recorte del gasto, para reducir el d\u00e9ficit el pr\u00f3ximo a\u00f1o hasta el 3,6%. El Gobierno destaca que el presupuesto presentado este mi\u00e9rcoles se","canonical_url":"https:\/\/www.eldigitaldeasturias.com\/noticias\/el-gobierno-frances-presenta-sus-presupuestos-para-2014\/","robots":"max-image-preview:large","keywords":"actualidad","webmasterTools":{"google-site-verification":"UA-38556648-1","msvalidate.01":"7dfe9f3f1b24437ab69f4f2559babe99","miscellaneous":""},"schema":{"@context":"https:\/\/schema.org","@graph":[{"@type":"BlogPosting","@id":"https:\/\/www.eldigitaldeasturias.com\/noticias\/el-gobierno-frances-presenta-sus-presupuestos-para-2014\/#blogposting","name":"El Gobierno franc\u00e9s presenta sus presupuestos para 2014 - El Digital de Asturias","headline":"El Gobierno franc\u00e9s presenta sus presupuestos para 2014","author":{"@id":"https:\/\/www.eldigitaldeasturias.com\/noticias\/author\/admin\/#author"},"publisher":{"@id":"https:\/\/www.eldigitaldeasturias.com\/noticias\/#organization"},"image":{"@type":"ImageObject","url":1724},"datePublished":"2013-09-25T20:27:51+02:00","dateModified":"2013-09-25T20:27:51+02:00","inLanguage":"es-ES","mainEntityOfPage":{"@id":"https:\/\/www.eldigitaldeasturias.com\/noticias\/el-gobierno-frances-presenta-sus-presupuestos-para-2014\/#webpage"},"isPartOf":{"@id":"https:\/\/www.eldigitaldeasturias.com\/noticias\/el-gobierno-frances-presenta-sus-presupuestos-para-2014\/#webpage"},"articleSection":"Actualidad"},{"@type":"BreadcrumbList","@id":"https:\/\/www.eldigitaldeasturias.com\/noticias\/el-gobierno-frances-presenta-sus-presupuestos-para-2014\/#breadcrumblist","itemListElement":[{"@type":"ListItem","@id":"https:\/\/www.eldigitaldeasturias.com\/noticias#listItem","position":1,"name":"Home","item":"https:\/\/www.eldigitaldeasturias.com\/noticias","nextItem":{"@type":"ListItem","@id":"https:\/\/www.eldigitaldeasturias.com\/noticias\/category\/actualidad\/#listItem","name":"Actualidad"}},{"@type":"ListItem","@id":"https:\/\/www.eldigitaldeasturias.com\/noticias\/category\/actualidad\/#listItem","position":2,"name":"Actualidad","item":"https:\/\/www.eldigitaldeasturias.com\/noticias\/category\/actualidad\/","nextItem":{"@type":"ListItem","@id":"https:\/\/www.eldigitaldeasturias.com\/noticias\/el-gobierno-frances-presenta-sus-presupuestos-para-2014\/#listItem","name":"El Gobierno franc\u00e9s presenta sus presupuestos para 2014"},"previousItem":{"@type":"ListItem","@id":"https:\/\/www.eldigitaldeasturias.com\/noticias#listItem","name":"Home"}},{"@type":"ListItem","@id":"https:\/\/www.eldigitaldeasturias.com\/noticias\/el-gobierno-frances-presenta-sus-presupuestos-para-2014\/#listItem","position":3,"name":"El Gobierno franc\u00e9s presenta sus presupuestos para 2014","previousItem":{"@type":"ListItem","@id":"https:\/\/www.eldigitaldeasturias.com\/noticias\/category\/actualidad\/#listItem","name":"Actualidad"}}]},{"@type":"Organization","@id":"https:\/\/www.eldigitaldeasturias.com\/noticias\/#organization","name":"El Digital de Asturias","description":"Hemeroteca","url":"https:\/\/www.eldigitaldeasturias.com\/noticias\/","email":"info@eldigitaldeasturias.com","telephone":"+34652131393","logo":{"@type":"ImageObject","url":"https:\/\/www.eldigitaldeasturias.com\/noticias\/wp-content\/uploads\/2020\/12\/EDA.jpg","@id":"https:\/\/www.eldigitaldeasturias.com\/noticias\/el-gobierno-frances-presenta-sus-presupuestos-para-2014\/#organizationLogo","width":649,"height":297},"image":{"@id":"https:\/\/www.eldigitaldeasturias.com\/noticias\/el-gobierno-frances-presenta-sus-presupuestos-para-2014\/#organizationLogo"},"sameAs":["https:\/\/facebook.com\/eldigitaldeasturias","https:\/\/www.youtube.com\/channel\/UCZP-2wLEB9Rv6erhFmqVnvg"],"address":{"@id":"https:\/\/www.eldigitaldeasturias.com\/noticias\/#postaladdress","@type":"PostalAddress","streetAddress":"san antonio 4,","postalCode":"33430","addressLocality":"Cand\u00e1s","addressRegion":"Asturias","addressCountry":"ES"}},{"@type":"Person","@id":"https:\/\/www.eldigitaldeasturias.com\/noticias\/author\/admin\/#author","url":"https:\/\/www.eldigitaldeasturias.com\/noticias\/author\/admin\/","name":"El Digital de Asturias","image":{"@type":"ImageObject","@id":"https:\/\/www.eldigitaldeasturias.com\/noticias\/el-gobierno-frances-presenta-sus-presupuestos-para-2014\/#authorImage","url":"https:\/\/www.eldigitaldeasturias.com\/noticias\/wp-content\/litespeed\/avatar\/18677e78aa0546b92d9dbf31ec7d7668.jpg?ver=1777290358","width":96,"height":96,"caption":"El Digital de Asturias"}},{"@type":"WebPage","@id":"https:\/\/www.eldigitaldeasturias.com\/noticias\/el-gobierno-frances-presenta-sus-presupuestos-para-2014\/#webpage","url":"https:\/\/www.eldigitaldeasturias.com\/noticias\/el-gobierno-frances-presenta-sus-presupuestos-para-2014\/","name":"El Gobierno franc\u00e9s presenta sus presupuestos para 2014 - El Digital de Asturias","description":"PAR\u00cdS, 25 Sep. (EUROPA PRESS) - El Gobierno franc\u00e9s ha presentado este mi\u00e9rcoles los Presupuestos Generales del Estado para 2014, que prev\u00e9n un ajuste de 18.000 millones de euros, concentrado principalmente en el recorte del gasto, para reducir el d\u00e9ficit el pr\u00f3ximo a\u00f1o hasta el 3,6%. El Gobierno destaca que el presupuesto presentado este mi\u00e9rcoles se","inLanguage":"es-ES","isPartOf":{"@id":"https:\/\/www.eldigitaldeasturias.com\/noticias\/#website"},"breadcrumb":{"@id":"https:\/\/www.eldigitaldeasturias.com\/noticias\/el-gobierno-frances-presenta-sus-presupuestos-para-2014\/#breadcrumblist"},"author":{"@id":"https:\/\/www.eldigitaldeasturias.com\/noticias\/author\/admin\/#author"},"creator":{"@id":"https:\/\/www.eldigitaldeasturias.com\/noticias\/author\/admin\/#author"},"image":{"@type":"ImageObject","url":1724,"@id":"https:\/\/www.eldigitaldeasturias.com\/noticias\/el-gobierno-frances-presenta-sus-presupuestos-para-2014\/#mainImage"},"primaryImageOfPage":{"@id":"https:\/\/www.eldigitaldeasturias.com\/noticias\/el-gobierno-frances-presenta-sus-presupuestos-para-2014\/#mainImage"},"datePublished":"2013-09-25T20:27:51+02:00","dateModified":"2013-09-25T20:27:51+02:00"},{"@type":"WebSite","@id":"https:\/\/www.eldigitaldeasturias.com\/noticias\/#website","url":"https:\/\/www.eldigitaldeasturias.com\/noticias\/","name":"El Digital de Asturias - Diario de actualidad y noticias","alternateName":"El Digital de Asturias - Diario de actualidad y noticias","description":"Hemeroteca","inLanguage":"es-ES","publisher":{"@id":"https:\/\/www.eldigitaldeasturias.com\/noticias\/#organization"}}]},"og:locale":"es_ES","og:site_name":"El Digital de Asturias","og:type":"article","og:title":"El Gobierno franc\u00e9s presenta sus presupuestos para 2014 - El Digital de Asturias","og:description":"PAR\u00cdS, 25 Sep. (EUROPA PRESS) - El Gobierno franc\u00e9s ha presentado este mi\u00e9rcoles los Presupuestos Generales del Estado para 2014, que prev\u00e9n un ajuste de 18.000 millones de euros, concentrado principalmente en el recorte del gasto, para reducir el d\u00e9ficit el pr\u00f3ximo a\u00f1o hasta el 3,6%. El Gobierno destaca que el presupuesto presentado este mi\u00e9rcoles se","og:url":"https:\/\/www.eldigitaldeasturias.com\/noticias\/el-gobierno-frances-presenta-sus-presupuestos-para-2014\/","article:tag":["actualidad"],"article:published_time":"2013-09-25T20:27:51+00:00","article:modified_time":"2013-09-25T20:27:51+00:00","article:publisher":"https:\/\/facebook.com\/eldigitaldeasturias","twitter:card":"summary_large_image","twitter:title":"El Gobierno franc\u00e9s presenta sus presupuestos para 2014 - El Digital de Asturias","twitter:description":"PAR\u00cdS, 25 Sep. (EUROPA PRESS) - El Gobierno franc\u00e9s ha presentado este mi\u00e9rcoles los Presupuestos Generales del Estado para 2014, que prev\u00e9n un ajuste de 18.000 millones de euros, concentrado principalmente en el recorte del gasto, para reducir el d\u00e9ficit el pr\u00f3ximo a\u00f1o hasta el 3,6%. El Gobierno destaca que el presupuesto presentado este mi\u00e9rcoles se","twitter:label1":"Escrito por","twitter:data1":"El Digital de Asturias","twitter:label2":"Tiempo de lectura estimado","twitter:data2":"2 minutos"},"aioseo_meta_data":{"post_id":"3133","title":null,"description":null,"keywords":null,"keyphrases":null,"primary_term":null,"canonical_url":null,"og_title":null,"og_description":null,"og_object_type":"default","og_image_type":"default","og_image_url":null,"og_image_width":null,"og_image_height":null,"og_image_custom_url":null,"og_image_custom_fields":null,"og_video":null,"og_custom_url":null,"og_article_section":null,"og_article_tags":null,"twitter_use_og":true,"twitter_card":"default","twitter_image_type":"default","twitter_image_url":null,"twitter_image_custom_url":null,"twitter_image_custom_fields":null,"twitter_title":null,"twitter_description":null,"schema":{"blockGraphs":[],"customGraphs":[],"default":{"data":{"Article":[],"Course":[],"Dataset":[],"FAQPage":[],"Movie":[],"Person":[],"Product":[],"ProductReview":[],"Car":[],"Recipe":[],"Service":[],"SoftwareApplication":[],"WebPage":[]},"graphName":"","isEnabled":true},"graphs":[],"defaultGraph":"","defaultPostTypeGraph":""},"schema_type":null,"schema_type_options":null,"pillar_content":false,"robots_default":true,"robots_noindex":false,"robots_noarchive":false,"robots_nosnippet":false,"robots_nofollow":false,"robots_noimageindex":false,"robots_noodp":false,"robots_notranslate":false,"robots_max_snippet":null,"robots_max_videopreview":null,"robots_max_imagepreview":"none","priority":null,"frequency":null,"local_seo":null,"seo_analyzer_scan_date":"2025-08-21 05:48:51","breadcrumb_settings":null,"limit_modified_date":false,"open_ai":null,"ai":null,"created":"2020-11-14 22:37:03","updated":"2025-08-21 05:48:51"},"aioseo_breadcrumb":"<div class=\"aioseo-breadcrumbs\"><span class=\"aioseo-breadcrumb\">\n\t<a href=\"https:\/\/www.eldigitaldeasturias.com\/noticias\" title=\"Home\">Home<\/a>\n<\/span><span class=\"aioseo-breadcrumb-separator\">\u2013<\/span><span class=\"aioseo-breadcrumb\">\n\t<a href=\"https:\/\/www.eldigitaldeasturias.com\/noticias\/category\/actualidad\/\" title=\"Actualidad\">Actualidad<\/a>\n<\/span><span class=\"aioseo-breadcrumb-separator\">\u2013<\/span><span class=\"aioseo-breadcrumb\">\n\t<a href=\"https:\/\/www.eldigitaldeasturias.com\/noticias\/el-gobierno-frances-presenta-sus-presupuestos-para-2014\/\" title=\"El Gobierno franc\u00e9s presenta sus presupuestos para 2014\">El Gobierno franc\u00e9s presenta sus presupuestos para 2014<\/a>\n<\/span><\/div>","aioseo_breadcrumb_json":[{"label":"Home","link":"https:\/\/www.eldigitaldeasturias.com\/noticias"},{"label":"Actualidad","link":"https:\/\/www.eldigitaldeasturias.com\/noticias\/category\/actualidad\/"},{"label":"El Gobierno franc\u00e9s presenta sus presupuestos para 2014","link":"https:\/\/www.eldigitaldeasturias.com\/noticias\/el-gobierno-frances-presenta-sus-presupuestos-para-2014\/"}],"_links":{"self":[{"href":"https:\/\/www.eldigitaldeasturias.com\/noticias\/wp-json\/wp\/v2\/posts\/3133","targetHints":{"allow":["GET"]}}],"collection":[{"href":"https:\/\/www.eldigitaldeasturias.com\/noticias\/wp-json\/wp\/v2\/posts"}],"about":[{"href":"https:\/\/www.eldigitaldeasturias.com\/noticias\/wp-json\/wp\/v2\/types\/post"}],"author":[{"embeddable":true,"href":"https:\/\/www.eldigitaldeasturias.com\/noticias\/wp-json\/wp\/v2\/users\/1"}],"replies":[{"embeddable":true,"href":"https:\/\/www.eldigitaldeasturias.com\/noticias\/wp-json\/wp\/v2\/comments?post=3133"}],"version-history":[{"count":0,"href":"https:\/\/www.eldigitaldeasturias.com\/noticias\/wp-json\/wp\/v2\/posts\/3133\/revisions"}],"wp:featuredmedia":[{"embeddable":true,"href":"https:\/\/www.eldigitaldeasturias.com\/noticias\/wp-json\/"}],"wp:attachment":[{"href":"https:\/\/www.eldigitaldeasturias.com\/noticias\/wp-json\/wp\/v2\/media?parent=3133"}],"wp:term":[{"taxonomy":"category","embeddable":true,"href":"https:\/\/www.eldigitaldeasturias.com\/noticias\/wp-json\/wp\/v2\/categories?post=3133"},{"taxonomy":"post_tag","embeddable":true,"href":"https:\/\/www.eldigitaldeasturias.com\/noticias\/wp-json\/wp\/v2\/tags?post=3133"}],"curies":[{"name":"wp","href":"https:\/\/api.w.org\/{rel}","templated":true}]}}