{"id":3130,"date":"2013-09-25T20:25:33","date_gmt":"2013-09-25T20:25:33","guid":{"rendered":"http:\/\/www.eldigitaldeasturias.com\/noticias\/?p=3130"},"modified":"2013-09-25T20:25:33","modified_gmt":"2013-09-25T20:25:33","slug":"josep-pique-recibe-el-alta-tras-sufrir-una-leve-hemorragia-cerebral","status":"publish","type":"post","link":"https:\/\/www.eldigitaldeasturias.com\/noticias\/josep-pique-recibe-el-alta-tras-sufrir-una-leve-hemorragia-cerebral\/","title":{"rendered":"Josep Piqu\u00e9 recibe el alta tras sufrir una leve hemorragia cerebral"},"content":{"rendered":"<p><img loading=\"lazy\" decoding=\"async\" class=\"alignleft size-medium wp-image-3131\" alt=\"fotonoticia_20130925133324_800\" src=\"https:\/\/www.eldigitaldeasturias.com\/noticias\/wp-content\/uploads\/2013\/09\/fotonoticia_20130925133324_800-360x240.jpg\" width=\"360\" height=\"240\" \/>BARCELONA, 25 Sep. (EUROPA PRESS) &#8211;\u00a0El presidente del C\u00edrculo de Econom\u00eda, Josep Piqu\u00e9, ha recibido el alta este mi\u00e9rcoles, tras sufrir la semana pasada una hemorragia cerebral leve por la que fue ingresado en el Hospital Ram\u00f3n y Cajal de Madrid, han informado a Europa Press fuentes cercanas al exministro.<\/p>\n<p>Piqu\u00e9 ha abandonado el centro a las 13.00 horas, tras permanecer ingresado siete d\u00edas en observaci\u00f3n siguiendo el protocolo m\u00e9dico, aunque se encontraba \u00abperfectamente y con muchas ganas de volver a su vida habitual\u00bb, se\u00f1alaron las mismas fuentes.<\/p>\n<p>Piqu\u00e9, que se encontraba en la capital espa\u00f1ola con motivo de la promoci\u00f3n de su libro &#8216;Cambio de era&#8217; (Ediciones Deusto), se sinti\u00f3 mareado hacia el mediod\u00eda del pasado mi\u00e9rcoles, por lo que acudi\u00f3 al hospital.<\/p>\n<p>All\u00ed los m\u00e9dicos le realizaron un esc\u00e1ner y le detectaron \u00abuna peque\u00f1a hemorragia perimesencef\u00e1lica sin lesiones estructurales asociadas vasculares ni cerebrales\u00bb.<\/p>\n<p>Fuentes del hospital se\u00f1alaron el jueves que Piqu\u00e9 permanec\u00eda ingresado en observaci\u00f3n \u00absin afectaci\u00f3n neurol\u00f3gica y plenamente consciente\u00bb.<\/p>\n","protected":false},"excerpt":{"rendered":"<p>BARCELONA, 25 Sep. (EUROPA PRESS) &#8211;\u00a0El presidente del C\u00edrculo de Econom\u00eda, Josep Piqu\u00e9, ha recibido el alta este mi\u00e9rcoles, tras sufrir la semana pasada una hemorragia cerebral leve por la que fue ingresado en el Hospital Ram\u00f3n y Cajal de Madrid, han informado a Europa Press fuentes cercanas al exministro. Piqu\u00e9 ha abandonado el centro [&hellip;]<\/p>\n","protected":false},"author":1,"featured_media":3131,"comment_status":"open","ping_status":"open","sticky":false,"template":"","format":"standard","meta":{"footnotes":""},"categories":[1,28],"tags":[],"class_list":["post-3130","post","type-post","status-publish","format-standard","has-post-thumbnail","hentry","category-actualidad","category-sociedad"],"aioseo_notices":[],"aioseo_head":"\n\t\t<!-- All in One SEO Pro 4.9.6.2 - aioseo.com -->\n\t<meta name=\"description\" content=\"BARCELONA, 25 Sep. (EUROPA PRESS) - El presidente del C\u00edrculo de Econom\u00eda, Josep Piqu\u00e9, ha recibido el alta este mi\u00e9rcoles, tras sufrir la semana pasada una hemorragia cerebral leve por la que fue ingresado en el Hospital Ram\u00f3n y Cajal de Madrid, han informado a Europa Press fuentes cercanas al exministro. Piqu\u00e9 ha abandonado el centro\" \/>\n\t<meta name=\"robots\" content=\"max-image-preview:large\" \/>\n\t<meta name=\"author\" content=\"El Digital de Asturias\"\/>\n\t<meta name=\"google-site-verification\" content=\"UA-38556648-1\" \/>\n\t<meta name=\"msvalidate.01\" content=\"7dfe9f3f1b24437ab69f4f2559babe99\" \/>\n\t<meta name=\"keywords\" content=\"actualidad,sociedad\" \/>\n\t<link rel=\"canonical\" href=\"https:\/\/www.eldigitaldeasturias.com\/noticias\/josep-pique-recibe-el-alta-tras-sufrir-una-leve-hemorragia-cerebral\/\" \/>\n\t<meta name=\"generator\" content=\"All in One SEO Pro (AIOSEO) 4.9.6.2\" \/>\n\t\t<meta property=\"og:locale\" content=\"es_ES\" \/>\n\t\t<meta property=\"og:site_name\" content=\"El Digital de Asturias\" \/>\n\t\t<meta property=\"og:type\" content=\"article\" \/>\n\t\t<meta property=\"og:title\" content=\"Josep Piqu\u00e9 recibe el alta tras sufrir una leve hemorragia cerebral - El Digital de Asturias\" \/>\n\t\t<meta property=\"og:description\" content=\"BARCELONA, 25 Sep. (EUROPA PRESS) - El presidente del C\u00edrculo de Econom\u00eda, Josep Piqu\u00e9, ha recibido el alta este mi\u00e9rcoles, tras sufrir la semana pasada una hemorragia cerebral leve por la que fue ingresado en el Hospital Ram\u00f3n y Cajal de Madrid, han informado a Europa Press fuentes cercanas al exministro. Piqu\u00e9 ha abandonado el centro\" \/>\n\t\t<meta property=\"og:url\" content=\"https:\/\/www.eldigitaldeasturias.com\/noticias\/josep-pique-recibe-el-alta-tras-sufrir-una-leve-hemorragia-cerebral\/\" \/>\n\t\t<meta property=\"article:tag\" content=\"actualidad\" \/>\n\t\t<meta property=\"article:tag\" content=\"sociedad\" \/>\n\t\t<meta property=\"article:published_time\" content=\"2013-09-25T20:25:33+00:00\" \/>\n\t\t<meta property=\"article:modified_time\" content=\"2013-09-25T20:25:33+00:00\" \/>\n\t\t<meta property=\"article:publisher\" content=\"https:\/\/facebook.com\/eldigitaldeasturias\" \/>\n\t\t<meta name=\"twitter:card\" content=\"summary_large_image\" \/>\n\t\t<meta name=\"twitter:title\" content=\"Josep Piqu\u00e9 recibe el alta tras sufrir una leve hemorragia cerebral - El Digital de Asturias\" \/>\n\t\t<meta name=\"twitter:description\" content=\"BARCELONA, 25 Sep. (EUROPA PRESS) - El presidente del C\u00edrculo de Econom\u00eda, Josep Piqu\u00e9, ha recibido el alta este mi\u00e9rcoles, tras sufrir la semana pasada una hemorragia cerebral leve por la que fue ingresado en el Hospital Ram\u00f3n y Cajal de Madrid, han informado a Europa Press fuentes cercanas al exministro. Piqu\u00e9 ha abandonado el centro\" \/>\n\t\t<meta name=\"twitter:label1\" content=\"Escrito por\" \/>\n\t\t<meta name=\"twitter:data1\" content=\"El Digital de Asturias\" \/>\n\t\t<meta name=\"twitter:label2\" content=\"Tiempo de lectura estimado\" \/>\n\t\t<meta name=\"twitter:data2\" content=\"1 minuto\" \/>\n\t\t<script type=\"application\/ld+json\" class=\"aioseo-schema\">\n\t\t\t{\"@context\":\"https:\\\/\\\/schema.org\",\"@graph\":[{\"@type\":\"BlogPosting\",\"@id\":\"https:\\\/\\\/www.eldigitaldeasturias.com\\\/noticias\\\/josep-pique-recibe-el-alta-tras-sufrir-una-leve-hemorragia-cerebral\\\/#blogposting\",\"name\":\"Josep Piqu\\u00e9 recibe el alta tras sufrir una leve hemorragia cerebral - El Digital de Asturias\",\"headline\":\"Josep Piqu\\u00e9 recibe el alta tras sufrir una leve hemorragia cerebral\",\"author\":{\"@id\":\"https:\\\/\\\/www.eldigitaldeasturias.com\\\/noticias\\\/author\\\/admin\\\/#author\"},\"publisher\":{\"@id\":\"https:\\\/\\\/www.eldigitaldeasturias.com\\\/noticias\\\/#organization\"},\"image\":{\"@type\":\"ImageObject\",\"url\":3131},\"datePublished\":\"2013-09-25T20:25:33+02:00\",\"dateModified\":\"2013-09-25T20:25:33+02:00\",\"inLanguage\":\"es-ES\",\"mainEntityOfPage\":{\"@id\":\"https:\\\/\\\/www.eldigitaldeasturias.com\\\/noticias\\\/josep-pique-recibe-el-alta-tras-sufrir-una-leve-hemorragia-cerebral\\\/#webpage\"},\"isPartOf\":{\"@id\":\"https:\\\/\\\/www.eldigitaldeasturias.com\\\/noticias\\\/josep-pique-recibe-el-alta-tras-sufrir-una-leve-hemorragia-cerebral\\\/#webpage\"},\"articleSection\":\"Actualidad, Sociedad\"},{\"@type\":\"BreadcrumbList\",\"@id\":\"https:\\\/\\\/www.eldigitaldeasturias.com\\\/noticias\\\/josep-pique-recibe-el-alta-tras-sufrir-una-leve-hemorragia-cerebral\\\/#breadcrumblist\",\"itemListElement\":[{\"@type\":\"ListItem\",\"@id\":\"https:\\\/\\\/www.eldigitaldeasturias.com\\\/noticias#listItem\",\"position\":1,\"name\":\"Home\",\"item\":\"https:\\\/\\\/www.eldigitaldeasturias.com\\\/noticias\",\"nextItem\":{\"@type\":\"ListItem\",\"@id\":\"https:\\\/\\\/www.eldigitaldeasturias.com\\\/noticias\\\/category\\\/actualidad\\\/#listItem\",\"name\":\"Actualidad\"}},{\"@type\":\"ListItem\",\"@id\":\"https:\\\/\\\/www.eldigitaldeasturias.com\\\/noticias\\\/category\\\/actualidad\\\/#listItem\",\"position\":2,\"name\":\"Actualidad\",\"item\":\"https:\\\/\\\/www.eldigitaldeasturias.com\\\/noticias\\\/category\\\/actualidad\\\/\",\"nextItem\":{\"@type\":\"ListItem\",\"@id\":\"https:\\\/\\\/www.eldigitaldeasturias.com\\\/noticias\\\/josep-pique-recibe-el-alta-tras-sufrir-una-leve-hemorragia-cerebral\\\/#listItem\",\"name\":\"Josep Piqu\\u00e9 recibe el alta tras sufrir una leve hemorragia cerebral\"},\"previousItem\":{\"@type\":\"ListItem\",\"@id\":\"https:\\\/\\\/www.eldigitaldeasturias.com\\\/noticias#listItem\",\"name\":\"Home\"}},{\"@type\":\"ListItem\",\"@id\":\"https:\\\/\\\/www.eldigitaldeasturias.com\\\/noticias\\\/josep-pique-recibe-el-alta-tras-sufrir-una-leve-hemorragia-cerebral\\\/#listItem\",\"position\":3,\"name\":\"Josep Piqu\\u00e9 recibe el alta tras sufrir una leve hemorragia cerebral\",\"previousItem\":{\"@type\":\"ListItem\",\"@id\":\"https:\\\/\\\/www.eldigitaldeasturias.com\\\/noticias\\\/category\\\/actualidad\\\/#listItem\",\"name\":\"Actualidad\"}}]},{\"@type\":\"Organization\",\"@id\":\"https:\\\/\\\/www.eldigitaldeasturias.com\\\/noticias\\\/#organization\",\"name\":\"El Digital de Asturias\",\"description\":\"Hemeroteca\",\"url\":\"https:\\\/\\\/www.eldigitaldeasturias.com\\\/noticias\\\/\",\"email\":\"info@eldigitaldeasturias.com\",\"telephone\":\"+34652131393\",\"logo\":{\"@type\":\"ImageObject\",\"url\":\"https:\\\/\\\/www.eldigitaldeasturias.com\\\/noticias\\\/wp-content\\\/uploads\\\/2020\\\/12\\\/EDA.jpg\",\"@id\":\"https:\\\/\\\/www.eldigitaldeasturias.com\\\/noticias\\\/josep-pique-recibe-el-alta-tras-sufrir-una-leve-hemorragia-cerebral\\\/#organizationLogo\",\"width\":649,\"height\":297},\"image\":{\"@id\":\"https:\\\/\\\/www.eldigitaldeasturias.com\\\/noticias\\\/josep-pique-recibe-el-alta-tras-sufrir-una-leve-hemorragia-cerebral\\\/#organizationLogo\"},\"sameAs\":[\"https:\\\/\\\/facebook.com\\\/eldigitaldeasturias\",\"https:\\\/\\\/www.youtube.com\\\/channel\\\/UCZP-2wLEB9Rv6erhFmqVnvg\"],\"address\":{\"@id\":\"https:\\\/\\\/www.eldigitaldeasturias.com\\\/noticias\\\/#postaladdress\",\"@type\":\"PostalAddress\",\"streetAddress\":\"san antonio 4,\",\"postalCode\":\"33430\",\"addressLocality\":\"Cand\\u00e1s\",\"addressRegion\":\"Asturias\",\"addressCountry\":\"ES\"}},{\"@type\":\"Person\",\"@id\":\"https:\\\/\\\/www.eldigitaldeasturias.com\\\/noticias\\\/author\\\/admin\\\/#author\",\"url\":\"https:\\\/\\\/www.eldigitaldeasturias.com\\\/noticias\\\/author\\\/admin\\\/\",\"name\":\"El Digital de Asturias\",\"image\":{\"@type\":\"ImageObject\",\"@id\":\"https:\\\/\\\/www.eldigitaldeasturias.com\\\/noticias\\\/josep-pique-recibe-el-alta-tras-sufrir-una-leve-hemorragia-cerebral\\\/#authorImage\",\"url\":\"https:\\\/\\\/www.eldigitaldeasturias.com\\\/noticias\\\/wp-content\\\/litespeed\\\/avatar\\\/18677e78aa0546b92d9dbf31ec7d7668.jpg?ver=1777290358\",\"width\":96,\"height\":96,\"caption\":\"El Digital de Asturias\"}},{\"@type\":\"WebPage\",\"@id\":\"https:\\\/\\\/www.eldigitaldeasturias.com\\\/noticias\\\/josep-pique-recibe-el-alta-tras-sufrir-una-leve-hemorragia-cerebral\\\/#webpage\",\"url\":\"https:\\\/\\\/www.eldigitaldeasturias.com\\\/noticias\\\/josep-pique-recibe-el-alta-tras-sufrir-una-leve-hemorragia-cerebral\\\/\",\"name\":\"Josep Piqu\\u00e9 recibe el alta tras sufrir una leve hemorragia cerebral - El Digital de Asturias\",\"description\":\"BARCELONA, 25 Sep. (EUROPA PRESS) - El presidente del C\\u00edrculo de Econom\\u00eda, Josep Piqu\\u00e9, ha recibido el alta este mi\\u00e9rcoles, tras sufrir la semana pasada una hemorragia cerebral leve por la que fue ingresado en el Hospital Ram\\u00f3n y Cajal de Madrid, han informado a Europa Press fuentes cercanas al exministro. Piqu\\u00e9 ha abandonado el centro\",\"inLanguage\":\"es-ES\",\"isPartOf\":{\"@id\":\"https:\\\/\\\/www.eldigitaldeasturias.com\\\/noticias\\\/#website\"},\"breadcrumb\":{\"@id\":\"https:\\\/\\\/www.eldigitaldeasturias.com\\\/noticias\\\/josep-pique-recibe-el-alta-tras-sufrir-una-leve-hemorragia-cerebral\\\/#breadcrumblist\"},\"author\":{\"@id\":\"https:\\\/\\\/www.eldigitaldeasturias.com\\\/noticias\\\/author\\\/admin\\\/#author\"},\"creator\":{\"@id\":\"https:\\\/\\\/www.eldigitaldeasturias.com\\\/noticias\\\/author\\\/admin\\\/#author\"},\"image\":{\"@type\":\"ImageObject\",\"url\":3131,\"@id\":\"https:\\\/\\\/www.eldigitaldeasturias.com\\\/noticias\\\/josep-pique-recibe-el-alta-tras-sufrir-una-leve-hemorragia-cerebral\\\/#mainImage\"},\"primaryImageOfPage\":{\"@id\":\"https:\\\/\\\/www.eldigitaldeasturias.com\\\/noticias\\\/josep-pique-recibe-el-alta-tras-sufrir-una-leve-hemorragia-cerebral\\\/#mainImage\"},\"datePublished\":\"2013-09-25T20:25:33+02:00\",\"dateModified\":\"2013-09-25T20:25:33+02:00\"},{\"@type\":\"WebSite\",\"@id\":\"https:\\\/\\\/www.eldigitaldeasturias.com\\\/noticias\\\/#website\",\"url\":\"https:\\\/\\\/www.eldigitaldeasturias.com\\\/noticias\\\/\",\"name\":\"El Digital de Asturias - Diario de actualidad y noticias\",\"alternateName\":\"El Digital de Asturias - Diario de actualidad y noticias\",\"description\":\"Hemeroteca\",\"inLanguage\":\"es-ES\",\"publisher\":{\"@id\":\"https:\\\/\\\/www.eldigitaldeasturias.com\\\/noticias\\\/#organization\"}}]}\n\t\t<\/script>\n\t\t<!-- All in One SEO Pro -->\r\n\t\t<title>Josep Piqu\u00e9 recibe el alta tras sufrir una leve hemorragia cerebral - El Digital de Asturias<\/title>\n\n","aioseo_head_json":{"title":"Josep Piqu\u00e9 recibe el alta tras sufrir una leve hemorragia cerebral - El Digital de Asturias","description":"BARCELONA, 25 Sep. (EUROPA PRESS) - El presidente del C\u00edrculo de Econom\u00eda, Josep Piqu\u00e9, ha recibido el alta este mi\u00e9rcoles, tras sufrir la semana pasada una hemorragia cerebral leve por la que fue ingresado en el Hospital Ram\u00f3n y Cajal de Madrid, han informado a Europa Press fuentes cercanas al exministro. Piqu\u00e9 ha abandonado el centro","canonical_url":"https:\/\/www.eldigitaldeasturias.com\/noticias\/josep-pique-recibe-el-alta-tras-sufrir-una-leve-hemorragia-cerebral\/","robots":"max-image-preview:large","keywords":"actualidad,sociedad","webmasterTools":{"google-site-verification":"UA-38556648-1","msvalidate.01":"7dfe9f3f1b24437ab69f4f2559babe99","miscellaneous":""},"schema":{"@context":"https:\/\/schema.org","@graph":[{"@type":"BlogPosting","@id":"https:\/\/www.eldigitaldeasturias.com\/noticias\/josep-pique-recibe-el-alta-tras-sufrir-una-leve-hemorragia-cerebral\/#blogposting","name":"Josep Piqu\u00e9 recibe el alta tras sufrir una leve hemorragia cerebral - El Digital de Asturias","headline":"Josep Piqu\u00e9 recibe el alta tras sufrir una leve hemorragia cerebral","author":{"@id":"https:\/\/www.eldigitaldeasturias.com\/noticias\/author\/admin\/#author"},"publisher":{"@id":"https:\/\/www.eldigitaldeasturias.com\/noticias\/#organization"},"image":{"@type":"ImageObject","url":3131},"datePublished":"2013-09-25T20:25:33+02:00","dateModified":"2013-09-25T20:25:33+02:00","inLanguage":"es-ES","mainEntityOfPage":{"@id":"https:\/\/www.eldigitaldeasturias.com\/noticias\/josep-pique-recibe-el-alta-tras-sufrir-una-leve-hemorragia-cerebral\/#webpage"},"isPartOf":{"@id":"https:\/\/www.eldigitaldeasturias.com\/noticias\/josep-pique-recibe-el-alta-tras-sufrir-una-leve-hemorragia-cerebral\/#webpage"},"articleSection":"Actualidad, Sociedad"},{"@type":"BreadcrumbList","@id":"https:\/\/www.eldigitaldeasturias.com\/noticias\/josep-pique-recibe-el-alta-tras-sufrir-una-leve-hemorragia-cerebral\/#breadcrumblist","itemListElement":[{"@type":"ListItem","@id":"https:\/\/www.eldigitaldeasturias.com\/noticias#listItem","position":1,"name":"Home","item":"https:\/\/www.eldigitaldeasturias.com\/noticias","nextItem":{"@type":"ListItem","@id":"https:\/\/www.eldigitaldeasturias.com\/noticias\/category\/actualidad\/#listItem","name":"Actualidad"}},{"@type":"ListItem","@id":"https:\/\/www.eldigitaldeasturias.com\/noticias\/category\/actualidad\/#listItem","position":2,"name":"Actualidad","item":"https:\/\/www.eldigitaldeasturias.com\/noticias\/category\/actualidad\/","nextItem":{"@type":"ListItem","@id":"https:\/\/www.eldigitaldeasturias.com\/noticias\/josep-pique-recibe-el-alta-tras-sufrir-una-leve-hemorragia-cerebral\/#listItem","name":"Josep Piqu\u00e9 recibe el alta tras sufrir una leve hemorragia cerebral"},"previousItem":{"@type":"ListItem","@id":"https:\/\/www.eldigitaldeasturias.com\/noticias#listItem","name":"Home"}},{"@type":"ListItem","@id":"https:\/\/www.eldigitaldeasturias.com\/noticias\/josep-pique-recibe-el-alta-tras-sufrir-una-leve-hemorragia-cerebral\/#listItem","position":3,"name":"Josep Piqu\u00e9 recibe el alta tras sufrir una leve hemorragia cerebral","previousItem":{"@type":"ListItem","@id":"https:\/\/www.eldigitaldeasturias.com\/noticias\/category\/actualidad\/#listItem","name":"Actualidad"}}]},{"@type":"Organization","@id":"https:\/\/www.eldigitaldeasturias.com\/noticias\/#organization","name":"El Digital de Asturias","description":"Hemeroteca","url":"https:\/\/www.eldigitaldeasturias.com\/noticias\/","email":"info@eldigitaldeasturias.com","telephone":"+34652131393","logo":{"@type":"ImageObject","url":"https:\/\/www.eldigitaldeasturias.com\/noticias\/wp-content\/uploads\/2020\/12\/EDA.jpg","@id":"https:\/\/www.eldigitaldeasturias.com\/noticias\/josep-pique-recibe-el-alta-tras-sufrir-una-leve-hemorragia-cerebral\/#organizationLogo","width":649,"height":297},"image":{"@id":"https:\/\/www.eldigitaldeasturias.com\/noticias\/josep-pique-recibe-el-alta-tras-sufrir-una-leve-hemorragia-cerebral\/#organizationLogo"},"sameAs":["https:\/\/facebook.com\/eldigitaldeasturias","https:\/\/www.youtube.com\/channel\/UCZP-2wLEB9Rv6erhFmqVnvg"],"address":{"@id":"https:\/\/www.eldigitaldeasturias.com\/noticias\/#postaladdress","@type":"PostalAddress","streetAddress":"san antonio 4,","postalCode":"33430","addressLocality":"Cand\u00e1s","addressRegion":"Asturias","addressCountry":"ES"}},{"@type":"Person","@id":"https:\/\/www.eldigitaldeasturias.com\/noticias\/author\/admin\/#author","url":"https:\/\/www.eldigitaldeasturias.com\/noticias\/author\/admin\/","name":"El Digital de Asturias","image":{"@type":"ImageObject","@id":"https:\/\/www.eldigitaldeasturias.com\/noticias\/josep-pique-recibe-el-alta-tras-sufrir-una-leve-hemorragia-cerebral\/#authorImage","url":"https:\/\/www.eldigitaldeasturias.com\/noticias\/wp-content\/litespeed\/avatar\/18677e78aa0546b92d9dbf31ec7d7668.jpg?ver=1777290358","width":96,"height":96,"caption":"El Digital de Asturias"}},{"@type":"WebPage","@id":"https:\/\/www.eldigitaldeasturias.com\/noticias\/josep-pique-recibe-el-alta-tras-sufrir-una-leve-hemorragia-cerebral\/#webpage","url":"https:\/\/www.eldigitaldeasturias.com\/noticias\/josep-pique-recibe-el-alta-tras-sufrir-una-leve-hemorragia-cerebral\/","name":"Josep Piqu\u00e9 recibe el alta tras sufrir una leve hemorragia cerebral - El Digital de Asturias","description":"BARCELONA, 25 Sep. (EUROPA PRESS) - El presidente del C\u00edrculo de Econom\u00eda, Josep Piqu\u00e9, ha recibido el alta este mi\u00e9rcoles, tras sufrir la semana pasada una hemorragia cerebral leve por la que fue ingresado en el Hospital Ram\u00f3n y Cajal de Madrid, han informado a Europa Press fuentes cercanas al exministro. Piqu\u00e9 ha abandonado el centro","inLanguage":"es-ES","isPartOf":{"@id":"https:\/\/www.eldigitaldeasturias.com\/noticias\/#website"},"breadcrumb":{"@id":"https:\/\/www.eldigitaldeasturias.com\/noticias\/josep-pique-recibe-el-alta-tras-sufrir-una-leve-hemorragia-cerebral\/#breadcrumblist"},"author":{"@id":"https:\/\/www.eldigitaldeasturias.com\/noticias\/author\/admin\/#author"},"creator":{"@id":"https:\/\/www.eldigitaldeasturias.com\/noticias\/author\/admin\/#author"},"image":{"@type":"ImageObject","url":3131,"@id":"https:\/\/www.eldigitaldeasturias.com\/noticias\/josep-pique-recibe-el-alta-tras-sufrir-una-leve-hemorragia-cerebral\/#mainImage"},"primaryImageOfPage":{"@id":"https:\/\/www.eldigitaldeasturias.com\/noticias\/josep-pique-recibe-el-alta-tras-sufrir-una-leve-hemorragia-cerebral\/#mainImage"},"datePublished":"2013-09-25T20:25:33+02:00","dateModified":"2013-09-25T20:25:33+02:00"},{"@type":"WebSite","@id":"https:\/\/www.eldigitaldeasturias.com\/noticias\/#website","url":"https:\/\/www.eldigitaldeasturias.com\/noticias\/","name":"El Digital de Asturias - Diario de actualidad y noticias","alternateName":"El Digital de Asturias - Diario de actualidad y noticias","description":"Hemeroteca","inLanguage":"es-ES","publisher":{"@id":"https:\/\/www.eldigitaldeasturias.com\/noticias\/#organization"}}]},"og:locale":"es_ES","og:site_name":"El Digital de Asturias","og:type":"article","og:title":"Josep Piqu\u00e9 recibe el alta tras sufrir una leve hemorragia cerebral - El Digital de Asturias","og:description":"BARCELONA, 25 Sep. (EUROPA PRESS) - El presidente del C\u00edrculo de Econom\u00eda, Josep Piqu\u00e9, ha recibido el alta este mi\u00e9rcoles, tras sufrir la semana pasada una hemorragia cerebral leve por la que fue ingresado en el Hospital Ram\u00f3n y Cajal de Madrid, han informado a Europa Press fuentes cercanas al exministro. Piqu\u00e9 ha abandonado el centro","og:url":"https:\/\/www.eldigitaldeasturias.com\/noticias\/josep-pique-recibe-el-alta-tras-sufrir-una-leve-hemorragia-cerebral\/","article:tag":["actualidad","sociedad"],"article:published_time":"2013-09-25T20:25:33+00:00","article:modified_time":"2013-09-25T20:25:33+00:00","article:publisher":"https:\/\/facebook.com\/eldigitaldeasturias","twitter:card":"summary_large_image","twitter:title":"Josep Piqu\u00e9 recibe el alta tras sufrir una leve hemorragia cerebral - El Digital de Asturias","twitter:description":"BARCELONA, 25 Sep. (EUROPA PRESS) - El presidente del C\u00edrculo de Econom\u00eda, Josep Piqu\u00e9, ha recibido el alta este mi\u00e9rcoles, tras sufrir la semana pasada una hemorragia cerebral leve por la que fue ingresado en el Hospital Ram\u00f3n y Cajal de Madrid, han informado a Europa Press fuentes cercanas al exministro. Piqu\u00e9 ha abandonado el centro","twitter:label1":"Escrito por","twitter:data1":"El Digital de Asturias","twitter:label2":"Tiempo de lectura estimado","twitter:data2":"1 minuto"},"aioseo_meta_data":{"post_id":"3130","title":null,"description":null,"keywords":null,"keyphrases":null,"primary_term":null,"canonical_url":null,"og_title":null,"og_description":null,"og_object_type":"default","og_image_type":"default","og_image_url":null,"og_image_width":null,"og_image_height":null,"og_image_custom_url":null,"og_image_custom_fields":null,"og_video":null,"og_custom_url":null,"og_article_section":null,"og_article_tags":null,"twitter_use_og":true,"twitter_card":"default","twitter_image_type":"default","twitter_image_url":null,"twitter_image_custom_url":null,"twitter_image_custom_fields":null,"twitter_title":null,"twitter_description":null,"schema":{"blockGraphs":[],"customGraphs":[],"default":{"data":{"Article":[],"Course":[],"Dataset":[],"FAQPage":[],"Movie":[],"Person":[],"Product":[],"ProductReview":[],"Car":[],"Recipe":[],"Service":[],"SoftwareApplication":[],"WebPage":[]},"graphName":"","isEnabled":true},"graphs":[],"defaultGraph":"","defaultPostTypeGraph":""},"schema_type":null,"schema_type_options":null,"pillar_content":false,"robots_default":true,"robots_noindex":false,"robots_noarchive":false,"robots_nosnippet":false,"robots_nofollow":false,"robots_noimageindex":false,"robots_noodp":false,"robots_notranslate":false,"robots_max_snippet":null,"robots_max_videopreview":null,"robots_max_imagepreview":"none","priority":null,"frequency":null,"local_seo":null,"seo_analyzer_scan_date":"2025-08-21 05:48:50","breadcrumb_settings":null,"limit_modified_date":false,"open_ai":null,"ai":null,"created":"2020-11-14 22:37:03","updated":"2025-08-21 05:48:50"},"aioseo_breadcrumb":"<div class=\"aioseo-breadcrumbs\"><span class=\"aioseo-breadcrumb\">\n\t<a href=\"https:\/\/www.eldigitaldeasturias.com\/noticias\" title=\"Home\">Home<\/a>\n<\/span><span class=\"aioseo-breadcrumb-separator\">\u2013<\/span><span class=\"aioseo-breadcrumb\">\n\t<a href=\"https:\/\/www.eldigitaldeasturias.com\/noticias\/category\/actualidad\/\" title=\"Actualidad\">Actualidad<\/a>\n<\/span><span class=\"aioseo-breadcrumb-separator\">\u2013<\/span><span class=\"aioseo-breadcrumb\">\n\t<a href=\"https:\/\/www.eldigitaldeasturias.com\/noticias\/josep-pique-recibe-el-alta-tras-sufrir-una-leve-hemorragia-cerebral\/\" title=\"Josep Piqu\u00e9 recibe el alta tras sufrir una leve hemorragia cerebral\">Josep Piqu\u00e9 recibe el alta tras sufrir una leve hemorragia cerebral<\/a>\n<\/span><\/div>","aioseo_breadcrumb_json":[{"label":"Home","link":"https:\/\/www.eldigitaldeasturias.com\/noticias"},{"label":"Actualidad","link":"https:\/\/www.eldigitaldeasturias.com\/noticias\/category\/actualidad\/"},{"label":"Josep Piqu\u00e9 recibe el alta tras sufrir una leve hemorragia cerebral","link":"https:\/\/www.eldigitaldeasturias.com\/noticias\/josep-pique-recibe-el-alta-tras-sufrir-una-leve-hemorragia-cerebral\/"}],"_links":{"self":[{"href":"https:\/\/www.eldigitaldeasturias.com\/noticias\/wp-json\/wp\/v2\/posts\/3130","targetHints":{"allow":["GET"]}}],"collection":[{"href":"https:\/\/www.eldigitaldeasturias.com\/noticias\/wp-json\/wp\/v2\/posts"}],"about":[{"href":"https:\/\/www.eldigitaldeasturias.com\/noticias\/wp-json\/wp\/v2\/types\/post"}],"author":[{"embeddable":true,"href":"https:\/\/www.eldigitaldeasturias.com\/noticias\/wp-json\/wp\/v2\/users\/1"}],"replies":[{"embeddable":true,"href":"https:\/\/www.eldigitaldeasturias.com\/noticias\/wp-json\/wp\/v2\/comments?post=3130"}],"version-history":[{"count":0,"href":"https:\/\/www.eldigitaldeasturias.com\/noticias\/wp-json\/wp\/v2\/posts\/3130\/revisions"}],"wp:featuredmedia":[{"embeddable":true,"href":"https:\/\/www.eldigitaldeasturias.com\/noticias\/wp-json\/"}],"wp:attachment":[{"href":"https:\/\/www.eldigitaldeasturias.com\/noticias\/wp-json\/wp\/v2\/media?parent=3130"}],"wp:term":[{"taxonomy":"category","embeddable":true,"href":"https:\/\/www.eldigitaldeasturias.com\/noticias\/wp-json\/wp\/v2\/categories?post=3130"},{"taxonomy":"post_tag","embeddable":true,"href":"https:\/\/www.eldigitaldeasturias.com\/noticias\/wp-json\/wp\/v2\/tags?post=3130"}],"curies":[{"name":"wp","href":"https:\/\/api.w.org\/{rel}","templated":true}]}}