{"id":3118,"date":"2013-09-25T20:18:59","date_gmt":"2013-09-25T20:18:59","guid":{"rendered":"http:\/\/www.eldigitaldeasturias.com\/noticias\/?p=3118"},"modified":"2013-09-25T20:18:59","modified_gmt":"2013-09-25T20:18:59","slug":"el-ces-retrasa-al-jueves-el-debate-de-la-reforma-de-las-pensiones","status":"publish","type":"post","link":"https:\/\/www.eldigitaldeasturias.com\/noticias\/el-ces-retrasa-al-jueves-el-debate-de-la-reforma-de-las-pensiones\/","title":{"rendered":"El CES retrasa al jueves el debate de la reforma de las pensiones"},"content":{"rendered":"<p><img loading=\"lazy\" decoding=\"async\" class=\"alignleft size-medium wp-image-3119\" alt=\"fotonoticia_20130925110511_800\" src=\"https:\/\/www.eldigitaldeasturias.com\/noticias\/wp-content\/uploads\/2013\/09\/fotonoticia_20130925110511_800-360x225.jpg\" width=\"360\" height=\"225\" \/>MADRID, 25 Sep. (EUROPA PRESS) &#8211;\u00a0El Consejo Econ\u00f3mico y Social (CES) se reunir\u00e1 finalmente este jueves en sesi\u00f3n de tarde para debatir el dictamen, por tr\u00e1mite de urgencia, de la reforma de pensiones dise\u00f1ada por el Gobierno.<\/p>\n<p>Seg\u00fan informa el organismo, la \u00abb\u00fasqueda de mayores consensos\u00bb ha llevado a retrasar el debate, que estaba previsto inicialmente para este mi\u00e9rcoles 25 de septiembre, y de agotar as\u00ed el plazo de diez d\u00edas que le otorga la ley en caso de urgencia.<\/p>\n<p>Los dict\u00e1menes que emite el CES son preceptivos, pero no vinculantes para el Gobierno y pueden ir acompa\u00f1ados de votos particulares en caso de que los hubiera.<\/p>\n<p>De momento, los sindicatos han expresado su rechazo a esta reforma en sus actuales t\u00e9rminos, mientras que la CEOE se ha limitado a mostrar su disponibilidad para el acuerdo desde su convencimiento de que \u00abnegar la revisi\u00f3n del sistema de pensiones ser\u00eda ir contra \u00e9l\u00bb.<\/p>\n<p>El Ministerio de Empleo remiti\u00f3 el pasado d\u00eda 16 a este organismo, del que forman parte sindicatos, empresarios y organizaciones del tercer sector, el anteproyecto de ley que regula el llamado factor de sostenibilidad y del \u00edndice de revalorizaci\u00f3n de las pensiones.<\/p>\n<p>El Gobierno estima que la aprobaci\u00f3n en sus actuales t\u00e9rminos de su reforma de las pensiones permitir\u00e1 a la Seguridad Social ahorrar 810 millones de euros ya en 2014 con la aplicaci\u00f3n del nuevo \u00edndice de revalorizaci\u00f3n anual de las pensiones.<\/p>\n<p>Desde 2015 estos cambios permitir\u00edan aumentar el ahorro de forma progresiva hasta alcanzar alrededor de 5.000 millones de euros anuales a partir de 2019, cuando tambi\u00e9n entre en vigor el factor de sostenibilidad (FS), hasta 2022. En total, 33.000 millones de euros menos a pagar en el cap\u00edtulo de pensiones en los pr\u00f3ximos nueve a\u00f1os.<\/p>\n<p>As\u00ed lo estima en la memoria del impacto econ\u00f3mico del anteproyecto de ley para la regulaci\u00f3n del factor de sostenibilidad y del \u00edndice de revalorizaci\u00f3n del sistema de la Seguridad Social remitido al CES, y que este viernes ser\u00e1 aprobado, ya en forma de proyecto de ley, por el Consejo de Ministros.<\/p>\n<p>Seg\u00fan el anteproyecto de ley est\u00e1 previsto que, de aprobarse en los pr\u00f3ximos meses el texto sin cambios de calado, en 2014 sea de aplicaci\u00f3n ya este nuevo indicador de revalorizaci\u00f3n, que sustituir\u00e1 al IPC y que tendr\u00e1 en cuenta no s\u00f3lo la evoluci\u00f3n de la inflaci\u00f3n, sino tambi\u00e9n los ingresos y gastos del sistema para garantizar en todo momento que el sistema paga a los pensionistas el importe que puede soportar.<\/p>\n","protected":false},"excerpt":{"rendered":"<p>MADRID, 25 Sep. (EUROPA PRESS) &#8211;\u00a0El Consejo Econ\u00f3mico y Social (CES) se reunir\u00e1 finalmente este jueves en sesi\u00f3n de tarde para debatir el dictamen, por tr\u00e1mite de urgencia, de la reforma de pensiones dise\u00f1ada por el Gobierno. Seg\u00fan informa el organismo, la \u00abb\u00fasqueda de mayores consensos\u00bb ha llevado a retrasar el debate, que estaba previsto [&hellip;]<\/p>\n","protected":false},"author":1,"featured_media":3119,"comment_status":"open","ping_status":"open","sticky":false,"template":"","format":"standard","meta":{"footnotes":""},"categories":[1],"tags":[],"class_list":["post-3118","post","type-post","status-publish","format-standard","has-post-thumbnail","hentry","category-actualidad"],"aioseo_notices":[],"aioseo_head":"\n\t\t<!-- All in One SEO Pro 4.9.6.2 - aioseo.com -->\n\t<meta name=\"description\" content=\"MADRID, 25 Sep. (EUROPA PRESS) - El Consejo Econ\u00f3mico y Social (CES) se reunir\u00e1 finalmente este jueves en sesi\u00f3n de tarde para debatir el dictamen, por tr\u00e1mite de urgencia, de la reforma de pensiones dise\u00f1ada por el Gobierno. Seg\u00fan informa el organismo, la &quot;b\u00fasqueda de mayores consensos&quot; ha llevado a retrasar el debate, que estaba previsto\" \/>\n\t<meta name=\"robots\" content=\"max-image-preview:large\" \/>\n\t<meta name=\"author\" content=\"El Digital de Asturias\"\/>\n\t<meta name=\"google-site-verification\" content=\"UA-38556648-1\" \/>\n\t<meta name=\"msvalidate.01\" content=\"7dfe9f3f1b24437ab69f4f2559babe99\" \/>\n\t<meta name=\"keywords\" content=\"actualidad\" \/>\n\t<link rel=\"canonical\" href=\"https:\/\/www.eldigitaldeasturias.com\/noticias\/el-ces-retrasa-al-jueves-el-debate-de-la-reforma-de-las-pensiones\/\" \/>\n\t<meta name=\"generator\" content=\"All in One SEO Pro (AIOSEO) 4.9.6.2\" \/>\n\t\t<meta property=\"og:locale\" content=\"es_ES\" \/>\n\t\t<meta property=\"og:site_name\" content=\"El Digital de Asturias\" \/>\n\t\t<meta property=\"og:type\" content=\"article\" \/>\n\t\t<meta property=\"og:title\" content=\"El CES retrasa al jueves el debate de la reforma de las pensiones - El Digital de Asturias\" \/>\n\t\t<meta property=\"og:description\" content=\"MADRID, 25 Sep. (EUROPA PRESS) - El Consejo Econ\u00f3mico y Social (CES) se reunir\u00e1 finalmente este jueves en sesi\u00f3n de tarde para debatir el dictamen, por tr\u00e1mite de urgencia, de la reforma de pensiones dise\u00f1ada por el Gobierno. Seg\u00fan informa el organismo, la &quot;b\u00fasqueda de mayores consensos&quot; ha llevado a retrasar el debate, que estaba previsto\" \/>\n\t\t<meta property=\"og:url\" content=\"https:\/\/www.eldigitaldeasturias.com\/noticias\/el-ces-retrasa-al-jueves-el-debate-de-la-reforma-de-las-pensiones\/\" \/>\n\t\t<meta property=\"article:tag\" content=\"actualidad\" \/>\n\t\t<meta property=\"article:published_time\" content=\"2013-09-25T20:18:59+00:00\" \/>\n\t\t<meta property=\"article:modified_time\" content=\"2013-09-25T20:18:59+00:00\" \/>\n\t\t<meta property=\"article:publisher\" content=\"https:\/\/facebook.com\/eldigitaldeasturias\" \/>\n\t\t<meta name=\"twitter:card\" content=\"summary_large_image\" \/>\n\t\t<meta name=\"twitter:title\" content=\"El CES retrasa al jueves el debate de la reforma de las pensiones - El Digital de Asturias\" \/>\n\t\t<meta name=\"twitter:description\" content=\"MADRID, 25 Sep. (EUROPA PRESS) - El Consejo Econ\u00f3mico y Social (CES) se reunir\u00e1 finalmente este jueves en sesi\u00f3n de tarde para debatir el dictamen, por tr\u00e1mite de urgencia, de la reforma de pensiones dise\u00f1ada por el Gobierno. Seg\u00fan informa el organismo, la &quot;b\u00fasqueda de mayores consensos&quot; ha llevado a retrasar el debate, que estaba previsto\" \/>\n\t\t<meta name=\"twitter:label1\" content=\"Escrito por\" \/>\n\t\t<meta name=\"twitter:data1\" content=\"El Digital de Asturias\" \/>\n\t\t<meta name=\"twitter:label2\" content=\"Tiempo de lectura estimado\" \/>\n\t\t<meta name=\"twitter:data2\" content=\"2 minutos\" \/>\n\t\t<script type=\"application\/ld+json\" class=\"aioseo-schema\">\n\t\t\t{\"@context\":\"https:\\\/\\\/schema.org\",\"@graph\":[{\"@type\":\"BlogPosting\",\"@id\":\"https:\\\/\\\/www.eldigitaldeasturias.com\\\/noticias\\\/el-ces-retrasa-al-jueves-el-debate-de-la-reforma-de-las-pensiones\\\/#blogposting\",\"name\":\"El CES retrasa al jueves el debate de la reforma de las pensiones - El Digital de Asturias\",\"headline\":\"El CES retrasa al jueves el debate de la reforma de las pensiones\",\"author\":{\"@id\":\"https:\\\/\\\/www.eldigitaldeasturias.com\\\/noticias\\\/author\\\/admin\\\/#author\"},\"publisher\":{\"@id\":\"https:\\\/\\\/www.eldigitaldeasturias.com\\\/noticias\\\/#organization\"},\"image\":{\"@type\":\"ImageObject\",\"url\":3119},\"datePublished\":\"2013-09-25T20:18:59+02:00\",\"dateModified\":\"2013-09-25T20:18:59+02:00\",\"inLanguage\":\"es-ES\",\"mainEntityOfPage\":{\"@id\":\"https:\\\/\\\/www.eldigitaldeasturias.com\\\/noticias\\\/el-ces-retrasa-al-jueves-el-debate-de-la-reforma-de-las-pensiones\\\/#webpage\"},\"isPartOf\":{\"@id\":\"https:\\\/\\\/www.eldigitaldeasturias.com\\\/noticias\\\/el-ces-retrasa-al-jueves-el-debate-de-la-reforma-de-las-pensiones\\\/#webpage\"},\"articleSection\":\"Actualidad\"},{\"@type\":\"BreadcrumbList\",\"@id\":\"https:\\\/\\\/www.eldigitaldeasturias.com\\\/noticias\\\/el-ces-retrasa-al-jueves-el-debate-de-la-reforma-de-las-pensiones\\\/#breadcrumblist\",\"itemListElement\":[{\"@type\":\"ListItem\",\"@id\":\"https:\\\/\\\/www.eldigitaldeasturias.com\\\/noticias#listItem\",\"position\":1,\"name\":\"Home\",\"item\":\"https:\\\/\\\/www.eldigitaldeasturias.com\\\/noticias\",\"nextItem\":{\"@type\":\"ListItem\",\"@id\":\"https:\\\/\\\/www.eldigitaldeasturias.com\\\/noticias\\\/category\\\/actualidad\\\/#listItem\",\"name\":\"Actualidad\"}},{\"@type\":\"ListItem\",\"@id\":\"https:\\\/\\\/www.eldigitaldeasturias.com\\\/noticias\\\/category\\\/actualidad\\\/#listItem\",\"position\":2,\"name\":\"Actualidad\",\"item\":\"https:\\\/\\\/www.eldigitaldeasturias.com\\\/noticias\\\/category\\\/actualidad\\\/\",\"nextItem\":{\"@type\":\"ListItem\",\"@id\":\"https:\\\/\\\/www.eldigitaldeasturias.com\\\/noticias\\\/el-ces-retrasa-al-jueves-el-debate-de-la-reforma-de-las-pensiones\\\/#listItem\",\"name\":\"El CES retrasa al jueves el debate de la reforma de las pensiones\"},\"previousItem\":{\"@type\":\"ListItem\",\"@id\":\"https:\\\/\\\/www.eldigitaldeasturias.com\\\/noticias#listItem\",\"name\":\"Home\"}},{\"@type\":\"ListItem\",\"@id\":\"https:\\\/\\\/www.eldigitaldeasturias.com\\\/noticias\\\/el-ces-retrasa-al-jueves-el-debate-de-la-reforma-de-las-pensiones\\\/#listItem\",\"position\":3,\"name\":\"El CES retrasa al jueves el debate de la reforma de las pensiones\",\"previousItem\":{\"@type\":\"ListItem\",\"@id\":\"https:\\\/\\\/www.eldigitaldeasturias.com\\\/noticias\\\/category\\\/actualidad\\\/#listItem\",\"name\":\"Actualidad\"}}]},{\"@type\":\"Organization\",\"@id\":\"https:\\\/\\\/www.eldigitaldeasturias.com\\\/noticias\\\/#organization\",\"name\":\"El Digital de Asturias\",\"description\":\"Hemeroteca\",\"url\":\"https:\\\/\\\/www.eldigitaldeasturias.com\\\/noticias\\\/\",\"email\":\"info@eldigitaldeasturias.com\",\"telephone\":\"+34652131393\",\"logo\":{\"@type\":\"ImageObject\",\"url\":\"https:\\\/\\\/www.eldigitaldeasturias.com\\\/noticias\\\/wp-content\\\/uploads\\\/2020\\\/12\\\/EDA.jpg\",\"@id\":\"https:\\\/\\\/www.eldigitaldeasturias.com\\\/noticias\\\/el-ces-retrasa-al-jueves-el-debate-de-la-reforma-de-las-pensiones\\\/#organizationLogo\",\"width\":649,\"height\":297},\"image\":{\"@id\":\"https:\\\/\\\/www.eldigitaldeasturias.com\\\/noticias\\\/el-ces-retrasa-al-jueves-el-debate-de-la-reforma-de-las-pensiones\\\/#organizationLogo\"},\"sameAs\":[\"https:\\\/\\\/facebook.com\\\/eldigitaldeasturias\",\"https:\\\/\\\/www.youtube.com\\\/channel\\\/UCZP-2wLEB9Rv6erhFmqVnvg\"],\"address\":{\"@id\":\"https:\\\/\\\/www.eldigitaldeasturias.com\\\/noticias\\\/#postaladdress\",\"@type\":\"PostalAddress\",\"streetAddress\":\"san antonio 4,\",\"postalCode\":\"33430\",\"addressLocality\":\"Cand\\u00e1s\",\"addressRegion\":\"Asturias\",\"addressCountry\":\"ES\"}},{\"@type\":\"Person\",\"@id\":\"https:\\\/\\\/www.eldigitaldeasturias.com\\\/noticias\\\/author\\\/admin\\\/#author\",\"url\":\"https:\\\/\\\/www.eldigitaldeasturias.com\\\/noticias\\\/author\\\/admin\\\/\",\"name\":\"El Digital de Asturias\",\"image\":{\"@type\":\"ImageObject\",\"@id\":\"https:\\\/\\\/www.eldigitaldeasturias.com\\\/noticias\\\/el-ces-retrasa-al-jueves-el-debate-de-la-reforma-de-las-pensiones\\\/#authorImage\",\"url\":\"https:\\\/\\\/www.eldigitaldeasturias.com\\\/noticias\\\/wp-content\\\/litespeed\\\/avatar\\\/18677e78aa0546b92d9dbf31ec7d7668.jpg?ver=1777290358\",\"width\":96,\"height\":96,\"caption\":\"El Digital de Asturias\"}},{\"@type\":\"WebPage\",\"@id\":\"https:\\\/\\\/www.eldigitaldeasturias.com\\\/noticias\\\/el-ces-retrasa-al-jueves-el-debate-de-la-reforma-de-las-pensiones\\\/#webpage\",\"url\":\"https:\\\/\\\/www.eldigitaldeasturias.com\\\/noticias\\\/el-ces-retrasa-al-jueves-el-debate-de-la-reforma-de-las-pensiones\\\/\",\"name\":\"El CES retrasa al jueves el debate de la reforma de las pensiones - El Digital de Asturias\",\"description\":\"MADRID, 25 Sep. (EUROPA PRESS) - El Consejo Econ\\u00f3mico y Social (CES) se reunir\\u00e1 finalmente este jueves en sesi\\u00f3n de tarde para debatir el dictamen, por tr\\u00e1mite de urgencia, de la reforma de pensiones dise\\u00f1ada por el Gobierno. Seg\\u00fan informa el organismo, la \\\"b\\u00fasqueda de mayores consensos\\\" ha llevado a retrasar el debate, que estaba previsto\",\"inLanguage\":\"es-ES\",\"isPartOf\":{\"@id\":\"https:\\\/\\\/www.eldigitaldeasturias.com\\\/noticias\\\/#website\"},\"breadcrumb\":{\"@id\":\"https:\\\/\\\/www.eldigitaldeasturias.com\\\/noticias\\\/el-ces-retrasa-al-jueves-el-debate-de-la-reforma-de-las-pensiones\\\/#breadcrumblist\"},\"author\":{\"@id\":\"https:\\\/\\\/www.eldigitaldeasturias.com\\\/noticias\\\/author\\\/admin\\\/#author\"},\"creator\":{\"@id\":\"https:\\\/\\\/www.eldigitaldeasturias.com\\\/noticias\\\/author\\\/admin\\\/#author\"},\"image\":{\"@type\":\"ImageObject\",\"url\":3119,\"@id\":\"https:\\\/\\\/www.eldigitaldeasturias.com\\\/noticias\\\/el-ces-retrasa-al-jueves-el-debate-de-la-reforma-de-las-pensiones\\\/#mainImage\"},\"primaryImageOfPage\":{\"@id\":\"https:\\\/\\\/www.eldigitaldeasturias.com\\\/noticias\\\/el-ces-retrasa-al-jueves-el-debate-de-la-reforma-de-las-pensiones\\\/#mainImage\"},\"datePublished\":\"2013-09-25T20:18:59+02:00\",\"dateModified\":\"2013-09-25T20:18:59+02:00\"},{\"@type\":\"WebSite\",\"@id\":\"https:\\\/\\\/www.eldigitaldeasturias.com\\\/noticias\\\/#website\",\"url\":\"https:\\\/\\\/www.eldigitaldeasturias.com\\\/noticias\\\/\",\"name\":\"El Digital de Asturias - Diario de actualidad y noticias\",\"alternateName\":\"El Digital de Asturias - Diario de actualidad y noticias\",\"description\":\"Hemeroteca\",\"inLanguage\":\"es-ES\",\"publisher\":{\"@id\":\"https:\\\/\\\/www.eldigitaldeasturias.com\\\/noticias\\\/#organization\"}}]}\n\t\t<\/script>\n\t\t<!-- All in One SEO Pro -->\r\n\t\t<title>El CES retrasa al jueves el debate de la reforma de las pensiones - El Digital de Asturias<\/title>\n\n","aioseo_head_json":{"title":"El CES retrasa al jueves el debate de la reforma de las pensiones - El Digital de Asturias","description":"MADRID, 25 Sep. (EUROPA PRESS) - El Consejo Econ\u00f3mico y Social (CES) se reunir\u00e1 finalmente este jueves en sesi\u00f3n de tarde para debatir el dictamen, por tr\u00e1mite de urgencia, de la reforma de pensiones dise\u00f1ada por el Gobierno. Seg\u00fan informa el organismo, la \"b\u00fasqueda de mayores consensos\" ha llevado a retrasar el debate, que estaba previsto","canonical_url":"https:\/\/www.eldigitaldeasturias.com\/noticias\/el-ces-retrasa-al-jueves-el-debate-de-la-reforma-de-las-pensiones\/","robots":"max-image-preview:large","keywords":"actualidad","webmasterTools":{"google-site-verification":"UA-38556648-1","msvalidate.01":"7dfe9f3f1b24437ab69f4f2559babe99","miscellaneous":""},"schema":{"@context":"https:\/\/schema.org","@graph":[{"@type":"BlogPosting","@id":"https:\/\/www.eldigitaldeasturias.com\/noticias\/el-ces-retrasa-al-jueves-el-debate-de-la-reforma-de-las-pensiones\/#blogposting","name":"El CES retrasa al jueves el debate de la reforma de las pensiones - El Digital de Asturias","headline":"El CES retrasa al jueves el debate de la reforma de las pensiones","author":{"@id":"https:\/\/www.eldigitaldeasturias.com\/noticias\/author\/admin\/#author"},"publisher":{"@id":"https:\/\/www.eldigitaldeasturias.com\/noticias\/#organization"},"image":{"@type":"ImageObject","url":3119},"datePublished":"2013-09-25T20:18:59+02:00","dateModified":"2013-09-25T20:18:59+02:00","inLanguage":"es-ES","mainEntityOfPage":{"@id":"https:\/\/www.eldigitaldeasturias.com\/noticias\/el-ces-retrasa-al-jueves-el-debate-de-la-reforma-de-las-pensiones\/#webpage"},"isPartOf":{"@id":"https:\/\/www.eldigitaldeasturias.com\/noticias\/el-ces-retrasa-al-jueves-el-debate-de-la-reforma-de-las-pensiones\/#webpage"},"articleSection":"Actualidad"},{"@type":"BreadcrumbList","@id":"https:\/\/www.eldigitaldeasturias.com\/noticias\/el-ces-retrasa-al-jueves-el-debate-de-la-reforma-de-las-pensiones\/#breadcrumblist","itemListElement":[{"@type":"ListItem","@id":"https:\/\/www.eldigitaldeasturias.com\/noticias#listItem","position":1,"name":"Home","item":"https:\/\/www.eldigitaldeasturias.com\/noticias","nextItem":{"@type":"ListItem","@id":"https:\/\/www.eldigitaldeasturias.com\/noticias\/category\/actualidad\/#listItem","name":"Actualidad"}},{"@type":"ListItem","@id":"https:\/\/www.eldigitaldeasturias.com\/noticias\/category\/actualidad\/#listItem","position":2,"name":"Actualidad","item":"https:\/\/www.eldigitaldeasturias.com\/noticias\/category\/actualidad\/","nextItem":{"@type":"ListItem","@id":"https:\/\/www.eldigitaldeasturias.com\/noticias\/el-ces-retrasa-al-jueves-el-debate-de-la-reforma-de-las-pensiones\/#listItem","name":"El CES retrasa al jueves el debate de la reforma de las pensiones"},"previousItem":{"@type":"ListItem","@id":"https:\/\/www.eldigitaldeasturias.com\/noticias#listItem","name":"Home"}},{"@type":"ListItem","@id":"https:\/\/www.eldigitaldeasturias.com\/noticias\/el-ces-retrasa-al-jueves-el-debate-de-la-reforma-de-las-pensiones\/#listItem","position":3,"name":"El CES retrasa al jueves el debate de la reforma de las pensiones","previousItem":{"@type":"ListItem","@id":"https:\/\/www.eldigitaldeasturias.com\/noticias\/category\/actualidad\/#listItem","name":"Actualidad"}}]},{"@type":"Organization","@id":"https:\/\/www.eldigitaldeasturias.com\/noticias\/#organization","name":"El Digital de Asturias","description":"Hemeroteca","url":"https:\/\/www.eldigitaldeasturias.com\/noticias\/","email":"info@eldigitaldeasturias.com","telephone":"+34652131393","logo":{"@type":"ImageObject","url":"https:\/\/www.eldigitaldeasturias.com\/noticias\/wp-content\/uploads\/2020\/12\/EDA.jpg","@id":"https:\/\/www.eldigitaldeasturias.com\/noticias\/el-ces-retrasa-al-jueves-el-debate-de-la-reforma-de-las-pensiones\/#organizationLogo","width":649,"height":297},"image":{"@id":"https:\/\/www.eldigitaldeasturias.com\/noticias\/el-ces-retrasa-al-jueves-el-debate-de-la-reforma-de-las-pensiones\/#organizationLogo"},"sameAs":["https:\/\/facebook.com\/eldigitaldeasturias","https:\/\/www.youtube.com\/channel\/UCZP-2wLEB9Rv6erhFmqVnvg"],"address":{"@id":"https:\/\/www.eldigitaldeasturias.com\/noticias\/#postaladdress","@type":"PostalAddress","streetAddress":"san antonio 4,","postalCode":"33430","addressLocality":"Cand\u00e1s","addressRegion":"Asturias","addressCountry":"ES"}},{"@type":"Person","@id":"https:\/\/www.eldigitaldeasturias.com\/noticias\/author\/admin\/#author","url":"https:\/\/www.eldigitaldeasturias.com\/noticias\/author\/admin\/","name":"El Digital de Asturias","image":{"@type":"ImageObject","@id":"https:\/\/www.eldigitaldeasturias.com\/noticias\/el-ces-retrasa-al-jueves-el-debate-de-la-reforma-de-las-pensiones\/#authorImage","url":"https:\/\/www.eldigitaldeasturias.com\/noticias\/wp-content\/litespeed\/avatar\/18677e78aa0546b92d9dbf31ec7d7668.jpg?ver=1777290358","width":96,"height":96,"caption":"El Digital de Asturias"}},{"@type":"WebPage","@id":"https:\/\/www.eldigitaldeasturias.com\/noticias\/el-ces-retrasa-al-jueves-el-debate-de-la-reforma-de-las-pensiones\/#webpage","url":"https:\/\/www.eldigitaldeasturias.com\/noticias\/el-ces-retrasa-al-jueves-el-debate-de-la-reforma-de-las-pensiones\/","name":"El CES retrasa al jueves el debate de la reforma de las pensiones - El Digital de Asturias","description":"MADRID, 25 Sep. (EUROPA PRESS) - El Consejo Econ\u00f3mico y Social (CES) se reunir\u00e1 finalmente este jueves en sesi\u00f3n de tarde para debatir el dictamen, por tr\u00e1mite de urgencia, de la reforma de pensiones dise\u00f1ada por el Gobierno. Seg\u00fan informa el organismo, la \"b\u00fasqueda de mayores consensos\" ha llevado a retrasar el debate, que estaba previsto","inLanguage":"es-ES","isPartOf":{"@id":"https:\/\/www.eldigitaldeasturias.com\/noticias\/#website"},"breadcrumb":{"@id":"https:\/\/www.eldigitaldeasturias.com\/noticias\/el-ces-retrasa-al-jueves-el-debate-de-la-reforma-de-las-pensiones\/#breadcrumblist"},"author":{"@id":"https:\/\/www.eldigitaldeasturias.com\/noticias\/author\/admin\/#author"},"creator":{"@id":"https:\/\/www.eldigitaldeasturias.com\/noticias\/author\/admin\/#author"},"image":{"@type":"ImageObject","url":3119,"@id":"https:\/\/www.eldigitaldeasturias.com\/noticias\/el-ces-retrasa-al-jueves-el-debate-de-la-reforma-de-las-pensiones\/#mainImage"},"primaryImageOfPage":{"@id":"https:\/\/www.eldigitaldeasturias.com\/noticias\/el-ces-retrasa-al-jueves-el-debate-de-la-reforma-de-las-pensiones\/#mainImage"},"datePublished":"2013-09-25T20:18:59+02:00","dateModified":"2013-09-25T20:18:59+02:00"},{"@type":"WebSite","@id":"https:\/\/www.eldigitaldeasturias.com\/noticias\/#website","url":"https:\/\/www.eldigitaldeasturias.com\/noticias\/","name":"El Digital de Asturias - Diario de actualidad y noticias","alternateName":"El Digital de Asturias - Diario de actualidad y noticias","description":"Hemeroteca","inLanguage":"es-ES","publisher":{"@id":"https:\/\/www.eldigitaldeasturias.com\/noticias\/#organization"}}]},"og:locale":"es_ES","og:site_name":"El Digital de Asturias","og:type":"article","og:title":"El CES retrasa al jueves el debate de la reforma de las pensiones - El Digital de Asturias","og:description":"MADRID, 25 Sep. (EUROPA PRESS) - El Consejo Econ\u00f3mico y Social (CES) se reunir\u00e1 finalmente este jueves en sesi\u00f3n de tarde para debatir el dictamen, por tr\u00e1mite de urgencia, de la reforma de pensiones dise\u00f1ada por el Gobierno. Seg\u00fan informa el organismo, la &quot;b\u00fasqueda de mayores consensos&quot; ha llevado a retrasar el debate, que estaba previsto","og:url":"https:\/\/www.eldigitaldeasturias.com\/noticias\/el-ces-retrasa-al-jueves-el-debate-de-la-reforma-de-las-pensiones\/","article:tag":["actualidad"],"article:published_time":"2013-09-25T20:18:59+00:00","article:modified_time":"2013-09-25T20:18:59+00:00","article:publisher":"https:\/\/facebook.com\/eldigitaldeasturias","twitter:card":"summary_large_image","twitter:title":"El CES retrasa al jueves el debate de la reforma de las pensiones - El Digital de Asturias","twitter:description":"MADRID, 25 Sep. (EUROPA PRESS) - El Consejo Econ\u00f3mico y Social (CES) se reunir\u00e1 finalmente este jueves en sesi\u00f3n de tarde para debatir el dictamen, por tr\u00e1mite de urgencia, de la reforma de pensiones dise\u00f1ada por el Gobierno. Seg\u00fan informa el organismo, la &quot;b\u00fasqueda de mayores consensos&quot; ha llevado a retrasar el debate, que estaba previsto","twitter:label1":"Escrito por","twitter:data1":"El Digital de Asturias","twitter:label2":"Tiempo de lectura estimado","twitter:data2":"2 minutos"},"aioseo_meta_data":{"post_id":"3118","title":null,"description":null,"keywords":null,"keyphrases":null,"primary_term":null,"canonical_url":null,"og_title":null,"og_description":null,"og_object_type":"default","og_image_type":"default","og_image_url":null,"og_image_width":null,"og_image_height":null,"og_image_custom_url":null,"og_image_custom_fields":null,"og_video":null,"og_custom_url":null,"og_article_section":null,"og_article_tags":null,"twitter_use_og":true,"twitter_card":"default","twitter_image_type":"default","twitter_image_url":null,"twitter_image_custom_url":null,"twitter_image_custom_fields":null,"twitter_title":null,"twitter_description":null,"schema":{"blockGraphs":[],"customGraphs":[],"default":{"data":{"Article":[],"Course":[],"Dataset":[],"FAQPage":[],"Movie":[],"Person":[],"Product":[],"ProductReview":[],"Car":[],"Recipe":[],"Service":[],"SoftwareApplication":[],"WebPage":[]},"graphName":"","isEnabled":true},"graphs":[],"defaultGraph":"","defaultPostTypeGraph":""},"schema_type":null,"schema_type_options":null,"pillar_content":false,"robots_default":true,"robots_noindex":false,"robots_noarchive":false,"robots_nosnippet":false,"robots_nofollow":false,"robots_noimageindex":false,"robots_noodp":false,"robots_notranslate":false,"robots_max_snippet":null,"robots_max_videopreview":null,"robots_max_imagepreview":"none","priority":null,"frequency":null,"local_seo":null,"seo_analyzer_scan_date":"2025-08-21 05:47:39","breadcrumb_settings":null,"limit_modified_date":false,"open_ai":null,"ai":null,"created":"2020-11-14 22:37:03","updated":"2025-08-21 05:47:39"},"aioseo_breadcrumb":"<div class=\"aioseo-breadcrumbs\"><span class=\"aioseo-breadcrumb\">\n\t<a href=\"https:\/\/www.eldigitaldeasturias.com\/noticias\" title=\"Home\">Home<\/a>\n<\/span><span class=\"aioseo-breadcrumb-separator\">\u2013<\/span><span class=\"aioseo-breadcrumb\">\n\t<a href=\"https:\/\/www.eldigitaldeasturias.com\/noticias\/category\/actualidad\/\" title=\"Actualidad\">Actualidad<\/a>\n<\/span><span class=\"aioseo-breadcrumb-separator\">\u2013<\/span><span class=\"aioseo-breadcrumb\">\n\t<a href=\"https:\/\/www.eldigitaldeasturias.com\/noticias\/el-ces-retrasa-al-jueves-el-debate-de-la-reforma-de-las-pensiones\/\" title=\"El CES retrasa al jueves el debate de la reforma de las pensiones\">El CES retrasa al jueves el debate de la reforma de las pensiones<\/a>\n<\/span><\/div>","aioseo_breadcrumb_json":[{"label":"Home","link":"https:\/\/www.eldigitaldeasturias.com\/noticias"},{"label":"Actualidad","link":"https:\/\/www.eldigitaldeasturias.com\/noticias\/category\/actualidad\/"},{"label":"El CES retrasa al jueves el debate de la reforma de las pensiones","link":"https:\/\/www.eldigitaldeasturias.com\/noticias\/el-ces-retrasa-al-jueves-el-debate-de-la-reforma-de-las-pensiones\/"}],"_links":{"self":[{"href":"https:\/\/www.eldigitaldeasturias.com\/noticias\/wp-json\/wp\/v2\/posts\/3118","targetHints":{"allow":["GET"]}}],"collection":[{"href":"https:\/\/www.eldigitaldeasturias.com\/noticias\/wp-json\/wp\/v2\/posts"}],"about":[{"href":"https:\/\/www.eldigitaldeasturias.com\/noticias\/wp-json\/wp\/v2\/types\/post"}],"author":[{"embeddable":true,"href":"https:\/\/www.eldigitaldeasturias.com\/noticias\/wp-json\/wp\/v2\/users\/1"}],"replies":[{"embeddable":true,"href":"https:\/\/www.eldigitaldeasturias.com\/noticias\/wp-json\/wp\/v2\/comments?post=3118"}],"version-history":[{"count":0,"href":"https:\/\/www.eldigitaldeasturias.com\/noticias\/wp-json\/wp\/v2\/posts\/3118\/revisions"}],"wp:featuredmedia":[{"embeddable":true,"href":"https:\/\/www.eldigitaldeasturias.com\/noticias\/wp-json\/"}],"wp:attachment":[{"href":"https:\/\/www.eldigitaldeasturias.com\/noticias\/wp-json\/wp\/v2\/media?parent=3118"}],"wp:term":[{"taxonomy":"category","embeddable":true,"href":"https:\/\/www.eldigitaldeasturias.com\/noticias\/wp-json\/wp\/v2\/categories?post=3118"},{"taxonomy":"post_tag","embeddable":true,"href":"https:\/\/www.eldigitaldeasturias.com\/noticias\/wp-json\/wp\/v2\/tags?post=3118"}],"curies":[{"name":"wp","href":"https:\/\/api.w.org\/{rel}","templated":true}]}}