{"id":3115,"date":"2013-09-25T20:17:47","date_gmt":"2013-09-25T20:17:47","guid":{"rendered":"http:\/\/www.eldigitaldeasturias.com\/noticias\/?p=3115"},"modified":"2013-09-25T20:17:47","modified_gmt":"2013-09-25T20:17:47","slug":"soria-la-luz-habria-subido-un-42-sin-medidas-contra-el-deficit-tarifario","status":"publish","type":"post","link":"https:\/\/www.eldigitaldeasturias.com\/noticias\/soria-la-luz-habria-subido-un-42-sin-medidas-contra-el-deficit-tarifario\/","title":{"rendered":"Soria : La luz habr\u00eda subido un 42% sin medidas contra el d\u00e9ficit tarifario"},"content":{"rendered":"<p><img loading=\"lazy\" decoding=\"async\" class=\"alignleft size-medium wp-image-3116\" alt=\"fotonoticia_20130925105523_800\" src=\"https:\/\/www.eldigitaldeasturias.com\/noticias\/wp-content\/uploads\/2013\/09\/fotonoticia_20130925105523_800-273x300.jpg\" width=\"273\" height=\"300\" \/>MADRID, 25 Sep. (EUROPA PRESS) &#8211;\u00a0El ministro de Industria, Energ\u00eda y Turismo, Jos\u00e9 Manuel Soria, ha afirmado este mi\u00e9rcoles que si el Gobierno no hubiera aprobado el conjunto de medidas para frenar el d\u00e9ficit tarifario en los casi dos a\u00f1os que van de legislatura, el precio de la luz que abonan los consumidores habr\u00eda subido un 42%, y ha asegurado que \u00abesa alternativa nunca la contempl\u00f3 el Gobierno\u00bb.<\/p>\n<p>Durante la sesi\u00f3n de control al Gobierno en el Pleno del Congreso, el portavoz parlamentario del PNV, Aitor Esteban, ha preguntado al ministro por el efecto que la pol\u00edtica energ\u00e9tica est\u00e1 teniendo en la competitividad del sector industrial.<\/p>\n<p>Soria ha respondido que, ante la acumulaci\u00f3n permanente del d\u00e9ficit tarifario a\u00f1o tras a\u00f1o, el Ejecutivo \u00abs\u00f3lo ten\u00eda dos alternativas: o adoptar medidas regulatorias para frenar el incremento del d\u00e9ficit de tarifa anual y aumentar la competitividad, o aumentar los precios al consumidor en aproximadamente un 42%\u00bb.<\/p>\n<p>\u00abOptamos por la primera opci\u00f3n, adoptar un conjunto de medidas que afectan a los consumidores, porque es verdad que han subido los precios, pero tambi\u00e9n (afecta) a la administraci\u00f3n p\u00fablica, ya que una parte se financia con cargo a los Presupuestos, y a los operadores del sistema, tanto de energ\u00edas del r\u00e9gimen ordinario como del r\u00e9gimen especial. Es verdad que la alternativa era subir los precios m\u00e1s de un 40%, pero esa opci\u00f3n nunca la contempl\u00f3 el Gobierno\u00bb, ha a\u00f1adido.<\/p>\n<p>LOS INGRESOS NO CUBREN LOS GASTOS<\/p>\n<p>El ministro ha insistido a rengl\u00f3n seguido en que todos los decretos y proyectos de ley que ha sacado adelante su departamento persiguen \u00abincrementar la capacidad de competir de la industria espa\u00f1ola, aumentar su competitividad, pero tambi\u00e9n no incrementar persistentemente, como se ven\u00eda haciendo, los precios de la electricidad\u00bb.<\/p>\n<p>Y, por ello, se han disminuido las retribuciones al transporte, a la distribuci\u00f3n, a los sistemas insulares y extrapeninsulares, y tambi\u00e9n en los pagos por capacidad. \u00abPero ocurre una cosa en Espa\u00f1a: los precios del consumidor dom\u00e9stico y de la industria est\u00e1n por encima de la media europea y, a pesar de ello, los ingresos del sistema no son suficientes para cubrir los costes de las actividades reguladas, acumul\u00e1ndose a\u00f1o tras a\u00f1o un d\u00e9ficit de tarifa que va directamente a los balances de las empresas\u00bb, ha recordado.<\/p>\n<p>Sin embargo, Aitor Esteban cree que parte de las decisiones de Industria est\u00e1n mermando la competitividad de un sector industrial que ya sufre duramente la crisis. En concreto, se ha referido a una orden aprobada el 3 de agosto \u00abpor la v\u00eda de urgencia y con apenas cinco d\u00edas de informaci\u00f3n p\u00fablica\u00bb para revisar los peajes de acceso a la energ\u00eda el\u00e9ctrica.<\/p>\n<p>\u00abCon esa orden en todas las tarifas, de baja y alta tensi\u00f3n, se incrementan de forma importante el t\u00e9rmino de potencia y se reduce el t\u00e9rmino de energ\u00eda. En concreto, en la tarifa industrial 6.1, la tipo en el Pa\u00eds Vasco, el incremento de potencia ha sido del 115% y la reducci\u00f3n del t\u00e9rmino de energ\u00eda, del 66%\u00bb, ha se\u00f1alado.<\/p>\n<p>SUBIDAS DE M\u00c1S DEL 20%<\/p>\n<p>As\u00ed, tras un mes de vigencia de esa orden \u00abel 58% de las empresas ha sufrido una subida superior al 20% en su factura en su tarifa de acceso\u00bb, lo que supone que \u00abel 87% de las empresas ha tenido un incremento superior a la media esperada\u00bb por el Gobierno, situada en el 7,5%.<\/p>\n<p>As\u00ed, las decisiones del Ejecutivo est\u00e1n teniendo un \u00abimpacto individual en las empresas muy importante\u00bb, lo que unido a la \u00abcr\u00edtica\u00bb situaci\u00f3n econ\u00f3mica de muchos sectores industriales est\u00e1 \u00abagravando en gran medida la competitividad de las empresas y condicionando su actividad futura\u00bb.<\/p>\n<p>\u00abEl principal reto ahora es la pronta recuperaci\u00f3n econ\u00f3mica y del empleo, y en los principales sectores industriales no se puede perder mercado por la reducci\u00f3n de la competitividad. El incremento de los peajes de acceso para resolver el d\u00e9ficit provoca graves dificultades en empresas con capacidad exportadoras, y no se puede seguir cargando este d\u00e9ficit sobre algunas empresas que ya no tienen margen para competir, ya que eso puede provocar cierres, deslocalizaci\u00f3n de empresas, m\u00e1s paro y menos impuestos a recaudar\u00bb, ha advertido el diputado vasco.<\/p>\n<p>Por ello, el PNV ha pedido al Ministerio que revise el sistema de peajes \u00abpara evitar p\u00e9rdida de competitividad\u00bb, que permite a las empresas modificar la potencia contratada \u00aben cualquier periodo, aunque no haya pasado un a\u00f1o desde la anterior modificaci\u00f3n\u00bb, que se revisen las tarifas de acceso que pagan las empresas con tarifa 6.1 ya que incluyen \u00abcostes que no les corresponde\u00bb, y que se d\u00e9 \u00abseguridad al sistema retributivo de la cogeneraci\u00f3n industrial, con desarrollos normativos que aporten certidumbre y confianza\u00bb.<\/p>\n","protected":false},"excerpt":{"rendered":"<p>MADRID, 25 Sep. (EUROPA PRESS) &#8211;\u00a0El ministro de Industria, Energ\u00eda y Turismo, Jos\u00e9 Manuel Soria, ha afirmado este mi\u00e9rcoles que si el Gobierno no hubiera aprobado el conjunto de medidas para frenar el d\u00e9ficit tarifario en los casi dos a\u00f1os que van de legislatura, el precio de la luz que abonan los consumidores habr\u00eda subido [&hellip;]<\/p>\n","protected":false},"author":1,"featured_media":3116,"comment_status":"open","ping_status":"open","sticky":false,"template":"","format":"standard","meta":{"footnotes":""},"categories":[1],"tags":[],"class_list":["post-3115","post","type-post","status-publish","format-standard","has-post-thumbnail","hentry","category-actualidad"],"aioseo_notices":[],"aioseo_head":"\n\t\t<!-- All in One SEO Pro 4.9.6.2 - aioseo.com -->\n\t<meta name=\"description\" content=\"MADRID, 25 Sep. (EUROPA PRESS) - El ministro de Industria, Energ\u00eda y Turismo, Jos\u00e9 Manuel Soria, ha afirmado este mi\u00e9rcoles que si el Gobierno no hubiera aprobado el conjunto de medidas para frenar el d\u00e9ficit tarifario en los casi dos a\u00f1os que van de legislatura, el precio de la luz que abonan los consumidores habr\u00eda subido\" \/>\n\t<meta name=\"robots\" content=\"max-image-preview:large\" \/>\n\t<meta name=\"author\" content=\"El Digital de Asturias\"\/>\n\t<meta name=\"google-site-verification\" content=\"UA-38556648-1\" \/>\n\t<meta name=\"msvalidate.01\" content=\"7dfe9f3f1b24437ab69f4f2559babe99\" \/>\n\t<meta name=\"keywords\" content=\"actualidad\" \/>\n\t<link rel=\"canonical\" href=\"https:\/\/www.eldigitaldeasturias.com\/noticias\/soria-la-luz-habria-subido-un-42-sin-medidas-contra-el-deficit-tarifario\/\" \/>\n\t<meta name=\"generator\" content=\"All in One SEO Pro (AIOSEO) 4.9.6.2\" \/>\n\t\t<meta property=\"og:locale\" content=\"es_ES\" \/>\n\t\t<meta property=\"og:site_name\" content=\"El Digital de Asturias\" \/>\n\t\t<meta property=\"og:type\" content=\"article\" \/>\n\t\t<meta property=\"og:title\" content=\"Soria : La luz habr\u00eda subido un 42% sin medidas contra el d\u00e9ficit tarifario - El Digital de Asturias\" \/>\n\t\t<meta property=\"og:description\" content=\"MADRID, 25 Sep. (EUROPA PRESS) - El ministro de Industria, Energ\u00eda y Turismo, Jos\u00e9 Manuel Soria, ha afirmado este mi\u00e9rcoles que si el Gobierno no hubiera aprobado el conjunto de medidas para frenar el d\u00e9ficit tarifario en los casi dos a\u00f1os que van de legislatura, el precio de la luz que abonan los consumidores habr\u00eda subido\" \/>\n\t\t<meta property=\"og:url\" content=\"https:\/\/www.eldigitaldeasturias.com\/noticias\/soria-la-luz-habria-subido-un-42-sin-medidas-contra-el-deficit-tarifario\/\" \/>\n\t\t<meta property=\"article:tag\" content=\"actualidad\" \/>\n\t\t<meta property=\"article:published_time\" content=\"2013-09-25T20:17:47+00:00\" \/>\n\t\t<meta property=\"article:modified_time\" content=\"2013-09-25T20:17:47+00:00\" \/>\n\t\t<meta property=\"article:publisher\" content=\"https:\/\/facebook.com\/eldigitaldeasturias\" \/>\n\t\t<meta name=\"twitter:card\" content=\"summary_large_image\" \/>\n\t\t<meta name=\"twitter:title\" content=\"Soria : La luz habr\u00eda subido un 42% sin medidas contra el d\u00e9ficit tarifario - El Digital de Asturias\" \/>\n\t\t<meta name=\"twitter:description\" content=\"MADRID, 25 Sep. (EUROPA PRESS) - El ministro de Industria, Energ\u00eda y Turismo, Jos\u00e9 Manuel Soria, ha afirmado este mi\u00e9rcoles que si el Gobierno no hubiera aprobado el conjunto de medidas para frenar el d\u00e9ficit tarifario en los casi dos a\u00f1os que van de legislatura, el precio de la luz que abonan los consumidores habr\u00eda subido\" \/>\n\t\t<meta name=\"twitter:label1\" content=\"Escrito por\" \/>\n\t\t<meta name=\"twitter:data1\" content=\"El Digital de Asturias\" \/>\n\t\t<meta name=\"twitter:label2\" content=\"Tiempo de lectura estimado\" \/>\n\t\t<meta name=\"twitter:data2\" content=\"4 minutos\" \/>\n\t\t<script type=\"application\/ld+json\" class=\"aioseo-schema\">\n\t\t\t{\"@context\":\"https:\\\/\\\/schema.org\",\"@graph\":[{\"@type\":\"BlogPosting\",\"@id\":\"https:\\\/\\\/www.eldigitaldeasturias.com\\\/noticias\\\/soria-la-luz-habria-subido-un-42-sin-medidas-contra-el-deficit-tarifario\\\/#blogposting\",\"name\":\"Soria : La luz habr\\u00eda subido un 42% sin medidas contra el d\\u00e9ficit tarifario - El Digital de Asturias\",\"headline\":\"Soria : La luz habr\\u00eda subido un 42% sin medidas contra el d\\u00e9ficit tarifario\",\"author\":{\"@id\":\"https:\\\/\\\/www.eldigitaldeasturias.com\\\/noticias\\\/author\\\/admin\\\/#author\"},\"publisher\":{\"@id\":\"https:\\\/\\\/www.eldigitaldeasturias.com\\\/noticias\\\/#organization\"},\"image\":{\"@type\":\"ImageObject\",\"url\":3116},\"datePublished\":\"2013-09-25T20:17:47+02:00\",\"dateModified\":\"2013-09-25T20:17:47+02:00\",\"inLanguage\":\"es-ES\",\"mainEntityOfPage\":{\"@id\":\"https:\\\/\\\/www.eldigitaldeasturias.com\\\/noticias\\\/soria-la-luz-habria-subido-un-42-sin-medidas-contra-el-deficit-tarifario\\\/#webpage\"},\"isPartOf\":{\"@id\":\"https:\\\/\\\/www.eldigitaldeasturias.com\\\/noticias\\\/soria-la-luz-habria-subido-un-42-sin-medidas-contra-el-deficit-tarifario\\\/#webpage\"},\"articleSection\":\"Actualidad\"},{\"@type\":\"BreadcrumbList\",\"@id\":\"https:\\\/\\\/www.eldigitaldeasturias.com\\\/noticias\\\/soria-la-luz-habria-subido-un-42-sin-medidas-contra-el-deficit-tarifario\\\/#breadcrumblist\",\"itemListElement\":[{\"@type\":\"ListItem\",\"@id\":\"https:\\\/\\\/www.eldigitaldeasturias.com\\\/noticias#listItem\",\"position\":1,\"name\":\"Home\",\"item\":\"https:\\\/\\\/www.eldigitaldeasturias.com\\\/noticias\",\"nextItem\":{\"@type\":\"ListItem\",\"@id\":\"https:\\\/\\\/www.eldigitaldeasturias.com\\\/noticias\\\/category\\\/actualidad\\\/#listItem\",\"name\":\"Actualidad\"}},{\"@type\":\"ListItem\",\"@id\":\"https:\\\/\\\/www.eldigitaldeasturias.com\\\/noticias\\\/category\\\/actualidad\\\/#listItem\",\"position\":2,\"name\":\"Actualidad\",\"item\":\"https:\\\/\\\/www.eldigitaldeasturias.com\\\/noticias\\\/category\\\/actualidad\\\/\",\"nextItem\":{\"@type\":\"ListItem\",\"@id\":\"https:\\\/\\\/www.eldigitaldeasturias.com\\\/noticias\\\/soria-la-luz-habria-subido-un-42-sin-medidas-contra-el-deficit-tarifario\\\/#listItem\",\"name\":\"Soria : La luz habr\\u00eda subido un 42% sin medidas contra el d\\u00e9ficit tarifario\"},\"previousItem\":{\"@type\":\"ListItem\",\"@id\":\"https:\\\/\\\/www.eldigitaldeasturias.com\\\/noticias#listItem\",\"name\":\"Home\"}},{\"@type\":\"ListItem\",\"@id\":\"https:\\\/\\\/www.eldigitaldeasturias.com\\\/noticias\\\/soria-la-luz-habria-subido-un-42-sin-medidas-contra-el-deficit-tarifario\\\/#listItem\",\"position\":3,\"name\":\"Soria : La luz habr\\u00eda subido un 42% sin medidas contra el d\\u00e9ficit tarifario\",\"previousItem\":{\"@type\":\"ListItem\",\"@id\":\"https:\\\/\\\/www.eldigitaldeasturias.com\\\/noticias\\\/category\\\/actualidad\\\/#listItem\",\"name\":\"Actualidad\"}}]},{\"@type\":\"Organization\",\"@id\":\"https:\\\/\\\/www.eldigitaldeasturias.com\\\/noticias\\\/#organization\",\"name\":\"El Digital de Asturias\",\"description\":\"Hemeroteca\",\"url\":\"https:\\\/\\\/www.eldigitaldeasturias.com\\\/noticias\\\/\",\"email\":\"info@eldigitaldeasturias.com\",\"telephone\":\"+34652131393\",\"logo\":{\"@type\":\"ImageObject\",\"url\":\"https:\\\/\\\/www.eldigitaldeasturias.com\\\/noticias\\\/wp-content\\\/uploads\\\/2020\\\/12\\\/EDA.jpg\",\"@id\":\"https:\\\/\\\/www.eldigitaldeasturias.com\\\/noticias\\\/soria-la-luz-habria-subido-un-42-sin-medidas-contra-el-deficit-tarifario\\\/#organizationLogo\",\"width\":649,\"height\":297},\"image\":{\"@id\":\"https:\\\/\\\/www.eldigitaldeasturias.com\\\/noticias\\\/soria-la-luz-habria-subido-un-42-sin-medidas-contra-el-deficit-tarifario\\\/#organizationLogo\"},\"sameAs\":[\"https:\\\/\\\/facebook.com\\\/eldigitaldeasturias\",\"https:\\\/\\\/www.youtube.com\\\/channel\\\/UCZP-2wLEB9Rv6erhFmqVnvg\"],\"address\":{\"@id\":\"https:\\\/\\\/www.eldigitaldeasturias.com\\\/noticias\\\/#postaladdress\",\"@type\":\"PostalAddress\",\"streetAddress\":\"san antonio 4,\",\"postalCode\":\"33430\",\"addressLocality\":\"Cand\\u00e1s\",\"addressRegion\":\"Asturias\",\"addressCountry\":\"ES\"}},{\"@type\":\"Person\",\"@id\":\"https:\\\/\\\/www.eldigitaldeasturias.com\\\/noticias\\\/author\\\/admin\\\/#author\",\"url\":\"https:\\\/\\\/www.eldigitaldeasturias.com\\\/noticias\\\/author\\\/admin\\\/\",\"name\":\"El Digital de Asturias\",\"image\":{\"@type\":\"ImageObject\",\"@id\":\"https:\\\/\\\/www.eldigitaldeasturias.com\\\/noticias\\\/soria-la-luz-habria-subido-un-42-sin-medidas-contra-el-deficit-tarifario\\\/#authorImage\",\"url\":\"https:\\\/\\\/www.eldigitaldeasturias.com\\\/noticias\\\/wp-content\\\/litespeed\\\/avatar\\\/18677e78aa0546b92d9dbf31ec7d7668.jpg?ver=1777290358\",\"width\":96,\"height\":96,\"caption\":\"El Digital de Asturias\"}},{\"@type\":\"WebPage\",\"@id\":\"https:\\\/\\\/www.eldigitaldeasturias.com\\\/noticias\\\/soria-la-luz-habria-subido-un-42-sin-medidas-contra-el-deficit-tarifario\\\/#webpage\",\"url\":\"https:\\\/\\\/www.eldigitaldeasturias.com\\\/noticias\\\/soria-la-luz-habria-subido-un-42-sin-medidas-contra-el-deficit-tarifario\\\/\",\"name\":\"Soria : La luz habr\\u00eda subido un 42% sin medidas contra el d\\u00e9ficit tarifario - El Digital de Asturias\",\"description\":\"MADRID, 25 Sep. (EUROPA PRESS) - El ministro de Industria, Energ\\u00eda y Turismo, Jos\\u00e9 Manuel Soria, ha afirmado este mi\\u00e9rcoles que si el Gobierno no hubiera aprobado el conjunto de medidas para frenar el d\\u00e9ficit tarifario en los casi dos a\\u00f1os que van de legislatura, el precio de la luz que abonan los consumidores habr\\u00eda subido\",\"inLanguage\":\"es-ES\",\"isPartOf\":{\"@id\":\"https:\\\/\\\/www.eldigitaldeasturias.com\\\/noticias\\\/#website\"},\"breadcrumb\":{\"@id\":\"https:\\\/\\\/www.eldigitaldeasturias.com\\\/noticias\\\/soria-la-luz-habria-subido-un-42-sin-medidas-contra-el-deficit-tarifario\\\/#breadcrumblist\"},\"author\":{\"@id\":\"https:\\\/\\\/www.eldigitaldeasturias.com\\\/noticias\\\/author\\\/admin\\\/#author\"},\"creator\":{\"@id\":\"https:\\\/\\\/www.eldigitaldeasturias.com\\\/noticias\\\/author\\\/admin\\\/#author\"},\"image\":{\"@type\":\"ImageObject\",\"url\":3116,\"@id\":\"https:\\\/\\\/www.eldigitaldeasturias.com\\\/noticias\\\/soria-la-luz-habria-subido-un-42-sin-medidas-contra-el-deficit-tarifario\\\/#mainImage\"},\"primaryImageOfPage\":{\"@id\":\"https:\\\/\\\/www.eldigitaldeasturias.com\\\/noticias\\\/soria-la-luz-habria-subido-un-42-sin-medidas-contra-el-deficit-tarifario\\\/#mainImage\"},\"datePublished\":\"2013-09-25T20:17:47+02:00\",\"dateModified\":\"2013-09-25T20:17:47+02:00\"},{\"@type\":\"WebSite\",\"@id\":\"https:\\\/\\\/www.eldigitaldeasturias.com\\\/noticias\\\/#website\",\"url\":\"https:\\\/\\\/www.eldigitaldeasturias.com\\\/noticias\\\/\",\"name\":\"El Digital de Asturias - Diario de actualidad y noticias\",\"alternateName\":\"El Digital de Asturias - Diario de actualidad y noticias\",\"description\":\"Hemeroteca\",\"inLanguage\":\"es-ES\",\"publisher\":{\"@id\":\"https:\\\/\\\/www.eldigitaldeasturias.com\\\/noticias\\\/#organization\"}}]}\n\t\t<\/script>\n\t\t<!-- All in One SEO Pro -->\r\n\t\t<title>Soria : La luz habr\u00eda subido un 42% sin medidas contra el d\u00e9ficit tarifario - El Digital de Asturias<\/title>\n\n","aioseo_head_json":{"title":"Soria : La luz habr\u00eda subido un 42% sin medidas contra el d\u00e9ficit tarifario - El Digital de Asturias","description":"MADRID, 25 Sep. (EUROPA PRESS) - El ministro de Industria, Energ\u00eda y Turismo, Jos\u00e9 Manuel Soria, ha afirmado este mi\u00e9rcoles que si el Gobierno no hubiera aprobado el conjunto de medidas para frenar el d\u00e9ficit tarifario en los casi dos a\u00f1os que van de legislatura, el precio de la luz que abonan los consumidores habr\u00eda subido","canonical_url":"https:\/\/www.eldigitaldeasturias.com\/noticias\/soria-la-luz-habria-subido-un-42-sin-medidas-contra-el-deficit-tarifario\/","robots":"max-image-preview:large","keywords":"actualidad","webmasterTools":{"google-site-verification":"UA-38556648-1","msvalidate.01":"7dfe9f3f1b24437ab69f4f2559babe99","miscellaneous":""},"schema":{"@context":"https:\/\/schema.org","@graph":[{"@type":"BlogPosting","@id":"https:\/\/www.eldigitaldeasturias.com\/noticias\/soria-la-luz-habria-subido-un-42-sin-medidas-contra-el-deficit-tarifario\/#blogposting","name":"Soria : La luz habr\u00eda subido un 42% sin medidas contra el d\u00e9ficit tarifario - El Digital de Asturias","headline":"Soria : La luz habr\u00eda subido un 42% sin medidas contra el d\u00e9ficit tarifario","author":{"@id":"https:\/\/www.eldigitaldeasturias.com\/noticias\/author\/admin\/#author"},"publisher":{"@id":"https:\/\/www.eldigitaldeasturias.com\/noticias\/#organization"},"image":{"@type":"ImageObject","url":3116},"datePublished":"2013-09-25T20:17:47+02:00","dateModified":"2013-09-25T20:17:47+02:00","inLanguage":"es-ES","mainEntityOfPage":{"@id":"https:\/\/www.eldigitaldeasturias.com\/noticias\/soria-la-luz-habria-subido-un-42-sin-medidas-contra-el-deficit-tarifario\/#webpage"},"isPartOf":{"@id":"https:\/\/www.eldigitaldeasturias.com\/noticias\/soria-la-luz-habria-subido-un-42-sin-medidas-contra-el-deficit-tarifario\/#webpage"},"articleSection":"Actualidad"},{"@type":"BreadcrumbList","@id":"https:\/\/www.eldigitaldeasturias.com\/noticias\/soria-la-luz-habria-subido-un-42-sin-medidas-contra-el-deficit-tarifario\/#breadcrumblist","itemListElement":[{"@type":"ListItem","@id":"https:\/\/www.eldigitaldeasturias.com\/noticias#listItem","position":1,"name":"Home","item":"https:\/\/www.eldigitaldeasturias.com\/noticias","nextItem":{"@type":"ListItem","@id":"https:\/\/www.eldigitaldeasturias.com\/noticias\/category\/actualidad\/#listItem","name":"Actualidad"}},{"@type":"ListItem","@id":"https:\/\/www.eldigitaldeasturias.com\/noticias\/category\/actualidad\/#listItem","position":2,"name":"Actualidad","item":"https:\/\/www.eldigitaldeasturias.com\/noticias\/category\/actualidad\/","nextItem":{"@type":"ListItem","@id":"https:\/\/www.eldigitaldeasturias.com\/noticias\/soria-la-luz-habria-subido-un-42-sin-medidas-contra-el-deficit-tarifario\/#listItem","name":"Soria : La luz habr\u00eda subido un 42% sin medidas contra el d\u00e9ficit tarifario"},"previousItem":{"@type":"ListItem","@id":"https:\/\/www.eldigitaldeasturias.com\/noticias#listItem","name":"Home"}},{"@type":"ListItem","@id":"https:\/\/www.eldigitaldeasturias.com\/noticias\/soria-la-luz-habria-subido-un-42-sin-medidas-contra-el-deficit-tarifario\/#listItem","position":3,"name":"Soria : La luz habr\u00eda subido un 42% sin medidas contra el d\u00e9ficit tarifario","previousItem":{"@type":"ListItem","@id":"https:\/\/www.eldigitaldeasturias.com\/noticias\/category\/actualidad\/#listItem","name":"Actualidad"}}]},{"@type":"Organization","@id":"https:\/\/www.eldigitaldeasturias.com\/noticias\/#organization","name":"El Digital de Asturias","description":"Hemeroteca","url":"https:\/\/www.eldigitaldeasturias.com\/noticias\/","email":"info@eldigitaldeasturias.com","telephone":"+34652131393","logo":{"@type":"ImageObject","url":"https:\/\/www.eldigitaldeasturias.com\/noticias\/wp-content\/uploads\/2020\/12\/EDA.jpg","@id":"https:\/\/www.eldigitaldeasturias.com\/noticias\/soria-la-luz-habria-subido-un-42-sin-medidas-contra-el-deficit-tarifario\/#organizationLogo","width":649,"height":297},"image":{"@id":"https:\/\/www.eldigitaldeasturias.com\/noticias\/soria-la-luz-habria-subido-un-42-sin-medidas-contra-el-deficit-tarifario\/#organizationLogo"},"sameAs":["https:\/\/facebook.com\/eldigitaldeasturias","https:\/\/www.youtube.com\/channel\/UCZP-2wLEB9Rv6erhFmqVnvg"],"address":{"@id":"https:\/\/www.eldigitaldeasturias.com\/noticias\/#postaladdress","@type":"PostalAddress","streetAddress":"san antonio 4,","postalCode":"33430","addressLocality":"Cand\u00e1s","addressRegion":"Asturias","addressCountry":"ES"}},{"@type":"Person","@id":"https:\/\/www.eldigitaldeasturias.com\/noticias\/author\/admin\/#author","url":"https:\/\/www.eldigitaldeasturias.com\/noticias\/author\/admin\/","name":"El Digital de Asturias","image":{"@type":"ImageObject","@id":"https:\/\/www.eldigitaldeasturias.com\/noticias\/soria-la-luz-habria-subido-un-42-sin-medidas-contra-el-deficit-tarifario\/#authorImage","url":"https:\/\/www.eldigitaldeasturias.com\/noticias\/wp-content\/litespeed\/avatar\/18677e78aa0546b92d9dbf31ec7d7668.jpg?ver=1777290358","width":96,"height":96,"caption":"El Digital de Asturias"}},{"@type":"WebPage","@id":"https:\/\/www.eldigitaldeasturias.com\/noticias\/soria-la-luz-habria-subido-un-42-sin-medidas-contra-el-deficit-tarifario\/#webpage","url":"https:\/\/www.eldigitaldeasturias.com\/noticias\/soria-la-luz-habria-subido-un-42-sin-medidas-contra-el-deficit-tarifario\/","name":"Soria : La luz habr\u00eda subido un 42% sin medidas contra el d\u00e9ficit tarifario - El Digital de Asturias","description":"MADRID, 25 Sep. (EUROPA PRESS) - El ministro de Industria, Energ\u00eda y Turismo, Jos\u00e9 Manuel Soria, ha afirmado este mi\u00e9rcoles que si el Gobierno no hubiera aprobado el conjunto de medidas para frenar el d\u00e9ficit tarifario en los casi dos a\u00f1os que van de legislatura, el precio de la luz que abonan los consumidores habr\u00eda subido","inLanguage":"es-ES","isPartOf":{"@id":"https:\/\/www.eldigitaldeasturias.com\/noticias\/#website"},"breadcrumb":{"@id":"https:\/\/www.eldigitaldeasturias.com\/noticias\/soria-la-luz-habria-subido-un-42-sin-medidas-contra-el-deficit-tarifario\/#breadcrumblist"},"author":{"@id":"https:\/\/www.eldigitaldeasturias.com\/noticias\/author\/admin\/#author"},"creator":{"@id":"https:\/\/www.eldigitaldeasturias.com\/noticias\/author\/admin\/#author"},"image":{"@type":"ImageObject","url":3116,"@id":"https:\/\/www.eldigitaldeasturias.com\/noticias\/soria-la-luz-habria-subido-un-42-sin-medidas-contra-el-deficit-tarifario\/#mainImage"},"primaryImageOfPage":{"@id":"https:\/\/www.eldigitaldeasturias.com\/noticias\/soria-la-luz-habria-subido-un-42-sin-medidas-contra-el-deficit-tarifario\/#mainImage"},"datePublished":"2013-09-25T20:17:47+02:00","dateModified":"2013-09-25T20:17:47+02:00"},{"@type":"WebSite","@id":"https:\/\/www.eldigitaldeasturias.com\/noticias\/#website","url":"https:\/\/www.eldigitaldeasturias.com\/noticias\/","name":"El Digital de Asturias - Diario de actualidad y noticias","alternateName":"El Digital de Asturias - Diario de actualidad y noticias","description":"Hemeroteca","inLanguage":"es-ES","publisher":{"@id":"https:\/\/www.eldigitaldeasturias.com\/noticias\/#organization"}}]},"og:locale":"es_ES","og:site_name":"El Digital de Asturias","og:type":"article","og:title":"Soria : La luz habr\u00eda subido un 42% sin medidas contra el d\u00e9ficit tarifario - El Digital de Asturias","og:description":"MADRID, 25 Sep. (EUROPA PRESS) - El ministro de Industria, Energ\u00eda y Turismo, Jos\u00e9 Manuel Soria, ha afirmado este mi\u00e9rcoles que si el Gobierno no hubiera aprobado el conjunto de medidas para frenar el d\u00e9ficit tarifario en los casi dos a\u00f1os que van de legislatura, el precio de la luz que abonan los consumidores habr\u00eda subido","og:url":"https:\/\/www.eldigitaldeasturias.com\/noticias\/soria-la-luz-habria-subido-un-42-sin-medidas-contra-el-deficit-tarifario\/","article:tag":["actualidad"],"article:published_time":"2013-09-25T20:17:47+00:00","article:modified_time":"2013-09-25T20:17:47+00:00","article:publisher":"https:\/\/facebook.com\/eldigitaldeasturias","twitter:card":"summary_large_image","twitter:title":"Soria : La luz habr\u00eda subido un 42% sin medidas contra el d\u00e9ficit tarifario - El Digital de Asturias","twitter:description":"MADRID, 25 Sep. (EUROPA PRESS) - El ministro de Industria, Energ\u00eda y Turismo, Jos\u00e9 Manuel Soria, ha afirmado este mi\u00e9rcoles que si el Gobierno no hubiera aprobado el conjunto de medidas para frenar el d\u00e9ficit tarifario en los casi dos a\u00f1os que van de legislatura, el precio de la luz que abonan los consumidores habr\u00eda subido","twitter:label1":"Escrito por","twitter:data1":"El Digital de Asturias","twitter:label2":"Tiempo de lectura estimado","twitter:data2":"4 minutos"},"aioseo_meta_data":{"post_id":"3115","title":null,"description":null,"keywords":null,"keyphrases":null,"primary_term":null,"canonical_url":null,"og_title":null,"og_description":null,"og_object_type":"default","og_image_type":"default","og_image_url":null,"og_image_width":null,"og_image_height":null,"og_image_custom_url":null,"og_image_custom_fields":null,"og_video":null,"og_custom_url":null,"og_article_section":null,"og_article_tags":null,"twitter_use_og":true,"twitter_card":"default","twitter_image_type":"default","twitter_image_url":null,"twitter_image_custom_url":null,"twitter_image_custom_fields":null,"twitter_title":null,"twitter_description":null,"schema":{"blockGraphs":[],"customGraphs":[],"default":{"data":{"Article":[],"Course":[],"Dataset":[],"FAQPage":[],"Movie":[],"Person":[],"Product":[],"ProductReview":[],"Car":[],"Recipe":[],"Service":[],"SoftwareApplication":[],"WebPage":[]},"graphName":"","isEnabled":true},"graphs":[],"defaultGraph":"","defaultPostTypeGraph":""},"schema_type":null,"schema_type_options":null,"pillar_content":false,"robots_default":true,"robots_noindex":false,"robots_noarchive":false,"robots_nosnippet":false,"robots_nofollow":false,"robots_noimageindex":false,"robots_noodp":false,"robots_notranslate":false,"robots_max_snippet":null,"robots_max_videopreview":null,"robots_max_imagepreview":"none","priority":null,"frequency":null,"local_seo":null,"seo_analyzer_scan_date":"2025-08-21 05:47:37","breadcrumb_settings":null,"limit_modified_date":false,"open_ai":null,"ai":null,"created":"2020-11-14 22:37:03","updated":"2025-08-21 05:47:37"},"aioseo_breadcrumb":"<div class=\"aioseo-breadcrumbs\"><span class=\"aioseo-breadcrumb\">\n\t<a href=\"https:\/\/www.eldigitaldeasturias.com\/noticias\" title=\"Home\">Home<\/a>\n<\/span><span class=\"aioseo-breadcrumb-separator\">\u2013<\/span><span class=\"aioseo-breadcrumb\">\n\t<a href=\"https:\/\/www.eldigitaldeasturias.com\/noticias\/category\/actualidad\/\" title=\"Actualidad\">Actualidad<\/a>\n<\/span><span class=\"aioseo-breadcrumb-separator\">\u2013<\/span><span class=\"aioseo-breadcrumb\">\n\t<a href=\"https:\/\/www.eldigitaldeasturias.com\/noticias\/soria-la-luz-habria-subido-un-42-sin-medidas-contra-el-deficit-tarifario\/\" title=\"Soria : La luz habr\u00eda subido un 42% sin medidas contra el d\u00e9ficit tarifario\">Soria : La luz habr\u00eda subido un 42% sin medidas contra el d\u00e9ficit tarifario<\/a>\n<\/span><\/div>","aioseo_breadcrumb_json":[{"label":"Home","link":"https:\/\/www.eldigitaldeasturias.com\/noticias"},{"label":"Actualidad","link":"https:\/\/www.eldigitaldeasturias.com\/noticias\/category\/actualidad\/"},{"label":"Soria : La luz habr\u00eda subido un 42% sin medidas contra el d\u00e9ficit tarifario","link":"https:\/\/www.eldigitaldeasturias.com\/noticias\/soria-la-luz-habria-subido-un-42-sin-medidas-contra-el-deficit-tarifario\/"}],"_links":{"self":[{"href":"https:\/\/www.eldigitaldeasturias.com\/noticias\/wp-json\/wp\/v2\/posts\/3115","targetHints":{"allow":["GET"]}}],"collection":[{"href":"https:\/\/www.eldigitaldeasturias.com\/noticias\/wp-json\/wp\/v2\/posts"}],"about":[{"href":"https:\/\/www.eldigitaldeasturias.com\/noticias\/wp-json\/wp\/v2\/types\/post"}],"author":[{"embeddable":true,"href":"https:\/\/www.eldigitaldeasturias.com\/noticias\/wp-json\/wp\/v2\/users\/1"}],"replies":[{"embeddable":true,"href":"https:\/\/www.eldigitaldeasturias.com\/noticias\/wp-json\/wp\/v2\/comments?post=3115"}],"version-history":[{"count":0,"href":"https:\/\/www.eldigitaldeasturias.com\/noticias\/wp-json\/wp\/v2\/posts\/3115\/revisions"}],"wp:featuredmedia":[{"embeddable":true,"href":"https:\/\/www.eldigitaldeasturias.com\/noticias\/wp-json\/"}],"wp:attachment":[{"href":"https:\/\/www.eldigitaldeasturias.com\/noticias\/wp-json\/wp\/v2\/media?parent=3115"}],"wp:term":[{"taxonomy":"category","embeddable":true,"href":"https:\/\/www.eldigitaldeasturias.com\/noticias\/wp-json\/wp\/v2\/categories?post=3115"},{"taxonomy":"post_tag","embeddable":true,"href":"https:\/\/www.eldigitaldeasturias.com\/noticias\/wp-json\/wp\/v2\/tags?post=3115"}],"curies":[{"name":"wp","href":"https:\/\/api.w.org\/{rel}","templated":true}]}}