{"id":3112,"date":"2013-09-25T20:16:13","date_gmt":"2013-09-25T20:16:13","guid":{"rendered":"http:\/\/www.eldigitaldeasturias.com\/noticias\/?p=3112"},"modified":"2013-09-25T20:16:13","modified_gmt":"2013-09-25T20:16:13","slug":"banez-abre-la-puerta-a-revisar-los-ingresos-de-la-seguridad-social","status":"publish","type":"post","link":"https:\/\/www.eldigitaldeasturias.com\/noticias\/banez-abre-la-puerta-a-revisar-los-ingresos-de-la-seguridad-social\/","title":{"rendered":"B\u00e1\u00f1ez abre la puerta a revisar los ingresos de la Seguridad Social"},"content":{"rendered":"<p><img loading=\"lazy\" decoding=\"async\" class=\"alignleft size-medium wp-image-3113\" alt=\"fotonoticia_20130925105321_800\" src=\"https:\/\/www.eldigitaldeasturias.com\/noticias\/wp-content\/uploads\/2013\/09\/fotonoticia_20130925105321_800-360x240.jpg\" width=\"360\" height=\"240\" \/>MADRID, 25 Sep. (EUROPA PRESS) &#8211;\u00a0La ministra de Empleo, F\u00e1tima B\u00e1\u00f1ez, ha dejado abierta la puerta a revisar los ingresos de la Seguridad Social para poder mantener el poder adquisitivo de las pensiones, aunque ha recordado que la reforma que ha plantado el Gobierno sobre el sistema de revalorizaci\u00f3n permitir\u00e1 mantener ese poder de compra \u00aben el medio plazo\u00bb.<\/p>\n<p>Durante la sesi\u00f3n de control al Gobierno en el Pleno del Congreso, el portavoz econ\u00f3mico de UPyD, \u00c1lvaro Anchuelo, ha pedido a la ministra que \u00abno mienta a los espa\u00f1oles ni insulte su inteligencia\u00bb porque a su entender la p\u00e9rdida de poder adquisitivo est\u00e1 garantizada si no se toman medidas m\u00e1s all\u00e1 de las ya planteadas por Empleo. En la misma l\u00ednea, la socialista Isabel L\u00f3pez i Chamosa ha acusado al Ejecutivo de \u00abtratar a los pensionistas como tontos, y no lo son\u00bb.<\/p>\n<p>En su respuesta, la ministra ha afirmado que el nuevo factor de revalorizaci\u00f3n desligado del IPC \u00abblindar\u00e1\u00bb las pensiones de congelaciones \u00abde los futuros gobiernos socialistas\u00bb, permitir\u00e1 que \u00absuban siempre de forma compatible con la situaci\u00f3n econ\u00f3mica\u00bb y har\u00e1 que los pensionistas \u00abganen poder adquisitivo en el medio plazo\u00bb.<\/p>\n<p>\u00abPero la f\u00f3rmula incluye ingresos y gastos del sistema, que son decisiones pol\u00edticas, del Parlamento y de los agentes sociales. As\u00ed que podemos decidir sobre el futuro de los ingresos y de los gastos para fortalecer lo que todos queremos: el poder adquisitivo de los pensionistas, pero mirando siempre al futuro para que sea un sistema sostenible, p\u00fablico y de reparto\u00bb, ha insistido B\u00e1\u00f1ez, invitando a todos los grupos parlamentarios a participar en el debate.<\/p>\n<p>SERENAR EL DEBATE.<\/p>\n<p>As\u00ed, ha insistido en que \u00abclaro que s\u00ed\u00bb se hablar\u00e1 de ingresos en el Pacto de Toledo y se tomar\u00e1n decisiones \u00abcon el resto de grupos y los agentes sociales\u00bb, subrayando que al Gobierno le preocupan \u00abmucho\u00bb los pensionistas actuales pero \u00abtambi\u00e9n los j\u00f3venes que quieren ser pensionistas de igual calidad ma\u00f1ana\u00bb.<\/p>\n<p>Por eso, la titular de Empleo ha instado a todos a \u00abserenar el debate\u00bb y dar \u00abtranquilidad\u00bb a los pensionistas, recordando que con la reforma las pensiones est\u00e1n garantizadas e incluso \u00absubir\u00e1n m\u00e1s all\u00e1 del IPC\u00bb cuando se recupere una situaci\u00f3n \u00abde normalidad econ\u00f3mica\u00bb. \u00abNuestra reforma es para la tranquilidad, la certidumbre y para evitar la demagogia barata y las congelaciones socialistas\u00bb, ha acusado.<\/p>\n<p>A rengl\u00f3n seguido, B\u00e1\u00f1ez ha recordado que el PP \u00abnunca congelar\u00e1\u00bb las pensiones sino que hace \u00abreformas para que suban siempre y se garantice el poder adquisitivo en el medio plazo\u00bb, y ha acusado al PSOE de \u00abdejar el sistema de pensiones en d\u00e9ficit cada vez que gobiernan\u00bb. \u00abDe lo \u00fanico que hay que proteger a los ciudadanos es de los gobiernos socialistas, que ponen en riesgo todo el sistema de pensiones y luego, cuando vienen mal las cosas, las congelan\u00bb, ha reprochado.<\/p>\n<p>Frente a eso, el Gobierno de Mariano Rajoy \u00abtiene el m\u00e1ximo respeto por los pensionistas\u00bb y lo ha \u00abdemostrado con hechos\u00bb como la subida del 1% en 2012 aplicada a todas las pensiones y el incremento del 2% para las inferiores a 1.000 euros y del 1% para el resto que se ha aplicado este a\u00f1o y que, con un IPC que se situar\u00e1 en noviembre en torno al 1%, permitir\u00e1 que no haya ninguna p\u00e9rdida de poder adquisitivo sino que \u00abel 75% de los jubilados lo ganen\u00bb.<\/p>\n<p>COMPROM\u00c9TASE A SUBIR INGRESOS.<\/p>\n<p>Sin embargo, Anchuelo ha reiterado que la reforma planteada provocar\u00e1 una p\u00e9rdida de poder adquisitivo a\u00f1o tras a\u00f1o y ha recordado que la \u00fanica forma de evitarlo es que el Gobierno \u00abse comprometiera a incrementar los ingresos\u00bb. \u00abEstamos de acuerdo en que no se puede gastar por encima de lo que se ingresa, pero los ingresos no est\u00e1n dados, son una variable que depende de sus decisiones pol\u00edticas\u00bb, le ha recordado el diputado.<\/p>\n<p>A rengl\u00f3n seguido, ha recordado que el PP \u00abgan\u00f3 las elecciones con dos grandes promesas, bajar impuestos y mantener el poder adquisitivo de las pensiones\u00bb, y ha matizado que \u00abeso no es lo mismo que revalorizarlas, sino que hay que revalorizarlas en cuant\u00eda suficiente para mantener el poder de compra\u00bb.<\/p>\n<p>\u00abY serenamente se lo digo: los ciudadanos tienen derecho a que se les diga la verdad y no se insulte su inteligencia: no pueden presentar una memoria al CES diciendo que la reforma ahorrar\u00e1 33.000 millones y decir que los pensionistas no perder\u00e1n poder adquisitivo. \u00bfDe d\u00f3nde sale el ahorro? Diga la verdad a los espa\u00f1oles, no insulte su inteligencia\u00bb, ha zanjado Anchuelo.<\/p>\n<p>En el mismo sentido, L\u00f3pez i Chamosa ha acusado a los &#8216;populares&#8217; de \u00abtratar a los pensionistas como tontos\u00bb cuando \u00abson personas mayores que se han ganado con el esfuerzo de su trabajo el derecho a una pensi\u00f3n digna y a que no se les robe los aumentos de diez a\u00f1os\u00bb.<\/p>\n<p>Adem\u00e1s, ha recordado que para atajar el problema de gastos de la Seguridad Social ya existe la Ley 27\/2011 &#8211;la \u00faltima reforma del sistema aprobado por el Gobierno socialista&#8211; y que para los problemas de ingresos se puede usar el fondo de reserva. Por eso, ha advertido de que \u00abesta reforma va a durar lo que dure la mayor\u00eda absoluta (del PP), es decir, dos a\u00f1os m\u00e1s\u00bb.<\/p>\n<p>\u00abPorque lo \u00fanico que han conseguido es la intranquilidad, llevar a los pensionistas la preocupaci\u00f3n, la incertidumbre de lo que suceder\u00e1 con su pensi\u00f3n. El problema no es de subida, sino de cu\u00e1nto suben. No m\u00e1s mentiras, regresen al Pacto de Toledo, vengan a la negociaci\u00f3n\u00bb, ha a\u00f1adido, y ha concluido recordando que aunque el PSOE congel\u00f3 las pensiones en 2011 durante sus siete a\u00f1os de mandato las m\u00ednimas se incrementaron mucho m\u00e1s que con los ejecutivos &#8216;populares&#8217;.<\/p>\n","protected":false},"excerpt":{"rendered":"<p>MADRID, 25 Sep. (EUROPA PRESS) &#8211;\u00a0La ministra de Empleo, F\u00e1tima B\u00e1\u00f1ez, ha dejado abierta la puerta a revisar los ingresos de la Seguridad Social para poder mantener el poder adquisitivo de las pensiones, aunque ha recordado que la reforma que ha plantado el Gobierno sobre el sistema de revalorizaci\u00f3n permitir\u00e1 mantener ese poder de compra [&hellip;]<\/p>\n","protected":false},"author":1,"featured_media":3113,"comment_status":"open","ping_status":"open","sticky":false,"template":"","format":"standard","meta":{"footnotes":""},"categories":[1],"tags":[],"class_list":["post-3112","post","type-post","status-publish","format-standard","has-post-thumbnail","hentry","category-actualidad"],"aioseo_notices":[],"aioseo_head":"\n\t\t<!-- All in One SEO Pro 4.9.6.2 - aioseo.com -->\n\t<meta name=\"description\" content=\"MADRID, 25 Sep. (EUROPA PRESS) - La ministra de Empleo, F\u00e1tima B\u00e1\u00f1ez, ha dejado abierta la puerta a revisar los ingresos de la Seguridad Social para poder mantener el poder adquisitivo de las pensiones, aunque ha recordado que la reforma que ha plantado el Gobierno sobre el sistema de revalorizaci\u00f3n permitir\u00e1 mantener ese poder de compra\" \/>\n\t<meta name=\"robots\" content=\"max-image-preview:large\" \/>\n\t<meta name=\"author\" content=\"El Digital de Asturias\"\/>\n\t<meta name=\"google-site-verification\" content=\"UA-38556648-1\" \/>\n\t<meta name=\"msvalidate.01\" content=\"7dfe9f3f1b24437ab69f4f2559babe99\" \/>\n\t<meta name=\"keywords\" content=\"actualidad\" \/>\n\t<link rel=\"canonical\" href=\"https:\/\/www.eldigitaldeasturias.com\/noticias\/banez-abre-la-puerta-a-revisar-los-ingresos-de-la-seguridad-social\/\" \/>\n\t<meta name=\"generator\" content=\"All in One SEO Pro (AIOSEO) 4.9.6.2\" \/>\n\t\t<meta property=\"og:locale\" content=\"es_ES\" \/>\n\t\t<meta property=\"og:site_name\" content=\"El Digital de Asturias\" \/>\n\t\t<meta property=\"og:type\" content=\"article\" \/>\n\t\t<meta property=\"og:title\" content=\"B\u00e1\u00f1ez abre la puerta a revisar los ingresos de la Seguridad Social - El Digital de Asturias\" \/>\n\t\t<meta property=\"og:description\" content=\"MADRID, 25 Sep. (EUROPA PRESS) - La ministra de Empleo, F\u00e1tima B\u00e1\u00f1ez, ha dejado abierta la puerta a revisar los ingresos de la Seguridad Social para poder mantener el poder adquisitivo de las pensiones, aunque ha recordado que la reforma que ha plantado el Gobierno sobre el sistema de revalorizaci\u00f3n permitir\u00e1 mantener ese poder de compra\" \/>\n\t\t<meta property=\"og:url\" content=\"https:\/\/www.eldigitaldeasturias.com\/noticias\/banez-abre-la-puerta-a-revisar-los-ingresos-de-la-seguridad-social\/\" \/>\n\t\t<meta property=\"article:tag\" content=\"actualidad\" \/>\n\t\t<meta property=\"article:published_time\" content=\"2013-09-25T20:16:13+00:00\" \/>\n\t\t<meta property=\"article:modified_time\" content=\"2013-09-25T20:16:13+00:00\" \/>\n\t\t<meta property=\"article:publisher\" content=\"https:\/\/facebook.com\/eldigitaldeasturias\" \/>\n\t\t<meta name=\"twitter:card\" content=\"summary_large_image\" \/>\n\t\t<meta name=\"twitter:title\" content=\"B\u00e1\u00f1ez abre la puerta a revisar los ingresos de la Seguridad Social - El Digital de Asturias\" \/>\n\t\t<meta name=\"twitter:description\" content=\"MADRID, 25 Sep. (EUROPA PRESS) - La ministra de Empleo, F\u00e1tima B\u00e1\u00f1ez, ha dejado abierta la puerta a revisar los ingresos de la Seguridad Social para poder mantener el poder adquisitivo de las pensiones, aunque ha recordado que la reforma que ha plantado el Gobierno sobre el sistema de revalorizaci\u00f3n permitir\u00e1 mantener ese poder de compra\" \/>\n\t\t<meta name=\"twitter:label1\" content=\"Escrito por\" \/>\n\t\t<meta name=\"twitter:data1\" content=\"El Digital de Asturias\" \/>\n\t\t<meta name=\"twitter:label2\" content=\"Tiempo de lectura estimado\" \/>\n\t\t<meta name=\"twitter:data2\" content=\"5 minutos\" \/>\n\t\t<script type=\"application\/ld+json\" class=\"aioseo-schema\">\n\t\t\t{\"@context\":\"https:\\\/\\\/schema.org\",\"@graph\":[{\"@type\":\"BlogPosting\",\"@id\":\"https:\\\/\\\/www.eldigitaldeasturias.com\\\/noticias\\\/banez-abre-la-puerta-a-revisar-los-ingresos-de-la-seguridad-social\\\/#blogposting\",\"name\":\"B\\u00e1\\u00f1ez abre la puerta a revisar los ingresos de la Seguridad Social - El Digital de Asturias\",\"headline\":\"B\\u00e1\\u00f1ez abre la puerta a revisar los ingresos de la Seguridad Social\",\"author\":{\"@id\":\"https:\\\/\\\/www.eldigitaldeasturias.com\\\/noticias\\\/author\\\/admin\\\/#author\"},\"publisher\":{\"@id\":\"https:\\\/\\\/www.eldigitaldeasturias.com\\\/noticias\\\/#organization\"},\"image\":{\"@type\":\"ImageObject\",\"url\":3113},\"datePublished\":\"2013-09-25T20:16:13+02:00\",\"dateModified\":\"2013-09-25T20:16:13+02:00\",\"inLanguage\":\"es-ES\",\"mainEntityOfPage\":{\"@id\":\"https:\\\/\\\/www.eldigitaldeasturias.com\\\/noticias\\\/banez-abre-la-puerta-a-revisar-los-ingresos-de-la-seguridad-social\\\/#webpage\"},\"isPartOf\":{\"@id\":\"https:\\\/\\\/www.eldigitaldeasturias.com\\\/noticias\\\/banez-abre-la-puerta-a-revisar-los-ingresos-de-la-seguridad-social\\\/#webpage\"},\"articleSection\":\"Actualidad\"},{\"@type\":\"BreadcrumbList\",\"@id\":\"https:\\\/\\\/www.eldigitaldeasturias.com\\\/noticias\\\/banez-abre-la-puerta-a-revisar-los-ingresos-de-la-seguridad-social\\\/#breadcrumblist\",\"itemListElement\":[{\"@type\":\"ListItem\",\"@id\":\"https:\\\/\\\/www.eldigitaldeasturias.com\\\/noticias#listItem\",\"position\":1,\"name\":\"Home\",\"item\":\"https:\\\/\\\/www.eldigitaldeasturias.com\\\/noticias\",\"nextItem\":{\"@type\":\"ListItem\",\"@id\":\"https:\\\/\\\/www.eldigitaldeasturias.com\\\/noticias\\\/category\\\/actualidad\\\/#listItem\",\"name\":\"Actualidad\"}},{\"@type\":\"ListItem\",\"@id\":\"https:\\\/\\\/www.eldigitaldeasturias.com\\\/noticias\\\/category\\\/actualidad\\\/#listItem\",\"position\":2,\"name\":\"Actualidad\",\"item\":\"https:\\\/\\\/www.eldigitaldeasturias.com\\\/noticias\\\/category\\\/actualidad\\\/\",\"nextItem\":{\"@type\":\"ListItem\",\"@id\":\"https:\\\/\\\/www.eldigitaldeasturias.com\\\/noticias\\\/banez-abre-la-puerta-a-revisar-los-ingresos-de-la-seguridad-social\\\/#listItem\",\"name\":\"B\\u00e1\\u00f1ez abre la puerta a revisar los ingresos de la Seguridad Social\"},\"previousItem\":{\"@type\":\"ListItem\",\"@id\":\"https:\\\/\\\/www.eldigitaldeasturias.com\\\/noticias#listItem\",\"name\":\"Home\"}},{\"@type\":\"ListItem\",\"@id\":\"https:\\\/\\\/www.eldigitaldeasturias.com\\\/noticias\\\/banez-abre-la-puerta-a-revisar-los-ingresos-de-la-seguridad-social\\\/#listItem\",\"position\":3,\"name\":\"B\\u00e1\\u00f1ez abre la puerta a revisar los ingresos de la Seguridad Social\",\"previousItem\":{\"@type\":\"ListItem\",\"@id\":\"https:\\\/\\\/www.eldigitaldeasturias.com\\\/noticias\\\/category\\\/actualidad\\\/#listItem\",\"name\":\"Actualidad\"}}]},{\"@type\":\"Organization\",\"@id\":\"https:\\\/\\\/www.eldigitaldeasturias.com\\\/noticias\\\/#organization\",\"name\":\"El Digital de Asturias\",\"description\":\"Hemeroteca\",\"url\":\"https:\\\/\\\/www.eldigitaldeasturias.com\\\/noticias\\\/\",\"email\":\"info@eldigitaldeasturias.com\",\"telephone\":\"+34652131393\",\"logo\":{\"@type\":\"ImageObject\",\"url\":\"https:\\\/\\\/www.eldigitaldeasturias.com\\\/noticias\\\/wp-content\\\/uploads\\\/2020\\\/12\\\/EDA.jpg\",\"@id\":\"https:\\\/\\\/www.eldigitaldeasturias.com\\\/noticias\\\/banez-abre-la-puerta-a-revisar-los-ingresos-de-la-seguridad-social\\\/#organizationLogo\",\"width\":649,\"height\":297},\"image\":{\"@id\":\"https:\\\/\\\/www.eldigitaldeasturias.com\\\/noticias\\\/banez-abre-la-puerta-a-revisar-los-ingresos-de-la-seguridad-social\\\/#organizationLogo\"},\"sameAs\":[\"https:\\\/\\\/facebook.com\\\/eldigitaldeasturias\",\"https:\\\/\\\/www.youtube.com\\\/channel\\\/UCZP-2wLEB9Rv6erhFmqVnvg\"],\"address\":{\"@id\":\"https:\\\/\\\/www.eldigitaldeasturias.com\\\/noticias\\\/#postaladdress\",\"@type\":\"PostalAddress\",\"streetAddress\":\"san antonio 4,\",\"postalCode\":\"33430\",\"addressLocality\":\"Cand\\u00e1s\",\"addressRegion\":\"Asturias\",\"addressCountry\":\"ES\"}},{\"@type\":\"Person\",\"@id\":\"https:\\\/\\\/www.eldigitaldeasturias.com\\\/noticias\\\/author\\\/admin\\\/#author\",\"url\":\"https:\\\/\\\/www.eldigitaldeasturias.com\\\/noticias\\\/author\\\/admin\\\/\",\"name\":\"El Digital de Asturias\",\"image\":{\"@type\":\"ImageObject\",\"@id\":\"https:\\\/\\\/www.eldigitaldeasturias.com\\\/noticias\\\/banez-abre-la-puerta-a-revisar-los-ingresos-de-la-seguridad-social\\\/#authorImage\",\"url\":\"https:\\\/\\\/www.eldigitaldeasturias.com\\\/noticias\\\/wp-content\\\/litespeed\\\/avatar\\\/18677e78aa0546b92d9dbf31ec7d7668.jpg?ver=1777290358\",\"width\":96,\"height\":96,\"caption\":\"El Digital de Asturias\"}},{\"@type\":\"WebPage\",\"@id\":\"https:\\\/\\\/www.eldigitaldeasturias.com\\\/noticias\\\/banez-abre-la-puerta-a-revisar-los-ingresos-de-la-seguridad-social\\\/#webpage\",\"url\":\"https:\\\/\\\/www.eldigitaldeasturias.com\\\/noticias\\\/banez-abre-la-puerta-a-revisar-los-ingresos-de-la-seguridad-social\\\/\",\"name\":\"B\\u00e1\\u00f1ez abre la puerta a revisar los ingresos de la Seguridad Social - El Digital de Asturias\",\"description\":\"MADRID, 25 Sep. (EUROPA PRESS) - La ministra de Empleo, F\\u00e1tima B\\u00e1\\u00f1ez, ha dejado abierta la puerta a revisar los ingresos de la Seguridad Social para poder mantener el poder adquisitivo de las pensiones, aunque ha recordado que la reforma que ha plantado el Gobierno sobre el sistema de revalorizaci\\u00f3n permitir\\u00e1 mantener ese poder de compra\",\"inLanguage\":\"es-ES\",\"isPartOf\":{\"@id\":\"https:\\\/\\\/www.eldigitaldeasturias.com\\\/noticias\\\/#website\"},\"breadcrumb\":{\"@id\":\"https:\\\/\\\/www.eldigitaldeasturias.com\\\/noticias\\\/banez-abre-la-puerta-a-revisar-los-ingresos-de-la-seguridad-social\\\/#breadcrumblist\"},\"author\":{\"@id\":\"https:\\\/\\\/www.eldigitaldeasturias.com\\\/noticias\\\/author\\\/admin\\\/#author\"},\"creator\":{\"@id\":\"https:\\\/\\\/www.eldigitaldeasturias.com\\\/noticias\\\/author\\\/admin\\\/#author\"},\"image\":{\"@type\":\"ImageObject\",\"url\":3113,\"@id\":\"https:\\\/\\\/www.eldigitaldeasturias.com\\\/noticias\\\/banez-abre-la-puerta-a-revisar-los-ingresos-de-la-seguridad-social\\\/#mainImage\"},\"primaryImageOfPage\":{\"@id\":\"https:\\\/\\\/www.eldigitaldeasturias.com\\\/noticias\\\/banez-abre-la-puerta-a-revisar-los-ingresos-de-la-seguridad-social\\\/#mainImage\"},\"datePublished\":\"2013-09-25T20:16:13+02:00\",\"dateModified\":\"2013-09-25T20:16:13+02:00\"},{\"@type\":\"WebSite\",\"@id\":\"https:\\\/\\\/www.eldigitaldeasturias.com\\\/noticias\\\/#website\",\"url\":\"https:\\\/\\\/www.eldigitaldeasturias.com\\\/noticias\\\/\",\"name\":\"El Digital de Asturias - Diario de actualidad y noticias\",\"alternateName\":\"El Digital de Asturias - Diario de actualidad y noticias\",\"description\":\"Hemeroteca\",\"inLanguage\":\"es-ES\",\"publisher\":{\"@id\":\"https:\\\/\\\/www.eldigitaldeasturias.com\\\/noticias\\\/#organization\"}}]}\n\t\t<\/script>\n\t\t<!-- All in One SEO Pro -->\r\n\t\t<title>B\u00e1\u00f1ez abre la puerta a revisar los ingresos de la Seguridad Social - El Digital de Asturias<\/title>\n\n","aioseo_head_json":{"title":"B\u00e1\u00f1ez abre la puerta a revisar los ingresos de la Seguridad Social - El Digital de Asturias","description":"MADRID, 25 Sep. (EUROPA PRESS) - La ministra de Empleo, F\u00e1tima B\u00e1\u00f1ez, ha dejado abierta la puerta a revisar los ingresos de la Seguridad Social para poder mantener el poder adquisitivo de las pensiones, aunque ha recordado que la reforma que ha plantado el Gobierno sobre el sistema de revalorizaci\u00f3n permitir\u00e1 mantener ese poder de compra","canonical_url":"https:\/\/www.eldigitaldeasturias.com\/noticias\/banez-abre-la-puerta-a-revisar-los-ingresos-de-la-seguridad-social\/","robots":"max-image-preview:large","keywords":"actualidad","webmasterTools":{"google-site-verification":"UA-38556648-1","msvalidate.01":"7dfe9f3f1b24437ab69f4f2559babe99","miscellaneous":""},"schema":{"@context":"https:\/\/schema.org","@graph":[{"@type":"BlogPosting","@id":"https:\/\/www.eldigitaldeasturias.com\/noticias\/banez-abre-la-puerta-a-revisar-los-ingresos-de-la-seguridad-social\/#blogposting","name":"B\u00e1\u00f1ez abre la puerta a revisar los ingresos de la Seguridad Social - El Digital de Asturias","headline":"B\u00e1\u00f1ez abre la puerta a revisar los ingresos de la Seguridad Social","author":{"@id":"https:\/\/www.eldigitaldeasturias.com\/noticias\/author\/admin\/#author"},"publisher":{"@id":"https:\/\/www.eldigitaldeasturias.com\/noticias\/#organization"},"image":{"@type":"ImageObject","url":3113},"datePublished":"2013-09-25T20:16:13+02:00","dateModified":"2013-09-25T20:16:13+02:00","inLanguage":"es-ES","mainEntityOfPage":{"@id":"https:\/\/www.eldigitaldeasturias.com\/noticias\/banez-abre-la-puerta-a-revisar-los-ingresos-de-la-seguridad-social\/#webpage"},"isPartOf":{"@id":"https:\/\/www.eldigitaldeasturias.com\/noticias\/banez-abre-la-puerta-a-revisar-los-ingresos-de-la-seguridad-social\/#webpage"},"articleSection":"Actualidad"},{"@type":"BreadcrumbList","@id":"https:\/\/www.eldigitaldeasturias.com\/noticias\/banez-abre-la-puerta-a-revisar-los-ingresos-de-la-seguridad-social\/#breadcrumblist","itemListElement":[{"@type":"ListItem","@id":"https:\/\/www.eldigitaldeasturias.com\/noticias#listItem","position":1,"name":"Home","item":"https:\/\/www.eldigitaldeasturias.com\/noticias","nextItem":{"@type":"ListItem","@id":"https:\/\/www.eldigitaldeasturias.com\/noticias\/category\/actualidad\/#listItem","name":"Actualidad"}},{"@type":"ListItem","@id":"https:\/\/www.eldigitaldeasturias.com\/noticias\/category\/actualidad\/#listItem","position":2,"name":"Actualidad","item":"https:\/\/www.eldigitaldeasturias.com\/noticias\/category\/actualidad\/","nextItem":{"@type":"ListItem","@id":"https:\/\/www.eldigitaldeasturias.com\/noticias\/banez-abre-la-puerta-a-revisar-los-ingresos-de-la-seguridad-social\/#listItem","name":"B\u00e1\u00f1ez abre la puerta a revisar los ingresos de la Seguridad Social"},"previousItem":{"@type":"ListItem","@id":"https:\/\/www.eldigitaldeasturias.com\/noticias#listItem","name":"Home"}},{"@type":"ListItem","@id":"https:\/\/www.eldigitaldeasturias.com\/noticias\/banez-abre-la-puerta-a-revisar-los-ingresos-de-la-seguridad-social\/#listItem","position":3,"name":"B\u00e1\u00f1ez abre la puerta a revisar los ingresos de la Seguridad Social","previousItem":{"@type":"ListItem","@id":"https:\/\/www.eldigitaldeasturias.com\/noticias\/category\/actualidad\/#listItem","name":"Actualidad"}}]},{"@type":"Organization","@id":"https:\/\/www.eldigitaldeasturias.com\/noticias\/#organization","name":"El Digital de Asturias","description":"Hemeroteca","url":"https:\/\/www.eldigitaldeasturias.com\/noticias\/","email":"info@eldigitaldeasturias.com","telephone":"+34652131393","logo":{"@type":"ImageObject","url":"https:\/\/www.eldigitaldeasturias.com\/noticias\/wp-content\/uploads\/2020\/12\/EDA.jpg","@id":"https:\/\/www.eldigitaldeasturias.com\/noticias\/banez-abre-la-puerta-a-revisar-los-ingresos-de-la-seguridad-social\/#organizationLogo","width":649,"height":297},"image":{"@id":"https:\/\/www.eldigitaldeasturias.com\/noticias\/banez-abre-la-puerta-a-revisar-los-ingresos-de-la-seguridad-social\/#organizationLogo"},"sameAs":["https:\/\/facebook.com\/eldigitaldeasturias","https:\/\/www.youtube.com\/channel\/UCZP-2wLEB9Rv6erhFmqVnvg"],"address":{"@id":"https:\/\/www.eldigitaldeasturias.com\/noticias\/#postaladdress","@type":"PostalAddress","streetAddress":"san antonio 4,","postalCode":"33430","addressLocality":"Cand\u00e1s","addressRegion":"Asturias","addressCountry":"ES"}},{"@type":"Person","@id":"https:\/\/www.eldigitaldeasturias.com\/noticias\/author\/admin\/#author","url":"https:\/\/www.eldigitaldeasturias.com\/noticias\/author\/admin\/","name":"El Digital de Asturias","image":{"@type":"ImageObject","@id":"https:\/\/www.eldigitaldeasturias.com\/noticias\/banez-abre-la-puerta-a-revisar-los-ingresos-de-la-seguridad-social\/#authorImage","url":"https:\/\/www.eldigitaldeasturias.com\/noticias\/wp-content\/litespeed\/avatar\/18677e78aa0546b92d9dbf31ec7d7668.jpg?ver=1777290358","width":96,"height":96,"caption":"El Digital de Asturias"}},{"@type":"WebPage","@id":"https:\/\/www.eldigitaldeasturias.com\/noticias\/banez-abre-la-puerta-a-revisar-los-ingresos-de-la-seguridad-social\/#webpage","url":"https:\/\/www.eldigitaldeasturias.com\/noticias\/banez-abre-la-puerta-a-revisar-los-ingresos-de-la-seguridad-social\/","name":"B\u00e1\u00f1ez abre la puerta a revisar los ingresos de la Seguridad Social - El Digital de Asturias","description":"MADRID, 25 Sep. (EUROPA PRESS) - La ministra de Empleo, F\u00e1tima B\u00e1\u00f1ez, ha dejado abierta la puerta a revisar los ingresos de la Seguridad Social para poder mantener el poder adquisitivo de las pensiones, aunque ha recordado que la reforma que ha plantado el Gobierno sobre el sistema de revalorizaci\u00f3n permitir\u00e1 mantener ese poder de compra","inLanguage":"es-ES","isPartOf":{"@id":"https:\/\/www.eldigitaldeasturias.com\/noticias\/#website"},"breadcrumb":{"@id":"https:\/\/www.eldigitaldeasturias.com\/noticias\/banez-abre-la-puerta-a-revisar-los-ingresos-de-la-seguridad-social\/#breadcrumblist"},"author":{"@id":"https:\/\/www.eldigitaldeasturias.com\/noticias\/author\/admin\/#author"},"creator":{"@id":"https:\/\/www.eldigitaldeasturias.com\/noticias\/author\/admin\/#author"},"image":{"@type":"ImageObject","url":3113,"@id":"https:\/\/www.eldigitaldeasturias.com\/noticias\/banez-abre-la-puerta-a-revisar-los-ingresos-de-la-seguridad-social\/#mainImage"},"primaryImageOfPage":{"@id":"https:\/\/www.eldigitaldeasturias.com\/noticias\/banez-abre-la-puerta-a-revisar-los-ingresos-de-la-seguridad-social\/#mainImage"},"datePublished":"2013-09-25T20:16:13+02:00","dateModified":"2013-09-25T20:16:13+02:00"},{"@type":"WebSite","@id":"https:\/\/www.eldigitaldeasturias.com\/noticias\/#website","url":"https:\/\/www.eldigitaldeasturias.com\/noticias\/","name":"El Digital de Asturias - Diario de actualidad y noticias","alternateName":"El Digital de Asturias - Diario de actualidad y noticias","description":"Hemeroteca","inLanguage":"es-ES","publisher":{"@id":"https:\/\/www.eldigitaldeasturias.com\/noticias\/#organization"}}]},"og:locale":"es_ES","og:site_name":"El Digital de Asturias","og:type":"article","og:title":"B\u00e1\u00f1ez abre la puerta a revisar los ingresos de la Seguridad Social - El Digital de Asturias","og:description":"MADRID, 25 Sep. (EUROPA PRESS) - La ministra de Empleo, F\u00e1tima B\u00e1\u00f1ez, ha dejado abierta la puerta a revisar los ingresos de la Seguridad Social para poder mantener el poder adquisitivo de las pensiones, aunque ha recordado que la reforma que ha plantado el Gobierno sobre el sistema de revalorizaci\u00f3n permitir\u00e1 mantener ese poder de compra","og:url":"https:\/\/www.eldigitaldeasturias.com\/noticias\/banez-abre-la-puerta-a-revisar-los-ingresos-de-la-seguridad-social\/","article:tag":["actualidad"],"article:published_time":"2013-09-25T20:16:13+00:00","article:modified_time":"2013-09-25T20:16:13+00:00","article:publisher":"https:\/\/facebook.com\/eldigitaldeasturias","twitter:card":"summary_large_image","twitter:title":"B\u00e1\u00f1ez abre la puerta a revisar los ingresos de la Seguridad Social - El Digital de Asturias","twitter:description":"MADRID, 25 Sep. (EUROPA PRESS) - La ministra de Empleo, F\u00e1tima B\u00e1\u00f1ez, ha dejado abierta la puerta a revisar los ingresos de la Seguridad Social para poder mantener el poder adquisitivo de las pensiones, aunque ha recordado que la reforma que ha plantado el Gobierno sobre el sistema de revalorizaci\u00f3n permitir\u00e1 mantener ese poder de compra","twitter:label1":"Escrito por","twitter:data1":"El Digital de Asturias","twitter:label2":"Tiempo de lectura estimado","twitter:data2":"5 minutos"},"aioseo_meta_data":{"post_id":"3112","title":null,"description":null,"keywords":null,"keyphrases":null,"primary_term":null,"canonical_url":null,"og_title":null,"og_description":null,"og_object_type":"default","og_image_type":"default","og_image_url":null,"og_image_width":null,"og_image_height":null,"og_image_custom_url":null,"og_image_custom_fields":null,"og_video":null,"og_custom_url":null,"og_article_section":null,"og_article_tags":null,"twitter_use_og":true,"twitter_card":"default","twitter_image_type":"default","twitter_image_url":null,"twitter_image_custom_url":null,"twitter_image_custom_fields":null,"twitter_title":null,"twitter_description":null,"schema":{"blockGraphs":[],"customGraphs":[],"default":{"data":{"Article":[],"Course":[],"Dataset":[],"FAQPage":[],"Movie":[],"Person":[],"Product":[],"ProductReview":[],"Car":[],"Recipe":[],"Service":[],"SoftwareApplication":[],"WebPage":[]},"graphName":"","isEnabled":true},"graphs":[],"defaultGraph":"","defaultPostTypeGraph":""},"schema_type":null,"schema_type_options":null,"pillar_content":false,"robots_default":true,"robots_noindex":false,"robots_noarchive":false,"robots_nosnippet":false,"robots_nofollow":false,"robots_noimageindex":false,"robots_noodp":false,"robots_notranslate":false,"robots_max_snippet":null,"robots_max_videopreview":null,"robots_max_imagepreview":"none","priority":null,"frequency":null,"local_seo":null,"seo_analyzer_scan_date":"2025-08-21 05:47:36","breadcrumb_settings":null,"limit_modified_date":false,"open_ai":null,"ai":null,"created":"2020-11-14 22:37:03","updated":"2025-08-21 05:47:36"},"aioseo_breadcrumb":"<div class=\"aioseo-breadcrumbs\"><span class=\"aioseo-breadcrumb\">\n\t<a href=\"https:\/\/www.eldigitaldeasturias.com\/noticias\" title=\"Home\">Home<\/a>\n<\/span><span class=\"aioseo-breadcrumb-separator\">\u2013<\/span><span class=\"aioseo-breadcrumb\">\n\t<a href=\"https:\/\/www.eldigitaldeasturias.com\/noticias\/category\/actualidad\/\" title=\"Actualidad\">Actualidad<\/a>\n<\/span><span class=\"aioseo-breadcrumb-separator\">\u2013<\/span><span class=\"aioseo-breadcrumb\">\n\t<a href=\"https:\/\/www.eldigitaldeasturias.com\/noticias\/banez-abre-la-puerta-a-revisar-los-ingresos-de-la-seguridad-social\/\" title=\"B\u00e1\u00f1ez abre la puerta a revisar los ingresos de la Seguridad Social\">B\u00e1\u00f1ez abre la puerta a revisar los ingresos de la Seguridad Social<\/a>\n<\/span><\/div>","aioseo_breadcrumb_json":[{"label":"Home","link":"https:\/\/www.eldigitaldeasturias.com\/noticias"},{"label":"Actualidad","link":"https:\/\/www.eldigitaldeasturias.com\/noticias\/category\/actualidad\/"},{"label":"B\u00e1\u00f1ez abre la puerta a revisar los ingresos de la Seguridad Social","link":"https:\/\/www.eldigitaldeasturias.com\/noticias\/banez-abre-la-puerta-a-revisar-los-ingresos-de-la-seguridad-social\/"}],"_links":{"self":[{"href":"https:\/\/www.eldigitaldeasturias.com\/noticias\/wp-json\/wp\/v2\/posts\/3112","targetHints":{"allow":["GET"]}}],"collection":[{"href":"https:\/\/www.eldigitaldeasturias.com\/noticias\/wp-json\/wp\/v2\/posts"}],"about":[{"href":"https:\/\/www.eldigitaldeasturias.com\/noticias\/wp-json\/wp\/v2\/types\/post"}],"author":[{"embeddable":true,"href":"https:\/\/www.eldigitaldeasturias.com\/noticias\/wp-json\/wp\/v2\/users\/1"}],"replies":[{"embeddable":true,"href":"https:\/\/www.eldigitaldeasturias.com\/noticias\/wp-json\/wp\/v2\/comments?post=3112"}],"version-history":[{"count":0,"href":"https:\/\/www.eldigitaldeasturias.com\/noticias\/wp-json\/wp\/v2\/posts\/3112\/revisions"}],"wp:featuredmedia":[{"embeddable":true,"href":"https:\/\/www.eldigitaldeasturias.com\/noticias\/wp-json\/"}],"wp:attachment":[{"href":"https:\/\/www.eldigitaldeasturias.com\/noticias\/wp-json\/wp\/v2\/media?parent=3112"}],"wp:term":[{"taxonomy":"category","embeddable":true,"href":"https:\/\/www.eldigitaldeasturias.com\/noticias\/wp-json\/wp\/v2\/categories?post=3112"},{"taxonomy":"post_tag","embeddable":true,"href":"https:\/\/www.eldigitaldeasturias.com\/noticias\/wp-json\/wp\/v2\/tags?post=3112"}],"curies":[{"name":"wp","href":"https:\/\/api.w.org\/{rel}","templated":true}]}}