{"id":3109,"date":"2013-09-25T20:14:06","date_gmt":"2013-09-25T20:14:06","guid":{"rendered":"http:\/\/www.eldigitaldeasturias.com\/noticias\/?p=3109"},"modified":"2013-09-25T20:14:06","modified_gmt":"2013-09-25T20:14:06","slug":"iag-afirma-que-el-problema-de-barajas-radica-en-la-economia-espanola","status":"publish","type":"post","link":"https:\/\/www.eldigitaldeasturias.com\/noticias\/iag-afirma-que-el-problema-de-barajas-radica-en-la-economia-espanola\/","title":{"rendered":"IAG afirma que el problema de Barajas radica en la econom\u00eda espa\u00f1ola"},"content":{"rendered":"<p><img loading=\"lazy\" decoding=\"async\" class=\"alignleft size-medium wp-image-3110\" alt=\"fotonoticia_20130925094729_800\" src=\"https:\/\/www.eldigitaldeasturias.com\/noticias\/wp-content\/uploads\/2013\/09\/fotonoticia_20130925094729_800-360x210.jpg\" width=\"360\" height=\"210\" \/>MADRID, 25 Sep. (EUROPA PRESS) &#8211;\u00a0El consejero delegado de IAG, Willie Walsh, ha se\u00f1alado que la ca\u00edda de tr\u00e1fico del aeropuerto de Madrid-Barajas se debe a los problemas que atraviesan tanto la econom\u00eda espa\u00f1ola como la madrile\u00f1a y no a la reestructuraci\u00f3n de Iberia como alega el Gobierno.<\/p>\n<p>En declaraciones a &#8216;La Vanguardia&#8217; recogidas por Europa Press, Walsh ha hecho hincapi\u00e9 en que IAG no es culpable de la situaci\u00f3n que atraviesa Espa\u00f1a ni de la subida de tasas en los principales aeropuertos espa\u00f1oles.<\/p>\n<p>Para el dirtectivo del &#8216;holding&#8217; resultante de la fusi\u00f3n de Iberia y British Airways (BA), el aer\u00f3dromo madrile\u00f1o es una \u00abexcelente infraestructura\u00bb, pero su crecimiento es \u00abimposible\u00bb con el alza de las tasas.<\/p>\n<p>Respecto a las cr\u00edticas del ministro de Industria, Energ\u00eda y Turismo, Jos\u00e9 Manuel Soria, quien en diversas ocasiones ha apuntado que la fusi\u00f3n solo ha beneficiado a BA, Walsh ha remarcado que la situaci\u00f3n \u00abcr\u00edtica\u00bb de Iberia no es culpa de IAG.<\/p>\n<p>De igual forma, ha tenido palabras para la ministra de Fomento, Ana Pastor, con la que al parecer ha intentado reunirse en diversas ocasiones sin \u00e9xito.\u00bbSiempre est\u00e1 demasiado ocupada para recibirme. No conozco a los pol\u00edticos que nos critican y nunca se han dirigido a m\u00ed personalmente\u00bb, ha subrayado.<\/p>\n<p>Por todo ello, ha defendido la fusi\u00f3n de BA e Iberia al se\u00f1alar que era la \u00abmejor opci\u00f3n\u00bb ante la prolongaci\u00f3n y empeoramiento de la sintuaci\u00f3n de la econom\u00eda espa\u00f1ola, aunque ha puntualizado que es \u00abimposible\u00bb conocer cu\u00e1ndo se recuperar\u00e1 Iberia, ya que antes tendr\u00e1 que llegar a una base de costes de la que a\u00fan est\u00e1 lejos.<\/p>\n<p>No obstante, ha confiado en una mejora de la aerol\u00ednea espa\u00f1ola \u00aba medio plazo\u00bb. \u00abHasta 2015 no podremos despedir a todos los trabajadores que sobran, entonces empezaremos una nueva etapa\u00bb, ha matizado.<\/p>\n<p>VUELING CONTINUAR\u00c1 EN BARCELONA.<\/p>\n<p>En cuanto a Vueling, el ejecutivo ha aseverado que adem\u00e1s de crecer en el aeropuerto de Barcelona-El Prat expandir\u00e1 sus bases internacionales como Par\u00eds, Amsterdam y Roma y ha remarcado que el objetivo de la compa\u00f1\u00eda catalana no es trabajar para BA ni alimentar vuelos de largo radio, a menos que as\u00ed lo considere su consejero delegado, \u00c1lex Cruz.<\/p>\n<p>Asimismo, Walsh ha insistido en que Vueling seguir\u00e1 teniendo su base de operaciones en Barcelona, incluso si Catalu\u00f1a se independizara o dejara de pertenecer a la Uni\u00f3n Europea.<\/p>\n<p>\u00abBUENA SUERTE\u00bb A AIR EUROPA.<\/p>\n<p>Por su parte, en declaraciones a &#8216;Cinco D\u00edas&#8217;, el ejecutivo ha afirmado que los pilotos de Iberia no deben compararse con los de BA, sino con los de su competencia en Espa\u00f1a, Air Europa.<\/p>\n<p>Adem\u00e1s, respecto a la inauguraci\u00f3n de nuevas rutas a Latinoam\u00e9rica por parte de la compa\u00f1\u00eda a\u00e9rea de Globalia, Walsh les ha deseado \u00abbuena suerte\u00bb, al matizar que Iberia perd\u00eda dinero en esas rutas por su base de costes.<\/p>\n<p>\u00abTenemos que reconocer que afrontamos m\u00e1s competencia, pero por eso tenemos que cambiar, ser atractivos para nuestros clientes y ganar dinero ante competidores muy agresivos, en Espa\u00f1a y tambi\u00e9n en Latinoam\u00e9rica\u00bb, ha destacado.<\/p>\n","protected":false},"excerpt":{"rendered":"<p>MADRID, 25 Sep. (EUROPA PRESS) &#8211;\u00a0El consejero delegado de IAG, Willie Walsh, ha se\u00f1alado que la ca\u00edda de tr\u00e1fico del aeropuerto de Madrid-Barajas se debe a los problemas que atraviesan tanto la econom\u00eda espa\u00f1ola como la madrile\u00f1a y no a la reestructuraci\u00f3n de Iberia como alega el Gobierno. En declaraciones a &#8216;La Vanguardia&#8217; recogidas por [&hellip;]<\/p>\n","protected":false},"author":1,"featured_media":3110,"comment_status":"open","ping_status":"open","sticky":false,"template":"","format":"standard","meta":{"footnotes":""},"categories":[1],"tags":[],"class_list":["post-3109","post","type-post","status-publish","format-standard","has-post-thumbnail","hentry","category-actualidad"],"aioseo_notices":[],"aioseo_head":"\n\t\t<!-- All in One SEO Pro 4.9.6.2 - aioseo.com -->\n\t<meta name=\"description\" content=\"MADRID, 25 Sep. (EUROPA PRESS) - El consejero delegado de IAG, Willie Walsh, ha se\u00f1alado que la ca\u00edda de tr\u00e1fico del aeropuerto de Madrid-Barajas se debe a los problemas que atraviesan tanto la econom\u00eda espa\u00f1ola como la madrile\u00f1a y no a la reestructuraci\u00f3n de Iberia como alega el Gobierno. En declaraciones a &#039;La Vanguardia&#039; recogidas por\" \/>\n\t<meta name=\"robots\" content=\"max-image-preview:large\" \/>\n\t<meta name=\"author\" content=\"El Digital de Asturias\"\/>\n\t<meta name=\"google-site-verification\" content=\"UA-38556648-1\" \/>\n\t<meta name=\"msvalidate.01\" content=\"7dfe9f3f1b24437ab69f4f2559babe99\" \/>\n\t<meta name=\"keywords\" content=\"actualidad\" \/>\n\t<link rel=\"canonical\" href=\"https:\/\/www.eldigitaldeasturias.com\/noticias\/iag-afirma-que-el-problema-de-barajas-radica-en-la-economia-espanola\/\" \/>\n\t<meta name=\"generator\" content=\"All in One SEO Pro (AIOSEO) 4.9.6.2\" \/>\n\t\t<meta property=\"og:locale\" content=\"es_ES\" \/>\n\t\t<meta property=\"og:site_name\" content=\"El Digital de Asturias\" \/>\n\t\t<meta property=\"og:type\" content=\"article\" \/>\n\t\t<meta property=\"og:title\" content=\"IAG afirma que el problema de Barajas radica en la econom\u00eda espa\u00f1ola - El Digital de Asturias\" \/>\n\t\t<meta property=\"og:description\" content=\"MADRID, 25 Sep. (EUROPA PRESS) - El consejero delegado de IAG, Willie Walsh, ha se\u00f1alado que la ca\u00edda de tr\u00e1fico del aeropuerto de Madrid-Barajas se debe a los problemas que atraviesan tanto la econom\u00eda espa\u00f1ola como la madrile\u00f1a y no a la reestructuraci\u00f3n de Iberia como alega el Gobierno. En declaraciones a &#039;La Vanguardia&#039; recogidas por\" \/>\n\t\t<meta property=\"og:url\" content=\"https:\/\/www.eldigitaldeasturias.com\/noticias\/iag-afirma-que-el-problema-de-barajas-radica-en-la-economia-espanola\/\" \/>\n\t\t<meta property=\"article:tag\" content=\"actualidad\" \/>\n\t\t<meta property=\"article:published_time\" content=\"2013-09-25T20:14:06+00:00\" \/>\n\t\t<meta property=\"article:modified_time\" content=\"2013-09-25T20:14:06+00:00\" \/>\n\t\t<meta property=\"article:publisher\" content=\"https:\/\/facebook.com\/eldigitaldeasturias\" \/>\n\t\t<meta name=\"twitter:card\" content=\"summary_large_image\" \/>\n\t\t<meta name=\"twitter:title\" content=\"IAG afirma que el problema de Barajas radica en la econom\u00eda espa\u00f1ola - El Digital de Asturias\" \/>\n\t\t<meta name=\"twitter:description\" content=\"MADRID, 25 Sep. (EUROPA PRESS) - El consejero delegado de IAG, Willie Walsh, ha se\u00f1alado que la ca\u00edda de tr\u00e1fico del aeropuerto de Madrid-Barajas se debe a los problemas que atraviesan tanto la econom\u00eda espa\u00f1ola como la madrile\u00f1a y no a la reestructuraci\u00f3n de Iberia como alega el Gobierno. En declaraciones a &#039;La Vanguardia&#039; recogidas por\" \/>\n\t\t<meta name=\"twitter:label1\" content=\"Escrito por\" \/>\n\t\t<meta name=\"twitter:data1\" content=\"El Digital de Asturias\" \/>\n\t\t<meta name=\"twitter:label2\" content=\"Tiempo de lectura estimado\" \/>\n\t\t<meta name=\"twitter:data2\" content=\"3 minutos\" \/>\n\t\t<script type=\"application\/ld+json\" class=\"aioseo-schema\">\n\t\t\t{\"@context\":\"https:\\\/\\\/schema.org\",\"@graph\":[{\"@type\":\"BlogPosting\",\"@id\":\"https:\\\/\\\/www.eldigitaldeasturias.com\\\/noticias\\\/iag-afirma-que-el-problema-de-barajas-radica-en-la-economia-espanola\\\/#blogposting\",\"name\":\"IAG afirma que el problema de Barajas radica en la econom\\u00eda espa\\u00f1ola - El Digital de Asturias\",\"headline\":\"IAG afirma que el problema de Barajas radica en la econom\\u00eda espa\\u00f1ola\",\"author\":{\"@id\":\"https:\\\/\\\/www.eldigitaldeasturias.com\\\/noticias\\\/author\\\/admin\\\/#author\"},\"publisher\":{\"@id\":\"https:\\\/\\\/www.eldigitaldeasturias.com\\\/noticias\\\/#organization\"},\"image\":{\"@type\":\"ImageObject\",\"url\":3110},\"datePublished\":\"2013-09-25T20:14:06+02:00\",\"dateModified\":\"2013-09-25T20:14:06+02:00\",\"inLanguage\":\"es-ES\",\"mainEntityOfPage\":{\"@id\":\"https:\\\/\\\/www.eldigitaldeasturias.com\\\/noticias\\\/iag-afirma-que-el-problema-de-barajas-radica-en-la-economia-espanola\\\/#webpage\"},\"isPartOf\":{\"@id\":\"https:\\\/\\\/www.eldigitaldeasturias.com\\\/noticias\\\/iag-afirma-que-el-problema-de-barajas-radica-en-la-economia-espanola\\\/#webpage\"},\"articleSection\":\"Actualidad\"},{\"@type\":\"BreadcrumbList\",\"@id\":\"https:\\\/\\\/www.eldigitaldeasturias.com\\\/noticias\\\/iag-afirma-que-el-problema-de-barajas-radica-en-la-economia-espanola\\\/#breadcrumblist\",\"itemListElement\":[{\"@type\":\"ListItem\",\"@id\":\"https:\\\/\\\/www.eldigitaldeasturias.com\\\/noticias#listItem\",\"position\":1,\"name\":\"Home\",\"item\":\"https:\\\/\\\/www.eldigitaldeasturias.com\\\/noticias\",\"nextItem\":{\"@type\":\"ListItem\",\"@id\":\"https:\\\/\\\/www.eldigitaldeasturias.com\\\/noticias\\\/category\\\/actualidad\\\/#listItem\",\"name\":\"Actualidad\"}},{\"@type\":\"ListItem\",\"@id\":\"https:\\\/\\\/www.eldigitaldeasturias.com\\\/noticias\\\/category\\\/actualidad\\\/#listItem\",\"position\":2,\"name\":\"Actualidad\",\"item\":\"https:\\\/\\\/www.eldigitaldeasturias.com\\\/noticias\\\/category\\\/actualidad\\\/\",\"nextItem\":{\"@type\":\"ListItem\",\"@id\":\"https:\\\/\\\/www.eldigitaldeasturias.com\\\/noticias\\\/iag-afirma-que-el-problema-de-barajas-radica-en-la-economia-espanola\\\/#listItem\",\"name\":\"IAG afirma que el problema de Barajas radica en la econom\\u00eda espa\\u00f1ola\"},\"previousItem\":{\"@type\":\"ListItem\",\"@id\":\"https:\\\/\\\/www.eldigitaldeasturias.com\\\/noticias#listItem\",\"name\":\"Home\"}},{\"@type\":\"ListItem\",\"@id\":\"https:\\\/\\\/www.eldigitaldeasturias.com\\\/noticias\\\/iag-afirma-que-el-problema-de-barajas-radica-en-la-economia-espanola\\\/#listItem\",\"position\":3,\"name\":\"IAG afirma que el problema de Barajas radica en la econom\\u00eda espa\\u00f1ola\",\"previousItem\":{\"@type\":\"ListItem\",\"@id\":\"https:\\\/\\\/www.eldigitaldeasturias.com\\\/noticias\\\/category\\\/actualidad\\\/#listItem\",\"name\":\"Actualidad\"}}]},{\"@type\":\"Organization\",\"@id\":\"https:\\\/\\\/www.eldigitaldeasturias.com\\\/noticias\\\/#organization\",\"name\":\"El Digital de Asturias\",\"description\":\"Hemeroteca\",\"url\":\"https:\\\/\\\/www.eldigitaldeasturias.com\\\/noticias\\\/\",\"email\":\"info@eldigitaldeasturias.com\",\"telephone\":\"+34652131393\",\"logo\":{\"@type\":\"ImageObject\",\"url\":\"https:\\\/\\\/www.eldigitaldeasturias.com\\\/noticias\\\/wp-content\\\/uploads\\\/2020\\\/12\\\/EDA.jpg\",\"@id\":\"https:\\\/\\\/www.eldigitaldeasturias.com\\\/noticias\\\/iag-afirma-que-el-problema-de-barajas-radica-en-la-economia-espanola\\\/#organizationLogo\",\"width\":649,\"height\":297},\"image\":{\"@id\":\"https:\\\/\\\/www.eldigitaldeasturias.com\\\/noticias\\\/iag-afirma-que-el-problema-de-barajas-radica-en-la-economia-espanola\\\/#organizationLogo\"},\"sameAs\":[\"https:\\\/\\\/facebook.com\\\/eldigitaldeasturias\",\"https:\\\/\\\/www.youtube.com\\\/channel\\\/UCZP-2wLEB9Rv6erhFmqVnvg\"],\"address\":{\"@id\":\"https:\\\/\\\/www.eldigitaldeasturias.com\\\/noticias\\\/#postaladdress\",\"@type\":\"PostalAddress\",\"streetAddress\":\"san antonio 4,\",\"postalCode\":\"33430\",\"addressLocality\":\"Cand\\u00e1s\",\"addressRegion\":\"Asturias\",\"addressCountry\":\"ES\"}},{\"@type\":\"Person\",\"@id\":\"https:\\\/\\\/www.eldigitaldeasturias.com\\\/noticias\\\/author\\\/admin\\\/#author\",\"url\":\"https:\\\/\\\/www.eldigitaldeasturias.com\\\/noticias\\\/author\\\/admin\\\/\",\"name\":\"El Digital de Asturias\",\"image\":{\"@type\":\"ImageObject\",\"@id\":\"https:\\\/\\\/www.eldigitaldeasturias.com\\\/noticias\\\/iag-afirma-que-el-problema-de-barajas-radica-en-la-economia-espanola\\\/#authorImage\",\"url\":\"https:\\\/\\\/www.eldigitaldeasturias.com\\\/noticias\\\/wp-content\\\/litespeed\\\/avatar\\\/18677e78aa0546b92d9dbf31ec7d7668.jpg?ver=1777290358\",\"width\":96,\"height\":96,\"caption\":\"El Digital de Asturias\"}},{\"@type\":\"WebPage\",\"@id\":\"https:\\\/\\\/www.eldigitaldeasturias.com\\\/noticias\\\/iag-afirma-que-el-problema-de-barajas-radica-en-la-economia-espanola\\\/#webpage\",\"url\":\"https:\\\/\\\/www.eldigitaldeasturias.com\\\/noticias\\\/iag-afirma-que-el-problema-de-barajas-radica-en-la-economia-espanola\\\/\",\"name\":\"IAG afirma que el problema de Barajas radica en la econom\\u00eda espa\\u00f1ola - El Digital de Asturias\",\"description\":\"MADRID, 25 Sep. (EUROPA PRESS) - El consejero delegado de IAG, Willie Walsh, ha se\\u00f1alado que la ca\\u00edda de tr\\u00e1fico del aeropuerto de Madrid-Barajas se debe a los problemas que atraviesan tanto la econom\\u00eda espa\\u00f1ola como la madrile\\u00f1a y no a la reestructuraci\\u00f3n de Iberia como alega el Gobierno. En declaraciones a 'La Vanguardia' recogidas por\",\"inLanguage\":\"es-ES\",\"isPartOf\":{\"@id\":\"https:\\\/\\\/www.eldigitaldeasturias.com\\\/noticias\\\/#website\"},\"breadcrumb\":{\"@id\":\"https:\\\/\\\/www.eldigitaldeasturias.com\\\/noticias\\\/iag-afirma-que-el-problema-de-barajas-radica-en-la-economia-espanola\\\/#breadcrumblist\"},\"author\":{\"@id\":\"https:\\\/\\\/www.eldigitaldeasturias.com\\\/noticias\\\/author\\\/admin\\\/#author\"},\"creator\":{\"@id\":\"https:\\\/\\\/www.eldigitaldeasturias.com\\\/noticias\\\/author\\\/admin\\\/#author\"},\"image\":{\"@type\":\"ImageObject\",\"url\":3110,\"@id\":\"https:\\\/\\\/www.eldigitaldeasturias.com\\\/noticias\\\/iag-afirma-que-el-problema-de-barajas-radica-en-la-economia-espanola\\\/#mainImage\"},\"primaryImageOfPage\":{\"@id\":\"https:\\\/\\\/www.eldigitaldeasturias.com\\\/noticias\\\/iag-afirma-que-el-problema-de-barajas-radica-en-la-economia-espanola\\\/#mainImage\"},\"datePublished\":\"2013-09-25T20:14:06+02:00\",\"dateModified\":\"2013-09-25T20:14:06+02:00\"},{\"@type\":\"WebSite\",\"@id\":\"https:\\\/\\\/www.eldigitaldeasturias.com\\\/noticias\\\/#website\",\"url\":\"https:\\\/\\\/www.eldigitaldeasturias.com\\\/noticias\\\/\",\"name\":\"El Digital de Asturias - Diario de actualidad y noticias\",\"alternateName\":\"El Digital de Asturias - Diario de actualidad y noticias\",\"description\":\"Hemeroteca\",\"inLanguage\":\"es-ES\",\"publisher\":{\"@id\":\"https:\\\/\\\/www.eldigitaldeasturias.com\\\/noticias\\\/#organization\"}}]}\n\t\t<\/script>\n\t\t<!-- All in One SEO Pro -->\r\n\t\t<title>IAG afirma que el problema de Barajas radica en la econom\u00eda espa\u00f1ola - El Digital de Asturias<\/title>\n\n","aioseo_head_json":{"title":"IAG afirma que el problema de Barajas radica en la econom\u00eda espa\u00f1ola - El Digital de Asturias","description":"MADRID, 25 Sep. (EUROPA PRESS) - El consejero delegado de IAG, Willie Walsh, ha se\u00f1alado que la ca\u00edda de tr\u00e1fico del aeropuerto de Madrid-Barajas se debe a los problemas que atraviesan tanto la econom\u00eda espa\u00f1ola como la madrile\u00f1a y no a la reestructuraci\u00f3n de Iberia como alega el Gobierno. En declaraciones a 'La Vanguardia' recogidas por","canonical_url":"https:\/\/www.eldigitaldeasturias.com\/noticias\/iag-afirma-que-el-problema-de-barajas-radica-en-la-economia-espanola\/","robots":"max-image-preview:large","keywords":"actualidad","webmasterTools":{"google-site-verification":"UA-38556648-1","msvalidate.01":"7dfe9f3f1b24437ab69f4f2559babe99","miscellaneous":""},"schema":{"@context":"https:\/\/schema.org","@graph":[{"@type":"BlogPosting","@id":"https:\/\/www.eldigitaldeasturias.com\/noticias\/iag-afirma-que-el-problema-de-barajas-radica-en-la-economia-espanola\/#blogposting","name":"IAG afirma que el problema de Barajas radica en la econom\u00eda espa\u00f1ola - El Digital de Asturias","headline":"IAG afirma que el problema de Barajas radica en la econom\u00eda espa\u00f1ola","author":{"@id":"https:\/\/www.eldigitaldeasturias.com\/noticias\/author\/admin\/#author"},"publisher":{"@id":"https:\/\/www.eldigitaldeasturias.com\/noticias\/#organization"},"image":{"@type":"ImageObject","url":3110},"datePublished":"2013-09-25T20:14:06+02:00","dateModified":"2013-09-25T20:14:06+02:00","inLanguage":"es-ES","mainEntityOfPage":{"@id":"https:\/\/www.eldigitaldeasturias.com\/noticias\/iag-afirma-que-el-problema-de-barajas-radica-en-la-economia-espanola\/#webpage"},"isPartOf":{"@id":"https:\/\/www.eldigitaldeasturias.com\/noticias\/iag-afirma-que-el-problema-de-barajas-radica-en-la-economia-espanola\/#webpage"},"articleSection":"Actualidad"},{"@type":"BreadcrumbList","@id":"https:\/\/www.eldigitaldeasturias.com\/noticias\/iag-afirma-que-el-problema-de-barajas-radica-en-la-economia-espanola\/#breadcrumblist","itemListElement":[{"@type":"ListItem","@id":"https:\/\/www.eldigitaldeasturias.com\/noticias#listItem","position":1,"name":"Home","item":"https:\/\/www.eldigitaldeasturias.com\/noticias","nextItem":{"@type":"ListItem","@id":"https:\/\/www.eldigitaldeasturias.com\/noticias\/category\/actualidad\/#listItem","name":"Actualidad"}},{"@type":"ListItem","@id":"https:\/\/www.eldigitaldeasturias.com\/noticias\/category\/actualidad\/#listItem","position":2,"name":"Actualidad","item":"https:\/\/www.eldigitaldeasturias.com\/noticias\/category\/actualidad\/","nextItem":{"@type":"ListItem","@id":"https:\/\/www.eldigitaldeasturias.com\/noticias\/iag-afirma-que-el-problema-de-barajas-radica-en-la-economia-espanola\/#listItem","name":"IAG afirma que el problema de Barajas radica en la econom\u00eda espa\u00f1ola"},"previousItem":{"@type":"ListItem","@id":"https:\/\/www.eldigitaldeasturias.com\/noticias#listItem","name":"Home"}},{"@type":"ListItem","@id":"https:\/\/www.eldigitaldeasturias.com\/noticias\/iag-afirma-que-el-problema-de-barajas-radica-en-la-economia-espanola\/#listItem","position":3,"name":"IAG afirma que el problema de Barajas radica en la econom\u00eda espa\u00f1ola","previousItem":{"@type":"ListItem","@id":"https:\/\/www.eldigitaldeasturias.com\/noticias\/category\/actualidad\/#listItem","name":"Actualidad"}}]},{"@type":"Organization","@id":"https:\/\/www.eldigitaldeasturias.com\/noticias\/#organization","name":"El Digital de Asturias","description":"Hemeroteca","url":"https:\/\/www.eldigitaldeasturias.com\/noticias\/","email":"info@eldigitaldeasturias.com","telephone":"+34652131393","logo":{"@type":"ImageObject","url":"https:\/\/www.eldigitaldeasturias.com\/noticias\/wp-content\/uploads\/2020\/12\/EDA.jpg","@id":"https:\/\/www.eldigitaldeasturias.com\/noticias\/iag-afirma-que-el-problema-de-barajas-radica-en-la-economia-espanola\/#organizationLogo","width":649,"height":297},"image":{"@id":"https:\/\/www.eldigitaldeasturias.com\/noticias\/iag-afirma-que-el-problema-de-barajas-radica-en-la-economia-espanola\/#organizationLogo"},"sameAs":["https:\/\/facebook.com\/eldigitaldeasturias","https:\/\/www.youtube.com\/channel\/UCZP-2wLEB9Rv6erhFmqVnvg"],"address":{"@id":"https:\/\/www.eldigitaldeasturias.com\/noticias\/#postaladdress","@type":"PostalAddress","streetAddress":"san antonio 4,","postalCode":"33430","addressLocality":"Cand\u00e1s","addressRegion":"Asturias","addressCountry":"ES"}},{"@type":"Person","@id":"https:\/\/www.eldigitaldeasturias.com\/noticias\/author\/admin\/#author","url":"https:\/\/www.eldigitaldeasturias.com\/noticias\/author\/admin\/","name":"El Digital de Asturias","image":{"@type":"ImageObject","@id":"https:\/\/www.eldigitaldeasturias.com\/noticias\/iag-afirma-que-el-problema-de-barajas-radica-en-la-economia-espanola\/#authorImage","url":"https:\/\/www.eldigitaldeasturias.com\/noticias\/wp-content\/litespeed\/avatar\/18677e78aa0546b92d9dbf31ec7d7668.jpg?ver=1777290358","width":96,"height":96,"caption":"El Digital de Asturias"}},{"@type":"WebPage","@id":"https:\/\/www.eldigitaldeasturias.com\/noticias\/iag-afirma-que-el-problema-de-barajas-radica-en-la-economia-espanola\/#webpage","url":"https:\/\/www.eldigitaldeasturias.com\/noticias\/iag-afirma-que-el-problema-de-barajas-radica-en-la-economia-espanola\/","name":"IAG afirma que el problema de Barajas radica en la econom\u00eda espa\u00f1ola - El Digital de Asturias","description":"MADRID, 25 Sep. (EUROPA PRESS) - El consejero delegado de IAG, Willie Walsh, ha se\u00f1alado que la ca\u00edda de tr\u00e1fico del aeropuerto de Madrid-Barajas se debe a los problemas que atraviesan tanto la econom\u00eda espa\u00f1ola como la madrile\u00f1a y no a la reestructuraci\u00f3n de Iberia como alega el Gobierno. En declaraciones a 'La Vanguardia' recogidas por","inLanguage":"es-ES","isPartOf":{"@id":"https:\/\/www.eldigitaldeasturias.com\/noticias\/#website"},"breadcrumb":{"@id":"https:\/\/www.eldigitaldeasturias.com\/noticias\/iag-afirma-que-el-problema-de-barajas-radica-en-la-economia-espanola\/#breadcrumblist"},"author":{"@id":"https:\/\/www.eldigitaldeasturias.com\/noticias\/author\/admin\/#author"},"creator":{"@id":"https:\/\/www.eldigitaldeasturias.com\/noticias\/author\/admin\/#author"},"image":{"@type":"ImageObject","url":3110,"@id":"https:\/\/www.eldigitaldeasturias.com\/noticias\/iag-afirma-que-el-problema-de-barajas-radica-en-la-economia-espanola\/#mainImage"},"primaryImageOfPage":{"@id":"https:\/\/www.eldigitaldeasturias.com\/noticias\/iag-afirma-que-el-problema-de-barajas-radica-en-la-economia-espanola\/#mainImage"},"datePublished":"2013-09-25T20:14:06+02:00","dateModified":"2013-09-25T20:14:06+02:00"},{"@type":"WebSite","@id":"https:\/\/www.eldigitaldeasturias.com\/noticias\/#website","url":"https:\/\/www.eldigitaldeasturias.com\/noticias\/","name":"El Digital de Asturias - Diario de actualidad y noticias","alternateName":"El Digital de Asturias - Diario de actualidad y noticias","description":"Hemeroteca","inLanguage":"es-ES","publisher":{"@id":"https:\/\/www.eldigitaldeasturias.com\/noticias\/#organization"}}]},"og:locale":"es_ES","og:site_name":"El Digital de Asturias","og:type":"article","og:title":"IAG afirma que el problema de Barajas radica en la econom\u00eda espa\u00f1ola - El Digital de Asturias","og:description":"MADRID, 25 Sep. (EUROPA PRESS) - El consejero delegado de IAG, Willie Walsh, ha se\u00f1alado que la ca\u00edda de tr\u00e1fico del aeropuerto de Madrid-Barajas se debe a los problemas que atraviesan tanto la econom\u00eda espa\u00f1ola como la madrile\u00f1a y no a la reestructuraci\u00f3n de Iberia como alega el Gobierno. En declaraciones a 'La Vanguardia' recogidas por","og:url":"https:\/\/www.eldigitaldeasturias.com\/noticias\/iag-afirma-que-el-problema-de-barajas-radica-en-la-economia-espanola\/","article:tag":["actualidad"],"article:published_time":"2013-09-25T20:14:06+00:00","article:modified_time":"2013-09-25T20:14:06+00:00","article:publisher":"https:\/\/facebook.com\/eldigitaldeasturias","twitter:card":"summary_large_image","twitter:title":"IAG afirma que el problema de Barajas radica en la econom\u00eda espa\u00f1ola - El Digital de Asturias","twitter:description":"MADRID, 25 Sep. (EUROPA PRESS) - El consejero delegado de IAG, Willie Walsh, ha se\u00f1alado que la ca\u00edda de tr\u00e1fico del aeropuerto de Madrid-Barajas se debe a los problemas que atraviesan tanto la econom\u00eda espa\u00f1ola como la madrile\u00f1a y no a la reestructuraci\u00f3n de Iberia como alega el Gobierno. En declaraciones a 'La Vanguardia' recogidas por","twitter:label1":"Escrito por","twitter:data1":"El Digital de Asturias","twitter:label2":"Tiempo de lectura estimado","twitter:data2":"3 minutos"},"aioseo_meta_data":{"post_id":"3109","title":null,"description":null,"keywords":null,"keyphrases":null,"primary_term":null,"canonical_url":null,"og_title":null,"og_description":null,"og_object_type":"default","og_image_type":"default","og_image_url":null,"og_image_width":null,"og_image_height":null,"og_image_custom_url":null,"og_image_custom_fields":null,"og_video":null,"og_custom_url":null,"og_article_section":null,"og_article_tags":null,"twitter_use_og":true,"twitter_card":"default","twitter_image_type":"default","twitter_image_url":null,"twitter_image_custom_url":null,"twitter_image_custom_fields":null,"twitter_title":null,"twitter_description":null,"schema":{"blockGraphs":[],"customGraphs":[],"default":{"data":{"Article":[],"Course":[],"Dataset":[],"FAQPage":[],"Movie":[],"Person":[],"Product":[],"ProductReview":[],"Car":[],"Recipe":[],"Service":[],"SoftwareApplication":[],"WebPage":[]},"graphName":"","isEnabled":true},"graphs":[],"defaultGraph":"","defaultPostTypeGraph":""},"schema_type":null,"schema_type_options":null,"pillar_content":false,"robots_default":true,"robots_noindex":false,"robots_noarchive":false,"robots_nosnippet":false,"robots_nofollow":false,"robots_noimageindex":false,"robots_noodp":false,"robots_notranslate":false,"robots_max_snippet":null,"robots_max_videopreview":null,"robots_max_imagepreview":"none","priority":null,"frequency":null,"local_seo":null,"seo_analyzer_scan_date":"2025-08-21 05:47:36","breadcrumb_settings":null,"limit_modified_date":false,"open_ai":null,"ai":null,"created":"2020-11-14 22:37:03","updated":"2025-08-21 05:47:36"},"aioseo_breadcrumb":"<div class=\"aioseo-breadcrumbs\"><span class=\"aioseo-breadcrumb\">\n\t<a href=\"https:\/\/www.eldigitaldeasturias.com\/noticias\" title=\"Home\">Home<\/a>\n<\/span><span class=\"aioseo-breadcrumb-separator\">\u2013<\/span><span class=\"aioseo-breadcrumb\">\n\t<a href=\"https:\/\/www.eldigitaldeasturias.com\/noticias\/category\/actualidad\/\" title=\"Actualidad\">Actualidad<\/a>\n<\/span><span class=\"aioseo-breadcrumb-separator\">\u2013<\/span><span class=\"aioseo-breadcrumb\">\n\t<a href=\"https:\/\/www.eldigitaldeasturias.com\/noticias\/iag-afirma-que-el-problema-de-barajas-radica-en-la-economia-espanola\/\" title=\"IAG afirma que el problema de Barajas radica en la econom\u00eda espa\u00f1ola\">IAG afirma que el problema de Barajas radica en la econom\u00eda espa\u00f1ola<\/a>\n<\/span><\/div>","aioseo_breadcrumb_json":[{"label":"Home","link":"https:\/\/www.eldigitaldeasturias.com\/noticias"},{"label":"Actualidad","link":"https:\/\/www.eldigitaldeasturias.com\/noticias\/category\/actualidad\/"},{"label":"IAG afirma que el problema de Barajas radica en la econom\u00eda espa\u00f1ola","link":"https:\/\/www.eldigitaldeasturias.com\/noticias\/iag-afirma-que-el-problema-de-barajas-radica-en-la-economia-espanola\/"}],"_links":{"self":[{"href":"https:\/\/www.eldigitaldeasturias.com\/noticias\/wp-json\/wp\/v2\/posts\/3109","targetHints":{"allow":["GET"]}}],"collection":[{"href":"https:\/\/www.eldigitaldeasturias.com\/noticias\/wp-json\/wp\/v2\/posts"}],"about":[{"href":"https:\/\/www.eldigitaldeasturias.com\/noticias\/wp-json\/wp\/v2\/types\/post"}],"author":[{"embeddable":true,"href":"https:\/\/www.eldigitaldeasturias.com\/noticias\/wp-json\/wp\/v2\/users\/1"}],"replies":[{"embeddable":true,"href":"https:\/\/www.eldigitaldeasturias.com\/noticias\/wp-json\/wp\/v2\/comments?post=3109"}],"version-history":[{"count":0,"href":"https:\/\/www.eldigitaldeasturias.com\/noticias\/wp-json\/wp\/v2\/posts\/3109\/revisions"}],"wp:featuredmedia":[{"embeddable":true,"href":"https:\/\/www.eldigitaldeasturias.com\/noticias\/wp-json\/"}],"wp:attachment":[{"href":"https:\/\/www.eldigitaldeasturias.com\/noticias\/wp-json\/wp\/v2\/media?parent=3109"}],"wp:term":[{"taxonomy":"category","embeddable":true,"href":"https:\/\/www.eldigitaldeasturias.com\/noticias\/wp-json\/wp\/v2\/categories?post=3109"},{"taxonomy":"post_tag","embeddable":true,"href":"https:\/\/www.eldigitaldeasturias.com\/noticias\/wp-json\/wp\/v2\/tags?post=3109"}],"curies":[{"name":"wp","href":"https:\/\/api.w.org\/{rel}","templated":true}]}}