{"id":3106,"date":"2013-09-25T20:12:34","date_gmt":"2013-09-25T20:12:34","guid":{"rendered":"http:\/\/www.eldigitaldeasturias.com\/noticias\/?p=3106"},"modified":"2013-09-25T20:12:34","modified_gmt":"2013-09-25T20:12:34","slug":"agroganaderia-adjudica-los-cotos-de-caza-de-valdedios-y-cordal-de-peon-a-la-asociacion-de-cazadores-el-portal","status":"publish","type":"post","link":"https:\/\/www.eldigitaldeasturias.com\/noticias\/agroganaderia-adjudica-los-cotos-de-caza-de-valdedios-y-cordal-de-peon-a-la-asociacion-de-cazadores-el-portal\/","title":{"rendered":"Agroganader\u00eda adjudica los cotos de caza de Valdedi\u00f3s y Cordal de Pe\u00f3n a la Asociaci\u00f3n de Cazadores El Portal"},"content":{"rendered":"<p><img loading=\"lazy\" decoding=\"async\" class=\"alignleft size-medium wp-image-3107\" alt=\"2013_09_25 consejera Gijon cooperativas\" src=\"https:\/\/www.eldigitaldeasturias.com\/noticias\/wp-content\/uploads\/2013\/09\/2013_09_25-consejera-Gijon-cooperativas-310x300.jpg\" width=\"310\" height=\"300\" \/>OVIEDO, 25 Sep. (EUROPA PRESS) &#8211;\u00a0La consejera de Agroganader\u00eda y Recursos Aut\u00f3ctonos, Mar\u00eda Jes\u00fas \u00c1lvarez, ha firmado este mi\u00e9rcoles las resoluciones por las que se adjudican los cotos regionales de caza de Valdedi\u00f3s (n\u00famero 159) y Cordal de Pe\u00f3n (n\u00famero 160), en Villaviciosa, a la Asociaci\u00f3n de Cazadores El Portal, tal como ha propuesto la Mesa de Adjudicaci\u00f3n.<\/p>\n<p>Seg\u00fan indican desde el Principado en nota de prensa, de este modo \u00abse resuelve la situaci\u00f3n de ambos cotos de caza, tras haber sido convocados el a\u00f1o pasado otros dos concursos, en marzo y noviembre, y que ambos fueran declarados desiertos ante la imposibilidad de la Mesa de Contrataci\u00f3n de elevar ninguna propuesta a causa de las irregularidades detectadas en la documentaci\u00f3n entregada\u00bb.<\/p>\n<p>En el actual proceso de licitaci\u00f3n se han incluido nuevos mecanismos de control que han permitido superar las dificultades que se detectaron entonces. De esta forma, la Mesa ha podido realizar una propuesta de adjudicaci\u00f3n.<\/p>\n<p>\u00abHay que recordar que la consejera de Agroganader\u00eda se hab\u00eda comprometido, ante la Junta General del Principado, a realizar un tercer intento de adjudicaci\u00f3n, antes de iniciar una gesti\u00f3n directa desde la Administraci\u00f3n de los mencionados terrenos cineg\u00e9ticos\u00bb, se\u00f1alan desde el Gobierno asturiano, incidiendo en que Mar\u00eda Jes\u00fas \u00c1lvarez \u00abse ha reiterado en su planteamiento de que la mejor f\u00f3rmula de gesti\u00f3n de los Cotos Regionales de Caza es que las Sociedades de Cazadores se hagan cargo de ellos\u00bb.<\/p>\n<p>La consejera ha recordado que, aunque estas adjudicaciones no satisfar\u00e1n a todas las partes, \u00abes la propuesta realizada por la Mesa ateni\u00e9ndose a consideraciones estrictamente t\u00e9cnicas y legales\u00bb. Por ello, ha asegurado que \u00abhay que respetarla y desear que permita que se vuelva a cazar en los dos cotos en t\u00e9rminos de normalidad\u00bb.<\/p>\n<p>Por \u00faltimo, conforme a las disposiciones de la Ley y del Reglamento de Caza de Asturias, estas adjudicaciones \u00abtienen un car\u00e1cter provisional y s\u00f3lo podr\u00e1n ser elevadas a definitivas cuando la sociedad presente los correspondientes planes t\u00e9cnicos de caza, as\u00ed como la copia de los contratos de trabajo de la guarder\u00eda debidamente registrados y certificaci\u00f3n de estar al corriente de sus obligaciones fiscales y con la seguridad social\u00bb.<\/p>\n","protected":false},"excerpt":{"rendered":"<p>OVIEDO, 25 Sep. (EUROPA PRESS) &#8211;\u00a0La consejera de Agroganader\u00eda y Recursos Aut\u00f3ctonos, Mar\u00eda Jes\u00fas \u00c1lvarez, ha firmado este mi\u00e9rcoles las resoluciones por las que se adjudican los cotos regionales de caza de Valdedi\u00f3s (n\u00famero 159) y Cordal de Pe\u00f3n (n\u00famero 160), en Villaviciosa, a la Asociaci\u00f3n de Cazadores El Portal, tal como ha propuesto la [&hellip;]<\/p>\n","protected":false},"author":1,"featured_media":3107,"comment_status":"open","ping_status":"open","sticky":false,"template":"","format":"standard","meta":{"footnotes":""},"categories":[12],"tags":[],"class_list":["post-3106","post","type-post","status-publish","format-standard","has-post-thumbnail","hentry","category-actualidad-asturias"],"aioseo_notices":[],"aioseo_head":"\n\t\t<!-- All in One SEO Pro 4.9.6.2 - aioseo.com -->\n\t<meta name=\"description\" content=\"OVIEDO, 25 Sep. (EUROPA PRESS) - La consejera de Agroganader\u00eda y Recursos Aut\u00f3ctonos, Mar\u00eda Jes\u00fas \u00c1lvarez, ha firmado este mi\u00e9rcoles las resoluciones por las que se adjudican los cotos regionales de caza de Valdedi\u00f3s (n\u00famero 159) y Cordal de Pe\u00f3n (n\u00famero 160), en Villaviciosa, a la Asociaci\u00f3n de Cazadores El Portal, tal como ha propuesto la\" \/>\n\t<meta name=\"robots\" content=\"max-image-preview:large\" \/>\n\t<meta name=\"author\" content=\"El Digital de Asturias\"\/>\n\t<meta name=\"google-site-verification\" content=\"UA-38556648-1\" \/>\n\t<meta name=\"msvalidate.01\" content=\"7dfe9f3f1b24437ab69f4f2559babe99\" \/>\n\t<meta name=\"keywords\" content=\"actualidad asturias\" \/>\n\t<link rel=\"canonical\" href=\"https:\/\/www.eldigitaldeasturias.com\/noticias\/agroganaderia-adjudica-los-cotos-de-caza-de-valdedios-y-cordal-de-peon-a-la-asociacion-de-cazadores-el-portal\/\" \/>\n\t<meta name=\"generator\" content=\"All in One SEO Pro (AIOSEO) 4.9.6.2\" \/>\n\t\t<meta property=\"og:locale\" content=\"es_ES\" \/>\n\t\t<meta property=\"og:site_name\" content=\"El Digital de Asturias\" \/>\n\t\t<meta property=\"og:type\" content=\"article\" \/>\n\t\t<meta property=\"og:title\" content=\"Agroganader\u00eda adjudica los cotos de caza de Valdedi\u00f3s y Cordal de Pe\u00f3n a la Asociaci\u00f3n de Cazadores El Portal - El Digital de Asturias\" \/>\n\t\t<meta property=\"og:description\" content=\"OVIEDO, 25 Sep. (EUROPA PRESS) - La consejera de Agroganader\u00eda y Recursos Aut\u00f3ctonos, Mar\u00eda Jes\u00fas \u00c1lvarez, ha firmado este mi\u00e9rcoles las resoluciones por las que se adjudican los cotos regionales de caza de Valdedi\u00f3s (n\u00famero 159) y Cordal de Pe\u00f3n (n\u00famero 160), en Villaviciosa, a la Asociaci\u00f3n de Cazadores El Portal, tal como ha propuesto la\" \/>\n\t\t<meta property=\"og:url\" content=\"https:\/\/www.eldigitaldeasturias.com\/noticias\/agroganaderia-adjudica-los-cotos-de-caza-de-valdedios-y-cordal-de-peon-a-la-asociacion-de-cazadores-el-portal\/\" \/>\n\t\t<meta property=\"article:tag\" content=\"actualidad asturias\" \/>\n\t\t<meta property=\"article:published_time\" content=\"2013-09-25T20:12:34+00:00\" \/>\n\t\t<meta property=\"article:modified_time\" content=\"2013-09-25T20:12:34+00:00\" \/>\n\t\t<meta property=\"article:publisher\" content=\"https:\/\/facebook.com\/eldigitaldeasturias\" \/>\n\t\t<meta name=\"twitter:card\" content=\"summary_large_image\" \/>\n\t\t<meta name=\"twitter:title\" content=\"Agroganader\u00eda adjudica los cotos de caza de Valdedi\u00f3s y Cordal de Pe\u00f3n a la Asociaci\u00f3n de Cazadores El Portal - El Digital de Asturias\" \/>\n\t\t<meta name=\"twitter:description\" content=\"OVIEDO, 25 Sep. (EUROPA PRESS) - La consejera de Agroganader\u00eda y Recursos Aut\u00f3ctonos, Mar\u00eda Jes\u00fas \u00c1lvarez, ha firmado este mi\u00e9rcoles las resoluciones por las que se adjudican los cotos regionales de caza de Valdedi\u00f3s (n\u00famero 159) y Cordal de Pe\u00f3n (n\u00famero 160), en Villaviciosa, a la Asociaci\u00f3n de Cazadores El Portal, tal como ha propuesto la\" \/>\n\t\t<meta name=\"twitter:label1\" content=\"Escrito por\" \/>\n\t\t<meta name=\"twitter:data1\" content=\"El Digital de Asturias\" \/>\n\t\t<meta name=\"twitter:label2\" content=\"Tiempo de lectura estimado\" \/>\n\t\t<meta name=\"twitter:data2\" content=\"2 minutos\" \/>\n\t\t<script type=\"application\/ld+json\" class=\"aioseo-schema\">\n\t\t\t{\"@context\":\"https:\\\/\\\/schema.org\",\"@graph\":[{\"@type\":\"BlogPosting\",\"@id\":\"https:\\\/\\\/www.eldigitaldeasturias.com\\\/noticias\\\/agroganaderia-adjudica-los-cotos-de-caza-de-valdedios-y-cordal-de-peon-a-la-asociacion-de-cazadores-el-portal\\\/#blogposting\",\"name\":\"Agroganader\\u00eda adjudica los cotos de caza de Valdedi\\u00f3s y Cordal de Pe\\u00f3n a la Asociaci\\u00f3n de Cazadores El Portal - El Digital de Asturias\",\"headline\":\"Agroganader\\u00eda adjudica los cotos de caza de Valdedi\\u00f3s y Cordal de Pe\\u00f3n a la Asociaci\\u00f3n de Cazadores El Portal\",\"author\":{\"@id\":\"https:\\\/\\\/www.eldigitaldeasturias.com\\\/noticias\\\/author\\\/admin\\\/#author\"},\"publisher\":{\"@id\":\"https:\\\/\\\/www.eldigitaldeasturias.com\\\/noticias\\\/#organization\"},\"image\":{\"@type\":\"ImageObject\",\"url\":3107},\"datePublished\":\"2013-09-25T20:12:34+02:00\",\"dateModified\":\"2013-09-25T20:12:34+02:00\",\"inLanguage\":\"es-ES\",\"mainEntityOfPage\":{\"@id\":\"https:\\\/\\\/www.eldigitaldeasturias.com\\\/noticias\\\/agroganaderia-adjudica-los-cotos-de-caza-de-valdedios-y-cordal-de-peon-a-la-asociacion-de-cazadores-el-portal\\\/#webpage\"},\"isPartOf\":{\"@id\":\"https:\\\/\\\/www.eldigitaldeasturias.com\\\/noticias\\\/agroganaderia-adjudica-los-cotos-de-caza-de-valdedios-y-cordal-de-peon-a-la-asociacion-de-cazadores-el-portal\\\/#webpage\"},\"articleSection\":\"Actualidad Asturias\"},{\"@type\":\"BreadcrumbList\",\"@id\":\"https:\\\/\\\/www.eldigitaldeasturias.com\\\/noticias\\\/agroganaderia-adjudica-los-cotos-de-caza-de-valdedios-y-cordal-de-peon-a-la-asociacion-de-cazadores-el-portal\\\/#breadcrumblist\",\"itemListElement\":[{\"@type\":\"ListItem\",\"@id\":\"https:\\\/\\\/www.eldigitaldeasturias.com\\\/noticias#listItem\",\"position\":1,\"name\":\"Home\",\"item\":\"https:\\\/\\\/www.eldigitaldeasturias.com\\\/noticias\",\"nextItem\":{\"@type\":\"ListItem\",\"@id\":\"https:\\\/\\\/www.eldigitaldeasturias.com\\\/noticias\\\/category\\\/actualidad-asturias\\\/#listItem\",\"name\":\"Actualidad Asturias\"}},{\"@type\":\"ListItem\",\"@id\":\"https:\\\/\\\/www.eldigitaldeasturias.com\\\/noticias\\\/category\\\/actualidad-asturias\\\/#listItem\",\"position\":2,\"name\":\"Actualidad Asturias\",\"item\":\"https:\\\/\\\/www.eldigitaldeasturias.com\\\/noticias\\\/category\\\/actualidad-asturias\\\/\",\"nextItem\":{\"@type\":\"ListItem\",\"@id\":\"https:\\\/\\\/www.eldigitaldeasturias.com\\\/noticias\\\/agroganaderia-adjudica-los-cotos-de-caza-de-valdedios-y-cordal-de-peon-a-la-asociacion-de-cazadores-el-portal\\\/#listItem\",\"name\":\"Agroganader\\u00eda adjudica los cotos de caza de Valdedi\\u00f3s y Cordal de Pe\\u00f3n a la Asociaci\\u00f3n de Cazadores El Portal\"},\"previousItem\":{\"@type\":\"ListItem\",\"@id\":\"https:\\\/\\\/www.eldigitaldeasturias.com\\\/noticias#listItem\",\"name\":\"Home\"}},{\"@type\":\"ListItem\",\"@id\":\"https:\\\/\\\/www.eldigitaldeasturias.com\\\/noticias\\\/agroganaderia-adjudica-los-cotos-de-caza-de-valdedios-y-cordal-de-peon-a-la-asociacion-de-cazadores-el-portal\\\/#listItem\",\"position\":3,\"name\":\"Agroganader\\u00eda adjudica los cotos de caza de Valdedi\\u00f3s y Cordal de Pe\\u00f3n a la Asociaci\\u00f3n de Cazadores El Portal\",\"previousItem\":{\"@type\":\"ListItem\",\"@id\":\"https:\\\/\\\/www.eldigitaldeasturias.com\\\/noticias\\\/category\\\/actualidad-asturias\\\/#listItem\",\"name\":\"Actualidad Asturias\"}}]},{\"@type\":\"Organization\",\"@id\":\"https:\\\/\\\/www.eldigitaldeasturias.com\\\/noticias\\\/#organization\",\"name\":\"El Digital de Asturias\",\"description\":\"Hemeroteca\",\"url\":\"https:\\\/\\\/www.eldigitaldeasturias.com\\\/noticias\\\/\",\"email\":\"info@eldigitaldeasturias.com\",\"telephone\":\"+34652131393\",\"logo\":{\"@type\":\"ImageObject\",\"url\":\"https:\\\/\\\/www.eldigitaldeasturias.com\\\/noticias\\\/wp-content\\\/uploads\\\/2020\\\/12\\\/EDA.jpg\",\"@id\":\"https:\\\/\\\/www.eldigitaldeasturias.com\\\/noticias\\\/agroganaderia-adjudica-los-cotos-de-caza-de-valdedios-y-cordal-de-peon-a-la-asociacion-de-cazadores-el-portal\\\/#organizationLogo\",\"width\":649,\"height\":297},\"image\":{\"@id\":\"https:\\\/\\\/www.eldigitaldeasturias.com\\\/noticias\\\/agroganaderia-adjudica-los-cotos-de-caza-de-valdedios-y-cordal-de-peon-a-la-asociacion-de-cazadores-el-portal\\\/#organizationLogo\"},\"sameAs\":[\"https:\\\/\\\/facebook.com\\\/eldigitaldeasturias\",\"https:\\\/\\\/www.youtube.com\\\/channel\\\/UCZP-2wLEB9Rv6erhFmqVnvg\"],\"address\":{\"@id\":\"https:\\\/\\\/www.eldigitaldeasturias.com\\\/noticias\\\/#postaladdress\",\"@type\":\"PostalAddress\",\"streetAddress\":\"san antonio 4,\",\"postalCode\":\"33430\",\"addressLocality\":\"Cand\\u00e1s\",\"addressRegion\":\"Asturias\",\"addressCountry\":\"ES\"}},{\"@type\":\"Person\",\"@id\":\"https:\\\/\\\/www.eldigitaldeasturias.com\\\/noticias\\\/author\\\/admin\\\/#author\",\"url\":\"https:\\\/\\\/www.eldigitaldeasturias.com\\\/noticias\\\/author\\\/admin\\\/\",\"name\":\"El Digital de Asturias\",\"image\":{\"@type\":\"ImageObject\",\"@id\":\"https:\\\/\\\/www.eldigitaldeasturias.com\\\/noticias\\\/agroganaderia-adjudica-los-cotos-de-caza-de-valdedios-y-cordal-de-peon-a-la-asociacion-de-cazadores-el-portal\\\/#authorImage\",\"url\":\"https:\\\/\\\/www.eldigitaldeasturias.com\\\/noticias\\\/wp-content\\\/litespeed\\\/avatar\\\/18677e78aa0546b92d9dbf31ec7d7668.jpg?ver=1777290358\",\"width\":96,\"height\":96,\"caption\":\"El Digital de Asturias\"}},{\"@type\":\"WebPage\",\"@id\":\"https:\\\/\\\/www.eldigitaldeasturias.com\\\/noticias\\\/agroganaderia-adjudica-los-cotos-de-caza-de-valdedios-y-cordal-de-peon-a-la-asociacion-de-cazadores-el-portal\\\/#webpage\",\"url\":\"https:\\\/\\\/www.eldigitaldeasturias.com\\\/noticias\\\/agroganaderia-adjudica-los-cotos-de-caza-de-valdedios-y-cordal-de-peon-a-la-asociacion-de-cazadores-el-portal\\\/\",\"name\":\"Agroganader\\u00eda adjudica los cotos de caza de Valdedi\\u00f3s y Cordal de Pe\\u00f3n a la Asociaci\\u00f3n de Cazadores El Portal - El Digital de Asturias\",\"description\":\"OVIEDO, 25 Sep. (EUROPA PRESS) - La consejera de Agroganader\\u00eda y Recursos Aut\\u00f3ctonos, Mar\\u00eda Jes\\u00fas \\u00c1lvarez, ha firmado este mi\\u00e9rcoles las resoluciones por las que se adjudican los cotos regionales de caza de Valdedi\\u00f3s (n\\u00famero 159) y Cordal de Pe\\u00f3n (n\\u00famero 160), en Villaviciosa, a la Asociaci\\u00f3n de Cazadores El Portal, tal como ha propuesto la\",\"inLanguage\":\"es-ES\",\"isPartOf\":{\"@id\":\"https:\\\/\\\/www.eldigitaldeasturias.com\\\/noticias\\\/#website\"},\"breadcrumb\":{\"@id\":\"https:\\\/\\\/www.eldigitaldeasturias.com\\\/noticias\\\/agroganaderia-adjudica-los-cotos-de-caza-de-valdedios-y-cordal-de-peon-a-la-asociacion-de-cazadores-el-portal\\\/#breadcrumblist\"},\"author\":{\"@id\":\"https:\\\/\\\/www.eldigitaldeasturias.com\\\/noticias\\\/author\\\/admin\\\/#author\"},\"creator\":{\"@id\":\"https:\\\/\\\/www.eldigitaldeasturias.com\\\/noticias\\\/author\\\/admin\\\/#author\"},\"image\":{\"@type\":\"ImageObject\",\"url\":3107,\"@id\":\"https:\\\/\\\/www.eldigitaldeasturias.com\\\/noticias\\\/agroganaderia-adjudica-los-cotos-de-caza-de-valdedios-y-cordal-de-peon-a-la-asociacion-de-cazadores-el-portal\\\/#mainImage\"},\"primaryImageOfPage\":{\"@id\":\"https:\\\/\\\/www.eldigitaldeasturias.com\\\/noticias\\\/agroganaderia-adjudica-los-cotos-de-caza-de-valdedios-y-cordal-de-peon-a-la-asociacion-de-cazadores-el-portal\\\/#mainImage\"},\"datePublished\":\"2013-09-25T20:12:34+02:00\",\"dateModified\":\"2013-09-25T20:12:34+02:00\"},{\"@type\":\"WebSite\",\"@id\":\"https:\\\/\\\/www.eldigitaldeasturias.com\\\/noticias\\\/#website\",\"url\":\"https:\\\/\\\/www.eldigitaldeasturias.com\\\/noticias\\\/\",\"name\":\"El Digital de Asturias - Diario de actualidad y noticias\",\"alternateName\":\"El Digital de Asturias - Diario de actualidad y noticias\",\"description\":\"Hemeroteca\",\"inLanguage\":\"es-ES\",\"publisher\":{\"@id\":\"https:\\\/\\\/www.eldigitaldeasturias.com\\\/noticias\\\/#organization\"}}]}\n\t\t<\/script>\n\t\t<!-- All in One SEO Pro -->\r\n\t\t<title>Agroganader\u00eda adjudica los cotos de caza de Valdedi\u00f3s y Cordal de Pe\u00f3n a la Asociaci\u00f3n de Cazadores El Portal - El Digital de Asturias<\/title>\n\n","aioseo_head_json":{"title":"Agroganader\u00eda adjudica los cotos de caza de Valdedi\u00f3s y Cordal de Pe\u00f3n a la Asociaci\u00f3n de Cazadores El Portal - El Digital de Asturias","description":"OVIEDO, 25 Sep. (EUROPA PRESS) - La consejera de Agroganader\u00eda y Recursos Aut\u00f3ctonos, Mar\u00eda Jes\u00fas \u00c1lvarez, ha firmado este mi\u00e9rcoles las resoluciones por las que se adjudican los cotos regionales de caza de Valdedi\u00f3s (n\u00famero 159) y Cordal de Pe\u00f3n (n\u00famero 160), en Villaviciosa, a la Asociaci\u00f3n de Cazadores El Portal, tal como ha propuesto la","canonical_url":"https:\/\/www.eldigitaldeasturias.com\/noticias\/agroganaderia-adjudica-los-cotos-de-caza-de-valdedios-y-cordal-de-peon-a-la-asociacion-de-cazadores-el-portal\/","robots":"max-image-preview:large","keywords":"actualidad asturias","webmasterTools":{"google-site-verification":"UA-38556648-1","msvalidate.01":"7dfe9f3f1b24437ab69f4f2559babe99","miscellaneous":""},"schema":{"@context":"https:\/\/schema.org","@graph":[{"@type":"BlogPosting","@id":"https:\/\/www.eldigitaldeasturias.com\/noticias\/agroganaderia-adjudica-los-cotos-de-caza-de-valdedios-y-cordal-de-peon-a-la-asociacion-de-cazadores-el-portal\/#blogposting","name":"Agroganader\u00eda adjudica los cotos de caza de Valdedi\u00f3s y Cordal de Pe\u00f3n a la Asociaci\u00f3n de Cazadores El Portal - El Digital de Asturias","headline":"Agroganader\u00eda adjudica los cotos de caza de Valdedi\u00f3s y Cordal de Pe\u00f3n a la Asociaci\u00f3n de Cazadores El Portal","author":{"@id":"https:\/\/www.eldigitaldeasturias.com\/noticias\/author\/admin\/#author"},"publisher":{"@id":"https:\/\/www.eldigitaldeasturias.com\/noticias\/#organization"},"image":{"@type":"ImageObject","url":3107},"datePublished":"2013-09-25T20:12:34+02:00","dateModified":"2013-09-25T20:12:34+02:00","inLanguage":"es-ES","mainEntityOfPage":{"@id":"https:\/\/www.eldigitaldeasturias.com\/noticias\/agroganaderia-adjudica-los-cotos-de-caza-de-valdedios-y-cordal-de-peon-a-la-asociacion-de-cazadores-el-portal\/#webpage"},"isPartOf":{"@id":"https:\/\/www.eldigitaldeasturias.com\/noticias\/agroganaderia-adjudica-los-cotos-de-caza-de-valdedios-y-cordal-de-peon-a-la-asociacion-de-cazadores-el-portal\/#webpage"},"articleSection":"Actualidad Asturias"},{"@type":"BreadcrumbList","@id":"https:\/\/www.eldigitaldeasturias.com\/noticias\/agroganaderia-adjudica-los-cotos-de-caza-de-valdedios-y-cordal-de-peon-a-la-asociacion-de-cazadores-el-portal\/#breadcrumblist","itemListElement":[{"@type":"ListItem","@id":"https:\/\/www.eldigitaldeasturias.com\/noticias#listItem","position":1,"name":"Home","item":"https:\/\/www.eldigitaldeasturias.com\/noticias","nextItem":{"@type":"ListItem","@id":"https:\/\/www.eldigitaldeasturias.com\/noticias\/category\/actualidad-asturias\/#listItem","name":"Actualidad Asturias"}},{"@type":"ListItem","@id":"https:\/\/www.eldigitaldeasturias.com\/noticias\/category\/actualidad-asturias\/#listItem","position":2,"name":"Actualidad Asturias","item":"https:\/\/www.eldigitaldeasturias.com\/noticias\/category\/actualidad-asturias\/","nextItem":{"@type":"ListItem","@id":"https:\/\/www.eldigitaldeasturias.com\/noticias\/agroganaderia-adjudica-los-cotos-de-caza-de-valdedios-y-cordal-de-peon-a-la-asociacion-de-cazadores-el-portal\/#listItem","name":"Agroganader\u00eda adjudica los cotos de caza de Valdedi\u00f3s y Cordal de Pe\u00f3n a la Asociaci\u00f3n de Cazadores El Portal"},"previousItem":{"@type":"ListItem","@id":"https:\/\/www.eldigitaldeasturias.com\/noticias#listItem","name":"Home"}},{"@type":"ListItem","@id":"https:\/\/www.eldigitaldeasturias.com\/noticias\/agroganaderia-adjudica-los-cotos-de-caza-de-valdedios-y-cordal-de-peon-a-la-asociacion-de-cazadores-el-portal\/#listItem","position":3,"name":"Agroganader\u00eda adjudica los cotos de caza de Valdedi\u00f3s y Cordal de Pe\u00f3n a la Asociaci\u00f3n de Cazadores El Portal","previousItem":{"@type":"ListItem","@id":"https:\/\/www.eldigitaldeasturias.com\/noticias\/category\/actualidad-asturias\/#listItem","name":"Actualidad Asturias"}}]},{"@type":"Organization","@id":"https:\/\/www.eldigitaldeasturias.com\/noticias\/#organization","name":"El Digital de Asturias","description":"Hemeroteca","url":"https:\/\/www.eldigitaldeasturias.com\/noticias\/","email":"info@eldigitaldeasturias.com","telephone":"+34652131393","logo":{"@type":"ImageObject","url":"https:\/\/www.eldigitaldeasturias.com\/noticias\/wp-content\/uploads\/2020\/12\/EDA.jpg","@id":"https:\/\/www.eldigitaldeasturias.com\/noticias\/agroganaderia-adjudica-los-cotos-de-caza-de-valdedios-y-cordal-de-peon-a-la-asociacion-de-cazadores-el-portal\/#organizationLogo","width":649,"height":297},"image":{"@id":"https:\/\/www.eldigitaldeasturias.com\/noticias\/agroganaderia-adjudica-los-cotos-de-caza-de-valdedios-y-cordal-de-peon-a-la-asociacion-de-cazadores-el-portal\/#organizationLogo"},"sameAs":["https:\/\/facebook.com\/eldigitaldeasturias","https:\/\/www.youtube.com\/channel\/UCZP-2wLEB9Rv6erhFmqVnvg"],"address":{"@id":"https:\/\/www.eldigitaldeasturias.com\/noticias\/#postaladdress","@type":"PostalAddress","streetAddress":"san antonio 4,","postalCode":"33430","addressLocality":"Cand\u00e1s","addressRegion":"Asturias","addressCountry":"ES"}},{"@type":"Person","@id":"https:\/\/www.eldigitaldeasturias.com\/noticias\/author\/admin\/#author","url":"https:\/\/www.eldigitaldeasturias.com\/noticias\/author\/admin\/","name":"El Digital de Asturias","image":{"@type":"ImageObject","@id":"https:\/\/www.eldigitaldeasturias.com\/noticias\/agroganaderia-adjudica-los-cotos-de-caza-de-valdedios-y-cordal-de-peon-a-la-asociacion-de-cazadores-el-portal\/#authorImage","url":"https:\/\/www.eldigitaldeasturias.com\/noticias\/wp-content\/litespeed\/avatar\/18677e78aa0546b92d9dbf31ec7d7668.jpg?ver=1777290358","width":96,"height":96,"caption":"El Digital de Asturias"}},{"@type":"WebPage","@id":"https:\/\/www.eldigitaldeasturias.com\/noticias\/agroganaderia-adjudica-los-cotos-de-caza-de-valdedios-y-cordal-de-peon-a-la-asociacion-de-cazadores-el-portal\/#webpage","url":"https:\/\/www.eldigitaldeasturias.com\/noticias\/agroganaderia-adjudica-los-cotos-de-caza-de-valdedios-y-cordal-de-peon-a-la-asociacion-de-cazadores-el-portal\/","name":"Agroganader\u00eda adjudica los cotos de caza de Valdedi\u00f3s y Cordal de Pe\u00f3n a la Asociaci\u00f3n de Cazadores El Portal - El Digital de Asturias","description":"OVIEDO, 25 Sep. (EUROPA PRESS) - La consejera de Agroganader\u00eda y Recursos Aut\u00f3ctonos, Mar\u00eda Jes\u00fas \u00c1lvarez, ha firmado este mi\u00e9rcoles las resoluciones por las que se adjudican los cotos regionales de caza de Valdedi\u00f3s (n\u00famero 159) y Cordal de Pe\u00f3n (n\u00famero 160), en Villaviciosa, a la Asociaci\u00f3n de Cazadores El Portal, tal como ha propuesto la","inLanguage":"es-ES","isPartOf":{"@id":"https:\/\/www.eldigitaldeasturias.com\/noticias\/#website"},"breadcrumb":{"@id":"https:\/\/www.eldigitaldeasturias.com\/noticias\/agroganaderia-adjudica-los-cotos-de-caza-de-valdedios-y-cordal-de-peon-a-la-asociacion-de-cazadores-el-portal\/#breadcrumblist"},"author":{"@id":"https:\/\/www.eldigitaldeasturias.com\/noticias\/author\/admin\/#author"},"creator":{"@id":"https:\/\/www.eldigitaldeasturias.com\/noticias\/author\/admin\/#author"},"image":{"@type":"ImageObject","url":3107,"@id":"https:\/\/www.eldigitaldeasturias.com\/noticias\/agroganaderia-adjudica-los-cotos-de-caza-de-valdedios-y-cordal-de-peon-a-la-asociacion-de-cazadores-el-portal\/#mainImage"},"primaryImageOfPage":{"@id":"https:\/\/www.eldigitaldeasturias.com\/noticias\/agroganaderia-adjudica-los-cotos-de-caza-de-valdedios-y-cordal-de-peon-a-la-asociacion-de-cazadores-el-portal\/#mainImage"},"datePublished":"2013-09-25T20:12:34+02:00","dateModified":"2013-09-25T20:12:34+02:00"},{"@type":"WebSite","@id":"https:\/\/www.eldigitaldeasturias.com\/noticias\/#website","url":"https:\/\/www.eldigitaldeasturias.com\/noticias\/","name":"El Digital de Asturias - Diario de actualidad y noticias","alternateName":"El Digital de Asturias - Diario de actualidad y noticias","description":"Hemeroteca","inLanguage":"es-ES","publisher":{"@id":"https:\/\/www.eldigitaldeasturias.com\/noticias\/#organization"}}]},"og:locale":"es_ES","og:site_name":"El Digital de Asturias","og:type":"article","og:title":"Agroganader\u00eda adjudica los cotos de caza de Valdedi\u00f3s y Cordal de Pe\u00f3n a la Asociaci\u00f3n de Cazadores El Portal - El Digital de Asturias","og:description":"OVIEDO, 25 Sep. (EUROPA PRESS) - La consejera de Agroganader\u00eda y Recursos Aut\u00f3ctonos, Mar\u00eda Jes\u00fas \u00c1lvarez, ha firmado este mi\u00e9rcoles las resoluciones por las que se adjudican los cotos regionales de caza de Valdedi\u00f3s (n\u00famero 159) y Cordal de Pe\u00f3n (n\u00famero 160), en Villaviciosa, a la Asociaci\u00f3n de Cazadores El Portal, tal como ha propuesto la","og:url":"https:\/\/www.eldigitaldeasturias.com\/noticias\/agroganaderia-adjudica-los-cotos-de-caza-de-valdedios-y-cordal-de-peon-a-la-asociacion-de-cazadores-el-portal\/","article:tag":["actualidad asturias"],"article:published_time":"2013-09-25T20:12:34+00:00","article:modified_time":"2013-09-25T20:12:34+00:00","article:publisher":"https:\/\/facebook.com\/eldigitaldeasturias","twitter:card":"summary_large_image","twitter:title":"Agroganader\u00eda adjudica los cotos de caza de Valdedi\u00f3s y Cordal de Pe\u00f3n a la Asociaci\u00f3n de Cazadores El Portal - El Digital de Asturias","twitter:description":"OVIEDO, 25 Sep. (EUROPA PRESS) - La consejera de Agroganader\u00eda y Recursos Aut\u00f3ctonos, Mar\u00eda Jes\u00fas \u00c1lvarez, ha firmado este mi\u00e9rcoles las resoluciones por las que se adjudican los cotos regionales de caza de Valdedi\u00f3s (n\u00famero 159) y Cordal de Pe\u00f3n (n\u00famero 160), en Villaviciosa, a la Asociaci\u00f3n de Cazadores El Portal, tal como ha propuesto la","twitter:label1":"Escrito por","twitter:data1":"El Digital de Asturias","twitter:label2":"Tiempo de lectura estimado","twitter:data2":"2 minutos"},"aioseo_meta_data":{"post_id":"3106","title":null,"description":null,"keywords":null,"keyphrases":null,"primary_term":null,"canonical_url":null,"og_title":null,"og_description":null,"og_object_type":"default","og_image_type":"default","og_image_url":null,"og_image_width":null,"og_image_height":null,"og_image_custom_url":null,"og_image_custom_fields":null,"og_video":null,"og_custom_url":null,"og_article_section":null,"og_article_tags":null,"twitter_use_og":true,"twitter_card":"default","twitter_image_type":"default","twitter_image_url":null,"twitter_image_custom_url":null,"twitter_image_custom_fields":null,"twitter_title":null,"twitter_description":null,"schema":{"blockGraphs":[],"customGraphs":[],"default":{"data":{"Article":[],"Course":[],"Dataset":[],"FAQPage":[],"Movie":[],"Person":[],"Product":[],"ProductReview":[],"Car":[],"Recipe":[],"Service":[],"SoftwareApplication":[],"WebPage":[]},"graphName":"","isEnabled":true},"graphs":[],"defaultGraph":"","defaultPostTypeGraph":""},"schema_type":null,"schema_type_options":null,"pillar_content":false,"robots_default":true,"robots_noindex":false,"robots_noarchive":false,"robots_nosnippet":false,"robots_nofollow":false,"robots_noimageindex":false,"robots_noodp":false,"robots_notranslate":false,"robots_max_snippet":null,"robots_max_videopreview":null,"robots_max_imagepreview":"none","priority":null,"frequency":null,"local_seo":null,"seo_analyzer_scan_date":"2025-08-21 05:47:35","breadcrumb_settings":null,"limit_modified_date":false,"open_ai":null,"ai":null,"created":"2020-11-14 22:37:03","updated":"2025-08-21 05:47:35"},"aioseo_breadcrumb":"<div class=\"aioseo-breadcrumbs\"><span class=\"aioseo-breadcrumb\">\n\t<a href=\"https:\/\/www.eldigitaldeasturias.com\/noticias\" title=\"Home\">Home<\/a>\n<\/span><span class=\"aioseo-breadcrumb-separator\">\u2013<\/span><span class=\"aioseo-breadcrumb\">\n\t<a href=\"https:\/\/www.eldigitaldeasturias.com\/noticias\/category\/actualidad-asturias\/\" title=\"Actualidad Asturias\">Actualidad Asturias<\/a>\n<\/span><span class=\"aioseo-breadcrumb-separator\">\u2013<\/span><span class=\"aioseo-breadcrumb\">\n\t<a href=\"https:\/\/www.eldigitaldeasturias.com\/noticias\/agroganaderia-adjudica-los-cotos-de-caza-de-valdedios-y-cordal-de-peon-a-la-asociacion-de-cazadores-el-portal\/\" title=\"Agroganader\u00eda adjudica los cotos de caza de Valdedi\u00f3s y Cordal de Pe\u00f3n a la Asociaci\u00f3n de Cazadores El Portal\">Agroganader\u00eda adjudica los cotos de caza de Valdedi\u00f3s y Cordal de Pe\u00f3n a la Asociaci\u00f3n de Cazadores El Portal<\/a>\n<\/span><\/div>","aioseo_breadcrumb_json":[{"label":"Home","link":"https:\/\/www.eldigitaldeasturias.com\/noticias"},{"label":"Actualidad Asturias","link":"https:\/\/www.eldigitaldeasturias.com\/noticias\/category\/actualidad-asturias\/"},{"label":"Agroganader\u00eda adjudica los cotos de caza de Valdedi\u00f3s y Cordal de Pe\u00f3n a la Asociaci\u00f3n de Cazadores El Portal","link":"https:\/\/www.eldigitaldeasturias.com\/noticias\/agroganaderia-adjudica-los-cotos-de-caza-de-valdedios-y-cordal-de-peon-a-la-asociacion-de-cazadores-el-portal\/"}],"_links":{"self":[{"href":"https:\/\/www.eldigitaldeasturias.com\/noticias\/wp-json\/wp\/v2\/posts\/3106","targetHints":{"allow":["GET"]}}],"collection":[{"href":"https:\/\/www.eldigitaldeasturias.com\/noticias\/wp-json\/wp\/v2\/posts"}],"about":[{"href":"https:\/\/www.eldigitaldeasturias.com\/noticias\/wp-json\/wp\/v2\/types\/post"}],"author":[{"embeddable":true,"href":"https:\/\/www.eldigitaldeasturias.com\/noticias\/wp-json\/wp\/v2\/users\/1"}],"replies":[{"embeddable":true,"href":"https:\/\/www.eldigitaldeasturias.com\/noticias\/wp-json\/wp\/v2\/comments?post=3106"}],"version-history":[{"count":0,"href":"https:\/\/www.eldigitaldeasturias.com\/noticias\/wp-json\/wp\/v2\/posts\/3106\/revisions"}],"wp:featuredmedia":[{"embeddable":true,"href":"https:\/\/www.eldigitaldeasturias.com\/noticias\/wp-json\/"}],"wp:attachment":[{"href":"https:\/\/www.eldigitaldeasturias.com\/noticias\/wp-json\/wp\/v2\/media?parent=3106"}],"wp:term":[{"taxonomy":"category","embeddable":true,"href":"https:\/\/www.eldigitaldeasturias.com\/noticias\/wp-json\/wp\/v2\/categories?post=3106"},{"taxonomy":"post_tag","embeddable":true,"href":"https:\/\/www.eldigitaldeasturias.com\/noticias\/wp-json\/wp\/v2\/tags?post=3106"}],"curies":[{"name":"wp","href":"https:\/\/api.w.org\/{rel}","templated":true}]}}