{"id":3099,"date":"2013-09-25T20:07:45","date_gmt":"2013-09-25T20:07:45","guid":{"rendered":"http:\/\/www.eldigitaldeasturias.com\/noticias\/?p=3099"},"modified":"2013-09-25T20:07:45","modified_gmt":"2013-09-25T20:07:45","slug":"cascos-critica-que-el-principado-siga-sin-interponer-el-recurso-contra-el-deficit-a-la-carta-y-teme-que-nunca-lo-haga","status":"publish","type":"post","link":"https:\/\/www.eldigitaldeasturias.com\/noticias\/cascos-critica-que-el-principado-siga-sin-interponer-el-recurso-contra-el-deficit-a-la-carta-y-teme-que-nunca-lo-haga\/","title":{"rendered":"Cascos critica que el Principado siga sin interponer el recurso contra el d\u00e9ficit a la carta y teme que nunca lo haga"},"content":{"rendered":"<p><img loading=\"lazy\" decoding=\"async\" class=\"alignleft size-medium wp-image-3100\" alt=\"fotonoticia_20130925175846_800\" src=\"https:\/\/www.eldigitaldeasturias.com\/noticias\/wp-content\/uploads\/2013\/09\/fotonoticia_20130925175846_800-360x240.jpg\" width=\"360\" height=\"240\" \/>OVIEDO, 25 Sep. (EUROPA PRESS) &#8211;\u00a0El presidente de Foro Asturias, Francisco \u00c1lvarez-Cascos ha mostrado este mi\u00e9rcoles la preocupaci\u00f3n de su partido porque el Gobierno regional siga sin recurrir el reparto a la carta del d\u00e9ficit entre CC.AA. y se \u00abdesentienda irresponsablemente de las consecuencias del reparto decidido por el gobierno de Rajoy\u00bb.<\/p>\n<p>\u00abSeguimos sin noticias del recurso y mucho nos tememos que no va a llegar nuca porque el PSOE no cuenta con el apoyo del partido a nivel nacional\u00bb, ha dicho Cascos, que ha acusado a Fern\u00e1ndez de hacer \u00abuna grave dejaci\u00f3n de funciones en su obligaci\u00f3n de defender los intereses de los asturianos\u00bb.<\/p>\n<p>El presidente de Foro ha indicado en rueda de prensa que la comisi\u00f3n Directiva del partido ha analizado en su reuni\u00f3n la situaci\u00f3n del Principado como consecuencia del incumplimiento de la Ley de Estabilidad Presupuestaria por parte del Gobierno de Rajoy.<\/p>\n<p>As\u00ed, \u00c1lvarez-Cascos ha explicado que la Ley establecen medidas preventivas con un mecanismo autom\u00e1tico de prevenci\u00f3n para garantizar que no se incurra en d\u00e9ficit estructural al final de cada ejercicio. Asimismo, la Ley fija un mecanismo de alerta temprana, similar al existente en la normativa europea, consistente en la formulaci\u00f3n de una advertencia del Gobierno a propuesta del Ministro de Hacienda y Administraciones P\u00fablicas a la Administraci\u00f3n que pudiera incumplir, la cual tendr\u00e1 un plazo de un mes para adoptar las medidas necesarias.<\/p>\n<p>\u00abQueda claro que este Ministerio incumpli\u00f3 el mandato de formular advertencias a las CC.AA. incumplidoras\u00bb, destac\u00f3 Cascos que ha incidido en el \u00abconsiderable quebranto\u00bb que esos incumplimientos y el reparto a la carta supondr\u00e1n para el Principado.<\/p>\n","protected":false},"excerpt":{"rendered":"<p>OVIEDO, 25 Sep. (EUROPA PRESS) &#8211;\u00a0El presidente de Foro Asturias, Francisco \u00c1lvarez-Cascos ha mostrado este mi\u00e9rcoles la preocupaci\u00f3n de su partido porque el Gobierno regional siga sin recurrir el reparto a la carta del d\u00e9ficit entre CC.AA. y se \u00abdesentienda irresponsablemente de las consecuencias del reparto decidido por el gobierno de Rajoy\u00bb. \u00abSeguimos sin noticias [&hellip;]<\/p>\n","protected":false},"author":1,"featured_media":3100,"comment_status":"open","ping_status":"open","sticky":false,"template":"","format":"standard","meta":{"footnotes":""},"categories":[12],"tags":[],"class_list":["post-3099","post","type-post","status-publish","format-standard","has-post-thumbnail","hentry","category-actualidad-asturias"],"aioseo_notices":[],"aioseo_head":"\n\t\t<!-- All in One SEO Pro 4.9.6.2 - aioseo.com -->\n\t<meta name=\"description\" content=\"OVIEDO, 25 Sep. (EUROPA PRESS) - El presidente de Foro Asturias, Francisco \u00c1lvarez-Cascos ha mostrado este mi\u00e9rcoles la preocupaci\u00f3n de su partido porque el Gobierno regional siga sin recurrir el reparto a la carta del d\u00e9ficit entre CC.AA. y se &quot;desentienda irresponsablemente de las consecuencias del reparto decidido por el gobierno de Rajoy&quot;. &quot;Seguimos sin noticias\" \/>\n\t<meta name=\"robots\" content=\"max-image-preview:large\" \/>\n\t<meta name=\"author\" content=\"El Digital de Asturias\"\/>\n\t<meta name=\"google-site-verification\" content=\"UA-38556648-1\" \/>\n\t<meta name=\"msvalidate.01\" content=\"7dfe9f3f1b24437ab69f4f2559babe99\" \/>\n\t<meta name=\"keywords\" content=\"actualidad asturias\" \/>\n\t<link rel=\"canonical\" href=\"https:\/\/www.eldigitaldeasturias.com\/noticias\/cascos-critica-que-el-principado-siga-sin-interponer-el-recurso-contra-el-deficit-a-la-carta-y-teme-que-nunca-lo-haga\/\" \/>\n\t<meta name=\"generator\" content=\"All in One SEO Pro (AIOSEO) 4.9.6.2\" \/>\n\t\t<meta property=\"og:locale\" content=\"es_ES\" \/>\n\t\t<meta property=\"og:site_name\" content=\"El Digital de Asturias\" \/>\n\t\t<meta property=\"og:type\" content=\"article\" \/>\n\t\t<meta property=\"og:title\" content=\"Cascos critica que el Principado siga sin interponer el recurso contra el d\u00e9ficit a la carta y teme que nunca lo haga - El Digital de Asturias\" \/>\n\t\t<meta property=\"og:description\" content=\"OVIEDO, 25 Sep. (EUROPA PRESS) - El presidente de Foro Asturias, Francisco \u00c1lvarez-Cascos ha mostrado este mi\u00e9rcoles la preocupaci\u00f3n de su partido porque el Gobierno regional siga sin recurrir el reparto a la carta del d\u00e9ficit entre CC.AA. y se &quot;desentienda irresponsablemente de las consecuencias del reparto decidido por el gobierno de Rajoy&quot;. &quot;Seguimos sin noticias\" \/>\n\t\t<meta property=\"og:url\" content=\"https:\/\/www.eldigitaldeasturias.com\/noticias\/cascos-critica-que-el-principado-siga-sin-interponer-el-recurso-contra-el-deficit-a-la-carta-y-teme-que-nunca-lo-haga\/\" \/>\n\t\t<meta property=\"article:tag\" content=\"actualidad asturias\" \/>\n\t\t<meta property=\"article:published_time\" content=\"2013-09-25T20:07:45+00:00\" \/>\n\t\t<meta property=\"article:modified_time\" content=\"2013-09-25T20:07:45+00:00\" \/>\n\t\t<meta property=\"article:publisher\" content=\"https:\/\/facebook.com\/eldigitaldeasturias\" \/>\n\t\t<meta name=\"twitter:card\" content=\"summary_large_image\" \/>\n\t\t<meta name=\"twitter:title\" content=\"Cascos critica que el Principado siga sin interponer el recurso contra el d\u00e9ficit a la carta y teme que nunca lo haga - El Digital de Asturias\" \/>\n\t\t<meta name=\"twitter:description\" content=\"OVIEDO, 25 Sep. (EUROPA PRESS) - El presidente de Foro Asturias, Francisco \u00c1lvarez-Cascos ha mostrado este mi\u00e9rcoles la preocupaci\u00f3n de su partido porque el Gobierno regional siga sin recurrir el reparto a la carta del d\u00e9ficit entre CC.AA. y se &quot;desentienda irresponsablemente de las consecuencias del reparto decidido por el gobierno de Rajoy&quot;. &quot;Seguimos sin noticias\" \/>\n\t\t<meta name=\"twitter:label1\" content=\"Escrito por\" \/>\n\t\t<meta name=\"twitter:data1\" content=\"El Digital de Asturias\" \/>\n\t\t<meta name=\"twitter:label2\" content=\"Tiempo de lectura estimado\" \/>\n\t\t<meta name=\"twitter:data2\" content=\"1 minuto\" \/>\n\t\t<script type=\"application\/ld+json\" class=\"aioseo-schema\">\n\t\t\t{\"@context\":\"https:\\\/\\\/schema.org\",\"@graph\":[{\"@type\":\"BlogPosting\",\"@id\":\"https:\\\/\\\/www.eldigitaldeasturias.com\\\/noticias\\\/cascos-critica-que-el-principado-siga-sin-interponer-el-recurso-contra-el-deficit-a-la-carta-y-teme-que-nunca-lo-haga\\\/#blogposting\",\"name\":\"Cascos critica que el Principado siga sin interponer el recurso contra el d\\u00e9ficit a la carta y teme que nunca lo haga - El Digital de Asturias\",\"headline\":\"Cascos critica que el Principado siga sin interponer el recurso contra el d\\u00e9ficit a la carta y teme que nunca lo haga\",\"author\":{\"@id\":\"https:\\\/\\\/www.eldigitaldeasturias.com\\\/noticias\\\/author\\\/admin\\\/#author\"},\"publisher\":{\"@id\":\"https:\\\/\\\/www.eldigitaldeasturias.com\\\/noticias\\\/#organization\"},\"image\":{\"@type\":\"ImageObject\",\"url\":3100},\"datePublished\":\"2013-09-25T20:07:45+02:00\",\"dateModified\":\"2013-09-25T20:07:45+02:00\",\"inLanguage\":\"es-ES\",\"mainEntityOfPage\":{\"@id\":\"https:\\\/\\\/www.eldigitaldeasturias.com\\\/noticias\\\/cascos-critica-que-el-principado-siga-sin-interponer-el-recurso-contra-el-deficit-a-la-carta-y-teme-que-nunca-lo-haga\\\/#webpage\"},\"isPartOf\":{\"@id\":\"https:\\\/\\\/www.eldigitaldeasturias.com\\\/noticias\\\/cascos-critica-que-el-principado-siga-sin-interponer-el-recurso-contra-el-deficit-a-la-carta-y-teme-que-nunca-lo-haga\\\/#webpage\"},\"articleSection\":\"Actualidad Asturias\"},{\"@type\":\"BreadcrumbList\",\"@id\":\"https:\\\/\\\/www.eldigitaldeasturias.com\\\/noticias\\\/cascos-critica-que-el-principado-siga-sin-interponer-el-recurso-contra-el-deficit-a-la-carta-y-teme-que-nunca-lo-haga\\\/#breadcrumblist\",\"itemListElement\":[{\"@type\":\"ListItem\",\"@id\":\"https:\\\/\\\/www.eldigitaldeasturias.com\\\/noticias#listItem\",\"position\":1,\"name\":\"Home\",\"item\":\"https:\\\/\\\/www.eldigitaldeasturias.com\\\/noticias\",\"nextItem\":{\"@type\":\"ListItem\",\"@id\":\"https:\\\/\\\/www.eldigitaldeasturias.com\\\/noticias\\\/category\\\/actualidad-asturias\\\/#listItem\",\"name\":\"Actualidad Asturias\"}},{\"@type\":\"ListItem\",\"@id\":\"https:\\\/\\\/www.eldigitaldeasturias.com\\\/noticias\\\/category\\\/actualidad-asturias\\\/#listItem\",\"position\":2,\"name\":\"Actualidad Asturias\",\"item\":\"https:\\\/\\\/www.eldigitaldeasturias.com\\\/noticias\\\/category\\\/actualidad-asturias\\\/\",\"nextItem\":{\"@type\":\"ListItem\",\"@id\":\"https:\\\/\\\/www.eldigitaldeasturias.com\\\/noticias\\\/cascos-critica-que-el-principado-siga-sin-interponer-el-recurso-contra-el-deficit-a-la-carta-y-teme-que-nunca-lo-haga\\\/#listItem\",\"name\":\"Cascos critica que el Principado siga sin interponer el recurso contra el d\\u00e9ficit a la carta y teme que nunca lo haga\"},\"previousItem\":{\"@type\":\"ListItem\",\"@id\":\"https:\\\/\\\/www.eldigitaldeasturias.com\\\/noticias#listItem\",\"name\":\"Home\"}},{\"@type\":\"ListItem\",\"@id\":\"https:\\\/\\\/www.eldigitaldeasturias.com\\\/noticias\\\/cascos-critica-que-el-principado-siga-sin-interponer-el-recurso-contra-el-deficit-a-la-carta-y-teme-que-nunca-lo-haga\\\/#listItem\",\"position\":3,\"name\":\"Cascos critica que el Principado siga sin interponer el recurso contra el d\\u00e9ficit a la carta y teme que nunca lo haga\",\"previousItem\":{\"@type\":\"ListItem\",\"@id\":\"https:\\\/\\\/www.eldigitaldeasturias.com\\\/noticias\\\/category\\\/actualidad-asturias\\\/#listItem\",\"name\":\"Actualidad Asturias\"}}]},{\"@type\":\"Organization\",\"@id\":\"https:\\\/\\\/www.eldigitaldeasturias.com\\\/noticias\\\/#organization\",\"name\":\"El Digital de Asturias\",\"description\":\"Hemeroteca\",\"url\":\"https:\\\/\\\/www.eldigitaldeasturias.com\\\/noticias\\\/\",\"email\":\"info@eldigitaldeasturias.com\",\"telephone\":\"+34652131393\",\"logo\":{\"@type\":\"ImageObject\",\"url\":\"https:\\\/\\\/www.eldigitaldeasturias.com\\\/noticias\\\/wp-content\\\/uploads\\\/2020\\\/12\\\/EDA.jpg\",\"@id\":\"https:\\\/\\\/www.eldigitaldeasturias.com\\\/noticias\\\/cascos-critica-que-el-principado-siga-sin-interponer-el-recurso-contra-el-deficit-a-la-carta-y-teme-que-nunca-lo-haga\\\/#organizationLogo\",\"width\":649,\"height\":297},\"image\":{\"@id\":\"https:\\\/\\\/www.eldigitaldeasturias.com\\\/noticias\\\/cascos-critica-que-el-principado-siga-sin-interponer-el-recurso-contra-el-deficit-a-la-carta-y-teme-que-nunca-lo-haga\\\/#organizationLogo\"},\"sameAs\":[\"https:\\\/\\\/facebook.com\\\/eldigitaldeasturias\",\"https:\\\/\\\/www.youtube.com\\\/channel\\\/UCZP-2wLEB9Rv6erhFmqVnvg\"],\"address\":{\"@id\":\"https:\\\/\\\/www.eldigitaldeasturias.com\\\/noticias\\\/#postaladdress\",\"@type\":\"PostalAddress\",\"streetAddress\":\"san antonio 4,\",\"postalCode\":\"33430\",\"addressLocality\":\"Cand\\u00e1s\",\"addressRegion\":\"Asturias\",\"addressCountry\":\"ES\"}},{\"@type\":\"Person\",\"@id\":\"https:\\\/\\\/www.eldigitaldeasturias.com\\\/noticias\\\/author\\\/admin\\\/#author\",\"url\":\"https:\\\/\\\/www.eldigitaldeasturias.com\\\/noticias\\\/author\\\/admin\\\/\",\"name\":\"El Digital de Asturias\",\"image\":{\"@type\":\"ImageObject\",\"@id\":\"https:\\\/\\\/www.eldigitaldeasturias.com\\\/noticias\\\/cascos-critica-que-el-principado-siga-sin-interponer-el-recurso-contra-el-deficit-a-la-carta-y-teme-que-nunca-lo-haga\\\/#authorImage\",\"url\":\"https:\\\/\\\/www.eldigitaldeasturias.com\\\/noticias\\\/wp-content\\\/litespeed\\\/avatar\\\/18677e78aa0546b92d9dbf31ec7d7668.jpg?ver=1777290358\",\"width\":96,\"height\":96,\"caption\":\"El Digital de Asturias\"}},{\"@type\":\"WebPage\",\"@id\":\"https:\\\/\\\/www.eldigitaldeasturias.com\\\/noticias\\\/cascos-critica-que-el-principado-siga-sin-interponer-el-recurso-contra-el-deficit-a-la-carta-y-teme-que-nunca-lo-haga\\\/#webpage\",\"url\":\"https:\\\/\\\/www.eldigitaldeasturias.com\\\/noticias\\\/cascos-critica-que-el-principado-siga-sin-interponer-el-recurso-contra-el-deficit-a-la-carta-y-teme-que-nunca-lo-haga\\\/\",\"name\":\"Cascos critica que el Principado siga sin interponer el recurso contra el d\\u00e9ficit a la carta y teme que nunca lo haga - El Digital de Asturias\",\"description\":\"OVIEDO, 25 Sep. (EUROPA PRESS) - El presidente de Foro Asturias, Francisco \\u00c1lvarez-Cascos ha mostrado este mi\\u00e9rcoles la preocupaci\\u00f3n de su partido porque el Gobierno regional siga sin recurrir el reparto a la carta del d\\u00e9ficit entre CC.AA. y se \\\"desentienda irresponsablemente de las consecuencias del reparto decidido por el gobierno de Rajoy\\\". \\\"Seguimos sin noticias\",\"inLanguage\":\"es-ES\",\"isPartOf\":{\"@id\":\"https:\\\/\\\/www.eldigitaldeasturias.com\\\/noticias\\\/#website\"},\"breadcrumb\":{\"@id\":\"https:\\\/\\\/www.eldigitaldeasturias.com\\\/noticias\\\/cascos-critica-que-el-principado-siga-sin-interponer-el-recurso-contra-el-deficit-a-la-carta-y-teme-que-nunca-lo-haga\\\/#breadcrumblist\"},\"author\":{\"@id\":\"https:\\\/\\\/www.eldigitaldeasturias.com\\\/noticias\\\/author\\\/admin\\\/#author\"},\"creator\":{\"@id\":\"https:\\\/\\\/www.eldigitaldeasturias.com\\\/noticias\\\/author\\\/admin\\\/#author\"},\"image\":{\"@type\":\"ImageObject\",\"url\":3100,\"@id\":\"https:\\\/\\\/www.eldigitaldeasturias.com\\\/noticias\\\/cascos-critica-que-el-principado-siga-sin-interponer-el-recurso-contra-el-deficit-a-la-carta-y-teme-que-nunca-lo-haga\\\/#mainImage\"},\"primaryImageOfPage\":{\"@id\":\"https:\\\/\\\/www.eldigitaldeasturias.com\\\/noticias\\\/cascos-critica-que-el-principado-siga-sin-interponer-el-recurso-contra-el-deficit-a-la-carta-y-teme-que-nunca-lo-haga\\\/#mainImage\"},\"datePublished\":\"2013-09-25T20:07:45+02:00\",\"dateModified\":\"2013-09-25T20:07:45+02:00\"},{\"@type\":\"WebSite\",\"@id\":\"https:\\\/\\\/www.eldigitaldeasturias.com\\\/noticias\\\/#website\",\"url\":\"https:\\\/\\\/www.eldigitaldeasturias.com\\\/noticias\\\/\",\"name\":\"El Digital de Asturias - Diario de actualidad y noticias\",\"alternateName\":\"El Digital de Asturias - Diario de actualidad y noticias\",\"description\":\"Hemeroteca\",\"inLanguage\":\"es-ES\",\"publisher\":{\"@id\":\"https:\\\/\\\/www.eldigitaldeasturias.com\\\/noticias\\\/#organization\"}}]}\n\t\t<\/script>\n\t\t<!-- All in One SEO Pro -->\r\n\t\t<title>Cascos critica que el Principado siga sin interponer el recurso contra el d\u00e9ficit a la carta y teme que nunca lo haga - El Digital de Asturias<\/title>\n\n","aioseo_head_json":{"title":"Cascos critica que el Principado siga sin interponer el recurso contra el d\u00e9ficit a la carta y teme que nunca lo haga - El Digital de Asturias","description":"OVIEDO, 25 Sep. (EUROPA PRESS) - El presidente de Foro Asturias, Francisco \u00c1lvarez-Cascos ha mostrado este mi\u00e9rcoles la preocupaci\u00f3n de su partido porque el Gobierno regional siga sin recurrir el reparto a la carta del d\u00e9ficit entre CC.AA. y se \"desentienda irresponsablemente de las consecuencias del reparto decidido por el gobierno de Rajoy\". \"Seguimos sin noticias","canonical_url":"https:\/\/www.eldigitaldeasturias.com\/noticias\/cascos-critica-que-el-principado-siga-sin-interponer-el-recurso-contra-el-deficit-a-la-carta-y-teme-que-nunca-lo-haga\/","robots":"max-image-preview:large","keywords":"actualidad asturias","webmasterTools":{"google-site-verification":"UA-38556648-1","msvalidate.01":"7dfe9f3f1b24437ab69f4f2559babe99","miscellaneous":""},"schema":{"@context":"https:\/\/schema.org","@graph":[{"@type":"BlogPosting","@id":"https:\/\/www.eldigitaldeasturias.com\/noticias\/cascos-critica-que-el-principado-siga-sin-interponer-el-recurso-contra-el-deficit-a-la-carta-y-teme-que-nunca-lo-haga\/#blogposting","name":"Cascos critica que el Principado siga sin interponer el recurso contra el d\u00e9ficit a la carta y teme que nunca lo haga - El Digital de Asturias","headline":"Cascos critica que el Principado siga sin interponer el recurso contra el d\u00e9ficit a la carta y teme que nunca lo haga","author":{"@id":"https:\/\/www.eldigitaldeasturias.com\/noticias\/author\/admin\/#author"},"publisher":{"@id":"https:\/\/www.eldigitaldeasturias.com\/noticias\/#organization"},"image":{"@type":"ImageObject","url":3100},"datePublished":"2013-09-25T20:07:45+02:00","dateModified":"2013-09-25T20:07:45+02:00","inLanguage":"es-ES","mainEntityOfPage":{"@id":"https:\/\/www.eldigitaldeasturias.com\/noticias\/cascos-critica-que-el-principado-siga-sin-interponer-el-recurso-contra-el-deficit-a-la-carta-y-teme-que-nunca-lo-haga\/#webpage"},"isPartOf":{"@id":"https:\/\/www.eldigitaldeasturias.com\/noticias\/cascos-critica-que-el-principado-siga-sin-interponer-el-recurso-contra-el-deficit-a-la-carta-y-teme-que-nunca-lo-haga\/#webpage"},"articleSection":"Actualidad Asturias"},{"@type":"BreadcrumbList","@id":"https:\/\/www.eldigitaldeasturias.com\/noticias\/cascos-critica-que-el-principado-siga-sin-interponer-el-recurso-contra-el-deficit-a-la-carta-y-teme-que-nunca-lo-haga\/#breadcrumblist","itemListElement":[{"@type":"ListItem","@id":"https:\/\/www.eldigitaldeasturias.com\/noticias#listItem","position":1,"name":"Home","item":"https:\/\/www.eldigitaldeasturias.com\/noticias","nextItem":{"@type":"ListItem","@id":"https:\/\/www.eldigitaldeasturias.com\/noticias\/category\/actualidad-asturias\/#listItem","name":"Actualidad Asturias"}},{"@type":"ListItem","@id":"https:\/\/www.eldigitaldeasturias.com\/noticias\/category\/actualidad-asturias\/#listItem","position":2,"name":"Actualidad Asturias","item":"https:\/\/www.eldigitaldeasturias.com\/noticias\/category\/actualidad-asturias\/","nextItem":{"@type":"ListItem","@id":"https:\/\/www.eldigitaldeasturias.com\/noticias\/cascos-critica-que-el-principado-siga-sin-interponer-el-recurso-contra-el-deficit-a-la-carta-y-teme-que-nunca-lo-haga\/#listItem","name":"Cascos critica que el Principado siga sin interponer el recurso contra el d\u00e9ficit a la carta y teme que nunca lo haga"},"previousItem":{"@type":"ListItem","@id":"https:\/\/www.eldigitaldeasturias.com\/noticias#listItem","name":"Home"}},{"@type":"ListItem","@id":"https:\/\/www.eldigitaldeasturias.com\/noticias\/cascos-critica-que-el-principado-siga-sin-interponer-el-recurso-contra-el-deficit-a-la-carta-y-teme-que-nunca-lo-haga\/#listItem","position":3,"name":"Cascos critica que el Principado siga sin interponer el recurso contra el d\u00e9ficit a la carta y teme que nunca lo haga","previousItem":{"@type":"ListItem","@id":"https:\/\/www.eldigitaldeasturias.com\/noticias\/category\/actualidad-asturias\/#listItem","name":"Actualidad Asturias"}}]},{"@type":"Organization","@id":"https:\/\/www.eldigitaldeasturias.com\/noticias\/#organization","name":"El Digital de Asturias","description":"Hemeroteca","url":"https:\/\/www.eldigitaldeasturias.com\/noticias\/","email":"info@eldigitaldeasturias.com","telephone":"+34652131393","logo":{"@type":"ImageObject","url":"https:\/\/www.eldigitaldeasturias.com\/noticias\/wp-content\/uploads\/2020\/12\/EDA.jpg","@id":"https:\/\/www.eldigitaldeasturias.com\/noticias\/cascos-critica-que-el-principado-siga-sin-interponer-el-recurso-contra-el-deficit-a-la-carta-y-teme-que-nunca-lo-haga\/#organizationLogo","width":649,"height":297},"image":{"@id":"https:\/\/www.eldigitaldeasturias.com\/noticias\/cascos-critica-que-el-principado-siga-sin-interponer-el-recurso-contra-el-deficit-a-la-carta-y-teme-que-nunca-lo-haga\/#organizationLogo"},"sameAs":["https:\/\/facebook.com\/eldigitaldeasturias","https:\/\/www.youtube.com\/channel\/UCZP-2wLEB9Rv6erhFmqVnvg"],"address":{"@id":"https:\/\/www.eldigitaldeasturias.com\/noticias\/#postaladdress","@type":"PostalAddress","streetAddress":"san antonio 4,","postalCode":"33430","addressLocality":"Cand\u00e1s","addressRegion":"Asturias","addressCountry":"ES"}},{"@type":"Person","@id":"https:\/\/www.eldigitaldeasturias.com\/noticias\/author\/admin\/#author","url":"https:\/\/www.eldigitaldeasturias.com\/noticias\/author\/admin\/","name":"El Digital de Asturias","image":{"@type":"ImageObject","@id":"https:\/\/www.eldigitaldeasturias.com\/noticias\/cascos-critica-que-el-principado-siga-sin-interponer-el-recurso-contra-el-deficit-a-la-carta-y-teme-que-nunca-lo-haga\/#authorImage","url":"https:\/\/www.eldigitaldeasturias.com\/noticias\/wp-content\/litespeed\/avatar\/18677e78aa0546b92d9dbf31ec7d7668.jpg?ver=1777290358","width":96,"height":96,"caption":"El Digital de Asturias"}},{"@type":"WebPage","@id":"https:\/\/www.eldigitaldeasturias.com\/noticias\/cascos-critica-que-el-principado-siga-sin-interponer-el-recurso-contra-el-deficit-a-la-carta-y-teme-que-nunca-lo-haga\/#webpage","url":"https:\/\/www.eldigitaldeasturias.com\/noticias\/cascos-critica-que-el-principado-siga-sin-interponer-el-recurso-contra-el-deficit-a-la-carta-y-teme-que-nunca-lo-haga\/","name":"Cascos critica que el Principado siga sin interponer el recurso contra el d\u00e9ficit a la carta y teme que nunca lo haga - El Digital de Asturias","description":"OVIEDO, 25 Sep. (EUROPA PRESS) - El presidente de Foro Asturias, Francisco \u00c1lvarez-Cascos ha mostrado este mi\u00e9rcoles la preocupaci\u00f3n de su partido porque el Gobierno regional siga sin recurrir el reparto a la carta del d\u00e9ficit entre CC.AA. y se \"desentienda irresponsablemente de las consecuencias del reparto decidido por el gobierno de Rajoy\". \"Seguimos sin noticias","inLanguage":"es-ES","isPartOf":{"@id":"https:\/\/www.eldigitaldeasturias.com\/noticias\/#website"},"breadcrumb":{"@id":"https:\/\/www.eldigitaldeasturias.com\/noticias\/cascos-critica-que-el-principado-siga-sin-interponer-el-recurso-contra-el-deficit-a-la-carta-y-teme-que-nunca-lo-haga\/#breadcrumblist"},"author":{"@id":"https:\/\/www.eldigitaldeasturias.com\/noticias\/author\/admin\/#author"},"creator":{"@id":"https:\/\/www.eldigitaldeasturias.com\/noticias\/author\/admin\/#author"},"image":{"@type":"ImageObject","url":3100,"@id":"https:\/\/www.eldigitaldeasturias.com\/noticias\/cascos-critica-que-el-principado-siga-sin-interponer-el-recurso-contra-el-deficit-a-la-carta-y-teme-que-nunca-lo-haga\/#mainImage"},"primaryImageOfPage":{"@id":"https:\/\/www.eldigitaldeasturias.com\/noticias\/cascos-critica-que-el-principado-siga-sin-interponer-el-recurso-contra-el-deficit-a-la-carta-y-teme-que-nunca-lo-haga\/#mainImage"},"datePublished":"2013-09-25T20:07:45+02:00","dateModified":"2013-09-25T20:07:45+02:00"},{"@type":"WebSite","@id":"https:\/\/www.eldigitaldeasturias.com\/noticias\/#website","url":"https:\/\/www.eldigitaldeasturias.com\/noticias\/","name":"El Digital de Asturias - Diario de actualidad y noticias","alternateName":"El Digital de Asturias - Diario de actualidad y noticias","description":"Hemeroteca","inLanguage":"es-ES","publisher":{"@id":"https:\/\/www.eldigitaldeasturias.com\/noticias\/#organization"}}]},"og:locale":"es_ES","og:site_name":"El Digital de Asturias","og:type":"article","og:title":"Cascos critica que el Principado siga sin interponer el recurso contra el d\u00e9ficit a la carta y teme que nunca lo haga - El Digital de Asturias","og:description":"OVIEDO, 25 Sep. (EUROPA PRESS) - El presidente de Foro Asturias, Francisco \u00c1lvarez-Cascos ha mostrado este mi\u00e9rcoles la preocupaci\u00f3n de su partido porque el Gobierno regional siga sin recurrir el reparto a la carta del d\u00e9ficit entre CC.AA. y se &quot;desentienda irresponsablemente de las consecuencias del reparto decidido por el gobierno de Rajoy&quot;. &quot;Seguimos sin noticias","og:url":"https:\/\/www.eldigitaldeasturias.com\/noticias\/cascos-critica-que-el-principado-siga-sin-interponer-el-recurso-contra-el-deficit-a-la-carta-y-teme-que-nunca-lo-haga\/","article:tag":["actualidad asturias"],"article:published_time":"2013-09-25T20:07:45+00:00","article:modified_time":"2013-09-25T20:07:45+00:00","article:publisher":"https:\/\/facebook.com\/eldigitaldeasturias","twitter:card":"summary_large_image","twitter:title":"Cascos critica que el Principado siga sin interponer el recurso contra el d\u00e9ficit a la carta y teme que nunca lo haga - El Digital de Asturias","twitter:description":"OVIEDO, 25 Sep. (EUROPA PRESS) - El presidente de Foro Asturias, Francisco \u00c1lvarez-Cascos ha mostrado este mi\u00e9rcoles la preocupaci\u00f3n de su partido porque el Gobierno regional siga sin recurrir el reparto a la carta del d\u00e9ficit entre CC.AA. y se &quot;desentienda irresponsablemente de las consecuencias del reparto decidido por el gobierno de Rajoy&quot;. &quot;Seguimos sin noticias","twitter:label1":"Escrito por","twitter:data1":"El Digital de Asturias","twitter:label2":"Tiempo de lectura estimado","twitter:data2":"1 minuto"},"aioseo_meta_data":{"post_id":"3099","title":null,"description":null,"keywords":null,"keyphrases":null,"primary_term":null,"canonical_url":null,"og_title":null,"og_description":null,"og_object_type":"default","og_image_type":"default","og_image_url":null,"og_image_width":null,"og_image_height":null,"og_image_custom_url":null,"og_image_custom_fields":null,"og_video":null,"og_custom_url":null,"og_article_section":null,"og_article_tags":null,"twitter_use_og":true,"twitter_card":"default","twitter_image_type":"default","twitter_image_url":null,"twitter_image_custom_url":null,"twitter_image_custom_fields":null,"twitter_title":null,"twitter_description":null,"schema":{"blockGraphs":[],"customGraphs":[],"default":{"data":{"Article":[],"Course":[],"Dataset":[],"FAQPage":[],"Movie":[],"Person":[],"Product":[],"ProductReview":[],"Car":[],"Recipe":[],"Service":[],"SoftwareApplication":[],"WebPage":[]},"graphName":"","isEnabled":true},"graphs":[],"defaultGraph":"","defaultPostTypeGraph":""},"schema_type":null,"schema_type_options":null,"pillar_content":false,"robots_default":true,"robots_noindex":false,"robots_noarchive":false,"robots_nosnippet":false,"robots_nofollow":false,"robots_noimageindex":false,"robots_noodp":false,"robots_notranslate":false,"robots_max_snippet":null,"robots_max_videopreview":null,"robots_max_imagepreview":"none","priority":null,"frequency":null,"local_seo":null,"seo_analyzer_scan_date":"2025-08-21 05:44:47","breadcrumb_settings":null,"limit_modified_date":false,"open_ai":null,"ai":null,"created":"2020-11-14 22:37:00","updated":"2025-08-21 05:44:47"},"aioseo_breadcrumb":"<div class=\"aioseo-breadcrumbs\"><span class=\"aioseo-breadcrumb\">\n\t<a href=\"https:\/\/www.eldigitaldeasturias.com\/noticias\" title=\"Home\">Home<\/a>\n<\/span><span class=\"aioseo-breadcrumb-separator\">\u2013<\/span><span class=\"aioseo-breadcrumb\">\n\t<a href=\"https:\/\/www.eldigitaldeasturias.com\/noticias\/category\/actualidad-asturias\/\" title=\"Actualidad Asturias\">Actualidad Asturias<\/a>\n<\/span><span class=\"aioseo-breadcrumb-separator\">\u2013<\/span><span class=\"aioseo-breadcrumb\">\n\t<a href=\"https:\/\/www.eldigitaldeasturias.com\/noticias\/cascos-critica-que-el-principado-siga-sin-interponer-el-recurso-contra-el-deficit-a-la-carta-y-teme-que-nunca-lo-haga\/\" title=\"Cascos critica que el Principado siga sin interponer el recurso contra el d\u00e9ficit a la carta y teme que nunca lo haga\">Cascos critica que el Principado siga sin interponer el recurso contra el d\u00e9ficit a la carta y teme que nunca lo haga<\/a>\n<\/span><\/div>","aioseo_breadcrumb_json":[{"label":"Home","link":"https:\/\/www.eldigitaldeasturias.com\/noticias"},{"label":"Actualidad Asturias","link":"https:\/\/www.eldigitaldeasturias.com\/noticias\/category\/actualidad-asturias\/"},{"label":"Cascos critica que el Principado siga sin interponer el recurso contra el d\u00e9ficit a la carta y teme que nunca lo haga","link":"https:\/\/www.eldigitaldeasturias.com\/noticias\/cascos-critica-que-el-principado-siga-sin-interponer-el-recurso-contra-el-deficit-a-la-carta-y-teme-que-nunca-lo-haga\/"}],"_links":{"self":[{"href":"https:\/\/www.eldigitaldeasturias.com\/noticias\/wp-json\/wp\/v2\/posts\/3099","targetHints":{"allow":["GET"]}}],"collection":[{"href":"https:\/\/www.eldigitaldeasturias.com\/noticias\/wp-json\/wp\/v2\/posts"}],"about":[{"href":"https:\/\/www.eldigitaldeasturias.com\/noticias\/wp-json\/wp\/v2\/types\/post"}],"author":[{"embeddable":true,"href":"https:\/\/www.eldigitaldeasturias.com\/noticias\/wp-json\/wp\/v2\/users\/1"}],"replies":[{"embeddable":true,"href":"https:\/\/www.eldigitaldeasturias.com\/noticias\/wp-json\/wp\/v2\/comments?post=3099"}],"version-history":[{"count":0,"href":"https:\/\/www.eldigitaldeasturias.com\/noticias\/wp-json\/wp\/v2\/posts\/3099\/revisions"}],"wp:featuredmedia":[{"embeddable":true,"href":"https:\/\/www.eldigitaldeasturias.com\/noticias\/wp-json\/"}],"wp:attachment":[{"href":"https:\/\/www.eldigitaldeasturias.com\/noticias\/wp-json\/wp\/v2\/media?parent=3099"}],"wp:term":[{"taxonomy":"category","embeddable":true,"href":"https:\/\/www.eldigitaldeasturias.com\/noticias\/wp-json\/wp\/v2\/categories?post=3099"},{"taxonomy":"post_tag","embeddable":true,"href":"https:\/\/www.eldigitaldeasturias.com\/noticias\/wp-json\/wp\/v2\/tags?post=3099"}],"curies":[{"name":"wp","href":"https:\/\/api.w.org\/{rel}","templated":true}]}}