{"id":3096,"date":"2013-09-25T20:06:14","date_gmt":"2013-09-25T20:06:14","guid":{"rendered":"http:\/\/www.eldigitaldeasturias.com\/noticias\/?p=3096"},"modified":"2013-09-25T20:06:14","modified_gmt":"2013-09-25T20:06:14","slug":"la-junta-abordara-la-situacion-de-tenneco-de-los-interinos-y-del-desarrollo-de-la-atencion-a-la-dependencia","status":"publish","type":"post","link":"https:\/\/www.eldigitaldeasturias.com\/noticias\/la-junta-abordara-la-situacion-de-tenneco-de-los-interinos-y-del-desarrollo-de-la-atencion-a-la-dependencia\/","title":{"rendered":"La Junta abordar\u00e1 la situaci\u00f3n de Tenneco, de los interinos y del desarrollo de la atenci\u00f3n a la dependencia"},"content":{"rendered":"<p><img loading=\"lazy\" decoding=\"async\" class=\"alignleft size-medium wp-image-3097\" alt=\"fotonoticia_20130925175713_800\" src=\"https:\/\/www.eldigitaldeasturias.com\/noticias\/wp-content\/uploads\/2013\/09\/fotonoticia_20130925175713_800-360x240.jpg\" width=\"360\" height=\"240\" \/>OVIEDO, 25 Sep. (EUROPA PRESS) &#8211;\u00a0La Junta General del Principado de Asturias abordar\u00e1 esta semana, en sesi\u00f3n plenaria, la situaci\u00f3n de la empresa Tenneco, de los profesores interinos y del desarrollo de la atenci\u00f3n a la dependencia en la comunidad aut\u00f3noma.<\/p>\n<p>El pleno de la C\u00e1mara, que comenzar\u00e1 este jueves a las 17.00 horas y continuar\u00e1 el viernes a las 10.00 horas, incluir\u00e1 una pregunta de la diputada del PP Emma Ramos al Consejo de Gobierno para saber si ha iniciado conversaciones con la direcci\u00f3n de la empresa Tenneco para evitar el cierre de su planta de Gij\u00f3n y, en otro caso, qu\u00e9 medidas piensa adoptar.<\/p>\n<p>Igualmente, est\u00e1 prevista una declaraci\u00f3n Institucional sobre la empresa Tenneco en apoyo a sus trabajadores y a la continuidad de la actividad de la planta asturiana.<\/p>\n<p>Adem\u00e1s, desde IU, su diputada Emilia V\u00e1zquez preguntar\u00e1 por las causas que motivaron los problemas en la adjudicaci\u00f3n de las plazas de los profesores interinos y sobre qu\u00e9 soluciones est\u00e1 aportando el Gobierno asturiano a dichos problemas.<\/p>\n<p>Otro asunto que se tratar\u00e1 en el pleno de esta semana ser\u00e1 el desarrollo de la atenci\u00f3n a la dependencia. En este sentido, el diputado de UPyD, Ignacio Prendes, preguntar\u00e1 a la consejera de Bienestar Social y Vivienda, Esther D\u00edaz, sobre la pol\u00edtica en materia de atenci\u00f3n a la dependencia y, m\u00e1s en concreto, sobre el copago de los servicios sociales de car\u00e1cter no gratuito.<\/p>\n<p>Asimismo, la diputada de IU Noem\u00ed Mart\u00edn interpelar\u00e1 al Consejo de Gobierno sobre la pol\u00edtica de bienestar social y, especialmente, en relaci\u00f3n a la &#8216;Agenda contra la Exclusi\u00f3n social&#8217;.<\/p>\n<p>Tambi\u00e9n ser\u00e1n puntos del orden del d\u00eda del pleno la interpelaci\u00f3n del diputado del PP Jos\u00e9 Agust\u00edn Cuervas-Mons al Consejo de Gobierno sobre pol\u00edtica en materia de telecomunicaciones con especial referencia a la contrataci\u00f3n realizada por la empresa p\u00fablica Gesti\u00f3n de Infraestructuras P\u00fablicas de Telecomunicaciones del Principado de Asturias SA y los resultados de la investigaci\u00f3n llevada a cabo por el Consejo de Gobierno en torno a la misma.<\/p>\n<p>Por su parte, la diputada de Foro Mar\u00eda del Carmen Fern\u00e1ndez solicitar\u00e1 informaci\u00f3n al Gobierno sobre qu\u00e9 actuaciones est\u00e1 realizando para poner en funcionamiento la Escuela de Ventas, ubicada en el edificio de Pumarabule de la parroquia de Carbay\u00edn, en concejo de Siero.<\/p>\n<p>El tambi\u00e9n diputado de Foro Manuel Pe\u00f1a preguntar\u00e1 a la consejera de Educaci\u00f3n, Cultura y Deporte, Ana Gonz\u00e1lez, sobre la pol\u00edtica general en materia de personal docente no universitario y, en concreto, sobre la decisi\u00f3n de recortar la plantilla de profesorado para el pr\u00f3ximo curso escolar 2013-2014; y la diputada de Foro Marina Huerta solicitar\u00e1 informaci\u00f3n sobre las obras para arreglar el argayo de la carretera de la &#8216;Senda de Mu\u00f1igo&#8217;, que da acceso a Covadonga.<\/p>\n<p>En otro orden de cosas, la diputada del PP Susana L\u00f3pez Ares preguntar\u00e1 al Consejo de Gobierno sobre las razones de la modificaci\u00f3n del servicio de transporte escolar; y el Grupo Mixto presentar\u00e1 una moci\u00f3n subsiguiente a su interpelaci\u00f3n a la consejera de Educaci\u00f3n sobre la pol\u00edtica general en materia de Educaci\u00f3n Infantil, con especial referencia a la red p\u00fablica de centros de 0 a 3 a\u00f1os.<\/p>\n<p>A la vez, el pleno tratar\u00e1 una propuesta de Foro de creaci\u00f3n de una Comisi\u00f3n de Investigaci\u00f3n sobre presuntas \u00abdesapariciones\u00bb de documentos del Plan Territorial Especial Supramunicipal para el \u00c1rea de Tratamiento Centralizado de Residuos de Asturias y de la contrataci\u00f3n del Plan de Residuos; y una proposici\u00f3n no de ley de IU sobre la garant\u00eda de que cualquier modificaci\u00f3n de la planta judicial se acuerde entre las dos administraciones, en su caso, con el Consejo General del Poder Judicial, con la participaci\u00f3n de la sociedad civil concernida, y teniendo en cuenta las caracter\u00edsticas geogr\u00e1ficas y demogr\u00e1ficas de Asturias<\/p>\n<p>Desde el PP presentar\u00e1n una proposici\u00f3n no de ley sobre acciones para que, en el a\u00f1o 2014, los habitantes y residentes locales de la vertiente Asturiana del Parque Nacional de los Picos de Europa puedan obtener las subvenciones previstas en la ley de 30 de mayo de 1995; y una proposici\u00f3n no de ley sobre adopci\u00f3n de las medidas necesarias para trasladar las facultades sanitarias ubicadas en El Cristo al nuevo HUCA, estableciendo con la Universidad de Oviedo un calendario para llevarlo a cabo en el m\u00e1s breve plazo.<\/p>\n<p>Finalmente, Foro presentar\u00e1 una proposici\u00f3n no de ley sobre medidas para evitar las consecuencias negativas que una mala negociaci\u00f3n del reparto interno de la Pol\u00edtica Agr\u00edcola Com\u00fan tendr\u00eda sobre el sector ganadero asturiano.<\/p>\n","protected":false},"excerpt":{"rendered":"<p>OVIEDO, 25 Sep. (EUROPA PRESS) &#8211;\u00a0La Junta General del Principado de Asturias abordar\u00e1 esta semana, en sesi\u00f3n plenaria, la situaci\u00f3n de la empresa Tenneco, de los profesores interinos y del desarrollo de la atenci\u00f3n a la dependencia en la comunidad aut\u00f3noma. El pleno de la C\u00e1mara, que comenzar\u00e1 este jueves a las 17.00 horas y [&hellip;]<\/p>\n","protected":false},"author":1,"featured_media":3097,"comment_status":"open","ping_status":"open","sticky":false,"template":"","format":"standard","meta":{"footnotes":""},"categories":[12],"tags":[],"class_list":["post-3096","post","type-post","status-publish","format-standard","has-post-thumbnail","hentry","category-actualidad-asturias"],"aioseo_notices":[],"aioseo_head":"\n\t\t<!-- All in One SEO Pro 4.9.6.2 - aioseo.com -->\n\t<meta name=\"description\" content=\"OVIEDO, 25 Sep. (EUROPA PRESS) - La Junta General del Principado de Asturias abordar\u00e1 esta semana, en sesi\u00f3n plenaria, la situaci\u00f3n de la empresa Tenneco, de los profesores interinos y del desarrollo de la atenci\u00f3n a la dependencia en la comunidad aut\u00f3noma. El pleno de la C\u00e1mara, que comenzar\u00e1 este jueves a las 17.00 horas y\" \/>\n\t<meta name=\"robots\" content=\"max-image-preview:large\" \/>\n\t<meta name=\"author\" content=\"El Digital de Asturias\"\/>\n\t<meta name=\"google-site-verification\" content=\"UA-38556648-1\" \/>\n\t<meta name=\"msvalidate.01\" content=\"7dfe9f3f1b24437ab69f4f2559babe99\" \/>\n\t<meta name=\"keywords\" content=\"actualidad asturias\" \/>\n\t<link rel=\"canonical\" href=\"https:\/\/www.eldigitaldeasturias.com\/noticias\/la-junta-abordara-la-situacion-de-tenneco-de-los-interinos-y-del-desarrollo-de-la-atencion-a-la-dependencia\/\" \/>\n\t<meta name=\"generator\" content=\"All in One SEO Pro (AIOSEO) 4.9.6.2\" \/>\n\t\t<meta property=\"og:locale\" content=\"es_ES\" \/>\n\t\t<meta property=\"og:site_name\" content=\"El Digital de Asturias\" \/>\n\t\t<meta property=\"og:type\" content=\"article\" \/>\n\t\t<meta property=\"og:title\" content=\"La Junta abordar\u00e1 la situaci\u00f3n de Tenneco, de los interinos y del desarrollo de la atenci\u00f3n a la dependencia - El Digital de Asturias\" \/>\n\t\t<meta property=\"og:description\" content=\"OVIEDO, 25 Sep. (EUROPA PRESS) - La Junta General del Principado de Asturias abordar\u00e1 esta semana, en sesi\u00f3n plenaria, la situaci\u00f3n de la empresa Tenneco, de los profesores interinos y del desarrollo de la atenci\u00f3n a la dependencia en la comunidad aut\u00f3noma. El pleno de la C\u00e1mara, que comenzar\u00e1 este jueves a las 17.00 horas y\" \/>\n\t\t<meta property=\"og:url\" content=\"https:\/\/www.eldigitaldeasturias.com\/noticias\/la-junta-abordara-la-situacion-de-tenneco-de-los-interinos-y-del-desarrollo-de-la-atencion-a-la-dependencia\/\" \/>\n\t\t<meta property=\"article:tag\" content=\"actualidad asturias\" \/>\n\t\t<meta property=\"article:published_time\" content=\"2013-09-25T20:06:14+00:00\" \/>\n\t\t<meta property=\"article:modified_time\" content=\"2013-09-25T20:06:14+00:00\" \/>\n\t\t<meta property=\"article:publisher\" content=\"https:\/\/facebook.com\/eldigitaldeasturias\" \/>\n\t\t<meta name=\"twitter:card\" content=\"summary_large_image\" \/>\n\t\t<meta name=\"twitter:title\" content=\"La Junta abordar\u00e1 la situaci\u00f3n de Tenneco, de los interinos y del desarrollo de la atenci\u00f3n a la dependencia - El Digital de Asturias\" \/>\n\t\t<meta name=\"twitter:description\" content=\"OVIEDO, 25 Sep. (EUROPA PRESS) - La Junta General del Principado de Asturias abordar\u00e1 esta semana, en sesi\u00f3n plenaria, la situaci\u00f3n de la empresa Tenneco, de los profesores interinos y del desarrollo de la atenci\u00f3n a la dependencia en la comunidad aut\u00f3noma. El pleno de la C\u00e1mara, que comenzar\u00e1 este jueves a las 17.00 horas y\" \/>\n\t\t<meta name=\"twitter:label1\" content=\"Escrito por\" \/>\n\t\t<meta name=\"twitter:data1\" content=\"El Digital de Asturias\" \/>\n\t\t<meta name=\"twitter:label2\" content=\"Tiempo de lectura estimado\" \/>\n\t\t<meta name=\"twitter:data2\" content=\"4 minutos\" \/>\n\t\t<script type=\"application\/ld+json\" class=\"aioseo-schema\">\n\t\t\t{\"@context\":\"https:\\\/\\\/schema.org\",\"@graph\":[{\"@type\":\"BlogPosting\",\"@id\":\"https:\\\/\\\/www.eldigitaldeasturias.com\\\/noticias\\\/la-junta-abordara-la-situacion-de-tenneco-de-los-interinos-y-del-desarrollo-de-la-atencion-a-la-dependencia\\\/#blogposting\",\"name\":\"La Junta abordar\\u00e1 la situaci\\u00f3n de Tenneco, de los interinos y del desarrollo de la atenci\\u00f3n a la dependencia - El Digital de Asturias\",\"headline\":\"La Junta abordar\\u00e1 la situaci\\u00f3n de Tenneco, de los interinos y del desarrollo de la atenci\\u00f3n a la dependencia\",\"author\":{\"@id\":\"https:\\\/\\\/www.eldigitaldeasturias.com\\\/noticias\\\/author\\\/admin\\\/#author\"},\"publisher\":{\"@id\":\"https:\\\/\\\/www.eldigitaldeasturias.com\\\/noticias\\\/#organization\"},\"image\":{\"@type\":\"ImageObject\",\"url\":3097},\"datePublished\":\"2013-09-25T20:06:14+02:00\",\"dateModified\":\"2013-09-25T20:06:14+02:00\",\"inLanguage\":\"es-ES\",\"mainEntityOfPage\":{\"@id\":\"https:\\\/\\\/www.eldigitaldeasturias.com\\\/noticias\\\/la-junta-abordara-la-situacion-de-tenneco-de-los-interinos-y-del-desarrollo-de-la-atencion-a-la-dependencia\\\/#webpage\"},\"isPartOf\":{\"@id\":\"https:\\\/\\\/www.eldigitaldeasturias.com\\\/noticias\\\/la-junta-abordara-la-situacion-de-tenneco-de-los-interinos-y-del-desarrollo-de-la-atencion-a-la-dependencia\\\/#webpage\"},\"articleSection\":\"Actualidad Asturias\"},{\"@type\":\"BreadcrumbList\",\"@id\":\"https:\\\/\\\/www.eldigitaldeasturias.com\\\/noticias\\\/la-junta-abordara-la-situacion-de-tenneco-de-los-interinos-y-del-desarrollo-de-la-atencion-a-la-dependencia\\\/#breadcrumblist\",\"itemListElement\":[{\"@type\":\"ListItem\",\"@id\":\"https:\\\/\\\/www.eldigitaldeasturias.com\\\/noticias#listItem\",\"position\":1,\"name\":\"Home\",\"item\":\"https:\\\/\\\/www.eldigitaldeasturias.com\\\/noticias\",\"nextItem\":{\"@type\":\"ListItem\",\"@id\":\"https:\\\/\\\/www.eldigitaldeasturias.com\\\/noticias\\\/category\\\/actualidad-asturias\\\/#listItem\",\"name\":\"Actualidad Asturias\"}},{\"@type\":\"ListItem\",\"@id\":\"https:\\\/\\\/www.eldigitaldeasturias.com\\\/noticias\\\/category\\\/actualidad-asturias\\\/#listItem\",\"position\":2,\"name\":\"Actualidad Asturias\",\"item\":\"https:\\\/\\\/www.eldigitaldeasturias.com\\\/noticias\\\/category\\\/actualidad-asturias\\\/\",\"nextItem\":{\"@type\":\"ListItem\",\"@id\":\"https:\\\/\\\/www.eldigitaldeasturias.com\\\/noticias\\\/la-junta-abordara-la-situacion-de-tenneco-de-los-interinos-y-del-desarrollo-de-la-atencion-a-la-dependencia\\\/#listItem\",\"name\":\"La Junta abordar\\u00e1 la situaci\\u00f3n de Tenneco, de los interinos y del desarrollo de la atenci\\u00f3n a la dependencia\"},\"previousItem\":{\"@type\":\"ListItem\",\"@id\":\"https:\\\/\\\/www.eldigitaldeasturias.com\\\/noticias#listItem\",\"name\":\"Home\"}},{\"@type\":\"ListItem\",\"@id\":\"https:\\\/\\\/www.eldigitaldeasturias.com\\\/noticias\\\/la-junta-abordara-la-situacion-de-tenneco-de-los-interinos-y-del-desarrollo-de-la-atencion-a-la-dependencia\\\/#listItem\",\"position\":3,\"name\":\"La Junta abordar\\u00e1 la situaci\\u00f3n de Tenneco, de los interinos y del desarrollo de la atenci\\u00f3n a la dependencia\",\"previousItem\":{\"@type\":\"ListItem\",\"@id\":\"https:\\\/\\\/www.eldigitaldeasturias.com\\\/noticias\\\/category\\\/actualidad-asturias\\\/#listItem\",\"name\":\"Actualidad Asturias\"}}]},{\"@type\":\"Organization\",\"@id\":\"https:\\\/\\\/www.eldigitaldeasturias.com\\\/noticias\\\/#organization\",\"name\":\"El Digital de Asturias\",\"description\":\"Hemeroteca\",\"url\":\"https:\\\/\\\/www.eldigitaldeasturias.com\\\/noticias\\\/\",\"email\":\"info@eldigitaldeasturias.com\",\"telephone\":\"+34652131393\",\"logo\":{\"@type\":\"ImageObject\",\"url\":\"https:\\\/\\\/www.eldigitaldeasturias.com\\\/noticias\\\/wp-content\\\/uploads\\\/2020\\\/12\\\/EDA.jpg\",\"@id\":\"https:\\\/\\\/www.eldigitaldeasturias.com\\\/noticias\\\/la-junta-abordara-la-situacion-de-tenneco-de-los-interinos-y-del-desarrollo-de-la-atencion-a-la-dependencia\\\/#organizationLogo\",\"width\":649,\"height\":297},\"image\":{\"@id\":\"https:\\\/\\\/www.eldigitaldeasturias.com\\\/noticias\\\/la-junta-abordara-la-situacion-de-tenneco-de-los-interinos-y-del-desarrollo-de-la-atencion-a-la-dependencia\\\/#organizationLogo\"},\"sameAs\":[\"https:\\\/\\\/facebook.com\\\/eldigitaldeasturias\",\"https:\\\/\\\/www.youtube.com\\\/channel\\\/UCZP-2wLEB9Rv6erhFmqVnvg\"],\"address\":{\"@id\":\"https:\\\/\\\/www.eldigitaldeasturias.com\\\/noticias\\\/#postaladdress\",\"@type\":\"PostalAddress\",\"streetAddress\":\"san antonio 4,\",\"postalCode\":\"33430\",\"addressLocality\":\"Cand\\u00e1s\",\"addressRegion\":\"Asturias\",\"addressCountry\":\"ES\"}},{\"@type\":\"Person\",\"@id\":\"https:\\\/\\\/www.eldigitaldeasturias.com\\\/noticias\\\/author\\\/admin\\\/#author\",\"url\":\"https:\\\/\\\/www.eldigitaldeasturias.com\\\/noticias\\\/author\\\/admin\\\/\",\"name\":\"El Digital de Asturias\",\"image\":{\"@type\":\"ImageObject\",\"@id\":\"https:\\\/\\\/www.eldigitaldeasturias.com\\\/noticias\\\/la-junta-abordara-la-situacion-de-tenneco-de-los-interinos-y-del-desarrollo-de-la-atencion-a-la-dependencia\\\/#authorImage\",\"url\":\"https:\\\/\\\/www.eldigitaldeasturias.com\\\/noticias\\\/wp-content\\\/litespeed\\\/avatar\\\/18677e78aa0546b92d9dbf31ec7d7668.jpg?ver=1777290358\",\"width\":96,\"height\":96,\"caption\":\"El Digital de Asturias\"}},{\"@type\":\"WebPage\",\"@id\":\"https:\\\/\\\/www.eldigitaldeasturias.com\\\/noticias\\\/la-junta-abordara-la-situacion-de-tenneco-de-los-interinos-y-del-desarrollo-de-la-atencion-a-la-dependencia\\\/#webpage\",\"url\":\"https:\\\/\\\/www.eldigitaldeasturias.com\\\/noticias\\\/la-junta-abordara-la-situacion-de-tenneco-de-los-interinos-y-del-desarrollo-de-la-atencion-a-la-dependencia\\\/\",\"name\":\"La Junta abordar\\u00e1 la situaci\\u00f3n de Tenneco, de los interinos y del desarrollo de la atenci\\u00f3n a la dependencia - El Digital de Asturias\",\"description\":\"OVIEDO, 25 Sep. (EUROPA PRESS) - La Junta General del Principado de Asturias abordar\\u00e1 esta semana, en sesi\\u00f3n plenaria, la situaci\\u00f3n de la empresa Tenneco, de los profesores interinos y del desarrollo de la atenci\\u00f3n a la dependencia en la comunidad aut\\u00f3noma. El pleno de la C\\u00e1mara, que comenzar\\u00e1 este jueves a las 17.00 horas y\",\"inLanguage\":\"es-ES\",\"isPartOf\":{\"@id\":\"https:\\\/\\\/www.eldigitaldeasturias.com\\\/noticias\\\/#website\"},\"breadcrumb\":{\"@id\":\"https:\\\/\\\/www.eldigitaldeasturias.com\\\/noticias\\\/la-junta-abordara-la-situacion-de-tenneco-de-los-interinos-y-del-desarrollo-de-la-atencion-a-la-dependencia\\\/#breadcrumblist\"},\"author\":{\"@id\":\"https:\\\/\\\/www.eldigitaldeasturias.com\\\/noticias\\\/author\\\/admin\\\/#author\"},\"creator\":{\"@id\":\"https:\\\/\\\/www.eldigitaldeasturias.com\\\/noticias\\\/author\\\/admin\\\/#author\"},\"image\":{\"@type\":\"ImageObject\",\"url\":3097,\"@id\":\"https:\\\/\\\/www.eldigitaldeasturias.com\\\/noticias\\\/la-junta-abordara-la-situacion-de-tenneco-de-los-interinos-y-del-desarrollo-de-la-atencion-a-la-dependencia\\\/#mainImage\"},\"primaryImageOfPage\":{\"@id\":\"https:\\\/\\\/www.eldigitaldeasturias.com\\\/noticias\\\/la-junta-abordara-la-situacion-de-tenneco-de-los-interinos-y-del-desarrollo-de-la-atencion-a-la-dependencia\\\/#mainImage\"},\"datePublished\":\"2013-09-25T20:06:14+02:00\",\"dateModified\":\"2013-09-25T20:06:14+02:00\"},{\"@type\":\"WebSite\",\"@id\":\"https:\\\/\\\/www.eldigitaldeasturias.com\\\/noticias\\\/#website\",\"url\":\"https:\\\/\\\/www.eldigitaldeasturias.com\\\/noticias\\\/\",\"name\":\"El Digital de Asturias - Diario de actualidad y noticias\",\"alternateName\":\"El Digital de Asturias - Diario de actualidad y noticias\",\"description\":\"Hemeroteca\",\"inLanguage\":\"es-ES\",\"publisher\":{\"@id\":\"https:\\\/\\\/www.eldigitaldeasturias.com\\\/noticias\\\/#organization\"}}]}\n\t\t<\/script>\n\t\t<!-- All in One SEO Pro -->\r\n\t\t<title>La Junta abordar\u00e1 la situaci\u00f3n de Tenneco, de los interinos y del desarrollo de la atenci\u00f3n a la dependencia - El Digital de Asturias<\/title>\n\n","aioseo_head_json":{"title":"La Junta abordar\u00e1 la situaci\u00f3n de Tenneco, de los interinos y del desarrollo de la atenci\u00f3n a la dependencia - El Digital de Asturias","description":"OVIEDO, 25 Sep. (EUROPA PRESS) - La Junta General del Principado de Asturias abordar\u00e1 esta semana, en sesi\u00f3n plenaria, la situaci\u00f3n de la empresa Tenneco, de los profesores interinos y del desarrollo de la atenci\u00f3n a la dependencia en la comunidad aut\u00f3noma. El pleno de la C\u00e1mara, que comenzar\u00e1 este jueves a las 17.00 horas y","canonical_url":"https:\/\/www.eldigitaldeasturias.com\/noticias\/la-junta-abordara-la-situacion-de-tenneco-de-los-interinos-y-del-desarrollo-de-la-atencion-a-la-dependencia\/","robots":"max-image-preview:large","keywords":"actualidad asturias","webmasterTools":{"google-site-verification":"UA-38556648-1","msvalidate.01":"7dfe9f3f1b24437ab69f4f2559babe99","miscellaneous":""},"schema":{"@context":"https:\/\/schema.org","@graph":[{"@type":"BlogPosting","@id":"https:\/\/www.eldigitaldeasturias.com\/noticias\/la-junta-abordara-la-situacion-de-tenneco-de-los-interinos-y-del-desarrollo-de-la-atencion-a-la-dependencia\/#blogposting","name":"La Junta abordar\u00e1 la situaci\u00f3n de Tenneco, de los interinos y del desarrollo de la atenci\u00f3n a la dependencia - El Digital de Asturias","headline":"La Junta abordar\u00e1 la situaci\u00f3n de Tenneco, de los interinos y del desarrollo de la atenci\u00f3n a la dependencia","author":{"@id":"https:\/\/www.eldigitaldeasturias.com\/noticias\/author\/admin\/#author"},"publisher":{"@id":"https:\/\/www.eldigitaldeasturias.com\/noticias\/#organization"},"image":{"@type":"ImageObject","url":3097},"datePublished":"2013-09-25T20:06:14+02:00","dateModified":"2013-09-25T20:06:14+02:00","inLanguage":"es-ES","mainEntityOfPage":{"@id":"https:\/\/www.eldigitaldeasturias.com\/noticias\/la-junta-abordara-la-situacion-de-tenneco-de-los-interinos-y-del-desarrollo-de-la-atencion-a-la-dependencia\/#webpage"},"isPartOf":{"@id":"https:\/\/www.eldigitaldeasturias.com\/noticias\/la-junta-abordara-la-situacion-de-tenneco-de-los-interinos-y-del-desarrollo-de-la-atencion-a-la-dependencia\/#webpage"},"articleSection":"Actualidad Asturias"},{"@type":"BreadcrumbList","@id":"https:\/\/www.eldigitaldeasturias.com\/noticias\/la-junta-abordara-la-situacion-de-tenneco-de-los-interinos-y-del-desarrollo-de-la-atencion-a-la-dependencia\/#breadcrumblist","itemListElement":[{"@type":"ListItem","@id":"https:\/\/www.eldigitaldeasturias.com\/noticias#listItem","position":1,"name":"Home","item":"https:\/\/www.eldigitaldeasturias.com\/noticias","nextItem":{"@type":"ListItem","@id":"https:\/\/www.eldigitaldeasturias.com\/noticias\/category\/actualidad-asturias\/#listItem","name":"Actualidad Asturias"}},{"@type":"ListItem","@id":"https:\/\/www.eldigitaldeasturias.com\/noticias\/category\/actualidad-asturias\/#listItem","position":2,"name":"Actualidad Asturias","item":"https:\/\/www.eldigitaldeasturias.com\/noticias\/category\/actualidad-asturias\/","nextItem":{"@type":"ListItem","@id":"https:\/\/www.eldigitaldeasturias.com\/noticias\/la-junta-abordara-la-situacion-de-tenneco-de-los-interinos-y-del-desarrollo-de-la-atencion-a-la-dependencia\/#listItem","name":"La Junta abordar\u00e1 la situaci\u00f3n de Tenneco, de los interinos y del desarrollo de la atenci\u00f3n a la dependencia"},"previousItem":{"@type":"ListItem","@id":"https:\/\/www.eldigitaldeasturias.com\/noticias#listItem","name":"Home"}},{"@type":"ListItem","@id":"https:\/\/www.eldigitaldeasturias.com\/noticias\/la-junta-abordara-la-situacion-de-tenneco-de-los-interinos-y-del-desarrollo-de-la-atencion-a-la-dependencia\/#listItem","position":3,"name":"La Junta abordar\u00e1 la situaci\u00f3n de Tenneco, de los interinos y del desarrollo de la atenci\u00f3n a la dependencia","previousItem":{"@type":"ListItem","@id":"https:\/\/www.eldigitaldeasturias.com\/noticias\/category\/actualidad-asturias\/#listItem","name":"Actualidad Asturias"}}]},{"@type":"Organization","@id":"https:\/\/www.eldigitaldeasturias.com\/noticias\/#organization","name":"El Digital de Asturias","description":"Hemeroteca","url":"https:\/\/www.eldigitaldeasturias.com\/noticias\/","email":"info@eldigitaldeasturias.com","telephone":"+34652131393","logo":{"@type":"ImageObject","url":"https:\/\/www.eldigitaldeasturias.com\/noticias\/wp-content\/uploads\/2020\/12\/EDA.jpg","@id":"https:\/\/www.eldigitaldeasturias.com\/noticias\/la-junta-abordara-la-situacion-de-tenneco-de-los-interinos-y-del-desarrollo-de-la-atencion-a-la-dependencia\/#organizationLogo","width":649,"height":297},"image":{"@id":"https:\/\/www.eldigitaldeasturias.com\/noticias\/la-junta-abordara-la-situacion-de-tenneco-de-los-interinos-y-del-desarrollo-de-la-atencion-a-la-dependencia\/#organizationLogo"},"sameAs":["https:\/\/facebook.com\/eldigitaldeasturias","https:\/\/www.youtube.com\/channel\/UCZP-2wLEB9Rv6erhFmqVnvg"],"address":{"@id":"https:\/\/www.eldigitaldeasturias.com\/noticias\/#postaladdress","@type":"PostalAddress","streetAddress":"san antonio 4,","postalCode":"33430","addressLocality":"Cand\u00e1s","addressRegion":"Asturias","addressCountry":"ES"}},{"@type":"Person","@id":"https:\/\/www.eldigitaldeasturias.com\/noticias\/author\/admin\/#author","url":"https:\/\/www.eldigitaldeasturias.com\/noticias\/author\/admin\/","name":"El Digital de Asturias","image":{"@type":"ImageObject","@id":"https:\/\/www.eldigitaldeasturias.com\/noticias\/la-junta-abordara-la-situacion-de-tenneco-de-los-interinos-y-del-desarrollo-de-la-atencion-a-la-dependencia\/#authorImage","url":"https:\/\/www.eldigitaldeasturias.com\/noticias\/wp-content\/litespeed\/avatar\/18677e78aa0546b92d9dbf31ec7d7668.jpg?ver=1777290358","width":96,"height":96,"caption":"El Digital de Asturias"}},{"@type":"WebPage","@id":"https:\/\/www.eldigitaldeasturias.com\/noticias\/la-junta-abordara-la-situacion-de-tenneco-de-los-interinos-y-del-desarrollo-de-la-atencion-a-la-dependencia\/#webpage","url":"https:\/\/www.eldigitaldeasturias.com\/noticias\/la-junta-abordara-la-situacion-de-tenneco-de-los-interinos-y-del-desarrollo-de-la-atencion-a-la-dependencia\/","name":"La Junta abordar\u00e1 la situaci\u00f3n de Tenneco, de los interinos y del desarrollo de la atenci\u00f3n a la dependencia - El Digital de Asturias","description":"OVIEDO, 25 Sep. (EUROPA PRESS) - La Junta General del Principado de Asturias abordar\u00e1 esta semana, en sesi\u00f3n plenaria, la situaci\u00f3n de la empresa Tenneco, de los profesores interinos y del desarrollo de la atenci\u00f3n a la dependencia en la comunidad aut\u00f3noma. El pleno de la C\u00e1mara, que comenzar\u00e1 este jueves a las 17.00 horas y","inLanguage":"es-ES","isPartOf":{"@id":"https:\/\/www.eldigitaldeasturias.com\/noticias\/#website"},"breadcrumb":{"@id":"https:\/\/www.eldigitaldeasturias.com\/noticias\/la-junta-abordara-la-situacion-de-tenneco-de-los-interinos-y-del-desarrollo-de-la-atencion-a-la-dependencia\/#breadcrumblist"},"author":{"@id":"https:\/\/www.eldigitaldeasturias.com\/noticias\/author\/admin\/#author"},"creator":{"@id":"https:\/\/www.eldigitaldeasturias.com\/noticias\/author\/admin\/#author"},"image":{"@type":"ImageObject","url":3097,"@id":"https:\/\/www.eldigitaldeasturias.com\/noticias\/la-junta-abordara-la-situacion-de-tenneco-de-los-interinos-y-del-desarrollo-de-la-atencion-a-la-dependencia\/#mainImage"},"primaryImageOfPage":{"@id":"https:\/\/www.eldigitaldeasturias.com\/noticias\/la-junta-abordara-la-situacion-de-tenneco-de-los-interinos-y-del-desarrollo-de-la-atencion-a-la-dependencia\/#mainImage"},"datePublished":"2013-09-25T20:06:14+02:00","dateModified":"2013-09-25T20:06:14+02:00"},{"@type":"WebSite","@id":"https:\/\/www.eldigitaldeasturias.com\/noticias\/#website","url":"https:\/\/www.eldigitaldeasturias.com\/noticias\/","name":"El Digital de Asturias - Diario de actualidad y noticias","alternateName":"El Digital de Asturias - Diario de actualidad y noticias","description":"Hemeroteca","inLanguage":"es-ES","publisher":{"@id":"https:\/\/www.eldigitaldeasturias.com\/noticias\/#organization"}}]},"og:locale":"es_ES","og:site_name":"El Digital de Asturias","og:type":"article","og:title":"La Junta abordar\u00e1 la situaci\u00f3n de Tenneco, de los interinos y del desarrollo de la atenci\u00f3n a la dependencia - El Digital de Asturias","og:description":"OVIEDO, 25 Sep. (EUROPA PRESS) - La Junta General del Principado de Asturias abordar\u00e1 esta semana, en sesi\u00f3n plenaria, la situaci\u00f3n de la empresa Tenneco, de los profesores interinos y del desarrollo de la atenci\u00f3n a la dependencia en la comunidad aut\u00f3noma. El pleno de la C\u00e1mara, que comenzar\u00e1 este jueves a las 17.00 horas y","og:url":"https:\/\/www.eldigitaldeasturias.com\/noticias\/la-junta-abordara-la-situacion-de-tenneco-de-los-interinos-y-del-desarrollo-de-la-atencion-a-la-dependencia\/","article:tag":["actualidad asturias"],"article:published_time":"2013-09-25T20:06:14+00:00","article:modified_time":"2013-09-25T20:06:14+00:00","article:publisher":"https:\/\/facebook.com\/eldigitaldeasturias","twitter:card":"summary_large_image","twitter:title":"La Junta abordar\u00e1 la situaci\u00f3n de Tenneco, de los interinos y del desarrollo de la atenci\u00f3n a la dependencia - El Digital de Asturias","twitter:description":"OVIEDO, 25 Sep. (EUROPA PRESS) - La Junta General del Principado de Asturias abordar\u00e1 esta semana, en sesi\u00f3n plenaria, la situaci\u00f3n de la empresa Tenneco, de los profesores interinos y del desarrollo de la atenci\u00f3n a la dependencia en la comunidad aut\u00f3noma. El pleno de la C\u00e1mara, que comenzar\u00e1 este jueves a las 17.00 horas y","twitter:label1":"Escrito por","twitter:data1":"El Digital de Asturias","twitter:label2":"Tiempo de lectura estimado","twitter:data2":"4 minutos"},"aioseo_meta_data":{"post_id":"3096","title":null,"description":null,"keywords":null,"keyphrases":null,"primary_term":null,"canonical_url":null,"og_title":null,"og_description":null,"og_object_type":"default","og_image_type":"default","og_image_url":null,"og_image_width":null,"og_image_height":null,"og_image_custom_url":null,"og_image_custom_fields":null,"og_video":null,"og_custom_url":null,"og_article_section":null,"og_article_tags":null,"twitter_use_og":true,"twitter_card":"default","twitter_image_type":"default","twitter_image_url":null,"twitter_image_custom_url":null,"twitter_image_custom_fields":null,"twitter_title":null,"twitter_description":null,"schema":{"blockGraphs":[],"customGraphs":[],"default":{"data":{"Article":[],"Course":[],"Dataset":[],"FAQPage":[],"Movie":[],"Person":[],"Product":[],"ProductReview":[],"Car":[],"Recipe":[],"Service":[],"SoftwareApplication":[],"WebPage":[]},"graphName":"","isEnabled":true},"graphs":[],"defaultGraph":"","defaultPostTypeGraph":""},"schema_type":null,"schema_type_options":null,"pillar_content":false,"robots_default":true,"robots_noindex":false,"robots_noarchive":false,"robots_nosnippet":false,"robots_nofollow":false,"robots_noimageindex":false,"robots_noodp":false,"robots_notranslate":false,"robots_max_snippet":null,"robots_max_videopreview":null,"robots_max_imagepreview":"none","priority":null,"frequency":null,"local_seo":null,"seo_analyzer_scan_date":"2025-08-21 05:44:47","breadcrumb_settings":null,"limit_modified_date":false,"open_ai":null,"ai":null,"created":"2020-11-14 22:37:00","updated":"2025-08-21 05:44:47"},"aioseo_breadcrumb":"<div class=\"aioseo-breadcrumbs\"><span class=\"aioseo-breadcrumb\">\n\t<a href=\"https:\/\/www.eldigitaldeasturias.com\/noticias\" title=\"Home\">Home<\/a>\n<\/span><span class=\"aioseo-breadcrumb-separator\">\u2013<\/span><span class=\"aioseo-breadcrumb\">\n\t<a href=\"https:\/\/www.eldigitaldeasturias.com\/noticias\/category\/actualidad-asturias\/\" title=\"Actualidad Asturias\">Actualidad Asturias<\/a>\n<\/span><span class=\"aioseo-breadcrumb-separator\">\u2013<\/span><span class=\"aioseo-breadcrumb\">\n\t<a href=\"https:\/\/www.eldigitaldeasturias.com\/noticias\/la-junta-abordara-la-situacion-de-tenneco-de-los-interinos-y-del-desarrollo-de-la-atencion-a-la-dependencia\/\" title=\"La Junta abordar\u00e1 la situaci\u00f3n de Tenneco, de los interinos y del desarrollo de la atenci\u00f3n a la dependencia\">La Junta abordar\u00e1 la situaci\u00f3n de Tenneco, de los interinos y del desarrollo de la atenci\u00f3n a la dependencia<\/a>\n<\/span><\/div>","aioseo_breadcrumb_json":[{"label":"Home","link":"https:\/\/www.eldigitaldeasturias.com\/noticias"},{"label":"Actualidad Asturias","link":"https:\/\/www.eldigitaldeasturias.com\/noticias\/category\/actualidad-asturias\/"},{"label":"La Junta abordar\u00e1 la situaci\u00f3n de Tenneco, de los interinos y del desarrollo de la atenci\u00f3n a la dependencia","link":"https:\/\/www.eldigitaldeasturias.com\/noticias\/la-junta-abordara-la-situacion-de-tenneco-de-los-interinos-y-del-desarrollo-de-la-atencion-a-la-dependencia\/"}],"_links":{"self":[{"href":"https:\/\/www.eldigitaldeasturias.com\/noticias\/wp-json\/wp\/v2\/posts\/3096","targetHints":{"allow":["GET"]}}],"collection":[{"href":"https:\/\/www.eldigitaldeasturias.com\/noticias\/wp-json\/wp\/v2\/posts"}],"about":[{"href":"https:\/\/www.eldigitaldeasturias.com\/noticias\/wp-json\/wp\/v2\/types\/post"}],"author":[{"embeddable":true,"href":"https:\/\/www.eldigitaldeasturias.com\/noticias\/wp-json\/wp\/v2\/users\/1"}],"replies":[{"embeddable":true,"href":"https:\/\/www.eldigitaldeasturias.com\/noticias\/wp-json\/wp\/v2\/comments?post=3096"}],"version-history":[{"count":0,"href":"https:\/\/www.eldigitaldeasturias.com\/noticias\/wp-json\/wp\/v2\/posts\/3096\/revisions"}],"wp:featuredmedia":[{"embeddable":true,"href":"https:\/\/www.eldigitaldeasturias.com\/noticias\/wp-json\/"}],"wp:attachment":[{"href":"https:\/\/www.eldigitaldeasturias.com\/noticias\/wp-json\/wp\/v2\/media?parent=3096"}],"wp:term":[{"taxonomy":"category","embeddable":true,"href":"https:\/\/www.eldigitaldeasturias.com\/noticias\/wp-json\/wp\/v2\/categories?post=3096"},{"taxonomy":"post_tag","embeddable":true,"href":"https:\/\/www.eldigitaldeasturias.com\/noticias\/wp-json\/wp\/v2\/tags?post=3096"}],"curies":[{"name":"wp","href":"https:\/\/api.w.org\/{rel}","templated":true}]}}