{"id":3094,"date":"2013-09-25T19:51:02","date_gmt":"2013-09-25T19:51:02","guid":{"rendered":"http:\/\/www.eldigitaldeasturias.com\/noticias\/?p=3094"},"modified":"2013-09-25T19:51:02","modified_gmt":"2013-09-25T19:51:02","slug":"cascos-cree-que-la-tercera-sentencia-del-alcalde-de-cudillero-obliga-a-psoe-y-rubalcaba-a-tomar-cartas-sobre-el-asunto","status":"publish","type":"post","link":"https:\/\/www.eldigitaldeasturias.com\/noticias\/cascos-cree-que-la-tercera-sentencia-del-alcalde-de-cudillero-obliga-a-psoe-y-rubalcaba-a-tomar-cartas-sobre-el-asunto\/","title":{"rendered":"Cascos cree que la tercera sentencia del alcalde de Cudillero obliga a PSOE y Rubalcaba a \u00abtomar cartas sobre el asunto\u00bb"},"content":{"rendered":"<p><img loading=\"lazy\" decoding=\"async\" class=\"alignleft size-medium wp-image-376\" alt=\"cascos_20130918202234_800\" src=\"https:\/\/www.eldigitaldeasturias.com\/noticias\/wp-content\/uploads\/2013\/09\/cascos_20130918202234_800-360x269.jpg\" width=\"360\" height=\"269\" \/>OVIEDO, 25 Sep. (EUROPA PRESS) &#8211;\u00a0El presidente de Foro Asturias, Francisco \u00c1lvarez-Cascos, se ha referido este mi\u00e9rcoles a la sentencia del TSJA que anula por tercera vez el nombramiento socialista del Alcalde de Cudillero y ha indicado que la misma \u00abretrata el desprecio de Javier Fern\u00e1ndez y la FSA, tanto hacia el ordenamiento jur\u00eddico como a la Constituci\u00f3n Espa\u00f1ola\u00bb. Adem\u00e1s, en opini\u00f3n de Cascos, esta nueva sentencia \u00abobliga a tomar cartas en el asunto al PSOE y a Rubalcaba\u00bb.<\/p>\n<p>Cascos, en rueda de prensa despu\u00e9s de la Comisi\u00f3n Directiva de Foro, ha destacado que en dicha Comisi\u00f3n, ha destacado que la soluci\u00f3n a la Alcald\u00eda de Cudillero pasa por el respeto a los mecanismos que ofrece el ordenamiento jur\u00eddico vigente, mediante una correcta ejecuci\u00f3n de las resoluciones dictadas por los Tribunales.<\/p>\n<p>As\u00ed, el presidente de Foro Asturias reitera que la estabilidad y gobernabilidad en el Ayuntamiento de Cudillero deben de facilitarlas aquellos que tienen la mayor\u00eda suficiente en la Corporaci\u00f3n, que son tambi\u00e9n los verdaderos causantes de los sucesos antidemocr\u00e1ticos que se han convulsionado la vida pol\u00edtica en dicho municipio en los \u00faltimos nueve meses.<\/p>\n","protected":false},"excerpt":{"rendered":"<p>OVIEDO, 25 Sep. (EUROPA PRESS) &#8211;\u00a0El presidente de Foro Asturias, Francisco \u00c1lvarez-Cascos, se ha referido este mi\u00e9rcoles a la sentencia del TSJA que anula por tercera vez el nombramiento socialista del Alcalde de Cudillero y ha indicado que la misma \u00abretrata el desprecio de Javier Fern\u00e1ndez y la FSA, tanto hacia el ordenamiento jur\u00eddico como [&hellip;]<\/p>\n","protected":false},"author":1,"featured_media":376,"comment_status":"open","ping_status":"open","sticky":false,"template":"","format":"standard","meta":{"footnotes":""},"categories":[12],"tags":[],"class_list":["post-3094","post","type-post","status-publish","format-standard","has-post-thumbnail","hentry","category-actualidad-asturias"],"aioseo_notices":[],"aioseo_head":"\n\t\t<!-- All in One SEO Pro 4.9.6.2 - aioseo.com -->\n\t<meta name=\"description\" content=\"OVIEDO, 25 Sep. (EUROPA PRESS) - El presidente de Foro Asturias, Francisco \u00c1lvarez-Cascos, se ha referido este mi\u00e9rcoles a la sentencia del TSJA que anula por tercera vez el nombramiento socialista del Alcalde de Cudillero y ha indicado que la misma &quot;retrata el desprecio de Javier Fern\u00e1ndez y la FSA, tanto hacia el ordenamiento jur\u00eddico como\" \/>\n\t<meta name=\"robots\" content=\"max-image-preview:large\" \/>\n\t<meta name=\"author\" content=\"El Digital de Asturias\"\/>\n\t<meta name=\"google-site-verification\" content=\"UA-38556648-1\" \/>\n\t<meta name=\"msvalidate.01\" content=\"7dfe9f3f1b24437ab69f4f2559babe99\" \/>\n\t<meta name=\"keywords\" content=\"actualidad asturias\" \/>\n\t<link rel=\"canonical\" href=\"https:\/\/www.eldigitaldeasturias.com\/noticias\/cascos-cree-que-la-tercera-sentencia-del-alcalde-de-cudillero-obliga-a-psoe-y-rubalcaba-a-tomar-cartas-sobre-el-asunto\/\" \/>\n\t<meta name=\"generator\" content=\"All in One SEO Pro (AIOSEO) 4.9.6.2\" \/>\n\t\t<meta property=\"og:locale\" content=\"es_ES\" \/>\n\t\t<meta property=\"og:site_name\" content=\"El Digital de Asturias\" \/>\n\t\t<meta property=\"og:type\" content=\"article\" \/>\n\t\t<meta property=\"og:title\" content=\"Cascos cree que la tercera sentencia del alcalde de Cudillero obliga a PSOE y Rubalcaba a \u00abtomar cartas sobre el asunto\u00bb - El Digital de Asturias\" \/>\n\t\t<meta property=\"og:description\" content=\"OVIEDO, 25 Sep. (EUROPA PRESS) - El presidente de Foro Asturias, Francisco \u00c1lvarez-Cascos, se ha referido este mi\u00e9rcoles a la sentencia del TSJA que anula por tercera vez el nombramiento socialista del Alcalde de Cudillero y ha indicado que la misma &quot;retrata el desprecio de Javier Fern\u00e1ndez y la FSA, tanto hacia el ordenamiento jur\u00eddico como\" \/>\n\t\t<meta property=\"og:url\" content=\"https:\/\/www.eldigitaldeasturias.com\/noticias\/cascos-cree-que-la-tercera-sentencia-del-alcalde-de-cudillero-obliga-a-psoe-y-rubalcaba-a-tomar-cartas-sobre-el-asunto\/\" \/>\n\t\t<meta property=\"og:image\" content=\"https:\/\/www.eldigitaldeasturias.com\/noticias\/wp-content\/uploads\/2013\/09\/cascos_20130918202234_800.jpg\" \/>\n\t\t<meta property=\"og:image:secure_url\" content=\"https:\/\/www.eldigitaldeasturias.com\/noticias\/wp-content\/uploads\/2013\/09\/cascos_20130918202234_800.jpg\" \/>\n\t\t<meta property=\"og:image:width\" content=\"667\" \/>\n\t\t<meta property=\"og:image:height\" content=\"500\" \/>\n\t\t<meta property=\"article:tag\" content=\"actualidad asturias\" \/>\n\t\t<meta property=\"article:published_time\" content=\"2013-09-25T19:51:02+00:00\" \/>\n\t\t<meta property=\"article:modified_time\" content=\"2013-09-25T19:51:02+00:00\" \/>\n\t\t<meta property=\"article:publisher\" content=\"https:\/\/facebook.com\/eldigitaldeasturias\" \/>\n\t\t<meta name=\"twitter:card\" content=\"summary_large_image\" \/>\n\t\t<meta name=\"twitter:title\" content=\"Cascos cree que la tercera sentencia del alcalde de Cudillero obliga a PSOE y Rubalcaba a \u00abtomar cartas sobre el asunto\u00bb - El Digital de Asturias\" \/>\n\t\t<meta name=\"twitter:description\" content=\"OVIEDO, 25 Sep. (EUROPA PRESS) - El presidente de Foro Asturias, Francisco \u00c1lvarez-Cascos, se ha referido este mi\u00e9rcoles a la sentencia del TSJA que anula por tercera vez el nombramiento socialista del Alcalde de Cudillero y ha indicado que la misma &quot;retrata el desprecio de Javier Fern\u00e1ndez y la FSA, tanto hacia el ordenamiento jur\u00eddico como\" \/>\n\t\t<meta name=\"twitter:image\" content=\"https:\/\/www.eldigitaldeasturias.com\/noticias\/wp-content\/uploads\/2013\/09\/cascos_20130918202234_800.jpg\" \/>\n\t\t<meta name=\"twitter:label1\" content=\"Escrito por\" \/>\n\t\t<meta name=\"twitter:data1\" content=\"El Digital de Asturias\" \/>\n\t\t<meta name=\"twitter:label2\" content=\"Tiempo de lectura estimado\" \/>\n\t\t<meta name=\"twitter:data2\" content=\"1 minuto\" \/>\n\t\t<script type=\"application\/ld+json\" class=\"aioseo-schema\">\n\t\t\t{\"@context\":\"https:\\\/\\\/schema.org\",\"@graph\":[{\"@type\":\"BlogPosting\",\"@id\":\"https:\\\/\\\/www.eldigitaldeasturias.com\\\/noticias\\\/cascos-cree-que-la-tercera-sentencia-del-alcalde-de-cudillero-obliga-a-psoe-y-rubalcaba-a-tomar-cartas-sobre-el-asunto\\\/#blogposting\",\"name\":\"Cascos cree que la tercera sentencia del alcalde de Cudillero obliga a PSOE y Rubalcaba a \\u00abtomar cartas sobre el asunto\\u00bb - El Digital de Asturias\",\"headline\":\"Cascos cree que la tercera sentencia del alcalde de Cudillero obliga a PSOE y Rubalcaba a \\u00abtomar cartas sobre el asunto\\u00bb\",\"author\":{\"@id\":\"https:\\\/\\\/www.eldigitaldeasturias.com\\\/noticias\\\/author\\\/admin\\\/#author\"},\"publisher\":{\"@id\":\"https:\\\/\\\/www.eldigitaldeasturias.com\\\/noticias\\\/#organization\"},\"image\":{\"@type\":\"ImageObject\",\"url\":\"https:\\\/\\\/www.eldigitaldeasturias.com\\\/noticias\\\/wp-content\\\/uploads\\\/2013\\\/09\\\/cascos_20130918202234_800.jpg\",\"width\":667,\"height\":500},\"datePublished\":\"2013-09-25T19:51:02+02:00\",\"dateModified\":\"2013-09-25T19:51:02+02:00\",\"inLanguage\":\"es-ES\",\"mainEntityOfPage\":{\"@id\":\"https:\\\/\\\/www.eldigitaldeasturias.com\\\/noticias\\\/cascos-cree-que-la-tercera-sentencia-del-alcalde-de-cudillero-obliga-a-psoe-y-rubalcaba-a-tomar-cartas-sobre-el-asunto\\\/#webpage\"},\"isPartOf\":{\"@id\":\"https:\\\/\\\/www.eldigitaldeasturias.com\\\/noticias\\\/cascos-cree-que-la-tercera-sentencia-del-alcalde-de-cudillero-obliga-a-psoe-y-rubalcaba-a-tomar-cartas-sobre-el-asunto\\\/#webpage\"},\"articleSection\":\"Actualidad Asturias\"},{\"@type\":\"BreadcrumbList\",\"@id\":\"https:\\\/\\\/www.eldigitaldeasturias.com\\\/noticias\\\/cascos-cree-que-la-tercera-sentencia-del-alcalde-de-cudillero-obliga-a-psoe-y-rubalcaba-a-tomar-cartas-sobre-el-asunto\\\/#breadcrumblist\",\"itemListElement\":[{\"@type\":\"ListItem\",\"@id\":\"https:\\\/\\\/www.eldigitaldeasturias.com\\\/noticias#listItem\",\"position\":1,\"name\":\"Home\",\"item\":\"https:\\\/\\\/www.eldigitaldeasturias.com\\\/noticias\",\"nextItem\":{\"@type\":\"ListItem\",\"@id\":\"https:\\\/\\\/www.eldigitaldeasturias.com\\\/noticias\\\/category\\\/actualidad-asturias\\\/#listItem\",\"name\":\"Actualidad Asturias\"}},{\"@type\":\"ListItem\",\"@id\":\"https:\\\/\\\/www.eldigitaldeasturias.com\\\/noticias\\\/category\\\/actualidad-asturias\\\/#listItem\",\"position\":2,\"name\":\"Actualidad Asturias\",\"item\":\"https:\\\/\\\/www.eldigitaldeasturias.com\\\/noticias\\\/category\\\/actualidad-asturias\\\/\",\"nextItem\":{\"@type\":\"ListItem\",\"@id\":\"https:\\\/\\\/www.eldigitaldeasturias.com\\\/noticias\\\/cascos-cree-que-la-tercera-sentencia-del-alcalde-de-cudillero-obliga-a-psoe-y-rubalcaba-a-tomar-cartas-sobre-el-asunto\\\/#listItem\",\"name\":\"Cascos cree que la tercera sentencia del alcalde de Cudillero obliga a PSOE y Rubalcaba a \\u00abtomar cartas sobre el asunto\\u00bb\"},\"previousItem\":{\"@type\":\"ListItem\",\"@id\":\"https:\\\/\\\/www.eldigitaldeasturias.com\\\/noticias#listItem\",\"name\":\"Home\"}},{\"@type\":\"ListItem\",\"@id\":\"https:\\\/\\\/www.eldigitaldeasturias.com\\\/noticias\\\/cascos-cree-que-la-tercera-sentencia-del-alcalde-de-cudillero-obliga-a-psoe-y-rubalcaba-a-tomar-cartas-sobre-el-asunto\\\/#listItem\",\"position\":3,\"name\":\"Cascos cree que la tercera sentencia del alcalde de Cudillero obliga a PSOE y Rubalcaba a \\u00abtomar cartas sobre el asunto\\u00bb\",\"previousItem\":{\"@type\":\"ListItem\",\"@id\":\"https:\\\/\\\/www.eldigitaldeasturias.com\\\/noticias\\\/category\\\/actualidad-asturias\\\/#listItem\",\"name\":\"Actualidad Asturias\"}}]},{\"@type\":\"Organization\",\"@id\":\"https:\\\/\\\/www.eldigitaldeasturias.com\\\/noticias\\\/#organization\",\"name\":\"El Digital de Asturias\",\"description\":\"Hemeroteca\",\"url\":\"https:\\\/\\\/www.eldigitaldeasturias.com\\\/noticias\\\/\",\"email\":\"info@eldigitaldeasturias.com\",\"telephone\":\"+34652131393\",\"logo\":{\"@type\":\"ImageObject\",\"url\":\"https:\\\/\\\/www.eldigitaldeasturias.com\\\/noticias\\\/wp-content\\\/uploads\\\/2020\\\/12\\\/EDA.jpg\",\"@id\":\"https:\\\/\\\/www.eldigitaldeasturias.com\\\/noticias\\\/cascos-cree-que-la-tercera-sentencia-del-alcalde-de-cudillero-obliga-a-psoe-y-rubalcaba-a-tomar-cartas-sobre-el-asunto\\\/#organizationLogo\",\"width\":649,\"height\":297},\"image\":{\"@id\":\"https:\\\/\\\/www.eldigitaldeasturias.com\\\/noticias\\\/cascos-cree-que-la-tercera-sentencia-del-alcalde-de-cudillero-obliga-a-psoe-y-rubalcaba-a-tomar-cartas-sobre-el-asunto\\\/#organizationLogo\"},\"sameAs\":[\"https:\\\/\\\/facebook.com\\\/eldigitaldeasturias\",\"https:\\\/\\\/www.youtube.com\\\/channel\\\/UCZP-2wLEB9Rv6erhFmqVnvg\"],\"address\":{\"@id\":\"https:\\\/\\\/www.eldigitaldeasturias.com\\\/noticias\\\/#postaladdress\",\"@type\":\"PostalAddress\",\"streetAddress\":\"san antonio 4,\",\"postalCode\":\"33430\",\"addressLocality\":\"Cand\\u00e1s\",\"addressRegion\":\"Asturias\",\"addressCountry\":\"ES\"}},{\"@type\":\"Person\",\"@id\":\"https:\\\/\\\/www.eldigitaldeasturias.com\\\/noticias\\\/author\\\/admin\\\/#author\",\"url\":\"https:\\\/\\\/www.eldigitaldeasturias.com\\\/noticias\\\/author\\\/admin\\\/\",\"name\":\"El Digital de Asturias\",\"image\":{\"@type\":\"ImageObject\",\"@id\":\"https:\\\/\\\/www.eldigitaldeasturias.com\\\/noticias\\\/cascos-cree-que-la-tercera-sentencia-del-alcalde-de-cudillero-obliga-a-psoe-y-rubalcaba-a-tomar-cartas-sobre-el-asunto\\\/#authorImage\",\"url\":\"https:\\\/\\\/www.eldigitaldeasturias.com\\\/noticias\\\/wp-content\\\/litespeed\\\/avatar\\\/18677e78aa0546b92d9dbf31ec7d7668.jpg?ver=1777290358\",\"width\":96,\"height\":96,\"caption\":\"El Digital de Asturias\"}},{\"@type\":\"WebPage\",\"@id\":\"https:\\\/\\\/www.eldigitaldeasturias.com\\\/noticias\\\/cascos-cree-que-la-tercera-sentencia-del-alcalde-de-cudillero-obliga-a-psoe-y-rubalcaba-a-tomar-cartas-sobre-el-asunto\\\/#webpage\",\"url\":\"https:\\\/\\\/www.eldigitaldeasturias.com\\\/noticias\\\/cascos-cree-que-la-tercera-sentencia-del-alcalde-de-cudillero-obliga-a-psoe-y-rubalcaba-a-tomar-cartas-sobre-el-asunto\\\/\",\"name\":\"Cascos cree que la tercera sentencia del alcalde de Cudillero obliga a PSOE y Rubalcaba a \\u00abtomar cartas sobre el asunto\\u00bb - El Digital de Asturias\",\"description\":\"OVIEDO, 25 Sep. (EUROPA PRESS) - El presidente de Foro Asturias, Francisco \\u00c1lvarez-Cascos, se ha referido este mi\\u00e9rcoles a la sentencia del TSJA que anula por tercera vez el nombramiento socialista del Alcalde de Cudillero y ha indicado que la misma \\\"retrata el desprecio de Javier Fern\\u00e1ndez y la FSA, tanto hacia el ordenamiento jur\\u00eddico como\",\"inLanguage\":\"es-ES\",\"isPartOf\":{\"@id\":\"https:\\\/\\\/www.eldigitaldeasturias.com\\\/noticias\\\/#website\"},\"breadcrumb\":{\"@id\":\"https:\\\/\\\/www.eldigitaldeasturias.com\\\/noticias\\\/cascos-cree-que-la-tercera-sentencia-del-alcalde-de-cudillero-obliga-a-psoe-y-rubalcaba-a-tomar-cartas-sobre-el-asunto\\\/#breadcrumblist\"},\"author\":{\"@id\":\"https:\\\/\\\/www.eldigitaldeasturias.com\\\/noticias\\\/author\\\/admin\\\/#author\"},\"creator\":{\"@id\":\"https:\\\/\\\/www.eldigitaldeasturias.com\\\/noticias\\\/author\\\/admin\\\/#author\"},\"image\":{\"@type\":\"ImageObject\",\"url\":\"https:\\\/\\\/www.eldigitaldeasturias.com\\\/noticias\\\/wp-content\\\/uploads\\\/2013\\\/09\\\/cascos_20130918202234_800.jpg\",\"@id\":\"https:\\\/\\\/www.eldigitaldeasturias.com\\\/noticias\\\/cascos-cree-que-la-tercera-sentencia-del-alcalde-de-cudillero-obliga-a-psoe-y-rubalcaba-a-tomar-cartas-sobre-el-asunto\\\/#mainImage\",\"width\":667,\"height\":500},\"primaryImageOfPage\":{\"@id\":\"https:\\\/\\\/www.eldigitaldeasturias.com\\\/noticias\\\/cascos-cree-que-la-tercera-sentencia-del-alcalde-de-cudillero-obliga-a-psoe-y-rubalcaba-a-tomar-cartas-sobre-el-asunto\\\/#mainImage\"},\"datePublished\":\"2013-09-25T19:51:02+02:00\",\"dateModified\":\"2013-09-25T19:51:02+02:00\"},{\"@type\":\"WebSite\",\"@id\":\"https:\\\/\\\/www.eldigitaldeasturias.com\\\/noticias\\\/#website\",\"url\":\"https:\\\/\\\/www.eldigitaldeasturias.com\\\/noticias\\\/\",\"name\":\"El Digital de Asturias - Diario de actualidad y noticias\",\"alternateName\":\"El Digital de Asturias - Diario de actualidad y noticias\",\"description\":\"Hemeroteca\",\"inLanguage\":\"es-ES\",\"publisher\":{\"@id\":\"https:\\\/\\\/www.eldigitaldeasturias.com\\\/noticias\\\/#organization\"}}]}\n\t\t<\/script>\n\t\t<!-- All in One SEO Pro -->\r\n\t\t<title>Cascos cree que la tercera sentencia del alcalde de Cudillero obliga a PSOE y Rubalcaba a \u00abtomar cartas sobre el asunto\u00bb - El Digital de Asturias<\/title>\n\n","aioseo_head_json":{"title":"Cascos cree que la tercera sentencia del alcalde de Cudillero obliga a PSOE y Rubalcaba a \u00abtomar cartas sobre el asunto\u00bb - El Digital de Asturias","description":"OVIEDO, 25 Sep. (EUROPA PRESS) - El presidente de Foro Asturias, Francisco \u00c1lvarez-Cascos, se ha referido este mi\u00e9rcoles a la sentencia del TSJA que anula por tercera vez el nombramiento socialista del Alcalde de Cudillero y ha indicado que la misma \"retrata el desprecio de Javier Fern\u00e1ndez y la FSA, tanto hacia el ordenamiento jur\u00eddico como","canonical_url":"https:\/\/www.eldigitaldeasturias.com\/noticias\/cascos-cree-que-la-tercera-sentencia-del-alcalde-de-cudillero-obliga-a-psoe-y-rubalcaba-a-tomar-cartas-sobre-el-asunto\/","robots":"max-image-preview:large","keywords":"actualidad asturias","webmasterTools":{"google-site-verification":"UA-38556648-1","msvalidate.01":"7dfe9f3f1b24437ab69f4f2559babe99","miscellaneous":""},"schema":{"@context":"https:\/\/schema.org","@graph":[{"@type":"BlogPosting","@id":"https:\/\/www.eldigitaldeasturias.com\/noticias\/cascos-cree-que-la-tercera-sentencia-del-alcalde-de-cudillero-obliga-a-psoe-y-rubalcaba-a-tomar-cartas-sobre-el-asunto\/#blogposting","name":"Cascos cree que la tercera sentencia del alcalde de Cudillero obliga a PSOE y Rubalcaba a \u00abtomar cartas sobre el asunto\u00bb - El Digital de Asturias","headline":"Cascos cree que la tercera sentencia del alcalde de Cudillero obliga a PSOE y Rubalcaba a \u00abtomar cartas sobre el asunto\u00bb","author":{"@id":"https:\/\/www.eldigitaldeasturias.com\/noticias\/author\/admin\/#author"},"publisher":{"@id":"https:\/\/www.eldigitaldeasturias.com\/noticias\/#organization"},"image":{"@type":"ImageObject","url":"https:\/\/www.eldigitaldeasturias.com\/noticias\/wp-content\/uploads\/2013\/09\/cascos_20130918202234_800.jpg","width":667,"height":500},"datePublished":"2013-09-25T19:51:02+02:00","dateModified":"2013-09-25T19:51:02+02:00","inLanguage":"es-ES","mainEntityOfPage":{"@id":"https:\/\/www.eldigitaldeasturias.com\/noticias\/cascos-cree-que-la-tercera-sentencia-del-alcalde-de-cudillero-obliga-a-psoe-y-rubalcaba-a-tomar-cartas-sobre-el-asunto\/#webpage"},"isPartOf":{"@id":"https:\/\/www.eldigitaldeasturias.com\/noticias\/cascos-cree-que-la-tercera-sentencia-del-alcalde-de-cudillero-obliga-a-psoe-y-rubalcaba-a-tomar-cartas-sobre-el-asunto\/#webpage"},"articleSection":"Actualidad Asturias"},{"@type":"BreadcrumbList","@id":"https:\/\/www.eldigitaldeasturias.com\/noticias\/cascos-cree-que-la-tercera-sentencia-del-alcalde-de-cudillero-obliga-a-psoe-y-rubalcaba-a-tomar-cartas-sobre-el-asunto\/#breadcrumblist","itemListElement":[{"@type":"ListItem","@id":"https:\/\/www.eldigitaldeasturias.com\/noticias#listItem","position":1,"name":"Home","item":"https:\/\/www.eldigitaldeasturias.com\/noticias","nextItem":{"@type":"ListItem","@id":"https:\/\/www.eldigitaldeasturias.com\/noticias\/category\/actualidad-asturias\/#listItem","name":"Actualidad Asturias"}},{"@type":"ListItem","@id":"https:\/\/www.eldigitaldeasturias.com\/noticias\/category\/actualidad-asturias\/#listItem","position":2,"name":"Actualidad Asturias","item":"https:\/\/www.eldigitaldeasturias.com\/noticias\/category\/actualidad-asturias\/","nextItem":{"@type":"ListItem","@id":"https:\/\/www.eldigitaldeasturias.com\/noticias\/cascos-cree-que-la-tercera-sentencia-del-alcalde-de-cudillero-obliga-a-psoe-y-rubalcaba-a-tomar-cartas-sobre-el-asunto\/#listItem","name":"Cascos cree que la tercera sentencia del alcalde de Cudillero obliga a PSOE y Rubalcaba a \u00abtomar cartas sobre el asunto\u00bb"},"previousItem":{"@type":"ListItem","@id":"https:\/\/www.eldigitaldeasturias.com\/noticias#listItem","name":"Home"}},{"@type":"ListItem","@id":"https:\/\/www.eldigitaldeasturias.com\/noticias\/cascos-cree-que-la-tercera-sentencia-del-alcalde-de-cudillero-obliga-a-psoe-y-rubalcaba-a-tomar-cartas-sobre-el-asunto\/#listItem","position":3,"name":"Cascos cree que la tercera sentencia del alcalde de Cudillero obliga a PSOE y Rubalcaba a \u00abtomar cartas sobre el asunto\u00bb","previousItem":{"@type":"ListItem","@id":"https:\/\/www.eldigitaldeasturias.com\/noticias\/category\/actualidad-asturias\/#listItem","name":"Actualidad Asturias"}}]},{"@type":"Organization","@id":"https:\/\/www.eldigitaldeasturias.com\/noticias\/#organization","name":"El Digital de Asturias","description":"Hemeroteca","url":"https:\/\/www.eldigitaldeasturias.com\/noticias\/","email":"info@eldigitaldeasturias.com","telephone":"+34652131393","logo":{"@type":"ImageObject","url":"https:\/\/www.eldigitaldeasturias.com\/noticias\/wp-content\/uploads\/2020\/12\/EDA.jpg","@id":"https:\/\/www.eldigitaldeasturias.com\/noticias\/cascos-cree-que-la-tercera-sentencia-del-alcalde-de-cudillero-obliga-a-psoe-y-rubalcaba-a-tomar-cartas-sobre-el-asunto\/#organizationLogo","width":649,"height":297},"image":{"@id":"https:\/\/www.eldigitaldeasturias.com\/noticias\/cascos-cree-que-la-tercera-sentencia-del-alcalde-de-cudillero-obliga-a-psoe-y-rubalcaba-a-tomar-cartas-sobre-el-asunto\/#organizationLogo"},"sameAs":["https:\/\/facebook.com\/eldigitaldeasturias","https:\/\/www.youtube.com\/channel\/UCZP-2wLEB9Rv6erhFmqVnvg"],"address":{"@id":"https:\/\/www.eldigitaldeasturias.com\/noticias\/#postaladdress","@type":"PostalAddress","streetAddress":"san antonio 4,","postalCode":"33430","addressLocality":"Cand\u00e1s","addressRegion":"Asturias","addressCountry":"ES"}},{"@type":"Person","@id":"https:\/\/www.eldigitaldeasturias.com\/noticias\/author\/admin\/#author","url":"https:\/\/www.eldigitaldeasturias.com\/noticias\/author\/admin\/","name":"El Digital de Asturias","image":{"@type":"ImageObject","@id":"https:\/\/www.eldigitaldeasturias.com\/noticias\/cascos-cree-que-la-tercera-sentencia-del-alcalde-de-cudillero-obliga-a-psoe-y-rubalcaba-a-tomar-cartas-sobre-el-asunto\/#authorImage","url":"https:\/\/www.eldigitaldeasturias.com\/noticias\/wp-content\/litespeed\/avatar\/18677e78aa0546b92d9dbf31ec7d7668.jpg?ver=1777290358","width":96,"height":96,"caption":"El Digital de Asturias"}},{"@type":"WebPage","@id":"https:\/\/www.eldigitaldeasturias.com\/noticias\/cascos-cree-que-la-tercera-sentencia-del-alcalde-de-cudillero-obliga-a-psoe-y-rubalcaba-a-tomar-cartas-sobre-el-asunto\/#webpage","url":"https:\/\/www.eldigitaldeasturias.com\/noticias\/cascos-cree-que-la-tercera-sentencia-del-alcalde-de-cudillero-obliga-a-psoe-y-rubalcaba-a-tomar-cartas-sobre-el-asunto\/","name":"Cascos cree que la tercera sentencia del alcalde de Cudillero obliga a PSOE y Rubalcaba a \u00abtomar cartas sobre el asunto\u00bb - El Digital de Asturias","description":"OVIEDO, 25 Sep. (EUROPA PRESS) - El presidente de Foro Asturias, Francisco \u00c1lvarez-Cascos, se ha referido este mi\u00e9rcoles a la sentencia del TSJA que anula por tercera vez el nombramiento socialista del Alcalde de Cudillero y ha indicado que la misma \"retrata el desprecio de Javier Fern\u00e1ndez y la FSA, tanto hacia el ordenamiento jur\u00eddico como","inLanguage":"es-ES","isPartOf":{"@id":"https:\/\/www.eldigitaldeasturias.com\/noticias\/#website"},"breadcrumb":{"@id":"https:\/\/www.eldigitaldeasturias.com\/noticias\/cascos-cree-que-la-tercera-sentencia-del-alcalde-de-cudillero-obliga-a-psoe-y-rubalcaba-a-tomar-cartas-sobre-el-asunto\/#breadcrumblist"},"author":{"@id":"https:\/\/www.eldigitaldeasturias.com\/noticias\/author\/admin\/#author"},"creator":{"@id":"https:\/\/www.eldigitaldeasturias.com\/noticias\/author\/admin\/#author"},"image":{"@type":"ImageObject","url":"https:\/\/www.eldigitaldeasturias.com\/noticias\/wp-content\/uploads\/2013\/09\/cascos_20130918202234_800.jpg","@id":"https:\/\/www.eldigitaldeasturias.com\/noticias\/cascos-cree-que-la-tercera-sentencia-del-alcalde-de-cudillero-obliga-a-psoe-y-rubalcaba-a-tomar-cartas-sobre-el-asunto\/#mainImage","width":667,"height":500},"primaryImageOfPage":{"@id":"https:\/\/www.eldigitaldeasturias.com\/noticias\/cascos-cree-que-la-tercera-sentencia-del-alcalde-de-cudillero-obliga-a-psoe-y-rubalcaba-a-tomar-cartas-sobre-el-asunto\/#mainImage"},"datePublished":"2013-09-25T19:51:02+02:00","dateModified":"2013-09-25T19:51:02+02:00"},{"@type":"WebSite","@id":"https:\/\/www.eldigitaldeasturias.com\/noticias\/#website","url":"https:\/\/www.eldigitaldeasturias.com\/noticias\/","name":"El Digital de Asturias - Diario de actualidad y noticias","alternateName":"El Digital de Asturias - Diario de actualidad y noticias","description":"Hemeroteca","inLanguage":"es-ES","publisher":{"@id":"https:\/\/www.eldigitaldeasturias.com\/noticias\/#organization"}}]},"og:locale":"es_ES","og:site_name":"El Digital de Asturias","og:type":"article","og:title":"Cascos cree que la tercera sentencia del alcalde de Cudillero obliga a PSOE y Rubalcaba a \u00abtomar cartas sobre el asunto\u00bb - El Digital de Asturias","og:description":"OVIEDO, 25 Sep. (EUROPA PRESS) - El presidente de Foro Asturias, Francisco \u00c1lvarez-Cascos, se ha referido este mi\u00e9rcoles a la sentencia del TSJA que anula por tercera vez el nombramiento socialista del Alcalde de Cudillero y ha indicado que la misma &quot;retrata el desprecio de Javier Fern\u00e1ndez y la FSA, tanto hacia el ordenamiento jur\u00eddico como","og:url":"https:\/\/www.eldigitaldeasturias.com\/noticias\/cascos-cree-que-la-tercera-sentencia-del-alcalde-de-cudillero-obliga-a-psoe-y-rubalcaba-a-tomar-cartas-sobre-el-asunto\/","og:image":"https:\/\/www.eldigitaldeasturias.com\/noticias\/wp-content\/uploads\/2013\/09\/cascos_20130918202234_800.jpg","og:image:secure_url":"https:\/\/www.eldigitaldeasturias.com\/noticias\/wp-content\/uploads\/2013\/09\/cascos_20130918202234_800.jpg","og:image:width":667,"og:image:height":500,"article:tag":["actualidad asturias"],"article:published_time":"2013-09-25T19:51:02+00:00","article:modified_time":"2013-09-25T19:51:02+00:00","article:publisher":"https:\/\/facebook.com\/eldigitaldeasturias","twitter:card":"summary_large_image","twitter:title":"Cascos cree que la tercera sentencia del alcalde de Cudillero obliga a PSOE y Rubalcaba a \u00abtomar cartas sobre el asunto\u00bb - El Digital de Asturias","twitter:description":"OVIEDO, 25 Sep. (EUROPA PRESS) - El presidente de Foro Asturias, Francisco \u00c1lvarez-Cascos, se ha referido este mi\u00e9rcoles a la sentencia del TSJA que anula por tercera vez el nombramiento socialista del Alcalde de Cudillero y ha indicado que la misma &quot;retrata el desprecio de Javier Fern\u00e1ndez y la FSA, tanto hacia el ordenamiento jur\u00eddico como","twitter:image":"https:\/\/www.eldigitaldeasturias.com\/noticias\/wp-content\/uploads\/2013\/09\/cascos_20130918202234_800.jpg","twitter:label1":"Escrito por","twitter:data1":"El Digital de Asturias","twitter:label2":"Tiempo de lectura estimado","twitter:data2":"1 minuto"},"aioseo_meta_data":{"post_id":"3094","title":null,"description":null,"keywords":null,"keyphrases":null,"primary_term":null,"canonical_url":null,"og_title":null,"og_description":null,"og_object_type":"default","og_image_type":"default","og_image_url":null,"og_image_width":null,"og_image_height":null,"og_image_custom_url":null,"og_image_custom_fields":null,"og_video":null,"og_custom_url":null,"og_article_section":null,"og_article_tags":null,"twitter_use_og":true,"twitter_card":"default","twitter_image_type":"default","twitter_image_url":null,"twitter_image_custom_url":null,"twitter_image_custom_fields":null,"twitter_title":null,"twitter_description":null,"schema":{"blockGraphs":[],"customGraphs":[],"default":{"data":{"Article":[],"Course":[],"Dataset":[],"FAQPage":[],"Movie":[],"Person":[],"Product":[],"ProductReview":[],"Car":[],"Recipe":[],"Service":[],"SoftwareApplication":[],"WebPage":[]},"graphName":"","isEnabled":true},"graphs":[],"defaultGraph":"","defaultPostTypeGraph":""},"schema_type":null,"schema_type_options":null,"pillar_content":false,"robots_default":true,"robots_noindex":false,"robots_noarchive":false,"robots_nosnippet":false,"robots_nofollow":false,"robots_noimageindex":false,"robots_noodp":false,"robots_notranslate":false,"robots_max_snippet":null,"robots_max_videopreview":null,"robots_max_imagepreview":"none","priority":null,"frequency":null,"local_seo":null,"seo_analyzer_scan_date":"2025-08-21 05:44:46","breadcrumb_settings":null,"limit_modified_date":false,"open_ai":null,"ai":null,"created":"2020-11-14 22:37:00","updated":"2025-08-21 05:44:46"},"aioseo_breadcrumb":"<div class=\"aioseo-breadcrumbs\"><span class=\"aioseo-breadcrumb\">\n\t<a href=\"https:\/\/www.eldigitaldeasturias.com\/noticias\" title=\"Home\">Home<\/a>\n<\/span><span class=\"aioseo-breadcrumb-separator\">\u2013<\/span><span class=\"aioseo-breadcrumb\">\n\t<a href=\"https:\/\/www.eldigitaldeasturias.com\/noticias\/category\/actualidad-asturias\/\" title=\"Actualidad Asturias\">Actualidad Asturias<\/a>\n<\/span><span class=\"aioseo-breadcrumb-separator\">\u2013<\/span><span class=\"aioseo-breadcrumb\">\n\t<a href=\"https:\/\/www.eldigitaldeasturias.com\/noticias\/cascos-cree-que-la-tercera-sentencia-del-alcalde-de-cudillero-obliga-a-psoe-y-rubalcaba-a-tomar-cartas-sobre-el-asunto\/\" title=\"Cascos cree que la tercera sentencia del alcalde de Cudillero obliga a PSOE y Rubalcaba a \u00abtomar cartas sobre el asunto\u00bb\">Cascos cree que la tercera sentencia del alcalde de Cudillero obliga a PSOE y Rubalcaba a \u00abtomar cartas sobre el asunto\u00bb<\/a>\n<\/span><\/div>","aioseo_breadcrumb_json":[{"label":"Home","link":"https:\/\/www.eldigitaldeasturias.com\/noticias"},{"label":"Actualidad Asturias","link":"https:\/\/www.eldigitaldeasturias.com\/noticias\/category\/actualidad-asturias\/"},{"label":"Cascos cree que la tercera sentencia del alcalde de Cudillero obliga a PSOE y Rubalcaba a \u00abtomar cartas sobre el asunto\u00bb","link":"https:\/\/www.eldigitaldeasturias.com\/noticias\/cascos-cree-que-la-tercera-sentencia-del-alcalde-de-cudillero-obliga-a-psoe-y-rubalcaba-a-tomar-cartas-sobre-el-asunto\/"}],"_links":{"self":[{"href":"https:\/\/www.eldigitaldeasturias.com\/noticias\/wp-json\/wp\/v2\/posts\/3094","targetHints":{"allow":["GET"]}}],"collection":[{"href":"https:\/\/www.eldigitaldeasturias.com\/noticias\/wp-json\/wp\/v2\/posts"}],"about":[{"href":"https:\/\/www.eldigitaldeasturias.com\/noticias\/wp-json\/wp\/v2\/types\/post"}],"author":[{"embeddable":true,"href":"https:\/\/www.eldigitaldeasturias.com\/noticias\/wp-json\/wp\/v2\/users\/1"}],"replies":[{"embeddable":true,"href":"https:\/\/www.eldigitaldeasturias.com\/noticias\/wp-json\/wp\/v2\/comments?post=3094"}],"version-history":[{"count":0,"href":"https:\/\/www.eldigitaldeasturias.com\/noticias\/wp-json\/wp\/v2\/posts\/3094\/revisions"}],"wp:featuredmedia":[{"embeddable":true,"href":"https:\/\/www.eldigitaldeasturias.com\/noticias\/wp-json\/wp\/v2\/media\/376"}],"wp:attachment":[{"href":"https:\/\/www.eldigitaldeasturias.com\/noticias\/wp-json\/wp\/v2\/media?parent=3094"}],"wp:term":[{"taxonomy":"category","embeddable":true,"href":"https:\/\/www.eldigitaldeasturias.com\/noticias\/wp-json\/wp\/v2\/categories?post=3094"},{"taxonomy":"post_tag","embeddable":true,"href":"https:\/\/www.eldigitaldeasturias.com\/noticias\/wp-json\/wp\/v2\/tags?post=3094"}],"curies":[{"name":"wp","href":"https:\/\/api.w.org\/{rel}","templated":true}]}}