{"id":3088,"date":"2013-09-25T19:46:56","date_gmt":"2013-09-25T19:46:56","guid":{"rendered":"http:\/\/www.eldigitaldeasturias.com\/noticias\/?p=3088"},"modified":"2013-09-25T19:46:56","modified_gmt":"2013-09-25T19:46:56","slug":"mercedes-fernandez-el-espectaculo-de-cudillero-es-una-radiografia-muy-negativa-del-psoe-en-asturias","status":"publish","type":"post","link":"https:\/\/www.eldigitaldeasturias.com\/noticias\/mercedes-fernandez-el-espectaculo-de-cudillero-es-una-radiografia-muy-negativa-del-psoe-en-asturias\/","title":{"rendered":"Mercedes Fern\u00e1ndez : \u00abEl espect\u00e1culo de Cudillero es una radiograf\u00eda muy negativa del PSOE en Asturias\u00bb"},"content":{"rendered":"<p><img loading=\"lazy\" decoding=\"async\" class=\"alignleft size-medium wp-image-239\" alt=\"mercedes\" src=\"https:\/\/www.eldigitaldeasturias.com\/noticias\/wp-content\/uploads\/2013\/09\/mercedes2-360x201.jpg\" width=\"360\" height=\"201\" \/>OVIEDO, 25 Sep. (EUROPA PRESS) &#8211;\u00a0La presidenta del PP de Asturias, Mercedes Fern\u00e1ndez, ha se\u00f1alado este mi\u00e9rcoles que \u00abel espect\u00e1culo de Cudillero es una radiograf\u00eda muy negativa del PSOE en Asturias\u00bb.<\/p>\n<p>En este sentido, ha comentado que cuando se inici\u00f3 la situaci\u00f3n \u00abde desacierto\u00bb de la pol\u00edtica del municipio se dirigi\u00f3 al presidente del Principado y secretario general de la FSA-PSOE, Javier Fern\u00e1ndez, en una carta \u00abmuy ponderada, muy equilibrada y, desde luego, buscando una soluci\u00f3n institucional ante un problema que est\u00e1 en Cudillero y al que el socialismo no ha dado ninguna respuesta satisfactoria\u00bb.<\/p>\n<p>Mercedes Fern\u00e1ndez, que lament\u00f3 que no hubo siquiera respuesta de cortes\u00eda, ha remarcado que \u00abson ya cinco los alcaldes\u00bb. \u00abEl desgobierno de Cudillero es la foto fija del desgobierno socialista\u00bb, ha apuntillado.<\/p>\n<p>As\u00ed, incide en que el PP ha sido \u00abmuy respetuoso\u00bb con lo que dijeron las urnas, en las que los socialistas alcanzaron la mayor\u00eda absoluta en la localidad. No obstante, sostiene que lleg\u00f3 un momento en que no presentar un recurso pod\u00eda implicar una \u00abpasividad democr\u00e1tica\u00bb, que los &#8216;populares&#8217; \u00abno tendr\u00e1n nunca\u00bb.<\/p>\n<p>De este modo, ha recomendado al presidente asturiano que vaya a Cudillero a escuchar a los vecinos, que est\u00e1n \u00abdesolados\u00bb. En este sentido, considera \u00abacertado\u00bb que el PSOE \u00abno recurra ante el Tribunal Constitucional\u00bb.<\/p>\n<p>Igualmente, ha apuntado que la secretaria municipal no hizo \u00abninguna advertencia de ilegalidad\u00bb ante la elecci\u00f3n de cinco alcaldes \u00abque los tribunales han tumbado\u00bb. \u00abHay que hacer una amplia reflexi\u00f3n institucional\u00bb, ha dicho.<\/p>\n<p>\u00abEn Cudillero se impone ya una decisi\u00f3n democr\u00e1tica y respetuosa. Que no crea el PSOE que haber obtenido mayor\u00eda absoluta le da derecho a hacer de todo\u00bb, ha concluido, esperando que los socialistas \u00abolviden las triqui\u00f1uelas y tengan respeto democr\u00e1tico\u00bb y confirmando que, como en anteriores ocasiones, el PP presentar\u00e1 candidatura a la Alcald\u00eda.<\/p>\n","protected":false},"excerpt":{"rendered":"<p>OVIEDO, 25 Sep. (EUROPA PRESS) &#8211;\u00a0La presidenta del PP de Asturias, Mercedes Fern\u00e1ndez, ha se\u00f1alado este mi\u00e9rcoles que \u00abel espect\u00e1culo de Cudillero es una radiograf\u00eda muy negativa del PSOE en Asturias\u00bb. En este sentido, ha comentado que cuando se inici\u00f3 la situaci\u00f3n \u00abde desacierto\u00bb de la pol\u00edtica del municipio se dirigi\u00f3 al presidente del Principado [&hellip;]<\/p>\n","protected":false},"author":1,"featured_media":239,"comment_status":"open","ping_status":"open","sticky":false,"template":"","format":"standard","meta":{"footnotes":""},"categories":[12],"tags":[],"class_list":["post-3088","post","type-post","status-publish","format-standard","has-post-thumbnail","hentry","category-actualidad-asturias"],"aioseo_notices":[],"aioseo_head":"\n\t\t<!-- All in One SEO Pro 4.9.6.2 - aioseo.com -->\n\t<meta name=\"description\" content=\"OVIEDO, 25 Sep. (EUROPA PRESS) - La presidenta del PP de Asturias, Mercedes Fern\u00e1ndez, ha se\u00f1alado este mi\u00e9rcoles que &quot;el espect\u00e1culo de Cudillero es una radiograf\u00eda muy negativa del PSOE en Asturias&quot;. En este sentido, ha comentado que cuando se inici\u00f3 la situaci\u00f3n &quot;de desacierto&quot; de la pol\u00edtica del municipio se dirigi\u00f3 al presidente del Principado\" \/>\n\t<meta name=\"robots\" content=\"max-image-preview:large\" \/>\n\t<meta name=\"author\" content=\"El Digital de Asturias\"\/>\n\t<meta name=\"google-site-verification\" content=\"UA-38556648-1\" \/>\n\t<meta name=\"msvalidate.01\" content=\"7dfe9f3f1b24437ab69f4f2559babe99\" \/>\n\t<meta name=\"keywords\" content=\"actualidad asturias\" \/>\n\t<link rel=\"canonical\" href=\"https:\/\/www.eldigitaldeasturias.com\/noticias\/mercedes-fernandez-el-espectaculo-de-cudillero-es-una-radiografia-muy-negativa-del-psoe-en-asturias\/\" \/>\n\t<meta name=\"generator\" content=\"All in One SEO Pro (AIOSEO) 4.9.6.2\" \/>\n\t\t<meta property=\"og:locale\" content=\"es_ES\" \/>\n\t\t<meta property=\"og:site_name\" content=\"El Digital de Asturias\" \/>\n\t\t<meta property=\"og:type\" content=\"article\" \/>\n\t\t<meta property=\"og:title\" content=\"Mercedes Fern\u00e1ndez : \u00abEl espect\u00e1culo de Cudillero es una radiograf\u00eda muy negativa del PSOE en Asturias\u00bb - El Digital de Asturias\" \/>\n\t\t<meta property=\"og:description\" content=\"OVIEDO, 25 Sep. (EUROPA PRESS) - La presidenta del PP de Asturias, Mercedes Fern\u00e1ndez, ha se\u00f1alado este mi\u00e9rcoles que &quot;el espect\u00e1culo de Cudillero es una radiograf\u00eda muy negativa del PSOE en Asturias&quot;. En este sentido, ha comentado que cuando se inici\u00f3 la situaci\u00f3n &quot;de desacierto&quot; de la pol\u00edtica del municipio se dirigi\u00f3 al presidente del Principado\" \/>\n\t\t<meta property=\"og:url\" content=\"https:\/\/www.eldigitaldeasturias.com\/noticias\/mercedes-fernandez-el-espectaculo-de-cudillero-es-una-radiografia-muy-negativa-del-psoe-en-asturias\/\" \/>\n\t\t<meta property=\"og:image\" content=\"https:\/\/www.eldigitaldeasturias.com\/noticias\/wp-content\/uploads\/2013\/09\/mercedes2.jpg\" \/>\n\t\t<meta property=\"og:image:secure_url\" content=\"https:\/\/www.eldigitaldeasturias.com\/noticias\/wp-content\/uploads\/2013\/09\/mercedes2.jpg\" \/>\n\t\t<meta property=\"og:image:width\" content=\"600\" \/>\n\t\t<meta property=\"og:image:height\" content=\"336\" \/>\n\t\t<meta property=\"article:tag\" content=\"actualidad asturias\" \/>\n\t\t<meta property=\"article:published_time\" content=\"2013-09-25T19:46:56+00:00\" \/>\n\t\t<meta property=\"article:modified_time\" content=\"2013-09-25T19:46:56+00:00\" \/>\n\t\t<meta property=\"article:publisher\" content=\"https:\/\/facebook.com\/eldigitaldeasturias\" \/>\n\t\t<meta name=\"twitter:card\" content=\"summary_large_image\" \/>\n\t\t<meta name=\"twitter:title\" content=\"Mercedes Fern\u00e1ndez : \u00abEl espect\u00e1culo de Cudillero es una radiograf\u00eda muy negativa del PSOE en Asturias\u00bb - El Digital de Asturias\" \/>\n\t\t<meta name=\"twitter:description\" content=\"OVIEDO, 25 Sep. (EUROPA PRESS) - La presidenta del PP de Asturias, Mercedes Fern\u00e1ndez, ha se\u00f1alado este mi\u00e9rcoles que &quot;el espect\u00e1culo de Cudillero es una radiograf\u00eda muy negativa del PSOE en Asturias&quot;. En este sentido, ha comentado que cuando se inici\u00f3 la situaci\u00f3n &quot;de desacierto&quot; de la pol\u00edtica del municipio se dirigi\u00f3 al presidente del Principado\" \/>\n\t\t<meta name=\"twitter:image\" content=\"https:\/\/www.eldigitaldeasturias.com\/noticias\/wp-content\/uploads\/2013\/09\/mercedes2.jpg\" \/>\n\t\t<meta name=\"twitter:label1\" content=\"Escrito por\" \/>\n\t\t<meta name=\"twitter:data1\" content=\"El Digital de Asturias\" \/>\n\t\t<meta name=\"twitter:label2\" content=\"Tiempo de lectura estimado\" \/>\n\t\t<meta name=\"twitter:data2\" content=\"2 minutos\" \/>\n\t\t<script type=\"application\/ld+json\" class=\"aioseo-schema\">\n\t\t\t{\"@context\":\"https:\\\/\\\/schema.org\",\"@graph\":[{\"@type\":\"BlogPosting\",\"@id\":\"https:\\\/\\\/www.eldigitaldeasturias.com\\\/noticias\\\/mercedes-fernandez-el-espectaculo-de-cudillero-es-una-radiografia-muy-negativa-del-psoe-en-asturias\\\/#blogposting\",\"name\":\"Mercedes Fern\\u00e1ndez : \\u00abEl espect\\u00e1culo de Cudillero es una radiograf\\u00eda muy negativa del PSOE en Asturias\\u00bb - El Digital de Asturias\",\"headline\":\"Mercedes Fern\\u00e1ndez : \\u00abEl espect\\u00e1culo de Cudillero es una radiograf\\u00eda muy negativa del PSOE en Asturias\\u00bb\",\"author\":{\"@id\":\"https:\\\/\\\/www.eldigitaldeasturias.com\\\/noticias\\\/author\\\/admin\\\/#author\"},\"publisher\":{\"@id\":\"https:\\\/\\\/www.eldigitaldeasturias.com\\\/noticias\\\/#organization\"},\"image\":{\"@type\":\"ImageObject\",\"url\":\"https:\\\/\\\/www.eldigitaldeasturias.com\\\/noticias\\\/wp-content\\\/uploads\\\/2013\\\/09\\\/mercedes2.jpg\",\"width\":600,\"height\":336},\"datePublished\":\"2013-09-25T19:46:56+02:00\",\"dateModified\":\"2013-09-25T19:46:56+02:00\",\"inLanguage\":\"es-ES\",\"mainEntityOfPage\":{\"@id\":\"https:\\\/\\\/www.eldigitaldeasturias.com\\\/noticias\\\/mercedes-fernandez-el-espectaculo-de-cudillero-es-una-radiografia-muy-negativa-del-psoe-en-asturias\\\/#webpage\"},\"isPartOf\":{\"@id\":\"https:\\\/\\\/www.eldigitaldeasturias.com\\\/noticias\\\/mercedes-fernandez-el-espectaculo-de-cudillero-es-una-radiografia-muy-negativa-del-psoe-en-asturias\\\/#webpage\"},\"articleSection\":\"Actualidad Asturias\"},{\"@type\":\"BreadcrumbList\",\"@id\":\"https:\\\/\\\/www.eldigitaldeasturias.com\\\/noticias\\\/mercedes-fernandez-el-espectaculo-de-cudillero-es-una-radiografia-muy-negativa-del-psoe-en-asturias\\\/#breadcrumblist\",\"itemListElement\":[{\"@type\":\"ListItem\",\"@id\":\"https:\\\/\\\/www.eldigitaldeasturias.com\\\/noticias#listItem\",\"position\":1,\"name\":\"Home\",\"item\":\"https:\\\/\\\/www.eldigitaldeasturias.com\\\/noticias\",\"nextItem\":{\"@type\":\"ListItem\",\"@id\":\"https:\\\/\\\/www.eldigitaldeasturias.com\\\/noticias\\\/category\\\/actualidad-asturias\\\/#listItem\",\"name\":\"Actualidad Asturias\"}},{\"@type\":\"ListItem\",\"@id\":\"https:\\\/\\\/www.eldigitaldeasturias.com\\\/noticias\\\/category\\\/actualidad-asturias\\\/#listItem\",\"position\":2,\"name\":\"Actualidad Asturias\",\"item\":\"https:\\\/\\\/www.eldigitaldeasturias.com\\\/noticias\\\/category\\\/actualidad-asturias\\\/\",\"nextItem\":{\"@type\":\"ListItem\",\"@id\":\"https:\\\/\\\/www.eldigitaldeasturias.com\\\/noticias\\\/mercedes-fernandez-el-espectaculo-de-cudillero-es-una-radiografia-muy-negativa-del-psoe-en-asturias\\\/#listItem\",\"name\":\"Mercedes Fern\\u00e1ndez : \\u00abEl espect\\u00e1culo de Cudillero es una radiograf\\u00eda muy negativa del PSOE en Asturias\\u00bb\"},\"previousItem\":{\"@type\":\"ListItem\",\"@id\":\"https:\\\/\\\/www.eldigitaldeasturias.com\\\/noticias#listItem\",\"name\":\"Home\"}},{\"@type\":\"ListItem\",\"@id\":\"https:\\\/\\\/www.eldigitaldeasturias.com\\\/noticias\\\/mercedes-fernandez-el-espectaculo-de-cudillero-es-una-radiografia-muy-negativa-del-psoe-en-asturias\\\/#listItem\",\"position\":3,\"name\":\"Mercedes Fern\\u00e1ndez : \\u00abEl espect\\u00e1culo de Cudillero es una radiograf\\u00eda muy negativa del PSOE en Asturias\\u00bb\",\"previousItem\":{\"@type\":\"ListItem\",\"@id\":\"https:\\\/\\\/www.eldigitaldeasturias.com\\\/noticias\\\/category\\\/actualidad-asturias\\\/#listItem\",\"name\":\"Actualidad Asturias\"}}]},{\"@type\":\"Organization\",\"@id\":\"https:\\\/\\\/www.eldigitaldeasturias.com\\\/noticias\\\/#organization\",\"name\":\"El Digital de Asturias\",\"description\":\"Hemeroteca\",\"url\":\"https:\\\/\\\/www.eldigitaldeasturias.com\\\/noticias\\\/\",\"email\":\"info@eldigitaldeasturias.com\",\"telephone\":\"+34652131393\",\"logo\":{\"@type\":\"ImageObject\",\"url\":\"https:\\\/\\\/www.eldigitaldeasturias.com\\\/noticias\\\/wp-content\\\/uploads\\\/2020\\\/12\\\/EDA.jpg\",\"@id\":\"https:\\\/\\\/www.eldigitaldeasturias.com\\\/noticias\\\/mercedes-fernandez-el-espectaculo-de-cudillero-es-una-radiografia-muy-negativa-del-psoe-en-asturias\\\/#organizationLogo\",\"width\":649,\"height\":297},\"image\":{\"@id\":\"https:\\\/\\\/www.eldigitaldeasturias.com\\\/noticias\\\/mercedes-fernandez-el-espectaculo-de-cudillero-es-una-radiografia-muy-negativa-del-psoe-en-asturias\\\/#organizationLogo\"},\"sameAs\":[\"https:\\\/\\\/facebook.com\\\/eldigitaldeasturias\",\"https:\\\/\\\/www.youtube.com\\\/channel\\\/UCZP-2wLEB9Rv6erhFmqVnvg\"],\"address\":{\"@id\":\"https:\\\/\\\/www.eldigitaldeasturias.com\\\/noticias\\\/#postaladdress\",\"@type\":\"PostalAddress\",\"streetAddress\":\"san antonio 4,\",\"postalCode\":\"33430\",\"addressLocality\":\"Cand\\u00e1s\",\"addressRegion\":\"Asturias\",\"addressCountry\":\"ES\"}},{\"@type\":\"Person\",\"@id\":\"https:\\\/\\\/www.eldigitaldeasturias.com\\\/noticias\\\/author\\\/admin\\\/#author\",\"url\":\"https:\\\/\\\/www.eldigitaldeasturias.com\\\/noticias\\\/author\\\/admin\\\/\",\"name\":\"El Digital de Asturias\",\"image\":{\"@type\":\"ImageObject\",\"@id\":\"https:\\\/\\\/www.eldigitaldeasturias.com\\\/noticias\\\/mercedes-fernandez-el-espectaculo-de-cudillero-es-una-radiografia-muy-negativa-del-psoe-en-asturias\\\/#authorImage\",\"url\":\"https:\\\/\\\/www.eldigitaldeasturias.com\\\/noticias\\\/wp-content\\\/litespeed\\\/avatar\\\/18677e78aa0546b92d9dbf31ec7d7668.jpg?ver=1777290358\",\"width\":96,\"height\":96,\"caption\":\"El Digital de Asturias\"}},{\"@type\":\"WebPage\",\"@id\":\"https:\\\/\\\/www.eldigitaldeasturias.com\\\/noticias\\\/mercedes-fernandez-el-espectaculo-de-cudillero-es-una-radiografia-muy-negativa-del-psoe-en-asturias\\\/#webpage\",\"url\":\"https:\\\/\\\/www.eldigitaldeasturias.com\\\/noticias\\\/mercedes-fernandez-el-espectaculo-de-cudillero-es-una-radiografia-muy-negativa-del-psoe-en-asturias\\\/\",\"name\":\"Mercedes Fern\\u00e1ndez : \\u00abEl espect\\u00e1culo de Cudillero es una radiograf\\u00eda muy negativa del PSOE en Asturias\\u00bb - El Digital de Asturias\",\"description\":\"OVIEDO, 25 Sep. (EUROPA PRESS) - La presidenta del PP de Asturias, Mercedes Fern\\u00e1ndez, ha se\\u00f1alado este mi\\u00e9rcoles que \\\"el espect\\u00e1culo de Cudillero es una radiograf\\u00eda muy negativa del PSOE en Asturias\\\". En este sentido, ha comentado que cuando se inici\\u00f3 la situaci\\u00f3n \\\"de desacierto\\\" de la pol\\u00edtica del municipio se dirigi\\u00f3 al presidente del Principado\",\"inLanguage\":\"es-ES\",\"isPartOf\":{\"@id\":\"https:\\\/\\\/www.eldigitaldeasturias.com\\\/noticias\\\/#website\"},\"breadcrumb\":{\"@id\":\"https:\\\/\\\/www.eldigitaldeasturias.com\\\/noticias\\\/mercedes-fernandez-el-espectaculo-de-cudillero-es-una-radiografia-muy-negativa-del-psoe-en-asturias\\\/#breadcrumblist\"},\"author\":{\"@id\":\"https:\\\/\\\/www.eldigitaldeasturias.com\\\/noticias\\\/author\\\/admin\\\/#author\"},\"creator\":{\"@id\":\"https:\\\/\\\/www.eldigitaldeasturias.com\\\/noticias\\\/author\\\/admin\\\/#author\"},\"image\":{\"@type\":\"ImageObject\",\"url\":\"https:\\\/\\\/www.eldigitaldeasturias.com\\\/noticias\\\/wp-content\\\/uploads\\\/2013\\\/09\\\/mercedes2.jpg\",\"@id\":\"https:\\\/\\\/www.eldigitaldeasturias.com\\\/noticias\\\/mercedes-fernandez-el-espectaculo-de-cudillero-es-una-radiografia-muy-negativa-del-psoe-en-asturias\\\/#mainImage\",\"width\":600,\"height\":336},\"primaryImageOfPage\":{\"@id\":\"https:\\\/\\\/www.eldigitaldeasturias.com\\\/noticias\\\/mercedes-fernandez-el-espectaculo-de-cudillero-es-una-radiografia-muy-negativa-del-psoe-en-asturias\\\/#mainImage\"},\"datePublished\":\"2013-09-25T19:46:56+02:00\",\"dateModified\":\"2013-09-25T19:46:56+02:00\"},{\"@type\":\"WebSite\",\"@id\":\"https:\\\/\\\/www.eldigitaldeasturias.com\\\/noticias\\\/#website\",\"url\":\"https:\\\/\\\/www.eldigitaldeasturias.com\\\/noticias\\\/\",\"name\":\"El Digital de Asturias - Diario de actualidad y noticias\",\"alternateName\":\"El Digital de Asturias - Diario de actualidad y noticias\",\"description\":\"Hemeroteca\",\"inLanguage\":\"es-ES\",\"publisher\":{\"@id\":\"https:\\\/\\\/www.eldigitaldeasturias.com\\\/noticias\\\/#organization\"}}]}\n\t\t<\/script>\n\t\t<!-- All in One SEO Pro -->\r\n\t\t<title>Mercedes Fern\u00e1ndez : \u00abEl espect\u00e1culo de Cudillero es una radiograf\u00eda muy negativa del PSOE en Asturias\u00bb - El Digital de Asturias<\/title>\n\n","aioseo_head_json":{"title":"Mercedes Fern\u00e1ndez : \u00abEl espect\u00e1culo de Cudillero es una radiograf\u00eda muy negativa del PSOE en Asturias\u00bb - El Digital de Asturias","description":"OVIEDO, 25 Sep. (EUROPA PRESS) - La presidenta del PP de Asturias, Mercedes Fern\u00e1ndez, ha se\u00f1alado este mi\u00e9rcoles que \"el espect\u00e1culo de Cudillero es una radiograf\u00eda muy negativa del PSOE en Asturias\". En este sentido, ha comentado que cuando se inici\u00f3 la situaci\u00f3n \"de desacierto\" de la pol\u00edtica del municipio se dirigi\u00f3 al presidente del Principado","canonical_url":"https:\/\/www.eldigitaldeasturias.com\/noticias\/mercedes-fernandez-el-espectaculo-de-cudillero-es-una-radiografia-muy-negativa-del-psoe-en-asturias\/","robots":"max-image-preview:large","keywords":"actualidad asturias","webmasterTools":{"google-site-verification":"UA-38556648-1","msvalidate.01":"7dfe9f3f1b24437ab69f4f2559babe99","miscellaneous":""},"schema":{"@context":"https:\/\/schema.org","@graph":[{"@type":"BlogPosting","@id":"https:\/\/www.eldigitaldeasturias.com\/noticias\/mercedes-fernandez-el-espectaculo-de-cudillero-es-una-radiografia-muy-negativa-del-psoe-en-asturias\/#blogposting","name":"Mercedes Fern\u00e1ndez : \u00abEl espect\u00e1culo de Cudillero es una radiograf\u00eda muy negativa del PSOE en Asturias\u00bb - El Digital de Asturias","headline":"Mercedes Fern\u00e1ndez : \u00abEl espect\u00e1culo de Cudillero es una radiograf\u00eda muy negativa del PSOE en Asturias\u00bb","author":{"@id":"https:\/\/www.eldigitaldeasturias.com\/noticias\/author\/admin\/#author"},"publisher":{"@id":"https:\/\/www.eldigitaldeasturias.com\/noticias\/#organization"},"image":{"@type":"ImageObject","url":"https:\/\/www.eldigitaldeasturias.com\/noticias\/wp-content\/uploads\/2013\/09\/mercedes2.jpg","width":600,"height":336},"datePublished":"2013-09-25T19:46:56+02:00","dateModified":"2013-09-25T19:46:56+02:00","inLanguage":"es-ES","mainEntityOfPage":{"@id":"https:\/\/www.eldigitaldeasturias.com\/noticias\/mercedes-fernandez-el-espectaculo-de-cudillero-es-una-radiografia-muy-negativa-del-psoe-en-asturias\/#webpage"},"isPartOf":{"@id":"https:\/\/www.eldigitaldeasturias.com\/noticias\/mercedes-fernandez-el-espectaculo-de-cudillero-es-una-radiografia-muy-negativa-del-psoe-en-asturias\/#webpage"},"articleSection":"Actualidad Asturias"},{"@type":"BreadcrumbList","@id":"https:\/\/www.eldigitaldeasturias.com\/noticias\/mercedes-fernandez-el-espectaculo-de-cudillero-es-una-radiografia-muy-negativa-del-psoe-en-asturias\/#breadcrumblist","itemListElement":[{"@type":"ListItem","@id":"https:\/\/www.eldigitaldeasturias.com\/noticias#listItem","position":1,"name":"Home","item":"https:\/\/www.eldigitaldeasturias.com\/noticias","nextItem":{"@type":"ListItem","@id":"https:\/\/www.eldigitaldeasturias.com\/noticias\/category\/actualidad-asturias\/#listItem","name":"Actualidad Asturias"}},{"@type":"ListItem","@id":"https:\/\/www.eldigitaldeasturias.com\/noticias\/category\/actualidad-asturias\/#listItem","position":2,"name":"Actualidad Asturias","item":"https:\/\/www.eldigitaldeasturias.com\/noticias\/category\/actualidad-asturias\/","nextItem":{"@type":"ListItem","@id":"https:\/\/www.eldigitaldeasturias.com\/noticias\/mercedes-fernandez-el-espectaculo-de-cudillero-es-una-radiografia-muy-negativa-del-psoe-en-asturias\/#listItem","name":"Mercedes Fern\u00e1ndez : \u00abEl espect\u00e1culo de Cudillero es una radiograf\u00eda muy negativa del PSOE en Asturias\u00bb"},"previousItem":{"@type":"ListItem","@id":"https:\/\/www.eldigitaldeasturias.com\/noticias#listItem","name":"Home"}},{"@type":"ListItem","@id":"https:\/\/www.eldigitaldeasturias.com\/noticias\/mercedes-fernandez-el-espectaculo-de-cudillero-es-una-radiografia-muy-negativa-del-psoe-en-asturias\/#listItem","position":3,"name":"Mercedes Fern\u00e1ndez : \u00abEl espect\u00e1culo de Cudillero es una radiograf\u00eda muy negativa del PSOE en Asturias\u00bb","previousItem":{"@type":"ListItem","@id":"https:\/\/www.eldigitaldeasturias.com\/noticias\/category\/actualidad-asturias\/#listItem","name":"Actualidad Asturias"}}]},{"@type":"Organization","@id":"https:\/\/www.eldigitaldeasturias.com\/noticias\/#organization","name":"El Digital de Asturias","description":"Hemeroteca","url":"https:\/\/www.eldigitaldeasturias.com\/noticias\/","email":"info@eldigitaldeasturias.com","telephone":"+34652131393","logo":{"@type":"ImageObject","url":"https:\/\/www.eldigitaldeasturias.com\/noticias\/wp-content\/uploads\/2020\/12\/EDA.jpg","@id":"https:\/\/www.eldigitaldeasturias.com\/noticias\/mercedes-fernandez-el-espectaculo-de-cudillero-es-una-radiografia-muy-negativa-del-psoe-en-asturias\/#organizationLogo","width":649,"height":297},"image":{"@id":"https:\/\/www.eldigitaldeasturias.com\/noticias\/mercedes-fernandez-el-espectaculo-de-cudillero-es-una-radiografia-muy-negativa-del-psoe-en-asturias\/#organizationLogo"},"sameAs":["https:\/\/facebook.com\/eldigitaldeasturias","https:\/\/www.youtube.com\/channel\/UCZP-2wLEB9Rv6erhFmqVnvg"],"address":{"@id":"https:\/\/www.eldigitaldeasturias.com\/noticias\/#postaladdress","@type":"PostalAddress","streetAddress":"san antonio 4,","postalCode":"33430","addressLocality":"Cand\u00e1s","addressRegion":"Asturias","addressCountry":"ES"}},{"@type":"Person","@id":"https:\/\/www.eldigitaldeasturias.com\/noticias\/author\/admin\/#author","url":"https:\/\/www.eldigitaldeasturias.com\/noticias\/author\/admin\/","name":"El Digital de Asturias","image":{"@type":"ImageObject","@id":"https:\/\/www.eldigitaldeasturias.com\/noticias\/mercedes-fernandez-el-espectaculo-de-cudillero-es-una-radiografia-muy-negativa-del-psoe-en-asturias\/#authorImage","url":"https:\/\/www.eldigitaldeasturias.com\/noticias\/wp-content\/litespeed\/avatar\/18677e78aa0546b92d9dbf31ec7d7668.jpg?ver=1777290358","width":96,"height":96,"caption":"El Digital de Asturias"}},{"@type":"WebPage","@id":"https:\/\/www.eldigitaldeasturias.com\/noticias\/mercedes-fernandez-el-espectaculo-de-cudillero-es-una-radiografia-muy-negativa-del-psoe-en-asturias\/#webpage","url":"https:\/\/www.eldigitaldeasturias.com\/noticias\/mercedes-fernandez-el-espectaculo-de-cudillero-es-una-radiografia-muy-negativa-del-psoe-en-asturias\/","name":"Mercedes Fern\u00e1ndez : \u00abEl espect\u00e1culo de Cudillero es una radiograf\u00eda muy negativa del PSOE en Asturias\u00bb - El Digital de Asturias","description":"OVIEDO, 25 Sep. (EUROPA PRESS) - La presidenta del PP de Asturias, Mercedes Fern\u00e1ndez, ha se\u00f1alado este mi\u00e9rcoles que \"el espect\u00e1culo de Cudillero es una radiograf\u00eda muy negativa del PSOE en Asturias\". En este sentido, ha comentado que cuando se inici\u00f3 la situaci\u00f3n \"de desacierto\" de la pol\u00edtica del municipio se dirigi\u00f3 al presidente del Principado","inLanguage":"es-ES","isPartOf":{"@id":"https:\/\/www.eldigitaldeasturias.com\/noticias\/#website"},"breadcrumb":{"@id":"https:\/\/www.eldigitaldeasturias.com\/noticias\/mercedes-fernandez-el-espectaculo-de-cudillero-es-una-radiografia-muy-negativa-del-psoe-en-asturias\/#breadcrumblist"},"author":{"@id":"https:\/\/www.eldigitaldeasturias.com\/noticias\/author\/admin\/#author"},"creator":{"@id":"https:\/\/www.eldigitaldeasturias.com\/noticias\/author\/admin\/#author"},"image":{"@type":"ImageObject","url":"https:\/\/www.eldigitaldeasturias.com\/noticias\/wp-content\/uploads\/2013\/09\/mercedes2.jpg","@id":"https:\/\/www.eldigitaldeasturias.com\/noticias\/mercedes-fernandez-el-espectaculo-de-cudillero-es-una-radiografia-muy-negativa-del-psoe-en-asturias\/#mainImage","width":600,"height":336},"primaryImageOfPage":{"@id":"https:\/\/www.eldigitaldeasturias.com\/noticias\/mercedes-fernandez-el-espectaculo-de-cudillero-es-una-radiografia-muy-negativa-del-psoe-en-asturias\/#mainImage"},"datePublished":"2013-09-25T19:46:56+02:00","dateModified":"2013-09-25T19:46:56+02:00"},{"@type":"WebSite","@id":"https:\/\/www.eldigitaldeasturias.com\/noticias\/#website","url":"https:\/\/www.eldigitaldeasturias.com\/noticias\/","name":"El Digital de Asturias - Diario de actualidad y noticias","alternateName":"El Digital de Asturias - Diario de actualidad y noticias","description":"Hemeroteca","inLanguage":"es-ES","publisher":{"@id":"https:\/\/www.eldigitaldeasturias.com\/noticias\/#organization"}}]},"og:locale":"es_ES","og:site_name":"El Digital de Asturias","og:type":"article","og:title":"Mercedes Fern\u00e1ndez : \u00abEl espect\u00e1culo de Cudillero es una radiograf\u00eda muy negativa del PSOE en Asturias\u00bb - El Digital de Asturias","og:description":"OVIEDO, 25 Sep. (EUROPA PRESS) - La presidenta del PP de Asturias, Mercedes Fern\u00e1ndez, ha se\u00f1alado este mi\u00e9rcoles que &quot;el espect\u00e1culo de Cudillero es una radiograf\u00eda muy negativa del PSOE en Asturias&quot;. En este sentido, ha comentado que cuando se inici\u00f3 la situaci\u00f3n &quot;de desacierto&quot; de la pol\u00edtica del municipio se dirigi\u00f3 al presidente del Principado","og:url":"https:\/\/www.eldigitaldeasturias.com\/noticias\/mercedes-fernandez-el-espectaculo-de-cudillero-es-una-radiografia-muy-negativa-del-psoe-en-asturias\/","og:image":"https:\/\/www.eldigitaldeasturias.com\/noticias\/wp-content\/uploads\/2013\/09\/mercedes2.jpg","og:image:secure_url":"https:\/\/www.eldigitaldeasturias.com\/noticias\/wp-content\/uploads\/2013\/09\/mercedes2.jpg","og:image:width":600,"og:image:height":336,"article:tag":["actualidad asturias"],"article:published_time":"2013-09-25T19:46:56+00:00","article:modified_time":"2013-09-25T19:46:56+00:00","article:publisher":"https:\/\/facebook.com\/eldigitaldeasturias","twitter:card":"summary_large_image","twitter:title":"Mercedes Fern\u00e1ndez : \u00abEl espect\u00e1culo de Cudillero es una radiograf\u00eda muy negativa del PSOE en Asturias\u00bb - El Digital de Asturias","twitter:description":"OVIEDO, 25 Sep. (EUROPA PRESS) - La presidenta del PP de Asturias, Mercedes Fern\u00e1ndez, ha se\u00f1alado este mi\u00e9rcoles que &quot;el espect\u00e1culo de Cudillero es una radiograf\u00eda muy negativa del PSOE en Asturias&quot;. En este sentido, ha comentado que cuando se inici\u00f3 la situaci\u00f3n &quot;de desacierto&quot; de la pol\u00edtica del municipio se dirigi\u00f3 al presidente del Principado","twitter:image":"https:\/\/www.eldigitaldeasturias.com\/noticias\/wp-content\/uploads\/2013\/09\/mercedes2.jpg","twitter:label1":"Escrito por","twitter:data1":"El Digital de Asturias","twitter:label2":"Tiempo de lectura estimado","twitter:data2":"2 minutos"},"aioseo_meta_data":{"post_id":"3088","title":null,"description":null,"keywords":null,"keyphrases":null,"primary_term":null,"canonical_url":null,"og_title":null,"og_description":null,"og_object_type":"default","og_image_type":"default","og_image_url":null,"og_image_width":null,"og_image_height":null,"og_image_custom_url":null,"og_image_custom_fields":null,"og_video":null,"og_custom_url":null,"og_article_section":null,"og_article_tags":null,"twitter_use_og":true,"twitter_card":"default","twitter_image_type":"default","twitter_image_url":null,"twitter_image_custom_url":null,"twitter_image_custom_fields":null,"twitter_title":null,"twitter_description":null,"schema":{"blockGraphs":[],"customGraphs":[],"default":{"data":{"Article":[],"Course":[],"Dataset":[],"FAQPage":[],"Movie":[],"Person":[],"Product":[],"ProductReview":[],"Car":[],"Recipe":[],"Service":[],"SoftwareApplication":[],"WebPage":[]},"graphName":"","isEnabled":true},"graphs":[],"defaultGraph":"","defaultPostTypeGraph":""},"schema_type":null,"schema_type_options":null,"pillar_content":false,"robots_default":true,"robots_noindex":false,"robots_noarchive":false,"robots_nosnippet":false,"robots_nofollow":false,"robots_noimageindex":false,"robots_noodp":false,"robots_notranslate":false,"robots_max_snippet":null,"robots_max_videopreview":null,"robots_max_imagepreview":"none","priority":null,"frequency":null,"local_seo":null,"seo_analyzer_scan_date":"2025-08-21 05:42:53","breadcrumb_settings":null,"limit_modified_date":false,"open_ai":null,"ai":null,"created":"2020-11-14 22:37:00","updated":"2025-08-21 05:42:53"},"aioseo_breadcrumb":"<div class=\"aioseo-breadcrumbs\"><span class=\"aioseo-breadcrumb\">\n\t<a href=\"https:\/\/www.eldigitaldeasturias.com\/noticias\" title=\"Home\">Home<\/a>\n<\/span><span class=\"aioseo-breadcrumb-separator\">\u2013<\/span><span class=\"aioseo-breadcrumb\">\n\t<a href=\"https:\/\/www.eldigitaldeasturias.com\/noticias\/category\/actualidad-asturias\/\" title=\"Actualidad Asturias\">Actualidad Asturias<\/a>\n<\/span><span class=\"aioseo-breadcrumb-separator\">\u2013<\/span><span class=\"aioseo-breadcrumb\">\n\t<a href=\"https:\/\/www.eldigitaldeasturias.com\/noticias\/mercedes-fernandez-el-espectaculo-de-cudillero-es-una-radiografia-muy-negativa-del-psoe-en-asturias\/\" title=\"Mercedes Fern\u00e1ndez : \u00abEl espect\u00e1culo de Cudillero es una radiograf\u00eda muy negativa del PSOE en Asturias\u00bb\">Mercedes Fern\u00e1ndez : \u00abEl espect\u00e1culo de Cudillero es una radiograf\u00eda muy negativa del PSOE en Asturias\u00bb<\/a>\n<\/span><\/div>","aioseo_breadcrumb_json":[{"label":"Home","link":"https:\/\/www.eldigitaldeasturias.com\/noticias"},{"label":"Actualidad Asturias","link":"https:\/\/www.eldigitaldeasturias.com\/noticias\/category\/actualidad-asturias\/"},{"label":"Mercedes Fern\u00e1ndez : \u00abEl espect\u00e1culo de Cudillero es una radiograf\u00eda muy negativa del PSOE en Asturias\u00bb","link":"https:\/\/www.eldigitaldeasturias.com\/noticias\/mercedes-fernandez-el-espectaculo-de-cudillero-es-una-radiografia-muy-negativa-del-psoe-en-asturias\/"}],"_links":{"self":[{"href":"https:\/\/www.eldigitaldeasturias.com\/noticias\/wp-json\/wp\/v2\/posts\/3088","targetHints":{"allow":["GET"]}}],"collection":[{"href":"https:\/\/www.eldigitaldeasturias.com\/noticias\/wp-json\/wp\/v2\/posts"}],"about":[{"href":"https:\/\/www.eldigitaldeasturias.com\/noticias\/wp-json\/wp\/v2\/types\/post"}],"author":[{"embeddable":true,"href":"https:\/\/www.eldigitaldeasturias.com\/noticias\/wp-json\/wp\/v2\/users\/1"}],"replies":[{"embeddable":true,"href":"https:\/\/www.eldigitaldeasturias.com\/noticias\/wp-json\/wp\/v2\/comments?post=3088"}],"version-history":[{"count":0,"href":"https:\/\/www.eldigitaldeasturias.com\/noticias\/wp-json\/wp\/v2\/posts\/3088\/revisions"}],"wp:featuredmedia":[{"embeddable":true,"href":"https:\/\/www.eldigitaldeasturias.com\/noticias\/wp-json\/wp\/v2\/media\/239"}],"wp:attachment":[{"href":"https:\/\/www.eldigitaldeasturias.com\/noticias\/wp-json\/wp\/v2\/media?parent=3088"}],"wp:term":[{"taxonomy":"category","embeddable":true,"href":"https:\/\/www.eldigitaldeasturias.com\/noticias\/wp-json\/wp\/v2\/categories?post=3088"},{"taxonomy":"post_tag","embeddable":true,"href":"https:\/\/www.eldigitaldeasturias.com\/noticias\/wp-json\/wp\/v2\/tags?post=3088"}],"curies":[{"name":"wp","href":"https:\/\/api.w.org\/{rel}","templated":true}]}}