{"id":3086,"date":"2013-09-25T19:45:18","date_gmt":"2013-09-25T19:45:18","guid":{"rendered":"http:\/\/www.eldigitaldeasturias.com\/noticias\/?p=3086"},"modified":"2013-09-25T19:45:18","modified_gmt":"2013-09-25T19:45:18","slug":"aviles-el-pp-acusa-al-principado-de-reducir-en-un-40-su-aportacion-a-las-ayudas-a-la-vivienda","status":"publish","type":"post","link":"https:\/\/www.eldigitaldeasturias.com\/noticias\/aviles-el-pp-acusa-al-principado-de-reducir-en-un-40-su-aportacion-a-las-ayudas-a-la-vivienda\/","title":{"rendered":"Avil\u00e9s : El PP acusa al Principado de reducir en un 40% su aportaci\u00f3n a las ayudas a la vivienda"},"content":{"rendered":"<p><img loading=\"lazy\" decoding=\"async\" class=\"alignleft size-medium wp-image-1995\" alt=\"aviles2\" src=\"https:\/\/www.eldigitaldeasturias.com\/noticias\/wp-content\/uploads\/2013\/09\/aviles2-360x270.jpg\" width=\"360\" height=\"270\" \/>AVIL\u00c9S\/OVIEDO, 25 Sep. (EUROPA PRESS) &#8211;\u00a0El portavoz del PP en el Ayuntamiento de Avil\u00e9s, Constantino \u00c1lvarez, ha acusado este mi\u00e9rcoles a la consejer\u00eda de Bienestar Social de haber reducido en un 40% su aportaci\u00f3n a las ayudas a la vivienda. En declaraciones a Europa Press ha apuntado que \u00aben 2011 cont\u00e1bamos con m\u00e1s de 400.000 euros del Principado y 200.000 euros del consistorio\u00bb.<\/p>\n<p>La aportaci\u00f3n municipal se mantiene, pero la de la administraci\u00f3n regional se sit\u00faa en 250.000 euros, seg\u00fan el convenio firmado este martes por la consejera del \u00e1rea. \u00c1lvarez ha criticado que la reducci\u00f3n se produzca cuando \u00abtenemos un incremento de solicitudes de ayudas a la vivienda\u00bb.<\/p>\n<p>Es por ello que ha adelantado posibles consecuencias. \u00abNos tememos que a final de a\u00f1o queden ayudas sin cubrir y pedimos al concejal de Vivienda que reclame m\u00e1s aportaci\u00f3n econ\u00f3mica del Principado para que no quede sin cubrir ninguna solicitud que cumpla los requisitos\u00bb.<\/p>\n<p>De momento, el portavoz popular ya ha visto como \u00abla Fundaci\u00f3n San Mart\u00edn, fruto de contar con menos recursos, no pueden acometer otros proyectos habituales en a\u00f1os anteriores\u00bb. Se ha referido a que este a\u00f1o no comprar\u00e1 ninguna vivienda que sumar a su parque m\u00f3vil y que est\u00e1 retrasando las obras de mantenimiento.<\/p>\n","protected":false},"excerpt":{"rendered":"<p>AVIL\u00c9S\/OVIEDO, 25 Sep. (EUROPA PRESS) &#8211;\u00a0El portavoz del PP en el Ayuntamiento de Avil\u00e9s, Constantino \u00c1lvarez, ha acusado este mi\u00e9rcoles a la consejer\u00eda de Bienestar Social de haber reducido en un 40% su aportaci\u00f3n a las ayudas a la vivienda. En declaraciones a Europa Press ha apuntado que \u00aben 2011 cont\u00e1bamos con m\u00e1s de 400.000 [&hellip;]<\/p>\n","protected":false},"author":1,"featured_media":1995,"comment_status":"open","ping_status":"open","sticky":false,"template":"","format":"standard","meta":{"footnotes":""},"categories":[12],"tags":[],"class_list":["post-3086","post","type-post","status-publish","format-standard","has-post-thumbnail","hentry","category-actualidad-asturias"],"aioseo_notices":[],"aioseo_head":"\n\t\t<!-- All in One SEO Pro 4.9.6.2 - aioseo.com -->\n\t<meta name=\"description\" content=\"AVIL\u00c9S\/OVIEDO, 25 Sep. (EUROPA PRESS) - El portavoz del PP en el Ayuntamiento de Avil\u00e9s, Constantino \u00c1lvarez, ha acusado este mi\u00e9rcoles a la consejer\u00eda de Bienestar Social de haber reducido en un 40% su aportaci\u00f3n a las ayudas a la vivienda. En declaraciones a Europa Press ha apuntado que &quot;en 2011 cont\u00e1bamos con m\u00e1s de 400.000\" \/>\n\t<meta name=\"robots\" content=\"max-image-preview:large\" \/>\n\t<meta name=\"author\" content=\"El Digital de Asturias\"\/>\n\t<meta name=\"google-site-verification\" content=\"UA-38556648-1\" \/>\n\t<meta name=\"msvalidate.01\" content=\"7dfe9f3f1b24437ab69f4f2559babe99\" \/>\n\t<meta name=\"keywords\" content=\"actualidad asturias\" \/>\n\t<link rel=\"canonical\" href=\"https:\/\/www.eldigitaldeasturias.com\/noticias\/aviles-el-pp-acusa-al-principado-de-reducir-en-un-40-su-aportacion-a-las-ayudas-a-la-vivienda\/\" \/>\n\t<meta name=\"generator\" content=\"All in One SEO Pro (AIOSEO) 4.9.6.2\" \/>\n\t\t<meta property=\"og:locale\" content=\"es_ES\" \/>\n\t\t<meta property=\"og:site_name\" content=\"El Digital de Asturias\" \/>\n\t\t<meta property=\"og:type\" content=\"article\" \/>\n\t\t<meta property=\"og:title\" content=\"Avil\u00e9s : El PP acusa al Principado de reducir en un 40% su aportaci\u00f3n a las ayudas a la vivienda - El Digital de Asturias\" \/>\n\t\t<meta property=\"og:description\" content=\"AVIL\u00c9S\/OVIEDO, 25 Sep. (EUROPA PRESS) - El portavoz del PP en el Ayuntamiento de Avil\u00e9s, Constantino \u00c1lvarez, ha acusado este mi\u00e9rcoles a la consejer\u00eda de Bienestar Social de haber reducido en un 40% su aportaci\u00f3n a las ayudas a la vivienda. En declaraciones a Europa Press ha apuntado que &quot;en 2011 cont\u00e1bamos con m\u00e1s de 400.000\" \/>\n\t\t<meta property=\"og:url\" content=\"https:\/\/www.eldigitaldeasturias.com\/noticias\/aviles-el-pp-acusa-al-principado-de-reducir-en-un-40-su-aportacion-a-las-ayudas-a-la-vivienda\/\" \/>\n\t\t<meta property=\"article:tag\" content=\"actualidad asturias\" \/>\n\t\t<meta property=\"article:published_time\" content=\"2013-09-25T19:45:18+00:00\" \/>\n\t\t<meta property=\"article:modified_time\" content=\"2013-09-25T19:45:18+00:00\" \/>\n\t\t<meta property=\"article:publisher\" content=\"https:\/\/facebook.com\/eldigitaldeasturias\" \/>\n\t\t<meta name=\"twitter:card\" content=\"summary_large_image\" \/>\n\t\t<meta name=\"twitter:title\" content=\"Avil\u00e9s : El PP acusa al Principado de reducir en un 40% su aportaci\u00f3n a las ayudas a la vivienda - El Digital de Asturias\" \/>\n\t\t<meta name=\"twitter:description\" content=\"AVIL\u00c9S\/OVIEDO, 25 Sep. (EUROPA PRESS) - El portavoz del PP en el Ayuntamiento de Avil\u00e9s, Constantino \u00c1lvarez, ha acusado este mi\u00e9rcoles a la consejer\u00eda de Bienestar Social de haber reducido en un 40% su aportaci\u00f3n a las ayudas a la vivienda. En declaraciones a Europa Press ha apuntado que &quot;en 2011 cont\u00e1bamos con m\u00e1s de 400.000\" \/>\n\t\t<meta name=\"twitter:label1\" content=\"Escrito por\" \/>\n\t\t<meta name=\"twitter:data1\" content=\"El Digital de Asturias\" \/>\n\t\t<meta name=\"twitter:label2\" content=\"Tiempo de lectura estimado\" \/>\n\t\t<meta name=\"twitter:data2\" content=\"1 minuto\" \/>\n\t\t<script type=\"application\/ld+json\" class=\"aioseo-schema\">\n\t\t\t{\"@context\":\"https:\\\/\\\/schema.org\",\"@graph\":[{\"@type\":\"BlogPosting\",\"@id\":\"https:\\\/\\\/www.eldigitaldeasturias.com\\\/noticias\\\/aviles-el-pp-acusa-al-principado-de-reducir-en-un-40-su-aportacion-a-las-ayudas-a-la-vivienda\\\/#blogposting\",\"name\":\"Avil\\u00e9s : El PP acusa al Principado de reducir en un 40% su aportaci\\u00f3n a las ayudas a la vivienda - El Digital de Asturias\",\"headline\":\"Avil\\u00e9s : El PP acusa al Principado de reducir en un 40% su aportaci\\u00f3n a las ayudas a la vivienda\",\"author\":{\"@id\":\"https:\\\/\\\/www.eldigitaldeasturias.com\\\/noticias\\\/author\\\/admin\\\/#author\"},\"publisher\":{\"@id\":\"https:\\\/\\\/www.eldigitaldeasturias.com\\\/noticias\\\/#organization\"},\"image\":{\"@type\":\"ImageObject\",\"url\":1995},\"datePublished\":\"2013-09-25T19:45:18+02:00\",\"dateModified\":\"2013-09-25T19:45:18+02:00\",\"inLanguage\":\"es-ES\",\"mainEntityOfPage\":{\"@id\":\"https:\\\/\\\/www.eldigitaldeasturias.com\\\/noticias\\\/aviles-el-pp-acusa-al-principado-de-reducir-en-un-40-su-aportacion-a-las-ayudas-a-la-vivienda\\\/#webpage\"},\"isPartOf\":{\"@id\":\"https:\\\/\\\/www.eldigitaldeasturias.com\\\/noticias\\\/aviles-el-pp-acusa-al-principado-de-reducir-en-un-40-su-aportacion-a-las-ayudas-a-la-vivienda\\\/#webpage\"},\"articleSection\":\"Actualidad Asturias\"},{\"@type\":\"BreadcrumbList\",\"@id\":\"https:\\\/\\\/www.eldigitaldeasturias.com\\\/noticias\\\/aviles-el-pp-acusa-al-principado-de-reducir-en-un-40-su-aportacion-a-las-ayudas-a-la-vivienda\\\/#breadcrumblist\",\"itemListElement\":[{\"@type\":\"ListItem\",\"@id\":\"https:\\\/\\\/www.eldigitaldeasturias.com\\\/noticias#listItem\",\"position\":1,\"name\":\"Home\",\"item\":\"https:\\\/\\\/www.eldigitaldeasturias.com\\\/noticias\",\"nextItem\":{\"@type\":\"ListItem\",\"@id\":\"https:\\\/\\\/www.eldigitaldeasturias.com\\\/noticias\\\/category\\\/actualidad-asturias\\\/#listItem\",\"name\":\"Actualidad Asturias\"}},{\"@type\":\"ListItem\",\"@id\":\"https:\\\/\\\/www.eldigitaldeasturias.com\\\/noticias\\\/category\\\/actualidad-asturias\\\/#listItem\",\"position\":2,\"name\":\"Actualidad Asturias\",\"item\":\"https:\\\/\\\/www.eldigitaldeasturias.com\\\/noticias\\\/category\\\/actualidad-asturias\\\/\",\"nextItem\":{\"@type\":\"ListItem\",\"@id\":\"https:\\\/\\\/www.eldigitaldeasturias.com\\\/noticias\\\/aviles-el-pp-acusa-al-principado-de-reducir-en-un-40-su-aportacion-a-las-ayudas-a-la-vivienda\\\/#listItem\",\"name\":\"Avil\\u00e9s : El PP acusa al Principado de reducir en un 40% su aportaci\\u00f3n a las ayudas a la vivienda\"},\"previousItem\":{\"@type\":\"ListItem\",\"@id\":\"https:\\\/\\\/www.eldigitaldeasturias.com\\\/noticias#listItem\",\"name\":\"Home\"}},{\"@type\":\"ListItem\",\"@id\":\"https:\\\/\\\/www.eldigitaldeasturias.com\\\/noticias\\\/aviles-el-pp-acusa-al-principado-de-reducir-en-un-40-su-aportacion-a-las-ayudas-a-la-vivienda\\\/#listItem\",\"position\":3,\"name\":\"Avil\\u00e9s : El PP acusa al Principado de reducir en un 40% su aportaci\\u00f3n a las ayudas a la vivienda\",\"previousItem\":{\"@type\":\"ListItem\",\"@id\":\"https:\\\/\\\/www.eldigitaldeasturias.com\\\/noticias\\\/category\\\/actualidad-asturias\\\/#listItem\",\"name\":\"Actualidad Asturias\"}}]},{\"@type\":\"Organization\",\"@id\":\"https:\\\/\\\/www.eldigitaldeasturias.com\\\/noticias\\\/#organization\",\"name\":\"El Digital de Asturias\",\"description\":\"Hemeroteca\",\"url\":\"https:\\\/\\\/www.eldigitaldeasturias.com\\\/noticias\\\/\",\"email\":\"info@eldigitaldeasturias.com\",\"telephone\":\"+34652131393\",\"logo\":{\"@type\":\"ImageObject\",\"url\":\"https:\\\/\\\/www.eldigitaldeasturias.com\\\/noticias\\\/wp-content\\\/uploads\\\/2020\\\/12\\\/EDA.jpg\",\"@id\":\"https:\\\/\\\/www.eldigitaldeasturias.com\\\/noticias\\\/aviles-el-pp-acusa-al-principado-de-reducir-en-un-40-su-aportacion-a-las-ayudas-a-la-vivienda\\\/#organizationLogo\",\"width\":649,\"height\":297},\"image\":{\"@id\":\"https:\\\/\\\/www.eldigitaldeasturias.com\\\/noticias\\\/aviles-el-pp-acusa-al-principado-de-reducir-en-un-40-su-aportacion-a-las-ayudas-a-la-vivienda\\\/#organizationLogo\"},\"sameAs\":[\"https:\\\/\\\/facebook.com\\\/eldigitaldeasturias\",\"https:\\\/\\\/www.youtube.com\\\/channel\\\/UCZP-2wLEB9Rv6erhFmqVnvg\"],\"address\":{\"@id\":\"https:\\\/\\\/www.eldigitaldeasturias.com\\\/noticias\\\/#postaladdress\",\"@type\":\"PostalAddress\",\"streetAddress\":\"san antonio 4,\",\"postalCode\":\"33430\",\"addressLocality\":\"Cand\\u00e1s\",\"addressRegion\":\"Asturias\",\"addressCountry\":\"ES\"}},{\"@type\":\"Person\",\"@id\":\"https:\\\/\\\/www.eldigitaldeasturias.com\\\/noticias\\\/author\\\/admin\\\/#author\",\"url\":\"https:\\\/\\\/www.eldigitaldeasturias.com\\\/noticias\\\/author\\\/admin\\\/\",\"name\":\"El Digital de Asturias\",\"image\":{\"@type\":\"ImageObject\",\"@id\":\"https:\\\/\\\/www.eldigitaldeasturias.com\\\/noticias\\\/aviles-el-pp-acusa-al-principado-de-reducir-en-un-40-su-aportacion-a-las-ayudas-a-la-vivienda\\\/#authorImage\",\"url\":\"https:\\\/\\\/www.eldigitaldeasturias.com\\\/noticias\\\/wp-content\\\/litespeed\\\/avatar\\\/18677e78aa0546b92d9dbf31ec7d7668.jpg?ver=1777290358\",\"width\":96,\"height\":96,\"caption\":\"El Digital de Asturias\"}},{\"@type\":\"WebPage\",\"@id\":\"https:\\\/\\\/www.eldigitaldeasturias.com\\\/noticias\\\/aviles-el-pp-acusa-al-principado-de-reducir-en-un-40-su-aportacion-a-las-ayudas-a-la-vivienda\\\/#webpage\",\"url\":\"https:\\\/\\\/www.eldigitaldeasturias.com\\\/noticias\\\/aviles-el-pp-acusa-al-principado-de-reducir-en-un-40-su-aportacion-a-las-ayudas-a-la-vivienda\\\/\",\"name\":\"Avil\\u00e9s : El PP acusa al Principado de reducir en un 40% su aportaci\\u00f3n a las ayudas a la vivienda - El Digital de Asturias\",\"description\":\"AVIL\\u00c9S\\\/OVIEDO, 25 Sep. (EUROPA PRESS) - El portavoz del PP en el Ayuntamiento de Avil\\u00e9s, Constantino \\u00c1lvarez, ha acusado este mi\\u00e9rcoles a la consejer\\u00eda de Bienestar Social de haber reducido en un 40% su aportaci\\u00f3n a las ayudas a la vivienda. En declaraciones a Europa Press ha apuntado que \\\"en 2011 cont\\u00e1bamos con m\\u00e1s de 400.000\",\"inLanguage\":\"es-ES\",\"isPartOf\":{\"@id\":\"https:\\\/\\\/www.eldigitaldeasturias.com\\\/noticias\\\/#website\"},\"breadcrumb\":{\"@id\":\"https:\\\/\\\/www.eldigitaldeasturias.com\\\/noticias\\\/aviles-el-pp-acusa-al-principado-de-reducir-en-un-40-su-aportacion-a-las-ayudas-a-la-vivienda\\\/#breadcrumblist\"},\"author\":{\"@id\":\"https:\\\/\\\/www.eldigitaldeasturias.com\\\/noticias\\\/author\\\/admin\\\/#author\"},\"creator\":{\"@id\":\"https:\\\/\\\/www.eldigitaldeasturias.com\\\/noticias\\\/author\\\/admin\\\/#author\"},\"image\":{\"@type\":\"ImageObject\",\"url\":1995,\"@id\":\"https:\\\/\\\/www.eldigitaldeasturias.com\\\/noticias\\\/aviles-el-pp-acusa-al-principado-de-reducir-en-un-40-su-aportacion-a-las-ayudas-a-la-vivienda\\\/#mainImage\"},\"primaryImageOfPage\":{\"@id\":\"https:\\\/\\\/www.eldigitaldeasturias.com\\\/noticias\\\/aviles-el-pp-acusa-al-principado-de-reducir-en-un-40-su-aportacion-a-las-ayudas-a-la-vivienda\\\/#mainImage\"},\"datePublished\":\"2013-09-25T19:45:18+02:00\",\"dateModified\":\"2013-09-25T19:45:18+02:00\"},{\"@type\":\"WebSite\",\"@id\":\"https:\\\/\\\/www.eldigitaldeasturias.com\\\/noticias\\\/#website\",\"url\":\"https:\\\/\\\/www.eldigitaldeasturias.com\\\/noticias\\\/\",\"name\":\"El Digital de Asturias - Diario de actualidad y noticias\",\"alternateName\":\"El Digital de Asturias - Diario de actualidad y noticias\",\"description\":\"Hemeroteca\",\"inLanguage\":\"es-ES\",\"publisher\":{\"@id\":\"https:\\\/\\\/www.eldigitaldeasturias.com\\\/noticias\\\/#organization\"}}]}\n\t\t<\/script>\n\t\t<!-- All in One SEO Pro -->\r\n\t\t<title>Avil\u00e9s : El PP acusa al Principado de reducir en un 40% su aportaci\u00f3n a las ayudas a la vivienda - El Digital de Asturias<\/title>\n\n","aioseo_head_json":{"title":"Avil\u00e9s : El PP acusa al Principado de reducir en un 40% su aportaci\u00f3n a las ayudas a la vivienda - El Digital de Asturias","description":"AVIL\u00c9S\/OVIEDO, 25 Sep. (EUROPA PRESS) - El portavoz del PP en el Ayuntamiento de Avil\u00e9s, Constantino \u00c1lvarez, ha acusado este mi\u00e9rcoles a la consejer\u00eda de Bienestar Social de haber reducido en un 40% su aportaci\u00f3n a las ayudas a la vivienda. En declaraciones a Europa Press ha apuntado que \"en 2011 cont\u00e1bamos con m\u00e1s de 400.000","canonical_url":"https:\/\/www.eldigitaldeasturias.com\/noticias\/aviles-el-pp-acusa-al-principado-de-reducir-en-un-40-su-aportacion-a-las-ayudas-a-la-vivienda\/","robots":"max-image-preview:large","keywords":"actualidad asturias","webmasterTools":{"google-site-verification":"UA-38556648-1","msvalidate.01":"7dfe9f3f1b24437ab69f4f2559babe99","miscellaneous":""},"schema":{"@context":"https:\/\/schema.org","@graph":[{"@type":"BlogPosting","@id":"https:\/\/www.eldigitaldeasturias.com\/noticias\/aviles-el-pp-acusa-al-principado-de-reducir-en-un-40-su-aportacion-a-las-ayudas-a-la-vivienda\/#blogposting","name":"Avil\u00e9s : El PP acusa al Principado de reducir en un 40% su aportaci\u00f3n a las ayudas a la vivienda - El Digital de Asturias","headline":"Avil\u00e9s : El PP acusa al Principado de reducir en un 40% su aportaci\u00f3n a las ayudas a la vivienda","author":{"@id":"https:\/\/www.eldigitaldeasturias.com\/noticias\/author\/admin\/#author"},"publisher":{"@id":"https:\/\/www.eldigitaldeasturias.com\/noticias\/#organization"},"image":{"@type":"ImageObject","url":1995},"datePublished":"2013-09-25T19:45:18+02:00","dateModified":"2013-09-25T19:45:18+02:00","inLanguage":"es-ES","mainEntityOfPage":{"@id":"https:\/\/www.eldigitaldeasturias.com\/noticias\/aviles-el-pp-acusa-al-principado-de-reducir-en-un-40-su-aportacion-a-las-ayudas-a-la-vivienda\/#webpage"},"isPartOf":{"@id":"https:\/\/www.eldigitaldeasturias.com\/noticias\/aviles-el-pp-acusa-al-principado-de-reducir-en-un-40-su-aportacion-a-las-ayudas-a-la-vivienda\/#webpage"},"articleSection":"Actualidad Asturias"},{"@type":"BreadcrumbList","@id":"https:\/\/www.eldigitaldeasturias.com\/noticias\/aviles-el-pp-acusa-al-principado-de-reducir-en-un-40-su-aportacion-a-las-ayudas-a-la-vivienda\/#breadcrumblist","itemListElement":[{"@type":"ListItem","@id":"https:\/\/www.eldigitaldeasturias.com\/noticias#listItem","position":1,"name":"Home","item":"https:\/\/www.eldigitaldeasturias.com\/noticias","nextItem":{"@type":"ListItem","@id":"https:\/\/www.eldigitaldeasturias.com\/noticias\/category\/actualidad-asturias\/#listItem","name":"Actualidad Asturias"}},{"@type":"ListItem","@id":"https:\/\/www.eldigitaldeasturias.com\/noticias\/category\/actualidad-asturias\/#listItem","position":2,"name":"Actualidad Asturias","item":"https:\/\/www.eldigitaldeasturias.com\/noticias\/category\/actualidad-asturias\/","nextItem":{"@type":"ListItem","@id":"https:\/\/www.eldigitaldeasturias.com\/noticias\/aviles-el-pp-acusa-al-principado-de-reducir-en-un-40-su-aportacion-a-las-ayudas-a-la-vivienda\/#listItem","name":"Avil\u00e9s : El PP acusa al Principado de reducir en un 40% su aportaci\u00f3n a las ayudas a la vivienda"},"previousItem":{"@type":"ListItem","@id":"https:\/\/www.eldigitaldeasturias.com\/noticias#listItem","name":"Home"}},{"@type":"ListItem","@id":"https:\/\/www.eldigitaldeasturias.com\/noticias\/aviles-el-pp-acusa-al-principado-de-reducir-en-un-40-su-aportacion-a-las-ayudas-a-la-vivienda\/#listItem","position":3,"name":"Avil\u00e9s : El PP acusa al Principado de reducir en un 40% su aportaci\u00f3n a las ayudas a la vivienda","previousItem":{"@type":"ListItem","@id":"https:\/\/www.eldigitaldeasturias.com\/noticias\/category\/actualidad-asturias\/#listItem","name":"Actualidad Asturias"}}]},{"@type":"Organization","@id":"https:\/\/www.eldigitaldeasturias.com\/noticias\/#organization","name":"El Digital de Asturias","description":"Hemeroteca","url":"https:\/\/www.eldigitaldeasturias.com\/noticias\/","email":"info@eldigitaldeasturias.com","telephone":"+34652131393","logo":{"@type":"ImageObject","url":"https:\/\/www.eldigitaldeasturias.com\/noticias\/wp-content\/uploads\/2020\/12\/EDA.jpg","@id":"https:\/\/www.eldigitaldeasturias.com\/noticias\/aviles-el-pp-acusa-al-principado-de-reducir-en-un-40-su-aportacion-a-las-ayudas-a-la-vivienda\/#organizationLogo","width":649,"height":297},"image":{"@id":"https:\/\/www.eldigitaldeasturias.com\/noticias\/aviles-el-pp-acusa-al-principado-de-reducir-en-un-40-su-aportacion-a-las-ayudas-a-la-vivienda\/#organizationLogo"},"sameAs":["https:\/\/facebook.com\/eldigitaldeasturias","https:\/\/www.youtube.com\/channel\/UCZP-2wLEB9Rv6erhFmqVnvg"],"address":{"@id":"https:\/\/www.eldigitaldeasturias.com\/noticias\/#postaladdress","@type":"PostalAddress","streetAddress":"san antonio 4,","postalCode":"33430","addressLocality":"Cand\u00e1s","addressRegion":"Asturias","addressCountry":"ES"}},{"@type":"Person","@id":"https:\/\/www.eldigitaldeasturias.com\/noticias\/author\/admin\/#author","url":"https:\/\/www.eldigitaldeasturias.com\/noticias\/author\/admin\/","name":"El Digital de Asturias","image":{"@type":"ImageObject","@id":"https:\/\/www.eldigitaldeasturias.com\/noticias\/aviles-el-pp-acusa-al-principado-de-reducir-en-un-40-su-aportacion-a-las-ayudas-a-la-vivienda\/#authorImage","url":"https:\/\/www.eldigitaldeasturias.com\/noticias\/wp-content\/litespeed\/avatar\/18677e78aa0546b92d9dbf31ec7d7668.jpg?ver=1777290358","width":96,"height":96,"caption":"El Digital de Asturias"}},{"@type":"WebPage","@id":"https:\/\/www.eldigitaldeasturias.com\/noticias\/aviles-el-pp-acusa-al-principado-de-reducir-en-un-40-su-aportacion-a-las-ayudas-a-la-vivienda\/#webpage","url":"https:\/\/www.eldigitaldeasturias.com\/noticias\/aviles-el-pp-acusa-al-principado-de-reducir-en-un-40-su-aportacion-a-las-ayudas-a-la-vivienda\/","name":"Avil\u00e9s : El PP acusa al Principado de reducir en un 40% su aportaci\u00f3n a las ayudas a la vivienda - El Digital de Asturias","description":"AVIL\u00c9S\/OVIEDO, 25 Sep. (EUROPA PRESS) - El portavoz del PP en el Ayuntamiento de Avil\u00e9s, Constantino \u00c1lvarez, ha acusado este mi\u00e9rcoles a la consejer\u00eda de Bienestar Social de haber reducido en un 40% su aportaci\u00f3n a las ayudas a la vivienda. En declaraciones a Europa Press ha apuntado que \"en 2011 cont\u00e1bamos con m\u00e1s de 400.000","inLanguage":"es-ES","isPartOf":{"@id":"https:\/\/www.eldigitaldeasturias.com\/noticias\/#website"},"breadcrumb":{"@id":"https:\/\/www.eldigitaldeasturias.com\/noticias\/aviles-el-pp-acusa-al-principado-de-reducir-en-un-40-su-aportacion-a-las-ayudas-a-la-vivienda\/#breadcrumblist"},"author":{"@id":"https:\/\/www.eldigitaldeasturias.com\/noticias\/author\/admin\/#author"},"creator":{"@id":"https:\/\/www.eldigitaldeasturias.com\/noticias\/author\/admin\/#author"},"image":{"@type":"ImageObject","url":1995,"@id":"https:\/\/www.eldigitaldeasturias.com\/noticias\/aviles-el-pp-acusa-al-principado-de-reducir-en-un-40-su-aportacion-a-las-ayudas-a-la-vivienda\/#mainImage"},"primaryImageOfPage":{"@id":"https:\/\/www.eldigitaldeasturias.com\/noticias\/aviles-el-pp-acusa-al-principado-de-reducir-en-un-40-su-aportacion-a-las-ayudas-a-la-vivienda\/#mainImage"},"datePublished":"2013-09-25T19:45:18+02:00","dateModified":"2013-09-25T19:45:18+02:00"},{"@type":"WebSite","@id":"https:\/\/www.eldigitaldeasturias.com\/noticias\/#website","url":"https:\/\/www.eldigitaldeasturias.com\/noticias\/","name":"El Digital de Asturias - Diario de actualidad y noticias","alternateName":"El Digital de Asturias - Diario de actualidad y noticias","description":"Hemeroteca","inLanguage":"es-ES","publisher":{"@id":"https:\/\/www.eldigitaldeasturias.com\/noticias\/#organization"}}]},"og:locale":"es_ES","og:site_name":"El Digital de Asturias","og:type":"article","og:title":"Avil\u00e9s : El PP acusa al Principado de reducir en un 40% su aportaci\u00f3n a las ayudas a la vivienda - El Digital de Asturias","og:description":"AVIL\u00c9S\/OVIEDO, 25 Sep. (EUROPA PRESS) - El portavoz del PP en el Ayuntamiento de Avil\u00e9s, Constantino \u00c1lvarez, ha acusado este mi\u00e9rcoles a la consejer\u00eda de Bienestar Social de haber reducido en un 40% su aportaci\u00f3n a las ayudas a la vivienda. En declaraciones a Europa Press ha apuntado que &quot;en 2011 cont\u00e1bamos con m\u00e1s de 400.000","og:url":"https:\/\/www.eldigitaldeasturias.com\/noticias\/aviles-el-pp-acusa-al-principado-de-reducir-en-un-40-su-aportacion-a-las-ayudas-a-la-vivienda\/","article:tag":["actualidad asturias"],"article:published_time":"2013-09-25T19:45:18+00:00","article:modified_time":"2013-09-25T19:45:18+00:00","article:publisher":"https:\/\/facebook.com\/eldigitaldeasturias","twitter:card":"summary_large_image","twitter:title":"Avil\u00e9s : El PP acusa al Principado de reducir en un 40% su aportaci\u00f3n a las ayudas a la vivienda - El Digital de Asturias","twitter:description":"AVIL\u00c9S\/OVIEDO, 25 Sep. (EUROPA PRESS) - El portavoz del PP en el Ayuntamiento de Avil\u00e9s, Constantino \u00c1lvarez, ha acusado este mi\u00e9rcoles a la consejer\u00eda de Bienestar Social de haber reducido en un 40% su aportaci\u00f3n a las ayudas a la vivienda. En declaraciones a Europa Press ha apuntado que &quot;en 2011 cont\u00e1bamos con m\u00e1s de 400.000","twitter:label1":"Escrito por","twitter:data1":"El Digital de Asturias","twitter:label2":"Tiempo de lectura estimado","twitter:data2":"1 minuto"},"aioseo_meta_data":{"post_id":"3086","title":null,"description":null,"keywords":null,"keyphrases":null,"primary_term":null,"canonical_url":null,"og_title":null,"og_description":null,"og_object_type":"default","og_image_type":"default","og_image_url":null,"og_image_width":null,"og_image_height":null,"og_image_custom_url":null,"og_image_custom_fields":null,"og_video":null,"og_custom_url":null,"og_article_section":null,"og_article_tags":null,"twitter_use_og":true,"twitter_card":"default","twitter_image_type":"default","twitter_image_url":null,"twitter_image_custom_url":null,"twitter_image_custom_fields":null,"twitter_title":null,"twitter_description":null,"schema":{"blockGraphs":[],"customGraphs":[],"default":{"data":{"Article":[],"Course":[],"Dataset":[],"FAQPage":[],"Movie":[],"Person":[],"Product":[],"ProductReview":[],"Car":[],"Recipe":[],"Service":[],"SoftwareApplication":[],"WebPage":[]},"graphName":"","isEnabled":true},"graphs":[],"defaultGraph":"","defaultPostTypeGraph":""},"schema_type":null,"schema_type_options":null,"pillar_content":false,"robots_default":true,"robots_noindex":false,"robots_noarchive":false,"robots_nosnippet":false,"robots_nofollow":false,"robots_noimageindex":false,"robots_noodp":false,"robots_notranslate":false,"robots_max_snippet":null,"robots_max_videopreview":null,"robots_max_imagepreview":"none","priority":null,"frequency":null,"local_seo":null,"seo_analyzer_scan_date":"2025-08-21 05:42:52","breadcrumb_settings":null,"limit_modified_date":false,"open_ai":null,"ai":null,"created":"2020-11-14 22:37:00","updated":"2025-08-21 05:42:52"},"aioseo_breadcrumb":"<div class=\"aioseo-breadcrumbs\"><span class=\"aioseo-breadcrumb\">\n\t<a href=\"https:\/\/www.eldigitaldeasturias.com\/noticias\" title=\"Home\">Home<\/a>\n<\/span><span class=\"aioseo-breadcrumb-separator\">\u2013<\/span><span class=\"aioseo-breadcrumb\">\n\t<a href=\"https:\/\/www.eldigitaldeasturias.com\/noticias\/category\/actualidad-asturias\/\" title=\"Actualidad Asturias\">Actualidad Asturias<\/a>\n<\/span><span class=\"aioseo-breadcrumb-separator\">\u2013<\/span><span class=\"aioseo-breadcrumb\">\n\t<a href=\"https:\/\/www.eldigitaldeasturias.com\/noticias\/aviles-el-pp-acusa-al-principado-de-reducir-en-un-40-su-aportacion-a-las-ayudas-a-la-vivienda\/\" title=\"Avil\u00e9s : El PP acusa al Principado de reducir en un 40% su aportaci\u00f3n a las ayudas a la vivienda\">Avil\u00e9s : El PP acusa al Principado de reducir en un 40% su aportaci\u00f3n a las ayudas a la vivienda<\/a>\n<\/span><\/div>","aioseo_breadcrumb_json":[{"label":"Home","link":"https:\/\/www.eldigitaldeasturias.com\/noticias"},{"label":"Actualidad Asturias","link":"https:\/\/www.eldigitaldeasturias.com\/noticias\/category\/actualidad-asturias\/"},{"label":"Avil\u00e9s : El PP acusa al Principado de reducir en un 40% su aportaci\u00f3n a las ayudas a la vivienda","link":"https:\/\/www.eldigitaldeasturias.com\/noticias\/aviles-el-pp-acusa-al-principado-de-reducir-en-un-40-su-aportacion-a-las-ayudas-a-la-vivienda\/"}],"_links":{"self":[{"href":"https:\/\/www.eldigitaldeasturias.com\/noticias\/wp-json\/wp\/v2\/posts\/3086","targetHints":{"allow":["GET"]}}],"collection":[{"href":"https:\/\/www.eldigitaldeasturias.com\/noticias\/wp-json\/wp\/v2\/posts"}],"about":[{"href":"https:\/\/www.eldigitaldeasturias.com\/noticias\/wp-json\/wp\/v2\/types\/post"}],"author":[{"embeddable":true,"href":"https:\/\/www.eldigitaldeasturias.com\/noticias\/wp-json\/wp\/v2\/users\/1"}],"replies":[{"embeddable":true,"href":"https:\/\/www.eldigitaldeasturias.com\/noticias\/wp-json\/wp\/v2\/comments?post=3086"}],"version-history":[{"count":0,"href":"https:\/\/www.eldigitaldeasturias.com\/noticias\/wp-json\/wp\/v2\/posts\/3086\/revisions"}],"wp:featuredmedia":[{"embeddable":true,"href":"https:\/\/www.eldigitaldeasturias.com\/noticias\/wp-json\/"}],"wp:attachment":[{"href":"https:\/\/www.eldigitaldeasturias.com\/noticias\/wp-json\/wp\/v2\/media?parent=3086"}],"wp:term":[{"taxonomy":"category","embeddable":true,"href":"https:\/\/www.eldigitaldeasturias.com\/noticias\/wp-json\/wp\/v2\/categories?post=3086"},{"taxonomy":"post_tag","embeddable":true,"href":"https:\/\/www.eldigitaldeasturias.com\/noticias\/wp-json\/wp\/v2\/tags?post=3086"}],"curies":[{"name":"wp","href":"https:\/\/api.w.org\/{rel}","templated":true}]}}