{"id":3083,"date":"2013-09-25T19:43:20","date_gmt":"2013-09-25T19:43:20","guid":{"rendered":"http:\/\/www.eldigitaldeasturias.com\/noticias\/?p=3083"},"modified":"2013-09-25T19:43:52","modified_gmt":"2013-09-25T19:43:52","slug":"gijon-la-ii-noche-blanca-ofrecera-multiples-espacios-y-propuestas","status":"publish","type":"post","link":"https:\/\/www.eldigitaldeasturias.com\/noticias\/gijon-la-ii-noche-blanca-ofrecera-multiples-espacios-y-propuestas\/","title":{"rendered":"Gij\u00f3n : La II Noche Blanca ofrecer\u00e1 m\u00faltiples espacios y propuestas"},"content":{"rendered":"<p><img loading=\"lazy\" decoding=\"async\" class=\"alignleft size-medium wp-image-805\" alt=\"gijon\" src=\"https:\/\/www.eldigitaldeasturias.com\/noticias\/wp-content\/uploads\/2013\/09\/gijon1-360x270.jpg\" width=\"360\" height=\"270\" \/>GIJ\u00d3N, 25 Sep. (EUROPA PRESS) &#8211; La II Noche Blanca ofrecer\u00e1, de la tarde de este viernes a la madrugada del s\u00e1bado, m\u00faltiples espacios y propuestas, desde conciertos, exposiciones, cuentacuentos, teatro, magia, degustaciones culinarias y proyecciones audiovisuales y sonoras, entre otras.<\/p>\n<p>As\u00ed lo ha presentado este mi\u00e9rcoles en el Centro de Cultura Antiguo Instituto (CCAI) el concejal de Educaci\u00f3n y Cultura, Carlos Rubiera (Foro), acompa\u00f1ado de representantes de las diferentes galer\u00edas y entidades participantes.<\/p>\n<p>Rubiera ha destacado que esta segunda edici\u00f3n \u00abva a mayores\u00bb, con una galer\u00eda m\u00e1s, &#8216;La Salita&#8217;. Asimismo, ha destacado el esfuerzo realizado para mantener abiertos los espacios culturales y art\u00edsticos de la ciudad por parte de las entidades privadas. Para \u00e9l, las instituciones por si mismas no podr\u00edan hacer cultura ni mantenerla viva, por lo que ha puesto de ejemplo de colaboraci\u00f3n p\u00fablico-privada este evento.<\/p>\n<p>En total ser\u00e1n once las galer\u00edas participantes, a las que hay que sumar el CCAI, las Termas Romanas de Campo Vald\u00e9s, la Casa Natal de Jovellanos y LABoral Centro de Arte y Creaci\u00f3n Industrial. Este \u00faltimo, por ejemplo, ofrecer\u00e1 un \u00abpaisaje cultural\u00bb de las Cuencas Mineras a trav\u00e9s de la arquitectura y la visi\u00f3n de diferentes artistas.<\/p>\n","protected":false},"excerpt":{"rendered":"<p>GIJ\u00d3N, 25 Sep. (EUROPA PRESS) &#8211; La II Noche Blanca ofrecer\u00e1, de la tarde de este viernes a la madrugada del s\u00e1bado, m\u00faltiples espacios y propuestas, desde conciertos, exposiciones, cuentacuentos, teatro, magia, degustaciones culinarias y proyecciones audiovisuales y sonoras, entre otras. As\u00ed lo ha presentado este mi\u00e9rcoles en el Centro de Cultura Antiguo Instituto (CCAI) [&hellip;]<\/p>\n","protected":false},"author":1,"featured_media":805,"comment_status":"open","ping_status":"open","sticky":false,"template":"","format":"standard","meta":{"footnotes":""},"categories":[2],"tags":[],"class_list":["post-3083","post","type-post","status-publish","format-standard","has-post-thumbnail","hentry","category-agenda"],"aioseo_notices":[],"aioseo_head":"\n\t\t<!-- All in One SEO Pro 4.9.6.2 - aioseo.com -->\n\t<meta name=\"description\" content=\"GIJ\u00d3N, 25 Sep. (EUROPA PRESS) - La II Noche Blanca ofrecer\u00e1, de la tarde de este viernes a la madrugada del s\u00e1bado, m\u00faltiples espacios y propuestas, desde conciertos, exposiciones, cuentacuentos, teatro, magia, degustaciones culinarias y proyecciones audiovisuales y sonoras, entre otras. As\u00ed lo ha presentado este mi\u00e9rcoles en el Centro de Cultura Antiguo Instituto (CCAI)\" \/>\n\t<meta name=\"robots\" content=\"max-image-preview:large\" \/>\n\t<meta name=\"author\" content=\"El Digital de Asturias\"\/>\n\t<meta name=\"google-site-verification\" content=\"UA-38556648-1\" \/>\n\t<meta name=\"msvalidate.01\" content=\"7dfe9f3f1b24437ab69f4f2559babe99\" \/>\n\t<meta name=\"keywords\" content=\"agenda\" \/>\n\t<link rel=\"canonical\" href=\"https:\/\/www.eldigitaldeasturias.com\/noticias\/gijon-la-ii-noche-blanca-ofrecera-multiples-espacios-y-propuestas\/\" \/>\n\t<meta name=\"generator\" content=\"All in One SEO Pro (AIOSEO) 4.9.6.2\" \/>\n\t\t<meta property=\"og:locale\" content=\"es_ES\" \/>\n\t\t<meta property=\"og:site_name\" content=\"El Digital de Asturias\" \/>\n\t\t<meta property=\"og:type\" content=\"article\" \/>\n\t\t<meta property=\"og:title\" content=\"Gij\u00f3n : La II Noche Blanca ofrecer\u00e1 m\u00faltiples espacios y propuestas - El Digital de Asturias\" \/>\n\t\t<meta property=\"og:description\" content=\"GIJ\u00d3N, 25 Sep. (EUROPA PRESS) - La II Noche Blanca ofrecer\u00e1, de la tarde de este viernes a la madrugada del s\u00e1bado, m\u00faltiples espacios y propuestas, desde conciertos, exposiciones, cuentacuentos, teatro, magia, degustaciones culinarias y proyecciones audiovisuales y sonoras, entre otras. As\u00ed lo ha presentado este mi\u00e9rcoles en el Centro de Cultura Antiguo Instituto (CCAI)\" \/>\n\t\t<meta property=\"og:url\" content=\"https:\/\/www.eldigitaldeasturias.com\/noticias\/gijon-la-ii-noche-blanca-ofrecera-multiples-espacios-y-propuestas\/\" \/>\n\t\t<meta property=\"og:image\" content=\"https:\/\/www.eldigitaldeasturias.com\/noticias\/wp-content\/uploads\/2013\/09\/gijon1.jpg\" \/>\n\t\t<meta property=\"og:image:secure_url\" content=\"https:\/\/www.eldigitaldeasturias.com\/noticias\/wp-content\/uploads\/2013\/09\/gijon1.jpg\" \/>\n\t\t<meta property=\"article:tag\" content=\"agenda\" \/>\n\t\t<meta property=\"article:published_time\" content=\"2013-09-25T19:43:20+00:00\" \/>\n\t\t<meta property=\"article:modified_time\" content=\"2013-09-25T19:43:52+00:00\" \/>\n\t\t<meta property=\"article:publisher\" content=\"https:\/\/facebook.com\/eldigitaldeasturias\" \/>\n\t\t<meta name=\"twitter:card\" content=\"summary_large_image\" \/>\n\t\t<meta name=\"twitter:title\" content=\"Gij\u00f3n : La II Noche Blanca ofrecer\u00e1 m\u00faltiples espacios y propuestas - El Digital de Asturias\" \/>\n\t\t<meta name=\"twitter:description\" content=\"GIJ\u00d3N, 25 Sep. (EUROPA PRESS) - La II Noche Blanca ofrecer\u00e1, de la tarde de este viernes a la madrugada del s\u00e1bado, m\u00faltiples espacios y propuestas, desde conciertos, exposiciones, cuentacuentos, teatro, magia, degustaciones culinarias y proyecciones audiovisuales y sonoras, entre otras. As\u00ed lo ha presentado este mi\u00e9rcoles en el Centro de Cultura Antiguo Instituto (CCAI)\" \/>\n\t\t<meta name=\"twitter:image\" content=\"https:\/\/www.eldigitaldeasturias.com\/noticias\/wp-content\/uploads\/2013\/09\/gijon1.jpg\" \/>\n\t\t<meta name=\"twitter:label1\" content=\"Escrito por\" \/>\n\t\t<meta name=\"twitter:data1\" content=\"El Digital de Asturias\" \/>\n\t\t<meta name=\"twitter:label2\" content=\"Tiempo de lectura estimado\" \/>\n\t\t<meta name=\"twitter:data2\" content=\"1 minuto\" \/>\n\t\t<script type=\"application\/ld+json\" class=\"aioseo-schema\">\n\t\t\t{\"@context\":\"https:\\\/\\\/schema.org\",\"@graph\":[{\"@type\":\"BlogPosting\",\"@id\":\"https:\\\/\\\/www.eldigitaldeasturias.com\\\/noticias\\\/gijon-la-ii-noche-blanca-ofrecera-multiples-espacios-y-propuestas\\\/#blogposting\",\"name\":\"Gij\\u00f3n : La II Noche Blanca ofrecer\\u00e1 m\\u00faltiples espacios y propuestas - El Digital de Asturias\",\"headline\":\"Gij\\u00f3n : La II Noche Blanca ofrecer\\u00e1 m\\u00faltiples espacios y propuestas\",\"author\":{\"@id\":\"https:\\\/\\\/www.eldigitaldeasturias.com\\\/noticias\\\/author\\\/admin\\\/#author\"},\"publisher\":{\"@id\":\"https:\\\/\\\/www.eldigitaldeasturias.com\\\/noticias\\\/#organization\"},\"image\":{\"@type\":\"ImageObject\",\"url\":\"https:\\\/\\\/www.eldigitaldeasturias.com\\\/noticias\\\/wp-content\\\/uploads\\\/2013\\\/09\\\/gijon1.jpg\"},\"datePublished\":\"2013-09-25T19:43:20+02:00\",\"dateModified\":\"2013-09-25T19:43:52+02:00\",\"inLanguage\":\"es-ES\",\"mainEntityOfPage\":{\"@id\":\"https:\\\/\\\/www.eldigitaldeasturias.com\\\/noticias\\\/gijon-la-ii-noche-blanca-ofrecera-multiples-espacios-y-propuestas\\\/#webpage\"},\"isPartOf\":{\"@id\":\"https:\\\/\\\/www.eldigitaldeasturias.com\\\/noticias\\\/gijon-la-ii-noche-blanca-ofrecera-multiples-espacios-y-propuestas\\\/#webpage\"},\"articleSection\":\"Agenda\"},{\"@type\":\"BreadcrumbList\",\"@id\":\"https:\\\/\\\/www.eldigitaldeasturias.com\\\/noticias\\\/gijon-la-ii-noche-blanca-ofrecera-multiples-espacios-y-propuestas\\\/#breadcrumblist\",\"itemListElement\":[{\"@type\":\"ListItem\",\"@id\":\"https:\\\/\\\/www.eldigitaldeasturias.com\\\/noticias#listItem\",\"position\":1,\"name\":\"Home\",\"item\":\"https:\\\/\\\/www.eldigitaldeasturias.com\\\/noticias\",\"nextItem\":{\"@type\":\"ListItem\",\"@id\":\"https:\\\/\\\/www.eldigitaldeasturias.com\\\/noticias\\\/category\\\/agenda\\\/#listItem\",\"name\":\"Agenda\"}},{\"@type\":\"ListItem\",\"@id\":\"https:\\\/\\\/www.eldigitaldeasturias.com\\\/noticias\\\/category\\\/agenda\\\/#listItem\",\"position\":2,\"name\":\"Agenda\",\"item\":\"https:\\\/\\\/www.eldigitaldeasturias.com\\\/noticias\\\/category\\\/agenda\\\/\",\"nextItem\":{\"@type\":\"ListItem\",\"@id\":\"https:\\\/\\\/www.eldigitaldeasturias.com\\\/noticias\\\/gijon-la-ii-noche-blanca-ofrecera-multiples-espacios-y-propuestas\\\/#listItem\",\"name\":\"Gij\\u00f3n : La II Noche Blanca ofrecer\\u00e1 m\\u00faltiples espacios y propuestas\"},\"previousItem\":{\"@type\":\"ListItem\",\"@id\":\"https:\\\/\\\/www.eldigitaldeasturias.com\\\/noticias#listItem\",\"name\":\"Home\"}},{\"@type\":\"ListItem\",\"@id\":\"https:\\\/\\\/www.eldigitaldeasturias.com\\\/noticias\\\/gijon-la-ii-noche-blanca-ofrecera-multiples-espacios-y-propuestas\\\/#listItem\",\"position\":3,\"name\":\"Gij\\u00f3n : La II Noche Blanca ofrecer\\u00e1 m\\u00faltiples espacios y propuestas\",\"previousItem\":{\"@type\":\"ListItem\",\"@id\":\"https:\\\/\\\/www.eldigitaldeasturias.com\\\/noticias\\\/category\\\/agenda\\\/#listItem\",\"name\":\"Agenda\"}}]},{\"@type\":\"Organization\",\"@id\":\"https:\\\/\\\/www.eldigitaldeasturias.com\\\/noticias\\\/#organization\",\"name\":\"El Digital de Asturias\",\"description\":\"Hemeroteca\",\"url\":\"https:\\\/\\\/www.eldigitaldeasturias.com\\\/noticias\\\/\",\"email\":\"info@eldigitaldeasturias.com\",\"telephone\":\"+34652131393\",\"logo\":{\"@type\":\"ImageObject\",\"url\":\"https:\\\/\\\/www.eldigitaldeasturias.com\\\/noticias\\\/wp-content\\\/uploads\\\/2020\\\/12\\\/EDA.jpg\",\"@id\":\"https:\\\/\\\/www.eldigitaldeasturias.com\\\/noticias\\\/gijon-la-ii-noche-blanca-ofrecera-multiples-espacios-y-propuestas\\\/#organizationLogo\",\"width\":649,\"height\":297},\"image\":{\"@id\":\"https:\\\/\\\/www.eldigitaldeasturias.com\\\/noticias\\\/gijon-la-ii-noche-blanca-ofrecera-multiples-espacios-y-propuestas\\\/#organizationLogo\"},\"sameAs\":[\"https:\\\/\\\/facebook.com\\\/eldigitaldeasturias\",\"https:\\\/\\\/www.youtube.com\\\/channel\\\/UCZP-2wLEB9Rv6erhFmqVnvg\"],\"address\":{\"@id\":\"https:\\\/\\\/www.eldigitaldeasturias.com\\\/noticias\\\/#postaladdress\",\"@type\":\"PostalAddress\",\"streetAddress\":\"san antonio 4,\",\"postalCode\":\"33430\",\"addressLocality\":\"Cand\\u00e1s\",\"addressRegion\":\"Asturias\",\"addressCountry\":\"ES\"}},{\"@type\":\"Person\",\"@id\":\"https:\\\/\\\/www.eldigitaldeasturias.com\\\/noticias\\\/author\\\/admin\\\/#author\",\"url\":\"https:\\\/\\\/www.eldigitaldeasturias.com\\\/noticias\\\/author\\\/admin\\\/\",\"name\":\"El Digital de Asturias\",\"image\":{\"@type\":\"ImageObject\",\"@id\":\"https:\\\/\\\/www.eldigitaldeasturias.com\\\/noticias\\\/gijon-la-ii-noche-blanca-ofrecera-multiples-espacios-y-propuestas\\\/#authorImage\",\"url\":\"https:\\\/\\\/www.eldigitaldeasturias.com\\\/noticias\\\/wp-content\\\/litespeed\\\/avatar\\\/18677e78aa0546b92d9dbf31ec7d7668.jpg?ver=1777290358\",\"width\":96,\"height\":96,\"caption\":\"El Digital de Asturias\"}},{\"@type\":\"WebPage\",\"@id\":\"https:\\\/\\\/www.eldigitaldeasturias.com\\\/noticias\\\/gijon-la-ii-noche-blanca-ofrecera-multiples-espacios-y-propuestas\\\/#webpage\",\"url\":\"https:\\\/\\\/www.eldigitaldeasturias.com\\\/noticias\\\/gijon-la-ii-noche-blanca-ofrecera-multiples-espacios-y-propuestas\\\/\",\"name\":\"Gij\\u00f3n : La II Noche Blanca ofrecer\\u00e1 m\\u00faltiples espacios y propuestas - El Digital de Asturias\",\"description\":\"GIJ\\u00d3N, 25 Sep. (EUROPA PRESS) - La II Noche Blanca ofrecer\\u00e1, de la tarde de este viernes a la madrugada del s\\u00e1bado, m\\u00faltiples espacios y propuestas, desde conciertos, exposiciones, cuentacuentos, teatro, magia, degustaciones culinarias y proyecciones audiovisuales y sonoras, entre otras. As\\u00ed lo ha presentado este mi\\u00e9rcoles en el Centro de Cultura Antiguo Instituto (CCAI)\",\"inLanguage\":\"es-ES\",\"isPartOf\":{\"@id\":\"https:\\\/\\\/www.eldigitaldeasturias.com\\\/noticias\\\/#website\"},\"breadcrumb\":{\"@id\":\"https:\\\/\\\/www.eldigitaldeasturias.com\\\/noticias\\\/gijon-la-ii-noche-blanca-ofrecera-multiples-espacios-y-propuestas\\\/#breadcrumblist\"},\"author\":{\"@id\":\"https:\\\/\\\/www.eldigitaldeasturias.com\\\/noticias\\\/author\\\/admin\\\/#author\"},\"creator\":{\"@id\":\"https:\\\/\\\/www.eldigitaldeasturias.com\\\/noticias\\\/author\\\/admin\\\/#author\"},\"image\":{\"@type\":\"ImageObject\",\"url\":\"https:\\\/\\\/www.eldigitaldeasturias.com\\\/noticias\\\/wp-content\\\/uploads\\\/2013\\\/09\\\/gijon1.jpg\",\"@id\":\"https:\\\/\\\/www.eldigitaldeasturias.com\\\/noticias\\\/gijon-la-ii-noche-blanca-ofrecera-multiples-espacios-y-propuestas\\\/#mainImage\"},\"primaryImageOfPage\":{\"@id\":\"https:\\\/\\\/www.eldigitaldeasturias.com\\\/noticias\\\/gijon-la-ii-noche-blanca-ofrecera-multiples-espacios-y-propuestas\\\/#mainImage\"},\"datePublished\":\"2013-09-25T19:43:20+02:00\",\"dateModified\":\"2013-09-25T19:43:52+02:00\"},{\"@type\":\"WebSite\",\"@id\":\"https:\\\/\\\/www.eldigitaldeasturias.com\\\/noticias\\\/#website\",\"url\":\"https:\\\/\\\/www.eldigitaldeasturias.com\\\/noticias\\\/\",\"name\":\"El Digital de Asturias - Diario de actualidad y noticias\",\"alternateName\":\"El Digital de Asturias - Diario de actualidad y noticias\",\"description\":\"Hemeroteca\",\"inLanguage\":\"es-ES\",\"publisher\":{\"@id\":\"https:\\\/\\\/www.eldigitaldeasturias.com\\\/noticias\\\/#organization\"}}]}\n\t\t<\/script>\n\t\t<!-- All in One SEO Pro -->\r\n\t\t<title>Gij\u00f3n : La II Noche Blanca ofrecer\u00e1 m\u00faltiples espacios y propuestas - El Digital de Asturias<\/title>\n\n","aioseo_head_json":{"title":"Gij\u00f3n : La II Noche Blanca ofrecer\u00e1 m\u00faltiples espacios y propuestas - El Digital de Asturias","description":"GIJ\u00d3N, 25 Sep. (EUROPA PRESS) - La II Noche Blanca ofrecer\u00e1, de la tarde de este viernes a la madrugada del s\u00e1bado, m\u00faltiples espacios y propuestas, desde conciertos, exposiciones, cuentacuentos, teatro, magia, degustaciones culinarias y proyecciones audiovisuales y sonoras, entre otras. As\u00ed lo ha presentado este mi\u00e9rcoles en el Centro de Cultura Antiguo Instituto (CCAI)","canonical_url":"https:\/\/www.eldigitaldeasturias.com\/noticias\/gijon-la-ii-noche-blanca-ofrecera-multiples-espacios-y-propuestas\/","robots":"max-image-preview:large","keywords":"agenda","webmasterTools":{"google-site-verification":"UA-38556648-1","msvalidate.01":"7dfe9f3f1b24437ab69f4f2559babe99","miscellaneous":""},"schema":{"@context":"https:\/\/schema.org","@graph":[{"@type":"BlogPosting","@id":"https:\/\/www.eldigitaldeasturias.com\/noticias\/gijon-la-ii-noche-blanca-ofrecera-multiples-espacios-y-propuestas\/#blogposting","name":"Gij\u00f3n : La II Noche Blanca ofrecer\u00e1 m\u00faltiples espacios y propuestas - El Digital de Asturias","headline":"Gij\u00f3n : La II Noche Blanca ofrecer\u00e1 m\u00faltiples espacios y propuestas","author":{"@id":"https:\/\/www.eldigitaldeasturias.com\/noticias\/author\/admin\/#author"},"publisher":{"@id":"https:\/\/www.eldigitaldeasturias.com\/noticias\/#organization"},"image":{"@type":"ImageObject","url":"https:\/\/www.eldigitaldeasturias.com\/noticias\/wp-content\/uploads\/2013\/09\/gijon1.jpg"},"datePublished":"2013-09-25T19:43:20+02:00","dateModified":"2013-09-25T19:43:52+02:00","inLanguage":"es-ES","mainEntityOfPage":{"@id":"https:\/\/www.eldigitaldeasturias.com\/noticias\/gijon-la-ii-noche-blanca-ofrecera-multiples-espacios-y-propuestas\/#webpage"},"isPartOf":{"@id":"https:\/\/www.eldigitaldeasturias.com\/noticias\/gijon-la-ii-noche-blanca-ofrecera-multiples-espacios-y-propuestas\/#webpage"},"articleSection":"Agenda"},{"@type":"BreadcrumbList","@id":"https:\/\/www.eldigitaldeasturias.com\/noticias\/gijon-la-ii-noche-blanca-ofrecera-multiples-espacios-y-propuestas\/#breadcrumblist","itemListElement":[{"@type":"ListItem","@id":"https:\/\/www.eldigitaldeasturias.com\/noticias#listItem","position":1,"name":"Home","item":"https:\/\/www.eldigitaldeasturias.com\/noticias","nextItem":{"@type":"ListItem","@id":"https:\/\/www.eldigitaldeasturias.com\/noticias\/category\/agenda\/#listItem","name":"Agenda"}},{"@type":"ListItem","@id":"https:\/\/www.eldigitaldeasturias.com\/noticias\/category\/agenda\/#listItem","position":2,"name":"Agenda","item":"https:\/\/www.eldigitaldeasturias.com\/noticias\/category\/agenda\/","nextItem":{"@type":"ListItem","@id":"https:\/\/www.eldigitaldeasturias.com\/noticias\/gijon-la-ii-noche-blanca-ofrecera-multiples-espacios-y-propuestas\/#listItem","name":"Gij\u00f3n : La II Noche Blanca ofrecer\u00e1 m\u00faltiples espacios y propuestas"},"previousItem":{"@type":"ListItem","@id":"https:\/\/www.eldigitaldeasturias.com\/noticias#listItem","name":"Home"}},{"@type":"ListItem","@id":"https:\/\/www.eldigitaldeasturias.com\/noticias\/gijon-la-ii-noche-blanca-ofrecera-multiples-espacios-y-propuestas\/#listItem","position":3,"name":"Gij\u00f3n : La II Noche Blanca ofrecer\u00e1 m\u00faltiples espacios y propuestas","previousItem":{"@type":"ListItem","@id":"https:\/\/www.eldigitaldeasturias.com\/noticias\/category\/agenda\/#listItem","name":"Agenda"}}]},{"@type":"Organization","@id":"https:\/\/www.eldigitaldeasturias.com\/noticias\/#organization","name":"El Digital de Asturias","description":"Hemeroteca","url":"https:\/\/www.eldigitaldeasturias.com\/noticias\/","email":"info@eldigitaldeasturias.com","telephone":"+34652131393","logo":{"@type":"ImageObject","url":"https:\/\/www.eldigitaldeasturias.com\/noticias\/wp-content\/uploads\/2020\/12\/EDA.jpg","@id":"https:\/\/www.eldigitaldeasturias.com\/noticias\/gijon-la-ii-noche-blanca-ofrecera-multiples-espacios-y-propuestas\/#organizationLogo","width":649,"height":297},"image":{"@id":"https:\/\/www.eldigitaldeasturias.com\/noticias\/gijon-la-ii-noche-blanca-ofrecera-multiples-espacios-y-propuestas\/#organizationLogo"},"sameAs":["https:\/\/facebook.com\/eldigitaldeasturias","https:\/\/www.youtube.com\/channel\/UCZP-2wLEB9Rv6erhFmqVnvg"],"address":{"@id":"https:\/\/www.eldigitaldeasturias.com\/noticias\/#postaladdress","@type":"PostalAddress","streetAddress":"san antonio 4,","postalCode":"33430","addressLocality":"Cand\u00e1s","addressRegion":"Asturias","addressCountry":"ES"}},{"@type":"Person","@id":"https:\/\/www.eldigitaldeasturias.com\/noticias\/author\/admin\/#author","url":"https:\/\/www.eldigitaldeasturias.com\/noticias\/author\/admin\/","name":"El Digital de Asturias","image":{"@type":"ImageObject","@id":"https:\/\/www.eldigitaldeasturias.com\/noticias\/gijon-la-ii-noche-blanca-ofrecera-multiples-espacios-y-propuestas\/#authorImage","url":"https:\/\/www.eldigitaldeasturias.com\/noticias\/wp-content\/litespeed\/avatar\/18677e78aa0546b92d9dbf31ec7d7668.jpg?ver=1777290358","width":96,"height":96,"caption":"El Digital de Asturias"}},{"@type":"WebPage","@id":"https:\/\/www.eldigitaldeasturias.com\/noticias\/gijon-la-ii-noche-blanca-ofrecera-multiples-espacios-y-propuestas\/#webpage","url":"https:\/\/www.eldigitaldeasturias.com\/noticias\/gijon-la-ii-noche-blanca-ofrecera-multiples-espacios-y-propuestas\/","name":"Gij\u00f3n : La II Noche Blanca ofrecer\u00e1 m\u00faltiples espacios y propuestas - El Digital de Asturias","description":"GIJ\u00d3N, 25 Sep. (EUROPA PRESS) - La II Noche Blanca ofrecer\u00e1, de la tarde de este viernes a la madrugada del s\u00e1bado, m\u00faltiples espacios y propuestas, desde conciertos, exposiciones, cuentacuentos, teatro, magia, degustaciones culinarias y proyecciones audiovisuales y sonoras, entre otras. As\u00ed lo ha presentado este mi\u00e9rcoles en el Centro de Cultura Antiguo Instituto (CCAI)","inLanguage":"es-ES","isPartOf":{"@id":"https:\/\/www.eldigitaldeasturias.com\/noticias\/#website"},"breadcrumb":{"@id":"https:\/\/www.eldigitaldeasturias.com\/noticias\/gijon-la-ii-noche-blanca-ofrecera-multiples-espacios-y-propuestas\/#breadcrumblist"},"author":{"@id":"https:\/\/www.eldigitaldeasturias.com\/noticias\/author\/admin\/#author"},"creator":{"@id":"https:\/\/www.eldigitaldeasturias.com\/noticias\/author\/admin\/#author"},"image":{"@type":"ImageObject","url":"https:\/\/www.eldigitaldeasturias.com\/noticias\/wp-content\/uploads\/2013\/09\/gijon1.jpg","@id":"https:\/\/www.eldigitaldeasturias.com\/noticias\/gijon-la-ii-noche-blanca-ofrecera-multiples-espacios-y-propuestas\/#mainImage"},"primaryImageOfPage":{"@id":"https:\/\/www.eldigitaldeasturias.com\/noticias\/gijon-la-ii-noche-blanca-ofrecera-multiples-espacios-y-propuestas\/#mainImage"},"datePublished":"2013-09-25T19:43:20+02:00","dateModified":"2013-09-25T19:43:52+02:00"},{"@type":"WebSite","@id":"https:\/\/www.eldigitaldeasturias.com\/noticias\/#website","url":"https:\/\/www.eldigitaldeasturias.com\/noticias\/","name":"El Digital de Asturias - Diario de actualidad y noticias","alternateName":"El Digital de Asturias - Diario de actualidad y noticias","description":"Hemeroteca","inLanguage":"es-ES","publisher":{"@id":"https:\/\/www.eldigitaldeasturias.com\/noticias\/#organization"}}]},"og:locale":"es_ES","og:site_name":"El Digital de Asturias","og:type":"article","og:title":"Gij\u00f3n : La II Noche Blanca ofrecer\u00e1 m\u00faltiples espacios y propuestas - El Digital de Asturias","og:description":"GIJ\u00d3N, 25 Sep. (EUROPA PRESS) - La II Noche Blanca ofrecer\u00e1, de la tarde de este viernes a la madrugada del s\u00e1bado, m\u00faltiples espacios y propuestas, desde conciertos, exposiciones, cuentacuentos, teatro, magia, degustaciones culinarias y proyecciones audiovisuales y sonoras, entre otras. As\u00ed lo ha presentado este mi\u00e9rcoles en el Centro de Cultura Antiguo Instituto (CCAI)","og:url":"https:\/\/www.eldigitaldeasturias.com\/noticias\/gijon-la-ii-noche-blanca-ofrecera-multiples-espacios-y-propuestas\/","og:image":"https:\/\/www.eldigitaldeasturias.com\/noticias\/wp-content\/uploads\/2013\/09\/gijon1.jpg","og:image:secure_url":"https:\/\/www.eldigitaldeasturias.com\/noticias\/wp-content\/uploads\/2013\/09\/gijon1.jpg","article:tag":["agenda"],"article:published_time":"2013-09-25T19:43:20+00:00","article:modified_time":"2013-09-25T19:43:52+00:00","article:publisher":"https:\/\/facebook.com\/eldigitaldeasturias","twitter:card":"summary_large_image","twitter:title":"Gij\u00f3n : La II Noche Blanca ofrecer\u00e1 m\u00faltiples espacios y propuestas - El Digital de Asturias","twitter:description":"GIJ\u00d3N, 25 Sep. (EUROPA PRESS) - La II Noche Blanca ofrecer\u00e1, de la tarde de este viernes a la madrugada del s\u00e1bado, m\u00faltiples espacios y propuestas, desde conciertos, exposiciones, cuentacuentos, teatro, magia, degustaciones culinarias y proyecciones audiovisuales y sonoras, entre otras. As\u00ed lo ha presentado este mi\u00e9rcoles en el Centro de Cultura Antiguo Instituto (CCAI)","twitter:image":"https:\/\/www.eldigitaldeasturias.com\/noticias\/wp-content\/uploads\/2013\/09\/gijon1.jpg","twitter:label1":"Escrito por","twitter:data1":"El Digital de Asturias","twitter:label2":"Tiempo de lectura estimado","twitter:data2":"1 minuto"},"aioseo_meta_data":{"post_id":"3083","title":null,"description":null,"keywords":null,"keyphrases":null,"primary_term":null,"canonical_url":null,"og_title":null,"og_description":null,"og_object_type":"default","og_image_type":"default","og_image_url":null,"og_image_width":null,"og_image_height":null,"og_image_custom_url":null,"og_image_custom_fields":null,"og_video":null,"og_custom_url":null,"og_article_section":null,"og_article_tags":null,"twitter_use_og":true,"twitter_card":"default","twitter_image_type":"default","twitter_image_url":null,"twitter_image_custom_url":null,"twitter_image_custom_fields":null,"twitter_title":null,"twitter_description":null,"schema":{"blockGraphs":[],"customGraphs":[],"default":{"data":{"Article":[],"Course":[],"Dataset":[],"FAQPage":[],"Movie":[],"Person":[],"Product":[],"ProductReview":[],"Car":[],"Recipe":[],"Service":[],"SoftwareApplication":[],"WebPage":[]},"graphName":"","isEnabled":true},"graphs":[],"defaultGraph":"","defaultPostTypeGraph":""},"schema_type":null,"schema_type_options":null,"pillar_content":false,"robots_default":true,"robots_noindex":false,"robots_noarchive":false,"robots_nosnippet":false,"robots_nofollow":false,"robots_noimageindex":false,"robots_noodp":false,"robots_notranslate":false,"robots_max_snippet":null,"robots_max_videopreview":null,"robots_max_imagepreview":"none","priority":null,"frequency":null,"local_seo":null,"seo_analyzer_scan_date":"2025-08-21 05:42:51","breadcrumb_settings":null,"limit_modified_date":false,"open_ai":null,"ai":null,"created":"2020-11-14 22:37:00","updated":"2025-08-21 05:42:51"},"aioseo_breadcrumb":"<div class=\"aioseo-breadcrumbs\"><span class=\"aioseo-breadcrumb\">\n\t<a href=\"https:\/\/www.eldigitaldeasturias.com\/noticias\" title=\"Home\">Home<\/a>\n<\/span><span class=\"aioseo-breadcrumb-separator\">\u2013<\/span><span class=\"aioseo-breadcrumb\">\n\t<a href=\"https:\/\/www.eldigitaldeasturias.com\/noticias\/category\/agenda\/\" title=\"Agenda\">Agenda<\/a>\n<\/span><span class=\"aioseo-breadcrumb-separator\">\u2013<\/span><span class=\"aioseo-breadcrumb\">\n\t<a href=\"https:\/\/www.eldigitaldeasturias.com\/noticias\/gijon-la-ii-noche-blanca-ofrecera-multiples-espacios-y-propuestas\/\" title=\"Gij\u00f3n : La II Noche Blanca ofrecer\u00e1 m\u00faltiples espacios y propuestas\">Gij\u00f3n : La II Noche Blanca ofrecer\u00e1 m\u00faltiples espacios y propuestas<\/a>\n<\/span><\/div>","aioseo_breadcrumb_json":[{"label":"Home","link":"https:\/\/www.eldigitaldeasturias.com\/noticias"},{"label":"Agenda","link":"https:\/\/www.eldigitaldeasturias.com\/noticias\/category\/agenda\/"},{"label":"Gij\u00f3n : La II Noche Blanca ofrecer\u00e1 m\u00faltiples espacios y propuestas","link":"https:\/\/www.eldigitaldeasturias.com\/noticias\/gijon-la-ii-noche-blanca-ofrecera-multiples-espacios-y-propuestas\/"}],"_links":{"self":[{"href":"https:\/\/www.eldigitaldeasturias.com\/noticias\/wp-json\/wp\/v2\/posts\/3083","targetHints":{"allow":["GET"]}}],"collection":[{"href":"https:\/\/www.eldigitaldeasturias.com\/noticias\/wp-json\/wp\/v2\/posts"}],"about":[{"href":"https:\/\/www.eldigitaldeasturias.com\/noticias\/wp-json\/wp\/v2\/types\/post"}],"author":[{"embeddable":true,"href":"https:\/\/www.eldigitaldeasturias.com\/noticias\/wp-json\/wp\/v2\/users\/1"}],"replies":[{"embeddable":true,"href":"https:\/\/www.eldigitaldeasturias.com\/noticias\/wp-json\/wp\/v2\/comments?post=3083"}],"version-history":[{"count":0,"href":"https:\/\/www.eldigitaldeasturias.com\/noticias\/wp-json\/wp\/v2\/posts\/3083\/revisions"}],"wp:featuredmedia":[{"embeddable":true,"href":"https:\/\/www.eldigitaldeasturias.com\/noticias\/wp-json\/wp\/v2\/media\/805"}],"wp:attachment":[{"href":"https:\/\/www.eldigitaldeasturias.com\/noticias\/wp-json\/wp\/v2\/media?parent=3083"}],"wp:term":[{"taxonomy":"category","embeddable":true,"href":"https:\/\/www.eldigitaldeasturias.com\/noticias\/wp-json\/wp\/v2\/categories?post=3083"},{"taxonomy":"post_tag","embeddable":true,"href":"https:\/\/www.eldigitaldeasturias.com\/noticias\/wp-json\/wp\/v2\/tags?post=3083"}],"curies":[{"name":"wp","href":"https:\/\/api.w.org\/{rel}","templated":true}]}}