{"id":3080,"date":"2013-09-25T19:37:16","date_gmt":"2013-09-25T19:37:16","guid":{"rendered":"http:\/\/www.eldigitaldeasturias.com\/noticias\/?p=3080"},"modified":"2013-09-25T19:37:16","modified_gmt":"2013-09-25T19:37:16","slug":"los-ayuntamientos-asturianos-podran-contratar-a-660-parados-de-larga-duracion","status":"publish","type":"post","link":"https:\/\/www.eldigitaldeasturias.com\/noticias\/los-ayuntamientos-asturianos-podran-contratar-a-660-parados-de-larga-duracion\/","title":{"rendered":"Los Ayuntamientos asturianos podr\u00e1n contratar a 660 parados de larga duraci\u00f3n"},"content":{"rendered":"<p><img loading=\"lazy\" decoding=\"async\" class=\"alignleft size-medium wp-image-3081\" alt=\"paro\" src=\"https:\/\/www.eldigitaldeasturias.com\/noticias\/wp-content\/uploads\/2013\/09\/paro-360x240.jpg\" width=\"360\" height=\"240\" \/>OVIEDO, 25 Sep. (EUROPA PRESS) &#8211;\u00a0Los Ayuntamientos asturianos podr\u00e1n contratar a 660 parados de larga duraci\u00f3n a trav\u00e9s de un programa complementario a los Planes Locales de Empleo que prev\u00e9 poner en marcha pr\u00f3ximamente el Gobierno del Principado de Asturias.<\/p>\n<p>Seg\u00fan indican desde la Federaci\u00f3n Asturiana de Concejos (FACC) en nota de prensa, dichos contratos tendr\u00e1 una duraci\u00f3n de cuatro meses -del 1 de noviembre de 2013 al 28 de febrero de 2014&#8211; y se sumar\u00e1n a las 1.700 contrataciones efectuadas ya por los Ayuntamientos a trav\u00e9s de los planes de empleo locales y del programa de pr\u00e1cticas no laborales para j\u00f3venes incluidos en el Acuerdo por el Empleo y el Progreso de Asturias (2013-2015).<\/p>\n<p>Las bases de esta iniciativa, que dispondr\u00e1 de un presupuesto superior a los tres millones de euros, garantiza que cada Consistorio pueda efectuar al menos un contrataci\u00f3n, mientras que el resto se distribuir\u00e1n proporcionalmente de acuerdo al n\u00famero de personas desempleadas en cada concejo. En esta convocatoria destaca igualmente que los Ayuntamientos podr\u00e1n realizar la selecci\u00f3n de los beneficiarios a partir de las listas de reservas de los planes locales de empleo actualmente en marcha, dicen desde la FACC.<\/p>\n<p>Para el presidente de la Federaci\u00f3n Asturiana de Concejos (FACC), Ignacio Garc\u00eda Palacios, \u00abel paro constituye hoy la primera preocupaci\u00f3n de los municipalistas y, en especial, la situaci\u00f3n por la que atraviesan los desempleados de larga duraci\u00f3n\u00bb. \u00abPor este motivo creemos muy oportuna la iniciativa que est\u00e1 preparando el Principado, que permitir\u00e1 a los Ayuntamientos contratar a 660 personas desempleadas de larga duraci\u00f3n, a las que se podr\u00e1 ofrecer un alivio moment\u00e1neo en su muy dif\u00edcil situaci\u00f3n\u00bb, a\u00f1ade.<\/p>\n<p>El presidente de la FACC no duda que los Ayuntamientos asturianos \u00abvolver\u00e1n a contribuir decisivamente con su participaci\u00f3n en el \u00e9xito de esta iniciativa\u00bb. Garc\u00eda Palacios record\u00f3 que, en el momento actual, \u00abestos programas de empleo tienen una enorme demanda social, como pudimos comprobar durante los procesos de selecci\u00f3n de los Planes Locales de Empleo, con muchos miles de solicitudes presentadas\u00bb.<\/p>\n<p>Ignacio Garc\u00eda Palacios ha incidido en el hecho de que los Ayuntamientos puedan seleccionar a los beneficiarios entre los integrantes de las bolsas de reservas generadas a partir de las recientes pruebas de selecci\u00f3n de los Planes Locales de Empleo. \u00abEsta medida evitar\u00e1 tener que hacer frente a nuevos procesos de selecci\u00f3n y los problemas que se generaron en numerosos Ayuntamientos a la hora de gestionar las miles de solicitudes presentadas y las multitudinarias pruebas selectivas que debieron convocarse\u00bb, ha dicho.<\/p>\n","protected":false},"excerpt":{"rendered":"<p>OVIEDO, 25 Sep. (EUROPA PRESS) &#8211;\u00a0Los Ayuntamientos asturianos podr\u00e1n contratar a 660 parados de larga duraci\u00f3n a trav\u00e9s de un programa complementario a los Planes Locales de Empleo que prev\u00e9 poner en marcha pr\u00f3ximamente el Gobierno del Principado de Asturias. Seg\u00fan indican desde la Federaci\u00f3n Asturiana de Concejos (FACC) en nota de prensa, dichos contratos [&hellip;]<\/p>\n","protected":false},"author":1,"featured_media":3081,"comment_status":"open","ping_status":"open","sticky":false,"template":"","format":"standard","meta":{"footnotes":""},"categories":[12],"tags":[],"class_list":["post-3080","post","type-post","status-publish","format-standard","has-post-thumbnail","hentry","category-actualidad-asturias"],"aioseo_notices":[],"aioseo_head":"\n\t\t<!-- All in One SEO Pro 4.9.6.2 - aioseo.com -->\n\t<meta name=\"description\" content=\"OVIEDO, 25 Sep. (EUROPA PRESS) - Los Ayuntamientos asturianos podr\u00e1n contratar a 660 parados de larga duraci\u00f3n a trav\u00e9s de un programa complementario a los Planes Locales de Empleo que prev\u00e9 poner en marcha pr\u00f3ximamente el Gobierno del Principado de Asturias. Seg\u00fan indican desde la Federaci\u00f3n Asturiana de Concejos (FACC) en nota de prensa, dichos contratos\" \/>\n\t<meta name=\"robots\" content=\"max-image-preview:large\" \/>\n\t<meta name=\"author\" content=\"El Digital de Asturias\"\/>\n\t<meta name=\"google-site-verification\" content=\"UA-38556648-1\" \/>\n\t<meta name=\"msvalidate.01\" content=\"7dfe9f3f1b24437ab69f4f2559babe99\" \/>\n\t<meta name=\"keywords\" content=\"actualidad asturias\" \/>\n\t<link rel=\"canonical\" href=\"https:\/\/www.eldigitaldeasturias.com\/noticias\/los-ayuntamientos-asturianos-podran-contratar-a-660-parados-de-larga-duracion\/\" \/>\n\t<meta name=\"generator\" content=\"All in One SEO Pro (AIOSEO) 4.9.6.2\" \/>\n\t\t<meta property=\"og:locale\" content=\"es_ES\" \/>\n\t\t<meta property=\"og:site_name\" content=\"El Digital de Asturias\" \/>\n\t\t<meta property=\"og:type\" content=\"article\" \/>\n\t\t<meta property=\"og:title\" content=\"Los Ayuntamientos asturianos podr\u00e1n contratar a 660 parados de larga duraci\u00f3n - El Digital de Asturias\" \/>\n\t\t<meta property=\"og:description\" content=\"OVIEDO, 25 Sep. (EUROPA PRESS) - Los Ayuntamientos asturianos podr\u00e1n contratar a 660 parados de larga duraci\u00f3n a trav\u00e9s de un programa complementario a los Planes Locales de Empleo que prev\u00e9 poner en marcha pr\u00f3ximamente el Gobierno del Principado de Asturias. Seg\u00fan indican desde la Federaci\u00f3n Asturiana de Concejos (FACC) en nota de prensa, dichos contratos\" \/>\n\t\t<meta property=\"og:url\" content=\"https:\/\/www.eldigitaldeasturias.com\/noticias\/los-ayuntamientos-asturianos-podran-contratar-a-660-parados-de-larga-duracion\/\" \/>\n\t\t<meta property=\"article:tag\" content=\"actualidad asturias\" \/>\n\t\t<meta property=\"article:published_time\" content=\"2013-09-25T19:37:16+00:00\" \/>\n\t\t<meta property=\"article:modified_time\" content=\"2013-09-25T19:37:16+00:00\" \/>\n\t\t<meta property=\"article:publisher\" content=\"https:\/\/facebook.com\/eldigitaldeasturias\" \/>\n\t\t<meta name=\"twitter:card\" content=\"summary_large_image\" \/>\n\t\t<meta name=\"twitter:title\" content=\"Los Ayuntamientos asturianos podr\u00e1n contratar a 660 parados de larga duraci\u00f3n - El Digital de Asturias\" \/>\n\t\t<meta name=\"twitter:description\" content=\"OVIEDO, 25 Sep. (EUROPA PRESS) - Los Ayuntamientos asturianos podr\u00e1n contratar a 660 parados de larga duraci\u00f3n a trav\u00e9s de un programa complementario a los Planes Locales de Empleo que prev\u00e9 poner en marcha pr\u00f3ximamente el Gobierno del Principado de Asturias. Seg\u00fan indican desde la Federaci\u00f3n Asturiana de Concejos (FACC) en nota de prensa, dichos contratos\" \/>\n\t\t<meta name=\"twitter:label1\" content=\"Escrito por\" \/>\n\t\t<meta name=\"twitter:data1\" content=\"El Digital de Asturias\" \/>\n\t\t<meta name=\"twitter:label2\" content=\"Tiempo de lectura estimado\" \/>\n\t\t<meta name=\"twitter:data2\" content=\"2 minutos\" \/>\n\t\t<script type=\"application\/ld+json\" class=\"aioseo-schema\">\n\t\t\t{\"@context\":\"https:\\\/\\\/schema.org\",\"@graph\":[{\"@type\":\"BlogPosting\",\"@id\":\"https:\\\/\\\/www.eldigitaldeasturias.com\\\/noticias\\\/los-ayuntamientos-asturianos-podran-contratar-a-660-parados-de-larga-duracion\\\/#blogposting\",\"name\":\"Los Ayuntamientos asturianos podr\\u00e1n contratar a 660 parados de larga duraci\\u00f3n - El Digital de Asturias\",\"headline\":\"Los Ayuntamientos asturianos podr\\u00e1n contratar a 660 parados de larga duraci\\u00f3n\",\"author\":{\"@id\":\"https:\\\/\\\/www.eldigitaldeasturias.com\\\/noticias\\\/author\\\/admin\\\/#author\"},\"publisher\":{\"@id\":\"https:\\\/\\\/www.eldigitaldeasturias.com\\\/noticias\\\/#organization\"},\"image\":{\"@type\":\"ImageObject\",\"url\":3081},\"datePublished\":\"2013-09-25T19:37:16+02:00\",\"dateModified\":\"2013-09-25T19:37:16+02:00\",\"inLanguage\":\"es-ES\",\"mainEntityOfPage\":{\"@id\":\"https:\\\/\\\/www.eldigitaldeasturias.com\\\/noticias\\\/los-ayuntamientos-asturianos-podran-contratar-a-660-parados-de-larga-duracion\\\/#webpage\"},\"isPartOf\":{\"@id\":\"https:\\\/\\\/www.eldigitaldeasturias.com\\\/noticias\\\/los-ayuntamientos-asturianos-podran-contratar-a-660-parados-de-larga-duracion\\\/#webpage\"},\"articleSection\":\"Actualidad Asturias\"},{\"@type\":\"BreadcrumbList\",\"@id\":\"https:\\\/\\\/www.eldigitaldeasturias.com\\\/noticias\\\/los-ayuntamientos-asturianos-podran-contratar-a-660-parados-de-larga-duracion\\\/#breadcrumblist\",\"itemListElement\":[{\"@type\":\"ListItem\",\"@id\":\"https:\\\/\\\/www.eldigitaldeasturias.com\\\/noticias#listItem\",\"position\":1,\"name\":\"Home\",\"item\":\"https:\\\/\\\/www.eldigitaldeasturias.com\\\/noticias\",\"nextItem\":{\"@type\":\"ListItem\",\"@id\":\"https:\\\/\\\/www.eldigitaldeasturias.com\\\/noticias\\\/category\\\/actualidad-asturias\\\/#listItem\",\"name\":\"Actualidad Asturias\"}},{\"@type\":\"ListItem\",\"@id\":\"https:\\\/\\\/www.eldigitaldeasturias.com\\\/noticias\\\/category\\\/actualidad-asturias\\\/#listItem\",\"position\":2,\"name\":\"Actualidad Asturias\",\"item\":\"https:\\\/\\\/www.eldigitaldeasturias.com\\\/noticias\\\/category\\\/actualidad-asturias\\\/\",\"nextItem\":{\"@type\":\"ListItem\",\"@id\":\"https:\\\/\\\/www.eldigitaldeasturias.com\\\/noticias\\\/los-ayuntamientos-asturianos-podran-contratar-a-660-parados-de-larga-duracion\\\/#listItem\",\"name\":\"Los Ayuntamientos asturianos podr\\u00e1n contratar a 660 parados de larga duraci\\u00f3n\"},\"previousItem\":{\"@type\":\"ListItem\",\"@id\":\"https:\\\/\\\/www.eldigitaldeasturias.com\\\/noticias#listItem\",\"name\":\"Home\"}},{\"@type\":\"ListItem\",\"@id\":\"https:\\\/\\\/www.eldigitaldeasturias.com\\\/noticias\\\/los-ayuntamientos-asturianos-podran-contratar-a-660-parados-de-larga-duracion\\\/#listItem\",\"position\":3,\"name\":\"Los Ayuntamientos asturianos podr\\u00e1n contratar a 660 parados de larga duraci\\u00f3n\",\"previousItem\":{\"@type\":\"ListItem\",\"@id\":\"https:\\\/\\\/www.eldigitaldeasturias.com\\\/noticias\\\/category\\\/actualidad-asturias\\\/#listItem\",\"name\":\"Actualidad Asturias\"}}]},{\"@type\":\"Organization\",\"@id\":\"https:\\\/\\\/www.eldigitaldeasturias.com\\\/noticias\\\/#organization\",\"name\":\"El Digital de Asturias\",\"description\":\"Hemeroteca\",\"url\":\"https:\\\/\\\/www.eldigitaldeasturias.com\\\/noticias\\\/\",\"email\":\"info@eldigitaldeasturias.com\",\"telephone\":\"+34652131393\",\"logo\":{\"@type\":\"ImageObject\",\"url\":\"https:\\\/\\\/www.eldigitaldeasturias.com\\\/noticias\\\/wp-content\\\/uploads\\\/2020\\\/12\\\/EDA.jpg\",\"@id\":\"https:\\\/\\\/www.eldigitaldeasturias.com\\\/noticias\\\/los-ayuntamientos-asturianos-podran-contratar-a-660-parados-de-larga-duracion\\\/#organizationLogo\",\"width\":649,\"height\":297},\"image\":{\"@id\":\"https:\\\/\\\/www.eldigitaldeasturias.com\\\/noticias\\\/los-ayuntamientos-asturianos-podran-contratar-a-660-parados-de-larga-duracion\\\/#organizationLogo\"},\"sameAs\":[\"https:\\\/\\\/facebook.com\\\/eldigitaldeasturias\",\"https:\\\/\\\/www.youtube.com\\\/channel\\\/UCZP-2wLEB9Rv6erhFmqVnvg\"],\"address\":{\"@id\":\"https:\\\/\\\/www.eldigitaldeasturias.com\\\/noticias\\\/#postaladdress\",\"@type\":\"PostalAddress\",\"streetAddress\":\"san antonio 4,\",\"postalCode\":\"33430\",\"addressLocality\":\"Cand\\u00e1s\",\"addressRegion\":\"Asturias\",\"addressCountry\":\"ES\"}},{\"@type\":\"Person\",\"@id\":\"https:\\\/\\\/www.eldigitaldeasturias.com\\\/noticias\\\/author\\\/admin\\\/#author\",\"url\":\"https:\\\/\\\/www.eldigitaldeasturias.com\\\/noticias\\\/author\\\/admin\\\/\",\"name\":\"El Digital de Asturias\",\"image\":{\"@type\":\"ImageObject\",\"@id\":\"https:\\\/\\\/www.eldigitaldeasturias.com\\\/noticias\\\/los-ayuntamientos-asturianos-podran-contratar-a-660-parados-de-larga-duracion\\\/#authorImage\",\"url\":\"https:\\\/\\\/www.eldigitaldeasturias.com\\\/noticias\\\/wp-content\\\/litespeed\\\/avatar\\\/18677e78aa0546b92d9dbf31ec7d7668.jpg?ver=1777290358\",\"width\":96,\"height\":96,\"caption\":\"El Digital de Asturias\"}},{\"@type\":\"WebPage\",\"@id\":\"https:\\\/\\\/www.eldigitaldeasturias.com\\\/noticias\\\/los-ayuntamientos-asturianos-podran-contratar-a-660-parados-de-larga-duracion\\\/#webpage\",\"url\":\"https:\\\/\\\/www.eldigitaldeasturias.com\\\/noticias\\\/los-ayuntamientos-asturianos-podran-contratar-a-660-parados-de-larga-duracion\\\/\",\"name\":\"Los Ayuntamientos asturianos podr\\u00e1n contratar a 660 parados de larga duraci\\u00f3n - El Digital de Asturias\",\"description\":\"OVIEDO, 25 Sep. (EUROPA PRESS) - Los Ayuntamientos asturianos podr\\u00e1n contratar a 660 parados de larga duraci\\u00f3n a trav\\u00e9s de un programa complementario a los Planes Locales de Empleo que prev\\u00e9 poner en marcha pr\\u00f3ximamente el Gobierno del Principado de Asturias. Seg\\u00fan indican desde la Federaci\\u00f3n Asturiana de Concejos (FACC) en nota de prensa, dichos contratos\",\"inLanguage\":\"es-ES\",\"isPartOf\":{\"@id\":\"https:\\\/\\\/www.eldigitaldeasturias.com\\\/noticias\\\/#website\"},\"breadcrumb\":{\"@id\":\"https:\\\/\\\/www.eldigitaldeasturias.com\\\/noticias\\\/los-ayuntamientos-asturianos-podran-contratar-a-660-parados-de-larga-duracion\\\/#breadcrumblist\"},\"author\":{\"@id\":\"https:\\\/\\\/www.eldigitaldeasturias.com\\\/noticias\\\/author\\\/admin\\\/#author\"},\"creator\":{\"@id\":\"https:\\\/\\\/www.eldigitaldeasturias.com\\\/noticias\\\/author\\\/admin\\\/#author\"},\"image\":{\"@type\":\"ImageObject\",\"url\":3081,\"@id\":\"https:\\\/\\\/www.eldigitaldeasturias.com\\\/noticias\\\/los-ayuntamientos-asturianos-podran-contratar-a-660-parados-de-larga-duracion\\\/#mainImage\"},\"primaryImageOfPage\":{\"@id\":\"https:\\\/\\\/www.eldigitaldeasturias.com\\\/noticias\\\/los-ayuntamientos-asturianos-podran-contratar-a-660-parados-de-larga-duracion\\\/#mainImage\"},\"datePublished\":\"2013-09-25T19:37:16+02:00\",\"dateModified\":\"2013-09-25T19:37:16+02:00\"},{\"@type\":\"WebSite\",\"@id\":\"https:\\\/\\\/www.eldigitaldeasturias.com\\\/noticias\\\/#website\",\"url\":\"https:\\\/\\\/www.eldigitaldeasturias.com\\\/noticias\\\/\",\"name\":\"El Digital de Asturias - Diario de actualidad y noticias\",\"alternateName\":\"El Digital de Asturias - Diario de actualidad y noticias\",\"description\":\"Hemeroteca\",\"inLanguage\":\"es-ES\",\"publisher\":{\"@id\":\"https:\\\/\\\/www.eldigitaldeasturias.com\\\/noticias\\\/#organization\"}}]}\n\t\t<\/script>\n\t\t<!-- All in One SEO Pro -->\r\n\t\t<title>Los Ayuntamientos asturianos podr\u00e1n contratar a 660 parados de larga duraci\u00f3n - El Digital de Asturias<\/title>\n\n","aioseo_head_json":{"title":"Los Ayuntamientos asturianos podr\u00e1n contratar a 660 parados de larga duraci\u00f3n - El Digital de Asturias","description":"OVIEDO, 25 Sep. (EUROPA PRESS) - Los Ayuntamientos asturianos podr\u00e1n contratar a 660 parados de larga duraci\u00f3n a trav\u00e9s de un programa complementario a los Planes Locales de Empleo que prev\u00e9 poner en marcha pr\u00f3ximamente el Gobierno del Principado de Asturias. Seg\u00fan indican desde la Federaci\u00f3n Asturiana de Concejos (FACC) en nota de prensa, dichos contratos","canonical_url":"https:\/\/www.eldigitaldeasturias.com\/noticias\/los-ayuntamientos-asturianos-podran-contratar-a-660-parados-de-larga-duracion\/","robots":"max-image-preview:large","keywords":"actualidad asturias","webmasterTools":{"google-site-verification":"UA-38556648-1","msvalidate.01":"7dfe9f3f1b24437ab69f4f2559babe99","miscellaneous":""},"schema":{"@context":"https:\/\/schema.org","@graph":[{"@type":"BlogPosting","@id":"https:\/\/www.eldigitaldeasturias.com\/noticias\/los-ayuntamientos-asturianos-podran-contratar-a-660-parados-de-larga-duracion\/#blogposting","name":"Los Ayuntamientos asturianos podr\u00e1n contratar a 660 parados de larga duraci\u00f3n - El Digital de Asturias","headline":"Los Ayuntamientos asturianos podr\u00e1n contratar a 660 parados de larga duraci\u00f3n","author":{"@id":"https:\/\/www.eldigitaldeasturias.com\/noticias\/author\/admin\/#author"},"publisher":{"@id":"https:\/\/www.eldigitaldeasturias.com\/noticias\/#organization"},"image":{"@type":"ImageObject","url":3081},"datePublished":"2013-09-25T19:37:16+02:00","dateModified":"2013-09-25T19:37:16+02:00","inLanguage":"es-ES","mainEntityOfPage":{"@id":"https:\/\/www.eldigitaldeasturias.com\/noticias\/los-ayuntamientos-asturianos-podran-contratar-a-660-parados-de-larga-duracion\/#webpage"},"isPartOf":{"@id":"https:\/\/www.eldigitaldeasturias.com\/noticias\/los-ayuntamientos-asturianos-podran-contratar-a-660-parados-de-larga-duracion\/#webpage"},"articleSection":"Actualidad Asturias"},{"@type":"BreadcrumbList","@id":"https:\/\/www.eldigitaldeasturias.com\/noticias\/los-ayuntamientos-asturianos-podran-contratar-a-660-parados-de-larga-duracion\/#breadcrumblist","itemListElement":[{"@type":"ListItem","@id":"https:\/\/www.eldigitaldeasturias.com\/noticias#listItem","position":1,"name":"Home","item":"https:\/\/www.eldigitaldeasturias.com\/noticias","nextItem":{"@type":"ListItem","@id":"https:\/\/www.eldigitaldeasturias.com\/noticias\/category\/actualidad-asturias\/#listItem","name":"Actualidad Asturias"}},{"@type":"ListItem","@id":"https:\/\/www.eldigitaldeasturias.com\/noticias\/category\/actualidad-asturias\/#listItem","position":2,"name":"Actualidad Asturias","item":"https:\/\/www.eldigitaldeasturias.com\/noticias\/category\/actualidad-asturias\/","nextItem":{"@type":"ListItem","@id":"https:\/\/www.eldigitaldeasturias.com\/noticias\/los-ayuntamientos-asturianos-podran-contratar-a-660-parados-de-larga-duracion\/#listItem","name":"Los Ayuntamientos asturianos podr\u00e1n contratar a 660 parados de larga duraci\u00f3n"},"previousItem":{"@type":"ListItem","@id":"https:\/\/www.eldigitaldeasturias.com\/noticias#listItem","name":"Home"}},{"@type":"ListItem","@id":"https:\/\/www.eldigitaldeasturias.com\/noticias\/los-ayuntamientos-asturianos-podran-contratar-a-660-parados-de-larga-duracion\/#listItem","position":3,"name":"Los Ayuntamientos asturianos podr\u00e1n contratar a 660 parados de larga duraci\u00f3n","previousItem":{"@type":"ListItem","@id":"https:\/\/www.eldigitaldeasturias.com\/noticias\/category\/actualidad-asturias\/#listItem","name":"Actualidad Asturias"}}]},{"@type":"Organization","@id":"https:\/\/www.eldigitaldeasturias.com\/noticias\/#organization","name":"El Digital de Asturias","description":"Hemeroteca","url":"https:\/\/www.eldigitaldeasturias.com\/noticias\/","email":"info@eldigitaldeasturias.com","telephone":"+34652131393","logo":{"@type":"ImageObject","url":"https:\/\/www.eldigitaldeasturias.com\/noticias\/wp-content\/uploads\/2020\/12\/EDA.jpg","@id":"https:\/\/www.eldigitaldeasturias.com\/noticias\/los-ayuntamientos-asturianos-podran-contratar-a-660-parados-de-larga-duracion\/#organizationLogo","width":649,"height":297},"image":{"@id":"https:\/\/www.eldigitaldeasturias.com\/noticias\/los-ayuntamientos-asturianos-podran-contratar-a-660-parados-de-larga-duracion\/#organizationLogo"},"sameAs":["https:\/\/facebook.com\/eldigitaldeasturias","https:\/\/www.youtube.com\/channel\/UCZP-2wLEB9Rv6erhFmqVnvg"],"address":{"@id":"https:\/\/www.eldigitaldeasturias.com\/noticias\/#postaladdress","@type":"PostalAddress","streetAddress":"san antonio 4,","postalCode":"33430","addressLocality":"Cand\u00e1s","addressRegion":"Asturias","addressCountry":"ES"}},{"@type":"Person","@id":"https:\/\/www.eldigitaldeasturias.com\/noticias\/author\/admin\/#author","url":"https:\/\/www.eldigitaldeasturias.com\/noticias\/author\/admin\/","name":"El Digital de Asturias","image":{"@type":"ImageObject","@id":"https:\/\/www.eldigitaldeasturias.com\/noticias\/los-ayuntamientos-asturianos-podran-contratar-a-660-parados-de-larga-duracion\/#authorImage","url":"https:\/\/www.eldigitaldeasturias.com\/noticias\/wp-content\/litespeed\/avatar\/18677e78aa0546b92d9dbf31ec7d7668.jpg?ver=1777290358","width":96,"height":96,"caption":"El Digital de Asturias"}},{"@type":"WebPage","@id":"https:\/\/www.eldigitaldeasturias.com\/noticias\/los-ayuntamientos-asturianos-podran-contratar-a-660-parados-de-larga-duracion\/#webpage","url":"https:\/\/www.eldigitaldeasturias.com\/noticias\/los-ayuntamientos-asturianos-podran-contratar-a-660-parados-de-larga-duracion\/","name":"Los Ayuntamientos asturianos podr\u00e1n contratar a 660 parados de larga duraci\u00f3n - El Digital de Asturias","description":"OVIEDO, 25 Sep. (EUROPA PRESS) - Los Ayuntamientos asturianos podr\u00e1n contratar a 660 parados de larga duraci\u00f3n a trav\u00e9s de un programa complementario a los Planes Locales de Empleo que prev\u00e9 poner en marcha pr\u00f3ximamente el Gobierno del Principado de Asturias. Seg\u00fan indican desde la Federaci\u00f3n Asturiana de Concejos (FACC) en nota de prensa, dichos contratos","inLanguage":"es-ES","isPartOf":{"@id":"https:\/\/www.eldigitaldeasturias.com\/noticias\/#website"},"breadcrumb":{"@id":"https:\/\/www.eldigitaldeasturias.com\/noticias\/los-ayuntamientos-asturianos-podran-contratar-a-660-parados-de-larga-duracion\/#breadcrumblist"},"author":{"@id":"https:\/\/www.eldigitaldeasturias.com\/noticias\/author\/admin\/#author"},"creator":{"@id":"https:\/\/www.eldigitaldeasturias.com\/noticias\/author\/admin\/#author"},"image":{"@type":"ImageObject","url":3081,"@id":"https:\/\/www.eldigitaldeasturias.com\/noticias\/los-ayuntamientos-asturianos-podran-contratar-a-660-parados-de-larga-duracion\/#mainImage"},"primaryImageOfPage":{"@id":"https:\/\/www.eldigitaldeasturias.com\/noticias\/los-ayuntamientos-asturianos-podran-contratar-a-660-parados-de-larga-duracion\/#mainImage"},"datePublished":"2013-09-25T19:37:16+02:00","dateModified":"2013-09-25T19:37:16+02:00"},{"@type":"WebSite","@id":"https:\/\/www.eldigitaldeasturias.com\/noticias\/#website","url":"https:\/\/www.eldigitaldeasturias.com\/noticias\/","name":"El Digital de Asturias - Diario de actualidad y noticias","alternateName":"El Digital de Asturias - Diario de actualidad y noticias","description":"Hemeroteca","inLanguage":"es-ES","publisher":{"@id":"https:\/\/www.eldigitaldeasturias.com\/noticias\/#organization"}}]},"og:locale":"es_ES","og:site_name":"El Digital de Asturias","og:type":"article","og:title":"Los Ayuntamientos asturianos podr\u00e1n contratar a 660 parados de larga duraci\u00f3n - El Digital de Asturias","og:description":"OVIEDO, 25 Sep. (EUROPA PRESS) - Los Ayuntamientos asturianos podr\u00e1n contratar a 660 parados de larga duraci\u00f3n a trav\u00e9s de un programa complementario a los Planes Locales de Empleo que prev\u00e9 poner en marcha pr\u00f3ximamente el Gobierno del Principado de Asturias. Seg\u00fan indican desde la Federaci\u00f3n Asturiana de Concejos (FACC) en nota de prensa, dichos contratos","og:url":"https:\/\/www.eldigitaldeasturias.com\/noticias\/los-ayuntamientos-asturianos-podran-contratar-a-660-parados-de-larga-duracion\/","article:tag":["actualidad asturias"],"article:published_time":"2013-09-25T19:37:16+00:00","article:modified_time":"2013-09-25T19:37:16+00:00","article:publisher":"https:\/\/facebook.com\/eldigitaldeasturias","twitter:card":"summary_large_image","twitter:title":"Los Ayuntamientos asturianos podr\u00e1n contratar a 660 parados de larga duraci\u00f3n - El Digital de Asturias","twitter:description":"OVIEDO, 25 Sep. (EUROPA PRESS) - Los Ayuntamientos asturianos podr\u00e1n contratar a 660 parados de larga duraci\u00f3n a trav\u00e9s de un programa complementario a los Planes Locales de Empleo que prev\u00e9 poner en marcha pr\u00f3ximamente el Gobierno del Principado de Asturias. Seg\u00fan indican desde la Federaci\u00f3n Asturiana de Concejos (FACC) en nota de prensa, dichos contratos","twitter:label1":"Escrito por","twitter:data1":"El Digital de Asturias","twitter:label2":"Tiempo de lectura estimado","twitter:data2":"2 minutos"},"aioseo_meta_data":{"post_id":"3080","title":null,"description":null,"keywords":null,"keyphrases":null,"primary_term":null,"canonical_url":null,"og_title":null,"og_description":null,"og_object_type":"default","og_image_type":"default","og_image_url":null,"og_image_width":null,"og_image_height":null,"og_image_custom_url":null,"og_image_custom_fields":null,"og_video":null,"og_custom_url":null,"og_article_section":null,"og_article_tags":null,"twitter_use_og":true,"twitter_card":"default","twitter_image_type":"default","twitter_image_url":null,"twitter_image_custom_url":null,"twitter_image_custom_fields":null,"twitter_title":null,"twitter_description":null,"schema":{"blockGraphs":[],"customGraphs":[],"default":{"data":{"Article":[],"Course":[],"Dataset":[],"FAQPage":[],"Movie":[],"Person":[],"Product":[],"ProductReview":[],"Car":[],"Recipe":[],"Service":[],"SoftwareApplication":[],"WebPage":[]},"graphName":"","isEnabled":true},"graphs":[],"defaultGraph":"","defaultPostTypeGraph":""},"schema_type":null,"schema_type_options":null,"pillar_content":false,"robots_default":true,"robots_noindex":false,"robots_noarchive":false,"robots_nosnippet":false,"robots_nofollow":false,"robots_noimageindex":false,"robots_noodp":false,"robots_notranslate":false,"robots_max_snippet":null,"robots_max_videopreview":null,"robots_max_imagepreview":"none","priority":null,"frequency":null,"local_seo":null,"seo_analyzer_scan_date":"2025-08-21 05:40:53","breadcrumb_settings":null,"limit_modified_date":false,"open_ai":null,"ai":null,"created":"2020-11-14 22:37:00","updated":"2025-08-21 05:40:53"},"aioseo_breadcrumb":"<div class=\"aioseo-breadcrumbs\"><span class=\"aioseo-breadcrumb\">\n\t<a href=\"https:\/\/www.eldigitaldeasturias.com\/noticias\" title=\"Home\">Home<\/a>\n<\/span><span class=\"aioseo-breadcrumb-separator\">\u2013<\/span><span class=\"aioseo-breadcrumb\">\n\t<a href=\"https:\/\/www.eldigitaldeasturias.com\/noticias\/category\/actualidad-asturias\/\" title=\"Actualidad Asturias\">Actualidad Asturias<\/a>\n<\/span><span class=\"aioseo-breadcrumb-separator\">\u2013<\/span><span class=\"aioseo-breadcrumb\">\n\t<a href=\"https:\/\/www.eldigitaldeasturias.com\/noticias\/los-ayuntamientos-asturianos-podran-contratar-a-660-parados-de-larga-duracion\/\" title=\"Los Ayuntamientos asturianos podr\u00e1n contratar a 660 parados de larga duraci\u00f3n\">Los Ayuntamientos asturianos podr\u00e1n contratar a 660 parados de larga duraci\u00f3n<\/a>\n<\/span><\/div>","aioseo_breadcrumb_json":[{"label":"Home","link":"https:\/\/www.eldigitaldeasturias.com\/noticias"},{"label":"Actualidad Asturias","link":"https:\/\/www.eldigitaldeasturias.com\/noticias\/category\/actualidad-asturias\/"},{"label":"Los Ayuntamientos asturianos podr\u00e1n contratar a 660 parados de larga duraci\u00f3n","link":"https:\/\/www.eldigitaldeasturias.com\/noticias\/los-ayuntamientos-asturianos-podran-contratar-a-660-parados-de-larga-duracion\/"}],"_links":{"self":[{"href":"https:\/\/www.eldigitaldeasturias.com\/noticias\/wp-json\/wp\/v2\/posts\/3080","targetHints":{"allow":["GET"]}}],"collection":[{"href":"https:\/\/www.eldigitaldeasturias.com\/noticias\/wp-json\/wp\/v2\/posts"}],"about":[{"href":"https:\/\/www.eldigitaldeasturias.com\/noticias\/wp-json\/wp\/v2\/types\/post"}],"author":[{"embeddable":true,"href":"https:\/\/www.eldigitaldeasturias.com\/noticias\/wp-json\/wp\/v2\/users\/1"}],"replies":[{"embeddable":true,"href":"https:\/\/www.eldigitaldeasturias.com\/noticias\/wp-json\/wp\/v2\/comments?post=3080"}],"version-history":[{"count":0,"href":"https:\/\/www.eldigitaldeasturias.com\/noticias\/wp-json\/wp\/v2\/posts\/3080\/revisions"}],"wp:featuredmedia":[{"embeddable":true,"href":"https:\/\/www.eldigitaldeasturias.com\/noticias\/wp-json\/"}],"wp:attachment":[{"href":"https:\/\/www.eldigitaldeasturias.com\/noticias\/wp-json\/wp\/v2\/media?parent=3080"}],"wp:term":[{"taxonomy":"category","embeddable":true,"href":"https:\/\/www.eldigitaldeasturias.com\/noticias\/wp-json\/wp\/v2\/categories?post=3080"},{"taxonomy":"post_tag","embeddable":true,"href":"https:\/\/www.eldigitaldeasturias.com\/noticias\/wp-json\/wp\/v2\/tags?post=3080"}],"curies":[{"name":"wp","href":"https:\/\/api.w.org\/{rel}","templated":true}]}}