{"id":3078,"date":"2013-09-25T19:34:42","date_gmt":"2013-09-25T19:34:42","guid":{"rendered":"http:\/\/www.eldigitaldeasturias.com\/noticias\/?p=3078"},"modified":"2013-09-25T19:34:42","modified_gmt":"2013-09-25T19:34:42","slug":"emulsa-aprueba-la-congelacion-de-tarifas-del-servicio-de-recogida-para-2014","status":"publish","type":"post","link":"https:\/\/www.eldigitaldeasturias.com\/noticias\/emulsa-aprueba-la-congelacion-de-tarifas-del-servicio-de-recogida-para-2014\/","title":{"rendered":"Emulsa aprueba la congelaci\u00f3n de tarifas del servicio de recogida para 2014"},"content":{"rendered":"<p><img loading=\"lazy\" decoding=\"async\" class=\"alignleft size-medium wp-image-1724\" alt=\"euros_20130922131650_800\" src=\"https:\/\/www.eldigitaldeasturias.com\/noticias\/wp-content\/uploads\/2013\/09\/euros_20130922131650_800-360x246.jpg\" width=\"360\" height=\"246\" \/>GIJ\u00d3N, 25 Sep. (EUROPA PRESS) &#8211;\u00a0El Consejo de Administraci\u00f3n de la Empresa Municipal de Servicios de Medioambiente Urbano de Gij\u00f3n, (Emulsa), ha aprobado este mi\u00e9rcoles, por segundo a\u00f1o consecutivo, la congelaci\u00f3n de las tarifas del Servicio de Recogida y Tratamiento de Residuos para el a\u00f1o 2014, seg\u00fan una nota de prensa de esta entidad.<\/p>\n<p>La tarifa propuesta para los domicilios particulares es de 9,98 euros, mientras que para el resto de ep\u00edgrafes, siguen manteniendo el tipo bin\u00f3mico, es decir, constan de una cuota base, en funci\u00f3n de la actividad que se desarrolla y un segundo componente variable, en funci\u00f3n de la superficie total del local. La cuota base es de 11,34 euros\/bimestre. Estas cantidades se multiplicar\u00e1n tambi\u00e9n por un coeficiente, en funci\u00f3n del ep\u00edgrafe del Impuesto sobre Actividades Econ\u00f3micas (IAE) y actividad desarrollada.<\/p>\n<p>En el cap\u00edtulo de inversiones, se ha adjudicado la adquisici\u00f3n de dos equipos de recolectores\/compactadores de carga lateral por un importe de 232.900 euros. Tambi\u00e9n se ha aprobado la licitaci\u00f3n de los pliegos para adquisici\u00f3n de una plataforma elevadora de 18 metros de altura que, se destinar\u00e1 a la poda de arbolado y de una barredora\/aspiradora autopropulsada para la renovaci\u00f3n de una barredora del a\u00f1o 2001. En total la licitaci\u00f3n de ambos veh\u00edculos asciende a 173.000 euros.<\/p>\n<p>Adem\u00e1s, el Consejo de Administraci\u00f3n ha dado el visto bueno al Convenio Colectivo de Emulsa para el periodo 2012 y 2015, tras el acuerdo alcanzado por la Direcci\u00f3n con los representantes sindicales.<\/p>\n","protected":false},"excerpt":{"rendered":"<p>GIJ\u00d3N, 25 Sep. (EUROPA PRESS) &#8211;\u00a0El Consejo de Administraci\u00f3n de la Empresa Municipal de Servicios de Medioambiente Urbano de Gij\u00f3n, (Emulsa), ha aprobado este mi\u00e9rcoles, por segundo a\u00f1o consecutivo, la congelaci\u00f3n de las tarifas del Servicio de Recogida y Tratamiento de Residuos para el a\u00f1o 2014, seg\u00fan una nota de prensa de esta entidad. La [&hellip;]<\/p>\n","protected":false},"author":1,"featured_media":1724,"comment_status":"open","ping_status":"open","sticky":false,"template":"","format":"standard","meta":{"footnotes":""},"categories":[12],"tags":[],"class_list":["post-3078","post","type-post","status-publish","format-standard","has-post-thumbnail","hentry","category-actualidad-asturias"],"aioseo_notices":[],"aioseo_head":"\n\t\t<!-- All in One SEO Pro 4.9.6.2 - aioseo.com -->\n\t<meta name=\"description\" content=\"GIJ\u00d3N, 25 Sep. (EUROPA PRESS) - El Consejo de Administraci\u00f3n de la Empresa Municipal de Servicios de Medioambiente Urbano de Gij\u00f3n, (Emulsa), ha aprobado este mi\u00e9rcoles, por segundo a\u00f1o consecutivo, la congelaci\u00f3n de las tarifas del Servicio de Recogida y Tratamiento de Residuos para el a\u00f1o 2014, seg\u00fan una nota de prensa de esta entidad. La\" \/>\n\t<meta name=\"robots\" content=\"max-image-preview:large\" \/>\n\t<meta name=\"author\" content=\"El Digital de Asturias\"\/>\n\t<meta name=\"google-site-verification\" content=\"UA-38556648-1\" \/>\n\t<meta name=\"msvalidate.01\" content=\"7dfe9f3f1b24437ab69f4f2559babe99\" \/>\n\t<meta name=\"keywords\" content=\"actualidad asturias\" \/>\n\t<link rel=\"canonical\" href=\"https:\/\/www.eldigitaldeasturias.com\/noticias\/emulsa-aprueba-la-congelacion-de-tarifas-del-servicio-de-recogida-para-2014\/\" \/>\n\t<meta name=\"generator\" content=\"All in One SEO Pro (AIOSEO) 4.9.6.2\" \/>\n\t\t<meta property=\"og:locale\" content=\"es_ES\" \/>\n\t\t<meta property=\"og:site_name\" content=\"El Digital de Asturias\" \/>\n\t\t<meta property=\"og:type\" content=\"article\" \/>\n\t\t<meta property=\"og:title\" content=\"Emulsa aprueba la congelaci\u00f3n de tarifas del servicio de recogida para 2014 - El Digital de Asturias\" \/>\n\t\t<meta property=\"og:description\" content=\"GIJ\u00d3N, 25 Sep. (EUROPA PRESS) - El Consejo de Administraci\u00f3n de la Empresa Municipal de Servicios de Medioambiente Urbano de Gij\u00f3n, (Emulsa), ha aprobado este mi\u00e9rcoles, por segundo a\u00f1o consecutivo, la congelaci\u00f3n de las tarifas del Servicio de Recogida y Tratamiento de Residuos para el a\u00f1o 2014, seg\u00fan una nota de prensa de esta entidad. La\" \/>\n\t\t<meta property=\"og:url\" content=\"https:\/\/www.eldigitaldeasturias.com\/noticias\/emulsa-aprueba-la-congelacion-de-tarifas-del-servicio-de-recogida-para-2014\/\" \/>\n\t\t<meta property=\"article:tag\" content=\"actualidad asturias\" \/>\n\t\t<meta property=\"article:published_time\" content=\"2013-09-25T19:34:42+00:00\" \/>\n\t\t<meta property=\"article:modified_time\" content=\"2013-09-25T19:34:42+00:00\" \/>\n\t\t<meta property=\"article:publisher\" content=\"https:\/\/facebook.com\/eldigitaldeasturias\" \/>\n\t\t<meta name=\"twitter:card\" content=\"summary_large_image\" \/>\n\t\t<meta name=\"twitter:title\" content=\"Emulsa aprueba la congelaci\u00f3n de tarifas del servicio de recogida para 2014 - El Digital de Asturias\" \/>\n\t\t<meta name=\"twitter:description\" content=\"GIJ\u00d3N, 25 Sep. (EUROPA PRESS) - El Consejo de Administraci\u00f3n de la Empresa Municipal de Servicios de Medioambiente Urbano de Gij\u00f3n, (Emulsa), ha aprobado este mi\u00e9rcoles, por segundo a\u00f1o consecutivo, la congelaci\u00f3n de las tarifas del Servicio de Recogida y Tratamiento de Residuos para el a\u00f1o 2014, seg\u00fan una nota de prensa de esta entidad. La\" \/>\n\t\t<meta name=\"twitter:label1\" content=\"Escrito por\" \/>\n\t\t<meta name=\"twitter:data1\" content=\"El Digital de Asturias\" \/>\n\t\t<meta name=\"twitter:label2\" content=\"Tiempo de lectura estimado\" \/>\n\t\t<meta name=\"twitter:data2\" content=\"1 minuto\" \/>\n\t\t<script type=\"application\/ld+json\" class=\"aioseo-schema\">\n\t\t\t{\"@context\":\"https:\\\/\\\/schema.org\",\"@graph\":[{\"@type\":\"BlogPosting\",\"@id\":\"https:\\\/\\\/www.eldigitaldeasturias.com\\\/noticias\\\/emulsa-aprueba-la-congelacion-de-tarifas-del-servicio-de-recogida-para-2014\\\/#blogposting\",\"name\":\"Emulsa aprueba la congelaci\\u00f3n de tarifas del servicio de recogida para 2014 - El Digital de Asturias\",\"headline\":\"Emulsa aprueba la congelaci\\u00f3n de tarifas del servicio de recogida para 2014\",\"author\":{\"@id\":\"https:\\\/\\\/www.eldigitaldeasturias.com\\\/noticias\\\/author\\\/admin\\\/#author\"},\"publisher\":{\"@id\":\"https:\\\/\\\/www.eldigitaldeasturias.com\\\/noticias\\\/#organization\"},\"image\":{\"@type\":\"ImageObject\",\"url\":1724},\"datePublished\":\"2013-09-25T19:34:42+02:00\",\"dateModified\":\"2013-09-25T19:34:42+02:00\",\"inLanguage\":\"es-ES\",\"mainEntityOfPage\":{\"@id\":\"https:\\\/\\\/www.eldigitaldeasturias.com\\\/noticias\\\/emulsa-aprueba-la-congelacion-de-tarifas-del-servicio-de-recogida-para-2014\\\/#webpage\"},\"isPartOf\":{\"@id\":\"https:\\\/\\\/www.eldigitaldeasturias.com\\\/noticias\\\/emulsa-aprueba-la-congelacion-de-tarifas-del-servicio-de-recogida-para-2014\\\/#webpage\"},\"articleSection\":\"Actualidad Asturias\"},{\"@type\":\"BreadcrumbList\",\"@id\":\"https:\\\/\\\/www.eldigitaldeasturias.com\\\/noticias\\\/emulsa-aprueba-la-congelacion-de-tarifas-del-servicio-de-recogida-para-2014\\\/#breadcrumblist\",\"itemListElement\":[{\"@type\":\"ListItem\",\"@id\":\"https:\\\/\\\/www.eldigitaldeasturias.com\\\/noticias#listItem\",\"position\":1,\"name\":\"Home\",\"item\":\"https:\\\/\\\/www.eldigitaldeasturias.com\\\/noticias\",\"nextItem\":{\"@type\":\"ListItem\",\"@id\":\"https:\\\/\\\/www.eldigitaldeasturias.com\\\/noticias\\\/category\\\/actualidad-asturias\\\/#listItem\",\"name\":\"Actualidad Asturias\"}},{\"@type\":\"ListItem\",\"@id\":\"https:\\\/\\\/www.eldigitaldeasturias.com\\\/noticias\\\/category\\\/actualidad-asturias\\\/#listItem\",\"position\":2,\"name\":\"Actualidad Asturias\",\"item\":\"https:\\\/\\\/www.eldigitaldeasturias.com\\\/noticias\\\/category\\\/actualidad-asturias\\\/\",\"nextItem\":{\"@type\":\"ListItem\",\"@id\":\"https:\\\/\\\/www.eldigitaldeasturias.com\\\/noticias\\\/emulsa-aprueba-la-congelacion-de-tarifas-del-servicio-de-recogida-para-2014\\\/#listItem\",\"name\":\"Emulsa aprueba la congelaci\\u00f3n de tarifas del servicio de recogida para 2014\"},\"previousItem\":{\"@type\":\"ListItem\",\"@id\":\"https:\\\/\\\/www.eldigitaldeasturias.com\\\/noticias#listItem\",\"name\":\"Home\"}},{\"@type\":\"ListItem\",\"@id\":\"https:\\\/\\\/www.eldigitaldeasturias.com\\\/noticias\\\/emulsa-aprueba-la-congelacion-de-tarifas-del-servicio-de-recogida-para-2014\\\/#listItem\",\"position\":3,\"name\":\"Emulsa aprueba la congelaci\\u00f3n de tarifas del servicio de recogida para 2014\",\"previousItem\":{\"@type\":\"ListItem\",\"@id\":\"https:\\\/\\\/www.eldigitaldeasturias.com\\\/noticias\\\/category\\\/actualidad-asturias\\\/#listItem\",\"name\":\"Actualidad Asturias\"}}]},{\"@type\":\"Organization\",\"@id\":\"https:\\\/\\\/www.eldigitaldeasturias.com\\\/noticias\\\/#organization\",\"name\":\"El Digital de Asturias\",\"description\":\"Hemeroteca\",\"url\":\"https:\\\/\\\/www.eldigitaldeasturias.com\\\/noticias\\\/\",\"email\":\"info@eldigitaldeasturias.com\",\"telephone\":\"+34652131393\",\"logo\":{\"@type\":\"ImageObject\",\"url\":\"https:\\\/\\\/www.eldigitaldeasturias.com\\\/noticias\\\/wp-content\\\/uploads\\\/2020\\\/12\\\/EDA.jpg\",\"@id\":\"https:\\\/\\\/www.eldigitaldeasturias.com\\\/noticias\\\/emulsa-aprueba-la-congelacion-de-tarifas-del-servicio-de-recogida-para-2014\\\/#organizationLogo\",\"width\":649,\"height\":297},\"image\":{\"@id\":\"https:\\\/\\\/www.eldigitaldeasturias.com\\\/noticias\\\/emulsa-aprueba-la-congelacion-de-tarifas-del-servicio-de-recogida-para-2014\\\/#organizationLogo\"},\"sameAs\":[\"https:\\\/\\\/facebook.com\\\/eldigitaldeasturias\",\"https:\\\/\\\/www.youtube.com\\\/channel\\\/UCZP-2wLEB9Rv6erhFmqVnvg\"],\"address\":{\"@id\":\"https:\\\/\\\/www.eldigitaldeasturias.com\\\/noticias\\\/#postaladdress\",\"@type\":\"PostalAddress\",\"streetAddress\":\"san antonio 4,\",\"postalCode\":\"33430\",\"addressLocality\":\"Cand\\u00e1s\",\"addressRegion\":\"Asturias\",\"addressCountry\":\"ES\"}},{\"@type\":\"Person\",\"@id\":\"https:\\\/\\\/www.eldigitaldeasturias.com\\\/noticias\\\/author\\\/admin\\\/#author\",\"url\":\"https:\\\/\\\/www.eldigitaldeasturias.com\\\/noticias\\\/author\\\/admin\\\/\",\"name\":\"El Digital de Asturias\",\"image\":{\"@type\":\"ImageObject\",\"@id\":\"https:\\\/\\\/www.eldigitaldeasturias.com\\\/noticias\\\/emulsa-aprueba-la-congelacion-de-tarifas-del-servicio-de-recogida-para-2014\\\/#authorImage\",\"url\":\"https:\\\/\\\/www.eldigitaldeasturias.com\\\/noticias\\\/wp-content\\\/litespeed\\\/avatar\\\/18677e78aa0546b92d9dbf31ec7d7668.jpg?ver=1777290358\",\"width\":96,\"height\":96,\"caption\":\"El Digital de Asturias\"}},{\"@type\":\"WebPage\",\"@id\":\"https:\\\/\\\/www.eldigitaldeasturias.com\\\/noticias\\\/emulsa-aprueba-la-congelacion-de-tarifas-del-servicio-de-recogida-para-2014\\\/#webpage\",\"url\":\"https:\\\/\\\/www.eldigitaldeasturias.com\\\/noticias\\\/emulsa-aprueba-la-congelacion-de-tarifas-del-servicio-de-recogida-para-2014\\\/\",\"name\":\"Emulsa aprueba la congelaci\\u00f3n de tarifas del servicio de recogida para 2014 - El Digital de Asturias\",\"description\":\"GIJ\\u00d3N, 25 Sep. (EUROPA PRESS) - El Consejo de Administraci\\u00f3n de la Empresa Municipal de Servicios de Medioambiente Urbano de Gij\\u00f3n, (Emulsa), ha aprobado este mi\\u00e9rcoles, por segundo a\\u00f1o consecutivo, la congelaci\\u00f3n de las tarifas del Servicio de Recogida y Tratamiento de Residuos para el a\\u00f1o 2014, seg\\u00fan una nota de prensa de esta entidad. La\",\"inLanguage\":\"es-ES\",\"isPartOf\":{\"@id\":\"https:\\\/\\\/www.eldigitaldeasturias.com\\\/noticias\\\/#website\"},\"breadcrumb\":{\"@id\":\"https:\\\/\\\/www.eldigitaldeasturias.com\\\/noticias\\\/emulsa-aprueba-la-congelacion-de-tarifas-del-servicio-de-recogida-para-2014\\\/#breadcrumblist\"},\"author\":{\"@id\":\"https:\\\/\\\/www.eldigitaldeasturias.com\\\/noticias\\\/author\\\/admin\\\/#author\"},\"creator\":{\"@id\":\"https:\\\/\\\/www.eldigitaldeasturias.com\\\/noticias\\\/author\\\/admin\\\/#author\"},\"image\":{\"@type\":\"ImageObject\",\"url\":1724,\"@id\":\"https:\\\/\\\/www.eldigitaldeasturias.com\\\/noticias\\\/emulsa-aprueba-la-congelacion-de-tarifas-del-servicio-de-recogida-para-2014\\\/#mainImage\"},\"primaryImageOfPage\":{\"@id\":\"https:\\\/\\\/www.eldigitaldeasturias.com\\\/noticias\\\/emulsa-aprueba-la-congelacion-de-tarifas-del-servicio-de-recogida-para-2014\\\/#mainImage\"},\"datePublished\":\"2013-09-25T19:34:42+02:00\",\"dateModified\":\"2013-09-25T19:34:42+02:00\"},{\"@type\":\"WebSite\",\"@id\":\"https:\\\/\\\/www.eldigitaldeasturias.com\\\/noticias\\\/#website\",\"url\":\"https:\\\/\\\/www.eldigitaldeasturias.com\\\/noticias\\\/\",\"name\":\"El Digital de Asturias - Diario de actualidad y noticias\",\"alternateName\":\"El Digital de Asturias - Diario de actualidad y noticias\",\"description\":\"Hemeroteca\",\"inLanguage\":\"es-ES\",\"publisher\":{\"@id\":\"https:\\\/\\\/www.eldigitaldeasturias.com\\\/noticias\\\/#organization\"}}]}\n\t\t<\/script>\n\t\t<!-- All in One SEO Pro -->\r\n\t\t<title>Emulsa aprueba la congelaci\u00f3n de tarifas del servicio de recogida para 2014 - El Digital de Asturias<\/title>\n\n","aioseo_head_json":{"title":"Emulsa aprueba la congelaci\u00f3n de tarifas del servicio de recogida para 2014 - El Digital de Asturias","description":"GIJ\u00d3N, 25 Sep. (EUROPA PRESS) - El Consejo de Administraci\u00f3n de la Empresa Municipal de Servicios de Medioambiente Urbano de Gij\u00f3n, (Emulsa), ha aprobado este mi\u00e9rcoles, por segundo a\u00f1o consecutivo, la congelaci\u00f3n de las tarifas del Servicio de Recogida y Tratamiento de Residuos para el a\u00f1o 2014, seg\u00fan una nota de prensa de esta entidad. La","canonical_url":"https:\/\/www.eldigitaldeasturias.com\/noticias\/emulsa-aprueba-la-congelacion-de-tarifas-del-servicio-de-recogida-para-2014\/","robots":"max-image-preview:large","keywords":"actualidad asturias","webmasterTools":{"google-site-verification":"UA-38556648-1","msvalidate.01":"7dfe9f3f1b24437ab69f4f2559babe99","miscellaneous":""},"schema":{"@context":"https:\/\/schema.org","@graph":[{"@type":"BlogPosting","@id":"https:\/\/www.eldigitaldeasturias.com\/noticias\/emulsa-aprueba-la-congelacion-de-tarifas-del-servicio-de-recogida-para-2014\/#blogposting","name":"Emulsa aprueba la congelaci\u00f3n de tarifas del servicio de recogida para 2014 - El Digital de Asturias","headline":"Emulsa aprueba la congelaci\u00f3n de tarifas del servicio de recogida para 2014","author":{"@id":"https:\/\/www.eldigitaldeasturias.com\/noticias\/author\/admin\/#author"},"publisher":{"@id":"https:\/\/www.eldigitaldeasturias.com\/noticias\/#organization"},"image":{"@type":"ImageObject","url":1724},"datePublished":"2013-09-25T19:34:42+02:00","dateModified":"2013-09-25T19:34:42+02:00","inLanguage":"es-ES","mainEntityOfPage":{"@id":"https:\/\/www.eldigitaldeasturias.com\/noticias\/emulsa-aprueba-la-congelacion-de-tarifas-del-servicio-de-recogida-para-2014\/#webpage"},"isPartOf":{"@id":"https:\/\/www.eldigitaldeasturias.com\/noticias\/emulsa-aprueba-la-congelacion-de-tarifas-del-servicio-de-recogida-para-2014\/#webpage"},"articleSection":"Actualidad Asturias"},{"@type":"BreadcrumbList","@id":"https:\/\/www.eldigitaldeasturias.com\/noticias\/emulsa-aprueba-la-congelacion-de-tarifas-del-servicio-de-recogida-para-2014\/#breadcrumblist","itemListElement":[{"@type":"ListItem","@id":"https:\/\/www.eldigitaldeasturias.com\/noticias#listItem","position":1,"name":"Home","item":"https:\/\/www.eldigitaldeasturias.com\/noticias","nextItem":{"@type":"ListItem","@id":"https:\/\/www.eldigitaldeasturias.com\/noticias\/category\/actualidad-asturias\/#listItem","name":"Actualidad Asturias"}},{"@type":"ListItem","@id":"https:\/\/www.eldigitaldeasturias.com\/noticias\/category\/actualidad-asturias\/#listItem","position":2,"name":"Actualidad Asturias","item":"https:\/\/www.eldigitaldeasturias.com\/noticias\/category\/actualidad-asturias\/","nextItem":{"@type":"ListItem","@id":"https:\/\/www.eldigitaldeasturias.com\/noticias\/emulsa-aprueba-la-congelacion-de-tarifas-del-servicio-de-recogida-para-2014\/#listItem","name":"Emulsa aprueba la congelaci\u00f3n de tarifas del servicio de recogida para 2014"},"previousItem":{"@type":"ListItem","@id":"https:\/\/www.eldigitaldeasturias.com\/noticias#listItem","name":"Home"}},{"@type":"ListItem","@id":"https:\/\/www.eldigitaldeasturias.com\/noticias\/emulsa-aprueba-la-congelacion-de-tarifas-del-servicio-de-recogida-para-2014\/#listItem","position":3,"name":"Emulsa aprueba la congelaci\u00f3n de tarifas del servicio de recogida para 2014","previousItem":{"@type":"ListItem","@id":"https:\/\/www.eldigitaldeasturias.com\/noticias\/category\/actualidad-asturias\/#listItem","name":"Actualidad Asturias"}}]},{"@type":"Organization","@id":"https:\/\/www.eldigitaldeasturias.com\/noticias\/#organization","name":"El Digital de Asturias","description":"Hemeroteca","url":"https:\/\/www.eldigitaldeasturias.com\/noticias\/","email":"info@eldigitaldeasturias.com","telephone":"+34652131393","logo":{"@type":"ImageObject","url":"https:\/\/www.eldigitaldeasturias.com\/noticias\/wp-content\/uploads\/2020\/12\/EDA.jpg","@id":"https:\/\/www.eldigitaldeasturias.com\/noticias\/emulsa-aprueba-la-congelacion-de-tarifas-del-servicio-de-recogida-para-2014\/#organizationLogo","width":649,"height":297},"image":{"@id":"https:\/\/www.eldigitaldeasturias.com\/noticias\/emulsa-aprueba-la-congelacion-de-tarifas-del-servicio-de-recogida-para-2014\/#organizationLogo"},"sameAs":["https:\/\/facebook.com\/eldigitaldeasturias","https:\/\/www.youtube.com\/channel\/UCZP-2wLEB9Rv6erhFmqVnvg"],"address":{"@id":"https:\/\/www.eldigitaldeasturias.com\/noticias\/#postaladdress","@type":"PostalAddress","streetAddress":"san antonio 4,","postalCode":"33430","addressLocality":"Cand\u00e1s","addressRegion":"Asturias","addressCountry":"ES"}},{"@type":"Person","@id":"https:\/\/www.eldigitaldeasturias.com\/noticias\/author\/admin\/#author","url":"https:\/\/www.eldigitaldeasturias.com\/noticias\/author\/admin\/","name":"El Digital de Asturias","image":{"@type":"ImageObject","@id":"https:\/\/www.eldigitaldeasturias.com\/noticias\/emulsa-aprueba-la-congelacion-de-tarifas-del-servicio-de-recogida-para-2014\/#authorImage","url":"https:\/\/www.eldigitaldeasturias.com\/noticias\/wp-content\/litespeed\/avatar\/18677e78aa0546b92d9dbf31ec7d7668.jpg?ver=1777290358","width":96,"height":96,"caption":"El Digital de Asturias"}},{"@type":"WebPage","@id":"https:\/\/www.eldigitaldeasturias.com\/noticias\/emulsa-aprueba-la-congelacion-de-tarifas-del-servicio-de-recogida-para-2014\/#webpage","url":"https:\/\/www.eldigitaldeasturias.com\/noticias\/emulsa-aprueba-la-congelacion-de-tarifas-del-servicio-de-recogida-para-2014\/","name":"Emulsa aprueba la congelaci\u00f3n de tarifas del servicio de recogida para 2014 - El Digital de Asturias","description":"GIJ\u00d3N, 25 Sep. (EUROPA PRESS) - El Consejo de Administraci\u00f3n de la Empresa Municipal de Servicios de Medioambiente Urbano de Gij\u00f3n, (Emulsa), ha aprobado este mi\u00e9rcoles, por segundo a\u00f1o consecutivo, la congelaci\u00f3n de las tarifas del Servicio de Recogida y Tratamiento de Residuos para el a\u00f1o 2014, seg\u00fan una nota de prensa de esta entidad. La","inLanguage":"es-ES","isPartOf":{"@id":"https:\/\/www.eldigitaldeasturias.com\/noticias\/#website"},"breadcrumb":{"@id":"https:\/\/www.eldigitaldeasturias.com\/noticias\/emulsa-aprueba-la-congelacion-de-tarifas-del-servicio-de-recogida-para-2014\/#breadcrumblist"},"author":{"@id":"https:\/\/www.eldigitaldeasturias.com\/noticias\/author\/admin\/#author"},"creator":{"@id":"https:\/\/www.eldigitaldeasturias.com\/noticias\/author\/admin\/#author"},"image":{"@type":"ImageObject","url":1724,"@id":"https:\/\/www.eldigitaldeasturias.com\/noticias\/emulsa-aprueba-la-congelacion-de-tarifas-del-servicio-de-recogida-para-2014\/#mainImage"},"primaryImageOfPage":{"@id":"https:\/\/www.eldigitaldeasturias.com\/noticias\/emulsa-aprueba-la-congelacion-de-tarifas-del-servicio-de-recogida-para-2014\/#mainImage"},"datePublished":"2013-09-25T19:34:42+02:00","dateModified":"2013-09-25T19:34:42+02:00"},{"@type":"WebSite","@id":"https:\/\/www.eldigitaldeasturias.com\/noticias\/#website","url":"https:\/\/www.eldigitaldeasturias.com\/noticias\/","name":"El Digital de Asturias - Diario de actualidad y noticias","alternateName":"El Digital de Asturias - Diario de actualidad y noticias","description":"Hemeroteca","inLanguage":"es-ES","publisher":{"@id":"https:\/\/www.eldigitaldeasturias.com\/noticias\/#organization"}}]},"og:locale":"es_ES","og:site_name":"El Digital de Asturias","og:type":"article","og:title":"Emulsa aprueba la congelaci\u00f3n de tarifas del servicio de recogida para 2014 - El Digital de Asturias","og:description":"GIJ\u00d3N, 25 Sep. (EUROPA PRESS) - El Consejo de Administraci\u00f3n de la Empresa Municipal de Servicios de Medioambiente Urbano de Gij\u00f3n, (Emulsa), ha aprobado este mi\u00e9rcoles, por segundo a\u00f1o consecutivo, la congelaci\u00f3n de las tarifas del Servicio de Recogida y Tratamiento de Residuos para el a\u00f1o 2014, seg\u00fan una nota de prensa de esta entidad. La","og:url":"https:\/\/www.eldigitaldeasturias.com\/noticias\/emulsa-aprueba-la-congelacion-de-tarifas-del-servicio-de-recogida-para-2014\/","article:tag":["actualidad asturias"],"article:published_time":"2013-09-25T19:34:42+00:00","article:modified_time":"2013-09-25T19:34:42+00:00","article:publisher":"https:\/\/facebook.com\/eldigitaldeasturias","twitter:card":"summary_large_image","twitter:title":"Emulsa aprueba la congelaci\u00f3n de tarifas del servicio de recogida para 2014 - El Digital de Asturias","twitter:description":"GIJ\u00d3N, 25 Sep. (EUROPA PRESS) - El Consejo de Administraci\u00f3n de la Empresa Municipal de Servicios de Medioambiente Urbano de Gij\u00f3n, (Emulsa), ha aprobado este mi\u00e9rcoles, por segundo a\u00f1o consecutivo, la congelaci\u00f3n de las tarifas del Servicio de Recogida y Tratamiento de Residuos para el a\u00f1o 2014, seg\u00fan una nota de prensa de esta entidad. La","twitter:label1":"Escrito por","twitter:data1":"El Digital de Asturias","twitter:label2":"Tiempo de lectura estimado","twitter:data2":"1 minuto"},"aioseo_meta_data":{"post_id":"3078","title":null,"description":null,"keywords":null,"keyphrases":null,"primary_term":null,"canonical_url":null,"og_title":null,"og_description":null,"og_object_type":"default","og_image_type":"default","og_image_url":null,"og_image_width":null,"og_image_height":null,"og_image_custom_url":null,"og_image_custom_fields":null,"og_video":null,"og_custom_url":null,"og_article_section":null,"og_article_tags":null,"twitter_use_og":true,"twitter_card":"default","twitter_image_type":"default","twitter_image_url":null,"twitter_image_custom_url":null,"twitter_image_custom_fields":null,"twitter_title":null,"twitter_description":null,"schema":{"blockGraphs":[],"customGraphs":[],"default":{"data":{"Article":[],"Course":[],"Dataset":[],"FAQPage":[],"Movie":[],"Person":[],"Product":[],"ProductReview":[],"Car":[],"Recipe":[],"Service":[],"SoftwareApplication":[],"WebPage":[]},"graphName":"","isEnabled":true},"graphs":[],"defaultGraph":"","defaultPostTypeGraph":""},"schema_type":null,"schema_type_options":null,"pillar_content":false,"robots_default":true,"robots_noindex":false,"robots_noarchive":false,"robots_nosnippet":false,"robots_nofollow":false,"robots_noimageindex":false,"robots_noodp":false,"robots_notranslate":false,"robots_max_snippet":null,"robots_max_videopreview":null,"robots_max_imagepreview":"none","priority":null,"frequency":null,"local_seo":null,"seo_analyzer_scan_date":"2025-08-21 05:40:53","breadcrumb_settings":null,"limit_modified_date":false,"open_ai":null,"ai":null,"created":"2020-11-14 22:37:00","updated":"2025-08-21 05:40:53"},"aioseo_breadcrumb":"<div class=\"aioseo-breadcrumbs\"><span class=\"aioseo-breadcrumb\">\n\t<a href=\"https:\/\/www.eldigitaldeasturias.com\/noticias\" title=\"Home\">Home<\/a>\n<\/span><span class=\"aioseo-breadcrumb-separator\">\u2013<\/span><span class=\"aioseo-breadcrumb\">\n\t<a href=\"https:\/\/www.eldigitaldeasturias.com\/noticias\/category\/actualidad-asturias\/\" title=\"Actualidad Asturias\">Actualidad Asturias<\/a>\n<\/span><span class=\"aioseo-breadcrumb-separator\">\u2013<\/span><span class=\"aioseo-breadcrumb\">\n\t<a href=\"https:\/\/www.eldigitaldeasturias.com\/noticias\/emulsa-aprueba-la-congelacion-de-tarifas-del-servicio-de-recogida-para-2014\/\" title=\"Emulsa aprueba la congelaci\u00f3n de tarifas del servicio de recogida para 2014\">Emulsa aprueba la congelaci\u00f3n de tarifas del servicio de recogida para 2014<\/a>\n<\/span><\/div>","aioseo_breadcrumb_json":[{"label":"Home","link":"https:\/\/www.eldigitaldeasturias.com\/noticias"},{"label":"Actualidad Asturias","link":"https:\/\/www.eldigitaldeasturias.com\/noticias\/category\/actualidad-asturias\/"},{"label":"Emulsa aprueba la congelaci\u00f3n de tarifas del servicio de recogida para 2014","link":"https:\/\/www.eldigitaldeasturias.com\/noticias\/emulsa-aprueba-la-congelacion-de-tarifas-del-servicio-de-recogida-para-2014\/"}],"_links":{"self":[{"href":"https:\/\/www.eldigitaldeasturias.com\/noticias\/wp-json\/wp\/v2\/posts\/3078","targetHints":{"allow":["GET"]}}],"collection":[{"href":"https:\/\/www.eldigitaldeasturias.com\/noticias\/wp-json\/wp\/v2\/posts"}],"about":[{"href":"https:\/\/www.eldigitaldeasturias.com\/noticias\/wp-json\/wp\/v2\/types\/post"}],"author":[{"embeddable":true,"href":"https:\/\/www.eldigitaldeasturias.com\/noticias\/wp-json\/wp\/v2\/users\/1"}],"replies":[{"embeddable":true,"href":"https:\/\/www.eldigitaldeasturias.com\/noticias\/wp-json\/wp\/v2\/comments?post=3078"}],"version-history":[{"count":0,"href":"https:\/\/www.eldigitaldeasturias.com\/noticias\/wp-json\/wp\/v2\/posts\/3078\/revisions"}],"wp:featuredmedia":[{"embeddable":true,"href":"https:\/\/www.eldigitaldeasturias.com\/noticias\/wp-json\/"}],"wp:attachment":[{"href":"https:\/\/www.eldigitaldeasturias.com\/noticias\/wp-json\/wp\/v2\/media?parent=3078"}],"wp:term":[{"taxonomy":"category","embeddable":true,"href":"https:\/\/www.eldigitaldeasturias.com\/noticias\/wp-json\/wp\/v2\/categories?post=3078"},{"taxonomy":"post_tag","embeddable":true,"href":"https:\/\/www.eldigitaldeasturias.com\/noticias\/wp-json\/wp\/v2\/tags?post=3078"}],"curies":[{"name":"wp","href":"https:\/\/api.w.org\/{rel}","templated":true}]}}