{"id":3076,"date":"2013-09-25T19:33:09","date_gmt":"2013-09-25T19:33:09","guid":{"rendered":"http:\/\/www.eldigitaldeasturias.com\/noticias\/?p=3076"},"modified":"2013-09-25T19:33:09","modified_gmt":"2013-09-25T19:33:09","slug":"gijon-el-pp-pide-a-foro-que-se-ocupe-de-la-zona-oeste-y-apoye-a-la-asociacion-mar-de-niebla","status":"publish","type":"post","link":"https:\/\/www.eldigitaldeasturias.com\/noticias\/gijon-el-pp-pide-a-foro-que-se-ocupe-de-la-zona-oeste-y-apoye-a-la-asociacion-mar-de-niebla\/","title":{"rendered":"Gij\u00f3n : El PP pide a Foro que \u00abse ocupe\u00bb de la zona Oeste y apoye a la asociaci\u00f3n Mar de Niebla"},"content":{"rendered":"<p><img loading=\"lazy\" decoding=\"async\" class=\"alignleft size-medium wp-image-186\" alt=\"gijon\" src=\"https:\/\/www.eldigitaldeasturias.com\/noticias\/wp-content\/uploads\/2013\/09\/gijon-360x270.jpg\" width=\"360\" height=\"270\" \/>GIJ\u00d3N, 25 Sep. (EUROPA PRESS) &#8211;\u00a0El Grupo Municipal Popular en el Ayuntamiento de Gij\u00f3n ha reclamado al Gobierno Local que \u00abse ocupe\u00bb de la zona Oeste de la ciudad y, especialmente, que apoye las iniciativas que desarrolla la asociaci\u00f3n Mar de Niebla all\u00ed.<\/p>\n<p>En este sentido, la presidenta de la gestora del PP gijon\u00e9s, \u00c1ngeles Fern\u00e1ndez-Ah\u00faja, ha destacado, a trav\u00e9s de una nota de prensa tras la reuni\u00f3n mantenida con los responsables de Mar de Niebla, que esta asociaci\u00f3n \u00abse est\u00e1 convirtiendo en un pilar socioeducativo fundamental para la zona Oeste, especialmente para La Calzada, donde desarrollan diversos proyectos de apoyo a menores y adolescentes, de formaci\u00f3n y ayuda para la b\u00fasqueda de empleo y otros programas dirigidos a personas en riesgo de exclusi\u00f3n social\u00bb.<\/p>\n<p>Durante el encuentro, los responsables de la asociaci\u00f3n juvenil que a\u00fan desconocen el importe de las ayudas que recibir\u00e1n del Principado para cubrir los gastos del presente ejercicio, lo que dificulta la planificaci\u00f3n de proyectos para el pr\u00f3ximo a\u00f1o.<\/p>\n<p>Tambi\u00e9n fueron especialmente cr\u00edticos, seg\u00fan el PP. con la Concejal\u00eda de Servicios Sociales que dirige la edil Eva Ill\u00e1n, a la que reprocharon \u00abfalta de di\u00e1logo y desconocimiento profundo de su proyecto para la zona Oeste\u00bb, adem\u00e1s de lamentar que ning\u00fan responsable de esta Concejal\u00eda acceda a reunirse con ellos.<\/p>\n","protected":false},"excerpt":{"rendered":"<p>GIJ\u00d3N, 25 Sep. (EUROPA PRESS) &#8211;\u00a0El Grupo Municipal Popular en el Ayuntamiento de Gij\u00f3n ha reclamado al Gobierno Local que \u00abse ocupe\u00bb de la zona Oeste de la ciudad y, especialmente, que apoye las iniciativas que desarrolla la asociaci\u00f3n Mar de Niebla all\u00ed. En este sentido, la presidenta de la gestora del PP gijon\u00e9s, \u00c1ngeles [&hellip;]<\/p>\n","protected":false},"author":1,"featured_media":186,"comment_status":"open","ping_status":"open","sticky":false,"template":"","format":"standard","meta":{"footnotes":""},"categories":[12],"tags":[],"class_list":["post-3076","post","type-post","status-publish","format-standard","has-post-thumbnail","hentry","category-actualidad-asturias"],"aioseo_notices":[],"aioseo_head":"\n\t\t<!-- All in One SEO Pro 4.9.6.2 - aioseo.com -->\n\t<meta name=\"description\" content=\"GIJ\u00d3N, 25 Sep. (EUROPA PRESS) - El Grupo Municipal Popular en el Ayuntamiento de Gij\u00f3n ha reclamado al Gobierno Local que &quot;se ocupe&quot; de la zona Oeste de la ciudad y, especialmente, que apoye las iniciativas que desarrolla la asociaci\u00f3n Mar de Niebla all\u00ed. En este sentido, la presidenta de la gestora del PP gijon\u00e9s, \u00c1ngeles\" \/>\n\t<meta name=\"robots\" content=\"max-image-preview:large\" \/>\n\t<meta name=\"author\" content=\"El Digital de Asturias\"\/>\n\t<meta name=\"google-site-verification\" content=\"UA-38556648-1\" \/>\n\t<meta name=\"msvalidate.01\" content=\"7dfe9f3f1b24437ab69f4f2559babe99\" \/>\n\t<meta name=\"keywords\" content=\"actualidad asturias\" \/>\n\t<link rel=\"canonical\" href=\"https:\/\/www.eldigitaldeasturias.com\/noticias\/gijon-el-pp-pide-a-foro-que-se-ocupe-de-la-zona-oeste-y-apoye-a-la-asociacion-mar-de-niebla\/\" \/>\n\t<meta name=\"generator\" content=\"All in One SEO Pro (AIOSEO) 4.9.6.2\" \/>\n\t\t<meta property=\"og:locale\" content=\"es_ES\" \/>\n\t\t<meta property=\"og:site_name\" content=\"El Digital de Asturias\" \/>\n\t\t<meta property=\"og:type\" content=\"article\" \/>\n\t\t<meta property=\"og:title\" content=\"Gij\u00f3n : El PP pide a Foro que \u00abse ocupe\u00bb de la zona Oeste y apoye a la asociaci\u00f3n Mar de Niebla - El Digital de Asturias\" \/>\n\t\t<meta property=\"og:description\" content=\"GIJ\u00d3N, 25 Sep. (EUROPA PRESS) - El Grupo Municipal Popular en el Ayuntamiento de Gij\u00f3n ha reclamado al Gobierno Local que &quot;se ocupe&quot; de la zona Oeste de la ciudad y, especialmente, que apoye las iniciativas que desarrolla la asociaci\u00f3n Mar de Niebla all\u00ed. En este sentido, la presidenta de la gestora del PP gijon\u00e9s, \u00c1ngeles\" \/>\n\t\t<meta property=\"og:url\" content=\"https:\/\/www.eldigitaldeasturias.com\/noticias\/gijon-el-pp-pide-a-foro-que-se-ocupe-de-la-zona-oeste-y-apoye-a-la-asociacion-mar-de-niebla\/\" \/>\n\t\t<meta property=\"og:image\" content=\"https:\/\/www.eldigitaldeasturias.com\/noticias\/wp-content\/uploads\/2013\/09\/gijon.jpg\" \/>\n\t\t<meta property=\"og:image:secure_url\" content=\"https:\/\/www.eldigitaldeasturias.com\/noticias\/wp-content\/uploads\/2013\/09\/gijon.jpg\" \/>\n\t\t<meta property=\"article:tag\" content=\"actualidad asturias\" \/>\n\t\t<meta property=\"article:published_time\" content=\"2013-09-25T19:33:09+00:00\" \/>\n\t\t<meta property=\"article:modified_time\" content=\"2013-09-25T19:33:09+00:00\" \/>\n\t\t<meta property=\"article:publisher\" content=\"https:\/\/facebook.com\/eldigitaldeasturias\" \/>\n\t\t<meta name=\"twitter:card\" content=\"summary_large_image\" \/>\n\t\t<meta name=\"twitter:title\" content=\"Gij\u00f3n : El PP pide a Foro que \u00abse ocupe\u00bb de la zona Oeste y apoye a la asociaci\u00f3n Mar de Niebla - El Digital de Asturias\" \/>\n\t\t<meta name=\"twitter:description\" content=\"GIJ\u00d3N, 25 Sep. (EUROPA PRESS) - El Grupo Municipal Popular en el Ayuntamiento de Gij\u00f3n ha reclamado al Gobierno Local que &quot;se ocupe&quot; de la zona Oeste de la ciudad y, especialmente, que apoye las iniciativas que desarrolla la asociaci\u00f3n Mar de Niebla all\u00ed. En este sentido, la presidenta de la gestora del PP gijon\u00e9s, \u00c1ngeles\" \/>\n\t\t<meta name=\"twitter:image\" content=\"https:\/\/www.eldigitaldeasturias.com\/noticias\/wp-content\/uploads\/2013\/09\/gijon.jpg\" \/>\n\t\t<meta name=\"twitter:label1\" content=\"Escrito por\" \/>\n\t\t<meta name=\"twitter:data1\" content=\"El Digital de Asturias\" \/>\n\t\t<meta name=\"twitter:label2\" content=\"Tiempo de lectura estimado\" \/>\n\t\t<meta name=\"twitter:data2\" content=\"1 minuto\" \/>\n\t\t<script type=\"application\/ld+json\" class=\"aioseo-schema\">\n\t\t\t{\"@context\":\"https:\\\/\\\/schema.org\",\"@graph\":[{\"@type\":\"BlogPosting\",\"@id\":\"https:\\\/\\\/www.eldigitaldeasturias.com\\\/noticias\\\/gijon-el-pp-pide-a-foro-que-se-ocupe-de-la-zona-oeste-y-apoye-a-la-asociacion-mar-de-niebla\\\/#blogposting\",\"name\":\"Gij\\u00f3n : El PP pide a Foro que \\u00abse ocupe\\u00bb de la zona Oeste y apoye a la asociaci\\u00f3n Mar de Niebla - El Digital de Asturias\",\"headline\":\"Gij\\u00f3n : El PP pide a Foro que \\u00abse ocupe\\u00bb de la zona Oeste y apoye a la asociaci\\u00f3n Mar de Niebla\",\"author\":{\"@id\":\"https:\\\/\\\/www.eldigitaldeasturias.com\\\/noticias\\\/author\\\/admin\\\/#author\"},\"publisher\":{\"@id\":\"https:\\\/\\\/www.eldigitaldeasturias.com\\\/noticias\\\/#organization\"},\"image\":{\"@type\":\"ImageObject\",\"url\":\"https:\\\/\\\/www.eldigitaldeasturias.com\\\/noticias\\\/wp-content\\\/uploads\\\/2013\\\/09\\\/gijon.jpg\"},\"datePublished\":\"2013-09-25T19:33:09+02:00\",\"dateModified\":\"2013-09-25T19:33:09+02:00\",\"inLanguage\":\"es-ES\",\"mainEntityOfPage\":{\"@id\":\"https:\\\/\\\/www.eldigitaldeasturias.com\\\/noticias\\\/gijon-el-pp-pide-a-foro-que-se-ocupe-de-la-zona-oeste-y-apoye-a-la-asociacion-mar-de-niebla\\\/#webpage\"},\"isPartOf\":{\"@id\":\"https:\\\/\\\/www.eldigitaldeasturias.com\\\/noticias\\\/gijon-el-pp-pide-a-foro-que-se-ocupe-de-la-zona-oeste-y-apoye-a-la-asociacion-mar-de-niebla\\\/#webpage\"},\"articleSection\":\"Actualidad Asturias\"},{\"@type\":\"BreadcrumbList\",\"@id\":\"https:\\\/\\\/www.eldigitaldeasturias.com\\\/noticias\\\/gijon-el-pp-pide-a-foro-que-se-ocupe-de-la-zona-oeste-y-apoye-a-la-asociacion-mar-de-niebla\\\/#breadcrumblist\",\"itemListElement\":[{\"@type\":\"ListItem\",\"@id\":\"https:\\\/\\\/www.eldigitaldeasturias.com\\\/noticias#listItem\",\"position\":1,\"name\":\"Home\",\"item\":\"https:\\\/\\\/www.eldigitaldeasturias.com\\\/noticias\",\"nextItem\":{\"@type\":\"ListItem\",\"@id\":\"https:\\\/\\\/www.eldigitaldeasturias.com\\\/noticias\\\/category\\\/actualidad-asturias\\\/#listItem\",\"name\":\"Actualidad Asturias\"}},{\"@type\":\"ListItem\",\"@id\":\"https:\\\/\\\/www.eldigitaldeasturias.com\\\/noticias\\\/category\\\/actualidad-asturias\\\/#listItem\",\"position\":2,\"name\":\"Actualidad Asturias\",\"item\":\"https:\\\/\\\/www.eldigitaldeasturias.com\\\/noticias\\\/category\\\/actualidad-asturias\\\/\",\"nextItem\":{\"@type\":\"ListItem\",\"@id\":\"https:\\\/\\\/www.eldigitaldeasturias.com\\\/noticias\\\/gijon-el-pp-pide-a-foro-que-se-ocupe-de-la-zona-oeste-y-apoye-a-la-asociacion-mar-de-niebla\\\/#listItem\",\"name\":\"Gij\\u00f3n : El PP pide a Foro que \\u00abse ocupe\\u00bb de la zona Oeste y apoye a la asociaci\\u00f3n Mar de Niebla\"},\"previousItem\":{\"@type\":\"ListItem\",\"@id\":\"https:\\\/\\\/www.eldigitaldeasturias.com\\\/noticias#listItem\",\"name\":\"Home\"}},{\"@type\":\"ListItem\",\"@id\":\"https:\\\/\\\/www.eldigitaldeasturias.com\\\/noticias\\\/gijon-el-pp-pide-a-foro-que-se-ocupe-de-la-zona-oeste-y-apoye-a-la-asociacion-mar-de-niebla\\\/#listItem\",\"position\":3,\"name\":\"Gij\\u00f3n : El PP pide a Foro que \\u00abse ocupe\\u00bb de la zona Oeste y apoye a la asociaci\\u00f3n Mar de Niebla\",\"previousItem\":{\"@type\":\"ListItem\",\"@id\":\"https:\\\/\\\/www.eldigitaldeasturias.com\\\/noticias\\\/category\\\/actualidad-asturias\\\/#listItem\",\"name\":\"Actualidad Asturias\"}}]},{\"@type\":\"Organization\",\"@id\":\"https:\\\/\\\/www.eldigitaldeasturias.com\\\/noticias\\\/#organization\",\"name\":\"El Digital de Asturias\",\"description\":\"Hemeroteca\",\"url\":\"https:\\\/\\\/www.eldigitaldeasturias.com\\\/noticias\\\/\",\"email\":\"info@eldigitaldeasturias.com\",\"telephone\":\"+34652131393\",\"logo\":{\"@type\":\"ImageObject\",\"url\":\"https:\\\/\\\/www.eldigitaldeasturias.com\\\/noticias\\\/wp-content\\\/uploads\\\/2020\\\/12\\\/EDA.jpg\",\"@id\":\"https:\\\/\\\/www.eldigitaldeasturias.com\\\/noticias\\\/gijon-el-pp-pide-a-foro-que-se-ocupe-de-la-zona-oeste-y-apoye-a-la-asociacion-mar-de-niebla\\\/#organizationLogo\",\"width\":649,\"height\":297},\"image\":{\"@id\":\"https:\\\/\\\/www.eldigitaldeasturias.com\\\/noticias\\\/gijon-el-pp-pide-a-foro-que-se-ocupe-de-la-zona-oeste-y-apoye-a-la-asociacion-mar-de-niebla\\\/#organizationLogo\"},\"sameAs\":[\"https:\\\/\\\/facebook.com\\\/eldigitaldeasturias\",\"https:\\\/\\\/www.youtube.com\\\/channel\\\/UCZP-2wLEB9Rv6erhFmqVnvg\"],\"address\":{\"@id\":\"https:\\\/\\\/www.eldigitaldeasturias.com\\\/noticias\\\/#postaladdress\",\"@type\":\"PostalAddress\",\"streetAddress\":\"san antonio 4,\",\"postalCode\":\"33430\",\"addressLocality\":\"Cand\\u00e1s\",\"addressRegion\":\"Asturias\",\"addressCountry\":\"ES\"}},{\"@type\":\"Person\",\"@id\":\"https:\\\/\\\/www.eldigitaldeasturias.com\\\/noticias\\\/author\\\/admin\\\/#author\",\"url\":\"https:\\\/\\\/www.eldigitaldeasturias.com\\\/noticias\\\/author\\\/admin\\\/\",\"name\":\"El Digital de Asturias\",\"image\":{\"@type\":\"ImageObject\",\"@id\":\"https:\\\/\\\/www.eldigitaldeasturias.com\\\/noticias\\\/gijon-el-pp-pide-a-foro-que-se-ocupe-de-la-zona-oeste-y-apoye-a-la-asociacion-mar-de-niebla\\\/#authorImage\",\"url\":\"https:\\\/\\\/www.eldigitaldeasturias.com\\\/noticias\\\/wp-content\\\/litespeed\\\/avatar\\\/18677e78aa0546b92d9dbf31ec7d7668.jpg?ver=1777290358\",\"width\":96,\"height\":96,\"caption\":\"El Digital de Asturias\"}},{\"@type\":\"WebPage\",\"@id\":\"https:\\\/\\\/www.eldigitaldeasturias.com\\\/noticias\\\/gijon-el-pp-pide-a-foro-que-se-ocupe-de-la-zona-oeste-y-apoye-a-la-asociacion-mar-de-niebla\\\/#webpage\",\"url\":\"https:\\\/\\\/www.eldigitaldeasturias.com\\\/noticias\\\/gijon-el-pp-pide-a-foro-que-se-ocupe-de-la-zona-oeste-y-apoye-a-la-asociacion-mar-de-niebla\\\/\",\"name\":\"Gij\\u00f3n : El PP pide a Foro que \\u00abse ocupe\\u00bb de la zona Oeste y apoye a la asociaci\\u00f3n Mar de Niebla - El Digital de Asturias\",\"description\":\"GIJ\\u00d3N, 25 Sep. (EUROPA PRESS) - El Grupo Municipal Popular en el Ayuntamiento de Gij\\u00f3n ha reclamado al Gobierno Local que \\\"se ocupe\\\" de la zona Oeste de la ciudad y, especialmente, que apoye las iniciativas que desarrolla la asociaci\\u00f3n Mar de Niebla all\\u00ed. En este sentido, la presidenta de la gestora del PP gijon\\u00e9s, \\u00c1ngeles\",\"inLanguage\":\"es-ES\",\"isPartOf\":{\"@id\":\"https:\\\/\\\/www.eldigitaldeasturias.com\\\/noticias\\\/#website\"},\"breadcrumb\":{\"@id\":\"https:\\\/\\\/www.eldigitaldeasturias.com\\\/noticias\\\/gijon-el-pp-pide-a-foro-que-se-ocupe-de-la-zona-oeste-y-apoye-a-la-asociacion-mar-de-niebla\\\/#breadcrumblist\"},\"author\":{\"@id\":\"https:\\\/\\\/www.eldigitaldeasturias.com\\\/noticias\\\/author\\\/admin\\\/#author\"},\"creator\":{\"@id\":\"https:\\\/\\\/www.eldigitaldeasturias.com\\\/noticias\\\/author\\\/admin\\\/#author\"},\"image\":{\"@type\":\"ImageObject\",\"url\":\"https:\\\/\\\/www.eldigitaldeasturias.com\\\/noticias\\\/wp-content\\\/uploads\\\/2013\\\/09\\\/gijon.jpg\",\"@id\":\"https:\\\/\\\/www.eldigitaldeasturias.com\\\/noticias\\\/gijon-el-pp-pide-a-foro-que-se-ocupe-de-la-zona-oeste-y-apoye-a-la-asociacion-mar-de-niebla\\\/#mainImage\"},\"primaryImageOfPage\":{\"@id\":\"https:\\\/\\\/www.eldigitaldeasturias.com\\\/noticias\\\/gijon-el-pp-pide-a-foro-que-se-ocupe-de-la-zona-oeste-y-apoye-a-la-asociacion-mar-de-niebla\\\/#mainImage\"},\"datePublished\":\"2013-09-25T19:33:09+02:00\",\"dateModified\":\"2013-09-25T19:33:09+02:00\"},{\"@type\":\"WebSite\",\"@id\":\"https:\\\/\\\/www.eldigitaldeasturias.com\\\/noticias\\\/#website\",\"url\":\"https:\\\/\\\/www.eldigitaldeasturias.com\\\/noticias\\\/\",\"name\":\"El Digital de Asturias - Diario de actualidad y noticias\",\"alternateName\":\"El Digital de Asturias - Diario de actualidad y noticias\",\"description\":\"Hemeroteca\",\"inLanguage\":\"es-ES\",\"publisher\":{\"@id\":\"https:\\\/\\\/www.eldigitaldeasturias.com\\\/noticias\\\/#organization\"}}]}\n\t\t<\/script>\n\t\t<!-- All in One SEO Pro -->\r\n\t\t<title>Gij\u00f3n : El PP pide a Foro que \u00abse ocupe\u00bb de la zona Oeste y apoye a la asociaci\u00f3n Mar de Niebla - El Digital de Asturias<\/title>\n\n","aioseo_head_json":{"title":"Gij\u00f3n : El PP pide a Foro que \u00abse ocupe\u00bb de la zona Oeste y apoye a la asociaci\u00f3n Mar de Niebla - El Digital de Asturias","description":"GIJ\u00d3N, 25 Sep. (EUROPA PRESS) - El Grupo Municipal Popular en el Ayuntamiento de Gij\u00f3n ha reclamado al Gobierno Local que \"se ocupe\" de la zona Oeste de la ciudad y, especialmente, que apoye las iniciativas que desarrolla la asociaci\u00f3n Mar de Niebla all\u00ed. En este sentido, la presidenta de la gestora del PP gijon\u00e9s, \u00c1ngeles","canonical_url":"https:\/\/www.eldigitaldeasturias.com\/noticias\/gijon-el-pp-pide-a-foro-que-se-ocupe-de-la-zona-oeste-y-apoye-a-la-asociacion-mar-de-niebla\/","robots":"max-image-preview:large","keywords":"actualidad asturias","webmasterTools":{"google-site-verification":"UA-38556648-1","msvalidate.01":"7dfe9f3f1b24437ab69f4f2559babe99","miscellaneous":""},"schema":{"@context":"https:\/\/schema.org","@graph":[{"@type":"BlogPosting","@id":"https:\/\/www.eldigitaldeasturias.com\/noticias\/gijon-el-pp-pide-a-foro-que-se-ocupe-de-la-zona-oeste-y-apoye-a-la-asociacion-mar-de-niebla\/#blogposting","name":"Gij\u00f3n : El PP pide a Foro que \u00abse ocupe\u00bb de la zona Oeste y apoye a la asociaci\u00f3n Mar de Niebla - El Digital de Asturias","headline":"Gij\u00f3n : El PP pide a Foro que \u00abse ocupe\u00bb de la zona Oeste y apoye a la asociaci\u00f3n Mar de Niebla","author":{"@id":"https:\/\/www.eldigitaldeasturias.com\/noticias\/author\/admin\/#author"},"publisher":{"@id":"https:\/\/www.eldigitaldeasturias.com\/noticias\/#organization"},"image":{"@type":"ImageObject","url":"https:\/\/www.eldigitaldeasturias.com\/noticias\/wp-content\/uploads\/2013\/09\/gijon.jpg"},"datePublished":"2013-09-25T19:33:09+02:00","dateModified":"2013-09-25T19:33:09+02:00","inLanguage":"es-ES","mainEntityOfPage":{"@id":"https:\/\/www.eldigitaldeasturias.com\/noticias\/gijon-el-pp-pide-a-foro-que-se-ocupe-de-la-zona-oeste-y-apoye-a-la-asociacion-mar-de-niebla\/#webpage"},"isPartOf":{"@id":"https:\/\/www.eldigitaldeasturias.com\/noticias\/gijon-el-pp-pide-a-foro-que-se-ocupe-de-la-zona-oeste-y-apoye-a-la-asociacion-mar-de-niebla\/#webpage"},"articleSection":"Actualidad Asturias"},{"@type":"BreadcrumbList","@id":"https:\/\/www.eldigitaldeasturias.com\/noticias\/gijon-el-pp-pide-a-foro-que-se-ocupe-de-la-zona-oeste-y-apoye-a-la-asociacion-mar-de-niebla\/#breadcrumblist","itemListElement":[{"@type":"ListItem","@id":"https:\/\/www.eldigitaldeasturias.com\/noticias#listItem","position":1,"name":"Home","item":"https:\/\/www.eldigitaldeasturias.com\/noticias","nextItem":{"@type":"ListItem","@id":"https:\/\/www.eldigitaldeasturias.com\/noticias\/category\/actualidad-asturias\/#listItem","name":"Actualidad Asturias"}},{"@type":"ListItem","@id":"https:\/\/www.eldigitaldeasturias.com\/noticias\/category\/actualidad-asturias\/#listItem","position":2,"name":"Actualidad Asturias","item":"https:\/\/www.eldigitaldeasturias.com\/noticias\/category\/actualidad-asturias\/","nextItem":{"@type":"ListItem","@id":"https:\/\/www.eldigitaldeasturias.com\/noticias\/gijon-el-pp-pide-a-foro-que-se-ocupe-de-la-zona-oeste-y-apoye-a-la-asociacion-mar-de-niebla\/#listItem","name":"Gij\u00f3n : El PP pide a Foro que \u00abse ocupe\u00bb de la zona Oeste y apoye a la asociaci\u00f3n Mar de Niebla"},"previousItem":{"@type":"ListItem","@id":"https:\/\/www.eldigitaldeasturias.com\/noticias#listItem","name":"Home"}},{"@type":"ListItem","@id":"https:\/\/www.eldigitaldeasturias.com\/noticias\/gijon-el-pp-pide-a-foro-que-se-ocupe-de-la-zona-oeste-y-apoye-a-la-asociacion-mar-de-niebla\/#listItem","position":3,"name":"Gij\u00f3n : El PP pide a Foro que \u00abse ocupe\u00bb de la zona Oeste y apoye a la asociaci\u00f3n Mar de Niebla","previousItem":{"@type":"ListItem","@id":"https:\/\/www.eldigitaldeasturias.com\/noticias\/category\/actualidad-asturias\/#listItem","name":"Actualidad Asturias"}}]},{"@type":"Organization","@id":"https:\/\/www.eldigitaldeasturias.com\/noticias\/#organization","name":"El Digital de Asturias","description":"Hemeroteca","url":"https:\/\/www.eldigitaldeasturias.com\/noticias\/","email":"info@eldigitaldeasturias.com","telephone":"+34652131393","logo":{"@type":"ImageObject","url":"https:\/\/www.eldigitaldeasturias.com\/noticias\/wp-content\/uploads\/2020\/12\/EDA.jpg","@id":"https:\/\/www.eldigitaldeasturias.com\/noticias\/gijon-el-pp-pide-a-foro-que-se-ocupe-de-la-zona-oeste-y-apoye-a-la-asociacion-mar-de-niebla\/#organizationLogo","width":649,"height":297},"image":{"@id":"https:\/\/www.eldigitaldeasturias.com\/noticias\/gijon-el-pp-pide-a-foro-que-se-ocupe-de-la-zona-oeste-y-apoye-a-la-asociacion-mar-de-niebla\/#organizationLogo"},"sameAs":["https:\/\/facebook.com\/eldigitaldeasturias","https:\/\/www.youtube.com\/channel\/UCZP-2wLEB9Rv6erhFmqVnvg"],"address":{"@id":"https:\/\/www.eldigitaldeasturias.com\/noticias\/#postaladdress","@type":"PostalAddress","streetAddress":"san antonio 4,","postalCode":"33430","addressLocality":"Cand\u00e1s","addressRegion":"Asturias","addressCountry":"ES"}},{"@type":"Person","@id":"https:\/\/www.eldigitaldeasturias.com\/noticias\/author\/admin\/#author","url":"https:\/\/www.eldigitaldeasturias.com\/noticias\/author\/admin\/","name":"El Digital de Asturias","image":{"@type":"ImageObject","@id":"https:\/\/www.eldigitaldeasturias.com\/noticias\/gijon-el-pp-pide-a-foro-que-se-ocupe-de-la-zona-oeste-y-apoye-a-la-asociacion-mar-de-niebla\/#authorImage","url":"https:\/\/www.eldigitaldeasturias.com\/noticias\/wp-content\/litespeed\/avatar\/18677e78aa0546b92d9dbf31ec7d7668.jpg?ver=1777290358","width":96,"height":96,"caption":"El Digital de Asturias"}},{"@type":"WebPage","@id":"https:\/\/www.eldigitaldeasturias.com\/noticias\/gijon-el-pp-pide-a-foro-que-se-ocupe-de-la-zona-oeste-y-apoye-a-la-asociacion-mar-de-niebla\/#webpage","url":"https:\/\/www.eldigitaldeasturias.com\/noticias\/gijon-el-pp-pide-a-foro-que-se-ocupe-de-la-zona-oeste-y-apoye-a-la-asociacion-mar-de-niebla\/","name":"Gij\u00f3n : El PP pide a Foro que \u00abse ocupe\u00bb de la zona Oeste y apoye a la asociaci\u00f3n Mar de Niebla - El Digital de Asturias","description":"GIJ\u00d3N, 25 Sep. (EUROPA PRESS) - El Grupo Municipal Popular en el Ayuntamiento de Gij\u00f3n ha reclamado al Gobierno Local que \"se ocupe\" de la zona Oeste de la ciudad y, especialmente, que apoye las iniciativas que desarrolla la asociaci\u00f3n Mar de Niebla all\u00ed. En este sentido, la presidenta de la gestora del PP gijon\u00e9s, \u00c1ngeles","inLanguage":"es-ES","isPartOf":{"@id":"https:\/\/www.eldigitaldeasturias.com\/noticias\/#website"},"breadcrumb":{"@id":"https:\/\/www.eldigitaldeasturias.com\/noticias\/gijon-el-pp-pide-a-foro-que-se-ocupe-de-la-zona-oeste-y-apoye-a-la-asociacion-mar-de-niebla\/#breadcrumblist"},"author":{"@id":"https:\/\/www.eldigitaldeasturias.com\/noticias\/author\/admin\/#author"},"creator":{"@id":"https:\/\/www.eldigitaldeasturias.com\/noticias\/author\/admin\/#author"},"image":{"@type":"ImageObject","url":"https:\/\/www.eldigitaldeasturias.com\/noticias\/wp-content\/uploads\/2013\/09\/gijon.jpg","@id":"https:\/\/www.eldigitaldeasturias.com\/noticias\/gijon-el-pp-pide-a-foro-que-se-ocupe-de-la-zona-oeste-y-apoye-a-la-asociacion-mar-de-niebla\/#mainImage"},"primaryImageOfPage":{"@id":"https:\/\/www.eldigitaldeasturias.com\/noticias\/gijon-el-pp-pide-a-foro-que-se-ocupe-de-la-zona-oeste-y-apoye-a-la-asociacion-mar-de-niebla\/#mainImage"},"datePublished":"2013-09-25T19:33:09+02:00","dateModified":"2013-09-25T19:33:09+02:00"},{"@type":"WebSite","@id":"https:\/\/www.eldigitaldeasturias.com\/noticias\/#website","url":"https:\/\/www.eldigitaldeasturias.com\/noticias\/","name":"El Digital de Asturias - Diario de actualidad y noticias","alternateName":"El Digital de Asturias - Diario de actualidad y noticias","description":"Hemeroteca","inLanguage":"es-ES","publisher":{"@id":"https:\/\/www.eldigitaldeasturias.com\/noticias\/#organization"}}]},"og:locale":"es_ES","og:site_name":"El Digital de Asturias","og:type":"article","og:title":"Gij\u00f3n : El PP pide a Foro que \u00abse ocupe\u00bb de la zona Oeste y apoye a la asociaci\u00f3n Mar de Niebla - El Digital de Asturias","og:description":"GIJ\u00d3N, 25 Sep. (EUROPA PRESS) - El Grupo Municipal Popular en el Ayuntamiento de Gij\u00f3n ha reclamado al Gobierno Local que &quot;se ocupe&quot; de la zona Oeste de la ciudad y, especialmente, que apoye las iniciativas que desarrolla la asociaci\u00f3n Mar de Niebla all\u00ed. En este sentido, la presidenta de la gestora del PP gijon\u00e9s, \u00c1ngeles","og:url":"https:\/\/www.eldigitaldeasturias.com\/noticias\/gijon-el-pp-pide-a-foro-que-se-ocupe-de-la-zona-oeste-y-apoye-a-la-asociacion-mar-de-niebla\/","og:image":"https:\/\/www.eldigitaldeasturias.com\/noticias\/wp-content\/uploads\/2013\/09\/gijon.jpg","og:image:secure_url":"https:\/\/www.eldigitaldeasturias.com\/noticias\/wp-content\/uploads\/2013\/09\/gijon.jpg","article:tag":["actualidad asturias"],"article:published_time":"2013-09-25T19:33:09+00:00","article:modified_time":"2013-09-25T19:33:09+00:00","article:publisher":"https:\/\/facebook.com\/eldigitaldeasturias","twitter:card":"summary_large_image","twitter:title":"Gij\u00f3n : El PP pide a Foro que \u00abse ocupe\u00bb de la zona Oeste y apoye a la asociaci\u00f3n Mar de Niebla - El Digital de Asturias","twitter:description":"GIJ\u00d3N, 25 Sep. (EUROPA PRESS) - El Grupo Municipal Popular en el Ayuntamiento de Gij\u00f3n ha reclamado al Gobierno Local que &quot;se ocupe&quot; de la zona Oeste de la ciudad y, especialmente, que apoye las iniciativas que desarrolla la asociaci\u00f3n Mar de Niebla all\u00ed. En este sentido, la presidenta de la gestora del PP gijon\u00e9s, \u00c1ngeles","twitter:image":"https:\/\/www.eldigitaldeasturias.com\/noticias\/wp-content\/uploads\/2013\/09\/gijon.jpg","twitter:label1":"Escrito por","twitter:data1":"El Digital de Asturias","twitter:label2":"Tiempo de lectura estimado","twitter:data2":"1 minuto"},"aioseo_meta_data":{"post_id":"3076","title":null,"description":null,"keywords":null,"keyphrases":null,"primary_term":null,"canonical_url":null,"og_title":null,"og_description":null,"og_object_type":"default","og_image_type":"default","og_image_url":null,"og_image_width":null,"og_image_height":null,"og_image_custom_url":null,"og_image_custom_fields":null,"og_video":null,"og_custom_url":null,"og_article_section":null,"og_article_tags":null,"twitter_use_og":true,"twitter_card":"default","twitter_image_type":"default","twitter_image_url":null,"twitter_image_custom_url":null,"twitter_image_custom_fields":null,"twitter_title":null,"twitter_description":null,"schema":{"blockGraphs":[],"customGraphs":[],"default":{"data":{"Article":[],"Course":[],"Dataset":[],"FAQPage":[],"Movie":[],"Person":[],"Product":[],"ProductReview":[],"Car":[],"Recipe":[],"Service":[],"SoftwareApplication":[],"WebPage":[]},"graphName":"","isEnabled":true},"graphs":[],"defaultGraph":"","defaultPostTypeGraph":""},"schema_type":null,"schema_type_options":null,"pillar_content":false,"robots_default":true,"robots_noindex":false,"robots_noarchive":false,"robots_nosnippet":false,"robots_nofollow":false,"robots_noimageindex":false,"robots_noodp":false,"robots_notranslate":false,"robots_max_snippet":null,"robots_max_videopreview":null,"robots_max_imagepreview":"none","priority":null,"frequency":null,"local_seo":null,"seo_analyzer_scan_date":"2025-08-21 05:40:52","breadcrumb_settings":null,"limit_modified_date":false,"open_ai":null,"ai":null,"created":"2020-11-14 22:37:00","updated":"2025-08-21 05:40:52"},"aioseo_breadcrumb":"<div class=\"aioseo-breadcrumbs\"><span class=\"aioseo-breadcrumb\">\n\t<a href=\"https:\/\/www.eldigitaldeasturias.com\/noticias\" title=\"Home\">Home<\/a>\n<\/span><span class=\"aioseo-breadcrumb-separator\">\u2013<\/span><span class=\"aioseo-breadcrumb\">\n\t<a href=\"https:\/\/www.eldigitaldeasturias.com\/noticias\/category\/actualidad-asturias\/\" title=\"Actualidad Asturias\">Actualidad Asturias<\/a>\n<\/span><span class=\"aioseo-breadcrumb-separator\">\u2013<\/span><span class=\"aioseo-breadcrumb\">\n\t<a href=\"https:\/\/www.eldigitaldeasturias.com\/noticias\/gijon-el-pp-pide-a-foro-que-se-ocupe-de-la-zona-oeste-y-apoye-a-la-asociacion-mar-de-niebla\/\" title=\"Gij\u00f3n : El PP pide a Foro que \u00abse ocupe\u00bb de la zona Oeste y apoye a la asociaci\u00f3n Mar de Niebla\">Gij\u00f3n : El PP pide a Foro que \u00abse ocupe\u00bb de la zona Oeste y apoye a la asociaci\u00f3n Mar de Niebla<\/a>\n<\/span><\/div>","aioseo_breadcrumb_json":[{"label":"Home","link":"https:\/\/www.eldigitaldeasturias.com\/noticias"},{"label":"Actualidad Asturias","link":"https:\/\/www.eldigitaldeasturias.com\/noticias\/category\/actualidad-asturias\/"},{"label":"Gij\u00f3n : El PP pide a Foro que \u00abse ocupe\u00bb de la zona Oeste y apoye a la asociaci\u00f3n Mar de Niebla","link":"https:\/\/www.eldigitaldeasturias.com\/noticias\/gijon-el-pp-pide-a-foro-que-se-ocupe-de-la-zona-oeste-y-apoye-a-la-asociacion-mar-de-niebla\/"}],"_links":{"self":[{"href":"https:\/\/www.eldigitaldeasturias.com\/noticias\/wp-json\/wp\/v2\/posts\/3076","targetHints":{"allow":["GET"]}}],"collection":[{"href":"https:\/\/www.eldigitaldeasturias.com\/noticias\/wp-json\/wp\/v2\/posts"}],"about":[{"href":"https:\/\/www.eldigitaldeasturias.com\/noticias\/wp-json\/wp\/v2\/types\/post"}],"author":[{"embeddable":true,"href":"https:\/\/www.eldigitaldeasturias.com\/noticias\/wp-json\/wp\/v2\/users\/1"}],"replies":[{"embeddable":true,"href":"https:\/\/www.eldigitaldeasturias.com\/noticias\/wp-json\/wp\/v2\/comments?post=3076"}],"version-history":[{"count":0,"href":"https:\/\/www.eldigitaldeasturias.com\/noticias\/wp-json\/wp\/v2\/posts\/3076\/revisions"}],"wp:featuredmedia":[{"embeddable":true,"href":"https:\/\/www.eldigitaldeasturias.com\/noticias\/wp-json\/wp\/v2\/media\/186"}],"wp:attachment":[{"href":"https:\/\/www.eldigitaldeasturias.com\/noticias\/wp-json\/wp\/v2\/media?parent=3076"}],"wp:term":[{"taxonomy":"category","embeddable":true,"href":"https:\/\/www.eldigitaldeasturias.com\/noticias\/wp-json\/wp\/v2\/categories?post=3076"},{"taxonomy":"post_tag","embeddable":true,"href":"https:\/\/www.eldigitaldeasturias.com\/noticias\/wp-json\/wp\/v2\/tags?post=3076"}],"curies":[{"name":"wp","href":"https:\/\/api.w.org\/{rel}","templated":true}]}}