{"id":3071,"date":"2013-09-25T19:29:13","date_gmt":"2013-09-25T19:29:13","guid":{"rendered":"http:\/\/www.eldigitaldeasturias.com\/noticias\/?p=3071"},"modified":"2013-09-25T19:29:13","modified_gmt":"2013-09-25T19:29:13","slug":"ecologistas-critican-la-dejacion-de-funciones-de-la-direccion-de-picos-de-europa-en-el-incendio-del-cares","status":"publish","type":"post","link":"https:\/\/www.eldigitaldeasturias.com\/noticias\/ecologistas-critican-la-dejacion-de-funciones-de-la-direccion-de-picos-de-europa-en-el-incendio-del-cares\/","title":{"rendered":"Ecologistas critican la \u00abdejaci\u00f3n de funciones\u00bb de la direcci\u00f3n de Picos de Europa en el incendio del Cares"},"content":{"rendered":"<p><img loading=\"lazy\" decoding=\"async\" class=\"alignleft size-medium wp-image-3072\" alt=\"fotonoticia_20130925140919_800\" src=\"https:\/\/www.eldigitaldeasturias.com\/noticias\/wp-content\/uploads\/2013\/09\/fotonoticia_20130925140919_800-360x269.jpg\" width=\"360\" height=\"269\" \/>OVIEDO, 25 Sep. (EUROPA PRESS) &#8211;\u00a0La representaci\u00f3n de los ecologistas en el Patronato del Parque Nacional de los Picos de Europa ha emitido un comunicado en el que denuncia p\u00fablicamente \u00abla dejaci\u00f3n de funciones de vigilancia y de prevenci\u00f3n de incendios forestales por los \u00f3rganos gestores del Parque Nacional de los Picos de Europa, puesta una vez m\u00e1s de manifiesto en la tarde de ayer lunes al declararse un incendio de ingentes dimensiones en las vaguadas que van a caer a la Senda del Cares, de alt\u00edsimo valor ecol\u00f3gico\u00bb.<\/p>\n<p>Para las asociaciones, \u00ablos \u00f3rganos gestores han incurrido en la inoperancia absoluta al no haber realizado el menor esfuerzo protector del Patrimonio Natural, permitiendo una vez m\u00e1s que gran parte del ecosistema, con las especies de flora (encinas, entre otras) y fauna que alberga, sucumba bajo las llamas\u00bb.<\/p>\n<p>\u00abDe haber adoptado el Director del Parque Nacional tantas medidas de precauci\u00f3n como las que brillan por su ausencia, este incendio podr\u00eda haberse evitado\u00bb, han a\u00f1adido.<\/p>\n<p>Los ecologistas reclaman que \u00abse aplique con absoluto rigor la Ley de Montes y se proh\u00edba todo acceso de ganado a las zonas quemadas hasta su completa regeneraci\u00f3n, entendiendo que se alcanza \u00e9sta cuando la zona abrasada logre el estado de evoluci\u00f3n forestal en que se hallaba con anterioridad a la declaraci\u00f3n del incendio\u00bb.<\/p>\n<p>SIN CONDENAS A PIR\u00d3MANOS<\/p>\n<p>Piden tambi\u00e9n que \u00abel delito de incendio forestal sea perseguido sin pausa y sin tregua, con todos los medios posibles (efectivos, c\u00e1maras de vigilancia, protocolos de riesgo, entre otros), de modo que cada uno de los delincuentes sea puesto ante la autoridad judicial para ser juzgado y condenado\u00bb.<\/p>\n<p>\u00abNo es de recibo que, as\u00ed como en el resto de Asturias, se procese a numerosos imputados por delito de incendio, ni un solo autor de los que se perpetran en el interior del Parque Nacional en la \u00faltima d\u00e9cada haya pasado a ser enjuiciado, d\u00e1ndose, como se dan, todos los a\u00f1os, con lamentable regularidad, numerosos incendios en el espacio declarado protegido\u00bb, critican los ecologistas.<\/p>\n<p>Se\u00f1alan el \u00abpatente deterioro de las masas forestales sometidas tanto a la enorme presi\u00f3n ganadera como a la eliminaci\u00f3n mediante el fuego de especies arbustivas y zonas arb\u00f3reas para obtener pastos donde antes no los hab\u00eda a medio de incendios forestales perpetrados por los intereses particulares a los que se han de sumar los realizados por la propia administraci\u00f3n a trav\u00e9s de lo que denomina \u00abquemas controladas\u00bb\u00bb.<\/p>\n<p>Por este motivdo, demandan la elaboraci\u00f3n del Plan de Desarrollo Sostenible, en cumplimiento de la obligaci\u00f3n impuesta en el art\u00edculo 9.5 de la Ley 16\/1.995 de Declaraci\u00f3n del Parque Nacional de los Picos de Europa, \u00abde modo que se establezcan los criterios de sostenibilidad de las actividades econ\u00f3micas que se desarrollan en el interior del espacio protegido, y en concreto, la excesiva carga ganadera, que en un alt\u00edsimo porcentaje, est\u00e1 detr\u00e1s de los delitos de incendios forestales provocados en Parque Nacional\u00bb.<\/p>\n","protected":false},"excerpt":{"rendered":"<p>OVIEDO, 25 Sep. (EUROPA PRESS) &#8211;\u00a0La representaci\u00f3n de los ecologistas en el Patronato del Parque Nacional de los Picos de Europa ha emitido un comunicado en el que denuncia p\u00fablicamente \u00abla dejaci\u00f3n de funciones de vigilancia y de prevenci\u00f3n de incendios forestales por los \u00f3rganos gestores del Parque Nacional de los Picos de Europa, puesta [&hellip;]<\/p>\n","protected":false},"author":1,"featured_media":3072,"comment_status":"open","ping_status":"open","sticky":false,"template":"","format":"standard","meta":{"footnotes":""},"categories":[12],"tags":[],"class_list":["post-3071","post","type-post","status-publish","format-standard","has-post-thumbnail","hentry","category-actualidad-asturias"],"aioseo_notices":[],"aioseo_head":"\n\t\t<!-- All in One SEO Pro 4.9.6.2 - aioseo.com -->\n\t<meta name=\"description\" content=\"OVIEDO, 25 Sep. (EUROPA PRESS) - La representaci\u00f3n de los ecologistas en el Patronato del Parque Nacional de los Picos de Europa ha emitido un comunicado en el que denuncia p\u00fablicamente &quot;la dejaci\u00f3n de funciones de vigilancia y de prevenci\u00f3n de incendios forestales por los \u00f3rganos gestores del Parque Nacional de los Picos de Europa, puesta\" \/>\n\t<meta name=\"robots\" content=\"max-image-preview:large\" \/>\n\t<meta name=\"author\" content=\"El Digital de Asturias\"\/>\n\t<meta name=\"google-site-verification\" content=\"UA-38556648-1\" \/>\n\t<meta name=\"msvalidate.01\" content=\"7dfe9f3f1b24437ab69f4f2559babe99\" \/>\n\t<meta name=\"keywords\" content=\"actualidad asturias\" \/>\n\t<link rel=\"canonical\" href=\"https:\/\/www.eldigitaldeasturias.com\/noticias\/ecologistas-critican-la-dejacion-de-funciones-de-la-direccion-de-picos-de-europa-en-el-incendio-del-cares\/\" \/>\n\t<meta name=\"generator\" content=\"All in One SEO Pro (AIOSEO) 4.9.6.2\" \/>\n\t\t<meta property=\"og:locale\" content=\"es_ES\" \/>\n\t\t<meta property=\"og:site_name\" content=\"El Digital de Asturias\" \/>\n\t\t<meta property=\"og:type\" content=\"article\" \/>\n\t\t<meta property=\"og:title\" content=\"Ecologistas critican la \u00abdejaci\u00f3n de funciones\u00bb de la direcci\u00f3n de Picos de Europa en el incendio del Cares - El Digital de Asturias\" \/>\n\t\t<meta property=\"og:description\" content=\"OVIEDO, 25 Sep. (EUROPA PRESS) - La representaci\u00f3n de los ecologistas en el Patronato del Parque Nacional de los Picos de Europa ha emitido un comunicado en el que denuncia p\u00fablicamente &quot;la dejaci\u00f3n de funciones de vigilancia y de prevenci\u00f3n de incendios forestales por los \u00f3rganos gestores del Parque Nacional de los Picos de Europa, puesta\" \/>\n\t\t<meta property=\"og:url\" content=\"https:\/\/www.eldigitaldeasturias.com\/noticias\/ecologistas-critican-la-dejacion-de-funciones-de-la-direccion-de-picos-de-europa-en-el-incendio-del-cares\/\" \/>\n\t\t<meta property=\"article:tag\" content=\"actualidad asturias\" \/>\n\t\t<meta property=\"article:published_time\" content=\"2013-09-25T19:29:13+00:00\" \/>\n\t\t<meta property=\"article:modified_time\" content=\"2013-09-25T19:29:13+00:00\" \/>\n\t\t<meta property=\"article:publisher\" content=\"https:\/\/facebook.com\/eldigitaldeasturias\" \/>\n\t\t<meta name=\"twitter:card\" content=\"summary_large_image\" \/>\n\t\t<meta name=\"twitter:title\" content=\"Ecologistas critican la \u00abdejaci\u00f3n de funciones\u00bb de la direcci\u00f3n de Picos de Europa en el incendio del Cares - El Digital de Asturias\" \/>\n\t\t<meta name=\"twitter:description\" content=\"OVIEDO, 25 Sep. (EUROPA PRESS) - La representaci\u00f3n de los ecologistas en el Patronato del Parque Nacional de los Picos de Europa ha emitido un comunicado en el que denuncia p\u00fablicamente &quot;la dejaci\u00f3n de funciones de vigilancia y de prevenci\u00f3n de incendios forestales por los \u00f3rganos gestores del Parque Nacional de los Picos de Europa, puesta\" \/>\n\t\t<meta name=\"twitter:label1\" content=\"Escrito por\" \/>\n\t\t<meta name=\"twitter:data1\" content=\"El Digital de Asturias\" \/>\n\t\t<meta name=\"twitter:label2\" content=\"Tiempo de lectura estimado\" \/>\n\t\t<meta name=\"twitter:data2\" content=\"3 minutos\" \/>\n\t\t<script type=\"application\/ld+json\" class=\"aioseo-schema\">\n\t\t\t{\"@context\":\"https:\\\/\\\/schema.org\",\"@graph\":[{\"@type\":\"BlogPosting\",\"@id\":\"https:\\\/\\\/www.eldigitaldeasturias.com\\\/noticias\\\/ecologistas-critican-la-dejacion-de-funciones-de-la-direccion-de-picos-de-europa-en-el-incendio-del-cares\\\/#blogposting\",\"name\":\"Ecologistas critican la \\u00abdejaci\\u00f3n de funciones\\u00bb de la direcci\\u00f3n de Picos de Europa en el incendio del Cares - El Digital de Asturias\",\"headline\":\"Ecologistas critican la \\u00abdejaci\\u00f3n de funciones\\u00bb de la direcci\\u00f3n de Picos de Europa en el incendio del Cares\",\"author\":{\"@id\":\"https:\\\/\\\/www.eldigitaldeasturias.com\\\/noticias\\\/author\\\/admin\\\/#author\"},\"publisher\":{\"@id\":\"https:\\\/\\\/www.eldigitaldeasturias.com\\\/noticias\\\/#organization\"},\"image\":{\"@type\":\"ImageObject\",\"url\":3072},\"datePublished\":\"2013-09-25T19:29:13+02:00\",\"dateModified\":\"2013-09-25T19:29:13+02:00\",\"inLanguage\":\"es-ES\",\"mainEntityOfPage\":{\"@id\":\"https:\\\/\\\/www.eldigitaldeasturias.com\\\/noticias\\\/ecologistas-critican-la-dejacion-de-funciones-de-la-direccion-de-picos-de-europa-en-el-incendio-del-cares\\\/#webpage\"},\"isPartOf\":{\"@id\":\"https:\\\/\\\/www.eldigitaldeasturias.com\\\/noticias\\\/ecologistas-critican-la-dejacion-de-funciones-de-la-direccion-de-picos-de-europa-en-el-incendio-del-cares\\\/#webpage\"},\"articleSection\":\"Actualidad Asturias\"},{\"@type\":\"BreadcrumbList\",\"@id\":\"https:\\\/\\\/www.eldigitaldeasturias.com\\\/noticias\\\/ecologistas-critican-la-dejacion-de-funciones-de-la-direccion-de-picos-de-europa-en-el-incendio-del-cares\\\/#breadcrumblist\",\"itemListElement\":[{\"@type\":\"ListItem\",\"@id\":\"https:\\\/\\\/www.eldigitaldeasturias.com\\\/noticias#listItem\",\"position\":1,\"name\":\"Home\",\"item\":\"https:\\\/\\\/www.eldigitaldeasturias.com\\\/noticias\",\"nextItem\":{\"@type\":\"ListItem\",\"@id\":\"https:\\\/\\\/www.eldigitaldeasturias.com\\\/noticias\\\/category\\\/actualidad-asturias\\\/#listItem\",\"name\":\"Actualidad Asturias\"}},{\"@type\":\"ListItem\",\"@id\":\"https:\\\/\\\/www.eldigitaldeasturias.com\\\/noticias\\\/category\\\/actualidad-asturias\\\/#listItem\",\"position\":2,\"name\":\"Actualidad Asturias\",\"item\":\"https:\\\/\\\/www.eldigitaldeasturias.com\\\/noticias\\\/category\\\/actualidad-asturias\\\/\",\"nextItem\":{\"@type\":\"ListItem\",\"@id\":\"https:\\\/\\\/www.eldigitaldeasturias.com\\\/noticias\\\/ecologistas-critican-la-dejacion-de-funciones-de-la-direccion-de-picos-de-europa-en-el-incendio-del-cares\\\/#listItem\",\"name\":\"Ecologistas critican la \\u00abdejaci\\u00f3n de funciones\\u00bb de la direcci\\u00f3n de Picos de Europa en el incendio del Cares\"},\"previousItem\":{\"@type\":\"ListItem\",\"@id\":\"https:\\\/\\\/www.eldigitaldeasturias.com\\\/noticias#listItem\",\"name\":\"Home\"}},{\"@type\":\"ListItem\",\"@id\":\"https:\\\/\\\/www.eldigitaldeasturias.com\\\/noticias\\\/ecologistas-critican-la-dejacion-de-funciones-de-la-direccion-de-picos-de-europa-en-el-incendio-del-cares\\\/#listItem\",\"position\":3,\"name\":\"Ecologistas critican la \\u00abdejaci\\u00f3n de funciones\\u00bb de la direcci\\u00f3n de Picos de Europa en el incendio del Cares\",\"previousItem\":{\"@type\":\"ListItem\",\"@id\":\"https:\\\/\\\/www.eldigitaldeasturias.com\\\/noticias\\\/category\\\/actualidad-asturias\\\/#listItem\",\"name\":\"Actualidad Asturias\"}}]},{\"@type\":\"Organization\",\"@id\":\"https:\\\/\\\/www.eldigitaldeasturias.com\\\/noticias\\\/#organization\",\"name\":\"El Digital de Asturias\",\"description\":\"Hemeroteca\",\"url\":\"https:\\\/\\\/www.eldigitaldeasturias.com\\\/noticias\\\/\",\"email\":\"info@eldigitaldeasturias.com\",\"telephone\":\"+34652131393\",\"logo\":{\"@type\":\"ImageObject\",\"url\":\"https:\\\/\\\/www.eldigitaldeasturias.com\\\/noticias\\\/wp-content\\\/uploads\\\/2020\\\/12\\\/EDA.jpg\",\"@id\":\"https:\\\/\\\/www.eldigitaldeasturias.com\\\/noticias\\\/ecologistas-critican-la-dejacion-de-funciones-de-la-direccion-de-picos-de-europa-en-el-incendio-del-cares\\\/#organizationLogo\",\"width\":649,\"height\":297},\"image\":{\"@id\":\"https:\\\/\\\/www.eldigitaldeasturias.com\\\/noticias\\\/ecologistas-critican-la-dejacion-de-funciones-de-la-direccion-de-picos-de-europa-en-el-incendio-del-cares\\\/#organizationLogo\"},\"sameAs\":[\"https:\\\/\\\/facebook.com\\\/eldigitaldeasturias\",\"https:\\\/\\\/www.youtube.com\\\/channel\\\/UCZP-2wLEB9Rv6erhFmqVnvg\"],\"address\":{\"@id\":\"https:\\\/\\\/www.eldigitaldeasturias.com\\\/noticias\\\/#postaladdress\",\"@type\":\"PostalAddress\",\"streetAddress\":\"san antonio 4,\",\"postalCode\":\"33430\",\"addressLocality\":\"Cand\\u00e1s\",\"addressRegion\":\"Asturias\",\"addressCountry\":\"ES\"}},{\"@type\":\"Person\",\"@id\":\"https:\\\/\\\/www.eldigitaldeasturias.com\\\/noticias\\\/author\\\/admin\\\/#author\",\"url\":\"https:\\\/\\\/www.eldigitaldeasturias.com\\\/noticias\\\/author\\\/admin\\\/\",\"name\":\"El Digital de Asturias\",\"image\":{\"@type\":\"ImageObject\",\"@id\":\"https:\\\/\\\/www.eldigitaldeasturias.com\\\/noticias\\\/ecologistas-critican-la-dejacion-de-funciones-de-la-direccion-de-picos-de-europa-en-el-incendio-del-cares\\\/#authorImage\",\"url\":\"https:\\\/\\\/www.eldigitaldeasturias.com\\\/noticias\\\/wp-content\\\/litespeed\\\/avatar\\\/18677e78aa0546b92d9dbf31ec7d7668.jpg?ver=1777290358\",\"width\":96,\"height\":96,\"caption\":\"El Digital de Asturias\"}},{\"@type\":\"WebPage\",\"@id\":\"https:\\\/\\\/www.eldigitaldeasturias.com\\\/noticias\\\/ecologistas-critican-la-dejacion-de-funciones-de-la-direccion-de-picos-de-europa-en-el-incendio-del-cares\\\/#webpage\",\"url\":\"https:\\\/\\\/www.eldigitaldeasturias.com\\\/noticias\\\/ecologistas-critican-la-dejacion-de-funciones-de-la-direccion-de-picos-de-europa-en-el-incendio-del-cares\\\/\",\"name\":\"Ecologistas critican la \\u00abdejaci\\u00f3n de funciones\\u00bb de la direcci\\u00f3n de Picos de Europa en el incendio del Cares - El Digital de Asturias\",\"description\":\"OVIEDO, 25 Sep. (EUROPA PRESS) - La representaci\\u00f3n de los ecologistas en el Patronato del Parque Nacional de los Picos de Europa ha emitido un comunicado en el que denuncia p\\u00fablicamente \\\"la dejaci\\u00f3n de funciones de vigilancia y de prevenci\\u00f3n de incendios forestales por los \\u00f3rganos gestores del Parque Nacional de los Picos de Europa, puesta\",\"inLanguage\":\"es-ES\",\"isPartOf\":{\"@id\":\"https:\\\/\\\/www.eldigitaldeasturias.com\\\/noticias\\\/#website\"},\"breadcrumb\":{\"@id\":\"https:\\\/\\\/www.eldigitaldeasturias.com\\\/noticias\\\/ecologistas-critican-la-dejacion-de-funciones-de-la-direccion-de-picos-de-europa-en-el-incendio-del-cares\\\/#breadcrumblist\"},\"author\":{\"@id\":\"https:\\\/\\\/www.eldigitaldeasturias.com\\\/noticias\\\/author\\\/admin\\\/#author\"},\"creator\":{\"@id\":\"https:\\\/\\\/www.eldigitaldeasturias.com\\\/noticias\\\/author\\\/admin\\\/#author\"},\"image\":{\"@type\":\"ImageObject\",\"url\":3072,\"@id\":\"https:\\\/\\\/www.eldigitaldeasturias.com\\\/noticias\\\/ecologistas-critican-la-dejacion-de-funciones-de-la-direccion-de-picos-de-europa-en-el-incendio-del-cares\\\/#mainImage\"},\"primaryImageOfPage\":{\"@id\":\"https:\\\/\\\/www.eldigitaldeasturias.com\\\/noticias\\\/ecologistas-critican-la-dejacion-de-funciones-de-la-direccion-de-picos-de-europa-en-el-incendio-del-cares\\\/#mainImage\"},\"datePublished\":\"2013-09-25T19:29:13+02:00\",\"dateModified\":\"2013-09-25T19:29:13+02:00\"},{\"@type\":\"WebSite\",\"@id\":\"https:\\\/\\\/www.eldigitaldeasturias.com\\\/noticias\\\/#website\",\"url\":\"https:\\\/\\\/www.eldigitaldeasturias.com\\\/noticias\\\/\",\"name\":\"El Digital de Asturias - Diario de actualidad y noticias\",\"alternateName\":\"El Digital de Asturias - Diario de actualidad y noticias\",\"description\":\"Hemeroteca\",\"inLanguage\":\"es-ES\",\"publisher\":{\"@id\":\"https:\\\/\\\/www.eldigitaldeasturias.com\\\/noticias\\\/#organization\"}}]}\n\t\t<\/script>\n\t\t<!-- All in One SEO Pro -->\r\n\t\t<title>Ecologistas critican la \u00abdejaci\u00f3n de funciones\u00bb de la direcci\u00f3n de Picos de Europa en el incendio del Cares - El Digital de Asturias<\/title>\n\n","aioseo_head_json":{"title":"Ecologistas critican la \u00abdejaci\u00f3n de funciones\u00bb de la direcci\u00f3n de Picos de Europa en el incendio del Cares - El Digital de Asturias","description":"OVIEDO, 25 Sep. (EUROPA PRESS) - La representaci\u00f3n de los ecologistas en el Patronato del Parque Nacional de los Picos de Europa ha emitido un comunicado en el que denuncia p\u00fablicamente \"la dejaci\u00f3n de funciones de vigilancia y de prevenci\u00f3n de incendios forestales por los \u00f3rganos gestores del Parque Nacional de los Picos de Europa, puesta","canonical_url":"https:\/\/www.eldigitaldeasturias.com\/noticias\/ecologistas-critican-la-dejacion-de-funciones-de-la-direccion-de-picos-de-europa-en-el-incendio-del-cares\/","robots":"max-image-preview:large","keywords":"actualidad asturias","webmasterTools":{"google-site-verification":"UA-38556648-1","msvalidate.01":"7dfe9f3f1b24437ab69f4f2559babe99","miscellaneous":""},"schema":{"@context":"https:\/\/schema.org","@graph":[{"@type":"BlogPosting","@id":"https:\/\/www.eldigitaldeasturias.com\/noticias\/ecologistas-critican-la-dejacion-de-funciones-de-la-direccion-de-picos-de-europa-en-el-incendio-del-cares\/#blogposting","name":"Ecologistas critican la \u00abdejaci\u00f3n de funciones\u00bb de la direcci\u00f3n de Picos de Europa en el incendio del Cares - El Digital de Asturias","headline":"Ecologistas critican la \u00abdejaci\u00f3n de funciones\u00bb de la direcci\u00f3n de Picos de Europa en el incendio del Cares","author":{"@id":"https:\/\/www.eldigitaldeasturias.com\/noticias\/author\/admin\/#author"},"publisher":{"@id":"https:\/\/www.eldigitaldeasturias.com\/noticias\/#organization"},"image":{"@type":"ImageObject","url":3072},"datePublished":"2013-09-25T19:29:13+02:00","dateModified":"2013-09-25T19:29:13+02:00","inLanguage":"es-ES","mainEntityOfPage":{"@id":"https:\/\/www.eldigitaldeasturias.com\/noticias\/ecologistas-critican-la-dejacion-de-funciones-de-la-direccion-de-picos-de-europa-en-el-incendio-del-cares\/#webpage"},"isPartOf":{"@id":"https:\/\/www.eldigitaldeasturias.com\/noticias\/ecologistas-critican-la-dejacion-de-funciones-de-la-direccion-de-picos-de-europa-en-el-incendio-del-cares\/#webpage"},"articleSection":"Actualidad Asturias"},{"@type":"BreadcrumbList","@id":"https:\/\/www.eldigitaldeasturias.com\/noticias\/ecologistas-critican-la-dejacion-de-funciones-de-la-direccion-de-picos-de-europa-en-el-incendio-del-cares\/#breadcrumblist","itemListElement":[{"@type":"ListItem","@id":"https:\/\/www.eldigitaldeasturias.com\/noticias#listItem","position":1,"name":"Home","item":"https:\/\/www.eldigitaldeasturias.com\/noticias","nextItem":{"@type":"ListItem","@id":"https:\/\/www.eldigitaldeasturias.com\/noticias\/category\/actualidad-asturias\/#listItem","name":"Actualidad Asturias"}},{"@type":"ListItem","@id":"https:\/\/www.eldigitaldeasturias.com\/noticias\/category\/actualidad-asturias\/#listItem","position":2,"name":"Actualidad Asturias","item":"https:\/\/www.eldigitaldeasturias.com\/noticias\/category\/actualidad-asturias\/","nextItem":{"@type":"ListItem","@id":"https:\/\/www.eldigitaldeasturias.com\/noticias\/ecologistas-critican-la-dejacion-de-funciones-de-la-direccion-de-picos-de-europa-en-el-incendio-del-cares\/#listItem","name":"Ecologistas critican la \u00abdejaci\u00f3n de funciones\u00bb de la direcci\u00f3n de Picos de Europa en el incendio del Cares"},"previousItem":{"@type":"ListItem","@id":"https:\/\/www.eldigitaldeasturias.com\/noticias#listItem","name":"Home"}},{"@type":"ListItem","@id":"https:\/\/www.eldigitaldeasturias.com\/noticias\/ecologistas-critican-la-dejacion-de-funciones-de-la-direccion-de-picos-de-europa-en-el-incendio-del-cares\/#listItem","position":3,"name":"Ecologistas critican la \u00abdejaci\u00f3n de funciones\u00bb de la direcci\u00f3n de Picos de Europa en el incendio del Cares","previousItem":{"@type":"ListItem","@id":"https:\/\/www.eldigitaldeasturias.com\/noticias\/category\/actualidad-asturias\/#listItem","name":"Actualidad Asturias"}}]},{"@type":"Organization","@id":"https:\/\/www.eldigitaldeasturias.com\/noticias\/#organization","name":"El Digital de Asturias","description":"Hemeroteca","url":"https:\/\/www.eldigitaldeasturias.com\/noticias\/","email":"info@eldigitaldeasturias.com","telephone":"+34652131393","logo":{"@type":"ImageObject","url":"https:\/\/www.eldigitaldeasturias.com\/noticias\/wp-content\/uploads\/2020\/12\/EDA.jpg","@id":"https:\/\/www.eldigitaldeasturias.com\/noticias\/ecologistas-critican-la-dejacion-de-funciones-de-la-direccion-de-picos-de-europa-en-el-incendio-del-cares\/#organizationLogo","width":649,"height":297},"image":{"@id":"https:\/\/www.eldigitaldeasturias.com\/noticias\/ecologistas-critican-la-dejacion-de-funciones-de-la-direccion-de-picos-de-europa-en-el-incendio-del-cares\/#organizationLogo"},"sameAs":["https:\/\/facebook.com\/eldigitaldeasturias","https:\/\/www.youtube.com\/channel\/UCZP-2wLEB9Rv6erhFmqVnvg"],"address":{"@id":"https:\/\/www.eldigitaldeasturias.com\/noticias\/#postaladdress","@type":"PostalAddress","streetAddress":"san antonio 4,","postalCode":"33430","addressLocality":"Cand\u00e1s","addressRegion":"Asturias","addressCountry":"ES"}},{"@type":"Person","@id":"https:\/\/www.eldigitaldeasturias.com\/noticias\/author\/admin\/#author","url":"https:\/\/www.eldigitaldeasturias.com\/noticias\/author\/admin\/","name":"El Digital de Asturias","image":{"@type":"ImageObject","@id":"https:\/\/www.eldigitaldeasturias.com\/noticias\/ecologistas-critican-la-dejacion-de-funciones-de-la-direccion-de-picos-de-europa-en-el-incendio-del-cares\/#authorImage","url":"https:\/\/www.eldigitaldeasturias.com\/noticias\/wp-content\/litespeed\/avatar\/18677e78aa0546b92d9dbf31ec7d7668.jpg?ver=1777290358","width":96,"height":96,"caption":"El Digital de Asturias"}},{"@type":"WebPage","@id":"https:\/\/www.eldigitaldeasturias.com\/noticias\/ecologistas-critican-la-dejacion-de-funciones-de-la-direccion-de-picos-de-europa-en-el-incendio-del-cares\/#webpage","url":"https:\/\/www.eldigitaldeasturias.com\/noticias\/ecologistas-critican-la-dejacion-de-funciones-de-la-direccion-de-picos-de-europa-en-el-incendio-del-cares\/","name":"Ecologistas critican la \u00abdejaci\u00f3n de funciones\u00bb de la direcci\u00f3n de Picos de Europa en el incendio del Cares - El Digital de Asturias","description":"OVIEDO, 25 Sep. (EUROPA PRESS) - La representaci\u00f3n de los ecologistas en el Patronato del Parque Nacional de los Picos de Europa ha emitido un comunicado en el que denuncia p\u00fablicamente \"la dejaci\u00f3n de funciones de vigilancia y de prevenci\u00f3n de incendios forestales por los \u00f3rganos gestores del Parque Nacional de los Picos de Europa, puesta","inLanguage":"es-ES","isPartOf":{"@id":"https:\/\/www.eldigitaldeasturias.com\/noticias\/#website"},"breadcrumb":{"@id":"https:\/\/www.eldigitaldeasturias.com\/noticias\/ecologistas-critican-la-dejacion-de-funciones-de-la-direccion-de-picos-de-europa-en-el-incendio-del-cares\/#breadcrumblist"},"author":{"@id":"https:\/\/www.eldigitaldeasturias.com\/noticias\/author\/admin\/#author"},"creator":{"@id":"https:\/\/www.eldigitaldeasturias.com\/noticias\/author\/admin\/#author"},"image":{"@type":"ImageObject","url":3072,"@id":"https:\/\/www.eldigitaldeasturias.com\/noticias\/ecologistas-critican-la-dejacion-de-funciones-de-la-direccion-de-picos-de-europa-en-el-incendio-del-cares\/#mainImage"},"primaryImageOfPage":{"@id":"https:\/\/www.eldigitaldeasturias.com\/noticias\/ecologistas-critican-la-dejacion-de-funciones-de-la-direccion-de-picos-de-europa-en-el-incendio-del-cares\/#mainImage"},"datePublished":"2013-09-25T19:29:13+02:00","dateModified":"2013-09-25T19:29:13+02:00"},{"@type":"WebSite","@id":"https:\/\/www.eldigitaldeasturias.com\/noticias\/#website","url":"https:\/\/www.eldigitaldeasturias.com\/noticias\/","name":"El Digital de Asturias - Diario de actualidad y noticias","alternateName":"El Digital de Asturias - Diario de actualidad y noticias","description":"Hemeroteca","inLanguage":"es-ES","publisher":{"@id":"https:\/\/www.eldigitaldeasturias.com\/noticias\/#organization"}}]},"og:locale":"es_ES","og:site_name":"El Digital de Asturias","og:type":"article","og:title":"Ecologistas critican la \u00abdejaci\u00f3n de funciones\u00bb de la direcci\u00f3n de Picos de Europa en el incendio del Cares - El Digital de Asturias","og:description":"OVIEDO, 25 Sep. (EUROPA PRESS) - La representaci\u00f3n de los ecologistas en el Patronato del Parque Nacional de los Picos de Europa ha emitido un comunicado en el que denuncia p\u00fablicamente &quot;la dejaci\u00f3n de funciones de vigilancia y de prevenci\u00f3n de incendios forestales por los \u00f3rganos gestores del Parque Nacional de los Picos de Europa, puesta","og:url":"https:\/\/www.eldigitaldeasturias.com\/noticias\/ecologistas-critican-la-dejacion-de-funciones-de-la-direccion-de-picos-de-europa-en-el-incendio-del-cares\/","article:tag":["actualidad asturias"],"article:published_time":"2013-09-25T19:29:13+00:00","article:modified_time":"2013-09-25T19:29:13+00:00","article:publisher":"https:\/\/facebook.com\/eldigitaldeasturias","twitter:card":"summary_large_image","twitter:title":"Ecologistas critican la \u00abdejaci\u00f3n de funciones\u00bb de la direcci\u00f3n de Picos de Europa en el incendio del Cares - El Digital de Asturias","twitter:description":"OVIEDO, 25 Sep. (EUROPA PRESS) - La representaci\u00f3n de los ecologistas en el Patronato del Parque Nacional de los Picos de Europa ha emitido un comunicado en el que denuncia p\u00fablicamente &quot;la dejaci\u00f3n de funciones de vigilancia y de prevenci\u00f3n de incendios forestales por los \u00f3rganos gestores del Parque Nacional de los Picos de Europa, puesta","twitter:label1":"Escrito por","twitter:data1":"El Digital de Asturias","twitter:label2":"Tiempo de lectura estimado","twitter:data2":"3 minutos"},"aioseo_meta_data":{"post_id":"3071","title":null,"description":null,"keywords":null,"keyphrases":null,"primary_term":null,"canonical_url":null,"og_title":null,"og_description":null,"og_object_type":"default","og_image_type":"default","og_image_url":null,"og_image_width":null,"og_image_height":null,"og_image_custom_url":null,"og_image_custom_fields":null,"og_video":null,"og_custom_url":null,"og_article_section":null,"og_article_tags":null,"twitter_use_og":true,"twitter_card":"default","twitter_image_type":"default","twitter_image_url":null,"twitter_image_custom_url":null,"twitter_image_custom_fields":null,"twitter_title":null,"twitter_description":null,"schema":{"blockGraphs":[],"customGraphs":[],"default":{"data":{"Article":[],"Course":[],"Dataset":[],"FAQPage":[],"Movie":[],"Person":[],"Product":[],"ProductReview":[],"Car":[],"Recipe":[],"Service":[],"SoftwareApplication":[],"WebPage":[]},"graphName":"","isEnabled":true},"graphs":[],"defaultGraph":"","defaultPostTypeGraph":""},"schema_type":null,"schema_type_options":null,"pillar_content":false,"robots_default":true,"robots_noindex":false,"robots_noarchive":false,"robots_nosnippet":false,"robots_nofollow":false,"robots_noimageindex":false,"robots_noodp":false,"robots_notranslate":false,"robots_max_snippet":null,"robots_max_videopreview":null,"robots_max_imagepreview":"none","priority":null,"frequency":null,"local_seo":null,"seo_analyzer_scan_date":"2025-08-21 05:40:47","breadcrumb_settings":null,"limit_modified_date":false,"open_ai":null,"ai":null,"created":"2020-11-14 22:37:00","updated":"2025-08-21 05:40:47"},"aioseo_breadcrumb":"<div class=\"aioseo-breadcrumbs\"><span class=\"aioseo-breadcrumb\">\n\t<a href=\"https:\/\/www.eldigitaldeasturias.com\/noticias\" title=\"Home\">Home<\/a>\n<\/span><span class=\"aioseo-breadcrumb-separator\">\u2013<\/span><span class=\"aioseo-breadcrumb\">\n\t<a href=\"https:\/\/www.eldigitaldeasturias.com\/noticias\/category\/actualidad-asturias\/\" title=\"Actualidad Asturias\">Actualidad Asturias<\/a>\n<\/span><span class=\"aioseo-breadcrumb-separator\">\u2013<\/span><span class=\"aioseo-breadcrumb\">\n\t<a href=\"https:\/\/www.eldigitaldeasturias.com\/noticias\/ecologistas-critican-la-dejacion-de-funciones-de-la-direccion-de-picos-de-europa-en-el-incendio-del-cares\/\" title=\"Ecologistas critican la \u00abdejaci\u00f3n de funciones\u00bb de la direcci\u00f3n de Picos de Europa en el incendio del Cares\">Ecologistas critican la \u00abdejaci\u00f3n de funciones\u00bb de la direcci\u00f3n de Picos de Europa en el incendio del Cares<\/a>\n<\/span><\/div>","aioseo_breadcrumb_json":[{"label":"Home","link":"https:\/\/www.eldigitaldeasturias.com\/noticias"},{"label":"Actualidad Asturias","link":"https:\/\/www.eldigitaldeasturias.com\/noticias\/category\/actualidad-asturias\/"},{"label":"Ecologistas critican la \u00abdejaci\u00f3n de funciones\u00bb de la direcci\u00f3n de Picos de Europa en el incendio del Cares","link":"https:\/\/www.eldigitaldeasturias.com\/noticias\/ecologistas-critican-la-dejacion-de-funciones-de-la-direccion-de-picos-de-europa-en-el-incendio-del-cares\/"}],"_links":{"self":[{"href":"https:\/\/www.eldigitaldeasturias.com\/noticias\/wp-json\/wp\/v2\/posts\/3071","targetHints":{"allow":["GET"]}}],"collection":[{"href":"https:\/\/www.eldigitaldeasturias.com\/noticias\/wp-json\/wp\/v2\/posts"}],"about":[{"href":"https:\/\/www.eldigitaldeasturias.com\/noticias\/wp-json\/wp\/v2\/types\/post"}],"author":[{"embeddable":true,"href":"https:\/\/www.eldigitaldeasturias.com\/noticias\/wp-json\/wp\/v2\/users\/1"}],"replies":[{"embeddable":true,"href":"https:\/\/www.eldigitaldeasturias.com\/noticias\/wp-json\/wp\/v2\/comments?post=3071"}],"version-history":[{"count":0,"href":"https:\/\/www.eldigitaldeasturias.com\/noticias\/wp-json\/wp\/v2\/posts\/3071\/revisions"}],"wp:featuredmedia":[{"embeddable":true,"href":"https:\/\/www.eldigitaldeasturias.com\/noticias\/wp-json\/"}],"wp:attachment":[{"href":"https:\/\/www.eldigitaldeasturias.com\/noticias\/wp-json\/wp\/v2\/media?parent=3071"}],"wp:term":[{"taxonomy":"category","embeddable":true,"href":"https:\/\/www.eldigitaldeasturias.com\/noticias\/wp-json\/wp\/v2\/categories?post=3071"},{"taxonomy":"post_tag","embeddable":true,"href":"https:\/\/www.eldigitaldeasturias.com\/noticias\/wp-json\/wp\/v2\/tags?post=3071"}],"curies":[{"name":"wp","href":"https:\/\/api.w.org\/{rel}","templated":true}]}}