{"id":3063,"date":"2013-09-25T19:24:33","date_gmt":"2013-09-25T19:24:33","guid":{"rendered":"http:\/\/www.eldigitaldeasturias.com\/noticias\/?p=3063"},"modified":"2013-09-25T19:24:33","modified_gmt":"2013-09-25T19:24:33","slug":"foro-afirma-que-exprimira-al-maximo-el-margen-de-impuestos-y-tasas-en-beneficio-de-los-ovetenses","status":"publish","type":"post","link":"https:\/\/www.eldigitaldeasturias.com\/noticias\/foro-afirma-que-exprimira-al-maximo-el-margen-de-impuestos-y-tasas-en-beneficio-de-los-ovetenses\/","title":{"rendered":"Foro afirma que \u00abexprimir\u00e1\u00bb al m\u00e1ximo el margen de impuestos y tasas en beneficio de los ovetenses"},"content":{"rendered":"<p><img loading=\"lazy\" decoding=\"async\" class=\"alignleft size-medium wp-image-249\" alt=\"oviedo\" src=\"https:\/\/www.eldigitaldeasturias.com\/noticias\/wp-content\/uploads\/2013\/09\/oviedo-360x269.jpg\" width=\"360\" height=\"269\" srcset=\"https:\/\/www.eldigitaldeasturias.com\/noticias\/wp-content\/uploads\/2013\/09\/oviedo-360x269.jpg 360w, https:\/\/www.eldigitaldeasturias.com\/noticias\/wp-content\/uploads\/2013\/09\/oviedo-768x574.jpg 768w, https:\/\/www.eldigitaldeasturias.com\/noticias\/wp-content\/uploads\/2013\/09\/oviedo-650x486.jpg 650w, https:\/\/www.eldigitaldeasturias.com\/noticias\/wp-content\/uploads\/2013\/09\/oviedo-90x67.jpg 90w, https:\/\/www.eldigitaldeasturias.com\/noticias\/wp-content\/uploads\/2013\/09\/oviedo-100x75.jpg 100w, https:\/\/www.eldigitaldeasturias.com\/noticias\/wp-content\/uploads\/2013\/09\/oviedo.jpg 980w\" sizes=\"auto, (max-width: 360px) 100vw, 360px\" \/>OVIEDO, 25 Sep. (EUROPA PRESS) &#8211;\u00a0El concejal de Foro Oviedo encargado de asuntos econ\u00f3micos, Manuel Fern\u00e1ndez Ruiz, tras recibir este mi\u00e9rcoles el proyecto de subida de impuestos y tasas aprobado por la Junta de Gobierno del Ayuntamiento, ha asegurado que \u00aba partir de ahora, de forma coherente y responsable, iniciaremos el estudio para determinar la postura que tomar\u00e1 Foro en relaci\u00f3n a la propuesta econ\u00f3mica barajada por el equipo de gobierno en torno a la subida de impuestos y tasas de cara al a\u00f1o 2014\u00bb.<\/p>\n<p>Manuel Fern\u00e1ndez Ruiz advierte que \u00abel PP ha elaborado su propuesta sin contar con ninguna formaci\u00f3n pol\u00edtica pese a no tener mayor\u00eda absoluta y, por tanto, entendemos que hay margen para la negociaci\u00f3n, as\u00ed que trataremos de exprimir al m\u00e1ximo ese margen en beneficio de todos los ovetenses y en aras de que se sigan manteniendo los servicios y las inversiones necesarias para el municipio sin necesidad de aumentar m\u00e1s la carga impositiva que soporta el bolsillo de los ciudadanos\u00bb.<\/p>\n<p>\u00abDesde Foro Oviedo, y como primera valoraci\u00f3n -a\u00f1ade Manuel Fern\u00e1ndez Ruiz- nos parece insuficiente el planteamiento que quiere vendernos el equipo de gobierno del PP, m\u00e1xime si tenemos en cuenta el resultado econ\u00f3mico del ejercicio 2012, en el que se obtuvo un super\u00e1vit presupuestario de m\u00e1s de 20 millones de euros\u00bb.<\/p>\n","protected":false},"excerpt":{"rendered":"<p>OVIEDO, 25 Sep. (EUROPA PRESS) &#8211;\u00a0El concejal de Foro Oviedo encargado de asuntos econ\u00f3micos, Manuel Fern\u00e1ndez Ruiz, tras recibir este mi\u00e9rcoles el proyecto de subida de impuestos y tasas aprobado por la Junta de Gobierno del Ayuntamiento, ha asegurado que \u00aba partir de ahora, de forma coherente y responsable, iniciaremos el estudio para determinar la [&hellip;]<\/p>\n","protected":false},"author":1,"featured_media":249,"comment_status":"open","ping_status":"open","sticky":false,"template":"","format":"standard","meta":{"footnotes":""},"categories":[12],"tags":[],"class_list":["post-3063","post","type-post","status-publish","format-standard","has-post-thumbnail","hentry","category-actualidad-asturias"],"aioseo_notices":[],"aioseo_head":"\n\t\t<!-- All in One SEO Pro 4.9.6.2 - aioseo.com -->\n\t<meta name=\"description\" content=\"OVIEDO, 25 Sep. (EUROPA PRESS) - El concejal de Foro Oviedo encargado de asuntos econ\u00f3micos, Manuel Fern\u00e1ndez Ruiz, tras recibir este mi\u00e9rcoles el proyecto de subida de impuestos y tasas aprobado por la Junta de Gobierno del Ayuntamiento, ha asegurado que &quot;a partir de ahora, de forma coherente y responsable, iniciaremos el estudio para determinar la\" \/>\n\t<meta name=\"robots\" content=\"max-image-preview:large\" \/>\n\t<meta name=\"author\" content=\"El Digital de Asturias\"\/>\n\t<meta name=\"google-site-verification\" content=\"UA-38556648-1\" \/>\n\t<meta name=\"msvalidate.01\" content=\"7dfe9f3f1b24437ab69f4f2559babe99\" \/>\n\t<meta name=\"keywords\" content=\"actualidad asturias\" \/>\n\t<link rel=\"canonical\" href=\"https:\/\/www.eldigitaldeasturias.com\/noticias\/foro-afirma-que-exprimira-al-maximo-el-margen-de-impuestos-y-tasas-en-beneficio-de-los-ovetenses\/\" \/>\n\t<meta name=\"generator\" content=\"All in One SEO Pro (AIOSEO) 4.9.6.2\" \/>\n\t\t<meta property=\"og:locale\" content=\"es_ES\" \/>\n\t\t<meta property=\"og:site_name\" content=\"El Digital de Asturias\" \/>\n\t\t<meta property=\"og:type\" content=\"article\" \/>\n\t\t<meta property=\"og:title\" content=\"Foro afirma que \u00abexprimir\u00e1\u00bb al m\u00e1ximo el margen de impuestos y tasas en beneficio de los ovetenses - El Digital de Asturias\" \/>\n\t\t<meta property=\"og:description\" content=\"OVIEDO, 25 Sep. (EUROPA PRESS) - El concejal de Foro Oviedo encargado de asuntos econ\u00f3micos, Manuel Fern\u00e1ndez Ruiz, tras recibir este mi\u00e9rcoles el proyecto de subida de impuestos y tasas aprobado por la Junta de Gobierno del Ayuntamiento, ha asegurado que &quot;a partir de ahora, de forma coherente y responsable, iniciaremos el estudio para determinar la\" \/>\n\t\t<meta property=\"og:url\" content=\"https:\/\/www.eldigitaldeasturias.com\/noticias\/foro-afirma-que-exprimira-al-maximo-el-margen-de-impuestos-y-tasas-en-beneficio-de-los-ovetenses\/\" \/>\n\t\t<meta property=\"og:image\" content=\"https:\/\/www.eldigitaldeasturias.com\/noticias\/wp-content\/uploads\/2013\/09\/oviedo.jpg\" \/>\n\t\t<meta property=\"og:image:secure_url\" content=\"https:\/\/www.eldigitaldeasturias.com\/noticias\/wp-content\/uploads\/2013\/09\/oviedo.jpg\" \/>\n\t\t<meta property=\"og:image:width\" content=\"980\" \/>\n\t\t<meta property=\"og:image:height\" content=\"733\" \/>\n\t\t<meta property=\"article:tag\" content=\"actualidad asturias\" \/>\n\t\t<meta property=\"article:published_time\" content=\"2013-09-25T19:24:33+00:00\" \/>\n\t\t<meta property=\"article:modified_time\" content=\"2013-09-25T19:24:33+00:00\" \/>\n\t\t<meta property=\"article:publisher\" content=\"https:\/\/facebook.com\/eldigitaldeasturias\" \/>\n\t\t<meta name=\"twitter:card\" content=\"summary_large_image\" \/>\n\t\t<meta name=\"twitter:title\" content=\"Foro afirma que \u00abexprimir\u00e1\u00bb al m\u00e1ximo el margen de impuestos y tasas en beneficio de los ovetenses - El Digital de Asturias\" \/>\n\t\t<meta name=\"twitter:description\" content=\"OVIEDO, 25 Sep. (EUROPA PRESS) - El concejal de Foro Oviedo encargado de asuntos econ\u00f3micos, Manuel Fern\u00e1ndez Ruiz, tras recibir este mi\u00e9rcoles el proyecto de subida de impuestos y tasas aprobado por la Junta de Gobierno del Ayuntamiento, ha asegurado que &quot;a partir de ahora, de forma coherente y responsable, iniciaremos el estudio para determinar la\" \/>\n\t\t<meta name=\"twitter:image\" content=\"https:\/\/www.eldigitaldeasturias.com\/noticias\/wp-content\/uploads\/2013\/09\/oviedo.jpg\" \/>\n\t\t<meta name=\"twitter:label1\" content=\"Escrito por\" \/>\n\t\t<meta name=\"twitter:data1\" content=\"El Digital de Asturias\" \/>\n\t\t<meta name=\"twitter:label2\" content=\"Tiempo de lectura estimado\" \/>\n\t\t<meta name=\"twitter:data2\" content=\"1 minuto\" \/>\n\t\t<script type=\"application\/ld+json\" class=\"aioseo-schema\">\n\t\t\t{\"@context\":\"https:\\\/\\\/schema.org\",\"@graph\":[{\"@type\":\"BlogPosting\",\"@id\":\"https:\\\/\\\/www.eldigitaldeasturias.com\\\/noticias\\\/foro-afirma-que-exprimira-al-maximo-el-margen-de-impuestos-y-tasas-en-beneficio-de-los-ovetenses\\\/#blogposting\",\"name\":\"Foro afirma que \\u00abexprimir\\u00e1\\u00bb al m\\u00e1ximo el margen de impuestos y tasas en beneficio de los ovetenses - El Digital de Asturias\",\"headline\":\"Foro afirma que \\u00abexprimir\\u00e1\\u00bb al m\\u00e1ximo el margen de impuestos y tasas en beneficio de los ovetenses\",\"author\":{\"@id\":\"https:\\\/\\\/www.eldigitaldeasturias.com\\\/noticias\\\/author\\\/admin\\\/#author\"},\"publisher\":{\"@id\":\"https:\\\/\\\/www.eldigitaldeasturias.com\\\/noticias\\\/#organization\"},\"image\":{\"@type\":\"ImageObject\",\"url\":\"https:\\\/\\\/www.eldigitaldeasturias.com\\\/noticias\\\/wp-content\\\/uploads\\\/2013\\\/09\\\/oviedo.jpg\",\"width\":980,\"height\":733},\"datePublished\":\"2013-09-25T19:24:33+02:00\",\"dateModified\":\"2013-09-25T19:24:33+02:00\",\"inLanguage\":\"es-ES\",\"mainEntityOfPage\":{\"@id\":\"https:\\\/\\\/www.eldigitaldeasturias.com\\\/noticias\\\/foro-afirma-que-exprimira-al-maximo-el-margen-de-impuestos-y-tasas-en-beneficio-de-los-ovetenses\\\/#webpage\"},\"isPartOf\":{\"@id\":\"https:\\\/\\\/www.eldigitaldeasturias.com\\\/noticias\\\/foro-afirma-que-exprimira-al-maximo-el-margen-de-impuestos-y-tasas-en-beneficio-de-los-ovetenses\\\/#webpage\"},\"articleSection\":\"Actualidad Asturias\"},{\"@type\":\"BreadcrumbList\",\"@id\":\"https:\\\/\\\/www.eldigitaldeasturias.com\\\/noticias\\\/foro-afirma-que-exprimira-al-maximo-el-margen-de-impuestos-y-tasas-en-beneficio-de-los-ovetenses\\\/#breadcrumblist\",\"itemListElement\":[{\"@type\":\"ListItem\",\"@id\":\"https:\\\/\\\/www.eldigitaldeasturias.com\\\/noticias#listItem\",\"position\":1,\"name\":\"Home\",\"item\":\"https:\\\/\\\/www.eldigitaldeasturias.com\\\/noticias\",\"nextItem\":{\"@type\":\"ListItem\",\"@id\":\"https:\\\/\\\/www.eldigitaldeasturias.com\\\/noticias\\\/category\\\/actualidad-asturias\\\/#listItem\",\"name\":\"Actualidad Asturias\"}},{\"@type\":\"ListItem\",\"@id\":\"https:\\\/\\\/www.eldigitaldeasturias.com\\\/noticias\\\/category\\\/actualidad-asturias\\\/#listItem\",\"position\":2,\"name\":\"Actualidad Asturias\",\"item\":\"https:\\\/\\\/www.eldigitaldeasturias.com\\\/noticias\\\/category\\\/actualidad-asturias\\\/\",\"nextItem\":{\"@type\":\"ListItem\",\"@id\":\"https:\\\/\\\/www.eldigitaldeasturias.com\\\/noticias\\\/foro-afirma-que-exprimira-al-maximo-el-margen-de-impuestos-y-tasas-en-beneficio-de-los-ovetenses\\\/#listItem\",\"name\":\"Foro afirma que \\u00abexprimir\\u00e1\\u00bb al m\\u00e1ximo el margen de impuestos y tasas en beneficio de los ovetenses\"},\"previousItem\":{\"@type\":\"ListItem\",\"@id\":\"https:\\\/\\\/www.eldigitaldeasturias.com\\\/noticias#listItem\",\"name\":\"Home\"}},{\"@type\":\"ListItem\",\"@id\":\"https:\\\/\\\/www.eldigitaldeasturias.com\\\/noticias\\\/foro-afirma-que-exprimira-al-maximo-el-margen-de-impuestos-y-tasas-en-beneficio-de-los-ovetenses\\\/#listItem\",\"position\":3,\"name\":\"Foro afirma que \\u00abexprimir\\u00e1\\u00bb al m\\u00e1ximo el margen de impuestos y tasas en beneficio de los ovetenses\",\"previousItem\":{\"@type\":\"ListItem\",\"@id\":\"https:\\\/\\\/www.eldigitaldeasturias.com\\\/noticias\\\/category\\\/actualidad-asturias\\\/#listItem\",\"name\":\"Actualidad Asturias\"}}]},{\"@type\":\"Organization\",\"@id\":\"https:\\\/\\\/www.eldigitaldeasturias.com\\\/noticias\\\/#organization\",\"name\":\"El Digital de Asturias\",\"description\":\"Hemeroteca\",\"url\":\"https:\\\/\\\/www.eldigitaldeasturias.com\\\/noticias\\\/\",\"email\":\"info@eldigitaldeasturias.com\",\"telephone\":\"+34652131393\",\"logo\":{\"@type\":\"ImageObject\",\"url\":\"https:\\\/\\\/www.eldigitaldeasturias.com\\\/noticias\\\/wp-content\\\/uploads\\\/2020\\\/12\\\/EDA.jpg\",\"@id\":\"https:\\\/\\\/www.eldigitaldeasturias.com\\\/noticias\\\/foro-afirma-que-exprimira-al-maximo-el-margen-de-impuestos-y-tasas-en-beneficio-de-los-ovetenses\\\/#organizationLogo\",\"width\":649,\"height\":297},\"image\":{\"@id\":\"https:\\\/\\\/www.eldigitaldeasturias.com\\\/noticias\\\/foro-afirma-que-exprimira-al-maximo-el-margen-de-impuestos-y-tasas-en-beneficio-de-los-ovetenses\\\/#organizationLogo\"},\"sameAs\":[\"https:\\\/\\\/facebook.com\\\/eldigitaldeasturias\",\"https:\\\/\\\/www.youtube.com\\\/channel\\\/UCZP-2wLEB9Rv6erhFmqVnvg\"],\"address\":{\"@id\":\"https:\\\/\\\/www.eldigitaldeasturias.com\\\/noticias\\\/#postaladdress\",\"@type\":\"PostalAddress\",\"streetAddress\":\"san antonio 4,\",\"postalCode\":\"33430\",\"addressLocality\":\"Cand\\u00e1s\",\"addressRegion\":\"Asturias\",\"addressCountry\":\"ES\"}},{\"@type\":\"Person\",\"@id\":\"https:\\\/\\\/www.eldigitaldeasturias.com\\\/noticias\\\/author\\\/admin\\\/#author\",\"url\":\"https:\\\/\\\/www.eldigitaldeasturias.com\\\/noticias\\\/author\\\/admin\\\/\",\"name\":\"El Digital de Asturias\",\"image\":{\"@type\":\"ImageObject\",\"@id\":\"https:\\\/\\\/www.eldigitaldeasturias.com\\\/noticias\\\/foro-afirma-que-exprimira-al-maximo-el-margen-de-impuestos-y-tasas-en-beneficio-de-los-ovetenses\\\/#authorImage\",\"url\":\"https:\\\/\\\/www.eldigitaldeasturias.com\\\/noticias\\\/wp-content\\\/litespeed\\\/avatar\\\/18677e78aa0546b92d9dbf31ec7d7668.jpg?ver=1777290358\",\"width\":96,\"height\":96,\"caption\":\"El Digital de Asturias\"}},{\"@type\":\"WebPage\",\"@id\":\"https:\\\/\\\/www.eldigitaldeasturias.com\\\/noticias\\\/foro-afirma-que-exprimira-al-maximo-el-margen-de-impuestos-y-tasas-en-beneficio-de-los-ovetenses\\\/#webpage\",\"url\":\"https:\\\/\\\/www.eldigitaldeasturias.com\\\/noticias\\\/foro-afirma-que-exprimira-al-maximo-el-margen-de-impuestos-y-tasas-en-beneficio-de-los-ovetenses\\\/\",\"name\":\"Foro afirma que \\u00abexprimir\\u00e1\\u00bb al m\\u00e1ximo el margen de impuestos y tasas en beneficio de los ovetenses - El Digital de Asturias\",\"description\":\"OVIEDO, 25 Sep. (EUROPA PRESS) - El concejal de Foro Oviedo encargado de asuntos econ\\u00f3micos, Manuel Fern\\u00e1ndez Ruiz, tras recibir este mi\\u00e9rcoles el proyecto de subida de impuestos y tasas aprobado por la Junta de Gobierno del Ayuntamiento, ha asegurado que \\\"a partir de ahora, de forma coherente y responsable, iniciaremos el estudio para determinar la\",\"inLanguage\":\"es-ES\",\"isPartOf\":{\"@id\":\"https:\\\/\\\/www.eldigitaldeasturias.com\\\/noticias\\\/#website\"},\"breadcrumb\":{\"@id\":\"https:\\\/\\\/www.eldigitaldeasturias.com\\\/noticias\\\/foro-afirma-que-exprimira-al-maximo-el-margen-de-impuestos-y-tasas-en-beneficio-de-los-ovetenses\\\/#breadcrumblist\"},\"author\":{\"@id\":\"https:\\\/\\\/www.eldigitaldeasturias.com\\\/noticias\\\/author\\\/admin\\\/#author\"},\"creator\":{\"@id\":\"https:\\\/\\\/www.eldigitaldeasturias.com\\\/noticias\\\/author\\\/admin\\\/#author\"},\"image\":{\"@type\":\"ImageObject\",\"url\":\"https:\\\/\\\/www.eldigitaldeasturias.com\\\/noticias\\\/wp-content\\\/uploads\\\/2013\\\/09\\\/oviedo.jpg\",\"@id\":\"https:\\\/\\\/www.eldigitaldeasturias.com\\\/noticias\\\/foro-afirma-que-exprimira-al-maximo-el-margen-de-impuestos-y-tasas-en-beneficio-de-los-ovetenses\\\/#mainImage\",\"width\":980,\"height\":733},\"primaryImageOfPage\":{\"@id\":\"https:\\\/\\\/www.eldigitaldeasturias.com\\\/noticias\\\/foro-afirma-que-exprimira-al-maximo-el-margen-de-impuestos-y-tasas-en-beneficio-de-los-ovetenses\\\/#mainImage\"},\"datePublished\":\"2013-09-25T19:24:33+02:00\",\"dateModified\":\"2013-09-25T19:24:33+02:00\"},{\"@type\":\"WebSite\",\"@id\":\"https:\\\/\\\/www.eldigitaldeasturias.com\\\/noticias\\\/#website\",\"url\":\"https:\\\/\\\/www.eldigitaldeasturias.com\\\/noticias\\\/\",\"name\":\"El Digital de Asturias - Diario de actualidad y noticias\",\"alternateName\":\"El Digital de Asturias - Diario de actualidad y noticias\",\"description\":\"Hemeroteca\",\"inLanguage\":\"es-ES\",\"publisher\":{\"@id\":\"https:\\\/\\\/www.eldigitaldeasturias.com\\\/noticias\\\/#organization\"}}]}\n\t\t<\/script>\n\t\t<!-- All in One SEO Pro -->\r\n\t\t<title>Foro afirma que \u00abexprimir\u00e1\u00bb al m\u00e1ximo el margen de impuestos y tasas en beneficio de los ovetenses - El Digital de Asturias<\/title>\n\n","aioseo_head_json":{"title":"Foro afirma que \u00abexprimir\u00e1\u00bb al m\u00e1ximo el margen de impuestos y tasas en beneficio de los ovetenses - El Digital de Asturias","description":"OVIEDO, 25 Sep. (EUROPA PRESS) - El concejal de Foro Oviedo encargado de asuntos econ\u00f3micos, Manuel Fern\u00e1ndez Ruiz, tras recibir este mi\u00e9rcoles el proyecto de subida de impuestos y tasas aprobado por la Junta de Gobierno del Ayuntamiento, ha asegurado que \"a partir de ahora, de forma coherente y responsable, iniciaremos el estudio para determinar la","canonical_url":"https:\/\/www.eldigitaldeasturias.com\/noticias\/foro-afirma-que-exprimira-al-maximo-el-margen-de-impuestos-y-tasas-en-beneficio-de-los-ovetenses\/","robots":"max-image-preview:large","keywords":"actualidad asturias","webmasterTools":{"google-site-verification":"UA-38556648-1","msvalidate.01":"7dfe9f3f1b24437ab69f4f2559babe99","miscellaneous":""},"schema":{"@context":"https:\/\/schema.org","@graph":[{"@type":"BlogPosting","@id":"https:\/\/www.eldigitaldeasturias.com\/noticias\/foro-afirma-que-exprimira-al-maximo-el-margen-de-impuestos-y-tasas-en-beneficio-de-los-ovetenses\/#blogposting","name":"Foro afirma que \u00abexprimir\u00e1\u00bb al m\u00e1ximo el margen de impuestos y tasas en beneficio de los ovetenses - El Digital de Asturias","headline":"Foro afirma que \u00abexprimir\u00e1\u00bb al m\u00e1ximo el margen de impuestos y tasas en beneficio de los ovetenses","author":{"@id":"https:\/\/www.eldigitaldeasturias.com\/noticias\/author\/admin\/#author"},"publisher":{"@id":"https:\/\/www.eldigitaldeasturias.com\/noticias\/#organization"},"image":{"@type":"ImageObject","url":"https:\/\/www.eldigitaldeasturias.com\/noticias\/wp-content\/uploads\/2013\/09\/oviedo.jpg","width":980,"height":733},"datePublished":"2013-09-25T19:24:33+02:00","dateModified":"2013-09-25T19:24:33+02:00","inLanguage":"es-ES","mainEntityOfPage":{"@id":"https:\/\/www.eldigitaldeasturias.com\/noticias\/foro-afirma-que-exprimira-al-maximo-el-margen-de-impuestos-y-tasas-en-beneficio-de-los-ovetenses\/#webpage"},"isPartOf":{"@id":"https:\/\/www.eldigitaldeasturias.com\/noticias\/foro-afirma-que-exprimira-al-maximo-el-margen-de-impuestos-y-tasas-en-beneficio-de-los-ovetenses\/#webpage"},"articleSection":"Actualidad Asturias"},{"@type":"BreadcrumbList","@id":"https:\/\/www.eldigitaldeasturias.com\/noticias\/foro-afirma-que-exprimira-al-maximo-el-margen-de-impuestos-y-tasas-en-beneficio-de-los-ovetenses\/#breadcrumblist","itemListElement":[{"@type":"ListItem","@id":"https:\/\/www.eldigitaldeasturias.com\/noticias#listItem","position":1,"name":"Home","item":"https:\/\/www.eldigitaldeasturias.com\/noticias","nextItem":{"@type":"ListItem","@id":"https:\/\/www.eldigitaldeasturias.com\/noticias\/category\/actualidad-asturias\/#listItem","name":"Actualidad Asturias"}},{"@type":"ListItem","@id":"https:\/\/www.eldigitaldeasturias.com\/noticias\/category\/actualidad-asturias\/#listItem","position":2,"name":"Actualidad Asturias","item":"https:\/\/www.eldigitaldeasturias.com\/noticias\/category\/actualidad-asturias\/","nextItem":{"@type":"ListItem","@id":"https:\/\/www.eldigitaldeasturias.com\/noticias\/foro-afirma-que-exprimira-al-maximo-el-margen-de-impuestos-y-tasas-en-beneficio-de-los-ovetenses\/#listItem","name":"Foro afirma que \u00abexprimir\u00e1\u00bb al m\u00e1ximo el margen de impuestos y tasas en beneficio de los ovetenses"},"previousItem":{"@type":"ListItem","@id":"https:\/\/www.eldigitaldeasturias.com\/noticias#listItem","name":"Home"}},{"@type":"ListItem","@id":"https:\/\/www.eldigitaldeasturias.com\/noticias\/foro-afirma-que-exprimira-al-maximo-el-margen-de-impuestos-y-tasas-en-beneficio-de-los-ovetenses\/#listItem","position":3,"name":"Foro afirma que \u00abexprimir\u00e1\u00bb al m\u00e1ximo el margen de impuestos y tasas en beneficio de los ovetenses","previousItem":{"@type":"ListItem","@id":"https:\/\/www.eldigitaldeasturias.com\/noticias\/category\/actualidad-asturias\/#listItem","name":"Actualidad Asturias"}}]},{"@type":"Organization","@id":"https:\/\/www.eldigitaldeasturias.com\/noticias\/#organization","name":"El Digital de Asturias","description":"Hemeroteca","url":"https:\/\/www.eldigitaldeasturias.com\/noticias\/","email":"info@eldigitaldeasturias.com","telephone":"+34652131393","logo":{"@type":"ImageObject","url":"https:\/\/www.eldigitaldeasturias.com\/noticias\/wp-content\/uploads\/2020\/12\/EDA.jpg","@id":"https:\/\/www.eldigitaldeasturias.com\/noticias\/foro-afirma-que-exprimira-al-maximo-el-margen-de-impuestos-y-tasas-en-beneficio-de-los-ovetenses\/#organizationLogo","width":649,"height":297},"image":{"@id":"https:\/\/www.eldigitaldeasturias.com\/noticias\/foro-afirma-que-exprimira-al-maximo-el-margen-de-impuestos-y-tasas-en-beneficio-de-los-ovetenses\/#organizationLogo"},"sameAs":["https:\/\/facebook.com\/eldigitaldeasturias","https:\/\/www.youtube.com\/channel\/UCZP-2wLEB9Rv6erhFmqVnvg"],"address":{"@id":"https:\/\/www.eldigitaldeasturias.com\/noticias\/#postaladdress","@type":"PostalAddress","streetAddress":"san antonio 4,","postalCode":"33430","addressLocality":"Cand\u00e1s","addressRegion":"Asturias","addressCountry":"ES"}},{"@type":"Person","@id":"https:\/\/www.eldigitaldeasturias.com\/noticias\/author\/admin\/#author","url":"https:\/\/www.eldigitaldeasturias.com\/noticias\/author\/admin\/","name":"El Digital de Asturias","image":{"@type":"ImageObject","@id":"https:\/\/www.eldigitaldeasturias.com\/noticias\/foro-afirma-que-exprimira-al-maximo-el-margen-de-impuestos-y-tasas-en-beneficio-de-los-ovetenses\/#authorImage","url":"https:\/\/www.eldigitaldeasturias.com\/noticias\/wp-content\/litespeed\/avatar\/18677e78aa0546b92d9dbf31ec7d7668.jpg?ver=1777290358","width":96,"height":96,"caption":"El Digital de Asturias"}},{"@type":"WebPage","@id":"https:\/\/www.eldigitaldeasturias.com\/noticias\/foro-afirma-que-exprimira-al-maximo-el-margen-de-impuestos-y-tasas-en-beneficio-de-los-ovetenses\/#webpage","url":"https:\/\/www.eldigitaldeasturias.com\/noticias\/foro-afirma-que-exprimira-al-maximo-el-margen-de-impuestos-y-tasas-en-beneficio-de-los-ovetenses\/","name":"Foro afirma que \u00abexprimir\u00e1\u00bb al m\u00e1ximo el margen de impuestos y tasas en beneficio de los ovetenses - El Digital de Asturias","description":"OVIEDO, 25 Sep. (EUROPA PRESS) - El concejal de Foro Oviedo encargado de asuntos econ\u00f3micos, Manuel Fern\u00e1ndez Ruiz, tras recibir este mi\u00e9rcoles el proyecto de subida de impuestos y tasas aprobado por la Junta de Gobierno del Ayuntamiento, ha asegurado que \"a partir de ahora, de forma coherente y responsable, iniciaremos el estudio para determinar la","inLanguage":"es-ES","isPartOf":{"@id":"https:\/\/www.eldigitaldeasturias.com\/noticias\/#website"},"breadcrumb":{"@id":"https:\/\/www.eldigitaldeasturias.com\/noticias\/foro-afirma-que-exprimira-al-maximo-el-margen-de-impuestos-y-tasas-en-beneficio-de-los-ovetenses\/#breadcrumblist"},"author":{"@id":"https:\/\/www.eldigitaldeasturias.com\/noticias\/author\/admin\/#author"},"creator":{"@id":"https:\/\/www.eldigitaldeasturias.com\/noticias\/author\/admin\/#author"},"image":{"@type":"ImageObject","url":"https:\/\/www.eldigitaldeasturias.com\/noticias\/wp-content\/uploads\/2013\/09\/oviedo.jpg","@id":"https:\/\/www.eldigitaldeasturias.com\/noticias\/foro-afirma-que-exprimira-al-maximo-el-margen-de-impuestos-y-tasas-en-beneficio-de-los-ovetenses\/#mainImage","width":980,"height":733},"primaryImageOfPage":{"@id":"https:\/\/www.eldigitaldeasturias.com\/noticias\/foro-afirma-que-exprimira-al-maximo-el-margen-de-impuestos-y-tasas-en-beneficio-de-los-ovetenses\/#mainImage"},"datePublished":"2013-09-25T19:24:33+02:00","dateModified":"2013-09-25T19:24:33+02:00"},{"@type":"WebSite","@id":"https:\/\/www.eldigitaldeasturias.com\/noticias\/#website","url":"https:\/\/www.eldigitaldeasturias.com\/noticias\/","name":"El Digital de Asturias - Diario de actualidad y noticias","alternateName":"El Digital de Asturias - Diario de actualidad y noticias","description":"Hemeroteca","inLanguage":"es-ES","publisher":{"@id":"https:\/\/www.eldigitaldeasturias.com\/noticias\/#organization"}}]},"og:locale":"es_ES","og:site_name":"El Digital de Asturias","og:type":"article","og:title":"Foro afirma que \u00abexprimir\u00e1\u00bb al m\u00e1ximo el margen de impuestos y tasas en beneficio de los ovetenses - El Digital de Asturias","og:description":"OVIEDO, 25 Sep. (EUROPA PRESS) - El concejal de Foro Oviedo encargado de asuntos econ\u00f3micos, Manuel Fern\u00e1ndez Ruiz, tras recibir este mi\u00e9rcoles el proyecto de subida de impuestos y tasas aprobado por la Junta de Gobierno del Ayuntamiento, ha asegurado que &quot;a partir de ahora, de forma coherente y responsable, iniciaremos el estudio para determinar la","og:url":"https:\/\/www.eldigitaldeasturias.com\/noticias\/foro-afirma-que-exprimira-al-maximo-el-margen-de-impuestos-y-tasas-en-beneficio-de-los-ovetenses\/","og:image":"https:\/\/www.eldigitaldeasturias.com\/noticias\/wp-content\/uploads\/2013\/09\/oviedo.jpg","og:image:secure_url":"https:\/\/www.eldigitaldeasturias.com\/noticias\/wp-content\/uploads\/2013\/09\/oviedo.jpg","og:image:width":980,"og:image:height":733,"article:tag":["actualidad asturias"],"article:published_time":"2013-09-25T19:24:33+00:00","article:modified_time":"2013-09-25T19:24:33+00:00","article:publisher":"https:\/\/facebook.com\/eldigitaldeasturias","twitter:card":"summary_large_image","twitter:title":"Foro afirma que \u00abexprimir\u00e1\u00bb al m\u00e1ximo el margen de impuestos y tasas en beneficio de los ovetenses - El Digital de Asturias","twitter:description":"OVIEDO, 25 Sep. (EUROPA PRESS) - El concejal de Foro Oviedo encargado de asuntos econ\u00f3micos, Manuel Fern\u00e1ndez Ruiz, tras recibir este mi\u00e9rcoles el proyecto de subida de impuestos y tasas aprobado por la Junta de Gobierno del Ayuntamiento, ha asegurado que &quot;a partir de ahora, de forma coherente y responsable, iniciaremos el estudio para determinar la","twitter:image":"https:\/\/www.eldigitaldeasturias.com\/noticias\/wp-content\/uploads\/2013\/09\/oviedo.jpg","twitter:label1":"Escrito por","twitter:data1":"El Digital de Asturias","twitter:label2":"Tiempo de lectura estimado","twitter:data2":"1 minuto"},"aioseo_meta_data":{"post_id":"3063","title":null,"description":null,"keywords":null,"keyphrases":null,"primary_term":null,"canonical_url":null,"og_title":null,"og_description":null,"og_object_type":"default","og_image_type":"default","og_image_url":null,"og_image_width":null,"og_image_height":null,"og_image_custom_url":null,"og_image_custom_fields":null,"og_video":null,"og_custom_url":null,"og_article_section":null,"og_article_tags":null,"twitter_use_og":true,"twitter_card":"default","twitter_image_type":"default","twitter_image_url":null,"twitter_image_custom_url":null,"twitter_image_custom_fields":null,"twitter_title":null,"twitter_description":null,"schema":{"blockGraphs":[],"customGraphs":[],"default":{"data":{"Article":[],"Course":[],"Dataset":[],"FAQPage":[],"Movie":[],"Person":[],"Product":[],"ProductReview":[],"Car":[],"Recipe":[],"Service":[],"SoftwareApplication":[],"WebPage":[]},"graphName":"","isEnabled":true},"graphs":[],"defaultGraph":"","defaultPostTypeGraph":""},"schema_type":null,"schema_type_options":null,"pillar_content":false,"robots_default":true,"robots_noindex":false,"robots_noarchive":false,"robots_nosnippet":false,"robots_nofollow":false,"robots_noimageindex":false,"robots_noodp":false,"robots_notranslate":false,"robots_max_snippet":null,"robots_max_videopreview":null,"robots_max_imagepreview":"none","priority":null,"frequency":null,"local_seo":null,"seo_analyzer_scan_date":"2025-08-21 05:38:46","breadcrumb_settings":null,"limit_modified_date":false,"open_ai":null,"ai":null,"created":"2020-11-14 22:37:00","updated":"2025-08-21 05:38:46"},"aioseo_breadcrumb":"<div class=\"aioseo-breadcrumbs\"><span class=\"aioseo-breadcrumb\">\n\t<a href=\"https:\/\/www.eldigitaldeasturias.com\/noticias\" title=\"Home\">Home<\/a>\n<\/span><span class=\"aioseo-breadcrumb-separator\">\u2013<\/span><span class=\"aioseo-breadcrumb\">\n\t<a href=\"https:\/\/www.eldigitaldeasturias.com\/noticias\/category\/actualidad-asturias\/\" title=\"Actualidad Asturias\">Actualidad Asturias<\/a>\n<\/span><span class=\"aioseo-breadcrumb-separator\">\u2013<\/span><span class=\"aioseo-breadcrumb\">\n\t<a href=\"https:\/\/www.eldigitaldeasturias.com\/noticias\/foro-afirma-que-exprimira-al-maximo-el-margen-de-impuestos-y-tasas-en-beneficio-de-los-ovetenses\/\" title=\"Foro afirma que \u00abexprimir\u00e1\u00bb al m\u00e1ximo el margen de impuestos y tasas en beneficio de los ovetenses\">Foro afirma que \u00abexprimir\u00e1\u00bb al m\u00e1ximo el margen de impuestos y tasas en beneficio de los ovetenses<\/a>\n<\/span><\/div>","aioseo_breadcrumb_json":[{"label":"Home","link":"https:\/\/www.eldigitaldeasturias.com\/noticias"},{"label":"Actualidad Asturias","link":"https:\/\/www.eldigitaldeasturias.com\/noticias\/category\/actualidad-asturias\/"},{"label":"Foro afirma que \u00abexprimir\u00e1\u00bb al m\u00e1ximo el margen de impuestos y tasas en beneficio de los ovetenses","link":"https:\/\/www.eldigitaldeasturias.com\/noticias\/foro-afirma-que-exprimira-al-maximo-el-margen-de-impuestos-y-tasas-en-beneficio-de-los-ovetenses\/"}],"_links":{"self":[{"href":"https:\/\/www.eldigitaldeasturias.com\/noticias\/wp-json\/wp\/v2\/posts\/3063","targetHints":{"allow":["GET"]}}],"collection":[{"href":"https:\/\/www.eldigitaldeasturias.com\/noticias\/wp-json\/wp\/v2\/posts"}],"about":[{"href":"https:\/\/www.eldigitaldeasturias.com\/noticias\/wp-json\/wp\/v2\/types\/post"}],"author":[{"embeddable":true,"href":"https:\/\/www.eldigitaldeasturias.com\/noticias\/wp-json\/wp\/v2\/users\/1"}],"replies":[{"embeddable":true,"href":"https:\/\/www.eldigitaldeasturias.com\/noticias\/wp-json\/wp\/v2\/comments?post=3063"}],"version-history":[{"count":0,"href":"https:\/\/www.eldigitaldeasturias.com\/noticias\/wp-json\/wp\/v2\/posts\/3063\/revisions"}],"wp:featuredmedia":[{"embeddable":true,"href":"https:\/\/www.eldigitaldeasturias.com\/noticias\/wp-json\/wp\/v2\/media\/249"}],"wp:attachment":[{"href":"https:\/\/www.eldigitaldeasturias.com\/noticias\/wp-json\/wp\/v2\/media?parent=3063"}],"wp:term":[{"taxonomy":"category","embeddable":true,"href":"https:\/\/www.eldigitaldeasturias.com\/noticias\/wp-json\/wp\/v2\/categories?post=3063"},{"taxonomy":"post_tag","embeddable":true,"href":"https:\/\/www.eldigitaldeasturias.com\/noticias\/wp-json\/wp\/v2\/tags?post=3063"}],"curies":[{"name":"wp","href":"https:\/\/api.w.org\/{rel}","templated":true}]}}