{"id":3061,"date":"2013-09-25T19:23:05","date_gmt":"2013-09-25T19:23:05","guid":{"rendered":"http:\/\/www.eldigitaldeasturias.com\/noticias\/?p=3061"},"modified":"2013-09-25T19:23:05","modified_gmt":"2013-09-25T19:23:05","slug":"detenido-un-hombre-acusado-de-intentar-violar-a-una-joven-en-oviedo","status":"publish","type":"post","link":"https:\/\/www.eldigitaldeasturias.com\/noticias\/detenido-un-hombre-acusado-de-intentar-violar-a-una-joven-en-oviedo\/","title":{"rendered":"Detenido un hombre acusado de intentar violar a una joven en Oviedo"},"content":{"rendered":"<p><img loading=\"lazy\" decoding=\"async\" class=\"alignleft size-medium wp-image-717\" alt=\"policia\" src=\"https:\/\/www.eldigitaldeasturias.com\/noticias\/wp-content\/uploads\/2013\/09\/policia-360x239.jpg\" width=\"360\" height=\"239\" \/>OVIEDO, 25 Sep. (EUROPA PRESS) &#8211; La Polic\u00eda nacional detuvo la madrugada del domingo a un hombre, de 31 a\u00f1os y nacionalidad colombiana por intentar violar a un joven en el barrio de Pumar\u00edn, en Oviedo.<\/p>\n<p>Seg\u00fan ha informado la polic\u00eda, sobre las 6 de la ma\u00f1ana del pasado domingo se recibi\u00f3 una llamada en la centralita del 091 en la que se informaba que un joven hab\u00eda metido a la fuerza a una chica en un portal de la zona de Pumar\u00edn.<\/p>\n<p>Una dotaci\u00f3n se dirigi\u00f3 r\u00e1pidamente al lugar encontr\u00e1ndose a una joven con un ataque de nervios manifestando que hab\u00eda sufrido un intento de violaci\u00f3n por parte de un joven hispanoamericano. Aseguraba que los hechos hab\u00edan tenido lugar cuando estaba abriendo el portal de su domicilio y se acerc\u00f3 un joven por la espalda diciendo que viv\u00eda all\u00ed.<\/p>\n<p>No obstante la joven no le dej\u00f3 entrar y entonces el joven forceje\u00f3 con ella y la empuj\u00f3 hacia el interior del edificio para a continuaci\u00f3n sujetarle y comenz\u00f3 con tocamientos por todo el cuerpo e intentaba tirarla al suelo.<\/p>\n<p>La joven se defendi\u00f3 con golpes, patadas, resisti\u00e9ndose todo lo que pudo. Ante los fuertes gritos el agresor la dej\u00f3 y sali\u00f3 corriendo.<\/p>\n<p>Dadas las caracter\u00edsticas de su estatura y de c\u00f3mo iba vestido, se difundi\u00f3 a todas las patrullas, localizando poco despu\u00e9s en una calle cercana, una dotaci\u00f3n a un joven con signos de fatiga, con ara\u00f1azos en la cara, un golpe en el p\u00f3mulo y se hab\u00eda dado la vuelta a la camisa sin que le hubiera dado tiempo a abroch\u00e1rsela.<\/p>\n<p>El hombre fue interceptado y detenido. La v\u00edctima nada m\u00e1s verle le reconoci\u00f3 como el autor de la agresi\u00f3n sexual sin ning\u00fan g\u00e9nero de dudas.<\/p>\n<p>Seg\u00fan la Polic\u00eda la chica tuvo que ser trasladada al hospital dado el estado de ansiedad que se encontraba. Por su parte el detenido tambi\u00e9n precis\u00f3 atenci\u00f3n m\u00e9dica fue trasladado en un principio al ambulatorio y luego derivado al HUCA. Una vez que fue dado de alta fue ingresado en los calabozos.<\/p>\n","protected":false},"excerpt":{"rendered":"<p>OVIEDO, 25 Sep. (EUROPA PRESS) &#8211; La Polic\u00eda nacional detuvo la madrugada del domingo a un hombre, de 31 a\u00f1os y nacionalidad colombiana por intentar violar a un joven en el barrio de Pumar\u00edn, en Oviedo. Seg\u00fan ha informado la polic\u00eda, sobre las 6 de la ma\u00f1ana del pasado domingo se recibi\u00f3 una llamada en [&hellip;]<\/p>\n","protected":false},"author":1,"featured_media":717,"comment_status":"open","ping_status":"open","sticky":false,"template":"","format":"standard","meta":{"footnotes":""},"categories":[12],"tags":[],"class_list":["post-3061","post","type-post","status-publish","format-standard","has-post-thumbnail","hentry","category-actualidad-asturias"],"aioseo_notices":[],"aioseo_head":"\n\t\t<!-- All in One SEO Pro 4.9.6.2 - aioseo.com -->\n\t<meta name=\"description\" content=\"OVIEDO, 25 Sep. (EUROPA PRESS) - La Polic\u00eda nacional detuvo la madrugada del domingo a un hombre, de 31 a\u00f1os y nacionalidad colombiana por intentar violar a un joven en el barrio de Pumar\u00edn, en Oviedo. Seg\u00fan ha informado la polic\u00eda, sobre las 6 de la ma\u00f1ana del pasado domingo se recibi\u00f3 una llamada en\" \/>\n\t<meta name=\"robots\" content=\"max-image-preview:large\" \/>\n\t<meta name=\"author\" content=\"El Digital de Asturias\"\/>\n\t<meta name=\"google-site-verification\" content=\"UA-38556648-1\" \/>\n\t<meta name=\"msvalidate.01\" content=\"7dfe9f3f1b24437ab69f4f2559babe99\" \/>\n\t<meta name=\"keywords\" content=\"actualidad asturias\" \/>\n\t<link rel=\"canonical\" href=\"https:\/\/www.eldigitaldeasturias.com\/noticias\/detenido-un-hombre-acusado-de-intentar-violar-a-una-joven-en-oviedo\/\" \/>\n\t<meta name=\"generator\" content=\"All in One SEO Pro (AIOSEO) 4.9.6.2\" \/>\n\t\t<meta property=\"og:locale\" content=\"es_ES\" \/>\n\t\t<meta property=\"og:site_name\" content=\"El Digital de Asturias\" \/>\n\t\t<meta property=\"og:type\" content=\"article\" \/>\n\t\t<meta property=\"og:title\" content=\"Detenido un hombre acusado de intentar violar a una joven en Oviedo - El Digital de Asturias\" \/>\n\t\t<meta property=\"og:description\" content=\"OVIEDO, 25 Sep. (EUROPA PRESS) - La Polic\u00eda nacional detuvo la madrugada del domingo a un hombre, de 31 a\u00f1os y nacionalidad colombiana por intentar violar a un joven en el barrio de Pumar\u00edn, en Oviedo. Seg\u00fan ha informado la polic\u00eda, sobre las 6 de la ma\u00f1ana del pasado domingo se recibi\u00f3 una llamada en\" \/>\n\t\t<meta property=\"og:url\" content=\"https:\/\/www.eldigitaldeasturias.com\/noticias\/detenido-un-hombre-acusado-de-intentar-violar-a-una-joven-en-oviedo\/\" \/>\n\t\t<meta property=\"og:image\" content=\"https:\/\/www.eldigitaldeasturias.com\/noticias\/wp-content\/uploads\/2013\/09\/policia.jpg\" \/>\n\t\t<meta property=\"og:image:secure_url\" content=\"https:\/\/www.eldigitaldeasturias.com\/noticias\/wp-content\/uploads\/2013\/09\/policia.jpg\" \/>\n\t\t<meta property=\"og:image:width\" content=\"800\" \/>\n\t\t<meta property=\"og:image:height\" content=\"533\" \/>\n\t\t<meta property=\"article:tag\" content=\"actualidad asturias\" \/>\n\t\t<meta property=\"article:published_time\" content=\"2013-09-25T19:23:05+00:00\" \/>\n\t\t<meta property=\"article:modified_time\" content=\"2013-09-25T19:23:05+00:00\" \/>\n\t\t<meta property=\"article:publisher\" content=\"https:\/\/facebook.com\/eldigitaldeasturias\" \/>\n\t\t<meta name=\"twitter:card\" content=\"summary_large_image\" \/>\n\t\t<meta name=\"twitter:title\" content=\"Detenido un hombre acusado de intentar violar a una joven en Oviedo - El Digital de Asturias\" \/>\n\t\t<meta name=\"twitter:description\" content=\"OVIEDO, 25 Sep. (EUROPA PRESS) - La Polic\u00eda nacional detuvo la madrugada del domingo a un hombre, de 31 a\u00f1os y nacionalidad colombiana por intentar violar a un joven en el barrio de Pumar\u00edn, en Oviedo. Seg\u00fan ha informado la polic\u00eda, sobre las 6 de la ma\u00f1ana del pasado domingo se recibi\u00f3 una llamada en\" \/>\n\t\t<meta name=\"twitter:image\" content=\"https:\/\/www.eldigitaldeasturias.com\/noticias\/wp-content\/uploads\/2013\/09\/policia.jpg\" \/>\n\t\t<meta name=\"twitter:label1\" content=\"Escrito por\" \/>\n\t\t<meta name=\"twitter:data1\" content=\"El Digital de Asturias\" \/>\n\t\t<meta name=\"twitter:label2\" content=\"Tiempo de lectura estimado\" \/>\n\t\t<meta name=\"twitter:data2\" content=\"2 minutos\" \/>\n\t\t<script type=\"application\/ld+json\" class=\"aioseo-schema\">\n\t\t\t{\"@context\":\"https:\\\/\\\/schema.org\",\"@graph\":[{\"@type\":\"BlogPosting\",\"@id\":\"https:\\\/\\\/www.eldigitaldeasturias.com\\\/noticias\\\/detenido-un-hombre-acusado-de-intentar-violar-a-una-joven-en-oviedo\\\/#blogposting\",\"name\":\"Detenido un hombre acusado de intentar violar a una joven en Oviedo - El Digital de Asturias\",\"headline\":\"Detenido un hombre acusado de intentar violar a una joven en Oviedo\",\"author\":{\"@id\":\"https:\\\/\\\/www.eldigitaldeasturias.com\\\/noticias\\\/author\\\/admin\\\/#author\"},\"publisher\":{\"@id\":\"https:\\\/\\\/www.eldigitaldeasturias.com\\\/noticias\\\/#organization\"},\"image\":{\"@type\":\"ImageObject\",\"url\":\"https:\\\/\\\/www.eldigitaldeasturias.com\\\/noticias\\\/wp-content\\\/uploads\\\/2013\\\/09\\\/policia.jpg\",\"width\":800,\"height\":533},\"datePublished\":\"2013-09-25T19:23:05+02:00\",\"dateModified\":\"2013-09-25T19:23:05+02:00\",\"inLanguage\":\"es-ES\",\"mainEntityOfPage\":{\"@id\":\"https:\\\/\\\/www.eldigitaldeasturias.com\\\/noticias\\\/detenido-un-hombre-acusado-de-intentar-violar-a-una-joven-en-oviedo\\\/#webpage\"},\"isPartOf\":{\"@id\":\"https:\\\/\\\/www.eldigitaldeasturias.com\\\/noticias\\\/detenido-un-hombre-acusado-de-intentar-violar-a-una-joven-en-oviedo\\\/#webpage\"},\"articleSection\":\"Actualidad Asturias\"},{\"@type\":\"BreadcrumbList\",\"@id\":\"https:\\\/\\\/www.eldigitaldeasturias.com\\\/noticias\\\/detenido-un-hombre-acusado-de-intentar-violar-a-una-joven-en-oviedo\\\/#breadcrumblist\",\"itemListElement\":[{\"@type\":\"ListItem\",\"@id\":\"https:\\\/\\\/www.eldigitaldeasturias.com\\\/noticias#listItem\",\"position\":1,\"name\":\"Home\",\"item\":\"https:\\\/\\\/www.eldigitaldeasturias.com\\\/noticias\",\"nextItem\":{\"@type\":\"ListItem\",\"@id\":\"https:\\\/\\\/www.eldigitaldeasturias.com\\\/noticias\\\/category\\\/actualidad-asturias\\\/#listItem\",\"name\":\"Actualidad Asturias\"}},{\"@type\":\"ListItem\",\"@id\":\"https:\\\/\\\/www.eldigitaldeasturias.com\\\/noticias\\\/category\\\/actualidad-asturias\\\/#listItem\",\"position\":2,\"name\":\"Actualidad Asturias\",\"item\":\"https:\\\/\\\/www.eldigitaldeasturias.com\\\/noticias\\\/category\\\/actualidad-asturias\\\/\",\"nextItem\":{\"@type\":\"ListItem\",\"@id\":\"https:\\\/\\\/www.eldigitaldeasturias.com\\\/noticias\\\/detenido-un-hombre-acusado-de-intentar-violar-a-una-joven-en-oviedo\\\/#listItem\",\"name\":\"Detenido un hombre acusado de intentar violar a una joven en Oviedo\"},\"previousItem\":{\"@type\":\"ListItem\",\"@id\":\"https:\\\/\\\/www.eldigitaldeasturias.com\\\/noticias#listItem\",\"name\":\"Home\"}},{\"@type\":\"ListItem\",\"@id\":\"https:\\\/\\\/www.eldigitaldeasturias.com\\\/noticias\\\/detenido-un-hombre-acusado-de-intentar-violar-a-una-joven-en-oviedo\\\/#listItem\",\"position\":3,\"name\":\"Detenido un hombre acusado de intentar violar a una joven en Oviedo\",\"previousItem\":{\"@type\":\"ListItem\",\"@id\":\"https:\\\/\\\/www.eldigitaldeasturias.com\\\/noticias\\\/category\\\/actualidad-asturias\\\/#listItem\",\"name\":\"Actualidad Asturias\"}}]},{\"@type\":\"Organization\",\"@id\":\"https:\\\/\\\/www.eldigitaldeasturias.com\\\/noticias\\\/#organization\",\"name\":\"El Digital de Asturias\",\"description\":\"Hemeroteca\",\"url\":\"https:\\\/\\\/www.eldigitaldeasturias.com\\\/noticias\\\/\",\"email\":\"info@eldigitaldeasturias.com\",\"telephone\":\"+34652131393\",\"logo\":{\"@type\":\"ImageObject\",\"url\":\"https:\\\/\\\/www.eldigitaldeasturias.com\\\/noticias\\\/wp-content\\\/uploads\\\/2020\\\/12\\\/EDA.jpg\",\"@id\":\"https:\\\/\\\/www.eldigitaldeasturias.com\\\/noticias\\\/detenido-un-hombre-acusado-de-intentar-violar-a-una-joven-en-oviedo\\\/#organizationLogo\",\"width\":649,\"height\":297},\"image\":{\"@id\":\"https:\\\/\\\/www.eldigitaldeasturias.com\\\/noticias\\\/detenido-un-hombre-acusado-de-intentar-violar-a-una-joven-en-oviedo\\\/#organizationLogo\"},\"sameAs\":[\"https:\\\/\\\/facebook.com\\\/eldigitaldeasturias\",\"https:\\\/\\\/www.youtube.com\\\/channel\\\/UCZP-2wLEB9Rv6erhFmqVnvg\"],\"address\":{\"@id\":\"https:\\\/\\\/www.eldigitaldeasturias.com\\\/noticias\\\/#postaladdress\",\"@type\":\"PostalAddress\",\"streetAddress\":\"san antonio 4,\",\"postalCode\":\"33430\",\"addressLocality\":\"Cand\\u00e1s\",\"addressRegion\":\"Asturias\",\"addressCountry\":\"ES\"}},{\"@type\":\"Person\",\"@id\":\"https:\\\/\\\/www.eldigitaldeasturias.com\\\/noticias\\\/author\\\/admin\\\/#author\",\"url\":\"https:\\\/\\\/www.eldigitaldeasturias.com\\\/noticias\\\/author\\\/admin\\\/\",\"name\":\"El Digital de Asturias\",\"image\":{\"@type\":\"ImageObject\",\"@id\":\"https:\\\/\\\/www.eldigitaldeasturias.com\\\/noticias\\\/detenido-un-hombre-acusado-de-intentar-violar-a-una-joven-en-oviedo\\\/#authorImage\",\"url\":\"https:\\\/\\\/www.eldigitaldeasturias.com\\\/noticias\\\/wp-content\\\/litespeed\\\/avatar\\\/18677e78aa0546b92d9dbf31ec7d7668.jpg?ver=1777290358\",\"width\":96,\"height\":96,\"caption\":\"El Digital de Asturias\"}},{\"@type\":\"WebPage\",\"@id\":\"https:\\\/\\\/www.eldigitaldeasturias.com\\\/noticias\\\/detenido-un-hombre-acusado-de-intentar-violar-a-una-joven-en-oviedo\\\/#webpage\",\"url\":\"https:\\\/\\\/www.eldigitaldeasturias.com\\\/noticias\\\/detenido-un-hombre-acusado-de-intentar-violar-a-una-joven-en-oviedo\\\/\",\"name\":\"Detenido un hombre acusado de intentar violar a una joven en Oviedo - El Digital de Asturias\",\"description\":\"OVIEDO, 25 Sep. (EUROPA PRESS) - La Polic\\u00eda nacional detuvo la madrugada del domingo a un hombre, de 31 a\\u00f1os y nacionalidad colombiana por intentar violar a un joven en el barrio de Pumar\\u00edn, en Oviedo. Seg\\u00fan ha informado la polic\\u00eda, sobre las 6 de la ma\\u00f1ana del pasado domingo se recibi\\u00f3 una llamada en\",\"inLanguage\":\"es-ES\",\"isPartOf\":{\"@id\":\"https:\\\/\\\/www.eldigitaldeasturias.com\\\/noticias\\\/#website\"},\"breadcrumb\":{\"@id\":\"https:\\\/\\\/www.eldigitaldeasturias.com\\\/noticias\\\/detenido-un-hombre-acusado-de-intentar-violar-a-una-joven-en-oviedo\\\/#breadcrumblist\"},\"author\":{\"@id\":\"https:\\\/\\\/www.eldigitaldeasturias.com\\\/noticias\\\/author\\\/admin\\\/#author\"},\"creator\":{\"@id\":\"https:\\\/\\\/www.eldigitaldeasturias.com\\\/noticias\\\/author\\\/admin\\\/#author\"},\"image\":{\"@type\":\"ImageObject\",\"url\":\"https:\\\/\\\/www.eldigitaldeasturias.com\\\/noticias\\\/wp-content\\\/uploads\\\/2013\\\/09\\\/policia.jpg\",\"@id\":\"https:\\\/\\\/www.eldigitaldeasturias.com\\\/noticias\\\/detenido-un-hombre-acusado-de-intentar-violar-a-una-joven-en-oviedo\\\/#mainImage\",\"width\":800,\"height\":533},\"primaryImageOfPage\":{\"@id\":\"https:\\\/\\\/www.eldigitaldeasturias.com\\\/noticias\\\/detenido-un-hombre-acusado-de-intentar-violar-a-una-joven-en-oviedo\\\/#mainImage\"},\"datePublished\":\"2013-09-25T19:23:05+02:00\",\"dateModified\":\"2013-09-25T19:23:05+02:00\"},{\"@type\":\"WebSite\",\"@id\":\"https:\\\/\\\/www.eldigitaldeasturias.com\\\/noticias\\\/#website\",\"url\":\"https:\\\/\\\/www.eldigitaldeasturias.com\\\/noticias\\\/\",\"name\":\"El Digital de Asturias - Diario de actualidad y noticias\",\"alternateName\":\"El Digital de Asturias - Diario de actualidad y noticias\",\"description\":\"Hemeroteca\",\"inLanguage\":\"es-ES\",\"publisher\":{\"@id\":\"https:\\\/\\\/www.eldigitaldeasturias.com\\\/noticias\\\/#organization\"}}]}\n\t\t<\/script>\n\t\t<!-- All in One SEO Pro -->\r\n\t\t<title>Detenido un hombre acusado de intentar violar a una joven en Oviedo - El Digital de Asturias<\/title>\n\n","aioseo_head_json":{"title":"Detenido un hombre acusado de intentar violar a una joven en Oviedo - El Digital de Asturias","description":"OVIEDO, 25 Sep. (EUROPA PRESS) - La Polic\u00eda nacional detuvo la madrugada del domingo a un hombre, de 31 a\u00f1os y nacionalidad colombiana por intentar violar a un joven en el barrio de Pumar\u00edn, en Oviedo. Seg\u00fan ha informado la polic\u00eda, sobre las 6 de la ma\u00f1ana del pasado domingo se recibi\u00f3 una llamada en","canonical_url":"https:\/\/www.eldigitaldeasturias.com\/noticias\/detenido-un-hombre-acusado-de-intentar-violar-a-una-joven-en-oviedo\/","robots":"max-image-preview:large","keywords":"actualidad asturias","webmasterTools":{"google-site-verification":"UA-38556648-1","msvalidate.01":"7dfe9f3f1b24437ab69f4f2559babe99","miscellaneous":""},"schema":{"@context":"https:\/\/schema.org","@graph":[{"@type":"BlogPosting","@id":"https:\/\/www.eldigitaldeasturias.com\/noticias\/detenido-un-hombre-acusado-de-intentar-violar-a-una-joven-en-oviedo\/#blogposting","name":"Detenido un hombre acusado de intentar violar a una joven en Oviedo - El Digital de Asturias","headline":"Detenido un hombre acusado de intentar violar a una joven en Oviedo","author":{"@id":"https:\/\/www.eldigitaldeasturias.com\/noticias\/author\/admin\/#author"},"publisher":{"@id":"https:\/\/www.eldigitaldeasturias.com\/noticias\/#organization"},"image":{"@type":"ImageObject","url":"https:\/\/www.eldigitaldeasturias.com\/noticias\/wp-content\/uploads\/2013\/09\/policia.jpg","width":800,"height":533},"datePublished":"2013-09-25T19:23:05+02:00","dateModified":"2013-09-25T19:23:05+02:00","inLanguage":"es-ES","mainEntityOfPage":{"@id":"https:\/\/www.eldigitaldeasturias.com\/noticias\/detenido-un-hombre-acusado-de-intentar-violar-a-una-joven-en-oviedo\/#webpage"},"isPartOf":{"@id":"https:\/\/www.eldigitaldeasturias.com\/noticias\/detenido-un-hombre-acusado-de-intentar-violar-a-una-joven-en-oviedo\/#webpage"},"articleSection":"Actualidad Asturias"},{"@type":"BreadcrumbList","@id":"https:\/\/www.eldigitaldeasturias.com\/noticias\/detenido-un-hombre-acusado-de-intentar-violar-a-una-joven-en-oviedo\/#breadcrumblist","itemListElement":[{"@type":"ListItem","@id":"https:\/\/www.eldigitaldeasturias.com\/noticias#listItem","position":1,"name":"Home","item":"https:\/\/www.eldigitaldeasturias.com\/noticias","nextItem":{"@type":"ListItem","@id":"https:\/\/www.eldigitaldeasturias.com\/noticias\/category\/actualidad-asturias\/#listItem","name":"Actualidad Asturias"}},{"@type":"ListItem","@id":"https:\/\/www.eldigitaldeasturias.com\/noticias\/category\/actualidad-asturias\/#listItem","position":2,"name":"Actualidad Asturias","item":"https:\/\/www.eldigitaldeasturias.com\/noticias\/category\/actualidad-asturias\/","nextItem":{"@type":"ListItem","@id":"https:\/\/www.eldigitaldeasturias.com\/noticias\/detenido-un-hombre-acusado-de-intentar-violar-a-una-joven-en-oviedo\/#listItem","name":"Detenido un hombre acusado de intentar violar a una joven en Oviedo"},"previousItem":{"@type":"ListItem","@id":"https:\/\/www.eldigitaldeasturias.com\/noticias#listItem","name":"Home"}},{"@type":"ListItem","@id":"https:\/\/www.eldigitaldeasturias.com\/noticias\/detenido-un-hombre-acusado-de-intentar-violar-a-una-joven-en-oviedo\/#listItem","position":3,"name":"Detenido un hombre acusado de intentar violar a una joven en Oviedo","previousItem":{"@type":"ListItem","@id":"https:\/\/www.eldigitaldeasturias.com\/noticias\/category\/actualidad-asturias\/#listItem","name":"Actualidad Asturias"}}]},{"@type":"Organization","@id":"https:\/\/www.eldigitaldeasturias.com\/noticias\/#organization","name":"El Digital de Asturias","description":"Hemeroteca","url":"https:\/\/www.eldigitaldeasturias.com\/noticias\/","email":"info@eldigitaldeasturias.com","telephone":"+34652131393","logo":{"@type":"ImageObject","url":"https:\/\/www.eldigitaldeasturias.com\/noticias\/wp-content\/uploads\/2020\/12\/EDA.jpg","@id":"https:\/\/www.eldigitaldeasturias.com\/noticias\/detenido-un-hombre-acusado-de-intentar-violar-a-una-joven-en-oviedo\/#organizationLogo","width":649,"height":297},"image":{"@id":"https:\/\/www.eldigitaldeasturias.com\/noticias\/detenido-un-hombre-acusado-de-intentar-violar-a-una-joven-en-oviedo\/#organizationLogo"},"sameAs":["https:\/\/facebook.com\/eldigitaldeasturias","https:\/\/www.youtube.com\/channel\/UCZP-2wLEB9Rv6erhFmqVnvg"],"address":{"@id":"https:\/\/www.eldigitaldeasturias.com\/noticias\/#postaladdress","@type":"PostalAddress","streetAddress":"san antonio 4,","postalCode":"33430","addressLocality":"Cand\u00e1s","addressRegion":"Asturias","addressCountry":"ES"}},{"@type":"Person","@id":"https:\/\/www.eldigitaldeasturias.com\/noticias\/author\/admin\/#author","url":"https:\/\/www.eldigitaldeasturias.com\/noticias\/author\/admin\/","name":"El Digital de Asturias","image":{"@type":"ImageObject","@id":"https:\/\/www.eldigitaldeasturias.com\/noticias\/detenido-un-hombre-acusado-de-intentar-violar-a-una-joven-en-oviedo\/#authorImage","url":"https:\/\/www.eldigitaldeasturias.com\/noticias\/wp-content\/litespeed\/avatar\/18677e78aa0546b92d9dbf31ec7d7668.jpg?ver=1777290358","width":96,"height":96,"caption":"El Digital de Asturias"}},{"@type":"WebPage","@id":"https:\/\/www.eldigitaldeasturias.com\/noticias\/detenido-un-hombre-acusado-de-intentar-violar-a-una-joven-en-oviedo\/#webpage","url":"https:\/\/www.eldigitaldeasturias.com\/noticias\/detenido-un-hombre-acusado-de-intentar-violar-a-una-joven-en-oviedo\/","name":"Detenido un hombre acusado de intentar violar a una joven en Oviedo - El Digital de Asturias","description":"OVIEDO, 25 Sep. (EUROPA PRESS) - La Polic\u00eda nacional detuvo la madrugada del domingo a un hombre, de 31 a\u00f1os y nacionalidad colombiana por intentar violar a un joven en el barrio de Pumar\u00edn, en Oviedo. Seg\u00fan ha informado la polic\u00eda, sobre las 6 de la ma\u00f1ana del pasado domingo se recibi\u00f3 una llamada en","inLanguage":"es-ES","isPartOf":{"@id":"https:\/\/www.eldigitaldeasturias.com\/noticias\/#website"},"breadcrumb":{"@id":"https:\/\/www.eldigitaldeasturias.com\/noticias\/detenido-un-hombre-acusado-de-intentar-violar-a-una-joven-en-oviedo\/#breadcrumblist"},"author":{"@id":"https:\/\/www.eldigitaldeasturias.com\/noticias\/author\/admin\/#author"},"creator":{"@id":"https:\/\/www.eldigitaldeasturias.com\/noticias\/author\/admin\/#author"},"image":{"@type":"ImageObject","url":"https:\/\/www.eldigitaldeasturias.com\/noticias\/wp-content\/uploads\/2013\/09\/policia.jpg","@id":"https:\/\/www.eldigitaldeasturias.com\/noticias\/detenido-un-hombre-acusado-de-intentar-violar-a-una-joven-en-oviedo\/#mainImage","width":800,"height":533},"primaryImageOfPage":{"@id":"https:\/\/www.eldigitaldeasturias.com\/noticias\/detenido-un-hombre-acusado-de-intentar-violar-a-una-joven-en-oviedo\/#mainImage"},"datePublished":"2013-09-25T19:23:05+02:00","dateModified":"2013-09-25T19:23:05+02:00"},{"@type":"WebSite","@id":"https:\/\/www.eldigitaldeasturias.com\/noticias\/#website","url":"https:\/\/www.eldigitaldeasturias.com\/noticias\/","name":"El Digital de Asturias - Diario de actualidad y noticias","alternateName":"El Digital de Asturias - Diario de actualidad y noticias","description":"Hemeroteca","inLanguage":"es-ES","publisher":{"@id":"https:\/\/www.eldigitaldeasturias.com\/noticias\/#organization"}}]},"og:locale":"es_ES","og:site_name":"El Digital de Asturias","og:type":"article","og:title":"Detenido un hombre acusado de intentar violar a una joven en Oviedo - El Digital de Asturias","og:description":"OVIEDO, 25 Sep. (EUROPA PRESS) - La Polic\u00eda nacional detuvo la madrugada del domingo a un hombre, de 31 a\u00f1os y nacionalidad colombiana por intentar violar a un joven en el barrio de Pumar\u00edn, en Oviedo. Seg\u00fan ha informado la polic\u00eda, sobre las 6 de la ma\u00f1ana del pasado domingo se recibi\u00f3 una llamada en","og:url":"https:\/\/www.eldigitaldeasturias.com\/noticias\/detenido-un-hombre-acusado-de-intentar-violar-a-una-joven-en-oviedo\/","og:image":"https:\/\/www.eldigitaldeasturias.com\/noticias\/wp-content\/uploads\/2013\/09\/policia.jpg","og:image:secure_url":"https:\/\/www.eldigitaldeasturias.com\/noticias\/wp-content\/uploads\/2013\/09\/policia.jpg","og:image:width":800,"og:image:height":533,"article:tag":["actualidad asturias"],"article:published_time":"2013-09-25T19:23:05+00:00","article:modified_time":"2013-09-25T19:23:05+00:00","article:publisher":"https:\/\/facebook.com\/eldigitaldeasturias","twitter:card":"summary_large_image","twitter:title":"Detenido un hombre acusado de intentar violar a una joven en Oviedo - El Digital de Asturias","twitter:description":"OVIEDO, 25 Sep. (EUROPA PRESS) - La Polic\u00eda nacional detuvo la madrugada del domingo a un hombre, de 31 a\u00f1os y nacionalidad colombiana por intentar violar a un joven en el barrio de Pumar\u00edn, en Oviedo. Seg\u00fan ha informado la polic\u00eda, sobre las 6 de la ma\u00f1ana del pasado domingo se recibi\u00f3 una llamada en","twitter:image":"https:\/\/www.eldigitaldeasturias.com\/noticias\/wp-content\/uploads\/2013\/09\/policia.jpg","twitter:label1":"Escrito por","twitter:data1":"El Digital de Asturias","twitter:label2":"Tiempo de lectura estimado","twitter:data2":"2 minutos"},"aioseo_meta_data":{"post_id":"3061","title":null,"description":null,"keywords":null,"keyphrases":null,"primary_term":null,"canonical_url":null,"og_title":null,"og_description":null,"og_object_type":"default","og_image_type":"default","og_image_url":null,"og_image_width":null,"og_image_height":null,"og_image_custom_url":null,"og_image_custom_fields":null,"og_video":null,"og_custom_url":null,"og_article_section":null,"og_article_tags":null,"twitter_use_og":true,"twitter_card":"default","twitter_image_type":"default","twitter_image_url":null,"twitter_image_custom_url":null,"twitter_image_custom_fields":null,"twitter_title":null,"twitter_description":null,"schema":{"blockGraphs":[],"customGraphs":[],"default":{"data":{"Article":[],"Course":[],"Dataset":[],"FAQPage":[],"Movie":[],"Person":[],"Product":[],"ProductReview":[],"Car":[],"Recipe":[],"Service":[],"SoftwareApplication":[],"WebPage":[]},"graphName":"","isEnabled":true},"graphs":[],"defaultGraph":"","defaultPostTypeGraph":""},"schema_type":null,"schema_type_options":null,"pillar_content":false,"robots_default":true,"robots_noindex":false,"robots_noarchive":false,"robots_nosnippet":false,"robots_nofollow":false,"robots_noimageindex":false,"robots_noodp":false,"robots_notranslate":false,"robots_max_snippet":null,"robots_max_videopreview":null,"robots_max_imagepreview":"none","priority":null,"frequency":null,"local_seo":null,"seo_analyzer_scan_date":"2025-08-21 05:38:46","breadcrumb_settings":null,"limit_modified_date":false,"open_ai":null,"ai":null,"created":"2020-11-14 22:37:00","updated":"2025-08-21 05:38:46"},"aioseo_breadcrumb":"<div class=\"aioseo-breadcrumbs\"><span class=\"aioseo-breadcrumb\">\n\t<a href=\"https:\/\/www.eldigitaldeasturias.com\/noticias\" title=\"Home\">Home<\/a>\n<\/span><span class=\"aioseo-breadcrumb-separator\">\u2013<\/span><span class=\"aioseo-breadcrumb\">\n\t<a href=\"https:\/\/www.eldigitaldeasturias.com\/noticias\/category\/actualidad-asturias\/\" title=\"Actualidad Asturias\">Actualidad Asturias<\/a>\n<\/span><span class=\"aioseo-breadcrumb-separator\">\u2013<\/span><span class=\"aioseo-breadcrumb\">\n\t<a href=\"https:\/\/www.eldigitaldeasturias.com\/noticias\/detenido-un-hombre-acusado-de-intentar-violar-a-una-joven-en-oviedo\/\" title=\"Detenido un hombre acusado de intentar violar a una joven en Oviedo\">Detenido un hombre acusado de intentar violar a una joven en Oviedo<\/a>\n<\/span><\/div>","aioseo_breadcrumb_json":[{"label":"Home","link":"https:\/\/www.eldigitaldeasturias.com\/noticias"},{"label":"Actualidad Asturias","link":"https:\/\/www.eldigitaldeasturias.com\/noticias\/category\/actualidad-asturias\/"},{"label":"Detenido un hombre acusado de intentar violar a una joven en Oviedo","link":"https:\/\/www.eldigitaldeasturias.com\/noticias\/detenido-un-hombre-acusado-de-intentar-violar-a-una-joven-en-oviedo\/"}],"_links":{"self":[{"href":"https:\/\/www.eldigitaldeasturias.com\/noticias\/wp-json\/wp\/v2\/posts\/3061","targetHints":{"allow":["GET"]}}],"collection":[{"href":"https:\/\/www.eldigitaldeasturias.com\/noticias\/wp-json\/wp\/v2\/posts"}],"about":[{"href":"https:\/\/www.eldigitaldeasturias.com\/noticias\/wp-json\/wp\/v2\/types\/post"}],"author":[{"embeddable":true,"href":"https:\/\/www.eldigitaldeasturias.com\/noticias\/wp-json\/wp\/v2\/users\/1"}],"replies":[{"embeddable":true,"href":"https:\/\/www.eldigitaldeasturias.com\/noticias\/wp-json\/wp\/v2\/comments?post=3061"}],"version-history":[{"count":0,"href":"https:\/\/www.eldigitaldeasturias.com\/noticias\/wp-json\/wp\/v2\/posts\/3061\/revisions"}],"wp:featuredmedia":[{"embeddable":true,"href":"https:\/\/www.eldigitaldeasturias.com\/noticias\/wp-json\/wp\/v2\/media\/717"}],"wp:attachment":[{"href":"https:\/\/www.eldigitaldeasturias.com\/noticias\/wp-json\/wp\/v2\/media?parent=3061"}],"wp:term":[{"taxonomy":"category","embeddable":true,"href":"https:\/\/www.eldigitaldeasturias.com\/noticias\/wp-json\/wp\/v2\/categories?post=3061"},{"taxonomy":"post_tag","embeddable":true,"href":"https:\/\/www.eldigitaldeasturias.com\/noticias\/wp-json\/wp\/v2\/tags?post=3061"}],"curies":[{"name":"wp","href":"https:\/\/api.w.org\/{rel}","templated":true}]}}