{"id":3053,"date":"2013-09-25T19:19:07","date_gmt":"2013-09-25T19:19:07","guid":{"rendered":"http:\/\/www.eldigitaldeasturias.com\/noticias\/?p=3053"},"modified":"2013-09-25T19:19:07","modified_gmt":"2013-09-25T19:19:07","slug":"caritas-asturias-necesita-voluntarios-ante-el-aumento-de-personas-pobres-que-necesitan-atencion","status":"publish","type":"post","link":"https:\/\/www.eldigitaldeasturias.com\/noticias\/caritas-asturias-necesita-voluntarios-ante-el-aumento-de-personas-pobres-que-necesitan-atencion\/","title":{"rendered":"C\u00e1ritas Asturias necesita voluntarios ante el aumento de personas pobres que necesitan atenci\u00f3n"},"content":{"rendered":"<p><img loading=\"lazy\" decoding=\"async\" class=\"alignleft size-medium wp-image-3054\" alt=\"fotonoticia_20130925132456_800\" src=\"https:\/\/www.eldigitaldeasturias.com\/noticias\/wp-content\/uploads\/2013\/09\/fotonoticia_20130925132456_800-360x269.jpg\" width=\"360\" height=\"269\" \/>OVIEDO, 25 Sep. (EUROPA PRESS) &#8211;\u00a0El presidente de C\u00e1ritas Asturias, Adolfo Rivas, ha alertado este mi\u00e9rcoles de que la entidad necesita voluntarios para acompa\u00f1ar a personas en riesgo de exclusi\u00f3n social, ante el aumento de este colectivo y la saturaci\u00f3n de los centros y equipos con los que cuenta la organizaci\u00f3n.<\/p>\n<p>Ha llamado la atenci\u00f3n sobre este asunto durante una rueda de prensa para presentar el acuerdo de colaboraci\u00f3n entre C\u00e1ritas y la Obra Social de Cajastur para el funcionamiento de los centros de la red de apoyo socioeducativo a menores en situaci\u00f3n de riesgo social. Ha comparecido acompa\u00f1ado del responsable de Asuntos Sociales de Cajastur, Carlos Si\u00f1eriz.<\/p>\n<p>Rivas ha explicado que C\u00e1ritas Asturias en este momento \u00abacompa\u00f1a\u00bb a casi 29.000 personas a trav\u00e9s de una red de m\u00e1s de 180 equipos en toda Asturias, una cifra muy superior a las 18.000 que eran en 2007, pero que no ha podido elevarse en los \u00faltimos a\u00f1os. \u00abY no porque no haya m\u00e1s personas que lo necesitan, sino porque estamos saturados\u00bb, ha explicado. \u00abC\u00e1ritas necesita voluntarios, porque el acompa\u00f1amiento es mucho m\u00e1s costoso que otro tipo de ayuda\u00bb, ha se\u00f1alado, para matizar que \u00abpocas personas pueden repartir muchas cajas de alimentos, pero para acompa\u00f1ar a las personas en su proceso y evoluci\u00f3n necesitas mucha gente\u00bb, ha matizado.<\/p>\n<p>SIN NI\u00d1OS EN LA CALLE<\/p>\n<p>Rivas ha incidido en la necesidad de que la sociedad o comunidad establezca l\u00edneas rojas, porque \u00abesas no se cruzan\u00bb. Concretamente, ha puesto de ejemplo que en Asturias no haya ni\u00f1os en la calle. \u00abAsturias no tiene ni\u00f1os en la calle porque Asturias no ha querido, se ha marcado esa l\u00ednea roja y no se ha cruzado, y si hubi\u00e9ramos tenido necesidad de m\u00e1s recursos para eso los hubi\u00e9ramos tenido\u00bb, ha matizado.<\/p>\n<p>En su opini\u00f3n, \u00absi la sociedad decide que una l\u00ednea no se cruza no se cruza, pero tiene que decidirlo y apostar por ello\u00bb, porque cuando las l\u00edneas las establecen los pol\u00edticos entonces, desde su punto de vista, s\u00ed se cruzan.<\/p>\n<p>Si\u00f1eriz, por su parte, ha destacado la colaboraci\u00f3n que Cajastur mantiene con C\u00e1rtias, y que ha sumado 1,9 millones de euros desde el a\u00f1o 2000. Ha se\u00f1alado adem\u00e1s que la entidad, solo en Asturias, donar\u00e1 nueve millones de euros a lo largo de este a\u00f1o para ayudar a entidad como C\u00e1ritas. El acuerdo presentado este mi\u00e9rcoles garantiza la financiaci\u00f3n del proyecto socioeducativo destinado a 420 menores de edades comprendidas entre los seis y los 17 a\u00f1os.<\/p>\n","protected":false},"excerpt":{"rendered":"<p>OVIEDO, 25 Sep. (EUROPA PRESS) &#8211;\u00a0El presidente de C\u00e1ritas Asturias, Adolfo Rivas, ha alertado este mi\u00e9rcoles de que la entidad necesita voluntarios para acompa\u00f1ar a personas en riesgo de exclusi\u00f3n social, ante el aumento de este colectivo y la saturaci\u00f3n de los centros y equipos con los que cuenta la organizaci\u00f3n. Ha llamado la atenci\u00f3n [&hellip;]<\/p>\n","protected":false},"author":1,"featured_media":3054,"comment_status":"open","ping_status":"open","sticky":false,"template":"","format":"standard","meta":{"footnotes":""},"categories":[12],"tags":[],"class_list":["post-3053","post","type-post","status-publish","format-standard","has-post-thumbnail","hentry","category-actualidad-asturias"],"aioseo_notices":[],"aioseo_head":"\n\t\t<!-- All in One SEO Pro 4.9.6.2 - aioseo.com -->\n\t<meta name=\"description\" content=\"OVIEDO, 25 Sep. (EUROPA PRESS) - El presidente de C\u00e1ritas Asturias, Adolfo Rivas, ha alertado este mi\u00e9rcoles de que la entidad necesita voluntarios para acompa\u00f1ar a personas en riesgo de exclusi\u00f3n social, ante el aumento de este colectivo y la saturaci\u00f3n de los centros y equipos con los que cuenta la organizaci\u00f3n. Ha llamado la atenci\u00f3n\" \/>\n\t<meta name=\"robots\" content=\"max-image-preview:large\" \/>\n\t<meta name=\"author\" content=\"El Digital de Asturias\"\/>\n\t<meta name=\"google-site-verification\" content=\"UA-38556648-1\" \/>\n\t<meta name=\"msvalidate.01\" content=\"7dfe9f3f1b24437ab69f4f2559babe99\" \/>\n\t<meta name=\"keywords\" content=\"actualidad asturias\" \/>\n\t<link rel=\"canonical\" href=\"https:\/\/www.eldigitaldeasturias.com\/noticias\/caritas-asturias-necesita-voluntarios-ante-el-aumento-de-personas-pobres-que-necesitan-atencion\/\" \/>\n\t<meta name=\"generator\" content=\"All in One SEO Pro (AIOSEO) 4.9.6.2\" \/>\n\t\t<meta property=\"og:locale\" content=\"es_ES\" \/>\n\t\t<meta property=\"og:site_name\" content=\"El Digital de Asturias\" \/>\n\t\t<meta property=\"og:type\" content=\"article\" \/>\n\t\t<meta property=\"og:title\" content=\"C\u00e1ritas Asturias necesita voluntarios ante el aumento de personas pobres que necesitan atenci\u00f3n - El Digital de Asturias\" \/>\n\t\t<meta property=\"og:description\" content=\"OVIEDO, 25 Sep. (EUROPA PRESS) - El presidente de C\u00e1ritas Asturias, Adolfo Rivas, ha alertado este mi\u00e9rcoles de que la entidad necesita voluntarios para acompa\u00f1ar a personas en riesgo de exclusi\u00f3n social, ante el aumento de este colectivo y la saturaci\u00f3n de los centros y equipos con los que cuenta la organizaci\u00f3n. Ha llamado la atenci\u00f3n\" \/>\n\t\t<meta property=\"og:url\" content=\"https:\/\/www.eldigitaldeasturias.com\/noticias\/caritas-asturias-necesita-voluntarios-ante-el-aumento-de-personas-pobres-que-necesitan-atencion\/\" \/>\n\t\t<meta property=\"article:tag\" content=\"actualidad asturias\" \/>\n\t\t<meta property=\"article:published_time\" content=\"2013-09-25T19:19:07+00:00\" \/>\n\t\t<meta property=\"article:modified_time\" content=\"2013-09-25T19:19:07+00:00\" \/>\n\t\t<meta property=\"article:publisher\" content=\"https:\/\/facebook.com\/eldigitaldeasturias\" \/>\n\t\t<meta name=\"twitter:card\" content=\"summary_large_image\" \/>\n\t\t<meta name=\"twitter:title\" content=\"C\u00e1ritas Asturias necesita voluntarios ante el aumento de personas pobres que necesitan atenci\u00f3n - El Digital de Asturias\" \/>\n\t\t<meta name=\"twitter:description\" content=\"OVIEDO, 25 Sep. (EUROPA PRESS) - El presidente de C\u00e1ritas Asturias, Adolfo Rivas, ha alertado este mi\u00e9rcoles de que la entidad necesita voluntarios para acompa\u00f1ar a personas en riesgo de exclusi\u00f3n social, ante el aumento de este colectivo y la saturaci\u00f3n de los centros y equipos con los que cuenta la organizaci\u00f3n. Ha llamado la atenci\u00f3n\" \/>\n\t\t<meta name=\"twitter:label1\" content=\"Escrito por\" \/>\n\t\t<meta name=\"twitter:data1\" content=\"El Digital de Asturias\" \/>\n\t\t<meta name=\"twitter:label2\" content=\"Tiempo de lectura estimado\" \/>\n\t\t<meta name=\"twitter:data2\" content=\"2 minutos\" \/>\n\t\t<script type=\"application\/ld+json\" class=\"aioseo-schema\">\n\t\t\t{\"@context\":\"https:\\\/\\\/schema.org\",\"@graph\":[{\"@type\":\"BlogPosting\",\"@id\":\"https:\\\/\\\/www.eldigitaldeasturias.com\\\/noticias\\\/caritas-asturias-necesita-voluntarios-ante-el-aumento-de-personas-pobres-que-necesitan-atencion\\\/#blogposting\",\"name\":\"C\\u00e1ritas Asturias necesita voluntarios ante el aumento de personas pobres que necesitan atenci\\u00f3n - El Digital de Asturias\",\"headline\":\"C\\u00e1ritas Asturias necesita voluntarios ante el aumento de personas pobres que necesitan atenci\\u00f3n\",\"author\":{\"@id\":\"https:\\\/\\\/www.eldigitaldeasturias.com\\\/noticias\\\/author\\\/admin\\\/#author\"},\"publisher\":{\"@id\":\"https:\\\/\\\/www.eldigitaldeasturias.com\\\/noticias\\\/#organization\"},\"image\":{\"@type\":\"ImageObject\",\"url\":3054},\"datePublished\":\"2013-09-25T19:19:07+02:00\",\"dateModified\":\"2013-09-25T19:19:07+02:00\",\"inLanguage\":\"es-ES\",\"mainEntityOfPage\":{\"@id\":\"https:\\\/\\\/www.eldigitaldeasturias.com\\\/noticias\\\/caritas-asturias-necesita-voluntarios-ante-el-aumento-de-personas-pobres-que-necesitan-atencion\\\/#webpage\"},\"isPartOf\":{\"@id\":\"https:\\\/\\\/www.eldigitaldeasturias.com\\\/noticias\\\/caritas-asturias-necesita-voluntarios-ante-el-aumento-de-personas-pobres-que-necesitan-atencion\\\/#webpage\"},\"articleSection\":\"Actualidad Asturias\"},{\"@type\":\"BreadcrumbList\",\"@id\":\"https:\\\/\\\/www.eldigitaldeasturias.com\\\/noticias\\\/caritas-asturias-necesita-voluntarios-ante-el-aumento-de-personas-pobres-que-necesitan-atencion\\\/#breadcrumblist\",\"itemListElement\":[{\"@type\":\"ListItem\",\"@id\":\"https:\\\/\\\/www.eldigitaldeasturias.com\\\/noticias#listItem\",\"position\":1,\"name\":\"Home\",\"item\":\"https:\\\/\\\/www.eldigitaldeasturias.com\\\/noticias\",\"nextItem\":{\"@type\":\"ListItem\",\"@id\":\"https:\\\/\\\/www.eldigitaldeasturias.com\\\/noticias\\\/category\\\/actualidad-asturias\\\/#listItem\",\"name\":\"Actualidad Asturias\"}},{\"@type\":\"ListItem\",\"@id\":\"https:\\\/\\\/www.eldigitaldeasturias.com\\\/noticias\\\/category\\\/actualidad-asturias\\\/#listItem\",\"position\":2,\"name\":\"Actualidad Asturias\",\"item\":\"https:\\\/\\\/www.eldigitaldeasturias.com\\\/noticias\\\/category\\\/actualidad-asturias\\\/\",\"nextItem\":{\"@type\":\"ListItem\",\"@id\":\"https:\\\/\\\/www.eldigitaldeasturias.com\\\/noticias\\\/caritas-asturias-necesita-voluntarios-ante-el-aumento-de-personas-pobres-que-necesitan-atencion\\\/#listItem\",\"name\":\"C\\u00e1ritas Asturias necesita voluntarios ante el aumento de personas pobres que necesitan atenci\\u00f3n\"},\"previousItem\":{\"@type\":\"ListItem\",\"@id\":\"https:\\\/\\\/www.eldigitaldeasturias.com\\\/noticias#listItem\",\"name\":\"Home\"}},{\"@type\":\"ListItem\",\"@id\":\"https:\\\/\\\/www.eldigitaldeasturias.com\\\/noticias\\\/caritas-asturias-necesita-voluntarios-ante-el-aumento-de-personas-pobres-que-necesitan-atencion\\\/#listItem\",\"position\":3,\"name\":\"C\\u00e1ritas Asturias necesita voluntarios ante el aumento de personas pobres que necesitan atenci\\u00f3n\",\"previousItem\":{\"@type\":\"ListItem\",\"@id\":\"https:\\\/\\\/www.eldigitaldeasturias.com\\\/noticias\\\/category\\\/actualidad-asturias\\\/#listItem\",\"name\":\"Actualidad Asturias\"}}]},{\"@type\":\"Organization\",\"@id\":\"https:\\\/\\\/www.eldigitaldeasturias.com\\\/noticias\\\/#organization\",\"name\":\"El Digital de Asturias\",\"description\":\"Hemeroteca\",\"url\":\"https:\\\/\\\/www.eldigitaldeasturias.com\\\/noticias\\\/\",\"email\":\"info@eldigitaldeasturias.com\",\"telephone\":\"+34652131393\",\"logo\":{\"@type\":\"ImageObject\",\"url\":\"https:\\\/\\\/www.eldigitaldeasturias.com\\\/noticias\\\/wp-content\\\/uploads\\\/2020\\\/12\\\/EDA.jpg\",\"@id\":\"https:\\\/\\\/www.eldigitaldeasturias.com\\\/noticias\\\/caritas-asturias-necesita-voluntarios-ante-el-aumento-de-personas-pobres-que-necesitan-atencion\\\/#organizationLogo\",\"width\":649,\"height\":297},\"image\":{\"@id\":\"https:\\\/\\\/www.eldigitaldeasturias.com\\\/noticias\\\/caritas-asturias-necesita-voluntarios-ante-el-aumento-de-personas-pobres-que-necesitan-atencion\\\/#organizationLogo\"},\"sameAs\":[\"https:\\\/\\\/facebook.com\\\/eldigitaldeasturias\",\"https:\\\/\\\/www.youtube.com\\\/channel\\\/UCZP-2wLEB9Rv6erhFmqVnvg\"],\"address\":{\"@id\":\"https:\\\/\\\/www.eldigitaldeasturias.com\\\/noticias\\\/#postaladdress\",\"@type\":\"PostalAddress\",\"streetAddress\":\"san antonio 4,\",\"postalCode\":\"33430\",\"addressLocality\":\"Cand\\u00e1s\",\"addressRegion\":\"Asturias\",\"addressCountry\":\"ES\"}},{\"@type\":\"Person\",\"@id\":\"https:\\\/\\\/www.eldigitaldeasturias.com\\\/noticias\\\/author\\\/admin\\\/#author\",\"url\":\"https:\\\/\\\/www.eldigitaldeasturias.com\\\/noticias\\\/author\\\/admin\\\/\",\"name\":\"El Digital de Asturias\",\"image\":{\"@type\":\"ImageObject\",\"@id\":\"https:\\\/\\\/www.eldigitaldeasturias.com\\\/noticias\\\/caritas-asturias-necesita-voluntarios-ante-el-aumento-de-personas-pobres-que-necesitan-atencion\\\/#authorImage\",\"url\":\"https:\\\/\\\/www.eldigitaldeasturias.com\\\/noticias\\\/wp-content\\\/litespeed\\\/avatar\\\/18677e78aa0546b92d9dbf31ec7d7668.jpg?ver=1777290358\",\"width\":96,\"height\":96,\"caption\":\"El Digital de Asturias\"}},{\"@type\":\"WebPage\",\"@id\":\"https:\\\/\\\/www.eldigitaldeasturias.com\\\/noticias\\\/caritas-asturias-necesita-voluntarios-ante-el-aumento-de-personas-pobres-que-necesitan-atencion\\\/#webpage\",\"url\":\"https:\\\/\\\/www.eldigitaldeasturias.com\\\/noticias\\\/caritas-asturias-necesita-voluntarios-ante-el-aumento-de-personas-pobres-que-necesitan-atencion\\\/\",\"name\":\"C\\u00e1ritas Asturias necesita voluntarios ante el aumento de personas pobres que necesitan atenci\\u00f3n - El Digital de Asturias\",\"description\":\"OVIEDO, 25 Sep. (EUROPA PRESS) - El presidente de C\\u00e1ritas Asturias, Adolfo Rivas, ha alertado este mi\\u00e9rcoles de que la entidad necesita voluntarios para acompa\\u00f1ar a personas en riesgo de exclusi\\u00f3n social, ante el aumento de este colectivo y la saturaci\\u00f3n de los centros y equipos con los que cuenta la organizaci\\u00f3n. Ha llamado la atenci\\u00f3n\",\"inLanguage\":\"es-ES\",\"isPartOf\":{\"@id\":\"https:\\\/\\\/www.eldigitaldeasturias.com\\\/noticias\\\/#website\"},\"breadcrumb\":{\"@id\":\"https:\\\/\\\/www.eldigitaldeasturias.com\\\/noticias\\\/caritas-asturias-necesita-voluntarios-ante-el-aumento-de-personas-pobres-que-necesitan-atencion\\\/#breadcrumblist\"},\"author\":{\"@id\":\"https:\\\/\\\/www.eldigitaldeasturias.com\\\/noticias\\\/author\\\/admin\\\/#author\"},\"creator\":{\"@id\":\"https:\\\/\\\/www.eldigitaldeasturias.com\\\/noticias\\\/author\\\/admin\\\/#author\"},\"image\":{\"@type\":\"ImageObject\",\"url\":3054,\"@id\":\"https:\\\/\\\/www.eldigitaldeasturias.com\\\/noticias\\\/caritas-asturias-necesita-voluntarios-ante-el-aumento-de-personas-pobres-que-necesitan-atencion\\\/#mainImage\"},\"primaryImageOfPage\":{\"@id\":\"https:\\\/\\\/www.eldigitaldeasturias.com\\\/noticias\\\/caritas-asturias-necesita-voluntarios-ante-el-aumento-de-personas-pobres-que-necesitan-atencion\\\/#mainImage\"},\"datePublished\":\"2013-09-25T19:19:07+02:00\",\"dateModified\":\"2013-09-25T19:19:07+02:00\"},{\"@type\":\"WebSite\",\"@id\":\"https:\\\/\\\/www.eldigitaldeasturias.com\\\/noticias\\\/#website\",\"url\":\"https:\\\/\\\/www.eldigitaldeasturias.com\\\/noticias\\\/\",\"name\":\"El Digital de Asturias - Diario de actualidad y noticias\",\"alternateName\":\"El Digital de Asturias - Diario de actualidad y noticias\",\"description\":\"Hemeroteca\",\"inLanguage\":\"es-ES\",\"publisher\":{\"@id\":\"https:\\\/\\\/www.eldigitaldeasturias.com\\\/noticias\\\/#organization\"}}]}\n\t\t<\/script>\n\t\t<!-- All in One SEO Pro -->\r\n\t\t<title>C\u00e1ritas Asturias necesita voluntarios ante el aumento de personas pobres que necesitan atenci\u00f3n - El Digital de Asturias<\/title>\n\n","aioseo_head_json":{"title":"C\u00e1ritas Asturias necesita voluntarios ante el aumento de personas pobres que necesitan atenci\u00f3n - El Digital de Asturias","description":"OVIEDO, 25 Sep. (EUROPA PRESS) - El presidente de C\u00e1ritas Asturias, Adolfo Rivas, ha alertado este mi\u00e9rcoles de que la entidad necesita voluntarios para acompa\u00f1ar a personas en riesgo de exclusi\u00f3n social, ante el aumento de este colectivo y la saturaci\u00f3n de los centros y equipos con los que cuenta la organizaci\u00f3n. Ha llamado la atenci\u00f3n","canonical_url":"https:\/\/www.eldigitaldeasturias.com\/noticias\/caritas-asturias-necesita-voluntarios-ante-el-aumento-de-personas-pobres-que-necesitan-atencion\/","robots":"max-image-preview:large","keywords":"actualidad asturias","webmasterTools":{"google-site-verification":"UA-38556648-1","msvalidate.01":"7dfe9f3f1b24437ab69f4f2559babe99","miscellaneous":""},"schema":{"@context":"https:\/\/schema.org","@graph":[{"@type":"BlogPosting","@id":"https:\/\/www.eldigitaldeasturias.com\/noticias\/caritas-asturias-necesita-voluntarios-ante-el-aumento-de-personas-pobres-que-necesitan-atencion\/#blogposting","name":"C\u00e1ritas Asturias necesita voluntarios ante el aumento de personas pobres que necesitan atenci\u00f3n - El Digital de Asturias","headline":"C\u00e1ritas Asturias necesita voluntarios ante el aumento de personas pobres que necesitan atenci\u00f3n","author":{"@id":"https:\/\/www.eldigitaldeasturias.com\/noticias\/author\/admin\/#author"},"publisher":{"@id":"https:\/\/www.eldigitaldeasturias.com\/noticias\/#organization"},"image":{"@type":"ImageObject","url":3054},"datePublished":"2013-09-25T19:19:07+02:00","dateModified":"2013-09-25T19:19:07+02:00","inLanguage":"es-ES","mainEntityOfPage":{"@id":"https:\/\/www.eldigitaldeasturias.com\/noticias\/caritas-asturias-necesita-voluntarios-ante-el-aumento-de-personas-pobres-que-necesitan-atencion\/#webpage"},"isPartOf":{"@id":"https:\/\/www.eldigitaldeasturias.com\/noticias\/caritas-asturias-necesita-voluntarios-ante-el-aumento-de-personas-pobres-que-necesitan-atencion\/#webpage"},"articleSection":"Actualidad Asturias"},{"@type":"BreadcrumbList","@id":"https:\/\/www.eldigitaldeasturias.com\/noticias\/caritas-asturias-necesita-voluntarios-ante-el-aumento-de-personas-pobres-que-necesitan-atencion\/#breadcrumblist","itemListElement":[{"@type":"ListItem","@id":"https:\/\/www.eldigitaldeasturias.com\/noticias#listItem","position":1,"name":"Home","item":"https:\/\/www.eldigitaldeasturias.com\/noticias","nextItem":{"@type":"ListItem","@id":"https:\/\/www.eldigitaldeasturias.com\/noticias\/category\/actualidad-asturias\/#listItem","name":"Actualidad Asturias"}},{"@type":"ListItem","@id":"https:\/\/www.eldigitaldeasturias.com\/noticias\/category\/actualidad-asturias\/#listItem","position":2,"name":"Actualidad Asturias","item":"https:\/\/www.eldigitaldeasturias.com\/noticias\/category\/actualidad-asturias\/","nextItem":{"@type":"ListItem","@id":"https:\/\/www.eldigitaldeasturias.com\/noticias\/caritas-asturias-necesita-voluntarios-ante-el-aumento-de-personas-pobres-que-necesitan-atencion\/#listItem","name":"C\u00e1ritas Asturias necesita voluntarios ante el aumento de personas pobres que necesitan atenci\u00f3n"},"previousItem":{"@type":"ListItem","@id":"https:\/\/www.eldigitaldeasturias.com\/noticias#listItem","name":"Home"}},{"@type":"ListItem","@id":"https:\/\/www.eldigitaldeasturias.com\/noticias\/caritas-asturias-necesita-voluntarios-ante-el-aumento-de-personas-pobres-que-necesitan-atencion\/#listItem","position":3,"name":"C\u00e1ritas Asturias necesita voluntarios ante el aumento de personas pobres que necesitan atenci\u00f3n","previousItem":{"@type":"ListItem","@id":"https:\/\/www.eldigitaldeasturias.com\/noticias\/category\/actualidad-asturias\/#listItem","name":"Actualidad Asturias"}}]},{"@type":"Organization","@id":"https:\/\/www.eldigitaldeasturias.com\/noticias\/#organization","name":"El Digital de Asturias","description":"Hemeroteca","url":"https:\/\/www.eldigitaldeasturias.com\/noticias\/","email":"info@eldigitaldeasturias.com","telephone":"+34652131393","logo":{"@type":"ImageObject","url":"https:\/\/www.eldigitaldeasturias.com\/noticias\/wp-content\/uploads\/2020\/12\/EDA.jpg","@id":"https:\/\/www.eldigitaldeasturias.com\/noticias\/caritas-asturias-necesita-voluntarios-ante-el-aumento-de-personas-pobres-que-necesitan-atencion\/#organizationLogo","width":649,"height":297},"image":{"@id":"https:\/\/www.eldigitaldeasturias.com\/noticias\/caritas-asturias-necesita-voluntarios-ante-el-aumento-de-personas-pobres-que-necesitan-atencion\/#organizationLogo"},"sameAs":["https:\/\/facebook.com\/eldigitaldeasturias","https:\/\/www.youtube.com\/channel\/UCZP-2wLEB9Rv6erhFmqVnvg"],"address":{"@id":"https:\/\/www.eldigitaldeasturias.com\/noticias\/#postaladdress","@type":"PostalAddress","streetAddress":"san antonio 4,","postalCode":"33430","addressLocality":"Cand\u00e1s","addressRegion":"Asturias","addressCountry":"ES"}},{"@type":"Person","@id":"https:\/\/www.eldigitaldeasturias.com\/noticias\/author\/admin\/#author","url":"https:\/\/www.eldigitaldeasturias.com\/noticias\/author\/admin\/","name":"El Digital de Asturias","image":{"@type":"ImageObject","@id":"https:\/\/www.eldigitaldeasturias.com\/noticias\/caritas-asturias-necesita-voluntarios-ante-el-aumento-de-personas-pobres-que-necesitan-atencion\/#authorImage","url":"https:\/\/www.eldigitaldeasturias.com\/noticias\/wp-content\/litespeed\/avatar\/18677e78aa0546b92d9dbf31ec7d7668.jpg?ver=1777290358","width":96,"height":96,"caption":"El Digital de Asturias"}},{"@type":"WebPage","@id":"https:\/\/www.eldigitaldeasturias.com\/noticias\/caritas-asturias-necesita-voluntarios-ante-el-aumento-de-personas-pobres-que-necesitan-atencion\/#webpage","url":"https:\/\/www.eldigitaldeasturias.com\/noticias\/caritas-asturias-necesita-voluntarios-ante-el-aumento-de-personas-pobres-que-necesitan-atencion\/","name":"C\u00e1ritas Asturias necesita voluntarios ante el aumento de personas pobres que necesitan atenci\u00f3n - El Digital de Asturias","description":"OVIEDO, 25 Sep. (EUROPA PRESS) - El presidente de C\u00e1ritas Asturias, Adolfo Rivas, ha alertado este mi\u00e9rcoles de que la entidad necesita voluntarios para acompa\u00f1ar a personas en riesgo de exclusi\u00f3n social, ante el aumento de este colectivo y la saturaci\u00f3n de los centros y equipos con los que cuenta la organizaci\u00f3n. Ha llamado la atenci\u00f3n","inLanguage":"es-ES","isPartOf":{"@id":"https:\/\/www.eldigitaldeasturias.com\/noticias\/#website"},"breadcrumb":{"@id":"https:\/\/www.eldigitaldeasturias.com\/noticias\/caritas-asturias-necesita-voluntarios-ante-el-aumento-de-personas-pobres-que-necesitan-atencion\/#breadcrumblist"},"author":{"@id":"https:\/\/www.eldigitaldeasturias.com\/noticias\/author\/admin\/#author"},"creator":{"@id":"https:\/\/www.eldigitaldeasturias.com\/noticias\/author\/admin\/#author"},"image":{"@type":"ImageObject","url":3054,"@id":"https:\/\/www.eldigitaldeasturias.com\/noticias\/caritas-asturias-necesita-voluntarios-ante-el-aumento-de-personas-pobres-que-necesitan-atencion\/#mainImage"},"primaryImageOfPage":{"@id":"https:\/\/www.eldigitaldeasturias.com\/noticias\/caritas-asturias-necesita-voluntarios-ante-el-aumento-de-personas-pobres-que-necesitan-atencion\/#mainImage"},"datePublished":"2013-09-25T19:19:07+02:00","dateModified":"2013-09-25T19:19:07+02:00"},{"@type":"WebSite","@id":"https:\/\/www.eldigitaldeasturias.com\/noticias\/#website","url":"https:\/\/www.eldigitaldeasturias.com\/noticias\/","name":"El Digital de Asturias - Diario de actualidad y noticias","alternateName":"El Digital de Asturias - Diario de actualidad y noticias","description":"Hemeroteca","inLanguage":"es-ES","publisher":{"@id":"https:\/\/www.eldigitaldeasturias.com\/noticias\/#organization"}}]},"og:locale":"es_ES","og:site_name":"El Digital de Asturias","og:type":"article","og:title":"C\u00e1ritas Asturias necesita voluntarios ante el aumento de personas pobres que necesitan atenci\u00f3n - El Digital de Asturias","og:description":"OVIEDO, 25 Sep. (EUROPA PRESS) - El presidente de C\u00e1ritas Asturias, Adolfo Rivas, ha alertado este mi\u00e9rcoles de que la entidad necesita voluntarios para acompa\u00f1ar a personas en riesgo de exclusi\u00f3n social, ante el aumento de este colectivo y la saturaci\u00f3n de los centros y equipos con los que cuenta la organizaci\u00f3n. Ha llamado la atenci\u00f3n","og:url":"https:\/\/www.eldigitaldeasturias.com\/noticias\/caritas-asturias-necesita-voluntarios-ante-el-aumento-de-personas-pobres-que-necesitan-atencion\/","article:tag":["actualidad asturias"],"article:published_time":"2013-09-25T19:19:07+00:00","article:modified_time":"2013-09-25T19:19:07+00:00","article:publisher":"https:\/\/facebook.com\/eldigitaldeasturias","twitter:card":"summary_large_image","twitter:title":"C\u00e1ritas Asturias necesita voluntarios ante el aumento de personas pobres que necesitan atenci\u00f3n - El Digital de Asturias","twitter:description":"OVIEDO, 25 Sep. (EUROPA PRESS) - El presidente de C\u00e1ritas Asturias, Adolfo Rivas, ha alertado este mi\u00e9rcoles de que la entidad necesita voluntarios para acompa\u00f1ar a personas en riesgo de exclusi\u00f3n social, ante el aumento de este colectivo y la saturaci\u00f3n de los centros y equipos con los que cuenta la organizaci\u00f3n. Ha llamado la atenci\u00f3n","twitter:label1":"Escrito por","twitter:data1":"El Digital de Asturias","twitter:label2":"Tiempo de lectura estimado","twitter:data2":"2 minutos"},"aioseo_meta_data":{"post_id":"3053","title":null,"description":null,"keywords":null,"keyphrases":null,"primary_term":null,"canonical_url":null,"og_title":null,"og_description":null,"og_object_type":"default","og_image_type":"default","og_image_url":null,"og_image_width":null,"og_image_height":null,"og_image_custom_url":null,"og_image_custom_fields":null,"og_video":null,"og_custom_url":null,"og_article_section":null,"og_article_tags":null,"twitter_use_og":true,"twitter_card":"default","twitter_image_type":"default","twitter_image_url":null,"twitter_image_custom_url":null,"twitter_image_custom_fields":null,"twitter_title":null,"twitter_description":null,"schema":{"blockGraphs":[],"customGraphs":[],"default":{"data":{"Article":[],"Course":[],"Dataset":[],"FAQPage":[],"Movie":[],"Person":[],"Product":[],"ProductReview":[],"Car":[],"Recipe":[],"Service":[],"SoftwareApplication":[],"WebPage":[]},"graphName":"","isEnabled":true},"graphs":[],"defaultGraph":"","defaultPostTypeGraph":""},"schema_type":null,"schema_type_options":null,"pillar_content":false,"robots_default":true,"robots_noindex":false,"robots_noarchive":false,"robots_nosnippet":false,"robots_nofollow":false,"robots_noimageindex":false,"robots_noodp":false,"robots_notranslate":false,"robots_max_snippet":null,"robots_max_videopreview":null,"robots_max_imagepreview":"none","priority":null,"frequency":null,"local_seo":null,"seo_analyzer_scan_date":"2025-08-21 05:36:48","breadcrumb_settings":null,"limit_modified_date":false,"open_ai":null,"ai":null,"created":"2020-11-14 22:37:00","updated":"2025-08-21 05:36:48"},"aioseo_breadcrumb":"<div class=\"aioseo-breadcrumbs\"><span class=\"aioseo-breadcrumb\">\n\t<a href=\"https:\/\/www.eldigitaldeasturias.com\/noticias\" title=\"Home\">Home<\/a>\n<\/span><span class=\"aioseo-breadcrumb-separator\">\u2013<\/span><span class=\"aioseo-breadcrumb\">\n\t<a href=\"https:\/\/www.eldigitaldeasturias.com\/noticias\/category\/actualidad-asturias\/\" title=\"Actualidad Asturias\">Actualidad Asturias<\/a>\n<\/span><span class=\"aioseo-breadcrumb-separator\">\u2013<\/span><span class=\"aioseo-breadcrumb\">\n\t<a href=\"https:\/\/www.eldigitaldeasturias.com\/noticias\/caritas-asturias-necesita-voluntarios-ante-el-aumento-de-personas-pobres-que-necesitan-atencion\/\" title=\"C\u00e1ritas Asturias necesita voluntarios ante el aumento de personas pobres que necesitan atenci\u00f3n\">C\u00e1ritas Asturias necesita voluntarios ante el aumento de personas pobres que necesitan atenci\u00f3n<\/a>\n<\/span><\/div>","aioseo_breadcrumb_json":[{"label":"Home","link":"https:\/\/www.eldigitaldeasturias.com\/noticias"},{"label":"Actualidad Asturias","link":"https:\/\/www.eldigitaldeasturias.com\/noticias\/category\/actualidad-asturias\/"},{"label":"C\u00e1ritas Asturias necesita voluntarios ante el aumento de personas pobres que necesitan atenci\u00f3n","link":"https:\/\/www.eldigitaldeasturias.com\/noticias\/caritas-asturias-necesita-voluntarios-ante-el-aumento-de-personas-pobres-que-necesitan-atencion\/"}],"_links":{"self":[{"href":"https:\/\/www.eldigitaldeasturias.com\/noticias\/wp-json\/wp\/v2\/posts\/3053","targetHints":{"allow":["GET"]}}],"collection":[{"href":"https:\/\/www.eldigitaldeasturias.com\/noticias\/wp-json\/wp\/v2\/posts"}],"about":[{"href":"https:\/\/www.eldigitaldeasturias.com\/noticias\/wp-json\/wp\/v2\/types\/post"}],"author":[{"embeddable":true,"href":"https:\/\/www.eldigitaldeasturias.com\/noticias\/wp-json\/wp\/v2\/users\/1"}],"replies":[{"embeddable":true,"href":"https:\/\/www.eldigitaldeasturias.com\/noticias\/wp-json\/wp\/v2\/comments?post=3053"}],"version-history":[{"count":0,"href":"https:\/\/www.eldigitaldeasturias.com\/noticias\/wp-json\/wp\/v2\/posts\/3053\/revisions"}],"wp:featuredmedia":[{"embeddable":true,"href":"https:\/\/www.eldigitaldeasturias.com\/noticias\/wp-json\/"}],"wp:attachment":[{"href":"https:\/\/www.eldigitaldeasturias.com\/noticias\/wp-json\/wp\/v2\/media?parent=3053"}],"wp:term":[{"taxonomy":"category","embeddable":true,"href":"https:\/\/www.eldigitaldeasturias.com\/noticias\/wp-json\/wp\/v2\/categories?post=3053"},{"taxonomy":"post_tag","embeddable":true,"href":"https:\/\/www.eldigitaldeasturias.com\/noticias\/wp-json\/wp\/v2\/tags?post=3053"}],"curies":[{"name":"wp","href":"https:\/\/api.w.org\/{rel}","templated":true}]}}