{"id":3050,"date":"2013-09-25T19:17:28","date_gmt":"2013-09-25T19:17:28","guid":{"rendered":"http:\/\/www.eldigitaldeasturias.com\/noticias\/?p=3050"},"modified":"2013-09-25T19:17:28","modified_gmt":"2013-09-25T19:17:28","slug":"el-principado-evita-pronunciarse-sobre-la-situacion-politica-de-cudillero","status":"publish","type":"post","link":"https:\/\/www.eldigitaldeasturias.com\/noticias\/el-principado-evita-pronunciarse-sobre-la-situacion-politica-de-cudillero\/","title":{"rendered":"El Principado evita pronunciarse sobre la situaci\u00f3n pol\u00edtica de Cudillero"},"content":{"rendered":"<p><img loading=\"lazy\" decoding=\"async\" class=\"alignleft size-medium wp-image-3051\" alt=\"fotonoticia_20130925131901_800\" src=\"https:\/\/www.eldigitaldeasturias.com\/noticias\/wp-content\/uploads\/2013\/09\/fotonoticia_20130925131901_800-360x240.jpg\" width=\"360\" height=\"240\" \/>OVIEDO, 25 Sep. (EUROPA PRESS) &#8211;\u00a0El Consejo de Gobierno del Principado de Asturias no ha tratado, entre los asuntos de la reuni\u00f3n de este mi\u00e9rcoles, la situaci\u00f3n generada en el municipio de Cudillero, despu\u00e9s de que el Tribunal Superior de Justicia de Asturias anulase el nombramiento del \u00faltimo alcalde, el socialista Luis Fern\u00e1ndez Garay.<\/p>\n<p>Se trata del tercer nombramiento de un alcalde que ha sido anulado por una sentencia judicial en el mismo municipio, despu\u00e9s de que el actual secretario general Francisco Gonz\u00e1lez dejase el cargo en junio de 2012 para irse como diputado a la Junta General del Principado de Asturias (JGPA). Gabriel L\u00f3pez le sustituy\u00f3, pero a los pocos meses dimiti\u00f3 por motivos personales. Posteriormente, los distintos ediles socialistas, que tienen mayor\u00eda absoluta, renunciaron al cargo.<\/p>\n<p>A partir de ese momento en el PSOE decidieron presentar a un socialista que no hab\u00eda ido en las listas, Ignacio Fern\u00e1ndez. Foro recurri\u00f3 y el Tribunal Constitucional anul\u00f3 el nombramiento. Despu\u00e9s tambi\u00e9n anular\u00eda el primer nombramiento de Fern\u00e1ndez Garay, por haber renunciado previamente.<\/p>\n<p>De esta forma, el municipio se encuentra sin alcalde. No obstante, el consejero de Presidencia y Portavoz del Gobierno, no ha querido, a preguntas de los periodistas, en una rueda de prensa pronunciarse sobre lo ocurrido, indicando que no hab\u00eda sido tratado en la reuni\u00f3n del Consejo de Gobierno.<\/p>\n<p>\u00abEl Consejo de Gobierno no ha valorado la noticia aparecida ayer con respecto a la sentencia de Cudillero\u00bb, se ha limitado a decir cuando ha sido preguntado sobre la posibilidad de que el Gobierno del Principado interviniera ante la at\u00edpica situaci\u00f3n. \u00abNo puedo hacer ning\u00fan comentario personal o pol\u00edtico sobre el asunto\u00bb, ha se\u00f1alado.<\/p>\n<p>S\u00ed ha querido enviar un \u00abmensaje de tranquilidad\u00bb a los ciudadanos de Cudillero, en el sentido de que la cooperaci\u00f3n entre el municipio y el Principado seguir\u00e1 intacta, a pesar de la sentencia. \u00abNo tiene por qu\u00e9 afectar a los servicios que presta el Principado all\u00ed o los que presta el Ayuntamiento de Cudillero\u00bb, ha manifestado.<\/p>\n","protected":false},"excerpt":{"rendered":"<p>OVIEDO, 25 Sep. (EUROPA PRESS) &#8211;\u00a0El Consejo de Gobierno del Principado de Asturias no ha tratado, entre los asuntos de la reuni\u00f3n de este mi\u00e9rcoles, la situaci\u00f3n generada en el municipio de Cudillero, despu\u00e9s de que el Tribunal Superior de Justicia de Asturias anulase el nombramiento del \u00faltimo alcalde, el socialista Luis Fern\u00e1ndez Garay. Se [&hellip;]<\/p>\n","protected":false},"author":1,"featured_media":3051,"comment_status":"open","ping_status":"open","sticky":false,"template":"","format":"standard","meta":{"footnotes":""},"categories":[1,12],"tags":[],"class_list":["post-3050","post","type-post","status-publish","format-standard","has-post-thumbnail","hentry","category-actualidad","category-actualidad-asturias"],"aioseo_notices":[],"aioseo_head":"\n\t\t<!-- All in One SEO Pro 4.9.6.2 - aioseo.com -->\n\t<meta name=\"description\" content=\"OVIEDO, 25 Sep. (EUROPA PRESS) - El Consejo de Gobierno del Principado de Asturias no ha tratado, entre los asuntos de la reuni\u00f3n de este mi\u00e9rcoles, la situaci\u00f3n generada en el municipio de Cudillero, despu\u00e9s de que el Tribunal Superior de Justicia de Asturias anulase el nombramiento del \u00faltimo alcalde, el socialista Luis Fern\u00e1ndez Garay. Se\" \/>\n\t<meta name=\"robots\" content=\"max-image-preview:large\" \/>\n\t<meta name=\"author\" content=\"El Digital de Asturias\"\/>\n\t<meta name=\"google-site-verification\" content=\"UA-38556648-1\" \/>\n\t<meta name=\"msvalidate.01\" content=\"7dfe9f3f1b24437ab69f4f2559babe99\" \/>\n\t<meta name=\"keywords\" content=\"actualidad,actualidad asturias\" \/>\n\t<link rel=\"canonical\" href=\"https:\/\/www.eldigitaldeasturias.com\/noticias\/el-principado-evita-pronunciarse-sobre-la-situacion-politica-de-cudillero\/\" \/>\n\t<meta name=\"generator\" content=\"All in One SEO Pro (AIOSEO) 4.9.6.2\" \/>\n\t\t<meta property=\"og:locale\" content=\"es_ES\" \/>\n\t\t<meta property=\"og:site_name\" content=\"El Digital de Asturias\" \/>\n\t\t<meta property=\"og:type\" content=\"article\" \/>\n\t\t<meta property=\"og:title\" content=\"El Principado evita pronunciarse sobre la situaci\u00f3n pol\u00edtica de Cudillero - El Digital de Asturias\" \/>\n\t\t<meta property=\"og:description\" content=\"OVIEDO, 25 Sep. (EUROPA PRESS) - El Consejo de Gobierno del Principado de Asturias no ha tratado, entre los asuntos de la reuni\u00f3n de este mi\u00e9rcoles, la situaci\u00f3n generada en el municipio de Cudillero, despu\u00e9s de que el Tribunal Superior de Justicia de Asturias anulase el nombramiento del \u00faltimo alcalde, el socialista Luis Fern\u00e1ndez Garay. Se\" \/>\n\t\t<meta property=\"og:url\" content=\"https:\/\/www.eldigitaldeasturias.com\/noticias\/el-principado-evita-pronunciarse-sobre-la-situacion-politica-de-cudillero\/\" \/>\n\t\t<meta property=\"article:tag\" content=\"actualidad\" \/>\n\t\t<meta property=\"article:tag\" content=\"actualidad asturias\" \/>\n\t\t<meta property=\"article:published_time\" content=\"2013-09-25T19:17:28+00:00\" \/>\n\t\t<meta property=\"article:modified_time\" content=\"2013-09-25T19:17:28+00:00\" \/>\n\t\t<meta property=\"article:publisher\" content=\"https:\/\/facebook.com\/eldigitaldeasturias\" \/>\n\t\t<meta name=\"twitter:card\" content=\"summary_large_image\" \/>\n\t\t<meta name=\"twitter:title\" content=\"El Principado evita pronunciarse sobre la situaci\u00f3n pol\u00edtica de Cudillero - El Digital de Asturias\" \/>\n\t\t<meta name=\"twitter:description\" content=\"OVIEDO, 25 Sep. (EUROPA PRESS) - El Consejo de Gobierno del Principado de Asturias no ha tratado, entre los asuntos de la reuni\u00f3n de este mi\u00e9rcoles, la situaci\u00f3n generada en el municipio de Cudillero, despu\u00e9s de que el Tribunal Superior de Justicia de Asturias anulase el nombramiento del \u00faltimo alcalde, el socialista Luis Fern\u00e1ndez Garay. Se\" \/>\n\t\t<meta name=\"twitter:label1\" content=\"Escrito por\" \/>\n\t\t<meta name=\"twitter:data1\" content=\"El Digital de Asturias\" \/>\n\t\t<meta name=\"twitter:label2\" content=\"Tiempo de lectura estimado\" \/>\n\t\t<meta name=\"twitter:data2\" content=\"2 minutos\" \/>\n\t\t<script type=\"application\/ld+json\" class=\"aioseo-schema\">\n\t\t\t{\"@context\":\"https:\\\/\\\/schema.org\",\"@graph\":[{\"@type\":\"BlogPosting\",\"@id\":\"https:\\\/\\\/www.eldigitaldeasturias.com\\\/noticias\\\/el-principado-evita-pronunciarse-sobre-la-situacion-politica-de-cudillero\\\/#blogposting\",\"name\":\"El Principado evita pronunciarse sobre la situaci\\u00f3n pol\\u00edtica de Cudillero - El Digital de Asturias\",\"headline\":\"El Principado evita pronunciarse sobre la situaci\\u00f3n pol\\u00edtica de Cudillero\",\"author\":{\"@id\":\"https:\\\/\\\/www.eldigitaldeasturias.com\\\/noticias\\\/author\\\/admin\\\/#author\"},\"publisher\":{\"@id\":\"https:\\\/\\\/www.eldigitaldeasturias.com\\\/noticias\\\/#organization\"},\"image\":{\"@type\":\"ImageObject\",\"url\":3051},\"datePublished\":\"2013-09-25T19:17:28+02:00\",\"dateModified\":\"2013-09-25T19:17:28+02:00\",\"inLanguage\":\"es-ES\",\"mainEntityOfPage\":{\"@id\":\"https:\\\/\\\/www.eldigitaldeasturias.com\\\/noticias\\\/el-principado-evita-pronunciarse-sobre-la-situacion-politica-de-cudillero\\\/#webpage\"},\"isPartOf\":{\"@id\":\"https:\\\/\\\/www.eldigitaldeasturias.com\\\/noticias\\\/el-principado-evita-pronunciarse-sobre-la-situacion-politica-de-cudillero\\\/#webpage\"},\"articleSection\":\"Actualidad, Actualidad Asturias\"},{\"@type\":\"BreadcrumbList\",\"@id\":\"https:\\\/\\\/www.eldigitaldeasturias.com\\\/noticias\\\/el-principado-evita-pronunciarse-sobre-la-situacion-politica-de-cudillero\\\/#breadcrumblist\",\"itemListElement\":[{\"@type\":\"ListItem\",\"@id\":\"https:\\\/\\\/www.eldigitaldeasturias.com\\\/noticias#listItem\",\"position\":1,\"name\":\"Home\",\"item\":\"https:\\\/\\\/www.eldigitaldeasturias.com\\\/noticias\",\"nextItem\":{\"@type\":\"ListItem\",\"@id\":\"https:\\\/\\\/www.eldigitaldeasturias.com\\\/noticias\\\/category\\\/actualidad\\\/#listItem\",\"name\":\"Actualidad\"}},{\"@type\":\"ListItem\",\"@id\":\"https:\\\/\\\/www.eldigitaldeasturias.com\\\/noticias\\\/category\\\/actualidad\\\/#listItem\",\"position\":2,\"name\":\"Actualidad\",\"item\":\"https:\\\/\\\/www.eldigitaldeasturias.com\\\/noticias\\\/category\\\/actualidad\\\/\",\"nextItem\":{\"@type\":\"ListItem\",\"@id\":\"https:\\\/\\\/www.eldigitaldeasturias.com\\\/noticias\\\/el-principado-evita-pronunciarse-sobre-la-situacion-politica-de-cudillero\\\/#listItem\",\"name\":\"El Principado evita pronunciarse sobre la situaci\\u00f3n pol\\u00edtica de Cudillero\"},\"previousItem\":{\"@type\":\"ListItem\",\"@id\":\"https:\\\/\\\/www.eldigitaldeasturias.com\\\/noticias#listItem\",\"name\":\"Home\"}},{\"@type\":\"ListItem\",\"@id\":\"https:\\\/\\\/www.eldigitaldeasturias.com\\\/noticias\\\/el-principado-evita-pronunciarse-sobre-la-situacion-politica-de-cudillero\\\/#listItem\",\"position\":3,\"name\":\"El Principado evita pronunciarse sobre la situaci\\u00f3n pol\\u00edtica de Cudillero\",\"previousItem\":{\"@type\":\"ListItem\",\"@id\":\"https:\\\/\\\/www.eldigitaldeasturias.com\\\/noticias\\\/category\\\/actualidad\\\/#listItem\",\"name\":\"Actualidad\"}}]},{\"@type\":\"Organization\",\"@id\":\"https:\\\/\\\/www.eldigitaldeasturias.com\\\/noticias\\\/#organization\",\"name\":\"El Digital de Asturias\",\"description\":\"Hemeroteca\",\"url\":\"https:\\\/\\\/www.eldigitaldeasturias.com\\\/noticias\\\/\",\"email\":\"info@eldigitaldeasturias.com\",\"telephone\":\"+34652131393\",\"logo\":{\"@type\":\"ImageObject\",\"url\":\"https:\\\/\\\/www.eldigitaldeasturias.com\\\/noticias\\\/wp-content\\\/uploads\\\/2020\\\/12\\\/EDA.jpg\",\"@id\":\"https:\\\/\\\/www.eldigitaldeasturias.com\\\/noticias\\\/el-principado-evita-pronunciarse-sobre-la-situacion-politica-de-cudillero\\\/#organizationLogo\",\"width\":649,\"height\":297},\"image\":{\"@id\":\"https:\\\/\\\/www.eldigitaldeasturias.com\\\/noticias\\\/el-principado-evita-pronunciarse-sobre-la-situacion-politica-de-cudillero\\\/#organizationLogo\"},\"sameAs\":[\"https:\\\/\\\/facebook.com\\\/eldigitaldeasturias\",\"https:\\\/\\\/www.youtube.com\\\/channel\\\/UCZP-2wLEB9Rv6erhFmqVnvg\"],\"address\":{\"@id\":\"https:\\\/\\\/www.eldigitaldeasturias.com\\\/noticias\\\/#postaladdress\",\"@type\":\"PostalAddress\",\"streetAddress\":\"san antonio 4,\",\"postalCode\":\"33430\",\"addressLocality\":\"Cand\\u00e1s\",\"addressRegion\":\"Asturias\",\"addressCountry\":\"ES\"}},{\"@type\":\"Person\",\"@id\":\"https:\\\/\\\/www.eldigitaldeasturias.com\\\/noticias\\\/author\\\/admin\\\/#author\",\"url\":\"https:\\\/\\\/www.eldigitaldeasturias.com\\\/noticias\\\/author\\\/admin\\\/\",\"name\":\"El Digital de Asturias\",\"image\":{\"@type\":\"ImageObject\",\"@id\":\"https:\\\/\\\/www.eldigitaldeasturias.com\\\/noticias\\\/el-principado-evita-pronunciarse-sobre-la-situacion-politica-de-cudillero\\\/#authorImage\",\"url\":\"https:\\\/\\\/www.eldigitaldeasturias.com\\\/noticias\\\/wp-content\\\/litespeed\\\/avatar\\\/18677e78aa0546b92d9dbf31ec7d7668.jpg?ver=1777290358\",\"width\":96,\"height\":96,\"caption\":\"El Digital de Asturias\"}},{\"@type\":\"WebPage\",\"@id\":\"https:\\\/\\\/www.eldigitaldeasturias.com\\\/noticias\\\/el-principado-evita-pronunciarse-sobre-la-situacion-politica-de-cudillero\\\/#webpage\",\"url\":\"https:\\\/\\\/www.eldigitaldeasturias.com\\\/noticias\\\/el-principado-evita-pronunciarse-sobre-la-situacion-politica-de-cudillero\\\/\",\"name\":\"El Principado evita pronunciarse sobre la situaci\\u00f3n pol\\u00edtica de Cudillero - El Digital de Asturias\",\"description\":\"OVIEDO, 25 Sep. (EUROPA PRESS) - El Consejo de Gobierno del Principado de Asturias no ha tratado, entre los asuntos de la reuni\\u00f3n de este mi\\u00e9rcoles, la situaci\\u00f3n generada en el municipio de Cudillero, despu\\u00e9s de que el Tribunal Superior de Justicia de Asturias anulase el nombramiento del \\u00faltimo alcalde, el socialista Luis Fern\\u00e1ndez Garay. Se\",\"inLanguage\":\"es-ES\",\"isPartOf\":{\"@id\":\"https:\\\/\\\/www.eldigitaldeasturias.com\\\/noticias\\\/#website\"},\"breadcrumb\":{\"@id\":\"https:\\\/\\\/www.eldigitaldeasturias.com\\\/noticias\\\/el-principado-evita-pronunciarse-sobre-la-situacion-politica-de-cudillero\\\/#breadcrumblist\"},\"author\":{\"@id\":\"https:\\\/\\\/www.eldigitaldeasturias.com\\\/noticias\\\/author\\\/admin\\\/#author\"},\"creator\":{\"@id\":\"https:\\\/\\\/www.eldigitaldeasturias.com\\\/noticias\\\/author\\\/admin\\\/#author\"},\"image\":{\"@type\":\"ImageObject\",\"url\":3051,\"@id\":\"https:\\\/\\\/www.eldigitaldeasturias.com\\\/noticias\\\/el-principado-evita-pronunciarse-sobre-la-situacion-politica-de-cudillero\\\/#mainImage\"},\"primaryImageOfPage\":{\"@id\":\"https:\\\/\\\/www.eldigitaldeasturias.com\\\/noticias\\\/el-principado-evita-pronunciarse-sobre-la-situacion-politica-de-cudillero\\\/#mainImage\"},\"datePublished\":\"2013-09-25T19:17:28+02:00\",\"dateModified\":\"2013-09-25T19:17:28+02:00\"},{\"@type\":\"WebSite\",\"@id\":\"https:\\\/\\\/www.eldigitaldeasturias.com\\\/noticias\\\/#website\",\"url\":\"https:\\\/\\\/www.eldigitaldeasturias.com\\\/noticias\\\/\",\"name\":\"El Digital de Asturias - Diario de actualidad y noticias\",\"alternateName\":\"El Digital de Asturias - Diario de actualidad y noticias\",\"description\":\"Hemeroteca\",\"inLanguage\":\"es-ES\",\"publisher\":{\"@id\":\"https:\\\/\\\/www.eldigitaldeasturias.com\\\/noticias\\\/#organization\"}}]}\n\t\t<\/script>\n\t\t<!-- All in One SEO Pro -->\r\n\t\t<title>El Principado evita pronunciarse sobre la situaci\u00f3n pol\u00edtica de Cudillero - El Digital de Asturias<\/title>\n\n","aioseo_head_json":{"title":"El Principado evita pronunciarse sobre la situaci\u00f3n pol\u00edtica de Cudillero - El Digital de Asturias","description":"OVIEDO, 25 Sep. (EUROPA PRESS) - El Consejo de Gobierno del Principado de Asturias no ha tratado, entre los asuntos de la reuni\u00f3n de este mi\u00e9rcoles, la situaci\u00f3n generada en el municipio de Cudillero, despu\u00e9s de que el Tribunal Superior de Justicia de Asturias anulase el nombramiento del \u00faltimo alcalde, el socialista Luis Fern\u00e1ndez Garay. Se","canonical_url":"https:\/\/www.eldigitaldeasturias.com\/noticias\/el-principado-evita-pronunciarse-sobre-la-situacion-politica-de-cudillero\/","robots":"max-image-preview:large","keywords":"actualidad,actualidad asturias","webmasterTools":{"google-site-verification":"UA-38556648-1","msvalidate.01":"7dfe9f3f1b24437ab69f4f2559babe99","miscellaneous":""},"schema":{"@context":"https:\/\/schema.org","@graph":[{"@type":"BlogPosting","@id":"https:\/\/www.eldigitaldeasturias.com\/noticias\/el-principado-evita-pronunciarse-sobre-la-situacion-politica-de-cudillero\/#blogposting","name":"El Principado evita pronunciarse sobre la situaci\u00f3n pol\u00edtica de Cudillero - El Digital de Asturias","headline":"El Principado evita pronunciarse sobre la situaci\u00f3n pol\u00edtica de Cudillero","author":{"@id":"https:\/\/www.eldigitaldeasturias.com\/noticias\/author\/admin\/#author"},"publisher":{"@id":"https:\/\/www.eldigitaldeasturias.com\/noticias\/#organization"},"image":{"@type":"ImageObject","url":3051},"datePublished":"2013-09-25T19:17:28+02:00","dateModified":"2013-09-25T19:17:28+02:00","inLanguage":"es-ES","mainEntityOfPage":{"@id":"https:\/\/www.eldigitaldeasturias.com\/noticias\/el-principado-evita-pronunciarse-sobre-la-situacion-politica-de-cudillero\/#webpage"},"isPartOf":{"@id":"https:\/\/www.eldigitaldeasturias.com\/noticias\/el-principado-evita-pronunciarse-sobre-la-situacion-politica-de-cudillero\/#webpage"},"articleSection":"Actualidad, Actualidad Asturias"},{"@type":"BreadcrumbList","@id":"https:\/\/www.eldigitaldeasturias.com\/noticias\/el-principado-evita-pronunciarse-sobre-la-situacion-politica-de-cudillero\/#breadcrumblist","itemListElement":[{"@type":"ListItem","@id":"https:\/\/www.eldigitaldeasturias.com\/noticias#listItem","position":1,"name":"Home","item":"https:\/\/www.eldigitaldeasturias.com\/noticias","nextItem":{"@type":"ListItem","@id":"https:\/\/www.eldigitaldeasturias.com\/noticias\/category\/actualidad\/#listItem","name":"Actualidad"}},{"@type":"ListItem","@id":"https:\/\/www.eldigitaldeasturias.com\/noticias\/category\/actualidad\/#listItem","position":2,"name":"Actualidad","item":"https:\/\/www.eldigitaldeasturias.com\/noticias\/category\/actualidad\/","nextItem":{"@type":"ListItem","@id":"https:\/\/www.eldigitaldeasturias.com\/noticias\/el-principado-evita-pronunciarse-sobre-la-situacion-politica-de-cudillero\/#listItem","name":"El Principado evita pronunciarse sobre la situaci\u00f3n pol\u00edtica de Cudillero"},"previousItem":{"@type":"ListItem","@id":"https:\/\/www.eldigitaldeasturias.com\/noticias#listItem","name":"Home"}},{"@type":"ListItem","@id":"https:\/\/www.eldigitaldeasturias.com\/noticias\/el-principado-evita-pronunciarse-sobre-la-situacion-politica-de-cudillero\/#listItem","position":3,"name":"El Principado evita pronunciarse sobre la situaci\u00f3n pol\u00edtica de Cudillero","previousItem":{"@type":"ListItem","@id":"https:\/\/www.eldigitaldeasturias.com\/noticias\/category\/actualidad\/#listItem","name":"Actualidad"}}]},{"@type":"Organization","@id":"https:\/\/www.eldigitaldeasturias.com\/noticias\/#organization","name":"El Digital de Asturias","description":"Hemeroteca","url":"https:\/\/www.eldigitaldeasturias.com\/noticias\/","email":"info@eldigitaldeasturias.com","telephone":"+34652131393","logo":{"@type":"ImageObject","url":"https:\/\/www.eldigitaldeasturias.com\/noticias\/wp-content\/uploads\/2020\/12\/EDA.jpg","@id":"https:\/\/www.eldigitaldeasturias.com\/noticias\/el-principado-evita-pronunciarse-sobre-la-situacion-politica-de-cudillero\/#organizationLogo","width":649,"height":297},"image":{"@id":"https:\/\/www.eldigitaldeasturias.com\/noticias\/el-principado-evita-pronunciarse-sobre-la-situacion-politica-de-cudillero\/#organizationLogo"},"sameAs":["https:\/\/facebook.com\/eldigitaldeasturias","https:\/\/www.youtube.com\/channel\/UCZP-2wLEB9Rv6erhFmqVnvg"],"address":{"@id":"https:\/\/www.eldigitaldeasturias.com\/noticias\/#postaladdress","@type":"PostalAddress","streetAddress":"san antonio 4,","postalCode":"33430","addressLocality":"Cand\u00e1s","addressRegion":"Asturias","addressCountry":"ES"}},{"@type":"Person","@id":"https:\/\/www.eldigitaldeasturias.com\/noticias\/author\/admin\/#author","url":"https:\/\/www.eldigitaldeasturias.com\/noticias\/author\/admin\/","name":"El Digital de Asturias","image":{"@type":"ImageObject","@id":"https:\/\/www.eldigitaldeasturias.com\/noticias\/el-principado-evita-pronunciarse-sobre-la-situacion-politica-de-cudillero\/#authorImage","url":"https:\/\/www.eldigitaldeasturias.com\/noticias\/wp-content\/litespeed\/avatar\/18677e78aa0546b92d9dbf31ec7d7668.jpg?ver=1777290358","width":96,"height":96,"caption":"El Digital de Asturias"}},{"@type":"WebPage","@id":"https:\/\/www.eldigitaldeasturias.com\/noticias\/el-principado-evita-pronunciarse-sobre-la-situacion-politica-de-cudillero\/#webpage","url":"https:\/\/www.eldigitaldeasturias.com\/noticias\/el-principado-evita-pronunciarse-sobre-la-situacion-politica-de-cudillero\/","name":"El Principado evita pronunciarse sobre la situaci\u00f3n pol\u00edtica de Cudillero - El Digital de Asturias","description":"OVIEDO, 25 Sep. (EUROPA PRESS) - El Consejo de Gobierno del Principado de Asturias no ha tratado, entre los asuntos de la reuni\u00f3n de este mi\u00e9rcoles, la situaci\u00f3n generada en el municipio de Cudillero, despu\u00e9s de que el Tribunal Superior de Justicia de Asturias anulase el nombramiento del \u00faltimo alcalde, el socialista Luis Fern\u00e1ndez Garay. Se","inLanguage":"es-ES","isPartOf":{"@id":"https:\/\/www.eldigitaldeasturias.com\/noticias\/#website"},"breadcrumb":{"@id":"https:\/\/www.eldigitaldeasturias.com\/noticias\/el-principado-evita-pronunciarse-sobre-la-situacion-politica-de-cudillero\/#breadcrumblist"},"author":{"@id":"https:\/\/www.eldigitaldeasturias.com\/noticias\/author\/admin\/#author"},"creator":{"@id":"https:\/\/www.eldigitaldeasturias.com\/noticias\/author\/admin\/#author"},"image":{"@type":"ImageObject","url":3051,"@id":"https:\/\/www.eldigitaldeasturias.com\/noticias\/el-principado-evita-pronunciarse-sobre-la-situacion-politica-de-cudillero\/#mainImage"},"primaryImageOfPage":{"@id":"https:\/\/www.eldigitaldeasturias.com\/noticias\/el-principado-evita-pronunciarse-sobre-la-situacion-politica-de-cudillero\/#mainImage"},"datePublished":"2013-09-25T19:17:28+02:00","dateModified":"2013-09-25T19:17:28+02:00"},{"@type":"WebSite","@id":"https:\/\/www.eldigitaldeasturias.com\/noticias\/#website","url":"https:\/\/www.eldigitaldeasturias.com\/noticias\/","name":"El Digital de Asturias - Diario de actualidad y noticias","alternateName":"El Digital de Asturias - Diario de actualidad y noticias","description":"Hemeroteca","inLanguage":"es-ES","publisher":{"@id":"https:\/\/www.eldigitaldeasturias.com\/noticias\/#organization"}}]},"og:locale":"es_ES","og:site_name":"El Digital de Asturias","og:type":"article","og:title":"El Principado evita pronunciarse sobre la situaci\u00f3n pol\u00edtica de Cudillero - El Digital de Asturias","og:description":"OVIEDO, 25 Sep. (EUROPA PRESS) - El Consejo de Gobierno del Principado de Asturias no ha tratado, entre los asuntos de la reuni\u00f3n de este mi\u00e9rcoles, la situaci\u00f3n generada en el municipio de Cudillero, despu\u00e9s de que el Tribunal Superior de Justicia de Asturias anulase el nombramiento del \u00faltimo alcalde, el socialista Luis Fern\u00e1ndez Garay. Se","og:url":"https:\/\/www.eldigitaldeasturias.com\/noticias\/el-principado-evita-pronunciarse-sobre-la-situacion-politica-de-cudillero\/","article:tag":["actualidad","actualidad asturias"],"article:published_time":"2013-09-25T19:17:28+00:00","article:modified_time":"2013-09-25T19:17:28+00:00","article:publisher":"https:\/\/facebook.com\/eldigitaldeasturias","twitter:card":"summary_large_image","twitter:title":"El Principado evita pronunciarse sobre la situaci\u00f3n pol\u00edtica de Cudillero - El Digital de Asturias","twitter:description":"OVIEDO, 25 Sep. (EUROPA PRESS) - El Consejo de Gobierno del Principado de Asturias no ha tratado, entre los asuntos de la reuni\u00f3n de este mi\u00e9rcoles, la situaci\u00f3n generada en el municipio de Cudillero, despu\u00e9s de que el Tribunal Superior de Justicia de Asturias anulase el nombramiento del \u00faltimo alcalde, el socialista Luis Fern\u00e1ndez Garay. Se","twitter:label1":"Escrito por","twitter:data1":"El Digital de Asturias","twitter:label2":"Tiempo de lectura estimado","twitter:data2":"2 minutos"},"aioseo_meta_data":{"post_id":"3050","title":null,"description":null,"keywords":null,"keyphrases":null,"primary_term":null,"canonical_url":null,"og_title":null,"og_description":null,"og_object_type":"default","og_image_type":"default","og_image_url":null,"og_image_width":null,"og_image_height":null,"og_image_custom_url":null,"og_image_custom_fields":null,"og_video":null,"og_custom_url":null,"og_article_section":null,"og_article_tags":null,"twitter_use_og":true,"twitter_card":"default","twitter_image_type":"default","twitter_image_url":null,"twitter_image_custom_url":null,"twitter_image_custom_fields":null,"twitter_title":null,"twitter_description":null,"schema":{"blockGraphs":[],"customGraphs":[],"default":{"data":{"Article":[],"Course":[],"Dataset":[],"FAQPage":[],"Movie":[],"Person":[],"Product":[],"ProductReview":[],"Car":[],"Recipe":[],"Service":[],"SoftwareApplication":[],"WebPage":[]},"graphName":"","isEnabled":true},"graphs":[],"defaultGraph":"","defaultPostTypeGraph":""},"schema_type":null,"schema_type_options":null,"pillar_content":false,"robots_default":true,"robots_noindex":false,"robots_noarchive":false,"robots_nosnippet":false,"robots_nofollow":false,"robots_noimageindex":false,"robots_noodp":false,"robots_notranslate":false,"robots_max_snippet":null,"robots_max_videopreview":null,"robots_max_imagepreview":"none","priority":null,"frequency":null,"local_seo":null,"seo_analyzer_scan_date":"2025-08-21 05:36:47","breadcrumb_settings":null,"limit_modified_date":false,"open_ai":null,"ai":null,"created":"2020-11-14 22:37:00","updated":"2025-08-21 05:36:47"},"aioseo_breadcrumb":"<div class=\"aioseo-breadcrumbs\"><span class=\"aioseo-breadcrumb\">\n\t<a href=\"https:\/\/www.eldigitaldeasturias.com\/noticias\" title=\"Home\">Home<\/a>\n<\/span><span class=\"aioseo-breadcrumb-separator\">\u2013<\/span><span class=\"aioseo-breadcrumb\">\n\t<a href=\"https:\/\/www.eldigitaldeasturias.com\/noticias\/category\/actualidad\/\" title=\"Actualidad\">Actualidad<\/a>\n<\/span><span class=\"aioseo-breadcrumb-separator\">\u2013<\/span><span class=\"aioseo-breadcrumb\">\n\t<a href=\"https:\/\/www.eldigitaldeasturias.com\/noticias\/el-principado-evita-pronunciarse-sobre-la-situacion-politica-de-cudillero\/\" title=\"El Principado evita pronunciarse sobre la situaci\u00f3n pol\u00edtica de Cudillero\">El Principado evita pronunciarse sobre la situaci\u00f3n pol\u00edtica de Cudillero<\/a>\n<\/span><\/div>","aioseo_breadcrumb_json":[{"label":"Home","link":"https:\/\/www.eldigitaldeasturias.com\/noticias"},{"label":"Actualidad","link":"https:\/\/www.eldigitaldeasturias.com\/noticias\/category\/actualidad\/"},{"label":"El Principado evita pronunciarse sobre la situaci\u00f3n pol\u00edtica de Cudillero","link":"https:\/\/www.eldigitaldeasturias.com\/noticias\/el-principado-evita-pronunciarse-sobre-la-situacion-politica-de-cudillero\/"}],"_links":{"self":[{"href":"https:\/\/www.eldigitaldeasturias.com\/noticias\/wp-json\/wp\/v2\/posts\/3050","targetHints":{"allow":["GET"]}}],"collection":[{"href":"https:\/\/www.eldigitaldeasturias.com\/noticias\/wp-json\/wp\/v2\/posts"}],"about":[{"href":"https:\/\/www.eldigitaldeasturias.com\/noticias\/wp-json\/wp\/v2\/types\/post"}],"author":[{"embeddable":true,"href":"https:\/\/www.eldigitaldeasturias.com\/noticias\/wp-json\/wp\/v2\/users\/1"}],"replies":[{"embeddable":true,"href":"https:\/\/www.eldigitaldeasturias.com\/noticias\/wp-json\/wp\/v2\/comments?post=3050"}],"version-history":[{"count":0,"href":"https:\/\/www.eldigitaldeasturias.com\/noticias\/wp-json\/wp\/v2\/posts\/3050\/revisions"}],"wp:featuredmedia":[{"embeddable":true,"href":"https:\/\/www.eldigitaldeasturias.com\/noticias\/wp-json\/"}],"wp:attachment":[{"href":"https:\/\/www.eldigitaldeasturias.com\/noticias\/wp-json\/wp\/v2\/media?parent=3050"}],"wp:term":[{"taxonomy":"category","embeddable":true,"href":"https:\/\/www.eldigitaldeasturias.com\/noticias\/wp-json\/wp\/v2\/categories?post=3050"},{"taxonomy":"post_tag","embeddable":true,"href":"https:\/\/www.eldigitaldeasturias.com\/noticias\/wp-json\/wp\/v2\/tags?post=3050"}],"curies":[{"name":"wp","href":"https:\/\/api.w.org\/{rel}","templated":true}]}}