{"id":3044,"date":"2013-09-25T19:14:29","date_gmt":"2013-09-25T19:14:29","guid":{"rendered":"http:\/\/www.eldigitaldeasturias.com\/noticias\/?p=3044"},"modified":"2013-09-25T19:14:29","modified_gmt":"2013-09-25T19:14:29","slug":"cerrada-la-parte-leonesa-de-la-ruta-del-cares-por-un-incendio-en-el-entorno-de-cain","status":"publish","type":"post","link":"https:\/\/www.eldigitaldeasturias.com\/noticias\/cerrada-la-parte-leonesa-de-la-ruta-del-cares-por-un-incendio-en-el-entorno-de-cain\/","title":{"rendered":"Cerrada la parte leonesa de la Ruta del Cares por un incendio en el entorno de Ca\u00edn"},"content":{"rendered":"<p><img loading=\"lazy\" decoding=\"async\" class=\"alignleft size-medium wp-image-3045\" alt=\"fotonoticia_20130925125327_800\" src=\"https:\/\/www.eldigitaldeasturias.com\/noticias\/wp-content\/uploads\/2013\/09\/fotonoticia_20130925125327_800-360x239.jpg\" width=\"360\" height=\"239\" \/>OVIEDO, 25 (EUROPA PRESS)\u00a0La parte leonesa de la Ruta del Cares, concretamente el tramo comprendido entre Puente Bol\u00edn y el pueblo de Ca\u00edn, permanece cerrada a causa de un incendio contra el que se est\u00e1 luchando, hasta ahora con escasos resultados, en la margen derecha del r\u00edo, en el entorno de esta localidad.<\/p>\n<p>Seg\u00fan han confirmado fuentes del Parque Nacional de Picos de Europa a Europa Press, el fuego se declar\u00f3 en la tarde de este martes, en la falda del macizo central de Picos de Europa que da al r\u00edo Cares y se est\u00e1 extendiendo hacia niveles m\u00e1s altos.<\/p>\n<p>Se trata de lugar con muy dif\u00edcil acceso a pie y riesgo de desprendimientos de piedras, por lo que de momento solo est\u00e1n actuando los medios a\u00e9reos, dos helic\u00f3pteros, uno de la Junta de Castilla Le\u00f3n y otro del Ministerio de Agricultura, ambos utilizando bombas de agua, pero de momento con \u00abescasa eficiencia\u00bb.<\/p>\n<p>Por este motivo se ha producido a cortar el se\u00f1alado tramo, aunque el Parque ha confirmado que el resto de la ruta, la parte que va desde Poncebos hasta Puente Bol\u00edn, se puede realizar sin problema. En este punto, se informa a los excursionistas de que deben dar la vuelta a causa del incendio.<\/p>\n","protected":false},"excerpt":{"rendered":"<p>OVIEDO, 25 (EUROPA PRESS)\u00a0La parte leonesa de la Ruta del Cares, concretamente el tramo comprendido entre Puente Bol\u00edn y el pueblo de Ca\u00edn, permanece cerrada a causa de un incendio contra el que se est\u00e1 luchando, hasta ahora con escasos resultados, en la margen derecha del r\u00edo, en el entorno de esta localidad. Seg\u00fan han [&hellip;]<\/p>\n","protected":false},"author":1,"featured_media":3045,"comment_status":"open","ping_status":"open","sticky":false,"template":"","format":"standard","meta":{"footnotes":""},"categories":[1,12],"tags":[],"class_list":["post-3044","post","type-post","status-publish","format-standard","has-post-thumbnail","hentry","category-actualidad","category-actualidad-asturias"],"aioseo_notices":[],"aioseo_head":"\n\t\t<!-- All in One SEO Pro 4.9.6.2 - aioseo.com -->\n\t<meta name=\"description\" content=\"OVIEDO, 25 (EUROPA PRESS) La parte leonesa de la Ruta del Cares, concretamente el tramo comprendido entre Puente Bol\u00edn y el pueblo de Ca\u00edn, permanece cerrada a causa de un incendio contra el que se est\u00e1 luchando, hasta ahora con escasos resultados, en la margen derecha del r\u00edo, en el entorno de esta localidad. Seg\u00fan han\" \/>\n\t<meta name=\"robots\" content=\"max-image-preview:large\" \/>\n\t<meta name=\"author\" content=\"El Digital de Asturias\"\/>\n\t<meta name=\"google-site-verification\" content=\"UA-38556648-1\" \/>\n\t<meta name=\"msvalidate.01\" content=\"7dfe9f3f1b24437ab69f4f2559babe99\" \/>\n\t<meta name=\"keywords\" content=\"actualidad,actualidad asturias\" \/>\n\t<link rel=\"canonical\" href=\"https:\/\/www.eldigitaldeasturias.com\/noticias\/cerrada-la-parte-leonesa-de-la-ruta-del-cares-por-un-incendio-en-el-entorno-de-cain\/\" \/>\n\t<meta name=\"generator\" content=\"All in One SEO Pro (AIOSEO) 4.9.6.2\" \/>\n\t\t<meta property=\"og:locale\" content=\"es_ES\" \/>\n\t\t<meta property=\"og:site_name\" content=\"El Digital de Asturias\" \/>\n\t\t<meta property=\"og:type\" content=\"article\" \/>\n\t\t<meta property=\"og:title\" content=\"Cerrada la parte leonesa de la Ruta del Cares por un incendio en el entorno de Ca\u00edn - El Digital de Asturias\" \/>\n\t\t<meta property=\"og:description\" content=\"OVIEDO, 25 (EUROPA PRESS) La parte leonesa de la Ruta del Cares, concretamente el tramo comprendido entre Puente Bol\u00edn y el pueblo de Ca\u00edn, permanece cerrada a causa de un incendio contra el que se est\u00e1 luchando, hasta ahora con escasos resultados, en la margen derecha del r\u00edo, en el entorno de esta localidad. Seg\u00fan han\" \/>\n\t\t<meta property=\"og:url\" content=\"https:\/\/www.eldigitaldeasturias.com\/noticias\/cerrada-la-parte-leonesa-de-la-ruta-del-cares-por-un-incendio-en-el-entorno-de-cain\/\" \/>\n\t\t<meta property=\"article:tag\" content=\"actualidad\" \/>\n\t\t<meta property=\"article:tag\" content=\"actualidad asturias\" \/>\n\t\t<meta property=\"article:published_time\" content=\"2013-09-25T19:14:29+00:00\" \/>\n\t\t<meta property=\"article:modified_time\" content=\"2013-09-25T19:14:29+00:00\" \/>\n\t\t<meta property=\"article:publisher\" content=\"https:\/\/facebook.com\/eldigitaldeasturias\" \/>\n\t\t<meta name=\"twitter:card\" content=\"summary_large_image\" \/>\n\t\t<meta name=\"twitter:title\" content=\"Cerrada la parte leonesa de la Ruta del Cares por un incendio en el entorno de Ca\u00edn - El Digital de Asturias\" \/>\n\t\t<meta name=\"twitter:description\" content=\"OVIEDO, 25 (EUROPA PRESS) La parte leonesa de la Ruta del Cares, concretamente el tramo comprendido entre Puente Bol\u00edn y el pueblo de Ca\u00edn, permanece cerrada a causa de un incendio contra el que se est\u00e1 luchando, hasta ahora con escasos resultados, en la margen derecha del r\u00edo, en el entorno de esta localidad. Seg\u00fan han\" \/>\n\t\t<meta name=\"twitter:label1\" content=\"Escrito por\" \/>\n\t\t<meta name=\"twitter:data1\" content=\"El Digital de Asturias\" \/>\n\t\t<meta name=\"twitter:label2\" content=\"Tiempo de lectura estimado\" \/>\n\t\t<meta name=\"twitter:data2\" content=\"1 minuto\" \/>\n\t\t<script type=\"application\/ld+json\" class=\"aioseo-schema\">\n\t\t\t{\"@context\":\"https:\\\/\\\/schema.org\",\"@graph\":[{\"@type\":\"BlogPosting\",\"@id\":\"https:\\\/\\\/www.eldigitaldeasturias.com\\\/noticias\\\/cerrada-la-parte-leonesa-de-la-ruta-del-cares-por-un-incendio-en-el-entorno-de-cain\\\/#blogposting\",\"name\":\"Cerrada la parte leonesa de la Ruta del Cares por un incendio en el entorno de Ca\\u00edn - El Digital de Asturias\",\"headline\":\"Cerrada la parte leonesa de la Ruta del Cares por un incendio en el entorno de Ca\\u00edn\",\"author\":{\"@id\":\"https:\\\/\\\/www.eldigitaldeasturias.com\\\/noticias\\\/author\\\/admin\\\/#author\"},\"publisher\":{\"@id\":\"https:\\\/\\\/www.eldigitaldeasturias.com\\\/noticias\\\/#organization\"},\"image\":{\"@type\":\"ImageObject\",\"url\":3045},\"datePublished\":\"2013-09-25T19:14:29+02:00\",\"dateModified\":\"2013-09-25T19:14:29+02:00\",\"inLanguage\":\"es-ES\",\"mainEntityOfPage\":{\"@id\":\"https:\\\/\\\/www.eldigitaldeasturias.com\\\/noticias\\\/cerrada-la-parte-leonesa-de-la-ruta-del-cares-por-un-incendio-en-el-entorno-de-cain\\\/#webpage\"},\"isPartOf\":{\"@id\":\"https:\\\/\\\/www.eldigitaldeasturias.com\\\/noticias\\\/cerrada-la-parte-leonesa-de-la-ruta-del-cares-por-un-incendio-en-el-entorno-de-cain\\\/#webpage\"},\"articleSection\":\"Actualidad, Actualidad Asturias\"},{\"@type\":\"BreadcrumbList\",\"@id\":\"https:\\\/\\\/www.eldigitaldeasturias.com\\\/noticias\\\/cerrada-la-parte-leonesa-de-la-ruta-del-cares-por-un-incendio-en-el-entorno-de-cain\\\/#breadcrumblist\",\"itemListElement\":[{\"@type\":\"ListItem\",\"@id\":\"https:\\\/\\\/www.eldigitaldeasturias.com\\\/noticias#listItem\",\"position\":1,\"name\":\"Home\",\"item\":\"https:\\\/\\\/www.eldigitaldeasturias.com\\\/noticias\",\"nextItem\":{\"@type\":\"ListItem\",\"@id\":\"https:\\\/\\\/www.eldigitaldeasturias.com\\\/noticias\\\/category\\\/actualidad\\\/#listItem\",\"name\":\"Actualidad\"}},{\"@type\":\"ListItem\",\"@id\":\"https:\\\/\\\/www.eldigitaldeasturias.com\\\/noticias\\\/category\\\/actualidad\\\/#listItem\",\"position\":2,\"name\":\"Actualidad\",\"item\":\"https:\\\/\\\/www.eldigitaldeasturias.com\\\/noticias\\\/category\\\/actualidad\\\/\",\"nextItem\":{\"@type\":\"ListItem\",\"@id\":\"https:\\\/\\\/www.eldigitaldeasturias.com\\\/noticias\\\/cerrada-la-parte-leonesa-de-la-ruta-del-cares-por-un-incendio-en-el-entorno-de-cain\\\/#listItem\",\"name\":\"Cerrada la parte leonesa de la Ruta del Cares por un incendio en el entorno de Ca\\u00edn\"},\"previousItem\":{\"@type\":\"ListItem\",\"@id\":\"https:\\\/\\\/www.eldigitaldeasturias.com\\\/noticias#listItem\",\"name\":\"Home\"}},{\"@type\":\"ListItem\",\"@id\":\"https:\\\/\\\/www.eldigitaldeasturias.com\\\/noticias\\\/cerrada-la-parte-leonesa-de-la-ruta-del-cares-por-un-incendio-en-el-entorno-de-cain\\\/#listItem\",\"position\":3,\"name\":\"Cerrada la parte leonesa de la Ruta del Cares por un incendio en el entorno de Ca\\u00edn\",\"previousItem\":{\"@type\":\"ListItem\",\"@id\":\"https:\\\/\\\/www.eldigitaldeasturias.com\\\/noticias\\\/category\\\/actualidad\\\/#listItem\",\"name\":\"Actualidad\"}}]},{\"@type\":\"Organization\",\"@id\":\"https:\\\/\\\/www.eldigitaldeasturias.com\\\/noticias\\\/#organization\",\"name\":\"El Digital de Asturias\",\"description\":\"Hemeroteca\",\"url\":\"https:\\\/\\\/www.eldigitaldeasturias.com\\\/noticias\\\/\",\"email\":\"info@eldigitaldeasturias.com\",\"telephone\":\"+34652131393\",\"logo\":{\"@type\":\"ImageObject\",\"url\":\"https:\\\/\\\/www.eldigitaldeasturias.com\\\/noticias\\\/wp-content\\\/uploads\\\/2020\\\/12\\\/EDA.jpg\",\"@id\":\"https:\\\/\\\/www.eldigitaldeasturias.com\\\/noticias\\\/cerrada-la-parte-leonesa-de-la-ruta-del-cares-por-un-incendio-en-el-entorno-de-cain\\\/#organizationLogo\",\"width\":649,\"height\":297},\"image\":{\"@id\":\"https:\\\/\\\/www.eldigitaldeasturias.com\\\/noticias\\\/cerrada-la-parte-leonesa-de-la-ruta-del-cares-por-un-incendio-en-el-entorno-de-cain\\\/#organizationLogo\"},\"sameAs\":[\"https:\\\/\\\/facebook.com\\\/eldigitaldeasturias\",\"https:\\\/\\\/www.youtube.com\\\/channel\\\/UCZP-2wLEB9Rv6erhFmqVnvg\"],\"address\":{\"@id\":\"https:\\\/\\\/www.eldigitaldeasturias.com\\\/noticias\\\/#postaladdress\",\"@type\":\"PostalAddress\",\"streetAddress\":\"san antonio 4,\",\"postalCode\":\"33430\",\"addressLocality\":\"Cand\\u00e1s\",\"addressRegion\":\"Asturias\",\"addressCountry\":\"ES\"}},{\"@type\":\"Person\",\"@id\":\"https:\\\/\\\/www.eldigitaldeasturias.com\\\/noticias\\\/author\\\/admin\\\/#author\",\"url\":\"https:\\\/\\\/www.eldigitaldeasturias.com\\\/noticias\\\/author\\\/admin\\\/\",\"name\":\"El Digital de Asturias\",\"image\":{\"@type\":\"ImageObject\",\"@id\":\"https:\\\/\\\/www.eldigitaldeasturias.com\\\/noticias\\\/cerrada-la-parte-leonesa-de-la-ruta-del-cares-por-un-incendio-en-el-entorno-de-cain\\\/#authorImage\",\"url\":\"https:\\\/\\\/www.eldigitaldeasturias.com\\\/noticias\\\/wp-content\\\/litespeed\\\/avatar\\\/18677e78aa0546b92d9dbf31ec7d7668.jpg?ver=1777290358\",\"width\":96,\"height\":96,\"caption\":\"El Digital de Asturias\"}},{\"@type\":\"WebPage\",\"@id\":\"https:\\\/\\\/www.eldigitaldeasturias.com\\\/noticias\\\/cerrada-la-parte-leonesa-de-la-ruta-del-cares-por-un-incendio-en-el-entorno-de-cain\\\/#webpage\",\"url\":\"https:\\\/\\\/www.eldigitaldeasturias.com\\\/noticias\\\/cerrada-la-parte-leonesa-de-la-ruta-del-cares-por-un-incendio-en-el-entorno-de-cain\\\/\",\"name\":\"Cerrada la parte leonesa de la Ruta del Cares por un incendio en el entorno de Ca\\u00edn - El Digital de Asturias\",\"description\":\"OVIEDO, 25 (EUROPA PRESS) La parte leonesa de la Ruta del Cares, concretamente el tramo comprendido entre Puente Bol\\u00edn y el pueblo de Ca\\u00edn, permanece cerrada a causa de un incendio contra el que se est\\u00e1 luchando, hasta ahora con escasos resultados, en la margen derecha del r\\u00edo, en el entorno de esta localidad. Seg\\u00fan han\",\"inLanguage\":\"es-ES\",\"isPartOf\":{\"@id\":\"https:\\\/\\\/www.eldigitaldeasturias.com\\\/noticias\\\/#website\"},\"breadcrumb\":{\"@id\":\"https:\\\/\\\/www.eldigitaldeasturias.com\\\/noticias\\\/cerrada-la-parte-leonesa-de-la-ruta-del-cares-por-un-incendio-en-el-entorno-de-cain\\\/#breadcrumblist\"},\"author\":{\"@id\":\"https:\\\/\\\/www.eldigitaldeasturias.com\\\/noticias\\\/author\\\/admin\\\/#author\"},\"creator\":{\"@id\":\"https:\\\/\\\/www.eldigitaldeasturias.com\\\/noticias\\\/author\\\/admin\\\/#author\"},\"image\":{\"@type\":\"ImageObject\",\"url\":3045,\"@id\":\"https:\\\/\\\/www.eldigitaldeasturias.com\\\/noticias\\\/cerrada-la-parte-leonesa-de-la-ruta-del-cares-por-un-incendio-en-el-entorno-de-cain\\\/#mainImage\"},\"primaryImageOfPage\":{\"@id\":\"https:\\\/\\\/www.eldigitaldeasturias.com\\\/noticias\\\/cerrada-la-parte-leonesa-de-la-ruta-del-cares-por-un-incendio-en-el-entorno-de-cain\\\/#mainImage\"},\"datePublished\":\"2013-09-25T19:14:29+02:00\",\"dateModified\":\"2013-09-25T19:14:29+02:00\"},{\"@type\":\"WebSite\",\"@id\":\"https:\\\/\\\/www.eldigitaldeasturias.com\\\/noticias\\\/#website\",\"url\":\"https:\\\/\\\/www.eldigitaldeasturias.com\\\/noticias\\\/\",\"name\":\"El Digital de Asturias - Diario de actualidad y noticias\",\"alternateName\":\"El Digital de Asturias - Diario de actualidad y noticias\",\"description\":\"Hemeroteca\",\"inLanguage\":\"es-ES\",\"publisher\":{\"@id\":\"https:\\\/\\\/www.eldigitaldeasturias.com\\\/noticias\\\/#organization\"}}]}\n\t\t<\/script>\n\t\t<!-- All in One SEO Pro -->\r\n\t\t<title>Cerrada la parte leonesa de la Ruta del Cares por un incendio en el entorno de Ca\u00edn - El Digital de Asturias<\/title>\n\n","aioseo_head_json":{"title":"Cerrada la parte leonesa de la Ruta del Cares por un incendio en el entorno de Ca\u00edn - El Digital de Asturias","description":"OVIEDO, 25 (EUROPA PRESS) La parte leonesa de la Ruta del Cares, concretamente el tramo comprendido entre Puente Bol\u00edn y el pueblo de Ca\u00edn, permanece cerrada a causa de un incendio contra el que se est\u00e1 luchando, hasta ahora con escasos resultados, en la margen derecha del r\u00edo, en el entorno de esta localidad. Seg\u00fan han","canonical_url":"https:\/\/www.eldigitaldeasturias.com\/noticias\/cerrada-la-parte-leonesa-de-la-ruta-del-cares-por-un-incendio-en-el-entorno-de-cain\/","robots":"max-image-preview:large","keywords":"actualidad,actualidad asturias","webmasterTools":{"google-site-verification":"UA-38556648-1","msvalidate.01":"7dfe9f3f1b24437ab69f4f2559babe99","miscellaneous":""},"schema":{"@context":"https:\/\/schema.org","@graph":[{"@type":"BlogPosting","@id":"https:\/\/www.eldigitaldeasturias.com\/noticias\/cerrada-la-parte-leonesa-de-la-ruta-del-cares-por-un-incendio-en-el-entorno-de-cain\/#blogposting","name":"Cerrada la parte leonesa de la Ruta del Cares por un incendio en el entorno de Ca\u00edn - El Digital de Asturias","headline":"Cerrada la parte leonesa de la Ruta del Cares por un incendio en el entorno de Ca\u00edn","author":{"@id":"https:\/\/www.eldigitaldeasturias.com\/noticias\/author\/admin\/#author"},"publisher":{"@id":"https:\/\/www.eldigitaldeasturias.com\/noticias\/#organization"},"image":{"@type":"ImageObject","url":3045},"datePublished":"2013-09-25T19:14:29+02:00","dateModified":"2013-09-25T19:14:29+02:00","inLanguage":"es-ES","mainEntityOfPage":{"@id":"https:\/\/www.eldigitaldeasturias.com\/noticias\/cerrada-la-parte-leonesa-de-la-ruta-del-cares-por-un-incendio-en-el-entorno-de-cain\/#webpage"},"isPartOf":{"@id":"https:\/\/www.eldigitaldeasturias.com\/noticias\/cerrada-la-parte-leonesa-de-la-ruta-del-cares-por-un-incendio-en-el-entorno-de-cain\/#webpage"},"articleSection":"Actualidad, Actualidad Asturias"},{"@type":"BreadcrumbList","@id":"https:\/\/www.eldigitaldeasturias.com\/noticias\/cerrada-la-parte-leonesa-de-la-ruta-del-cares-por-un-incendio-en-el-entorno-de-cain\/#breadcrumblist","itemListElement":[{"@type":"ListItem","@id":"https:\/\/www.eldigitaldeasturias.com\/noticias#listItem","position":1,"name":"Home","item":"https:\/\/www.eldigitaldeasturias.com\/noticias","nextItem":{"@type":"ListItem","@id":"https:\/\/www.eldigitaldeasturias.com\/noticias\/category\/actualidad\/#listItem","name":"Actualidad"}},{"@type":"ListItem","@id":"https:\/\/www.eldigitaldeasturias.com\/noticias\/category\/actualidad\/#listItem","position":2,"name":"Actualidad","item":"https:\/\/www.eldigitaldeasturias.com\/noticias\/category\/actualidad\/","nextItem":{"@type":"ListItem","@id":"https:\/\/www.eldigitaldeasturias.com\/noticias\/cerrada-la-parte-leonesa-de-la-ruta-del-cares-por-un-incendio-en-el-entorno-de-cain\/#listItem","name":"Cerrada la parte leonesa de la Ruta del Cares por un incendio en el entorno de Ca\u00edn"},"previousItem":{"@type":"ListItem","@id":"https:\/\/www.eldigitaldeasturias.com\/noticias#listItem","name":"Home"}},{"@type":"ListItem","@id":"https:\/\/www.eldigitaldeasturias.com\/noticias\/cerrada-la-parte-leonesa-de-la-ruta-del-cares-por-un-incendio-en-el-entorno-de-cain\/#listItem","position":3,"name":"Cerrada la parte leonesa de la Ruta del Cares por un incendio en el entorno de Ca\u00edn","previousItem":{"@type":"ListItem","@id":"https:\/\/www.eldigitaldeasturias.com\/noticias\/category\/actualidad\/#listItem","name":"Actualidad"}}]},{"@type":"Organization","@id":"https:\/\/www.eldigitaldeasturias.com\/noticias\/#organization","name":"El Digital de Asturias","description":"Hemeroteca","url":"https:\/\/www.eldigitaldeasturias.com\/noticias\/","email":"info@eldigitaldeasturias.com","telephone":"+34652131393","logo":{"@type":"ImageObject","url":"https:\/\/www.eldigitaldeasturias.com\/noticias\/wp-content\/uploads\/2020\/12\/EDA.jpg","@id":"https:\/\/www.eldigitaldeasturias.com\/noticias\/cerrada-la-parte-leonesa-de-la-ruta-del-cares-por-un-incendio-en-el-entorno-de-cain\/#organizationLogo","width":649,"height":297},"image":{"@id":"https:\/\/www.eldigitaldeasturias.com\/noticias\/cerrada-la-parte-leonesa-de-la-ruta-del-cares-por-un-incendio-en-el-entorno-de-cain\/#organizationLogo"},"sameAs":["https:\/\/facebook.com\/eldigitaldeasturias","https:\/\/www.youtube.com\/channel\/UCZP-2wLEB9Rv6erhFmqVnvg"],"address":{"@id":"https:\/\/www.eldigitaldeasturias.com\/noticias\/#postaladdress","@type":"PostalAddress","streetAddress":"san antonio 4,","postalCode":"33430","addressLocality":"Cand\u00e1s","addressRegion":"Asturias","addressCountry":"ES"}},{"@type":"Person","@id":"https:\/\/www.eldigitaldeasturias.com\/noticias\/author\/admin\/#author","url":"https:\/\/www.eldigitaldeasturias.com\/noticias\/author\/admin\/","name":"El Digital de Asturias","image":{"@type":"ImageObject","@id":"https:\/\/www.eldigitaldeasturias.com\/noticias\/cerrada-la-parte-leonesa-de-la-ruta-del-cares-por-un-incendio-en-el-entorno-de-cain\/#authorImage","url":"https:\/\/www.eldigitaldeasturias.com\/noticias\/wp-content\/litespeed\/avatar\/18677e78aa0546b92d9dbf31ec7d7668.jpg?ver=1777290358","width":96,"height":96,"caption":"El Digital de Asturias"}},{"@type":"WebPage","@id":"https:\/\/www.eldigitaldeasturias.com\/noticias\/cerrada-la-parte-leonesa-de-la-ruta-del-cares-por-un-incendio-en-el-entorno-de-cain\/#webpage","url":"https:\/\/www.eldigitaldeasturias.com\/noticias\/cerrada-la-parte-leonesa-de-la-ruta-del-cares-por-un-incendio-en-el-entorno-de-cain\/","name":"Cerrada la parte leonesa de la Ruta del Cares por un incendio en el entorno de Ca\u00edn - El Digital de Asturias","description":"OVIEDO, 25 (EUROPA PRESS) La parte leonesa de la Ruta del Cares, concretamente el tramo comprendido entre Puente Bol\u00edn y el pueblo de Ca\u00edn, permanece cerrada a causa de un incendio contra el que se est\u00e1 luchando, hasta ahora con escasos resultados, en la margen derecha del r\u00edo, en el entorno de esta localidad. Seg\u00fan han","inLanguage":"es-ES","isPartOf":{"@id":"https:\/\/www.eldigitaldeasturias.com\/noticias\/#website"},"breadcrumb":{"@id":"https:\/\/www.eldigitaldeasturias.com\/noticias\/cerrada-la-parte-leonesa-de-la-ruta-del-cares-por-un-incendio-en-el-entorno-de-cain\/#breadcrumblist"},"author":{"@id":"https:\/\/www.eldigitaldeasturias.com\/noticias\/author\/admin\/#author"},"creator":{"@id":"https:\/\/www.eldigitaldeasturias.com\/noticias\/author\/admin\/#author"},"image":{"@type":"ImageObject","url":3045,"@id":"https:\/\/www.eldigitaldeasturias.com\/noticias\/cerrada-la-parte-leonesa-de-la-ruta-del-cares-por-un-incendio-en-el-entorno-de-cain\/#mainImage"},"primaryImageOfPage":{"@id":"https:\/\/www.eldigitaldeasturias.com\/noticias\/cerrada-la-parte-leonesa-de-la-ruta-del-cares-por-un-incendio-en-el-entorno-de-cain\/#mainImage"},"datePublished":"2013-09-25T19:14:29+02:00","dateModified":"2013-09-25T19:14:29+02:00"},{"@type":"WebSite","@id":"https:\/\/www.eldigitaldeasturias.com\/noticias\/#website","url":"https:\/\/www.eldigitaldeasturias.com\/noticias\/","name":"El Digital de Asturias - Diario de actualidad y noticias","alternateName":"El Digital de Asturias - Diario de actualidad y noticias","description":"Hemeroteca","inLanguage":"es-ES","publisher":{"@id":"https:\/\/www.eldigitaldeasturias.com\/noticias\/#organization"}}]},"og:locale":"es_ES","og:site_name":"El Digital de Asturias","og:type":"article","og:title":"Cerrada la parte leonesa de la Ruta del Cares por un incendio en el entorno de Ca\u00edn - El Digital de Asturias","og:description":"OVIEDO, 25 (EUROPA PRESS) La parte leonesa de la Ruta del Cares, concretamente el tramo comprendido entre Puente Bol\u00edn y el pueblo de Ca\u00edn, permanece cerrada a causa de un incendio contra el que se est\u00e1 luchando, hasta ahora con escasos resultados, en la margen derecha del r\u00edo, en el entorno de esta localidad. Seg\u00fan han","og:url":"https:\/\/www.eldigitaldeasturias.com\/noticias\/cerrada-la-parte-leonesa-de-la-ruta-del-cares-por-un-incendio-en-el-entorno-de-cain\/","article:tag":["actualidad","actualidad asturias"],"article:published_time":"2013-09-25T19:14:29+00:00","article:modified_time":"2013-09-25T19:14:29+00:00","article:publisher":"https:\/\/facebook.com\/eldigitaldeasturias","twitter:card":"summary_large_image","twitter:title":"Cerrada la parte leonesa de la Ruta del Cares por un incendio en el entorno de Ca\u00edn - El Digital de Asturias","twitter:description":"OVIEDO, 25 (EUROPA PRESS) La parte leonesa de la Ruta del Cares, concretamente el tramo comprendido entre Puente Bol\u00edn y el pueblo de Ca\u00edn, permanece cerrada a causa de un incendio contra el que se est\u00e1 luchando, hasta ahora con escasos resultados, en la margen derecha del r\u00edo, en el entorno de esta localidad. Seg\u00fan han","twitter:label1":"Escrito por","twitter:data1":"El Digital de Asturias","twitter:label2":"Tiempo de lectura estimado","twitter:data2":"1 minuto"},"aioseo_meta_data":{"post_id":"3044","title":null,"description":null,"keywords":null,"keyphrases":null,"primary_term":null,"canonical_url":null,"og_title":null,"og_description":null,"og_object_type":"default","og_image_type":"default","og_image_url":null,"og_image_width":null,"og_image_height":null,"og_image_custom_url":null,"og_image_custom_fields":null,"og_video":null,"og_custom_url":null,"og_article_section":null,"og_article_tags":null,"twitter_use_og":true,"twitter_card":"default","twitter_image_type":"default","twitter_image_url":null,"twitter_image_custom_url":null,"twitter_image_custom_fields":null,"twitter_title":null,"twitter_description":null,"schema":{"blockGraphs":[],"customGraphs":[],"default":{"data":{"Article":[],"Course":[],"Dataset":[],"FAQPage":[],"Movie":[],"Person":[],"Product":[],"ProductReview":[],"Car":[],"Recipe":[],"Service":[],"SoftwareApplication":[],"WebPage":[]},"graphName":"","isEnabled":true},"graphs":[],"defaultGraph":"","defaultPostTypeGraph":""},"schema_type":null,"schema_type_options":null,"pillar_content":false,"robots_default":true,"robots_noindex":false,"robots_noarchive":false,"robots_nosnippet":false,"robots_nofollow":false,"robots_noimageindex":false,"robots_noodp":false,"robots_notranslate":false,"robots_max_snippet":null,"robots_max_videopreview":null,"robots_max_imagepreview":"none","priority":null,"frequency":null,"local_seo":null,"seo_analyzer_scan_date":"2025-08-21 05:36:46","breadcrumb_settings":null,"limit_modified_date":false,"open_ai":null,"ai":null,"created":"2020-11-14 22:37:00","updated":"2025-08-21 05:36:46"},"aioseo_breadcrumb":"<div class=\"aioseo-breadcrumbs\"><span class=\"aioseo-breadcrumb\">\n\t<a href=\"https:\/\/www.eldigitaldeasturias.com\/noticias\" title=\"Home\">Home<\/a>\n<\/span><span class=\"aioseo-breadcrumb-separator\">\u2013<\/span><span class=\"aioseo-breadcrumb\">\n\t<a href=\"https:\/\/www.eldigitaldeasturias.com\/noticias\/category\/actualidad\/\" title=\"Actualidad\">Actualidad<\/a>\n<\/span><span class=\"aioseo-breadcrumb-separator\">\u2013<\/span><span class=\"aioseo-breadcrumb\">\n\t<a href=\"https:\/\/www.eldigitaldeasturias.com\/noticias\/cerrada-la-parte-leonesa-de-la-ruta-del-cares-por-un-incendio-en-el-entorno-de-cain\/\" title=\"Cerrada la parte leonesa de la Ruta del Cares por un incendio en el entorno de Ca\u00edn\">Cerrada la parte leonesa de la Ruta del Cares por un incendio en el entorno de Ca\u00edn<\/a>\n<\/span><\/div>","aioseo_breadcrumb_json":[{"label":"Home","link":"https:\/\/www.eldigitaldeasturias.com\/noticias"},{"label":"Actualidad","link":"https:\/\/www.eldigitaldeasturias.com\/noticias\/category\/actualidad\/"},{"label":"Cerrada la parte leonesa de la Ruta del Cares por un incendio en el entorno de Ca\u00edn","link":"https:\/\/www.eldigitaldeasturias.com\/noticias\/cerrada-la-parte-leonesa-de-la-ruta-del-cares-por-un-incendio-en-el-entorno-de-cain\/"}],"_links":{"self":[{"href":"https:\/\/www.eldigitaldeasturias.com\/noticias\/wp-json\/wp\/v2\/posts\/3044","targetHints":{"allow":["GET"]}}],"collection":[{"href":"https:\/\/www.eldigitaldeasturias.com\/noticias\/wp-json\/wp\/v2\/posts"}],"about":[{"href":"https:\/\/www.eldigitaldeasturias.com\/noticias\/wp-json\/wp\/v2\/types\/post"}],"author":[{"embeddable":true,"href":"https:\/\/www.eldigitaldeasturias.com\/noticias\/wp-json\/wp\/v2\/users\/1"}],"replies":[{"embeddable":true,"href":"https:\/\/www.eldigitaldeasturias.com\/noticias\/wp-json\/wp\/v2\/comments?post=3044"}],"version-history":[{"count":0,"href":"https:\/\/www.eldigitaldeasturias.com\/noticias\/wp-json\/wp\/v2\/posts\/3044\/revisions"}],"wp:featuredmedia":[{"embeddable":true,"href":"https:\/\/www.eldigitaldeasturias.com\/noticias\/wp-json\/"}],"wp:attachment":[{"href":"https:\/\/www.eldigitaldeasturias.com\/noticias\/wp-json\/wp\/v2\/media?parent=3044"}],"wp:term":[{"taxonomy":"category","embeddable":true,"href":"https:\/\/www.eldigitaldeasturias.com\/noticias\/wp-json\/wp\/v2\/categories?post=3044"},{"taxonomy":"post_tag","embeddable":true,"href":"https:\/\/www.eldigitaldeasturias.com\/noticias\/wp-json\/wp\/v2\/tags?post=3044"}],"curies":[{"name":"wp","href":"https:\/\/api.w.org\/{rel}","templated":true}]}}