{"id":2999,"date":"2013-09-25T11:34:20","date_gmt":"2013-09-25T11:34:20","guid":{"rendered":"http:\/\/www.eldigitaldeasturias.com\/noticias\/?p=2999"},"modified":"2013-09-25T11:34:20","modified_gmt":"2013-09-25T11:34:20","slug":"llegan-las-lluvias-al-tercio-oeste-de-la-peninsula-y-canarias","status":"publish","type":"post","link":"https:\/\/www.eldigitaldeasturias.com\/noticias\/llegan-las-lluvias-al-tercio-oeste-de-la-peninsula-y-canarias\/","title":{"rendered":"Llegan las lluvias al tercio oeste de la Pen\u00ednsula y Canarias"},"content":{"rendered":"<p><img loading=\"lazy\" decoding=\"async\" class=\"alignleft size-full wp-image-2122\" alt=\"lluvia\" src=\"https:\/\/www.eldigitaldeasturias.com\/noticias\/wp-content\/uploads\/2013\/09\/lluvia.jpg\" width=\"300\" height=\"201\" \/>MADRID, 25 Sep. (EUROPA PRESS) &#8211;\u00a0Los intervalos nubosos con lluvias d\u00e9biles o localmente moderadas afectar\u00e1n este mi\u00e9rcoles a Galicia y a otras zonas del tercio occidental peninsular, donde tambi\u00e9n puede producirse alguna precipitaci\u00f3n d\u00e9bil, seg\u00fan la Agencia Estatal de Meteorolog\u00eda (AEMET), que prev\u00e9 que el resto de la pen\u00ednsula mantenga un tiempo veraniego.<\/p>\n<p>As\u00ed, los cielos estar\u00e1n poco nubosos aunque aumentando los intervalos nubosos en el resto de la pen\u00ednsula. Adem\u00e1s, podr\u00eda producirse alguna tormenta d\u00e9bil y aislada en Pirineos y sistema Ib\u00e9rico, salvo en el extremo sureste de la Pen\u00ednsula, donde se mantendr\u00e1 un mi\u00e9rcoles poco nuboso.<\/p>\n<p>En Baleares el cielo estar\u00e1 poco nuboso, mientras que en Canarias el cielo las nubes afectar\u00e1n a las islas m\u00e1s occidentales, donde se prev\u00e9n lluvias d\u00e9biles o localmente moderadas que tambi\u00e9n podr\u00edan extenderse al resto del archipi\u00e9lago, salvo a las islas orientales, donde estar\u00e1 poco nuboso.<\/p>\n<p>En cuanto a las temperaturas, se espera un descenso ligero a moderado en la mitad oeste peninsular y un ligero a moderado ascenso en el Cant\u00e1brico y noreste peninsular, con pocos cambios en el resto.<\/p>\n<p>Finalmente, el viento flojo o moderado de componente sur soplar\u00e1 en la mayor parte de la Pen\u00ednsula y Baleares y en Canarias soplar\u00e1 viento de componente oeste.<\/p>\n","protected":false},"excerpt":{"rendered":"<p>MADRID, 25 Sep. (EUROPA PRESS) &#8211;\u00a0Los intervalos nubosos con lluvias d\u00e9biles o localmente moderadas afectar\u00e1n este mi\u00e9rcoles a Galicia y a otras zonas del tercio occidental peninsular, donde tambi\u00e9n puede producirse alguna precipitaci\u00f3n d\u00e9bil, seg\u00fan la Agencia Estatal de Meteorolog\u00eda (AEMET), que prev\u00e9 que el resto de la pen\u00ednsula mantenga un tiempo veraniego. As\u00ed, los [&hellip;]<\/p>\n","protected":false},"author":1,"featured_media":2122,"comment_status":"open","ping_status":"open","sticky":false,"template":"","format":"standard","meta":{"footnotes":""},"categories":[28],"tags":[],"class_list":["post-2999","post","type-post","status-publish","format-standard","has-post-thumbnail","hentry","category-sociedad"],"aioseo_notices":[],"aioseo_head":"\n\t\t<!-- All in One SEO Pro 4.9.6.2 - aioseo.com -->\n\t<meta name=\"description\" content=\"MADRID, 25 Sep. (EUROPA PRESS) - Los intervalos nubosos con lluvias d\u00e9biles o localmente moderadas afectar\u00e1n este mi\u00e9rcoles a Galicia y a otras zonas del tercio occidental peninsular, donde tambi\u00e9n puede producirse alguna precipitaci\u00f3n d\u00e9bil, seg\u00fan la Agencia Estatal de Meteorolog\u00eda (AEMET), que prev\u00e9 que el resto de la pen\u00ednsula mantenga un tiempo veraniego. As\u00ed, los\" \/>\n\t<meta name=\"robots\" content=\"max-image-preview:large\" \/>\n\t<meta name=\"author\" content=\"El Digital de Asturias\"\/>\n\t<meta name=\"google-site-verification\" content=\"UA-38556648-1\" \/>\n\t<meta name=\"msvalidate.01\" content=\"7dfe9f3f1b24437ab69f4f2559babe99\" \/>\n\t<meta name=\"keywords\" content=\"sociedad\" \/>\n\t<link rel=\"canonical\" href=\"https:\/\/www.eldigitaldeasturias.com\/noticias\/llegan-las-lluvias-al-tercio-oeste-de-la-peninsula-y-canarias\/\" \/>\n\t<meta name=\"generator\" content=\"All in One SEO Pro (AIOSEO) 4.9.6.2\" \/>\n\t\t<meta property=\"og:locale\" content=\"es_ES\" \/>\n\t\t<meta property=\"og:site_name\" content=\"El Digital de Asturias\" \/>\n\t\t<meta property=\"og:type\" content=\"article\" \/>\n\t\t<meta property=\"og:title\" content=\"Llegan las lluvias al tercio oeste de la Pen\u00ednsula y Canarias - El Digital de Asturias\" \/>\n\t\t<meta property=\"og:description\" content=\"MADRID, 25 Sep. (EUROPA PRESS) - Los intervalos nubosos con lluvias d\u00e9biles o localmente moderadas afectar\u00e1n este mi\u00e9rcoles a Galicia y a otras zonas del tercio occidental peninsular, donde tambi\u00e9n puede producirse alguna precipitaci\u00f3n d\u00e9bil, seg\u00fan la Agencia Estatal de Meteorolog\u00eda (AEMET), que prev\u00e9 que el resto de la pen\u00ednsula mantenga un tiempo veraniego. As\u00ed, los\" \/>\n\t\t<meta property=\"og:url\" content=\"https:\/\/www.eldigitaldeasturias.com\/noticias\/llegan-las-lluvias-al-tercio-oeste-de-la-peninsula-y-canarias\/\" \/>\n\t\t<meta property=\"article:tag\" content=\"sociedad\" \/>\n\t\t<meta property=\"article:published_time\" content=\"2013-09-25T11:34:20+00:00\" \/>\n\t\t<meta property=\"article:modified_time\" content=\"2013-09-25T11:34:20+00:00\" \/>\n\t\t<meta property=\"article:publisher\" content=\"https:\/\/facebook.com\/eldigitaldeasturias\" \/>\n\t\t<meta name=\"twitter:card\" content=\"summary_large_image\" \/>\n\t\t<meta name=\"twitter:title\" content=\"Llegan las lluvias al tercio oeste de la Pen\u00ednsula y Canarias - El Digital de Asturias\" \/>\n\t\t<meta name=\"twitter:description\" content=\"MADRID, 25 Sep. (EUROPA PRESS) - Los intervalos nubosos con lluvias d\u00e9biles o localmente moderadas afectar\u00e1n este mi\u00e9rcoles a Galicia y a otras zonas del tercio occidental peninsular, donde tambi\u00e9n puede producirse alguna precipitaci\u00f3n d\u00e9bil, seg\u00fan la Agencia Estatal de Meteorolog\u00eda (AEMET), que prev\u00e9 que el resto de la pen\u00ednsula mantenga un tiempo veraniego. As\u00ed, los\" \/>\n\t\t<meta name=\"twitter:label1\" content=\"Escrito por\" \/>\n\t\t<meta name=\"twitter:data1\" content=\"El Digital de Asturias\" \/>\n\t\t<meta name=\"twitter:label2\" content=\"Tiempo de lectura estimado\" \/>\n\t\t<meta name=\"twitter:data2\" content=\"1 minuto\" \/>\n\t\t<script type=\"application\/ld+json\" class=\"aioseo-schema\">\n\t\t\t{\"@context\":\"https:\\\/\\\/schema.org\",\"@graph\":[{\"@type\":\"BlogPosting\",\"@id\":\"https:\\\/\\\/www.eldigitaldeasturias.com\\\/noticias\\\/llegan-las-lluvias-al-tercio-oeste-de-la-peninsula-y-canarias\\\/#blogposting\",\"name\":\"Llegan las lluvias al tercio oeste de la Pen\\u00ednsula y Canarias - El Digital de Asturias\",\"headline\":\"Llegan las lluvias al tercio oeste de la Pen\\u00ednsula y Canarias\",\"author\":{\"@id\":\"https:\\\/\\\/www.eldigitaldeasturias.com\\\/noticias\\\/author\\\/admin\\\/#author\"},\"publisher\":{\"@id\":\"https:\\\/\\\/www.eldigitaldeasturias.com\\\/noticias\\\/#organization\"},\"image\":{\"@type\":\"ImageObject\",\"url\":2122},\"datePublished\":\"2013-09-25T11:34:20+02:00\",\"dateModified\":\"2013-09-25T11:34:20+02:00\",\"inLanguage\":\"es-ES\",\"mainEntityOfPage\":{\"@id\":\"https:\\\/\\\/www.eldigitaldeasturias.com\\\/noticias\\\/llegan-las-lluvias-al-tercio-oeste-de-la-peninsula-y-canarias\\\/#webpage\"},\"isPartOf\":{\"@id\":\"https:\\\/\\\/www.eldigitaldeasturias.com\\\/noticias\\\/llegan-las-lluvias-al-tercio-oeste-de-la-peninsula-y-canarias\\\/#webpage\"},\"articleSection\":\"Sociedad\"},{\"@type\":\"BreadcrumbList\",\"@id\":\"https:\\\/\\\/www.eldigitaldeasturias.com\\\/noticias\\\/llegan-las-lluvias-al-tercio-oeste-de-la-peninsula-y-canarias\\\/#breadcrumblist\",\"itemListElement\":[{\"@type\":\"ListItem\",\"@id\":\"https:\\\/\\\/www.eldigitaldeasturias.com\\\/noticias#listItem\",\"position\":1,\"name\":\"Home\",\"item\":\"https:\\\/\\\/www.eldigitaldeasturias.com\\\/noticias\",\"nextItem\":{\"@type\":\"ListItem\",\"@id\":\"https:\\\/\\\/www.eldigitaldeasturias.com\\\/noticias\\\/category\\\/sociedad\\\/#listItem\",\"name\":\"Sociedad\"}},{\"@type\":\"ListItem\",\"@id\":\"https:\\\/\\\/www.eldigitaldeasturias.com\\\/noticias\\\/category\\\/sociedad\\\/#listItem\",\"position\":2,\"name\":\"Sociedad\",\"item\":\"https:\\\/\\\/www.eldigitaldeasturias.com\\\/noticias\\\/category\\\/sociedad\\\/\",\"nextItem\":{\"@type\":\"ListItem\",\"@id\":\"https:\\\/\\\/www.eldigitaldeasturias.com\\\/noticias\\\/llegan-las-lluvias-al-tercio-oeste-de-la-peninsula-y-canarias\\\/#listItem\",\"name\":\"Llegan las lluvias al tercio oeste de la Pen\\u00ednsula y Canarias\"},\"previousItem\":{\"@type\":\"ListItem\",\"@id\":\"https:\\\/\\\/www.eldigitaldeasturias.com\\\/noticias#listItem\",\"name\":\"Home\"}},{\"@type\":\"ListItem\",\"@id\":\"https:\\\/\\\/www.eldigitaldeasturias.com\\\/noticias\\\/llegan-las-lluvias-al-tercio-oeste-de-la-peninsula-y-canarias\\\/#listItem\",\"position\":3,\"name\":\"Llegan las lluvias al tercio oeste de la Pen\\u00ednsula y Canarias\",\"previousItem\":{\"@type\":\"ListItem\",\"@id\":\"https:\\\/\\\/www.eldigitaldeasturias.com\\\/noticias\\\/category\\\/sociedad\\\/#listItem\",\"name\":\"Sociedad\"}}]},{\"@type\":\"Organization\",\"@id\":\"https:\\\/\\\/www.eldigitaldeasturias.com\\\/noticias\\\/#organization\",\"name\":\"El Digital de Asturias\",\"description\":\"Hemeroteca\",\"url\":\"https:\\\/\\\/www.eldigitaldeasturias.com\\\/noticias\\\/\",\"email\":\"info@eldigitaldeasturias.com\",\"telephone\":\"+34652131393\",\"logo\":{\"@type\":\"ImageObject\",\"url\":\"https:\\\/\\\/www.eldigitaldeasturias.com\\\/noticias\\\/wp-content\\\/uploads\\\/2020\\\/12\\\/EDA.jpg\",\"@id\":\"https:\\\/\\\/www.eldigitaldeasturias.com\\\/noticias\\\/llegan-las-lluvias-al-tercio-oeste-de-la-peninsula-y-canarias\\\/#organizationLogo\",\"width\":649,\"height\":297},\"image\":{\"@id\":\"https:\\\/\\\/www.eldigitaldeasturias.com\\\/noticias\\\/llegan-las-lluvias-al-tercio-oeste-de-la-peninsula-y-canarias\\\/#organizationLogo\"},\"sameAs\":[\"https:\\\/\\\/facebook.com\\\/eldigitaldeasturias\",\"https:\\\/\\\/www.youtube.com\\\/channel\\\/UCZP-2wLEB9Rv6erhFmqVnvg\"],\"address\":{\"@id\":\"https:\\\/\\\/www.eldigitaldeasturias.com\\\/noticias\\\/#postaladdress\",\"@type\":\"PostalAddress\",\"streetAddress\":\"san antonio 4,\",\"postalCode\":\"33430\",\"addressLocality\":\"Cand\\u00e1s\",\"addressRegion\":\"Asturias\",\"addressCountry\":\"ES\"}},{\"@type\":\"Person\",\"@id\":\"https:\\\/\\\/www.eldigitaldeasturias.com\\\/noticias\\\/author\\\/admin\\\/#author\",\"url\":\"https:\\\/\\\/www.eldigitaldeasturias.com\\\/noticias\\\/author\\\/admin\\\/\",\"name\":\"El Digital de Asturias\",\"image\":{\"@type\":\"ImageObject\",\"@id\":\"https:\\\/\\\/www.eldigitaldeasturias.com\\\/noticias\\\/llegan-las-lluvias-al-tercio-oeste-de-la-peninsula-y-canarias\\\/#authorImage\",\"url\":\"https:\\\/\\\/www.eldigitaldeasturias.com\\\/noticias\\\/wp-content\\\/litespeed\\\/avatar\\\/18677e78aa0546b92d9dbf31ec7d7668.jpg?ver=1777290358\",\"width\":96,\"height\":96,\"caption\":\"El Digital de Asturias\"}},{\"@type\":\"WebPage\",\"@id\":\"https:\\\/\\\/www.eldigitaldeasturias.com\\\/noticias\\\/llegan-las-lluvias-al-tercio-oeste-de-la-peninsula-y-canarias\\\/#webpage\",\"url\":\"https:\\\/\\\/www.eldigitaldeasturias.com\\\/noticias\\\/llegan-las-lluvias-al-tercio-oeste-de-la-peninsula-y-canarias\\\/\",\"name\":\"Llegan las lluvias al tercio oeste de la Pen\\u00ednsula y Canarias - El Digital de Asturias\",\"description\":\"MADRID, 25 Sep. (EUROPA PRESS) - Los intervalos nubosos con lluvias d\\u00e9biles o localmente moderadas afectar\\u00e1n este mi\\u00e9rcoles a Galicia y a otras zonas del tercio occidental peninsular, donde tambi\\u00e9n puede producirse alguna precipitaci\\u00f3n d\\u00e9bil, seg\\u00fan la Agencia Estatal de Meteorolog\\u00eda (AEMET), que prev\\u00e9 que el resto de la pen\\u00ednsula mantenga un tiempo veraniego. As\\u00ed, los\",\"inLanguage\":\"es-ES\",\"isPartOf\":{\"@id\":\"https:\\\/\\\/www.eldigitaldeasturias.com\\\/noticias\\\/#website\"},\"breadcrumb\":{\"@id\":\"https:\\\/\\\/www.eldigitaldeasturias.com\\\/noticias\\\/llegan-las-lluvias-al-tercio-oeste-de-la-peninsula-y-canarias\\\/#breadcrumblist\"},\"author\":{\"@id\":\"https:\\\/\\\/www.eldigitaldeasturias.com\\\/noticias\\\/author\\\/admin\\\/#author\"},\"creator\":{\"@id\":\"https:\\\/\\\/www.eldigitaldeasturias.com\\\/noticias\\\/author\\\/admin\\\/#author\"},\"image\":{\"@type\":\"ImageObject\",\"url\":2122,\"@id\":\"https:\\\/\\\/www.eldigitaldeasturias.com\\\/noticias\\\/llegan-las-lluvias-al-tercio-oeste-de-la-peninsula-y-canarias\\\/#mainImage\"},\"primaryImageOfPage\":{\"@id\":\"https:\\\/\\\/www.eldigitaldeasturias.com\\\/noticias\\\/llegan-las-lluvias-al-tercio-oeste-de-la-peninsula-y-canarias\\\/#mainImage\"},\"datePublished\":\"2013-09-25T11:34:20+02:00\",\"dateModified\":\"2013-09-25T11:34:20+02:00\"},{\"@type\":\"WebSite\",\"@id\":\"https:\\\/\\\/www.eldigitaldeasturias.com\\\/noticias\\\/#website\",\"url\":\"https:\\\/\\\/www.eldigitaldeasturias.com\\\/noticias\\\/\",\"name\":\"El Digital de Asturias - Diario de actualidad y noticias\",\"alternateName\":\"El Digital de Asturias - Diario de actualidad y noticias\",\"description\":\"Hemeroteca\",\"inLanguage\":\"es-ES\",\"publisher\":{\"@id\":\"https:\\\/\\\/www.eldigitaldeasturias.com\\\/noticias\\\/#organization\"}}]}\n\t\t<\/script>\n\t\t<!-- All in One SEO Pro -->\r\n\t\t<title>Llegan las lluvias al tercio oeste de la Pen\u00ednsula y Canarias - El Digital de Asturias<\/title>\n\n","aioseo_head_json":{"title":"Llegan las lluvias al tercio oeste de la Pen\u00ednsula y Canarias - El Digital de Asturias","description":"MADRID, 25 Sep. (EUROPA PRESS) - Los intervalos nubosos con lluvias d\u00e9biles o localmente moderadas afectar\u00e1n este mi\u00e9rcoles a Galicia y a otras zonas del tercio occidental peninsular, donde tambi\u00e9n puede producirse alguna precipitaci\u00f3n d\u00e9bil, seg\u00fan la Agencia Estatal de Meteorolog\u00eda (AEMET), que prev\u00e9 que el resto de la pen\u00ednsula mantenga un tiempo veraniego. As\u00ed, los","canonical_url":"https:\/\/www.eldigitaldeasturias.com\/noticias\/llegan-las-lluvias-al-tercio-oeste-de-la-peninsula-y-canarias\/","robots":"max-image-preview:large","keywords":"sociedad","webmasterTools":{"google-site-verification":"UA-38556648-1","msvalidate.01":"7dfe9f3f1b24437ab69f4f2559babe99","miscellaneous":""},"schema":{"@context":"https:\/\/schema.org","@graph":[{"@type":"BlogPosting","@id":"https:\/\/www.eldigitaldeasturias.com\/noticias\/llegan-las-lluvias-al-tercio-oeste-de-la-peninsula-y-canarias\/#blogposting","name":"Llegan las lluvias al tercio oeste de la Pen\u00ednsula y Canarias - El Digital de Asturias","headline":"Llegan las lluvias al tercio oeste de la Pen\u00ednsula y Canarias","author":{"@id":"https:\/\/www.eldigitaldeasturias.com\/noticias\/author\/admin\/#author"},"publisher":{"@id":"https:\/\/www.eldigitaldeasturias.com\/noticias\/#organization"},"image":{"@type":"ImageObject","url":2122},"datePublished":"2013-09-25T11:34:20+02:00","dateModified":"2013-09-25T11:34:20+02:00","inLanguage":"es-ES","mainEntityOfPage":{"@id":"https:\/\/www.eldigitaldeasturias.com\/noticias\/llegan-las-lluvias-al-tercio-oeste-de-la-peninsula-y-canarias\/#webpage"},"isPartOf":{"@id":"https:\/\/www.eldigitaldeasturias.com\/noticias\/llegan-las-lluvias-al-tercio-oeste-de-la-peninsula-y-canarias\/#webpage"},"articleSection":"Sociedad"},{"@type":"BreadcrumbList","@id":"https:\/\/www.eldigitaldeasturias.com\/noticias\/llegan-las-lluvias-al-tercio-oeste-de-la-peninsula-y-canarias\/#breadcrumblist","itemListElement":[{"@type":"ListItem","@id":"https:\/\/www.eldigitaldeasturias.com\/noticias#listItem","position":1,"name":"Home","item":"https:\/\/www.eldigitaldeasturias.com\/noticias","nextItem":{"@type":"ListItem","@id":"https:\/\/www.eldigitaldeasturias.com\/noticias\/category\/sociedad\/#listItem","name":"Sociedad"}},{"@type":"ListItem","@id":"https:\/\/www.eldigitaldeasturias.com\/noticias\/category\/sociedad\/#listItem","position":2,"name":"Sociedad","item":"https:\/\/www.eldigitaldeasturias.com\/noticias\/category\/sociedad\/","nextItem":{"@type":"ListItem","@id":"https:\/\/www.eldigitaldeasturias.com\/noticias\/llegan-las-lluvias-al-tercio-oeste-de-la-peninsula-y-canarias\/#listItem","name":"Llegan las lluvias al tercio oeste de la Pen\u00ednsula y Canarias"},"previousItem":{"@type":"ListItem","@id":"https:\/\/www.eldigitaldeasturias.com\/noticias#listItem","name":"Home"}},{"@type":"ListItem","@id":"https:\/\/www.eldigitaldeasturias.com\/noticias\/llegan-las-lluvias-al-tercio-oeste-de-la-peninsula-y-canarias\/#listItem","position":3,"name":"Llegan las lluvias al tercio oeste de la Pen\u00ednsula y Canarias","previousItem":{"@type":"ListItem","@id":"https:\/\/www.eldigitaldeasturias.com\/noticias\/category\/sociedad\/#listItem","name":"Sociedad"}}]},{"@type":"Organization","@id":"https:\/\/www.eldigitaldeasturias.com\/noticias\/#organization","name":"El Digital de Asturias","description":"Hemeroteca","url":"https:\/\/www.eldigitaldeasturias.com\/noticias\/","email":"info@eldigitaldeasturias.com","telephone":"+34652131393","logo":{"@type":"ImageObject","url":"https:\/\/www.eldigitaldeasturias.com\/noticias\/wp-content\/uploads\/2020\/12\/EDA.jpg","@id":"https:\/\/www.eldigitaldeasturias.com\/noticias\/llegan-las-lluvias-al-tercio-oeste-de-la-peninsula-y-canarias\/#organizationLogo","width":649,"height":297},"image":{"@id":"https:\/\/www.eldigitaldeasturias.com\/noticias\/llegan-las-lluvias-al-tercio-oeste-de-la-peninsula-y-canarias\/#organizationLogo"},"sameAs":["https:\/\/facebook.com\/eldigitaldeasturias","https:\/\/www.youtube.com\/channel\/UCZP-2wLEB9Rv6erhFmqVnvg"],"address":{"@id":"https:\/\/www.eldigitaldeasturias.com\/noticias\/#postaladdress","@type":"PostalAddress","streetAddress":"san antonio 4,","postalCode":"33430","addressLocality":"Cand\u00e1s","addressRegion":"Asturias","addressCountry":"ES"}},{"@type":"Person","@id":"https:\/\/www.eldigitaldeasturias.com\/noticias\/author\/admin\/#author","url":"https:\/\/www.eldigitaldeasturias.com\/noticias\/author\/admin\/","name":"El Digital de Asturias","image":{"@type":"ImageObject","@id":"https:\/\/www.eldigitaldeasturias.com\/noticias\/llegan-las-lluvias-al-tercio-oeste-de-la-peninsula-y-canarias\/#authorImage","url":"https:\/\/www.eldigitaldeasturias.com\/noticias\/wp-content\/litespeed\/avatar\/18677e78aa0546b92d9dbf31ec7d7668.jpg?ver=1777290358","width":96,"height":96,"caption":"El Digital de Asturias"}},{"@type":"WebPage","@id":"https:\/\/www.eldigitaldeasturias.com\/noticias\/llegan-las-lluvias-al-tercio-oeste-de-la-peninsula-y-canarias\/#webpage","url":"https:\/\/www.eldigitaldeasturias.com\/noticias\/llegan-las-lluvias-al-tercio-oeste-de-la-peninsula-y-canarias\/","name":"Llegan las lluvias al tercio oeste de la Pen\u00ednsula y Canarias - El Digital de Asturias","description":"MADRID, 25 Sep. (EUROPA PRESS) - Los intervalos nubosos con lluvias d\u00e9biles o localmente moderadas afectar\u00e1n este mi\u00e9rcoles a Galicia y a otras zonas del tercio occidental peninsular, donde tambi\u00e9n puede producirse alguna precipitaci\u00f3n d\u00e9bil, seg\u00fan la Agencia Estatal de Meteorolog\u00eda (AEMET), que prev\u00e9 que el resto de la pen\u00ednsula mantenga un tiempo veraniego. As\u00ed, los","inLanguage":"es-ES","isPartOf":{"@id":"https:\/\/www.eldigitaldeasturias.com\/noticias\/#website"},"breadcrumb":{"@id":"https:\/\/www.eldigitaldeasturias.com\/noticias\/llegan-las-lluvias-al-tercio-oeste-de-la-peninsula-y-canarias\/#breadcrumblist"},"author":{"@id":"https:\/\/www.eldigitaldeasturias.com\/noticias\/author\/admin\/#author"},"creator":{"@id":"https:\/\/www.eldigitaldeasturias.com\/noticias\/author\/admin\/#author"},"image":{"@type":"ImageObject","url":2122,"@id":"https:\/\/www.eldigitaldeasturias.com\/noticias\/llegan-las-lluvias-al-tercio-oeste-de-la-peninsula-y-canarias\/#mainImage"},"primaryImageOfPage":{"@id":"https:\/\/www.eldigitaldeasturias.com\/noticias\/llegan-las-lluvias-al-tercio-oeste-de-la-peninsula-y-canarias\/#mainImage"},"datePublished":"2013-09-25T11:34:20+02:00","dateModified":"2013-09-25T11:34:20+02:00"},{"@type":"WebSite","@id":"https:\/\/www.eldigitaldeasturias.com\/noticias\/#website","url":"https:\/\/www.eldigitaldeasturias.com\/noticias\/","name":"El Digital de Asturias - Diario de actualidad y noticias","alternateName":"El Digital de Asturias - Diario de actualidad y noticias","description":"Hemeroteca","inLanguage":"es-ES","publisher":{"@id":"https:\/\/www.eldigitaldeasturias.com\/noticias\/#organization"}}]},"og:locale":"es_ES","og:site_name":"El Digital de Asturias","og:type":"article","og:title":"Llegan las lluvias al tercio oeste de la Pen\u00ednsula y Canarias - El Digital de Asturias","og:description":"MADRID, 25 Sep. (EUROPA PRESS) - Los intervalos nubosos con lluvias d\u00e9biles o localmente moderadas afectar\u00e1n este mi\u00e9rcoles a Galicia y a otras zonas del tercio occidental peninsular, donde tambi\u00e9n puede producirse alguna precipitaci\u00f3n d\u00e9bil, seg\u00fan la Agencia Estatal de Meteorolog\u00eda (AEMET), que prev\u00e9 que el resto de la pen\u00ednsula mantenga un tiempo veraniego. As\u00ed, los","og:url":"https:\/\/www.eldigitaldeasturias.com\/noticias\/llegan-las-lluvias-al-tercio-oeste-de-la-peninsula-y-canarias\/","article:tag":["sociedad"],"article:published_time":"2013-09-25T11:34:20+00:00","article:modified_time":"2013-09-25T11:34:20+00:00","article:publisher":"https:\/\/facebook.com\/eldigitaldeasturias","twitter:card":"summary_large_image","twitter:title":"Llegan las lluvias al tercio oeste de la Pen\u00ednsula y Canarias - El Digital de Asturias","twitter:description":"MADRID, 25 Sep. (EUROPA PRESS) - Los intervalos nubosos con lluvias d\u00e9biles o localmente moderadas afectar\u00e1n este mi\u00e9rcoles a Galicia y a otras zonas del tercio occidental peninsular, donde tambi\u00e9n puede producirse alguna precipitaci\u00f3n d\u00e9bil, seg\u00fan la Agencia Estatal de Meteorolog\u00eda (AEMET), que prev\u00e9 que el resto de la pen\u00ednsula mantenga un tiempo veraniego. As\u00ed, los","twitter:label1":"Escrito por","twitter:data1":"El Digital de Asturias","twitter:label2":"Tiempo de lectura estimado","twitter:data2":"1 minuto"},"aioseo_meta_data":{"post_id":"2999","title":null,"description":null,"keywords":null,"keyphrases":null,"primary_term":null,"canonical_url":null,"og_title":null,"og_description":null,"og_object_type":"default","og_image_type":"default","og_image_url":null,"og_image_width":null,"og_image_height":null,"og_image_custom_url":null,"og_image_custom_fields":null,"og_video":null,"og_custom_url":null,"og_article_section":null,"og_article_tags":null,"twitter_use_og":true,"twitter_card":"default","twitter_image_type":"default","twitter_image_url":null,"twitter_image_custom_url":null,"twitter_image_custom_fields":null,"twitter_title":null,"twitter_description":null,"schema":{"blockGraphs":[],"customGraphs":[],"default":{"data":{"Article":[],"Course":[],"Dataset":[],"FAQPage":[],"Movie":[],"Person":[],"Product":[],"ProductReview":[],"Car":[],"Recipe":[],"Service":[],"SoftwareApplication":[],"WebPage":[]},"graphName":"","isEnabled":true},"graphs":[],"defaultGraph":"","defaultPostTypeGraph":""},"schema_type":null,"schema_type_options":null,"pillar_content":false,"robots_default":true,"robots_noindex":false,"robots_noarchive":false,"robots_nosnippet":false,"robots_nofollow":false,"robots_noimageindex":false,"robots_noodp":false,"robots_notranslate":false,"robots_max_snippet":null,"robots_max_videopreview":null,"robots_max_imagepreview":"none","priority":null,"frequency":null,"local_seo":null,"seo_analyzer_scan_date":"2025-08-21 05:28:46","breadcrumb_settings":null,"limit_modified_date":false,"open_ai":null,"ai":null,"created":"2020-11-14 22:37:00","updated":"2025-08-21 05:28:46"},"aioseo_breadcrumb":"<div class=\"aioseo-breadcrumbs\"><span class=\"aioseo-breadcrumb\">\n\t<a href=\"https:\/\/www.eldigitaldeasturias.com\/noticias\" title=\"Home\">Home<\/a>\n<\/span><span class=\"aioseo-breadcrumb-separator\">\u2013<\/span><span class=\"aioseo-breadcrumb\">\n\t<a href=\"https:\/\/www.eldigitaldeasturias.com\/noticias\/category\/sociedad\/\" title=\"Sociedad\">Sociedad<\/a>\n<\/span><span class=\"aioseo-breadcrumb-separator\">\u2013<\/span><span class=\"aioseo-breadcrumb\">\n\t<a href=\"https:\/\/www.eldigitaldeasturias.com\/noticias\/llegan-las-lluvias-al-tercio-oeste-de-la-peninsula-y-canarias\/\" title=\"Llegan las lluvias al tercio oeste de la Pen\u00ednsula y Canarias\">Llegan las lluvias al tercio oeste de la Pen\u00ednsula y Canarias<\/a>\n<\/span><\/div>","aioseo_breadcrumb_json":[{"label":"Home","link":"https:\/\/www.eldigitaldeasturias.com\/noticias"},{"label":"Sociedad","link":"https:\/\/www.eldigitaldeasturias.com\/noticias\/category\/sociedad\/"},{"label":"Llegan las lluvias al tercio oeste de la Pen\u00ednsula y Canarias","link":"https:\/\/www.eldigitaldeasturias.com\/noticias\/llegan-las-lluvias-al-tercio-oeste-de-la-peninsula-y-canarias\/"}],"_links":{"self":[{"href":"https:\/\/www.eldigitaldeasturias.com\/noticias\/wp-json\/wp\/v2\/posts\/2999","targetHints":{"allow":["GET"]}}],"collection":[{"href":"https:\/\/www.eldigitaldeasturias.com\/noticias\/wp-json\/wp\/v2\/posts"}],"about":[{"href":"https:\/\/www.eldigitaldeasturias.com\/noticias\/wp-json\/wp\/v2\/types\/post"}],"author":[{"embeddable":true,"href":"https:\/\/www.eldigitaldeasturias.com\/noticias\/wp-json\/wp\/v2\/users\/1"}],"replies":[{"embeddable":true,"href":"https:\/\/www.eldigitaldeasturias.com\/noticias\/wp-json\/wp\/v2\/comments?post=2999"}],"version-history":[{"count":0,"href":"https:\/\/www.eldigitaldeasturias.com\/noticias\/wp-json\/wp\/v2\/posts\/2999\/revisions"}],"wp:featuredmedia":[{"embeddable":true,"href":"https:\/\/www.eldigitaldeasturias.com\/noticias\/wp-json\/"}],"wp:attachment":[{"href":"https:\/\/www.eldigitaldeasturias.com\/noticias\/wp-json\/wp\/v2\/media?parent=2999"}],"wp:term":[{"taxonomy":"category","embeddable":true,"href":"https:\/\/www.eldigitaldeasturias.com\/noticias\/wp-json\/wp\/v2\/categories?post=2999"},{"taxonomy":"post_tag","embeddable":true,"href":"https:\/\/www.eldigitaldeasturias.com\/noticias\/wp-json\/wp\/v2\/tags?post=2999"}],"curies":[{"name":"wp","href":"https:\/\/api.w.org\/{rel}","templated":true}]}}