{"id":2996,"date":"2013-09-25T11:32:10","date_gmt":"2013-09-25T11:32:10","guid":{"rendered":"http:\/\/www.eldigitaldeasturias.com\/noticias\/?p=2996"},"modified":"2013-09-25T11:32:10","modified_gmt":"2013-09-25T11:32:10","slug":"rohani-reconoce-el-holocausto-y-dice-que-tiene-plenos-poderes-para-negociar","status":"publish","type":"post","link":"https:\/\/www.eldigitaldeasturias.com\/noticias\/rohani-reconoce-el-holocausto-y-dice-que-tiene-plenos-poderes-para-negociar\/","title":{"rendered":"Rohani reconoce el Holocausto y dice que tiene plenos poderes para negociar"},"content":{"rendered":"<p><img loading=\"lazy\" decoding=\"async\" class=\"alignleft size-medium wp-image-2997\" alt=\"HasanRohani\" src=\"https:\/\/www.eldigitaldeasturias.com\/noticias\/wp-content\/uploads\/2013\/09\/HasanRohani-360x240.jpg\" width=\"360\" height=\"240\" \/>NUEVA YORK, 25 Sep. (EUROPA PRESS) &#8211;\u00a0El presidente de Ir\u00e1n, Has\u00e1n Rohani, ha reconocido la existencia del Holocausto, algo a lo que hasta ahora se hab\u00eda resistido la Rep\u00fablica Isl\u00e1mica, y ha asegurado que tiene plenos poderes para negociar con Occidente sobre el programa nuclear.<\/p>\n<p>\u00abCualquier crimen que ha ocurrido en la historia contra la Humanidad, incluido el crimen que los nazis cometieron contra el pueblo jud\u00edo, as\u00ed como contra los no jud\u00edos, es condenable\u00bb, ha dicho, en una entrevista concedida a la cadena estadounidense CNN.<\/p>\n<p>No obstante, ha insistido en matizar el impacto de este genocidio. \u00abComo ya he dicho antes, no soy historiador, y cuando se habla de las dimensiones del Holocausto corresponde a los historiadores reflejarlas\u00bb, ha apuntado.<\/p>\n<p>Por otro lado, se ha referido al acercamiento que se ha producido con su hom\u00f3logo estadounidense, Barack Obama, y a la posibilidad de que ambos se re\u00fanan en los m\u00e1rgenes de la 68\u00ba sesi\u00f3n plenaria de la Asamblea General de Naciones Unidas, que se celebra esta semana en Nueva York.<\/p>\n<p>\u00abEstados Unidos ha expresado su inter\u00e9s en tener esa reuni\u00f3n y, en principio, Ir\u00e1n hab\u00eda accedido a que se celebrara, bajo ciertas circunstancias, pero creo que no hemos tenido tiempo suficiente para prepararla\u00bb, ha indicado.<\/p>\n<p>Rohani ha negado tajantemente que el l\u00edder supremo de Ir\u00e1n, el ayatol\u00e1 Al\u00ed Jamenei, haya influido en ello, a pesar de que fuentes estadounidenses han revelado a CNN que la reuni\u00f3n finalmente no se ha celebrado porque la pol\u00edtica del pa\u00eds persa es \u00abdemasiado complicada\u00bb.<\/p>\n<p>\u00abEl l\u00edder supremo ha dicho que, si las negociaciones (con Occidente) son necesarias para el inter\u00e9s nacional, no se opondr\u00e1\u00bb, ha aseverado, subrayando que como presidente de Ir\u00e1n tiene \u00abtoda la autoridad\u00bb en asuntos de inter\u00e9s nacional.<\/p>\n<p>As\u00ed, ha adelantado que \u00abahora que la oportunidad (de di\u00e1logo) ya ha surgido y que los trabajos preparatorios ya se han hecho, lo m\u00e1s probable es que se produzca, en primer lugar, centrado en el programa nuclear y en Oriente Pr\u00f3ximo\u00bb.<\/p>\n<p>\u00abLe puedo asegurar que el l\u00edder supremo ha dado permiso a mi Gobierno para negociar libremente todas estas cuestiones\u00bb, ha insistido a la periodista de CNN Christiane Amanpour.<\/p>\n","protected":false},"excerpt":{"rendered":"<p>NUEVA YORK, 25 Sep. (EUROPA PRESS) &#8211;\u00a0El presidente de Ir\u00e1n, Has\u00e1n Rohani, ha reconocido la existencia del Holocausto, algo a lo que hasta ahora se hab\u00eda resistido la Rep\u00fablica Isl\u00e1mica, y ha asegurado que tiene plenos poderes para negociar con Occidente sobre el programa nuclear. \u00abCualquier crimen que ha ocurrido en la historia contra la [&hellip;]<\/p>\n","protected":false},"author":1,"featured_media":2997,"comment_status":"open","ping_status":"open","sticky":false,"template":"","format":"standard","meta":{"footnotes":""},"categories":[1],"tags":[],"class_list":["post-2996","post","type-post","status-publish","format-standard","has-post-thumbnail","hentry","category-actualidad"],"aioseo_notices":[],"aioseo_head":"\n\t\t<!-- All in One SEO Pro 4.9.6.2 - aioseo.com -->\n\t<meta name=\"description\" content=\"NUEVA YORK, 25 Sep. (EUROPA PRESS) - El presidente de Ir\u00e1n, Has\u00e1n Rohani, ha reconocido la existencia del Holocausto, algo a lo que hasta ahora se hab\u00eda resistido la Rep\u00fablica Isl\u00e1mica, y ha asegurado que tiene plenos poderes para negociar con Occidente sobre el programa nuclear. &quot;Cualquier crimen que ha ocurrido en la historia contra la\" \/>\n\t<meta name=\"robots\" content=\"max-image-preview:large\" \/>\n\t<meta name=\"author\" content=\"El Digital de Asturias\"\/>\n\t<meta name=\"google-site-verification\" content=\"UA-38556648-1\" \/>\n\t<meta name=\"msvalidate.01\" content=\"7dfe9f3f1b24437ab69f4f2559babe99\" \/>\n\t<meta name=\"keywords\" content=\"actualidad\" \/>\n\t<link rel=\"canonical\" href=\"https:\/\/www.eldigitaldeasturias.com\/noticias\/rohani-reconoce-el-holocausto-y-dice-que-tiene-plenos-poderes-para-negociar\/\" \/>\n\t<meta name=\"generator\" content=\"All in One SEO Pro (AIOSEO) 4.9.6.2\" \/>\n\t\t<meta property=\"og:locale\" content=\"es_ES\" \/>\n\t\t<meta property=\"og:site_name\" content=\"El Digital de Asturias\" \/>\n\t\t<meta property=\"og:type\" content=\"article\" \/>\n\t\t<meta property=\"og:title\" content=\"Rohani reconoce el Holocausto y dice que tiene plenos poderes para negociar - El Digital de Asturias\" \/>\n\t\t<meta property=\"og:description\" content=\"NUEVA YORK, 25 Sep. (EUROPA PRESS) - El presidente de Ir\u00e1n, Has\u00e1n Rohani, ha reconocido la existencia del Holocausto, algo a lo que hasta ahora se hab\u00eda resistido la Rep\u00fablica Isl\u00e1mica, y ha asegurado que tiene plenos poderes para negociar con Occidente sobre el programa nuclear. &quot;Cualquier crimen que ha ocurrido en la historia contra la\" \/>\n\t\t<meta property=\"og:url\" content=\"https:\/\/www.eldigitaldeasturias.com\/noticias\/rohani-reconoce-el-holocausto-y-dice-que-tiene-plenos-poderes-para-negociar\/\" \/>\n\t\t<meta property=\"article:tag\" content=\"actualidad\" \/>\n\t\t<meta property=\"article:published_time\" content=\"2013-09-25T11:32:10+00:00\" \/>\n\t\t<meta property=\"article:modified_time\" content=\"2013-09-25T11:32:10+00:00\" \/>\n\t\t<meta property=\"article:publisher\" content=\"https:\/\/facebook.com\/eldigitaldeasturias\" \/>\n\t\t<meta name=\"twitter:card\" content=\"summary_large_image\" \/>\n\t\t<meta name=\"twitter:title\" content=\"Rohani reconoce el Holocausto y dice que tiene plenos poderes para negociar - El Digital de Asturias\" \/>\n\t\t<meta name=\"twitter:description\" content=\"NUEVA YORK, 25 Sep. (EUROPA PRESS) - El presidente de Ir\u00e1n, Has\u00e1n Rohani, ha reconocido la existencia del Holocausto, algo a lo que hasta ahora se hab\u00eda resistido la Rep\u00fablica Isl\u00e1mica, y ha asegurado que tiene plenos poderes para negociar con Occidente sobre el programa nuclear. &quot;Cualquier crimen que ha ocurrido en la historia contra la\" \/>\n\t\t<meta name=\"twitter:label1\" content=\"Escrito por\" \/>\n\t\t<meta name=\"twitter:data1\" content=\"El Digital de Asturias\" \/>\n\t\t<meta name=\"twitter:label2\" content=\"Tiempo de lectura estimado\" \/>\n\t\t<meta name=\"twitter:data2\" content=\"2 minutos\" \/>\n\t\t<script type=\"application\/ld+json\" class=\"aioseo-schema\">\n\t\t\t{\"@context\":\"https:\\\/\\\/schema.org\",\"@graph\":[{\"@type\":\"BlogPosting\",\"@id\":\"https:\\\/\\\/www.eldigitaldeasturias.com\\\/noticias\\\/rohani-reconoce-el-holocausto-y-dice-que-tiene-plenos-poderes-para-negociar\\\/#blogposting\",\"name\":\"Rohani reconoce el Holocausto y dice que tiene plenos poderes para negociar - El Digital de Asturias\",\"headline\":\"Rohani reconoce el Holocausto y dice que tiene plenos poderes para negociar\",\"author\":{\"@id\":\"https:\\\/\\\/www.eldigitaldeasturias.com\\\/noticias\\\/author\\\/admin\\\/#author\"},\"publisher\":{\"@id\":\"https:\\\/\\\/www.eldigitaldeasturias.com\\\/noticias\\\/#organization\"},\"image\":{\"@type\":\"ImageObject\",\"url\":2997},\"datePublished\":\"2013-09-25T11:32:10+02:00\",\"dateModified\":\"2013-09-25T11:32:10+02:00\",\"inLanguage\":\"es-ES\",\"mainEntityOfPage\":{\"@id\":\"https:\\\/\\\/www.eldigitaldeasturias.com\\\/noticias\\\/rohani-reconoce-el-holocausto-y-dice-que-tiene-plenos-poderes-para-negociar\\\/#webpage\"},\"isPartOf\":{\"@id\":\"https:\\\/\\\/www.eldigitaldeasturias.com\\\/noticias\\\/rohani-reconoce-el-holocausto-y-dice-que-tiene-plenos-poderes-para-negociar\\\/#webpage\"},\"articleSection\":\"Actualidad\"},{\"@type\":\"BreadcrumbList\",\"@id\":\"https:\\\/\\\/www.eldigitaldeasturias.com\\\/noticias\\\/rohani-reconoce-el-holocausto-y-dice-que-tiene-plenos-poderes-para-negociar\\\/#breadcrumblist\",\"itemListElement\":[{\"@type\":\"ListItem\",\"@id\":\"https:\\\/\\\/www.eldigitaldeasturias.com\\\/noticias#listItem\",\"position\":1,\"name\":\"Home\",\"item\":\"https:\\\/\\\/www.eldigitaldeasturias.com\\\/noticias\",\"nextItem\":{\"@type\":\"ListItem\",\"@id\":\"https:\\\/\\\/www.eldigitaldeasturias.com\\\/noticias\\\/category\\\/actualidad\\\/#listItem\",\"name\":\"Actualidad\"}},{\"@type\":\"ListItem\",\"@id\":\"https:\\\/\\\/www.eldigitaldeasturias.com\\\/noticias\\\/category\\\/actualidad\\\/#listItem\",\"position\":2,\"name\":\"Actualidad\",\"item\":\"https:\\\/\\\/www.eldigitaldeasturias.com\\\/noticias\\\/category\\\/actualidad\\\/\",\"nextItem\":{\"@type\":\"ListItem\",\"@id\":\"https:\\\/\\\/www.eldigitaldeasturias.com\\\/noticias\\\/rohani-reconoce-el-holocausto-y-dice-que-tiene-plenos-poderes-para-negociar\\\/#listItem\",\"name\":\"Rohani reconoce el Holocausto y dice que tiene plenos poderes para negociar\"},\"previousItem\":{\"@type\":\"ListItem\",\"@id\":\"https:\\\/\\\/www.eldigitaldeasturias.com\\\/noticias#listItem\",\"name\":\"Home\"}},{\"@type\":\"ListItem\",\"@id\":\"https:\\\/\\\/www.eldigitaldeasturias.com\\\/noticias\\\/rohani-reconoce-el-holocausto-y-dice-que-tiene-plenos-poderes-para-negociar\\\/#listItem\",\"position\":3,\"name\":\"Rohani reconoce el Holocausto y dice que tiene plenos poderes para negociar\",\"previousItem\":{\"@type\":\"ListItem\",\"@id\":\"https:\\\/\\\/www.eldigitaldeasturias.com\\\/noticias\\\/category\\\/actualidad\\\/#listItem\",\"name\":\"Actualidad\"}}]},{\"@type\":\"Organization\",\"@id\":\"https:\\\/\\\/www.eldigitaldeasturias.com\\\/noticias\\\/#organization\",\"name\":\"El Digital de Asturias\",\"description\":\"Hemeroteca\",\"url\":\"https:\\\/\\\/www.eldigitaldeasturias.com\\\/noticias\\\/\",\"email\":\"info@eldigitaldeasturias.com\",\"telephone\":\"+34652131393\",\"logo\":{\"@type\":\"ImageObject\",\"url\":\"https:\\\/\\\/www.eldigitaldeasturias.com\\\/noticias\\\/wp-content\\\/uploads\\\/2020\\\/12\\\/EDA.jpg\",\"@id\":\"https:\\\/\\\/www.eldigitaldeasturias.com\\\/noticias\\\/rohani-reconoce-el-holocausto-y-dice-que-tiene-plenos-poderes-para-negociar\\\/#organizationLogo\",\"width\":649,\"height\":297},\"image\":{\"@id\":\"https:\\\/\\\/www.eldigitaldeasturias.com\\\/noticias\\\/rohani-reconoce-el-holocausto-y-dice-que-tiene-plenos-poderes-para-negociar\\\/#organizationLogo\"},\"sameAs\":[\"https:\\\/\\\/facebook.com\\\/eldigitaldeasturias\",\"https:\\\/\\\/www.youtube.com\\\/channel\\\/UCZP-2wLEB9Rv6erhFmqVnvg\"],\"address\":{\"@id\":\"https:\\\/\\\/www.eldigitaldeasturias.com\\\/noticias\\\/#postaladdress\",\"@type\":\"PostalAddress\",\"streetAddress\":\"san antonio 4,\",\"postalCode\":\"33430\",\"addressLocality\":\"Cand\\u00e1s\",\"addressRegion\":\"Asturias\",\"addressCountry\":\"ES\"}},{\"@type\":\"Person\",\"@id\":\"https:\\\/\\\/www.eldigitaldeasturias.com\\\/noticias\\\/author\\\/admin\\\/#author\",\"url\":\"https:\\\/\\\/www.eldigitaldeasturias.com\\\/noticias\\\/author\\\/admin\\\/\",\"name\":\"El Digital de Asturias\",\"image\":{\"@type\":\"ImageObject\",\"@id\":\"https:\\\/\\\/www.eldigitaldeasturias.com\\\/noticias\\\/rohani-reconoce-el-holocausto-y-dice-que-tiene-plenos-poderes-para-negociar\\\/#authorImage\",\"url\":\"https:\\\/\\\/www.eldigitaldeasturias.com\\\/noticias\\\/wp-content\\\/litespeed\\\/avatar\\\/18677e78aa0546b92d9dbf31ec7d7668.jpg?ver=1777290358\",\"width\":96,\"height\":96,\"caption\":\"El Digital de Asturias\"}},{\"@type\":\"WebPage\",\"@id\":\"https:\\\/\\\/www.eldigitaldeasturias.com\\\/noticias\\\/rohani-reconoce-el-holocausto-y-dice-que-tiene-plenos-poderes-para-negociar\\\/#webpage\",\"url\":\"https:\\\/\\\/www.eldigitaldeasturias.com\\\/noticias\\\/rohani-reconoce-el-holocausto-y-dice-que-tiene-plenos-poderes-para-negociar\\\/\",\"name\":\"Rohani reconoce el Holocausto y dice que tiene plenos poderes para negociar - El Digital de Asturias\",\"description\":\"NUEVA YORK, 25 Sep. (EUROPA PRESS) - El presidente de Ir\\u00e1n, Has\\u00e1n Rohani, ha reconocido la existencia del Holocausto, algo a lo que hasta ahora se hab\\u00eda resistido la Rep\\u00fablica Isl\\u00e1mica, y ha asegurado que tiene plenos poderes para negociar con Occidente sobre el programa nuclear. \\\"Cualquier crimen que ha ocurrido en la historia contra la\",\"inLanguage\":\"es-ES\",\"isPartOf\":{\"@id\":\"https:\\\/\\\/www.eldigitaldeasturias.com\\\/noticias\\\/#website\"},\"breadcrumb\":{\"@id\":\"https:\\\/\\\/www.eldigitaldeasturias.com\\\/noticias\\\/rohani-reconoce-el-holocausto-y-dice-que-tiene-plenos-poderes-para-negociar\\\/#breadcrumblist\"},\"author\":{\"@id\":\"https:\\\/\\\/www.eldigitaldeasturias.com\\\/noticias\\\/author\\\/admin\\\/#author\"},\"creator\":{\"@id\":\"https:\\\/\\\/www.eldigitaldeasturias.com\\\/noticias\\\/author\\\/admin\\\/#author\"},\"image\":{\"@type\":\"ImageObject\",\"url\":2997,\"@id\":\"https:\\\/\\\/www.eldigitaldeasturias.com\\\/noticias\\\/rohani-reconoce-el-holocausto-y-dice-que-tiene-plenos-poderes-para-negociar\\\/#mainImage\"},\"primaryImageOfPage\":{\"@id\":\"https:\\\/\\\/www.eldigitaldeasturias.com\\\/noticias\\\/rohani-reconoce-el-holocausto-y-dice-que-tiene-plenos-poderes-para-negociar\\\/#mainImage\"},\"datePublished\":\"2013-09-25T11:32:10+02:00\",\"dateModified\":\"2013-09-25T11:32:10+02:00\"},{\"@type\":\"WebSite\",\"@id\":\"https:\\\/\\\/www.eldigitaldeasturias.com\\\/noticias\\\/#website\",\"url\":\"https:\\\/\\\/www.eldigitaldeasturias.com\\\/noticias\\\/\",\"name\":\"El Digital de Asturias - Diario de actualidad y noticias\",\"alternateName\":\"El Digital de Asturias - Diario de actualidad y noticias\",\"description\":\"Hemeroteca\",\"inLanguage\":\"es-ES\",\"publisher\":{\"@id\":\"https:\\\/\\\/www.eldigitaldeasturias.com\\\/noticias\\\/#organization\"}}]}\n\t\t<\/script>\n\t\t<!-- All in One SEO Pro -->\r\n\t\t<title>Rohani reconoce el Holocausto y dice que tiene plenos poderes para negociar - El Digital de Asturias<\/title>\n\n","aioseo_head_json":{"title":"Rohani reconoce el Holocausto y dice que tiene plenos poderes para negociar - El Digital de Asturias","description":"NUEVA YORK, 25 Sep. (EUROPA PRESS) - El presidente de Ir\u00e1n, Has\u00e1n Rohani, ha reconocido la existencia del Holocausto, algo a lo que hasta ahora se hab\u00eda resistido la Rep\u00fablica Isl\u00e1mica, y ha asegurado que tiene plenos poderes para negociar con Occidente sobre el programa nuclear. \"Cualquier crimen que ha ocurrido en la historia contra la","canonical_url":"https:\/\/www.eldigitaldeasturias.com\/noticias\/rohani-reconoce-el-holocausto-y-dice-que-tiene-plenos-poderes-para-negociar\/","robots":"max-image-preview:large","keywords":"actualidad","webmasterTools":{"google-site-verification":"UA-38556648-1","msvalidate.01":"7dfe9f3f1b24437ab69f4f2559babe99","miscellaneous":""},"schema":{"@context":"https:\/\/schema.org","@graph":[{"@type":"BlogPosting","@id":"https:\/\/www.eldigitaldeasturias.com\/noticias\/rohani-reconoce-el-holocausto-y-dice-que-tiene-plenos-poderes-para-negociar\/#blogposting","name":"Rohani reconoce el Holocausto y dice que tiene plenos poderes para negociar - El Digital de Asturias","headline":"Rohani reconoce el Holocausto y dice que tiene plenos poderes para negociar","author":{"@id":"https:\/\/www.eldigitaldeasturias.com\/noticias\/author\/admin\/#author"},"publisher":{"@id":"https:\/\/www.eldigitaldeasturias.com\/noticias\/#organization"},"image":{"@type":"ImageObject","url":2997},"datePublished":"2013-09-25T11:32:10+02:00","dateModified":"2013-09-25T11:32:10+02:00","inLanguage":"es-ES","mainEntityOfPage":{"@id":"https:\/\/www.eldigitaldeasturias.com\/noticias\/rohani-reconoce-el-holocausto-y-dice-que-tiene-plenos-poderes-para-negociar\/#webpage"},"isPartOf":{"@id":"https:\/\/www.eldigitaldeasturias.com\/noticias\/rohani-reconoce-el-holocausto-y-dice-que-tiene-plenos-poderes-para-negociar\/#webpage"},"articleSection":"Actualidad"},{"@type":"BreadcrumbList","@id":"https:\/\/www.eldigitaldeasturias.com\/noticias\/rohani-reconoce-el-holocausto-y-dice-que-tiene-plenos-poderes-para-negociar\/#breadcrumblist","itemListElement":[{"@type":"ListItem","@id":"https:\/\/www.eldigitaldeasturias.com\/noticias#listItem","position":1,"name":"Home","item":"https:\/\/www.eldigitaldeasturias.com\/noticias","nextItem":{"@type":"ListItem","@id":"https:\/\/www.eldigitaldeasturias.com\/noticias\/category\/actualidad\/#listItem","name":"Actualidad"}},{"@type":"ListItem","@id":"https:\/\/www.eldigitaldeasturias.com\/noticias\/category\/actualidad\/#listItem","position":2,"name":"Actualidad","item":"https:\/\/www.eldigitaldeasturias.com\/noticias\/category\/actualidad\/","nextItem":{"@type":"ListItem","@id":"https:\/\/www.eldigitaldeasturias.com\/noticias\/rohani-reconoce-el-holocausto-y-dice-que-tiene-plenos-poderes-para-negociar\/#listItem","name":"Rohani reconoce el Holocausto y dice que tiene plenos poderes para negociar"},"previousItem":{"@type":"ListItem","@id":"https:\/\/www.eldigitaldeasturias.com\/noticias#listItem","name":"Home"}},{"@type":"ListItem","@id":"https:\/\/www.eldigitaldeasturias.com\/noticias\/rohani-reconoce-el-holocausto-y-dice-que-tiene-plenos-poderes-para-negociar\/#listItem","position":3,"name":"Rohani reconoce el Holocausto y dice que tiene plenos poderes para negociar","previousItem":{"@type":"ListItem","@id":"https:\/\/www.eldigitaldeasturias.com\/noticias\/category\/actualidad\/#listItem","name":"Actualidad"}}]},{"@type":"Organization","@id":"https:\/\/www.eldigitaldeasturias.com\/noticias\/#organization","name":"El Digital de Asturias","description":"Hemeroteca","url":"https:\/\/www.eldigitaldeasturias.com\/noticias\/","email":"info@eldigitaldeasturias.com","telephone":"+34652131393","logo":{"@type":"ImageObject","url":"https:\/\/www.eldigitaldeasturias.com\/noticias\/wp-content\/uploads\/2020\/12\/EDA.jpg","@id":"https:\/\/www.eldigitaldeasturias.com\/noticias\/rohani-reconoce-el-holocausto-y-dice-que-tiene-plenos-poderes-para-negociar\/#organizationLogo","width":649,"height":297},"image":{"@id":"https:\/\/www.eldigitaldeasturias.com\/noticias\/rohani-reconoce-el-holocausto-y-dice-que-tiene-plenos-poderes-para-negociar\/#organizationLogo"},"sameAs":["https:\/\/facebook.com\/eldigitaldeasturias","https:\/\/www.youtube.com\/channel\/UCZP-2wLEB9Rv6erhFmqVnvg"],"address":{"@id":"https:\/\/www.eldigitaldeasturias.com\/noticias\/#postaladdress","@type":"PostalAddress","streetAddress":"san antonio 4,","postalCode":"33430","addressLocality":"Cand\u00e1s","addressRegion":"Asturias","addressCountry":"ES"}},{"@type":"Person","@id":"https:\/\/www.eldigitaldeasturias.com\/noticias\/author\/admin\/#author","url":"https:\/\/www.eldigitaldeasturias.com\/noticias\/author\/admin\/","name":"El Digital de Asturias","image":{"@type":"ImageObject","@id":"https:\/\/www.eldigitaldeasturias.com\/noticias\/rohani-reconoce-el-holocausto-y-dice-que-tiene-plenos-poderes-para-negociar\/#authorImage","url":"https:\/\/www.eldigitaldeasturias.com\/noticias\/wp-content\/litespeed\/avatar\/18677e78aa0546b92d9dbf31ec7d7668.jpg?ver=1777290358","width":96,"height":96,"caption":"El Digital de Asturias"}},{"@type":"WebPage","@id":"https:\/\/www.eldigitaldeasturias.com\/noticias\/rohani-reconoce-el-holocausto-y-dice-que-tiene-plenos-poderes-para-negociar\/#webpage","url":"https:\/\/www.eldigitaldeasturias.com\/noticias\/rohani-reconoce-el-holocausto-y-dice-que-tiene-plenos-poderes-para-negociar\/","name":"Rohani reconoce el Holocausto y dice que tiene plenos poderes para negociar - El Digital de Asturias","description":"NUEVA YORK, 25 Sep. (EUROPA PRESS) - El presidente de Ir\u00e1n, Has\u00e1n Rohani, ha reconocido la existencia del Holocausto, algo a lo que hasta ahora se hab\u00eda resistido la Rep\u00fablica Isl\u00e1mica, y ha asegurado que tiene plenos poderes para negociar con Occidente sobre el programa nuclear. \"Cualquier crimen que ha ocurrido en la historia contra la","inLanguage":"es-ES","isPartOf":{"@id":"https:\/\/www.eldigitaldeasturias.com\/noticias\/#website"},"breadcrumb":{"@id":"https:\/\/www.eldigitaldeasturias.com\/noticias\/rohani-reconoce-el-holocausto-y-dice-que-tiene-plenos-poderes-para-negociar\/#breadcrumblist"},"author":{"@id":"https:\/\/www.eldigitaldeasturias.com\/noticias\/author\/admin\/#author"},"creator":{"@id":"https:\/\/www.eldigitaldeasturias.com\/noticias\/author\/admin\/#author"},"image":{"@type":"ImageObject","url":2997,"@id":"https:\/\/www.eldigitaldeasturias.com\/noticias\/rohani-reconoce-el-holocausto-y-dice-que-tiene-plenos-poderes-para-negociar\/#mainImage"},"primaryImageOfPage":{"@id":"https:\/\/www.eldigitaldeasturias.com\/noticias\/rohani-reconoce-el-holocausto-y-dice-que-tiene-plenos-poderes-para-negociar\/#mainImage"},"datePublished":"2013-09-25T11:32:10+02:00","dateModified":"2013-09-25T11:32:10+02:00"},{"@type":"WebSite","@id":"https:\/\/www.eldigitaldeasturias.com\/noticias\/#website","url":"https:\/\/www.eldigitaldeasturias.com\/noticias\/","name":"El Digital de Asturias - Diario de actualidad y noticias","alternateName":"El Digital de Asturias - Diario de actualidad y noticias","description":"Hemeroteca","inLanguage":"es-ES","publisher":{"@id":"https:\/\/www.eldigitaldeasturias.com\/noticias\/#organization"}}]},"og:locale":"es_ES","og:site_name":"El Digital de Asturias","og:type":"article","og:title":"Rohani reconoce el Holocausto y dice que tiene plenos poderes para negociar - El Digital de Asturias","og:description":"NUEVA YORK, 25 Sep. (EUROPA PRESS) - El presidente de Ir\u00e1n, Has\u00e1n Rohani, ha reconocido la existencia del Holocausto, algo a lo que hasta ahora se hab\u00eda resistido la Rep\u00fablica Isl\u00e1mica, y ha asegurado que tiene plenos poderes para negociar con Occidente sobre el programa nuclear. &quot;Cualquier crimen que ha ocurrido en la historia contra la","og:url":"https:\/\/www.eldigitaldeasturias.com\/noticias\/rohani-reconoce-el-holocausto-y-dice-que-tiene-plenos-poderes-para-negociar\/","article:tag":["actualidad"],"article:published_time":"2013-09-25T11:32:10+00:00","article:modified_time":"2013-09-25T11:32:10+00:00","article:publisher":"https:\/\/facebook.com\/eldigitaldeasturias","twitter:card":"summary_large_image","twitter:title":"Rohani reconoce el Holocausto y dice que tiene plenos poderes para negociar - El Digital de Asturias","twitter:description":"NUEVA YORK, 25 Sep. (EUROPA PRESS) - El presidente de Ir\u00e1n, Has\u00e1n Rohani, ha reconocido la existencia del Holocausto, algo a lo que hasta ahora se hab\u00eda resistido la Rep\u00fablica Isl\u00e1mica, y ha asegurado que tiene plenos poderes para negociar con Occidente sobre el programa nuclear. &quot;Cualquier crimen que ha ocurrido en la historia contra la","twitter:label1":"Escrito por","twitter:data1":"El Digital de Asturias","twitter:label2":"Tiempo de lectura estimado","twitter:data2":"2 minutos"},"aioseo_meta_data":{"post_id":"2996","title":null,"description":null,"keywords":null,"keyphrases":null,"primary_term":null,"canonical_url":null,"og_title":null,"og_description":null,"og_object_type":"default","og_image_type":"default","og_image_url":null,"og_image_width":null,"og_image_height":null,"og_image_custom_url":null,"og_image_custom_fields":null,"og_video":null,"og_custom_url":null,"og_article_section":null,"og_article_tags":null,"twitter_use_og":true,"twitter_card":"default","twitter_image_type":"default","twitter_image_url":null,"twitter_image_custom_url":null,"twitter_image_custom_fields":null,"twitter_title":null,"twitter_description":null,"schema":{"blockGraphs":[],"customGraphs":[],"default":{"data":{"Article":[],"Course":[],"Dataset":[],"FAQPage":[],"Movie":[],"Person":[],"Product":[],"ProductReview":[],"Car":[],"Recipe":[],"Service":[],"SoftwareApplication":[],"WebPage":[]},"graphName":"","isEnabled":true},"graphs":[],"defaultGraph":"","defaultPostTypeGraph":""},"schema_type":null,"schema_type_options":null,"pillar_content":false,"robots_default":true,"robots_noindex":false,"robots_noarchive":false,"robots_nosnippet":false,"robots_nofollow":false,"robots_noimageindex":false,"robots_noodp":false,"robots_notranslate":false,"robots_max_snippet":null,"robots_max_videopreview":null,"robots_max_imagepreview":"none","priority":null,"frequency":null,"local_seo":null,"seo_analyzer_scan_date":"2025-08-21 05:26:50","breadcrumb_settings":null,"limit_modified_date":false,"open_ai":null,"ai":null,"created":"2020-11-14 22:37:00","updated":"2025-08-21 05:26:50"},"aioseo_breadcrumb":"<div class=\"aioseo-breadcrumbs\"><span class=\"aioseo-breadcrumb\">\n\t<a href=\"https:\/\/www.eldigitaldeasturias.com\/noticias\" title=\"Home\">Home<\/a>\n<\/span><span class=\"aioseo-breadcrumb-separator\">\u2013<\/span><span class=\"aioseo-breadcrumb\">\n\t<a href=\"https:\/\/www.eldigitaldeasturias.com\/noticias\/category\/actualidad\/\" title=\"Actualidad\">Actualidad<\/a>\n<\/span><span class=\"aioseo-breadcrumb-separator\">\u2013<\/span><span class=\"aioseo-breadcrumb\">\n\t<a href=\"https:\/\/www.eldigitaldeasturias.com\/noticias\/rohani-reconoce-el-holocausto-y-dice-que-tiene-plenos-poderes-para-negociar\/\" title=\"Rohani reconoce el Holocausto y dice que tiene plenos poderes para negociar\">Rohani reconoce el Holocausto y dice que tiene plenos poderes para negociar<\/a>\n<\/span><\/div>","aioseo_breadcrumb_json":[{"label":"Home","link":"https:\/\/www.eldigitaldeasturias.com\/noticias"},{"label":"Actualidad","link":"https:\/\/www.eldigitaldeasturias.com\/noticias\/category\/actualidad\/"},{"label":"Rohani reconoce el Holocausto y dice que tiene plenos poderes para negociar","link":"https:\/\/www.eldigitaldeasturias.com\/noticias\/rohani-reconoce-el-holocausto-y-dice-que-tiene-plenos-poderes-para-negociar\/"}],"_links":{"self":[{"href":"https:\/\/www.eldigitaldeasturias.com\/noticias\/wp-json\/wp\/v2\/posts\/2996","targetHints":{"allow":["GET"]}}],"collection":[{"href":"https:\/\/www.eldigitaldeasturias.com\/noticias\/wp-json\/wp\/v2\/posts"}],"about":[{"href":"https:\/\/www.eldigitaldeasturias.com\/noticias\/wp-json\/wp\/v2\/types\/post"}],"author":[{"embeddable":true,"href":"https:\/\/www.eldigitaldeasturias.com\/noticias\/wp-json\/wp\/v2\/users\/1"}],"replies":[{"embeddable":true,"href":"https:\/\/www.eldigitaldeasturias.com\/noticias\/wp-json\/wp\/v2\/comments?post=2996"}],"version-history":[{"count":0,"href":"https:\/\/www.eldigitaldeasturias.com\/noticias\/wp-json\/wp\/v2\/posts\/2996\/revisions"}],"wp:featuredmedia":[{"embeddable":true,"href":"https:\/\/www.eldigitaldeasturias.com\/noticias\/wp-json\/"}],"wp:attachment":[{"href":"https:\/\/www.eldigitaldeasturias.com\/noticias\/wp-json\/wp\/v2\/media?parent=2996"}],"wp:term":[{"taxonomy":"category","embeddable":true,"href":"https:\/\/www.eldigitaldeasturias.com\/noticias\/wp-json\/wp\/v2\/categories?post=2996"},{"taxonomy":"post_tag","embeddable":true,"href":"https:\/\/www.eldigitaldeasturias.com\/noticias\/wp-json\/wp\/v2\/tags?post=2996"}],"curies":[{"name":"wp","href":"https:\/\/api.w.org\/{rel}","templated":true}]}}