{"id":2989,"date":"2013-09-25T11:26:43","date_gmt":"2013-09-25T11:26:43","guid":{"rendered":"http:\/\/www.eldigitaldeasturias.com\/noticias\/?p=2989"},"modified":"2013-09-25T11:26:44","modified_gmt":"2013-09-25T11:26:44","slug":"el-parlamento-andaluz-aprueba-este-miercoles-la-nueva-ley-antidesahucios","status":"publish","type":"post","link":"https:\/\/www.eldigitaldeasturias.com\/noticias\/el-parlamento-andaluz-aprueba-este-miercoles-la-nueva-ley-antidesahucios\/","title":{"rendered":"El Parlamento andaluz aprueba este mi\u00e9rcoles la nueva Ley antidesahucios"},"content":{"rendered":"<p><img loading=\"lazy\" decoding=\"async\" class=\"alignleft size-medium wp-image-2990\" alt=\"fotonoticia_20130925081716_800\" src=\"https:\/\/www.eldigitaldeasturias.com\/noticias\/wp-content\/uploads\/2013\/09\/fotonoticia_20130925081716_800-360x269.jpg\" width=\"360\" height=\"269\" \/>SEVILLA, 25 Sep. (EUROPA PRESS) &#8211;\u00a0El Pleno del Parlamento de Andaluc\u00eda aprobar\u00e1 este mi\u00e9rcoles, en virtud de la mayor\u00eda que ostentan PSOE-A e IULV-CA, socios en la Junta, la nueva Ley de funci\u00f3n social de la vivienda, que el PP-A rechazar\u00e1.<\/p>\n<p>Esta ser\u00e1 la nueva regulaci\u00f3n antidesahucios con la que contar\u00e1 Andaluc\u00eda despu\u00e9s de que el anterior decreto ley sobre funci\u00f3n social de la vivienda quedara paralizado tras el recurso que interpuso el Gobierno central ante el Tribunal Constitucional.<\/p>\n<p>Como novedades respecto al decreto ley, la nueva norma ampl\u00eda la cobertura sobre personas que pueden verse afectadas por desahucios, como avalistas y aut\u00f3nomos.<\/p>\n<p>As\u00ed, en una disposici\u00f3n adicional primera, se declara de inter\u00e9s social la cobertura de necesidad de vivienda de las personas en especiales circunstancias de emergencia social que, como consecuencia de la ejecuci\u00f3n de un aval que las mismas hayan prestado en orden a garantizar un cr\u00e9dito hipotecario, hayan de responder con su propia vivienda habitual, por encontrarse incursas en un procedimiento de ejecuci\u00f3n o apremio instado por una entidad financiera, sus filiales inmobiliarias o entidad de gesti\u00f3n de activos.<\/p>\n<p>Igualmente, se declara de inter\u00e9s social la cobertura de necesidad de vivienda de las personas dadas de alta en la Seguridad Social como aut\u00f3nomas o trabajadoras por cuenta propia que se encuentren en especiales circunstancias de emergencia social y cuya vivienda habitual constituya garant\u00eda de un pr\u00e9stamo bancario concedido para hacer frente al desempe\u00f1o de su actividad profesional y se encuentren incursas en un procedimiento de ejecuci\u00f3n o apremio instado por la entidad financiera concedente del cr\u00e9dito.<\/p>\n<p>El PSOE-A anunci\u00f3 d\u00edas atr\u00e1s que la futura Ley de funci\u00f3n social de la vivienda contar\u00e1 con una \u00abpartida espec\u00edfica\u00bb en los presupuestos de la comunidad para 2014 y, a partir de ah\u00ed, se podr\u00e1 valorar a cu\u00e1ntas personas va a beneficiar, una vez que ampl\u00eda la cobertura a nuevos beneficiarios.<\/p>\n<p>Por su parte, el PP-A ha anunciado que votar\u00e1 en contra de la norma y ha augurado que tambi\u00e9n acabar\u00e1 siendo recurrida por el Gobierno central en el Tribunal Constitucional porque tiene los mismos trazos de \u00abinconstitucionalidad\u00bb que el anterior decreto sobre la misma materia y que fue recurrido.<\/p>\n<p>La secretaria de Territorio, Medio Ambiente y Asuntos del PP-A, Alicia Mart\u00ednez, manifest\u00f3 el pasado jueves que, en su d\u00eda, el grupo popular se abstuvo en la votaci\u00f3n del decreto ley de funci\u00f3n social de la vivienda, porque su voluntad era el di\u00e1logo y hacer aportaciones a la futura ley. Sin embargo, ahora rechazar\u00e1n la norma porque no se ha aceptado ni una sola de sus 82 enmiendas al texto legislativo, que solo est\u00e1 planteado para la \u00abconfrontaci\u00f3n\u00bb y de \u00abcara a la galer\u00eda\u00bb, porque no resuelve en absoluto el problema de los desahucios.<\/p>\n<p>ESTRENO DE D\u00cdAZ EN LA SESI\u00d3N DE CONTROL<\/p>\n<p>De otro lado, la nueva presidenta de la Junta de Andaluc\u00eda, Susana D\u00edaz, se estrenar\u00e1 en la sesi\u00f3n de control al Ejecutivo del Pleno que se desarrollar\u00e1 este jueves con preguntas, formuladas por los portavoces parlamentarios, sobre fondos p\u00fablicos y ERE, financiaci\u00f3n auton\u00f3mica y modelo territorial.<\/p>\n<p>De acuerdo con el orden del d\u00eda del Pleno, que se desarrollar\u00e1 este mi\u00e9rcoles y jueves, Susana D\u00edaz responder\u00e1 en la sesi\u00f3n de control al Gobierno a una pregunta del presidente del PP-A, Juan Ignacio Zoido, sobre gesti\u00f3n de los fondos p\u00fablicos, en relaci\u00f3n con el caso de los ERE; a otra del portavoz del PSOE-A, Francisco \u00c1lvarez de la Chica, relativa a la posici\u00f3n de Andaluc\u00eda ante el modelo territorial, y a otra del portavoz de IULV-CA, Jos\u00e9 Antonio Castro, sobre el modelo de financiaci\u00f3n auton\u00f3mica.<\/p>\n<p>La primera sesi\u00f3n plenaria del nuevo periodo de sesiones se iniciar\u00e1 con el debate final del proyecto de ley de medidas para asegurar el cumplimiento de la funci\u00f3n social de la vivienda.<\/p>\n<p>En cuanto a las comparecencias, el consejero de Presidencia, Manuel Jim\u00e9nez Barrios, informar\u00e1 sobre la nueva estructura del Consejo de Gobierno, as\u00ed como sobre la distribuci\u00f3n de competencias entre las diversas consejer\u00edas.<\/p>\n<p>A petici\u00f3n del PP-A, se producir\u00e1 una comparecencia del Ejecutivo acerca de las \u00abresponsabilidades pol\u00edticas que ha asumido y va a asumir el Gobierno andaluz en relaci\u00f3n a las ayudas sociolaborales y a empresas otorgadas por la administraci\u00f3n al amparo del programa 31L\u00bb.<\/p>\n<p>El consejero de Educaci\u00f3n, Cultura y Deporte, Luciano Alonso, informar\u00e1 sobre el inicio del curso escolar 2013-2014.<\/p>\n<p>Respecto a las proposiciones no de ley que ser\u00e1n objeto de debate, se incluye una del PP-A referida a medidas urgentes en materia de transparencia en la administraci\u00f3n de la Junta; dos del PSOE-A relativas a retirada del proyecto de ley para la racionalizaci\u00f3n y sostenibilidad de la administraci\u00f3n local y a Plan de choque por el empleo, y una de IULV-CA sobre establecimiento de una moratoria de transg\u00e9nicos en Andaluc\u00eda.<\/p>\n<p>El orden del d\u00eda tambi\u00e9n incluye el debate y votaci\u00f3n del proyecto de ley de cr\u00e9dito extraordinario para sufragar subvenciones a adjudicar a las formaciones pol\u00edticas por los gastos electorales de las pasadas elecciones auton\u00f3micas de marzo de 2012.<\/p>\n<p>Otro punto es el debate y votaci\u00f3n del dictamen de la Comisi\u00f3n de Hacienda y Administraci\u00f3n y de las propuestas de resoluci\u00f3n de los grupos sobre el informe anual de la C\u00e1mara de Cuentas relativo a la fiscalizaci\u00f3n de la cuenta general, contrataci\u00f3n administrativa y Fondo de Compensaci\u00f3n Interterritorial correspondiente al ejercicio 2011.<\/p>\n","protected":false},"excerpt":{"rendered":"<p>SEVILLA, 25 Sep. (EUROPA PRESS) &#8211;\u00a0El Pleno del Parlamento de Andaluc\u00eda aprobar\u00e1 este mi\u00e9rcoles, en virtud de la mayor\u00eda que ostentan PSOE-A e IULV-CA, socios en la Junta, la nueva Ley de funci\u00f3n social de la vivienda, que el PP-A rechazar\u00e1. Esta ser\u00e1 la nueva regulaci\u00f3n antidesahucios con la que contar\u00e1 Andaluc\u00eda despu\u00e9s de que [&hellip;]<\/p>\n","protected":false},"author":1,"featured_media":2990,"comment_status":"open","ping_status":"open","sticky":false,"template":"","format":"standard","meta":{"footnotes":""},"categories":[1],"tags":[],"class_list":["post-2989","post","type-post","status-publish","format-standard","has-post-thumbnail","hentry","category-actualidad"],"aioseo_notices":[],"aioseo_head":"\n\t\t<!-- All in One SEO Pro 4.9.6.2 - aioseo.com -->\n\t<meta name=\"description\" content=\"SEVILLA, 25 Sep. (EUROPA PRESS) - El Pleno del Parlamento de Andaluc\u00eda aprobar\u00e1 este mi\u00e9rcoles, en virtud de la mayor\u00eda que ostentan PSOE-A e IULV-CA, socios en la Junta, la nueva Ley de funci\u00f3n social de la vivienda, que el PP-A rechazar\u00e1. Esta ser\u00e1 la nueva regulaci\u00f3n antidesahucios con la que contar\u00e1 Andaluc\u00eda despu\u00e9s de que\" \/>\n\t<meta name=\"robots\" content=\"max-image-preview:large\" \/>\n\t<meta name=\"author\" content=\"El Digital de Asturias\"\/>\n\t<meta name=\"google-site-verification\" content=\"UA-38556648-1\" \/>\n\t<meta name=\"msvalidate.01\" content=\"7dfe9f3f1b24437ab69f4f2559babe99\" \/>\n\t<meta name=\"keywords\" content=\"actualidad\" \/>\n\t<link rel=\"canonical\" href=\"https:\/\/www.eldigitaldeasturias.com\/noticias\/el-parlamento-andaluz-aprueba-este-miercoles-la-nueva-ley-antidesahucios\/\" \/>\n\t<meta name=\"generator\" content=\"All in One SEO Pro (AIOSEO) 4.9.6.2\" \/>\n\t\t<meta property=\"og:locale\" content=\"es_ES\" \/>\n\t\t<meta property=\"og:site_name\" content=\"El Digital de Asturias\" \/>\n\t\t<meta property=\"og:type\" content=\"article\" \/>\n\t\t<meta property=\"og:title\" content=\"El Parlamento andaluz aprueba este mi\u00e9rcoles la nueva Ley antidesahucios - El Digital de Asturias\" \/>\n\t\t<meta property=\"og:description\" content=\"SEVILLA, 25 Sep. (EUROPA PRESS) - El Pleno del Parlamento de Andaluc\u00eda aprobar\u00e1 este mi\u00e9rcoles, en virtud de la mayor\u00eda que ostentan PSOE-A e IULV-CA, socios en la Junta, la nueva Ley de funci\u00f3n social de la vivienda, que el PP-A rechazar\u00e1. Esta ser\u00e1 la nueva regulaci\u00f3n antidesahucios con la que contar\u00e1 Andaluc\u00eda despu\u00e9s de que\" \/>\n\t\t<meta property=\"og:url\" content=\"https:\/\/www.eldigitaldeasturias.com\/noticias\/el-parlamento-andaluz-aprueba-este-miercoles-la-nueva-ley-antidesahucios\/\" \/>\n\t\t<meta property=\"article:tag\" content=\"actualidad\" \/>\n\t\t<meta property=\"article:published_time\" content=\"2013-09-25T11:26:43+00:00\" \/>\n\t\t<meta property=\"article:modified_time\" content=\"2013-09-25T11:26:44+00:00\" \/>\n\t\t<meta property=\"article:publisher\" content=\"https:\/\/facebook.com\/eldigitaldeasturias\" \/>\n\t\t<meta name=\"twitter:card\" content=\"summary_large_image\" \/>\n\t\t<meta name=\"twitter:title\" content=\"El Parlamento andaluz aprueba este mi\u00e9rcoles la nueva Ley antidesahucios - El Digital de Asturias\" \/>\n\t\t<meta name=\"twitter:description\" content=\"SEVILLA, 25 Sep. (EUROPA PRESS) - El Pleno del Parlamento de Andaluc\u00eda aprobar\u00e1 este mi\u00e9rcoles, en virtud de la mayor\u00eda que ostentan PSOE-A e IULV-CA, socios en la Junta, la nueva Ley de funci\u00f3n social de la vivienda, que el PP-A rechazar\u00e1. Esta ser\u00e1 la nueva regulaci\u00f3n antidesahucios con la que contar\u00e1 Andaluc\u00eda despu\u00e9s de que\" \/>\n\t\t<meta name=\"twitter:label1\" content=\"Escrito por\" \/>\n\t\t<meta name=\"twitter:data1\" content=\"El Digital de Asturias\" \/>\n\t\t<meta name=\"twitter:label2\" content=\"Tiempo de lectura estimado\" \/>\n\t\t<meta name=\"twitter:data2\" content=\"5 minutos\" \/>\n\t\t<script type=\"application\/ld+json\" class=\"aioseo-schema\">\n\t\t\t{\"@context\":\"https:\\\/\\\/schema.org\",\"@graph\":[{\"@type\":\"BlogPosting\",\"@id\":\"https:\\\/\\\/www.eldigitaldeasturias.com\\\/noticias\\\/el-parlamento-andaluz-aprueba-este-miercoles-la-nueva-ley-antidesahucios\\\/#blogposting\",\"name\":\"El Parlamento andaluz aprueba este mi\\u00e9rcoles la nueva Ley antidesahucios - El Digital de Asturias\",\"headline\":\"El Parlamento andaluz aprueba este mi\\u00e9rcoles la nueva Ley antidesahucios\",\"author\":{\"@id\":\"https:\\\/\\\/www.eldigitaldeasturias.com\\\/noticias\\\/author\\\/admin\\\/#author\"},\"publisher\":{\"@id\":\"https:\\\/\\\/www.eldigitaldeasturias.com\\\/noticias\\\/#organization\"},\"image\":{\"@type\":\"ImageObject\",\"url\":2990},\"datePublished\":\"2013-09-25T11:26:43+02:00\",\"dateModified\":\"2013-09-25T11:26:44+02:00\",\"inLanguage\":\"es-ES\",\"mainEntityOfPage\":{\"@id\":\"https:\\\/\\\/www.eldigitaldeasturias.com\\\/noticias\\\/el-parlamento-andaluz-aprueba-este-miercoles-la-nueva-ley-antidesahucios\\\/#webpage\"},\"isPartOf\":{\"@id\":\"https:\\\/\\\/www.eldigitaldeasturias.com\\\/noticias\\\/el-parlamento-andaluz-aprueba-este-miercoles-la-nueva-ley-antidesahucios\\\/#webpage\"},\"articleSection\":\"Actualidad\"},{\"@type\":\"BreadcrumbList\",\"@id\":\"https:\\\/\\\/www.eldigitaldeasturias.com\\\/noticias\\\/el-parlamento-andaluz-aprueba-este-miercoles-la-nueva-ley-antidesahucios\\\/#breadcrumblist\",\"itemListElement\":[{\"@type\":\"ListItem\",\"@id\":\"https:\\\/\\\/www.eldigitaldeasturias.com\\\/noticias#listItem\",\"position\":1,\"name\":\"Home\",\"item\":\"https:\\\/\\\/www.eldigitaldeasturias.com\\\/noticias\",\"nextItem\":{\"@type\":\"ListItem\",\"@id\":\"https:\\\/\\\/www.eldigitaldeasturias.com\\\/noticias\\\/category\\\/actualidad\\\/#listItem\",\"name\":\"Actualidad\"}},{\"@type\":\"ListItem\",\"@id\":\"https:\\\/\\\/www.eldigitaldeasturias.com\\\/noticias\\\/category\\\/actualidad\\\/#listItem\",\"position\":2,\"name\":\"Actualidad\",\"item\":\"https:\\\/\\\/www.eldigitaldeasturias.com\\\/noticias\\\/category\\\/actualidad\\\/\",\"nextItem\":{\"@type\":\"ListItem\",\"@id\":\"https:\\\/\\\/www.eldigitaldeasturias.com\\\/noticias\\\/el-parlamento-andaluz-aprueba-este-miercoles-la-nueva-ley-antidesahucios\\\/#listItem\",\"name\":\"El Parlamento andaluz aprueba este mi\\u00e9rcoles la nueva Ley antidesahucios\"},\"previousItem\":{\"@type\":\"ListItem\",\"@id\":\"https:\\\/\\\/www.eldigitaldeasturias.com\\\/noticias#listItem\",\"name\":\"Home\"}},{\"@type\":\"ListItem\",\"@id\":\"https:\\\/\\\/www.eldigitaldeasturias.com\\\/noticias\\\/el-parlamento-andaluz-aprueba-este-miercoles-la-nueva-ley-antidesahucios\\\/#listItem\",\"position\":3,\"name\":\"El Parlamento andaluz aprueba este mi\\u00e9rcoles la nueva Ley antidesahucios\",\"previousItem\":{\"@type\":\"ListItem\",\"@id\":\"https:\\\/\\\/www.eldigitaldeasturias.com\\\/noticias\\\/category\\\/actualidad\\\/#listItem\",\"name\":\"Actualidad\"}}]},{\"@type\":\"Organization\",\"@id\":\"https:\\\/\\\/www.eldigitaldeasturias.com\\\/noticias\\\/#organization\",\"name\":\"El Digital de Asturias\",\"description\":\"Hemeroteca\",\"url\":\"https:\\\/\\\/www.eldigitaldeasturias.com\\\/noticias\\\/\",\"email\":\"info@eldigitaldeasturias.com\",\"telephone\":\"+34652131393\",\"logo\":{\"@type\":\"ImageObject\",\"url\":\"https:\\\/\\\/www.eldigitaldeasturias.com\\\/noticias\\\/wp-content\\\/uploads\\\/2020\\\/12\\\/EDA.jpg\",\"@id\":\"https:\\\/\\\/www.eldigitaldeasturias.com\\\/noticias\\\/el-parlamento-andaluz-aprueba-este-miercoles-la-nueva-ley-antidesahucios\\\/#organizationLogo\",\"width\":649,\"height\":297},\"image\":{\"@id\":\"https:\\\/\\\/www.eldigitaldeasturias.com\\\/noticias\\\/el-parlamento-andaluz-aprueba-este-miercoles-la-nueva-ley-antidesahucios\\\/#organizationLogo\"},\"sameAs\":[\"https:\\\/\\\/facebook.com\\\/eldigitaldeasturias\",\"https:\\\/\\\/www.youtube.com\\\/channel\\\/UCZP-2wLEB9Rv6erhFmqVnvg\"],\"address\":{\"@id\":\"https:\\\/\\\/www.eldigitaldeasturias.com\\\/noticias\\\/#postaladdress\",\"@type\":\"PostalAddress\",\"streetAddress\":\"san antonio 4,\",\"postalCode\":\"33430\",\"addressLocality\":\"Cand\\u00e1s\",\"addressRegion\":\"Asturias\",\"addressCountry\":\"ES\"}},{\"@type\":\"Person\",\"@id\":\"https:\\\/\\\/www.eldigitaldeasturias.com\\\/noticias\\\/author\\\/admin\\\/#author\",\"url\":\"https:\\\/\\\/www.eldigitaldeasturias.com\\\/noticias\\\/author\\\/admin\\\/\",\"name\":\"El Digital de Asturias\",\"image\":{\"@type\":\"ImageObject\",\"@id\":\"https:\\\/\\\/www.eldigitaldeasturias.com\\\/noticias\\\/el-parlamento-andaluz-aprueba-este-miercoles-la-nueva-ley-antidesahucios\\\/#authorImage\",\"url\":\"https:\\\/\\\/www.eldigitaldeasturias.com\\\/noticias\\\/wp-content\\\/litespeed\\\/avatar\\\/18677e78aa0546b92d9dbf31ec7d7668.jpg?ver=1777290358\",\"width\":96,\"height\":96,\"caption\":\"El Digital de Asturias\"}},{\"@type\":\"WebPage\",\"@id\":\"https:\\\/\\\/www.eldigitaldeasturias.com\\\/noticias\\\/el-parlamento-andaluz-aprueba-este-miercoles-la-nueva-ley-antidesahucios\\\/#webpage\",\"url\":\"https:\\\/\\\/www.eldigitaldeasturias.com\\\/noticias\\\/el-parlamento-andaluz-aprueba-este-miercoles-la-nueva-ley-antidesahucios\\\/\",\"name\":\"El Parlamento andaluz aprueba este mi\\u00e9rcoles la nueva Ley antidesahucios - El Digital de Asturias\",\"description\":\"SEVILLA, 25 Sep. (EUROPA PRESS) - El Pleno del Parlamento de Andaluc\\u00eda aprobar\\u00e1 este mi\\u00e9rcoles, en virtud de la mayor\\u00eda que ostentan PSOE-A e IULV-CA, socios en la Junta, la nueva Ley de funci\\u00f3n social de la vivienda, que el PP-A rechazar\\u00e1. Esta ser\\u00e1 la nueva regulaci\\u00f3n antidesahucios con la que contar\\u00e1 Andaluc\\u00eda despu\\u00e9s de que\",\"inLanguage\":\"es-ES\",\"isPartOf\":{\"@id\":\"https:\\\/\\\/www.eldigitaldeasturias.com\\\/noticias\\\/#website\"},\"breadcrumb\":{\"@id\":\"https:\\\/\\\/www.eldigitaldeasturias.com\\\/noticias\\\/el-parlamento-andaluz-aprueba-este-miercoles-la-nueva-ley-antidesahucios\\\/#breadcrumblist\"},\"author\":{\"@id\":\"https:\\\/\\\/www.eldigitaldeasturias.com\\\/noticias\\\/author\\\/admin\\\/#author\"},\"creator\":{\"@id\":\"https:\\\/\\\/www.eldigitaldeasturias.com\\\/noticias\\\/author\\\/admin\\\/#author\"},\"image\":{\"@type\":\"ImageObject\",\"url\":2990,\"@id\":\"https:\\\/\\\/www.eldigitaldeasturias.com\\\/noticias\\\/el-parlamento-andaluz-aprueba-este-miercoles-la-nueva-ley-antidesahucios\\\/#mainImage\"},\"primaryImageOfPage\":{\"@id\":\"https:\\\/\\\/www.eldigitaldeasturias.com\\\/noticias\\\/el-parlamento-andaluz-aprueba-este-miercoles-la-nueva-ley-antidesahucios\\\/#mainImage\"},\"datePublished\":\"2013-09-25T11:26:43+02:00\",\"dateModified\":\"2013-09-25T11:26:44+02:00\"},{\"@type\":\"WebSite\",\"@id\":\"https:\\\/\\\/www.eldigitaldeasturias.com\\\/noticias\\\/#website\",\"url\":\"https:\\\/\\\/www.eldigitaldeasturias.com\\\/noticias\\\/\",\"name\":\"El Digital de Asturias - Diario de actualidad y noticias\",\"alternateName\":\"El Digital de Asturias - Diario de actualidad y noticias\",\"description\":\"Hemeroteca\",\"inLanguage\":\"es-ES\",\"publisher\":{\"@id\":\"https:\\\/\\\/www.eldigitaldeasturias.com\\\/noticias\\\/#organization\"}}]}\n\t\t<\/script>\n\t\t<!-- All in One SEO Pro -->\r\n\t\t<title>El Parlamento andaluz aprueba este mi\u00e9rcoles la nueva Ley antidesahucios - El Digital de Asturias<\/title>\n\n","aioseo_head_json":{"title":"El Parlamento andaluz aprueba este mi\u00e9rcoles la nueva Ley antidesahucios - El Digital de Asturias","description":"SEVILLA, 25 Sep. (EUROPA PRESS) - El Pleno del Parlamento de Andaluc\u00eda aprobar\u00e1 este mi\u00e9rcoles, en virtud de la mayor\u00eda que ostentan PSOE-A e IULV-CA, socios en la Junta, la nueva Ley de funci\u00f3n social de la vivienda, que el PP-A rechazar\u00e1. Esta ser\u00e1 la nueva regulaci\u00f3n antidesahucios con la que contar\u00e1 Andaluc\u00eda despu\u00e9s de que","canonical_url":"https:\/\/www.eldigitaldeasturias.com\/noticias\/el-parlamento-andaluz-aprueba-este-miercoles-la-nueva-ley-antidesahucios\/","robots":"max-image-preview:large","keywords":"actualidad","webmasterTools":{"google-site-verification":"UA-38556648-1","msvalidate.01":"7dfe9f3f1b24437ab69f4f2559babe99","miscellaneous":""},"schema":{"@context":"https:\/\/schema.org","@graph":[{"@type":"BlogPosting","@id":"https:\/\/www.eldigitaldeasturias.com\/noticias\/el-parlamento-andaluz-aprueba-este-miercoles-la-nueva-ley-antidesahucios\/#blogposting","name":"El Parlamento andaluz aprueba este mi\u00e9rcoles la nueva Ley antidesahucios - El Digital de Asturias","headline":"El Parlamento andaluz aprueba este mi\u00e9rcoles la nueva Ley antidesahucios","author":{"@id":"https:\/\/www.eldigitaldeasturias.com\/noticias\/author\/admin\/#author"},"publisher":{"@id":"https:\/\/www.eldigitaldeasturias.com\/noticias\/#organization"},"image":{"@type":"ImageObject","url":2990},"datePublished":"2013-09-25T11:26:43+02:00","dateModified":"2013-09-25T11:26:44+02:00","inLanguage":"es-ES","mainEntityOfPage":{"@id":"https:\/\/www.eldigitaldeasturias.com\/noticias\/el-parlamento-andaluz-aprueba-este-miercoles-la-nueva-ley-antidesahucios\/#webpage"},"isPartOf":{"@id":"https:\/\/www.eldigitaldeasturias.com\/noticias\/el-parlamento-andaluz-aprueba-este-miercoles-la-nueva-ley-antidesahucios\/#webpage"},"articleSection":"Actualidad"},{"@type":"BreadcrumbList","@id":"https:\/\/www.eldigitaldeasturias.com\/noticias\/el-parlamento-andaluz-aprueba-este-miercoles-la-nueva-ley-antidesahucios\/#breadcrumblist","itemListElement":[{"@type":"ListItem","@id":"https:\/\/www.eldigitaldeasturias.com\/noticias#listItem","position":1,"name":"Home","item":"https:\/\/www.eldigitaldeasturias.com\/noticias","nextItem":{"@type":"ListItem","@id":"https:\/\/www.eldigitaldeasturias.com\/noticias\/category\/actualidad\/#listItem","name":"Actualidad"}},{"@type":"ListItem","@id":"https:\/\/www.eldigitaldeasturias.com\/noticias\/category\/actualidad\/#listItem","position":2,"name":"Actualidad","item":"https:\/\/www.eldigitaldeasturias.com\/noticias\/category\/actualidad\/","nextItem":{"@type":"ListItem","@id":"https:\/\/www.eldigitaldeasturias.com\/noticias\/el-parlamento-andaluz-aprueba-este-miercoles-la-nueva-ley-antidesahucios\/#listItem","name":"El Parlamento andaluz aprueba este mi\u00e9rcoles la nueva Ley antidesahucios"},"previousItem":{"@type":"ListItem","@id":"https:\/\/www.eldigitaldeasturias.com\/noticias#listItem","name":"Home"}},{"@type":"ListItem","@id":"https:\/\/www.eldigitaldeasturias.com\/noticias\/el-parlamento-andaluz-aprueba-este-miercoles-la-nueva-ley-antidesahucios\/#listItem","position":3,"name":"El Parlamento andaluz aprueba este mi\u00e9rcoles la nueva Ley antidesahucios","previousItem":{"@type":"ListItem","@id":"https:\/\/www.eldigitaldeasturias.com\/noticias\/category\/actualidad\/#listItem","name":"Actualidad"}}]},{"@type":"Organization","@id":"https:\/\/www.eldigitaldeasturias.com\/noticias\/#organization","name":"El Digital de Asturias","description":"Hemeroteca","url":"https:\/\/www.eldigitaldeasturias.com\/noticias\/","email":"info@eldigitaldeasturias.com","telephone":"+34652131393","logo":{"@type":"ImageObject","url":"https:\/\/www.eldigitaldeasturias.com\/noticias\/wp-content\/uploads\/2020\/12\/EDA.jpg","@id":"https:\/\/www.eldigitaldeasturias.com\/noticias\/el-parlamento-andaluz-aprueba-este-miercoles-la-nueva-ley-antidesahucios\/#organizationLogo","width":649,"height":297},"image":{"@id":"https:\/\/www.eldigitaldeasturias.com\/noticias\/el-parlamento-andaluz-aprueba-este-miercoles-la-nueva-ley-antidesahucios\/#organizationLogo"},"sameAs":["https:\/\/facebook.com\/eldigitaldeasturias","https:\/\/www.youtube.com\/channel\/UCZP-2wLEB9Rv6erhFmqVnvg"],"address":{"@id":"https:\/\/www.eldigitaldeasturias.com\/noticias\/#postaladdress","@type":"PostalAddress","streetAddress":"san antonio 4,","postalCode":"33430","addressLocality":"Cand\u00e1s","addressRegion":"Asturias","addressCountry":"ES"}},{"@type":"Person","@id":"https:\/\/www.eldigitaldeasturias.com\/noticias\/author\/admin\/#author","url":"https:\/\/www.eldigitaldeasturias.com\/noticias\/author\/admin\/","name":"El Digital de Asturias","image":{"@type":"ImageObject","@id":"https:\/\/www.eldigitaldeasturias.com\/noticias\/el-parlamento-andaluz-aprueba-este-miercoles-la-nueva-ley-antidesahucios\/#authorImage","url":"https:\/\/www.eldigitaldeasturias.com\/noticias\/wp-content\/litespeed\/avatar\/18677e78aa0546b92d9dbf31ec7d7668.jpg?ver=1777290358","width":96,"height":96,"caption":"El Digital de Asturias"}},{"@type":"WebPage","@id":"https:\/\/www.eldigitaldeasturias.com\/noticias\/el-parlamento-andaluz-aprueba-este-miercoles-la-nueva-ley-antidesahucios\/#webpage","url":"https:\/\/www.eldigitaldeasturias.com\/noticias\/el-parlamento-andaluz-aprueba-este-miercoles-la-nueva-ley-antidesahucios\/","name":"El Parlamento andaluz aprueba este mi\u00e9rcoles la nueva Ley antidesahucios - El Digital de Asturias","description":"SEVILLA, 25 Sep. (EUROPA PRESS) - El Pleno del Parlamento de Andaluc\u00eda aprobar\u00e1 este mi\u00e9rcoles, en virtud de la mayor\u00eda que ostentan PSOE-A e IULV-CA, socios en la Junta, la nueva Ley de funci\u00f3n social de la vivienda, que el PP-A rechazar\u00e1. Esta ser\u00e1 la nueva regulaci\u00f3n antidesahucios con la que contar\u00e1 Andaluc\u00eda despu\u00e9s de que","inLanguage":"es-ES","isPartOf":{"@id":"https:\/\/www.eldigitaldeasturias.com\/noticias\/#website"},"breadcrumb":{"@id":"https:\/\/www.eldigitaldeasturias.com\/noticias\/el-parlamento-andaluz-aprueba-este-miercoles-la-nueva-ley-antidesahucios\/#breadcrumblist"},"author":{"@id":"https:\/\/www.eldigitaldeasturias.com\/noticias\/author\/admin\/#author"},"creator":{"@id":"https:\/\/www.eldigitaldeasturias.com\/noticias\/author\/admin\/#author"},"image":{"@type":"ImageObject","url":2990,"@id":"https:\/\/www.eldigitaldeasturias.com\/noticias\/el-parlamento-andaluz-aprueba-este-miercoles-la-nueva-ley-antidesahucios\/#mainImage"},"primaryImageOfPage":{"@id":"https:\/\/www.eldigitaldeasturias.com\/noticias\/el-parlamento-andaluz-aprueba-este-miercoles-la-nueva-ley-antidesahucios\/#mainImage"},"datePublished":"2013-09-25T11:26:43+02:00","dateModified":"2013-09-25T11:26:44+02:00"},{"@type":"WebSite","@id":"https:\/\/www.eldigitaldeasturias.com\/noticias\/#website","url":"https:\/\/www.eldigitaldeasturias.com\/noticias\/","name":"El Digital de Asturias - Diario de actualidad y noticias","alternateName":"El Digital de Asturias - Diario de actualidad y noticias","description":"Hemeroteca","inLanguage":"es-ES","publisher":{"@id":"https:\/\/www.eldigitaldeasturias.com\/noticias\/#organization"}}]},"og:locale":"es_ES","og:site_name":"El Digital de Asturias","og:type":"article","og:title":"El Parlamento andaluz aprueba este mi\u00e9rcoles la nueva Ley antidesahucios - El Digital de Asturias","og:description":"SEVILLA, 25 Sep. (EUROPA PRESS) - El Pleno del Parlamento de Andaluc\u00eda aprobar\u00e1 este mi\u00e9rcoles, en virtud de la mayor\u00eda que ostentan PSOE-A e IULV-CA, socios en la Junta, la nueva Ley de funci\u00f3n social de la vivienda, que el PP-A rechazar\u00e1. Esta ser\u00e1 la nueva regulaci\u00f3n antidesahucios con la que contar\u00e1 Andaluc\u00eda despu\u00e9s de que","og:url":"https:\/\/www.eldigitaldeasturias.com\/noticias\/el-parlamento-andaluz-aprueba-este-miercoles-la-nueva-ley-antidesahucios\/","article:tag":["actualidad"],"article:published_time":"2013-09-25T11:26:43+00:00","article:modified_time":"2013-09-25T11:26:44+00:00","article:publisher":"https:\/\/facebook.com\/eldigitaldeasturias","twitter:card":"summary_large_image","twitter:title":"El Parlamento andaluz aprueba este mi\u00e9rcoles la nueva Ley antidesahucios - El Digital de Asturias","twitter:description":"SEVILLA, 25 Sep. (EUROPA PRESS) - El Pleno del Parlamento de Andaluc\u00eda aprobar\u00e1 este mi\u00e9rcoles, en virtud de la mayor\u00eda que ostentan PSOE-A e IULV-CA, socios en la Junta, la nueva Ley de funci\u00f3n social de la vivienda, que el PP-A rechazar\u00e1. Esta ser\u00e1 la nueva regulaci\u00f3n antidesahucios con la que contar\u00e1 Andaluc\u00eda despu\u00e9s de que","twitter:label1":"Escrito por","twitter:data1":"El Digital de Asturias","twitter:label2":"Tiempo de lectura estimado","twitter:data2":"5 minutos"},"aioseo_meta_data":{"post_id":"2989","title":null,"description":null,"keywords":null,"keyphrases":null,"primary_term":null,"canonical_url":null,"og_title":null,"og_description":null,"og_object_type":"default","og_image_type":"default","og_image_url":null,"og_image_width":null,"og_image_height":null,"og_image_custom_url":null,"og_image_custom_fields":null,"og_video":null,"og_custom_url":null,"og_article_section":null,"og_article_tags":null,"twitter_use_og":true,"twitter_card":"default","twitter_image_type":"default","twitter_image_url":null,"twitter_image_custom_url":null,"twitter_image_custom_fields":null,"twitter_title":null,"twitter_description":null,"schema":{"blockGraphs":[],"customGraphs":[],"default":{"data":{"Article":[],"Course":[],"Dataset":[],"FAQPage":[],"Movie":[],"Person":[],"Product":[],"ProductReview":[],"Car":[],"Recipe":[],"Service":[],"SoftwareApplication":[],"WebPage":[]},"graphName":"","isEnabled":true},"graphs":[],"defaultGraph":"","defaultPostTypeGraph":""},"schema_type":null,"schema_type_options":null,"pillar_content":false,"robots_default":true,"robots_noindex":false,"robots_noarchive":false,"robots_nosnippet":false,"robots_nofollow":false,"robots_noimageindex":false,"robots_noodp":false,"robots_notranslate":false,"robots_max_snippet":null,"robots_max_videopreview":null,"robots_max_imagepreview":"none","priority":null,"frequency":null,"local_seo":null,"seo_analyzer_scan_date":"2025-08-21 05:26:49","breadcrumb_settings":null,"limit_modified_date":false,"open_ai":null,"ai":null,"created":"2020-11-14 22:37:00","updated":"2025-08-21 05:26:49"},"aioseo_breadcrumb":"<div class=\"aioseo-breadcrumbs\"><span class=\"aioseo-breadcrumb\">\n\t<a href=\"https:\/\/www.eldigitaldeasturias.com\/noticias\" title=\"Home\">Home<\/a>\n<\/span><span class=\"aioseo-breadcrumb-separator\">\u2013<\/span><span class=\"aioseo-breadcrumb\">\n\t<a href=\"https:\/\/www.eldigitaldeasturias.com\/noticias\/category\/actualidad\/\" title=\"Actualidad\">Actualidad<\/a>\n<\/span><span class=\"aioseo-breadcrumb-separator\">\u2013<\/span><span class=\"aioseo-breadcrumb\">\n\t<a href=\"https:\/\/www.eldigitaldeasturias.com\/noticias\/el-parlamento-andaluz-aprueba-este-miercoles-la-nueva-ley-antidesahucios\/\" title=\"El Parlamento andaluz aprueba este mi\u00e9rcoles la nueva Ley antidesahucios\">El Parlamento andaluz aprueba este mi\u00e9rcoles la nueva Ley antidesahucios<\/a>\n<\/span><\/div>","aioseo_breadcrumb_json":[{"label":"Home","link":"https:\/\/www.eldigitaldeasturias.com\/noticias"},{"label":"Actualidad","link":"https:\/\/www.eldigitaldeasturias.com\/noticias\/category\/actualidad\/"},{"label":"El Parlamento andaluz aprueba este mi\u00e9rcoles la nueva Ley antidesahucios","link":"https:\/\/www.eldigitaldeasturias.com\/noticias\/el-parlamento-andaluz-aprueba-este-miercoles-la-nueva-ley-antidesahucios\/"}],"_links":{"self":[{"href":"https:\/\/www.eldigitaldeasturias.com\/noticias\/wp-json\/wp\/v2\/posts\/2989","targetHints":{"allow":["GET"]}}],"collection":[{"href":"https:\/\/www.eldigitaldeasturias.com\/noticias\/wp-json\/wp\/v2\/posts"}],"about":[{"href":"https:\/\/www.eldigitaldeasturias.com\/noticias\/wp-json\/wp\/v2\/types\/post"}],"author":[{"embeddable":true,"href":"https:\/\/www.eldigitaldeasturias.com\/noticias\/wp-json\/wp\/v2\/users\/1"}],"replies":[{"embeddable":true,"href":"https:\/\/www.eldigitaldeasturias.com\/noticias\/wp-json\/wp\/v2\/comments?post=2989"}],"version-history":[{"count":0,"href":"https:\/\/www.eldigitaldeasturias.com\/noticias\/wp-json\/wp\/v2\/posts\/2989\/revisions"}],"wp:featuredmedia":[{"embeddable":true,"href":"https:\/\/www.eldigitaldeasturias.com\/noticias\/wp-json\/"}],"wp:attachment":[{"href":"https:\/\/www.eldigitaldeasturias.com\/noticias\/wp-json\/wp\/v2\/media?parent=2989"}],"wp:term":[{"taxonomy":"category","embeddable":true,"href":"https:\/\/www.eldigitaldeasturias.com\/noticias\/wp-json\/wp\/v2\/categories?post=2989"},{"taxonomy":"post_tag","embeddable":true,"href":"https:\/\/www.eldigitaldeasturias.com\/noticias\/wp-json\/wp\/v2\/tags?post=2989"}],"curies":[{"name":"wp","href":"https:\/\/api.w.org\/{rel}","templated":true}]}}