{"id":2982,"date":"2013-09-25T11:20:15","date_gmt":"2013-09-25T11:20:15","guid":{"rendered":"http:\/\/www.eldigitaldeasturias.com\/noticias\/?p=2982"},"modified":"2013-09-25T11:20:15","modified_gmt":"2013-09-25T11:20:15","slug":"el-terremoto-en-pakistan-deja-al-menos-238-muertos","status":"publish","type":"post","link":"https:\/\/www.eldigitaldeasturias.com\/noticias\/el-terremoto-en-pakistan-deja-al-menos-238-muertos\/","title":{"rendered":"El terremoto en Pakist\u00e1n deja al menos 238 muertos"},"content":{"rendered":"<p><img loading=\"lazy\" decoding=\"async\" class=\"alignleft size-medium wp-image-2983\" alt=\"terremoto\" src=\"https:\/\/www.eldigitaldeasturias.com\/noticias\/wp-content\/uploads\/2013\/09\/terremoto-360x239.jpg\" width=\"360\" height=\"239\" \/>MADRID, 25 (EUROPA PRESS)\u00a0Al menos 238 personas han muerto como consecuencia del terremoto de 7,7 de magnitud en la escala de Richter que ayer martes sacudi\u00f3 la regi\u00f3n de Baluchist\u00e1n, en el suroeste de Pakist\u00e1n, seg\u00fan un nuevo balance difundido por el portavoz del Gobierno local, Jan Mohammad Buledi.<\/p>\n<p>Seg\u00fan Buledi, citado por la cadena de televisi\u00f3n Geo TV, seis distritos de Baluchist\u00e1n han sido directamente afectados por el se\u00edsmo, Turbat, Awaran, Panjgor, Chagi, Juzdar y Gawadar. La mayor\u00eda de las v\u00edctimas mortales y las mayores devastaciones se han registrado en Awaran, con 55 muertos solo en la localidad de Tehsil Mashkay.<\/p>\n<p>\u00abTenemos serias carencias de instalaciones m\u00e9dicas y no hay espacio suficiente para tratar a los heridos en los hospitales locales\u00bb, ha declarado Buledi. \u00abEstamos intentando trasladar a los heridos graves a Karachi en helic\u00f3ptero y a otros heridos a los distritos vecinos\u00bb, ha a\u00f1adido. Awaran tiene una poblaci\u00f3n estimada de 300.000 habitantes, repartidos en un \u00e1rea de m\u00e1s de 21.000 kil\u00f3metros cuadrados.<\/p>\n<p>A causa del terremoto, decenas de construcciones de barro se han derrumbado en toda la regi\u00f3n, dejando sin casa a miles de personas que han tenido que ser trasladadas a albergues improvisados. En declaraciones al diario &#8216;Dawn&#8217;, el secretario jefe del distrito, Babar Yaqoob Fateh Mohammad, ha explicado que \u00abel 80 por ciento de las casas de barro se han hundido o han sufrido graves desperfectos en Awaran\u00bb.<\/p>\n<p>El ministro principal de Baluchist\u00e1n, Abdul Malik Baloch, ha declarado el estado de emergencia en Awaran y ha ordenado a los subcomisarios de los otros 30 distritos regionales que est\u00e9n en \u00abm\u00e1xima alerta\u00bb. Al margen del balance de v\u00edctimas y de los da\u00f1os materiales, Asad Gilani ha revelado que el terremoto ha sido de tal intensidad que ha conseguido hacer emerger una nueva isla frente a las costas del suroeste del pa\u00eds centroasi\u00e1tico.<\/p>\n<p>Tanto el Departamento Meteorol\u00f3gico paquistan\u00ed como el observatorio s\u00edsmico de Estados Unidos (USGS) han medido el terremoto en 7,7 de magnitud en la escala de Richter. El epicentro ha sido localizado a unos 66 kil\u00f3metros al norte-noreste de Awaran (USGS) y a 120 kil\u00f3metros al suroeste de la localidad de Juzdar (Departamento Meteorol\u00f3gico), y el hipocentro a entre 20 y 23 kil\u00f3metros de profundidad.<\/p>\n","protected":false},"excerpt":{"rendered":"<p>MADRID, 25 (EUROPA PRESS)\u00a0Al menos 238 personas han muerto como consecuencia del terremoto de 7,7 de magnitud en la escala de Richter que ayer martes sacudi\u00f3 la regi\u00f3n de Baluchist\u00e1n, en el suroeste de Pakist\u00e1n, seg\u00fan un nuevo balance difundido por el portavoz del Gobierno local, Jan Mohammad Buledi. Seg\u00fan Buledi, citado por la cadena [&hellip;]<\/p>\n","protected":false},"author":1,"featured_media":2983,"comment_status":"open","ping_status":"open","sticky":false,"template":"","format":"standard","meta":{"footnotes":""},"categories":[1],"tags":[],"class_list":["post-2982","post","type-post","status-publish","format-standard","has-post-thumbnail","hentry","category-actualidad"],"aioseo_notices":[],"aioseo_head":"\n\t\t<!-- All in One SEO Pro 4.9.6.2 - aioseo.com -->\n\t<meta name=\"description\" content=\"MADRID, 25 (EUROPA PRESS) Al menos 238 personas han muerto como consecuencia del terremoto de 7,7 de magnitud en la escala de Richter que ayer martes sacudi\u00f3 la regi\u00f3n de Baluchist\u00e1n, en el suroeste de Pakist\u00e1n, seg\u00fan un nuevo balance difundido por el portavoz del Gobierno local, Jan Mohammad Buledi. Seg\u00fan Buledi, citado por la cadena\" \/>\n\t<meta name=\"robots\" content=\"max-image-preview:large\" \/>\n\t<meta name=\"author\" content=\"El Digital de Asturias\"\/>\n\t<meta name=\"google-site-verification\" content=\"UA-38556648-1\" \/>\n\t<meta name=\"msvalidate.01\" content=\"7dfe9f3f1b24437ab69f4f2559babe99\" \/>\n\t<meta name=\"keywords\" content=\"actualidad\" \/>\n\t<link rel=\"canonical\" href=\"https:\/\/www.eldigitaldeasturias.com\/noticias\/el-terremoto-en-pakistan-deja-al-menos-238-muertos\/\" \/>\n\t<meta name=\"generator\" content=\"All in One SEO Pro (AIOSEO) 4.9.6.2\" \/>\n\t\t<meta property=\"og:locale\" content=\"es_ES\" \/>\n\t\t<meta property=\"og:site_name\" content=\"El Digital de Asturias\" \/>\n\t\t<meta property=\"og:type\" content=\"article\" \/>\n\t\t<meta property=\"og:title\" content=\"El terremoto en Pakist\u00e1n deja al menos 238 muertos - El Digital de Asturias\" \/>\n\t\t<meta property=\"og:description\" content=\"MADRID, 25 (EUROPA PRESS) Al menos 238 personas han muerto como consecuencia del terremoto de 7,7 de magnitud en la escala de Richter que ayer martes sacudi\u00f3 la regi\u00f3n de Baluchist\u00e1n, en el suroeste de Pakist\u00e1n, seg\u00fan un nuevo balance difundido por el portavoz del Gobierno local, Jan Mohammad Buledi. Seg\u00fan Buledi, citado por la cadena\" \/>\n\t\t<meta property=\"og:url\" content=\"https:\/\/www.eldigitaldeasturias.com\/noticias\/el-terremoto-en-pakistan-deja-al-menos-238-muertos\/\" \/>\n\t\t<meta property=\"article:tag\" content=\"actualidad\" \/>\n\t\t<meta property=\"article:published_time\" content=\"2013-09-25T11:20:15+00:00\" \/>\n\t\t<meta property=\"article:modified_time\" content=\"2013-09-25T11:20:15+00:00\" \/>\n\t\t<meta property=\"article:publisher\" content=\"https:\/\/facebook.com\/eldigitaldeasturias\" \/>\n\t\t<meta name=\"twitter:card\" content=\"summary_large_image\" \/>\n\t\t<meta name=\"twitter:title\" content=\"El terremoto en Pakist\u00e1n deja al menos 238 muertos - El Digital de Asturias\" \/>\n\t\t<meta name=\"twitter:description\" content=\"MADRID, 25 (EUROPA PRESS) Al menos 238 personas han muerto como consecuencia del terremoto de 7,7 de magnitud en la escala de Richter que ayer martes sacudi\u00f3 la regi\u00f3n de Baluchist\u00e1n, en el suroeste de Pakist\u00e1n, seg\u00fan un nuevo balance difundido por el portavoz del Gobierno local, Jan Mohammad Buledi. Seg\u00fan Buledi, citado por la cadena\" \/>\n\t\t<meta name=\"twitter:label1\" content=\"Escrito por\" \/>\n\t\t<meta name=\"twitter:data1\" content=\"El Digital de Asturias\" \/>\n\t\t<meta name=\"twitter:label2\" content=\"Tiempo de lectura estimado\" \/>\n\t\t<meta name=\"twitter:data2\" content=\"2 minutos\" \/>\n\t\t<script type=\"application\/ld+json\" class=\"aioseo-schema\">\n\t\t\t{\"@context\":\"https:\\\/\\\/schema.org\",\"@graph\":[{\"@type\":\"BlogPosting\",\"@id\":\"https:\\\/\\\/www.eldigitaldeasturias.com\\\/noticias\\\/el-terremoto-en-pakistan-deja-al-menos-238-muertos\\\/#blogposting\",\"name\":\"El terremoto en Pakist\\u00e1n deja al menos 238 muertos - El Digital de Asturias\",\"headline\":\"El terremoto en Pakist\\u00e1n deja al menos 238 muertos\",\"author\":{\"@id\":\"https:\\\/\\\/www.eldigitaldeasturias.com\\\/noticias\\\/author\\\/admin\\\/#author\"},\"publisher\":{\"@id\":\"https:\\\/\\\/www.eldigitaldeasturias.com\\\/noticias\\\/#organization\"},\"image\":{\"@type\":\"ImageObject\",\"url\":2983},\"datePublished\":\"2013-09-25T11:20:15+02:00\",\"dateModified\":\"2013-09-25T11:20:15+02:00\",\"inLanguage\":\"es-ES\",\"mainEntityOfPage\":{\"@id\":\"https:\\\/\\\/www.eldigitaldeasturias.com\\\/noticias\\\/el-terremoto-en-pakistan-deja-al-menos-238-muertos\\\/#webpage\"},\"isPartOf\":{\"@id\":\"https:\\\/\\\/www.eldigitaldeasturias.com\\\/noticias\\\/el-terremoto-en-pakistan-deja-al-menos-238-muertos\\\/#webpage\"},\"articleSection\":\"Actualidad\"},{\"@type\":\"BreadcrumbList\",\"@id\":\"https:\\\/\\\/www.eldigitaldeasturias.com\\\/noticias\\\/el-terremoto-en-pakistan-deja-al-menos-238-muertos\\\/#breadcrumblist\",\"itemListElement\":[{\"@type\":\"ListItem\",\"@id\":\"https:\\\/\\\/www.eldigitaldeasturias.com\\\/noticias#listItem\",\"position\":1,\"name\":\"Home\",\"item\":\"https:\\\/\\\/www.eldigitaldeasturias.com\\\/noticias\",\"nextItem\":{\"@type\":\"ListItem\",\"@id\":\"https:\\\/\\\/www.eldigitaldeasturias.com\\\/noticias\\\/category\\\/actualidad\\\/#listItem\",\"name\":\"Actualidad\"}},{\"@type\":\"ListItem\",\"@id\":\"https:\\\/\\\/www.eldigitaldeasturias.com\\\/noticias\\\/category\\\/actualidad\\\/#listItem\",\"position\":2,\"name\":\"Actualidad\",\"item\":\"https:\\\/\\\/www.eldigitaldeasturias.com\\\/noticias\\\/category\\\/actualidad\\\/\",\"nextItem\":{\"@type\":\"ListItem\",\"@id\":\"https:\\\/\\\/www.eldigitaldeasturias.com\\\/noticias\\\/el-terremoto-en-pakistan-deja-al-menos-238-muertos\\\/#listItem\",\"name\":\"El terremoto en Pakist\\u00e1n deja al menos 238 muertos\"},\"previousItem\":{\"@type\":\"ListItem\",\"@id\":\"https:\\\/\\\/www.eldigitaldeasturias.com\\\/noticias#listItem\",\"name\":\"Home\"}},{\"@type\":\"ListItem\",\"@id\":\"https:\\\/\\\/www.eldigitaldeasturias.com\\\/noticias\\\/el-terremoto-en-pakistan-deja-al-menos-238-muertos\\\/#listItem\",\"position\":3,\"name\":\"El terremoto en Pakist\\u00e1n deja al menos 238 muertos\",\"previousItem\":{\"@type\":\"ListItem\",\"@id\":\"https:\\\/\\\/www.eldigitaldeasturias.com\\\/noticias\\\/category\\\/actualidad\\\/#listItem\",\"name\":\"Actualidad\"}}]},{\"@type\":\"Organization\",\"@id\":\"https:\\\/\\\/www.eldigitaldeasturias.com\\\/noticias\\\/#organization\",\"name\":\"El Digital de Asturias\",\"description\":\"Hemeroteca\",\"url\":\"https:\\\/\\\/www.eldigitaldeasturias.com\\\/noticias\\\/\",\"email\":\"info@eldigitaldeasturias.com\",\"telephone\":\"+34652131393\",\"logo\":{\"@type\":\"ImageObject\",\"url\":\"https:\\\/\\\/www.eldigitaldeasturias.com\\\/noticias\\\/wp-content\\\/uploads\\\/2020\\\/12\\\/EDA.jpg\",\"@id\":\"https:\\\/\\\/www.eldigitaldeasturias.com\\\/noticias\\\/el-terremoto-en-pakistan-deja-al-menos-238-muertos\\\/#organizationLogo\",\"width\":649,\"height\":297},\"image\":{\"@id\":\"https:\\\/\\\/www.eldigitaldeasturias.com\\\/noticias\\\/el-terremoto-en-pakistan-deja-al-menos-238-muertos\\\/#organizationLogo\"},\"sameAs\":[\"https:\\\/\\\/facebook.com\\\/eldigitaldeasturias\",\"https:\\\/\\\/www.youtube.com\\\/channel\\\/UCZP-2wLEB9Rv6erhFmqVnvg\"],\"address\":{\"@id\":\"https:\\\/\\\/www.eldigitaldeasturias.com\\\/noticias\\\/#postaladdress\",\"@type\":\"PostalAddress\",\"streetAddress\":\"san antonio 4,\",\"postalCode\":\"33430\",\"addressLocality\":\"Cand\\u00e1s\",\"addressRegion\":\"Asturias\",\"addressCountry\":\"ES\"}},{\"@type\":\"Person\",\"@id\":\"https:\\\/\\\/www.eldigitaldeasturias.com\\\/noticias\\\/author\\\/admin\\\/#author\",\"url\":\"https:\\\/\\\/www.eldigitaldeasturias.com\\\/noticias\\\/author\\\/admin\\\/\",\"name\":\"El Digital de Asturias\",\"image\":{\"@type\":\"ImageObject\",\"@id\":\"https:\\\/\\\/www.eldigitaldeasturias.com\\\/noticias\\\/el-terremoto-en-pakistan-deja-al-menos-238-muertos\\\/#authorImage\",\"url\":\"https:\\\/\\\/www.eldigitaldeasturias.com\\\/noticias\\\/wp-content\\\/litespeed\\\/avatar\\\/18677e78aa0546b92d9dbf31ec7d7668.jpg?ver=1777290358\",\"width\":96,\"height\":96,\"caption\":\"El Digital de Asturias\"}},{\"@type\":\"WebPage\",\"@id\":\"https:\\\/\\\/www.eldigitaldeasturias.com\\\/noticias\\\/el-terremoto-en-pakistan-deja-al-menos-238-muertos\\\/#webpage\",\"url\":\"https:\\\/\\\/www.eldigitaldeasturias.com\\\/noticias\\\/el-terremoto-en-pakistan-deja-al-menos-238-muertos\\\/\",\"name\":\"El terremoto en Pakist\\u00e1n deja al menos 238 muertos - El Digital de Asturias\",\"description\":\"MADRID, 25 (EUROPA PRESS) Al menos 238 personas han muerto como consecuencia del terremoto de 7,7 de magnitud en la escala de Richter que ayer martes sacudi\\u00f3 la regi\\u00f3n de Baluchist\\u00e1n, en el suroeste de Pakist\\u00e1n, seg\\u00fan un nuevo balance difundido por el portavoz del Gobierno local, Jan Mohammad Buledi. Seg\\u00fan Buledi, citado por la cadena\",\"inLanguage\":\"es-ES\",\"isPartOf\":{\"@id\":\"https:\\\/\\\/www.eldigitaldeasturias.com\\\/noticias\\\/#website\"},\"breadcrumb\":{\"@id\":\"https:\\\/\\\/www.eldigitaldeasturias.com\\\/noticias\\\/el-terremoto-en-pakistan-deja-al-menos-238-muertos\\\/#breadcrumblist\"},\"author\":{\"@id\":\"https:\\\/\\\/www.eldigitaldeasturias.com\\\/noticias\\\/author\\\/admin\\\/#author\"},\"creator\":{\"@id\":\"https:\\\/\\\/www.eldigitaldeasturias.com\\\/noticias\\\/author\\\/admin\\\/#author\"},\"image\":{\"@type\":\"ImageObject\",\"url\":2983,\"@id\":\"https:\\\/\\\/www.eldigitaldeasturias.com\\\/noticias\\\/el-terremoto-en-pakistan-deja-al-menos-238-muertos\\\/#mainImage\"},\"primaryImageOfPage\":{\"@id\":\"https:\\\/\\\/www.eldigitaldeasturias.com\\\/noticias\\\/el-terremoto-en-pakistan-deja-al-menos-238-muertos\\\/#mainImage\"},\"datePublished\":\"2013-09-25T11:20:15+02:00\",\"dateModified\":\"2013-09-25T11:20:15+02:00\"},{\"@type\":\"WebSite\",\"@id\":\"https:\\\/\\\/www.eldigitaldeasturias.com\\\/noticias\\\/#website\",\"url\":\"https:\\\/\\\/www.eldigitaldeasturias.com\\\/noticias\\\/\",\"name\":\"El Digital de Asturias - Diario de actualidad y noticias\",\"alternateName\":\"El Digital de Asturias - Diario de actualidad y noticias\",\"description\":\"Hemeroteca\",\"inLanguage\":\"es-ES\",\"publisher\":{\"@id\":\"https:\\\/\\\/www.eldigitaldeasturias.com\\\/noticias\\\/#organization\"}}]}\n\t\t<\/script>\n\t\t<!-- All in One SEO Pro -->\r\n\t\t<title>El terremoto en Pakist\u00e1n deja al menos 238 muertos - El Digital de Asturias<\/title>\n\n","aioseo_head_json":{"title":"El terremoto en Pakist\u00e1n deja al menos 238 muertos - El Digital de Asturias","description":"MADRID, 25 (EUROPA PRESS) Al menos 238 personas han muerto como consecuencia del terremoto de 7,7 de magnitud en la escala de Richter que ayer martes sacudi\u00f3 la regi\u00f3n de Baluchist\u00e1n, en el suroeste de Pakist\u00e1n, seg\u00fan un nuevo balance difundido por el portavoz del Gobierno local, Jan Mohammad Buledi. Seg\u00fan Buledi, citado por la cadena","canonical_url":"https:\/\/www.eldigitaldeasturias.com\/noticias\/el-terremoto-en-pakistan-deja-al-menos-238-muertos\/","robots":"max-image-preview:large","keywords":"actualidad","webmasterTools":{"google-site-verification":"UA-38556648-1","msvalidate.01":"7dfe9f3f1b24437ab69f4f2559babe99","miscellaneous":""},"schema":{"@context":"https:\/\/schema.org","@graph":[{"@type":"BlogPosting","@id":"https:\/\/www.eldigitaldeasturias.com\/noticias\/el-terremoto-en-pakistan-deja-al-menos-238-muertos\/#blogposting","name":"El terremoto en Pakist\u00e1n deja al menos 238 muertos - El Digital de Asturias","headline":"El terremoto en Pakist\u00e1n deja al menos 238 muertos","author":{"@id":"https:\/\/www.eldigitaldeasturias.com\/noticias\/author\/admin\/#author"},"publisher":{"@id":"https:\/\/www.eldigitaldeasturias.com\/noticias\/#organization"},"image":{"@type":"ImageObject","url":2983},"datePublished":"2013-09-25T11:20:15+02:00","dateModified":"2013-09-25T11:20:15+02:00","inLanguage":"es-ES","mainEntityOfPage":{"@id":"https:\/\/www.eldigitaldeasturias.com\/noticias\/el-terremoto-en-pakistan-deja-al-menos-238-muertos\/#webpage"},"isPartOf":{"@id":"https:\/\/www.eldigitaldeasturias.com\/noticias\/el-terremoto-en-pakistan-deja-al-menos-238-muertos\/#webpage"},"articleSection":"Actualidad"},{"@type":"BreadcrumbList","@id":"https:\/\/www.eldigitaldeasturias.com\/noticias\/el-terremoto-en-pakistan-deja-al-menos-238-muertos\/#breadcrumblist","itemListElement":[{"@type":"ListItem","@id":"https:\/\/www.eldigitaldeasturias.com\/noticias#listItem","position":1,"name":"Home","item":"https:\/\/www.eldigitaldeasturias.com\/noticias","nextItem":{"@type":"ListItem","@id":"https:\/\/www.eldigitaldeasturias.com\/noticias\/category\/actualidad\/#listItem","name":"Actualidad"}},{"@type":"ListItem","@id":"https:\/\/www.eldigitaldeasturias.com\/noticias\/category\/actualidad\/#listItem","position":2,"name":"Actualidad","item":"https:\/\/www.eldigitaldeasturias.com\/noticias\/category\/actualidad\/","nextItem":{"@type":"ListItem","@id":"https:\/\/www.eldigitaldeasturias.com\/noticias\/el-terremoto-en-pakistan-deja-al-menos-238-muertos\/#listItem","name":"El terremoto en Pakist\u00e1n deja al menos 238 muertos"},"previousItem":{"@type":"ListItem","@id":"https:\/\/www.eldigitaldeasturias.com\/noticias#listItem","name":"Home"}},{"@type":"ListItem","@id":"https:\/\/www.eldigitaldeasturias.com\/noticias\/el-terremoto-en-pakistan-deja-al-menos-238-muertos\/#listItem","position":3,"name":"El terremoto en Pakist\u00e1n deja al menos 238 muertos","previousItem":{"@type":"ListItem","@id":"https:\/\/www.eldigitaldeasturias.com\/noticias\/category\/actualidad\/#listItem","name":"Actualidad"}}]},{"@type":"Organization","@id":"https:\/\/www.eldigitaldeasturias.com\/noticias\/#organization","name":"El Digital de Asturias","description":"Hemeroteca","url":"https:\/\/www.eldigitaldeasturias.com\/noticias\/","email":"info@eldigitaldeasturias.com","telephone":"+34652131393","logo":{"@type":"ImageObject","url":"https:\/\/www.eldigitaldeasturias.com\/noticias\/wp-content\/uploads\/2020\/12\/EDA.jpg","@id":"https:\/\/www.eldigitaldeasturias.com\/noticias\/el-terremoto-en-pakistan-deja-al-menos-238-muertos\/#organizationLogo","width":649,"height":297},"image":{"@id":"https:\/\/www.eldigitaldeasturias.com\/noticias\/el-terremoto-en-pakistan-deja-al-menos-238-muertos\/#organizationLogo"},"sameAs":["https:\/\/facebook.com\/eldigitaldeasturias","https:\/\/www.youtube.com\/channel\/UCZP-2wLEB9Rv6erhFmqVnvg"],"address":{"@id":"https:\/\/www.eldigitaldeasturias.com\/noticias\/#postaladdress","@type":"PostalAddress","streetAddress":"san antonio 4,","postalCode":"33430","addressLocality":"Cand\u00e1s","addressRegion":"Asturias","addressCountry":"ES"}},{"@type":"Person","@id":"https:\/\/www.eldigitaldeasturias.com\/noticias\/author\/admin\/#author","url":"https:\/\/www.eldigitaldeasturias.com\/noticias\/author\/admin\/","name":"El Digital de Asturias","image":{"@type":"ImageObject","@id":"https:\/\/www.eldigitaldeasturias.com\/noticias\/el-terremoto-en-pakistan-deja-al-menos-238-muertos\/#authorImage","url":"https:\/\/www.eldigitaldeasturias.com\/noticias\/wp-content\/litespeed\/avatar\/18677e78aa0546b92d9dbf31ec7d7668.jpg?ver=1777290358","width":96,"height":96,"caption":"El Digital de Asturias"}},{"@type":"WebPage","@id":"https:\/\/www.eldigitaldeasturias.com\/noticias\/el-terremoto-en-pakistan-deja-al-menos-238-muertos\/#webpage","url":"https:\/\/www.eldigitaldeasturias.com\/noticias\/el-terremoto-en-pakistan-deja-al-menos-238-muertos\/","name":"El terremoto en Pakist\u00e1n deja al menos 238 muertos - El Digital de Asturias","description":"MADRID, 25 (EUROPA PRESS) Al menos 238 personas han muerto como consecuencia del terremoto de 7,7 de magnitud en la escala de Richter que ayer martes sacudi\u00f3 la regi\u00f3n de Baluchist\u00e1n, en el suroeste de Pakist\u00e1n, seg\u00fan un nuevo balance difundido por el portavoz del Gobierno local, Jan Mohammad Buledi. Seg\u00fan Buledi, citado por la cadena","inLanguage":"es-ES","isPartOf":{"@id":"https:\/\/www.eldigitaldeasturias.com\/noticias\/#website"},"breadcrumb":{"@id":"https:\/\/www.eldigitaldeasturias.com\/noticias\/el-terremoto-en-pakistan-deja-al-menos-238-muertos\/#breadcrumblist"},"author":{"@id":"https:\/\/www.eldigitaldeasturias.com\/noticias\/author\/admin\/#author"},"creator":{"@id":"https:\/\/www.eldigitaldeasturias.com\/noticias\/author\/admin\/#author"},"image":{"@type":"ImageObject","url":2983,"@id":"https:\/\/www.eldigitaldeasturias.com\/noticias\/el-terremoto-en-pakistan-deja-al-menos-238-muertos\/#mainImage"},"primaryImageOfPage":{"@id":"https:\/\/www.eldigitaldeasturias.com\/noticias\/el-terremoto-en-pakistan-deja-al-menos-238-muertos\/#mainImage"},"datePublished":"2013-09-25T11:20:15+02:00","dateModified":"2013-09-25T11:20:15+02:00"},{"@type":"WebSite","@id":"https:\/\/www.eldigitaldeasturias.com\/noticias\/#website","url":"https:\/\/www.eldigitaldeasturias.com\/noticias\/","name":"El Digital de Asturias - Diario de actualidad y noticias","alternateName":"El Digital de Asturias - Diario de actualidad y noticias","description":"Hemeroteca","inLanguage":"es-ES","publisher":{"@id":"https:\/\/www.eldigitaldeasturias.com\/noticias\/#organization"}}]},"og:locale":"es_ES","og:site_name":"El Digital de Asturias","og:type":"article","og:title":"El terremoto en Pakist\u00e1n deja al menos 238 muertos - El Digital de Asturias","og:description":"MADRID, 25 (EUROPA PRESS) Al menos 238 personas han muerto como consecuencia del terremoto de 7,7 de magnitud en la escala de Richter que ayer martes sacudi\u00f3 la regi\u00f3n de Baluchist\u00e1n, en el suroeste de Pakist\u00e1n, seg\u00fan un nuevo balance difundido por el portavoz del Gobierno local, Jan Mohammad Buledi. Seg\u00fan Buledi, citado por la cadena","og:url":"https:\/\/www.eldigitaldeasturias.com\/noticias\/el-terremoto-en-pakistan-deja-al-menos-238-muertos\/","article:tag":["actualidad"],"article:published_time":"2013-09-25T11:20:15+00:00","article:modified_time":"2013-09-25T11:20:15+00:00","article:publisher":"https:\/\/facebook.com\/eldigitaldeasturias","twitter:card":"summary_large_image","twitter:title":"El terremoto en Pakist\u00e1n deja al menos 238 muertos - El Digital de Asturias","twitter:description":"MADRID, 25 (EUROPA PRESS) Al menos 238 personas han muerto como consecuencia del terremoto de 7,7 de magnitud en la escala de Richter que ayer martes sacudi\u00f3 la regi\u00f3n de Baluchist\u00e1n, en el suroeste de Pakist\u00e1n, seg\u00fan un nuevo balance difundido por el portavoz del Gobierno local, Jan Mohammad Buledi. Seg\u00fan Buledi, citado por la cadena","twitter:label1":"Escrito por","twitter:data1":"El Digital de Asturias","twitter:label2":"Tiempo de lectura estimado","twitter:data2":"2 minutos"},"aioseo_meta_data":{"post_id":"2982","title":null,"description":null,"keywords":null,"keyphrases":null,"primary_term":null,"canonical_url":null,"og_title":null,"og_description":null,"og_object_type":"default","og_image_type":"default","og_image_url":null,"og_image_width":null,"og_image_height":null,"og_image_custom_url":null,"og_image_custom_fields":null,"og_video":null,"og_custom_url":null,"og_article_section":null,"og_article_tags":null,"twitter_use_og":true,"twitter_card":"default","twitter_image_type":"default","twitter_image_url":null,"twitter_image_custom_url":null,"twitter_image_custom_fields":null,"twitter_title":null,"twitter_description":null,"schema":{"blockGraphs":[],"customGraphs":[],"default":{"data":{"Article":[],"Course":[],"Dataset":[],"FAQPage":[],"Movie":[],"Person":[],"Product":[],"ProductReview":[],"Car":[],"Recipe":[],"Service":[],"SoftwareApplication":[],"WebPage":[]},"graphName":"","isEnabled":true},"graphs":[],"defaultGraph":"","defaultPostTypeGraph":""},"schema_type":null,"schema_type_options":null,"pillar_content":false,"robots_default":true,"robots_noindex":false,"robots_noarchive":false,"robots_nosnippet":false,"robots_nofollow":false,"robots_noimageindex":false,"robots_noodp":false,"robots_notranslate":false,"robots_max_snippet":null,"robots_max_videopreview":null,"robots_max_imagepreview":"none","priority":null,"frequency":null,"local_seo":null,"seo_analyzer_scan_date":"2025-08-21 05:26:45","breadcrumb_settings":null,"limit_modified_date":false,"open_ai":null,"ai":null,"created":"2020-11-14 22:37:00","updated":"2025-08-21 05:26:45"},"aioseo_breadcrumb":"<div class=\"aioseo-breadcrumbs\"><span class=\"aioseo-breadcrumb\">\n\t<a href=\"https:\/\/www.eldigitaldeasturias.com\/noticias\" title=\"Home\">Home<\/a>\n<\/span><span class=\"aioseo-breadcrumb-separator\">\u2013<\/span><span class=\"aioseo-breadcrumb\">\n\t<a href=\"https:\/\/www.eldigitaldeasturias.com\/noticias\/category\/actualidad\/\" title=\"Actualidad\">Actualidad<\/a>\n<\/span><span class=\"aioseo-breadcrumb-separator\">\u2013<\/span><span class=\"aioseo-breadcrumb\">\n\t<a href=\"https:\/\/www.eldigitaldeasturias.com\/noticias\/el-terremoto-en-pakistan-deja-al-menos-238-muertos\/\" title=\"El terremoto en Pakist\u00e1n deja al menos 238 muertos\">El terremoto en Pakist\u00e1n deja al menos 238 muertos<\/a>\n<\/span><\/div>","aioseo_breadcrumb_json":[{"label":"Home","link":"https:\/\/www.eldigitaldeasturias.com\/noticias"},{"label":"Actualidad","link":"https:\/\/www.eldigitaldeasturias.com\/noticias\/category\/actualidad\/"},{"label":"El terremoto en Pakist\u00e1n deja al menos 238 muertos","link":"https:\/\/www.eldigitaldeasturias.com\/noticias\/el-terremoto-en-pakistan-deja-al-menos-238-muertos\/"}],"_links":{"self":[{"href":"https:\/\/www.eldigitaldeasturias.com\/noticias\/wp-json\/wp\/v2\/posts\/2982","targetHints":{"allow":["GET"]}}],"collection":[{"href":"https:\/\/www.eldigitaldeasturias.com\/noticias\/wp-json\/wp\/v2\/posts"}],"about":[{"href":"https:\/\/www.eldigitaldeasturias.com\/noticias\/wp-json\/wp\/v2\/types\/post"}],"author":[{"embeddable":true,"href":"https:\/\/www.eldigitaldeasturias.com\/noticias\/wp-json\/wp\/v2\/users\/1"}],"replies":[{"embeddable":true,"href":"https:\/\/www.eldigitaldeasturias.com\/noticias\/wp-json\/wp\/v2\/comments?post=2982"}],"version-history":[{"count":0,"href":"https:\/\/www.eldigitaldeasturias.com\/noticias\/wp-json\/wp\/v2\/posts\/2982\/revisions"}],"wp:featuredmedia":[{"embeddable":true,"href":"https:\/\/www.eldigitaldeasturias.com\/noticias\/wp-json\/"}],"wp:attachment":[{"href":"https:\/\/www.eldigitaldeasturias.com\/noticias\/wp-json\/wp\/v2\/media?parent=2982"}],"wp:term":[{"taxonomy":"category","embeddable":true,"href":"https:\/\/www.eldigitaldeasturias.com\/noticias\/wp-json\/wp\/v2\/categories?post=2982"},{"taxonomy":"post_tag","embeddable":true,"href":"https:\/\/www.eldigitaldeasturias.com\/noticias\/wp-json\/wp\/v2\/tags?post=2982"}],"curies":[{"name":"wp","href":"https:\/\/api.w.org\/{rel}","templated":true}]}}