{"id":2979,"date":"2013-09-25T11:17:47","date_gmt":"2013-09-25T11:17:47","guid":{"rendered":"http:\/\/www.eldigitaldeasturias.com\/noticias\/?p=2979"},"modified":"2013-09-25T11:17:47","modified_gmt":"2013-09-25T11:17:47","slug":"morenes-llega-a-afganistan-para-cerrar-la-base-de-qala-i-naw","status":"publish","type":"post","link":"https:\/\/www.eldigitaldeasturias.com\/noticias\/morenes-llega-a-afganistan-para-cerrar-la-base-de-qala-i-naw\/","title":{"rendered":"Moren\u00e9s llega a Afganist\u00e1n para cerrar la base de Qala-i-Naw"},"content":{"rendered":"<p><img loading=\"lazy\" decoding=\"async\" class=\"alignleft size-medium wp-image-2980\" alt=\"fotonoticia_20130925075631_800\" src=\"https:\/\/www.eldigitaldeasturias.com\/noticias\/wp-content\/uploads\/2013\/09\/fotonoticia_20130925075631_800-360x240.jpg\" width=\"360\" height=\"240\" \/>QALA-I-NAW (AFGANIST\u00c1N), 25 Sep. (EUROPA PRESS\/Ana Moreno) &#8211;\u00a0El ministro de Defensa, Pedro Moren\u00e9s, ha llegado este mi\u00e9rcoles a la base espa\u00f1ola &#8216;Gonz\u00e1lez Ruy de Clavijo&#8217;, en Qala-i-Naw, en la provincia afgana de Badghis, donde presidir\u00e1 los actos de la retirada definitiva de las Fuerzas Armadas espa\u00f1olas de esta regi\u00f3n, finalizando as\u00ed un repliegue que comenz\u00f3 a principios de a\u00f1o.<\/p>\n<p>Moren\u00e9s ha llegado a la base de Heart, desde donde se trasladar\u00e1 a Qala-i-Naw, pasadas las 7.30 horas (5.00 horas en Espa\u00f1a). En Qala-i Naw, presidir\u00e1 el acto de transferencia al Ej\u00e9rcito Nacional Afgano, dejando as\u00ed la seguridad de la provincia en manos de las autoridades locales.<\/p>\n<p>De esta forma, a partir de los pr\u00f3ximos d\u00edas ser\u00e1 el Ej\u00e9rcito Nacional Afgano el responsable de este puesto, as\u00ed como ya lo era de los otros dos que las tropas espa\u00f1olas han mantenido en Badghis durante la misi\u00f3n en Afganist\u00e1n. Espa\u00f1a continuar\u00e1 con la misi\u00f3n afgana en la provincia de Heart, donde gestiona un aeropuerto civil y militar y un hospital &#8216;Role 2&#8217;.<\/p>\n<p>El repliegue espa\u00f1ol de Badghis comenz\u00f3 el pasado 21 de febrero con la entrega al Ej\u00e9rcito afgano del puesto avanzado de combate en Ludina, zona por la que atraviesa la Ruta &#8216;Lithium&#8217;, financiada con fondos espa\u00f1oles y que une Qala-i-Naw con la localidad de Bala Murghab, el lugar m\u00e1s conflictivo de la provincia y de donde ya se retir\u00f3 el Ej\u00e9rcito italiano en el verano de 2012.<\/p>\n<p>Tan s\u00f3lo unas semanas despu\u00e9s, a principios de marzo, Espa\u00f1a abandon\u00f3 el segundo puesto avanzado de combate de Badghis, en la localidad de Moqur. Las tropas all\u00ed localizadas se trasladaron entonces a Qala-i-Naw, desde donde se ha ido produciendo un repliegue progresivo.<\/p>\n<p>RETIRADA DE LA GUARDIA CIVIL A PRINCIPIOS DE SEPTIEMBRE<\/p>\n<p>Desde principios de septiembre ya est\u00e1 cerrado tambi\u00e9n el cuartel que la Guardia Civil manten\u00eda en Qala-i-Naw con el regreso a Espa\u00f1a de 16 agentes y cuatro tiradores de Infanter\u00eda, con lo que la base ha ido poco a poco vaci\u00e1ndose hasta que se complete la retirada definitiva, un repliegue que se ha adelantado con respecto a los plazos previstos inicialmente.<\/p>\n<p>Durante el proceso de repliegue de la provincia de Badghis, el Ministerio de Defensa ha optado por repatriar \u00abtodo el material que resulte \u00fatil en territorio nacional\u00bb. As\u00ed se har\u00e1 tambi\u00e9n en el futuro proceso de retirada completa del pa\u00eds asi\u00e1tico.<\/p>\n<p>Seg\u00fan explica el Gobierno en una respuesta parlamentaria, en el caso de aquellos materiales que, por sus condiciones de empleo, no se considere rentable su repliegue en t\u00e9rminos de vida operativa, coste econ\u00f3mico del transporte frente a su valor residual y deterioro a lo largo de los a\u00f1os se proceder\u00e1 a su destrucci\u00f3n en Afganist\u00e1n o, en su caso, a su donaci\u00f3n al Gobierno afgano. El armamento y la equipaci\u00f3n de combate no ser\u00e1n objeto de donaci\u00f3n.<\/p>\n<p>LA MISI\u00d3N M\u00c1S COSTOSA PARA ESPA\u00d1A<\/p>\n<p>En 2014 continuar\u00e1n en Afganist\u00e1n los militares desplegados en Heart. Precisamente, durante su visita a las tropas espa\u00f1olas la pasada Navidad, el presidente del Gobierno, Mariano Rajoy, anunci\u00f3 la disposici\u00f3n de Espa\u00f1a a continuar con estas tareas m\u00e1s all\u00e1 del pr\u00f3ximo a\u00f1o, cuando finalizar\u00e1 la actual misi\u00f3n de la OTAN en Afganist\u00e1n.<\/p>\n<p>La misi\u00f3n de Afganist\u00e1n ha sido hasta la fecha la m\u00e1s costosa llevada a cabo por las Fuerzas Armadas espa\u00f1olas en el exterior. Ha supuesto unos 3.500 millones de euros y ha costado la vida a un centenar de militares y guardias civiles y dos int\u00e9rpretes.<\/p>\n","protected":false},"excerpt":{"rendered":"<p>QALA-I-NAW (AFGANIST\u00c1N), 25 Sep. (EUROPA PRESS\/Ana Moreno) &#8211;\u00a0El ministro de Defensa, Pedro Moren\u00e9s, ha llegado este mi\u00e9rcoles a la base espa\u00f1ola &#8216;Gonz\u00e1lez Ruy de Clavijo&#8217;, en Qala-i-Naw, en la provincia afgana de Badghis, donde presidir\u00e1 los actos de la retirada definitiva de las Fuerzas Armadas espa\u00f1olas de esta regi\u00f3n, finalizando as\u00ed un repliegue que comenz\u00f3 [&hellip;]<\/p>\n","protected":false},"author":1,"featured_media":2980,"comment_status":"open","ping_status":"open","sticky":false,"template":"","format":"standard","meta":{"footnotes":""},"categories":[1],"tags":[],"class_list":["post-2979","post","type-post","status-publish","format-standard","has-post-thumbnail","hentry","category-actualidad"],"aioseo_notices":[],"aioseo_head":"\n\t\t<!-- All in One SEO Pro 4.9.6.2 - aioseo.com -->\n\t<meta name=\"description\" content=\"QALA-I-NAW (AFGANIST\u00c1N), 25 Sep. (EUROPA PRESS\/Ana Moreno) - El ministro de Defensa, Pedro Moren\u00e9s, ha llegado este mi\u00e9rcoles a la base espa\u00f1ola &#039;Gonz\u00e1lez Ruy de Clavijo&#039;, en Qala-i-Naw, en la provincia afgana de Badghis, donde presidir\u00e1 los actos de la retirada definitiva de las Fuerzas Armadas espa\u00f1olas de esta regi\u00f3n, finalizando as\u00ed un repliegue que comenz\u00f3\" \/>\n\t<meta name=\"robots\" content=\"max-image-preview:large\" \/>\n\t<meta name=\"author\" content=\"El Digital de Asturias\"\/>\n\t<meta name=\"google-site-verification\" content=\"UA-38556648-1\" \/>\n\t<meta name=\"msvalidate.01\" content=\"7dfe9f3f1b24437ab69f4f2559babe99\" \/>\n\t<meta name=\"keywords\" content=\"actualidad\" \/>\n\t<link rel=\"canonical\" href=\"https:\/\/www.eldigitaldeasturias.com\/noticias\/morenes-llega-a-afganistan-para-cerrar-la-base-de-qala-i-naw\/\" \/>\n\t<meta name=\"generator\" content=\"All in One SEO Pro (AIOSEO) 4.9.6.2\" \/>\n\t\t<meta property=\"og:locale\" content=\"es_ES\" \/>\n\t\t<meta property=\"og:site_name\" content=\"El Digital de Asturias\" \/>\n\t\t<meta property=\"og:type\" content=\"article\" \/>\n\t\t<meta property=\"og:title\" content=\"Moren\u00e9s llega a Afganist\u00e1n para cerrar la base de Qala-i-Naw - El Digital de Asturias\" \/>\n\t\t<meta property=\"og:description\" content=\"QALA-I-NAW (AFGANIST\u00c1N), 25 Sep. (EUROPA PRESS\/Ana Moreno) - El ministro de Defensa, Pedro Moren\u00e9s, ha llegado este mi\u00e9rcoles a la base espa\u00f1ola &#039;Gonz\u00e1lez Ruy de Clavijo&#039;, en Qala-i-Naw, en la provincia afgana de Badghis, donde presidir\u00e1 los actos de la retirada definitiva de las Fuerzas Armadas espa\u00f1olas de esta regi\u00f3n, finalizando as\u00ed un repliegue que comenz\u00f3\" \/>\n\t\t<meta property=\"og:url\" content=\"https:\/\/www.eldigitaldeasturias.com\/noticias\/morenes-llega-a-afganistan-para-cerrar-la-base-de-qala-i-naw\/\" \/>\n\t\t<meta property=\"article:tag\" content=\"actualidad\" \/>\n\t\t<meta property=\"article:published_time\" content=\"2013-09-25T11:17:47+00:00\" \/>\n\t\t<meta property=\"article:modified_time\" content=\"2013-09-25T11:17:47+00:00\" \/>\n\t\t<meta property=\"article:publisher\" content=\"https:\/\/facebook.com\/eldigitaldeasturias\" \/>\n\t\t<meta name=\"twitter:card\" content=\"summary_large_image\" \/>\n\t\t<meta name=\"twitter:title\" content=\"Moren\u00e9s llega a Afganist\u00e1n para cerrar la base de Qala-i-Naw - El Digital de Asturias\" \/>\n\t\t<meta name=\"twitter:description\" content=\"QALA-I-NAW (AFGANIST\u00c1N), 25 Sep. (EUROPA PRESS\/Ana Moreno) - El ministro de Defensa, Pedro Moren\u00e9s, ha llegado este mi\u00e9rcoles a la base espa\u00f1ola &#039;Gonz\u00e1lez Ruy de Clavijo&#039;, en Qala-i-Naw, en la provincia afgana de Badghis, donde presidir\u00e1 los actos de la retirada definitiva de las Fuerzas Armadas espa\u00f1olas de esta regi\u00f3n, finalizando as\u00ed un repliegue que comenz\u00f3\" \/>\n\t\t<meta name=\"twitter:label1\" content=\"Escrito por\" \/>\n\t\t<meta name=\"twitter:data1\" content=\"El Digital de Asturias\" \/>\n\t\t<meta name=\"twitter:label2\" content=\"Tiempo de lectura estimado\" \/>\n\t\t<meta name=\"twitter:data2\" content=\"3 minutos\" \/>\n\t\t<script type=\"application\/ld+json\" class=\"aioseo-schema\">\n\t\t\t{\"@context\":\"https:\\\/\\\/schema.org\",\"@graph\":[{\"@type\":\"BlogPosting\",\"@id\":\"https:\\\/\\\/www.eldigitaldeasturias.com\\\/noticias\\\/morenes-llega-a-afganistan-para-cerrar-la-base-de-qala-i-naw\\\/#blogposting\",\"name\":\"Moren\\u00e9s llega a Afganist\\u00e1n para cerrar la base de Qala-i-Naw - El Digital de Asturias\",\"headline\":\"Moren\\u00e9s llega a Afganist\\u00e1n para cerrar la base de Qala-i-Naw\",\"author\":{\"@id\":\"https:\\\/\\\/www.eldigitaldeasturias.com\\\/noticias\\\/author\\\/admin\\\/#author\"},\"publisher\":{\"@id\":\"https:\\\/\\\/www.eldigitaldeasturias.com\\\/noticias\\\/#organization\"},\"image\":{\"@type\":\"ImageObject\",\"url\":2980},\"datePublished\":\"2013-09-25T11:17:47+02:00\",\"dateModified\":\"2013-09-25T11:17:47+02:00\",\"inLanguage\":\"es-ES\",\"mainEntityOfPage\":{\"@id\":\"https:\\\/\\\/www.eldigitaldeasturias.com\\\/noticias\\\/morenes-llega-a-afganistan-para-cerrar-la-base-de-qala-i-naw\\\/#webpage\"},\"isPartOf\":{\"@id\":\"https:\\\/\\\/www.eldigitaldeasturias.com\\\/noticias\\\/morenes-llega-a-afganistan-para-cerrar-la-base-de-qala-i-naw\\\/#webpage\"},\"articleSection\":\"Actualidad\"},{\"@type\":\"BreadcrumbList\",\"@id\":\"https:\\\/\\\/www.eldigitaldeasturias.com\\\/noticias\\\/morenes-llega-a-afganistan-para-cerrar-la-base-de-qala-i-naw\\\/#breadcrumblist\",\"itemListElement\":[{\"@type\":\"ListItem\",\"@id\":\"https:\\\/\\\/www.eldigitaldeasturias.com\\\/noticias#listItem\",\"position\":1,\"name\":\"Home\",\"item\":\"https:\\\/\\\/www.eldigitaldeasturias.com\\\/noticias\",\"nextItem\":{\"@type\":\"ListItem\",\"@id\":\"https:\\\/\\\/www.eldigitaldeasturias.com\\\/noticias\\\/category\\\/actualidad\\\/#listItem\",\"name\":\"Actualidad\"}},{\"@type\":\"ListItem\",\"@id\":\"https:\\\/\\\/www.eldigitaldeasturias.com\\\/noticias\\\/category\\\/actualidad\\\/#listItem\",\"position\":2,\"name\":\"Actualidad\",\"item\":\"https:\\\/\\\/www.eldigitaldeasturias.com\\\/noticias\\\/category\\\/actualidad\\\/\",\"nextItem\":{\"@type\":\"ListItem\",\"@id\":\"https:\\\/\\\/www.eldigitaldeasturias.com\\\/noticias\\\/morenes-llega-a-afganistan-para-cerrar-la-base-de-qala-i-naw\\\/#listItem\",\"name\":\"Moren\\u00e9s llega a Afganist\\u00e1n para cerrar la base de Qala-i-Naw\"},\"previousItem\":{\"@type\":\"ListItem\",\"@id\":\"https:\\\/\\\/www.eldigitaldeasturias.com\\\/noticias#listItem\",\"name\":\"Home\"}},{\"@type\":\"ListItem\",\"@id\":\"https:\\\/\\\/www.eldigitaldeasturias.com\\\/noticias\\\/morenes-llega-a-afganistan-para-cerrar-la-base-de-qala-i-naw\\\/#listItem\",\"position\":3,\"name\":\"Moren\\u00e9s llega a Afganist\\u00e1n para cerrar la base de Qala-i-Naw\",\"previousItem\":{\"@type\":\"ListItem\",\"@id\":\"https:\\\/\\\/www.eldigitaldeasturias.com\\\/noticias\\\/category\\\/actualidad\\\/#listItem\",\"name\":\"Actualidad\"}}]},{\"@type\":\"Organization\",\"@id\":\"https:\\\/\\\/www.eldigitaldeasturias.com\\\/noticias\\\/#organization\",\"name\":\"El Digital de Asturias\",\"description\":\"Hemeroteca\",\"url\":\"https:\\\/\\\/www.eldigitaldeasturias.com\\\/noticias\\\/\",\"email\":\"info@eldigitaldeasturias.com\",\"telephone\":\"+34652131393\",\"logo\":{\"@type\":\"ImageObject\",\"url\":\"https:\\\/\\\/www.eldigitaldeasturias.com\\\/noticias\\\/wp-content\\\/uploads\\\/2020\\\/12\\\/EDA.jpg\",\"@id\":\"https:\\\/\\\/www.eldigitaldeasturias.com\\\/noticias\\\/morenes-llega-a-afganistan-para-cerrar-la-base-de-qala-i-naw\\\/#organizationLogo\",\"width\":649,\"height\":297},\"image\":{\"@id\":\"https:\\\/\\\/www.eldigitaldeasturias.com\\\/noticias\\\/morenes-llega-a-afganistan-para-cerrar-la-base-de-qala-i-naw\\\/#organizationLogo\"},\"sameAs\":[\"https:\\\/\\\/facebook.com\\\/eldigitaldeasturias\",\"https:\\\/\\\/www.youtube.com\\\/channel\\\/UCZP-2wLEB9Rv6erhFmqVnvg\"],\"address\":{\"@id\":\"https:\\\/\\\/www.eldigitaldeasturias.com\\\/noticias\\\/#postaladdress\",\"@type\":\"PostalAddress\",\"streetAddress\":\"san antonio 4,\",\"postalCode\":\"33430\",\"addressLocality\":\"Cand\\u00e1s\",\"addressRegion\":\"Asturias\",\"addressCountry\":\"ES\"}},{\"@type\":\"Person\",\"@id\":\"https:\\\/\\\/www.eldigitaldeasturias.com\\\/noticias\\\/author\\\/admin\\\/#author\",\"url\":\"https:\\\/\\\/www.eldigitaldeasturias.com\\\/noticias\\\/author\\\/admin\\\/\",\"name\":\"El Digital de Asturias\",\"image\":{\"@type\":\"ImageObject\",\"@id\":\"https:\\\/\\\/www.eldigitaldeasturias.com\\\/noticias\\\/morenes-llega-a-afganistan-para-cerrar-la-base-de-qala-i-naw\\\/#authorImage\",\"url\":\"https:\\\/\\\/www.eldigitaldeasturias.com\\\/noticias\\\/wp-content\\\/litespeed\\\/avatar\\\/18677e78aa0546b92d9dbf31ec7d7668.jpg?ver=1777290358\",\"width\":96,\"height\":96,\"caption\":\"El Digital de Asturias\"}},{\"@type\":\"WebPage\",\"@id\":\"https:\\\/\\\/www.eldigitaldeasturias.com\\\/noticias\\\/morenes-llega-a-afganistan-para-cerrar-la-base-de-qala-i-naw\\\/#webpage\",\"url\":\"https:\\\/\\\/www.eldigitaldeasturias.com\\\/noticias\\\/morenes-llega-a-afganistan-para-cerrar-la-base-de-qala-i-naw\\\/\",\"name\":\"Moren\\u00e9s llega a Afganist\\u00e1n para cerrar la base de Qala-i-Naw - El Digital de Asturias\",\"description\":\"QALA-I-NAW (AFGANIST\\u00c1N), 25 Sep. (EUROPA PRESS\\\/Ana Moreno) - El ministro de Defensa, Pedro Moren\\u00e9s, ha llegado este mi\\u00e9rcoles a la base espa\\u00f1ola 'Gonz\\u00e1lez Ruy de Clavijo', en Qala-i-Naw, en la provincia afgana de Badghis, donde presidir\\u00e1 los actos de la retirada definitiva de las Fuerzas Armadas espa\\u00f1olas de esta regi\\u00f3n, finalizando as\\u00ed un repliegue que comenz\\u00f3\",\"inLanguage\":\"es-ES\",\"isPartOf\":{\"@id\":\"https:\\\/\\\/www.eldigitaldeasturias.com\\\/noticias\\\/#website\"},\"breadcrumb\":{\"@id\":\"https:\\\/\\\/www.eldigitaldeasturias.com\\\/noticias\\\/morenes-llega-a-afganistan-para-cerrar-la-base-de-qala-i-naw\\\/#breadcrumblist\"},\"author\":{\"@id\":\"https:\\\/\\\/www.eldigitaldeasturias.com\\\/noticias\\\/author\\\/admin\\\/#author\"},\"creator\":{\"@id\":\"https:\\\/\\\/www.eldigitaldeasturias.com\\\/noticias\\\/author\\\/admin\\\/#author\"},\"image\":{\"@type\":\"ImageObject\",\"url\":2980,\"@id\":\"https:\\\/\\\/www.eldigitaldeasturias.com\\\/noticias\\\/morenes-llega-a-afganistan-para-cerrar-la-base-de-qala-i-naw\\\/#mainImage\"},\"primaryImageOfPage\":{\"@id\":\"https:\\\/\\\/www.eldigitaldeasturias.com\\\/noticias\\\/morenes-llega-a-afganistan-para-cerrar-la-base-de-qala-i-naw\\\/#mainImage\"},\"datePublished\":\"2013-09-25T11:17:47+02:00\",\"dateModified\":\"2013-09-25T11:17:47+02:00\"},{\"@type\":\"WebSite\",\"@id\":\"https:\\\/\\\/www.eldigitaldeasturias.com\\\/noticias\\\/#website\",\"url\":\"https:\\\/\\\/www.eldigitaldeasturias.com\\\/noticias\\\/\",\"name\":\"El Digital de Asturias - Diario de actualidad y noticias\",\"alternateName\":\"El Digital de Asturias - Diario de actualidad y noticias\",\"description\":\"Hemeroteca\",\"inLanguage\":\"es-ES\",\"publisher\":{\"@id\":\"https:\\\/\\\/www.eldigitaldeasturias.com\\\/noticias\\\/#organization\"}}]}\n\t\t<\/script>\n\t\t<!-- All in One SEO Pro -->\r\n\t\t<title>Moren\u00e9s llega a Afganist\u00e1n para cerrar la base de Qala-i-Naw - El Digital de Asturias<\/title>\n\n","aioseo_head_json":{"title":"Moren\u00e9s llega a Afganist\u00e1n para cerrar la base de Qala-i-Naw - El Digital de Asturias","description":"QALA-I-NAW (AFGANIST\u00c1N), 25 Sep. (EUROPA PRESS\/Ana Moreno) - El ministro de Defensa, Pedro Moren\u00e9s, ha llegado este mi\u00e9rcoles a la base espa\u00f1ola 'Gonz\u00e1lez Ruy de Clavijo', en Qala-i-Naw, en la provincia afgana de Badghis, donde presidir\u00e1 los actos de la retirada definitiva de las Fuerzas Armadas espa\u00f1olas de esta regi\u00f3n, finalizando as\u00ed un repliegue que comenz\u00f3","canonical_url":"https:\/\/www.eldigitaldeasturias.com\/noticias\/morenes-llega-a-afganistan-para-cerrar-la-base-de-qala-i-naw\/","robots":"max-image-preview:large","keywords":"actualidad","webmasterTools":{"google-site-verification":"UA-38556648-1","msvalidate.01":"7dfe9f3f1b24437ab69f4f2559babe99","miscellaneous":""},"schema":{"@context":"https:\/\/schema.org","@graph":[{"@type":"BlogPosting","@id":"https:\/\/www.eldigitaldeasturias.com\/noticias\/morenes-llega-a-afganistan-para-cerrar-la-base-de-qala-i-naw\/#blogposting","name":"Moren\u00e9s llega a Afganist\u00e1n para cerrar la base de Qala-i-Naw - El Digital de Asturias","headline":"Moren\u00e9s llega a Afganist\u00e1n para cerrar la base de Qala-i-Naw","author":{"@id":"https:\/\/www.eldigitaldeasturias.com\/noticias\/author\/admin\/#author"},"publisher":{"@id":"https:\/\/www.eldigitaldeasturias.com\/noticias\/#organization"},"image":{"@type":"ImageObject","url":2980},"datePublished":"2013-09-25T11:17:47+02:00","dateModified":"2013-09-25T11:17:47+02:00","inLanguage":"es-ES","mainEntityOfPage":{"@id":"https:\/\/www.eldigitaldeasturias.com\/noticias\/morenes-llega-a-afganistan-para-cerrar-la-base-de-qala-i-naw\/#webpage"},"isPartOf":{"@id":"https:\/\/www.eldigitaldeasturias.com\/noticias\/morenes-llega-a-afganistan-para-cerrar-la-base-de-qala-i-naw\/#webpage"},"articleSection":"Actualidad"},{"@type":"BreadcrumbList","@id":"https:\/\/www.eldigitaldeasturias.com\/noticias\/morenes-llega-a-afganistan-para-cerrar-la-base-de-qala-i-naw\/#breadcrumblist","itemListElement":[{"@type":"ListItem","@id":"https:\/\/www.eldigitaldeasturias.com\/noticias#listItem","position":1,"name":"Home","item":"https:\/\/www.eldigitaldeasturias.com\/noticias","nextItem":{"@type":"ListItem","@id":"https:\/\/www.eldigitaldeasturias.com\/noticias\/category\/actualidad\/#listItem","name":"Actualidad"}},{"@type":"ListItem","@id":"https:\/\/www.eldigitaldeasturias.com\/noticias\/category\/actualidad\/#listItem","position":2,"name":"Actualidad","item":"https:\/\/www.eldigitaldeasturias.com\/noticias\/category\/actualidad\/","nextItem":{"@type":"ListItem","@id":"https:\/\/www.eldigitaldeasturias.com\/noticias\/morenes-llega-a-afganistan-para-cerrar-la-base-de-qala-i-naw\/#listItem","name":"Moren\u00e9s llega a Afganist\u00e1n para cerrar la base de Qala-i-Naw"},"previousItem":{"@type":"ListItem","@id":"https:\/\/www.eldigitaldeasturias.com\/noticias#listItem","name":"Home"}},{"@type":"ListItem","@id":"https:\/\/www.eldigitaldeasturias.com\/noticias\/morenes-llega-a-afganistan-para-cerrar-la-base-de-qala-i-naw\/#listItem","position":3,"name":"Moren\u00e9s llega a Afganist\u00e1n para cerrar la base de Qala-i-Naw","previousItem":{"@type":"ListItem","@id":"https:\/\/www.eldigitaldeasturias.com\/noticias\/category\/actualidad\/#listItem","name":"Actualidad"}}]},{"@type":"Organization","@id":"https:\/\/www.eldigitaldeasturias.com\/noticias\/#organization","name":"El Digital de Asturias","description":"Hemeroteca","url":"https:\/\/www.eldigitaldeasturias.com\/noticias\/","email":"info@eldigitaldeasturias.com","telephone":"+34652131393","logo":{"@type":"ImageObject","url":"https:\/\/www.eldigitaldeasturias.com\/noticias\/wp-content\/uploads\/2020\/12\/EDA.jpg","@id":"https:\/\/www.eldigitaldeasturias.com\/noticias\/morenes-llega-a-afganistan-para-cerrar-la-base-de-qala-i-naw\/#organizationLogo","width":649,"height":297},"image":{"@id":"https:\/\/www.eldigitaldeasturias.com\/noticias\/morenes-llega-a-afganistan-para-cerrar-la-base-de-qala-i-naw\/#organizationLogo"},"sameAs":["https:\/\/facebook.com\/eldigitaldeasturias","https:\/\/www.youtube.com\/channel\/UCZP-2wLEB9Rv6erhFmqVnvg"],"address":{"@id":"https:\/\/www.eldigitaldeasturias.com\/noticias\/#postaladdress","@type":"PostalAddress","streetAddress":"san antonio 4,","postalCode":"33430","addressLocality":"Cand\u00e1s","addressRegion":"Asturias","addressCountry":"ES"}},{"@type":"Person","@id":"https:\/\/www.eldigitaldeasturias.com\/noticias\/author\/admin\/#author","url":"https:\/\/www.eldigitaldeasturias.com\/noticias\/author\/admin\/","name":"El Digital de Asturias","image":{"@type":"ImageObject","@id":"https:\/\/www.eldigitaldeasturias.com\/noticias\/morenes-llega-a-afganistan-para-cerrar-la-base-de-qala-i-naw\/#authorImage","url":"https:\/\/www.eldigitaldeasturias.com\/noticias\/wp-content\/litespeed\/avatar\/18677e78aa0546b92d9dbf31ec7d7668.jpg?ver=1777290358","width":96,"height":96,"caption":"El Digital de Asturias"}},{"@type":"WebPage","@id":"https:\/\/www.eldigitaldeasturias.com\/noticias\/morenes-llega-a-afganistan-para-cerrar-la-base-de-qala-i-naw\/#webpage","url":"https:\/\/www.eldigitaldeasturias.com\/noticias\/morenes-llega-a-afganistan-para-cerrar-la-base-de-qala-i-naw\/","name":"Moren\u00e9s llega a Afganist\u00e1n para cerrar la base de Qala-i-Naw - El Digital de Asturias","description":"QALA-I-NAW (AFGANIST\u00c1N), 25 Sep. (EUROPA PRESS\/Ana Moreno) - El ministro de Defensa, Pedro Moren\u00e9s, ha llegado este mi\u00e9rcoles a la base espa\u00f1ola 'Gonz\u00e1lez Ruy de Clavijo', en Qala-i-Naw, en la provincia afgana de Badghis, donde presidir\u00e1 los actos de la retirada definitiva de las Fuerzas Armadas espa\u00f1olas de esta regi\u00f3n, finalizando as\u00ed un repliegue que comenz\u00f3","inLanguage":"es-ES","isPartOf":{"@id":"https:\/\/www.eldigitaldeasturias.com\/noticias\/#website"},"breadcrumb":{"@id":"https:\/\/www.eldigitaldeasturias.com\/noticias\/morenes-llega-a-afganistan-para-cerrar-la-base-de-qala-i-naw\/#breadcrumblist"},"author":{"@id":"https:\/\/www.eldigitaldeasturias.com\/noticias\/author\/admin\/#author"},"creator":{"@id":"https:\/\/www.eldigitaldeasturias.com\/noticias\/author\/admin\/#author"},"image":{"@type":"ImageObject","url":2980,"@id":"https:\/\/www.eldigitaldeasturias.com\/noticias\/morenes-llega-a-afganistan-para-cerrar-la-base-de-qala-i-naw\/#mainImage"},"primaryImageOfPage":{"@id":"https:\/\/www.eldigitaldeasturias.com\/noticias\/morenes-llega-a-afganistan-para-cerrar-la-base-de-qala-i-naw\/#mainImage"},"datePublished":"2013-09-25T11:17:47+02:00","dateModified":"2013-09-25T11:17:47+02:00"},{"@type":"WebSite","@id":"https:\/\/www.eldigitaldeasturias.com\/noticias\/#website","url":"https:\/\/www.eldigitaldeasturias.com\/noticias\/","name":"El Digital de Asturias - Diario de actualidad y noticias","alternateName":"El Digital de Asturias - Diario de actualidad y noticias","description":"Hemeroteca","inLanguage":"es-ES","publisher":{"@id":"https:\/\/www.eldigitaldeasturias.com\/noticias\/#organization"}}]},"og:locale":"es_ES","og:site_name":"El Digital de Asturias","og:type":"article","og:title":"Moren\u00e9s llega a Afganist\u00e1n para cerrar la base de Qala-i-Naw - El Digital de Asturias","og:description":"QALA-I-NAW (AFGANIST\u00c1N), 25 Sep. (EUROPA PRESS\/Ana Moreno) - El ministro de Defensa, Pedro Moren\u00e9s, ha llegado este mi\u00e9rcoles a la base espa\u00f1ola 'Gonz\u00e1lez Ruy de Clavijo', en Qala-i-Naw, en la provincia afgana de Badghis, donde presidir\u00e1 los actos de la retirada definitiva de las Fuerzas Armadas espa\u00f1olas de esta regi\u00f3n, finalizando as\u00ed un repliegue que comenz\u00f3","og:url":"https:\/\/www.eldigitaldeasturias.com\/noticias\/morenes-llega-a-afganistan-para-cerrar-la-base-de-qala-i-naw\/","article:tag":["actualidad"],"article:published_time":"2013-09-25T11:17:47+00:00","article:modified_time":"2013-09-25T11:17:47+00:00","article:publisher":"https:\/\/facebook.com\/eldigitaldeasturias","twitter:card":"summary_large_image","twitter:title":"Moren\u00e9s llega a Afganist\u00e1n para cerrar la base de Qala-i-Naw - El Digital de Asturias","twitter:description":"QALA-I-NAW (AFGANIST\u00c1N), 25 Sep. (EUROPA PRESS\/Ana Moreno) - El ministro de Defensa, Pedro Moren\u00e9s, ha llegado este mi\u00e9rcoles a la base espa\u00f1ola 'Gonz\u00e1lez Ruy de Clavijo', en Qala-i-Naw, en la provincia afgana de Badghis, donde presidir\u00e1 los actos de la retirada definitiva de las Fuerzas Armadas espa\u00f1olas de esta regi\u00f3n, finalizando as\u00ed un repliegue que comenz\u00f3","twitter:label1":"Escrito por","twitter:data1":"El Digital de Asturias","twitter:label2":"Tiempo de lectura estimado","twitter:data2":"3 minutos"},"aioseo_meta_data":{"post_id":"2979","title":null,"description":null,"keywords":null,"keyphrases":null,"primary_term":null,"canonical_url":null,"og_title":null,"og_description":null,"og_object_type":"default","og_image_type":"default","og_image_url":null,"og_image_width":null,"og_image_height":null,"og_image_custom_url":null,"og_image_custom_fields":null,"og_video":null,"og_custom_url":null,"og_article_section":null,"og_article_tags":null,"twitter_use_og":true,"twitter_card":"default","twitter_image_type":"default","twitter_image_url":null,"twitter_image_custom_url":null,"twitter_image_custom_fields":null,"twitter_title":null,"twitter_description":null,"schema":{"blockGraphs":[],"customGraphs":[],"default":{"data":{"Article":[],"Course":[],"Dataset":[],"FAQPage":[],"Movie":[],"Person":[],"Product":[],"ProductReview":[],"Car":[],"Recipe":[],"Service":[],"SoftwareApplication":[],"WebPage":[]},"graphName":"","isEnabled":true},"graphs":[],"defaultGraph":"","defaultPostTypeGraph":""},"schema_type":null,"schema_type_options":null,"pillar_content":false,"robots_default":true,"robots_noindex":false,"robots_noarchive":false,"robots_nosnippet":false,"robots_nofollow":false,"robots_noimageindex":false,"robots_noodp":false,"robots_notranslate":false,"robots_max_snippet":null,"robots_max_videopreview":null,"robots_max_imagepreview":"none","priority":null,"frequency":null,"local_seo":null,"seo_analyzer_scan_date":"2025-08-21 05:24:48","breadcrumb_settings":null,"limit_modified_date":false,"open_ai":null,"ai":null,"created":"2020-11-14 22:37:00","updated":"2025-08-21 05:24:48"},"aioseo_breadcrumb":"<div class=\"aioseo-breadcrumbs\"><span class=\"aioseo-breadcrumb\">\n\t<a href=\"https:\/\/www.eldigitaldeasturias.com\/noticias\" title=\"Home\">Home<\/a>\n<\/span><span class=\"aioseo-breadcrumb-separator\">\u2013<\/span><span class=\"aioseo-breadcrumb\">\n\t<a href=\"https:\/\/www.eldigitaldeasturias.com\/noticias\/category\/actualidad\/\" title=\"Actualidad\">Actualidad<\/a>\n<\/span><span class=\"aioseo-breadcrumb-separator\">\u2013<\/span><span class=\"aioseo-breadcrumb\">\n\t<a href=\"https:\/\/www.eldigitaldeasturias.com\/noticias\/morenes-llega-a-afganistan-para-cerrar-la-base-de-qala-i-naw\/\" title=\"Moren\u00e9s llega a Afganist\u00e1n para cerrar la base de Qala-i-Naw\">Moren\u00e9s llega a Afganist\u00e1n para cerrar la base de Qala-i-Naw<\/a>\n<\/span><\/div>","aioseo_breadcrumb_json":[{"label":"Home","link":"https:\/\/www.eldigitaldeasturias.com\/noticias"},{"label":"Actualidad","link":"https:\/\/www.eldigitaldeasturias.com\/noticias\/category\/actualidad\/"},{"label":"Moren\u00e9s llega a Afganist\u00e1n para cerrar la base de Qala-i-Naw","link":"https:\/\/www.eldigitaldeasturias.com\/noticias\/morenes-llega-a-afganistan-para-cerrar-la-base-de-qala-i-naw\/"}],"_links":{"self":[{"href":"https:\/\/www.eldigitaldeasturias.com\/noticias\/wp-json\/wp\/v2\/posts\/2979","targetHints":{"allow":["GET"]}}],"collection":[{"href":"https:\/\/www.eldigitaldeasturias.com\/noticias\/wp-json\/wp\/v2\/posts"}],"about":[{"href":"https:\/\/www.eldigitaldeasturias.com\/noticias\/wp-json\/wp\/v2\/types\/post"}],"author":[{"embeddable":true,"href":"https:\/\/www.eldigitaldeasturias.com\/noticias\/wp-json\/wp\/v2\/users\/1"}],"replies":[{"embeddable":true,"href":"https:\/\/www.eldigitaldeasturias.com\/noticias\/wp-json\/wp\/v2\/comments?post=2979"}],"version-history":[{"count":0,"href":"https:\/\/www.eldigitaldeasturias.com\/noticias\/wp-json\/wp\/v2\/posts\/2979\/revisions"}],"wp:featuredmedia":[{"embeddable":true,"href":"https:\/\/www.eldigitaldeasturias.com\/noticias\/wp-json\/"}],"wp:attachment":[{"href":"https:\/\/www.eldigitaldeasturias.com\/noticias\/wp-json\/wp\/v2\/media?parent=2979"}],"wp:term":[{"taxonomy":"category","embeddable":true,"href":"https:\/\/www.eldigitaldeasturias.com\/noticias\/wp-json\/wp\/v2\/categories?post=2979"},{"taxonomy":"post_tag","embeddable":true,"href":"https:\/\/www.eldigitaldeasturias.com\/noticias\/wp-json\/wp\/v2\/tags?post=2979"}],"curies":[{"name":"wp","href":"https:\/\/api.w.org\/{rel}","templated":true}]}}