{"id":2977,"date":"2013-09-25T11:15:25","date_gmt":"2013-09-25T11:15:25","guid":{"rendered":"http:\/\/www.eldigitaldeasturias.com\/noticias\/?p=2977"},"modified":"2013-09-25T11:15:25","modified_gmt":"2013-09-25T11:15:25","slug":"rajoy-aclara-que-no-esta-en-sus-planes-regular-el-papel-del-principe","status":"publish","type":"post","link":"https:\/\/www.eldigitaldeasturias.com\/noticias\/rajoy-aclara-que-no-esta-en-sus-planes-regular-el-papel-del-principe\/","title":{"rendered":"Rajoy aclara que no est\u00e1 en sus planes regular el papel del pr\u00edncipe"},"content":{"rendered":"<p><img loading=\"lazy\" decoding=\"async\" class=\"alignleft size-medium wp-image-2796\" alt=\"fotonoticia_20130924174514_800\" src=\"https:\/\/www.eldigitaldeasturias.com\/noticias\/wp-content\/uploads\/2013\/09\/fotonoticia_20130924174514_800-360x240.jpg\" width=\"360\" height=\"240\" \/>MADRID, 25 Sep. (EUROPA PRESS) &#8211;\u00a0El presidente del Gobierno, Mariano Rajoy, ha aclarado que no est\u00e1 en sus planes regular el papel del heredero a la Corona, interrogado sobre el debate que se ha abierto a ra\u00edz de la \u00faltima intervenci\u00f3n quir\u00fargica a la que se ha sometido el Rey.<\/p>\n<p>Rajoy ha explicado desde Nueva York, donde se encuentra para asistir a la 68\u00ba sesi\u00f3n plenaria de la Asamblea General de Naciones Unidas, que el Gobierno no tiene \u00aben absoluto\u00bb la intenci\u00f3n de regular la figura del Pr\u00edncipe de Asturias porque \u00abno hay ninguna raz\u00f3n para ello\u00bb.<\/p>\n<p>En cambio, el ministro de Asuntos Exteriores y Cooperaci\u00f3n, Jos\u00e9 Manuel Garc\u00eda-Margallo, ha considerado &#8211;tambi\u00e9n desde Nueva York&#8211; que \u00abes una buena iniciativa\u00bb y ha dicho que no ve \u00abninguna dificultad\u00bb para que el PP y el PSOE puedan llegar a un acuerdo sobre este asunto.<\/p>\n<p>Sobre la operaci\u00f3n del Rey, Rajoy se ha mostrado \u00abconvencido\u00bb de que \u00abpronto volver\u00e1 a sus labores con la dedicaci\u00f3n que lo ha hecho siempre y con la que lo ha hecho hoy\u00bb, recordando que hasta pocas horas antes de pasar por quir\u00f3fano ha seguido con su agenda de trabajo.<\/p>\n<p>Por otro lado, el l\u00edder del Ejecutivo ha aludido al conflicto de Gibraltar, subrayando que \u00abno puede ser un para\u00edso fiscal\u00bb y que \u00abdebe cumplir las normas sobre contrabando y medioambientales\u00bb.<\/p>\n<p>El conflicto de Gibraltar es uno de los temas que abordar\u00e1 en su discurso ante la Asamblea General de Naciones Unidas, previsto para la madrugada del jueves (hora espa\u00f1ola).<\/p>\n","protected":false},"excerpt":{"rendered":"<p>MADRID, 25 Sep. (EUROPA PRESS) &#8211;\u00a0El presidente del Gobierno, Mariano Rajoy, ha aclarado que no est\u00e1 en sus planes regular el papel del heredero a la Corona, interrogado sobre el debate que se ha abierto a ra\u00edz de la \u00faltima intervenci\u00f3n quir\u00fargica a la que se ha sometido el Rey. Rajoy ha explicado desde Nueva [&hellip;]<\/p>\n","protected":false},"author":1,"featured_media":2796,"comment_status":"open","ping_status":"open","sticky":false,"template":"","format":"standard","meta":{"footnotes":""},"categories":[1],"tags":[],"class_list":["post-2977","post","type-post","status-publish","format-standard","has-post-thumbnail","hentry","category-actualidad"],"aioseo_notices":[],"aioseo_head":"\n\t\t<!-- All in One SEO Pro 4.9.6.2 - aioseo.com -->\n\t<meta name=\"description\" content=\"MADRID, 25 Sep. (EUROPA PRESS) - El presidente del Gobierno, Mariano Rajoy, ha aclarado que no est\u00e1 en sus planes regular el papel del heredero a la Corona, interrogado sobre el debate que se ha abierto a ra\u00edz de la \u00faltima intervenci\u00f3n quir\u00fargica a la que se ha sometido el Rey. Rajoy ha explicado desde Nueva\" \/>\n\t<meta name=\"robots\" content=\"max-image-preview:large\" \/>\n\t<meta name=\"author\" content=\"El Digital de Asturias\"\/>\n\t<meta name=\"google-site-verification\" content=\"UA-38556648-1\" \/>\n\t<meta name=\"msvalidate.01\" content=\"7dfe9f3f1b24437ab69f4f2559babe99\" \/>\n\t<meta name=\"keywords\" content=\"actualidad\" \/>\n\t<link rel=\"canonical\" href=\"https:\/\/www.eldigitaldeasturias.com\/noticias\/rajoy-aclara-que-no-esta-en-sus-planes-regular-el-papel-del-principe\/\" \/>\n\t<meta name=\"generator\" content=\"All in One SEO Pro (AIOSEO) 4.9.6.2\" \/>\n\t\t<meta property=\"og:locale\" content=\"es_ES\" \/>\n\t\t<meta property=\"og:site_name\" content=\"El Digital de Asturias\" \/>\n\t\t<meta property=\"og:type\" content=\"article\" \/>\n\t\t<meta property=\"og:title\" content=\"Rajoy aclara que no est\u00e1 en sus planes regular el papel del pr\u00edncipe - El Digital de Asturias\" \/>\n\t\t<meta property=\"og:description\" content=\"MADRID, 25 Sep. (EUROPA PRESS) - El presidente del Gobierno, Mariano Rajoy, ha aclarado que no est\u00e1 en sus planes regular el papel del heredero a la Corona, interrogado sobre el debate que se ha abierto a ra\u00edz de la \u00faltima intervenci\u00f3n quir\u00fargica a la que se ha sometido el Rey. Rajoy ha explicado desde Nueva\" \/>\n\t\t<meta property=\"og:url\" content=\"https:\/\/www.eldigitaldeasturias.com\/noticias\/rajoy-aclara-que-no-esta-en-sus-planes-regular-el-papel-del-principe\/\" \/>\n\t\t<meta property=\"article:tag\" content=\"actualidad\" \/>\n\t\t<meta property=\"article:published_time\" content=\"2013-09-25T11:15:25+00:00\" \/>\n\t\t<meta property=\"article:modified_time\" content=\"2013-09-25T11:15:25+00:00\" \/>\n\t\t<meta property=\"article:publisher\" content=\"https:\/\/facebook.com\/eldigitaldeasturias\" \/>\n\t\t<meta name=\"twitter:card\" content=\"summary_large_image\" \/>\n\t\t<meta name=\"twitter:title\" content=\"Rajoy aclara que no est\u00e1 en sus planes regular el papel del pr\u00edncipe - El Digital de Asturias\" \/>\n\t\t<meta name=\"twitter:description\" content=\"MADRID, 25 Sep. (EUROPA PRESS) - El presidente del Gobierno, Mariano Rajoy, ha aclarado que no est\u00e1 en sus planes regular el papel del heredero a la Corona, interrogado sobre el debate que se ha abierto a ra\u00edz de la \u00faltima intervenci\u00f3n quir\u00fargica a la que se ha sometido el Rey. Rajoy ha explicado desde Nueva\" \/>\n\t\t<meta name=\"twitter:label1\" content=\"Escrito por\" \/>\n\t\t<meta name=\"twitter:data1\" content=\"El Digital de Asturias\" \/>\n\t\t<meta name=\"twitter:label2\" content=\"Tiempo de lectura estimado\" \/>\n\t\t<meta name=\"twitter:data2\" content=\"1 minuto\" \/>\n\t\t<script type=\"application\/ld+json\" class=\"aioseo-schema\">\n\t\t\t{\"@context\":\"https:\\\/\\\/schema.org\",\"@graph\":[{\"@type\":\"BlogPosting\",\"@id\":\"https:\\\/\\\/www.eldigitaldeasturias.com\\\/noticias\\\/rajoy-aclara-que-no-esta-en-sus-planes-regular-el-papel-del-principe\\\/#blogposting\",\"name\":\"Rajoy aclara que no est\\u00e1 en sus planes regular el papel del pr\\u00edncipe - El Digital de Asturias\",\"headline\":\"Rajoy aclara que no est\\u00e1 en sus planes regular el papel del pr\\u00edncipe\",\"author\":{\"@id\":\"https:\\\/\\\/www.eldigitaldeasturias.com\\\/noticias\\\/author\\\/admin\\\/#author\"},\"publisher\":{\"@id\":\"https:\\\/\\\/www.eldigitaldeasturias.com\\\/noticias\\\/#organization\"},\"image\":{\"@type\":\"ImageObject\",\"url\":2796},\"datePublished\":\"2013-09-25T11:15:25+02:00\",\"dateModified\":\"2013-09-25T11:15:25+02:00\",\"inLanguage\":\"es-ES\",\"mainEntityOfPage\":{\"@id\":\"https:\\\/\\\/www.eldigitaldeasturias.com\\\/noticias\\\/rajoy-aclara-que-no-esta-en-sus-planes-regular-el-papel-del-principe\\\/#webpage\"},\"isPartOf\":{\"@id\":\"https:\\\/\\\/www.eldigitaldeasturias.com\\\/noticias\\\/rajoy-aclara-que-no-esta-en-sus-planes-regular-el-papel-del-principe\\\/#webpage\"},\"articleSection\":\"Actualidad\"},{\"@type\":\"BreadcrumbList\",\"@id\":\"https:\\\/\\\/www.eldigitaldeasturias.com\\\/noticias\\\/rajoy-aclara-que-no-esta-en-sus-planes-regular-el-papel-del-principe\\\/#breadcrumblist\",\"itemListElement\":[{\"@type\":\"ListItem\",\"@id\":\"https:\\\/\\\/www.eldigitaldeasturias.com\\\/noticias#listItem\",\"position\":1,\"name\":\"Home\",\"item\":\"https:\\\/\\\/www.eldigitaldeasturias.com\\\/noticias\",\"nextItem\":{\"@type\":\"ListItem\",\"@id\":\"https:\\\/\\\/www.eldigitaldeasturias.com\\\/noticias\\\/category\\\/actualidad\\\/#listItem\",\"name\":\"Actualidad\"}},{\"@type\":\"ListItem\",\"@id\":\"https:\\\/\\\/www.eldigitaldeasturias.com\\\/noticias\\\/category\\\/actualidad\\\/#listItem\",\"position\":2,\"name\":\"Actualidad\",\"item\":\"https:\\\/\\\/www.eldigitaldeasturias.com\\\/noticias\\\/category\\\/actualidad\\\/\",\"nextItem\":{\"@type\":\"ListItem\",\"@id\":\"https:\\\/\\\/www.eldigitaldeasturias.com\\\/noticias\\\/rajoy-aclara-que-no-esta-en-sus-planes-regular-el-papel-del-principe\\\/#listItem\",\"name\":\"Rajoy aclara que no est\\u00e1 en sus planes regular el papel del pr\\u00edncipe\"},\"previousItem\":{\"@type\":\"ListItem\",\"@id\":\"https:\\\/\\\/www.eldigitaldeasturias.com\\\/noticias#listItem\",\"name\":\"Home\"}},{\"@type\":\"ListItem\",\"@id\":\"https:\\\/\\\/www.eldigitaldeasturias.com\\\/noticias\\\/rajoy-aclara-que-no-esta-en-sus-planes-regular-el-papel-del-principe\\\/#listItem\",\"position\":3,\"name\":\"Rajoy aclara que no est\\u00e1 en sus planes regular el papel del pr\\u00edncipe\",\"previousItem\":{\"@type\":\"ListItem\",\"@id\":\"https:\\\/\\\/www.eldigitaldeasturias.com\\\/noticias\\\/category\\\/actualidad\\\/#listItem\",\"name\":\"Actualidad\"}}]},{\"@type\":\"Organization\",\"@id\":\"https:\\\/\\\/www.eldigitaldeasturias.com\\\/noticias\\\/#organization\",\"name\":\"El Digital de Asturias\",\"description\":\"Hemeroteca\",\"url\":\"https:\\\/\\\/www.eldigitaldeasturias.com\\\/noticias\\\/\",\"email\":\"info@eldigitaldeasturias.com\",\"telephone\":\"+34652131393\",\"logo\":{\"@type\":\"ImageObject\",\"url\":\"https:\\\/\\\/www.eldigitaldeasturias.com\\\/noticias\\\/wp-content\\\/uploads\\\/2020\\\/12\\\/EDA.jpg\",\"@id\":\"https:\\\/\\\/www.eldigitaldeasturias.com\\\/noticias\\\/rajoy-aclara-que-no-esta-en-sus-planes-regular-el-papel-del-principe\\\/#organizationLogo\",\"width\":649,\"height\":297},\"image\":{\"@id\":\"https:\\\/\\\/www.eldigitaldeasturias.com\\\/noticias\\\/rajoy-aclara-que-no-esta-en-sus-planes-regular-el-papel-del-principe\\\/#organizationLogo\"},\"sameAs\":[\"https:\\\/\\\/facebook.com\\\/eldigitaldeasturias\",\"https:\\\/\\\/www.youtube.com\\\/channel\\\/UCZP-2wLEB9Rv6erhFmqVnvg\"],\"address\":{\"@id\":\"https:\\\/\\\/www.eldigitaldeasturias.com\\\/noticias\\\/#postaladdress\",\"@type\":\"PostalAddress\",\"streetAddress\":\"san antonio 4,\",\"postalCode\":\"33430\",\"addressLocality\":\"Cand\\u00e1s\",\"addressRegion\":\"Asturias\",\"addressCountry\":\"ES\"}},{\"@type\":\"Person\",\"@id\":\"https:\\\/\\\/www.eldigitaldeasturias.com\\\/noticias\\\/author\\\/admin\\\/#author\",\"url\":\"https:\\\/\\\/www.eldigitaldeasturias.com\\\/noticias\\\/author\\\/admin\\\/\",\"name\":\"El Digital de Asturias\",\"image\":{\"@type\":\"ImageObject\",\"@id\":\"https:\\\/\\\/www.eldigitaldeasturias.com\\\/noticias\\\/rajoy-aclara-que-no-esta-en-sus-planes-regular-el-papel-del-principe\\\/#authorImage\",\"url\":\"https:\\\/\\\/www.eldigitaldeasturias.com\\\/noticias\\\/wp-content\\\/litespeed\\\/avatar\\\/18677e78aa0546b92d9dbf31ec7d7668.jpg?ver=1777290358\",\"width\":96,\"height\":96,\"caption\":\"El Digital de Asturias\"}},{\"@type\":\"WebPage\",\"@id\":\"https:\\\/\\\/www.eldigitaldeasturias.com\\\/noticias\\\/rajoy-aclara-que-no-esta-en-sus-planes-regular-el-papel-del-principe\\\/#webpage\",\"url\":\"https:\\\/\\\/www.eldigitaldeasturias.com\\\/noticias\\\/rajoy-aclara-que-no-esta-en-sus-planes-regular-el-papel-del-principe\\\/\",\"name\":\"Rajoy aclara que no est\\u00e1 en sus planes regular el papel del pr\\u00edncipe - El Digital de Asturias\",\"description\":\"MADRID, 25 Sep. (EUROPA PRESS) - El presidente del Gobierno, Mariano Rajoy, ha aclarado que no est\\u00e1 en sus planes regular el papel del heredero a la Corona, interrogado sobre el debate que se ha abierto a ra\\u00edz de la \\u00faltima intervenci\\u00f3n quir\\u00fargica a la que se ha sometido el Rey. Rajoy ha explicado desde Nueva\",\"inLanguage\":\"es-ES\",\"isPartOf\":{\"@id\":\"https:\\\/\\\/www.eldigitaldeasturias.com\\\/noticias\\\/#website\"},\"breadcrumb\":{\"@id\":\"https:\\\/\\\/www.eldigitaldeasturias.com\\\/noticias\\\/rajoy-aclara-que-no-esta-en-sus-planes-regular-el-papel-del-principe\\\/#breadcrumblist\"},\"author\":{\"@id\":\"https:\\\/\\\/www.eldigitaldeasturias.com\\\/noticias\\\/author\\\/admin\\\/#author\"},\"creator\":{\"@id\":\"https:\\\/\\\/www.eldigitaldeasturias.com\\\/noticias\\\/author\\\/admin\\\/#author\"},\"image\":{\"@type\":\"ImageObject\",\"url\":2796,\"@id\":\"https:\\\/\\\/www.eldigitaldeasturias.com\\\/noticias\\\/rajoy-aclara-que-no-esta-en-sus-planes-regular-el-papel-del-principe\\\/#mainImage\"},\"primaryImageOfPage\":{\"@id\":\"https:\\\/\\\/www.eldigitaldeasturias.com\\\/noticias\\\/rajoy-aclara-que-no-esta-en-sus-planes-regular-el-papel-del-principe\\\/#mainImage\"},\"datePublished\":\"2013-09-25T11:15:25+02:00\",\"dateModified\":\"2013-09-25T11:15:25+02:00\"},{\"@type\":\"WebSite\",\"@id\":\"https:\\\/\\\/www.eldigitaldeasturias.com\\\/noticias\\\/#website\",\"url\":\"https:\\\/\\\/www.eldigitaldeasturias.com\\\/noticias\\\/\",\"name\":\"El Digital de Asturias - Diario de actualidad y noticias\",\"alternateName\":\"El Digital de Asturias - Diario de actualidad y noticias\",\"description\":\"Hemeroteca\",\"inLanguage\":\"es-ES\",\"publisher\":{\"@id\":\"https:\\\/\\\/www.eldigitaldeasturias.com\\\/noticias\\\/#organization\"}}]}\n\t\t<\/script>\n\t\t<!-- All in One SEO Pro -->\r\n\t\t<title>Rajoy aclara que no est\u00e1 en sus planes regular el papel del pr\u00edncipe - El Digital de Asturias<\/title>\n\n","aioseo_head_json":{"title":"Rajoy aclara que no est\u00e1 en sus planes regular el papel del pr\u00edncipe - El Digital de Asturias","description":"MADRID, 25 Sep. (EUROPA PRESS) - El presidente del Gobierno, Mariano Rajoy, ha aclarado que no est\u00e1 en sus planes regular el papel del heredero a la Corona, interrogado sobre el debate que se ha abierto a ra\u00edz de la \u00faltima intervenci\u00f3n quir\u00fargica a la que se ha sometido el Rey. Rajoy ha explicado desde Nueva","canonical_url":"https:\/\/www.eldigitaldeasturias.com\/noticias\/rajoy-aclara-que-no-esta-en-sus-planes-regular-el-papel-del-principe\/","robots":"max-image-preview:large","keywords":"actualidad","webmasterTools":{"google-site-verification":"UA-38556648-1","msvalidate.01":"7dfe9f3f1b24437ab69f4f2559babe99","miscellaneous":""},"schema":{"@context":"https:\/\/schema.org","@graph":[{"@type":"BlogPosting","@id":"https:\/\/www.eldigitaldeasturias.com\/noticias\/rajoy-aclara-que-no-esta-en-sus-planes-regular-el-papel-del-principe\/#blogposting","name":"Rajoy aclara que no est\u00e1 en sus planes regular el papel del pr\u00edncipe - El Digital de Asturias","headline":"Rajoy aclara que no est\u00e1 en sus planes regular el papel del pr\u00edncipe","author":{"@id":"https:\/\/www.eldigitaldeasturias.com\/noticias\/author\/admin\/#author"},"publisher":{"@id":"https:\/\/www.eldigitaldeasturias.com\/noticias\/#organization"},"image":{"@type":"ImageObject","url":2796},"datePublished":"2013-09-25T11:15:25+02:00","dateModified":"2013-09-25T11:15:25+02:00","inLanguage":"es-ES","mainEntityOfPage":{"@id":"https:\/\/www.eldigitaldeasturias.com\/noticias\/rajoy-aclara-que-no-esta-en-sus-planes-regular-el-papel-del-principe\/#webpage"},"isPartOf":{"@id":"https:\/\/www.eldigitaldeasturias.com\/noticias\/rajoy-aclara-que-no-esta-en-sus-planes-regular-el-papel-del-principe\/#webpage"},"articleSection":"Actualidad"},{"@type":"BreadcrumbList","@id":"https:\/\/www.eldigitaldeasturias.com\/noticias\/rajoy-aclara-que-no-esta-en-sus-planes-regular-el-papel-del-principe\/#breadcrumblist","itemListElement":[{"@type":"ListItem","@id":"https:\/\/www.eldigitaldeasturias.com\/noticias#listItem","position":1,"name":"Home","item":"https:\/\/www.eldigitaldeasturias.com\/noticias","nextItem":{"@type":"ListItem","@id":"https:\/\/www.eldigitaldeasturias.com\/noticias\/category\/actualidad\/#listItem","name":"Actualidad"}},{"@type":"ListItem","@id":"https:\/\/www.eldigitaldeasturias.com\/noticias\/category\/actualidad\/#listItem","position":2,"name":"Actualidad","item":"https:\/\/www.eldigitaldeasturias.com\/noticias\/category\/actualidad\/","nextItem":{"@type":"ListItem","@id":"https:\/\/www.eldigitaldeasturias.com\/noticias\/rajoy-aclara-que-no-esta-en-sus-planes-regular-el-papel-del-principe\/#listItem","name":"Rajoy aclara que no est\u00e1 en sus planes regular el papel del pr\u00edncipe"},"previousItem":{"@type":"ListItem","@id":"https:\/\/www.eldigitaldeasturias.com\/noticias#listItem","name":"Home"}},{"@type":"ListItem","@id":"https:\/\/www.eldigitaldeasturias.com\/noticias\/rajoy-aclara-que-no-esta-en-sus-planes-regular-el-papel-del-principe\/#listItem","position":3,"name":"Rajoy aclara que no est\u00e1 en sus planes regular el papel del pr\u00edncipe","previousItem":{"@type":"ListItem","@id":"https:\/\/www.eldigitaldeasturias.com\/noticias\/category\/actualidad\/#listItem","name":"Actualidad"}}]},{"@type":"Organization","@id":"https:\/\/www.eldigitaldeasturias.com\/noticias\/#organization","name":"El Digital de Asturias","description":"Hemeroteca","url":"https:\/\/www.eldigitaldeasturias.com\/noticias\/","email":"info@eldigitaldeasturias.com","telephone":"+34652131393","logo":{"@type":"ImageObject","url":"https:\/\/www.eldigitaldeasturias.com\/noticias\/wp-content\/uploads\/2020\/12\/EDA.jpg","@id":"https:\/\/www.eldigitaldeasturias.com\/noticias\/rajoy-aclara-que-no-esta-en-sus-planes-regular-el-papel-del-principe\/#organizationLogo","width":649,"height":297},"image":{"@id":"https:\/\/www.eldigitaldeasturias.com\/noticias\/rajoy-aclara-que-no-esta-en-sus-planes-regular-el-papel-del-principe\/#organizationLogo"},"sameAs":["https:\/\/facebook.com\/eldigitaldeasturias","https:\/\/www.youtube.com\/channel\/UCZP-2wLEB9Rv6erhFmqVnvg"],"address":{"@id":"https:\/\/www.eldigitaldeasturias.com\/noticias\/#postaladdress","@type":"PostalAddress","streetAddress":"san antonio 4,","postalCode":"33430","addressLocality":"Cand\u00e1s","addressRegion":"Asturias","addressCountry":"ES"}},{"@type":"Person","@id":"https:\/\/www.eldigitaldeasturias.com\/noticias\/author\/admin\/#author","url":"https:\/\/www.eldigitaldeasturias.com\/noticias\/author\/admin\/","name":"El Digital de Asturias","image":{"@type":"ImageObject","@id":"https:\/\/www.eldigitaldeasturias.com\/noticias\/rajoy-aclara-que-no-esta-en-sus-planes-regular-el-papel-del-principe\/#authorImage","url":"https:\/\/www.eldigitaldeasturias.com\/noticias\/wp-content\/litespeed\/avatar\/18677e78aa0546b92d9dbf31ec7d7668.jpg?ver=1777290358","width":96,"height":96,"caption":"El Digital de Asturias"}},{"@type":"WebPage","@id":"https:\/\/www.eldigitaldeasturias.com\/noticias\/rajoy-aclara-que-no-esta-en-sus-planes-regular-el-papel-del-principe\/#webpage","url":"https:\/\/www.eldigitaldeasturias.com\/noticias\/rajoy-aclara-que-no-esta-en-sus-planes-regular-el-papel-del-principe\/","name":"Rajoy aclara que no est\u00e1 en sus planes regular el papel del pr\u00edncipe - El Digital de Asturias","description":"MADRID, 25 Sep. (EUROPA PRESS) - El presidente del Gobierno, Mariano Rajoy, ha aclarado que no est\u00e1 en sus planes regular el papel del heredero a la Corona, interrogado sobre el debate que se ha abierto a ra\u00edz de la \u00faltima intervenci\u00f3n quir\u00fargica a la que se ha sometido el Rey. Rajoy ha explicado desde Nueva","inLanguage":"es-ES","isPartOf":{"@id":"https:\/\/www.eldigitaldeasturias.com\/noticias\/#website"},"breadcrumb":{"@id":"https:\/\/www.eldigitaldeasturias.com\/noticias\/rajoy-aclara-que-no-esta-en-sus-planes-regular-el-papel-del-principe\/#breadcrumblist"},"author":{"@id":"https:\/\/www.eldigitaldeasturias.com\/noticias\/author\/admin\/#author"},"creator":{"@id":"https:\/\/www.eldigitaldeasturias.com\/noticias\/author\/admin\/#author"},"image":{"@type":"ImageObject","url":2796,"@id":"https:\/\/www.eldigitaldeasturias.com\/noticias\/rajoy-aclara-que-no-esta-en-sus-planes-regular-el-papel-del-principe\/#mainImage"},"primaryImageOfPage":{"@id":"https:\/\/www.eldigitaldeasturias.com\/noticias\/rajoy-aclara-que-no-esta-en-sus-planes-regular-el-papel-del-principe\/#mainImage"},"datePublished":"2013-09-25T11:15:25+02:00","dateModified":"2013-09-25T11:15:25+02:00"},{"@type":"WebSite","@id":"https:\/\/www.eldigitaldeasturias.com\/noticias\/#website","url":"https:\/\/www.eldigitaldeasturias.com\/noticias\/","name":"El Digital de Asturias - Diario de actualidad y noticias","alternateName":"El Digital de Asturias - Diario de actualidad y noticias","description":"Hemeroteca","inLanguage":"es-ES","publisher":{"@id":"https:\/\/www.eldigitaldeasturias.com\/noticias\/#organization"}}]},"og:locale":"es_ES","og:site_name":"El Digital de Asturias","og:type":"article","og:title":"Rajoy aclara que no est\u00e1 en sus planes regular el papel del pr\u00edncipe - El Digital de Asturias","og:description":"MADRID, 25 Sep. (EUROPA PRESS) - El presidente del Gobierno, Mariano Rajoy, ha aclarado que no est\u00e1 en sus planes regular el papel del heredero a la Corona, interrogado sobre el debate que se ha abierto a ra\u00edz de la \u00faltima intervenci\u00f3n quir\u00fargica a la que se ha sometido el Rey. Rajoy ha explicado desde Nueva","og:url":"https:\/\/www.eldigitaldeasturias.com\/noticias\/rajoy-aclara-que-no-esta-en-sus-planes-regular-el-papel-del-principe\/","article:tag":["actualidad"],"article:published_time":"2013-09-25T11:15:25+00:00","article:modified_time":"2013-09-25T11:15:25+00:00","article:publisher":"https:\/\/facebook.com\/eldigitaldeasturias","twitter:card":"summary_large_image","twitter:title":"Rajoy aclara que no est\u00e1 en sus planes regular el papel del pr\u00edncipe - El Digital de Asturias","twitter:description":"MADRID, 25 Sep. (EUROPA PRESS) - El presidente del Gobierno, Mariano Rajoy, ha aclarado que no est\u00e1 en sus planes regular el papel del heredero a la Corona, interrogado sobre el debate que se ha abierto a ra\u00edz de la \u00faltima intervenci\u00f3n quir\u00fargica a la que se ha sometido el Rey. Rajoy ha explicado desde Nueva","twitter:label1":"Escrito por","twitter:data1":"El Digital de Asturias","twitter:label2":"Tiempo de lectura estimado","twitter:data2":"1 minuto"},"aioseo_meta_data":{"post_id":"2977","title":null,"description":null,"keywords":null,"keyphrases":null,"primary_term":null,"canonical_url":null,"og_title":null,"og_description":null,"og_object_type":"default","og_image_type":"default","og_image_url":null,"og_image_width":null,"og_image_height":null,"og_image_custom_url":null,"og_image_custom_fields":null,"og_video":null,"og_custom_url":null,"og_article_section":null,"og_article_tags":null,"twitter_use_og":true,"twitter_card":"default","twitter_image_type":"default","twitter_image_url":null,"twitter_image_custom_url":null,"twitter_image_custom_fields":null,"twitter_title":null,"twitter_description":null,"schema":{"blockGraphs":[],"customGraphs":[],"default":{"data":{"Article":[],"Course":[],"Dataset":[],"FAQPage":[],"Movie":[],"Person":[],"Product":[],"ProductReview":[],"Car":[],"Recipe":[],"Service":[],"SoftwareApplication":[],"WebPage":[]},"graphName":"","isEnabled":true},"graphs":[],"defaultGraph":"","defaultPostTypeGraph":""},"schema_type":null,"schema_type_options":null,"pillar_content":false,"robots_default":true,"robots_noindex":false,"robots_noarchive":false,"robots_nosnippet":false,"robots_nofollow":false,"robots_noimageindex":false,"robots_noodp":false,"robots_notranslate":false,"robots_max_snippet":null,"robots_max_videopreview":null,"robots_max_imagepreview":"none","priority":null,"frequency":null,"local_seo":null,"seo_analyzer_scan_date":"2025-08-21 05:24:48","breadcrumb_settings":null,"limit_modified_date":false,"open_ai":null,"ai":null,"created":"2020-11-14 22:37:00","updated":"2025-08-21 05:24:48"},"aioseo_breadcrumb":"<div class=\"aioseo-breadcrumbs\"><span class=\"aioseo-breadcrumb\">\n\t<a href=\"https:\/\/www.eldigitaldeasturias.com\/noticias\" title=\"Home\">Home<\/a>\n<\/span><span class=\"aioseo-breadcrumb-separator\">\u2013<\/span><span class=\"aioseo-breadcrumb\">\n\t<a href=\"https:\/\/www.eldigitaldeasturias.com\/noticias\/category\/actualidad\/\" title=\"Actualidad\">Actualidad<\/a>\n<\/span><span class=\"aioseo-breadcrumb-separator\">\u2013<\/span><span class=\"aioseo-breadcrumb\">\n\t<a href=\"https:\/\/www.eldigitaldeasturias.com\/noticias\/rajoy-aclara-que-no-esta-en-sus-planes-regular-el-papel-del-principe\/\" title=\"Rajoy aclara que no est\u00e1 en sus planes regular el papel del pr\u00edncipe\">Rajoy aclara que no est\u00e1 en sus planes regular el papel del pr\u00edncipe<\/a>\n<\/span><\/div>","aioseo_breadcrumb_json":[{"label":"Home","link":"https:\/\/www.eldigitaldeasturias.com\/noticias"},{"label":"Actualidad","link":"https:\/\/www.eldigitaldeasturias.com\/noticias\/category\/actualidad\/"},{"label":"Rajoy aclara que no est\u00e1 en sus planes regular el papel del pr\u00edncipe","link":"https:\/\/www.eldigitaldeasturias.com\/noticias\/rajoy-aclara-que-no-esta-en-sus-planes-regular-el-papel-del-principe\/"}],"_links":{"self":[{"href":"https:\/\/www.eldigitaldeasturias.com\/noticias\/wp-json\/wp\/v2\/posts\/2977","targetHints":{"allow":["GET"]}}],"collection":[{"href":"https:\/\/www.eldigitaldeasturias.com\/noticias\/wp-json\/wp\/v2\/posts"}],"about":[{"href":"https:\/\/www.eldigitaldeasturias.com\/noticias\/wp-json\/wp\/v2\/types\/post"}],"author":[{"embeddable":true,"href":"https:\/\/www.eldigitaldeasturias.com\/noticias\/wp-json\/wp\/v2\/users\/1"}],"replies":[{"embeddable":true,"href":"https:\/\/www.eldigitaldeasturias.com\/noticias\/wp-json\/wp\/v2\/comments?post=2977"}],"version-history":[{"count":0,"href":"https:\/\/www.eldigitaldeasturias.com\/noticias\/wp-json\/wp\/v2\/posts\/2977\/revisions"}],"wp:featuredmedia":[{"embeddable":true,"href":"https:\/\/www.eldigitaldeasturias.com\/noticias\/wp-json\/"}],"wp:attachment":[{"href":"https:\/\/www.eldigitaldeasturias.com\/noticias\/wp-json\/wp\/v2\/media?parent=2977"}],"wp:term":[{"taxonomy":"category","embeddable":true,"href":"https:\/\/www.eldigitaldeasturias.com\/noticias\/wp-json\/wp\/v2\/categories?post=2977"},{"taxonomy":"post_tag","embeddable":true,"href":"https:\/\/www.eldigitaldeasturias.com\/noticias\/wp-json\/wp\/v2\/tags?post=2977"}],"curies":[{"name":"wp","href":"https:\/\/api.w.org\/{rel}","templated":true}]}}