{"id":2967,"date":"2013-09-25T11:07:05","date_gmt":"2013-09-25T11:07:05","guid":{"rendered":"http:\/\/www.eldigitaldeasturias.com\/noticias\/?p=2967"},"modified":"2013-09-25T11:07:05","modified_gmt":"2013-09-25T11:07:05","slug":"el-principado-registra-la-segunda-mayor-caida-interanual-de-los-precios-industriales","status":"publish","type":"post","link":"https:\/\/www.eldigitaldeasturias.com\/noticias\/el-principado-registra-la-segunda-mayor-caida-interanual-de-los-precios-industriales\/","title":{"rendered":"El Principado registra la segunda mayor ca\u00edda interanual de los precios industriales"},"content":{"rendered":"<p><img loading=\"lazy\" decoding=\"async\" class=\"alignleft size-medium wp-image-2968\" alt=\"fotonoticia_20130925094355_800\" src=\"https:\/\/www.eldigitaldeasturias.com\/noticias\/wp-content\/uploads\/2013\/09\/fotonoticia_20130925094355_800-360x234.jpg\" width=\"360\" height=\"234\" \/>OVIEDO, 25 Sep. (EUROPA PRESS) &#8211; Los precios industriales descendieron en agosto un 2,9% en Asturias respecto al mismo mes de 2012, lo que supone la segunda mayor ca\u00edda del pa\u00eds, s\u00f3lo por detr\u00e1s de Canarias (-3,3%), seg\u00fan datos del Instituto Nacional de Estad\u00edstica (INE) recogidos por Europa Press.<\/p>\n<p>En relaci\u00f3n al mes de julio, los precios industriales cayeron en Asturias un 0,9%, mientras que en lo que va de a\u00f1o el descenso acumulado es del 1,7%. Estas ca\u00eddas vienen fundamentalmente motivadas por los bienes intermedios.<\/p>\n<p>A nivel nacional, los precios industriales descendieron un 0,1% en agosto respecto al mes anterior, y retrocedieron tambi\u00e9n un 0,1% en relaci\u00f3n a igual mes de 2012. Con esta ca\u00edda interanual en el octavo mes del a\u00f1o, los precios industriales vuelven a terreno negativo tras encadenar tres meses consecutivos de subidas.<\/p>\n<p>El descenso interanual de agosto es m\u00e1s de un punto inferior a la tasa lograda en julio (+1,2%) y se debe, entre otros factores, a la evoluci\u00f3n del sector energ\u00e9tico. En concreto, la energ\u00eda situ\u00f3 en agosto su tasa anual en el -0,8%, tasa m\u00e1s de 3,5 puntos inferior a la del mes anterior, debido a la bajada de los precios de la producci\u00f3n energ\u00e9tica, frente a la subida que experimentaron un a\u00f1o antes, y a que el encarecimiento del refino de petr\u00f3leo ha sido menor que el de agosto de 2012.<\/p>\n<p>SIETE COMUNIDADES EN NEGATIVO.<\/p>\n<p>En agosto, siete comunidades registraron tasas interanuales negativas en los precios industriales, principalmente Canarias (-3,3%) y Asturias (-2,9%), mientras que el resto experiment\u00f3 tasas positivas, con La Rioja (+5,1%) y Navarra (+1,5%) a la cabeza.<\/p>\n<p>Todas las regiones, menos La Rioja, recortaron su tasa anual de precios industriales en agosto. Los mayores descensos fueron para Canarias y Baleares, con bajadas de 5,6 y 3,4 puntos en sus tasas interanuales, hasta el -3,3% y el 1,4%, respectivamente.<\/p>\n<p>El \u00fanico repunte se lo llev\u00f3 La Rioja, que registr\u00f3 un crecimiento de 1,5 puntos en su tasa interanual, hasta el 5,1%.<\/p>\n","protected":false},"excerpt":{"rendered":"<p>OVIEDO, 25 Sep. (EUROPA PRESS) &#8211; Los precios industriales descendieron en agosto un 2,9% en Asturias respecto al mismo mes de 2012, lo que supone la segunda mayor ca\u00edda del pa\u00eds, s\u00f3lo por detr\u00e1s de Canarias (-3,3%), seg\u00fan datos del Instituto Nacional de Estad\u00edstica (INE) recogidos por Europa Press. En relaci\u00f3n al mes de julio, [&hellip;]<\/p>\n","protected":false},"author":1,"featured_media":2968,"comment_status":"open","ping_status":"open","sticky":false,"template":"","format":"standard","meta":{"footnotes":""},"categories":[12],"tags":[],"class_list":["post-2967","post","type-post","status-publish","format-standard","has-post-thumbnail","hentry","category-actualidad-asturias"],"aioseo_notices":[],"aioseo_head":"\n\t\t<!-- All in One SEO Pro 4.9.6.2 - aioseo.com -->\n\t<meta name=\"description\" content=\"OVIEDO, 25 Sep. (EUROPA PRESS) - Los precios industriales descendieron en agosto un 2,9% en Asturias respecto al mismo mes de 2012, lo que supone la segunda mayor ca\u00edda del pa\u00eds, s\u00f3lo por detr\u00e1s de Canarias (-3,3%), seg\u00fan datos del Instituto Nacional de Estad\u00edstica (INE) recogidos por Europa Press. En relaci\u00f3n al mes de julio,\" \/>\n\t<meta name=\"robots\" content=\"max-image-preview:large\" \/>\n\t<meta name=\"author\" content=\"El Digital de Asturias\"\/>\n\t<meta name=\"google-site-verification\" content=\"UA-38556648-1\" \/>\n\t<meta name=\"msvalidate.01\" content=\"7dfe9f3f1b24437ab69f4f2559babe99\" \/>\n\t<meta name=\"keywords\" content=\"actualidad asturias\" \/>\n\t<link rel=\"canonical\" href=\"https:\/\/www.eldigitaldeasturias.com\/noticias\/el-principado-registra-la-segunda-mayor-caida-interanual-de-los-precios-industriales\/\" \/>\n\t<meta name=\"generator\" content=\"All in One SEO Pro (AIOSEO) 4.9.6.2\" \/>\n\t\t<meta property=\"og:locale\" content=\"es_ES\" \/>\n\t\t<meta property=\"og:site_name\" content=\"El Digital de Asturias\" \/>\n\t\t<meta property=\"og:type\" content=\"article\" \/>\n\t\t<meta property=\"og:title\" content=\"El Principado registra la segunda mayor ca\u00edda interanual de los precios industriales - El Digital de Asturias\" \/>\n\t\t<meta property=\"og:description\" content=\"OVIEDO, 25 Sep. (EUROPA PRESS) - Los precios industriales descendieron en agosto un 2,9% en Asturias respecto al mismo mes de 2012, lo que supone la segunda mayor ca\u00edda del pa\u00eds, s\u00f3lo por detr\u00e1s de Canarias (-3,3%), seg\u00fan datos del Instituto Nacional de Estad\u00edstica (INE) recogidos por Europa Press. En relaci\u00f3n al mes de julio,\" \/>\n\t\t<meta property=\"og:url\" content=\"https:\/\/www.eldigitaldeasturias.com\/noticias\/el-principado-registra-la-segunda-mayor-caida-interanual-de-los-precios-industriales\/\" \/>\n\t\t<meta property=\"article:tag\" content=\"actualidad asturias\" \/>\n\t\t<meta property=\"article:published_time\" content=\"2013-09-25T11:07:05+00:00\" \/>\n\t\t<meta property=\"article:modified_time\" content=\"2013-09-25T11:07:05+00:00\" \/>\n\t\t<meta property=\"article:publisher\" content=\"https:\/\/facebook.com\/eldigitaldeasturias\" \/>\n\t\t<meta name=\"twitter:card\" content=\"summary_large_image\" \/>\n\t\t<meta name=\"twitter:title\" content=\"El Principado registra la segunda mayor ca\u00edda interanual de los precios industriales - El Digital de Asturias\" \/>\n\t\t<meta name=\"twitter:description\" content=\"OVIEDO, 25 Sep. (EUROPA PRESS) - Los precios industriales descendieron en agosto un 2,9% en Asturias respecto al mismo mes de 2012, lo que supone la segunda mayor ca\u00edda del pa\u00eds, s\u00f3lo por detr\u00e1s de Canarias (-3,3%), seg\u00fan datos del Instituto Nacional de Estad\u00edstica (INE) recogidos por Europa Press. En relaci\u00f3n al mes de julio,\" \/>\n\t\t<meta name=\"twitter:label1\" content=\"Escrito por\" \/>\n\t\t<meta name=\"twitter:data1\" content=\"El Digital de Asturias\" \/>\n\t\t<meta name=\"twitter:label2\" content=\"Tiempo de lectura estimado\" \/>\n\t\t<meta name=\"twitter:data2\" content=\"2 minutos\" \/>\n\t\t<script type=\"application\/ld+json\" class=\"aioseo-schema\">\n\t\t\t{\"@context\":\"https:\\\/\\\/schema.org\",\"@graph\":[{\"@type\":\"BlogPosting\",\"@id\":\"https:\\\/\\\/www.eldigitaldeasturias.com\\\/noticias\\\/el-principado-registra-la-segunda-mayor-caida-interanual-de-los-precios-industriales\\\/#blogposting\",\"name\":\"El Principado registra la segunda mayor ca\\u00edda interanual de los precios industriales - El Digital de Asturias\",\"headline\":\"El Principado registra la segunda mayor ca\\u00edda interanual de los precios industriales\",\"author\":{\"@id\":\"https:\\\/\\\/www.eldigitaldeasturias.com\\\/noticias\\\/author\\\/admin\\\/#author\"},\"publisher\":{\"@id\":\"https:\\\/\\\/www.eldigitaldeasturias.com\\\/noticias\\\/#organization\"},\"image\":{\"@type\":\"ImageObject\",\"url\":2968},\"datePublished\":\"2013-09-25T11:07:05+02:00\",\"dateModified\":\"2013-09-25T11:07:05+02:00\",\"inLanguage\":\"es-ES\",\"mainEntityOfPage\":{\"@id\":\"https:\\\/\\\/www.eldigitaldeasturias.com\\\/noticias\\\/el-principado-registra-la-segunda-mayor-caida-interanual-de-los-precios-industriales\\\/#webpage\"},\"isPartOf\":{\"@id\":\"https:\\\/\\\/www.eldigitaldeasturias.com\\\/noticias\\\/el-principado-registra-la-segunda-mayor-caida-interanual-de-los-precios-industriales\\\/#webpage\"},\"articleSection\":\"Actualidad Asturias\"},{\"@type\":\"BreadcrumbList\",\"@id\":\"https:\\\/\\\/www.eldigitaldeasturias.com\\\/noticias\\\/el-principado-registra-la-segunda-mayor-caida-interanual-de-los-precios-industriales\\\/#breadcrumblist\",\"itemListElement\":[{\"@type\":\"ListItem\",\"@id\":\"https:\\\/\\\/www.eldigitaldeasturias.com\\\/noticias#listItem\",\"position\":1,\"name\":\"Home\",\"item\":\"https:\\\/\\\/www.eldigitaldeasturias.com\\\/noticias\",\"nextItem\":{\"@type\":\"ListItem\",\"@id\":\"https:\\\/\\\/www.eldigitaldeasturias.com\\\/noticias\\\/category\\\/actualidad-asturias\\\/#listItem\",\"name\":\"Actualidad Asturias\"}},{\"@type\":\"ListItem\",\"@id\":\"https:\\\/\\\/www.eldigitaldeasturias.com\\\/noticias\\\/category\\\/actualidad-asturias\\\/#listItem\",\"position\":2,\"name\":\"Actualidad Asturias\",\"item\":\"https:\\\/\\\/www.eldigitaldeasturias.com\\\/noticias\\\/category\\\/actualidad-asturias\\\/\",\"nextItem\":{\"@type\":\"ListItem\",\"@id\":\"https:\\\/\\\/www.eldigitaldeasturias.com\\\/noticias\\\/el-principado-registra-la-segunda-mayor-caida-interanual-de-los-precios-industriales\\\/#listItem\",\"name\":\"El Principado registra la segunda mayor ca\\u00edda interanual de los precios industriales\"},\"previousItem\":{\"@type\":\"ListItem\",\"@id\":\"https:\\\/\\\/www.eldigitaldeasturias.com\\\/noticias#listItem\",\"name\":\"Home\"}},{\"@type\":\"ListItem\",\"@id\":\"https:\\\/\\\/www.eldigitaldeasturias.com\\\/noticias\\\/el-principado-registra-la-segunda-mayor-caida-interanual-de-los-precios-industriales\\\/#listItem\",\"position\":3,\"name\":\"El Principado registra la segunda mayor ca\\u00edda interanual de los precios industriales\",\"previousItem\":{\"@type\":\"ListItem\",\"@id\":\"https:\\\/\\\/www.eldigitaldeasturias.com\\\/noticias\\\/category\\\/actualidad-asturias\\\/#listItem\",\"name\":\"Actualidad Asturias\"}}]},{\"@type\":\"Organization\",\"@id\":\"https:\\\/\\\/www.eldigitaldeasturias.com\\\/noticias\\\/#organization\",\"name\":\"El Digital de Asturias\",\"description\":\"Hemeroteca\",\"url\":\"https:\\\/\\\/www.eldigitaldeasturias.com\\\/noticias\\\/\",\"email\":\"info@eldigitaldeasturias.com\",\"telephone\":\"+34652131393\",\"logo\":{\"@type\":\"ImageObject\",\"url\":\"https:\\\/\\\/www.eldigitaldeasturias.com\\\/noticias\\\/wp-content\\\/uploads\\\/2020\\\/12\\\/EDA.jpg\",\"@id\":\"https:\\\/\\\/www.eldigitaldeasturias.com\\\/noticias\\\/el-principado-registra-la-segunda-mayor-caida-interanual-de-los-precios-industriales\\\/#organizationLogo\",\"width\":649,\"height\":297},\"image\":{\"@id\":\"https:\\\/\\\/www.eldigitaldeasturias.com\\\/noticias\\\/el-principado-registra-la-segunda-mayor-caida-interanual-de-los-precios-industriales\\\/#organizationLogo\"},\"sameAs\":[\"https:\\\/\\\/facebook.com\\\/eldigitaldeasturias\",\"https:\\\/\\\/www.youtube.com\\\/channel\\\/UCZP-2wLEB9Rv6erhFmqVnvg\"],\"address\":{\"@id\":\"https:\\\/\\\/www.eldigitaldeasturias.com\\\/noticias\\\/#postaladdress\",\"@type\":\"PostalAddress\",\"streetAddress\":\"san antonio 4,\",\"postalCode\":\"33430\",\"addressLocality\":\"Cand\\u00e1s\",\"addressRegion\":\"Asturias\",\"addressCountry\":\"ES\"}},{\"@type\":\"Person\",\"@id\":\"https:\\\/\\\/www.eldigitaldeasturias.com\\\/noticias\\\/author\\\/admin\\\/#author\",\"url\":\"https:\\\/\\\/www.eldigitaldeasturias.com\\\/noticias\\\/author\\\/admin\\\/\",\"name\":\"El Digital de Asturias\",\"image\":{\"@type\":\"ImageObject\",\"@id\":\"https:\\\/\\\/www.eldigitaldeasturias.com\\\/noticias\\\/el-principado-registra-la-segunda-mayor-caida-interanual-de-los-precios-industriales\\\/#authorImage\",\"url\":\"https:\\\/\\\/www.eldigitaldeasturias.com\\\/noticias\\\/wp-content\\\/litespeed\\\/avatar\\\/18677e78aa0546b92d9dbf31ec7d7668.jpg?ver=1777290358\",\"width\":96,\"height\":96,\"caption\":\"El Digital de Asturias\"}},{\"@type\":\"WebPage\",\"@id\":\"https:\\\/\\\/www.eldigitaldeasturias.com\\\/noticias\\\/el-principado-registra-la-segunda-mayor-caida-interanual-de-los-precios-industriales\\\/#webpage\",\"url\":\"https:\\\/\\\/www.eldigitaldeasturias.com\\\/noticias\\\/el-principado-registra-la-segunda-mayor-caida-interanual-de-los-precios-industriales\\\/\",\"name\":\"El Principado registra la segunda mayor ca\\u00edda interanual de los precios industriales - El Digital de Asturias\",\"description\":\"OVIEDO, 25 Sep. (EUROPA PRESS) - Los precios industriales descendieron en agosto un 2,9% en Asturias respecto al mismo mes de 2012, lo que supone la segunda mayor ca\\u00edda del pa\\u00eds, s\\u00f3lo por detr\\u00e1s de Canarias (-3,3%), seg\\u00fan datos del Instituto Nacional de Estad\\u00edstica (INE) recogidos por Europa Press. En relaci\\u00f3n al mes de julio,\",\"inLanguage\":\"es-ES\",\"isPartOf\":{\"@id\":\"https:\\\/\\\/www.eldigitaldeasturias.com\\\/noticias\\\/#website\"},\"breadcrumb\":{\"@id\":\"https:\\\/\\\/www.eldigitaldeasturias.com\\\/noticias\\\/el-principado-registra-la-segunda-mayor-caida-interanual-de-los-precios-industriales\\\/#breadcrumblist\"},\"author\":{\"@id\":\"https:\\\/\\\/www.eldigitaldeasturias.com\\\/noticias\\\/author\\\/admin\\\/#author\"},\"creator\":{\"@id\":\"https:\\\/\\\/www.eldigitaldeasturias.com\\\/noticias\\\/author\\\/admin\\\/#author\"},\"image\":{\"@type\":\"ImageObject\",\"url\":2968,\"@id\":\"https:\\\/\\\/www.eldigitaldeasturias.com\\\/noticias\\\/el-principado-registra-la-segunda-mayor-caida-interanual-de-los-precios-industriales\\\/#mainImage\"},\"primaryImageOfPage\":{\"@id\":\"https:\\\/\\\/www.eldigitaldeasturias.com\\\/noticias\\\/el-principado-registra-la-segunda-mayor-caida-interanual-de-los-precios-industriales\\\/#mainImage\"},\"datePublished\":\"2013-09-25T11:07:05+02:00\",\"dateModified\":\"2013-09-25T11:07:05+02:00\"},{\"@type\":\"WebSite\",\"@id\":\"https:\\\/\\\/www.eldigitaldeasturias.com\\\/noticias\\\/#website\",\"url\":\"https:\\\/\\\/www.eldigitaldeasturias.com\\\/noticias\\\/\",\"name\":\"El Digital de Asturias - Diario de actualidad y noticias\",\"alternateName\":\"El Digital de Asturias - Diario de actualidad y noticias\",\"description\":\"Hemeroteca\",\"inLanguage\":\"es-ES\",\"publisher\":{\"@id\":\"https:\\\/\\\/www.eldigitaldeasturias.com\\\/noticias\\\/#organization\"}}]}\n\t\t<\/script>\n\t\t<!-- All in One SEO Pro -->\r\n\t\t<title>El Principado registra la segunda mayor ca\u00edda interanual de los precios industriales - El Digital de Asturias<\/title>\n\n","aioseo_head_json":{"title":"El Principado registra la segunda mayor ca\u00edda interanual de los precios industriales - El Digital de Asturias","description":"OVIEDO, 25 Sep. (EUROPA PRESS) - Los precios industriales descendieron en agosto un 2,9% en Asturias respecto al mismo mes de 2012, lo que supone la segunda mayor ca\u00edda del pa\u00eds, s\u00f3lo por detr\u00e1s de Canarias (-3,3%), seg\u00fan datos del Instituto Nacional de Estad\u00edstica (INE) recogidos por Europa Press. En relaci\u00f3n al mes de julio,","canonical_url":"https:\/\/www.eldigitaldeasturias.com\/noticias\/el-principado-registra-la-segunda-mayor-caida-interanual-de-los-precios-industriales\/","robots":"max-image-preview:large","keywords":"actualidad asturias","webmasterTools":{"google-site-verification":"UA-38556648-1","msvalidate.01":"7dfe9f3f1b24437ab69f4f2559babe99","miscellaneous":""},"schema":{"@context":"https:\/\/schema.org","@graph":[{"@type":"BlogPosting","@id":"https:\/\/www.eldigitaldeasturias.com\/noticias\/el-principado-registra-la-segunda-mayor-caida-interanual-de-los-precios-industriales\/#blogposting","name":"El Principado registra la segunda mayor ca\u00edda interanual de los precios industriales - El Digital de Asturias","headline":"El Principado registra la segunda mayor ca\u00edda interanual de los precios industriales","author":{"@id":"https:\/\/www.eldigitaldeasturias.com\/noticias\/author\/admin\/#author"},"publisher":{"@id":"https:\/\/www.eldigitaldeasturias.com\/noticias\/#organization"},"image":{"@type":"ImageObject","url":2968},"datePublished":"2013-09-25T11:07:05+02:00","dateModified":"2013-09-25T11:07:05+02:00","inLanguage":"es-ES","mainEntityOfPage":{"@id":"https:\/\/www.eldigitaldeasturias.com\/noticias\/el-principado-registra-la-segunda-mayor-caida-interanual-de-los-precios-industriales\/#webpage"},"isPartOf":{"@id":"https:\/\/www.eldigitaldeasturias.com\/noticias\/el-principado-registra-la-segunda-mayor-caida-interanual-de-los-precios-industriales\/#webpage"},"articleSection":"Actualidad Asturias"},{"@type":"BreadcrumbList","@id":"https:\/\/www.eldigitaldeasturias.com\/noticias\/el-principado-registra-la-segunda-mayor-caida-interanual-de-los-precios-industriales\/#breadcrumblist","itemListElement":[{"@type":"ListItem","@id":"https:\/\/www.eldigitaldeasturias.com\/noticias#listItem","position":1,"name":"Home","item":"https:\/\/www.eldigitaldeasturias.com\/noticias","nextItem":{"@type":"ListItem","@id":"https:\/\/www.eldigitaldeasturias.com\/noticias\/category\/actualidad-asturias\/#listItem","name":"Actualidad Asturias"}},{"@type":"ListItem","@id":"https:\/\/www.eldigitaldeasturias.com\/noticias\/category\/actualidad-asturias\/#listItem","position":2,"name":"Actualidad Asturias","item":"https:\/\/www.eldigitaldeasturias.com\/noticias\/category\/actualidad-asturias\/","nextItem":{"@type":"ListItem","@id":"https:\/\/www.eldigitaldeasturias.com\/noticias\/el-principado-registra-la-segunda-mayor-caida-interanual-de-los-precios-industriales\/#listItem","name":"El Principado registra la segunda mayor ca\u00edda interanual de los precios industriales"},"previousItem":{"@type":"ListItem","@id":"https:\/\/www.eldigitaldeasturias.com\/noticias#listItem","name":"Home"}},{"@type":"ListItem","@id":"https:\/\/www.eldigitaldeasturias.com\/noticias\/el-principado-registra-la-segunda-mayor-caida-interanual-de-los-precios-industriales\/#listItem","position":3,"name":"El Principado registra la segunda mayor ca\u00edda interanual de los precios industriales","previousItem":{"@type":"ListItem","@id":"https:\/\/www.eldigitaldeasturias.com\/noticias\/category\/actualidad-asturias\/#listItem","name":"Actualidad Asturias"}}]},{"@type":"Organization","@id":"https:\/\/www.eldigitaldeasturias.com\/noticias\/#organization","name":"El Digital de Asturias","description":"Hemeroteca","url":"https:\/\/www.eldigitaldeasturias.com\/noticias\/","email":"info@eldigitaldeasturias.com","telephone":"+34652131393","logo":{"@type":"ImageObject","url":"https:\/\/www.eldigitaldeasturias.com\/noticias\/wp-content\/uploads\/2020\/12\/EDA.jpg","@id":"https:\/\/www.eldigitaldeasturias.com\/noticias\/el-principado-registra-la-segunda-mayor-caida-interanual-de-los-precios-industriales\/#organizationLogo","width":649,"height":297},"image":{"@id":"https:\/\/www.eldigitaldeasturias.com\/noticias\/el-principado-registra-la-segunda-mayor-caida-interanual-de-los-precios-industriales\/#organizationLogo"},"sameAs":["https:\/\/facebook.com\/eldigitaldeasturias","https:\/\/www.youtube.com\/channel\/UCZP-2wLEB9Rv6erhFmqVnvg"],"address":{"@id":"https:\/\/www.eldigitaldeasturias.com\/noticias\/#postaladdress","@type":"PostalAddress","streetAddress":"san antonio 4,","postalCode":"33430","addressLocality":"Cand\u00e1s","addressRegion":"Asturias","addressCountry":"ES"}},{"@type":"Person","@id":"https:\/\/www.eldigitaldeasturias.com\/noticias\/author\/admin\/#author","url":"https:\/\/www.eldigitaldeasturias.com\/noticias\/author\/admin\/","name":"El Digital de Asturias","image":{"@type":"ImageObject","@id":"https:\/\/www.eldigitaldeasturias.com\/noticias\/el-principado-registra-la-segunda-mayor-caida-interanual-de-los-precios-industriales\/#authorImage","url":"https:\/\/www.eldigitaldeasturias.com\/noticias\/wp-content\/litespeed\/avatar\/18677e78aa0546b92d9dbf31ec7d7668.jpg?ver=1777290358","width":96,"height":96,"caption":"El Digital de Asturias"}},{"@type":"WebPage","@id":"https:\/\/www.eldigitaldeasturias.com\/noticias\/el-principado-registra-la-segunda-mayor-caida-interanual-de-los-precios-industriales\/#webpage","url":"https:\/\/www.eldigitaldeasturias.com\/noticias\/el-principado-registra-la-segunda-mayor-caida-interanual-de-los-precios-industriales\/","name":"El Principado registra la segunda mayor ca\u00edda interanual de los precios industriales - El Digital de Asturias","description":"OVIEDO, 25 Sep. (EUROPA PRESS) - Los precios industriales descendieron en agosto un 2,9% en Asturias respecto al mismo mes de 2012, lo que supone la segunda mayor ca\u00edda del pa\u00eds, s\u00f3lo por detr\u00e1s de Canarias (-3,3%), seg\u00fan datos del Instituto Nacional de Estad\u00edstica (INE) recogidos por Europa Press. En relaci\u00f3n al mes de julio,","inLanguage":"es-ES","isPartOf":{"@id":"https:\/\/www.eldigitaldeasturias.com\/noticias\/#website"},"breadcrumb":{"@id":"https:\/\/www.eldigitaldeasturias.com\/noticias\/el-principado-registra-la-segunda-mayor-caida-interanual-de-los-precios-industriales\/#breadcrumblist"},"author":{"@id":"https:\/\/www.eldigitaldeasturias.com\/noticias\/author\/admin\/#author"},"creator":{"@id":"https:\/\/www.eldigitaldeasturias.com\/noticias\/author\/admin\/#author"},"image":{"@type":"ImageObject","url":2968,"@id":"https:\/\/www.eldigitaldeasturias.com\/noticias\/el-principado-registra-la-segunda-mayor-caida-interanual-de-los-precios-industriales\/#mainImage"},"primaryImageOfPage":{"@id":"https:\/\/www.eldigitaldeasturias.com\/noticias\/el-principado-registra-la-segunda-mayor-caida-interanual-de-los-precios-industriales\/#mainImage"},"datePublished":"2013-09-25T11:07:05+02:00","dateModified":"2013-09-25T11:07:05+02:00"},{"@type":"WebSite","@id":"https:\/\/www.eldigitaldeasturias.com\/noticias\/#website","url":"https:\/\/www.eldigitaldeasturias.com\/noticias\/","name":"El Digital de Asturias - Diario de actualidad y noticias","alternateName":"El Digital de Asturias - Diario de actualidad y noticias","description":"Hemeroteca","inLanguage":"es-ES","publisher":{"@id":"https:\/\/www.eldigitaldeasturias.com\/noticias\/#organization"}}]},"og:locale":"es_ES","og:site_name":"El Digital de Asturias","og:type":"article","og:title":"El Principado registra la segunda mayor ca\u00edda interanual de los precios industriales - El Digital de Asturias","og:description":"OVIEDO, 25 Sep. (EUROPA PRESS) - Los precios industriales descendieron en agosto un 2,9% en Asturias respecto al mismo mes de 2012, lo que supone la segunda mayor ca\u00edda del pa\u00eds, s\u00f3lo por detr\u00e1s de Canarias (-3,3%), seg\u00fan datos del Instituto Nacional de Estad\u00edstica (INE) recogidos por Europa Press. En relaci\u00f3n al mes de julio,","og:url":"https:\/\/www.eldigitaldeasturias.com\/noticias\/el-principado-registra-la-segunda-mayor-caida-interanual-de-los-precios-industriales\/","article:tag":["actualidad asturias"],"article:published_time":"2013-09-25T11:07:05+00:00","article:modified_time":"2013-09-25T11:07:05+00:00","article:publisher":"https:\/\/facebook.com\/eldigitaldeasturias","twitter:card":"summary_large_image","twitter:title":"El Principado registra la segunda mayor ca\u00edda interanual de los precios industriales - El Digital de Asturias","twitter:description":"OVIEDO, 25 Sep. (EUROPA PRESS) - Los precios industriales descendieron en agosto un 2,9% en Asturias respecto al mismo mes de 2012, lo que supone la segunda mayor ca\u00edda del pa\u00eds, s\u00f3lo por detr\u00e1s de Canarias (-3,3%), seg\u00fan datos del Instituto Nacional de Estad\u00edstica (INE) recogidos por Europa Press. En relaci\u00f3n al mes de julio,","twitter:label1":"Escrito por","twitter:data1":"El Digital de Asturias","twitter:label2":"Tiempo de lectura estimado","twitter:data2":"2 minutos"},"aioseo_meta_data":{"post_id":"2967","title":null,"description":null,"keywords":null,"keyphrases":null,"primary_term":null,"canonical_url":null,"og_title":null,"og_description":null,"og_object_type":"default","og_image_type":"default","og_image_url":null,"og_image_width":null,"og_image_height":null,"og_image_custom_url":null,"og_image_custom_fields":null,"og_video":null,"og_custom_url":null,"og_article_section":null,"og_article_tags":null,"twitter_use_og":true,"twitter_card":"default","twitter_image_type":"default","twitter_image_url":null,"twitter_image_custom_url":null,"twitter_image_custom_fields":null,"twitter_title":null,"twitter_description":null,"schema":{"blockGraphs":[],"customGraphs":[],"default":{"data":{"Article":[],"Course":[],"Dataset":[],"FAQPage":[],"Movie":[],"Person":[],"Product":[],"ProductReview":[],"Car":[],"Recipe":[],"Service":[],"SoftwareApplication":[],"WebPage":[]},"graphName":"","isEnabled":true},"graphs":[],"defaultGraph":"","defaultPostTypeGraph":""},"schema_type":null,"schema_type_options":null,"pillar_content":false,"robots_default":true,"robots_noindex":false,"robots_noarchive":false,"robots_nosnippet":false,"robots_nofollow":false,"robots_noimageindex":false,"robots_noodp":false,"robots_notranslate":false,"robots_max_snippet":null,"robots_max_videopreview":null,"robots_max_imagepreview":"none","priority":null,"frequency":null,"local_seo":null,"seo_analyzer_scan_date":"2025-08-21 05:23:09","breadcrumb_settings":null,"limit_modified_date":false,"open_ai":null,"ai":null,"created":"2020-11-14 22:37:00","updated":"2025-08-21 05:23:09"},"aioseo_breadcrumb":"<div class=\"aioseo-breadcrumbs\"><span class=\"aioseo-breadcrumb\">\n\t<a href=\"https:\/\/www.eldigitaldeasturias.com\/noticias\" title=\"Home\">Home<\/a>\n<\/span><span class=\"aioseo-breadcrumb-separator\">\u2013<\/span><span class=\"aioseo-breadcrumb\">\n\t<a href=\"https:\/\/www.eldigitaldeasturias.com\/noticias\/category\/actualidad-asturias\/\" title=\"Actualidad Asturias\">Actualidad Asturias<\/a>\n<\/span><span class=\"aioseo-breadcrumb-separator\">\u2013<\/span><span class=\"aioseo-breadcrumb\">\n\t<a href=\"https:\/\/www.eldigitaldeasturias.com\/noticias\/el-principado-registra-la-segunda-mayor-caida-interanual-de-los-precios-industriales\/\" title=\"El Principado registra la segunda mayor ca\u00edda interanual de los precios industriales\">El Principado registra la segunda mayor ca\u00edda interanual de los precios industriales<\/a>\n<\/span><\/div>","aioseo_breadcrumb_json":[{"label":"Home","link":"https:\/\/www.eldigitaldeasturias.com\/noticias"},{"label":"Actualidad Asturias","link":"https:\/\/www.eldigitaldeasturias.com\/noticias\/category\/actualidad-asturias\/"},{"label":"El Principado registra la segunda mayor ca\u00edda interanual de los precios industriales","link":"https:\/\/www.eldigitaldeasturias.com\/noticias\/el-principado-registra-la-segunda-mayor-caida-interanual-de-los-precios-industriales\/"}],"_links":{"self":[{"href":"https:\/\/www.eldigitaldeasturias.com\/noticias\/wp-json\/wp\/v2\/posts\/2967","targetHints":{"allow":["GET"]}}],"collection":[{"href":"https:\/\/www.eldigitaldeasturias.com\/noticias\/wp-json\/wp\/v2\/posts"}],"about":[{"href":"https:\/\/www.eldigitaldeasturias.com\/noticias\/wp-json\/wp\/v2\/types\/post"}],"author":[{"embeddable":true,"href":"https:\/\/www.eldigitaldeasturias.com\/noticias\/wp-json\/wp\/v2\/users\/1"}],"replies":[{"embeddable":true,"href":"https:\/\/www.eldigitaldeasturias.com\/noticias\/wp-json\/wp\/v2\/comments?post=2967"}],"version-history":[{"count":0,"href":"https:\/\/www.eldigitaldeasturias.com\/noticias\/wp-json\/wp\/v2\/posts\/2967\/revisions"}],"wp:featuredmedia":[{"embeddable":true,"href":"https:\/\/www.eldigitaldeasturias.com\/noticias\/wp-json\/"}],"wp:attachment":[{"href":"https:\/\/www.eldigitaldeasturias.com\/noticias\/wp-json\/wp\/v2\/media?parent=2967"}],"wp:term":[{"taxonomy":"category","embeddable":true,"href":"https:\/\/www.eldigitaldeasturias.com\/noticias\/wp-json\/wp\/v2\/categories?post=2967"},{"taxonomy":"post_tag","embeddable":true,"href":"https:\/\/www.eldigitaldeasturias.com\/noticias\/wp-json\/wp\/v2\/tags?post=2967"}],"curies":[{"name":"wp","href":"https:\/\/api.w.org\/{rel}","templated":true}]}}