{"id":2960,"date":"2013-09-25T00:42:14","date_gmt":"2013-09-25T00:42:14","guid":{"rendered":"http:\/\/www.eldigitaldeasturias.com\/noticias\/?p=2960"},"modified":"2013-09-25T00:42:14","modified_gmt":"2013-09-25T00:42:14","slug":"el-rey-juan-carlos-tendra-que-volver-a-ser-operado-en-ocho-semanas","status":"publish","type":"post","link":"https:\/\/www.eldigitaldeasturias.com\/noticias\/el-rey-juan-carlos-tendra-que-volver-a-ser-operado-en-ocho-semanas\/","title":{"rendered":"El rey Juan Carlos tendr\u00e1 que volver a ser operado en ocho semanas"},"content":{"rendered":"<p><img loading=\"lazy\" decoding=\"async\" class=\"alignleft size-medium wp-image-2836\" alt=\"fotonoticia_20130924203752_800\" src=\"https:\/\/www.eldigitaldeasturias.com\/noticias\/wp-content\/uploads\/2013\/09\/fotonoticia_20130924203752_800-360x240.jpg\" width=\"360\" height=\"240\" \/>Madrid, 24 sep (dpa) &#8211; El rey Juan Carlos de Espa\u00f1a tendr\u00e1 que someterse dentro de unas ocho semanas a una nueva intervenci\u00f3n de la cadera izquierda, de la que fue operado hoy en Madrid por la infecci\u00f3n que sufr\u00eda en la pr\u00f3tesis que le implantaron hace 10 meses.<\/p>\n<p>La convalecencia le impedir\u00e1 asistir a la Cumbre Iberoamericana del 17 y 18 de octubre en Panam\u00e1, as\u00ed como a la celebraci\u00f3n de la fiesta nacional, el 12 de ese mes.<\/p>\n<p>\u00abHoy le hemos colocado una pr\u00f3tesis temporal que tendr\u00e1 que estar un periodo de tiempo no inferior a ocho semanas\u00bb, explic\u00f3 en rueda de prensa el cirujano Miguel Cabanela, que estuvo al frente del equipo que lo oper\u00f3.<\/p>\n<p>El monarca estar\u00e1 ahora seis semanas con antibi\u00f3tico intravenoso y tras otras dos sin \u00e9l, \u00abser\u00e1 posible colocarle la pr\u00f3tesis definitiva\u00bb, dijo el m\u00e9dico espa\u00f1ol, llegado de la prestigiosa cl\u00ednica Mayo de Estados Unidos.<\/p>\n<p>La intervenci\u00f3n en dos tiempos era algo que el cirujano barajaba ya desde que analiz\u00f3 al rey la semana pasada y que asegur\u00f3 que solo sabr\u00eda si hab\u00eda que hacer cuando lo operara.<\/p>\n<p>El cirujano asegur\u00f3 que la intervenci\u00f3n de hoy fue bien. \u00abHa sido todo afortunadamente bueno\u00bb, dijo en el Hospital Universitario Quir\u00f3n, un centro privado de la localidad madrile\u00f1a de Pozuelo.<\/p>\n","protected":false},"excerpt":{"rendered":"<p>Madrid, 24 sep (dpa) &#8211; El rey Juan Carlos de Espa\u00f1a tendr\u00e1 que someterse dentro de unas ocho semanas a una nueva intervenci\u00f3n de la cadera izquierda, de la que fue operado hoy en Madrid por la infecci\u00f3n que sufr\u00eda en la pr\u00f3tesis que le implantaron hace 10 meses. La convalecencia le impedir\u00e1 asistir a [&hellip;]<\/p>\n","protected":false},"author":1,"featured_media":2836,"comment_status":"open","ping_status":"open","sticky":false,"template":"","format":"standard","meta":{"footnotes":""},"categories":[1],"tags":[],"class_list":["post-2960","post","type-post","status-publish","format-standard","has-post-thumbnail","hentry","category-actualidad"],"aioseo_notices":[],"aioseo_head":"\n\t\t<!-- All in One SEO Pro 4.9.6.2 - aioseo.com -->\n\t<meta name=\"description\" content=\"Madrid, 24 sep (dpa) - El rey Juan Carlos de Espa\u00f1a tendr\u00e1 que someterse dentro de unas ocho semanas a una nueva intervenci\u00f3n de la cadera izquierda, de la que fue operado hoy en Madrid por la infecci\u00f3n que sufr\u00eda en la pr\u00f3tesis que le implantaron hace 10 meses. La convalecencia le impedir\u00e1 asistir a\" \/>\n\t<meta name=\"robots\" content=\"max-image-preview:large\" \/>\n\t<meta name=\"author\" content=\"El Digital de Asturias\"\/>\n\t<meta name=\"google-site-verification\" content=\"UA-38556648-1\" \/>\n\t<meta name=\"msvalidate.01\" content=\"7dfe9f3f1b24437ab69f4f2559babe99\" \/>\n\t<meta name=\"keywords\" content=\"actualidad\" \/>\n\t<link rel=\"canonical\" href=\"https:\/\/www.eldigitaldeasturias.com\/noticias\/el-rey-juan-carlos-tendra-que-volver-a-ser-operado-en-ocho-semanas\/\" \/>\n\t<meta name=\"generator\" content=\"All in One SEO Pro (AIOSEO) 4.9.6.2\" \/>\n\t\t<meta property=\"og:locale\" content=\"es_ES\" \/>\n\t\t<meta property=\"og:site_name\" content=\"El Digital de Asturias\" \/>\n\t\t<meta property=\"og:type\" content=\"article\" \/>\n\t\t<meta property=\"og:title\" content=\"El rey Juan Carlos tendr\u00e1 que volver a ser operado en ocho semanas - El Digital de Asturias\" \/>\n\t\t<meta property=\"og:description\" content=\"Madrid, 24 sep (dpa) - El rey Juan Carlos de Espa\u00f1a tendr\u00e1 que someterse dentro de unas ocho semanas a una nueva intervenci\u00f3n de la cadera izquierda, de la que fue operado hoy en Madrid por la infecci\u00f3n que sufr\u00eda en la pr\u00f3tesis que le implantaron hace 10 meses. La convalecencia le impedir\u00e1 asistir a\" \/>\n\t\t<meta property=\"og:url\" content=\"https:\/\/www.eldigitaldeasturias.com\/noticias\/el-rey-juan-carlos-tendra-que-volver-a-ser-operado-en-ocho-semanas\/\" \/>\n\t\t<meta property=\"article:tag\" content=\"actualidad\" \/>\n\t\t<meta property=\"article:published_time\" content=\"2013-09-25T00:42:14+00:00\" \/>\n\t\t<meta property=\"article:modified_time\" content=\"2013-09-25T00:42:14+00:00\" \/>\n\t\t<meta property=\"article:publisher\" content=\"https:\/\/facebook.com\/eldigitaldeasturias\" \/>\n\t\t<meta name=\"twitter:card\" content=\"summary_large_image\" \/>\n\t\t<meta name=\"twitter:title\" content=\"El rey Juan Carlos tendr\u00e1 que volver a ser operado en ocho semanas - El Digital de Asturias\" \/>\n\t\t<meta name=\"twitter:description\" content=\"Madrid, 24 sep (dpa) - El rey Juan Carlos de Espa\u00f1a tendr\u00e1 que someterse dentro de unas ocho semanas a una nueva intervenci\u00f3n de la cadera izquierda, de la que fue operado hoy en Madrid por la infecci\u00f3n que sufr\u00eda en la pr\u00f3tesis que le implantaron hace 10 meses. La convalecencia le impedir\u00e1 asistir a\" \/>\n\t\t<meta name=\"twitter:label1\" content=\"Escrito por\" \/>\n\t\t<meta name=\"twitter:data1\" content=\"El Digital de Asturias\" \/>\n\t\t<meta name=\"twitter:label2\" content=\"Tiempo de lectura estimado\" \/>\n\t\t<meta name=\"twitter:data2\" content=\"1 minuto\" \/>\n\t\t<script type=\"application\/ld+json\" class=\"aioseo-schema\">\n\t\t\t{\"@context\":\"https:\\\/\\\/schema.org\",\"@graph\":[{\"@type\":\"BlogPosting\",\"@id\":\"https:\\\/\\\/www.eldigitaldeasturias.com\\\/noticias\\\/el-rey-juan-carlos-tendra-que-volver-a-ser-operado-en-ocho-semanas\\\/#blogposting\",\"name\":\"El rey Juan Carlos tendr\\u00e1 que volver a ser operado en ocho semanas - El Digital de Asturias\",\"headline\":\"El rey Juan Carlos tendr\\u00e1 que volver a ser operado en ocho semanas\",\"author\":{\"@id\":\"https:\\\/\\\/www.eldigitaldeasturias.com\\\/noticias\\\/author\\\/admin\\\/#author\"},\"publisher\":{\"@id\":\"https:\\\/\\\/www.eldigitaldeasturias.com\\\/noticias\\\/#organization\"},\"image\":{\"@type\":\"ImageObject\",\"url\":2836},\"datePublished\":\"2013-09-25T00:42:14+02:00\",\"dateModified\":\"2013-09-25T00:42:14+02:00\",\"inLanguage\":\"es-ES\",\"mainEntityOfPage\":{\"@id\":\"https:\\\/\\\/www.eldigitaldeasturias.com\\\/noticias\\\/el-rey-juan-carlos-tendra-que-volver-a-ser-operado-en-ocho-semanas\\\/#webpage\"},\"isPartOf\":{\"@id\":\"https:\\\/\\\/www.eldigitaldeasturias.com\\\/noticias\\\/el-rey-juan-carlos-tendra-que-volver-a-ser-operado-en-ocho-semanas\\\/#webpage\"},\"articleSection\":\"Actualidad\"},{\"@type\":\"BreadcrumbList\",\"@id\":\"https:\\\/\\\/www.eldigitaldeasturias.com\\\/noticias\\\/el-rey-juan-carlos-tendra-que-volver-a-ser-operado-en-ocho-semanas\\\/#breadcrumblist\",\"itemListElement\":[{\"@type\":\"ListItem\",\"@id\":\"https:\\\/\\\/www.eldigitaldeasturias.com\\\/noticias#listItem\",\"position\":1,\"name\":\"Home\",\"item\":\"https:\\\/\\\/www.eldigitaldeasturias.com\\\/noticias\",\"nextItem\":{\"@type\":\"ListItem\",\"@id\":\"https:\\\/\\\/www.eldigitaldeasturias.com\\\/noticias\\\/category\\\/actualidad\\\/#listItem\",\"name\":\"Actualidad\"}},{\"@type\":\"ListItem\",\"@id\":\"https:\\\/\\\/www.eldigitaldeasturias.com\\\/noticias\\\/category\\\/actualidad\\\/#listItem\",\"position\":2,\"name\":\"Actualidad\",\"item\":\"https:\\\/\\\/www.eldigitaldeasturias.com\\\/noticias\\\/category\\\/actualidad\\\/\",\"nextItem\":{\"@type\":\"ListItem\",\"@id\":\"https:\\\/\\\/www.eldigitaldeasturias.com\\\/noticias\\\/el-rey-juan-carlos-tendra-que-volver-a-ser-operado-en-ocho-semanas\\\/#listItem\",\"name\":\"El rey Juan Carlos tendr\\u00e1 que volver a ser operado en ocho semanas\"},\"previousItem\":{\"@type\":\"ListItem\",\"@id\":\"https:\\\/\\\/www.eldigitaldeasturias.com\\\/noticias#listItem\",\"name\":\"Home\"}},{\"@type\":\"ListItem\",\"@id\":\"https:\\\/\\\/www.eldigitaldeasturias.com\\\/noticias\\\/el-rey-juan-carlos-tendra-que-volver-a-ser-operado-en-ocho-semanas\\\/#listItem\",\"position\":3,\"name\":\"El rey Juan Carlos tendr\\u00e1 que volver a ser operado en ocho semanas\",\"previousItem\":{\"@type\":\"ListItem\",\"@id\":\"https:\\\/\\\/www.eldigitaldeasturias.com\\\/noticias\\\/category\\\/actualidad\\\/#listItem\",\"name\":\"Actualidad\"}}]},{\"@type\":\"Organization\",\"@id\":\"https:\\\/\\\/www.eldigitaldeasturias.com\\\/noticias\\\/#organization\",\"name\":\"El Digital de Asturias\",\"description\":\"Hemeroteca\",\"url\":\"https:\\\/\\\/www.eldigitaldeasturias.com\\\/noticias\\\/\",\"email\":\"info@eldigitaldeasturias.com\",\"telephone\":\"+34652131393\",\"logo\":{\"@type\":\"ImageObject\",\"url\":\"https:\\\/\\\/www.eldigitaldeasturias.com\\\/noticias\\\/wp-content\\\/uploads\\\/2020\\\/12\\\/EDA.jpg\",\"@id\":\"https:\\\/\\\/www.eldigitaldeasturias.com\\\/noticias\\\/el-rey-juan-carlos-tendra-que-volver-a-ser-operado-en-ocho-semanas\\\/#organizationLogo\",\"width\":649,\"height\":297},\"image\":{\"@id\":\"https:\\\/\\\/www.eldigitaldeasturias.com\\\/noticias\\\/el-rey-juan-carlos-tendra-que-volver-a-ser-operado-en-ocho-semanas\\\/#organizationLogo\"},\"sameAs\":[\"https:\\\/\\\/facebook.com\\\/eldigitaldeasturias\",\"https:\\\/\\\/www.youtube.com\\\/channel\\\/UCZP-2wLEB9Rv6erhFmqVnvg\"],\"address\":{\"@id\":\"https:\\\/\\\/www.eldigitaldeasturias.com\\\/noticias\\\/#postaladdress\",\"@type\":\"PostalAddress\",\"streetAddress\":\"san antonio 4,\",\"postalCode\":\"33430\",\"addressLocality\":\"Cand\\u00e1s\",\"addressRegion\":\"Asturias\",\"addressCountry\":\"ES\"}},{\"@type\":\"Person\",\"@id\":\"https:\\\/\\\/www.eldigitaldeasturias.com\\\/noticias\\\/author\\\/admin\\\/#author\",\"url\":\"https:\\\/\\\/www.eldigitaldeasturias.com\\\/noticias\\\/author\\\/admin\\\/\",\"name\":\"El Digital de Asturias\",\"image\":{\"@type\":\"ImageObject\",\"@id\":\"https:\\\/\\\/www.eldigitaldeasturias.com\\\/noticias\\\/el-rey-juan-carlos-tendra-que-volver-a-ser-operado-en-ocho-semanas\\\/#authorImage\",\"url\":\"https:\\\/\\\/www.eldigitaldeasturias.com\\\/noticias\\\/wp-content\\\/litespeed\\\/avatar\\\/18677e78aa0546b92d9dbf31ec7d7668.jpg?ver=1777290358\",\"width\":96,\"height\":96,\"caption\":\"El Digital de Asturias\"}},{\"@type\":\"WebPage\",\"@id\":\"https:\\\/\\\/www.eldigitaldeasturias.com\\\/noticias\\\/el-rey-juan-carlos-tendra-que-volver-a-ser-operado-en-ocho-semanas\\\/#webpage\",\"url\":\"https:\\\/\\\/www.eldigitaldeasturias.com\\\/noticias\\\/el-rey-juan-carlos-tendra-que-volver-a-ser-operado-en-ocho-semanas\\\/\",\"name\":\"El rey Juan Carlos tendr\\u00e1 que volver a ser operado en ocho semanas - El Digital de Asturias\",\"description\":\"Madrid, 24 sep (dpa) - El rey Juan Carlos de Espa\\u00f1a tendr\\u00e1 que someterse dentro de unas ocho semanas a una nueva intervenci\\u00f3n de la cadera izquierda, de la que fue operado hoy en Madrid por la infecci\\u00f3n que sufr\\u00eda en la pr\\u00f3tesis que le implantaron hace 10 meses. La convalecencia le impedir\\u00e1 asistir a\",\"inLanguage\":\"es-ES\",\"isPartOf\":{\"@id\":\"https:\\\/\\\/www.eldigitaldeasturias.com\\\/noticias\\\/#website\"},\"breadcrumb\":{\"@id\":\"https:\\\/\\\/www.eldigitaldeasturias.com\\\/noticias\\\/el-rey-juan-carlos-tendra-que-volver-a-ser-operado-en-ocho-semanas\\\/#breadcrumblist\"},\"author\":{\"@id\":\"https:\\\/\\\/www.eldigitaldeasturias.com\\\/noticias\\\/author\\\/admin\\\/#author\"},\"creator\":{\"@id\":\"https:\\\/\\\/www.eldigitaldeasturias.com\\\/noticias\\\/author\\\/admin\\\/#author\"},\"image\":{\"@type\":\"ImageObject\",\"url\":2836,\"@id\":\"https:\\\/\\\/www.eldigitaldeasturias.com\\\/noticias\\\/el-rey-juan-carlos-tendra-que-volver-a-ser-operado-en-ocho-semanas\\\/#mainImage\"},\"primaryImageOfPage\":{\"@id\":\"https:\\\/\\\/www.eldigitaldeasturias.com\\\/noticias\\\/el-rey-juan-carlos-tendra-que-volver-a-ser-operado-en-ocho-semanas\\\/#mainImage\"},\"datePublished\":\"2013-09-25T00:42:14+02:00\",\"dateModified\":\"2013-09-25T00:42:14+02:00\"},{\"@type\":\"WebSite\",\"@id\":\"https:\\\/\\\/www.eldigitaldeasturias.com\\\/noticias\\\/#website\",\"url\":\"https:\\\/\\\/www.eldigitaldeasturias.com\\\/noticias\\\/\",\"name\":\"El Digital de Asturias - Diario de actualidad y noticias\",\"alternateName\":\"El Digital de Asturias - Diario de actualidad y noticias\",\"description\":\"Hemeroteca\",\"inLanguage\":\"es-ES\",\"publisher\":{\"@id\":\"https:\\\/\\\/www.eldigitaldeasturias.com\\\/noticias\\\/#organization\"}}]}\n\t\t<\/script>\n\t\t<!-- All in One SEO Pro -->\r\n\t\t<title>El rey Juan Carlos tendr\u00e1 que volver a ser operado en ocho semanas - El Digital de Asturias<\/title>\n\n","aioseo_head_json":{"title":"El rey Juan Carlos tendr\u00e1 que volver a ser operado en ocho semanas - El Digital de Asturias","description":"Madrid, 24 sep (dpa) - El rey Juan Carlos de Espa\u00f1a tendr\u00e1 que someterse dentro de unas ocho semanas a una nueva intervenci\u00f3n de la cadera izquierda, de la que fue operado hoy en Madrid por la infecci\u00f3n que sufr\u00eda en la pr\u00f3tesis que le implantaron hace 10 meses. La convalecencia le impedir\u00e1 asistir a","canonical_url":"https:\/\/www.eldigitaldeasturias.com\/noticias\/el-rey-juan-carlos-tendra-que-volver-a-ser-operado-en-ocho-semanas\/","robots":"max-image-preview:large","keywords":"actualidad","webmasterTools":{"google-site-verification":"UA-38556648-1","msvalidate.01":"7dfe9f3f1b24437ab69f4f2559babe99","miscellaneous":""},"schema":{"@context":"https:\/\/schema.org","@graph":[{"@type":"BlogPosting","@id":"https:\/\/www.eldigitaldeasturias.com\/noticias\/el-rey-juan-carlos-tendra-que-volver-a-ser-operado-en-ocho-semanas\/#blogposting","name":"El rey Juan Carlos tendr\u00e1 que volver a ser operado en ocho semanas - El Digital de Asturias","headline":"El rey Juan Carlos tendr\u00e1 que volver a ser operado en ocho semanas","author":{"@id":"https:\/\/www.eldigitaldeasturias.com\/noticias\/author\/admin\/#author"},"publisher":{"@id":"https:\/\/www.eldigitaldeasturias.com\/noticias\/#organization"},"image":{"@type":"ImageObject","url":2836},"datePublished":"2013-09-25T00:42:14+02:00","dateModified":"2013-09-25T00:42:14+02:00","inLanguage":"es-ES","mainEntityOfPage":{"@id":"https:\/\/www.eldigitaldeasturias.com\/noticias\/el-rey-juan-carlos-tendra-que-volver-a-ser-operado-en-ocho-semanas\/#webpage"},"isPartOf":{"@id":"https:\/\/www.eldigitaldeasturias.com\/noticias\/el-rey-juan-carlos-tendra-que-volver-a-ser-operado-en-ocho-semanas\/#webpage"},"articleSection":"Actualidad"},{"@type":"BreadcrumbList","@id":"https:\/\/www.eldigitaldeasturias.com\/noticias\/el-rey-juan-carlos-tendra-que-volver-a-ser-operado-en-ocho-semanas\/#breadcrumblist","itemListElement":[{"@type":"ListItem","@id":"https:\/\/www.eldigitaldeasturias.com\/noticias#listItem","position":1,"name":"Home","item":"https:\/\/www.eldigitaldeasturias.com\/noticias","nextItem":{"@type":"ListItem","@id":"https:\/\/www.eldigitaldeasturias.com\/noticias\/category\/actualidad\/#listItem","name":"Actualidad"}},{"@type":"ListItem","@id":"https:\/\/www.eldigitaldeasturias.com\/noticias\/category\/actualidad\/#listItem","position":2,"name":"Actualidad","item":"https:\/\/www.eldigitaldeasturias.com\/noticias\/category\/actualidad\/","nextItem":{"@type":"ListItem","@id":"https:\/\/www.eldigitaldeasturias.com\/noticias\/el-rey-juan-carlos-tendra-que-volver-a-ser-operado-en-ocho-semanas\/#listItem","name":"El rey Juan Carlos tendr\u00e1 que volver a ser operado en ocho semanas"},"previousItem":{"@type":"ListItem","@id":"https:\/\/www.eldigitaldeasturias.com\/noticias#listItem","name":"Home"}},{"@type":"ListItem","@id":"https:\/\/www.eldigitaldeasturias.com\/noticias\/el-rey-juan-carlos-tendra-que-volver-a-ser-operado-en-ocho-semanas\/#listItem","position":3,"name":"El rey Juan Carlos tendr\u00e1 que volver a ser operado en ocho semanas","previousItem":{"@type":"ListItem","@id":"https:\/\/www.eldigitaldeasturias.com\/noticias\/category\/actualidad\/#listItem","name":"Actualidad"}}]},{"@type":"Organization","@id":"https:\/\/www.eldigitaldeasturias.com\/noticias\/#organization","name":"El Digital de Asturias","description":"Hemeroteca","url":"https:\/\/www.eldigitaldeasturias.com\/noticias\/","email":"info@eldigitaldeasturias.com","telephone":"+34652131393","logo":{"@type":"ImageObject","url":"https:\/\/www.eldigitaldeasturias.com\/noticias\/wp-content\/uploads\/2020\/12\/EDA.jpg","@id":"https:\/\/www.eldigitaldeasturias.com\/noticias\/el-rey-juan-carlos-tendra-que-volver-a-ser-operado-en-ocho-semanas\/#organizationLogo","width":649,"height":297},"image":{"@id":"https:\/\/www.eldigitaldeasturias.com\/noticias\/el-rey-juan-carlos-tendra-que-volver-a-ser-operado-en-ocho-semanas\/#organizationLogo"},"sameAs":["https:\/\/facebook.com\/eldigitaldeasturias","https:\/\/www.youtube.com\/channel\/UCZP-2wLEB9Rv6erhFmqVnvg"],"address":{"@id":"https:\/\/www.eldigitaldeasturias.com\/noticias\/#postaladdress","@type":"PostalAddress","streetAddress":"san antonio 4,","postalCode":"33430","addressLocality":"Cand\u00e1s","addressRegion":"Asturias","addressCountry":"ES"}},{"@type":"Person","@id":"https:\/\/www.eldigitaldeasturias.com\/noticias\/author\/admin\/#author","url":"https:\/\/www.eldigitaldeasturias.com\/noticias\/author\/admin\/","name":"El Digital de Asturias","image":{"@type":"ImageObject","@id":"https:\/\/www.eldigitaldeasturias.com\/noticias\/el-rey-juan-carlos-tendra-que-volver-a-ser-operado-en-ocho-semanas\/#authorImage","url":"https:\/\/www.eldigitaldeasturias.com\/noticias\/wp-content\/litespeed\/avatar\/18677e78aa0546b92d9dbf31ec7d7668.jpg?ver=1777290358","width":96,"height":96,"caption":"El Digital de Asturias"}},{"@type":"WebPage","@id":"https:\/\/www.eldigitaldeasturias.com\/noticias\/el-rey-juan-carlos-tendra-que-volver-a-ser-operado-en-ocho-semanas\/#webpage","url":"https:\/\/www.eldigitaldeasturias.com\/noticias\/el-rey-juan-carlos-tendra-que-volver-a-ser-operado-en-ocho-semanas\/","name":"El rey Juan Carlos tendr\u00e1 que volver a ser operado en ocho semanas - El Digital de Asturias","description":"Madrid, 24 sep (dpa) - El rey Juan Carlos de Espa\u00f1a tendr\u00e1 que someterse dentro de unas ocho semanas a una nueva intervenci\u00f3n de la cadera izquierda, de la que fue operado hoy en Madrid por la infecci\u00f3n que sufr\u00eda en la pr\u00f3tesis que le implantaron hace 10 meses. La convalecencia le impedir\u00e1 asistir a","inLanguage":"es-ES","isPartOf":{"@id":"https:\/\/www.eldigitaldeasturias.com\/noticias\/#website"},"breadcrumb":{"@id":"https:\/\/www.eldigitaldeasturias.com\/noticias\/el-rey-juan-carlos-tendra-que-volver-a-ser-operado-en-ocho-semanas\/#breadcrumblist"},"author":{"@id":"https:\/\/www.eldigitaldeasturias.com\/noticias\/author\/admin\/#author"},"creator":{"@id":"https:\/\/www.eldigitaldeasturias.com\/noticias\/author\/admin\/#author"},"image":{"@type":"ImageObject","url":2836,"@id":"https:\/\/www.eldigitaldeasturias.com\/noticias\/el-rey-juan-carlos-tendra-que-volver-a-ser-operado-en-ocho-semanas\/#mainImage"},"primaryImageOfPage":{"@id":"https:\/\/www.eldigitaldeasturias.com\/noticias\/el-rey-juan-carlos-tendra-que-volver-a-ser-operado-en-ocho-semanas\/#mainImage"},"datePublished":"2013-09-25T00:42:14+02:00","dateModified":"2013-09-25T00:42:14+02:00"},{"@type":"WebSite","@id":"https:\/\/www.eldigitaldeasturias.com\/noticias\/#website","url":"https:\/\/www.eldigitaldeasturias.com\/noticias\/","name":"El Digital de Asturias - Diario de actualidad y noticias","alternateName":"El Digital de Asturias - Diario de actualidad y noticias","description":"Hemeroteca","inLanguage":"es-ES","publisher":{"@id":"https:\/\/www.eldigitaldeasturias.com\/noticias\/#organization"}}]},"og:locale":"es_ES","og:site_name":"El Digital de Asturias","og:type":"article","og:title":"El rey Juan Carlos tendr\u00e1 que volver a ser operado en ocho semanas - El Digital de Asturias","og:description":"Madrid, 24 sep (dpa) - El rey Juan Carlos de Espa\u00f1a tendr\u00e1 que someterse dentro de unas ocho semanas a una nueva intervenci\u00f3n de la cadera izquierda, de la que fue operado hoy en Madrid por la infecci\u00f3n que sufr\u00eda en la pr\u00f3tesis que le implantaron hace 10 meses. La convalecencia le impedir\u00e1 asistir a","og:url":"https:\/\/www.eldigitaldeasturias.com\/noticias\/el-rey-juan-carlos-tendra-que-volver-a-ser-operado-en-ocho-semanas\/","article:tag":["actualidad"],"article:published_time":"2013-09-25T00:42:14+00:00","article:modified_time":"2013-09-25T00:42:14+00:00","article:publisher":"https:\/\/facebook.com\/eldigitaldeasturias","twitter:card":"summary_large_image","twitter:title":"El rey Juan Carlos tendr\u00e1 que volver a ser operado en ocho semanas - El Digital de Asturias","twitter:description":"Madrid, 24 sep (dpa) - El rey Juan Carlos de Espa\u00f1a tendr\u00e1 que someterse dentro de unas ocho semanas a una nueva intervenci\u00f3n de la cadera izquierda, de la que fue operado hoy en Madrid por la infecci\u00f3n que sufr\u00eda en la pr\u00f3tesis que le implantaron hace 10 meses. La convalecencia le impedir\u00e1 asistir a","twitter:label1":"Escrito por","twitter:data1":"El Digital de Asturias","twitter:label2":"Tiempo de lectura estimado","twitter:data2":"1 minuto"},"aioseo_meta_data":{"post_id":"2960","title":null,"description":null,"keywords":null,"keyphrases":null,"primary_term":null,"canonical_url":null,"og_title":null,"og_description":null,"og_object_type":"default","og_image_type":"default","og_image_url":null,"og_image_width":null,"og_image_height":null,"og_image_custom_url":null,"og_image_custom_fields":null,"og_video":null,"og_custom_url":null,"og_article_section":null,"og_article_tags":null,"twitter_use_og":true,"twitter_card":"default","twitter_image_type":"default","twitter_image_url":null,"twitter_image_custom_url":null,"twitter_image_custom_fields":null,"twitter_title":null,"twitter_description":null,"schema":{"blockGraphs":[],"customGraphs":[],"default":{"data":{"Article":[],"Course":[],"Dataset":[],"FAQPage":[],"Movie":[],"Person":[],"Product":[],"ProductReview":[],"Car":[],"Recipe":[],"Service":[],"SoftwareApplication":[],"WebPage":[]},"graphName":"","isEnabled":true},"graphs":[],"defaultGraph":"","defaultPostTypeGraph":""},"schema_type":null,"schema_type_options":null,"pillar_content":false,"robots_default":true,"robots_noindex":false,"robots_noarchive":false,"robots_nosnippet":false,"robots_nofollow":false,"robots_noimageindex":false,"robots_noodp":false,"robots_notranslate":false,"robots_max_snippet":null,"robots_max_videopreview":null,"robots_max_imagepreview":"none","priority":null,"frequency":null,"local_seo":null,"seo_analyzer_scan_date":"2025-08-21 05:23:07","breadcrumb_settings":null,"limit_modified_date":false,"open_ai":null,"ai":null,"created":"2020-11-14 22:37:00","updated":"2025-08-21 05:23:07"},"aioseo_breadcrumb":"<div class=\"aioseo-breadcrumbs\"><span class=\"aioseo-breadcrumb\">\n\t<a href=\"https:\/\/www.eldigitaldeasturias.com\/noticias\" title=\"Home\">Home<\/a>\n<\/span><span class=\"aioseo-breadcrumb-separator\">\u2013<\/span><span class=\"aioseo-breadcrumb\">\n\t<a href=\"https:\/\/www.eldigitaldeasturias.com\/noticias\/category\/actualidad\/\" title=\"Actualidad\">Actualidad<\/a>\n<\/span><span class=\"aioseo-breadcrumb-separator\">\u2013<\/span><span class=\"aioseo-breadcrumb\">\n\t<a href=\"https:\/\/www.eldigitaldeasturias.com\/noticias\/el-rey-juan-carlos-tendra-que-volver-a-ser-operado-en-ocho-semanas\/\" title=\"El rey Juan Carlos tendr\u00e1 que volver a ser operado en ocho semanas\">El rey Juan Carlos tendr\u00e1 que volver a ser operado en ocho semanas<\/a>\n<\/span><\/div>","aioseo_breadcrumb_json":[{"label":"Home","link":"https:\/\/www.eldigitaldeasturias.com\/noticias"},{"label":"Actualidad","link":"https:\/\/www.eldigitaldeasturias.com\/noticias\/category\/actualidad\/"},{"label":"El rey Juan Carlos tendr\u00e1 que volver a ser operado en ocho semanas","link":"https:\/\/www.eldigitaldeasturias.com\/noticias\/el-rey-juan-carlos-tendra-que-volver-a-ser-operado-en-ocho-semanas\/"}],"_links":{"self":[{"href":"https:\/\/www.eldigitaldeasturias.com\/noticias\/wp-json\/wp\/v2\/posts\/2960","targetHints":{"allow":["GET"]}}],"collection":[{"href":"https:\/\/www.eldigitaldeasturias.com\/noticias\/wp-json\/wp\/v2\/posts"}],"about":[{"href":"https:\/\/www.eldigitaldeasturias.com\/noticias\/wp-json\/wp\/v2\/types\/post"}],"author":[{"embeddable":true,"href":"https:\/\/www.eldigitaldeasturias.com\/noticias\/wp-json\/wp\/v2\/users\/1"}],"replies":[{"embeddable":true,"href":"https:\/\/www.eldigitaldeasturias.com\/noticias\/wp-json\/wp\/v2\/comments?post=2960"}],"version-history":[{"count":0,"href":"https:\/\/www.eldigitaldeasturias.com\/noticias\/wp-json\/wp\/v2\/posts\/2960\/revisions"}],"wp:featuredmedia":[{"embeddable":true,"href":"https:\/\/www.eldigitaldeasturias.com\/noticias\/wp-json\/"}],"wp:attachment":[{"href":"https:\/\/www.eldigitaldeasturias.com\/noticias\/wp-json\/wp\/v2\/media?parent=2960"}],"wp:term":[{"taxonomy":"category","embeddable":true,"href":"https:\/\/www.eldigitaldeasturias.com\/noticias\/wp-json\/wp\/v2\/categories?post=2960"},{"taxonomy":"post_tag","embeddable":true,"href":"https:\/\/www.eldigitaldeasturias.com\/noticias\/wp-json\/wp\/v2\/tags?post=2960"}],"curies":[{"name":"wp","href":"https:\/\/api.w.org\/{rel}","templated":true}]}}