{"id":2958,"date":"2013-09-25T00:35:33","date_gmt":"2013-09-25T00:35:33","guid":{"rendered":"http:\/\/www.eldigitaldeasturias.com\/noticias\/?p=2958"},"modified":"2013-09-25T00:35:33","modified_gmt":"2013-09-25T00:35:33","slug":"el-rey-juan-carlos-operado-con-exito-de-su-dolencia-en-la-cadera","status":"publish","type":"post","link":"https:\/\/www.eldigitaldeasturias.com\/noticias\/el-rey-juan-carlos-operado-con-exito-de-su-dolencia-en-la-cadera\/","title":{"rendered":"El rey Juan Carlos, operado \u00abcon \u00e9xito\u00bb de su dolencia en la cadera"},"content":{"rendered":"<p><img loading=\"lazy\" decoding=\"async\" class=\"alignleft size-medium wp-image-2745\" alt=\"fotonoticia_20130924152755_800\" src=\"https:\/\/www.eldigitaldeasturias.com\/noticias\/wp-content\/uploads\/2013\/09\/fotonoticia_20130924152755_800-267x300.jpg\" width=\"267\" height=\"300\" \/>Madrid, 24 sep (dpa) &#8211; El rey Juan Carlos de Espa\u00f1a, de 75 a\u00f1os, fue operado hoy \u00abcon \u00e9xito\u00bb en Madrid de la cadera izquierda, donde sufr\u00eda una infecci\u00f3n en la pr\u00f3tesis que le implantaron hace diez meses.<\/p>\n<p>\u00abHa ido todo como la seda\u00bb, manifest\u00f3 el pr\u00edncipe Felipe al abandonar el hospital junto a la reina Sof\u00eda, la princesa Letizia y la infanta Elena. \u00abEstamos muy contentos\u00bb, dijo.<\/p>\n<p>El monarca se recuperaba ya esta madrugada (local) de una intervenci\u00f3n que dur\u00f3 unas dos horas y media. La casa real espa\u00f1ola anunci\u00f3 a las 23:30 horas el final exitoso de la operaci\u00f3n, la quinta a la que se somete el monarca en a\u00f1o y medio.<\/p>\n<p>Al abandonar el Hospital Universitario Quir\u00f3n, un centro privado en la localidad madrile\u00f1a de Pozuelo, la reina Sof\u00eda se\u00f1al\u00f3 a los periodistas que no hab\u00edan podido ver al monarca, que segu\u00eda a\u00fan bajo los efectos de la anestesia general.<\/p>\n<p>Pasada la medianoche (local) a\u00fan no se sab\u00eda si el rey tendr\u00e1 que volver a ser intervenido en unas ocho semanas. Es una posibilidad que barajaba la semana pasada el cirujano Miguel Cabanela, quien dirigi\u00f3 el equipo m\u00e9dico que intervino al rey.<\/p>\n<p>Llegado de la prestigiosa cl\u00ednica Mayo de Estados Unidos, Cabanela explic\u00f3 que hasta que no interviniera al rey no sabr\u00eda si se har\u00eda necesaria una segunda cirug\u00eda en el remplazo de la pr\u00f3tesis. De si se realiza o no depender\u00e1 en gran parte el periodo de convalecencia del monarca, que el cirujano fij\u00f3 en entre ocho semanas y seis meses.<\/p>\n<p>Cabanela ten\u00eda previsto ofrecer esta noche una rueda de prensa en el hospital para explicar los detalles de la intervenci\u00f3n, la n\u00famero 13 en la vida del monarca.<\/p>\n<p>La nueva operaci\u00f3n del rey ha abierto en el pa\u00eds un debate sobre la conveniencia que esgrimen algunos de que abdique en el pr\u00edncipe Felipe por los frecuentes problemas de salud que sufre. El jefe de la Casa del Rey, Rafael Spottorno, asegur\u00f3 no obstante la semana pasada que el monarca \u00abno se ha planteado en ning\u00fan momento la abdicaci\u00f3n\u00bb.<\/p>\n<p>Tambi\u00e9n la elecci\u00f3n del hospital, un centro privado, gener\u00f3 pol\u00e9mica en el pa\u00eds. Algunas voces manifestaron desde la arena pol\u00edtica que la operaci\u00f3n deber\u00eda haberse hecho en un centro p\u00fablico para dar ejemplo y apoyar la sanidad estatal, en un momento en el que est\u00e1 sufriendo importantes recortes.<\/p>\n<p>&nbsp;<\/p>\n","protected":false},"excerpt":{"rendered":"<p>Madrid, 24 sep (dpa) &#8211; El rey Juan Carlos de Espa\u00f1a, de 75 a\u00f1os, fue operado hoy \u00abcon \u00e9xito\u00bb en Madrid de la cadera izquierda, donde sufr\u00eda una infecci\u00f3n en la pr\u00f3tesis que le implantaron hace diez meses. \u00abHa ido todo como la seda\u00bb, manifest\u00f3 el pr\u00edncipe Felipe al abandonar el hospital junto a la [&hellip;]<\/p>\n","protected":false},"author":1,"featured_media":2745,"comment_status":"open","ping_status":"open","sticky":false,"template":"","format":"standard","meta":{"footnotes":""},"categories":[1],"tags":[],"class_list":["post-2958","post","type-post","status-publish","format-standard","has-post-thumbnail","hentry","category-actualidad"],"aioseo_notices":[],"aioseo_head":"\n\t\t<!-- All in One SEO Pro 4.9.6.2 - aioseo.com -->\n\t<meta name=\"description\" content=\"Madrid, 24 sep (dpa) - El rey Juan Carlos de Espa\u00f1a, de 75 a\u00f1os, fue operado hoy &quot;con \u00e9xito&quot; en Madrid de la cadera izquierda, donde sufr\u00eda una infecci\u00f3n en la pr\u00f3tesis que le implantaron hace diez meses. &quot;Ha ido todo como la seda&quot;, manifest\u00f3 el pr\u00edncipe Felipe al abandonar el hospital junto a la\" \/>\n\t<meta name=\"robots\" content=\"max-image-preview:large\" \/>\n\t<meta name=\"author\" content=\"El Digital de Asturias\"\/>\n\t<meta name=\"google-site-verification\" content=\"UA-38556648-1\" \/>\n\t<meta name=\"msvalidate.01\" content=\"7dfe9f3f1b24437ab69f4f2559babe99\" \/>\n\t<meta name=\"keywords\" content=\"actualidad\" \/>\n\t<link rel=\"canonical\" href=\"https:\/\/www.eldigitaldeasturias.com\/noticias\/el-rey-juan-carlos-operado-con-exito-de-su-dolencia-en-la-cadera\/\" \/>\n\t<meta name=\"generator\" content=\"All in One SEO Pro (AIOSEO) 4.9.6.2\" \/>\n\t\t<meta property=\"og:locale\" content=\"es_ES\" \/>\n\t\t<meta property=\"og:site_name\" content=\"El Digital de Asturias\" \/>\n\t\t<meta property=\"og:type\" content=\"article\" \/>\n\t\t<meta property=\"og:title\" content=\"El rey Juan Carlos, operado \u00abcon \u00e9xito\u00bb de su dolencia en la cadera - El Digital de Asturias\" \/>\n\t\t<meta property=\"og:description\" content=\"Madrid, 24 sep (dpa) - El rey Juan Carlos de Espa\u00f1a, de 75 a\u00f1os, fue operado hoy &quot;con \u00e9xito&quot; en Madrid de la cadera izquierda, donde sufr\u00eda una infecci\u00f3n en la pr\u00f3tesis que le implantaron hace diez meses. &quot;Ha ido todo como la seda&quot;, manifest\u00f3 el pr\u00edncipe Felipe al abandonar el hospital junto a la\" \/>\n\t\t<meta property=\"og:url\" content=\"https:\/\/www.eldigitaldeasturias.com\/noticias\/el-rey-juan-carlos-operado-con-exito-de-su-dolencia-en-la-cadera\/\" \/>\n\t\t<meta property=\"article:tag\" content=\"actualidad\" \/>\n\t\t<meta property=\"article:published_time\" content=\"2013-09-25T00:35:33+00:00\" \/>\n\t\t<meta property=\"article:modified_time\" content=\"2013-09-25T00:35:33+00:00\" \/>\n\t\t<meta property=\"article:publisher\" content=\"https:\/\/facebook.com\/eldigitaldeasturias\" \/>\n\t\t<meta name=\"twitter:card\" content=\"summary_large_image\" \/>\n\t\t<meta name=\"twitter:title\" content=\"El rey Juan Carlos, operado \u00abcon \u00e9xito\u00bb de su dolencia en la cadera - El Digital de Asturias\" \/>\n\t\t<meta name=\"twitter:description\" content=\"Madrid, 24 sep (dpa) - El rey Juan Carlos de Espa\u00f1a, de 75 a\u00f1os, fue operado hoy &quot;con \u00e9xito&quot; en Madrid de la cadera izquierda, donde sufr\u00eda una infecci\u00f3n en la pr\u00f3tesis que le implantaron hace diez meses. &quot;Ha ido todo como la seda&quot;, manifest\u00f3 el pr\u00edncipe Felipe al abandonar el hospital junto a la\" \/>\n\t\t<meta name=\"twitter:label1\" content=\"Escrito por\" \/>\n\t\t<meta name=\"twitter:data1\" content=\"El Digital de Asturias\" \/>\n\t\t<meta name=\"twitter:label2\" content=\"Tiempo de lectura estimado\" \/>\n\t\t<meta name=\"twitter:data2\" content=\"2 minutos\" \/>\n\t\t<script type=\"application\/ld+json\" class=\"aioseo-schema\">\n\t\t\t{\"@context\":\"https:\\\/\\\/schema.org\",\"@graph\":[{\"@type\":\"BlogPosting\",\"@id\":\"https:\\\/\\\/www.eldigitaldeasturias.com\\\/noticias\\\/el-rey-juan-carlos-operado-con-exito-de-su-dolencia-en-la-cadera\\\/#blogposting\",\"name\":\"El rey Juan Carlos, operado \\u00abcon \\u00e9xito\\u00bb de su dolencia en la cadera - El Digital de Asturias\",\"headline\":\"El rey Juan Carlos, operado \\u00abcon \\u00e9xito\\u00bb de su dolencia en la cadera\",\"author\":{\"@id\":\"https:\\\/\\\/www.eldigitaldeasturias.com\\\/noticias\\\/author\\\/admin\\\/#author\"},\"publisher\":{\"@id\":\"https:\\\/\\\/www.eldigitaldeasturias.com\\\/noticias\\\/#organization\"},\"image\":{\"@type\":\"ImageObject\",\"url\":2745},\"datePublished\":\"2013-09-25T00:35:33+02:00\",\"dateModified\":\"2013-09-25T00:35:33+02:00\",\"inLanguage\":\"es-ES\",\"mainEntityOfPage\":{\"@id\":\"https:\\\/\\\/www.eldigitaldeasturias.com\\\/noticias\\\/el-rey-juan-carlos-operado-con-exito-de-su-dolencia-en-la-cadera\\\/#webpage\"},\"isPartOf\":{\"@id\":\"https:\\\/\\\/www.eldigitaldeasturias.com\\\/noticias\\\/el-rey-juan-carlos-operado-con-exito-de-su-dolencia-en-la-cadera\\\/#webpage\"},\"articleSection\":\"Actualidad\"},{\"@type\":\"BreadcrumbList\",\"@id\":\"https:\\\/\\\/www.eldigitaldeasturias.com\\\/noticias\\\/el-rey-juan-carlos-operado-con-exito-de-su-dolencia-en-la-cadera\\\/#breadcrumblist\",\"itemListElement\":[{\"@type\":\"ListItem\",\"@id\":\"https:\\\/\\\/www.eldigitaldeasturias.com\\\/noticias#listItem\",\"position\":1,\"name\":\"Home\",\"item\":\"https:\\\/\\\/www.eldigitaldeasturias.com\\\/noticias\",\"nextItem\":{\"@type\":\"ListItem\",\"@id\":\"https:\\\/\\\/www.eldigitaldeasturias.com\\\/noticias\\\/category\\\/actualidad\\\/#listItem\",\"name\":\"Actualidad\"}},{\"@type\":\"ListItem\",\"@id\":\"https:\\\/\\\/www.eldigitaldeasturias.com\\\/noticias\\\/category\\\/actualidad\\\/#listItem\",\"position\":2,\"name\":\"Actualidad\",\"item\":\"https:\\\/\\\/www.eldigitaldeasturias.com\\\/noticias\\\/category\\\/actualidad\\\/\",\"nextItem\":{\"@type\":\"ListItem\",\"@id\":\"https:\\\/\\\/www.eldigitaldeasturias.com\\\/noticias\\\/el-rey-juan-carlos-operado-con-exito-de-su-dolencia-en-la-cadera\\\/#listItem\",\"name\":\"El rey Juan Carlos, operado \\u00abcon \\u00e9xito\\u00bb de su dolencia en la cadera\"},\"previousItem\":{\"@type\":\"ListItem\",\"@id\":\"https:\\\/\\\/www.eldigitaldeasturias.com\\\/noticias#listItem\",\"name\":\"Home\"}},{\"@type\":\"ListItem\",\"@id\":\"https:\\\/\\\/www.eldigitaldeasturias.com\\\/noticias\\\/el-rey-juan-carlos-operado-con-exito-de-su-dolencia-en-la-cadera\\\/#listItem\",\"position\":3,\"name\":\"El rey Juan Carlos, operado \\u00abcon \\u00e9xito\\u00bb de su dolencia en la cadera\",\"previousItem\":{\"@type\":\"ListItem\",\"@id\":\"https:\\\/\\\/www.eldigitaldeasturias.com\\\/noticias\\\/category\\\/actualidad\\\/#listItem\",\"name\":\"Actualidad\"}}]},{\"@type\":\"Organization\",\"@id\":\"https:\\\/\\\/www.eldigitaldeasturias.com\\\/noticias\\\/#organization\",\"name\":\"El Digital de Asturias\",\"description\":\"Hemeroteca\",\"url\":\"https:\\\/\\\/www.eldigitaldeasturias.com\\\/noticias\\\/\",\"email\":\"info@eldigitaldeasturias.com\",\"telephone\":\"+34652131393\",\"logo\":{\"@type\":\"ImageObject\",\"url\":\"https:\\\/\\\/www.eldigitaldeasturias.com\\\/noticias\\\/wp-content\\\/uploads\\\/2020\\\/12\\\/EDA.jpg\",\"@id\":\"https:\\\/\\\/www.eldigitaldeasturias.com\\\/noticias\\\/el-rey-juan-carlos-operado-con-exito-de-su-dolencia-en-la-cadera\\\/#organizationLogo\",\"width\":649,\"height\":297},\"image\":{\"@id\":\"https:\\\/\\\/www.eldigitaldeasturias.com\\\/noticias\\\/el-rey-juan-carlos-operado-con-exito-de-su-dolencia-en-la-cadera\\\/#organizationLogo\"},\"sameAs\":[\"https:\\\/\\\/facebook.com\\\/eldigitaldeasturias\",\"https:\\\/\\\/www.youtube.com\\\/channel\\\/UCZP-2wLEB9Rv6erhFmqVnvg\"],\"address\":{\"@id\":\"https:\\\/\\\/www.eldigitaldeasturias.com\\\/noticias\\\/#postaladdress\",\"@type\":\"PostalAddress\",\"streetAddress\":\"san antonio 4,\",\"postalCode\":\"33430\",\"addressLocality\":\"Cand\\u00e1s\",\"addressRegion\":\"Asturias\",\"addressCountry\":\"ES\"}},{\"@type\":\"Person\",\"@id\":\"https:\\\/\\\/www.eldigitaldeasturias.com\\\/noticias\\\/author\\\/admin\\\/#author\",\"url\":\"https:\\\/\\\/www.eldigitaldeasturias.com\\\/noticias\\\/author\\\/admin\\\/\",\"name\":\"El Digital de Asturias\",\"image\":{\"@type\":\"ImageObject\",\"@id\":\"https:\\\/\\\/www.eldigitaldeasturias.com\\\/noticias\\\/el-rey-juan-carlos-operado-con-exito-de-su-dolencia-en-la-cadera\\\/#authorImage\",\"url\":\"https:\\\/\\\/www.eldigitaldeasturias.com\\\/noticias\\\/wp-content\\\/litespeed\\\/avatar\\\/18677e78aa0546b92d9dbf31ec7d7668.jpg?ver=1777290358\",\"width\":96,\"height\":96,\"caption\":\"El Digital de Asturias\"}},{\"@type\":\"WebPage\",\"@id\":\"https:\\\/\\\/www.eldigitaldeasturias.com\\\/noticias\\\/el-rey-juan-carlos-operado-con-exito-de-su-dolencia-en-la-cadera\\\/#webpage\",\"url\":\"https:\\\/\\\/www.eldigitaldeasturias.com\\\/noticias\\\/el-rey-juan-carlos-operado-con-exito-de-su-dolencia-en-la-cadera\\\/\",\"name\":\"El rey Juan Carlos, operado \\u00abcon \\u00e9xito\\u00bb de su dolencia en la cadera - El Digital de Asturias\",\"description\":\"Madrid, 24 sep (dpa) - El rey Juan Carlos de Espa\\u00f1a, de 75 a\\u00f1os, fue operado hoy \\\"con \\u00e9xito\\\" en Madrid de la cadera izquierda, donde sufr\\u00eda una infecci\\u00f3n en la pr\\u00f3tesis que le implantaron hace diez meses. \\\"Ha ido todo como la seda\\\", manifest\\u00f3 el pr\\u00edncipe Felipe al abandonar el hospital junto a la\",\"inLanguage\":\"es-ES\",\"isPartOf\":{\"@id\":\"https:\\\/\\\/www.eldigitaldeasturias.com\\\/noticias\\\/#website\"},\"breadcrumb\":{\"@id\":\"https:\\\/\\\/www.eldigitaldeasturias.com\\\/noticias\\\/el-rey-juan-carlos-operado-con-exito-de-su-dolencia-en-la-cadera\\\/#breadcrumblist\"},\"author\":{\"@id\":\"https:\\\/\\\/www.eldigitaldeasturias.com\\\/noticias\\\/author\\\/admin\\\/#author\"},\"creator\":{\"@id\":\"https:\\\/\\\/www.eldigitaldeasturias.com\\\/noticias\\\/author\\\/admin\\\/#author\"},\"image\":{\"@type\":\"ImageObject\",\"url\":2745,\"@id\":\"https:\\\/\\\/www.eldigitaldeasturias.com\\\/noticias\\\/el-rey-juan-carlos-operado-con-exito-de-su-dolencia-en-la-cadera\\\/#mainImage\"},\"primaryImageOfPage\":{\"@id\":\"https:\\\/\\\/www.eldigitaldeasturias.com\\\/noticias\\\/el-rey-juan-carlos-operado-con-exito-de-su-dolencia-en-la-cadera\\\/#mainImage\"},\"datePublished\":\"2013-09-25T00:35:33+02:00\",\"dateModified\":\"2013-09-25T00:35:33+02:00\"},{\"@type\":\"WebSite\",\"@id\":\"https:\\\/\\\/www.eldigitaldeasturias.com\\\/noticias\\\/#website\",\"url\":\"https:\\\/\\\/www.eldigitaldeasturias.com\\\/noticias\\\/\",\"name\":\"El Digital de Asturias - Diario de actualidad y noticias\",\"alternateName\":\"El Digital de Asturias - Diario de actualidad y noticias\",\"description\":\"Hemeroteca\",\"inLanguage\":\"es-ES\",\"publisher\":{\"@id\":\"https:\\\/\\\/www.eldigitaldeasturias.com\\\/noticias\\\/#organization\"}}]}\n\t\t<\/script>\n\t\t<!-- All in One SEO Pro -->\r\n\t\t<title>El rey Juan Carlos, operado \u00abcon \u00e9xito\u00bb de su dolencia en la cadera - El Digital de Asturias<\/title>\n\n","aioseo_head_json":{"title":"El rey Juan Carlos, operado \u00abcon \u00e9xito\u00bb de su dolencia en la cadera - El Digital de Asturias","description":"Madrid, 24 sep (dpa) - El rey Juan Carlos de Espa\u00f1a, de 75 a\u00f1os, fue operado hoy \"con \u00e9xito\" en Madrid de la cadera izquierda, donde sufr\u00eda una infecci\u00f3n en la pr\u00f3tesis que le implantaron hace diez meses. \"Ha ido todo como la seda\", manifest\u00f3 el pr\u00edncipe Felipe al abandonar el hospital junto a la","canonical_url":"https:\/\/www.eldigitaldeasturias.com\/noticias\/el-rey-juan-carlos-operado-con-exito-de-su-dolencia-en-la-cadera\/","robots":"max-image-preview:large","keywords":"actualidad","webmasterTools":{"google-site-verification":"UA-38556648-1","msvalidate.01":"7dfe9f3f1b24437ab69f4f2559babe99","miscellaneous":""},"schema":{"@context":"https:\/\/schema.org","@graph":[{"@type":"BlogPosting","@id":"https:\/\/www.eldigitaldeasturias.com\/noticias\/el-rey-juan-carlos-operado-con-exito-de-su-dolencia-en-la-cadera\/#blogposting","name":"El rey Juan Carlos, operado \u00abcon \u00e9xito\u00bb de su dolencia en la cadera - El Digital de Asturias","headline":"El rey Juan Carlos, operado \u00abcon \u00e9xito\u00bb de su dolencia en la cadera","author":{"@id":"https:\/\/www.eldigitaldeasturias.com\/noticias\/author\/admin\/#author"},"publisher":{"@id":"https:\/\/www.eldigitaldeasturias.com\/noticias\/#organization"},"image":{"@type":"ImageObject","url":2745},"datePublished":"2013-09-25T00:35:33+02:00","dateModified":"2013-09-25T00:35:33+02:00","inLanguage":"es-ES","mainEntityOfPage":{"@id":"https:\/\/www.eldigitaldeasturias.com\/noticias\/el-rey-juan-carlos-operado-con-exito-de-su-dolencia-en-la-cadera\/#webpage"},"isPartOf":{"@id":"https:\/\/www.eldigitaldeasturias.com\/noticias\/el-rey-juan-carlos-operado-con-exito-de-su-dolencia-en-la-cadera\/#webpage"},"articleSection":"Actualidad"},{"@type":"BreadcrumbList","@id":"https:\/\/www.eldigitaldeasturias.com\/noticias\/el-rey-juan-carlos-operado-con-exito-de-su-dolencia-en-la-cadera\/#breadcrumblist","itemListElement":[{"@type":"ListItem","@id":"https:\/\/www.eldigitaldeasturias.com\/noticias#listItem","position":1,"name":"Home","item":"https:\/\/www.eldigitaldeasturias.com\/noticias","nextItem":{"@type":"ListItem","@id":"https:\/\/www.eldigitaldeasturias.com\/noticias\/category\/actualidad\/#listItem","name":"Actualidad"}},{"@type":"ListItem","@id":"https:\/\/www.eldigitaldeasturias.com\/noticias\/category\/actualidad\/#listItem","position":2,"name":"Actualidad","item":"https:\/\/www.eldigitaldeasturias.com\/noticias\/category\/actualidad\/","nextItem":{"@type":"ListItem","@id":"https:\/\/www.eldigitaldeasturias.com\/noticias\/el-rey-juan-carlos-operado-con-exito-de-su-dolencia-en-la-cadera\/#listItem","name":"El rey Juan Carlos, operado \u00abcon \u00e9xito\u00bb de su dolencia en la cadera"},"previousItem":{"@type":"ListItem","@id":"https:\/\/www.eldigitaldeasturias.com\/noticias#listItem","name":"Home"}},{"@type":"ListItem","@id":"https:\/\/www.eldigitaldeasturias.com\/noticias\/el-rey-juan-carlos-operado-con-exito-de-su-dolencia-en-la-cadera\/#listItem","position":3,"name":"El rey Juan Carlos, operado \u00abcon \u00e9xito\u00bb de su dolencia en la cadera","previousItem":{"@type":"ListItem","@id":"https:\/\/www.eldigitaldeasturias.com\/noticias\/category\/actualidad\/#listItem","name":"Actualidad"}}]},{"@type":"Organization","@id":"https:\/\/www.eldigitaldeasturias.com\/noticias\/#organization","name":"El Digital de Asturias","description":"Hemeroteca","url":"https:\/\/www.eldigitaldeasturias.com\/noticias\/","email":"info@eldigitaldeasturias.com","telephone":"+34652131393","logo":{"@type":"ImageObject","url":"https:\/\/www.eldigitaldeasturias.com\/noticias\/wp-content\/uploads\/2020\/12\/EDA.jpg","@id":"https:\/\/www.eldigitaldeasturias.com\/noticias\/el-rey-juan-carlos-operado-con-exito-de-su-dolencia-en-la-cadera\/#organizationLogo","width":649,"height":297},"image":{"@id":"https:\/\/www.eldigitaldeasturias.com\/noticias\/el-rey-juan-carlos-operado-con-exito-de-su-dolencia-en-la-cadera\/#organizationLogo"},"sameAs":["https:\/\/facebook.com\/eldigitaldeasturias","https:\/\/www.youtube.com\/channel\/UCZP-2wLEB9Rv6erhFmqVnvg"],"address":{"@id":"https:\/\/www.eldigitaldeasturias.com\/noticias\/#postaladdress","@type":"PostalAddress","streetAddress":"san antonio 4,","postalCode":"33430","addressLocality":"Cand\u00e1s","addressRegion":"Asturias","addressCountry":"ES"}},{"@type":"Person","@id":"https:\/\/www.eldigitaldeasturias.com\/noticias\/author\/admin\/#author","url":"https:\/\/www.eldigitaldeasturias.com\/noticias\/author\/admin\/","name":"El Digital de Asturias","image":{"@type":"ImageObject","@id":"https:\/\/www.eldigitaldeasturias.com\/noticias\/el-rey-juan-carlos-operado-con-exito-de-su-dolencia-en-la-cadera\/#authorImage","url":"https:\/\/www.eldigitaldeasturias.com\/noticias\/wp-content\/litespeed\/avatar\/18677e78aa0546b92d9dbf31ec7d7668.jpg?ver=1777290358","width":96,"height":96,"caption":"El Digital de Asturias"}},{"@type":"WebPage","@id":"https:\/\/www.eldigitaldeasturias.com\/noticias\/el-rey-juan-carlos-operado-con-exito-de-su-dolencia-en-la-cadera\/#webpage","url":"https:\/\/www.eldigitaldeasturias.com\/noticias\/el-rey-juan-carlos-operado-con-exito-de-su-dolencia-en-la-cadera\/","name":"El rey Juan Carlos, operado \u00abcon \u00e9xito\u00bb de su dolencia en la cadera - El Digital de Asturias","description":"Madrid, 24 sep (dpa) - El rey Juan Carlos de Espa\u00f1a, de 75 a\u00f1os, fue operado hoy \"con \u00e9xito\" en Madrid de la cadera izquierda, donde sufr\u00eda una infecci\u00f3n en la pr\u00f3tesis que le implantaron hace diez meses. \"Ha ido todo como la seda\", manifest\u00f3 el pr\u00edncipe Felipe al abandonar el hospital junto a la","inLanguage":"es-ES","isPartOf":{"@id":"https:\/\/www.eldigitaldeasturias.com\/noticias\/#website"},"breadcrumb":{"@id":"https:\/\/www.eldigitaldeasturias.com\/noticias\/el-rey-juan-carlos-operado-con-exito-de-su-dolencia-en-la-cadera\/#breadcrumblist"},"author":{"@id":"https:\/\/www.eldigitaldeasturias.com\/noticias\/author\/admin\/#author"},"creator":{"@id":"https:\/\/www.eldigitaldeasturias.com\/noticias\/author\/admin\/#author"},"image":{"@type":"ImageObject","url":2745,"@id":"https:\/\/www.eldigitaldeasturias.com\/noticias\/el-rey-juan-carlos-operado-con-exito-de-su-dolencia-en-la-cadera\/#mainImage"},"primaryImageOfPage":{"@id":"https:\/\/www.eldigitaldeasturias.com\/noticias\/el-rey-juan-carlos-operado-con-exito-de-su-dolencia-en-la-cadera\/#mainImage"},"datePublished":"2013-09-25T00:35:33+02:00","dateModified":"2013-09-25T00:35:33+02:00"},{"@type":"WebSite","@id":"https:\/\/www.eldigitaldeasturias.com\/noticias\/#website","url":"https:\/\/www.eldigitaldeasturias.com\/noticias\/","name":"El Digital de Asturias - Diario de actualidad y noticias","alternateName":"El Digital de Asturias - Diario de actualidad y noticias","description":"Hemeroteca","inLanguage":"es-ES","publisher":{"@id":"https:\/\/www.eldigitaldeasturias.com\/noticias\/#organization"}}]},"og:locale":"es_ES","og:site_name":"El Digital de Asturias","og:type":"article","og:title":"El rey Juan Carlos, operado \u00abcon \u00e9xito\u00bb de su dolencia en la cadera - El Digital de Asturias","og:description":"Madrid, 24 sep (dpa) - El rey Juan Carlos de Espa\u00f1a, de 75 a\u00f1os, fue operado hoy &quot;con \u00e9xito&quot; en Madrid de la cadera izquierda, donde sufr\u00eda una infecci\u00f3n en la pr\u00f3tesis que le implantaron hace diez meses. &quot;Ha ido todo como la seda&quot;, manifest\u00f3 el pr\u00edncipe Felipe al abandonar el hospital junto a la","og:url":"https:\/\/www.eldigitaldeasturias.com\/noticias\/el-rey-juan-carlos-operado-con-exito-de-su-dolencia-en-la-cadera\/","article:tag":["actualidad"],"article:published_time":"2013-09-25T00:35:33+00:00","article:modified_time":"2013-09-25T00:35:33+00:00","article:publisher":"https:\/\/facebook.com\/eldigitaldeasturias","twitter:card":"summary_large_image","twitter:title":"El rey Juan Carlos, operado \u00abcon \u00e9xito\u00bb de su dolencia en la cadera - El Digital de Asturias","twitter:description":"Madrid, 24 sep (dpa) - El rey Juan Carlos de Espa\u00f1a, de 75 a\u00f1os, fue operado hoy &quot;con \u00e9xito&quot; en Madrid de la cadera izquierda, donde sufr\u00eda una infecci\u00f3n en la pr\u00f3tesis que le implantaron hace diez meses. &quot;Ha ido todo como la seda&quot;, manifest\u00f3 el pr\u00edncipe Felipe al abandonar el hospital junto a la","twitter:label1":"Escrito por","twitter:data1":"El Digital de Asturias","twitter:label2":"Tiempo de lectura estimado","twitter:data2":"2 minutos"},"aioseo_meta_data":{"post_id":"2958","title":null,"description":null,"keywords":null,"keyphrases":null,"primary_term":null,"canonical_url":null,"og_title":null,"og_description":null,"og_object_type":"default","og_image_type":"default","og_image_url":null,"og_image_width":null,"og_image_height":null,"og_image_custom_url":null,"og_image_custom_fields":null,"og_video":null,"og_custom_url":null,"og_article_section":null,"og_article_tags":null,"twitter_use_og":true,"twitter_card":"default","twitter_image_type":"default","twitter_image_url":null,"twitter_image_custom_url":null,"twitter_image_custom_fields":null,"twitter_title":null,"twitter_description":null,"schema":{"blockGraphs":[],"customGraphs":[],"default":{"data":{"Article":[],"Course":[],"Dataset":[],"FAQPage":[],"Movie":[],"Person":[],"Product":[],"ProductReview":[],"Car":[],"Recipe":[],"Service":[],"SoftwareApplication":[],"WebPage":[]},"graphName":"","isEnabled":true},"graphs":[],"defaultGraph":"","defaultPostTypeGraph":""},"schema_type":null,"schema_type_options":null,"pillar_content":false,"robots_default":true,"robots_noindex":false,"robots_noarchive":false,"robots_nosnippet":false,"robots_nofollow":false,"robots_noimageindex":false,"robots_noodp":false,"robots_notranslate":false,"robots_max_snippet":null,"robots_max_videopreview":null,"robots_max_imagepreview":"none","priority":null,"frequency":null,"local_seo":null,"seo_analyzer_scan_date":"2025-08-21 05:23:06","breadcrumb_settings":null,"limit_modified_date":false,"open_ai":null,"ai":null,"created":"2020-11-14 22:37:00","updated":"2025-08-21 05:23:06"},"aioseo_breadcrumb":"<div class=\"aioseo-breadcrumbs\"><span class=\"aioseo-breadcrumb\">\n\t<a href=\"https:\/\/www.eldigitaldeasturias.com\/noticias\" title=\"Home\">Home<\/a>\n<\/span><span class=\"aioseo-breadcrumb-separator\">\u2013<\/span><span class=\"aioseo-breadcrumb\">\n\t<a href=\"https:\/\/www.eldigitaldeasturias.com\/noticias\/category\/actualidad\/\" title=\"Actualidad\">Actualidad<\/a>\n<\/span><span class=\"aioseo-breadcrumb-separator\">\u2013<\/span><span class=\"aioseo-breadcrumb\">\n\t<a href=\"https:\/\/www.eldigitaldeasturias.com\/noticias\/el-rey-juan-carlos-operado-con-exito-de-su-dolencia-en-la-cadera\/\" title=\"El rey Juan Carlos, operado \u00abcon \u00e9xito\u00bb de su dolencia en la cadera\">El rey Juan Carlos, operado \u00abcon \u00e9xito\u00bb de su dolencia en la cadera<\/a>\n<\/span><\/div>","aioseo_breadcrumb_json":[{"label":"Home","link":"https:\/\/www.eldigitaldeasturias.com\/noticias"},{"label":"Actualidad","link":"https:\/\/www.eldigitaldeasturias.com\/noticias\/category\/actualidad\/"},{"label":"El rey Juan Carlos, operado \u00abcon \u00e9xito\u00bb de su dolencia en la cadera","link":"https:\/\/www.eldigitaldeasturias.com\/noticias\/el-rey-juan-carlos-operado-con-exito-de-su-dolencia-en-la-cadera\/"}],"_links":{"self":[{"href":"https:\/\/www.eldigitaldeasturias.com\/noticias\/wp-json\/wp\/v2\/posts\/2958","targetHints":{"allow":["GET"]}}],"collection":[{"href":"https:\/\/www.eldigitaldeasturias.com\/noticias\/wp-json\/wp\/v2\/posts"}],"about":[{"href":"https:\/\/www.eldigitaldeasturias.com\/noticias\/wp-json\/wp\/v2\/types\/post"}],"author":[{"embeddable":true,"href":"https:\/\/www.eldigitaldeasturias.com\/noticias\/wp-json\/wp\/v2\/users\/1"}],"replies":[{"embeddable":true,"href":"https:\/\/www.eldigitaldeasturias.com\/noticias\/wp-json\/wp\/v2\/comments?post=2958"}],"version-history":[{"count":0,"href":"https:\/\/www.eldigitaldeasturias.com\/noticias\/wp-json\/wp\/v2\/posts\/2958\/revisions"}],"wp:featuredmedia":[{"embeddable":true,"href":"https:\/\/www.eldigitaldeasturias.com\/noticias\/wp-json\/"}],"wp:attachment":[{"href":"https:\/\/www.eldigitaldeasturias.com\/noticias\/wp-json\/wp\/v2\/media?parent=2958"}],"wp:term":[{"taxonomy":"category","embeddable":true,"href":"https:\/\/www.eldigitaldeasturias.com\/noticias\/wp-json\/wp\/v2\/categories?post=2958"},{"taxonomy":"post_tag","embeddable":true,"href":"https:\/\/www.eldigitaldeasturias.com\/noticias\/wp-json\/wp\/v2\/tags?post=2958"}],"curies":[{"name":"wp","href":"https:\/\/api.w.org\/{rel}","templated":true}]}}