{"id":2952,"date":"2013-09-25T00:30:03","date_gmt":"2013-09-25T00:30:03","guid":{"rendered":"http:\/\/www.eldigitaldeasturias.com\/noticias\/?p=2952"},"modified":"2013-09-25T00:30:03","modified_gmt":"2013-09-25T00:30:03","slug":"los-coches-electricos-ganan-impulso","status":"publish","type":"post","link":"https:\/\/www.eldigitaldeasturias.com\/noticias\/los-coches-electricos-ganan-impulso\/","title":{"rendered":"Los coches el\u00e9ctricos ganan impulso"},"content":{"rendered":"<p><img loading=\"lazy\" decoding=\"async\" class=\"alignleft size-medium wp-image-2953\" alt=\"Akku-Autos im Aufwind: IAA macht Elektromobilit\u00e4t wieder spannend\" src=\"https:\/\/www.eldigitaldeasturias.com\/noticias\/wp-content\/uploads\/2013\/09\/LOS_COCHES_EL_CTRICO_35830360-360x270.jpg\" width=\"360\" height=\"270\" \/>FR\u00c1NCFORT (dpa) &#8211; \u00bfEuforia o desencanto? El \u00e1nimo que rodea a los coches el\u00e9ctricos es muy cambiante. El reciente Sal\u00f3n del Autom\u00f3vil de Fr\u00e1ncfort supuso un impulso gracias a varias novedades y promesas.<\/p>\n<p>\u00abLos fabricantes han logrado grandes \u00e9xitos a nivel mundial con el desarrollo de tecnolog\u00edas para la movilidad el\u00e9ctrica, y los veh\u00edculos han alcanzado entretanto un nivel suficiente como para ser producidos en serie\u00bb, asegura el asesor Roland Berger.<\/p>\n<p>Y en el desarrollo de ese tipo de tecnolog\u00edas, Alemania vuelve a ser la vanguardia, lo que qued\u00f3 demostrado en Fr\u00e1ncfort con modelos como el BMW i3, que se estren\u00f3 en la ciudad alemana y que saldr\u00e1 al mercdo a final de a\u00f1o.<\/p>\n<p>El coche urbano no s\u00f3lo es el primer modelo el\u00e9ctrico de la firma producido en gran serie, sino el primero hecho principalmente en fibra de carbono y fabricado en gran n\u00famero.<\/p>\n<p>Ferdinand Dudenh\u00f6ffer, experto en el sector y profesor universitario, considera que el modelo, gracias tambi\u00e9n a su buena estrategia de marketing, es como un faro para el sector: \u00abEs una gran innovaci\u00f3n a un precio muy competitivo en todo el mundo\u00bb, alab\u00f3 la pol\u00edtica de la marca b\u00e1vara.<\/p>\n<p>Tambi\u00e9n Volkswagen se enchuf\u00f3 en Fr\u00e1ncfort. \u00abHa llegado el momento de electrificar los modelos producidos a gran escala\u00bb, dijo Rudolf Krebs, responsable de la movilidad el\u00e9ctrica en la firma, que present\u00f3 en el Sal\u00f3n las variantes con bater\u00eda del Up y del Golf, lo que da comienzo a una nueva era. Mientras que el E-Up ya llegar\u00e1 en las pr\u00f3ximas semanas al mercado, el E-Golf lo har\u00e1 a comienzos de 2014.<\/p>\n<p>Y los planes de Volkswagen no acaban ah\u00ed. El presidente de la marca, Martin Winterkorn, quiere convertir a la firma para 2018 en el mayor fabricante del mundo y adem\u00e1s tambi\u00e9n desea el n\u00famero uno en el sector el\u00e9ctrico. \u00abSi electrificamos todos los segmentos, tendremos todas las posibilidades\u00bb, dijo Winterkorn. Para final de 2014 habr\u00e1 14 modelos diferentes con motores el\u00e9ctricos o h\u00edbridos, y si la demanda as\u00ed lo exige, otros podr\u00e1n ser equipados con propulsores alternativos y limpios.<\/p>\n<p>Daimler tambi\u00e9n quiere calentar el ambiente con el Smart ed y la variante el\u00e9ctrica de la Clase B, que en Europa tendr\u00e1 un motor igual que el del BMW i3, seg\u00fan dijo el presidente de Daimler, Dieter Zetsche, mirando a la competencia. La Clase B el\u00e9ctrica cuenta con la tecnolog\u00eda del socio Tesla.<\/p>\n<p>Mientras los fabricantes alemanes avanzan, otras marcas m\u00e1s asentadas en el sector el\u00e9ctrico se mostraron m\u00e1s t\u00edmidas en Fr\u00e1ncfort. En Renault todo gira en torno al sucesor del Espace, que llevar\u00e1 un motor diesel. En Nissan brilla un nuevo monovolumen que suplir\u00e1 pronto el viejo X-Trail.<\/p>\n<p>Y Peugeot y Citro\u00ebn apostaron a modelos de propulsi\u00f3n tradicional como el 308 o en el prototipo Cactus, respectivamente.<\/p>\n<p>La pionera Mitsubishi present\u00f3 como novedad el\u00e9ctrica el renovado Outlander, que cuenta sin embargo con un motor de combusti\u00f3n, ya que la camioneta llegar\u00e1 como motor h\u00edbrido plug-in.<\/p>\n<p>En ninguna edici\u00f3n de Fr\u00e1ncfort se vieron tantas novedades el\u00e9ctricas como en la \u00faltima. A pesar de todo, nadie se atreve a asegurar ahora que habr\u00e1 un desarrollo r\u00e1pido. \u00abNuestro abandono del petr\u00f3leo es como el abandono de la energ\u00eda at\u00f3mica para los pol\u00edticos. A\u00fan tardar\u00e1\u00bb, dice el jefe de Daimler, Zetsche, que sin embargo est\u00e1 convencido de que el cambio llegar\u00e1.<\/p>\n<p>As\u00ed lo piensa tambi\u00e9n el experto y profesor universitario Stefan Bratzel: \u00abEl tema ganar\u00e1 dinamismo gracias a las novedades de marcas como BMW y Volkswagen\u00bb. Para que los veh\u00edculos el\u00e9ctricos ganen cuota de mercado, sin embargo, deber\u00e1n a\u00fan superar los obst\u00e1culos de la autonom\u00eda y de las infraestructuras, y sobre todo el del alto precio.<\/p>\n","protected":false},"excerpt":{"rendered":"<p>FR\u00c1NCFORT (dpa) &#8211; \u00bfEuforia o desencanto? El \u00e1nimo que rodea a los coches el\u00e9ctricos es muy cambiante. El reciente Sal\u00f3n del Autom\u00f3vil de Fr\u00e1ncfort supuso un impulso gracias a varias novedades y promesas. \u00abLos fabricantes han logrado grandes \u00e9xitos a nivel mundial con el desarrollo de tecnolog\u00edas para la movilidad el\u00e9ctrica, y los veh\u00edculos han [&hellip;]<\/p>\n","protected":false},"author":1,"featured_media":2953,"comment_status":"open","ping_status":"open","sticky":false,"template":"","format":"standard","meta":{"footnotes":""},"categories":[50],"tags":[],"class_list":["post-2952","post","type-post","status-publish","format-standard","has-post-thumbnail","hentry","category-revista-de-ocio"],"aioseo_notices":[],"aioseo_head":"\n\t\t<!-- All in One SEO Pro 4.9.6.2 - aioseo.com -->\n\t<meta name=\"description\" content=\"FR\u00c1NCFORT (dpa) - \u00bfEuforia o desencanto? El \u00e1nimo que rodea a los coches el\u00e9ctricos es muy cambiante. El reciente Sal\u00f3n del Autom\u00f3vil de Fr\u00e1ncfort supuso un impulso gracias a varias novedades y promesas. &quot;Los fabricantes han logrado grandes \u00e9xitos a nivel mundial con el desarrollo de tecnolog\u00edas para la movilidad el\u00e9ctrica, y los veh\u00edculos han\" \/>\n\t<meta name=\"robots\" content=\"max-image-preview:large\" \/>\n\t<meta name=\"author\" content=\"El Digital de Asturias\"\/>\n\t<meta name=\"google-site-verification\" content=\"UA-38556648-1\" \/>\n\t<meta name=\"msvalidate.01\" content=\"7dfe9f3f1b24437ab69f4f2559babe99\" \/>\n\t<meta name=\"keywords\" content=\"revista de ocio\" \/>\n\t<link rel=\"canonical\" href=\"https:\/\/www.eldigitaldeasturias.com\/noticias\/los-coches-electricos-ganan-impulso\/\" \/>\n\t<meta name=\"generator\" content=\"All in One SEO Pro (AIOSEO) 4.9.6.2\" \/>\n\t\t<meta property=\"og:locale\" content=\"es_ES\" \/>\n\t\t<meta property=\"og:site_name\" content=\"El Digital de Asturias\" \/>\n\t\t<meta property=\"og:type\" content=\"article\" \/>\n\t\t<meta property=\"og:title\" content=\"Los coches el\u00e9ctricos ganan impulso - El Digital de Asturias\" \/>\n\t\t<meta property=\"og:description\" content=\"FR\u00c1NCFORT (dpa) - \u00bfEuforia o desencanto? El \u00e1nimo que rodea a los coches el\u00e9ctricos es muy cambiante. El reciente Sal\u00f3n del Autom\u00f3vil de Fr\u00e1ncfort supuso un impulso gracias a varias novedades y promesas. &quot;Los fabricantes han logrado grandes \u00e9xitos a nivel mundial con el desarrollo de tecnolog\u00edas para la movilidad el\u00e9ctrica, y los veh\u00edculos han\" \/>\n\t\t<meta property=\"og:url\" content=\"https:\/\/www.eldigitaldeasturias.com\/noticias\/los-coches-electricos-ganan-impulso\/\" \/>\n\t\t<meta property=\"article:tag\" content=\"revista de ocio\" \/>\n\t\t<meta property=\"article:published_time\" content=\"2013-09-25T00:30:03+00:00\" \/>\n\t\t<meta property=\"article:modified_time\" content=\"2013-09-25T00:30:03+00:00\" \/>\n\t\t<meta property=\"article:publisher\" content=\"https:\/\/facebook.com\/eldigitaldeasturias\" \/>\n\t\t<meta name=\"twitter:card\" content=\"summary_large_image\" \/>\n\t\t<meta name=\"twitter:title\" content=\"Los coches el\u00e9ctricos ganan impulso - El Digital de Asturias\" \/>\n\t\t<meta name=\"twitter:description\" content=\"FR\u00c1NCFORT (dpa) - \u00bfEuforia o desencanto? El \u00e1nimo que rodea a los coches el\u00e9ctricos es muy cambiante. El reciente Sal\u00f3n del Autom\u00f3vil de Fr\u00e1ncfort supuso un impulso gracias a varias novedades y promesas. &quot;Los fabricantes han logrado grandes \u00e9xitos a nivel mundial con el desarrollo de tecnolog\u00edas para la movilidad el\u00e9ctrica, y los veh\u00edculos han\" \/>\n\t\t<meta name=\"twitter:label1\" content=\"Escrito por\" \/>\n\t\t<meta name=\"twitter:data1\" content=\"El Digital de Asturias\" \/>\n\t\t<meta name=\"twitter:label2\" content=\"Tiempo de lectura estimado\" \/>\n\t\t<meta name=\"twitter:data2\" content=\"3 minutos\" \/>\n\t\t<script type=\"application\/ld+json\" class=\"aioseo-schema\">\n\t\t\t{\"@context\":\"https:\\\/\\\/schema.org\",\"@graph\":[{\"@type\":\"BlogPosting\",\"@id\":\"https:\\\/\\\/www.eldigitaldeasturias.com\\\/noticias\\\/los-coches-electricos-ganan-impulso\\\/#blogposting\",\"name\":\"Los coches el\\u00e9ctricos ganan impulso - El Digital de Asturias\",\"headline\":\"Los coches el\\u00e9ctricos ganan impulso\",\"author\":{\"@id\":\"https:\\\/\\\/www.eldigitaldeasturias.com\\\/noticias\\\/author\\\/admin\\\/#author\"},\"publisher\":{\"@id\":\"https:\\\/\\\/www.eldigitaldeasturias.com\\\/noticias\\\/#organization\"},\"image\":{\"@type\":\"ImageObject\",\"url\":2953},\"datePublished\":\"2013-09-25T00:30:03+02:00\",\"dateModified\":\"2013-09-25T00:30:03+02:00\",\"inLanguage\":\"es-ES\",\"mainEntityOfPage\":{\"@id\":\"https:\\\/\\\/www.eldigitaldeasturias.com\\\/noticias\\\/los-coches-electricos-ganan-impulso\\\/#webpage\"},\"isPartOf\":{\"@id\":\"https:\\\/\\\/www.eldigitaldeasturias.com\\\/noticias\\\/los-coches-electricos-ganan-impulso\\\/#webpage\"},\"articleSection\":\"Revista de Ocio\"},{\"@type\":\"BreadcrumbList\",\"@id\":\"https:\\\/\\\/www.eldigitaldeasturias.com\\\/noticias\\\/los-coches-electricos-ganan-impulso\\\/#breadcrumblist\",\"itemListElement\":[{\"@type\":\"ListItem\",\"@id\":\"https:\\\/\\\/www.eldigitaldeasturias.com\\\/noticias#listItem\",\"position\":1,\"name\":\"Home\",\"item\":\"https:\\\/\\\/www.eldigitaldeasturias.com\\\/noticias\",\"nextItem\":{\"@type\":\"ListItem\",\"@id\":\"https:\\\/\\\/www.eldigitaldeasturias.com\\\/noticias\\\/category\\\/revista-de-ocio\\\/#listItem\",\"name\":\"Revista de Ocio\"}},{\"@type\":\"ListItem\",\"@id\":\"https:\\\/\\\/www.eldigitaldeasturias.com\\\/noticias\\\/category\\\/revista-de-ocio\\\/#listItem\",\"position\":2,\"name\":\"Revista de Ocio\",\"item\":\"https:\\\/\\\/www.eldigitaldeasturias.com\\\/noticias\\\/category\\\/revista-de-ocio\\\/\",\"nextItem\":{\"@type\":\"ListItem\",\"@id\":\"https:\\\/\\\/www.eldigitaldeasturias.com\\\/noticias\\\/los-coches-electricos-ganan-impulso\\\/#listItem\",\"name\":\"Los coches el\\u00e9ctricos ganan impulso\"},\"previousItem\":{\"@type\":\"ListItem\",\"@id\":\"https:\\\/\\\/www.eldigitaldeasturias.com\\\/noticias#listItem\",\"name\":\"Home\"}},{\"@type\":\"ListItem\",\"@id\":\"https:\\\/\\\/www.eldigitaldeasturias.com\\\/noticias\\\/los-coches-electricos-ganan-impulso\\\/#listItem\",\"position\":3,\"name\":\"Los coches el\\u00e9ctricos ganan impulso\",\"previousItem\":{\"@type\":\"ListItem\",\"@id\":\"https:\\\/\\\/www.eldigitaldeasturias.com\\\/noticias\\\/category\\\/revista-de-ocio\\\/#listItem\",\"name\":\"Revista de Ocio\"}}]},{\"@type\":\"Organization\",\"@id\":\"https:\\\/\\\/www.eldigitaldeasturias.com\\\/noticias\\\/#organization\",\"name\":\"El Digital de Asturias\",\"description\":\"Hemeroteca\",\"url\":\"https:\\\/\\\/www.eldigitaldeasturias.com\\\/noticias\\\/\",\"email\":\"info@eldigitaldeasturias.com\",\"telephone\":\"+34652131393\",\"logo\":{\"@type\":\"ImageObject\",\"url\":\"https:\\\/\\\/www.eldigitaldeasturias.com\\\/noticias\\\/wp-content\\\/uploads\\\/2020\\\/12\\\/EDA.jpg\",\"@id\":\"https:\\\/\\\/www.eldigitaldeasturias.com\\\/noticias\\\/los-coches-electricos-ganan-impulso\\\/#organizationLogo\",\"width\":649,\"height\":297},\"image\":{\"@id\":\"https:\\\/\\\/www.eldigitaldeasturias.com\\\/noticias\\\/los-coches-electricos-ganan-impulso\\\/#organizationLogo\"},\"sameAs\":[\"https:\\\/\\\/facebook.com\\\/eldigitaldeasturias\",\"https:\\\/\\\/www.youtube.com\\\/channel\\\/UCZP-2wLEB9Rv6erhFmqVnvg\"],\"address\":{\"@id\":\"https:\\\/\\\/www.eldigitaldeasturias.com\\\/noticias\\\/#postaladdress\",\"@type\":\"PostalAddress\",\"streetAddress\":\"san antonio 4,\",\"postalCode\":\"33430\",\"addressLocality\":\"Cand\\u00e1s\",\"addressRegion\":\"Asturias\",\"addressCountry\":\"ES\"}},{\"@type\":\"Person\",\"@id\":\"https:\\\/\\\/www.eldigitaldeasturias.com\\\/noticias\\\/author\\\/admin\\\/#author\",\"url\":\"https:\\\/\\\/www.eldigitaldeasturias.com\\\/noticias\\\/author\\\/admin\\\/\",\"name\":\"El Digital de Asturias\",\"image\":{\"@type\":\"ImageObject\",\"@id\":\"https:\\\/\\\/www.eldigitaldeasturias.com\\\/noticias\\\/los-coches-electricos-ganan-impulso\\\/#authorImage\",\"url\":\"https:\\\/\\\/www.eldigitaldeasturias.com\\\/noticias\\\/wp-content\\\/litespeed\\\/avatar\\\/18677e78aa0546b92d9dbf31ec7d7668.jpg?ver=1777290358\",\"width\":96,\"height\":96,\"caption\":\"El Digital de Asturias\"}},{\"@type\":\"WebPage\",\"@id\":\"https:\\\/\\\/www.eldigitaldeasturias.com\\\/noticias\\\/los-coches-electricos-ganan-impulso\\\/#webpage\",\"url\":\"https:\\\/\\\/www.eldigitaldeasturias.com\\\/noticias\\\/los-coches-electricos-ganan-impulso\\\/\",\"name\":\"Los coches el\\u00e9ctricos ganan impulso - El Digital de Asturias\",\"description\":\"FR\\u00c1NCFORT (dpa) - \\u00bfEuforia o desencanto? El \\u00e1nimo que rodea a los coches el\\u00e9ctricos es muy cambiante. El reciente Sal\\u00f3n del Autom\\u00f3vil de Fr\\u00e1ncfort supuso un impulso gracias a varias novedades y promesas. \\\"Los fabricantes han logrado grandes \\u00e9xitos a nivel mundial con el desarrollo de tecnolog\\u00edas para la movilidad el\\u00e9ctrica, y los veh\\u00edculos han\",\"inLanguage\":\"es-ES\",\"isPartOf\":{\"@id\":\"https:\\\/\\\/www.eldigitaldeasturias.com\\\/noticias\\\/#website\"},\"breadcrumb\":{\"@id\":\"https:\\\/\\\/www.eldigitaldeasturias.com\\\/noticias\\\/los-coches-electricos-ganan-impulso\\\/#breadcrumblist\"},\"author\":{\"@id\":\"https:\\\/\\\/www.eldigitaldeasturias.com\\\/noticias\\\/author\\\/admin\\\/#author\"},\"creator\":{\"@id\":\"https:\\\/\\\/www.eldigitaldeasturias.com\\\/noticias\\\/author\\\/admin\\\/#author\"},\"image\":{\"@type\":\"ImageObject\",\"url\":2953,\"@id\":\"https:\\\/\\\/www.eldigitaldeasturias.com\\\/noticias\\\/los-coches-electricos-ganan-impulso\\\/#mainImage\"},\"primaryImageOfPage\":{\"@id\":\"https:\\\/\\\/www.eldigitaldeasturias.com\\\/noticias\\\/los-coches-electricos-ganan-impulso\\\/#mainImage\"},\"datePublished\":\"2013-09-25T00:30:03+02:00\",\"dateModified\":\"2013-09-25T00:30:03+02:00\"},{\"@type\":\"WebSite\",\"@id\":\"https:\\\/\\\/www.eldigitaldeasturias.com\\\/noticias\\\/#website\",\"url\":\"https:\\\/\\\/www.eldigitaldeasturias.com\\\/noticias\\\/\",\"name\":\"El Digital de Asturias - Diario de actualidad y noticias\",\"alternateName\":\"El Digital de Asturias - Diario de actualidad y noticias\",\"description\":\"Hemeroteca\",\"inLanguage\":\"es-ES\",\"publisher\":{\"@id\":\"https:\\\/\\\/www.eldigitaldeasturias.com\\\/noticias\\\/#organization\"}}]}\n\t\t<\/script>\n\t\t<!-- All in One SEO Pro -->\r\n\t\t<title>Los coches el\u00e9ctricos ganan impulso - El Digital de Asturias<\/title>\n\n","aioseo_head_json":{"title":"Los coches el\u00e9ctricos ganan impulso - El Digital de Asturias","description":"FR\u00c1NCFORT (dpa) - \u00bfEuforia o desencanto? El \u00e1nimo que rodea a los coches el\u00e9ctricos es muy cambiante. El reciente Sal\u00f3n del Autom\u00f3vil de Fr\u00e1ncfort supuso un impulso gracias a varias novedades y promesas. \"Los fabricantes han logrado grandes \u00e9xitos a nivel mundial con el desarrollo de tecnolog\u00edas para la movilidad el\u00e9ctrica, y los veh\u00edculos han","canonical_url":"https:\/\/www.eldigitaldeasturias.com\/noticias\/los-coches-electricos-ganan-impulso\/","robots":"max-image-preview:large","keywords":"revista de ocio","webmasterTools":{"google-site-verification":"UA-38556648-1","msvalidate.01":"7dfe9f3f1b24437ab69f4f2559babe99","miscellaneous":""},"schema":{"@context":"https:\/\/schema.org","@graph":[{"@type":"BlogPosting","@id":"https:\/\/www.eldigitaldeasturias.com\/noticias\/los-coches-electricos-ganan-impulso\/#blogposting","name":"Los coches el\u00e9ctricos ganan impulso - El Digital de Asturias","headline":"Los coches el\u00e9ctricos ganan impulso","author":{"@id":"https:\/\/www.eldigitaldeasturias.com\/noticias\/author\/admin\/#author"},"publisher":{"@id":"https:\/\/www.eldigitaldeasturias.com\/noticias\/#organization"},"image":{"@type":"ImageObject","url":2953},"datePublished":"2013-09-25T00:30:03+02:00","dateModified":"2013-09-25T00:30:03+02:00","inLanguage":"es-ES","mainEntityOfPage":{"@id":"https:\/\/www.eldigitaldeasturias.com\/noticias\/los-coches-electricos-ganan-impulso\/#webpage"},"isPartOf":{"@id":"https:\/\/www.eldigitaldeasturias.com\/noticias\/los-coches-electricos-ganan-impulso\/#webpage"},"articleSection":"Revista de Ocio"},{"@type":"BreadcrumbList","@id":"https:\/\/www.eldigitaldeasturias.com\/noticias\/los-coches-electricos-ganan-impulso\/#breadcrumblist","itemListElement":[{"@type":"ListItem","@id":"https:\/\/www.eldigitaldeasturias.com\/noticias#listItem","position":1,"name":"Home","item":"https:\/\/www.eldigitaldeasturias.com\/noticias","nextItem":{"@type":"ListItem","@id":"https:\/\/www.eldigitaldeasturias.com\/noticias\/category\/revista-de-ocio\/#listItem","name":"Revista de Ocio"}},{"@type":"ListItem","@id":"https:\/\/www.eldigitaldeasturias.com\/noticias\/category\/revista-de-ocio\/#listItem","position":2,"name":"Revista de Ocio","item":"https:\/\/www.eldigitaldeasturias.com\/noticias\/category\/revista-de-ocio\/","nextItem":{"@type":"ListItem","@id":"https:\/\/www.eldigitaldeasturias.com\/noticias\/los-coches-electricos-ganan-impulso\/#listItem","name":"Los coches el\u00e9ctricos ganan impulso"},"previousItem":{"@type":"ListItem","@id":"https:\/\/www.eldigitaldeasturias.com\/noticias#listItem","name":"Home"}},{"@type":"ListItem","@id":"https:\/\/www.eldigitaldeasturias.com\/noticias\/los-coches-electricos-ganan-impulso\/#listItem","position":3,"name":"Los coches el\u00e9ctricos ganan impulso","previousItem":{"@type":"ListItem","@id":"https:\/\/www.eldigitaldeasturias.com\/noticias\/category\/revista-de-ocio\/#listItem","name":"Revista de Ocio"}}]},{"@type":"Organization","@id":"https:\/\/www.eldigitaldeasturias.com\/noticias\/#organization","name":"El Digital de Asturias","description":"Hemeroteca","url":"https:\/\/www.eldigitaldeasturias.com\/noticias\/","email":"info@eldigitaldeasturias.com","telephone":"+34652131393","logo":{"@type":"ImageObject","url":"https:\/\/www.eldigitaldeasturias.com\/noticias\/wp-content\/uploads\/2020\/12\/EDA.jpg","@id":"https:\/\/www.eldigitaldeasturias.com\/noticias\/los-coches-electricos-ganan-impulso\/#organizationLogo","width":649,"height":297},"image":{"@id":"https:\/\/www.eldigitaldeasturias.com\/noticias\/los-coches-electricos-ganan-impulso\/#organizationLogo"},"sameAs":["https:\/\/facebook.com\/eldigitaldeasturias","https:\/\/www.youtube.com\/channel\/UCZP-2wLEB9Rv6erhFmqVnvg"],"address":{"@id":"https:\/\/www.eldigitaldeasturias.com\/noticias\/#postaladdress","@type":"PostalAddress","streetAddress":"san antonio 4,","postalCode":"33430","addressLocality":"Cand\u00e1s","addressRegion":"Asturias","addressCountry":"ES"}},{"@type":"Person","@id":"https:\/\/www.eldigitaldeasturias.com\/noticias\/author\/admin\/#author","url":"https:\/\/www.eldigitaldeasturias.com\/noticias\/author\/admin\/","name":"El Digital de Asturias","image":{"@type":"ImageObject","@id":"https:\/\/www.eldigitaldeasturias.com\/noticias\/los-coches-electricos-ganan-impulso\/#authorImage","url":"https:\/\/www.eldigitaldeasturias.com\/noticias\/wp-content\/litespeed\/avatar\/18677e78aa0546b92d9dbf31ec7d7668.jpg?ver=1777290358","width":96,"height":96,"caption":"El Digital de Asturias"}},{"@type":"WebPage","@id":"https:\/\/www.eldigitaldeasturias.com\/noticias\/los-coches-electricos-ganan-impulso\/#webpage","url":"https:\/\/www.eldigitaldeasturias.com\/noticias\/los-coches-electricos-ganan-impulso\/","name":"Los coches el\u00e9ctricos ganan impulso - El Digital de Asturias","description":"FR\u00c1NCFORT (dpa) - \u00bfEuforia o desencanto? El \u00e1nimo que rodea a los coches el\u00e9ctricos es muy cambiante. El reciente Sal\u00f3n del Autom\u00f3vil de Fr\u00e1ncfort supuso un impulso gracias a varias novedades y promesas. \"Los fabricantes han logrado grandes \u00e9xitos a nivel mundial con el desarrollo de tecnolog\u00edas para la movilidad el\u00e9ctrica, y los veh\u00edculos han","inLanguage":"es-ES","isPartOf":{"@id":"https:\/\/www.eldigitaldeasturias.com\/noticias\/#website"},"breadcrumb":{"@id":"https:\/\/www.eldigitaldeasturias.com\/noticias\/los-coches-electricos-ganan-impulso\/#breadcrumblist"},"author":{"@id":"https:\/\/www.eldigitaldeasturias.com\/noticias\/author\/admin\/#author"},"creator":{"@id":"https:\/\/www.eldigitaldeasturias.com\/noticias\/author\/admin\/#author"},"image":{"@type":"ImageObject","url":2953,"@id":"https:\/\/www.eldigitaldeasturias.com\/noticias\/los-coches-electricos-ganan-impulso\/#mainImage"},"primaryImageOfPage":{"@id":"https:\/\/www.eldigitaldeasturias.com\/noticias\/los-coches-electricos-ganan-impulso\/#mainImage"},"datePublished":"2013-09-25T00:30:03+02:00","dateModified":"2013-09-25T00:30:03+02:00"},{"@type":"WebSite","@id":"https:\/\/www.eldigitaldeasturias.com\/noticias\/#website","url":"https:\/\/www.eldigitaldeasturias.com\/noticias\/","name":"El Digital de Asturias - Diario de actualidad y noticias","alternateName":"El Digital de Asturias - Diario de actualidad y noticias","description":"Hemeroteca","inLanguage":"es-ES","publisher":{"@id":"https:\/\/www.eldigitaldeasturias.com\/noticias\/#organization"}}]},"og:locale":"es_ES","og:site_name":"El Digital de Asturias","og:type":"article","og:title":"Los coches el\u00e9ctricos ganan impulso - El Digital de Asturias","og:description":"FR\u00c1NCFORT (dpa) - \u00bfEuforia o desencanto? El \u00e1nimo que rodea a los coches el\u00e9ctricos es muy cambiante. El reciente Sal\u00f3n del Autom\u00f3vil de Fr\u00e1ncfort supuso un impulso gracias a varias novedades y promesas. &quot;Los fabricantes han logrado grandes \u00e9xitos a nivel mundial con el desarrollo de tecnolog\u00edas para la movilidad el\u00e9ctrica, y los veh\u00edculos han","og:url":"https:\/\/www.eldigitaldeasturias.com\/noticias\/los-coches-electricos-ganan-impulso\/","article:tag":["revista de ocio"],"article:published_time":"2013-09-25T00:30:03+00:00","article:modified_time":"2013-09-25T00:30:03+00:00","article:publisher":"https:\/\/facebook.com\/eldigitaldeasturias","twitter:card":"summary_large_image","twitter:title":"Los coches el\u00e9ctricos ganan impulso - El Digital de Asturias","twitter:description":"FR\u00c1NCFORT (dpa) - \u00bfEuforia o desencanto? El \u00e1nimo que rodea a los coches el\u00e9ctricos es muy cambiante. El reciente Sal\u00f3n del Autom\u00f3vil de Fr\u00e1ncfort supuso un impulso gracias a varias novedades y promesas. &quot;Los fabricantes han logrado grandes \u00e9xitos a nivel mundial con el desarrollo de tecnolog\u00edas para la movilidad el\u00e9ctrica, y los veh\u00edculos han","twitter:label1":"Escrito por","twitter:data1":"El Digital de Asturias","twitter:label2":"Tiempo de lectura estimado","twitter:data2":"3 minutos"},"aioseo_meta_data":{"post_id":"2952","title":null,"description":null,"keywords":null,"keyphrases":null,"primary_term":null,"canonical_url":null,"og_title":null,"og_description":null,"og_object_type":"default","og_image_type":"default","og_image_url":null,"og_image_width":null,"og_image_height":null,"og_image_custom_url":null,"og_image_custom_fields":null,"og_video":null,"og_custom_url":null,"og_article_section":null,"og_article_tags":null,"twitter_use_og":true,"twitter_card":"default","twitter_image_type":"default","twitter_image_url":null,"twitter_image_custom_url":null,"twitter_image_custom_fields":null,"twitter_title":null,"twitter_description":null,"schema":{"blockGraphs":[],"customGraphs":[],"default":{"data":{"Article":[],"Course":[],"Dataset":[],"FAQPage":[],"Movie":[],"Person":[],"Product":[],"ProductReview":[],"Car":[],"Recipe":[],"Service":[],"SoftwareApplication":[],"WebPage":[]},"graphName":"","isEnabled":true},"graphs":[],"defaultGraph":"","defaultPostTypeGraph":""},"schema_type":null,"schema_type_options":null,"pillar_content":false,"robots_default":true,"robots_noindex":false,"robots_noarchive":false,"robots_nosnippet":false,"robots_nofollow":false,"robots_noimageindex":false,"robots_noodp":false,"robots_notranslate":false,"robots_max_snippet":null,"robots_max_videopreview":null,"robots_max_imagepreview":"none","priority":null,"frequency":null,"local_seo":null,"seo_analyzer_scan_date":"2025-08-21 05:20:50","breadcrumb_settings":null,"limit_modified_date":false,"open_ai":null,"ai":null,"created":"2020-11-14 22:37:00","updated":"2025-08-21 05:20:50"},"aioseo_breadcrumb":"<div class=\"aioseo-breadcrumbs\"><span class=\"aioseo-breadcrumb\">\n\t<a href=\"https:\/\/www.eldigitaldeasturias.com\/noticias\" title=\"Home\">Home<\/a>\n<\/span><span class=\"aioseo-breadcrumb-separator\">\u2013<\/span><span class=\"aioseo-breadcrumb\">\n\t<a href=\"https:\/\/www.eldigitaldeasturias.com\/noticias\/category\/revista-de-ocio\/\" title=\"Revista de Ocio\">Revista de Ocio<\/a>\n<\/span><span class=\"aioseo-breadcrumb-separator\">\u2013<\/span><span class=\"aioseo-breadcrumb\">\n\t<a href=\"https:\/\/www.eldigitaldeasturias.com\/noticias\/los-coches-electricos-ganan-impulso\/\" title=\"Los coches el\u00e9ctricos ganan impulso\">Los coches el\u00e9ctricos ganan impulso<\/a>\n<\/span><\/div>","aioseo_breadcrumb_json":[{"label":"Home","link":"https:\/\/www.eldigitaldeasturias.com\/noticias"},{"label":"Revista de Ocio","link":"https:\/\/www.eldigitaldeasturias.com\/noticias\/category\/revista-de-ocio\/"},{"label":"Los coches el\u00e9ctricos ganan impulso","link":"https:\/\/www.eldigitaldeasturias.com\/noticias\/los-coches-electricos-ganan-impulso\/"}],"_links":{"self":[{"href":"https:\/\/www.eldigitaldeasturias.com\/noticias\/wp-json\/wp\/v2\/posts\/2952","targetHints":{"allow":["GET"]}}],"collection":[{"href":"https:\/\/www.eldigitaldeasturias.com\/noticias\/wp-json\/wp\/v2\/posts"}],"about":[{"href":"https:\/\/www.eldigitaldeasturias.com\/noticias\/wp-json\/wp\/v2\/types\/post"}],"author":[{"embeddable":true,"href":"https:\/\/www.eldigitaldeasturias.com\/noticias\/wp-json\/wp\/v2\/users\/1"}],"replies":[{"embeddable":true,"href":"https:\/\/www.eldigitaldeasturias.com\/noticias\/wp-json\/wp\/v2\/comments?post=2952"}],"version-history":[{"count":0,"href":"https:\/\/www.eldigitaldeasturias.com\/noticias\/wp-json\/wp\/v2\/posts\/2952\/revisions"}],"wp:featuredmedia":[{"embeddable":true,"href":"https:\/\/www.eldigitaldeasturias.com\/noticias\/wp-json\/"}],"wp:attachment":[{"href":"https:\/\/www.eldigitaldeasturias.com\/noticias\/wp-json\/wp\/v2\/media?parent=2952"}],"wp:term":[{"taxonomy":"category","embeddable":true,"href":"https:\/\/www.eldigitaldeasturias.com\/noticias\/wp-json\/wp\/v2\/categories?post=2952"},{"taxonomy":"post_tag","embeddable":true,"href":"https:\/\/www.eldigitaldeasturias.com\/noticias\/wp-json\/wp\/v2\/tags?post=2952"}],"curies":[{"name":"wp","href":"https:\/\/api.w.org\/{rel}","templated":true}]}}