{"id":2949,"date":"2013-09-25T00:27:24","date_gmt":"2013-09-25T00:27:24","guid":{"rendered":"http:\/\/www.eldigitaldeasturias.com\/noticias\/?p=2949"},"modified":"2013-09-25T00:27:24","modified_gmt":"2013-09-25T00:27:24","slug":"los-suv-cada-vez-mas-compactos","status":"publish","type":"post","link":"https:\/\/www.eldigitaldeasturias.com\/noticias\/los-suv-cada-vez-mas-compactos\/","title":{"rendered":"Los SUV, cada vez m\u00e1s compactos"},"content":{"rendered":"<p><img loading=\"lazy\" decoding=\"async\" class=\"alignleft size-medium wp-image-2950\" alt=\"Jetzt kommt's nicht mehr ganz so dicke: Trend geht zu Kompakt-SUV\" src=\"https:\/\/www.eldigitaldeasturias.com\/noticias\/wp-content\/uploads\/2013\/09\/LOS_SUV_CADA_VEZ_M_S_35830186-360x270.jpg\" width=\"360\" height=\"270\" \/>FR\u00c1NCFORT (dpa) &#8211; El espacio en las ciudades es escaso y la gasolina, cara. Los que no dan uso a un coche grande, pero a pesar de todo lo encuentran sexy, pueden celebrar que se haya impuesto la tendencia de hacer los SUVs cada vez m\u00e1s compactos.<\/p>\n<p>Entre los modelos que pueden desear est\u00e1 el Mercedes GLA, presentado en el reciente Sal\u00f3n del Autom\u00f3vil de Fr\u00e1ncfort como una superestrella. El monovolumen compacto y deportivo hace que Mercedes se sume a una tendencia que BMW inici\u00f3 en 2009 con el X1 y Audi sigui\u00f3 en 2011 con el Q3.<\/p>\n<p>\u00abLos SUVs son un \u00e9xito de ventas y seguir\u00e1n si\u00e9ndolo\u00bb, aventura el experto en el sector Ferdinand Dudenh\u00f6ffer sobre una tendencia que no deja de crecer. Los modelos compactos est\u00e1n saltando al segmento SUV, un h\u00edbrido entre todoterreno y turismo, y pronto lo har\u00e1n tambi\u00e9n los urbanos m\u00e1s peque\u00f1os.<\/p>\n<p>Las perspectivas son buenas por lo tanto para el Mercedes GLA, que con una longitud de 4,42 metros est\u00e1 entre el Audi Q3 y el m\u00e1s grande BMW X1.<\/p>\n<p>Las l\u00edneas definidas y ligeramente curvas y la escasa altura del techo, de s\u00f3lo 1,49 metros, son heredadas de las Clases A y B y le dan un aspecto muy din\u00e1mico. Las superficies en el cockpit agregan valor y algunos sistemas de asistencia como el avisador de fatiga y de colisi\u00f3n llegan de serie. Saldr\u00e1 al mercado en noviembre y se podr\u00e1 adquirir con o sin tracci\u00f3n a las cuatro ruedas. Ofrece dos motores de gasolina y dos diesel de entre 136 y 211 caballos.<\/p>\n<p>En Fr\u00e1ncfort qued\u00f3 patente que los fabricantes ya saben que en el futuro estos modelos tendr\u00e1n \u00e9xito, por lo que se vieron diversos prototipos de SUVs compactos y minis.<\/p>\n<p>Suzuki, por ejemplo, present\u00f3 el iV-4, robusto pese a medir s\u00f3lo 4,22 metros de largo. El modelo es s\u00f3lo ocho cent\u00edmetros m\u00e1s corto que el nuevo SX4, prometido para el 2015. Suzuki avisa de que tendr\u00e1 caracter\u00edsticas offroad, algo que pueden decir pocos fabricantes sobre sus SUVs.<\/p>\n<p>Kia tambi\u00e9n present\u00f3 el \u00abshowcar\u00bb Niro, de 4,19 metros. Su carrocer\u00eda con forma elegante y sus puertas que se abren hacia arriba son una clara se\u00f1al de que la firma coreana quiere hacer un Mini-SUV refinado para la jungla de asfalto. A\u00fan no se ha decidido si ser\u00e1 producido en serie.<\/p>\n<p>Citro\u00ebn demostr\u00f3 con curvaturas, superficies lisas y novedosos parachoques delante, detr\u00e1s y en los laterales que el Cactus puede tener un aspecto simp\u00e1tico. El prototipo de 4,20 metros no es, a diferencia de otros monovol\u00famenes deportivos, agresivo.<\/p>\n<p>El Cactus avanza el dise\u00f1o de los sucesores de los modelos C1 y C5. \u00abNos queremos separar de la l\u00ednea DS\u00bb, dijo el portavoz de Citro\u00ebn, Stephan L\u00fctzenkirchen. El estudio tambi\u00e9n anticipa el nuevo SUV-coup\u00e9 por debajo del Citro\u00ebn C4 Aircross.<\/p>\n<p>La marca de lujo de Toyota, Lexus, ha evitado un dise\u00f1o anguloso para su primer SUV compacto. El estudio LF-NX mide 4,64 metros y lo m\u00e1s marcado son las parrillas y los guardabarros.<\/p>\n<p>Se da por hecho que habr\u00e1 pronto un SUV en formato del LF-NX por debajo del RX.<\/p>\n<p>Hay marcas que nunca apostaron por los SUVs y que ahora lo hacen. Es el caso de Jaguar, habitual constructor de berlinas de lujo y deportivos y que en Fr\u00e1ncfort present\u00f3 el estudio C-X17, que por fuera no puede ser reconocido como un Jaguar pese a tomar l\u00edneas de dise\u00f1o del XJ y del F-Type. El modelo de 4,72 metros nace de una plataforma completamente nueva y muestra las posibilidades de abrirse a un segmento en crecimiento.<\/p>\n<p>Mucho m\u00e1s experto en este segmento es BMW, que en Fr\u00e1ncfort present\u00f3 la tercera generaci\u00f3n del X5 -el X5 eDrive Concept- con una carrocer\u00eda modernizada y un mejor equipamiento interior y m\u00e1s sistemas de asistencia.<\/p>\n<p>Tras su salida al mercado en noviembre llegar\u00e1 con un motor diesel de cuatro cilindros y sin tracci\u00f3n a las cuatro ruedas. Tambi\u00e9n est\u00e1 previsto un motor h\u00edbrido plug-in con 30 kil\u00f3metros de autonom\u00eda por recarga y menos de cuatro litros de consumo de combustible a los 100 km.<\/p>\n<p>Tambi\u00e9n Nissan llega a la tercera generaci\u00f3n del X-Trail. La delantera con forma de V, la l\u00ednea del techo ligeramente curva y los faros traseros en forma de bumer\u00e1n son los distintivos para un nuevo lenguaje formal de la marca japonesa. El futuro X-Trail asemeja m\u00e1s desde fuera a un crossover que a un offroader. El coche llegar\u00e1 al mercado en 2014.<\/p>\n<p>Muchos fabricantes han refrescado sus viejos modelos para no parecer antiguos ante los m\u00e1s nuevos y los prototipos m\u00e1s visionarios. Es el caso de Dacia con el Duster y Land Rover con el Discovery y el Range Rover Evoque. Skoda mostr\u00f3 en Fr\u00e1ncfort c\u00f3mo de un viejo SUV compacto se pueden hacer dos: el Yeti tendr\u00e1 una variante para ciudad y otra para campo con una \u00f3ptica mucho m\u00e1s futurista.<\/p>\n","protected":false},"excerpt":{"rendered":"<p>FR\u00c1NCFORT (dpa) &#8211; El espacio en las ciudades es escaso y la gasolina, cara. Los que no dan uso a un coche grande, pero a pesar de todo lo encuentran sexy, pueden celebrar que se haya impuesto la tendencia de hacer los SUVs cada vez m\u00e1s compactos. Entre los modelos que pueden desear est\u00e1 el [&hellip;]<\/p>\n","protected":false},"author":1,"featured_media":2950,"comment_status":"open","ping_status":"open","sticky":false,"template":"","format":"standard","meta":{"footnotes":""},"categories":[50],"tags":[],"class_list":["post-2949","post","type-post","status-publish","format-standard","has-post-thumbnail","hentry","category-revista-de-ocio"],"aioseo_notices":[],"aioseo_head":"\n\t\t<!-- All in One SEO Pro 4.9.6.2 - aioseo.com -->\n\t<meta name=\"description\" content=\"FR\u00c1NCFORT (dpa) - El espacio en las ciudades es escaso y la gasolina, cara. Los que no dan uso a un coche grande, pero a pesar de todo lo encuentran sexy, pueden celebrar que se haya impuesto la tendencia de hacer los SUVs cada vez m\u00e1s compactos. Entre los modelos que pueden desear est\u00e1 el\" \/>\n\t<meta name=\"robots\" content=\"max-image-preview:large\" \/>\n\t<meta name=\"author\" content=\"El Digital de Asturias\"\/>\n\t<meta name=\"google-site-verification\" content=\"UA-38556648-1\" \/>\n\t<meta name=\"msvalidate.01\" content=\"7dfe9f3f1b24437ab69f4f2559babe99\" \/>\n\t<meta name=\"keywords\" content=\"revista de ocio\" \/>\n\t<link rel=\"canonical\" href=\"https:\/\/www.eldigitaldeasturias.com\/noticias\/los-suv-cada-vez-mas-compactos\/\" \/>\n\t<meta name=\"generator\" content=\"All in One SEO Pro (AIOSEO) 4.9.6.2\" \/>\n\t\t<meta property=\"og:locale\" content=\"es_ES\" \/>\n\t\t<meta property=\"og:site_name\" content=\"El Digital de Asturias\" \/>\n\t\t<meta property=\"og:type\" content=\"article\" \/>\n\t\t<meta property=\"og:title\" content=\"Los SUV, cada vez m\u00e1s compactos - El Digital de Asturias\" \/>\n\t\t<meta property=\"og:description\" content=\"FR\u00c1NCFORT (dpa) - El espacio en las ciudades es escaso y la gasolina, cara. Los que no dan uso a un coche grande, pero a pesar de todo lo encuentran sexy, pueden celebrar que se haya impuesto la tendencia de hacer los SUVs cada vez m\u00e1s compactos. Entre los modelos que pueden desear est\u00e1 el\" \/>\n\t\t<meta property=\"og:url\" content=\"https:\/\/www.eldigitaldeasturias.com\/noticias\/los-suv-cada-vez-mas-compactos\/\" \/>\n\t\t<meta property=\"article:tag\" content=\"revista de ocio\" \/>\n\t\t<meta property=\"article:published_time\" content=\"2013-09-25T00:27:24+00:00\" \/>\n\t\t<meta property=\"article:modified_time\" content=\"2013-09-25T00:27:24+00:00\" \/>\n\t\t<meta property=\"article:publisher\" content=\"https:\/\/facebook.com\/eldigitaldeasturias\" \/>\n\t\t<meta name=\"twitter:card\" content=\"summary_large_image\" \/>\n\t\t<meta name=\"twitter:title\" content=\"Los SUV, cada vez m\u00e1s compactos - El Digital de Asturias\" \/>\n\t\t<meta name=\"twitter:description\" content=\"FR\u00c1NCFORT (dpa) - El espacio en las ciudades es escaso y la gasolina, cara. Los que no dan uso a un coche grande, pero a pesar de todo lo encuentran sexy, pueden celebrar que se haya impuesto la tendencia de hacer los SUVs cada vez m\u00e1s compactos. Entre los modelos que pueden desear est\u00e1 el\" \/>\n\t\t<meta name=\"twitter:label1\" content=\"Escrito por\" \/>\n\t\t<meta name=\"twitter:data1\" content=\"El Digital de Asturias\" \/>\n\t\t<meta name=\"twitter:label2\" content=\"Tiempo de lectura estimado\" \/>\n\t\t<meta name=\"twitter:data2\" content=\"4 minutos\" \/>\n\t\t<script type=\"application\/ld+json\" class=\"aioseo-schema\">\n\t\t\t{\"@context\":\"https:\\\/\\\/schema.org\",\"@graph\":[{\"@type\":\"BlogPosting\",\"@id\":\"https:\\\/\\\/www.eldigitaldeasturias.com\\\/noticias\\\/los-suv-cada-vez-mas-compactos\\\/#blogposting\",\"name\":\"Los SUV, cada vez m\\u00e1s compactos - El Digital de Asturias\",\"headline\":\"Los SUV, cada vez m\\u00e1s compactos\",\"author\":{\"@id\":\"https:\\\/\\\/www.eldigitaldeasturias.com\\\/noticias\\\/author\\\/admin\\\/#author\"},\"publisher\":{\"@id\":\"https:\\\/\\\/www.eldigitaldeasturias.com\\\/noticias\\\/#organization\"},\"image\":{\"@type\":\"ImageObject\",\"url\":2950},\"datePublished\":\"2013-09-25T00:27:24+02:00\",\"dateModified\":\"2013-09-25T00:27:24+02:00\",\"inLanguage\":\"es-ES\",\"mainEntityOfPage\":{\"@id\":\"https:\\\/\\\/www.eldigitaldeasturias.com\\\/noticias\\\/los-suv-cada-vez-mas-compactos\\\/#webpage\"},\"isPartOf\":{\"@id\":\"https:\\\/\\\/www.eldigitaldeasturias.com\\\/noticias\\\/los-suv-cada-vez-mas-compactos\\\/#webpage\"},\"articleSection\":\"Revista de Ocio\"},{\"@type\":\"BreadcrumbList\",\"@id\":\"https:\\\/\\\/www.eldigitaldeasturias.com\\\/noticias\\\/los-suv-cada-vez-mas-compactos\\\/#breadcrumblist\",\"itemListElement\":[{\"@type\":\"ListItem\",\"@id\":\"https:\\\/\\\/www.eldigitaldeasturias.com\\\/noticias#listItem\",\"position\":1,\"name\":\"Home\",\"item\":\"https:\\\/\\\/www.eldigitaldeasturias.com\\\/noticias\",\"nextItem\":{\"@type\":\"ListItem\",\"@id\":\"https:\\\/\\\/www.eldigitaldeasturias.com\\\/noticias\\\/category\\\/revista-de-ocio\\\/#listItem\",\"name\":\"Revista de Ocio\"}},{\"@type\":\"ListItem\",\"@id\":\"https:\\\/\\\/www.eldigitaldeasturias.com\\\/noticias\\\/category\\\/revista-de-ocio\\\/#listItem\",\"position\":2,\"name\":\"Revista de Ocio\",\"item\":\"https:\\\/\\\/www.eldigitaldeasturias.com\\\/noticias\\\/category\\\/revista-de-ocio\\\/\",\"nextItem\":{\"@type\":\"ListItem\",\"@id\":\"https:\\\/\\\/www.eldigitaldeasturias.com\\\/noticias\\\/los-suv-cada-vez-mas-compactos\\\/#listItem\",\"name\":\"Los SUV, cada vez m\\u00e1s compactos\"},\"previousItem\":{\"@type\":\"ListItem\",\"@id\":\"https:\\\/\\\/www.eldigitaldeasturias.com\\\/noticias#listItem\",\"name\":\"Home\"}},{\"@type\":\"ListItem\",\"@id\":\"https:\\\/\\\/www.eldigitaldeasturias.com\\\/noticias\\\/los-suv-cada-vez-mas-compactos\\\/#listItem\",\"position\":3,\"name\":\"Los SUV, cada vez m\\u00e1s compactos\",\"previousItem\":{\"@type\":\"ListItem\",\"@id\":\"https:\\\/\\\/www.eldigitaldeasturias.com\\\/noticias\\\/category\\\/revista-de-ocio\\\/#listItem\",\"name\":\"Revista de Ocio\"}}]},{\"@type\":\"Organization\",\"@id\":\"https:\\\/\\\/www.eldigitaldeasturias.com\\\/noticias\\\/#organization\",\"name\":\"El Digital de Asturias\",\"description\":\"Hemeroteca\",\"url\":\"https:\\\/\\\/www.eldigitaldeasturias.com\\\/noticias\\\/\",\"email\":\"info@eldigitaldeasturias.com\",\"telephone\":\"+34652131393\",\"logo\":{\"@type\":\"ImageObject\",\"url\":\"https:\\\/\\\/www.eldigitaldeasturias.com\\\/noticias\\\/wp-content\\\/uploads\\\/2020\\\/12\\\/EDA.jpg\",\"@id\":\"https:\\\/\\\/www.eldigitaldeasturias.com\\\/noticias\\\/los-suv-cada-vez-mas-compactos\\\/#organizationLogo\",\"width\":649,\"height\":297},\"image\":{\"@id\":\"https:\\\/\\\/www.eldigitaldeasturias.com\\\/noticias\\\/los-suv-cada-vez-mas-compactos\\\/#organizationLogo\"},\"sameAs\":[\"https:\\\/\\\/facebook.com\\\/eldigitaldeasturias\",\"https:\\\/\\\/www.youtube.com\\\/channel\\\/UCZP-2wLEB9Rv6erhFmqVnvg\"],\"address\":{\"@id\":\"https:\\\/\\\/www.eldigitaldeasturias.com\\\/noticias\\\/#postaladdress\",\"@type\":\"PostalAddress\",\"streetAddress\":\"san antonio 4,\",\"postalCode\":\"33430\",\"addressLocality\":\"Cand\\u00e1s\",\"addressRegion\":\"Asturias\",\"addressCountry\":\"ES\"}},{\"@type\":\"Person\",\"@id\":\"https:\\\/\\\/www.eldigitaldeasturias.com\\\/noticias\\\/author\\\/admin\\\/#author\",\"url\":\"https:\\\/\\\/www.eldigitaldeasturias.com\\\/noticias\\\/author\\\/admin\\\/\",\"name\":\"El Digital de Asturias\",\"image\":{\"@type\":\"ImageObject\",\"@id\":\"https:\\\/\\\/www.eldigitaldeasturias.com\\\/noticias\\\/los-suv-cada-vez-mas-compactos\\\/#authorImage\",\"url\":\"https:\\\/\\\/www.eldigitaldeasturias.com\\\/noticias\\\/wp-content\\\/litespeed\\\/avatar\\\/18677e78aa0546b92d9dbf31ec7d7668.jpg?ver=1777290358\",\"width\":96,\"height\":96,\"caption\":\"El Digital de Asturias\"}},{\"@type\":\"WebPage\",\"@id\":\"https:\\\/\\\/www.eldigitaldeasturias.com\\\/noticias\\\/los-suv-cada-vez-mas-compactos\\\/#webpage\",\"url\":\"https:\\\/\\\/www.eldigitaldeasturias.com\\\/noticias\\\/los-suv-cada-vez-mas-compactos\\\/\",\"name\":\"Los SUV, cada vez m\\u00e1s compactos - El Digital de Asturias\",\"description\":\"FR\\u00c1NCFORT (dpa) - El espacio en las ciudades es escaso y la gasolina, cara. Los que no dan uso a un coche grande, pero a pesar de todo lo encuentran sexy, pueden celebrar que se haya impuesto la tendencia de hacer los SUVs cada vez m\\u00e1s compactos. Entre los modelos que pueden desear est\\u00e1 el\",\"inLanguage\":\"es-ES\",\"isPartOf\":{\"@id\":\"https:\\\/\\\/www.eldigitaldeasturias.com\\\/noticias\\\/#website\"},\"breadcrumb\":{\"@id\":\"https:\\\/\\\/www.eldigitaldeasturias.com\\\/noticias\\\/los-suv-cada-vez-mas-compactos\\\/#breadcrumblist\"},\"author\":{\"@id\":\"https:\\\/\\\/www.eldigitaldeasturias.com\\\/noticias\\\/author\\\/admin\\\/#author\"},\"creator\":{\"@id\":\"https:\\\/\\\/www.eldigitaldeasturias.com\\\/noticias\\\/author\\\/admin\\\/#author\"},\"image\":{\"@type\":\"ImageObject\",\"url\":2950,\"@id\":\"https:\\\/\\\/www.eldigitaldeasturias.com\\\/noticias\\\/los-suv-cada-vez-mas-compactos\\\/#mainImage\"},\"primaryImageOfPage\":{\"@id\":\"https:\\\/\\\/www.eldigitaldeasturias.com\\\/noticias\\\/los-suv-cada-vez-mas-compactos\\\/#mainImage\"},\"datePublished\":\"2013-09-25T00:27:24+02:00\",\"dateModified\":\"2013-09-25T00:27:24+02:00\"},{\"@type\":\"WebSite\",\"@id\":\"https:\\\/\\\/www.eldigitaldeasturias.com\\\/noticias\\\/#website\",\"url\":\"https:\\\/\\\/www.eldigitaldeasturias.com\\\/noticias\\\/\",\"name\":\"El Digital de Asturias - Diario de actualidad y noticias\",\"alternateName\":\"El Digital de Asturias - Diario de actualidad y noticias\",\"description\":\"Hemeroteca\",\"inLanguage\":\"es-ES\",\"publisher\":{\"@id\":\"https:\\\/\\\/www.eldigitaldeasturias.com\\\/noticias\\\/#organization\"}}]}\n\t\t<\/script>\n\t\t<!-- All in One SEO Pro -->\r\n\t\t<title>Los SUV, cada vez m\u00e1s compactos - El Digital de Asturias<\/title>\n\n","aioseo_head_json":{"title":"Los SUV, cada vez m\u00e1s compactos - El Digital de Asturias","description":"FR\u00c1NCFORT (dpa) - El espacio en las ciudades es escaso y la gasolina, cara. Los que no dan uso a un coche grande, pero a pesar de todo lo encuentran sexy, pueden celebrar que se haya impuesto la tendencia de hacer los SUVs cada vez m\u00e1s compactos. Entre los modelos que pueden desear est\u00e1 el","canonical_url":"https:\/\/www.eldigitaldeasturias.com\/noticias\/los-suv-cada-vez-mas-compactos\/","robots":"max-image-preview:large","keywords":"revista de ocio","webmasterTools":{"google-site-verification":"UA-38556648-1","msvalidate.01":"7dfe9f3f1b24437ab69f4f2559babe99","miscellaneous":""},"schema":{"@context":"https:\/\/schema.org","@graph":[{"@type":"BlogPosting","@id":"https:\/\/www.eldigitaldeasturias.com\/noticias\/los-suv-cada-vez-mas-compactos\/#blogposting","name":"Los SUV, cada vez m\u00e1s compactos - El Digital de Asturias","headline":"Los SUV, cada vez m\u00e1s compactos","author":{"@id":"https:\/\/www.eldigitaldeasturias.com\/noticias\/author\/admin\/#author"},"publisher":{"@id":"https:\/\/www.eldigitaldeasturias.com\/noticias\/#organization"},"image":{"@type":"ImageObject","url":2950},"datePublished":"2013-09-25T00:27:24+02:00","dateModified":"2013-09-25T00:27:24+02:00","inLanguage":"es-ES","mainEntityOfPage":{"@id":"https:\/\/www.eldigitaldeasturias.com\/noticias\/los-suv-cada-vez-mas-compactos\/#webpage"},"isPartOf":{"@id":"https:\/\/www.eldigitaldeasturias.com\/noticias\/los-suv-cada-vez-mas-compactos\/#webpage"},"articleSection":"Revista de Ocio"},{"@type":"BreadcrumbList","@id":"https:\/\/www.eldigitaldeasturias.com\/noticias\/los-suv-cada-vez-mas-compactos\/#breadcrumblist","itemListElement":[{"@type":"ListItem","@id":"https:\/\/www.eldigitaldeasturias.com\/noticias#listItem","position":1,"name":"Home","item":"https:\/\/www.eldigitaldeasturias.com\/noticias","nextItem":{"@type":"ListItem","@id":"https:\/\/www.eldigitaldeasturias.com\/noticias\/category\/revista-de-ocio\/#listItem","name":"Revista de Ocio"}},{"@type":"ListItem","@id":"https:\/\/www.eldigitaldeasturias.com\/noticias\/category\/revista-de-ocio\/#listItem","position":2,"name":"Revista de Ocio","item":"https:\/\/www.eldigitaldeasturias.com\/noticias\/category\/revista-de-ocio\/","nextItem":{"@type":"ListItem","@id":"https:\/\/www.eldigitaldeasturias.com\/noticias\/los-suv-cada-vez-mas-compactos\/#listItem","name":"Los SUV, cada vez m\u00e1s compactos"},"previousItem":{"@type":"ListItem","@id":"https:\/\/www.eldigitaldeasturias.com\/noticias#listItem","name":"Home"}},{"@type":"ListItem","@id":"https:\/\/www.eldigitaldeasturias.com\/noticias\/los-suv-cada-vez-mas-compactos\/#listItem","position":3,"name":"Los SUV, cada vez m\u00e1s compactos","previousItem":{"@type":"ListItem","@id":"https:\/\/www.eldigitaldeasturias.com\/noticias\/category\/revista-de-ocio\/#listItem","name":"Revista de Ocio"}}]},{"@type":"Organization","@id":"https:\/\/www.eldigitaldeasturias.com\/noticias\/#organization","name":"El Digital de Asturias","description":"Hemeroteca","url":"https:\/\/www.eldigitaldeasturias.com\/noticias\/","email":"info@eldigitaldeasturias.com","telephone":"+34652131393","logo":{"@type":"ImageObject","url":"https:\/\/www.eldigitaldeasturias.com\/noticias\/wp-content\/uploads\/2020\/12\/EDA.jpg","@id":"https:\/\/www.eldigitaldeasturias.com\/noticias\/los-suv-cada-vez-mas-compactos\/#organizationLogo","width":649,"height":297},"image":{"@id":"https:\/\/www.eldigitaldeasturias.com\/noticias\/los-suv-cada-vez-mas-compactos\/#organizationLogo"},"sameAs":["https:\/\/facebook.com\/eldigitaldeasturias","https:\/\/www.youtube.com\/channel\/UCZP-2wLEB9Rv6erhFmqVnvg"],"address":{"@id":"https:\/\/www.eldigitaldeasturias.com\/noticias\/#postaladdress","@type":"PostalAddress","streetAddress":"san antonio 4,","postalCode":"33430","addressLocality":"Cand\u00e1s","addressRegion":"Asturias","addressCountry":"ES"}},{"@type":"Person","@id":"https:\/\/www.eldigitaldeasturias.com\/noticias\/author\/admin\/#author","url":"https:\/\/www.eldigitaldeasturias.com\/noticias\/author\/admin\/","name":"El Digital de Asturias","image":{"@type":"ImageObject","@id":"https:\/\/www.eldigitaldeasturias.com\/noticias\/los-suv-cada-vez-mas-compactos\/#authorImage","url":"https:\/\/www.eldigitaldeasturias.com\/noticias\/wp-content\/litespeed\/avatar\/18677e78aa0546b92d9dbf31ec7d7668.jpg?ver=1777290358","width":96,"height":96,"caption":"El Digital de Asturias"}},{"@type":"WebPage","@id":"https:\/\/www.eldigitaldeasturias.com\/noticias\/los-suv-cada-vez-mas-compactos\/#webpage","url":"https:\/\/www.eldigitaldeasturias.com\/noticias\/los-suv-cada-vez-mas-compactos\/","name":"Los SUV, cada vez m\u00e1s compactos - El Digital de Asturias","description":"FR\u00c1NCFORT (dpa) - El espacio en las ciudades es escaso y la gasolina, cara. Los que no dan uso a un coche grande, pero a pesar de todo lo encuentran sexy, pueden celebrar que se haya impuesto la tendencia de hacer los SUVs cada vez m\u00e1s compactos. Entre los modelos que pueden desear est\u00e1 el","inLanguage":"es-ES","isPartOf":{"@id":"https:\/\/www.eldigitaldeasturias.com\/noticias\/#website"},"breadcrumb":{"@id":"https:\/\/www.eldigitaldeasturias.com\/noticias\/los-suv-cada-vez-mas-compactos\/#breadcrumblist"},"author":{"@id":"https:\/\/www.eldigitaldeasturias.com\/noticias\/author\/admin\/#author"},"creator":{"@id":"https:\/\/www.eldigitaldeasturias.com\/noticias\/author\/admin\/#author"},"image":{"@type":"ImageObject","url":2950,"@id":"https:\/\/www.eldigitaldeasturias.com\/noticias\/los-suv-cada-vez-mas-compactos\/#mainImage"},"primaryImageOfPage":{"@id":"https:\/\/www.eldigitaldeasturias.com\/noticias\/los-suv-cada-vez-mas-compactos\/#mainImage"},"datePublished":"2013-09-25T00:27:24+02:00","dateModified":"2013-09-25T00:27:24+02:00"},{"@type":"WebSite","@id":"https:\/\/www.eldigitaldeasturias.com\/noticias\/#website","url":"https:\/\/www.eldigitaldeasturias.com\/noticias\/","name":"El Digital de Asturias - Diario de actualidad y noticias","alternateName":"El Digital de Asturias - Diario de actualidad y noticias","description":"Hemeroteca","inLanguage":"es-ES","publisher":{"@id":"https:\/\/www.eldigitaldeasturias.com\/noticias\/#organization"}}]},"og:locale":"es_ES","og:site_name":"El Digital de Asturias","og:type":"article","og:title":"Los SUV, cada vez m\u00e1s compactos - El Digital de Asturias","og:description":"FR\u00c1NCFORT (dpa) - El espacio en las ciudades es escaso y la gasolina, cara. Los que no dan uso a un coche grande, pero a pesar de todo lo encuentran sexy, pueden celebrar que se haya impuesto la tendencia de hacer los SUVs cada vez m\u00e1s compactos. Entre los modelos que pueden desear est\u00e1 el","og:url":"https:\/\/www.eldigitaldeasturias.com\/noticias\/los-suv-cada-vez-mas-compactos\/","article:tag":["revista de ocio"],"article:published_time":"2013-09-25T00:27:24+00:00","article:modified_time":"2013-09-25T00:27:24+00:00","article:publisher":"https:\/\/facebook.com\/eldigitaldeasturias","twitter:card":"summary_large_image","twitter:title":"Los SUV, cada vez m\u00e1s compactos - El Digital de Asturias","twitter:description":"FR\u00c1NCFORT (dpa) - El espacio en las ciudades es escaso y la gasolina, cara. Los que no dan uso a un coche grande, pero a pesar de todo lo encuentran sexy, pueden celebrar que se haya impuesto la tendencia de hacer los SUVs cada vez m\u00e1s compactos. Entre los modelos que pueden desear est\u00e1 el","twitter:label1":"Escrito por","twitter:data1":"El Digital de Asturias","twitter:label2":"Tiempo de lectura estimado","twitter:data2":"4 minutos"},"aioseo_meta_data":{"post_id":"2949","title":null,"description":null,"keywords":null,"keyphrases":null,"primary_term":null,"canonical_url":null,"og_title":null,"og_description":null,"og_object_type":"default","og_image_type":"default","og_image_url":null,"og_image_width":null,"og_image_height":null,"og_image_custom_url":null,"og_image_custom_fields":null,"og_video":null,"og_custom_url":null,"og_article_section":null,"og_article_tags":null,"twitter_use_og":true,"twitter_card":"default","twitter_image_type":"default","twitter_image_url":null,"twitter_image_custom_url":null,"twitter_image_custom_fields":null,"twitter_title":null,"twitter_description":null,"schema":{"blockGraphs":[],"customGraphs":[],"default":{"data":{"Article":[],"Course":[],"Dataset":[],"FAQPage":[],"Movie":[],"Person":[],"Product":[],"ProductReview":[],"Car":[],"Recipe":[],"Service":[],"SoftwareApplication":[],"WebPage":[]},"graphName":"","isEnabled":true},"graphs":[],"defaultGraph":"","defaultPostTypeGraph":""},"schema_type":null,"schema_type_options":null,"pillar_content":false,"robots_default":true,"robots_noindex":false,"robots_noarchive":false,"robots_nosnippet":false,"robots_nofollow":false,"robots_noimageindex":false,"robots_noodp":false,"robots_notranslate":false,"robots_max_snippet":null,"robots_max_videopreview":null,"robots_max_imagepreview":"none","priority":null,"frequency":null,"local_seo":null,"seo_analyzer_scan_date":"2025-08-21 05:20:50","breadcrumb_settings":null,"limit_modified_date":false,"open_ai":null,"ai":null,"created":"2020-11-14 22:37:00","updated":"2025-08-21 05:20:50"},"aioseo_breadcrumb":"<div class=\"aioseo-breadcrumbs\"><span class=\"aioseo-breadcrumb\">\n\t<a href=\"https:\/\/www.eldigitaldeasturias.com\/noticias\" title=\"Home\">Home<\/a>\n<\/span><span class=\"aioseo-breadcrumb-separator\">\u2013<\/span><span class=\"aioseo-breadcrumb\">\n\t<a href=\"https:\/\/www.eldigitaldeasturias.com\/noticias\/category\/revista-de-ocio\/\" title=\"Revista de Ocio\">Revista de Ocio<\/a>\n<\/span><span class=\"aioseo-breadcrumb-separator\">\u2013<\/span><span class=\"aioseo-breadcrumb\">\n\t<a href=\"https:\/\/www.eldigitaldeasturias.com\/noticias\/los-suv-cada-vez-mas-compactos\/\" title=\"Los SUV, cada vez m\u00e1s compactos\">Los SUV, cada vez m\u00e1s compactos<\/a>\n<\/span><\/div>","aioseo_breadcrumb_json":[{"label":"Home","link":"https:\/\/www.eldigitaldeasturias.com\/noticias"},{"label":"Revista de Ocio","link":"https:\/\/www.eldigitaldeasturias.com\/noticias\/category\/revista-de-ocio\/"},{"label":"Los SUV, cada vez m\u00e1s compactos","link":"https:\/\/www.eldigitaldeasturias.com\/noticias\/los-suv-cada-vez-mas-compactos\/"}],"_links":{"self":[{"href":"https:\/\/www.eldigitaldeasturias.com\/noticias\/wp-json\/wp\/v2\/posts\/2949","targetHints":{"allow":["GET"]}}],"collection":[{"href":"https:\/\/www.eldigitaldeasturias.com\/noticias\/wp-json\/wp\/v2\/posts"}],"about":[{"href":"https:\/\/www.eldigitaldeasturias.com\/noticias\/wp-json\/wp\/v2\/types\/post"}],"author":[{"embeddable":true,"href":"https:\/\/www.eldigitaldeasturias.com\/noticias\/wp-json\/wp\/v2\/users\/1"}],"replies":[{"embeddable":true,"href":"https:\/\/www.eldigitaldeasturias.com\/noticias\/wp-json\/wp\/v2\/comments?post=2949"}],"version-history":[{"count":0,"href":"https:\/\/www.eldigitaldeasturias.com\/noticias\/wp-json\/wp\/v2\/posts\/2949\/revisions"}],"wp:featuredmedia":[{"embeddable":true,"href":"https:\/\/www.eldigitaldeasturias.com\/noticias\/wp-json\/"}],"wp:attachment":[{"href":"https:\/\/www.eldigitaldeasturias.com\/noticias\/wp-json\/wp\/v2\/media?parent=2949"}],"wp:term":[{"taxonomy":"category","embeddable":true,"href":"https:\/\/www.eldigitaldeasturias.com\/noticias\/wp-json\/wp\/v2\/categories?post=2949"},{"taxonomy":"post_tag","embeddable":true,"href":"https:\/\/www.eldigitaldeasturias.com\/noticias\/wp-json\/wp\/v2\/tags?post=2949"}],"curies":[{"name":"wp","href":"https:\/\/api.w.org\/{rel}","templated":true}]}}