{"id":2946,"date":"2013-09-25T00:23:41","date_gmt":"2013-09-25T00:23:41","guid":{"rendered":"http:\/\/www.eldigitaldeasturias.com\/noticias\/?p=2946"},"modified":"2013-09-25T00:23:41","modified_gmt":"2013-09-25T00:23:41","slug":"novedades-motor-de-la-semana-porsche-mercedes-y-caterham","status":"publish","type":"post","link":"https:\/\/www.eldigitaldeasturias.com\/noticias\/novedades-motor-de-la-semana-porsche-mercedes-y-caterham\/","title":{"rendered":"Novedades Motor de la semana : Porsche, Mercedes y Caterham"},"content":{"rendered":"<p><img loading=\"lazy\" decoding=\"async\" class=\"alignleft size-medium wp-image-2947\" alt=\"Retro war gestern:\u00a0Caterham stellt neuen Sportwagen in Aussicht\" src=\"https:\/\/www.eldigitaldeasturias.com\/noticias\/wp-content\/uploads\/2013\/09\/BREVES_DPA_AUTOS_35830115-360x242.jpg\" width=\"360\" height=\"242\" \/>SINGAPUR (dpa) &#8211; Hasta ahora los nuevos deportivos de Caterham parec\u00edan \u00aboldtimers\u00bb, pero ahora el fabricante brit\u00e1nico de modelos en series reducidas da un paso hacia el futuro con un prototipo, el AeroSeven, un biplaza abierto que fue presentado con motivo del reciente Gran Premio de F\u00f3rmula 1 de Singapur.<\/p>\n<p>Aunque el roadster se basa en la plataforma ya conocida de Caterham, el dise\u00f1o de la carrocer\u00eda lo aleja del t\u00edpico \u00ablook\u00bb retro de la marca, que recuerda al Lotus. No ser\u00e1 \u00e9sa la \u00fanica novedad: por primera vez habr\u00e1 un control de tracci\u00f3n.<\/p>\n<p>Dise\u00f1ado en un t\u00fanel de viento y equipado como un coche de F\u00f3rmula 1, el AeroSeven cuenta con un motor de 2,0 litros y de cuatro cilindros de Ford.<\/p>\n<p>El propulsor cuenta con 240 caballos y pesa menos de una tonelada. Seg\u00fan Caterham, necesita s\u00f3lo cuatro segundos para ponerse a 100 km\/h. Se desconoce la velocidad m\u00e1xima que alcanzar\u00e1 y el consumo.EL PORSCHE 911<\/p>\n<p><em>TURBO LLEGAR\u00c1 EN 2014 EN VERSI\u00d3N CABRIO<\/em><\/p>\n<p>STUTTGART (dpa) &#8211; Con motivo del aniversario del 911, Porsche ha anunciado que a final de a\u00f1o llegar\u00e1 el turbo cabrio. La variante abierta del biplaza contar\u00e1 igualmente con un motor turbo de 520 caballos y una variante turbo S con 560. En ambos modelos trabaja un motor de 3,8 litros y seis cilindros que hace posible una velocidad m\u00e1xima de 318 km\/h.<\/p>\n<p>El consumo retrocede un 15 por ciento y se queda en\u00a0 9,9 litros a los 100 km, lo que se corresponde con unas emisiones de CO2 de 231 g\/km.<\/p>\n<p>Tambi\u00e9n incluir\u00e1 detalles refinados como la direcci\u00f3n en el eje trasero y la aerodin\u00e1mica activa con parachoques frontales regulables. El marco de la capota es de magnesio. El techo se abre en 13 segundos de modo el\u00e9ctrico.<\/p>\n<p><strong><em>AMG ANUNCIA UNA VARIANTE DE 12 CILINDROS EN LA CLASE S DE MERCEDES<\/em><\/strong><\/p>\n<p>SALZBURGO (AUSTRIA) (dpa) &#8211; El S 63 es s\u00f3lo el comienzo. La filial deportiva de Mercedes, AMG, planea otra variante de la nueva Clase S: un modelo con motor de 12 cilindros.<\/p>\n<p>El S 65 AMG ser\u00e1 presentado a la vez en los Salones del Autom\u00f3vil de Tokio y Los Angeles, y como su predecesor alcanzar\u00e1 los 630 caballos.<\/p>\n<p>Hasta ahora, quien se lo pod\u00eda permitir, deb\u00eda conformarse con el S 63 AMG de 5,5 litros y motor V8 de 585 caballos.<\/p>\n<p>El sprint de cero a 100 km\/h lo hace en 4,4 segundos y con un precio extra se pueden alcanzar los 300 km\/h. Aunque es m\u00e1s potente que nunca, el S 63 AMG consume menos. Su consumo normal a los 100 km retrocede 0,4 litros y oscila seg\u00fan la distancia entre ejes y la configuraci\u00f3n del motor entre 10,1 y 10,3 litros (Emisiones de CO2 de 237 a 242 g\/km).<\/p>\n","protected":false},"excerpt":{"rendered":"<p>SINGAPUR (dpa) &#8211; Hasta ahora los nuevos deportivos de Caterham parec\u00edan \u00aboldtimers\u00bb, pero ahora el fabricante brit\u00e1nico de modelos en series reducidas da un paso hacia el futuro con un prototipo, el AeroSeven, un biplaza abierto que fue presentado con motivo del reciente Gran Premio de F\u00f3rmula 1 de Singapur. Aunque el roadster se basa [&hellip;]<\/p>\n","protected":false},"author":1,"featured_media":2947,"comment_status":"open","ping_status":"open","sticky":false,"template":"","format":"standard","meta":{"footnotes":""},"categories":[50],"tags":[],"class_list":["post-2946","post","type-post","status-publish","format-standard","has-post-thumbnail","hentry","category-revista-de-ocio"],"aioseo_notices":[],"aioseo_head":"\n\t\t<!-- All in One SEO Pro 4.9.6.2 - aioseo.com -->\n\t<meta name=\"description\" content=\"SINGAPUR (dpa) - Hasta ahora los nuevos deportivos de Caterham parec\u00edan &quot;oldtimers&quot;, pero ahora el fabricante brit\u00e1nico de modelos en series reducidas da un paso hacia el futuro con un prototipo, el AeroSeven, un biplaza abierto que fue presentado con motivo del reciente Gran Premio de F\u00f3rmula 1 de Singapur. Aunque el roadster se basa\" \/>\n\t<meta name=\"robots\" content=\"max-image-preview:large\" \/>\n\t<meta name=\"author\" content=\"El Digital de Asturias\"\/>\n\t<meta name=\"google-site-verification\" content=\"UA-38556648-1\" \/>\n\t<meta name=\"msvalidate.01\" content=\"7dfe9f3f1b24437ab69f4f2559babe99\" \/>\n\t<meta name=\"keywords\" content=\"revista de ocio\" \/>\n\t<link rel=\"canonical\" href=\"https:\/\/www.eldigitaldeasturias.com\/noticias\/novedades-motor-de-la-semana-porsche-mercedes-y-caterham\/\" \/>\n\t<meta name=\"generator\" content=\"All in One SEO Pro (AIOSEO) 4.9.6.2\" \/>\n\t\t<meta property=\"og:locale\" content=\"es_ES\" \/>\n\t\t<meta property=\"og:site_name\" content=\"El Digital de Asturias\" \/>\n\t\t<meta property=\"og:type\" content=\"article\" \/>\n\t\t<meta property=\"og:title\" content=\"Novedades Motor de la semana : Porsche, Mercedes y Caterham - El Digital de Asturias\" \/>\n\t\t<meta property=\"og:description\" content=\"SINGAPUR (dpa) - Hasta ahora los nuevos deportivos de Caterham parec\u00edan &quot;oldtimers&quot;, pero ahora el fabricante brit\u00e1nico de modelos en series reducidas da un paso hacia el futuro con un prototipo, el AeroSeven, un biplaza abierto que fue presentado con motivo del reciente Gran Premio de F\u00f3rmula 1 de Singapur. Aunque el roadster se basa\" \/>\n\t\t<meta property=\"og:url\" content=\"https:\/\/www.eldigitaldeasturias.com\/noticias\/novedades-motor-de-la-semana-porsche-mercedes-y-caterham\/\" \/>\n\t\t<meta property=\"article:tag\" content=\"revista de ocio\" \/>\n\t\t<meta property=\"article:published_time\" content=\"2013-09-25T00:23:41+00:00\" \/>\n\t\t<meta property=\"article:modified_time\" content=\"2013-09-25T00:23:41+00:00\" \/>\n\t\t<meta property=\"article:publisher\" content=\"https:\/\/facebook.com\/eldigitaldeasturias\" \/>\n\t\t<meta name=\"twitter:card\" content=\"summary_large_image\" \/>\n\t\t<meta name=\"twitter:title\" content=\"Novedades Motor de la semana : Porsche, Mercedes y Caterham - El Digital de Asturias\" \/>\n\t\t<meta name=\"twitter:description\" content=\"SINGAPUR (dpa) - Hasta ahora los nuevos deportivos de Caterham parec\u00edan &quot;oldtimers&quot;, pero ahora el fabricante brit\u00e1nico de modelos en series reducidas da un paso hacia el futuro con un prototipo, el AeroSeven, un biplaza abierto que fue presentado con motivo del reciente Gran Premio de F\u00f3rmula 1 de Singapur. Aunque el roadster se basa\" \/>\n\t\t<meta name=\"twitter:label1\" content=\"Escrito por\" \/>\n\t\t<meta name=\"twitter:data1\" content=\"El Digital de Asturias\" \/>\n\t\t<meta name=\"twitter:label2\" content=\"Tiempo de lectura estimado\" \/>\n\t\t<meta name=\"twitter:data2\" content=\"2 minutos\" \/>\n\t\t<script type=\"application\/ld+json\" class=\"aioseo-schema\">\n\t\t\t{\"@context\":\"https:\\\/\\\/schema.org\",\"@graph\":[{\"@type\":\"BlogPosting\",\"@id\":\"https:\\\/\\\/www.eldigitaldeasturias.com\\\/noticias\\\/novedades-motor-de-la-semana-porsche-mercedes-y-caterham\\\/#blogposting\",\"name\":\"Novedades Motor de la semana : Porsche, Mercedes y Caterham - El Digital de Asturias\",\"headline\":\"Novedades Motor de la semana : Porsche, Mercedes y Caterham\",\"author\":{\"@id\":\"https:\\\/\\\/www.eldigitaldeasturias.com\\\/noticias\\\/author\\\/admin\\\/#author\"},\"publisher\":{\"@id\":\"https:\\\/\\\/www.eldigitaldeasturias.com\\\/noticias\\\/#organization\"},\"image\":{\"@type\":\"ImageObject\",\"url\":2947},\"datePublished\":\"2013-09-25T00:23:41+02:00\",\"dateModified\":\"2013-09-25T00:23:41+02:00\",\"inLanguage\":\"es-ES\",\"mainEntityOfPage\":{\"@id\":\"https:\\\/\\\/www.eldigitaldeasturias.com\\\/noticias\\\/novedades-motor-de-la-semana-porsche-mercedes-y-caterham\\\/#webpage\"},\"isPartOf\":{\"@id\":\"https:\\\/\\\/www.eldigitaldeasturias.com\\\/noticias\\\/novedades-motor-de-la-semana-porsche-mercedes-y-caterham\\\/#webpage\"},\"articleSection\":\"Revista de Ocio\"},{\"@type\":\"BreadcrumbList\",\"@id\":\"https:\\\/\\\/www.eldigitaldeasturias.com\\\/noticias\\\/novedades-motor-de-la-semana-porsche-mercedes-y-caterham\\\/#breadcrumblist\",\"itemListElement\":[{\"@type\":\"ListItem\",\"@id\":\"https:\\\/\\\/www.eldigitaldeasturias.com\\\/noticias#listItem\",\"position\":1,\"name\":\"Home\",\"item\":\"https:\\\/\\\/www.eldigitaldeasturias.com\\\/noticias\",\"nextItem\":{\"@type\":\"ListItem\",\"@id\":\"https:\\\/\\\/www.eldigitaldeasturias.com\\\/noticias\\\/category\\\/revista-de-ocio\\\/#listItem\",\"name\":\"Revista de Ocio\"}},{\"@type\":\"ListItem\",\"@id\":\"https:\\\/\\\/www.eldigitaldeasturias.com\\\/noticias\\\/category\\\/revista-de-ocio\\\/#listItem\",\"position\":2,\"name\":\"Revista de Ocio\",\"item\":\"https:\\\/\\\/www.eldigitaldeasturias.com\\\/noticias\\\/category\\\/revista-de-ocio\\\/\",\"nextItem\":{\"@type\":\"ListItem\",\"@id\":\"https:\\\/\\\/www.eldigitaldeasturias.com\\\/noticias\\\/novedades-motor-de-la-semana-porsche-mercedes-y-caterham\\\/#listItem\",\"name\":\"Novedades Motor de la semana : Porsche, Mercedes y Caterham\"},\"previousItem\":{\"@type\":\"ListItem\",\"@id\":\"https:\\\/\\\/www.eldigitaldeasturias.com\\\/noticias#listItem\",\"name\":\"Home\"}},{\"@type\":\"ListItem\",\"@id\":\"https:\\\/\\\/www.eldigitaldeasturias.com\\\/noticias\\\/novedades-motor-de-la-semana-porsche-mercedes-y-caterham\\\/#listItem\",\"position\":3,\"name\":\"Novedades Motor de la semana : Porsche, Mercedes y Caterham\",\"previousItem\":{\"@type\":\"ListItem\",\"@id\":\"https:\\\/\\\/www.eldigitaldeasturias.com\\\/noticias\\\/category\\\/revista-de-ocio\\\/#listItem\",\"name\":\"Revista de Ocio\"}}]},{\"@type\":\"Organization\",\"@id\":\"https:\\\/\\\/www.eldigitaldeasturias.com\\\/noticias\\\/#organization\",\"name\":\"El Digital de Asturias\",\"description\":\"Hemeroteca\",\"url\":\"https:\\\/\\\/www.eldigitaldeasturias.com\\\/noticias\\\/\",\"email\":\"info@eldigitaldeasturias.com\",\"telephone\":\"+34652131393\",\"logo\":{\"@type\":\"ImageObject\",\"url\":\"https:\\\/\\\/www.eldigitaldeasturias.com\\\/noticias\\\/wp-content\\\/uploads\\\/2020\\\/12\\\/EDA.jpg\",\"@id\":\"https:\\\/\\\/www.eldigitaldeasturias.com\\\/noticias\\\/novedades-motor-de-la-semana-porsche-mercedes-y-caterham\\\/#organizationLogo\",\"width\":649,\"height\":297},\"image\":{\"@id\":\"https:\\\/\\\/www.eldigitaldeasturias.com\\\/noticias\\\/novedades-motor-de-la-semana-porsche-mercedes-y-caterham\\\/#organizationLogo\"},\"sameAs\":[\"https:\\\/\\\/facebook.com\\\/eldigitaldeasturias\",\"https:\\\/\\\/www.youtube.com\\\/channel\\\/UCZP-2wLEB9Rv6erhFmqVnvg\"],\"address\":{\"@id\":\"https:\\\/\\\/www.eldigitaldeasturias.com\\\/noticias\\\/#postaladdress\",\"@type\":\"PostalAddress\",\"streetAddress\":\"san antonio 4,\",\"postalCode\":\"33430\",\"addressLocality\":\"Cand\\u00e1s\",\"addressRegion\":\"Asturias\",\"addressCountry\":\"ES\"}},{\"@type\":\"Person\",\"@id\":\"https:\\\/\\\/www.eldigitaldeasturias.com\\\/noticias\\\/author\\\/admin\\\/#author\",\"url\":\"https:\\\/\\\/www.eldigitaldeasturias.com\\\/noticias\\\/author\\\/admin\\\/\",\"name\":\"El Digital de Asturias\",\"image\":{\"@type\":\"ImageObject\",\"@id\":\"https:\\\/\\\/www.eldigitaldeasturias.com\\\/noticias\\\/novedades-motor-de-la-semana-porsche-mercedes-y-caterham\\\/#authorImage\",\"url\":\"https:\\\/\\\/www.eldigitaldeasturias.com\\\/noticias\\\/wp-content\\\/litespeed\\\/avatar\\\/18677e78aa0546b92d9dbf31ec7d7668.jpg?ver=1777290358\",\"width\":96,\"height\":96,\"caption\":\"El Digital de Asturias\"}},{\"@type\":\"WebPage\",\"@id\":\"https:\\\/\\\/www.eldigitaldeasturias.com\\\/noticias\\\/novedades-motor-de-la-semana-porsche-mercedes-y-caterham\\\/#webpage\",\"url\":\"https:\\\/\\\/www.eldigitaldeasturias.com\\\/noticias\\\/novedades-motor-de-la-semana-porsche-mercedes-y-caterham\\\/\",\"name\":\"Novedades Motor de la semana : Porsche, Mercedes y Caterham - El Digital de Asturias\",\"description\":\"SINGAPUR (dpa) - Hasta ahora los nuevos deportivos de Caterham parec\\u00edan \\\"oldtimers\\\", pero ahora el fabricante brit\\u00e1nico de modelos en series reducidas da un paso hacia el futuro con un prototipo, el AeroSeven, un biplaza abierto que fue presentado con motivo del reciente Gran Premio de F\\u00f3rmula 1 de Singapur. Aunque el roadster se basa\",\"inLanguage\":\"es-ES\",\"isPartOf\":{\"@id\":\"https:\\\/\\\/www.eldigitaldeasturias.com\\\/noticias\\\/#website\"},\"breadcrumb\":{\"@id\":\"https:\\\/\\\/www.eldigitaldeasturias.com\\\/noticias\\\/novedades-motor-de-la-semana-porsche-mercedes-y-caterham\\\/#breadcrumblist\"},\"author\":{\"@id\":\"https:\\\/\\\/www.eldigitaldeasturias.com\\\/noticias\\\/author\\\/admin\\\/#author\"},\"creator\":{\"@id\":\"https:\\\/\\\/www.eldigitaldeasturias.com\\\/noticias\\\/author\\\/admin\\\/#author\"},\"image\":{\"@type\":\"ImageObject\",\"url\":2947,\"@id\":\"https:\\\/\\\/www.eldigitaldeasturias.com\\\/noticias\\\/novedades-motor-de-la-semana-porsche-mercedes-y-caterham\\\/#mainImage\"},\"primaryImageOfPage\":{\"@id\":\"https:\\\/\\\/www.eldigitaldeasturias.com\\\/noticias\\\/novedades-motor-de-la-semana-porsche-mercedes-y-caterham\\\/#mainImage\"},\"datePublished\":\"2013-09-25T00:23:41+02:00\",\"dateModified\":\"2013-09-25T00:23:41+02:00\"},{\"@type\":\"WebSite\",\"@id\":\"https:\\\/\\\/www.eldigitaldeasturias.com\\\/noticias\\\/#website\",\"url\":\"https:\\\/\\\/www.eldigitaldeasturias.com\\\/noticias\\\/\",\"name\":\"El Digital de Asturias - Diario de actualidad y noticias\",\"alternateName\":\"El Digital de Asturias - Diario de actualidad y noticias\",\"description\":\"Hemeroteca\",\"inLanguage\":\"es-ES\",\"publisher\":{\"@id\":\"https:\\\/\\\/www.eldigitaldeasturias.com\\\/noticias\\\/#organization\"}}]}\n\t\t<\/script>\n\t\t<!-- All in One SEO Pro -->\r\n\t\t<title>Novedades Motor de la semana : Porsche, Mercedes y Caterham - El Digital de Asturias<\/title>\n\n","aioseo_head_json":{"title":"Novedades Motor de la semana : Porsche, Mercedes y Caterham - El Digital de Asturias","description":"SINGAPUR (dpa) - Hasta ahora los nuevos deportivos de Caterham parec\u00edan \"oldtimers\", pero ahora el fabricante brit\u00e1nico de modelos en series reducidas da un paso hacia el futuro con un prototipo, el AeroSeven, un biplaza abierto que fue presentado con motivo del reciente Gran Premio de F\u00f3rmula 1 de Singapur. Aunque el roadster se basa","canonical_url":"https:\/\/www.eldigitaldeasturias.com\/noticias\/novedades-motor-de-la-semana-porsche-mercedes-y-caterham\/","robots":"max-image-preview:large","keywords":"revista de ocio","webmasterTools":{"google-site-verification":"UA-38556648-1","msvalidate.01":"7dfe9f3f1b24437ab69f4f2559babe99","miscellaneous":""},"schema":{"@context":"https:\/\/schema.org","@graph":[{"@type":"BlogPosting","@id":"https:\/\/www.eldigitaldeasturias.com\/noticias\/novedades-motor-de-la-semana-porsche-mercedes-y-caterham\/#blogposting","name":"Novedades Motor de la semana : Porsche, Mercedes y Caterham - El Digital de Asturias","headline":"Novedades Motor de la semana : Porsche, Mercedes y Caterham","author":{"@id":"https:\/\/www.eldigitaldeasturias.com\/noticias\/author\/admin\/#author"},"publisher":{"@id":"https:\/\/www.eldigitaldeasturias.com\/noticias\/#organization"},"image":{"@type":"ImageObject","url":2947},"datePublished":"2013-09-25T00:23:41+02:00","dateModified":"2013-09-25T00:23:41+02:00","inLanguage":"es-ES","mainEntityOfPage":{"@id":"https:\/\/www.eldigitaldeasturias.com\/noticias\/novedades-motor-de-la-semana-porsche-mercedes-y-caterham\/#webpage"},"isPartOf":{"@id":"https:\/\/www.eldigitaldeasturias.com\/noticias\/novedades-motor-de-la-semana-porsche-mercedes-y-caterham\/#webpage"},"articleSection":"Revista de Ocio"},{"@type":"BreadcrumbList","@id":"https:\/\/www.eldigitaldeasturias.com\/noticias\/novedades-motor-de-la-semana-porsche-mercedes-y-caterham\/#breadcrumblist","itemListElement":[{"@type":"ListItem","@id":"https:\/\/www.eldigitaldeasturias.com\/noticias#listItem","position":1,"name":"Home","item":"https:\/\/www.eldigitaldeasturias.com\/noticias","nextItem":{"@type":"ListItem","@id":"https:\/\/www.eldigitaldeasturias.com\/noticias\/category\/revista-de-ocio\/#listItem","name":"Revista de Ocio"}},{"@type":"ListItem","@id":"https:\/\/www.eldigitaldeasturias.com\/noticias\/category\/revista-de-ocio\/#listItem","position":2,"name":"Revista de Ocio","item":"https:\/\/www.eldigitaldeasturias.com\/noticias\/category\/revista-de-ocio\/","nextItem":{"@type":"ListItem","@id":"https:\/\/www.eldigitaldeasturias.com\/noticias\/novedades-motor-de-la-semana-porsche-mercedes-y-caterham\/#listItem","name":"Novedades Motor de la semana : Porsche, Mercedes y Caterham"},"previousItem":{"@type":"ListItem","@id":"https:\/\/www.eldigitaldeasturias.com\/noticias#listItem","name":"Home"}},{"@type":"ListItem","@id":"https:\/\/www.eldigitaldeasturias.com\/noticias\/novedades-motor-de-la-semana-porsche-mercedes-y-caterham\/#listItem","position":3,"name":"Novedades Motor de la semana : Porsche, Mercedes y Caterham","previousItem":{"@type":"ListItem","@id":"https:\/\/www.eldigitaldeasturias.com\/noticias\/category\/revista-de-ocio\/#listItem","name":"Revista de Ocio"}}]},{"@type":"Organization","@id":"https:\/\/www.eldigitaldeasturias.com\/noticias\/#organization","name":"El Digital de Asturias","description":"Hemeroteca","url":"https:\/\/www.eldigitaldeasturias.com\/noticias\/","email":"info@eldigitaldeasturias.com","telephone":"+34652131393","logo":{"@type":"ImageObject","url":"https:\/\/www.eldigitaldeasturias.com\/noticias\/wp-content\/uploads\/2020\/12\/EDA.jpg","@id":"https:\/\/www.eldigitaldeasturias.com\/noticias\/novedades-motor-de-la-semana-porsche-mercedes-y-caterham\/#organizationLogo","width":649,"height":297},"image":{"@id":"https:\/\/www.eldigitaldeasturias.com\/noticias\/novedades-motor-de-la-semana-porsche-mercedes-y-caterham\/#organizationLogo"},"sameAs":["https:\/\/facebook.com\/eldigitaldeasturias","https:\/\/www.youtube.com\/channel\/UCZP-2wLEB9Rv6erhFmqVnvg"],"address":{"@id":"https:\/\/www.eldigitaldeasturias.com\/noticias\/#postaladdress","@type":"PostalAddress","streetAddress":"san antonio 4,","postalCode":"33430","addressLocality":"Cand\u00e1s","addressRegion":"Asturias","addressCountry":"ES"}},{"@type":"Person","@id":"https:\/\/www.eldigitaldeasturias.com\/noticias\/author\/admin\/#author","url":"https:\/\/www.eldigitaldeasturias.com\/noticias\/author\/admin\/","name":"El Digital de Asturias","image":{"@type":"ImageObject","@id":"https:\/\/www.eldigitaldeasturias.com\/noticias\/novedades-motor-de-la-semana-porsche-mercedes-y-caterham\/#authorImage","url":"https:\/\/www.eldigitaldeasturias.com\/noticias\/wp-content\/litespeed\/avatar\/18677e78aa0546b92d9dbf31ec7d7668.jpg?ver=1777290358","width":96,"height":96,"caption":"El Digital de Asturias"}},{"@type":"WebPage","@id":"https:\/\/www.eldigitaldeasturias.com\/noticias\/novedades-motor-de-la-semana-porsche-mercedes-y-caterham\/#webpage","url":"https:\/\/www.eldigitaldeasturias.com\/noticias\/novedades-motor-de-la-semana-porsche-mercedes-y-caterham\/","name":"Novedades Motor de la semana : Porsche, Mercedes y Caterham - El Digital de Asturias","description":"SINGAPUR (dpa) - Hasta ahora los nuevos deportivos de Caterham parec\u00edan \"oldtimers\", pero ahora el fabricante brit\u00e1nico de modelos en series reducidas da un paso hacia el futuro con un prototipo, el AeroSeven, un biplaza abierto que fue presentado con motivo del reciente Gran Premio de F\u00f3rmula 1 de Singapur. Aunque el roadster se basa","inLanguage":"es-ES","isPartOf":{"@id":"https:\/\/www.eldigitaldeasturias.com\/noticias\/#website"},"breadcrumb":{"@id":"https:\/\/www.eldigitaldeasturias.com\/noticias\/novedades-motor-de-la-semana-porsche-mercedes-y-caterham\/#breadcrumblist"},"author":{"@id":"https:\/\/www.eldigitaldeasturias.com\/noticias\/author\/admin\/#author"},"creator":{"@id":"https:\/\/www.eldigitaldeasturias.com\/noticias\/author\/admin\/#author"},"image":{"@type":"ImageObject","url":2947,"@id":"https:\/\/www.eldigitaldeasturias.com\/noticias\/novedades-motor-de-la-semana-porsche-mercedes-y-caterham\/#mainImage"},"primaryImageOfPage":{"@id":"https:\/\/www.eldigitaldeasturias.com\/noticias\/novedades-motor-de-la-semana-porsche-mercedes-y-caterham\/#mainImage"},"datePublished":"2013-09-25T00:23:41+02:00","dateModified":"2013-09-25T00:23:41+02:00"},{"@type":"WebSite","@id":"https:\/\/www.eldigitaldeasturias.com\/noticias\/#website","url":"https:\/\/www.eldigitaldeasturias.com\/noticias\/","name":"El Digital de Asturias - Diario de actualidad y noticias","alternateName":"El Digital de Asturias - Diario de actualidad y noticias","description":"Hemeroteca","inLanguage":"es-ES","publisher":{"@id":"https:\/\/www.eldigitaldeasturias.com\/noticias\/#organization"}}]},"og:locale":"es_ES","og:site_name":"El Digital de Asturias","og:type":"article","og:title":"Novedades Motor de la semana : Porsche, Mercedes y Caterham - El Digital de Asturias","og:description":"SINGAPUR (dpa) - Hasta ahora los nuevos deportivos de Caterham parec\u00edan &quot;oldtimers&quot;, pero ahora el fabricante brit\u00e1nico de modelos en series reducidas da un paso hacia el futuro con un prototipo, el AeroSeven, un biplaza abierto que fue presentado con motivo del reciente Gran Premio de F\u00f3rmula 1 de Singapur. Aunque el roadster se basa","og:url":"https:\/\/www.eldigitaldeasturias.com\/noticias\/novedades-motor-de-la-semana-porsche-mercedes-y-caterham\/","article:tag":["revista de ocio"],"article:published_time":"2013-09-25T00:23:41+00:00","article:modified_time":"2013-09-25T00:23:41+00:00","article:publisher":"https:\/\/facebook.com\/eldigitaldeasturias","twitter:card":"summary_large_image","twitter:title":"Novedades Motor de la semana : Porsche, Mercedes y Caterham - El Digital de Asturias","twitter:description":"SINGAPUR (dpa) - Hasta ahora los nuevos deportivos de Caterham parec\u00edan &quot;oldtimers&quot;, pero ahora el fabricante brit\u00e1nico de modelos en series reducidas da un paso hacia el futuro con un prototipo, el AeroSeven, un biplaza abierto que fue presentado con motivo del reciente Gran Premio de F\u00f3rmula 1 de Singapur. Aunque el roadster se basa","twitter:label1":"Escrito por","twitter:data1":"El Digital de Asturias","twitter:label2":"Tiempo de lectura estimado","twitter:data2":"2 minutos"},"aioseo_meta_data":{"post_id":"2946","title":null,"description":null,"keywords":null,"keyphrases":null,"primary_term":null,"canonical_url":null,"og_title":null,"og_description":null,"og_object_type":"default","og_image_type":"default","og_image_url":null,"og_image_width":null,"og_image_height":null,"og_image_custom_url":null,"og_image_custom_fields":null,"og_video":null,"og_custom_url":null,"og_article_section":null,"og_article_tags":null,"twitter_use_og":true,"twitter_card":"default","twitter_image_type":"default","twitter_image_url":null,"twitter_image_custom_url":null,"twitter_image_custom_fields":null,"twitter_title":null,"twitter_description":null,"schema":{"blockGraphs":[],"customGraphs":[],"default":{"data":{"Article":[],"Course":[],"Dataset":[],"FAQPage":[],"Movie":[],"Person":[],"Product":[],"ProductReview":[],"Car":[],"Recipe":[],"Service":[],"SoftwareApplication":[],"WebPage":[]},"graphName":"","isEnabled":true},"graphs":[],"defaultGraph":"","defaultPostTypeGraph":""},"schema_type":null,"schema_type_options":null,"pillar_content":false,"robots_default":true,"robots_noindex":false,"robots_noarchive":false,"robots_nosnippet":false,"robots_nofollow":false,"robots_noimageindex":false,"robots_noodp":false,"robots_notranslate":false,"robots_max_snippet":null,"robots_max_videopreview":null,"robots_max_imagepreview":"none","priority":null,"frequency":null,"local_seo":null,"seo_analyzer_scan_date":"2025-08-21 05:20:49","breadcrumb_settings":null,"limit_modified_date":false,"open_ai":null,"ai":null,"created":"2020-11-14 22:37:00","updated":"2025-08-21 05:20:49"},"aioseo_breadcrumb":"<div class=\"aioseo-breadcrumbs\"><span class=\"aioseo-breadcrumb\">\n\t<a href=\"https:\/\/www.eldigitaldeasturias.com\/noticias\" title=\"Home\">Home<\/a>\n<\/span><span class=\"aioseo-breadcrumb-separator\">\u2013<\/span><span class=\"aioseo-breadcrumb\">\n\t<a href=\"https:\/\/www.eldigitaldeasturias.com\/noticias\/category\/revista-de-ocio\/\" title=\"Revista de Ocio\">Revista de Ocio<\/a>\n<\/span><span class=\"aioseo-breadcrumb-separator\">\u2013<\/span><span class=\"aioseo-breadcrumb\">\n\t<a href=\"https:\/\/www.eldigitaldeasturias.com\/noticias\/novedades-motor-de-la-semana-porsche-mercedes-y-caterham\/\" title=\"Novedades Motor de la semana : Porsche, Mercedes y Caterham\">Novedades Motor de la semana : Porsche, Mercedes y Caterham<\/a>\n<\/span><\/div>","aioseo_breadcrumb_json":[{"label":"Home","link":"https:\/\/www.eldigitaldeasturias.com\/noticias"},{"label":"Revista de Ocio","link":"https:\/\/www.eldigitaldeasturias.com\/noticias\/category\/revista-de-ocio\/"},{"label":"Novedades Motor de la semana : Porsche, Mercedes y Caterham","link":"https:\/\/www.eldigitaldeasturias.com\/noticias\/novedades-motor-de-la-semana-porsche-mercedes-y-caterham\/"}],"_links":{"self":[{"href":"https:\/\/www.eldigitaldeasturias.com\/noticias\/wp-json\/wp\/v2\/posts\/2946","targetHints":{"allow":["GET"]}}],"collection":[{"href":"https:\/\/www.eldigitaldeasturias.com\/noticias\/wp-json\/wp\/v2\/posts"}],"about":[{"href":"https:\/\/www.eldigitaldeasturias.com\/noticias\/wp-json\/wp\/v2\/types\/post"}],"author":[{"embeddable":true,"href":"https:\/\/www.eldigitaldeasturias.com\/noticias\/wp-json\/wp\/v2\/users\/1"}],"replies":[{"embeddable":true,"href":"https:\/\/www.eldigitaldeasturias.com\/noticias\/wp-json\/wp\/v2\/comments?post=2946"}],"version-history":[{"count":0,"href":"https:\/\/www.eldigitaldeasturias.com\/noticias\/wp-json\/wp\/v2\/posts\/2946\/revisions"}],"wp:featuredmedia":[{"embeddable":true,"href":"https:\/\/www.eldigitaldeasturias.com\/noticias\/wp-json\/"}],"wp:attachment":[{"href":"https:\/\/www.eldigitaldeasturias.com\/noticias\/wp-json\/wp\/v2\/media?parent=2946"}],"wp:term":[{"taxonomy":"category","embeddable":true,"href":"https:\/\/www.eldigitaldeasturias.com\/noticias\/wp-json\/wp\/v2\/categories?post=2946"},{"taxonomy":"post_tag","embeddable":true,"href":"https:\/\/www.eldigitaldeasturias.com\/noticias\/wp-json\/wp\/v2\/tags?post=2946"}],"curies":[{"name":"wp","href":"https:\/\/api.w.org\/{rel}","templated":true}]}}