{"id":2937,"date":"2013-09-24T23:57:48","date_gmt":"2013-09-24T23:57:48","guid":{"rendered":"http:\/\/www.eldigitaldeasturias.com\/noticias\/?p=2937"},"modified":"2013-09-24T23:58:19","modified_gmt":"2013-09-24T23:58:19","slug":"capriles-critica-los-viajes-de-nicolas-maduro-en-aviones-cubanos","status":"publish","type":"post","link":"https:\/\/www.eldigitaldeasturias.com\/noticias\/capriles-critica-los-viajes-de-nicolas-maduro-en-aviones-cubanos\/","title":{"rendered":"Capriles critica los viajes de Nicol\u00e1s Maduro en aviones cubanos"},"content":{"rendered":"<p><img loading=\"lazy\" decoding=\"async\" class=\"alignleft size-medium wp-image-1518\" alt=\"Capriles\" src=\"https:\/\/www.eldigitaldeasturias.com\/noticias\/wp-content\/uploads\/2013\/09\/Capriles-360x248.jpg\" width=\"360\" height=\"248\" \/>Caracas, 24 sep (dpa) \u2013 El l\u00edder opositor venezolano Henrique Capriles critic\u00f3 hoy que el presidente Nicol\u00e1s Maduro realice sus viajes oficiales en aviones de Cubana de Aviaci\u00f3n, que afirm\u00f3 cobra un alquiler de 250.000 d\u00f3lares diarios.<\/p>\n<p>Capriles cuestion\u00f3 el reciente viaje de Maduro a China, cuando el gobierno no ha explicado qu\u00e9 pas\u00f3 con la lujosa aeronave que se compr\u00f3 para los vuelos del fallecido presidente Hugo Ch\u00e1vez, un Airbus A-319.<\/p>\n<p>\u00ab\u00bfQu\u00e9 pas\u00f3 con el avi\u00f3n presidencial, el avi\u00f3n 0001? \u00bfTambi\u00e9n lo destruyeron? \u00bfCu\u00e1nto se gast\u00f3 en aquella oportunidad para tener un avi\u00f3n presidencial? Casi 80 millones de d\u00f3lares \u00bfPor qu\u00e9 (Maduro) viaja en un avi\u00f3n de Cubana de Aviaci\u00f3n? El avi\u00f3n presidencial es un activo del Estado, no de un partido de gobierno\u00bb, se\u00f1al\u00f3.<\/p>\n<p>En su programa semanal de televisi\u00f3n, que se transmite por Internet, el ex candidato presidencial pregunt\u00f3 si estos viajes son \u00abotro negocio\u00bb de Maduro con los gobernantes de Cuba.<\/p>\n<p>\u00abSe paga por el alquiler del avi\u00f3n por d\u00eda, adicional al combustible, comidas y bebidas de la tripulaci\u00f3n, 250.000 d\u00f3lares. Se paga con dinero de nuestro pueblo\u00bb, indic\u00f3.<\/p>\n<p>Capriles dijo que es un \u00abcuento\u00bb de Maduro que afirma que fue a China a firmar acuerdos bilaterales.<\/p>\n<p>\u00abNo. Fuimos a endeudarnos porque adem\u00e1s nos informan que est\u00e1n liquidando las reservas de oro. No tenemos dinero, somos un pa\u00eds dependiente de la renta petrolera y esa ha bajado\u00bb, recalc\u00f3.<\/p>\n<p>Maduro realiz\u00f3 una visita oficial a China de tres d\u00edas y hoy anunci\u00f3 en su cuenta de twitter que ya estaba viajando de regreso. En Pek\u00edn firm\u00f3 un acuerdo para un nuevo financiamiento chino por 5.000 millones de d\u00f3lares.<\/p>\n<p>Capriles dijo que el gobierno no explic\u00f3 qu\u00e9 garant\u00edas dio Maduro para obtener el nuevo pr\u00e9stamo.<\/p>\n<p>\u00abEl pa\u00eds tiene derecho a saber qu\u00e9 le est\u00e1n entregando a los chinos. Nos ha llegado la informaci\u00f3n que est\u00e1n vendiendo las reservas de oro. El gobierno no ha dicho nada \u00bfCu\u00e1nto lleg\u00f3 de las reservas de oro al Banco Central que estaban en bancos extranjeros? \u00bfCu\u00e1nto sigue afuera? Estas interrogantes deben plantearse firmemente al gobierno\u00bb, indic\u00f3.<\/p>\n<p>El l\u00edder opositor insisti\u00f3 en que Maduro fue a China para \u00abpedir prestado\u00bb ante los problemas econ\u00f3micos del pa\u00eds.<\/p>\n<p>\u00abFueron a China a pedir prestado, porque no hay recursos en el pa\u00eds, para poder pagar los gastos para el cierre del a\u00f1o, porque el presupuesto ya se lo gastaron\u00bb, asever\u00f3.<\/p>\n<p>El economista Jos\u00e9 Guerra, ex director del Banco Central de Venezuela, dijo que con la nueva l\u00ednea de cr\u00e9dito China se ha convertido en una importante fuente de financiamiento para Venezuela.<\/p>\n<p>\u00abCon este nuevo endeudamiento, el total desembolsado por ese pa\u00eds ascender\u00eda a 41.000 millones de d\u00f3lares, pagaderos con petr\u00f3leo\u00bb, afirm\u00f3 en un an\u00e1lisis sobre la deuda externa venezolana.<\/p>\n","protected":false},"excerpt":{"rendered":"<p>Caracas, 24 sep (dpa) \u2013 El l\u00edder opositor venezolano Henrique Capriles critic\u00f3 hoy que el presidente Nicol\u00e1s Maduro realice sus viajes oficiales en aviones de Cubana de Aviaci\u00f3n, que afirm\u00f3 cobra un alquiler de 250.000 d\u00f3lares diarios. Capriles cuestion\u00f3 el reciente viaje de Maduro a China, cuando el gobierno no ha explicado qu\u00e9 pas\u00f3 con [&hellip;]<\/p>\n","protected":false},"author":1,"featured_media":1518,"comment_status":"open","ping_status":"open","sticky":false,"template":"","format":"standard","meta":{"footnotes":""},"categories":[1],"tags":[],"class_list":["post-2937","post","type-post","status-publish","format-standard","has-post-thumbnail","hentry","category-actualidad"],"aioseo_notices":[],"aioseo_head":"\n\t\t<!-- All in One SEO Pro 4.9.6.2 - aioseo.com -->\n\t<meta name=\"description\" content=\"Caracas, 24 sep (dpa) \u2013 El l\u00edder opositor venezolano Henrique Capriles critic\u00f3 hoy que el presidente Nicol\u00e1s Maduro realice sus viajes oficiales en aviones de Cubana de Aviaci\u00f3n, que afirm\u00f3 cobra un alquiler de 250.000 d\u00f3lares diarios. Capriles cuestion\u00f3 el reciente viaje de Maduro a China, cuando el gobierno no ha explicado qu\u00e9 pas\u00f3 con\" \/>\n\t<meta name=\"robots\" content=\"max-image-preview:large\" \/>\n\t<meta name=\"author\" content=\"El Digital de Asturias\"\/>\n\t<meta name=\"google-site-verification\" content=\"UA-38556648-1\" \/>\n\t<meta name=\"msvalidate.01\" content=\"7dfe9f3f1b24437ab69f4f2559babe99\" \/>\n\t<meta name=\"keywords\" content=\"actualidad\" \/>\n\t<link rel=\"canonical\" href=\"https:\/\/www.eldigitaldeasturias.com\/noticias\/capriles-critica-los-viajes-de-nicolas-maduro-en-aviones-cubanos\/\" \/>\n\t<meta name=\"generator\" content=\"All in One SEO Pro (AIOSEO) 4.9.6.2\" \/>\n\t\t<meta property=\"og:locale\" content=\"es_ES\" \/>\n\t\t<meta property=\"og:site_name\" content=\"El Digital de Asturias\" \/>\n\t\t<meta property=\"og:type\" content=\"article\" \/>\n\t\t<meta property=\"og:title\" content=\"Capriles critica los viajes de Nicol\u00e1s Maduro en aviones cubanos - El Digital de Asturias\" \/>\n\t\t<meta property=\"og:description\" content=\"Caracas, 24 sep (dpa) \u2013 El l\u00edder opositor venezolano Henrique Capriles critic\u00f3 hoy que el presidente Nicol\u00e1s Maduro realice sus viajes oficiales en aviones de Cubana de Aviaci\u00f3n, que afirm\u00f3 cobra un alquiler de 250.000 d\u00f3lares diarios. Capriles cuestion\u00f3 el reciente viaje de Maduro a China, cuando el gobierno no ha explicado qu\u00e9 pas\u00f3 con\" \/>\n\t\t<meta property=\"og:url\" content=\"https:\/\/www.eldigitaldeasturias.com\/noticias\/capriles-critica-los-viajes-de-nicolas-maduro-en-aviones-cubanos\/\" \/>\n\t\t<meta property=\"og:image\" content=\"https:\/\/www.eldigitaldeasturias.com\/noticias\/wp-content\/uploads\/2013\/09\/Capriles.jpg\" \/>\n\t\t<meta property=\"og:image:secure_url\" content=\"https:\/\/www.eldigitaldeasturias.com\/noticias\/wp-content\/uploads\/2013\/09\/Capriles.jpg\" \/>\n\t\t<meta property=\"og:image:width\" content=\"520\" \/>\n\t\t<meta property=\"og:image:height\" content=\"359\" \/>\n\t\t<meta property=\"article:tag\" content=\"actualidad\" \/>\n\t\t<meta property=\"article:published_time\" content=\"2013-09-24T23:57:48+00:00\" \/>\n\t\t<meta property=\"article:modified_time\" content=\"2013-09-24T23:58:19+00:00\" \/>\n\t\t<meta property=\"article:publisher\" content=\"https:\/\/facebook.com\/eldigitaldeasturias\" \/>\n\t\t<meta name=\"twitter:card\" content=\"summary_large_image\" \/>\n\t\t<meta name=\"twitter:title\" content=\"Capriles critica los viajes de Nicol\u00e1s Maduro en aviones cubanos - El Digital de Asturias\" \/>\n\t\t<meta name=\"twitter:description\" content=\"Caracas, 24 sep (dpa) \u2013 El l\u00edder opositor venezolano Henrique Capriles critic\u00f3 hoy que el presidente Nicol\u00e1s Maduro realice sus viajes oficiales en aviones de Cubana de Aviaci\u00f3n, que afirm\u00f3 cobra un alquiler de 250.000 d\u00f3lares diarios. Capriles cuestion\u00f3 el reciente viaje de Maduro a China, cuando el gobierno no ha explicado qu\u00e9 pas\u00f3 con\" \/>\n\t\t<meta name=\"twitter:image\" content=\"https:\/\/www.eldigitaldeasturias.com\/noticias\/wp-content\/uploads\/2013\/09\/Capriles.jpg\" \/>\n\t\t<meta name=\"twitter:label1\" content=\"Escrito por\" \/>\n\t\t<meta name=\"twitter:data1\" content=\"El Digital de Asturias\" \/>\n\t\t<meta name=\"twitter:label2\" content=\"Tiempo de lectura estimado\" \/>\n\t\t<meta name=\"twitter:data2\" content=\"2 minutos\" \/>\n\t\t<script type=\"application\/ld+json\" class=\"aioseo-schema\">\n\t\t\t{\"@context\":\"https:\\\/\\\/schema.org\",\"@graph\":[{\"@type\":\"BlogPosting\",\"@id\":\"https:\\\/\\\/www.eldigitaldeasturias.com\\\/noticias\\\/capriles-critica-los-viajes-de-nicolas-maduro-en-aviones-cubanos\\\/#blogposting\",\"name\":\"Capriles critica los viajes de Nicol\\u00e1s Maduro en aviones cubanos - El Digital de Asturias\",\"headline\":\"Capriles critica los viajes de Nicol\\u00e1s Maduro en aviones cubanos\",\"author\":{\"@id\":\"https:\\\/\\\/www.eldigitaldeasturias.com\\\/noticias\\\/author\\\/admin\\\/#author\"},\"publisher\":{\"@id\":\"https:\\\/\\\/www.eldigitaldeasturias.com\\\/noticias\\\/#organization\"},\"image\":{\"@type\":\"ImageObject\",\"url\":\"https:\\\/\\\/www.eldigitaldeasturias.com\\\/noticias\\\/wp-content\\\/uploads\\\/2013\\\/09\\\/Capriles.jpg\",\"width\":520,\"height\":359},\"datePublished\":\"2013-09-24T23:57:48+02:00\",\"dateModified\":\"2013-09-24T23:58:19+02:00\",\"inLanguage\":\"es-ES\",\"mainEntityOfPage\":{\"@id\":\"https:\\\/\\\/www.eldigitaldeasturias.com\\\/noticias\\\/capriles-critica-los-viajes-de-nicolas-maduro-en-aviones-cubanos\\\/#webpage\"},\"isPartOf\":{\"@id\":\"https:\\\/\\\/www.eldigitaldeasturias.com\\\/noticias\\\/capriles-critica-los-viajes-de-nicolas-maduro-en-aviones-cubanos\\\/#webpage\"},\"articleSection\":\"Actualidad\"},{\"@type\":\"BreadcrumbList\",\"@id\":\"https:\\\/\\\/www.eldigitaldeasturias.com\\\/noticias\\\/capriles-critica-los-viajes-de-nicolas-maduro-en-aviones-cubanos\\\/#breadcrumblist\",\"itemListElement\":[{\"@type\":\"ListItem\",\"@id\":\"https:\\\/\\\/www.eldigitaldeasturias.com\\\/noticias#listItem\",\"position\":1,\"name\":\"Home\",\"item\":\"https:\\\/\\\/www.eldigitaldeasturias.com\\\/noticias\",\"nextItem\":{\"@type\":\"ListItem\",\"@id\":\"https:\\\/\\\/www.eldigitaldeasturias.com\\\/noticias\\\/category\\\/actualidad\\\/#listItem\",\"name\":\"Actualidad\"}},{\"@type\":\"ListItem\",\"@id\":\"https:\\\/\\\/www.eldigitaldeasturias.com\\\/noticias\\\/category\\\/actualidad\\\/#listItem\",\"position\":2,\"name\":\"Actualidad\",\"item\":\"https:\\\/\\\/www.eldigitaldeasturias.com\\\/noticias\\\/category\\\/actualidad\\\/\",\"nextItem\":{\"@type\":\"ListItem\",\"@id\":\"https:\\\/\\\/www.eldigitaldeasturias.com\\\/noticias\\\/capriles-critica-los-viajes-de-nicolas-maduro-en-aviones-cubanos\\\/#listItem\",\"name\":\"Capriles critica los viajes de Nicol\\u00e1s Maduro en aviones cubanos\"},\"previousItem\":{\"@type\":\"ListItem\",\"@id\":\"https:\\\/\\\/www.eldigitaldeasturias.com\\\/noticias#listItem\",\"name\":\"Home\"}},{\"@type\":\"ListItem\",\"@id\":\"https:\\\/\\\/www.eldigitaldeasturias.com\\\/noticias\\\/capriles-critica-los-viajes-de-nicolas-maduro-en-aviones-cubanos\\\/#listItem\",\"position\":3,\"name\":\"Capriles critica los viajes de Nicol\\u00e1s Maduro en aviones cubanos\",\"previousItem\":{\"@type\":\"ListItem\",\"@id\":\"https:\\\/\\\/www.eldigitaldeasturias.com\\\/noticias\\\/category\\\/actualidad\\\/#listItem\",\"name\":\"Actualidad\"}}]},{\"@type\":\"Organization\",\"@id\":\"https:\\\/\\\/www.eldigitaldeasturias.com\\\/noticias\\\/#organization\",\"name\":\"El Digital de Asturias\",\"description\":\"Hemeroteca\",\"url\":\"https:\\\/\\\/www.eldigitaldeasturias.com\\\/noticias\\\/\",\"email\":\"info@eldigitaldeasturias.com\",\"telephone\":\"+34652131393\",\"logo\":{\"@type\":\"ImageObject\",\"url\":\"https:\\\/\\\/www.eldigitaldeasturias.com\\\/noticias\\\/wp-content\\\/uploads\\\/2020\\\/12\\\/EDA.jpg\",\"@id\":\"https:\\\/\\\/www.eldigitaldeasturias.com\\\/noticias\\\/capriles-critica-los-viajes-de-nicolas-maduro-en-aviones-cubanos\\\/#organizationLogo\",\"width\":649,\"height\":297},\"image\":{\"@id\":\"https:\\\/\\\/www.eldigitaldeasturias.com\\\/noticias\\\/capriles-critica-los-viajes-de-nicolas-maduro-en-aviones-cubanos\\\/#organizationLogo\"},\"sameAs\":[\"https:\\\/\\\/facebook.com\\\/eldigitaldeasturias\",\"https:\\\/\\\/www.youtube.com\\\/channel\\\/UCZP-2wLEB9Rv6erhFmqVnvg\"],\"address\":{\"@id\":\"https:\\\/\\\/www.eldigitaldeasturias.com\\\/noticias\\\/#postaladdress\",\"@type\":\"PostalAddress\",\"streetAddress\":\"san antonio 4,\",\"postalCode\":\"33430\",\"addressLocality\":\"Cand\\u00e1s\",\"addressRegion\":\"Asturias\",\"addressCountry\":\"ES\"}},{\"@type\":\"Person\",\"@id\":\"https:\\\/\\\/www.eldigitaldeasturias.com\\\/noticias\\\/author\\\/admin\\\/#author\",\"url\":\"https:\\\/\\\/www.eldigitaldeasturias.com\\\/noticias\\\/author\\\/admin\\\/\",\"name\":\"El Digital de Asturias\",\"image\":{\"@type\":\"ImageObject\",\"@id\":\"https:\\\/\\\/www.eldigitaldeasturias.com\\\/noticias\\\/capriles-critica-los-viajes-de-nicolas-maduro-en-aviones-cubanos\\\/#authorImage\",\"url\":\"https:\\\/\\\/www.eldigitaldeasturias.com\\\/noticias\\\/wp-content\\\/litespeed\\\/avatar\\\/18677e78aa0546b92d9dbf31ec7d7668.jpg?ver=1777290358\",\"width\":96,\"height\":96,\"caption\":\"El Digital de Asturias\"}},{\"@type\":\"WebPage\",\"@id\":\"https:\\\/\\\/www.eldigitaldeasturias.com\\\/noticias\\\/capriles-critica-los-viajes-de-nicolas-maduro-en-aviones-cubanos\\\/#webpage\",\"url\":\"https:\\\/\\\/www.eldigitaldeasturias.com\\\/noticias\\\/capriles-critica-los-viajes-de-nicolas-maduro-en-aviones-cubanos\\\/\",\"name\":\"Capriles critica los viajes de Nicol\\u00e1s Maduro en aviones cubanos - El Digital de Asturias\",\"description\":\"Caracas, 24 sep (dpa) \\u2013 El l\\u00edder opositor venezolano Henrique Capriles critic\\u00f3 hoy que el presidente Nicol\\u00e1s Maduro realice sus viajes oficiales en aviones de Cubana de Aviaci\\u00f3n, que afirm\\u00f3 cobra un alquiler de 250.000 d\\u00f3lares diarios. Capriles cuestion\\u00f3 el reciente viaje de Maduro a China, cuando el gobierno no ha explicado qu\\u00e9 pas\\u00f3 con\",\"inLanguage\":\"es-ES\",\"isPartOf\":{\"@id\":\"https:\\\/\\\/www.eldigitaldeasturias.com\\\/noticias\\\/#website\"},\"breadcrumb\":{\"@id\":\"https:\\\/\\\/www.eldigitaldeasturias.com\\\/noticias\\\/capriles-critica-los-viajes-de-nicolas-maduro-en-aviones-cubanos\\\/#breadcrumblist\"},\"author\":{\"@id\":\"https:\\\/\\\/www.eldigitaldeasturias.com\\\/noticias\\\/author\\\/admin\\\/#author\"},\"creator\":{\"@id\":\"https:\\\/\\\/www.eldigitaldeasturias.com\\\/noticias\\\/author\\\/admin\\\/#author\"},\"image\":{\"@type\":\"ImageObject\",\"url\":\"https:\\\/\\\/www.eldigitaldeasturias.com\\\/noticias\\\/wp-content\\\/uploads\\\/2013\\\/09\\\/Capriles.jpg\",\"@id\":\"https:\\\/\\\/www.eldigitaldeasturias.com\\\/noticias\\\/capriles-critica-los-viajes-de-nicolas-maduro-en-aviones-cubanos\\\/#mainImage\",\"width\":520,\"height\":359},\"primaryImageOfPage\":{\"@id\":\"https:\\\/\\\/www.eldigitaldeasturias.com\\\/noticias\\\/capriles-critica-los-viajes-de-nicolas-maduro-en-aviones-cubanos\\\/#mainImage\"},\"datePublished\":\"2013-09-24T23:57:48+02:00\",\"dateModified\":\"2013-09-24T23:58:19+02:00\"},{\"@type\":\"WebSite\",\"@id\":\"https:\\\/\\\/www.eldigitaldeasturias.com\\\/noticias\\\/#website\",\"url\":\"https:\\\/\\\/www.eldigitaldeasturias.com\\\/noticias\\\/\",\"name\":\"El Digital de Asturias - Diario de actualidad y noticias\",\"alternateName\":\"El Digital de Asturias - Diario de actualidad y noticias\",\"description\":\"Hemeroteca\",\"inLanguage\":\"es-ES\",\"publisher\":{\"@id\":\"https:\\\/\\\/www.eldigitaldeasturias.com\\\/noticias\\\/#organization\"}}]}\n\t\t<\/script>\n\t\t<!-- All in One SEO Pro -->\r\n\t\t<title>Capriles critica los viajes de Nicol\u00e1s Maduro en aviones cubanos - El Digital de Asturias<\/title>\n\n","aioseo_head_json":{"title":"Capriles critica los viajes de Nicol\u00e1s Maduro en aviones cubanos - El Digital de Asturias","description":"Caracas, 24 sep (dpa) \u2013 El l\u00edder opositor venezolano Henrique Capriles critic\u00f3 hoy que el presidente Nicol\u00e1s Maduro realice sus viajes oficiales en aviones de Cubana de Aviaci\u00f3n, que afirm\u00f3 cobra un alquiler de 250.000 d\u00f3lares diarios. Capriles cuestion\u00f3 el reciente viaje de Maduro a China, cuando el gobierno no ha explicado qu\u00e9 pas\u00f3 con","canonical_url":"https:\/\/www.eldigitaldeasturias.com\/noticias\/capriles-critica-los-viajes-de-nicolas-maduro-en-aviones-cubanos\/","robots":"max-image-preview:large","keywords":"actualidad","webmasterTools":{"google-site-verification":"UA-38556648-1","msvalidate.01":"7dfe9f3f1b24437ab69f4f2559babe99","miscellaneous":""},"schema":{"@context":"https:\/\/schema.org","@graph":[{"@type":"BlogPosting","@id":"https:\/\/www.eldigitaldeasturias.com\/noticias\/capriles-critica-los-viajes-de-nicolas-maduro-en-aviones-cubanos\/#blogposting","name":"Capriles critica los viajes de Nicol\u00e1s Maduro en aviones cubanos - El Digital de Asturias","headline":"Capriles critica los viajes de Nicol\u00e1s Maduro en aviones cubanos","author":{"@id":"https:\/\/www.eldigitaldeasturias.com\/noticias\/author\/admin\/#author"},"publisher":{"@id":"https:\/\/www.eldigitaldeasturias.com\/noticias\/#organization"},"image":{"@type":"ImageObject","url":"https:\/\/www.eldigitaldeasturias.com\/noticias\/wp-content\/uploads\/2013\/09\/Capriles.jpg","width":520,"height":359},"datePublished":"2013-09-24T23:57:48+02:00","dateModified":"2013-09-24T23:58:19+02:00","inLanguage":"es-ES","mainEntityOfPage":{"@id":"https:\/\/www.eldigitaldeasturias.com\/noticias\/capriles-critica-los-viajes-de-nicolas-maduro-en-aviones-cubanos\/#webpage"},"isPartOf":{"@id":"https:\/\/www.eldigitaldeasturias.com\/noticias\/capriles-critica-los-viajes-de-nicolas-maduro-en-aviones-cubanos\/#webpage"},"articleSection":"Actualidad"},{"@type":"BreadcrumbList","@id":"https:\/\/www.eldigitaldeasturias.com\/noticias\/capriles-critica-los-viajes-de-nicolas-maduro-en-aviones-cubanos\/#breadcrumblist","itemListElement":[{"@type":"ListItem","@id":"https:\/\/www.eldigitaldeasturias.com\/noticias#listItem","position":1,"name":"Home","item":"https:\/\/www.eldigitaldeasturias.com\/noticias","nextItem":{"@type":"ListItem","@id":"https:\/\/www.eldigitaldeasturias.com\/noticias\/category\/actualidad\/#listItem","name":"Actualidad"}},{"@type":"ListItem","@id":"https:\/\/www.eldigitaldeasturias.com\/noticias\/category\/actualidad\/#listItem","position":2,"name":"Actualidad","item":"https:\/\/www.eldigitaldeasturias.com\/noticias\/category\/actualidad\/","nextItem":{"@type":"ListItem","@id":"https:\/\/www.eldigitaldeasturias.com\/noticias\/capriles-critica-los-viajes-de-nicolas-maduro-en-aviones-cubanos\/#listItem","name":"Capriles critica los viajes de Nicol\u00e1s Maduro en aviones cubanos"},"previousItem":{"@type":"ListItem","@id":"https:\/\/www.eldigitaldeasturias.com\/noticias#listItem","name":"Home"}},{"@type":"ListItem","@id":"https:\/\/www.eldigitaldeasturias.com\/noticias\/capriles-critica-los-viajes-de-nicolas-maduro-en-aviones-cubanos\/#listItem","position":3,"name":"Capriles critica los viajes de Nicol\u00e1s Maduro en aviones cubanos","previousItem":{"@type":"ListItem","@id":"https:\/\/www.eldigitaldeasturias.com\/noticias\/category\/actualidad\/#listItem","name":"Actualidad"}}]},{"@type":"Organization","@id":"https:\/\/www.eldigitaldeasturias.com\/noticias\/#organization","name":"El Digital de Asturias","description":"Hemeroteca","url":"https:\/\/www.eldigitaldeasturias.com\/noticias\/","email":"info@eldigitaldeasturias.com","telephone":"+34652131393","logo":{"@type":"ImageObject","url":"https:\/\/www.eldigitaldeasturias.com\/noticias\/wp-content\/uploads\/2020\/12\/EDA.jpg","@id":"https:\/\/www.eldigitaldeasturias.com\/noticias\/capriles-critica-los-viajes-de-nicolas-maduro-en-aviones-cubanos\/#organizationLogo","width":649,"height":297},"image":{"@id":"https:\/\/www.eldigitaldeasturias.com\/noticias\/capriles-critica-los-viajes-de-nicolas-maduro-en-aviones-cubanos\/#organizationLogo"},"sameAs":["https:\/\/facebook.com\/eldigitaldeasturias","https:\/\/www.youtube.com\/channel\/UCZP-2wLEB9Rv6erhFmqVnvg"],"address":{"@id":"https:\/\/www.eldigitaldeasturias.com\/noticias\/#postaladdress","@type":"PostalAddress","streetAddress":"san antonio 4,","postalCode":"33430","addressLocality":"Cand\u00e1s","addressRegion":"Asturias","addressCountry":"ES"}},{"@type":"Person","@id":"https:\/\/www.eldigitaldeasturias.com\/noticias\/author\/admin\/#author","url":"https:\/\/www.eldigitaldeasturias.com\/noticias\/author\/admin\/","name":"El Digital de Asturias","image":{"@type":"ImageObject","@id":"https:\/\/www.eldigitaldeasturias.com\/noticias\/capriles-critica-los-viajes-de-nicolas-maduro-en-aviones-cubanos\/#authorImage","url":"https:\/\/www.eldigitaldeasturias.com\/noticias\/wp-content\/litespeed\/avatar\/18677e78aa0546b92d9dbf31ec7d7668.jpg?ver=1777290358","width":96,"height":96,"caption":"El Digital de Asturias"}},{"@type":"WebPage","@id":"https:\/\/www.eldigitaldeasturias.com\/noticias\/capriles-critica-los-viajes-de-nicolas-maduro-en-aviones-cubanos\/#webpage","url":"https:\/\/www.eldigitaldeasturias.com\/noticias\/capriles-critica-los-viajes-de-nicolas-maduro-en-aviones-cubanos\/","name":"Capriles critica los viajes de Nicol\u00e1s Maduro en aviones cubanos - El Digital de Asturias","description":"Caracas, 24 sep (dpa) \u2013 El l\u00edder opositor venezolano Henrique Capriles critic\u00f3 hoy que el presidente Nicol\u00e1s Maduro realice sus viajes oficiales en aviones de Cubana de Aviaci\u00f3n, que afirm\u00f3 cobra un alquiler de 250.000 d\u00f3lares diarios. Capriles cuestion\u00f3 el reciente viaje de Maduro a China, cuando el gobierno no ha explicado qu\u00e9 pas\u00f3 con","inLanguage":"es-ES","isPartOf":{"@id":"https:\/\/www.eldigitaldeasturias.com\/noticias\/#website"},"breadcrumb":{"@id":"https:\/\/www.eldigitaldeasturias.com\/noticias\/capriles-critica-los-viajes-de-nicolas-maduro-en-aviones-cubanos\/#breadcrumblist"},"author":{"@id":"https:\/\/www.eldigitaldeasturias.com\/noticias\/author\/admin\/#author"},"creator":{"@id":"https:\/\/www.eldigitaldeasturias.com\/noticias\/author\/admin\/#author"},"image":{"@type":"ImageObject","url":"https:\/\/www.eldigitaldeasturias.com\/noticias\/wp-content\/uploads\/2013\/09\/Capriles.jpg","@id":"https:\/\/www.eldigitaldeasturias.com\/noticias\/capriles-critica-los-viajes-de-nicolas-maduro-en-aviones-cubanos\/#mainImage","width":520,"height":359},"primaryImageOfPage":{"@id":"https:\/\/www.eldigitaldeasturias.com\/noticias\/capriles-critica-los-viajes-de-nicolas-maduro-en-aviones-cubanos\/#mainImage"},"datePublished":"2013-09-24T23:57:48+02:00","dateModified":"2013-09-24T23:58:19+02:00"},{"@type":"WebSite","@id":"https:\/\/www.eldigitaldeasturias.com\/noticias\/#website","url":"https:\/\/www.eldigitaldeasturias.com\/noticias\/","name":"El Digital de Asturias - Diario de actualidad y noticias","alternateName":"El Digital de Asturias - Diario de actualidad y noticias","description":"Hemeroteca","inLanguage":"es-ES","publisher":{"@id":"https:\/\/www.eldigitaldeasturias.com\/noticias\/#organization"}}]},"og:locale":"es_ES","og:site_name":"El Digital de Asturias","og:type":"article","og:title":"Capriles critica los viajes de Nicol\u00e1s Maduro en aviones cubanos - El Digital de Asturias","og:description":"Caracas, 24 sep (dpa) \u2013 El l\u00edder opositor venezolano Henrique Capriles critic\u00f3 hoy que el presidente Nicol\u00e1s Maduro realice sus viajes oficiales en aviones de Cubana de Aviaci\u00f3n, que afirm\u00f3 cobra un alquiler de 250.000 d\u00f3lares diarios. Capriles cuestion\u00f3 el reciente viaje de Maduro a China, cuando el gobierno no ha explicado qu\u00e9 pas\u00f3 con","og:url":"https:\/\/www.eldigitaldeasturias.com\/noticias\/capriles-critica-los-viajes-de-nicolas-maduro-en-aviones-cubanos\/","og:image":"https:\/\/www.eldigitaldeasturias.com\/noticias\/wp-content\/uploads\/2013\/09\/Capriles.jpg","og:image:secure_url":"https:\/\/www.eldigitaldeasturias.com\/noticias\/wp-content\/uploads\/2013\/09\/Capriles.jpg","og:image:width":520,"og:image:height":359,"article:tag":["actualidad"],"article:published_time":"2013-09-24T23:57:48+00:00","article:modified_time":"2013-09-24T23:58:19+00:00","article:publisher":"https:\/\/facebook.com\/eldigitaldeasturias","twitter:card":"summary_large_image","twitter:title":"Capriles critica los viajes de Nicol\u00e1s Maduro en aviones cubanos - El Digital de Asturias","twitter:description":"Caracas, 24 sep (dpa) \u2013 El l\u00edder opositor venezolano Henrique Capriles critic\u00f3 hoy que el presidente Nicol\u00e1s Maduro realice sus viajes oficiales en aviones de Cubana de Aviaci\u00f3n, que afirm\u00f3 cobra un alquiler de 250.000 d\u00f3lares diarios. Capriles cuestion\u00f3 el reciente viaje de Maduro a China, cuando el gobierno no ha explicado qu\u00e9 pas\u00f3 con","twitter:image":"https:\/\/www.eldigitaldeasturias.com\/noticias\/wp-content\/uploads\/2013\/09\/Capriles.jpg","twitter:label1":"Escrito por","twitter:data1":"El Digital de Asturias","twitter:label2":"Tiempo de lectura estimado","twitter:data2":"2 minutos"},"aioseo_meta_data":{"post_id":"2937","title":null,"description":null,"keywords":null,"keyphrases":null,"primary_term":null,"canonical_url":null,"og_title":null,"og_description":null,"og_object_type":"default","og_image_type":"default","og_image_url":null,"og_image_width":null,"og_image_height":null,"og_image_custom_url":null,"og_image_custom_fields":null,"og_video":null,"og_custom_url":null,"og_article_section":null,"og_article_tags":null,"twitter_use_og":true,"twitter_card":"default","twitter_image_type":"default","twitter_image_url":null,"twitter_image_custom_url":null,"twitter_image_custom_fields":null,"twitter_title":null,"twitter_description":null,"schema":{"blockGraphs":[],"customGraphs":[],"default":{"data":{"Article":[],"Course":[],"Dataset":[],"FAQPage":[],"Movie":[],"Person":[],"Product":[],"ProductReview":[],"Car":[],"Recipe":[],"Service":[],"SoftwareApplication":[],"WebPage":[]},"graphName":"","isEnabled":true},"graphs":[],"defaultGraph":"","defaultPostTypeGraph":""},"schema_type":null,"schema_type_options":null,"pillar_content":false,"robots_default":true,"robots_noindex":false,"robots_noarchive":false,"robots_nosnippet":false,"robots_nofollow":false,"robots_noimageindex":false,"robots_noodp":false,"robots_notranslate":false,"robots_max_snippet":null,"robots_max_videopreview":null,"robots_max_imagepreview":"none","priority":null,"frequency":null,"local_seo":null,"seo_analyzer_scan_date":"2025-08-21 05:18:47","breadcrumb_settings":null,"limit_modified_date":false,"open_ai":null,"ai":null,"created":"2020-11-14 22:37:00","updated":"2025-08-21 05:18:47"},"aioseo_breadcrumb":"<div class=\"aioseo-breadcrumbs\"><span class=\"aioseo-breadcrumb\">\n\t<a href=\"https:\/\/www.eldigitaldeasturias.com\/noticias\" title=\"Home\">Home<\/a>\n<\/span><span class=\"aioseo-breadcrumb-separator\">\u2013<\/span><span class=\"aioseo-breadcrumb\">\n\t<a href=\"https:\/\/www.eldigitaldeasturias.com\/noticias\/category\/actualidad\/\" title=\"Actualidad\">Actualidad<\/a>\n<\/span><span class=\"aioseo-breadcrumb-separator\">\u2013<\/span><span class=\"aioseo-breadcrumb\">\n\t<a href=\"https:\/\/www.eldigitaldeasturias.com\/noticias\/capriles-critica-los-viajes-de-nicolas-maduro-en-aviones-cubanos\/\" title=\"Capriles critica los viajes de Nicol\u00e1s Maduro en aviones cubanos\">Capriles critica los viajes de Nicol\u00e1s Maduro en aviones cubanos<\/a>\n<\/span><\/div>","aioseo_breadcrumb_json":[{"label":"Home","link":"https:\/\/www.eldigitaldeasturias.com\/noticias"},{"label":"Actualidad","link":"https:\/\/www.eldigitaldeasturias.com\/noticias\/category\/actualidad\/"},{"label":"Capriles critica los viajes de Nicol\u00e1s Maduro en aviones cubanos","link":"https:\/\/www.eldigitaldeasturias.com\/noticias\/capriles-critica-los-viajes-de-nicolas-maduro-en-aviones-cubanos\/"}],"_links":{"self":[{"href":"https:\/\/www.eldigitaldeasturias.com\/noticias\/wp-json\/wp\/v2\/posts\/2937","targetHints":{"allow":["GET"]}}],"collection":[{"href":"https:\/\/www.eldigitaldeasturias.com\/noticias\/wp-json\/wp\/v2\/posts"}],"about":[{"href":"https:\/\/www.eldigitaldeasturias.com\/noticias\/wp-json\/wp\/v2\/types\/post"}],"author":[{"embeddable":true,"href":"https:\/\/www.eldigitaldeasturias.com\/noticias\/wp-json\/wp\/v2\/users\/1"}],"replies":[{"embeddable":true,"href":"https:\/\/www.eldigitaldeasturias.com\/noticias\/wp-json\/wp\/v2\/comments?post=2937"}],"version-history":[{"count":0,"href":"https:\/\/www.eldigitaldeasturias.com\/noticias\/wp-json\/wp\/v2\/posts\/2937\/revisions"}],"wp:featuredmedia":[{"embeddable":true,"href":"https:\/\/www.eldigitaldeasturias.com\/noticias\/wp-json\/wp\/v2\/media\/1518"}],"wp:attachment":[{"href":"https:\/\/www.eldigitaldeasturias.com\/noticias\/wp-json\/wp\/v2\/media?parent=2937"}],"wp:term":[{"taxonomy":"category","embeddable":true,"href":"https:\/\/www.eldigitaldeasturias.com\/noticias\/wp-json\/wp\/v2\/categories?post=2937"},{"taxonomy":"post_tag","embeddable":true,"href":"https:\/\/www.eldigitaldeasturias.com\/noticias\/wp-json\/wp\/v2\/tags?post=2937"}],"curies":[{"name":"wp","href":"https:\/\/api.w.org\/{rel}","templated":true}]}}