{"id":2935,"date":"2013-09-24T23:55:15","date_gmt":"2013-09-24T23:55:15","guid":{"rendered":"http:\/\/www.eldigitaldeasturias.com\/noticias\/?p=2935"},"modified":"2013-09-24T23:55:15","modified_gmt":"2013-09-24T23:55:15","slug":"ecclestone-cree-que-el-dominio-de-vettel-terminara-en-2014","status":"publish","type":"post","link":"https:\/\/www.eldigitaldeasturias.com\/noticias\/ecclestone-cree-que-el-dominio-de-vettel-terminara-en-2014\/","title":{"rendered":"Ecclestone cree que el dominio de Vettel terminar\u00e1 en 2014"},"content":{"rendered":"<p><img loading=\"lazy\" decoding=\"async\" class=\"alignleft size-medium wp-image-1277\" alt=\"vettel\" src=\"https:\/\/www.eldigitaldeasturias.com\/noticias\/wp-content\/uploads\/2013\/09\/vettel-360x231.jpg\" width=\"360\" height=\"231\" \/>Berl\u00edn, 24 sep (dpa) &#8211; El due\u00f1o de los derechos comerciales de la F\u00f3rmula 1, el brit\u00e1nico Bernie Ecclestone, cree que la superioridad del alem\u00e1n Sebastian Vettel terminar\u00e1 la pr\u00f3xima temporada.<\/p>\n<p>\u00abEl dominio de Sebastian llegar\u00e1 a su final, quiz\u00e1 en 2014. Habr\u00e1 coches totalmente nuevos, nuevos motores, nuevas reglas\u00bb, dijo Ecclestone en declaraciones que publicar\u00e1 ma\u00f1ana el diario \u00abBild\u00bb.<\/p>\n<p>Vettel, triple campe\u00f3n del mundo con Red Bull, tiene 60 puntos de ventaja sobre el Ferrari del espa\u00f1ol Fernando Alonso a falta de seis Grandes Premios para el final de temporada.<\/p>\n<p>Pero Ecclestone asegur\u00f3 que en 2014 todo ser\u00e1 diferente: \u00abEl mejor piloto no ser\u00e1 en absoluto el campe\u00f3n, sino que ser\u00e1 el mejor coche el que gane el t\u00edtulo\u00bb.<\/p>\n<p>\u00abEs la oportunidad de Ferrari y Mercedes para alcanzar a Vettel\u00bb.<\/p>\n<p>El patr\u00f3n de la F\u00f3rmula 1 asegur\u00f3 que los abucheos que recibi\u00f3 Vettel el domingo en el podio del Gran Premio de Singapur no son contra el alem\u00e1n, sino contra la competici\u00f3n.<\/p>\n<p>\u00abLos abucheos no iban en contra del car\u00e1cter de Sebastian. El suyo es impecable\u00bb, dijo Ecclestone.<\/p>\n<p>\u00abLos aficionados silbaron contra la superioridad de Vettel. No da ninguna oportunidad a Fernando Alonso o Lewis Hamilton. En algunos momentos es tan dominante como (Ayrton) Senna o &#8216;Schumi&#8217; (Michael Schumacher)\u00bb.<\/p>\n","protected":false},"excerpt":{"rendered":"<p>Berl\u00edn, 24 sep (dpa) &#8211; El due\u00f1o de los derechos comerciales de la F\u00f3rmula 1, el brit\u00e1nico Bernie Ecclestone, cree que la superioridad del alem\u00e1n Sebastian Vettel terminar\u00e1 la pr\u00f3xima temporada. \u00abEl dominio de Sebastian llegar\u00e1 a su final, quiz\u00e1 en 2014. Habr\u00e1 coches totalmente nuevos, nuevos motores, nuevas reglas\u00bb, dijo Ecclestone en declaraciones que [&hellip;]<\/p>\n","protected":false},"author":1,"featured_media":1277,"comment_status":"open","ping_status":"open","sticky":false,"template":"","format":"standard","meta":{"footnotes":""},"categories":[1],"tags":[],"class_list":["post-2935","post","type-post","status-publish","format-standard","has-post-thumbnail","hentry","category-actualidad"],"aioseo_notices":[],"aioseo_head":"\n\t\t<!-- All in One SEO Pro 4.9.6.2 - aioseo.com -->\n\t<meta name=\"description\" content=\"Berl\u00edn, 24 sep (dpa) - El due\u00f1o de los derechos comerciales de la F\u00f3rmula 1, el brit\u00e1nico Bernie Ecclestone, cree que la superioridad del alem\u00e1n Sebastian Vettel terminar\u00e1 la pr\u00f3xima temporada. &quot;El dominio de Sebastian llegar\u00e1 a su final, quiz\u00e1 en 2014. Habr\u00e1 coches totalmente nuevos, nuevos motores, nuevas reglas&quot;, dijo Ecclestone en declaraciones que\" \/>\n\t<meta name=\"robots\" content=\"max-image-preview:large\" \/>\n\t<meta name=\"author\" content=\"El Digital de Asturias\"\/>\n\t<meta name=\"google-site-verification\" content=\"UA-38556648-1\" \/>\n\t<meta name=\"msvalidate.01\" content=\"7dfe9f3f1b24437ab69f4f2559babe99\" \/>\n\t<meta name=\"keywords\" content=\"actualidad\" \/>\n\t<link rel=\"canonical\" href=\"https:\/\/www.eldigitaldeasturias.com\/noticias\/ecclestone-cree-que-el-dominio-de-vettel-terminara-en-2014\/\" \/>\n\t<meta name=\"generator\" content=\"All in One SEO Pro (AIOSEO) 4.9.6.2\" \/>\n\t\t<meta property=\"og:locale\" content=\"es_ES\" \/>\n\t\t<meta property=\"og:site_name\" content=\"El Digital de Asturias\" \/>\n\t\t<meta property=\"og:type\" content=\"article\" \/>\n\t\t<meta property=\"og:title\" content=\"Ecclestone cree que el dominio de Vettel terminar\u00e1 en 2014 - El Digital de Asturias\" \/>\n\t\t<meta property=\"og:description\" content=\"Berl\u00edn, 24 sep (dpa) - El due\u00f1o de los derechos comerciales de la F\u00f3rmula 1, el brit\u00e1nico Bernie Ecclestone, cree que la superioridad del alem\u00e1n Sebastian Vettel terminar\u00e1 la pr\u00f3xima temporada. &quot;El dominio de Sebastian llegar\u00e1 a su final, quiz\u00e1 en 2014. Habr\u00e1 coches totalmente nuevos, nuevos motores, nuevas reglas&quot;, dijo Ecclestone en declaraciones que\" \/>\n\t\t<meta property=\"og:url\" content=\"https:\/\/www.eldigitaldeasturias.com\/noticias\/ecclestone-cree-que-el-dominio-de-vettel-terminara-en-2014\/\" \/>\n\t\t<meta property=\"og:image\" content=\"https:\/\/www.eldigitaldeasturias.com\/noticias\/wp-content\/uploads\/2013\/09\/vettel.jpg\" \/>\n\t\t<meta property=\"og:image:secure_url\" content=\"https:\/\/www.eldigitaldeasturias.com\/noticias\/wp-content\/uploads\/2013\/09\/vettel.jpg\" \/>\n\t\t<meta property=\"og:image:width\" content=\"365\" \/>\n\t\t<meta property=\"og:image:height\" content=\"235\" \/>\n\t\t<meta property=\"article:tag\" content=\"actualidad\" \/>\n\t\t<meta property=\"article:published_time\" content=\"2013-09-24T23:55:15+00:00\" \/>\n\t\t<meta property=\"article:modified_time\" content=\"2013-09-24T23:55:15+00:00\" \/>\n\t\t<meta property=\"article:publisher\" content=\"https:\/\/facebook.com\/eldigitaldeasturias\" \/>\n\t\t<meta name=\"twitter:card\" content=\"summary_large_image\" \/>\n\t\t<meta name=\"twitter:title\" content=\"Ecclestone cree que el dominio de Vettel terminar\u00e1 en 2014 - El Digital de Asturias\" \/>\n\t\t<meta name=\"twitter:description\" content=\"Berl\u00edn, 24 sep (dpa) - El due\u00f1o de los derechos comerciales de la F\u00f3rmula 1, el brit\u00e1nico Bernie Ecclestone, cree que la superioridad del alem\u00e1n Sebastian Vettel terminar\u00e1 la pr\u00f3xima temporada. &quot;El dominio de Sebastian llegar\u00e1 a su final, quiz\u00e1 en 2014. Habr\u00e1 coches totalmente nuevos, nuevos motores, nuevas reglas&quot;, dijo Ecclestone en declaraciones que\" \/>\n\t\t<meta name=\"twitter:image\" content=\"https:\/\/www.eldigitaldeasturias.com\/noticias\/wp-content\/uploads\/2013\/09\/vettel.jpg\" \/>\n\t\t<meta name=\"twitter:label1\" content=\"Escrito por\" \/>\n\t\t<meta name=\"twitter:data1\" content=\"El Digital de Asturias\" \/>\n\t\t<meta name=\"twitter:label2\" content=\"Tiempo de lectura estimado\" \/>\n\t\t<meta name=\"twitter:data2\" content=\"1 minuto\" \/>\n\t\t<script type=\"application\/ld+json\" class=\"aioseo-schema\">\n\t\t\t{\"@context\":\"https:\\\/\\\/schema.org\",\"@graph\":[{\"@type\":\"BlogPosting\",\"@id\":\"https:\\\/\\\/www.eldigitaldeasturias.com\\\/noticias\\\/ecclestone-cree-que-el-dominio-de-vettel-terminara-en-2014\\\/#blogposting\",\"name\":\"Ecclestone cree que el dominio de Vettel terminar\\u00e1 en 2014 - El Digital de Asturias\",\"headline\":\"Ecclestone cree que el dominio de Vettel terminar\\u00e1 en 2014\",\"author\":{\"@id\":\"https:\\\/\\\/www.eldigitaldeasturias.com\\\/noticias\\\/author\\\/admin\\\/#author\"},\"publisher\":{\"@id\":\"https:\\\/\\\/www.eldigitaldeasturias.com\\\/noticias\\\/#organization\"},\"image\":{\"@type\":\"ImageObject\",\"url\":\"https:\\\/\\\/www.eldigitaldeasturias.com\\\/noticias\\\/wp-content\\\/uploads\\\/2013\\\/09\\\/vettel.jpg\",\"width\":365,\"height\":235},\"datePublished\":\"2013-09-24T23:55:15+02:00\",\"dateModified\":\"2013-09-24T23:55:15+02:00\",\"inLanguage\":\"es-ES\",\"mainEntityOfPage\":{\"@id\":\"https:\\\/\\\/www.eldigitaldeasturias.com\\\/noticias\\\/ecclestone-cree-que-el-dominio-de-vettel-terminara-en-2014\\\/#webpage\"},\"isPartOf\":{\"@id\":\"https:\\\/\\\/www.eldigitaldeasturias.com\\\/noticias\\\/ecclestone-cree-que-el-dominio-de-vettel-terminara-en-2014\\\/#webpage\"},\"articleSection\":\"Actualidad\"},{\"@type\":\"BreadcrumbList\",\"@id\":\"https:\\\/\\\/www.eldigitaldeasturias.com\\\/noticias\\\/ecclestone-cree-que-el-dominio-de-vettel-terminara-en-2014\\\/#breadcrumblist\",\"itemListElement\":[{\"@type\":\"ListItem\",\"@id\":\"https:\\\/\\\/www.eldigitaldeasturias.com\\\/noticias#listItem\",\"position\":1,\"name\":\"Home\",\"item\":\"https:\\\/\\\/www.eldigitaldeasturias.com\\\/noticias\",\"nextItem\":{\"@type\":\"ListItem\",\"@id\":\"https:\\\/\\\/www.eldigitaldeasturias.com\\\/noticias\\\/category\\\/actualidad\\\/#listItem\",\"name\":\"Actualidad\"}},{\"@type\":\"ListItem\",\"@id\":\"https:\\\/\\\/www.eldigitaldeasturias.com\\\/noticias\\\/category\\\/actualidad\\\/#listItem\",\"position\":2,\"name\":\"Actualidad\",\"item\":\"https:\\\/\\\/www.eldigitaldeasturias.com\\\/noticias\\\/category\\\/actualidad\\\/\",\"nextItem\":{\"@type\":\"ListItem\",\"@id\":\"https:\\\/\\\/www.eldigitaldeasturias.com\\\/noticias\\\/ecclestone-cree-que-el-dominio-de-vettel-terminara-en-2014\\\/#listItem\",\"name\":\"Ecclestone cree que el dominio de Vettel terminar\\u00e1 en 2014\"},\"previousItem\":{\"@type\":\"ListItem\",\"@id\":\"https:\\\/\\\/www.eldigitaldeasturias.com\\\/noticias#listItem\",\"name\":\"Home\"}},{\"@type\":\"ListItem\",\"@id\":\"https:\\\/\\\/www.eldigitaldeasturias.com\\\/noticias\\\/ecclestone-cree-que-el-dominio-de-vettel-terminara-en-2014\\\/#listItem\",\"position\":3,\"name\":\"Ecclestone cree que el dominio de Vettel terminar\\u00e1 en 2014\",\"previousItem\":{\"@type\":\"ListItem\",\"@id\":\"https:\\\/\\\/www.eldigitaldeasturias.com\\\/noticias\\\/category\\\/actualidad\\\/#listItem\",\"name\":\"Actualidad\"}}]},{\"@type\":\"Organization\",\"@id\":\"https:\\\/\\\/www.eldigitaldeasturias.com\\\/noticias\\\/#organization\",\"name\":\"El Digital de Asturias\",\"description\":\"Hemeroteca\",\"url\":\"https:\\\/\\\/www.eldigitaldeasturias.com\\\/noticias\\\/\",\"email\":\"info@eldigitaldeasturias.com\",\"telephone\":\"+34652131393\",\"logo\":{\"@type\":\"ImageObject\",\"url\":\"https:\\\/\\\/www.eldigitaldeasturias.com\\\/noticias\\\/wp-content\\\/uploads\\\/2020\\\/12\\\/EDA.jpg\",\"@id\":\"https:\\\/\\\/www.eldigitaldeasturias.com\\\/noticias\\\/ecclestone-cree-que-el-dominio-de-vettel-terminara-en-2014\\\/#organizationLogo\",\"width\":649,\"height\":297},\"image\":{\"@id\":\"https:\\\/\\\/www.eldigitaldeasturias.com\\\/noticias\\\/ecclestone-cree-que-el-dominio-de-vettel-terminara-en-2014\\\/#organizationLogo\"},\"sameAs\":[\"https:\\\/\\\/facebook.com\\\/eldigitaldeasturias\",\"https:\\\/\\\/www.youtube.com\\\/channel\\\/UCZP-2wLEB9Rv6erhFmqVnvg\"],\"address\":{\"@id\":\"https:\\\/\\\/www.eldigitaldeasturias.com\\\/noticias\\\/#postaladdress\",\"@type\":\"PostalAddress\",\"streetAddress\":\"san antonio 4,\",\"postalCode\":\"33430\",\"addressLocality\":\"Cand\\u00e1s\",\"addressRegion\":\"Asturias\",\"addressCountry\":\"ES\"}},{\"@type\":\"Person\",\"@id\":\"https:\\\/\\\/www.eldigitaldeasturias.com\\\/noticias\\\/author\\\/admin\\\/#author\",\"url\":\"https:\\\/\\\/www.eldigitaldeasturias.com\\\/noticias\\\/author\\\/admin\\\/\",\"name\":\"El Digital de Asturias\",\"image\":{\"@type\":\"ImageObject\",\"@id\":\"https:\\\/\\\/www.eldigitaldeasturias.com\\\/noticias\\\/ecclestone-cree-que-el-dominio-de-vettel-terminara-en-2014\\\/#authorImage\",\"url\":\"https:\\\/\\\/www.eldigitaldeasturias.com\\\/noticias\\\/wp-content\\\/litespeed\\\/avatar\\\/18677e78aa0546b92d9dbf31ec7d7668.jpg?ver=1777290358\",\"width\":96,\"height\":96,\"caption\":\"El Digital de Asturias\"}},{\"@type\":\"WebPage\",\"@id\":\"https:\\\/\\\/www.eldigitaldeasturias.com\\\/noticias\\\/ecclestone-cree-que-el-dominio-de-vettel-terminara-en-2014\\\/#webpage\",\"url\":\"https:\\\/\\\/www.eldigitaldeasturias.com\\\/noticias\\\/ecclestone-cree-que-el-dominio-de-vettel-terminara-en-2014\\\/\",\"name\":\"Ecclestone cree que el dominio de Vettel terminar\\u00e1 en 2014 - El Digital de Asturias\",\"description\":\"Berl\\u00edn, 24 sep (dpa) - El due\\u00f1o de los derechos comerciales de la F\\u00f3rmula 1, el brit\\u00e1nico Bernie Ecclestone, cree que la superioridad del alem\\u00e1n Sebastian Vettel terminar\\u00e1 la pr\\u00f3xima temporada. \\\"El dominio de Sebastian llegar\\u00e1 a su final, quiz\\u00e1 en 2014. Habr\\u00e1 coches totalmente nuevos, nuevos motores, nuevas reglas\\\", dijo Ecclestone en declaraciones que\",\"inLanguage\":\"es-ES\",\"isPartOf\":{\"@id\":\"https:\\\/\\\/www.eldigitaldeasturias.com\\\/noticias\\\/#website\"},\"breadcrumb\":{\"@id\":\"https:\\\/\\\/www.eldigitaldeasturias.com\\\/noticias\\\/ecclestone-cree-que-el-dominio-de-vettel-terminara-en-2014\\\/#breadcrumblist\"},\"author\":{\"@id\":\"https:\\\/\\\/www.eldigitaldeasturias.com\\\/noticias\\\/author\\\/admin\\\/#author\"},\"creator\":{\"@id\":\"https:\\\/\\\/www.eldigitaldeasturias.com\\\/noticias\\\/author\\\/admin\\\/#author\"},\"image\":{\"@type\":\"ImageObject\",\"url\":\"https:\\\/\\\/www.eldigitaldeasturias.com\\\/noticias\\\/wp-content\\\/uploads\\\/2013\\\/09\\\/vettel.jpg\",\"@id\":\"https:\\\/\\\/www.eldigitaldeasturias.com\\\/noticias\\\/ecclestone-cree-que-el-dominio-de-vettel-terminara-en-2014\\\/#mainImage\",\"width\":365,\"height\":235},\"primaryImageOfPage\":{\"@id\":\"https:\\\/\\\/www.eldigitaldeasturias.com\\\/noticias\\\/ecclestone-cree-que-el-dominio-de-vettel-terminara-en-2014\\\/#mainImage\"},\"datePublished\":\"2013-09-24T23:55:15+02:00\",\"dateModified\":\"2013-09-24T23:55:15+02:00\"},{\"@type\":\"WebSite\",\"@id\":\"https:\\\/\\\/www.eldigitaldeasturias.com\\\/noticias\\\/#website\",\"url\":\"https:\\\/\\\/www.eldigitaldeasturias.com\\\/noticias\\\/\",\"name\":\"El Digital de Asturias - Diario de actualidad y noticias\",\"alternateName\":\"El Digital de Asturias - Diario de actualidad y noticias\",\"description\":\"Hemeroteca\",\"inLanguage\":\"es-ES\",\"publisher\":{\"@id\":\"https:\\\/\\\/www.eldigitaldeasturias.com\\\/noticias\\\/#organization\"}}]}\n\t\t<\/script>\n\t\t<!-- All in One SEO Pro -->\r\n\t\t<title>Ecclestone cree que el dominio de Vettel terminar\u00e1 en 2014 - El Digital de Asturias<\/title>\n\n","aioseo_head_json":{"title":"Ecclestone cree que el dominio de Vettel terminar\u00e1 en 2014 - El Digital de Asturias","description":"Berl\u00edn, 24 sep (dpa) - El due\u00f1o de los derechos comerciales de la F\u00f3rmula 1, el brit\u00e1nico Bernie Ecclestone, cree que la superioridad del alem\u00e1n Sebastian Vettel terminar\u00e1 la pr\u00f3xima temporada. \"El dominio de Sebastian llegar\u00e1 a su final, quiz\u00e1 en 2014. Habr\u00e1 coches totalmente nuevos, nuevos motores, nuevas reglas\", dijo Ecclestone en declaraciones que","canonical_url":"https:\/\/www.eldigitaldeasturias.com\/noticias\/ecclestone-cree-que-el-dominio-de-vettel-terminara-en-2014\/","robots":"max-image-preview:large","keywords":"actualidad","webmasterTools":{"google-site-verification":"UA-38556648-1","msvalidate.01":"7dfe9f3f1b24437ab69f4f2559babe99","miscellaneous":""},"schema":{"@context":"https:\/\/schema.org","@graph":[{"@type":"BlogPosting","@id":"https:\/\/www.eldigitaldeasturias.com\/noticias\/ecclestone-cree-que-el-dominio-de-vettel-terminara-en-2014\/#blogposting","name":"Ecclestone cree que el dominio de Vettel terminar\u00e1 en 2014 - El Digital de Asturias","headline":"Ecclestone cree que el dominio de Vettel terminar\u00e1 en 2014","author":{"@id":"https:\/\/www.eldigitaldeasturias.com\/noticias\/author\/admin\/#author"},"publisher":{"@id":"https:\/\/www.eldigitaldeasturias.com\/noticias\/#organization"},"image":{"@type":"ImageObject","url":"https:\/\/www.eldigitaldeasturias.com\/noticias\/wp-content\/uploads\/2013\/09\/vettel.jpg","width":365,"height":235},"datePublished":"2013-09-24T23:55:15+02:00","dateModified":"2013-09-24T23:55:15+02:00","inLanguage":"es-ES","mainEntityOfPage":{"@id":"https:\/\/www.eldigitaldeasturias.com\/noticias\/ecclestone-cree-que-el-dominio-de-vettel-terminara-en-2014\/#webpage"},"isPartOf":{"@id":"https:\/\/www.eldigitaldeasturias.com\/noticias\/ecclestone-cree-que-el-dominio-de-vettel-terminara-en-2014\/#webpage"},"articleSection":"Actualidad"},{"@type":"BreadcrumbList","@id":"https:\/\/www.eldigitaldeasturias.com\/noticias\/ecclestone-cree-que-el-dominio-de-vettel-terminara-en-2014\/#breadcrumblist","itemListElement":[{"@type":"ListItem","@id":"https:\/\/www.eldigitaldeasturias.com\/noticias#listItem","position":1,"name":"Home","item":"https:\/\/www.eldigitaldeasturias.com\/noticias","nextItem":{"@type":"ListItem","@id":"https:\/\/www.eldigitaldeasturias.com\/noticias\/category\/actualidad\/#listItem","name":"Actualidad"}},{"@type":"ListItem","@id":"https:\/\/www.eldigitaldeasturias.com\/noticias\/category\/actualidad\/#listItem","position":2,"name":"Actualidad","item":"https:\/\/www.eldigitaldeasturias.com\/noticias\/category\/actualidad\/","nextItem":{"@type":"ListItem","@id":"https:\/\/www.eldigitaldeasturias.com\/noticias\/ecclestone-cree-que-el-dominio-de-vettel-terminara-en-2014\/#listItem","name":"Ecclestone cree que el dominio de Vettel terminar\u00e1 en 2014"},"previousItem":{"@type":"ListItem","@id":"https:\/\/www.eldigitaldeasturias.com\/noticias#listItem","name":"Home"}},{"@type":"ListItem","@id":"https:\/\/www.eldigitaldeasturias.com\/noticias\/ecclestone-cree-que-el-dominio-de-vettel-terminara-en-2014\/#listItem","position":3,"name":"Ecclestone cree que el dominio de Vettel terminar\u00e1 en 2014","previousItem":{"@type":"ListItem","@id":"https:\/\/www.eldigitaldeasturias.com\/noticias\/category\/actualidad\/#listItem","name":"Actualidad"}}]},{"@type":"Organization","@id":"https:\/\/www.eldigitaldeasturias.com\/noticias\/#organization","name":"El Digital de Asturias","description":"Hemeroteca","url":"https:\/\/www.eldigitaldeasturias.com\/noticias\/","email":"info@eldigitaldeasturias.com","telephone":"+34652131393","logo":{"@type":"ImageObject","url":"https:\/\/www.eldigitaldeasturias.com\/noticias\/wp-content\/uploads\/2020\/12\/EDA.jpg","@id":"https:\/\/www.eldigitaldeasturias.com\/noticias\/ecclestone-cree-que-el-dominio-de-vettel-terminara-en-2014\/#organizationLogo","width":649,"height":297},"image":{"@id":"https:\/\/www.eldigitaldeasturias.com\/noticias\/ecclestone-cree-que-el-dominio-de-vettel-terminara-en-2014\/#organizationLogo"},"sameAs":["https:\/\/facebook.com\/eldigitaldeasturias","https:\/\/www.youtube.com\/channel\/UCZP-2wLEB9Rv6erhFmqVnvg"],"address":{"@id":"https:\/\/www.eldigitaldeasturias.com\/noticias\/#postaladdress","@type":"PostalAddress","streetAddress":"san antonio 4,","postalCode":"33430","addressLocality":"Cand\u00e1s","addressRegion":"Asturias","addressCountry":"ES"}},{"@type":"Person","@id":"https:\/\/www.eldigitaldeasturias.com\/noticias\/author\/admin\/#author","url":"https:\/\/www.eldigitaldeasturias.com\/noticias\/author\/admin\/","name":"El Digital de Asturias","image":{"@type":"ImageObject","@id":"https:\/\/www.eldigitaldeasturias.com\/noticias\/ecclestone-cree-que-el-dominio-de-vettel-terminara-en-2014\/#authorImage","url":"https:\/\/www.eldigitaldeasturias.com\/noticias\/wp-content\/litespeed\/avatar\/18677e78aa0546b92d9dbf31ec7d7668.jpg?ver=1777290358","width":96,"height":96,"caption":"El Digital de Asturias"}},{"@type":"WebPage","@id":"https:\/\/www.eldigitaldeasturias.com\/noticias\/ecclestone-cree-que-el-dominio-de-vettel-terminara-en-2014\/#webpage","url":"https:\/\/www.eldigitaldeasturias.com\/noticias\/ecclestone-cree-que-el-dominio-de-vettel-terminara-en-2014\/","name":"Ecclestone cree que el dominio de Vettel terminar\u00e1 en 2014 - El Digital de Asturias","description":"Berl\u00edn, 24 sep (dpa) - El due\u00f1o de los derechos comerciales de la F\u00f3rmula 1, el brit\u00e1nico Bernie Ecclestone, cree que la superioridad del alem\u00e1n Sebastian Vettel terminar\u00e1 la pr\u00f3xima temporada. \"El dominio de Sebastian llegar\u00e1 a su final, quiz\u00e1 en 2014. Habr\u00e1 coches totalmente nuevos, nuevos motores, nuevas reglas\", dijo Ecclestone en declaraciones que","inLanguage":"es-ES","isPartOf":{"@id":"https:\/\/www.eldigitaldeasturias.com\/noticias\/#website"},"breadcrumb":{"@id":"https:\/\/www.eldigitaldeasturias.com\/noticias\/ecclestone-cree-que-el-dominio-de-vettel-terminara-en-2014\/#breadcrumblist"},"author":{"@id":"https:\/\/www.eldigitaldeasturias.com\/noticias\/author\/admin\/#author"},"creator":{"@id":"https:\/\/www.eldigitaldeasturias.com\/noticias\/author\/admin\/#author"},"image":{"@type":"ImageObject","url":"https:\/\/www.eldigitaldeasturias.com\/noticias\/wp-content\/uploads\/2013\/09\/vettel.jpg","@id":"https:\/\/www.eldigitaldeasturias.com\/noticias\/ecclestone-cree-que-el-dominio-de-vettel-terminara-en-2014\/#mainImage","width":365,"height":235},"primaryImageOfPage":{"@id":"https:\/\/www.eldigitaldeasturias.com\/noticias\/ecclestone-cree-que-el-dominio-de-vettel-terminara-en-2014\/#mainImage"},"datePublished":"2013-09-24T23:55:15+02:00","dateModified":"2013-09-24T23:55:15+02:00"},{"@type":"WebSite","@id":"https:\/\/www.eldigitaldeasturias.com\/noticias\/#website","url":"https:\/\/www.eldigitaldeasturias.com\/noticias\/","name":"El Digital de Asturias - Diario de actualidad y noticias","alternateName":"El Digital de Asturias - Diario de actualidad y noticias","description":"Hemeroteca","inLanguage":"es-ES","publisher":{"@id":"https:\/\/www.eldigitaldeasturias.com\/noticias\/#organization"}}]},"og:locale":"es_ES","og:site_name":"El Digital de Asturias","og:type":"article","og:title":"Ecclestone cree que el dominio de Vettel terminar\u00e1 en 2014 - El Digital de Asturias","og:description":"Berl\u00edn, 24 sep (dpa) - El due\u00f1o de los derechos comerciales de la F\u00f3rmula 1, el brit\u00e1nico Bernie Ecclestone, cree que la superioridad del alem\u00e1n Sebastian Vettel terminar\u00e1 la pr\u00f3xima temporada. &quot;El dominio de Sebastian llegar\u00e1 a su final, quiz\u00e1 en 2014. Habr\u00e1 coches totalmente nuevos, nuevos motores, nuevas reglas&quot;, dijo Ecclestone en declaraciones que","og:url":"https:\/\/www.eldigitaldeasturias.com\/noticias\/ecclestone-cree-que-el-dominio-de-vettel-terminara-en-2014\/","og:image":"https:\/\/www.eldigitaldeasturias.com\/noticias\/wp-content\/uploads\/2013\/09\/vettel.jpg","og:image:secure_url":"https:\/\/www.eldigitaldeasturias.com\/noticias\/wp-content\/uploads\/2013\/09\/vettel.jpg","og:image:width":365,"og:image:height":235,"article:tag":["actualidad"],"article:published_time":"2013-09-24T23:55:15+00:00","article:modified_time":"2013-09-24T23:55:15+00:00","article:publisher":"https:\/\/facebook.com\/eldigitaldeasturias","twitter:card":"summary_large_image","twitter:title":"Ecclestone cree que el dominio de Vettel terminar\u00e1 en 2014 - El Digital de Asturias","twitter:description":"Berl\u00edn, 24 sep (dpa) - El due\u00f1o de los derechos comerciales de la F\u00f3rmula 1, el brit\u00e1nico Bernie Ecclestone, cree que la superioridad del alem\u00e1n Sebastian Vettel terminar\u00e1 la pr\u00f3xima temporada. &quot;El dominio de Sebastian llegar\u00e1 a su final, quiz\u00e1 en 2014. Habr\u00e1 coches totalmente nuevos, nuevos motores, nuevas reglas&quot;, dijo Ecclestone en declaraciones que","twitter:image":"https:\/\/www.eldigitaldeasturias.com\/noticias\/wp-content\/uploads\/2013\/09\/vettel.jpg","twitter:label1":"Escrito por","twitter:data1":"El Digital de Asturias","twitter:label2":"Tiempo de lectura estimado","twitter:data2":"1 minuto"},"aioseo_meta_data":{"post_id":"2935","title":null,"description":null,"keywords":null,"keyphrases":null,"primary_term":null,"canonical_url":null,"og_title":null,"og_description":null,"og_object_type":"default","og_image_type":"default","og_image_url":null,"og_image_width":null,"og_image_height":null,"og_image_custom_url":null,"og_image_custom_fields":null,"og_video":null,"og_custom_url":null,"og_article_section":null,"og_article_tags":null,"twitter_use_og":true,"twitter_card":"default","twitter_image_type":"default","twitter_image_url":null,"twitter_image_custom_url":null,"twitter_image_custom_fields":null,"twitter_title":null,"twitter_description":null,"schema":{"blockGraphs":[],"customGraphs":[],"default":{"data":{"Article":[],"Course":[],"Dataset":[],"FAQPage":[],"Movie":[],"Person":[],"Product":[],"ProductReview":[],"Car":[],"Recipe":[],"Service":[],"SoftwareApplication":[],"WebPage":[]},"graphName":"","isEnabled":true},"graphs":[],"defaultGraph":"","defaultPostTypeGraph":""},"schema_type":null,"schema_type_options":null,"pillar_content":false,"robots_default":true,"robots_noindex":false,"robots_noarchive":false,"robots_nosnippet":false,"robots_nofollow":false,"robots_noimageindex":false,"robots_noodp":false,"robots_notranslate":false,"robots_max_snippet":null,"robots_max_videopreview":null,"robots_max_imagepreview":"none","priority":null,"frequency":null,"local_seo":null,"seo_analyzer_scan_date":"2025-08-21 05:18:46","breadcrumb_settings":null,"limit_modified_date":false,"open_ai":null,"ai":null,"created":"2020-11-14 22:37:00","updated":"2025-08-21 05:18:46"},"aioseo_breadcrumb":"<div class=\"aioseo-breadcrumbs\"><span class=\"aioseo-breadcrumb\">\n\t<a href=\"https:\/\/www.eldigitaldeasturias.com\/noticias\" title=\"Home\">Home<\/a>\n<\/span><span class=\"aioseo-breadcrumb-separator\">\u2013<\/span><span class=\"aioseo-breadcrumb\">\n\t<a href=\"https:\/\/www.eldigitaldeasturias.com\/noticias\/category\/actualidad\/\" title=\"Actualidad\">Actualidad<\/a>\n<\/span><span class=\"aioseo-breadcrumb-separator\">\u2013<\/span><span class=\"aioseo-breadcrumb\">\n\t<a href=\"https:\/\/www.eldigitaldeasturias.com\/noticias\/ecclestone-cree-que-el-dominio-de-vettel-terminara-en-2014\/\" title=\"Ecclestone cree que el dominio de Vettel terminar\u00e1 en 2014\">Ecclestone cree que el dominio de Vettel terminar\u00e1 en 2014<\/a>\n<\/span><\/div>","aioseo_breadcrumb_json":[{"label":"Home","link":"https:\/\/www.eldigitaldeasturias.com\/noticias"},{"label":"Actualidad","link":"https:\/\/www.eldigitaldeasturias.com\/noticias\/category\/actualidad\/"},{"label":"Ecclestone cree que el dominio de Vettel terminar\u00e1 en 2014","link":"https:\/\/www.eldigitaldeasturias.com\/noticias\/ecclestone-cree-que-el-dominio-de-vettel-terminara-en-2014\/"}],"_links":{"self":[{"href":"https:\/\/www.eldigitaldeasturias.com\/noticias\/wp-json\/wp\/v2\/posts\/2935","targetHints":{"allow":["GET"]}}],"collection":[{"href":"https:\/\/www.eldigitaldeasturias.com\/noticias\/wp-json\/wp\/v2\/posts"}],"about":[{"href":"https:\/\/www.eldigitaldeasturias.com\/noticias\/wp-json\/wp\/v2\/types\/post"}],"author":[{"embeddable":true,"href":"https:\/\/www.eldigitaldeasturias.com\/noticias\/wp-json\/wp\/v2\/users\/1"}],"replies":[{"embeddable":true,"href":"https:\/\/www.eldigitaldeasturias.com\/noticias\/wp-json\/wp\/v2\/comments?post=2935"}],"version-history":[{"count":0,"href":"https:\/\/www.eldigitaldeasturias.com\/noticias\/wp-json\/wp\/v2\/posts\/2935\/revisions"}],"wp:featuredmedia":[{"embeddable":true,"href":"https:\/\/www.eldigitaldeasturias.com\/noticias\/wp-json\/wp\/v2\/media\/1277"}],"wp:attachment":[{"href":"https:\/\/www.eldigitaldeasturias.com\/noticias\/wp-json\/wp\/v2\/media?parent=2935"}],"wp:term":[{"taxonomy":"category","embeddable":true,"href":"https:\/\/www.eldigitaldeasturias.com\/noticias\/wp-json\/wp\/v2\/categories?post=2935"},{"taxonomy":"post_tag","embeddable":true,"href":"https:\/\/www.eldigitaldeasturias.com\/noticias\/wp-json\/wp\/v2\/tags?post=2935"}],"curies":[{"name":"wp","href":"https:\/\/api.w.org\/{rel}","templated":true}]}}