{"id":2932,"date":"2013-09-24T23:50:31","date_gmt":"2013-09-24T23:50:31","guid":{"rendered":"http:\/\/www.eldigitaldeasturias.com\/noticias\/?p=2932"},"modified":"2013-09-24T23:50:31","modified_gmt":"2013-09-24T23:50:31","slug":"mario-casas-presenta-el-rodaje-de-palmeras-en-la-nieve","status":"publish","type":"post","link":"https:\/\/www.eldigitaldeasturias.com\/noticias\/mario-casas-presenta-el-rodaje-de-palmeras-en-la-nieve\/","title":{"rendered":"Mario Casas presenta el rodaje de \u00abPalmeras en la Nieve\u00bb"},"content":{"rendered":"<p><img loading=\"lazy\" decoding=\"async\" class=\"alignleft size-full wp-image-2933\" alt=\"mariocasas\" src=\"https:\/\/www.eldigitaldeasturias.com\/noticias\/wp-content\/uploads\/2013\/09\/mariocasas.jpg\" width=\"300\" height=\"281\" \/>San Sebasti\u00e1n, 24 sep (dpa) &#8211; El exitoso tandem formado por el actor Mario Casas y el director Fernando Gonz\u00e1lez Molina (\u00abTengo ganas de t\u00ed\u00bb, \u00abA tres metros sobre el cielo\u00bb) regresa con la adaptaci\u00f3n de \u00abPalmeras en la nieve\u00bb, cuyo rodaje presentaron hoy en el Festival de San Sebasti\u00e1n.<\/p>\n<p>\u00abEs una historia de amor preciosa, con referentes como &#8216;El paciente ingl\u00e9s&#8217; o &#8216;Leyendas de pasi\u00f3n&#8217;, que va a llegar a mucha gente y va a emocionar\u00bb, se\u00f1al\u00f3 Casas sobre el bestseller hom\u00f3nimo de Luz Gab\u00e1s. \u00abEs un proyecto que me lleva persiguendo varios meses y estoy feliz de poder empezarlo.\u00bb<\/p>\n<p>\u00abPalmeras en la nieve\u00bb es la historia de dos generaciones y una carta olvidada. \u00c9sta impulsa a una joven a viajar desde el norte de Espa\u00f1a hasta la isla de Bioko, en Guinea Ecuatorial, donde su padre (Casas) y su t\u00edo pasaron la mayor parte de su juventud. Y all\u00ed encontrar\u00e1 una historia de amor prohibido enmarcado en la turbulenta independencia de la ex colonia espa\u00f1ola.<\/p>\n<p>La pel\u00edcula, con gui\u00f3n de Sergio G. S\u00e1nchez (\u00abEl orfanato\u00bb, \u00abLo imposible\u00bb), comenzar\u00e1 a rodarse en junio del a\u00f1o que viene a caballo entre Huesca, Canarias y Costa Rica. Su estreno est\u00e1 previsto para las Navidades de 2015.<\/p>\n<p>Mario Casas (La Coru\u00f1a, 1986) acaba de presentar en el festival \u00abLas brujas de Zugarramurdi\u00bb, la disparatada comedia negra de \u00c1lex de la Iglesia que llega este viernes a las salas de cine espa\u00f1olas y en la que comparte cartel con Hugo Silva y Carmen Maura.<\/p>\n","protected":false},"excerpt":{"rendered":"<p>San Sebasti\u00e1n, 24 sep (dpa) &#8211; El exitoso tandem formado por el actor Mario Casas y el director Fernando Gonz\u00e1lez Molina (\u00abTengo ganas de t\u00ed\u00bb, \u00abA tres metros sobre el cielo\u00bb) regresa con la adaptaci\u00f3n de \u00abPalmeras en la nieve\u00bb, cuyo rodaje presentaron hoy en el Festival de San Sebasti\u00e1n. \u00abEs una historia de amor [&hellip;]<\/p>\n","protected":false},"author":1,"featured_media":2933,"comment_status":"open","ping_status":"open","sticky":false,"template":"","format":"standard","meta":{"footnotes":""},"categories":[50],"tags":[],"class_list":["post-2932","post","type-post","status-publish","format-standard","has-post-thumbnail","hentry","category-revista-de-ocio"],"aioseo_notices":[],"aioseo_head":"\n\t\t<!-- All in One SEO Pro 4.9.6.2 - aioseo.com -->\n\t<meta name=\"description\" content=\"San Sebasti\u00e1n, 24 sep (dpa) - El exitoso tandem formado por el actor Mario Casas y el director Fernando Gonz\u00e1lez Molina (&quot;Tengo ganas de t\u00ed&quot;, &quot;A tres metros sobre el cielo&quot;) regresa con la adaptaci\u00f3n de &quot;Palmeras en la nieve&quot;, cuyo rodaje presentaron hoy en el Festival de San Sebasti\u00e1n. &quot;Es una historia de amor\" \/>\n\t<meta name=\"robots\" content=\"max-image-preview:large\" \/>\n\t<meta name=\"author\" content=\"El Digital de Asturias\"\/>\n\t<meta name=\"google-site-verification\" content=\"UA-38556648-1\" \/>\n\t<meta name=\"msvalidate.01\" content=\"7dfe9f3f1b24437ab69f4f2559babe99\" \/>\n\t<meta name=\"keywords\" content=\"revista de ocio\" \/>\n\t<link rel=\"canonical\" href=\"https:\/\/www.eldigitaldeasturias.com\/noticias\/mario-casas-presenta-el-rodaje-de-palmeras-en-la-nieve\/\" \/>\n\t<meta name=\"generator\" content=\"All in One SEO Pro (AIOSEO) 4.9.6.2\" \/>\n\t\t<meta property=\"og:locale\" content=\"es_ES\" \/>\n\t\t<meta property=\"og:site_name\" content=\"El Digital de Asturias\" \/>\n\t\t<meta property=\"og:type\" content=\"article\" \/>\n\t\t<meta property=\"og:title\" content=\"Mario Casas presenta el rodaje de \u00abPalmeras en la Nieve\u00bb - El Digital de Asturias\" \/>\n\t\t<meta property=\"og:description\" content=\"San Sebasti\u00e1n, 24 sep (dpa) - El exitoso tandem formado por el actor Mario Casas y el director Fernando Gonz\u00e1lez Molina (&quot;Tengo ganas de t\u00ed&quot;, &quot;A tres metros sobre el cielo&quot;) regresa con la adaptaci\u00f3n de &quot;Palmeras en la nieve&quot;, cuyo rodaje presentaron hoy en el Festival de San Sebasti\u00e1n. &quot;Es una historia de amor\" \/>\n\t\t<meta property=\"og:url\" content=\"https:\/\/www.eldigitaldeasturias.com\/noticias\/mario-casas-presenta-el-rodaje-de-palmeras-en-la-nieve\/\" \/>\n\t\t<meta property=\"article:tag\" content=\"revista de ocio\" \/>\n\t\t<meta property=\"article:published_time\" content=\"2013-09-24T23:50:31+00:00\" \/>\n\t\t<meta property=\"article:modified_time\" content=\"2013-09-24T23:50:31+00:00\" \/>\n\t\t<meta property=\"article:publisher\" content=\"https:\/\/facebook.com\/eldigitaldeasturias\" \/>\n\t\t<meta name=\"twitter:card\" content=\"summary_large_image\" \/>\n\t\t<meta name=\"twitter:title\" content=\"Mario Casas presenta el rodaje de \u00abPalmeras en la Nieve\u00bb - El Digital de Asturias\" \/>\n\t\t<meta name=\"twitter:description\" content=\"San Sebasti\u00e1n, 24 sep (dpa) - El exitoso tandem formado por el actor Mario Casas y el director Fernando Gonz\u00e1lez Molina (&quot;Tengo ganas de t\u00ed&quot;, &quot;A tres metros sobre el cielo&quot;) regresa con la adaptaci\u00f3n de &quot;Palmeras en la nieve&quot;, cuyo rodaje presentaron hoy en el Festival de San Sebasti\u00e1n. &quot;Es una historia de amor\" \/>\n\t\t<meta name=\"twitter:label1\" content=\"Escrito por\" \/>\n\t\t<meta name=\"twitter:data1\" content=\"El Digital de Asturias\" \/>\n\t\t<meta name=\"twitter:label2\" content=\"Tiempo de lectura estimado\" \/>\n\t\t<meta name=\"twitter:data2\" content=\"1 minuto\" \/>\n\t\t<script type=\"application\/ld+json\" class=\"aioseo-schema\">\n\t\t\t{\"@context\":\"https:\\\/\\\/schema.org\",\"@graph\":[{\"@type\":\"BlogPosting\",\"@id\":\"https:\\\/\\\/www.eldigitaldeasturias.com\\\/noticias\\\/mario-casas-presenta-el-rodaje-de-palmeras-en-la-nieve\\\/#blogposting\",\"name\":\"Mario Casas presenta el rodaje de \\u00abPalmeras en la Nieve\\u00bb - El Digital de Asturias\",\"headline\":\"Mario Casas presenta el rodaje de \\u00abPalmeras en la Nieve\\u00bb\",\"author\":{\"@id\":\"https:\\\/\\\/www.eldigitaldeasturias.com\\\/noticias\\\/author\\\/admin\\\/#author\"},\"publisher\":{\"@id\":\"https:\\\/\\\/www.eldigitaldeasturias.com\\\/noticias\\\/#organization\"},\"image\":{\"@type\":\"ImageObject\",\"url\":2933},\"datePublished\":\"2013-09-24T23:50:31+02:00\",\"dateModified\":\"2013-09-24T23:50:31+02:00\",\"inLanguage\":\"es-ES\",\"mainEntityOfPage\":{\"@id\":\"https:\\\/\\\/www.eldigitaldeasturias.com\\\/noticias\\\/mario-casas-presenta-el-rodaje-de-palmeras-en-la-nieve\\\/#webpage\"},\"isPartOf\":{\"@id\":\"https:\\\/\\\/www.eldigitaldeasturias.com\\\/noticias\\\/mario-casas-presenta-el-rodaje-de-palmeras-en-la-nieve\\\/#webpage\"},\"articleSection\":\"Revista de Ocio\"},{\"@type\":\"BreadcrumbList\",\"@id\":\"https:\\\/\\\/www.eldigitaldeasturias.com\\\/noticias\\\/mario-casas-presenta-el-rodaje-de-palmeras-en-la-nieve\\\/#breadcrumblist\",\"itemListElement\":[{\"@type\":\"ListItem\",\"@id\":\"https:\\\/\\\/www.eldigitaldeasturias.com\\\/noticias#listItem\",\"position\":1,\"name\":\"Home\",\"item\":\"https:\\\/\\\/www.eldigitaldeasturias.com\\\/noticias\",\"nextItem\":{\"@type\":\"ListItem\",\"@id\":\"https:\\\/\\\/www.eldigitaldeasturias.com\\\/noticias\\\/category\\\/revista-de-ocio\\\/#listItem\",\"name\":\"Revista de Ocio\"}},{\"@type\":\"ListItem\",\"@id\":\"https:\\\/\\\/www.eldigitaldeasturias.com\\\/noticias\\\/category\\\/revista-de-ocio\\\/#listItem\",\"position\":2,\"name\":\"Revista de Ocio\",\"item\":\"https:\\\/\\\/www.eldigitaldeasturias.com\\\/noticias\\\/category\\\/revista-de-ocio\\\/\",\"nextItem\":{\"@type\":\"ListItem\",\"@id\":\"https:\\\/\\\/www.eldigitaldeasturias.com\\\/noticias\\\/mario-casas-presenta-el-rodaje-de-palmeras-en-la-nieve\\\/#listItem\",\"name\":\"Mario Casas presenta el rodaje de \\u00abPalmeras en la Nieve\\u00bb\"},\"previousItem\":{\"@type\":\"ListItem\",\"@id\":\"https:\\\/\\\/www.eldigitaldeasturias.com\\\/noticias#listItem\",\"name\":\"Home\"}},{\"@type\":\"ListItem\",\"@id\":\"https:\\\/\\\/www.eldigitaldeasturias.com\\\/noticias\\\/mario-casas-presenta-el-rodaje-de-palmeras-en-la-nieve\\\/#listItem\",\"position\":3,\"name\":\"Mario Casas presenta el rodaje de \\u00abPalmeras en la Nieve\\u00bb\",\"previousItem\":{\"@type\":\"ListItem\",\"@id\":\"https:\\\/\\\/www.eldigitaldeasturias.com\\\/noticias\\\/category\\\/revista-de-ocio\\\/#listItem\",\"name\":\"Revista de Ocio\"}}]},{\"@type\":\"Organization\",\"@id\":\"https:\\\/\\\/www.eldigitaldeasturias.com\\\/noticias\\\/#organization\",\"name\":\"El Digital de Asturias\",\"description\":\"Hemeroteca\",\"url\":\"https:\\\/\\\/www.eldigitaldeasturias.com\\\/noticias\\\/\",\"email\":\"info@eldigitaldeasturias.com\",\"telephone\":\"+34652131393\",\"logo\":{\"@type\":\"ImageObject\",\"url\":\"https:\\\/\\\/www.eldigitaldeasturias.com\\\/noticias\\\/wp-content\\\/uploads\\\/2020\\\/12\\\/EDA.jpg\",\"@id\":\"https:\\\/\\\/www.eldigitaldeasturias.com\\\/noticias\\\/mario-casas-presenta-el-rodaje-de-palmeras-en-la-nieve\\\/#organizationLogo\",\"width\":649,\"height\":297},\"image\":{\"@id\":\"https:\\\/\\\/www.eldigitaldeasturias.com\\\/noticias\\\/mario-casas-presenta-el-rodaje-de-palmeras-en-la-nieve\\\/#organizationLogo\"},\"sameAs\":[\"https:\\\/\\\/facebook.com\\\/eldigitaldeasturias\",\"https:\\\/\\\/www.youtube.com\\\/channel\\\/UCZP-2wLEB9Rv6erhFmqVnvg\"],\"address\":{\"@id\":\"https:\\\/\\\/www.eldigitaldeasturias.com\\\/noticias\\\/#postaladdress\",\"@type\":\"PostalAddress\",\"streetAddress\":\"san antonio 4,\",\"postalCode\":\"33430\",\"addressLocality\":\"Cand\\u00e1s\",\"addressRegion\":\"Asturias\",\"addressCountry\":\"ES\"}},{\"@type\":\"Person\",\"@id\":\"https:\\\/\\\/www.eldigitaldeasturias.com\\\/noticias\\\/author\\\/admin\\\/#author\",\"url\":\"https:\\\/\\\/www.eldigitaldeasturias.com\\\/noticias\\\/author\\\/admin\\\/\",\"name\":\"El Digital de Asturias\",\"image\":{\"@type\":\"ImageObject\",\"@id\":\"https:\\\/\\\/www.eldigitaldeasturias.com\\\/noticias\\\/mario-casas-presenta-el-rodaje-de-palmeras-en-la-nieve\\\/#authorImage\",\"url\":\"https:\\\/\\\/www.eldigitaldeasturias.com\\\/noticias\\\/wp-content\\\/litespeed\\\/avatar\\\/18677e78aa0546b92d9dbf31ec7d7668.jpg?ver=1777290358\",\"width\":96,\"height\":96,\"caption\":\"El Digital de Asturias\"}},{\"@type\":\"WebPage\",\"@id\":\"https:\\\/\\\/www.eldigitaldeasturias.com\\\/noticias\\\/mario-casas-presenta-el-rodaje-de-palmeras-en-la-nieve\\\/#webpage\",\"url\":\"https:\\\/\\\/www.eldigitaldeasturias.com\\\/noticias\\\/mario-casas-presenta-el-rodaje-de-palmeras-en-la-nieve\\\/\",\"name\":\"Mario Casas presenta el rodaje de \\u00abPalmeras en la Nieve\\u00bb - El Digital de Asturias\",\"description\":\"San Sebasti\\u00e1n, 24 sep (dpa) - El exitoso tandem formado por el actor Mario Casas y el director Fernando Gonz\\u00e1lez Molina (\\\"Tengo ganas de t\\u00ed\\\", \\\"A tres metros sobre el cielo\\\") regresa con la adaptaci\\u00f3n de \\\"Palmeras en la nieve\\\", cuyo rodaje presentaron hoy en el Festival de San Sebasti\\u00e1n. \\\"Es una historia de amor\",\"inLanguage\":\"es-ES\",\"isPartOf\":{\"@id\":\"https:\\\/\\\/www.eldigitaldeasturias.com\\\/noticias\\\/#website\"},\"breadcrumb\":{\"@id\":\"https:\\\/\\\/www.eldigitaldeasturias.com\\\/noticias\\\/mario-casas-presenta-el-rodaje-de-palmeras-en-la-nieve\\\/#breadcrumblist\"},\"author\":{\"@id\":\"https:\\\/\\\/www.eldigitaldeasturias.com\\\/noticias\\\/author\\\/admin\\\/#author\"},\"creator\":{\"@id\":\"https:\\\/\\\/www.eldigitaldeasturias.com\\\/noticias\\\/author\\\/admin\\\/#author\"},\"image\":{\"@type\":\"ImageObject\",\"url\":2933,\"@id\":\"https:\\\/\\\/www.eldigitaldeasturias.com\\\/noticias\\\/mario-casas-presenta-el-rodaje-de-palmeras-en-la-nieve\\\/#mainImage\"},\"primaryImageOfPage\":{\"@id\":\"https:\\\/\\\/www.eldigitaldeasturias.com\\\/noticias\\\/mario-casas-presenta-el-rodaje-de-palmeras-en-la-nieve\\\/#mainImage\"},\"datePublished\":\"2013-09-24T23:50:31+02:00\",\"dateModified\":\"2013-09-24T23:50:31+02:00\"},{\"@type\":\"WebSite\",\"@id\":\"https:\\\/\\\/www.eldigitaldeasturias.com\\\/noticias\\\/#website\",\"url\":\"https:\\\/\\\/www.eldigitaldeasturias.com\\\/noticias\\\/\",\"name\":\"El Digital de Asturias - Diario de actualidad y noticias\",\"alternateName\":\"El Digital de Asturias - Diario de actualidad y noticias\",\"description\":\"Hemeroteca\",\"inLanguage\":\"es-ES\",\"publisher\":{\"@id\":\"https:\\\/\\\/www.eldigitaldeasturias.com\\\/noticias\\\/#organization\"}}]}\n\t\t<\/script>\n\t\t<!-- All in One SEO Pro -->\r\n\t\t<title>Mario Casas presenta el rodaje de \u00abPalmeras en la Nieve\u00bb - El Digital de Asturias<\/title>\n\n","aioseo_head_json":{"title":"Mario Casas presenta el rodaje de \u00abPalmeras en la Nieve\u00bb - El Digital de Asturias","description":"San Sebasti\u00e1n, 24 sep (dpa) - El exitoso tandem formado por el actor Mario Casas y el director Fernando Gonz\u00e1lez Molina (\"Tengo ganas de t\u00ed\", \"A tres metros sobre el cielo\") regresa con la adaptaci\u00f3n de \"Palmeras en la nieve\", cuyo rodaje presentaron hoy en el Festival de San Sebasti\u00e1n. \"Es una historia de amor","canonical_url":"https:\/\/www.eldigitaldeasturias.com\/noticias\/mario-casas-presenta-el-rodaje-de-palmeras-en-la-nieve\/","robots":"max-image-preview:large","keywords":"revista de ocio","webmasterTools":{"google-site-verification":"UA-38556648-1","msvalidate.01":"7dfe9f3f1b24437ab69f4f2559babe99","miscellaneous":""},"schema":{"@context":"https:\/\/schema.org","@graph":[{"@type":"BlogPosting","@id":"https:\/\/www.eldigitaldeasturias.com\/noticias\/mario-casas-presenta-el-rodaje-de-palmeras-en-la-nieve\/#blogposting","name":"Mario Casas presenta el rodaje de \u00abPalmeras en la Nieve\u00bb - El Digital de Asturias","headline":"Mario Casas presenta el rodaje de \u00abPalmeras en la Nieve\u00bb","author":{"@id":"https:\/\/www.eldigitaldeasturias.com\/noticias\/author\/admin\/#author"},"publisher":{"@id":"https:\/\/www.eldigitaldeasturias.com\/noticias\/#organization"},"image":{"@type":"ImageObject","url":2933},"datePublished":"2013-09-24T23:50:31+02:00","dateModified":"2013-09-24T23:50:31+02:00","inLanguage":"es-ES","mainEntityOfPage":{"@id":"https:\/\/www.eldigitaldeasturias.com\/noticias\/mario-casas-presenta-el-rodaje-de-palmeras-en-la-nieve\/#webpage"},"isPartOf":{"@id":"https:\/\/www.eldigitaldeasturias.com\/noticias\/mario-casas-presenta-el-rodaje-de-palmeras-en-la-nieve\/#webpage"},"articleSection":"Revista de Ocio"},{"@type":"BreadcrumbList","@id":"https:\/\/www.eldigitaldeasturias.com\/noticias\/mario-casas-presenta-el-rodaje-de-palmeras-en-la-nieve\/#breadcrumblist","itemListElement":[{"@type":"ListItem","@id":"https:\/\/www.eldigitaldeasturias.com\/noticias#listItem","position":1,"name":"Home","item":"https:\/\/www.eldigitaldeasturias.com\/noticias","nextItem":{"@type":"ListItem","@id":"https:\/\/www.eldigitaldeasturias.com\/noticias\/category\/revista-de-ocio\/#listItem","name":"Revista de Ocio"}},{"@type":"ListItem","@id":"https:\/\/www.eldigitaldeasturias.com\/noticias\/category\/revista-de-ocio\/#listItem","position":2,"name":"Revista de Ocio","item":"https:\/\/www.eldigitaldeasturias.com\/noticias\/category\/revista-de-ocio\/","nextItem":{"@type":"ListItem","@id":"https:\/\/www.eldigitaldeasturias.com\/noticias\/mario-casas-presenta-el-rodaje-de-palmeras-en-la-nieve\/#listItem","name":"Mario Casas presenta el rodaje de \u00abPalmeras en la Nieve\u00bb"},"previousItem":{"@type":"ListItem","@id":"https:\/\/www.eldigitaldeasturias.com\/noticias#listItem","name":"Home"}},{"@type":"ListItem","@id":"https:\/\/www.eldigitaldeasturias.com\/noticias\/mario-casas-presenta-el-rodaje-de-palmeras-en-la-nieve\/#listItem","position":3,"name":"Mario Casas presenta el rodaje de \u00abPalmeras en la Nieve\u00bb","previousItem":{"@type":"ListItem","@id":"https:\/\/www.eldigitaldeasturias.com\/noticias\/category\/revista-de-ocio\/#listItem","name":"Revista de Ocio"}}]},{"@type":"Organization","@id":"https:\/\/www.eldigitaldeasturias.com\/noticias\/#organization","name":"El Digital de Asturias","description":"Hemeroteca","url":"https:\/\/www.eldigitaldeasturias.com\/noticias\/","email":"info@eldigitaldeasturias.com","telephone":"+34652131393","logo":{"@type":"ImageObject","url":"https:\/\/www.eldigitaldeasturias.com\/noticias\/wp-content\/uploads\/2020\/12\/EDA.jpg","@id":"https:\/\/www.eldigitaldeasturias.com\/noticias\/mario-casas-presenta-el-rodaje-de-palmeras-en-la-nieve\/#organizationLogo","width":649,"height":297},"image":{"@id":"https:\/\/www.eldigitaldeasturias.com\/noticias\/mario-casas-presenta-el-rodaje-de-palmeras-en-la-nieve\/#organizationLogo"},"sameAs":["https:\/\/facebook.com\/eldigitaldeasturias","https:\/\/www.youtube.com\/channel\/UCZP-2wLEB9Rv6erhFmqVnvg"],"address":{"@id":"https:\/\/www.eldigitaldeasturias.com\/noticias\/#postaladdress","@type":"PostalAddress","streetAddress":"san antonio 4,","postalCode":"33430","addressLocality":"Cand\u00e1s","addressRegion":"Asturias","addressCountry":"ES"}},{"@type":"Person","@id":"https:\/\/www.eldigitaldeasturias.com\/noticias\/author\/admin\/#author","url":"https:\/\/www.eldigitaldeasturias.com\/noticias\/author\/admin\/","name":"El Digital de Asturias","image":{"@type":"ImageObject","@id":"https:\/\/www.eldigitaldeasturias.com\/noticias\/mario-casas-presenta-el-rodaje-de-palmeras-en-la-nieve\/#authorImage","url":"https:\/\/www.eldigitaldeasturias.com\/noticias\/wp-content\/litespeed\/avatar\/18677e78aa0546b92d9dbf31ec7d7668.jpg?ver=1777290358","width":96,"height":96,"caption":"El Digital de Asturias"}},{"@type":"WebPage","@id":"https:\/\/www.eldigitaldeasturias.com\/noticias\/mario-casas-presenta-el-rodaje-de-palmeras-en-la-nieve\/#webpage","url":"https:\/\/www.eldigitaldeasturias.com\/noticias\/mario-casas-presenta-el-rodaje-de-palmeras-en-la-nieve\/","name":"Mario Casas presenta el rodaje de \u00abPalmeras en la Nieve\u00bb - El Digital de Asturias","description":"San Sebasti\u00e1n, 24 sep (dpa) - El exitoso tandem formado por el actor Mario Casas y el director Fernando Gonz\u00e1lez Molina (\"Tengo ganas de t\u00ed\", \"A tres metros sobre el cielo\") regresa con la adaptaci\u00f3n de \"Palmeras en la nieve\", cuyo rodaje presentaron hoy en el Festival de San Sebasti\u00e1n. \"Es una historia de amor","inLanguage":"es-ES","isPartOf":{"@id":"https:\/\/www.eldigitaldeasturias.com\/noticias\/#website"},"breadcrumb":{"@id":"https:\/\/www.eldigitaldeasturias.com\/noticias\/mario-casas-presenta-el-rodaje-de-palmeras-en-la-nieve\/#breadcrumblist"},"author":{"@id":"https:\/\/www.eldigitaldeasturias.com\/noticias\/author\/admin\/#author"},"creator":{"@id":"https:\/\/www.eldigitaldeasturias.com\/noticias\/author\/admin\/#author"},"image":{"@type":"ImageObject","url":2933,"@id":"https:\/\/www.eldigitaldeasturias.com\/noticias\/mario-casas-presenta-el-rodaje-de-palmeras-en-la-nieve\/#mainImage"},"primaryImageOfPage":{"@id":"https:\/\/www.eldigitaldeasturias.com\/noticias\/mario-casas-presenta-el-rodaje-de-palmeras-en-la-nieve\/#mainImage"},"datePublished":"2013-09-24T23:50:31+02:00","dateModified":"2013-09-24T23:50:31+02:00"},{"@type":"WebSite","@id":"https:\/\/www.eldigitaldeasturias.com\/noticias\/#website","url":"https:\/\/www.eldigitaldeasturias.com\/noticias\/","name":"El Digital de Asturias - Diario de actualidad y noticias","alternateName":"El Digital de Asturias - Diario de actualidad y noticias","description":"Hemeroteca","inLanguage":"es-ES","publisher":{"@id":"https:\/\/www.eldigitaldeasturias.com\/noticias\/#organization"}}]},"og:locale":"es_ES","og:site_name":"El Digital de Asturias","og:type":"article","og:title":"Mario Casas presenta el rodaje de \u00abPalmeras en la Nieve\u00bb - El Digital de Asturias","og:description":"San Sebasti\u00e1n, 24 sep (dpa) - El exitoso tandem formado por el actor Mario Casas y el director Fernando Gonz\u00e1lez Molina (&quot;Tengo ganas de t\u00ed&quot;, &quot;A tres metros sobre el cielo&quot;) regresa con la adaptaci\u00f3n de &quot;Palmeras en la nieve&quot;, cuyo rodaje presentaron hoy en el Festival de San Sebasti\u00e1n. &quot;Es una historia de amor","og:url":"https:\/\/www.eldigitaldeasturias.com\/noticias\/mario-casas-presenta-el-rodaje-de-palmeras-en-la-nieve\/","article:tag":["revista de ocio"],"article:published_time":"2013-09-24T23:50:31+00:00","article:modified_time":"2013-09-24T23:50:31+00:00","article:publisher":"https:\/\/facebook.com\/eldigitaldeasturias","twitter:card":"summary_large_image","twitter:title":"Mario Casas presenta el rodaje de \u00abPalmeras en la Nieve\u00bb - El Digital de Asturias","twitter:description":"San Sebasti\u00e1n, 24 sep (dpa) - El exitoso tandem formado por el actor Mario Casas y el director Fernando Gonz\u00e1lez Molina (&quot;Tengo ganas de t\u00ed&quot;, &quot;A tres metros sobre el cielo&quot;) regresa con la adaptaci\u00f3n de &quot;Palmeras en la nieve&quot;, cuyo rodaje presentaron hoy en el Festival de San Sebasti\u00e1n. &quot;Es una historia de amor","twitter:label1":"Escrito por","twitter:data1":"El Digital de Asturias","twitter:label2":"Tiempo de lectura estimado","twitter:data2":"1 minuto"},"aioseo_meta_data":{"post_id":"2932","title":null,"description":null,"keywords":null,"keyphrases":null,"primary_term":null,"canonical_url":null,"og_title":null,"og_description":null,"og_object_type":"default","og_image_type":"default","og_image_url":null,"og_image_width":null,"og_image_height":null,"og_image_custom_url":null,"og_image_custom_fields":null,"og_video":null,"og_custom_url":null,"og_article_section":null,"og_article_tags":null,"twitter_use_og":true,"twitter_card":"default","twitter_image_type":"default","twitter_image_url":null,"twitter_image_custom_url":null,"twitter_image_custom_fields":null,"twitter_title":null,"twitter_description":null,"schema":{"blockGraphs":[],"customGraphs":[],"default":{"data":{"Article":[],"Course":[],"Dataset":[],"FAQPage":[],"Movie":[],"Person":[],"Product":[],"ProductReview":[],"Car":[],"Recipe":[],"Service":[],"SoftwareApplication":[],"WebPage":[]},"graphName":"","isEnabled":true},"graphs":[],"defaultGraph":"","defaultPostTypeGraph":""},"schema_type":null,"schema_type_options":null,"pillar_content":false,"robots_default":true,"robots_noindex":false,"robots_noarchive":false,"robots_nosnippet":false,"robots_nofollow":false,"robots_noimageindex":false,"robots_noodp":false,"robots_notranslate":false,"robots_max_snippet":null,"robots_max_videopreview":null,"robots_max_imagepreview":"none","priority":null,"frequency":null,"local_seo":null,"seo_analyzer_scan_date":"2025-08-21 05:18:46","breadcrumb_settings":null,"limit_modified_date":false,"open_ai":null,"ai":null,"created":"2020-11-14 22:37:00","updated":"2025-08-21 05:18:46"},"aioseo_breadcrumb":"<div class=\"aioseo-breadcrumbs\"><span class=\"aioseo-breadcrumb\">\n\t<a href=\"https:\/\/www.eldigitaldeasturias.com\/noticias\" title=\"Home\">Home<\/a>\n<\/span><span class=\"aioseo-breadcrumb-separator\">\u2013<\/span><span class=\"aioseo-breadcrumb\">\n\t<a href=\"https:\/\/www.eldigitaldeasturias.com\/noticias\/category\/revista-de-ocio\/\" title=\"Revista de Ocio\">Revista de Ocio<\/a>\n<\/span><span class=\"aioseo-breadcrumb-separator\">\u2013<\/span><span class=\"aioseo-breadcrumb\">\n\t<a href=\"https:\/\/www.eldigitaldeasturias.com\/noticias\/mario-casas-presenta-el-rodaje-de-palmeras-en-la-nieve\/\" title=\"Mario Casas presenta el rodaje de \u00abPalmeras en la Nieve\u00bb\">Mario Casas presenta el rodaje de \u00abPalmeras en la Nieve\u00bb<\/a>\n<\/span><\/div>","aioseo_breadcrumb_json":[{"label":"Home","link":"https:\/\/www.eldigitaldeasturias.com\/noticias"},{"label":"Revista de Ocio","link":"https:\/\/www.eldigitaldeasturias.com\/noticias\/category\/revista-de-ocio\/"},{"label":"Mario Casas presenta el rodaje de \u00abPalmeras en la Nieve\u00bb","link":"https:\/\/www.eldigitaldeasturias.com\/noticias\/mario-casas-presenta-el-rodaje-de-palmeras-en-la-nieve\/"}],"_links":{"self":[{"href":"https:\/\/www.eldigitaldeasturias.com\/noticias\/wp-json\/wp\/v2\/posts\/2932","targetHints":{"allow":["GET"]}}],"collection":[{"href":"https:\/\/www.eldigitaldeasturias.com\/noticias\/wp-json\/wp\/v2\/posts"}],"about":[{"href":"https:\/\/www.eldigitaldeasturias.com\/noticias\/wp-json\/wp\/v2\/types\/post"}],"author":[{"embeddable":true,"href":"https:\/\/www.eldigitaldeasturias.com\/noticias\/wp-json\/wp\/v2\/users\/1"}],"replies":[{"embeddable":true,"href":"https:\/\/www.eldigitaldeasturias.com\/noticias\/wp-json\/wp\/v2\/comments?post=2932"}],"version-history":[{"count":0,"href":"https:\/\/www.eldigitaldeasturias.com\/noticias\/wp-json\/wp\/v2\/posts\/2932\/revisions"}],"wp:featuredmedia":[{"embeddable":true,"href":"https:\/\/www.eldigitaldeasturias.com\/noticias\/wp-json\/"}],"wp:attachment":[{"href":"https:\/\/www.eldigitaldeasturias.com\/noticias\/wp-json\/wp\/v2\/media?parent=2932"}],"wp:term":[{"taxonomy":"category","embeddable":true,"href":"https:\/\/www.eldigitaldeasturias.com\/noticias\/wp-json\/wp\/v2\/categories?post=2932"},{"taxonomy":"post_tag","embeddable":true,"href":"https:\/\/www.eldigitaldeasturias.com\/noticias\/wp-json\/wp\/v2\/tags?post=2932"}],"curies":[{"name":"wp","href":"https:\/\/api.w.org\/{rel}","templated":true}]}}