{"id":2926,"date":"2013-09-24T23:41:45","date_gmt":"2013-09-24T23:41:45","guid":{"rendered":"http:\/\/www.eldigitaldeasturias.com\/noticias\/?p=2926"},"modified":"2013-09-24T23:41:45","modified_gmt":"2013-09-24T23:41:45","slug":"concluye-con-exito-la-operacion-de-cadera-del-rey-en-el-hospital-quiron","status":"publish","type":"post","link":"https:\/\/www.eldigitaldeasturias.com\/noticias\/concluye-con-exito-la-operacion-de-cadera-del-rey-en-el-hospital-quiron\/","title":{"rendered":"Concluye \u00abcon \u00e9xito\u00bb la operaci\u00f3n de cadera del Rey en el Hospital Quir\u00f3n"},"content":{"rendered":"<p><img loading=\"lazy\" decoding=\"async\" class=\"alignleft size-medium wp-image-2839\" alt=\"fotonoticia_20130924210407_800\" src=\"https:\/\/www.eldigitaldeasturias.com\/noticias\/wp-content\/uploads\/2013\/09\/fotonoticia_20130924210407_800-360x240.jpg\" width=\"360\" height=\"240\" \/>MADRID, 24 Sep. (EUROPA PRESS) &#8211; La operaci\u00f3n para sustituir la cadera izquierda del Rey Juan Carlos debido a una infecci\u00f3n ha concluido con \u00e9xito tras dos horas y media de intervenci\u00f3n, seg\u00fan han informado fuentes de Zarzuela.<\/p>\n<p>Est\u00e1 previsto que el doctor Miguel Cabanela, que ha dirigido al equipo m\u00e9dico que ha intervenido al monarca, ofrezca una rueda de prensa en breve en el propio Hospital Universitario Quir\u00f3n, en Pozuelo (Madrid), en la que explique en qu\u00e9 ha consistido la intervenci\u00f3n.<\/p>\n<p>Hasta la cl\u00ednica se han desplazado para seguir la evoluci\u00f3n de la operaci\u00f3n la Reina, los Pr\u00edncipes de Asturias y la Infanta Elena. Ninguno de ellos abandonar\u00e1 la cl\u00ednica antes de que el doctor Cabanela les explique c\u00f3mo ha transcurrido la intervenci\u00f3n.<\/p>\n<p>A la cl\u00ednica se ha desplazado tambi\u00e9n la vicepresidenta del Gobierno, Soraya S\u00e1enz de Santamar\u00eda, para interesarse por la operaci\u00f3n al encontrarse el presidente del Gobierno, Mariano Rajoy, en Nueva York debido a que participa en la Asamblea General de Naciones Unidas.<\/p>\n<p>El Rey lleg\u00f3 pasadas las tres de la tarde al hospital en un Volkswagen Touareg, ocupando el puesto del copiloto, salud\u00f3 con la mano a los periodistas, limit\u00e1ndose a decir que se encontraba muy bien.<\/p>\n<p>A las ocho de la tarde entr\u00f3 en quir\u00f3fano y la operaci\u00f3n comenz\u00f3 al filo de las nueve de la noche. La operaci\u00f3n, la decimotercera que afronta a lo largo de su vida, ha sido realizada por un equipo dirigido por el doctor Miguel Cabanela, quien estuvo acompa\u00f1ado por un colega, de nacionalidad estadounidense de la cl\u00ednica Mayo de Rochester (EEUU), y finaliz\u00f3 con \u00ab\u00e9xito\u00bb a las 23.30 horas.<\/p>\n<p>CUIDADOS INTENSIVOS<\/p>\n<p>El monarca ser\u00e1 ingresado tras su paso por quir\u00f3fano en la unidad de cuidados intensivos y, posteriormente, ser\u00e1 trasladado a su habitaci\u00f3n. Fuentes del centro m\u00e9dico han asegurado a Europa Press que Don Juan Carlos permanecer\u00e1 seguramente en una de las suites de que dispone el hospital y que no se cerrar\u00e1 la planta en la que se encuentre, una posibilidad que no se ha llegado a plantear.<\/p>\n<p>El Hospital tiene repartidas en sus tres plantas un total de 133 habitaciones individuales y 57 suites exteriores, ideadas para que tanto el paciente como los familiares que le acompa\u00f1an se sientan c\u00f3modos.<\/p>\n<p>UNA O DOS OPERACIONES<\/p>\n<p>Don Juan Carlos sufre una infecci\u00f3n en la cadera izquierda en torno a la pr\u00f3tesis que se le implant\u00f3 en noviembre del a\u00f1o pasado, por lo que este implante ha tenido que ser sustituido.<\/p>\n<p>Seg\u00fan explic\u00f3 el doctor Cabanela el pasado viernes, este tipo de infecciones es un contratiempo que \u00fanicamente ocurre en el 1 o 2 por ciento de los casos y del que no se pueden conocer las causas. \u00abHablar del origen de la infecci\u00f3n ser\u00eda pura especulaci\u00f3n\u00bb, ha reconocido.<\/p>\n<p>El tratamiento siempre debe ser quir\u00fargico, aunque puede hacerse en una sola intervenci\u00f3n o en dos. En caso de hacerse en un tiempo, todo el proceso de recambio de la pr\u00f3tesis se realizar\u00eda en esa primera intervenci\u00f3n; mientras que si se opta por la segunda opci\u00f3n se realizar\u00eda una primera operaci\u00f3n para retirar la pr\u00f3tesis actual y colocar una temporal recubierta de antibi\u00f3ticos que despu\u00e9s volver\u00eda a ser sustituida por la definitiva en una segunda operaci\u00f3n.<\/p>\n<p>Estas dos posibilidades hacen que el abanico del tiempo de recuperaci\u00f3n sea muy amplio, y podr\u00eda alargarse desde las ocho semanas hasta los seis meses. En cuanto al periodo de hospitalizaci\u00f3n est\u00e1 previsto que oscile entre los cuatro y los siete d\u00edas.<\/p>\n","protected":false},"excerpt":{"rendered":"<p>MADRID, 24 Sep. (EUROPA PRESS) &#8211; La operaci\u00f3n para sustituir la cadera izquierda del Rey Juan Carlos debido a una infecci\u00f3n ha concluido con \u00e9xito tras dos horas y media de intervenci\u00f3n, seg\u00fan han informado fuentes de Zarzuela. Est\u00e1 previsto que el doctor Miguel Cabanela, que ha dirigido al equipo m\u00e9dico que ha intervenido al [&hellip;]<\/p>\n","protected":false},"author":1,"featured_media":2839,"comment_status":"open","ping_status":"open","sticky":false,"template":"","format":"standard","meta":{"footnotes":""},"categories":[1],"tags":[],"class_list":["post-2926","post","type-post","status-publish","format-standard","has-post-thumbnail","hentry","category-actualidad"],"aioseo_notices":[],"aioseo_head":"\n\t\t<!-- All in One SEO Pro 4.9.6.2 - aioseo.com -->\n\t<meta name=\"description\" content=\"MADRID, 24 Sep. (EUROPA PRESS) - La operaci\u00f3n para sustituir la cadera izquierda del Rey Juan Carlos debido a una infecci\u00f3n ha concluido con \u00e9xito tras dos horas y media de intervenci\u00f3n, seg\u00fan han informado fuentes de Zarzuela. Est\u00e1 previsto que el doctor Miguel Cabanela, que ha dirigido al equipo m\u00e9dico que ha intervenido al\" \/>\n\t<meta name=\"robots\" content=\"max-image-preview:large\" \/>\n\t<meta name=\"author\" content=\"El Digital de Asturias\"\/>\n\t<meta name=\"google-site-verification\" content=\"UA-38556648-1\" \/>\n\t<meta name=\"msvalidate.01\" content=\"7dfe9f3f1b24437ab69f4f2559babe99\" \/>\n\t<meta name=\"keywords\" content=\"actualidad\" \/>\n\t<link rel=\"canonical\" href=\"https:\/\/www.eldigitaldeasturias.com\/noticias\/concluye-con-exito-la-operacion-de-cadera-del-rey-en-el-hospital-quiron\/\" \/>\n\t<meta name=\"generator\" content=\"All in One SEO Pro (AIOSEO) 4.9.6.2\" \/>\n\t\t<meta property=\"og:locale\" content=\"es_ES\" \/>\n\t\t<meta property=\"og:site_name\" content=\"El Digital de Asturias\" \/>\n\t\t<meta property=\"og:type\" content=\"article\" \/>\n\t\t<meta property=\"og:title\" content=\"Concluye \u00abcon \u00e9xito\u00bb la operaci\u00f3n de cadera del Rey en el Hospital Quir\u00f3n - El Digital de Asturias\" \/>\n\t\t<meta property=\"og:description\" content=\"MADRID, 24 Sep. (EUROPA PRESS) - La operaci\u00f3n para sustituir la cadera izquierda del Rey Juan Carlos debido a una infecci\u00f3n ha concluido con \u00e9xito tras dos horas y media de intervenci\u00f3n, seg\u00fan han informado fuentes de Zarzuela. Est\u00e1 previsto que el doctor Miguel Cabanela, que ha dirigido al equipo m\u00e9dico que ha intervenido al\" \/>\n\t\t<meta property=\"og:url\" content=\"https:\/\/www.eldigitaldeasturias.com\/noticias\/concluye-con-exito-la-operacion-de-cadera-del-rey-en-el-hospital-quiron\/\" \/>\n\t\t<meta property=\"article:tag\" content=\"actualidad\" \/>\n\t\t<meta property=\"article:published_time\" content=\"2013-09-24T23:41:45+00:00\" \/>\n\t\t<meta property=\"article:modified_time\" content=\"2013-09-24T23:41:45+00:00\" \/>\n\t\t<meta property=\"article:publisher\" content=\"https:\/\/facebook.com\/eldigitaldeasturias\" \/>\n\t\t<meta name=\"twitter:card\" content=\"summary_large_image\" \/>\n\t\t<meta name=\"twitter:title\" content=\"Concluye \u00abcon \u00e9xito\u00bb la operaci\u00f3n de cadera del Rey en el Hospital Quir\u00f3n - El Digital de Asturias\" \/>\n\t\t<meta name=\"twitter:description\" content=\"MADRID, 24 Sep. (EUROPA PRESS) - La operaci\u00f3n para sustituir la cadera izquierda del Rey Juan Carlos debido a una infecci\u00f3n ha concluido con \u00e9xito tras dos horas y media de intervenci\u00f3n, seg\u00fan han informado fuentes de Zarzuela. Est\u00e1 previsto que el doctor Miguel Cabanela, que ha dirigido al equipo m\u00e9dico que ha intervenido al\" \/>\n\t\t<meta name=\"twitter:label1\" content=\"Escrito por\" \/>\n\t\t<meta name=\"twitter:data1\" content=\"El Digital de Asturias\" \/>\n\t\t<meta name=\"twitter:label2\" content=\"Tiempo de lectura estimado\" \/>\n\t\t<meta name=\"twitter:data2\" content=\"3 minutos\" \/>\n\t\t<script type=\"application\/ld+json\" class=\"aioseo-schema\">\n\t\t\t{\"@context\":\"https:\\\/\\\/schema.org\",\"@graph\":[{\"@type\":\"BlogPosting\",\"@id\":\"https:\\\/\\\/www.eldigitaldeasturias.com\\\/noticias\\\/concluye-con-exito-la-operacion-de-cadera-del-rey-en-el-hospital-quiron\\\/#blogposting\",\"name\":\"Concluye \\u00abcon \\u00e9xito\\u00bb la operaci\\u00f3n de cadera del Rey en el Hospital Quir\\u00f3n - El Digital de Asturias\",\"headline\":\"Concluye \\u00abcon \\u00e9xito\\u00bb la operaci\\u00f3n de cadera del Rey en el Hospital Quir\\u00f3n\",\"author\":{\"@id\":\"https:\\\/\\\/www.eldigitaldeasturias.com\\\/noticias\\\/author\\\/admin\\\/#author\"},\"publisher\":{\"@id\":\"https:\\\/\\\/www.eldigitaldeasturias.com\\\/noticias\\\/#organization\"},\"image\":{\"@type\":\"ImageObject\",\"url\":2839},\"datePublished\":\"2013-09-24T23:41:45+02:00\",\"dateModified\":\"2013-09-24T23:41:45+02:00\",\"inLanguage\":\"es-ES\",\"mainEntityOfPage\":{\"@id\":\"https:\\\/\\\/www.eldigitaldeasturias.com\\\/noticias\\\/concluye-con-exito-la-operacion-de-cadera-del-rey-en-el-hospital-quiron\\\/#webpage\"},\"isPartOf\":{\"@id\":\"https:\\\/\\\/www.eldigitaldeasturias.com\\\/noticias\\\/concluye-con-exito-la-operacion-de-cadera-del-rey-en-el-hospital-quiron\\\/#webpage\"},\"articleSection\":\"Actualidad\"},{\"@type\":\"BreadcrumbList\",\"@id\":\"https:\\\/\\\/www.eldigitaldeasturias.com\\\/noticias\\\/concluye-con-exito-la-operacion-de-cadera-del-rey-en-el-hospital-quiron\\\/#breadcrumblist\",\"itemListElement\":[{\"@type\":\"ListItem\",\"@id\":\"https:\\\/\\\/www.eldigitaldeasturias.com\\\/noticias#listItem\",\"position\":1,\"name\":\"Home\",\"item\":\"https:\\\/\\\/www.eldigitaldeasturias.com\\\/noticias\",\"nextItem\":{\"@type\":\"ListItem\",\"@id\":\"https:\\\/\\\/www.eldigitaldeasturias.com\\\/noticias\\\/category\\\/actualidad\\\/#listItem\",\"name\":\"Actualidad\"}},{\"@type\":\"ListItem\",\"@id\":\"https:\\\/\\\/www.eldigitaldeasturias.com\\\/noticias\\\/category\\\/actualidad\\\/#listItem\",\"position\":2,\"name\":\"Actualidad\",\"item\":\"https:\\\/\\\/www.eldigitaldeasturias.com\\\/noticias\\\/category\\\/actualidad\\\/\",\"nextItem\":{\"@type\":\"ListItem\",\"@id\":\"https:\\\/\\\/www.eldigitaldeasturias.com\\\/noticias\\\/concluye-con-exito-la-operacion-de-cadera-del-rey-en-el-hospital-quiron\\\/#listItem\",\"name\":\"Concluye \\u00abcon \\u00e9xito\\u00bb la operaci\\u00f3n de cadera del Rey en el Hospital Quir\\u00f3n\"},\"previousItem\":{\"@type\":\"ListItem\",\"@id\":\"https:\\\/\\\/www.eldigitaldeasturias.com\\\/noticias#listItem\",\"name\":\"Home\"}},{\"@type\":\"ListItem\",\"@id\":\"https:\\\/\\\/www.eldigitaldeasturias.com\\\/noticias\\\/concluye-con-exito-la-operacion-de-cadera-del-rey-en-el-hospital-quiron\\\/#listItem\",\"position\":3,\"name\":\"Concluye \\u00abcon \\u00e9xito\\u00bb la operaci\\u00f3n de cadera del Rey en el Hospital Quir\\u00f3n\",\"previousItem\":{\"@type\":\"ListItem\",\"@id\":\"https:\\\/\\\/www.eldigitaldeasturias.com\\\/noticias\\\/category\\\/actualidad\\\/#listItem\",\"name\":\"Actualidad\"}}]},{\"@type\":\"Organization\",\"@id\":\"https:\\\/\\\/www.eldigitaldeasturias.com\\\/noticias\\\/#organization\",\"name\":\"El Digital de Asturias\",\"description\":\"Hemeroteca\",\"url\":\"https:\\\/\\\/www.eldigitaldeasturias.com\\\/noticias\\\/\",\"email\":\"info@eldigitaldeasturias.com\",\"telephone\":\"+34652131393\",\"logo\":{\"@type\":\"ImageObject\",\"url\":\"https:\\\/\\\/www.eldigitaldeasturias.com\\\/noticias\\\/wp-content\\\/uploads\\\/2020\\\/12\\\/EDA.jpg\",\"@id\":\"https:\\\/\\\/www.eldigitaldeasturias.com\\\/noticias\\\/concluye-con-exito-la-operacion-de-cadera-del-rey-en-el-hospital-quiron\\\/#organizationLogo\",\"width\":649,\"height\":297},\"image\":{\"@id\":\"https:\\\/\\\/www.eldigitaldeasturias.com\\\/noticias\\\/concluye-con-exito-la-operacion-de-cadera-del-rey-en-el-hospital-quiron\\\/#organizationLogo\"},\"sameAs\":[\"https:\\\/\\\/facebook.com\\\/eldigitaldeasturias\",\"https:\\\/\\\/www.youtube.com\\\/channel\\\/UCZP-2wLEB9Rv6erhFmqVnvg\"],\"address\":{\"@id\":\"https:\\\/\\\/www.eldigitaldeasturias.com\\\/noticias\\\/#postaladdress\",\"@type\":\"PostalAddress\",\"streetAddress\":\"san antonio 4,\",\"postalCode\":\"33430\",\"addressLocality\":\"Cand\\u00e1s\",\"addressRegion\":\"Asturias\",\"addressCountry\":\"ES\"}},{\"@type\":\"Person\",\"@id\":\"https:\\\/\\\/www.eldigitaldeasturias.com\\\/noticias\\\/author\\\/admin\\\/#author\",\"url\":\"https:\\\/\\\/www.eldigitaldeasturias.com\\\/noticias\\\/author\\\/admin\\\/\",\"name\":\"El Digital de Asturias\",\"image\":{\"@type\":\"ImageObject\",\"@id\":\"https:\\\/\\\/www.eldigitaldeasturias.com\\\/noticias\\\/concluye-con-exito-la-operacion-de-cadera-del-rey-en-el-hospital-quiron\\\/#authorImage\",\"url\":\"https:\\\/\\\/www.eldigitaldeasturias.com\\\/noticias\\\/wp-content\\\/litespeed\\\/avatar\\\/18677e78aa0546b92d9dbf31ec7d7668.jpg?ver=1777290358\",\"width\":96,\"height\":96,\"caption\":\"El Digital de Asturias\"}},{\"@type\":\"WebPage\",\"@id\":\"https:\\\/\\\/www.eldigitaldeasturias.com\\\/noticias\\\/concluye-con-exito-la-operacion-de-cadera-del-rey-en-el-hospital-quiron\\\/#webpage\",\"url\":\"https:\\\/\\\/www.eldigitaldeasturias.com\\\/noticias\\\/concluye-con-exito-la-operacion-de-cadera-del-rey-en-el-hospital-quiron\\\/\",\"name\":\"Concluye \\u00abcon \\u00e9xito\\u00bb la operaci\\u00f3n de cadera del Rey en el Hospital Quir\\u00f3n - El Digital de Asturias\",\"description\":\"MADRID, 24 Sep. (EUROPA PRESS) - La operaci\\u00f3n para sustituir la cadera izquierda del Rey Juan Carlos debido a una infecci\\u00f3n ha concluido con \\u00e9xito tras dos horas y media de intervenci\\u00f3n, seg\\u00fan han informado fuentes de Zarzuela. Est\\u00e1 previsto que el doctor Miguel Cabanela, que ha dirigido al equipo m\\u00e9dico que ha intervenido al\",\"inLanguage\":\"es-ES\",\"isPartOf\":{\"@id\":\"https:\\\/\\\/www.eldigitaldeasturias.com\\\/noticias\\\/#website\"},\"breadcrumb\":{\"@id\":\"https:\\\/\\\/www.eldigitaldeasturias.com\\\/noticias\\\/concluye-con-exito-la-operacion-de-cadera-del-rey-en-el-hospital-quiron\\\/#breadcrumblist\"},\"author\":{\"@id\":\"https:\\\/\\\/www.eldigitaldeasturias.com\\\/noticias\\\/author\\\/admin\\\/#author\"},\"creator\":{\"@id\":\"https:\\\/\\\/www.eldigitaldeasturias.com\\\/noticias\\\/author\\\/admin\\\/#author\"},\"image\":{\"@type\":\"ImageObject\",\"url\":2839,\"@id\":\"https:\\\/\\\/www.eldigitaldeasturias.com\\\/noticias\\\/concluye-con-exito-la-operacion-de-cadera-del-rey-en-el-hospital-quiron\\\/#mainImage\"},\"primaryImageOfPage\":{\"@id\":\"https:\\\/\\\/www.eldigitaldeasturias.com\\\/noticias\\\/concluye-con-exito-la-operacion-de-cadera-del-rey-en-el-hospital-quiron\\\/#mainImage\"},\"datePublished\":\"2013-09-24T23:41:45+02:00\",\"dateModified\":\"2013-09-24T23:41:45+02:00\"},{\"@type\":\"WebSite\",\"@id\":\"https:\\\/\\\/www.eldigitaldeasturias.com\\\/noticias\\\/#website\",\"url\":\"https:\\\/\\\/www.eldigitaldeasturias.com\\\/noticias\\\/\",\"name\":\"El Digital de Asturias - Diario de actualidad y noticias\",\"alternateName\":\"El Digital de Asturias - Diario de actualidad y noticias\",\"description\":\"Hemeroteca\",\"inLanguage\":\"es-ES\",\"publisher\":{\"@id\":\"https:\\\/\\\/www.eldigitaldeasturias.com\\\/noticias\\\/#organization\"}}]}\n\t\t<\/script>\n\t\t<!-- All in One SEO Pro -->\r\n\t\t<title>Concluye \u00abcon \u00e9xito\u00bb la operaci\u00f3n de cadera del Rey en el Hospital Quir\u00f3n - El Digital de Asturias<\/title>\n\n","aioseo_head_json":{"title":"Concluye \u00abcon \u00e9xito\u00bb la operaci\u00f3n de cadera del Rey en el Hospital Quir\u00f3n - El Digital de Asturias","description":"MADRID, 24 Sep. (EUROPA PRESS) - La operaci\u00f3n para sustituir la cadera izquierda del Rey Juan Carlos debido a una infecci\u00f3n ha concluido con \u00e9xito tras dos horas y media de intervenci\u00f3n, seg\u00fan han informado fuentes de Zarzuela. Est\u00e1 previsto que el doctor Miguel Cabanela, que ha dirigido al equipo m\u00e9dico que ha intervenido al","canonical_url":"https:\/\/www.eldigitaldeasturias.com\/noticias\/concluye-con-exito-la-operacion-de-cadera-del-rey-en-el-hospital-quiron\/","robots":"max-image-preview:large","keywords":"actualidad","webmasterTools":{"google-site-verification":"UA-38556648-1","msvalidate.01":"7dfe9f3f1b24437ab69f4f2559babe99","miscellaneous":""},"schema":{"@context":"https:\/\/schema.org","@graph":[{"@type":"BlogPosting","@id":"https:\/\/www.eldigitaldeasturias.com\/noticias\/concluye-con-exito-la-operacion-de-cadera-del-rey-en-el-hospital-quiron\/#blogposting","name":"Concluye \u00abcon \u00e9xito\u00bb la operaci\u00f3n de cadera del Rey en el Hospital Quir\u00f3n - El Digital de Asturias","headline":"Concluye \u00abcon \u00e9xito\u00bb la operaci\u00f3n de cadera del Rey en el Hospital Quir\u00f3n","author":{"@id":"https:\/\/www.eldigitaldeasturias.com\/noticias\/author\/admin\/#author"},"publisher":{"@id":"https:\/\/www.eldigitaldeasturias.com\/noticias\/#organization"},"image":{"@type":"ImageObject","url":2839},"datePublished":"2013-09-24T23:41:45+02:00","dateModified":"2013-09-24T23:41:45+02:00","inLanguage":"es-ES","mainEntityOfPage":{"@id":"https:\/\/www.eldigitaldeasturias.com\/noticias\/concluye-con-exito-la-operacion-de-cadera-del-rey-en-el-hospital-quiron\/#webpage"},"isPartOf":{"@id":"https:\/\/www.eldigitaldeasturias.com\/noticias\/concluye-con-exito-la-operacion-de-cadera-del-rey-en-el-hospital-quiron\/#webpage"},"articleSection":"Actualidad"},{"@type":"BreadcrumbList","@id":"https:\/\/www.eldigitaldeasturias.com\/noticias\/concluye-con-exito-la-operacion-de-cadera-del-rey-en-el-hospital-quiron\/#breadcrumblist","itemListElement":[{"@type":"ListItem","@id":"https:\/\/www.eldigitaldeasturias.com\/noticias#listItem","position":1,"name":"Home","item":"https:\/\/www.eldigitaldeasturias.com\/noticias","nextItem":{"@type":"ListItem","@id":"https:\/\/www.eldigitaldeasturias.com\/noticias\/category\/actualidad\/#listItem","name":"Actualidad"}},{"@type":"ListItem","@id":"https:\/\/www.eldigitaldeasturias.com\/noticias\/category\/actualidad\/#listItem","position":2,"name":"Actualidad","item":"https:\/\/www.eldigitaldeasturias.com\/noticias\/category\/actualidad\/","nextItem":{"@type":"ListItem","@id":"https:\/\/www.eldigitaldeasturias.com\/noticias\/concluye-con-exito-la-operacion-de-cadera-del-rey-en-el-hospital-quiron\/#listItem","name":"Concluye \u00abcon \u00e9xito\u00bb la operaci\u00f3n de cadera del Rey en el Hospital Quir\u00f3n"},"previousItem":{"@type":"ListItem","@id":"https:\/\/www.eldigitaldeasturias.com\/noticias#listItem","name":"Home"}},{"@type":"ListItem","@id":"https:\/\/www.eldigitaldeasturias.com\/noticias\/concluye-con-exito-la-operacion-de-cadera-del-rey-en-el-hospital-quiron\/#listItem","position":3,"name":"Concluye \u00abcon \u00e9xito\u00bb la operaci\u00f3n de cadera del Rey en el Hospital Quir\u00f3n","previousItem":{"@type":"ListItem","@id":"https:\/\/www.eldigitaldeasturias.com\/noticias\/category\/actualidad\/#listItem","name":"Actualidad"}}]},{"@type":"Organization","@id":"https:\/\/www.eldigitaldeasturias.com\/noticias\/#organization","name":"El Digital de Asturias","description":"Hemeroteca","url":"https:\/\/www.eldigitaldeasturias.com\/noticias\/","email":"info@eldigitaldeasturias.com","telephone":"+34652131393","logo":{"@type":"ImageObject","url":"https:\/\/www.eldigitaldeasturias.com\/noticias\/wp-content\/uploads\/2020\/12\/EDA.jpg","@id":"https:\/\/www.eldigitaldeasturias.com\/noticias\/concluye-con-exito-la-operacion-de-cadera-del-rey-en-el-hospital-quiron\/#organizationLogo","width":649,"height":297},"image":{"@id":"https:\/\/www.eldigitaldeasturias.com\/noticias\/concluye-con-exito-la-operacion-de-cadera-del-rey-en-el-hospital-quiron\/#organizationLogo"},"sameAs":["https:\/\/facebook.com\/eldigitaldeasturias","https:\/\/www.youtube.com\/channel\/UCZP-2wLEB9Rv6erhFmqVnvg"],"address":{"@id":"https:\/\/www.eldigitaldeasturias.com\/noticias\/#postaladdress","@type":"PostalAddress","streetAddress":"san antonio 4,","postalCode":"33430","addressLocality":"Cand\u00e1s","addressRegion":"Asturias","addressCountry":"ES"}},{"@type":"Person","@id":"https:\/\/www.eldigitaldeasturias.com\/noticias\/author\/admin\/#author","url":"https:\/\/www.eldigitaldeasturias.com\/noticias\/author\/admin\/","name":"El Digital de Asturias","image":{"@type":"ImageObject","@id":"https:\/\/www.eldigitaldeasturias.com\/noticias\/concluye-con-exito-la-operacion-de-cadera-del-rey-en-el-hospital-quiron\/#authorImage","url":"https:\/\/www.eldigitaldeasturias.com\/noticias\/wp-content\/litespeed\/avatar\/18677e78aa0546b92d9dbf31ec7d7668.jpg?ver=1777290358","width":96,"height":96,"caption":"El Digital de Asturias"}},{"@type":"WebPage","@id":"https:\/\/www.eldigitaldeasturias.com\/noticias\/concluye-con-exito-la-operacion-de-cadera-del-rey-en-el-hospital-quiron\/#webpage","url":"https:\/\/www.eldigitaldeasturias.com\/noticias\/concluye-con-exito-la-operacion-de-cadera-del-rey-en-el-hospital-quiron\/","name":"Concluye \u00abcon \u00e9xito\u00bb la operaci\u00f3n de cadera del Rey en el Hospital Quir\u00f3n - El Digital de Asturias","description":"MADRID, 24 Sep. (EUROPA PRESS) - La operaci\u00f3n para sustituir la cadera izquierda del Rey Juan Carlos debido a una infecci\u00f3n ha concluido con \u00e9xito tras dos horas y media de intervenci\u00f3n, seg\u00fan han informado fuentes de Zarzuela. Est\u00e1 previsto que el doctor Miguel Cabanela, que ha dirigido al equipo m\u00e9dico que ha intervenido al","inLanguage":"es-ES","isPartOf":{"@id":"https:\/\/www.eldigitaldeasturias.com\/noticias\/#website"},"breadcrumb":{"@id":"https:\/\/www.eldigitaldeasturias.com\/noticias\/concluye-con-exito-la-operacion-de-cadera-del-rey-en-el-hospital-quiron\/#breadcrumblist"},"author":{"@id":"https:\/\/www.eldigitaldeasturias.com\/noticias\/author\/admin\/#author"},"creator":{"@id":"https:\/\/www.eldigitaldeasturias.com\/noticias\/author\/admin\/#author"},"image":{"@type":"ImageObject","url":2839,"@id":"https:\/\/www.eldigitaldeasturias.com\/noticias\/concluye-con-exito-la-operacion-de-cadera-del-rey-en-el-hospital-quiron\/#mainImage"},"primaryImageOfPage":{"@id":"https:\/\/www.eldigitaldeasturias.com\/noticias\/concluye-con-exito-la-operacion-de-cadera-del-rey-en-el-hospital-quiron\/#mainImage"},"datePublished":"2013-09-24T23:41:45+02:00","dateModified":"2013-09-24T23:41:45+02:00"},{"@type":"WebSite","@id":"https:\/\/www.eldigitaldeasturias.com\/noticias\/#website","url":"https:\/\/www.eldigitaldeasturias.com\/noticias\/","name":"El Digital de Asturias - Diario de actualidad y noticias","alternateName":"El Digital de Asturias - Diario de actualidad y noticias","description":"Hemeroteca","inLanguage":"es-ES","publisher":{"@id":"https:\/\/www.eldigitaldeasturias.com\/noticias\/#organization"}}]},"og:locale":"es_ES","og:site_name":"El Digital de Asturias","og:type":"article","og:title":"Concluye \u00abcon \u00e9xito\u00bb la operaci\u00f3n de cadera del Rey en el Hospital Quir\u00f3n - El Digital de Asturias","og:description":"MADRID, 24 Sep. (EUROPA PRESS) - La operaci\u00f3n para sustituir la cadera izquierda del Rey Juan Carlos debido a una infecci\u00f3n ha concluido con \u00e9xito tras dos horas y media de intervenci\u00f3n, seg\u00fan han informado fuentes de Zarzuela. Est\u00e1 previsto que el doctor Miguel Cabanela, que ha dirigido al equipo m\u00e9dico que ha intervenido al","og:url":"https:\/\/www.eldigitaldeasturias.com\/noticias\/concluye-con-exito-la-operacion-de-cadera-del-rey-en-el-hospital-quiron\/","article:tag":["actualidad"],"article:published_time":"2013-09-24T23:41:45+00:00","article:modified_time":"2013-09-24T23:41:45+00:00","article:publisher":"https:\/\/facebook.com\/eldigitaldeasturias","twitter:card":"summary_large_image","twitter:title":"Concluye \u00abcon \u00e9xito\u00bb la operaci\u00f3n de cadera del Rey en el Hospital Quir\u00f3n - El Digital de Asturias","twitter:description":"MADRID, 24 Sep. (EUROPA PRESS) - La operaci\u00f3n para sustituir la cadera izquierda del Rey Juan Carlos debido a una infecci\u00f3n ha concluido con \u00e9xito tras dos horas y media de intervenci\u00f3n, seg\u00fan han informado fuentes de Zarzuela. Est\u00e1 previsto que el doctor Miguel Cabanela, que ha dirigido al equipo m\u00e9dico que ha intervenido al","twitter:label1":"Escrito por","twitter:data1":"El Digital de Asturias","twitter:label2":"Tiempo de lectura estimado","twitter:data2":"3 minutos"},"aioseo_meta_data":{"post_id":"2926","title":null,"description":null,"keywords":null,"keyphrases":null,"primary_term":null,"canonical_url":null,"og_title":null,"og_description":null,"og_object_type":"default","og_image_type":"default","og_image_url":null,"og_image_width":null,"og_image_height":null,"og_image_custom_url":null,"og_image_custom_fields":null,"og_video":null,"og_custom_url":null,"og_article_section":null,"og_article_tags":null,"twitter_use_og":true,"twitter_card":"default","twitter_image_type":"default","twitter_image_url":null,"twitter_image_custom_url":null,"twitter_image_custom_fields":null,"twitter_title":null,"twitter_description":null,"schema":{"blockGraphs":[],"customGraphs":[],"default":{"data":{"Article":[],"Course":[],"Dataset":[],"FAQPage":[],"Movie":[],"Person":[],"Product":[],"ProductReview":[],"Car":[],"Recipe":[],"Service":[],"SoftwareApplication":[],"WebPage":[]},"graphName":"","isEnabled":true},"graphs":[],"defaultGraph":"","defaultPostTypeGraph":""},"schema_type":null,"schema_type_options":null,"pillar_content":false,"robots_default":true,"robots_noindex":false,"robots_noarchive":false,"robots_nosnippet":false,"robots_nofollow":false,"robots_noimageindex":false,"robots_noodp":false,"robots_notranslate":false,"robots_max_snippet":null,"robots_max_videopreview":null,"robots_max_imagepreview":"none","priority":null,"frequency":null,"local_seo":null,"seo_analyzer_scan_date":"2025-08-21 05:16:59","breadcrumb_settings":null,"limit_modified_date":false,"open_ai":null,"ai":null,"created":"2020-11-14 22:37:00","updated":"2025-08-21 05:16:59"},"aioseo_breadcrumb":"<div class=\"aioseo-breadcrumbs\"><span class=\"aioseo-breadcrumb\">\n\t<a href=\"https:\/\/www.eldigitaldeasturias.com\/noticias\" title=\"Home\">Home<\/a>\n<\/span><span class=\"aioseo-breadcrumb-separator\">\u2013<\/span><span class=\"aioseo-breadcrumb\">\n\t<a href=\"https:\/\/www.eldigitaldeasturias.com\/noticias\/category\/actualidad\/\" title=\"Actualidad\">Actualidad<\/a>\n<\/span><span class=\"aioseo-breadcrumb-separator\">\u2013<\/span><span class=\"aioseo-breadcrumb\">\n\t<a href=\"https:\/\/www.eldigitaldeasturias.com\/noticias\/concluye-con-exito-la-operacion-de-cadera-del-rey-en-el-hospital-quiron\/\" title=\"Concluye \u00abcon \u00e9xito\u00bb la operaci\u00f3n de cadera del Rey en el Hospital Quir\u00f3n\">Concluye \u00abcon \u00e9xito\u00bb la operaci\u00f3n de cadera del Rey en el Hospital Quir\u00f3n<\/a>\n<\/span><\/div>","aioseo_breadcrumb_json":[{"label":"Home","link":"https:\/\/www.eldigitaldeasturias.com\/noticias"},{"label":"Actualidad","link":"https:\/\/www.eldigitaldeasturias.com\/noticias\/category\/actualidad\/"},{"label":"Concluye \u00abcon \u00e9xito\u00bb la operaci\u00f3n de cadera del Rey en el Hospital Quir\u00f3n","link":"https:\/\/www.eldigitaldeasturias.com\/noticias\/concluye-con-exito-la-operacion-de-cadera-del-rey-en-el-hospital-quiron\/"}],"_links":{"self":[{"href":"https:\/\/www.eldigitaldeasturias.com\/noticias\/wp-json\/wp\/v2\/posts\/2926","targetHints":{"allow":["GET"]}}],"collection":[{"href":"https:\/\/www.eldigitaldeasturias.com\/noticias\/wp-json\/wp\/v2\/posts"}],"about":[{"href":"https:\/\/www.eldigitaldeasturias.com\/noticias\/wp-json\/wp\/v2\/types\/post"}],"author":[{"embeddable":true,"href":"https:\/\/www.eldigitaldeasturias.com\/noticias\/wp-json\/wp\/v2\/users\/1"}],"replies":[{"embeddable":true,"href":"https:\/\/www.eldigitaldeasturias.com\/noticias\/wp-json\/wp\/v2\/comments?post=2926"}],"version-history":[{"count":0,"href":"https:\/\/www.eldigitaldeasturias.com\/noticias\/wp-json\/wp\/v2\/posts\/2926\/revisions"}],"wp:featuredmedia":[{"embeddable":true,"href":"https:\/\/www.eldigitaldeasturias.com\/noticias\/wp-json\/"}],"wp:attachment":[{"href":"https:\/\/www.eldigitaldeasturias.com\/noticias\/wp-json\/wp\/v2\/media?parent=2926"}],"wp:term":[{"taxonomy":"category","embeddable":true,"href":"https:\/\/www.eldigitaldeasturias.com\/noticias\/wp-json\/wp\/v2\/categories?post=2926"},{"taxonomy":"post_tag","embeddable":true,"href":"https:\/\/www.eldigitaldeasturias.com\/noticias\/wp-json\/wp\/v2\/tags?post=2926"}],"curies":[{"name":"wp","href":"https:\/\/api.w.org\/{rel}","templated":true}]}}