{"id":2924,"date":"2013-09-24T23:39:32","date_gmt":"2013-09-24T23:39:32","guid":{"rendered":"http:\/\/www.eldigitaldeasturias.com\/noticias\/?p=2924"},"modified":"2013-09-24T23:39:32","modified_gmt":"2013-09-24T23:39:32","slug":"kenia-presa-del-miedo-es-westgate-el-inicio-de-una-larga-pesadilla","status":"publish","type":"post","link":"https:\/\/www.eldigitaldeasturias.com\/noticias\/kenia-presa-del-miedo-es-westgate-el-inicio-de-una-larga-pesadilla\/","title":{"rendered":"Kenia presa del miedo : \u00bfEs Westgate el inicio de una larga pesadilla?"},"content":{"rendered":"<p><img loading=\"lazy\" decoding=\"async\" class=\"alignleft size-medium wp-image-1406\" alt=\"kenia\" src=\"https:\/\/www.eldigitaldeasturias.com\/noticias\/wp-content\/uploads\/2013\/09\/kenia-360x247.jpg\" width=\"360\" height=\"247\" \/>Ad\u00eds Abeba\/Nairobi, 24 sep (dpa) &#8211; Una pregunta temerosa est\u00e1 hoy en la cabeza de casi todos los kenianos: el brutal ataque al centro comercial Westgate en Nairobi \u00bfs\u00f3lo es el inicio de una larga cadena de atentados terroristas? \u00bfVan a tener que aprender a vivir con el miedo al terrorismo cada vez que van a hacer compras, viajar en autob\u00fas o comer en un restaurante?<\/p>\n<p>Y es que la milicia Al Shabaab ha dejado en claro de manera inequ\u00edvoca que para este pa\u00eds del este de \u00c1frica no habr\u00e1 paz mientras haya tropas kenianas destacadas en la vecina Somalia. \u00bfAcaso Westgate es el espantoso inicio de una larga pesadilla?<\/p>\n<p>\u00abPueblo keniano: si quieres tener paz en tu pa\u00eds, dile a tu gobierno que tiene que retirar sus fuerzas armadas de nuestro pa\u00eds. De lo contrario, ustedes van a vivir m\u00e1s ba\u00f1os de sangre en su patria\u00bb, dijo el portavoz de Al Shabaab, jeque Ali Mahamud Rage, en la noche del domingo a la emisora de radio somal\u00ed Andulus.<\/p>\n<p>El portavoz anunci\u00f3 que habr\u00e1 una nueva oleada de atentados en Nairobi en los que los combatientes muyahidines aplicar\u00e1n tambi\u00e9n \u00abt\u00e1cticas nuevas\u00bb.<\/p>\n<p>La preopcupaci\u00f3n es grande asimismo en la vecina Uganda, ya que este pa\u00eds tambi\u00e9n tiene desplegados miles de soldados en Somalia. El gobierno de Kampala ya ha reforzado la seguridad en las fronteras. Al Shabaab ya hab\u00eda perpetrado un sangriento atentado en Uganda en 2010, que caus\u00f3 m\u00e1s de 70 muertos.<\/p>\n<p>Lo que hace que los extremistas -todos los extremistas- sean tan peligrosos es el hecho de que est\u00e1n dispuestos a sacrificar su vida por sus convicciones. Seg\u00fan informaciones period\u00edsticas, del centro comercial Westgate logr\u00f3 escapar uno de los terroristas, junto con las personas que huyeron del edificio. Ese hombre se manch\u00f3 con sangre de las v\u00edctimas y dijo que hab\u00eda sido herido. Una vez trasladado al hospital, sac\u00f3 una pistola y mat\u00f3 a tres pacientes y luego apunt\u00f3 el arma a su propia cabeza.<\/p>\n<p>En un v\u00eddeo de Al Shabaab difundido en Youtube, los combatientes que participaron en el atentado dijeron estar alegres porque despu\u00e9s de su muerte Al\u00e1 les recompensar\u00e1 por lo que hab\u00edan hecho.<\/p>\n<p>Aun as\u00ed, se trata de otro tipo de terrorismo que el atentado contra el World Trade Center en Nueva York o las masacres que la secta Boko Harem lleva a cabo una y otra vez en Nigeria, por ejemplo. Los atentados de este grupo terrorista se dirigen sobre todo contra locales donde se sirven bebidas alcoh\u00f3licas o contra iglesias cristianas. Ya el nombre de la secta lo dice todo: significa algo as\u00ed como \u00abla educaci\u00f3n occidental es un pecado\u00bb.<\/p>\n<p>En cambio, Al Shabaab ya dej\u00f3 en claro a ra\u00edz del ataque al Westgate que tiene una exigencia muy concreta: la retirada de las tropas kenianas de Somalia. Es decir, que no se trata, o al menos no solamente, de atacar a cristianos o un estilo de vida de tipo occidental. Sin embargo, la milicia s\u00ed lleva a\u00f1os atacando a esa comunidad religiosa en Somalia, donde Al Shabaab pretende imponer una interpretaci\u00f3n extremadamente rigurosa de la shar\u00eda (ley isl\u00e1mica).<\/p>\n<p>Sin embargo, el presidente de Kenia, Uhuru Kenyatta, ya ha manifestado claramente su intenci\u00f3n de no dejarse chantajear y de actuar con mano dura contra cualquier tipo de terrorismo: \u00abNosotros hemos luchado por la libertad, para vivir tal como creemos que es correcto\u00bb, dijo en un discurso dirigido a su pueblo.<\/p>\n<p>\u00abEl terrorismo es la filosof\u00eda de los cobardes\u00bb, afirm\u00f3, para luego agregar: \u00abVamos a aprehender a los responsables y vamos a castigarlos por este crimen repugnante\u00bb. Dentro de la actual situaci\u00f3n de crisis, su pa\u00eds ha demostrado una enorme solidaridad y fortaleza. Sin embargo, el miedo por ahora no va a desaparecer.<\/p>\n","protected":false},"excerpt":{"rendered":"<p>Ad\u00eds Abeba\/Nairobi, 24 sep (dpa) &#8211; Una pregunta temerosa est\u00e1 hoy en la cabeza de casi todos los kenianos: el brutal ataque al centro comercial Westgate en Nairobi \u00bfs\u00f3lo es el inicio de una larga cadena de atentados terroristas? \u00bfVan a tener que aprender a vivir con el miedo al terrorismo cada vez que van [&hellip;]<\/p>\n","protected":false},"author":1,"featured_media":1406,"comment_status":"open","ping_status":"open","sticky":false,"template":"","format":"standard","meta":{"footnotes":""},"categories":[1],"tags":[],"class_list":["post-2924","post","type-post","status-publish","format-standard","has-post-thumbnail","hentry","category-actualidad"],"aioseo_notices":[],"aioseo_head":"\n\t\t<!-- All in One SEO Pro 4.9.6.2 - aioseo.com -->\n\t<meta name=\"description\" content=\"Ad\u00eds Abeba\/Nairobi, 24 sep (dpa) - Una pregunta temerosa est\u00e1 hoy en la cabeza de casi todos los kenianos: el brutal ataque al centro comercial Westgate en Nairobi \u00bfs\u00f3lo es el inicio de una larga cadena de atentados terroristas? \u00bfVan a tener que aprender a vivir con el miedo al terrorismo cada vez que van\" \/>\n\t<meta name=\"robots\" content=\"max-image-preview:large\" \/>\n\t<meta name=\"author\" content=\"El Digital de Asturias\"\/>\n\t<meta name=\"google-site-verification\" content=\"UA-38556648-1\" \/>\n\t<meta name=\"msvalidate.01\" content=\"7dfe9f3f1b24437ab69f4f2559babe99\" \/>\n\t<meta name=\"keywords\" content=\"actualidad\" \/>\n\t<link rel=\"canonical\" href=\"https:\/\/www.eldigitaldeasturias.com\/noticias\/kenia-presa-del-miedo-es-westgate-el-inicio-de-una-larga-pesadilla\/\" \/>\n\t<meta name=\"generator\" content=\"All in One SEO Pro (AIOSEO) 4.9.6.2\" \/>\n\t\t<meta property=\"og:locale\" content=\"es_ES\" \/>\n\t\t<meta property=\"og:site_name\" content=\"El Digital de Asturias\" \/>\n\t\t<meta property=\"og:type\" content=\"article\" \/>\n\t\t<meta property=\"og:title\" content=\"Kenia presa del miedo : \u00bfEs Westgate el inicio de una larga pesadilla? - El Digital de Asturias\" \/>\n\t\t<meta property=\"og:description\" content=\"Ad\u00eds Abeba\/Nairobi, 24 sep (dpa) - Una pregunta temerosa est\u00e1 hoy en la cabeza de casi todos los kenianos: el brutal ataque al centro comercial Westgate en Nairobi \u00bfs\u00f3lo es el inicio de una larga cadena de atentados terroristas? \u00bfVan a tener que aprender a vivir con el miedo al terrorismo cada vez que van\" \/>\n\t\t<meta property=\"og:url\" content=\"https:\/\/www.eldigitaldeasturias.com\/noticias\/kenia-presa-del-miedo-es-westgate-el-inicio-de-una-larga-pesadilla\/\" \/>\n\t\t<meta property=\"og:image\" content=\"https:\/\/www.eldigitaldeasturias.com\/noticias\/wp-content\/uploads\/2013\/09\/kenia.jpg\" \/>\n\t\t<meta property=\"og:image:secure_url\" content=\"https:\/\/www.eldigitaldeasturias.com\/noticias\/wp-content\/uploads\/2013\/09\/kenia.jpg\" \/>\n\t\t<meta property=\"og:image:width\" content=\"500\" \/>\n\t\t<meta property=\"og:image:height\" content=\"344\" \/>\n\t\t<meta property=\"article:tag\" content=\"actualidad\" \/>\n\t\t<meta property=\"article:published_time\" content=\"2013-09-24T23:39:32+00:00\" \/>\n\t\t<meta property=\"article:modified_time\" content=\"2013-09-24T23:39:32+00:00\" \/>\n\t\t<meta property=\"article:publisher\" content=\"https:\/\/facebook.com\/eldigitaldeasturias\" \/>\n\t\t<meta name=\"twitter:card\" content=\"summary_large_image\" \/>\n\t\t<meta name=\"twitter:title\" content=\"Kenia presa del miedo : \u00bfEs Westgate el inicio de una larga pesadilla? - El Digital de Asturias\" \/>\n\t\t<meta name=\"twitter:description\" content=\"Ad\u00eds Abeba\/Nairobi, 24 sep (dpa) - Una pregunta temerosa est\u00e1 hoy en la cabeza de casi todos los kenianos: el brutal ataque al centro comercial Westgate en Nairobi \u00bfs\u00f3lo es el inicio de una larga cadena de atentados terroristas? \u00bfVan a tener que aprender a vivir con el miedo al terrorismo cada vez que van\" \/>\n\t\t<meta name=\"twitter:image\" content=\"https:\/\/www.eldigitaldeasturias.com\/noticias\/wp-content\/uploads\/2013\/09\/kenia.jpg\" \/>\n\t\t<meta name=\"twitter:label1\" content=\"Escrito por\" \/>\n\t\t<meta name=\"twitter:data1\" content=\"El Digital de Asturias\" \/>\n\t\t<meta name=\"twitter:label2\" content=\"Tiempo de lectura estimado\" \/>\n\t\t<meta name=\"twitter:data2\" content=\"3 minutos\" \/>\n\t\t<script type=\"application\/ld+json\" class=\"aioseo-schema\">\n\t\t\t{\"@context\":\"https:\\\/\\\/schema.org\",\"@graph\":[{\"@type\":\"BlogPosting\",\"@id\":\"https:\\\/\\\/www.eldigitaldeasturias.com\\\/noticias\\\/kenia-presa-del-miedo-es-westgate-el-inicio-de-una-larga-pesadilla\\\/#blogposting\",\"name\":\"Kenia presa del miedo : \\u00bfEs Westgate el inicio de una larga pesadilla? - El Digital de Asturias\",\"headline\":\"Kenia presa del miedo : \\u00bfEs Westgate el inicio de una larga pesadilla?\",\"author\":{\"@id\":\"https:\\\/\\\/www.eldigitaldeasturias.com\\\/noticias\\\/author\\\/admin\\\/#author\"},\"publisher\":{\"@id\":\"https:\\\/\\\/www.eldigitaldeasturias.com\\\/noticias\\\/#organization\"},\"image\":{\"@type\":\"ImageObject\",\"url\":\"https:\\\/\\\/www.eldigitaldeasturias.com\\\/noticias\\\/wp-content\\\/uploads\\\/2013\\\/09\\\/kenia.jpg\",\"width\":500,\"height\":344},\"datePublished\":\"2013-09-24T23:39:32+02:00\",\"dateModified\":\"2013-09-24T23:39:32+02:00\",\"inLanguage\":\"es-ES\",\"mainEntityOfPage\":{\"@id\":\"https:\\\/\\\/www.eldigitaldeasturias.com\\\/noticias\\\/kenia-presa-del-miedo-es-westgate-el-inicio-de-una-larga-pesadilla\\\/#webpage\"},\"isPartOf\":{\"@id\":\"https:\\\/\\\/www.eldigitaldeasturias.com\\\/noticias\\\/kenia-presa-del-miedo-es-westgate-el-inicio-de-una-larga-pesadilla\\\/#webpage\"},\"articleSection\":\"Actualidad\"},{\"@type\":\"BreadcrumbList\",\"@id\":\"https:\\\/\\\/www.eldigitaldeasturias.com\\\/noticias\\\/kenia-presa-del-miedo-es-westgate-el-inicio-de-una-larga-pesadilla\\\/#breadcrumblist\",\"itemListElement\":[{\"@type\":\"ListItem\",\"@id\":\"https:\\\/\\\/www.eldigitaldeasturias.com\\\/noticias#listItem\",\"position\":1,\"name\":\"Home\",\"item\":\"https:\\\/\\\/www.eldigitaldeasturias.com\\\/noticias\",\"nextItem\":{\"@type\":\"ListItem\",\"@id\":\"https:\\\/\\\/www.eldigitaldeasturias.com\\\/noticias\\\/category\\\/actualidad\\\/#listItem\",\"name\":\"Actualidad\"}},{\"@type\":\"ListItem\",\"@id\":\"https:\\\/\\\/www.eldigitaldeasturias.com\\\/noticias\\\/category\\\/actualidad\\\/#listItem\",\"position\":2,\"name\":\"Actualidad\",\"item\":\"https:\\\/\\\/www.eldigitaldeasturias.com\\\/noticias\\\/category\\\/actualidad\\\/\",\"nextItem\":{\"@type\":\"ListItem\",\"@id\":\"https:\\\/\\\/www.eldigitaldeasturias.com\\\/noticias\\\/kenia-presa-del-miedo-es-westgate-el-inicio-de-una-larga-pesadilla\\\/#listItem\",\"name\":\"Kenia presa del miedo : \\u00bfEs Westgate el inicio de una larga pesadilla?\"},\"previousItem\":{\"@type\":\"ListItem\",\"@id\":\"https:\\\/\\\/www.eldigitaldeasturias.com\\\/noticias#listItem\",\"name\":\"Home\"}},{\"@type\":\"ListItem\",\"@id\":\"https:\\\/\\\/www.eldigitaldeasturias.com\\\/noticias\\\/kenia-presa-del-miedo-es-westgate-el-inicio-de-una-larga-pesadilla\\\/#listItem\",\"position\":3,\"name\":\"Kenia presa del miedo : \\u00bfEs Westgate el inicio de una larga pesadilla?\",\"previousItem\":{\"@type\":\"ListItem\",\"@id\":\"https:\\\/\\\/www.eldigitaldeasturias.com\\\/noticias\\\/category\\\/actualidad\\\/#listItem\",\"name\":\"Actualidad\"}}]},{\"@type\":\"Organization\",\"@id\":\"https:\\\/\\\/www.eldigitaldeasturias.com\\\/noticias\\\/#organization\",\"name\":\"El Digital de Asturias\",\"description\":\"Hemeroteca\",\"url\":\"https:\\\/\\\/www.eldigitaldeasturias.com\\\/noticias\\\/\",\"email\":\"info@eldigitaldeasturias.com\",\"telephone\":\"+34652131393\",\"logo\":{\"@type\":\"ImageObject\",\"url\":\"https:\\\/\\\/www.eldigitaldeasturias.com\\\/noticias\\\/wp-content\\\/uploads\\\/2020\\\/12\\\/EDA.jpg\",\"@id\":\"https:\\\/\\\/www.eldigitaldeasturias.com\\\/noticias\\\/kenia-presa-del-miedo-es-westgate-el-inicio-de-una-larga-pesadilla\\\/#organizationLogo\",\"width\":649,\"height\":297},\"image\":{\"@id\":\"https:\\\/\\\/www.eldigitaldeasturias.com\\\/noticias\\\/kenia-presa-del-miedo-es-westgate-el-inicio-de-una-larga-pesadilla\\\/#organizationLogo\"},\"sameAs\":[\"https:\\\/\\\/facebook.com\\\/eldigitaldeasturias\",\"https:\\\/\\\/www.youtube.com\\\/channel\\\/UCZP-2wLEB9Rv6erhFmqVnvg\"],\"address\":{\"@id\":\"https:\\\/\\\/www.eldigitaldeasturias.com\\\/noticias\\\/#postaladdress\",\"@type\":\"PostalAddress\",\"streetAddress\":\"san antonio 4,\",\"postalCode\":\"33430\",\"addressLocality\":\"Cand\\u00e1s\",\"addressRegion\":\"Asturias\",\"addressCountry\":\"ES\"}},{\"@type\":\"Person\",\"@id\":\"https:\\\/\\\/www.eldigitaldeasturias.com\\\/noticias\\\/author\\\/admin\\\/#author\",\"url\":\"https:\\\/\\\/www.eldigitaldeasturias.com\\\/noticias\\\/author\\\/admin\\\/\",\"name\":\"El Digital de Asturias\",\"image\":{\"@type\":\"ImageObject\",\"@id\":\"https:\\\/\\\/www.eldigitaldeasturias.com\\\/noticias\\\/kenia-presa-del-miedo-es-westgate-el-inicio-de-una-larga-pesadilla\\\/#authorImage\",\"url\":\"https:\\\/\\\/www.eldigitaldeasturias.com\\\/noticias\\\/wp-content\\\/litespeed\\\/avatar\\\/18677e78aa0546b92d9dbf31ec7d7668.jpg?ver=1776685526\",\"width\":96,\"height\":96,\"caption\":\"El Digital de Asturias\"}},{\"@type\":\"WebPage\",\"@id\":\"https:\\\/\\\/www.eldigitaldeasturias.com\\\/noticias\\\/kenia-presa-del-miedo-es-westgate-el-inicio-de-una-larga-pesadilla\\\/#webpage\",\"url\":\"https:\\\/\\\/www.eldigitaldeasturias.com\\\/noticias\\\/kenia-presa-del-miedo-es-westgate-el-inicio-de-una-larga-pesadilla\\\/\",\"name\":\"Kenia presa del miedo : \\u00bfEs Westgate el inicio de una larga pesadilla? - El Digital de Asturias\",\"description\":\"Ad\\u00eds Abeba\\\/Nairobi, 24 sep (dpa) - Una pregunta temerosa est\\u00e1 hoy en la cabeza de casi todos los kenianos: el brutal ataque al centro comercial Westgate en Nairobi \\u00bfs\\u00f3lo es el inicio de una larga cadena de atentados terroristas? \\u00bfVan a tener que aprender a vivir con el miedo al terrorismo cada vez que van\",\"inLanguage\":\"es-ES\",\"isPartOf\":{\"@id\":\"https:\\\/\\\/www.eldigitaldeasturias.com\\\/noticias\\\/#website\"},\"breadcrumb\":{\"@id\":\"https:\\\/\\\/www.eldigitaldeasturias.com\\\/noticias\\\/kenia-presa-del-miedo-es-westgate-el-inicio-de-una-larga-pesadilla\\\/#breadcrumblist\"},\"author\":{\"@id\":\"https:\\\/\\\/www.eldigitaldeasturias.com\\\/noticias\\\/author\\\/admin\\\/#author\"},\"creator\":{\"@id\":\"https:\\\/\\\/www.eldigitaldeasturias.com\\\/noticias\\\/author\\\/admin\\\/#author\"},\"image\":{\"@type\":\"ImageObject\",\"url\":\"https:\\\/\\\/www.eldigitaldeasturias.com\\\/noticias\\\/wp-content\\\/uploads\\\/2013\\\/09\\\/kenia.jpg\",\"@id\":\"https:\\\/\\\/www.eldigitaldeasturias.com\\\/noticias\\\/kenia-presa-del-miedo-es-westgate-el-inicio-de-una-larga-pesadilla\\\/#mainImage\",\"width\":500,\"height\":344},\"primaryImageOfPage\":{\"@id\":\"https:\\\/\\\/www.eldigitaldeasturias.com\\\/noticias\\\/kenia-presa-del-miedo-es-westgate-el-inicio-de-una-larga-pesadilla\\\/#mainImage\"},\"datePublished\":\"2013-09-24T23:39:32+02:00\",\"dateModified\":\"2013-09-24T23:39:32+02:00\"},{\"@type\":\"WebSite\",\"@id\":\"https:\\\/\\\/www.eldigitaldeasturias.com\\\/noticias\\\/#website\",\"url\":\"https:\\\/\\\/www.eldigitaldeasturias.com\\\/noticias\\\/\",\"name\":\"El Digital de Asturias - Diario de actualidad y noticias\",\"alternateName\":\"El Digital de Asturias - Diario de actualidad y noticias\",\"description\":\"Hemeroteca\",\"inLanguage\":\"es-ES\",\"publisher\":{\"@id\":\"https:\\\/\\\/www.eldigitaldeasturias.com\\\/noticias\\\/#organization\"}}]}\n\t\t<\/script>\n\t\t<!-- All in One SEO Pro -->\r\n\t\t<title>Kenia presa del miedo : \u00bfEs Westgate el inicio de una larga pesadilla? - El Digital de Asturias<\/title>\n\n","aioseo_head_json":{"title":"Kenia presa del miedo : \u00bfEs Westgate el inicio de una larga pesadilla? - El Digital de Asturias","description":"Ad\u00eds Abeba\/Nairobi, 24 sep (dpa) - Una pregunta temerosa est\u00e1 hoy en la cabeza de casi todos los kenianos: el brutal ataque al centro comercial Westgate en Nairobi \u00bfs\u00f3lo es el inicio de una larga cadena de atentados terroristas? \u00bfVan a tener que aprender a vivir con el miedo al terrorismo cada vez que van","canonical_url":"https:\/\/www.eldigitaldeasturias.com\/noticias\/kenia-presa-del-miedo-es-westgate-el-inicio-de-una-larga-pesadilla\/","robots":"max-image-preview:large","keywords":"actualidad","webmasterTools":{"google-site-verification":"UA-38556648-1","msvalidate.01":"7dfe9f3f1b24437ab69f4f2559babe99","miscellaneous":""},"schema":{"@context":"https:\/\/schema.org","@graph":[{"@type":"BlogPosting","@id":"https:\/\/www.eldigitaldeasturias.com\/noticias\/kenia-presa-del-miedo-es-westgate-el-inicio-de-una-larga-pesadilla\/#blogposting","name":"Kenia presa del miedo : \u00bfEs Westgate el inicio de una larga pesadilla? - El Digital de Asturias","headline":"Kenia presa del miedo : \u00bfEs Westgate el inicio de una larga pesadilla?","author":{"@id":"https:\/\/www.eldigitaldeasturias.com\/noticias\/author\/admin\/#author"},"publisher":{"@id":"https:\/\/www.eldigitaldeasturias.com\/noticias\/#organization"},"image":{"@type":"ImageObject","url":"https:\/\/www.eldigitaldeasturias.com\/noticias\/wp-content\/uploads\/2013\/09\/kenia.jpg","width":500,"height":344},"datePublished":"2013-09-24T23:39:32+02:00","dateModified":"2013-09-24T23:39:32+02:00","inLanguage":"es-ES","mainEntityOfPage":{"@id":"https:\/\/www.eldigitaldeasturias.com\/noticias\/kenia-presa-del-miedo-es-westgate-el-inicio-de-una-larga-pesadilla\/#webpage"},"isPartOf":{"@id":"https:\/\/www.eldigitaldeasturias.com\/noticias\/kenia-presa-del-miedo-es-westgate-el-inicio-de-una-larga-pesadilla\/#webpage"},"articleSection":"Actualidad"},{"@type":"BreadcrumbList","@id":"https:\/\/www.eldigitaldeasturias.com\/noticias\/kenia-presa-del-miedo-es-westgate-el-inicio-de-una-larga-pesadilla\/#breadcrumblist","itemListElement":[{"@type":"ListItem","@id":"https:\/\/www.eldigitaldeasturias.com\/noticias#listItem","position":1,"name":"Home","item":"https:\/\/www.eldigitaldeasturias.com\/noticias","nextItem":{"@type":"ListItem","@id":"https:\/\/www.eldigitaldeasturias.com\/noticias\/category\/actualidad\/#listItem","name":"Actualidad"}},{"@type":"ListItem","@id":"https:\/\/www.eldigitaldeasturias.com\/noticias\/category\/actualidad\/#listItem","position":2,"name":"Actualidad","item":"https:\/\/www.eldigitaldeasturias.com\/noticias\/category\/actualidad\/","nextItem":{"@type":"ListItem","@id":"https:\/\/www.eldigitaldeasturias.com\/noticias\/kenia-presa-del-miedo-es-westgate-el-inicio-de-una-larga-pesadilla\/#listItem","name":"Kenia presa del miedo : \u00bfEs Westgate el inicio de una larga pesadilla?"},"previousItem":{"@type":"ListItem","@id":"https:\/\/www.eldigitaldeasturias.com\/noticias#listItem","name":"Home"}},{"@type":"ListItem","@id":"https:\/\/www.eldigitaldeasturias.com\/noticias\/kenia-presa-del-miedo-es-westgate-el-inicio-de-una-larga-pesadilla\/#listItem","position":3,"name":"Kenia presa del miedo : \u00bfEs Westgate el inicio de una larga pesadilla?","previousItem":{"@type":"ListItem","@id":"https:\/\/www.eldigitaldeasturias.com\/noticias\/category\/actualidad\/#listItem","name":"Actualidad"}}]},{"@type":"Organization","@id":"https:\/\/www.eldigitaldeasturias.com\/noticias\/#organization","name":"El Digital de Asturias","description":"Hemeroteca","url":"https:\/\/www.eldigitaldeasturias.com\/noticias\/","email":"info@eldigitaldeasturias.com","telephone":"+34652131393","logo":{"@type":"ImageObject","url":"https:\/\/www.eldigitaldeasturias.com\/noticias\/wp-content\/uploads\/2020\/12\/EDA.jpg","@id":"https:\/\/www.eldigitaldeasturias.com\/noticias\/kenia-presa-del-miedo-es-westgate-el-inicio-de-una-larga-pesadilla\/#organizationLogo","width":649,"height":297},"image":{"@id":"https:\/\/www.eldigitaldeasturias.com\/noticias\/kenia-presa-del-miedo-es-westgate-el-inicio-de-una-larga-pesadilla\/#organizationLogo"},"sameAs":["https:\/\/facebook.com\/eldigitaldeasturias","https:\/\/www.youtube.com\/channel\/UCZP-2wLEB9Rv6erhFmqVnvg"],"address":{"@id":"https:\/\/www.eldigitaldeasturias.com\/noticias\/#postaladdress","@type":"PostalAddress","streetAddress":"san antonio 4,","postalCode":"33430","addressLocality":"Cand\u00e1s","addressRegion":"Asturias","addressCountry":"ES"}},{"@type":"Person","@id":"https:\/\/www.eldigitaldeasturias.com\/noticias\/author\/admin\/#author","url":"https:\/\/www.eldigitaldeasturias.com\/noticias\/author\/admin\/","name":"El Digital de Asturias","image":{"@type":"ImageObject","@id":"https:\/\/www.eldigitaldeasturias.com\/noticias\/kenia-presa-del-miedo-es-westgate-el-inicio-de-una-larga-pesadilla\/#authorImage","url":"https:\/\/www.eldigitaldeasturias.com\/noticias\/wp-content\/litespeed\/avatar\/18677e78aa0546b92d9dbf31ec7d7668.jpg?ver=1776685526","width":96,"height":96,"caption":"El Digital de Asturias"}},{"@type":"WebPage","@id":"https:\/\/www.eldigitaldeasturias.com\/noticias\/kenia-presa-del-miedo-es-westgate-el-inicio-de-una-larga-pesadilla\/#webpage","url":"https:\/\/www.eldigitaldeasturias.com\/noticias\/kenia-presa-del-miedo-es-westgate-el-inicio-de-una-larga-pesadilla\/","name":"Kenia presa del miedo : \u00bfEs Westgate el inicio de una larga pesadilla? - El Digital de Asturias","description":"Ad\u00eds Abeba\/Nairobi, 24 sep (dpa) - Una pregunta temerosa est\u00e1 hoy en la cabeza de casi todos los kenianos: el brutal ataque al centro comercial Westgate en Nairobi \u00bfs\u00f3lo es el inicio de una larga cadena de atentados terroristas? \u00bfVan a tener que aprender a vivir con el miedo al terrorismo cada vez que van","inLanguage":"es-ES","isPartOf":{"@id":"https:\/\/www.eldigitaldeasturias.com\/noticias\/#website"},"breadcrumb":{"@id":"https:\/\/www.eldigitaldeasturias.com\/noticias\/kenia-presa-del-miedo-es-westgate-el-inicio-de-una-larga-pesadilla\/#breadcrumblist"},"author":{"@id":"https:\/\/www.eldigitaldeasturias.com\/noticias\/author\/admin\/#author"},"creator":{"@id":"https:\/\/www.eldigitaldeasturias.com\/noticias\/author\/admin\/#author"},"image":{"@type":"ImageObject","url":"https:\/\/www.eldigitaldeasturias.com\/noticias\/wp-content\/uploads\/2013\/09\/kenia.jpg","@id":"https:\/\/www.eldigitaldeasturias.com\/noticias\/kenia-presa-del-miedo-es-westgate-el-inicio-de-una-larga-pesadilla\/#mainImage","width":500,"height":344},"primaryImageOfPage":{"@id":"https:\/\/www.eldigitaldeasturias.com\/noticias\/kenia-presa-del-miedo-es-westgate-el-inicio-de-una-larga-pesadilla\/#mainImage"},"datePublished":"2013-09-24T23:39:32+02:00","dateModified":"2013-09-24T23:39:32+02:00"},{"@type":"WebSite","@id":"https:\/\/www.eldigitaldeasturias.com\/noticias\/#website","url":"https:\/\/www.eldigitaldeasturias.com\/noticias\/","name":"El Digital de Asturias - Diario de actualidad y noticias","alternateName":"El Digital de Asturias - Diario de actualidad y noticias","description":"Hemeroteca","inLanguage":"es-ES","publisher":{"@id":"https:\/\/www.eldigitaldeasturias.com\/noticias\/#organization"}}]},"og:locale":"es_ES","og:site_name":"El Digital de Asturias","og:type":"article","og:title":"Kenia presa del miedo : \u00bfEs Westgate el inicio de una larga pesadilla? - El Digital de Asturias","og:description":"Ad\u00eds Abeba\/Nairobi, 24 sep (dpa) - Una pregunta temerosa est\u00e1 hoy en la cabeza de casi todos los kenianos: el brutal ataque al centro comercial Westgate en Nairobi \u00bfs\u00f3lo es el inicio de una larga cadena de atentados terroristas? \u00bfVan a tener que aprender a vivir con el miedo al terrorismo cada vez que van","og:url":"https:\/\/www.eldigitaldeasturias.com\/noticias\/kenia-presa-del-miedo-es-westgate-el-inicio-de-una-larga-pesadilla\/","og:image":"https:\/\/www.eldigitaldeasturias.com\/noticias\/wp-content\/uploads\/2013\/09\/kenia.jpg","og:image:secure_url":"https:\/\/www.eldigitaldeasturias.com\/noticias\/wp-content\/uploads\/2013\/09\/kenia.jpg","og:image:width":500,"og:image:height":344,"article:tag":["actualidad"],"article:published_time":"2013-09-24T23:39:32+00:00","article:modified_time":"2013-09-24T23:39:32+00:00","article:publisher":"https:\/\/facebook.com\/eldigitaldeasturias","twitter:card":"summary_large_image","twitter:title":"Kenia presa del miedo : \u00bfEs Westgate el inicio de una larga pesadilla? - El Digital de Asturias","twitter:description":"Ad\u00eds Abeba\/Nairobi, 24 sep (dpa) - Una pregunta temerosa est\u00e1 hoy en la cabeza de casi todos los kenianos: el brutal ataque al centro comercial Westgate en Nairobi \u00bfs\u00f3lo es el inicio de una larga cadena de atentados terroristas? \u00bfVan a tener que aprender a vivir con el miedo al terrorismo cada vez que van","twitter:image":"https:\/\/www.eldigitaldeasturias.com\/noticias\/wp-content\/uploads\/2013\/09\/kenia.jpg","twitter:label1":"Escrito por","twitter:data1":"El Digital de Asturias","twitter:label2":"Tiempo de lectura estimado","twitter:data2":"3 minutos"},"aioseo_meta_data":{"post_id":"2924","title":null,"description":null,"keywords":null,"keyphrases":null,"primary_term":null,"canonical_url":null,"og_title":null,"og_description":null,"og_object_type":"default","og_image_type":"default","og_image_url":null,"og_image_width":null,"og_image_height":null,"og_image_custom_url":null,"og_image_custom_fields":null,"og_video":null,"og_custom_url":null,"og_article_section":null,"og_article_tags":null,"twitter_use_og":true,"twitter_card":"default","twitter_image_type":"default","twitter_image_url":null,"twitter_image_custom_url":null,"twitter_image_custom_fields":null,"twitter_title":null,"twitter_description":null,"schema":{"blockGraphs":[],"customGraphs":[],"default":{"data":{"Article":[],"Course":[],"Dataset":[],"FAQPage":[],"Movie":[],"Person":[],"Product":[],"ProductReview":[],"Car":[],"Recipe":[],"Service":[],"SoftwareApplication":[],"WebPage":[]},"graphName":"","isEnabled":true},"graphs":[],"defaultGraph":"","defaultPostTypeGraph":""},"schema_type":null,"schema_type_options":null,"pillar_content":false,"robots_default":true,"robots_noindex":false,"robots_noarchive":false,"robots_nosnippet":false,"robots_nofollow":false,"robots_noimageindex":false,"robots_noodp":false,"robots_notranslate":false,"robots_max_snippet":null,"robots_max_videopreview":null,"robots_max_imagepreview":"none","priority":null,"frequency":null,"local_seo":null,"seo_analyzer_scan_date":"2025-08-21 05:16:58","breadcrumb_settings":null,"limit_modified_date":false,"open_ai":null,"ai":null,"created":"2020-11-14 22:37:00","updated":"2025-08-21 05:16:58"},"aioseo_breadcrumb":"<div class=\"aioseo-breadcrumbs\"><span class=\"aioseo-breadcrumb\">\n\t<a href=\"https:\/\/www.eldigitaldeasturias.com\/noticias\" title=\"Home\">Home<\/a>\n<\/span><span class=\"aioseo-breadcrumb-separator\">\u2013<\/span><span class=\"aioseo-breadcrumb\">\n\t<a href=\"https:\/\/www.eldigitaldeasturias.com\/noticias\/category\/actualidad\/\" title=\"Actualidad\">Actualidad<\/a>\n<\/span><span class=\"aioseo-breadcrumb-separator\">\u2013<\/span><span class=\"aioseo-breadcrumb\">\n\t<a href=\"https:\/\/www.eldigitaldeasturias.com\/noticias\/kenia-presa-del-miedo-es-westgate-el-inicio-de-una-larga-pesadilla\/\" title=\"Kenia presa del miedo : \u00bfEs Westgate el inicio de una larga pesadilla?\">Kenia presa del miedo : \u00bfEs Westgate el inicio de una larga pesadilla?<\/a>\n<\/span><\/div>","aioseo_breadcrumb_json":[{"label":"Home","link":"https:\/\/www.eldigitaldeasturias.com\/noticias"},{"label":"Actualidad","link":"https:\/\/www.eldigitaldeasturias.com\/noticias\/category\/actualidad\/"},{"label":"Kenia presa del miedo : \u00bfEs Westgate el inicio de una larga pesadilla?","link":"https:\/\/www.eldigitaldeasturias.com\/noticias\/kenia-presa-del-miedo-es-westgate-el-inicio-de-una-larga-pesadilla\/"}],"_links":{"self":[{"href":"https:\/\/www.eldigitaldeasturias.com\/noticias\/wp-json\/wp\/v2\/posts\/2924","targetHints":{"allow":["GET"]}}],"collection":[{"href":"https:\/\/www.eldigitaldeasturias.com\/noticias\/wp-json\/wp\/v2\/posts"}],"about":[{"href":"https:\/\/www.eldigitaldeasturias.com\/noticias\/wp-json\/wp\/v2\/types\/post"}],"author":[{"embeddable":true,"href":"https:\/\/www.eldigitaldeasturias.com\/noticias\/wp-json\/wp\/v2\/users\/1"}],"replies":[{"embeddable":true,"href":"https:\/\/www.eldigitaldeasturias.com\/noticias\/wp-json\/wp\/v2\/comments?post=2924"}],"version-history":[{"count":0,"href":"https:\/\/www.eldigitaldeasturias.com\/noticias\/wp-json\/wp\/v2\/posts\/2924\/revisions"}],"wp:featuredmedia":[{"embeddable":true,"href":"https:\/\/www.eldigitaldeasturias.com\/noticias\/wp-json\/wp\/v2\/media\/1406"}],"wp:attachment":[{"href":"https:\/\/www.eldigitaldeasturias.com\/noticias\/wp-json\/wp\/v2\/media?parent=2924"}],"wp:term":[{"taxonomy":"category","embeddable":true,"href":"https:\/\/www.eldigitaldeasturias.com\/noticias\/wp-json\/wp\/v2\/categories?post=2924"},{"taxonomy":"post_tag","embeddable":true,"href":"https:\/\/www.eldigitaldeasturias.com\/noticias\/wp-json\/wp\/v2\/tags?post=2924"}],"curies":[{"name":"wp","href":"https:\/\/api.w.org\/{rel}","templated":true}]}}