{"id":2918,"date":"2013-09-24T23:34:24","date_gmt":"2013-09-24T23:34:24","guid":{"rendered":"http:\/\/www.eldigitaldeasturias.com\/noticias\/?p=2918"},"modified":"2013-09-24T23:34:24","modified_gmt":"2013-09-24T23:34:24","slug":"entrevista-a-javier-camara-admiro-mucho-a-los-pequenos-heroes","status":"publish","type":"post","link":"https:\/\/www.eldigitaldeasturias.com\/noticias\/entrevista-a-javier-camara-admiro-mucho-a-los-pequenos-heroes\/","title":{"rendered":"Entrevista a Javier C\u00e1mara : \u00abAdmiro mucho a los peque\u00f1os h\u00e9roes\u00bb"},"content":{"rendered":"<p><img loading=\"lazy\" decoding=\"async\" class=\"alignleft size-full wp-image-2919\" alt=\"javiercamara\" src=\"https:\/\/www.eldigitaldeasturias.com\/noticias\/wp-content\/uploads\/2013\/09\/javiercamara.jpg\" width=\"318\" height=\"244\" \/>San Sebasti\u00e1n, 24 sep (dpa) &#8211; 2013 ha sido un gran a\u00f1o para el actor Javier C\u00e1mara: present\u00f3 en la Berlinale el drama de Isabel Coixet \u00abAyer no termina nunca\u00bb, luego llegaron \u00abUna pistola en cada mano\u00bb (Cesc Gay) y \u00abLos amantes pasajeros\u00bb (Pedro Almod\u00f3var) y a\u00fan tiene pendiente de estreno la adaptaci\u00f3n de un texto de Elvira Lindo.<\/p>\n<p>Ahora, compite en San Sebasti\u00e1n con \u00abVivir es f\u00e1cil con los ojos cerrados\u00bb (David Trueba), una f\u00e1bula tierna y positiva en la que encarna a un humilde profesor de ingl\u00e9s en busca de un sue\u00f1o: conocer a John Lennon. En una entrevista con dpa, C\u00e1mara (46 a\u00f1os) habla de su momento profesional, la necesidad de idealistas y la importancia de la cultura como arma.<\/p>\n<p><strong><em>dpa: Ha sido un a\u00f1o en el que ha hecho cuatro pel\u00edculas y tiene una por estrenar. \u00a1No para!<\/em><\/strong><\/p>\n<p>C\u00e1mara: S\u00ed, este a\u00f1o ha sido incre\u00edble, siempre pensaba en esos actores de antes como Manolito Alexandre que rodaban 20 pel\u00edculas y me dec\u00eda, \u00bfc\u00f3mo lo hacen? Pero da gusto trabajar cuando te entiendes con el director, y generacionalmente ha sido un a\u00f1o maravilloso, con Coixet, con Cesc&#8230; ahora con David. Me encanta poder ser c\u00f3mplice en un rodaje.<\/p>\n<p><strong><em>dpa: En los tiempos que corren, se agradece una pel\u00edcula optimista como \u00abVivir es f\u00e1cil con los ojos cerrados\u00bb.<\/em><\/strong><\/p>\n<p>C\u00e1mara: S\u00ed, es una pel\u00edcula luminosa, especial, de la que me siento muy orgulloso. Resulta muy dif\u00edcil de manejar por ese conflicto idealista de un hombre que sale a buscar un sue\u00f1o, por imposible que sea. Ahora, los idealistas son tildados de locos, pero a m\u00ed eso me emociona. Admiro mucho a los peque\u00f1os h\u00e9roes.<\/p>\n<p><strong><em>dpa: Ya no se ven muchos protagonistas as\u00ed, \u00bfc\u00f3mo trabaj\u00f3 la construcci\u00f3n del personaje?<\/em><\/strong><\/p>\n<p>C\u00e1mara: Pensamos mucho en esos personajes de los 60 y los 70 como Pepe Isbert en \u00abEl verdugo\u00bb. Me gustan los personajes que pasan por la vida sin darse importancia, que gesticulan y con conflictos muy cotidianos. Hombres de carne y hueso con los que te puedes identificar, y creo que David quer\u00eda recuperar eso.<\/p>\n<p><strong><em>dpa: Imagino que rodar esta pel\u00edcula le habr\u00e1 hecho reflexionar bastante sobre el papel de la educaci\u00f3n, que tan malos momentos est\u00e1 pasando&#8230;<\/em><\/strong><\/p>\n<p>C\u00e1mara: Los maestros son como los actores o los artistas, una profesi\u00f3n muy vocacional, y yo en mi vida he tenido grandes maestros que me marcaron. Por eso me duele la terrible equivocaci\u00f3n que supone descuidar la educaci\u00f3n, el gran varapalo que est\u00e1n sufriendo la ciencia y la cultura. En la generaci\u00f3n de mis padres, tener cultura era tener libertad, y eso ahora no se est\u00e1 valorando.<\/p>\n<p><strong><em>dpa: \u00bfC\u00f3mo fue conocer al protagonista real de la historia?<\/em><\/strong><\/p>\n<p>C\u00e1mara: Es un hombre impactante, con unos ojos azules impresionantes, el pelo blanco y de esos que te aprieta la mano al saludarte. No s\u00f3lo daba clases de ingl\u00e9s, \u00e9l abr\u00eda ventanas a sus alumnos, les instaba a que no tuvieran miedo. Una persona so\u00f1adora pero todo el tiempo con los pies en el suelo. Y lo cierto es que despu\u00e9s de aquella an\u00e9cdota, los discos de los Beatles incluyeron las letras de las canciones. \u00c9l es de los que realmente puede decir eso de \u00absi quieres, puedes\u00bb.<\/p>\n<p><strong><em>dpa: \u00bfEs usted tan mit\u00f3mano como su alter ego en la gran pantalla? \u00bfCon quien le encantar\u00eda tener la oportunidad de sentarse y charlar?<\/em><\/strong><\/p>\n<p>C\u00e1mara: No, nunca he perseguido a nadie, como actor que a veces lo ha vivido desde el otro lado me da mucho respeto. Pero por supuesto, hay mucha gente a la que me encantar\u00eda conocer, por ejemplo (el m\u00fasico y director de orquesta catal\u00e1n) Jordi Savall. Me apasiona la m\u00fasica barroca.<\/p>\n<p><strong><em>dpa: Nunca ha interpretado a un villano, a un malo de verdad. \u00bfLe gustar\u00eda?<\/em><\/strong><\/p>\n<p>C\u00e1mara: S\u00ed, es cierto. Y bueno, me llaman la atenci\u00f3n esos conflictos grandes. Explicar la maldad humana, pero no una maldad como la de los dictadores, sino la manipulaci\u00f3n, la perversi\u00f3n. Malos de los que viven a tu lado sin darte cuenta, y que cuando cometen un crimen la vecina le dice a la polic\u00eda \u00abparec\u00eda un tipo encantador\u00bb.<\/p>\n<p><strong><em>dpa: Parece que este a\u00f1o, pese a todas las dificultades, volvemos a tener una buena cosecha de pel\u00edculas espa\u00f1olas en San Sebasti\u00e1n.<\/em><\/strong><\/p>\n<p>C\u00e1mara: Son malos momentos, la gente busca debajo de las piedras, pero aunque el dinero escasee, hay mucho talento. Lo que no puede ser es que, como al final nos bajamos los sueldos y reducimos los costes a la m\u00ednima expresi\u00f3n, haya gente que nos diga \u00ab\u00bfno veis como pod\u00e9is seguir haciendo pel\u00edculas?\u00bb. As\u00ed no podemos seguir.<\/p>\n<p>Por Elena Box<\/p>\n","protected":false},"excerpt":{"rendered":"<p>San Sebasti\u00e1n, 24 sep (dpa) &#8211; 2013 ha sido un gran a\u00f1o para el actor Javier C\u00e1mara: present\u00f3 en la Berlinale el drama de Isabel Coixet \u00abAyer no termina nunca\u00bb, luego llegaron \u00abUna pistola en cada mano\u00bb (Cesc Gay) y \u00abLos amantes pasajeros\u00bb (Pedro Almod\u00f3var) y a\u00fan tiene pendiente de estreno la adaptaci\u00f3n de un [&hellip;]<\/p>\n","protected":false},"author":1,"featured_media":2919,"comment_status":"open","ping_status":"open","sticky":false,"template":"","format":"standard","meta":{"footnotes":""},"categories":[1],"tags":[],"class_list":["post-2918","post","type-post","status-publish","format-standard","has-post-thumbnail","hentry","category-actualidad"],"aioseo_notices":[],"aioseo_head":"\n\t\t<!-- All in One SEO Pro 4.9.6.2 - aioseo.com -->\n\t<meta name=\"description\" content=\"San Sebasti\u00e1n, 24 sep (dpa) - 2013 ha sido un gran a\u00f1o para el actor Javier C\u00e1mara: present\u00f3 en la Berlinale el drama de Isabel Coixet &quot;Ayer no termina nunca&quot;, luego llegaron &quot;Una pistola en cada mano&quot; (Cesc Gay) y &quot;Los amantes pasajeros&quot; (Pedro Almod\u00f3var) y a\u00fan tiene pendiente de estreno la adaptaci\u00f3n de un\" \/>\n\t<meta name=\"robots\" content=\"max-image-preview:large\" \/>\n\t<meta name=\"author\" content=\"El Digital de Asturias\"\/>\n\t<meta name=\"google-site-verification\" content=\"UA-38556648-1\" \/>\n\t<meta name=\"msvalidate.01\" content=\"7dfe9f3f1b24437ab69f4f2559babe99\" \/>\n\t<meta name=\"keywords\" content=\"actualidad\" \/>\n\t<link rel=\"canonical\" href=\"https:\/\/www.eldigitaldeasturias.com\/noticias\/entrevista-a-javier-camara-admiro-mucho-a-los-pequenos-heroes\/\" \/>\n\t<meta name=\"generator\" content=\"All in One SEO Pro (AIOSEO) 4.9.6.2\" \/>\n\t\t<meta property=\"og:locale\" content=\"es_ES\" \/>\n\t\t<meta property=\"og:site_name\" content=\"El Digital de Asturias\" \/>\n\t\t<meta property=\"og:type\" content=\"article\" \/>\n\t\t<meta property=\"og:title\" content=\"Entrevista a Javier C\u00e1mara : \u00abAdmiro mucho a los peque\u00f1os h\u00e9roes\u00bb - El Digital de Asturias\" \/>\n\t\t<meta property=\"og:description\" content=\"San Sebasti\u00e1n, 24 sep (dpa) - 2013 ha sido un gran a\u00f1o para el actor Javier C\u00e1mara: present\u00f3 en la Berlinale el drama de Isabel Coixet &quot;Ayer no termina nunca&quot;, luego llegaron &quot;Una pistola en cada mano&quot; (Cesc Gay) y &quot;Los amantes pasajeros&quot; (Pedro Almod\u00f3var) y a\u00fan tiene pendiente de estreno la adaptaci\u00f3n de un\" \/>\n\t\t<meta property=\"og:url\" content=\"https:\/\/www.eldigitaldeasturias.com\/noticias\/entrevista-a-javier-camara-admiro-mucho-a-los-pequenos-heroes\/\" \/>\n\t\t<meta property=\"article:tag\" content=\"actualidad\" \/>\n\t\t<meta property=\"article:published_time\" content=\"2013-09-24T23:34:24+00:00\" \/>\n\t\t<meta property=\"article:modified_time\" content=\"2013-09-24T23:34:24+00:00\" \/>\n\t\t<meta property=\"article:publisher\" content=\"https:\/\/facebook.com\/eldigitaldeasturias\" \/>\n\t\t<meta name=\"twitter:card\" content=\"summary_large_image\" \/>\n\t\t<meta name=\"twitter:title\" content=\"Entrevista a Javier C\u00e1mara : \u00abAdmiro mucho a los peque\u00f1os h\u00e9roes\u00bb - El Digital de Asturias\" \/>\n\t\t<meta name=\"twitter:description\" content=\"San Sebasti\u00e1n, 24 sep (dpa) - 2013 ha sido un gran a\u00f1o para el actor Javier C\u00e1mara: present\u00f3 en la Berlinale el drama de Isabel Coixet &quot;Ayer no termina nunca&quot;, luego llegaron &quot;Una pistola en cada mano&quot; (Cesc Gay) y &quot;Los amantes pasajeros&quot; (Pedro Almod\u00f3var) y a\u00fan tiene pendiente de estreno la adaptaci\u00f3n de un\" \/>\n\t\t<meta name=\"twitter:label1\" content=\"Escrito por\" \/>\n\t\t<meta name=\"twitter:data1\" content=\"El Digital de Asturias\" \/>\n\t\t<meta name=\"twitter:label2\" content=\"Tiempo de lectura estimado\" \/>\n\t\t<meta name=\"twitter:data2\" content=\"4 minutos\" \/>\n\t\t<script type=\"application\/ld+json\" class=\"aioseo-schema\">\n\t\t\t{\"@context\":\"https:\\\/\\\/schema.org\",\"@graph\":[{\"@type\":\"BlogPosting\",\"@id\":\"https:\\\/\\\/www.eldigitaldeasturias.com\\\/noticias\\\/entrevista-a-javier-camara-admiro-mucho-a-los-pequenos-heroes\\\/#blogposting\",\"name\":\"Entrevista a Javier C\\u00e1mara : \\u00abAdmiro mucho a los peque\\u00f1os h\\u00e9roes\\u00bb - El Digital de Asturias\",\"headline\":\"Entrevista a Javier C\\u00e1mara : \\u00abAdmiro mucho a los peque\\u00f1os h\\u00e9roes\\u00bb\",\"author\":{\"@id\":\"https:\\\/\\\/www.eldigitaldeasturias.com\\\/noticias\\\/author\\\/admin\\\/#author\"},\"publisher\":{\"@id\":\"https:\\\/\\\/www.eldigitaldeasturias.com\\\/noticias\\\/#organization\"},\"image\":{\"@type\":\"ImageObject\",\"url\":2919},\"datePublished\":\"2013-09-24T23:34:24+02:00\",\"dateModified\":\"2013-09-24T23:34:24+02:00\",\"inLanguage\":\"es-ES\",\"mainEntityOfPage\":{\"@id\":\"https:\\\/\\\/www.eldigitaldeasturias.com\\\/noticias\\\/entrevista-a-javier-camara-admiro-mucho-a-los-pequenos-heroes\\\/#webpage\"},\"isPartOf\":{\"@id\":\"https:\\\/\\\/www.eldigitaldeasturias.com\\\/noticias\\\/entrevista-a-javier-camara-admiro-mucho-a-los-pequenos-heroes\\\/#webpage\"},\"articleSection\":\"Actualidad\"},{\"@type\":\"BreadcrumbList\",\"@id\":\"https:\\\/\\\/www.eldigitaldeasturias.com\\\/noticias\\\/entrevista-a-javier-camara-admiro-mucho-a-los-pequenos-heroes\\\/#breadcrumblist\",\"itemListElement\":[{\"@type\":\"ListItem\",\"@id\":\"https:\\\/\\\/www.eldigitaldeasturias.com\\\/noticias#listItem\",\"position\":1,\"name\":\"Home\",\"item\":\"https:\\\/\\\/www.eldigitaldeasturias.com\\\/noticias\",\"nextItem\":{\"@type\":\"ListItem\",\"@id\":\"https:\\\/\\\/www.eldigitaldeasturias.com\\\/noticias\\\/category\\\/actualidad\\\/#listItem\",\"name\":\"Actualidad\"}},{\"@type\":\"ListItem\",\"@id\":\"https:\\\/\\\/www.eldigitaldeasturias.com\\\/noticias\\\/category\\\/actualidad\\\/#listItem\",\"position\":2,\"name\":\"Actualidad\",\"item\":\"https:\\\/\\\/www.eldigitaldeasturias.com\\\/noticias\\\/category\\\/actualidad\\\/\",\"nextItem\":{\"@type\":\"ListItem\",\"@id\":\"https:\\\/\\\/www.eldigitaldeasturias.com\\\/noticias\\\/entrevista-a-javier-camara-admiro-mucho-a-los-pequenos-heroes\\\/#listItem\",\"name\":\"Entrevista a Javier C\\u00e1mara : \\u00abAdmiro mucho a los peque\\u00f1os h\\u00e9roes\\u00bb\"},\"previousItem\":{\"@type\":\"ListItem\",\"@id\":\"https:\\\/\\\/www.eldigitaldeasturias.com\\\/noticias#listItem\",\"name\":\"Home\"}},{\"@type\":\"ListItem\",\"@id\":\"https:\\\/\\\/www.eldigitaldeasturias.com\\\/noticias\\\/entrevista-a-javier-camara-admiro-mucho-a-los-pequenos-heroes\\\/#listItem\",\"position\":3,\"name\":\"Entrevista a Javier C\\u00e1mara : \\u00abAdmiro mucho a los peque\\u00f1os h\\u00e9roes\\u00bb\",\"previousItem\":{\"@type\":\"ListItem\",\"@id\":\"https:\\\/\\\/www.eldigitaldeasturias.com\\\/noticias\\\/category\\\/actualidad\\\/#listItem\",\"name\":\"Actualidad\"}}]},{\"@type\":\"Organization\",\"@id\":\"https:\\\/\\\/www.eldigitaldeasturias.com\\\/noticias\\\/#organization\",\"name\":\"El Digital de Asturias\",\"description\":\"Hemeroteca\",\"url\":\"https:\\\/\\\/www.eldigitaldeasturias.com\\\/noticias\\\/\",\"email\":\"info@eldigitaldeasturias.com\",\"telephone\":\"+34652131393\",\"logo\":{\"@type\":\"ImageObject\",\"url\":\"https:\\\/\\\/www.eldigitaldeasturias.com\\\/noticias\\\/wp-content\\\/uploads\\\/2020\\\/12\\\/EDA.jpg\",\"@id\":\"https:\\\/\\\/www.eldigitaldeasturias.com\\\/noticias\\\/entrevista-a-javier-camara-admiro-mucho-a-los-pequenos-heroes\\\/#organizationLogo\",\"width\":649,\"height\":297},\"image\":{\"@id\":\"https:\\\/\\\/www.eldigitaldeasturias.com\\\/noticias\\\/entrevista-a-javier-camara-admiro-mucho-a-los-pequenos-heroes\\\/#organizationLogo\"},\"sameAs\":[\"https:\\\/\\\/facebook.com\\\/eldigitaldeasturias\",\"https:\\\/\\\/www.youtube.com\\\/channel\\\/UCZP-2wLEB9Rv6erhFmqVnvg\"],\"address\":{\"@id\":\"https:\\\/\\\/www.eldigitaldeasturias.com\\\/noticias\\\/#postaladdress\",\"@type\":\"PostalAddress\",\"streetAddress\":\"san antonio 4,\",\"postalCode\":\"33430\",\"addressLocality\":\"Cand\\u00e1s\",\"addressRegion\":\"Asturias\",\"addressCountry\":\"ES\"}},{\"@type\":\"Person\",\"@id\":\"https:\\\/\\\/www.eldigitaldeasturias.com\\\/noticias\\\/author\\\/admin\\\/#author\",\"url\":\"https:\\\/\\\/www.eldigitaldeasturias.com\\\/noticias\\\/author\\\/admin\\\/\",\"name\":\"El Digital de Asturias\",\"image\":{\"@type\":\"ImageObject\",\"@id\":\"https:\\\/\\\/www.eldigitaldeasturias.com\\\/noticias\\\/entrevista-a-javier-camara-admiro-mucho-a-los-pequenos-heroes\\\/#authorImage\",\"url\":\"https:\\\/\\\/www.eldigitaldeasturias.com\\\/noticias\\\/wp-content\\\/litespeed\\\/avatar\\\/18677e78aa0546b92d9dbf31ec7d7668.jpg?ver=1776685526\",\"width\":96,\"height\":96,\"caption\":\"El Digital de Asturias\"}},{\"@type\":\"WebPage\",\"@id\":\"https:\\\/\\\/www.eldigitaldeasturias.com\\\/noticias\\\/entrevista-a-javier-camara-admiro-mucho-a-los-pequenos-heroes\\\/#webpage\",\"url\":\"https:\\\/\\\/www.eldigitaldeasturias.com\\\/noticias\\\/entrevista-a-javier-camara-admiro-mucho-a-los-pequenos-heroes\\\/\",\"name\":\"Entrevista a Javier C\\u00e1mara : \\u00abAdmiro mucho a los peque\\u00f1os h\\u00e9roes\\u00bb - El Digital de Asturias\",\"description\":\"San Sebasti\\u00e1n, 24 sep (dpa) - 2013 ha sido un gran a\\u00f1o para el actor Javier C\\u00e1mara: present\\u00f3 en la Berlinale el drama de Isabel Coixet \\\"Ayer no termina nunca\\\", luego llegaron \\\"Una pistola en cada mano\\\" (Cesc Gay) y \\\"Los amantes pasajeros\\\" (Pedro Almod\\u00f3var) y a\\u00fan tiene pendiente de estreno la adaptaci\\u00f3n de un\",\"inLanguage\":\"es-ES\",\"isPartOf\":{\"@id\":\"https:\\\/\\\/www.eldigitaldeasturias.com\\\/noticias\\\/#website\"},\"breadcrumb\":{\"@id\":\"https:\\\/\\\/www.eldigitaldeasturias.com\\\/noticias\\\/entrevista-a-javier-camara-admiro-mucho-a-los-pequenos-heroes\\\/#breadcrumblist\"},\"author\":{\"@id\":\"https:\\\/\\\/www.eldigitaldeasturias.com\\\/noticias\\\/author\\\/admin\\\/#author\"},\"creator\":{\"@id\":\"https:\\\/\\\/www.eldigitaldeasturias.com\\\/noticias\\\/author\\\/admin\\\/#author\"},\"image\":{\"@type\":\"ImageObject\",\"url\":2919,\"@id\":\"https:\\\/\\\/www.eldigitaldeasturias.com\\\/noticias\\\/entrevista-a-javier-camara-admiro-mucho-a-los-pequenos-heroes\\\/#mainImage\"},\"primaryImageOfPage\":{\"@id\":\"https:\\\/\\\/www.eldigitaldeasturias.com\\\/noticias\\\/entrevista-a-javier-camara-admiro-mucho-a-los-pequenos-heroes\\\/#mainImage\"},\"datePublished\":\"2013-09-24T23:34:24+02:00\",\"dateModified\":\"2013-09-24T23:34:24+02:00\"},{\"@type\":\"WebSite\",\"@id\":\"https:\\\/\\\/www.eldigitaldeasturias.com\\\/noticias\\\/#website\",\"url\":\"https:\\\/\\\/www.eldigitaldeasturias.com\\\/noticias\\\/\",\"name\":\"El Digital de Asturias - Diario de actualidad y noticias\",\"alternateName\":\"El Digital de Asturias - Diario de actualidad y noticias\",\"description\":\"Hemeroteca\",\"inLanguage\":\"es-ES\",\"publisher\":{\"@id\":\"https:\\\/\\\/www.eldigitaldeasturias.com\\\/noticias\\\/#organization\"}}]}\n\t\t<\/script>\n\t\t<!-- All in One SEO Pro -->\r\n\t\t<title>Entrevista a Javier C\u00e1mara : \u00abAdmiro mucho a los peque\u00f1os h\u00e9roes\u00bb - El Digital de Asturias<\/title>\n\n","aioseo_head_json":{"title":"Entrevista a Javier C\u00e1mara : \u00abAdmiro mucho a los peque\u00f1os h\u00e9roes\u00bb - El Digital de Asturias","description":"San Sebasti\u00e1n, 24 sep (dpa) - 2013 ha sido un gran a\u00f1o para el actor Javier C\u00e1mara: present\u00f3 en la Berlinale el drama de Isabel Coixet \"Ayer no termina nunca\", luego llegaron \"Una pistola en cada mano\" (Cesc Gay) y \"Los amantes pasajeros\" (Pedro Almod\u00f3var) y a\u00fan tiene pendiente de estreno la adaptaci\u00f3n de un","canonical_url":"https:\/\/www.eldigitaldeasturias.com\/noticias\/entrevista-a-javier-camara-admiro-mucho-a-los-pequenos-heroes\/","robots":"max-image-preview:large","keywords":"actualidad","webmasterTools":{"google-site-verification":"UA-38556648-1","msvalidate.01":"7dfe9f3f1b24437ab69f4f2559babe99","miscellaneous":""},"schema":{"@context":"https:\/\/schema.org","@graph":[{"@type":"BlogPosting","@id":"https:\/\/www.eldigitaldeasturias.com\/noticias\/entrevista-a-javier-camara-admiro-mucho-a-los-pequenos-heroes\/#blogposting","name":"Entrevista a Javier C\u00e1mara : \u00abAdmiro mucho a los peque\u00f1os h\u00e9roes\u00bb - El Digital de Asturias","headline":"Entrevista a Javier C\u00e1mara : \u00abAdmiro mucho a los peque\u00f1os h\u00e9roes\u00bb","author":{"@id":"https:\/\/www.eldigitaldeasturias.com\/noticias\/author\/admin\/#author"},"publisher":{"@id":"https:\/\/www.eldigitaldeasturias.com\/noticias\/#organization"},"image":{"@type":"ImageObject","url":2919},"datePublished":"2013-09-24T23:34:24+02:00","dateModified":"2013-09-24T23:34:24+02:00","inLanguage":"es-ES","mainEntityOfPage":{"@id":"https:\/\/www.eldigitaldeasturias.com\/noticias\/entrevista-a-javier-camara-admiro-mucho-a-los-pequenos-heroes\/#webpage"},"isPartOf":{"@id":"https:\/\/www.eldigitaldeasturias.com\/noticias\/entrevista-a-javier-camara-admiro-mucho-a-los-pequenos-heroes\/#webpage"},"articleSection":"Actualidad"},{"@type":"BreadcrumbList","@id":"https:\/\/www.eldigitaldeasturias.com\/noticias\/entrevista-a-javier-camara-admiro-mucho-a-los-pequenos-heroes\/#breadcrumblist","itemListElement":[{"@type":"ListItem","@id":"https:\/\/www.eldigitaldeasturias.com\/noticias#listItem","position":1,"name":"Home","item":"https:\/\/www.eldigitaldeasturias.com\/noticias","nextItem":{"@type":"ListItem","@id":"https:\/\/www.eldigitaldeasturias.com\/noticias\/category\/actualidad\/#listItem","name":"Actualidad"}},{"@type":"ListItem","@id":"https:\/\/www.eldigitaldeasturias.com\/noticias\/category\/actualidad\/#listItem","position":2,"name":"Actualidad","item":"https:\/\/www.eldigitaldeasturias.com\/noticias\/category\/actualidad\/","nextItem":{"@type":"ListItem","@id":"https:\/\/www.eldigitaldeasturias.com\/noticias\/entrevista-a-javier-camara-admiro-mucho-a-los-pequenos-heroes\/#listItem","name":"Entrevista a Javier C\u00e1mara : \u00abAdmiro mucho a los peque\u00f1os h\u00e9roes\u00bb"},"previousItem":{"@type":"ListItem","@id":"https:\/\/www.eldigitaldeasturias.com\/noticias#listItem","name":"Home"}},{"@type":"ListItem","@id":"https:\/\/www.eldigitaldeasturias.com\/noticias\/entrevista-a-javier-camara-admiro-mucho-a-los-pequenos-heroes\/#listItem","position":3,"name":"Entrevista a Javier C\u00e1mara : \u00abAdmiro mucho a los peque\u00f1os h\u00e9roes\u00bb","previousItem":{"@type":"ListItem","@id":"https:\/\/www.eldigitaldeasturias.com\/noticias\/category\/actualidad\/#listItem","name":"Actualidad"}}]},{"@type":"Organization","@id":"https:\/\/www.eldigitaldeasturias.com\/noticias\/#organization","name":"El Digital de Asturias","description":"Hemeroteca","url":"https:\/\/www.eldigitaldeasturias.com\/noticias\/","email":"info@eldigitaldeasturias.com","telephone":"+34652131393","logo":{"@type":"ImageObject","url":"https:\/\/www.eldigitaldeasturias.com\/noticias\/wp-content\/uploads\/2020\/12\/EDA.jpg","@id":"https:\/\/www.eldigitaldeasturias.com\/noticias\/entrevista-a-javier-camara-admiro-mucho-a-los-pequenos-heroes\/#organizationLogo","width":649,"height":297},"image":{"@id":"https:\/\/www.eldigitaldeasturias.com\/noticias\/entrevista-a-javier-camara-admiro-mucho-a-los-pequenos-heroes\/#organizationLogo"},"sameAs":["https:\/\/facebook.com\/eldigitaldeasturias","https:\/\/www.youtube.com\/channel\/UCZP-2wLEB9Rv6erhFmqVnvg"],"address":{"@id":"https:\/\/www.eldigitaldeasturias.com\/noticias\/#postaladdress","@type":"PostalAddress","streetAddress":"san antonio 4,","postalCode":"33430","addressLocality":"Cand\u00e1s","addressRegion":"Asturias","addressCountry":"ES"}},{"@type":"Person","@id":"https:\/\/www.eldigitaldeasturias.com\/noticias\/author\/admin\/#author","url":"https:\/\/www.eldigitaldeasturias.com\/noticias\/author\/admin\/","name":"El Digital de Asturias","image":{"@type":"ImageObject","@id":"https:\/\/www.eldigitaldeasturias.com\/noticias\/entrevista-a-javier-camara-admiro-mucho-a-los-pequenos-heroes\/#authorImage","url":"https:\/\/www.eldigitaldeasturias.com\/noticias\/wp-content\/litespeed\/avatar\/18677e78aa0546b92d9dbf31ec7d7668.jpg?ver=1776685526","width":96,"height":96,"caption":"El Digital de Asturias"}},{"@type":"WebPage","@id":"https:\/\/www.eldigitaldeasturias.com\/noticias\/entrevista-a-javier-camara-admiro-mucho-a-los-pequenos-heroes\/#webpage","url":"https:\/\/www.eldigitaldeasturias.com\/noticias\/entrevista-a-javier-camara-admiro-mucho-a-los-pequenos-heroes\/","name":"Entrevista a Javier C\u00e1mara : \u00abAdmiro mucho a los peque\u00f1os h\u00e9roes\u00bb - El Digital de Asturias","description":"San Sebasti\u00e1n, 24 sep (dpa) - 2013 ha sido un gran a\u00f1o para el actor Javier C\u00e1mara: present\u00f3 en la Berlinale el drama de Isabel Coixet \"Ayer no termina nunca\", luego llegaron \"Una pistola en cada mano\" (Cesc Gay) y \"Los amantes pasajeros\" (Pedro Almod\u00f3var) y a\u00fan tiene pendiente de estreno la adaptaci\u00f3n de un","inLanguage":"es-ES","isPartOf":{"@id":"https:\/\/www.eldigitaldeasturias.com\/noticias\/#website"},"breadcrumb":{"@id":"https:\/\/www.eldigitaldeasturias.com\/noticias\/entrevista-a-javier-camara-admiro-mucho-a-los-pequenos-heroes\/#breadcrumblist"},"author":{"@id":"https:\/\/www.eldigitaldeasturias.com\/noticias\/author\/admin\/#author"},"creator":{"@id":"https:\/\/www.eldigitaldeasturias.com\/noticias\/author\/admin\/#author"},"image":{"@type":"ImageObject","url":2919,"@id":"https:\/\/www.eldigitaldeasturias.com\/noticias\/entrevista-a-javier-camara-admiro-mucho-a-los-pequenos-heroes\/#mainImage"},"primaryImageOfPage":{"@id":"https:\/\/www.eldigitaldeasturias.com\/noticias\/entrevista-a-javier-camara-admiro-mucho-a-los-pequenos-heroes\/#mainImage"},"datePublished":"2013-09-24T23:34:24+02:00","dateModified":"2013-09-24T23:34:24+02:00"},{"@type":"WebSite","@id":"https:\/\/www.eldigitaldeasturias.com\/noticias\/#website","url":"https:\/\/www.eldigitaldeasturias.com\/noticias\/","name":"El Digital de Asturias - Diario de actualidad y noticias","alternateName":"El Digital de Asturias - Diario de actualidad y noticias","description":"Hemeroteca","inLanguage":"es-ES","publisher":{"@id":"https:\/\/www.eldigitaldeasturias.com\/noticias\/#organization"}}]},"og:locale":"es_ES","og:site_name":"El Digital de Asturias","og:type":"article","og:title":"Entrevista a Javier C\u00e1mara : \u00abAdmiro mucho a los peque\u00f1os h\u00e9roes\u00bb - El Digital de Asturias","og:description":"San Sebasti\u00e1n, 24 sep (dpa) - 2013 ha sido un gran a\u00f1o para el actor Javier C\u00e1mara: present\u00f3 en la Berlinale el drama de Isabel Coixet &quot;Ayer no termina nunca&quot;, luego llegaron &quot;Una pistola en cada mano&quot; (Cesc Gay) y &quot;Los amantes pasajeros&quot; (Pedro Almod\u00f3var) y a\u00fan tiene pendiente de estreno la adaptaci\u00f3n de un","og:url":"https:\/\/www.eldigitaldeasturias.com\/noticias\/entrevista-a-javier-camara-admiro-mucho-a-los-pequenos-heroes\/","article:tag":["actualidad"],"article:published_time":"2013-09-24T23:34:24+00:00","article:modified_time":"2013-09-24T23:34:24+00:00","article:publisher":"https:\/\/facebook.com\/eldigitaldeasturias","twitter:card":"summary_large_image","twitter:title":"Entrevista a Javier C\u00e1mara : \u00abAdmiro mucho a los peque\u00f1os h\u00e9roes\u00bb - El Digital de Asturias","twitter:description":"San Sebasti\u00e1n, 24 sep (dpa) - 2013 ha sido un gran a\u00f1o para el actor Javier C\u00e1mara: present\u00f3 en la Berlinale el drama de Isabel Coixet &quot;Ayer no termina nunca&quot;, luego llegaron &quot;Una pistola en cada mano&quot; (Cesc Gay) y &quot;Los amantes pasajeros&quot; (Pedro Almod\u00f3var) y a\u00fan tiene pendiente de estreno la adaptaci\u00f3n de un","twitter:label1":"Escrito por","twitter:data1":"El Digital de Asturias","twitter:label2":"Tiempo de lectura estimado","twitter:data2":"4 minutos"},"aioseo_meta_data":{"post_id":"2918","title":null,"description":null,"keywords":null,"keyphrases":null,"primary_term":null,"canonical_url":null,"og_title":null,"og_description":null,"og_object_type":"default","og_image_type":"default","og_image_url":null,"og_image_width":null,"og_image_height":null,"og_image_custom_url":null,"og_image_custom_fields":null,"og_video":null,"og_custom_url":null,"og_article_section":null,"og_article_tags":null,"twitter_use_og":true,"twitter_card":"default","twitter_image_type":"default","twitter_image_url":null,"twitter_image_custom_url":null,"twitter_image_custom_fields":null,"twitter_title":null,"twitter_description":null,"schema":{"blockGraphs":[],"customGraphs":[],"default":{"data":{"Article":[],"Course":[],"Dataset":[],"FAQPage":[],"Movie":[],"Person":[],"Product":[],"ProductReview":[],"Car":[],"Recipe":[],"Service":[],"SoftwareApplication":[],"WebPage":[]},"graphName":"","isEnabled":true},"graphs":[],"defaultGraph":"","defaultPostTypeGraph":""},"schema_type":null,"schema_type_options":null,"pillar_content":false,"robots_default":true,"robots_noindex":false,"robots_noarchive":false,"robots_nosnippet":false,"robots_nofollow":false,"robots_noimageindex":false,"robots_noodp":false,"robots_notranslate":false,"robots_max_snippet":null,"robots_max_videopreview":null,"robots_max_imagepreview":"none","priority":null,"frequency":null,"local_seo":null,"seo_analyzer_scan_date":"2025-08-21 05:16:55","breadcrumb_settings":null,"limit_modified_date":false,"open_ai":null,"ai":null,"created":"2020-11-14 22:37:00","updated":"2025-08-21 05:16:55"},"aioseo_breadcrumb":"<div class=\"aioseo-breadcrumbs\"><span class=\"aioseo-breadcrumb\">\n\t<a href=\"https:\/\/www.eldigitaldeasturias.com\/noticias\" title=\"Home\">Home<\/a>\n<\/span><span class=\"aioseo-breadcrumb-separator\">\u2013<\/span><span class=\"aioseo-breadcrumb\">\n\t<a href=\"https:\/\/www.eldigitaldeasturias.com\/noticias\/category\/actualidad\/\" title=\"Actualidad\">Actualidad<\/a>\n<\/span><span class=\"aioseo-breadcrumb-separator\">\u2013<\/span><span class=\"aioseo-breadcrumb\">\n\t<a href=\"https:\/\/www.eldigitaldeasturias.com\/noticias\/entrevista-a-javier-camara-admiro-mucho-a-los-pequenos-heroes\/\" title=\"Entrevista a Javier C\u00e1mara : \u00abAdmiro mucho a los peque\u00f1os h\u00e9roes\u00bb\">Entrevista a Javier C\u00e1mara : \u00abAdmiro mucho a los peque\u00f1os h\u00e9roes\u00bb<\/a>\n<\/span><\/div>","aioseo_breadcrumb_json":[{"label":"Home","link":"https:\/\/www.eldigitaldeasturias.com\/noticias"},{"label":"Actualidad","link":"https:\/\/www.eldigitaldeasturias.com\/noticias\/category\/actualidad\/"},{"label":"Entrevista a Javier C\u00e1mara : \u00abAdmiro mucho a los peque\u00f1os h\u00e9roes\u00bb","link":"https:\/\/www.eldigitaldeasturias.com\/noticias\/entrevista-a-javier-camara-admiro-mucho-a-los-pequenos-heroes\/"}],"_links":{"self":[{"href":"https:\/\/www.eldigitaldeasturias.com\/noticias\/wp-json\/wp\/v2\/posts\/2918","targetHints":{"allow":["GET"]}}],"collection":[{"href":"https:\/\/www.eldigitaldeasturias.com\/noticias\/wp-json\/wp\/v2\/posts"}],"about":[{"href":"https:\/\/www.eldigitaldeasturias.com\/noticias\/wp-json\/wp\/v2\/types\/post"}],"author":[{"embeddable":true,"href":"https:\/\/www.eldigitaldeasturias.com\/noticias\/wp-json\/wp\/v2\/users\/1"}],"replies":[{"embeddable":true,"href":"https:\/\/www.eldigitaldeasturias.com\/noticias\/wp-json\/wp\/v2\/comments?post=2918"}],"version-history":[{"count":0,"href":"https:\/\/www.eldigitaldeasturias.com\/noticias\/wp-json\/wp\/v2\/posts\/2918\/revisions"}],"wp:featuredmedia":[{"embeddable":true,"href":"https:\/\/www.eldigitaldeasturias.com\/noticias\/wp-json\/"}],"wp:attachment":[{"href":"https:\/\/www.eldigitaldeasturias.com\/noticias\/wp-json\/wp\/v2\/media?parent=2918"}],"wp:term":[{"taxonomy":"category","embeddable":true,"href":"https:\/\/www.eldigitaldeasturias.com\/noticias\/wp-json\/wp\/v2\/categories?post=2918"},{"taxonomy":"post_tag","embeddable":true,"href":"https:\/\/www.eldigitaldeasturias.com\/noticias\/wp-json\/wp\/v2\/tags?post=2918"}],"curies":[{"name":"wp","href":"https:\/\/api.w.org\/{rel}","templated":true}]}}