{"id":2915,"date":"2013-09-24T23:22:58","date_gmt":"2013-09-24T23:22:58","guid":{"rendered":"http:\/\/www.eldigitaldeasturias.com\/noticias\/?p=2915"},"modified":"2013-09-24T23:22:58","modified_gmt":"2013-09-24T23:22:58","slug":"carreno-exposicion-de-artes-plasticas-en-el-museo-anton-de-candas","status":"publish","type":"post","link":"https:\/\/www.eldigitaldeasturias.com\/noticias\/carreno-exposicion-de-artes-plasticas-en-el-museo-anton-de-candas\/","title":{"rendered":"Carre\u00f1o : Exposici\u00f3n de Artes Pl\u00e1sticas en el Museo Ant\u00f3n de Cand\u00e1s."},"content":{"rendered":"<p><img loading=\"lazy\" decoding=\"async\" class=\"alignleft size-medium wp-image-2916\" alt=\"museoanton\" src=\"https:\/\/www.eldigitaldeasturias.com\/noticias\/wp-content\/uploads\/2013\/09\/museoanton-360x233.jpg\" width=\"360\" height=\"233\" \/>\u201cEl Centro de Escultura de Cand\u00e1s, Museo Ant\u00f3n, interesado en la difusi\u00f3n y promoci\u00f3n de las artes pl\u00e1sticas y de los artistas de la regi\u00f3n ha invitado a la artista Sara Garc\u00eda, cuya familia reside en la parroquia de Prendes, a realizar una exposici\u00f3n en sus salas\u201d explic\u00f3 \u00c1ngel Riego, Alcalde de Carre\u00f1o y Presidente del Patronato Centro Cultural Museo Ant\u00f3n.<\/p>\n<p>Sara Garc\u00eda, es licenciada en Bellas Artes por la Universidad de Pontevedra y ha completado su formaci\u00f3n con un M\u00e1ster en producci\u00f3n Art\u00edstica en la Universidad Polit\u00e9cnica de Valencia. Esta artista con una inquieta indagaci\u00f3n pl\u00e1stica, tiene en su haber la realizaci\u00f3n de numerosas exposiciones en Galicia, Asturias, Valencia y Andaluc\u00eda. Entre otros premios, ha obtenido en 2009 el Premio Asturias Joven de Artes Pl\u00e1sticas.<\/p>\n<p>\u201c Esta exposici\u00f3n y el cat\u00e1logo que la complementa pretenden ser un reflejo de su personalidad y de su peculiar concepto pl\u00e1stico. Actuaciones con las que deseamos divulgar su obra. Se podr\u00e1 visitar hasta el 10 de noviembre\u201d, a\u00f1adi\u00f3 el Alcalde.<\/p>\n<p>Presentar ligeras modificaciones de una misma imagen, vaciar un escenario, aislar elementos o combinarlos, son algunas de las estrategias visuales que la artista utiliza con la intenci\u00f3n de generar una extra\u00f1eza producida por el vac\u00edo o la ausencia de elementos, y suscitar una reflexi\u00f3n sobre lo que no est\u00e1 presente visualmente, sobre aquello que ocultamos o no dejamos ver.<\/p>\n","protected":false},"excerpt":{"rendered":"<p>\u201cEl Centro de Escultura de Cand\u00e1s, Museo Ant\u00f3n, interesado en la difusi\u00f3n y promoci\u00f3n de las artes pl\u00e1sticas y de los artistas de la regi\u00f3n ha invitado a la artista Sara Garc\u00eda, cuya familia reside en la parroquia de Prendes, a realizar una exposici\u00f3n en sus salas\u201d explic\u00f3 \u00c1ngel Riego, Alcalde de Carre\u00f1o y Presidente [&hellip;]<\/p>\n","protected":false},"author":1,"featured_media":2916,"comment_status":"open","ping_status":"open","sticky":false,"template":"","format":"standard","meta":{"footnotes":""},"categories":[50],"tags":[],"class_list":["post-2915","post","type-post","status-publish","format-standard","has-post-thumbnail","hentry","category-revista-de-ocio"],"aioseo_notices":[],"aioseo_head":"\n\t\t<!-- All in One SEO Pro 4.9.6.2 - aioseo.com -->\n\t<meta name=\"description\" content=\"\u201cEl Centro de Escultura de Cand\u00e1s, Museo Ant\u00f3n, interesado en la difusi\u00f3n y promoci\u00f3n de las artes pl\u00e1sticas y de los artistas de la regi\u00f3n ha invitado a la artista Sara Garc\u00eda, cuya familia reside en la parroquia de Prendes, a realizar una exposici\u00f3n en sus salas\u201d explic\u00f3 \u00c1ngel Riego, Alcalde de Carre\u00f1o y Presidente\" \/>\n\t<meta name=\"robots\" content=\"max-image-preview:large\" \/>\n\t<meta name=\"author\" content=\"El Digital de Asturias\"\/>\n\t<meta name=\"google-site-verification\" content=\"UA-38556648-1\" \/>\n\t<meta name=\"msvalidate.01\" content=\"7dfe9f3f1b24437ab69f4f2559babe99\" \/>\n\t<meta name=\"keywords\" content=\"revista de ocio\" \/>\n\t<link rel=\"canonical\" href=\"https:\/\/www.eldigitaldeasturias.com\/noticias\/carreno-exposicion-de-artes-plasticas-en-el-museo-anton-de-candas\/\" \/>\n\t<meta name=\"generator\" content=\"All in One SEO Pro (AIOSEO) 4.9.6.2\" \/>\n\t\t<meta property=\"og:locale\" content=\"es_ES\" \/>\n\t\t<meta property=\"og:site_name\" content=\"El Digital de Asturias\" \/>\n\t\t<meta property=\"og:type\" content=\"article\" \/>\n\t\t<meta property=\"og:title\" content=\"Carre\u00f1o : Exposici\u00f3n de Artes Pl\u00e1sticas en el Museo Ant\u00f3n de Cand\u00e1s. - El Digital de Asturias\" \/>\n\t\t<meta property=\"og:description\" content=\"\u201cEl Centro de Escultura de Cand\u00e1s, Museo Ant\u00f3n, interesado en la difusi\u00f3n y promoci\u00f3n de las artes pl\u00e1sticas y de los artistas de la regi\u00f3n ha invitado a la artista Sara Garc\u00eda, cuya familia reside en la parroquia de Prendes, a realizar una exposici\u00f3n en sus salas\u201d explic\u00f3 \u00c1ngel Riego, Alcalde de Carre\u00f1o y Presidente\" \/>\n\t\t<meta property=\"og:url\" content=\"https:\/\/www.eldigitaldeasturias.com\/noticias\/carreno-exposicion-de-artes-plasticas-en-el-museo-anton-de-candas\/\" \/>\n\t\t<meta property=\"article:tag\" content=\"revista de ocio\" \/>\n\t\t<meta property=\"article:published_time\" content=\"2013-09-24T23:22:58+00:00\" \/>\n\t\t<meta property=\"article:modified_time\" content=\"2013-09-24T23:22:58+00:00\" \/>\n\t\t<meta property=\"article:publisher\" content=\"https:\/\/facebook.com\/eldigitaldeasturias\" \/>\n\t\t<meta name=\"twitter:card\" content=\"summary_large_image\" \/>\n\t\t<meta name=\"twitter:title\" content=\"Carre\u00f1o : Exposici\u00f3n de Artes Pl\u00e1sticas en el Museo Ant\u00f3n de Cand\u00e1s. - El Digital de Asturias\" \/>\n\t\t<meta name=\"twitter:description\" content=\"\u201cEl Centro de Escultura de Cand\u00e1s, Museo Ant\u00f3n, interesado en la difusi\u00f3n y promoci\u00f3n de las artes pl\u00e1sticas y de los artistas de la regi\u00f3n ha invitado a la artista Sara Garc\u00eda, cuya familia reside en la parroquia de Prendes, a realizar una exposici\u00f3n en sus salas\u201d explic\u00f3 \u00c1ngel Riego, Alcalde de Carre\u00f1o y Presidente\" \/>\n\t\t<meta name=\"twitter:label1\" content=\"Escrito por\" \/>\n\t\t<meta name=\"twitter:data1\" content=\"El Digital de Asturias\" \/>\n\t\t<meta name=\"twitter:label2\" content=\"Tiempo de lectura estimado\" \/>\n\t\t<meta name=\"twitter:data2\" content=\"1 minuto\" \/>\n\t\t<script type=\"application\/ld+json\" class=\"aioseo-schema\">\n\t\t\t{\"@context\":\"https:\\\/\\\/schema.org\",\"@graph\":[{\"@type\":\"BlogPosting\",\"@id\":\"https:\\\/\\\/www.eldigitaldeasturias.com\\\/noticias\\\/carreno-exposicion-de-artes-plasticas-en-el-museo-anton-de-candas\\\/#blogposting\",\"name\":\"Carre\\u00f1o : Exposici\\u00f3n de Artes Pl\\u00e1sticas en el Museo Ant\\u00f3n de Cand\\u00e1s. - El Digital de Asturias\",\"headline\":\"Carre\\u00f1o : Exposici\\u00f3n de Artes Pl\\u00e1sticas en el Museo Ant\\u00f3n de Cand\\u00e1s.\",\"author\":{\"@id\":\"https:\\\/\\\/www.eldigitaldeasturias.com\\\/noticias\\\/author\\\/admin\\\/#author\"},\"publisher\":{\"@id\":\"https:\\\/\\\/www.eldigitaldeasturias.com\\\/noticias\\\/#organization\"},\"image\":{\"@type\":\"ImageObject\",\"url\":2916},\"datePublished\":\"2013-09-24T23:22:58+02:00\",\"dateModified\":\"2013-09-24T23:22:58+02:00\",\"inLanguage\":\"es-ES\",\"mainEntityOfPage\":{\"@id\":\"https:\\\/\\\/www.eldigitaldeasturias.com\\\/noticias\\\/carreno-exposicion-de-artes-plasticas-en-el-museo-anton-de-candas\\\/#webpage\"},\"isPartOf\":{\"@id\":\"https:\\\/\\\/www.eldigitaldeasturias.com\\\/noticias\\\/carreno-exposicion-de-artes-plasticas-en-el-museo-anton-de-candas\\\/#webpage\"},\"articleSection\":\"Revista de Ocio\"},{\"@type\":\"BreadcrumbList\",\"@id\":\"https:\\\/\\\/www.eldigitaldeasturias.com\\\/noticias\\\/carreno-exposicion-de-artes-plasticas-en-el-museo-anton-de-candas\\\/#breadcrumblist\",\"itemListElement\":[{\"@type\":\"ListItem\",\"@id\":\"https:\\\/\\\/www.eldigitaldeasturias.com\\\/noticias#listItem\",\"position\":1,\"name\":\"Home\",\"item\":\"https:\\\/\\\/www.eldigitaldeasturias.com\\\/noticias\",\"nextItem\":{\"@type\":\"ListItem\",\"@id\":\"https:\\\/\\\/www.eldigitaldeasturias.com\\\/noticias\\\/category\\\/revista-de-ocio\\\/#listItem\",\"name\":\"Revista de Ocio\"}},{\"@type\":\"ListItem\",\"@id\":\"https:\\\/\\\/www.eldigitaldeasturias.com\\\/noticias\\\/category\\\/revista-de-ocio\\\/#listItem\",\"position\":2,\"name\":\"Revista de Ocio\",\"item\":\"https:\\\/\\\/www.eldigitaldeasturias.com\\\/noticias\\\/category\\\/revista-de-ocio\\\/\",\"nextItem\":{\"@type\":\"ListItem\",\"@id\":\"https:\\\/\\\/www.eldigitaldeasturias.com\\\/noticias\\\/carreno-exposicion-de-artes-plasticas-en-el-museo-anton-de-candas\\\/#listItem\",\"name\":\"Carre\\u00f1o : Exposici\\u00f3n de Artes Pl\\u00e1sticas en el Museo Ant\\u00f3n de Cand\\u00e1s.\"},\"previousItem\":{\"@type\":\"ListItem\",\"@id\":\"https:\\\/\\\/www.eldigitaldeasturias.com\\\/noticias#listItem\",\"name\":\"Home\"}},{\"@type\":\"ListItem\",\"@id\":\"https:\\\/\\\/www.eldigitaldeasturias.com\\\/noticias\\\/carreno-exposicion-de-artes-plasticas-en-el-museo-anton-de-candas\\\/#listItem\",\"position\":3,\"name\":\"Carre\\u00f1o : Exposici\\u00f3n de Artes Pl\\u00e1sticas en el Museo Ant\\u00f3n de Cand\\u00e1s.\",\"previousItem\":{\"@type\":\"ListItem\",\"@id\":\"https:\\\/\\\/www.eldigitaldeasturias.com\\\/noticias\\\/category\\\/revista-de-ocio\\\/#listItem\",\"name\":\"Revista de Ocio\"}}]},{\"@type\":\"Organization\",\"@id\":\"https:\\\/\\\/www.eldigitaldeasturias.com\\\/noticias\\\/#organization\",\"name\":\"El Digital de Asturias\",\"description\":\"Hemeroteca\",\"url\":\"https:\\\/\\\/www.eldigitaldeasturias.com\\\/noticias\\\/\",\"email\":\"info@eldigitaldeasturias.com\",\"telephone\":\"+34652131393\",\"logo\":{\"@type\":\"ImageObject\",\"url\":\"https:\\\/\\\/www.eldigitaldeasturias.com\\\/noticias\\\/wp-content\\\/uploads\\\/2020\\\/12\\\/EDA.jpg\",\"@id\":\"https:\\\/\\\/www.eldigitaldeasturias.com\\\/noticias\\\/carreno-exposicion-de-artes-plasticas-en-el-museo-anton-de-candas\\\/#organizationLogo\",\"width\":649,\"height\":297},\"image\":{\"@id\":\"https:\\\/\\\/www.eldigitaldeasturias.com\\\/noticias\\\/carreno-exposicion-de-artes-plasticas-en-el-museo-anton-de-candas\\\/#organizationLogo\"},\"sameAs\":[\"https:\\\/\\\/facebook.com\\\/eldigitaldeasturias\",\"https:\\\/\\\/www.youtube.com\\\/channel\\\/UCZP-2wLEB9Rv6erhFmqVnvg\"],\"address\":{\"@id\":\"https:\\\/\\\/www.eldigitaldeasturias.com\\\/noticias\\\/#postaladdress\",\"@type\":\"PostalAddress\",\"streetAddress\":\"san antonio 4,\",\"postalCode\":\"33430\",\"addressLocality\":\"Cand\\u00e1s\",\"addressRegion\":\"Asturias\",\"addressCountry\":\"ES\"}},{\"@type\":\"Person\",\"@id\":\"https:\\\/\\\/www.eldigitaldeasturias.com\\\/noticias\\\/author\\\/admin\\\/#author\",\"url\":\"https:\\\/\\\/www.eldigitaldeasturias.com\\\/noticias\\\/author\\\/admin\\\/\",\"name\":\"El Digital de Asturias\",\"image\":{\"@type\":\"ImageObject\",\"@id\":\"https:\\\/\\\/www.eldigitaldeasturias.com\\\/noticias\\\/carreno-exposicion-de-artes-plasticas-en-el-museo-anton-de-candas\\\/#authorImage\",\"url\":\"https:\\\/\\\/www.eldigitaldeasturias.com\\\/noticias\\\/wp-content\\\/litespeed\\\/avatar\\\/18677e78aa0546b92d9dbf31ec7d7668.jpg?ver=1776685526\",\"width\":96,\"height\":96,\"caption\":\"El Digital de Asturias\"}},{\"@type\":\"WebPage\",\"@id\":\"https:\\\/\\\/www.eldigitaldeasturias.com\\\/noticias\\\/carreno-exposicion-de-artes-plasticas-en-el-museo-anton-de-candas\\\/#webpage\",\"url\":\"https:\\\/\\\/www.eldigitaldeasturias.com\\\/noticias\\\/carreno-exposicion-de-artes-plasticas-en-el-museo-anton-de-candas\\\/\",\"name\":\"Carre\\u00f1o : Exposici\\u00f3n de Artes Pl\\u00e1sticas en el Museo Ant\\u00f3n de Cand\\u00e1s. - El Digital de Asturias\",\"description\":\"\\u201cEl Centro de Escultura de Cand\\u00e1s, Museo Ant\\u00f3n, interesado en la difusi\\u00f3n y promoci\\u00f3n de las artes pl\\u00e1sticas y de los artistas de la regi\\u00f3n ha invitado a la artista Sara Garc\\u00eda, cuya familia reside en la parroquia de Prendes, a realizar una exposici\\u00f3n en sus salas\\u201d explic\\u00f3 \\u00c1ngel Riego, Alcalde de Carre\\u00f1o y Presidente\",\"inLanguage\":\"es-ES\",\"isPartOf\":{\"@id\":\"https:\\\/\\\/www.eldigitaldeasturias.com\\\/noticias\\\/#website\"},\"breadcrumb\":{\"@id\":\"https:\\\/\\\/www.eldigitaldeasturias.com\\\/noticias\\\/carreno-exposicion-de-artes-plasticas-en-el-museo-anton-de-candas\\\/#breadcrumblist\"},\"author\":{\"@id\":\"https:\\\/\\\/www.eldigitaldeasturias.com\\\/noticias\\\/author\\\/admin\\\/#author\"},\"creator\":{\"@id\":\"https:\\\/\\\/www.eldigitaldeasturias.com\\\/noticias\\\/author\\\/admin\\\/#author\"},\"image\":{\"@type\":\"ImageObject\",\"url\":2916,\"@id\":\"https:\\\/\\\/www.eldigitaldeasturias.com\\\/noticias\\\/carreno-exposicion-de-artes-plasticas-en-el-museo-anton-de-candas\\\/#mainImage\"},\"primaryImageOfPage\":{\"@id\":\"https:\\\/\\\/www.eldigitaldeasturias.com\\\/noticias\\\/carreno-exposicion-de-artes-plasticas-en-el-museo-anton-de-candas\\\/#mainImage\"},\"datePublished\":\"2013-09-24T23:22:58+02:00\",\"dateModified\":\"2013-09-24T23:22:58+02:00\"},{\"@type\":\"WebSite\",\"@id\":\"https:\\\/\\\/www.eldigitaldeasturias.com\\\/noticias\\\/#website\",\"url\":\"https:\\\/\\\/www.eldigitaldeasturias.com\\\/noticias\\\/\",\"name\":\"El Digital de Asturias - Diario de actualidad y noticias\",\"alternateName\":\"El Digital de Asturias - Diario de actualidad y noticias\",\"description\":\"Hemeroteca\",\"inLanguage\":\"es-ES\",\"publisher\":{\"@id\":\"https:\\\/\\\/www.eldigitaldeasturias.com\\\/noticias\\\/#organization\"}}]}\n\t\t<\/script>\n\t\t<!-- All in One SEO Pro -->\r\n\t\t<title>Carre\u00f1o : Exposici\u00f3n de Artes Pl\u00e1sticas en el Museo Ant\u00f3n de Cand\u00e1s. - El Digital de Asturias<\/title>\n\n","aioseo_head_json":{"title":"Carre\u00f1o : Exposici\u00f3n de Artes Pl\u00e1sticas en el Museo Ant\u00f3n de Cand\u00e1s. - El Digital de Asturias","description":"\u201cEl Centro de Escultura de Cand\u00e1s, Museo Ant\u00f3n, interesado en la difusi\u00f3n y promoci\u00f3n de las artes pl\u00e1sticas y de los artistas de la regi\u00f3n ha invitado a la artista Sara Garc\u00eda, cuya familia reside en la parroquia de Prendes, a realizar una exposici\u00f3n en sus salas\u201d explic\u00f3 \u00c1ngel Riego, Alcalde de Carre\u00f1o y Presidente","canonical_url":"https:\/\/www.eldigitaldeasturias.com\/noticias\/carreno-exposicion-de-artes-plasticas-en-el-museo-anton-de-candas\/","robots":"max-image-preview:large","keywords":"revista de ocio","webmasterTools":{"google-site-verification":"UA-38556648-1","msvalidate.01":"7dfe9f3f1b24437ab69f4f2559babe99","miscellaneous":""},"schema":{"@context":"https:\/\/schema.org","@graph":[{"@type":"BlogPosting","@id":"https:\/\/www.eldigitaldeasturias.com\/noticias\/carreno-exposicion-de-artes-plasticas-en-el-museo-anton-de-candas\/#blogposting","name":"Carre\u00f1o : Exposici\u00f3n de Artes Pl\u00e1sticas en el Museo Ant\u00f3n de Cand\u00e1s. - El Digital de Asturias","headline":"Carre\u00f1o : Exposici\u00f3n de Artes Pl\u00e1sticas en el Museo Ant\u00f3n de Cand\u00e1s.","author":{"@id":"https:\/\/www.eldigitaldeasturias.com\/noticias\/author\/admin\/#author"},"publisher":{"@id":"https:\/\/www.eldigitaldeasturias.com\/noticias\/#organization"},"image":{"@type":"ImageObject","url":2916},"datePublished":"2013-09-24T23:22:58+02:00","dateModified":"2013-09-24T23:22:58+02:00","inLanguage":"es-ES","mainEntityOfPage":{"@id":"https:\/\/www.eldigitaldeasturias.com\/noticias\/carreno-exposicion-de-artes-plasticas-en-el-museo-anton-de-candas\/#webpage"},"isPartOf":{"@id":"https:\/\/www.eldigitaldeasturias.com\/noticias\/carreno-exposicion-de-artes-plasticas-en-el-museo-anton-de-candas\/#webpage"},"articleSection":"Revista de Ocio"},{"@type":"BreadcrumbList","@id":"https:\/\/www.eldigitaldeasturias.com\/noticias\/carreno-exposicion-de-artes-plasticas-en-el-museo-anton-de-candas\/#breadcrumblist","itemListElement":[{"@type":"ListItem","@id":"https:\/\/www.eldigitaldeasturias.com\/noticias#listItem","position":1,"name":"Home","item":"https:\/\/www.eldigitaldeasturias.com\/noticias","nextItem":{"@type":"ListItem","@id":"https:\/\/www.eldigitaldeasturias.com\/noticias\/category\/revista-de-ocio\/#listItem","name":"Revista de Ocio"}},{"@type":"ListItem","@id":"https:\/\/www.eldigitaldeasturias.com\/noticias\/category\/revista-de-ocio\/#listItem","position":2,"name":"Revista de Ocio","item":"https:\/\/www.eldigitaldeasturias.com\/noticias\/category\/revista-de-ocio\/","nextItem":{"@type":"ListItem","@id":"https:\/\/www.eldigitaldeasturias.com\/noticias\/carreno-exposicion-de-artes-plasticas-en-el-museo-anton-de-candas\/#listItem","name":"Carre\u00f1o : Exposici\u00f3n de Artes Pl\u00e1sticas en el Museo Ant\u00f3n de Cand\u00e1s."},"previousItem":{"@type":"ListItem","@id":"https:\/\/www.eldigitaldeasturias.com\/noticias#listItem","name":"Home"}},{"@type":"ListItem","@id":"https:\/\/www.eldigitaldeasturias.com\/noticias\/carreno-exposicion-de-artes-plasticas-en-el-museo-anton-de-candas\/#listItem","position":3,"name":"Carre\u00f1o : Exposici\u00f3n de Artes Pl\u00e1sticas en el Museo Ant\u00f3n de Cand\u00e1s.","previousItem":{"@type":"ListItem","@id":"https:\/\/www.eldigitaldeasturias.com\/noticias\/category\/revista-de-ocio\/#listItem","name":"Revista de Ocio"}}]},{"@type":"Organization","@id":"https:\/\/www.eldigitaldeasturias.com\/noticias\/#organization","name":"El Digital de Asturias","description":"Hemeroteca","url":"https:\/\/www.eldigitaldeasturias.com\/noticias\/","email":"info@eldigitaldeasturias.com","telephone":"+34652131393","logo":{"@type":"ImageObject","url":"https:\/\/www.eldigitaldeasturias.com\/noticias\/wp-content\/uploads\/2020\/12\/EDA.jpg","@id":"https:\/\/www.eldigitaldeasturias.com\/noticias\/carreno-exposicion-de-artes-plasticas-en-el-museo-anton-de-candas\/#organizationLogo","width":649,"height":297},"image":{"@id":"https:\/\/www.eldigitaldeasturias.com\/noticias\/carreno-exposicion-de-artes-plasticas-en-el-museo-anton-de-candas\/#organizationLogo"},"sameAs":["https:\/\/facebook.com\/eldigitaldeasturias","https:\/\/www.youtube.com\/channel\/UCZP-2wLEB9Rv6erhFmqVnvg"],"address":{"@id":"https:\/\/www.eldigitaldeasturias.com\/noticias\/#postaladdress","@type":"PostalAddress","streetAddress":"san antonio 4,","postalCode":"33430","addressLocality":"Cand\u00e1s","addressRegion":"Asturias","addressCountry":"ES"}},{"@type":"Person","@id":"https:\/\/www.eldigitaldeasturias.com\/noticias\/author\/admin\/#author","url":"https:\/\/www.eldigitaldeasturias.com\/noticias\/author\/admin\/","name":"El Digital de Asturias","image":{"@type":"ImageObject","@id":"https:\/\/www.eldigitaldeasturias.com\/noticias\/carreno-exposicion-de-artes-plasticas-en-el-museo-anton-de-candas\/#authorImage","url":"https:\/\/www.eldigitaldeasturias.com\/noticias\/wp-content\/litespeed\/avatar\/18677e78aa0546b92d9dbf31ec7d7668.jpg?ver=1776685526","width":96,"height":96,"caption":"El Digital de Asturias"}},{"@type":"WebPage","@id":"https:\/\/www.eldigitaldeasturias.com\/noticias\/carreno-exposicion-de-artes-plasticas-en-el-museo-anton-de-candas\/#webpage","url":"https:\/\/www.eldigitaldeasturias.com\/noticias\/carreno-exposicion-de-artes-plasticas-en-el-museo-anton-de-candas\/","name":"Carre\u00f1o : Exposici\u00f3n de Artes Pl\u00e1sticas en el Museo Ant\u00f3n de Cand\u00e1s. - El Digital de Asturias","description":"\u201cEl Centro de Escultura de Cand\u00e1s, Museo Ant\u00f3n, interesado en la difusi\u00f3n y promoci\u00f3n de las artes pl\u00e1sticas y de los artistas de la regi\u00f3n ha invitado a la artista Sara Garc\u00eda, cuya familia reside en la parroquia de Prendes, a realizar una exposici\u00f3n en sus salas\u201d explic\u00f3 \u00c1ngel Riego, Alcalde de Carre\u00f1o y Presidente","inLanguage":"es-ES","isPartOf":{"@id":"https:\/\/www.eldigitaldeasturias.com\/noticias\/#website"},"breadcrumb":{"@id":"https:\/\/www.eldigitaldeasturias.com\/noticias\/carreno-exposicion-de-artes-plasticas-en-el-museo-anton-de-candas\/#breadcrumblist"},"author":{"@id":"https:\/\/www.eldigitaldeasturias.com\/noticias\/author\/admin\/#author"},"creator":{"@id":"https:\/\/www.eldigitaldeasturias.com\/noticias\/author\/admin\/#author"},"image":{"@type":"ImageObject","url":2916,"@id":"https:\/\/www.eldigitaldeasturias.com\/noticias\/carreno-exposicion-de-artes-plasticas-en-el-museo-anton-de-candas\/#mainImage"},"primaryImageOfPage":{"@id":"https:\/\/www.eldigitaldeasturias.com\/noticias\/carreno-exposicion-de-artes-plasticas-en-el-museo-anton-de-candas\/#mainImage"},"datePublished":"2013-09-24T23:22:58+02:00","dateModified":"2013-09-24T23:22:58+02:00"},{"@type":"WebSite","@id":"https:\/\/www.eldigitaldeasturias.com\/noticias\/#website","url":"https:\/\/www.eldigitaldeasturias.com\/noticias\/","name":"El Digital de Asturias - Diario de actualidad y noticias","alternateName":"El Digital de Asturias - Diario de actualidad y noticias","description":"Hemeroteca","inLanguage":"es-ES","publisher":{"@id":"https:\/\/www.eldigitaldeasturias.com\/noticias\/#organization"}}]},"og:locale":"es_ES","og:site_name":"El Digital de Asturias","og:type":"article","og:title":"Carre\u00f1o : Exposici\u00f3n de Artes Pl\u00e1sticas en el Museo Ant\u00f3n de Cand\u00e1s. - El Digital de Asturias","og:description":"\u201cEl Centro de Escultura de Cand\u00e1s, Museo Ant\u00f3n, interesado en la difusi\u00f3n y promoci\u00f3n de las artes pl\u00e1sticas y de los artistas de la regi\u00f3n ha invitado a la artista Sara Garc\u00eda, cuya familia reside en la parroquia de Prendes, a realizar una exposici\u00f3n en sus salas\u201d explic\u00f3 \u00c1ngel Riego, Alcalde de Carre\u00f1o y Presidente","og:url":"https:\/\/www.eldigitaldeasturias.com\/noticias\/carreno-exposicion-de-artes-plasticas-en-el-museo-anton-de-candas\/","article:tag":["revista de ocio"],"article:published_time":"2013-09-24T23:22:58+00:00","article:modified_time":"2013-09-24T23:22:58+00:00","article:publisher":"https:\/\/facebook.com\/eldigitaldeasturias","twitter:card":"summary_large_image","twitter:title":"Carre\u00f1o : Exposici\u00f3n de Artes Pl\u00e1sticas en el Museo Ant\u00f3n de Cand\u00e1s. - El Digital de Asturias","twitter:description":"\u201cEl Centro de Escultura de Cand\u00e1s, Museo Ant\u00f3n, interesado en la difusi\u00f3n y promoci\u00f3n de las artes pl\u00e1sticas y de los artistas de la regi\u00f3n ha invitado a la artista Sara Garc\u00eda, cuya familia reside en la parroquia de Prendes, a realizar una exposici\u00f3n en sus salas\u201d explic\u00f3 \u00c1ngel Riego, Alcalde de Carre\u00f1o y Presidente","twitter:label1":"Escrito por","twitter:data1":"El Digital de Asturias","twitter:label2":"Tiempo de lectura estimado","twitter:data2":"1 minuto"},"aioseo_meta_data":{"post_id":"2915","title":null,"description":null,"keywords":null,"keyphrases":null,"primary_term":null,"canonical_url":null,"og_title":null,"og_description":null,"og_object_type":"default","og_image_type":"default","og_image_url":null,"og_image_width":null,"og_image_height":null,"og_image_custom_url":null,"og_image_custom_fields":null,"og_video":null,"og_custom_url":null,"og_article_section":null,"og_article_tags":null,"twitter_use_og":true,"twitter_card":"default","twitter_image_type":"default","twitter_image_url":null,"twitter_image_custom_url":null,"twitter_image_custom_fields":null,"twitter_title":null,"twitter_description":null,"schema":{"blockGraphs":[],"customGraphs":[],"default":{"data":{"Article":[],"Course":[],"Dataset":[],"FAQPage":[],"Movie":[],"Person":[],"Product":[],"ProductReview":[],"Car":[],"Recipe":[],"Service":[],"SoftwareApplication":[],"WebPage":[]},"graphName":"","isEnabled":true},"graphs":[],"defaultGraph":"","defaultPostTypeGraph":""},"schema_type":null,"schema_type_options":null,"pillar_content":false,"robots_default":true,"robots_noindex":false,"robots_noarchive":false,"robots_nosnippet":false,"robots_nofollow":false,"robots_noimageindex":false,"robots_noodp":false,"robots_notranslate":false,"robots_max_snippet":null,"robots_max_videopreview":null,"robots_max_imagepreview":"none","priority":null,"frequency":null,"local_seo":null,"seo_analyzer_scan_date":"2025-08-21 05:14:51","breadcrumb_settings":null,"limit_modified_date":false,"open_ai":null,"ai":null,"created":"2020-11-14 22:37:00","updated":"2025-08-21 05:14:51"},"aioseo_breadcrumb":"<div class=\"aioseo-breadcrumbs\"><span class=\"aioseo-breadcrumb\">\n\t<a href=\"https:\/\/www.eldigitaldeasturias.com\/noticias\" title=\"Home\">Home<\/a>\n<\/span><span class=\"aioseo-breadcrumb-separator\">\u2013<\/span><span class=\"aioseo-breadcrumb\">\n\t<a href=\"https:\/\/www.eldigitaldeasturias.com\/noticias\/category\/revista-de-ocio\/\" title=\"Revista de Ocio\">Revista de Ocio<\/a>\n<\/span><span class=\"aioseo-breadcrumb-separator\">\u2013<\/span><span class=\"aioseo-breadcrumb\">\n\t<a href=\"https:\/\/www.eldigitaldeasturias.com\/noticias\/carreno-exposicion-de-artes-plasticas-en-el-museo-anton-de-candas\/\" title=\"Carre\u00f1o : Exposici\u00f3n de Artes Pl\u00e1sticas en el Museo Ant\u00f3n de Cand\u00e1s.\">Carre\u00f1o : Exposici\u00f3n de Artes Pl\u00e1sticas en el Museo Ant\u00f3n de Cand\u00e1s.<\/a>\n<\/span><\/div>","aioseo_breadcrumb_json":[{"label":"Home","link":"https:\/\/www.eldigitaldeasturias.com\/noticias"},{"label":"Revista de Ocio","link":"https:\/\/www.eldigitaldeasturias.com\/noticias\/category\/revista-de-ocio\/"},{"label":"Carre\u00f1o : Exposici\u00f3n de Artes Pl\u00e1sticas en el Museo Ant\u00f3n de Cand\u00e1s.","link":"https:\/\/www.eldigitaldeasturias.com\/noticias\/carreno-exposicion-de-artes-plasticas-en-el-museo-anton-de-candas\/"}],"_links":{"self":[{"href":"https:\/\/www.eldigitaldeasturias.com\/noticias\/wp-json\/wp\/v2\/posts\/2915","targetHints":{"allow":["GET"]}}],"collection":[{"href":"https:\/\/www.eldigitaldeasturias.com\/noticias\/wp-json\/wp\/v2\/posts"}],"about":[{"href":"https:\/\/www.eldigitaldeasturias.com\/noticias\/wp-json\/wp\/v2\/types\/post"}],"author":[{"embeddable":true,"href":"https:\/\/www.eldigitaldeasturias.com\/noticias\/wp-json\/wp\/v2\/users\/1"}],"replies":[{"embeddable":true,"href":"https:\/\/www.eldigitaldeasturias.com\/noticias\/wp-json\/wp\/v2\/comments?post=2915"}],"version-history":[{"count":0,"href":"https:\/\/www.eldigitaldeasturias.com\/noticias\/wp-json\/wp\/v2\/posts\/2915\/revisions"}],"wp:featuredmedia":[{"embeddable":true,"href":"https:\/\/www.eldigitaldeasturias.com\/noticias\/wp-json\/"}],"wp:attachment":[{"href":"https:\/\/www.eldigitaldeasturias.com\/noticias\/wp-json\/wp\/v2\/media?parent=2915"}],"wp:term":[{"taxonomy":"category","embeddable":true,"href":"https:\/\/www.eldigitaldeasturias.com\/noticias\/wp-json\/wp\/v2\/categories?post=2915"},{"taxonomy":"post_tag","embeddable":true,"href":"https:\/\/www.eldigitaldeasturias.com\/noticias\/wp-json\/wp\/v2\/tags?post=2915"}],"curies":[{"name":"wp","href":"https:\/\/api.w.org\/{rel}","templated":true}]}}