{"id":2912,"date":"2013-09-24T23:18:43","date_gmt":"2013-09-24T23:18:43","guid":{"rendered":"http:\/\/www.eldigitaldeasturias.com\/noticias\/?p=2912"},"modified":"2013-09-24T23:18:43","modified_gmt":"2013-09-24T23:18:43","slug":"el-ridea-impulsara-su-relacion-con-otras-instituciones-y-su-contacto-con-la-sociedad-asturiana","status":"publish","type":"post","link":"https:\/\/www.eldigitaldeasturias.com\/noticias\/el-ridea-impulsara-su-relacion-con-otras-instituciones-y-su-contacto-con-la-sociedad-asturiana\/","title":{"rendered":"El Ridea impulsar\u00e1 su relaci\u00f3n con otras instituciones y su contacto con la sociedad asturiana"},"content":{"rendered":"<p><img loading=\"lazy\" decoding=\"async\" class=\"alignleft size-medium wp-image-2913\" alt=\"fotonoticia_20130924203644_800\" src=\"https:\/\/www.eldigitaldeasturias.com\/noticias\/wp-content\/uploads\/2013\/09\/fotonoticia_20130924203644_800-300x300.jpg\" width=\"300\" height=\"300\" \/>OVIEDO, 24 Sep. (EUROPA PRESS) &#8211;\u00a0El Real Instituto de Estudios Asturianos (Ridea) ha abierto este martes el curso 2013-2014, entre cuyas prioridades estar\u00e1 impulsar su p\u00e1gina web, as\u00ed como potenciar su relaci\u00f3n con otras instituciones culturales y su contacto con la sociedad asturiana.<\/p>\n<p>Su nuevo director, Ram\u00f3n Rodr\u00edguez, afronta esta etapa con varios retos, entre los que destacan compatibilizar la labor investigadora con la divulgaci\u00f3n. En este sentido, se analizar\u00e1 la posibilidad de organizar visitas guiadas para acercar la instituci\u00f3n a los escolares y de estrechar lazos con otros organismos culturales, como la Real Academia Asturiana de Jurisprudencia o el Museo de Bellas Artes.<\/p>\n<p>Igualmente, entre los objetivos del nuevo curso est\u00e1n la puesta en marcha del centro de publicaciones, conseguir nuevos patrocinios, la aprobaci\u00f3n de la nueva ley del Ridea por la Junta General, y continuar con la actividad editorial y los ciclos de conferencias, que en los pr\u00f3ximos meses abordar\u00e1n desde la figura del Rey Pelayo en la literatura rom\u00e1ntica europea, al republicanismo hist\u00f3rico en Asturias.<\/p>\n<p>As\u00ed lo ha dicho Ram\u00f3n Rodr\u00edguez en declaraciones a Europa Press tras la reuni\u00f3n privada del Consejo General en la que, entre otros asuntos, se ha aprobado la memoria 2013-2014 y se ha dado la bienvenida a los nuevos miembros correspondientes.<\/p>\n<p>Posteriormente, en sesi\u00f3n p\u00fablica, el catedr\u00e1tico Agust\u00edn Coletes Blanco procedi\u00f3 a la lectura del discurso de apertura del nuevo curso en el que disert\u00f3 sobre &#8216;Jovellanos en el diario espa\u00f1ol de Lady Holland&#8217;.<\/p>\n","protected":false},"excerpt":{"rendered":"<p>OVIEDO, 24 Sep. (EUROPA PRESS) &#8211;\u00a0El Real Instituto de Estudios Asturianos (Ridea) ha abierto este martes el curso 2013-2014, entre cuyas prioridades estar\u00e1 impulsar su p\u00e1gina web, as\u00ed como potenciar su relaci\u00f3n con otras instituciones culturales y su contacto con la sociedad asturiana. Su nuevo director, Ram\u00f3n Rodr\u00edguez, afronta esta etapa con varios retos, entre [&hellip;]<\/p>\n","protected":false},"author":1,"featured_media":2913,"comment_status":"open","ping_status":"open","sticky":false,"template":"","format":"standard","meta":{"footnotes":""},"categories":[12],"tags":[],"class_list":["post-2912","post","type-post","status-publish","format-standard","has-post-thumbnail","hentry","category-actualidad-asturias"],"aioseo_notices":[],"aioseo_head":"\n\t\t<!-- All in One SEO Pro 4.9.6.2 - aioseo.com -->\n\t<meta name=\"description\" content=\"OVIEDO, 24 Sep. (EUROPA PRESS) - El Real Instituto de Estudios Asturianos (Ridea) ha abierto este martes el curso 2013-2014, entre cuyas prioridades estar\u00e1 impulsar su p\u00e1gina web, as\u00ed como potenciar su relaci\u00f3n con otras instituciones culturales y su contacto con la sociedad asturiana. Su nuevo director, Ram\u00f3n Rodr\u00edguez, afronta esta etapa con varios retos, entre\" \/>\n\t<meta name=\"robots\" content=\"max-image-preview:large\" \/>\n\t<meta name=\"author\" content=\"El Digital de Asturias\"\/>\n\t<meta name=\"google-site-verification\" content=\"UA-38556648-1\" \/>\n\t<meta name=\"msvalidate.01\" content=\"7dfe9f3f1b24437ab69f4f2559babe99\" \/>\n\t<meta name=\"keywords\" content=\"actualidad asturias\" \/>\n\t<link rel=\"canonical\" href=\"https:\/\/www.eldigitaldeasturias.com\/noticias\/el-ridea-impulsara-su-relacion-con-otras-instituciones-y-su-contacto-con-la-sociedad-asturiana\/\" \/>\n\t<meta name=\"generator\" content=\"All in One SEO Pro (AIOSEO) 4.9.6.2\" \/>\n\t\t<meta property=\"og:locale\" content=\"es_ES\" \/>\n\t\t<meta property=\"og:site_name\" content=\"El Digital de Asturias\" \/>\n\t\t<meta property=\"og:type\" content=\"article\" \/>\n\t\t<meta property=\"og:title\" content=\"El Ridea impulsar\u00e1 su relaci\u00f3n con otras instituciones y su contacto con la sociedad asturiana - El Digital de Asturias\" \/>\n\t\t<meta property=\"og:description\" content=\"OVIEDO, 24 Sep. (EUROPA PRESS) - El Real Instituto de Estudios Asturianos (Ridea) ha abierto este martes el curso 2013-2014, entre cuyas prioridades estar\u00e1 impulsar su p\u00e1gina web, as\u00ed como potenciar su relaci\u00f3n con otras instituciones culturales y su contacto con la sociedad asturiana. Su nuevo director, Ram\u00f3n Rodr\u00edguez, afronta esta etapa con varios retos, entre\" \/>\n\t\t<meta property=\"og:url\" content=\"https:\/\/www.eldigitaldeasturias.com\/noticias\/el-ridea-impulsara-su-relacion-con-otras-instituciones-y-su-contacto-con-la-sociedad-asturiana\/\" \/>\n\t\t<meta property=\"article:tag\" content=\"actualidad asturias\" \/>\n\t\t<meta property=\"article:published_time\" content=\"2013-09-24T23:18:43+00:00\" \/>\n\t\t<meta property=\"article:modified_time\" content=\"2013-09-24T23:18:43+00:00\" \/>\n\t\t<meta property=\"article:publisher\" content=\"https:\/\/facebook.com\/eldigitaldeasturias\" \/>\n\t\t<meta name=\"twitter:card\" content=\"summary_large_image\" \/>\n\t\t<meta name=\"twitter:title\" content=\"El Ridea impulsar\u00e1 su relaci\u00f3n con otras instituciones y su contacto con la sociedad asturiana - El Digital de Asturias\" \/>\n\t\t<meta name=\"twitter:description\" content=\"OVIEDO, 24 Sep. (EUROPA PRESS) - El Real Instituto de Estudios Asturianos (Ridea) ha abierto este martes el curso 2013-2014, entre cuyas prioridades estar\u00e1 impulsar su p\u00e1gina web, as\u00ed como potenciar su relaci\u00f3n con otras instituciones culturales y su contacto con la sociedad asturiana. Su nuevo director, Ram\u00f3n Rodr\u00edguez, afronta esta etapa con varios retos, entre\" \/>\n\t\t<meta name=\"twitter:label1\" content=\"Escrito por\" \/>\n\t\t<meta name=\"twitter:data1\" content=\"El Digital de Asturias\" \/>\n\t\t<meta name=\"twitter:label2\" content=\"Tiempo de lectura estimado\" \/>\n\t\t<meta name=\"twitter:data2\" content=\"1 minuto\" \/>\n\t\t<script type=\"application\/ld+json\" class=\"aioseo-schema\">\n\t\t\t{\"@context\":\"https:\\\/\\\/schema.org\",\"@graph\":[{\"@type\":\"BlogPosting\",\"@id\":\"https:\\\/\\\/www.eldigitaldeasturias.com\\\/noticias\\\/el-ridea-impulsara-su-relacion-con-otras-instituciones-y-su-contacto-con-la-sociedad-asturiana\\\/#blogposting\",\"name\":\"El Ridea impulsar\\u00e1 su relaci\\u00f3n con otras instituciones y su contacto con la sociedad asturiana - El Digital de Asturias\",\"headline\":\"El Ridea impulsar\\u00e1 su relaci\\u00f3n con otras instituciones y su contacto con la sociedad asturiana\",\"author\":{\"@id\":\"https:\\\/\\\/www.eldigitaldeasturias.com\\\/noticias\\\/author\\\/admin\\\/#author\"},\"publisher\":{\"@id\":\"https:\\\/\\\/www.eldigitaldeasturias.com\\\/noticias\\\/#organization\"},\"image\":{\"@type\":\"ImageObject\",\"url\":2913},\"datePublished\":\"2013-09-24T23:18:43+02:00\",\"dateModified\":\"2013-09-24T23:18:43+02:00\",\"inLanguage\":\"es-ES\",\"mainEntityOfPage\":{\"@id\":\"https:\\\/\\\/www.eldigitaldeasturias.com\\\/noticias\\\/el-ridea-impulsara-su-relacion-con-otras-instituciones-y-su-contacto-con-la-sociedad-asturiana\\\/#webpage\"},\"isPartOf\":{\"@id\":\"https:\\\/\\\/www.eldigitaldeasturias.com\\\/noticias\\\/el-ridea-impulsara-su-relacion-con-otras-instituciones-y-su-contacto-con-la-sociedad-asturiana\\\/#webpage\"},\"articleSection\":\"Actualidad Asturias\"},{\"@type\":\"BreadcrumbList\",\"@id\":\"https:\\\/\\\/www.eldigitaldeasturias.com\\\/noticias\\\/el-ridea-impulsara-su-relacion-con-otras-instituciones-y-su-contacto-con-la-sociedad-asturiana\\\/#breadcrumblist\",\"itemListElement\":[{\"@type\":\"ListItem\",\"@id\":\"https:\\\/\\\/www.eldigitaldeasturias.com\\\/noticias#listItem\",\"position\":1,\"name\":\"Home\",\"item\":\"https:\\\/\\\/www.eldigitaldeasturias.com\\\/noticias\",\"nextItem\":{\"@type\":\"ListItem\",\"@id\":\"https:\\\/\\\/www.eldigitaldeasturias.com\\\/noticias\\\/category\\\/actualidad-asturias\\\/#listItem\",\"name\":\"Actualidad Asturias\"}},{\"@type\":\"ListItem\",\"@id\":\"https:\\\/\\\/www.eldigitaldeasturias.com\\\/noticias\\\/category\\\/actualidad-asturias\\\/#listItem\",\"position\":2,\"name\":\"Actualidad Asturias\",\"item\":\"https:\\\/\\\/www.eldigitaldeasturias.com\\\/noticias\\\/category\\\/actualidad-asturias\\\/\",\"nextItem\":{\"@type\":\"ListItem\",\"@id\":\"https:\\\/\\\/www.eldigitaldeasturias.com\\\/noticias\\\/el-ridea-impulsara-su-relacion-con-otras-instituciones-y-su-contacto-con-la-sociedad-asturiana\\\/#listItem\",\"name\":\"El Ridea impulsar\\u00e1 su relaci\\u00f3n con otras instituciones y su contacto con la sociedad asturiana\"},\"previousItem\":{\"@type\":\"ListItem\",\"@id\":\"https:\\\/\\\/www.eldigitaldeasturias.com\\\/noticias#listItem\",\"name\":\"Home\"}},{\"@type\":\"ListItem\",\"@id\":\"https:\\\/\\\/www.eldigitaldeasturias.com\\\/noticias\\\/el-ridea-impulsara-su-relacion-con-otras-instituciones-y-su-contacto-con-la-sociedad-asturiana\\\/#listItem\",\"position\":3,\"name\":\"El Ridea impulsar\\u00e1 su relaci\\u00f3n con otras instituciones y su contacto con la sociedad asturiana\",\"previousItem\":{\"@type\":\"ListItem\",\"@id\":\"https:\\\/\\\/www.eldigitaldeasturias.com\\\/noticias\\\/category\\\/actualidad-asturias\\\/#listItem\",\"name\":\"Actualidad Asturias\"}}]},{\"@type\":\"Organization\",\"@id\":\"https:\\\/\\\/www.eldigitaldeasturias.com\\\/noticias\\\/#organization\",\"name\":\"El Digital de Asturias\",\"description\":\"Hemeroteca\",\"url\":\"https:\\\/\\\/www.eldigitaldeasturias.com\\\/noticias\\\/\",\"email\":\"info@eldigitaldeasturias.com\",\"telephone\":\"+34652131393\",\"logo\":{\"@type\":\"ImageObject\",\"url\":\"https:\\\/\\\/www.eldigitaldeasturias.com\\\/noticias\\\/wp-content\\\/uploads\\\/2020\\\/12\\\/EDA.jpg\",\"@id\":\"https:\\\/\\\/www.eldigitaldeasturias.com\\\/noticias\\\/el-ridea-impulsara-su-relacion-con-otras-instituciones-y-su-contacto-con-la-sociedad-asturiana\\\/#organizationLogo\",\"width\":649,\"height\":297},\"image\":{\"@id\":\"https:\\\/\\\/www.eldigitaldeasturias.com\\\/noticias\\\/el-ridea-impulsara-su-relacion-con-otras-instituciones-y-su-contacto-con-la-sociedad-asturiana\\\/#organizationLogo\"},\"sameAs\":[\"https:\\\/\\\/facebook.com\\\/eldigitaldeasturias\",\"https:\\\/\\\/www.youtube.com\\\/channel\\\/UCZP-2wLEB9Rv6erhFmqVnvg\"],\"address\":{\"@id\":\"https:\\\/\\\/www.eldigitaldeasturias.com\\\/noticias\\\/#postaladdress\",\"@type\":\"PostalAddress\",\"streetAddress\":\"san antonio 4,\",\"postalCode\":\"33430\",\"addressLocality\":\"Cand\\u00e1s\",\"addressRegion\":\"Asturias\",\"addressCountry\":\"ES\"}},{\"@type\":\"Person\",\"@id\":\"https:\\\/\\\/www.eldigitaldeasturias.com\\\/noticias\\\/author\\\/admin\\\/#author\",\"url\":\"https:\\\/\\\/www.eldigitaldeasturias.com\\\/noticias\\\/author\\\/admin\\\/\",\"name\":\"El Digital de Asturias\",\"image\":{\"@type\":\"ImageObject\",\"@id\":\"https:\\\/\\\/www.eldigitaldeasturias.com\\\/noticias\\\/el-ridea-impulsara-su-relacion-con-otras-instituciones-y-su-contacto-con-la-sociedad-asturiana\\\/#authorImage\",\"url\":\"https:\\\/\\\/www.eldigitaldeasturias.com\\\/noticias\\\/wp-content\\\/litespeed\\\/avatar\\\/18677e78aa0546b92d9dbf31ec7d7668.jpg?ver=1776685526\",\"width\":96,\"height\":96,\"caption\":\"El Digital de Asturias\"}},{\"@type\":\"WebPage\",\"@id\":\"https:\\\/\\\/www.eldigitaldeasturias.com\\\/noticias\\\/el-ridea-impulsara-su-relacion-con-otras-instituciones-y-su-contacto-con-la-sociedad-asturiana\\\/#webpage\",\"url\":\"https:\\\/\\\/www.eldigitaldeasturias.com\\\/noticias\\\/el-ridea-impulsara-su-relacion-con-otras-instituciones-y-su-contacto-con-la-sociedad-asturiana\\\/\",\"name\":\"El Ridea impulsar\\u00e1 su relaci\\u00f3n con otras instituciones y su contacto con la sociedad asturiana - El Digital de Asturias\",\"description\":\"OVIEDO, 24 Sep. (EUROPA PRESS) - El Real Instituto de Estudios Asturianos (Ridea) ha abierto este martes el curso 2013-2014, entre cuyas prioridades estar\\u00e1 impulsar su p\\u00e1gina web, as\\u00ed como potenciar su relaci\\u00f3n con otras instituciones culturales y su contacto con la sociedad asturiana. Su nuevo director, Ram\\u00f3n Rodr\\u00edguez, afronta esta etapa con varios retos, entre\",\"inLanguage\":\"es-ES\",\"isPartOf\":{\"@id\":\"https:\\\/\\\/www.eldigitaldeasturias.com\\\/noticias\\\/#website\"},\"breadcrumb\":{\"@id\":\"https:\\\/\\\/www.eldigitaldeasturias.com\\\/noticias\\\/el-ridea-impulsara-su-relacion-con-otras-instituciones-y-su-contacto-con-la-sociedad-asturiana\\\/#breadcrumblist\"},\"author\":{\"@id\":\"https:\\\/\\\/www.eldigitaldeasturias.com\\\/noticias\\\/author\\\/admin\\\/#author\"},\"creator\":{\"@id\":\"https:\\\/\\\/www.eldigitaldeasturias.com\\\/noticias\\\/author\\\/admin\\\/#author\"},\"image\":{\"@type\":\"ImageObject\",\"url\":2913,\"@id\":\"https:\\\/\\\/www.eldigitaldeasturias.com\\\/noticias\\\/el-ridea-impulsara-su-relacion-con-otras-instituciones-y-su-contacto-con-la-sociedad-asturiana\\\/#mainImage\"},\"primaryImageOfPage\":{\"@id\":\"https:\\\/\\\/www.eldigitaldeasturias.com\\\/noticias\\\/el-ridea-impulsara-su-relacion-con-otras-instituciones-y-su-contacto-con-la-sociedad-asturiana\\\/#mainImage\"},\"datePublished\":\"2013-09-24T23:18:43+02:00\",\"dateModified\":\"2013-09-24T23:18:43+02:00\"},{\"@type\":\"WebSite\",\"@id\":\"https:\\\/\\\/www.eldigitaldeasturias.com\\\/noticias\\\/#website\",\"url\":\"https:\\\/\\\/www.eldigitaldeasturias.com\\\/noticias\\\/\",\"name\":\"El Digital de Asturias - Diario de actualidad y noticias\",\"alternateName\":\"El Digital de Asturias - Diario de actualidad y noticias\",\"description\":\"Hemeroteca\",\"inLanguage\":\"es-ES\",\"publisher\":{\"@id\":\"https:\\\/\\\/www.eldigitaldeasturias.com\\\/noticias\\\/#organization\"}}]}\n\t\t<\/script>\n\t\t<!-- All in One SEO Pro -->\r\n\t\t<title>El Ridea impulsar\u00e1 su relaci\u00f3n con otras instituciones y su contacto con la sociedad asturiana - El Digital de Asturias<\/title>\n\n","aioseo_head_json":{"title":"El Ridea impulsar\u00e1 su relaci\u00f3n con otras instituciones y su contacto con la sociedad asturiana - El Digital de Asturias","description":"OVIEDO, 24 Sep. (EUROPA PRESS) - El Real Instituto de Estudios Asturianos (Ridea) ha abierto este martes el curso 2013-2014, entre cuyas prioridades estar\u00e1 impulsar su p\u00e1gina web, as\u00ed como potenciar su relaci\u00f3n con otras instituciones culturales y su contacto con la sociedad asturiana. Su nuevo director, Ram\u00f3n Rodr\u00edguez, afronta esta etapa con varios retos, entre","canonical_url":"https:\/\/www.eldigitaldeasturias.com\/noticias\/el-ridea-impulsara-su-relacion-con-otras-instituciones-y-su-contacto-con-la-sociedad-asturiana\/","robots":"max-image-preview:large","keywords":"actualidad asturias","webmasterTools":{"google-site-verification":"UA-38556648-1","msvalidate.01":"7dfe9f3f1b24437ab69f4f2559babe99","miscellaneous":""},"schema":{"@context":"https:\/\/schema.org","@graph":[{"@type":"BlogPosting","@id":"https:\/\/www.eldigitaldeasturias.com\/noticias\/el-ridea-impulsara-su-relacion-con-otras-instituciones-y-su-contacto-con-la-sociedad-asturiana\/#blogposting","name":"El Ridea impulsar\u00e1 su relaci\u00f3n con otras instituciones y su contacto con la sociedad asturiana - El Digital de Asturias","headline":"El Ridea impulsar\u00e1 su relaci\u00f3n con otras instituciones y su contacto con la sociedad asturiana","author":{"@id":"https:\/\/www.eldigitaldeasturias.com\/noticias\/author\/admin\/#author"},"publisher":{"@id":"https:\/\/www.eldigitaldeasturias.com\/noticias\/#organization"},"image":{"@type":"ImageObject","url":2913},"datePublished":"2013-09-24T23:18:43+02:00","dateModified":"2013-09-24T23:18:43+02:00","inLanguage":"es-ES","mainEntityOfPage":{"@id":"https:\/\/www.eldigitaldeasturias.com\/noticias\/el-ridea-impulsara-su-relacion-con-otras-instituciones-y-su-contacto-con-la-sociedad-asturiana\/#webpage"},"isPartOf":{"@id":"https:\/\/www.eldigitaldeasturias.com\/noticias\/el-ridea-impulsara-su-relacion-con-otras-instituciones-y-su-contacto-con-la-sociedad-asturiana\/#webpage"},"articleSection":"Actualidad Asturias"},{"@type":"BreadcrumbList","@id":"https:\/\/www.eldigitaldeasturias.com\/noticias\/el-ridea-impulsara-su-relacion-con-otras-instituciones-y-su-contacto-con-la-sociedad-asturiana\/#breadcrumblist","itemListElement":[{"@type":"ListItem","@id":"https:\/\/www.eldigitaldeasturias.com\/noticias#listItem","position":1,"name":"Home","item":"https:\/\/www.eldigitaldeasturias.com\/noticias","nextItem":{"@type":"ListItem","@id":"https:\/\/www.eldigitaldeasturias.com\/noticias\/category\/actualidad-asturias\/#listItem","name":"Actualidad Asturias"}},{"@type":"ListItem","@id":"https:\/\/www.eldigitaldeasturias.com\/noticias\/category\/actualidad-asturias\/#listItem","position":2,"name":"Actualidad Asturias","item":"https:\/\/www.eldigitaldeasturias.com\/noticias\/category\/actualidad-asturias\/","nextItem":{"@type":"ListItem","@id":"https:\/\/www.eldigitaldeasturias.com\/noticias\/el-ridea-impulsara-su-relacion-con-otras-instituciones-y-su-contacto-con-la-sociedad-asturiana\/#listItem","name":"El Ridea impulsar\u00e1 su relaci\u00f3n con otras instituciones y su contacto con la sociedad asturiana"},"previousItem":{"@type":"ListItem","@id":"https:\/\/www.eldigitaldeasturias.com\/noticias#listItem","name":"Home"}},{"@type":"ListItem","@id":"https:\/\/www.eldigitaldeasturias.com\/noticias\/el-ridea-impulsara-su-relacion-con-otras-instituciones-y-su-contacto-con-la-sociedad-asturiana\/#listItem","position":3,"name":"El Ridea impulsar\u00e1 su relaci\u00f3n con otras instituciones y su contacto con la sociedad asturiana","previousItem":{"@type":"ListItem","@id":"https:\/\/www.eldigitaldeasturias.com\/noticias\/category\/actualidad-asturias\/#listItem","name":"Actualidad Asturias"}}]},{"@type":"Organization","@id":"https:\/\/www.eldigitaldeasturias.com\/noticias\/#organization","name":"El Digital de Asturias","description":"Hemeroteca","url":"https:\/\/www.eldigitaldeasturias.com\/noticias\/","email":"info@eldigitaldeasturias.com","telephone":"+34652131393","logo":{"@type":"ImageObject","url":"https:\/\/www.eldigitaldeasturias.com\/noticias\/wp-content\/uploads\/2020\/12\/EDA.jpg","@id":"https:\/\/www.eldigitaldeasturias.com\/noticias\/el-ridea-impulsara-su-relacion-con-otras-instituciones-y-su-contacto-con-la-sociedad-asturiana\/#organizationLogo","width":649,"height":297},"image":{"@id":"https:\/\/www.eldigitaldeasturias.com\/noticias\/el-ridea-impulsara-su-relacion-con-otras-instituciones-y-su-contacto-con-la-sociedad-asturiana\/#organizationLogo"},"sameAs":["https:\/\/facebook.com\/eldigitaldeasturias","https:\/\/www.youtube.com\/channel\/UCZP-2wLEB9Rv6erhFmqVnvg"],"address":{"@id":"https:\/\/www.eldigitaldeasturias.com\/noticias\/#postaladdress","@type":"PostalAddress","streetAddress":"san antonio 4,","postalCode":"33430","addressLocality":"Cand\u00e1s","addressRegion":"Asturias","addressCountry":"ES"}},{"@type":"Person","@id":"https:\/\/www.eldigitaldeasturias.com\/noticias\/author\/admin\/#author","url":"https:\/\/www.eldigitaldeasturias.com\/noticias\/author\/admin\/","name":"El Digital de Asturias","image":{"@type":"ImageObject","@id":"https:\/\/www.eldigitaldeasturias.com\/noticias\/el-ridea-impulsara-su-relacion-con-otras-instituciones-y-su-contacto-con-la-sociedad-asturiana\/#authorImage","url":"https:\/\/www.eldigitaldeasturias.com\/noticias\/wp-content\/litespeed\/avatar\/18677e78aa0546b92d9dbf31ec7d7668.jpg?ver=1776685526","width":96,"height":96,"caption":"El Digital de Asturias"}},{"@type":"WebPage","@id":"https:\/\/www.eldigitaldeasturias.com\/noticias\/el-ridea-impulsara-su-relacion-con-otras-instituciones-y-su-contacto-con-la-sociedad-asturiana\/#webpage","url":"https:\/\/www.eldigitaldeasturias.com\/noticias\/el-ridea-impulsara-su-relacion-con-otras-instituciones-y-su-contacto-con-la-sociedad-asturiana\/","name":"El Ridea impulsar\u00e1 su relaci\u00f3n con otras instituciones y su contacto con la sociedad asturiana - El Digital de Asturias","description":"OVIEDO, 24 Sep. (EUROPA PRESS) - El Real Instituto de Estudios Asturianos (Ridea) ha abierto este martes el curso 2013-2014, entre cuyas prioridades estar\u00e1 impulsar su p\u00e1gina web, as\u00ed como potenciar su relaci\u00f3n con otras instituciones culturales y su contacto con la sociedad asturiana. Su nuevo director, Ram\u00f3n Rodr\u00edguez, afronta esta etapa con varios retos, entre","inLanguage":"es-ES","isPartOf":{"@id":"https:\/\/www.eldigitaldeasturias.com\/noticias\/#website"},"breadcrumb":{"@id":"https:\/\/www.eldigitaldeasturias.com\/noticias\/el-ridea-impulsara-su-relacion-con-otras-instituciones-y-su-contacto-con-la-sociedad-asturiana\/#breadcrumblist"},"author":{"@id":"https:\/\/www.eldigitaldeasturias.com\/noticias\/author\/admin\/#author"},"creator":{"@id":"https:\/\/www.eldigitaldeasturias.com\/noticias\/author\/admin\/#author"},"image":{"@type":"ImageObject","url":2913,"@id":"https:\/\/www.eldigitaldeasturias.com\/noticias\/el-ridea-impulsara-su-relacion-con-otras-instituciones-y-su-contacto-con-la-sociedad-asturiana\/#mainImage"},"primaryImageOfPage":{"@id":"https:\/\/www.eldigitaldeasturias.com\/noticias\/el-ridea-impulsara-su-relacion-con-otras-instituciones-y-su-contacto-con-la-sociedad-asturiana\/#mainImage"},"datePublished":"2013-09-24T23:18:43+02:00","dateModified":"2013-09-24T23:18:43+02:00"},{"@type":"WebSite","@id":"https:\/\/www.eldigitaldeasturias.com\/noticias\/#website","url":"https:\/\/www.eldigitaldeasturias.com\/noticias\/","name":"El Digital de Asturias - Diario de actualidad y noticias","alternateName":"El Digital de Asturias - Diario de actualidad y noticias","description":"Hemeroteca","inLanguage":"es-ES","publisher":{"@id":"https:\/\/www.eldigitaldeasturias.com\/noticias\/#organization"}}]},"og:locale":"es_ES","og:site_name":"El Digital de Asturias","og:type":"article","og:title":"El Ridea impulsar\u00e1 su relaci\u00f3n con otras instituciones y su contacto con la sociedad asturiana - El Digital de Asturias","og:description":"OVIEDO, 24 Sep. (EUROPA PRESS) - El Real Instituto de Estudios Asturianos (Ridea) ha abierto este martes el curso 2013-2014, entre cuyas prioridades estar\u00e1 impulsar su p\u00e1gina web, as\u00ed como potenciar su relaci\u00f3n con otras instituciones culturales y su contacto con la sociedad asturiana. Su nuevo director, Ram\u00f3n Rodr\u00edguez, afronta esta etapa con varios retos, entre","og:url":"https:\/\/www.eldigitaldeasturias.com\/noticias\/el-ridea-impulsara-su-relacion-con-otras-instituciones-y-su-contacto-con-la-sociedad-asturiana\/","article:tag":["actualidad asturias"],"article:published_time":"2013-09-24T23:18:43+00:00","article:modified_time":"2013-09-24T23:18:43+00:00","article:publisher":"https:\/\/facebook.com\/eldigitaldeasturias","twitter:card":"summary_large_image","twitter:title":"El Ridea impulsar\u00e1 su relaci\u00f3n con otras instituciones y su contacto con la sociedad asturiana - El Digital de Asturias","twitter:description":"OVIEDO, 24 Sep. (EUROPA PRESS) - El Real Instituto de Estudios Asturianos (Ridea) ha abierto este martes el curso 2013-2014, entre cuyas prioridades estar\u00e1 impulsar su p\u00e1gina web, as\u00ed como potenciar su relaci\u00f3n con otras instituciones culturales y su contacto con la sociedad asturiana. Su nuevo director, Ram\u00f3n Rodr\u00edguez, afronta esta etapa con varios retos, entre","twitter:label1":"Escrito por","twitter:data1":"El Digital de Asturias","twitter:label2":"Tiempo de lectura estimado","twitter:data2":"1 minuto"},"aioseo_meta_data":{"post_id":"2912","title":null,"description":null,"keywords":null,"keyphrases":null,"primary_term":null,"canonical_url":null,"og_title":null,"og_description":null,"og_object_type":"default","og_image_type":"default","og_image_url":null,"og_image_width":null,"og_image_height":null,"og_image_custom_url":null,"og_image_custom_fields":null,"og_video":null,"og_custom_url":null,"og_article_section":null,"og_article_tags":null,"twitter_use_og":true,"twitter_card":"default","twitter_image_type":"default","twitter_image_url":null,"twitter_image_custom_url":null,"twitter_image_custom_fields":null,"twitter_title":null,"twitter_description":null,"schema":{"blockGraphs":[],"customGraphs":[],"default":{"data":{"Article":[],"Course":[],"Dataset":[],"FAQPage":[],"Movie":[],"Person":[],"Product":[],"ProductReview":[],"Car":[],"Recipe":[],"Service":[],"SoftwareApplication":[],"WebPage":[]},"graphName":"","isEnabled":true},"graphs":[],"defaultGraph":"","defaultPostTypeGraph":""},"schema_type":null,"schema_type_options":null,"pillar_content":false,"robots_default":true,"robots_noindex":false,"robots_noarchive":false,"robots_nosnippet":false,"robots_nofollow":false,"robots_noimageindex":false,"robots_noodp":false,"robots_notranslate":false,"robots_max_snippet":null,"robots_max_videopreview":null,"robots_max_imagepreview":"none","priority":null,"frequency":null,"local_seo":null,"seo_analyzer_scan_date":"2025-08-21 05:14:50","breadcrumb_settings":null,"limit_modified_date":false,"open_ai":null,"ai":null,"created":"2020-11-14 22:37:00","updated":"2025-08-21 05:14:50"},"aioseo_breadcrumb":"<div class=\"aioseo-breadcrumbs\"><span class=\"aioseo-breadcrumb\">\n\t<a href=\"https:\/\/www.eldigitaldeasturias.com\/noticias\" title=\"Home\">Home<\/a>\n<\/span><span class=\"aioseo-breadcrumb-separator\">\u2013<\/span><span class=\"aioseo-breadcrumb\">\n\t<a href=\"https:\/\/www.eldigitaldeasturias.com\/noticias\/category\/actualidad-asturias\/\" title=\"Actualidad Asturias\">Actualidad Asturias<\/a>\n<\/span><span class=\"aioseo-breadcrumb-separator\">\u2013<\/span><span class=\"aioseo-breadcrumb\">\n\t<a href=\"https:\/\/www.eldigitaldeasturias.com\/noticias\/el-ridea-impulsara-su-relacion-con-otras-instituciones-y-su-contacto-con-la-sociedad-asturiana\/\" title=\"El Ridea impulsar\u00e1 su relaci\u00f3n con otras instituciones y su contacto con la sociedad asturiana\">El Ridea impulsar\u00e1 su relaci\u00f3n con otras instituciones y su contacto con la sociedad asturiana<\/a>\n<\/span><\/div>","aioseo_breadcrumb_json":[{"label":"Home","link":"https:\/\/www.eldigitaldeasturias.com\/noticias"},{"label":"Actualidad Asturias","link":"https:\/\/www.eldigitaldeasturias.com\/noticias\/category\/actualidad-asturias\/"},{"label":"El Ridea impulsar\u00e1 su relaci\u00f3n con otras instituciones y su contacto con la sociedad asturiana","link":"https:\/\/www.eldigitaldeasturias.com\/noticias\/el-ridea-impulsara-su-relacion-con-otras-instituciones-y-su-contacto-con-la-sociedad-asturiana\/"}],"_links":{"self":[{"href":"https:\/\/www.eldigitaldeasturias.com\/noticias\/wp-json\/wp\/v2\/posts\/2912","targetHints":{"allow":["GET"]}}],"collection":[{"href":"https:\/\/www.eldigitaldeasturias.com\/noticias\/wp-json\/wp\/v2\/posts"}],"about":[{"href":"https:\/\/www.eldigitaldeasturias.com\/noticias\/wp-json\/wp\/v2\/types\/post"}],"author":[{"embeddable":true,"href":"https:\/\/www.eldigitaldeasturias.com\/noticias\/wp-json\/wp\/v2\/users\/1"}],"replies":[{"embeddable":true,"href":"https:\/\/www.eldigitaldeasturias.com\/noticias\/wp-json\/wp\/v2\/comments?post=2912"}],"version-history":[{"count":0,"href":"https:\/\/www.eldigitaldeasturias.com\/noticias\/wp-json\/wp\/v2\/posts\/2912\/revisions"}],"wp:featuredmedia":[{"embeddable":true,"href":"https:\/\/www.eldigitaldeasturias.com\/noticias\/wp-json\/"}],"wp:attachment":[{"href":"https:\/\/www.eldigitaldeasturias.com\/noticias\/wp-json\/wp\/v2\/media?parent=2912"}],"wp:term":[{"taxonomy":"category","embeddable":true,"href":"https:\/\/www.eldigitaldeasturias.com\/noticias\/wp-json\/wp\/v2\/categories?post=2912"},{"taxonomy":"post_tag","embeddable":true,"href":"https:\/\/www.eldigitaldeasturias.com\/noticias\/wp-json\/wp\/v2\/tags?post=2912"}],"curies":[{"name":"wp","href":"https:\/\/api.w.org\/{rel}","templated":true}]}}