{"id":2907,"date":"2013-09-24T23:15:30","date_gmt":"2013-09-24T23:15:30","guid":{"rendered":"http:\/\/www.eldigitaldeasturias.com\/noticias\/?p=2907"},"modified":"2013-09-24T23:15:30","modified_gmt":"2013-09-24T23:15:30","slug":"alsa-abre-una-investigacion-interna-tras-el-atropello-de-una-vecina-de-candas","status":"publish","type":"post","link":"https:\/\/www.eldigitaldeasturias.com\/noticias\/alsa-abre-una-investigacion-interna-tras-el-atropello-de-una-vecina-de-candas\/","title":{"rendered":"Alsa abre una investigaci\u00f3n interna tras el atropello de una vecina de Cand\u00e1s."},"content":{"rendered":"<p><img loading=\"lazy\" decoding=\"async\" class=\"alignleft size-medium wp-image-2908\" alt=\"alsa\" src=\"https:\/\/www.eldigitaldeasturias.com\/noticias\/wp-content\/uploads\/2013\/09\/alsa-360x270.jpg\" width=\"360\" height=\"270\" \/>GIJ\u00d3N, 24 Sep. (EUROPA PRESS) &#8211;\u00a0La empresa Alsa ha abierto una investigaci\u00f3n interna para esclarecer el atropello a una mujer, M.J.F.P., de 56 a\u00f1os, este martes en Gij\u00f3n cuando descend\u00eda de uno de sus autocares, al quedar atrapada una pierna primero por la puerta trasera y despu\u00e9s bajo una de las ruedas del veh\u00edculo.<\/p>\n<p>En declaraciones a Europa Press, un portavoz de la compa\u00f1\u00eda ha se\u00f1alado que el conductor es un trabajador \u00abexperimentado\u00bb. Asimismo, ha indicado que responsables de la empresa se han puesto en contacto con la familia de la v\u00edctima para interesarse por su situaci\u00f3n y se han intercambiado los tel\u00e9fonos para mantener un contacto sobre la evoluci\u00f3n del estado de salud de la mujer.<\/p>\n<p>Por otro lado, y seg\u00fan ha podido conocer Europa Press, la v\u00edctima fue trasladada del hospital de Cabue\u00f1es en Gij\u00f3n, al HUCA en Oviedo para ser intervenida quir\u00fargicamente esta tarde de la pierna afectada, aunque su vida no corre peligro.<\/p>\n<p>De acuerdo al relato de la Polic\u00eda Local, los hechos ocurrieron sobre las 11.00 horas, cuando lleg\u00f3 a Gij\u00f3n el autocar en el que viajaba la v\u00edctima y su marido, ambos de Candas. Al llegar a la estaci\u00f3n, no hab\u00eda estacionamiento, ya que estaban todas las plazas ocupadas, y el conductor dej\u00f3 bajar a los ocupantes del autob\u00fas a la entrada de la estaci\u00f3n.<\/p>\n<p>El matrimonio de Candas baj\u00f3 el veh\u00edculo por la puerta trasera, uno de ellos con presunta movilidad reducida. En ese momento, y siempre seg\u00fan la versi\u00f3n de la Polic\u00eda Local, la mujer qued\u00f3 enganchada en la puerta del autob\u00fas, las puertas se cerraron y el autob\u00fas se puso en marcha, y supuestamente el golpe hizo que quedara su pierna bajo el veh\u00edculo. Ante los gritos de la se\u00f1ora, el conductor par\u00f3 el veh\u00edculo quedando la pierna debajo de una rueda trasera. El marido, J.F.N. de 53 a\u00f1os de edad, sufri\u00f3 heridas leves.<\/p>\n","protected":false},"excerpt":{"rendered":"<p>GIJ\u00d3N, 24 Sep. (EUROPA PRESS) &#8211;\u00a0La empresa Alsa ha abierto una investigaci\u00f3n interna para esclarecer el atropello a una mujer, M.J.F.P., de 56 a\u00f1os, este martes en Gij\u00f3n cuando descend\u00eda de uno de sus autocares, al quedar atrapada una pierna primero por la puerta trasera y despu\u00e9s bajo una de las ruedas del veh\u00edculo. En [&hellip;]<\/p>\n","protected":false},"author":1,"featured_media":2908,"comment_status":"open","ping_status":"open","sticky":false,"template":"","format":"standard","meta":{"footnotes":""},"categories":[12],"tags":[],"class_list":["post-2907","post","type-post","status-publish","format-standard","has-post-thumbnail","hentry","category-actualidad-asturias"],"aioseo_notices":[],"aioseo_head":"\n\t\t<!-- All in One SEO Pro 4.9.6.2 - aioseo.com -->\n\t<meta name=\"description\" content=\"GIJ\u00d3N, 24 Sep. (EUROPA PRESS) - La empresa Alsa ha abierto una investigaci\u00f3n interna para esclarecer el atropello a una mujer, M.J.F.P., de 56 a\u00f1os, este martes en Gij\u00f3n cuando descend\u00eda de uno de sus autocares, al quedar atrapada una pierna primero por la puerta trasera y despu\u00e9s bajo una de las ruedas del veh\u00edculo. En\" \/>\n\t<meta name=\"robots\" content=\"max-image-preview:large\" \/>\n\t<meta name=\"author\" content=\"El Digital de Asturias\"\/>\n\t<meta name=\"google-site-verification\" content=\"UA-38556648-1\" \/>\n\t<meta name=\"msvalidate.01\" content=\"7dfe9f3f1b24437ab69f4f2559babe99\" \/>\n\t<meta name=\"keywords\" content=\"actualidad asturias\" \/>\n\t<link rel=\"canonical\" href=\"https:\/\/www.eldigitaldeasturias.com\/noticias\/alsa-abre-una-investigacion-interna-tras-el-atropello-de-una-vecina-de-candas\/\" \/>\n\t<meta name=\"generator\" content=\"All in One SEO Pro (AIOSEO) 4.9.6.2\" \/>\n\t\t<meta property=\"og:locale\" content=\"es_ES\" \/>\n\t\t<meta property=\"og:site_name\" content=\"El Digital de Asturias\" \/>\n\t\t<meta property=\"og:type\" content=\"article\" \/>\n\t\t<meta property=\"og:title\" content=\"Alsa abre una investigaci\u00f3n interna tras el atropello de una vecina de Cand\u00e1s. - El Digital de Asturias\" \/>\n\t\t<meta property=\"og:description\" content=\"GIJ\u00d3N, 24 Sep. (EUROPA PRESS) - La empresa Alsa ha abierto una investigaci\u00f3n interna para esclarecer el atropello a una mujer, M.J.F.P., de 56 a\u00f1os, este martes en Gij\u00f3n cuando descend\u00eda de uno de sus autocares, al quedar atrapada una pierna primero por la puerta trasera y despu\u00e9s bajo una de las ruedas del veh\u00edculo. En\" \/>\n\t\t<meta property=\"og:url\" content=\"https:\/\/www.eldigitaldeasturias.com\/noticias\/alsa-abre-una-investigacion-interna-tras-el-atropello-de-una-vecina-de-candas\/\" \/>\n\t\t<meta property=\"article:tag\" content=\"actualidad asturias\" \/>\n\t\t<meta property=\"article:published_time\" content=\"2013-09-24T23:15:30+00:00\" \/>\n\t\t<meta property=\"article:modified_time\" content=\"2013-09-24T23:15:30+00:00\" \/>\n\t\t<meta property=\"article:publisher\" content=\"https:\/\/facebook.com\/eldigitaldeasturias\" \/>\n\t\t<meta name=\"twitter:card\" content=\"summary_large_image\" \/>\n\t\t<meta name=\"twitter:title\" content=\"Alsa abre una investigaci\u00f3n interna tras el atropello de una vecina de Cand\u00e1s. - El Digital de Asturias\" \/>\n\t\t<meta name=\"twitter:description\" content=\"GIJ\u00d3N, 24 Sep. (EUROPA PRESS) - La empresa Alsa ha abierto una investigaci\u00f3n interna para esclarecer el atropello a una mujer, M.J.F.P., de 56 a\u00f1os, este martes en Gij\u00f3n cuando descend\u00eda de uno de sus autocares, al quedar atrapada una pierna primero por la puerta trasera y despu\u00e9s bajo una de las ruedas del veh\u00edculo. En\" \/>\n\t\t<meta name=\"twitter:label1\" content=\"Escrito por\" \/>\n\t\t<meta name=\"twitter:data1\" content=\"El Digital de Asturias\" \/>\n\t\t<meta name=\"twitter:label2\" content=\"Tiempo de lectura estimado\" \/>\n\t\t<meta name=\"twitter:data2\" content=\"2 minutos\" \/>\n\t\t<script type=\"application\/ld+json\" class=\"aioseo-schema\">\n\t\t\t{\"@context\":\"https:\\\/\\\/schema.org\",\"@graph\":[{\"@type\":\"BlogPosting\",\"@id\":\"https:\\\/\\\/www.eldigitaldeasturias.com\\\/noticias\\\/alsa-abre-una-investigacion-interna-tras-el-atropello-de-una-vecina-de-candas\\\/#blogposting\",\"name\":\"Alsa abre una investigaci\\u00f3n interna tras el atropello de una vecina de Cand\\u00e1s. - El Digital de Asturias\",\"headline\":\"Alsa abre una investigaci\\u00f3n interna tras el atropello de una vecina de Cand\\u00e1s.\",\"author\":{\"@id\":\"https:\\\/\\\/www.eldigitaldeasturias.com\\\/noticias\\\/author\\\/admin\\\/#author\"},\"publisher\":{\"@id\":\"https:\\\/\\\/www.eldigitaldeasturias.com\\\/noticias\\\/#organization\"},\"image\":{\"@type\":\"ImageObject\",\"url\":2908},\"datePublished\":\"2013-09-24T23:15:30+02:00\",\"dateModified\":\"2013-09-24T23:15:30+02:00\",\"inLanguage\":\"es-ES\",\"mainEntityOfPage\":{\"@id\":\"https:\\\/\\\/www.eldigitaldeasturias.com\\\/noticias\\\/alsa-abre-una-investigacion-interna-tras-el-atropello-de-una-vecina-de-candas\\\/#webpage\"},\"isPartOf\":{\"@id\":\"https:\\\/\\\/www.eldigitaldeasturias.com\\\/noticias\\\/alsa-abre-una-investigacion-interna-tras-el-atropello-de-una-vecina-de-candas\\\/#webpage\"},\"articleSection\":\"Actualidad Asturias\"},{\"@type\":\"BreadcrumbList\",\"@id\":\"https:\\\/\\\/www.eldigitaldeasturias.com\\\/noticias\\\/alsa-abre-una-investigacion-interna-tras-el-atropello-de-una-vecina-de-candas\\\/#breadcrumblist\",\"itemListElement\":[{\"@type\":\"ListItem\",\"@id\":\"https:\\\/\\\/www.eldigitaldeasturias.com\\\/noticias#listItem\",\"position\":1,\"name\":\"Home\",\"item\":\"https:\\\/\\\/www.eldigitaldeasturias.com\\\/noticias\",\"nextItem\":{\"@type\":\"ListItem\",\"@id\":\"https:\\\/\\\/www.eldigitaldeasturias.com\\\/noticias\\\/category\\\/actualidad-asturias\\\/#listItem\",\"name\":\"Actualidad Asturias\"}},{\"@type\":\"ListItem\",\"@id\":\"https:\\\/\\\/www.eldigitaldeasturias.com\\\/noticias\\\/category\\\/actualidad-asturias\\\/#listItem\",\"position\":2,\"name\":\"Actualidad Asturias\",\"item\":\"https:\\\/\\\/www.eldigitaldeasturias.com\\\/noticias\\\/category\\\/actualidad-asturias\\\/\",\"nextItem\":{\"@type\":\"ListItem\",\"@id\":\"https:\\\/\\\/www.eldigitaldeasturias.com\\\/noticias\\\/alsa-abre-una-investigacion-interna-tras-el-atropello-de-una-vecina-de-candas\\\/#listItem\",\"name\":\"Alsa abre una investigaci\\u00f3n interna tras el atropello de una vecina de Cand\\u00e1s.\"},\"previousItem\":{\"@type\":\"ListItem\",\"@id\":\"https:\\\/\\\/www.eldigitaldeasturias.com\\\/noticias#listItem\",\"name\":\"Home\"}},{\"@type\":\"ListItem\",\"@id\":\"https:\\\/\\\/www.eldigitaldeasturias.com\\\/noticias\\\/alsa-abre-una-investigacion-interna-tras-el-atropello-de-una-vecina-de-candas\\\/#listItem\",\"position\":3,\"name\":\"Alsa abre una investigaci\\u00f3n interna tras el atropello de una vecina de Cand\\u00e1s.\",\"previousItem\":{\"@type\":\"ListItem\",\"@id\":\"https:\\\/\\\/www.eldigitaldeasturias.com\\\/noticias\\\/category\\\/actualidad-asturias\\\/#listItem\",\"name\":\"Actualidad Asturias\"}}]},{\"@type\":\"Organization\",\"@id\":\"https:\\\/\\\/www.eldigitaldeasturias.com\\\/noticias\\\/#organization\",\"name\":\"El Digital de Asturias\",\"description\":\"Hemeroteca\",\"url\":\"https:\\\/\\\/www.eldigitaldeasturias.com\\\/noticias\\\/\",\"email\":\"info@eldigitaldeasturias.com\",\"telephone\":\"+34652131393\",\"logo\":{\"@type\":\"ImageObject\",\"url\":\"https:\\\/\\\/www.eldigitaldeasturias.com\\\/noticias\\\/wp-content\\\/uploads\\\/2020\\\/12\\\/EDA.jpg\",\"@id\":\"https:\\\/\\\/www.eldigitaldeasturias.com\\\/noticias\\\/alsa-abre-una-investigacion-interna-tras-el-atropello-de-una-vecina-de-candas\\\/#organizationLogo\",\"width\":649,\"height\":297},\"image\":{\"@id\":\"https:\\\/\\\/www.eldigitaldeasturias.com\\\/noticias\\\/alsa-abre-una-investigacion-interna-tras-el-atropello-de-una-vecina-de-candas\\\/#organizationLogo\"},\"sameAs\":[\"https:\\\/\\\/facebook.com\\\/eldigitaldeasturias\",\"https:\\\/\\\/www.youtube.com\\\/channel\\\/UCZP-2wLEB9Rv6erhFmqVnvg\"],\"address\":{\"@id\":\"https:\\\/\\\/www.eldigitaldeasturias.com\\\/noticias\\\/#postaladdress\",\"@type\":\"PostalAddress\",\"streetAddress\":\"san antonio 4,\",\"postalCode\":\"33430\",\"addressLocality\":\"Cand\\u00e1s\",\"addressRegion\":\"Asturias\",\"addressCountry\":\"ES\"}},{\"@type\":\"Person\",\"@id\":\"https:\\\/\\\/www.eldigitaldeasturias.com\\\/noticias\\\/author\\\/admin\\\/#author\",\"url\":\"https:\\\/\\\/www.eldigitaldeasturias.com\\\/noticias\\\/author\\\/admin\\\/\",\"name\":\"El Digital de Asturias\",\"image\":{\"@type\":\"ImageObject\",\"@id\":\"https:\\\/\\\/www.eldigitaldeasturias.com\\\/noticias\\\/alsa-abre-una-investigacion-interna-tras-el-atropello-de-una-vecina-de-candas\\\/#authorImage\",\"url\":\"https:\\\/\\\/www.eldigitaldeasturias.com\\\/noticias\\\/wp-content\\\/litespeed\\\/avatar\\\/18677e78aa0546b92d9dbf31ec7d7668.jpg?ver=1776685526\",\"width\":96,\"height\":96,\"caption\":\"El Digital de Asturias\"}},{\"@type\":\"WebPage\",\"@id\":\"https:\\\/\\\/www.eldigitaldeasturias.com\\\/noticias\\\/alsa-abre-una-investigacion-interna-tras-el-atropello-de-una-vecina-de-candas\\\/#webpage\",\"url\":\"https:\\\/\\\/www.eldigitaldeasturias.com\\\/noticias\\\/alsa-abre-una-investigacion-interna-tras-el-atropello-de-una-vecina-de-candas\\\/\",\"name\":\"Alsa abre una investigaci\\u00f3n interna tras el atropello de una vecina de Cand\\u00e1s. - El Digital de Asturias\",\"description\":\"GIJ\\u00d3N, 24 Sep. (EUROPA PRESS) - La empresa Alsa ha abierto una investigaci\\u00f3n interna para esclarecer el atropello a una mujer, M.J.F.P., de 56 a\\u00f1os, este martes en Gij\\u00f3n cuando descend\\u00eda de uno de sus autocares, al quedar atrapada una pierna primero por la puerta trasera y despu\\u00e9s bajo una de las ruedas del veh\\u00edculo. En\",\"inLanguage\":\"es-ES\",\"isPartOf\":{\"@id\":\"https:\\\/\\\/www.eldigitaldeasturias.com\\\/noticias\\\/#website\"},\"breadcrumb\":{\"@id\":\"https:\\\/\\\/www.eldigitaldeasturias.com\\\/noticias\\\/alsa-abre-una-investigacion-interna-tras-el-atropello-de-una-vecina-de-candas\\\/#breadcrumblist\"},\"author\":{\"@id\":\"https:\\\/\\\/www.eldigitaldeasturias.com\\\/noticias\\\/author\\\/admin\\\/#author\"},\"creator\":{\"@id\":\"https:\\\/\\\/www.eldigitaldeasturias.com\\\/noticias\\\/author\\\/admin\\\/#author\"},\"image\":{\"@type\":\"ImageObject\",\"url\":2908,\"@id\":\"https:\\\/\\\/www.eldigitaldeasturias.com\\\/noticias\\\/alsa-abre-una-investigacion-interna-tras-el-atropello-de-una-vecina-de-candas\\\/#mainImage\"},\"primaryImageOfPage\":{\"@id\":\"https:\\\/\\\/www.eldigitaldeasturias.com\\\/noticias\\\/alsa-abre-una-investigacion-interna-tras-el-atropello-de-una-vecina-de-candas\\\/#mainImage\"},\"datePublished\":\"2013-09-24T23:15:30+02:00\",\"dateModified\":\"2013-09-24T23:15:30+02:00\"},{\"@type\":\"WebSite\",\"@id\":\"https:\\\/\\\/www.eldigitaldeasturias.com\\\/noticias\\\/#website\",\"url\":\"https:\\\/\\\/www.eldigitaldeasturias.com\\\/noticias\\\/\",\"name\":\"El Digital de Asturias - Diario de actualidad y noticias\",\"alternateName\":\"El Digital de Asturias - Diario de actualidad y noticias\",\"description\":\"Hemeroteca\",\"inLanguage\":\"es-ES\",\"publisher\":{\"@id\":\"https:\\\/\\\/www.eldigitaldeasturias.com\\\/noticias\\\/#organization\"}}]}\n\t\t<\/script>\n\t\t<!-- All in One SEO Pro -->\r\n\t\t<title>Alsa abre una investigaci\u00f3n interna tras el atropello de una vecina de Cand\u00e1s. - El Digital de Asturias<\/title>\n\n","aioseo_head_json":{"title":"Alsa abre una investigaci\u00f3n interna tras el atropello de una vecina de Cand\u00e1s. - El Digital de Asturias","description":"GIJ\u00d3N, 24 Sep. (EUROPA PRESS) - La empresa Alsa ha abierto una investigaci\u00f3n interna para esclarecer el atropello a una mujer, M.J.F.P., de 56 a\u00f1os, este martes en Gij\u00f3n cuando descend\u00eda de uno de sus autocares, al quedar atrapada una pierna primero por la puerta trasera y despu\u00e9s bajo una de las ruedas del veh\u00edculo. En","canonical_url":"https:\/\/www.eldigitaldeasturias.com\/noticias\/alsa-abre-una-investigacion-interna-tras-el-atropello-de-una-vecina-de-candas\/","robots":"max-image-preview:large","keywords":"actualidad asturias","webmasterTools":{"google-site-verification":"UA-38556648-1","msvalidate.01":"7dfe9f3f1b24437ab69f4f2559babe99","miscellaneous":""},"schema":{"@context":"https:\/\/schema.org","@graph":[{"@type":"BlogPosting","@id":"https:\/\/www.eldigitaldeasturias.com\/noticias\/alsa-abre-una-investigacion-interna-tras-el-atropello-de-una-vecina-de-candas\/#blogposting","name":"Alsa abre una investigaci\u00f3n interna tras el atropello de una vecina de Cand\u00e1s. - El Digital de Asturias","headline":"Alsa abre una investigaci\u00f3n interna tras el atropello de una vecina de Cand\u00e1s.","author":{"@id":"https:\/\/www.eldigitaldeasturias.com\/noticias\/author\/admin\/#author"},"publisher":{"@id":"https:\/\/www.eldigitaldeasturias.com\/noticias\/#organization"},"image":{"@type":"ImageObject","url":2908},"datePublished":"2013-09-24T23:15:30+02:00","dateModified":"2013-09-24T23:15:30+02:00","inLanguage":"es-ES","mainEntityOfPage":{"@id":"https:\/\/www.eldigitaldeasturias.com\/noticias\/alsa-abre-una-investigacion-interna-tras-el-atropello-de-una-vecina-de-candas\/#webpage"},"isPartOf":{"@id":"https:\/\/www.eldigitaldeasturias.com\/noticias\/alsa-abre-una-investigacion-interna-tras-el-atropello-de-una-vecina-de-candas\/#webpage"},"articleSection":"Actualidad Asturias"},{"@type":"BreadcrumbList","@id":"https:\/\/www.eldigitaldeasturias.com\/noticias\/alsa-abre-una-investigacion-interna-tras-el-atropello-de-una-vecina-de-candas\/#breadcrumblist","itemListElement":[{"@type":"ListItem","@id":"https:\/\/www.eldigitaldeasturias.com\/noticias#listItem","position":1,"name":"Home","item":"https:\/\/www.eldigitaldeasturias.com\/noticias","nextItem":{"@type":"ListItem","@id":"https:\/\/www.eldigitaldeasturias.com\/noticias\/category\/actualidad-asturias\/#listItem","name":"Actualidad Asturias"}},{"@type":"ListItem","@id":"https:\/\/www.eldigitaldeasturias.com\/noticias\/category\/actualidad-asturias\/#listItem","position":2,"name":"Actualidad Asturias","item":"https:\/\/www.eldigitaldeasturias.com\/noticias\/category\/actualidad-asturias\/","nextItem":{"@type":"ListItem","@id":"https:\/\/www.eldigitaldeasturias.com\/noticias\/alsa-abre-una-investigacion-interna-tras-el-atropello-de-una-vecina-de-candas\/#listItem","name":"Alsa abre una investigaci\u00f3n interna tras el atropello de una vecina de Cand\u00e1s."},"previousItem":{"@type":"ListItem","@id":"https:\/\/www.eldigitaldeasturias.com\/noticias#listItem","name":"Home"}},{"@type":"ListItem","@id":"https:\/\/www.eldigitaldeasturias.com\/noticias\/alsa-abre-una-investigacion-interna-tras-el-atropello-de-una-vecina-de-candas\/#listItem","position":3,"name":"Alsa abre una investigaci\u00f3n interna tras el atropello de una vecina de Cand\u00e1s.","previousItem":{"@type":"ListItem","@id":"https:\/\/www.eldigitaldeasturias.com\/noticias\/category\/actualidad-asturias\/#listItem","name":"Actualidad Asturias"}}]},{"@type":"Organization","@id":"https:\/\/www.eldigitaldeasturias.com\/noticias\/#organization","name":"El Digital de Asturias","description":"Hemeroteca","url":"https:\/\/www.eldigitaldeasturias.com\/noticias\/","email":"info@eldigitaldeasturias.com","telephone":"+34652131393","logo":{"@type":"ImageObject","url":"https:\/\/www.eldigitaldeasturias.com\/noticias\/wp-content\/uploads\/2020\/12\/EDA.jpg","@id":"https:\/\/www.eldigitaldeasturias.com\/noticias\/alsa-abre-una-investigacion-interna-tras-el-atropello-de-una-vecina-de-candas\/#organizationLogo","width":649,"height":297},"image":{"@id":"https:\/\/www.eldigitaldeasturias.com\/noticias\/alsa-abre-una-investigacion-interna-tras-el-atropello-de-una-vecina-de-candas\/#organizationLogo"},"sameAs":["https:\/\/facebook.com\/eldigitaldeasturias","https:\/\/www.youtube.com\/channel\/UCZP-2wLEB9Rv6erhFmqVnvg"],"address":{"@id":"https:\/\/www.eldigitaldeasturias.com\/noticias\/#postaladdress","@type":"PostalAddress","streetAddress":"san antonio 4,","postalCode":"33430","addressLocality":"Cand\u00e1s","addressRegion":"Asturias","addressCountry":"ES"}},{"@type":"Person","@id":"https:\/\/www.eldigitaldeasturias.com\/noticias\/author\/admin\/#author","url":"https:\/\/www.eldigitaldeasturias.com\/noticias\/author\/admin\/","name":"El Digital de Asturias","image":{"@type":"ImageObject","@id":"https:\/\/www.eldigitaldeasturias.com\/noticias\/alsa-abre-una-investigacion-interna-tras-el-atropello-de-una-vecina-de-candas\/#authorImage","url":"https:\/\/www.eldigitaldeasturias.com\/noticias\/wp-content\/litespeed\/avatar\/18677e78aa0546b92d9dbf31ec7d7668.jpg?ver=1776685526","width":96,"height":96,"caption":"El Digital de Asturias"}},{"@type":"WebPage","@id":"https:\/\/www.eldigitaldeasturias.com\/noticias\/alsa-abre-una-investigacion-interna-tras-el-atropello-de-una-vecina-de-candas\/#webpage","url":"https:\/\/www.eldigitaldeasturias.com\/noticias\/alsa-abre-una-investigacion-interna-tras-el-atropello-de-una-vecina-de-candas\/","name":"Alsa abre una investigaci\u00f3n interna tras el atropello de una vecina de Cand\u00e1s. - El Digital de Asturias","description":"GIJ\u00d3N, 24 Sep. (EUROPA PRESS) - La empresa Alsa ha abierto una investigaci\u00f3n interna para esclarecer el atropello a una mujer, M.J.F.P., de 56 a\u00f1os, este martes en Gij\u00f3n cuando descend\u00eda de uno de sus autocares, al quedar atrapada una pierna primero por la puerta trasera y despu\u00e9s bajo una de las ruedas del veh\u00edculo. En","inLanguage":"es-ES","isPartOf":{"@id":"https:\/\/www.eldigitaldeasturias.com\/noticias\/#website"},"breadcrumb":{"@id":"https:\/\/www.eldigitaldeasturias.com\/noticias\/alsa-abre-una-investigacion-interna-tras-el-atropello-de-una-vecina-de-candas\/#breadcrumblist"},"author":{"@id":"https:\/\/www.eldigitaldeasturias.com\/noticias\/author\/admin\/#author"},"creator":{"@id":"https:\/\/www.eldigitaldeasturias.com\/noticias\/author\/admin\/#author"},"image":{"@type":"ImageObject","url":2908,"@id":"https:\/\/www.eldigitaldeasturias.com\/noticias\/alsa-abre-una-investigacion-interna-tras-el-atropello-de-una-vecina-de-candas\/#mainImage"},"primaryImageOfPage":{"@id":"https:\/\/www.eldigitaldeasturias.com\/noticias\/alsa-abre-una-investigacion-interna-tras-el-atropello-de-una-vecina-de-candas\/#mainImage"},"datePublished":"2013-09-24T23:15:30+02:00","dateModified":"2013-09-24T23:15:30+02:00"},{"@type":"WebSite","@id":"https:\/\/www.eldigitaldeasturias.com\/noticias\/#website","url":"https:\/\/www.eldigitaldeasturias.com\/noticias\/","name":"El Digital de Asturias - Diario de actualidad y noticias","alternateName":"El Digital de Asturias - Diario de actualidad y noticias","description":"Hemeroteca","inLanguage":"es-ES","publisher":{"@id":"https:\/\/www.eldigitaldeasturias.com\/noticias\/#organization"}}]},"og:locale":"es_ES","og:site_name":"El Digital de Asturias","og:type":"article","og:title":"Alsa abre una investigaci\u00f3n interna tras el atropello de una vecina de Cand\u00e1s. - El Digital de Asturias","og:description":"GIJ\u00d3N, 24 Sep. (EUROPA PRESS) - La empresa Alsa ha abierto una investigaci\u00f3n interna para esclarecer el atropello a una mujer, M.J.F.P., de 56 a\u00f1os, este martes en Gij\u00f3n cuando descend\u00eda de uno de sus autocares, al quedar atrapada una pierna primero por la puerta trasera y despu\u00e9s bajo una de las ruedas del veh\u00edculo. En","og:url":"https:\/\/www.eldigitaldeasturias.com\/noticias\/alsa-abre-una-investigacion-interna-tras-el-atropello-de-una-vecina-de-candas\/","article:tag":["actualidad asturias"],"article:published_time":"2013-09-24T23:15:30+00:00","article:modified_time":"2013-09-24T23:15:30+00:00","article:publisher":"https:\/\/facebook.com\/eldigitaldeasturias","twitter:card":"summary_large_image","twitter:title":"Alsa abre una investigaci\u00f3n interna tras el atropello de una vecina de Cand\u00e1s. - El Digital de Asturias","twitter:description":"GIJ\u00d3N, 24 Sep. (EUROPA PRESS) - La empresa Alsa ha abierto una investigaci\u00f3n interna para esclarecer el atropello a una mujer, M.J.F.P., de 56 a\u00f1os, este martes en Gij\u00f3n cuando descend\u00eda de uno de sus autocares, al quedar atrapada una pierna primero por la puerta trasera y despu\u00e9s bajo una de las ruedas del veh\u00edculo. En","twitter:label1":"Escrito por","twitter:data1":"El Digital de Asturias","twitter:label2":"Tiempo de lectura estimado","twitter:data2":"2 minutos"},"aioseo_meta_data":{"post_id":"2907","title":null,"description":null,"keywords":null,"keyphrases":null,"primary_term":null,"canonical_url":null,"og_title":null,"og_description":null,"og_object_type":"default","og_image_type":"default","og_image_url":null,"og_image_width":null,"og_image_height":null,"og_image_custom_url":null,"og_image_custom_fields":null,"og_video":null,"og_custom_url":null,"og_article_section":null,"og_article_tags":null,"twitter_use_og":true,"twitter_card":"default","twitter_image_type":"default","twitter_image_url":null,"twitter_image_custom_url":null,"twitter_image_custom_fields":null,"twitter_title":null,"twitter_description":null,"schema":{"blockGraphs":[],"customGraphs":[],"default":{"data":{"Article":[],"Course":[],"Dataset":[],"FAQPage":[],"Movie":[],"Person":[],"Product":[],"ProductReview":[],"Car":[],"Recipe":[],"Service":[],"SoftwareApplication":[],"WebPage":[]},"graphName":"","isEnabled":true},"graphs":[],"defaultGraph":"","defaultPostTypeGraph":""},"schema_type":null,"schema_type_options":null,"pillar_content":false,"robots_default":true,"robots_noindex":false,"robots_noarchive":false,"robots_nosnippet":false,"robots_nofollow":false,"robots_noimageindex":false,"robots_noodp":false,"robots_notranslate":false,"robots_max_snippet":null,"robots_max_videopreview":null,"robots_max_imagepreview":"none","priority":null,"frequency":null,"local_seo":null,"seo_analyzer_scan_date":"2025-08-21 05:14:48","breadcrumb_settings":null,"limit_modified_date":false,"open_ai":null,"ai":null,"created":"2020-11-14 22:37:00","updated":"2025-08-21 05:14:48"},"aioseo_breadcrumb":"<div class=\"aioseo-breadcrumbs\"><span class=\"aioseo-breadcrumb\">\n\t<a href=\"https:\/\/www.eldigitaldeasturias.com\/noticias\" title=\"Home\">Home<\/a>\n<\/span><span class=\"aioseo-breadcrumb-separator\">\u2013<\/span><span class=\"aioseo-breadcrumb\">\n\t<a href=\"https:\/\/www.eldigitaldeasturias.com\/noticias\/category\/actualidad-asturias\/\" title=\"Actualidad Asturias\">Actualidad Asturias<\/a>\n<\/span><span class=\"aioseo-breadcrumb-separator\">\u2013<\/span><span class=\"aioseo-breadcrumb\">\n\t<a href=\"https:\/\/www.eldigitaldeasturias.com\/noticias\/alsa-abre-una-investigacion-interna-tras-el-atropello-de-una-vecina-de-candas\/\" title=\"Alsa abre una investigaci\u00f3n interna tras el atropello de una vecina de Cand\u00e1s.\">Alsa abre una investigaci\u00f3n interna tras el atropello de una vecina de Cand\u00e1s.<\/a>\n<\/span><\/div>","aioseo_breadcrumb_json":[{"label":"Home","link":"https:\/\/www.eldigitaldeasturias.com\/noticias"},{"label":"Actualidad Asturias","link":"https:\/\/www.eldigitaldeasturias.com\/noticias\/category\/actualidad-asturias\/"},{"label":"Alsa abre una investigaci\u00f3n interna tras el atropello de una vecina de Cand\u00e1s.","link":"https:\/\/www.eldigitaldeasturias.com\/noticias\/alsa-abre-una-investigacion-interna-tras-el-atropello-de-una-vecina-de-candas\/"}],"_links":{"self":[{"href":"https:\/\/www.eldigitaldeasturias.com\/noticias\/wp-json\/wp\/v2\/posts\/2907","targetHints":{"allow":["GET"]}}],"collection":[{"href":"https:\/\/www.eldigitaldeasturias.com\/noticias\/wp-json\/wp\/v2\/posts"}],"about":[{"href":"https:\/\/www.eldigitaldeasturias.com\/noticias\/wp-json\/wp\/v2\/types\/post"}],"author":[{"embeddable":true,"href":"https:\/\/www.eldigitaldeasturias.com\/noticias\/wp-json\/wp\/v2\/users\/1"}],"replies":[{"embeddable":true,"href":"https:\/\/www.eldigitaldeasturias.com\/noticias\/wp-json\/wp\/v2\/comments?post=2907"}],"version-history":[{"count":0,"href":"https:\/\/www.eldigitaldeasturias.com\/noticias\/wp-json\/wp\/v2\/posts\/2907\/revisions"}],"wp:featuredmedia":[{"embeddable":true,"href":"https:\/\/www.eldigitaldeasturias.com\/noticias\/wp-json\/"}],"wp:attachment":[{"href":"https:\/\/www.eldigitaldeasturias.com\/noticias\/wp-json\/wp\/v2\/media?parent=2907"}],"wp:term":[{"taxonomy":"category","embeddable":true,"href":"https:\/\/www.eldigitaldeasturias.com\/noticias\/wp-json\/wp\/v2\/categories?post=2907"},{"taxonomy":"post_tag","embeddable":true,"href":"https:\/\/www.eldigitaldeasturias.com\/noticias\/wp-json\/wp\/v2\/tags?post=2907"}],"curies":[{"name":"wp","href":"https:\/\/api.w.org\/{rel}","templated":true}]}}