{"id":2899,"date":"2013-09-24T23:10:53","date_gmt":"2013-09-24T23:10:53","guid":{"rendered":"http:\/\/www.eldigitaldeasturias.com\/noticias\/?p=2899"},"modified":"2013-09-24T23:10:53","modified_gmt":"2013-09-24T23:10:53","slug":"sostres-afirma-que-el-pp-sera-el-responsable-historico-de-no-aumentar-un-ano-el-bachillerato","status":"publish","type":"post","link":"https:\/\/www.eldigitaldeasturias.com\/noticias\/sostres-afirma-que-el-pp-sera-el-responsable-historico-de-no-aumentar-un-ano-el-bachillerato\/","title":{"rendered":"Sostres afirma que el PP \u00abser\u00e1 el responsable hist\u00f3rico de no aumentar un a\u00f1o el Bachillerato\u00bb"},"content":{"rendered":"<p><img loading=\"lazy\" decoding=\"async\" class=\"alignleft size-medium wp-image-1438\" alt=\"sostres_20130921110009_800\" src=\"https:\/\/www.eldigitaldeasturias.com\/noticias\/wp-content\/uploads\/2013\/09\/sostres_20130921110009_800-360x240.jpg\" width=\"360\" height=\"240\" srcset=\"https:\/\/www.eldigitaldeasturias.com\/noticias\/wp-content\/uploads\/2013\/09\/sostres_20130921110009_800-360x240.jpg 360w, https:\/\/www.eldigitaldeasturias.com\/noticias\/wp-content\/uploads\/2013\/09\/sostres_20130921110009_800-650x434.jpg 650w, https:\/\/www.eldigitaldeasturias.com\/noticias\/wp-content\/uploads\/2013\/09\/sostres_20130921110009_800-84x55.jpg 84w, https:\/\/www.eldigitaldeasturias.com\/noticias\/wp-content\/uploads\/2013\/09\/sostres_20130921110009_800-49x32.jpg 49w, https:\/\/www.eldigitaldeasturias.com\/noticias\/wp-content\/uploads\/2013\/09\/sostres_20130921110009_800.jpg 749w\" sizes=\"auto, (max-width: 360px) 100vw, 360px\" \/>OVIEDO, 24 Sep. (EUROPA PRESS) &#8211;\u00a0El diputado de Foro en el Congreso, Enrique \u00c1lvarez Sostres, ha afirmado este martes que el PP \u00abser\u00e1 el responsable hist\u00f3rico de no aumentar un a\u00f1o el Bachillerato, que inclu\u00eda en su programa electoral y en el de investidura de Mariano Rajoy\u00bb.<\/p>\n<p>As\u00ed, ha defendido sus enmiendas al proyecto de Ley de Org\u00e1nica para la Mejora de la Calidad Educativa (LOMCE) en la primera de las tres jornadas previstas para el debate y la votaci\u00f3n de las enmiendas parciales presentadas por los grupos parlamentarios a esta Ley.<\/p>\n<p>\u00abEl PP no profundiza en la reforma de la LOE por miedo y complejos ante una izquierda sindical y pol\u00edtica que quiere dejar las cosas como est\u00e1n\u00bb, ha dicho en nota de prensa.<\/p>\n<p>Igualmente, el parlamentario de Foro ha aseverado que \u00abla nueva ley debe impulsar la igualdad de oportunidades y la cohesi\u00f3n social, valorando la despoblaci\u00f3n de un territorio, la significaci\u00f3n del \u00e1mbito rural o su singularidad territorial, asunto de capital importancia en comunidades como Asturias y Galicia\u00bb.<\/p>\n<p>&nbsp;<\/p>\n","protected":false},"excerpt":{"rendered":"<p>OVIEDO, 24 Sep. (EUROPA PRESS) &#8211;\u00a0El diputado de Foro en el Congreso, Enrique \u00c1lvarez Sostres, ha afirmado este martes que el PP \u00abser\u00e1 el responsable hist\u00f3rico de no aumentar un a\u00f1o el Bachillerato, que inclu\u00eda en su programa electoral y en el de investidura de Mariano Rajoy\u00bb. As\u00ed, ha defendido sus enmiendas al proyecto de [&hellip;]<\/p>\n","protected":false},"author":1,"featured_media":1438,"comment_status":"open","ping_status":"open","sticky":false,"template":"","format":"standard","meta":{"footnotes":""},"categories":[12],"tags":[],"class_list":["post-2899","post","type-post","status-publish","format-standard","has-post-thumbnail","hentry","category-actualidad-asturias"],"aioseo_notices":[],"aioseo_head":"\n\t\t<!-- All in One SEO Pro 4.9.6.2 - aioseo.com -->\n\t<meta name=\"description\" content=\"OVIEDO, 24 Sep. (EUROPA PRESS) - El diputado de Foro en el Congreso, Enrique \u00c1lvarez Sostres, ha afirmado este martes que el PP &quot;ser\u00e1 el responsable hist\u00f3rico de no aumentar un a\u00f1o el Bachillerato, que inclu\u00eda en su programa electoral y en el de investidura de Mariano Rajoy&quot;. As\u00ed, ha defendido sus enmiendas al proyecto de\" \/>\n\t<meta name=\"robots\" content=\"max-image-preview:large\" \/>\n\t<meta name=\"author\" content=\"El Digital de Asturias\"\/>\n\t<meta name=\"google-site-verification\" content=\"UA-38556648-1\" \/>\n\t<meta name=\"msvalidate.01\" content=\"7dfe9f3f1b24437ab69f4f2559babe99\" \/>\n\t<meta name=\"keywords\" content=\"actualidad asturias\" \/>\n\t<link rel=\"canonical\" href=\"https:\/\/www.eldigitaldeasturias.com\/noticias\/sostres-afirma-que-el-pp-sera-el-responsable-historico-de-no-aumentar-un-ano-el-bachillerato\/\" \/>\n\t<meta name=\"generator\" content=\"All in One SEO Pro (AIOSEO) 4.9.6.2\" \/>\n\t\t<meta property=\"og:locale\" content=\"es_ES\" \/>\n\t\t<meta property=\"og:site_name\" content=\"El Digital de Asturias\" \/>\n\t\t<meta property=\"og:type\" content=\"article\" \/>\n\t\t<meta property=\"og:title\" content=\"Sostres afirma que el PP \u00abser\u00e1 el responsable hist\u00f3rico de no aumentar un a\u00f1o el Bachillerato\u00bb - El Digital de Asturias\" \/>\n\t\t<meta property=\"og:description\" content=\"OVIEDO, 24 Sep. (EUROPA PRESS) - El diputado de Foro en el Congreso, Enrique \u00c1lvarez Sostres, ha afirmado este martes que el PP &quot;ser\u00e1 el responsable hist\u00f3rico de no aumentar un a\u00f1o el Bachillerato, que inclu\u00eda en su programa electoral y en el de investidura de Mariano Rajoy&quot;. As\u00ed, ha defendido sus enmiendas al proyecto de\" \/>\n\t\t<meta property=\"og:url\" content=\"https:\/\/www.eldigitaldeasturias.com\/noticias\/sostres-afirma-que-el-pp-sera-el-responsable-historico-de-no-aumentar-un-ano-el-bachillerato\/\" \/>\n\t\t<meta property=\"og:image\" content=\"https:\/\/www.eldigitaldeasturias.com\/noticias\/wp-content\/uploads\/2013\/09\/sostres_20130921110009_800.jpg\" \/>\n\t\t<meta property=\"og:image:secure_url\" content=\"https:\/\/www.eldigitaldeasturias.com\/noticias\/wp-content\/uploads\/2013\/09\/sostres_20130921110009_800.jpg\" \/>\n\t\t<meta property=\"og:image:width\" content=\"749\" \/>\n\t\t<meta property=\"og:image:height\" content=\"500\" \/>\n\t\t<meta property=\"article:tag\" content=\"actualidad asturias\" \/>\n\t\t<meta property=\"article:published_time\" content=\"2013-09-24T23:10:53+00:00\" \/>\n\t\t<meta property=\"article:modified_time\" content=\"2013-09-24T23:10:53+00:00\" \/>\n\t\t<meta property=\"article:publisher\" content=\"https:\/\/facebook.com\/eldigitaldeasturias\" \/>\n\t\t<meta name=\"twitter:card\" content=\"summary_large_image\" \/>\n\t\t<meta name=\"twitter:title\" content=\"Sostres afirma que el PP \u00abser\u00e1 el responsable hist\u00f3rico de no aumentar un a\u00f1o el Bachillerato\u00bb - El Digital de Asturias\" \/>\n\t\t<meta name=\"twitter:description\" content=\"OVIEDO, 24 Sep. (EUROPA PRESS) - El diputado de Foro en el Congreso, Enrique \u00c1lvarez Sostres, ha afirmado este martes que el PP &quot;ser\u00e1 el responsable hist\u00f3rico de no aumentar un a\u00f1o el Bachillerato, que inclu\u00eda en su programa electoral y en el de investidura de Mariano Rajoy&quot;. As\u00ed, ha defendido sus enmiendas al proyecto de\" \/>\n\t\t<meta name=\"twitter:image\" content=\"https:\/\/www.eldigitaldeasturias.com\/noticias\/wp-content\/uploads\/2013\/09\/sostres_20130921110009_800.jpg\" \/>\n\t\t<meta name=\"twitter:label1\" content=\"Escrito por\" \/>\n\t\t<meta name=\"twitter:data1\" content=\"El Digital de Asturias\" \/>\n\t\t<meta name=\"twitter:label2\" content=\"Tiempo de lectura estimado\" \/>\n\t\t<meta name=\"twitter:data2\" content=\"1 minuto\" \/>\n\t\t<script type=\"application\/ld+json\" class=\"aioseo-schema\">\n\t\t\t{\"@context\":\"https:\\\/\\\/schema.org\",\"@graph\":[{\"@type\":\"BlogPosting\",\"@id\":\"https:\\\/\\\/www.eldigitaldeasturias.com\\\/noticias\\\/sostres-afirma-que-el-pp-sera-el-responsable-historico-de-no-aumentar-un-ano-el-bachillerato\\\/#blogposting\",\"name\":\"Sostres afirma que el PP \\u00abser\\u00e1 el responsable hist\\u00f3rico de no aumentar un a\\u00f1o el Bachillerato\\u00bb - El Digital de Asturias\",\"headline\":\"Sostres afirma que el PP \\u00abser\\u00e1 el responsable hist\\u00f3rico de no aumentar un a\\u00f1o el Bachillerato\\u00bb\",\"author\":{\"@id\":\"https:\\\/\\\/www.eldigitaldeasturias.com\\\/noticias\\\/author\\\/admin\\\/#author\"},\"publisher\":{\"@id\":\"https:\\\/\\\/www.eldigitaldeasturias.com\\\/noticias\\\/#organization\"},\"image\":{\"@type\":\"ImageObject\",\"url\":\"https:\\\/\\\/www.eldigitaldeasturias.com\\\/noticias\\\/wp-content\\\/uploads\\\/2013\\\/09\\\/sostres_20130921110009_800.jpg\",\"width\":749,\"height\":500},\"datePublished\":\"2013-09-24T23:10:53+02:00\",\"dateModified\":\"2013-09-24T23:10:53+02:00\",\"inLanguage\":\"es-ES\",\"mainEntityOfPage\":{\"@id\":\"https:\\\/\\\/www.eldigitaldeasturias.com\\\/noticias\\\/sostres-afirma-que-el-pp-sera-el-responsable-historico-de-no-aumentar-un-ano-el-bachillerato\\\/#webpage\"},\"isPartOf\":{\"@id\":\"https:\\\/\\\/www.eldigitaldeasturias.com\\\/noticias\\\/sostres-afirma-que-el-pp-sera-el-responsable-historico-de-no-aumentar-un-ano-el-bachillerato\\\/#webpage\"},\"articleSection\":\"Actualidad Asturias\"},{\"@type\":\"BreadcrumbList\",\"@id\":\"https:\\\/\\\/www.eldigitaldeasturias.com\\\/noticias\\\/sostres-afirma-que-el-pp-sera-el-responsable-historico-de-no-aumentar-un-ano-el-bachillerato\\\/#breadcrumblist\",\"itemListElement\":[{\"@type\":\"ListItem\",\"@id\":\"https:\\\/\\\/www.eldigitaldeasturias.com\\\/noticias#listItem\",\"position\":1,\"name\":\"Home\",\"item\":\"https:\\\/\\\/www.eldigitaldeasturias.com\\\/noticias\",\"nextItem\":{\"@type\":\"ListItem\",\"@id\":\"https:\\\/\\\/www.eldigitaldeasturias.com\\\/noticias\\\/category\\\/actualidad-asturias\\\/#listItem\",\"name\":\"Actualidad Asturias\"}},{\"@type\":\"ListItem\",\"@id\":\"https:\\\/\\\/www.eldigitaldeasturias.com\\\/noticias\\\/category\\\/actualidad-asturias\\\/#listItem\",\"position\":2,\"name\":\"Actualidad Asturias\",\"item\":\"https:\\\/\\\/www.eldigitaldeasturias.com\\\/noticias\\\/category\\\/actualidad-asturias\\\/\",\"nextItem\":{\"@type\":\"ListItem\",\"@id\":\"https:\\\/\\\/www.eldigitaldeasturias.com\\\/noticias\\\/sostres-afirma-que-el-pp-sera-el-responsable-historico-de-no-aumentar-un-ano-el-bachillerato\\\/#listItem\",\"name\":\"Sostres afirma que el PP \\u00abser\\u00e1 el responsable hist\\u00f3rico de no aumentar un a\\u00f1o el Bachillerato\\u00bb\"},\"previousItem\":{\"@type\":\"ListItem\",\"@id\":\"https:\\\/\\\/www.eldigitaldeasturias.com\\\/noticias#listItem\",\"name\":\"Home\"}},{\"@type\":\"ListItem\",\"@id\":\"https:\\\/\\\/www.eldigitaldeasturias.com\\\/noticias\\\/sostres-afirma-que-el-pp-sera-el-responsable-historico-de-no-aumentar-un-ano-el-bachillerato\\\/#listItem\",\"position\":3,\"name\":\"Sostres afirma que el PP \\u00abser\\u00e1 el responsable hist\\u00f3rico de no aumentar un a\\u00f1o el Bachillerato\\u00bb\",\"previousItem\":{\"@type\":\"ListItem\",\"@id\":\"https:\\\/\\\/www.eldigitaldeasturias.com\\\/noticias\\\/category\\\/actualidad-asturias\\\/#listItem\",\"name\":\"Actualidad Asturias\"}}]},{\"@type\":\"Organization\",\"@id\":\"https:\\\/\\\/www.eldigitaldeasturias.com\\\/noticias\\\/#organization\",\"name\":\"El Digital de Asturias\",\"description\":\"Hemeroteca\",\"url\":\"https:\\\/\\\/www.eldigitaldeasturias.com\\\/noticias\\\/\",\"email\":\"info@eldigitaldeasturias.com\",\"telephone\":\"+34652131393\",\"logo\":{\"@type\":\"ImageObject\",\"url\":\"https:\\\/\\\/www.eldigitaldeasturias.com\\\/noticias\\\/wp-content\\\/uploads\\\/2020\\\/12\\\/EDA.jpg\",\"@id\":\"https:\\\/\\\/www.eldigitaldeasturias.com\\\/noticias\\\/sostres-afirma-que-el-pp-sera-el-responsable-historico-de-no-aumentar-un-ano-el-bachillerato\\\/#organizationLogo\",\"width\":649,\"height\":297},\"image\":{\"@id\":\"https:\\\/\\\/www.eldigitaldeasturias.com\\\/noticias\\\/sostres-afirma-que-el-pp-sera-el-responsable-historico-de-no-aumentar-un-ano-el-bachillerato\\\/#organizationLogo\"},\"sameAs\":[\"https:\\\/\\\/facebook.com\\\/eldigitaldeasturias\",\"https:\\\/\\\/www.youtube.com\\\/channel\\\/UCZP-2wLEB9Rv6erhFmqVnvg\"],\"address\":{\"@id\":\"https:\\\/\\\/www.eldigitaldeasturias.com\\\/noticias\\\/#postaladdress\",\"@type\":\"PostalAddress\",\"streetAddress\":\"san antonio 4,\",\"postalCode\":\"33430\",\"addressLocality\":\"Cand\\u00e1s\",\"addressRegion\":\"Asturias\",\"addressCountry\":\"ES\"}},{\"@type\":\"Person\",\"@id\":\"https:\\\/\\\/www.eldigitaldeasturias.com\\\/noticias\\\/author\\\/admin\\\/#author\",\"url\":\"https:\\\/\\\/www.eldigitaldeasturias.com\\\/noticias\\\/author\\\/admin\\\/\",\"name\":\"El Digital de Asturias\",\"image\":{\"@type\":\"ImageObject\",\"@id\":\"https:\\\/\\\/www.eldigitaldeasturias.com\\\/noticias\\\/sostres-afirma-que-el-pp-sera-el-responsable-historico-de-no-aumentar-un-ano-el-bachillerato\\\/#authorImage\",\"url\":\"https:\\\/\\\/www.eldigitaldeasturias.com\\\/noticias\\\/wp-content\\\/litespeed\\\/avatar\\\/18677e78aa0546b92d9dbf31ec7d7668.jpg?ver=1776685526\",\"width\":96,\"height\":96,\"caption\":\"El Digital de Asturias\"}},{\"@type\":\"WebPage\",\"@id\":\"https:\\\/\\\/www.eldigitaldeasturias.com\\\/noticias\\\/sostres-afirma-que-el-pp-sera-el-responsable-historico-de-no-aumentar-un-ano-el-bachillerato\\\/#webpage\",\"url\":\"https:\\\/\\\/www.eldigitaldeasturias.com\\\/noticias\\\/sostres-afirma-que-el-pp-sera-el-responsable-historico-de-no-aumentar-un-ano-el-bachillerato\\\/\",\"name\":\"Sostres afirma que el PP \\u00abser\\u00e1 el responsable hist\\u00f3rico de no aumentar un a\\u00f1o el Bachillerato\\u00bb - El Digital de Asturias\",\"description\":\"OVIEDO, 24 Sep. (EUROPA PRESS) - El diputado de Foro en el Congreso, Enrique \\u00c1lvarez Sostres, ha afirmado este martes que el PP \\\"ser\\u00e1 el responsable hist\\u00f3rico de no aumentar un a\\u00f1o el Bachillerato, que inclu\\u00eda en su programa electoral y en el de investidura de Mariano Rajoy\\\". As\\u00ed, ha defendido sus enmiendas al proyecto de\",\"inLanguage\":\"es-ES\",\"isPartOf\":{\"@id\":\"https:\\\/\\\/www.eldigitaldeasturias.com\\\/noticias\\\/#website\"},\"breadcrumb\":{\"@id\":\"https:\\\/\\\/www.eldigitaldeasturias.com\\\/noticias\\\/sostres-afirma-que-el-pp-sera-el-responsable-historico-de-no-aumentar-un-ano-el-bachillerato\\\/#breadcrumblist\"},\"author\":{\"@id\":\"https:\\\/\\\/www.eldigitaldeasturias.com\\\/noticias\\\/author\\\/admin\\\/#author\"},\"creator\":{\"@id\":\"https:\\\/\\\/www.eldigitaldeasturias.com\\\/noticias\\\/author\\\/admin\\\/#author\"},\"image\":{\"@type\":\"ImageObject\",\"url\":\"https:\\\/\\\/www.eldigitaldeasturias.com\\\/noticias\\\/wp-content\\\/uploads\\\/2013\\\/09\\\/sostres_20130921110009_800.jpg\",\"@id\":\"https:\\\/\\\/www.eldigitaldeasturias.com\\\/noticias\\\/sostres-afirma-que-el-pp-sera-el-responsable-historico-de-no-aumentar-un-ano-el-bachillerato\\\/#mainImage\",\"width\":749,\"height\":500},\"primaryImageOfPage\":{\"@id\":\"https:\\\/\\\/www.eldigitaldeasturias.com\\\/noticias\\\/sostres-afirma-que-el-pp-sera-el-responsable-historico-de-no-aumentar-un-ano-el-bachillerato\\\/#mainImage\"},\"datePublished\":\"2013-09-24T23:10:53+02:00\",\"dateModified\":\"2013-09-24T23:10:53+02:00\"},{\"@type\":\"WebSite\",\"@id\":\"https:\\\/\\\/www.eldigitaldeasturias.com\\\/noticias\\\/#website\",\"url\":\"https:\\\/\\\/www.eldigitaldeasturias.com\\\/noticias\\\/\",\"name\":\"El Digital de Asturias - Diario de actualidad y noticias\",\"alternateName\":\"El Digital de Asturias - Diario de actualidad y noticias\",\"description\":\"Hemeroteca\",\"inLanguage\":\"es-ES\",\"publisher\":{\"@id\":\"https:\\\/\\\/www.eldigitaldeasturias.com\\\/noticias\\\/#organization\"}}]}\n\t\t<\/script>\n\t\t<!-- All in One SEO Pro -->\r\n\t\t<title>Sostres afirma que el PP \u00abser\u00e1 el responsable hist\u00f3rico de no aumentar un a\u00f1o el Bachillerato\u00bb - El Digital de Asturias<\/title>\n\n","aioseo_head_json":{"title":"Sostres afirma que el PP \u00abser\u00e1 el responsable hist\u00f3rico de no aumentar un a\u00f1o el Bachillerato\u00bb - El Digital de Asturias","description":"OVIEDO, 24 Sep. (EUROPA PRESS) - El diputado de Foro en el Congreso, Enrique \u00c1lvarez Sostres, ha afirmado este martes que el PP \"ser\u00e1 el responsable hist\u00f3rico de no aumentar un a\u00f1o el Bachillerato, que inclu\u00eda en su programa electoral y en el de investidura de Mariano Rajoy\". As\u00ed, ha defendido sus enmiendas al proyecto de","canonical_url":"https:\/\/www.eldigitaldeasturias.com\/noticias\/sostres-afirma-que-el-pp-sera-el-responsable-historico-de-no-aumentar-un-ano-el-bachillerato\/","robots":"max-image-preview:large","keywords":"actualidad asturias","webmasterTools":{"google-site-verification":"UA-38556648-1","msvalidate.01":"7dfe9f3f1b24437ab69f4f2559babe99","miscellaneous":""},"schema":{"@context":"https:\/\/schema.org","@graph":[{"@type":"BlogPosting","@id":"https:\/\/www.eldigitaldeasturias.com\/noticias\/sostres-afirma-que-el-pp-sera-el-responsable-historico-de-no-aumentar-un-ano-el-bachillerato\/#blogposting","name":"Sostres afirma que el PP \u00abser\u00e1 el responsable hist\u00f3rico de no aumentar un a\u00f1o el Bachillerato\u00bb - El Digital de Asturias","headline":"Sostres afirma que el PP \u00abser\u00e1 el responsable hist\u00f3rico de no aumentar un a\u00f1o el Bachillerato\u00bb","author":{"@id":"https:\/\/www.eldigitaldeasturias.com\/noticias\/author\/admin\/#author"},"publisher":{"@id":"https:\/\/www.eldigitaldeasturias.com\/noticias\/#organization"},"image":{"@type":"ImageObject","url":"https:\/\/www.eldigitaldeasturias.com\/noticias\/wp-content\/uploads\/2013\/09\/sostres_20130921110009_800.jpg","width":749,"height":500},"datePublished":"2013-09-24T23:10:53+02:00","dateModified":"2013-09-24T23:10:53+02:00","inLanguage":"es-ES","mainEntityOfPage":{"@id":"https:\/\/www.eldigitaldeasturias.com\/noticias\/sostres-afirma-que-el-pp-sera-el-responsable-historico-de-no-aumentar-un-ano-el-bachillerato\/#webpage"},"isPartOf":{"@id":"https:\/\/www.eldigitaldeasturias.com\/noticias\/sostres-afirma-que-el-pp-sera-el-responsable-historico-de-no-aumentar-un-ano-el-bachillerato\/#webpage"},"articleSection":"Actualidad Asturias"},{"@type":"BreadcrumbList","@id":"https:\/\/www.eldigitaldeasturias.com\/noticias\/sostres-afirma-que-el-pp-sera-el-responsable-historico-de-no-aumentar-un-ano-el-bachillerato\/#breadcrumblist","itemListElement":[{"@type":"ListItem","@id":"https:\/\/www.eldigitaldeasturias.com\/noticias#listItem","position":1,"name":"Home","item":"https:\/\/www.eldigitaldeasturias.com\/noticias","nextItem":{"@type":"ListItem","@id":"https:\/\/www.eldigitaldeasturias.com\/noticias\/category\/actualidad-asturias\/#listItem","name":"Actualidad Asturias"}},{"@type":"ListItem","@id":"https:\/\/www.eldigitaldeasturias.com\/noticias\/category\/actualidad-asturias\/#listItem","position":2,"name":"Actualidad Asturias","item":"https:\/\/www.eldigitaldeasturias.com\/noticias\/category\/actualidad-asturias\/","nextItem":{"@type":"ListItem","@id":"https:\/\/www.eldigitaldeasturias.com\/noticias\/sostres-afirma-que-el-pp-sera-el-responsable-historico-de-no-aumentar-un-ano-el-bachillerato\/#listItem","name":"Sostres afirma que el PP \u00abser\u00e1 el responsable hist\u00f3rico de no aumentar un a\u00f1o el Bachillerato\u00bb"},"previousItem":{"@type":"ListItem","@id":"https:\/\/www.eldigitaldeasturias.com\/noticias#listItem","name":"Home"}},{"@type":"ListItem","@id":"https:\/\/www.eldigitaldeasturias.com\/noticias\/sostres-afirma-que-el-pp-sera-el-responsable-historico-de-no-aumentar-un-ano-el-bachillerato\/#listItem","position":3,"name":"Sostres afirma que el PP \u00abser\u00e1 el responsable hist\u00f3rico de no aumentar un a\u00f1o el Bachillerato\u00bb","previousItem":{"@type":"ListItem","@id":"https:\/\/www.eldigitaldeasturias.com\/noticias\/category\/actualidad-asturias\/#listItem","name":"Actualidad Asturias"}}]},{"@type":"Organization","@id":"https:\/\/www.eldigitaldeasturias.com\/noticias\/#organization","name":"El Digital de Asturias","description":"Hemeroteca","url":"https:\/\/www.eldigitaldeasturias.com\/noticias\/","email":"info@eldigitaldeasturias.com","telephone":"+34652131393","logo":{"@type":"ImageObject","url":"https:\/\/www.eldigitaldeasturias.com\/noticias\/wp-content\/uploads\/2020\/12\/EDA.jpg","@id":"https:\/\/www.eldigitaldeasturias.com\/noticias\/sostres-afirma-que-el-pp-sera-el-responsable-historico-de-no-aumentar-un-ano-el-bachillerato\/#organizationLogo","width":649,"height":297},"image":{"@id":"https:\/\/www.eldigitaldeasturias.com\/noticias\/sostres-afirma-que-el-pp-sera-el-responsable-historico-de-no-aumentar-un-ano-el-bachillerato\/#organizationLogo"},"sameAs":["https:\/\/facebook.com\/eldigitaldeasturias","https:\/\/www.youtube.com\/channel\/UCZP-2wLEB9Rv6erhFmqVnvg"],"address":{"@id":"https:\/\/www.eldigitaldeasturias.com\/noticias\/#postaladdress","@type":"PostalAddress","streetAddress":"san antonio 4,","postalCode":"33430","addressLocality":"Cand\u00e1s","addressRegion":"Asturias","addressCountry":"ES"}},{"@type":"Person","@id":"https:\/\/www.eldigitaldeasturias.com\/noticias\/author\/admin\/#author","url":"https:\/\/www.eldigitaldeasturias.com\/noticias\/author\/admin\/","name":"El Digital de Asturias","image":{"@type":"ImageObject","@id":"https:\/\/www.eldigitaldeasturias.com\/noticias\/sostres-afirma-que-el-pp-sera-el-responsable-historico-de-no-aumentar-un-ano-el-bachillerato\/#authorImage","url":"https:\/\/www.eldigitaldeasturias.com\/noticias\/wp-content\/litespeed\/avatar\/18677e78aa0546b92d9dbf31ec7d7668.jpg?ver=1776685526","width":96,"height":96,"caption":"El Digital de Asturias"}},{"@type":"WebPage","@id":"https:\/\/www.eldigitaldeasturias.com\/noticias\/sostres-afirma-que-el-pp-sera-el-responsable-historico-de-no-aumentar-un-ano-el-bachillerato\/#webpage","url":"https:\/\/www.eldigitaldeasturias.com\/noticias\/sostres-afirma-que-el-pp-sera-el-responsable-historico-de-no-aumentar-un-ano-el-bachillerato\/","name":"Sostres afirma que el PP \u00abser\u00e1 el responsable hist\u00f3rico de no aumentar un a\u00f1o el Bachillerato\u00bb - El Digital de Asturias","description":"OVIEDO, 24 Sep. (EUROPA PRESS) - El diputado de Foro en el Congreso, Enrique \u00c1lvarez Sostres, ha afirmado este martes que el PP \"ser\u00e1 el responsable hist\u00f3rico de no aumentar un a\u00f1o el Bachillerato, que inclu\u00eda en su programa electoral y en el de investidura de Mariano Rajoy\". As\u00ed, ha defendido sus enmiendas al proyecto de","inLanguage":"es-ES","isPartOf":{"@id":"https:\/\/www.eldigitaldeasturias.com\/noticias\/#website"},"breadcrumb":{"@id":"https:\/\/www.eldigitaldeasturias.com\/noticias\/sostres-afirma-que-el-pp-sera-el-responsable-historico-de-no-aumentar-un-ano-el-bachillerato\/#breadcrumblist"},"author":{"@id":"https:\/\/www.eldigitaldeasturias.com\/noticias\/author\/admin\/#author"},"creator":{"@id":"https:\/\/www.eldigitaldeasturias.com\/noticias\/author\/admin\/#author"},"image":{"@type":"ImageObject","url":"https:\/\/www.eldigitaldeasturias.com\/noticias\/wp-content\/uploads\/2013\/09\/sostres_20130921110009_800.jpg","@id":"https:\/\/www.eldigitaldeasturias.com\/noticias\/sostres-afirma-que-el-pp-sera-el-responsable-historico-de-no-aumentar-un-ano-el-bachillerato\/#mainImage","width":749,"height":500},"primaryImageOfPage":{"@id":"https:\/\/www.eldigitaldeasturias.com\/noticias\/sostres-afirma-que-el-pp-sera-el-responsable-historico-de-no-aumentar-un-ano-el-bachillerato\/#mainImage"},"datePublished":"2013-09-24T23:10:53+02:00","dateModified":"2013-09-24T23:10:53+02:00"},{"@type":"WebSite","@id":"https:\/\/www.eldigitaldeasturias.com\/noticias\/#website","url":"https:\/\/www.eldigitaldeasturias.com\/noticias\/","name":"El Digital de Asturias - Diario de actualidad y noticias","alternateName":"El Digital de Asturias - Diario de actualidad y noticias","description":"Hemeroteca","inLanguage":"es-ES","publisher":{"@id":"https:\/\/www.eldigitaldeasturias.com\/noticias\/#organization"}}]},"og:locale":"es_ES","og:site_name":"El Digital de Asturias","og:type":"article","og:title":"Sostres afirma que el PP \u00abser\u00e1 el responsable hist\u00f3rico de no aumentar un a\u00f1o el Bachillerato\u00bb - El Digital de Asturias","og:description":"OVIEDO, 24 Sep. (EUROPA PRESS) - El diputado de Foro en el Congreso, Enrique \u00c1lvarez Sostres, ha afirmado este martes que el PP &quot;ser\u00e1 el responsable hist\u00f3rico de no aumentar un a\u00f1o el Bachillerato, que inclu\u00eda en su programa electoral y en el de investidura de Mariano Rajoy&quot;. As\u00ed, ha defendido sus enmiendas al proyecto de","og:url":"https:\/\/www.eldigitaldeasturias.com\/noticias\/sostres-afirma-que-el-pp-sera-el-responsable-historico-de-no-aumentar-un-ano-el-bachillerato\/","og:image":"https:\/\/www.eldigitaldeasturias.com\/noticias\/wp-content\/uploads\/2013\/09\/sostres_20130921110009_800.jpg","og:image:secure_url":"https:\/\/www.eldigitaldeasturias.com\/noticias\/wp-content\/uploads\/2013\/09\/sostres_20130921110009_800.jpg","og:image:width":749,"og:image:height":500,"article:tag":["actualidad asturias"],"article:published_time":"2013-09-24T23:10:53+00:00","article:modified_time":"2013-09-24T23:10:53+00:00","article:publisher":"https:\/\/facebook.com\/eldigitaldeasturias","twitter:card":"summary_large_image","twitter:title":"Sostres afirma que el PP \u00abser\u00e1 el responsable hist\u00f3rico de no aumentar un a\u00f1o el Bachillerato\u00bb - El Digital de Asturias","twitter:description":"OVIEDO, 24 Sep. (EUROPA PRESS) - El diputado de Foro en el Congreso, Enrique \u00c1lvarez Sostres, ha afirmado este martes que el PP &quot;ser\u00e1 el responsable hist\u00f3rico de no aumentar un a\u00f1o el Bachillerato, que inclu\u00eda en su programa electoral y en el de investidura de Mariano Rajoy&quot;. As\u00ed, ha defendido sus enmiendas al proyecto de","twitter:image":"https:\/\/www.eldigitaldeasturias.com\/noticias\/wp-content\/uploads\/2013\/09\/sostres_20130921110009_800.jpg","twitter:label1":"Escrito por","twitter:data1":"El Digital de Asturias","twitter:label2":"Tiempo de lectura estimado","twitter:data2":"1 minuto"},"aioseo_meta_data":{"post_id":"2899","title":null,"description":null,"keywords":null,"keyphrases":null,"primary_term":null,"canonical_url":null,"og_title":null,"og_description":null,"og_object_type":"default","og_image_type":"default","og_image_url":null,"og_image_width":null,"og_image_height":null,"og_image_custom_url":null,"og_image_custom_fields":null,"og_video":null,"og_custom_url":null,"og_article_section":null,"og_article_tags":null,"twitter_use_og":true,"twitter_card":"default","twitter_image_type":"default","twitter_image_url":null,"twitter_image_custom_url":null,"twitter_image_custom_fields":null,"twitter_title":null,"twitter_description":null,"schema":{"blockGraphs":[],"customGraphs":[],"default":{"data":{"Article":[],"Course":[],"Dataset":[],"FAQPage":[],"Movie":[],"Person":[],"Product":[],"ProductReview":[],"Car":[],"Recipe":[],"Service":[],"SoftwareApplication":[],"WebPage":[]},"graphName":"","isEnabled":true},"graphs":[],"defaultGraph":"","defaultPostTypeGraph":""},"schema_type":null,"schema_type_options":null,"pillar_content":false,"robots_default":true,"robots_noindex":false,"robots_noarchive":false,"robots_nosnippet":false,"robots_nofollow":false,"robots_noimageindex":false,"robots_noodp":false,"robots_notranslate":false,"robots_max_snippet":null,"robots_max_videopreview":null,"robots_max_imagepreview":"none","priority":null,"frequency":null,"local_seo":null,"seo_analyzer_scan_date":"2025-08-21 05:12:48","breadcrumb_settings":null,"limit_modified_date":false,"open_ai":null,"ai":null,"created":"2020-11-14 22:37:00","updated":"2025-08-21 05:12:48"},"aioseo_breadcrumb":"<div class=\"aioseo-breadcrumbs\"><span class=\"aioseo-breadcrumb\">\n\t<a href=\"https:\/\/www.eldigitaldeasturias.com\/noticias\" title=\"Home\">Home<\/a>\n<\/span><span class=\"aioseo-breadcrumb-separator\">\u2013<\/span><span class=\"aioseo-breadcrumb\">\n\t<a href=\"https:\/\/www.eldigitaldeasturias.com\/noticias\/category\/actualidad-asturias\/\" title=\"Actualidad Asturias\">Actualidad Asturias<\/a>\n<\/span><span class=\"aioseo-breadcrumb-separator\">\u2013<\/span><span class=\"aioseo-breadcrumb\">\n\t<a href=\"https:\/\/www.eldigitaldeasturias.com\/noticias\/sostres-afirma-que-el-pp-sera-el-responsable-historico-de-no-aumentar-un-ano-el-bachillerato\/\" title=\"Sostres afirma que el PP \u00abser\u00e1 el responsable hist\u00f3rico de no aumentar un a\u00f1o el Bachillerato\u00bb\">Sostres afirma que el PP \u00abser\u00e1 el responsable hist\u00f3rico de no aumentar un a\u00f1o el Bachillerato\u00bb<\/a>\n<\/span><\/div>","aioseo_breadcrumb_json":[{"label":"Home","link":"https:\/\/www.eldigitaldeasturias.com\/noticias"},{"label":"Actualidad Asturias","link":"https:\/\/www.eldigitaldeasturias.com\/noticias\/category\/actualidad-asturias\/"},{"label":"Sostres afirma que el PP \u00abser\u00e1 el responsable hist\u00f3rico de no aumentar un a\u00f1o el Bachillerato\u00bb","link":"https:\/\/www.eldigitaldeasturias.com\/noticias\/sostres-afirma-que-el-pp-sera-el-responsable-historico-de-no-aumentar-un-ano-el-bachillerato\/"}],"_links":{"self":[{"href":"https:\/\/www.eldigitaldeasturias.com\/noticias\/wp-json\/wp\/v2\/posts\/2899","targetHints":{"allow":["GET"]}}],"collection":[{"href":"https:\/\/www.eldigitaldeasturias.com\/noticias\/wp-json\/wp\/v2\/posts"}],"about":[{"href":"https:\/\/www.eldigitaldeasturias.com\/noticias\/wp-json\/wp\/v2\/types\/post"}],"author":[{"embeddable":true,"href":"https:\/\/www.eldigitaldeasturias.com\/noticias\/wp-json\/wp\/v2\/users\/1"}],"replies":[{"embeddable":true,"href":"https:\/\/www.eldigitaldeasturias.com\/noticias\/wp-json\/wp\/v2\/comments?post=2899"}],"version-history":[{"count":0,"href":"https:\/\/www.eldigitaldeasturias.com\/noticias\/wp-json\/wp\/v2\/posts\/2899\/revisions"}],"wp:featuredmedia":[{"embeddable":true,"href":"https:\/\/www.eldigitaldeasturias.com\/noticias\/wp-json\/wp\/v2\/media\/1438"}],"wp:attachment":[{"href":"https:\/\/www.eldigitaldeasturias.com\/noticias\/wp-json\/wp\/v2\/media?parent=2899"}],"wp:term":[{"taxonomy":"category","embeddable":true,"href":"https:\/\/www.eldigitaldeasturias.com\/noticias\/wp-json\/wp\/v2\/categories?post=2899"},{"taxonomy":"post_tag","embeddable":true,"href":"https:\/\/www.eldigitaldeasturias.com\/noticias\/wp-json\/wp\/v2\/tags?post=2899"}],"curies":[{"name":"wp","href":"https:\/\/api.w.org\/{rel}","templated":true}]}}