{"id":2897,"date":"2013-09-24T23:09:31","date_gmt":"2013-09-24T23:09:31","guid":{"rendered":"http:\/\/www.eldigitaldeasturias.com\/noticias\/?p=2897"},"modified":"2013-09-24T23:09:31","modified_gmt":"2013-09-24T23:09:31","slug":"iu-de-asturias-reclama-elecciones-en-cudillero","status":"publish","type":"post","link":"https:\/\/www.eldigitaldeasturias.com\/noticias\/iu-de-asturias-reclama-elecciones-en-cudillero\/","title":{"rendered":"IU de Asturias reclama elecciones en Cudillero"},"content":{"rendered":"<p><img loading=\"lazy\" decoding=\"async\" class=\"alignleft size-medium wp-image-2884\" alt=\"cudillero2\" src=\"https:\/\/www.eldigitaldeasturias.com\/noticias\/wp-content\/uploads\/2013\/09\/cudillero2-360x269.jpg\" width=\"360\" height=\"269\" \/>OVIEDO, 24 Sep. (EUROPA PRESS) &#8211;\u00a0IU de Asturias ha exigido este martes la convocatoria inmediata de elecciones en el municipio de Cudillero y ha responsabilizado a todos los partidos con representaci\u00f3n en el concejo de la situaci\u00f3n de \u00abdesgobierno local\u00bb, despu\u00e9s de que el Tribunal Superior de Justicia de Asturias haya declarado tambi\u00e9n nula la investidura de su quinto alcalde en lo que va de mandato.<\/p>\n<p>Para el coordinador de IU, Manuel Gonz\u00e1lez Orviz, en una situaci\u00f3n en la que ni la Administraci\u00f3n ni los partidos pol\u00edticos son capaces de poner fin al \u00abesperpento\u00bb, es imprescindible que se antepongan los intereses generales de la ciudadan\u00eda a cuitas partidistas.<\/p>\n<p>\u00abNosotros siempre hemos defendido la celebraci\u00f3n de elecciones anticipadas y se nos dec\u00eda que no cab\u00edan por el art\u00edculo 61 de la Ley de Bases de R\u00e9gimen Local, que dice que solamente son posibles en el caso de una gesti\u00f3n da\u00f1osa para los intereses generales. Yo creo que gesti\u00f3n m\u00e1s da\u00f1osa que llevemos dos a\u00f1os sin saber qui\u00e9n puede ser el alcalde, y sin atender los intereses de los vecinos de Cudillero no cabe otra salida que la convocatoria de unas elecciones anticipadas\u00bb, ha manifestado a trav\u00e9s de una nota de prensa.<\/p>\n<p>Seg\u00fan el m\u00e1ximo responsable de IU, existe una \u00abirresponsabilidad primaria\u00bb del PSOE en el origen del conflicto que se ha visto \u00abagravada y ampliada\u00bb por la posici\u00f3n mantenida por el resto de partidos con representaci\u00f3n en el consistorio pixueto. \u00abEst\u00e1 clara que hay una irresponsabilidad primaria del Partido Socialista, pero a partir de ah\u00ed se van acumulando la irresponsabilidad del PSOE con la irresponsabilidad tanto del Partido Popular como de FORO. Creo que los vecinos de Cudillero no se merecen lo que est\u00e1 ocurriendo\u00bb, ha indicado.<\/p>\n<p>Manuel Gonz\u00e1lez Orviz denunci\u00f3 adem\u00e1s el acoso al que se est\u00e1 sometiendo la Plataforma de Vecinos, algo, a su jicio, \u00abdesde todo punto de vista injustificado\u00bb, m\u00e1s, a\u00f1adio, porque \u00abson los \u00fanicos que est\u00e1n poniendo las cosas en su sitio\u00bb.<\/p>\n","protected":false},"excerpt":{"rendered":"<p>OVIEDO, 24 Sep. (EUROPA PRESS) &#8211;\u00a0IU de Asturias ha exigido este martes la convocatoria inmediata de elecciones en el municipio de Cudillero y ha responsabilizado a todos los partidos con representaci\u00f3n en el concejo de la situaci\u00f3n de \u00abdesgobierno local\u00bb, despu\u00e9s de que el Tribunal Superior de Justicia de Asturias haya declarado tambi\u00e9n nula la [&hellip;]<\/p>\n","protected":false},"author":1,"featured_media":2884,"comment_status":"open","ping_status":"open","sticky":false,"template":"","format":"standard","meta":{"footnotes":""},"categories":[12],"tags":[],"class_list":["post-2897","post","type-post","status-publish","format-standard","has-post-thumbnail","hentry","category-actualidad-asturias"],"aioseo_notices":[],"aioseo_head":"\n\t\t<!-- All in One SEO Pro 4.9.6.2 - aioseo.com -->\n\t<meta name=\"description\" content=\"OVIEDO, 24 Sep. (EUROPA PRESS) - IU de Asturias ha exigido este martes la convocatoria inmediata de elecciones en el municipio de Cudillero y ha responsabilizado a todos los partidos con representaci\u00f3n en el concejo de la situaci\u00f3n de &quot;desgobierno local&quot;, despu\u00e9s de que el Tribunal Superior de Justicia de Asturias haya declarado tambi\u00e9n nula la\" \/>\n\t<meta name=\"robots\" content=\"max-image-preview:large\" \/>\n\t<meta name=\"author\" content=\"El Digital de Asturias\"\/>\n\t<meta name=\"google-site-verification\" content=\"UA-38556648-1\" \/>\n\t<meta name=\"msvalidate.01\" content=\"7dfe9f3f1b24437ab69f4f2559babe99\" \/>\n\t<meta name=\"keywords\" content=\"actualidad asturias\" \/>\n\t<link rel=\"canonical\" href=\"https:\/\/www.eldigitaldeasturias.com\/noticias\/iu-de-asturias-reclama-elecciones-en-cudillero\/\" \/>\n\t<meta name=\"generator\" content=\"All in One SEO Pro (AIOSEO) 4.9.6.2\" \/>\n\t\t<meta property=\"og:locale\" content=\"es_ES\" \/>\n\t\t<meta property=\"og:site_name\" content=\"El Digital de Asturias\" \/>\n\t\t<meta property=\"og:type\" content=\"article\" \/>\n\t\t<meta property=\"og:title\" content=\"IU de Asturias reclama elecciones en Cudillero - El Digital de Asturias\" \/>\n\t\t<meta property=\"og:description\" content=\"OVIEDO, 24 Sep. (EUROPA PRESS) - IU de Asturias ha exigido este martes la convocatoria inmediata de elecciones en el municipio de Cudillero y ha responsabilizado a todos los partidos con representaci\u00f3n en el concejo de la situaci\u00f3n de &quot;desgobierno local&quot;, despu\u00e9s de que el Tribunal Superior de Justicia de Asturias haya declarado tambi\u00e9n nula la\" \/>\n\t\t<meta property=\"og:url\" content=\"https:\/\/www.eldigitaldeasturias.com\/noticias\/iu-de-asturias-reclama-elecciones-en-cudillero\/\" \/>\n\t\t<meta property=\"article:tag\" content=\"actualidad asturias\" \/>\n\t\t<meta property=\"article:published_time\" content=\"2013-09-24T23:09:31+00:00\" \/>\n\t\t<meta property=\"article:modified_time\" content=\"2013-09-24T23:09:31+00:00\" \/>\n\t\t<meta property=\"article:publisher\" content=\"https:\/\/facebook.com\/eldigitaldeasturias\" \/>\n\t\t<meta name=\"twitter:card\" content=\"summary_large_image\" \/>\n\t\t<meta name=\"twitter:title\" content=\"IU de Asturias reclama elecciones en Cudillero - El Digital de Asturias\" \/>\n\t\t<meta name=\"twitter:description\" content=\"OVIEDO, 24 Sep. (EUROPA PRESS) - IU de Asturias ha exigido este martes la convocatoria inmediata de elecciones en el municipio de Cudillero y ha responsabilizado a todos los partidos con representaci\u00f3n en el concejo de la situaci\u00f3n de &quot;desgobierno local&quot;, despu\u00e9s de que el Tribunal Superior de Justicia de Asturias haya declarado tambi\u00e9n nula la\" \/>\n\t\t<meta name=\"twitter:label1\" content=\"Escrito por\" \/>\n\t\t<meta name=\"twitter:data1\" content=\"El Digital de Asturias\" \/>\n\t\t<meta name=\"twitter:label2\" content=\"Tiempo de lectura estimado\" \/>\n\t\t<meta name=\"twitter:data2\" content=\"2 minutos\" \/>\n\t\t<script type=\"application\/ld+json\" class=\"aioseo-schema\">\n\t\t\t{\"@context\":\"https:\\\/\\\/schema.org\",\"@graph\":[{\"@type\":\"BlogPosting\",\"@id\":\"https:\\\/\\\/www.eldigitaldeasturias.com\\\/noticias\\\/iu-de-asturias-reclama-elecciones-en-cudillero\\\/#blogposting\",\"name\":\"IU de Asturias reclama elecciones en Cudillero - El Digital de Asturias\",\"headline\":\"IU de Asturias reclama elecciones en Cudillero\",\"author\":{\"@id\":\"https:\\\/\\\/www.eldigitaldeasturias.com\\\/noticias\\\/author\\\/admin\\\/#author\"},\"publisher\":{\"@id\":\"https:\\\/\\\/www.eldigitaldeasturias.com\\\/noticias\\\/#organization\"},\"image\":{\"@type\":\"ImageObject\",\"url\":2884},\"datePublished\":\"2013-09-24T23:09:31+02:00\",\"dateModified\":\"2013-09-24T23:09:31+02:00\",\"inLanguage\":\"es-ES\",\"mainEntityOfPage\":{\"@id\":\"https:\\\/\\\/www.eldigitaldeasturias.com\\\/noticias\\\/iu-de-asturias-reclama-elecciones-en-cudillero\\\/#webpage\"},\"isPartOf\":{\"@id\":\"https:\\\/\\\/www.eldigitaldeasturias.com\\\/noticias\\\/iu-de-asturias-reclama-elecciones-en-cudillero\\\/#webpage\"},\"articleSection\":\"Actualidad Asturias\"},{\"@type\":\"BreadcrumbList\",\"@id\":\"https:\\\/\\\/www.eldigitaldeasturias.com\\\/noticias\\\/iu-de-asturias-reclama-elecciones-en-cudillero\\\/#breadcrumblist\",\"itemListElement\":[{\"@type\":\"ListItem\",\"@id\":\"https:\\\/\\\/www.eldigitaldeasturias.com\\\/noticias#listItem\",\"position\":1,\"name\":\"Home\",\"item\":\"https:\\\/\\\/www.eldigitaldeasturias.com\\\/noticias\",\"nextItem\":{\"@type\":\"ListItem\",\"@id\":\"https:\\\/\\\/www.eldigitaldeasturias.com\\\/noticias\\\/category\\\/actualidad-asturias\\\/#listItem\",\"name\":\"Actualidad Asturias\"}},{\"@type\":\"ListItem\",\"@id\":\"https:\\\/\\\/www.eldigitaldeasturias.com\\\/noticias\\\/category\\\/actualidad-asturias\\\/#listItem\",\"position\":2,\"name\":\"Actualidad Asturias\",\"item\":\"https:\\\/\\\/www.eldigitaldeasturias.com\\\/noticias\\\/category\\\/actualidad-asturias\\\/\",\"nextItem\":{\"@type\":\"ListItem\",\"@id\":\"https:\\\/\\\/www.eldigitaldeasturias.com\\\/noticias\\\/iu-de-asturias-reclama-elecciones-en-cudillero\\\/#listItem\",\"name\":\"IU de Asturias reclama elecciones en Cudillero\"},\"previousItem\":{\"@type\":\"ListItem\",\"@id\":\"https:\\\/\\\/www.eldigitaldeasturias.com\\\/noticias#listItem\",\"name\":\"Home\"}},{\"@type\":\"ListItem\",\"@id\":\"https:\\\/\\\/www.eldigitaldeasturias.com\\\/noticias\\\/iu-de-asturias-reclama-elecciones-en-cudillero\\\/#listItem\",\"position\":3,\"name\":\"IU de Asturias reclama elecciones en Cudillero\",\"previousItem\":{\"@type\":\"ListItem\",\"@id\":\"https:\\\/\\\/www.eldigitaldeasturias.com\\\/noticias\\\/category\\\/actualidad-asturias\\\/#listItem\",\"name\":\"Actualidad Asturias\"}}]},{\"@type\":\"Organization\",\"@id\":\"https:\\\/\\\/www.eldigitaldeasturias.com\\\/noticias\\\/#organization\",\"name\":\"El Digital de Asturias\",\"description\":\"Hemeroteca\",\"url\":\"https:\\\/\\\/www.eldigitaldeasturias.com\\\/noticias\\\/\",\"email\":\"info@eldigitaldeasturias.com\",\"telephone\":\"+34652131393\",\"logo\":{\"@type\":\"ImageObject\",\"url\":\"https:\\\/\\\/www.eldigitaldeasturias.com\\\/noticias\\\/wp-content\\\/uploads\\\/2020\\\/12\\\/EDA.jpg\",\"@id\":\"https:\\\/\\\/www.eldigitaldeasturias.com\\\/noticias\\\/iu-de-asturias-reclama-elecciones-en-cudillero\\\/#organizationLogo\",\"width\":649,\"height\":297},\"image\":{\"@id\":\"https:\\\/\\\/www.eldigitaldeasturias.com\\\/noticias\\\/iu-de-asturias-reclama-elecciones-en-cudillero\\\/#organizationLogo\"},\"sameAs\":[\"https:\\\/\\\/facebook.com\\\/eldigitaldeasturias\",\"https:\\\/\\\/www.youtube.com\\\/channel\\\/UCZP-2wLEB9Rv6erhFmqVnvg\"],\"address\":{\"@id\":\"https:\\\/\\\/www.eldigitaldeasturias.com\\\/noticias\\\/#postaladdress\",\"@type\":\"PostalAddress\",\"streetAddress\":\"san antonio 4,\",\"postalCode\":\"33430\",\"addressLocality\":\"Cand\\u00e1s\",\"addressRegion\":\"Asturias\",\"addressCountry\":\"ES\"}},{\"@type\":\"Person\",\"@id\":\"https:\\\/\\\/www.eldigitaldeasturias.com\\\/noticias\\\/author\\\/admin\\\/#author\",\"url\":\"https:\\\/\\\/www.eldigitaldeasturias.com\\\/noticias\\\/author\\\/admin\\\/\",\"name\":\"El Digital de Asturias\",\"image\":{\"@type\":\"ImageObject\",\"@id\":\"https:\\\/\\\/www.eldigitaldeasturias.com\\\/noticias\\\/iu-de-asturias-reclama-elecciones-en-cudillero\\\/#authorImage\",\"url\":\"https:\\\/\\\/www.eldigitaldeasturias.com\\\/noticias\\\/wp-content\\\/litespeed\\\/avatar\\\/18677e78aa0546b92d9dbf31ec7d7668.jpg?ver=1776685526\",\"width\":96,\"height\":96,\"caption\":\"El Digital de Asturias\"}},{\"@type\":\"WebPage\",\"@id\":\"https:\\\/\\\/www.eldigitaldeasturias.com\\\/noticias\\\/iu-de-asturias-reclama-elecciones-en-cudillero\\\/#webpage\",\"url\":\"https:\\\/\\\/www.eldigitaldeasturias.com\\\/noticias\\\/iu-de-asturias-reclama-elecciones-en-cudillero\\\/\",\"name\":\"IU de Asturias reclama elecciones en Cudillero - El Digital de Asturias\",\"description\":\"OVIEDO, 24 Sep. (EUROPA PRESS) - IU de Asturias ha exigido este martes la convocatoria inmediata de elecciones en el municipio de Cudillero y ha responsabilizado a todos los partidos con representaci\\u00f3n en el concejo de la situaci\\u00f3n de \\\"desgobierno local\\\", despu\\u00e9s de que el Tribunal Superior de Justicia de Asturias haya declarado tambi\\u00e9n nula la\",\"inLanguage\":\"es-ES\",\"isPartOf\":{\"@id\":\"https:\\\/\\\/www.eldigitaldeasturias.com\\\/noticias\\\/#website\"},\"breadcrumb\":{\"@id\":\"https:\\\/\\\/www.eldigitaldeasturias.com\\\/noticias\\\/iu-de-asturias-reclama-elecciones-en-cudillero\\\/#breadcrumblist\"},\"author\":{\"@id\":\"https:\\\/\\\/www.eldigitaldeasturias.com\\\/noticias\\\/author\\\/admin\\\/#author\"},\"creator\":{\"@id\":\"https:\\\/\\\/www.eldigitaldeasturias.com\\\/noticias\\\/author\\\/admin\\\/#author\"},\"image\":{\"@type\":\"ImageObject\",\"url\":2884,\"@id\":\"https:\\\/\\\/www.eldigitaldeasturias.com\\\/noticias\\\/iu-de-asturias-reclama-elecciones-en-cudillero\\\/#mainImage\"},\"primaryImageOfPage\":{\"@id\":\"https:\\\/\\\/www.eldigitaldeasturias.com\\\/noticias\\\/iu-de-asturias-reclama-elecciones-en-cudillero\\\/#mainImage\"},\"datePublished\":\"2013-09-24T23:09:31+02:00\",\"dateModified\":\"2013-09-24T23:09:31+02:00\"},{\"@type\":\"WebSite\",\"@id\":\"https:\\\/\\\/www.eldigitaldeasturias.com\\\/noticias\\\/#website\",\"url\":\"https:\\\/\\\/www.eldigitaldeasturias.com\\\/noticias\\\/\",\"name\":\"El Digital de Asturias - Diario de actualidad y noticias\",\"alternateName\":\"El Digital de Asturias - Diario de actualidad y noticias\",\"description\":\"Hemeroteca\",\"inLanguage\":\"es-ES\",\"publisher\":{\"@id\":\"https:\\\/\\\/www.eldigitaldeasturias.com\\\/noticias\\\/#organization\"}}]}\n\t\t<\/script>\n\t\t<!-- All in One SEO Pro -->\r\n\t\t<title>IU de Asturias reclama elecciones en Cudillero - El Digital de Asturias<\/title>\n\n","aioseo_head_json":{"title":"IU de Asturias reclama elecciones en Cudillero - El Digital de Asturias","description":"OVIEDO, 24 Sep. (EUROPA PRESS) - IU de Asturias ha exigido este martes la convocatoria inmediata de elecciones en el municipio de Cudillero y ha responsabilizado a todos los partidos con representaci\u00f3n en el concejo de la situaci\u00f3n de \"desgobierno local\", despu\u00e9s de que el Tribunal Superior de Justicia de Asturias haya declarado tambi\u00e9n nula la","canonical_url":"https:\/\/www.eldigitaldeasturias.com\/noticias\/iu-de-asturias-reclama-elecciones-en-cudillero\/","robots":"max-image-preview:large","keywords":"actualidad asturias","webmasterTools":{"google-site-verification":"UA-38556648-1","msvalidate.01":"7dfe9f3f1b24437ab69f4f2559babe99","miscellaneous":""},"schema":{"@context":"https:\/\/schema.org","@graph":[{"@type":"BlogPosting","@id":"https:\/\/www.eldigitaldeasturias.com\/noticias\/iu-de-asturias-reclama-elecciones-en-cudillero\/#blogposting","name":"IU de Asturias reclama elecciones en Cudillero - El Digital de Asturias","headline":"IU de Asturias reclama elecciones en Cudillero","author":{"@id":"https:\/\/www.eldigitaldeasturias.com\/noticias\/author\/admin\/#author"},"publisher":{"@id":"https:\/\/www.eldigitaldeasturias.com\/noticias\/#organization"},"image":{"@type":"ImageObject","url":2884},"datePublished":"2013-09-24T23:09:31+02:00","dateModified":"2013-09-24T23:09:31+02:00","inLanguage":"es-ES","mainEntityOfPage":{"@id":"https:\/\/www.eldigitaldeasturias.com\/noticias\/iu-de-asturias-reclama-elecciones-en-cudillero\/#webpage"},"isPartOf":{"@id":"https:\/\/www.eldigitaldeasturias.com\/noticias\/iu-de-asturias-reclama-elecciones-en-cudillero\/#webpage"},"articleSection":"Actualidad Asturias"},{"@type":"BreadcrumbList","@id":"https:\/\/www.eldigitaldeasturias.com\/noticias\/iu-de-asturias-reclama-elecciones-en-cudillero\/#breadcrumblist","itemListElement":[{"@type":"ListItem","@id":"https:\/\/www.eldigitaldeasturias.com\/noticias#listItem","position":1,"name":"Home","item":"https:\/\/www.eldigitaldeasturias.com\/noticias","nextItem":{"@type":"ListItem","@id":"https:\/\/www.eldigitaldeasturias.com\/noticias\/category\/actualidad-asturias\/#listItem","name":"Actualidad Asturias"}},{"@type":"ListItem","@id":"https:\/\/www.eldigitaldeasturias.com\/noticias\/category\/actualidad-asturias\/#listItem","position":2,"name":"Actualidad Asturias","item":"https:\/\/www.eldigitaldeasturias.com\/noticias\/category\/actualidad-asturias\/","nextItem":{"@type":"ListItem","@id":"https:\/\/www.eldigitaldeasturias.com\/noticias\/iu-de-asturias-reclama-elecciones-en-cudillero\/#listItem","name":"IU de Asturias reclama elecciones en Cudillero"},"previousItem":{"@type":"ListItem","@id":"https:\/\/www.eldigitaldeasturias.com\/noticias#listItem","name":"Home"}},{"@type":"ListItem","@id":"https:\/\/www.eldigitaldeasturias.com\/noticias\/iu-de-asturias-reclama-elecciones-en-cudillero\/#listItem","position":3,"name":"IU de Asturias reclama elecciones en Cudillero","previousItem":{"@type":"ListItem","@id":"https:\/\/www.eldigitaldeasturias.com\/noticias\/category\/actualidad-asturias\/#listItem","name":"Actualidad Asturias"}}]},{"@type":"Organization","@id":"https:\/\/www.eldigitaldeasturias.com\/noticias\/#organization","name":"El Digital de Asturias","description":"Hemeroteca","url":"https:\/\/www.eldigitaldeasturias.com\/noticias\/","email":"info@eldigitaldeasturias.com","telephone":"+34652131393","logo":{"@type":"ImageObject","url":"https:\/\/www.eldigitaldeasturias.com\/noticias\/wp-content\/uploads\/2020\/12\/EDA.jpg","@id":"https:\/\/www.eldigitaldeasturias.com\/noticias\/iu-de-asturias-reclama-elecciones-en-cudillero\/#organizationLogo","width":649,"height":297},"image":{"@id":"https:\/\/www.eldigitaldeasturias.com\/noticias\/iu-de-asturias-reclama-elecciones-en-cudillero\/#organizationLogo"},"sameAs":["https:\/\/facebook.com\/eldigitaldeasturias","https:\/\/www.youtube.com\/channel\/UCZP-2wLEB9Rv6erhFmqVnvg"],"address":{"@id":"https:\/\/www.eldigitaldeasturias.com\/noticias\/#postaladdress","@type":"PostalAddress","streetAddress":"san antonio 4,","postalCode":"33430","addressLocality":"Cand\u00e1s","addressRegion":"Asturias","addressCountry":"ES"}},{"@type":"Person","@id":"https:\/\/www.eldigitaldeasturias.com\/noticias\/author\/admin\/#author","url":"https:\/\/www.eldigitaldeasturias.com\/noticias\/author\/admin\/","name":"El Digital de Asturias","image":{"@type":"ImageObject","@id":"https:\/\/www.eldigitaldeasturias.com\/noticias\/iu-de-asturias-reclama-elecciones-en-cudillero\/#authorImage","url":"https:\/\/www.eldigitaldeasturias.com\/noticias\/wp-content\/litespeed\/avatar\/18677e78aa0546b92d9dbf31ec7d7668.jpg?ver=1776685526","width":96,"height":96,"caption":"El Digital de Asturias"}},{"@type":"WebPage","@id":"https:\/\/www.eldigitaldeasturias.com\/noticias\/iu-de-asturias-reclama-elecciones-en-cudillero\/#webpage","url":"https:\/\/www.eldigitaldeasturias.com\/noticias\/iu-de-asturias-reclama-elecciones-en-cudillero\/","name":"IU de Asturias reclama elecciones en Cudillero - El Digital de Asturias","description":"OVIEDO, 24 Sep. (EUROPA PRESS) - IU de Asturias ha exigido este martes la convocatoria inmediata de elecciones en el municipio de Cudillero y ha responsabilizado a todos los partidos con representaci\u00f3n en el concejo de la situaci\u00f3n de \"desgobierno local\", despu\u00e9s de que el Tribunal Superior de Justicia de Asturias haya declarado tambi\u00e9n nula la","inLanguage":"es-ES","isPartOf":{"@id":"https:\/\/www.eldigitaldeasturias.com\/noticias\/#website"},"breadcrumb":{"@id":"https:\/\/www.eldigitaldeasturias.com\/noticias\/iu-de-asturias-reclama-elecciones-en-cudillero\/#breadcrumblist"},"author":{"@id":"https:\/\/www.eldigitaldeasturias.com\/noticias\/author\/admin\/#author"},"creator":{"@id":"https:\/\/www.eldigitaldeasturias.com\/noticias\/author\/admin\/#author"},"image":{"@type":"ImageObject","url":2884,"@id":"https:\/\/www.eldigitaldeasturias.com\/noticias\/iu-de-asturias-reclama-elecciones-en-cudillero\/#mainImage"},"primaryImageOfPage":{"@id":"https:\/\/www.eldigitaldeasturias.com\/noticias\/iu-de-asturias-reclama-elecciones-en-cudillero\/#mainImage"},"datePublished":"2013-09-24T23:09:31+02:00","dateModified":"2013-09-24T23:09:31+02:00"},{"@type":"WebSite","@id":"https:\/\/www.eldigitaldeasturias.com\/noticias\/#website","url":"https:\/\/www.eldigitaldeasturias.com\/noticias\/","name":"El Digital de Asturias - Diario de actualidad y noticias","alternateName":"El Digital de Asturias - Diario de actualidad y noticias","description":"Hemeroteca","inLanguage":"es-ES","publisher":{"@id":"https:\/\/www.eldigitaldeasturias.com\/noticias\/#organization"}}]},"og:locale":"es_ES","og:site_name":"El Digital de Asturias","og:type":"article","og:title":"IU de Asturias reclama elecciones en Cudillero - El Digital de Asturias","og:description":"OVIEDO, 24 Sep. (EUROPA PRESS) - IU de Asturias ha exigido este martes la convocatoria inmediata de elecciones en el municipio de Cudillero y ha responsabilizado a todos los partidos con representaci\u00f3n en el concejo de la situaci\u00f3n de &quot;desgobierno local&quot;, despu\u00e9s de que el Tribunal Superior de Justicia de Asturias haya declarado tambi\u00e9n nula la","og:url":"https:\/\/www.eldigitaldeasturias.com\/noticias\/iu-de-asturias-reclama-elecciones-en-cudillero\/","article:tag":["actualidad asturias"],"article:published_time":"2013-09-24T23:09:31+00:00","article:modified_time":"2013-09-24T23:09:31+00:00","article:publisher":"https:\/\/facebook.com\/eldigitaldeasturias","twitter:card":"summary_large_image","twitter:title":"IU de Asturias reclama elecciones en Cudillero - El Digital de Asturias","twitter:description":"OVIEDO, 24 Sep. (EUROPA PRESS) - IU de Asturias ha exigido este martes la convocatoria inmediata de elecciones en el municipio de Cudillero y ha responsabilizado a todos los partidos con representaci\u00f3n en el concejo de la situaci\u00f3n de &quot;desgobierno local&quot;, despu\u00e9s de que el Tribunal Superior de Justicia de Asturias haya declarado tambi\u00e9n nula la","twitter:label1":"Escrito por","twitter:data1":"El Digital de Asturias","twitter:label2":"Tiempo de lectura estimado","twitter:data2":"2 minutos"},"aioseo_meta_data":{"post_id":"2897","title":null,"description":null,"keywords":null,"keyphrases":null,"primary_term":null,"canonical_url":null,"og_title":null,"og_description":null,"og_object_type":"default","og_image_type":"default","og_image_url":null,"og_image_width":null,"og_image_height":null,"og_image_custom_url":null,"og_image_custom_fields":null,"og_video":null,"og_custom_url":null,"og_article_section":null,"og_article_tags":null,"twitter_use_og":true,"twitter_card":"default","twitter_image_type":"default","twitter_image_url":null,"twitter_image_custom_url":null,"twitter_image_custom_fields":null,"twitter_title":null,"twitter_description":null,"schema":{"blockGraphs":[],"customGraphs":[],"default":{"data":{"Article":[],"Course":[],"Dataset":[],"FAQPage":[],"Movie":[],"Person":[],"Product":[],"ProductReview":[],"Car":[],"Recipe":[],"Service":[],"SoftwareApplication":[],"WebPage":[]},"graphName":"","isEnabled":true},"graphs":[],"defaultGraph":"","defaultPostTypeGraph":""},"schema_type":null,"schema_type_options":null,"pillar_content":false,"robots_default":true,"robots_noindex":false,"robots_noarchive":false,"robots_nosnippet":false,"robots_nofollow":false,"robots_noimageindex":false,"robots_noodp":false,"robots_notranslate":false,"robots_max_snippet":null,"robots_max_videopreview":null,"robots_max_imagepreview":"none","priority":null,"frequency":null,"local_seo":null,"seo_analyzer_scan_date":"2025-08-21 05:12:48","breadcrumb_settings":null,"limit_modified_date":false,"open_ai":null,"ai":null,"created":"2020-11-14 22:37:00","updated":"2025-08-21 05:12:48"},"aioseo_breadcrumb":"<div class=\"aioseo-breadcrumbs\"><span class=\"aioseo-breadcrumb\">\n\t<a href=\"https:\/\/www.eldigitaldeasturias.com\/noticias\" title=\"Home\">Home<\/a>\n<\/span><span class=\"aioseo-breadcrumb-separator\">\u2013<\/span><span class=\"aioseo-breadcrumb\">\n\t<a href=\"https:\/\/www.eldigitaldeasturias.com\/noticias\/category\/actualidad-asturias\/\" title=\"Actualidad Asturias\">Actualidad Asturias<\/a>\n<\/span><span class=\"aioseo-breadcrumb-separator\">\u2013<\/span><span class=\"aioseo-breadcrumb\">\n\t<a href=\"https:\/\/www.eldigitaldeasturias.com\/noticias\/iu-de-asturias-reclama-elecciones-en-cudillero\/\" title=\"IU de Asturias reclama elecciones en Cudillero\">IU de Asturias reclama elecciones en Cudillero<\/a>\n<\/span><\/div>","aioseo_breadcrumb_json":[{"label":"Home","link":"https:\/\/www.eldigitaldeasturias.com\/noticias"},{"label":"Actualidad Asturias","link":"https:\/\/www.eldigitaldeasturias.com\/noticias\/category\/actualidad-asturias\/"},{"label":"IU de Asturias reclama elecciones en Cudillero","link":"https:\/\/www.eldigitaldeasturias.com\/noticias\/iu-de-asturias-reclama-elecciones-en-cudillero\/"}],"_links":{"self":[{"href":"https:\/\/www.eldigitaldeasturias.com\/noticias\/wp-json\/wp\/v2\/posts\/2897","targetHints":{"allow":["GET"]}}],"collection":[{"href":"https:\/\/www.eldigitaldeasturias.com\/noticias\/wp-json\/wp\/v2\/posts"}],"about":[{"href":"https:\/\/www.eldigitaldeasturias.com\/noticias\/wp-json\/wp\/v2\/types\/post"}],"author":[{"embeddable":true,"href":"https:\/\/www.eldigitaldeasturias.com\/noticias\/wp-json\/wp\/v2\/users\/1"}],"replies":[{"embeddable":true,"href":"https:\/\/www.eldigitaldeasturias.com\/noticias\/wp-json\/wp\/v2\/comments?post=2897"}],"version-history":[{"count":0,"href":"https:\/\/www.eldigitaldeasturias.com\/noticias\/wp-json\/wp\/v2\/posts\/2897\/revisions"}],"wp:featuredmedia":[{"embeddable":true,"href":"https:\/\/www.eldigitaldeasturias.com\/noticias\/wp-json\/"}],"wp:attachment":[{"href":"https:\/\/www.eldigitaldeasturias.com\/noticias\/wp-json\/wp\/v2\/media?parent=2897"}],"wp:term":[{"taxonomy":"category","embeddable":true,"href":"https:\/\/www.eldigitaldeasturias.com\/noticias\/wp-json\/wp\/v2\/categories?post=2897"},{"taxonomy":"post_tag","embeddable":true,"href":"https:\/\/www.eldigitaldeasturias.com\/noticias\/wp-json\/wp\/v2\/tags?post=2897"}],"curies":[{"name":"wp","href":"https:\/\/api.w.org\/{rel}","templated":true}]}}