{"id":2895,"date":"2013-09-24T23:08:12","date_gmt":"2013-09-24T23:08:12","guid":{"rendered":"http:\/\/www.eldigitaldeasturias.com\/noticias\/?p=2895"},"modified":"2013-09-24T23:08:12","modified_gmt":"2013-09-24T23:08:12","slug":"aviles-foro-acusa-al-psoe-de-secuestrar-la-participacion-ciudadana-en-el-municipio","status":"publish","type":"post","link":"https:\/\/www.eldigitaldeasturias.com\/noticias\/aviles-foro-acusa-al-psoe-de-secuestrar-la-participacion-ciudadana-en-el-municipio\/","title":{"rendered":"Avil\u00e9s : Foro acusa al PSOE de \u00absecuestrar\u00bb la participaci\u00f3n ciudadana en el municipio"},"content":{"rendered":"<p><img loading=\"lazy\" decoding=\"async\" class=\"alignleft size-medium wp-image-1580\" alt=\"aviles\" src=\"https:\/\/www.eldigitaldeasturias.com\/noticias\/wp-content\/uploads\/2013\/09\/aviles-360x270.jpg\" width=\"360\" height=\"270\" \/>AVIL\u00c9S\/OVIEDO, 24 Sep. (EUROPA PRESS) &#8211;\u00a0El portavoz de Foro Asturias en el Ayuntamiento de Avil\u00e9s, Pablo S\u00e1nchez Lorda, ha acusado este martes al gobierno local del PSOE de \u00absecuestrar\u00bb la participaci\u00f3n ciudadana en el concejo. El grupo municipal responde de este modo al rechazo de los concejales socialistas y del PP a la moci\u00f3n presentada en el \u00faltimo pleno para modificar el reglamento de participaci\u00f3n ciudadana.<\/p>\n<p>\u00abEl PSOE avilesino ha conseguido mantener en el m\u00e1s absoluto oscurantismo la participaci\u00f3n ciudadana en Avil\u00e9s vetando, con la inestimable ayuda del PP, la presencia al resto de partidos pol\u00edticos (en los consejos de participaci\u00f3n), consiguiendo as\u00ed carta blanca para manipular estas reuniones a su libre albedr\u00edo, us\u00e1ndolas como instrumento al servicio de la intolerancia y del sectarismo m\u00e1s despreciable\u00bb, ha dicho S\u00e1nchez Lorda.<\/p>\n<p>El portavoz de Foro ha dicho que \u00abexiste una incongruencia grave en este argumento, compartido por el PSOE, que est\u00e1 confundiendo a la opini\u00f3n p\u00fablica y es que esos consejos est\u00e1n politizados desde el momento en que la alcaldesa, o el concejal delegado, preside estas reuniones\u00bb.<\/p>\n<p>\u00abLo que est\u00e1 pretendiendo el PSOE es secuestrar la participaci\u00f3n ciudadana con su \u00fanica presencia en las reuniones, provocando un claro agravio comparativo entre gobierno y oposici\u00f3n que, digan lo que digan, dar\u00e1 lugar a debates sesgados que contribuir\u00e1n m\u00e1s bien poco a la participaci\u00f3n ciudadana real, transparente y democr\u00e1tica que defendemos para Avil\u00e9s\u00bb, ha dicho Lorda.<\/p>\n<p>El portavoz de Foro tambi\u00e9n ha tenido palabras para los concejales del PP, cuya \u00abpostura de autoexcluirse de los Consejos de Participaci\u00f3n de Zona, s\u00f3lo puede entenderse si responde al temor a participar en debates transparentes ante los ciudadanos o al intercambio de intereses partidistas que mantiene con el PSOE desde el inicio de legislatura\u00bb.<\/p>\n","protected":false},"excerpt":{"rendered":"<p>AVIL\u00c9S\/OVIEDO, 24 Sep. (EUROPA PRESS) &#8211;\u00a0El portavoz de Foro Asturias en el Ayuntamiento de Avil\u00e9s, Pablo S\u00e1nchez Lorda, ha acusado este martes al gobierno local del PSOE de \u00absecuestrar\u00bb la participaci\u00f3n ciudadana en el concejo. El grupo municipal responde de este modo al rechazo de los concejales socialistas y del PP a la moci\u00f3n presentada [&hellip;]<\/p>\n","protected":false},"author":1,"featured_media":1580,"comment_status":"open","ping_status":"open","sticky":false,"template":"","format":"standard","meta":{"footnotes":""},"categories":[12],"tags":[],"class_list":["post-2895","post","type-post","status-publish","format-standard","has-post-thumbnail","hentry","category-actualidad-asturias"],"aioseo_notices":[],"aioseo_head":"\n\t\t<!-- All in One SEO Pro 4.9.6.2 - aioseo.com -->\n\t<meta name=\"description\" content=\"AVIL\u00c9S\/OVIEDO, 24 Sep. (EUROPA PRESS) - El portavoz de Foro Asturias en el Ayuntamiento de Avil\u00e9s, Pablo S\u00e1nchez Lorda, ha acusado este martes al gobierno local del PSOE de &quot;secuestrar&quot; la participaci\u00f3n ciudadana en el concejo. El grupo municipal responde de este modo al rechazo de los concejales socialistas y del PP a la moci\u00f3n presentada\" \/>\n\t<meta name=\"robots\" content=\"max-image-preview:large\" \/>\n\t<meta name=\"author\" content=\"El Digital de Asturias\"\/>\n\t<meta name=\"google-site-verification\" content=\"UA-38556648-1\" \/>\n\t<meta name=\"msvalidate.01\" content=\"7dfe9f3f1b24437ab69f4f2559babe99\" \/>\n\t<meta name=\"keywords\" content=\"actualidad asturias\" \/>\n\t<link rel=\"canonical\" href=\"https:\/\/www.eldigitaldeasturias.com\/noticias\/aviles-foro-acusa-al-psoe-de-secuestrar-la-participacion-ciudadana-en-el-municipio\/\" \/>\n\t<meta name=\"generator\" content=\"All in One SEO Pro (AIOSEO) 4.9.6.2\" \/>\n\t\t<meta property=\"og:locale\" content=\"es_ES\" \/>\n\t\t<meta property=\"og:site_name\" content=\"El Digital de Asturias\" \/>\n\t\t<meta property=\"og:type\" content=\"article\" \/>\n\t\t<meta property=\"og:title\" content=\"Avil\u00e9s : Foro acusa al PSOE de \u00absecuestrar\u00bb la participaci\u00f3n ciudadana en el municipio - El Digital de Asturias\" \/>\n\t\t<meta property=\"og:description\" content=\"AVIL\u00c9S\/OVIEDO, 24 Sep. (EUROPA PRESS) - El portavoz de Foro Asturias en el Ayuntamiento de Avil\u00e9s, Pablo S\u00e1nchez Lorda, ha acusado este martes al gobierno local del PSOE de &quot;secuestrar&quot; la participaci\u00f3n ciudadana en el concejo. El grupo municipal responde de este modo al rechazo de los concejales socialistas y del PP a la moci\u00f3n presentada\" \/>\n\t\t<meta property=\"og:url\" content=\"https:\/\/www.eldigitaldeasturias.com\/noticias\/aviles-foro-acusa-al-psoe-de-secuestrar-la-participacion-ciudadana-en-el-municipio\/\" \/>\n\t\t<meta property=\"article:tag\" content=\"actualidad asturias\" \/>\n\t\t<meta property=\"article:published_time\" content=\"2013-09-24T23:08:12+00:00\" \/>\n\t\t<meta property=\"article:modified_time\" content=\"2013-09-24T23:08:12+00:00\" \/>\n\t\t<meta property=\"article:publisher\" content=\"https:\/\/facebook.com\/eldigitaldeasturias\" \/>\n\t\t<meta name=\"twitter:card\" content=\"summary_large_image\" \/>\n\t\t<meta name=\"twitter:title\" content=\"Avil\u00e9s : Foro acusa al PSOE de \u00absecuestrar\u00bb la participaci\u00f3n ciudadana en el municipio - El Digital de Asturias\" \/>\n\t\t<meta name=\"twitter:description\" content=\"AVIL\u00c9S\/OVIEDO, 24 Sep. (EUROPA PRESS) - El portavoz de Foro Asturias en el Ayuntamiento de Avil\u00e9s, Pablo S\u00e1nchez Lorda, ha acusado este martes al gobierno local del PSOE de &quot;secuestrar&quot; la participaci\u00f3n ciudadana en el concejo. El grupo municipal responde de este modo al rechazo de los concejales socialistas y del PP a la moci\u00f3n presentada\" \/>\n\t\t<meta name=\"twitter:label1\" content=\"Escrito por\" \/>\n\t\t<meta name=\"twitter:data1\" content=\"El Digital de Asturias\" \/>\n\t\t<meta name=\"twitter:label2\" content=\"Tiempo de lectura estimado\" \/>\n\t\t<meta name=\"twitter:data2\" content=\"2 minutos\" \/>\n\t\t<script type=\"application\/ld+json\" class=\"aioseo-schema\">\n\t\t\t{\"@context\":\"https:\\\/\\\/schema.org\",\"@graph\":[{\"@type\":\"BlogPosting\",\"@id\":\"https:\\\/\\\/www.eldigitaldeasturias.com\\\/noticias\\\/aviles-foro-acusa-al-psoe-de-secuestrar-la-participacion-ciudadana-en-el-municipio\\\/#blogposting\",\"name\":\"Avil\\u00e9s : Foro acusa al PSOE de \\u00absecuestrar\\u00bb la participaci\\u00f3n ciudadana en el municipio - El Digital de Asturias\",\"headline\":\"Avil\\u00e9s : Foro acusa al PSOE de \\u00absecuestrar\\u00bb la participaci\\u00f3n ciudadana en el municipio\",\"author\":{\"@id\":\"https:\\\/\\\/www.eldigitaldeasturias.com\\\/noticias\\\/author\\\/admin\\\/#author\"},\"publisher\":{\"@id\":\"https:\\\/\\\/www.eldigitaldeasturias.com\\\/noticias\\\/#organization\"},\"image\":{\"@type\":\"ImageObject\",\"url\":1580},\"datePublished\":\"2013-09-24T23:08:12+02:00\",\"dateModified\":\"2013-09-24T23:08:12+02:00\",\"inLanguage\":\"es-ES\",\"mainEntityOfPage\":{\"@id\":\"https:\\\/\\\/www.eldigitaldeasturias.com\\\/noticias\\\/aviles-foro-acusa-al-psoe-de-secuestrar-la-participacion-ciudadana-en-el-municipio\\\/#webpage\"},\"isPartOf\":{\"@id\":\"https:\\\/\\\/www.eldigitaldeasturias.com\\\/noticias\\\/aviles-foro-acusa-al-psoe-de-secuestrar-la-participacion-ciudadana-en-el-municipio\\\/#webpage\"},\"articleSection\":\"Actualidad Asturias\"},{\"@type\":\"BreadcrumbList\",\"@id\":\"https:\\\/\\\/www.eldigitaldeasturias.com\\\/noticias\\\/aviles-foro-acusa-al-psoe-de-secuestrar-la-participacion-ciudadana-en-el-municipio\\\/#breadcrumblist\",\"itemListElement\":[{\"@type\":\"ListItem\",\"@id\":\"https:\\\/\\\/www.eldigitaldeasturias.com\\\/noticias#listItem\",\"position\":1,\"name\":\"Home\",\"item\":\"https:\\\/\\\/www.eldigitaldeasturias.com\\\/noticias\",\"nextItem\":{\"@type\":\"ListItem\",\"@id\":\"https:\\\/\\\/www.eldigitaldeasturias.com\\\/noticias\\\/category\\\/actualidad-asturias\\\/#listItem\",\"name\":\"Actualidad Asturias\"}},{\"@type\":\"ListItem\",\"@id\":\"https:\\\/\\\/www.eldigitaldeasturias.com\\\/noticias\\\/category\\\/actualidad-asturias\\\/#listItem\",\"position\":2,\"name\":\"Actualidad Asturias\",\"item\":\"https:\\\/\\\/www.eldigitaldeasturias.com\\\/noticias\\\/category\\\/actualidad-asturias\\\/\",\"nextItem\":{\"@type\":\"ListItem\",\"@id\":\"https:\\\/\\\/www.eldigitaldeasturias.com\\\/noticias\\\/aviles-foro-acusa-al-psoe-de-secuestrar-la-participacion-ciudadana-en-el-municipio\\\/#listItem\",\"name\":\"Avil\\u00e9s : Foro acusa al PSOE de \\u00absecuestrar\\u00bb la participaci\\u00f3n ciudadana en el municipio\"},\"previousItem\":{\"@type\":\"ListItem\",\"@id\":\"https:\\\/\\\/www.eldigitaldeasturias.com\\\/noticias#listItem\",\"name\":\"Home\"}},{\"@type\":\"ListItem\",\"@id\":\"https:\\\/\\\/www.eldigitaldeasturias.com\\\/noticias\\\/aviles-foro-acusa-al-psoe-de-secuestrar-la-participacion-ciudadana-en-el-municipio\\\/#listItem\",\"position\":3,\"name\":\"Avil\\u00e9s : Foro acusa al PSOE de \\u00absecuestrar\\u00bb la participaci\\u00f3n ciudadana en el municipio\",\"previousItem\":{\"@type\":\"ListItem\",\"@id\":\"https:\\\/\\\/www.eldigitaldeasturias.com\\\/noticias\\\/category\\\/actualidad-asturias\\\/#listItem\",\"name\":\"Actualidad Asturias\"}}]},{\"@type\":\"Organization\",\"@id\":\"https:\\\/\\\/www.eldigitaldeasturias.com\\\/noticias\\\/#organization\",\"name\":\"El Digital de Asturias\",\"description\":\"Hemeroteca\",\"url\":\"https:\\\/\\\/www.eldigitaldeasturias.com\\\/noticias\\\/\",\"email\":\"info@eldigitaldeasturias.com\",\"telephone\":\"+34652131393\",\"logo\":{\"@type\":\"ImageObject\",\"url\":\"https:\\\/\\\/www.eldigitaldeasturias.com\\\/noticias\\\/wp-content\\\/uploads\\\/2020\\\/12\\\/EDA.jpg\",\"@id\":\"https:\\\/\\\/www.eldigitaldeasturias.com\\\/noticias\\\/aviles-foro-acusa-al-psoe-de-secuestrar-la-participacion-ciudadana-en-el-municipio\\\/#organizationLogo\",\"width\":649,\"height\":297},\"image\":{\"@id\":\"https:\\\/\\\/www.eldigitaldeasturias.com\\\/noticias\\\/aviles-foro-acusa-al-psoe-de-secuestrar-la-participacion-ciudadana-en-el-municipio\\\/#organizationLogo\"},\"sameAs\":[\"https:\\\/\\\/facebook.com\\\/eldigitaldeasturias\",\"https:\\\/\\\/www.youtube.com\\\/channel\\\/UCZP-2wLEB9Rv6erhFmqVnvg\"],\"address\":{\"@id\":\"https:\\\/\\\/www.eldigitaldeasturias.com\\\/noticias\\\/#postaladdress\",\"@type\":\"PostalAddress\",\"streetAddress\":\"san antonio 4,\",\"postalCode\":\"33430\",\"addressLocality\":\"Cand\\u00e1s\",\"addressRegion\":\"Asturias\",\"addressCountry\":\"ES\"}},{\"@type\":\"Person\",\"@id\":\"https:\\\/\\\/www.eldigitaldeasturias.com\\\/noticias\\\/author\\\/admin\\\/#author\",\"url\":\"https:\\\/\\\/www.eldigitaldeasturias.com\\\/noticias\\\/author\\\/admin\\\/\",\"name\":\"El Digital de Asturias\",\"image\":{\"@type\":\"ImageObject\",\"@id\":\"https:\\\/\\\/www.eldigitaldeasturias.com\\\/noticias\\\/aviles-foro-acusa-al-psoe-de-secuestrar-la-participacion-ciudadana-en-el-municipio\\\/#authorImage\",\"url\":\"https:\\\/\\\/www.eldigitaldeasturias.com\\\/noticias\\\/wp-content\\\/litespeed\\\/avatar\\\/18677e78aa0546b92d9dbf31ec7d7668.jpg?ver=1776685526\",\"width\":96,\"height\":96,\"caption\":\"El Digital de Asturias\"}},{\"@type\":\"WebPage\",\"@id\":\"https:\\\/\\\/www.eldigitaldeasturias.com\\\/noticias\\\/aviles-foro-acusa-al-psoe-de-secuestrar-la-participacion-ciudadana-en-el-municipio\\\/#webpage\",\"url\":\"https:\\\/\\\/www.eldigitaldeasturias.com\\\/noticias\\\/aviles-foro-acusa-al-psoe-de-secuestrar-la-participacion-ciudadana-en-el-municipio\\\/\",\"name\":\"Avil\\u00e9s : Foro acusa al PSOE de \\u00absecuestrar\\u00bb la participaci\\u00f3n ciudadana en el municipio - El Digital de Asturias\",\"description\":\"AVIL\\u00c9S\\\/OVIEDO, 24 Sep. (EUROPA PRESS) - El portavoz de Foro Asturias en el Ayuntamiento de Avil\\u00e9s, Pablo S\\u00e1nchez Lorda, ha acusado este martes al gobierno local del PSOE de \\\"secuestrar\\\" la participaci\\u00f3n ciudadana en el concejo. El grupo municipal responde de este modo al rechazo de los concejales socialistas y del PP a la moci\\u00f3n presentada\",\"inLanguage\":\"es-ES\",\"isPartOf\":{\"@id\":\"https:\\\/\\\/www.eldigitaldeasturias.com\\\/noticias\\\/#website\"},\"breadcrumb\":{\"@id\":\"https:\\\/\\\/www.eldigitaldeasturias.com\\\/noticias\\\/aviles-foro-acusa-al-psoe-de-secuestrar-la-participacion-ciudadana-en-el-municipio\\\/#breadcrumblist\"},\"author\":{\"@id\":\"https:\\\/\\\/www.eldigitaldeasturias.com\\\/noticias\\\/author\\\/admin\\\/#author\"},\"creator\":{\"@id\":\"https:\\\/\\\/www.eldigitaldeasturias.com\\\/noticias\\\/author\\\/admin\\\/#author\"},\"image\":{\"@type\":\"ImageObject\",\"url\":1580,\"@id\":\"https:\\\/\\\/www.eldigitaldeasturias.com\\\/noticias\\\/aviles-foro-acusa-al-psoe-de-secuestrar-la-participacion-ciudadana-en-el-municipio\\\/#mainImage\"},\"primaryImageOfPage\":{\"@id\":\"https:\\\/\\\/www.eldigitaldeasturias.com\\\/noticias\\\/aviles-foro-acusa-al-psoe-de-secuestrar-la-participacion-ciudadana-en-el-municipio\\\/#mainImage\"},\"datePublished\":\"2013-09-24T23:08:12+02:00\",\"dateModified\":\"2013-09-24T23:08:12+02:00\"},{\"@type\":\"WebSite\",\"@id\":\"https:\\\/\\\/www.eldigitaldeasturias.com\\\/noticias\\\/#website\",\"url\":\"https:\\\/\\\/www.eldigitaldeasturias.com\\\/noticias\\\/\",\"name\":\"El Digital de Asturias - Diario de actualidad y noticias\",\"alternateName\":\"El Digital de Asturias - Diario de actualidad y noticias\",\"description\":\"Hemeroteca\",\"inLanguage\":\"es-ES\",\"publisher\":{\"@id\":\"https:\\\/\\\/www.eldigitaldeasturias.com\\\/noticias\\\/#organization\"}}]}\n\t\t<\/script>\n\t\t<!-- All in One SEO Pro -->\r\n\t\t<title>Avil\u00e9s : Foro acusa al PSOE de \u00absecuestrar\u00bb la participaci\u00f3n ciudadana en el municipio - El Digital de Asturias<\/title>\n\n","aioseo_head_json":{"title":"Avil\u00e9s : Foro acusa al PSOE de \u00absecuestrar\u00bb la participaci\u00f3n ciudadana en el municipio - El Digital de Asturias","description":"AVIL\u00c9S\/OVIEDO, 24 Sep. (EUROPA PRESS) - El portavoz de Foro Asturias en el Ayuntamiento de Avil\u00e9s, Pablo S\u00e1nchez Lorda, ha acusado este martes al gobierno local del PSOE de \"secuestrar\" la participaci\u00f3n ciudadana en el concejo. El grupo municipal responde de este modo al rechazo de los concejales socialistas y del PP a la moci\u00f3n presentada","canonical_url":"https:\/\/www.eldigitaldeasturias.com\/noticias\/aviles-foro-acusa-al-psoe-de-secuestrar-la-participacion-ciudadana-en-el-municipio\/","robots":"max-image-preview:large","keywords":"actualidad asturias","webmasterTools":{"google-site-verification":"UA-38556648-1","msvalidate.01":"7dfe9f3f1b24437ab69f4f2559babe99","miscellaneous":""},"schema":{"@context":"https:\/\/schema.org","@graph":[{"@type":"BlogPosting","@id":"https:\/\/www.eldigitaldeasturias.com\/noticias\/aviles-foro-acusa-al-psoe-de-secuestrar-la-participacion-ciudadana-en-el-municipio\/#blogposting","name":"Avil\u00e9s : Foro acusa al PSOE de \u00absecuestrar\u00bb la participaci\u00f3n ciudadana en el municipio - El Digital de Asturias","headline":"Avil\u00e9s : Foro acusa al PSOE de \u00absecuestrar\u00bb la participaci\u00f3n ciudadana en el municipio","author":{"@id":"https:\/\/www.eldigitaldeasturias.com\/noticias\/author\/admin\/#author"},"publisher":{"@id":"https:\/\/www.eldigitaldeasturias.com\/noticias\/#organization"},"image":{"@type":"ImageObject","url":1580},"datePublished":"2013-09-24T23:08:12+02:00","dateModified":"2013-09-24T23:08:12+02:00","inLanguage":"es-ES","mainEntityOfPage":{"@id":"https:\/\/www.eldigitaldeasturias.com\/noticias\/aviles-foro-acusa-al-psoe-de-secuestrar-la-participacion-ciudadana-en-el-municipio\/#webpage"},"isPartOf":{"@id":"https:\/\/www.eldigitaldeasturias.com\/noticias\/aviles-foro-acusa-al-psoe-de-secuestrar-la-participacion-ciudadana-en-el-municipio\/#webpage"},"articleSection":"Actualidad Asturias"},{"@type":"BreadcrumbList","@id":"https:\/\/www.eldigitaldeasturias.com\/noticias\/aviles-foro-acusa-al-psoe-de-secuestrar-la-participacion-ciudadana-en-el-municipio\/#breadcrumblist","itemListElement":[{"@type":"ListItem","@id":"https:\/\/www.eldigitaldeasturias.com\/noticias#listItem","position":1,"name":"Home","item":"https:\/\/www.eldigitaldeasturias.com\/noticias","nextItem":{"@type":"ListItem","@id":"https:\/\/www.eldigitaldeasturias.com\/noticias\/category\/actualidad-asturias\/#listItem","name":"Actualidad Asturias"}},{"@type":"ListItem","@id":"https:\/\/www.eldigitaldeasturias.com\/noticias\/category\/actualidad-asturias\/#listItem","position":2,"name":"Actualidad Asturias","item":"https:\/\/www.eldigitaldeasturias.com\/noticias\/category\/actualidad-asturias\/","nextItem":{"@type":"ListItem","@id":"https:\/\/www.eldigitaldeasturias.com\/noticias\/aviles-foro-acusa-al-psoe-de-secuestrar-la-participacion-ciudadana-en-el-municipio\/#listItem","name":"Avil\u00e9s : Foro acusa al PSOE de \u00absecuestrar\u00bb la participaci\u00f3n ciudadana en el municipio"},"previousItem":{"@type":"ListItem","@id":"https:\/\/www.eldigitaldeasturias.com\/noticias#listItem","name":"Home"}},{"@type":"ListItem","@id":"https:\/\/www.eldigitaldeasturias.com\/noticias\/aviles-foro-acusa-al-psoe-de-secuestrar-la-participacion-ciudadana-en-el-municipio\/#listItem","position":3,"name":"Avil\u00e9s : Foro acusa al PSOE de \u00absecuestrar\u00bb la participaci\u00f3n ciudadana en el municipio","previousItem":{"@type":"ListItem","@id":"https:\/\/www.eldigitaldeasturias.com\/noticias\/category\/actualidad-asturias\/#listItem","name":"Actualidad Asturias"}}]},{"@type":"Organization","@id":"https:\/\/www.eldigitaldeasturias.com\/noticias\/#organization","name":"El Digital de Asturias","description":"Hemeroteca","url":"https:\/\/www.eldigitaldeasturias.com\/noticias\/","email":"info@eldigitaldeasturias.com","telephone":"+34652131393","logo":{"@type":"ImageObject","url":"https:\/\/www.eldigitaldeasturias.com\/noticias\/wp-content\/uploads\/2020\/12\/EDA.jpg","@id":"https:\/\/www.eldigitaldeasturias.com\/noticias\/aviles-foro-acusa-al-psoe-de-secuestrar-la-participacion-ciudadana-en-el-municipio\/#organizationLogo","width":649,"height":297},"image":{"@id":"https:\/\/www.eldigitaldeasturias.com\/noticias\/aviles-foro-acusa-al-psoe-de-secuestrar-la-participacion-ciudadana-en-el-municipio\/#organizationLogo"},"sameAs":["https:\/\/facebook.com\/eldigitaldeasturias","https:\/\/www.youtube.com\/channel\/UCZP-2wLEB9Rv6erhFmqVnvg"],"address":{"@id":"https:\/\/www.eldigitaldeasturias.com\/noticias\/#postaladdress","@type":"PostalAddress","streetAddress":"san antonio 4,","postalCode":"33430","addressLocality":"Cand\u00e1s","addressRegion":"Asturias","addressCountry":"ES"}},{"@type":"Person","@id":"https:\/\/www.eldigitaldeasturias.com\/noticias\/author\/admin\/#author","url":"https:\/\/www.eldigitaldeasturias.com\/noticias\/author\/admin\/","name":"El Digital de Asturias","image":{"@type":"ImageObject","@id":"https:\/\/www.eldigitaldeasturias.com\/noticias\/aviles-foro-acusa-al-psoe-de-secuestrar-la-participacion-ciudadana-en-el-municipio\/#authorImage","url":"https:\/\/www.eldigitaldeasturias.com\/noticias\/wp-content\/litespeed\/avatar\/18677e78aa0546b92d9dbf31ec7d7668.jpg?ver=1776685526","width":96,"height":96,"caption":"El Digital de Asturias"}},{"@type":"WebPage","@id":"https:\/\/www.eldigitaldeasturias.com\/noticias\/aviles-foro-acusa-al-psoe-de-secuestrar-la-participacion-ciudadana-en-el-municipio\/#webpage","url":"https:\/\/www.eldigitaldeasturias.com\/noticias\/aviles-foro-acusa-al-psoe-de-secuestrar-la-participacion-ciudadana-en-el-municipio\/","name":"Avil\u00e9s : Foro acusa al PSOE de \u00absecuestrar\u00bb la participaci\u00f3n ciudadana en el municipio - El Digital de Asturias","description":"AVIL\u00c9S\/OVIEDO, 24 Sep. (EUROPA PRESS) - El portavoz de Foro Asturias en el Ayuntamiento de Avil\u00e9s, Pablo S\u00e1nchez Lorda, ha acusado este martes al gobierno local del PSOE de \"secuestrar\" la participaci\u00f3n ciudadana en el concejo. El grupo municipal responde de este modo al rechazo de los concejales socialistas y del PP a la moci\u00f3n presentada","inLanguage":"es-ES","isPartOf":{"@id":"https:\/\/www.eldigitaldeasturias.com\/noticias\/#website"},"breadcrumb":{"@id":"https:\/\/www.eldigitaldeasturias.com\/noticias\/aviles-foro-acusa-al-psoe-de-secuestrar-la-participacion-ciudadana-en-el-municipio\/#breadcrumblist"},"author":{"@id":"https:\/\/www.eldigitaldeasturias.com\/noticias\/author\/admin\/#author"},"creator":{"@id":"https:\/\/www.eldigitaldeasturias.com\/noticias\/author\/admin\/#author"},"image":{"@type":"ImageObject","url":1580,"@id":"https:\/\/www.eldigitaldeasturias.com\/noticias\/aviles-foro-acusa-al-psoe-de-secuestrar-la-participacion-ciudadana-en-el-municipio\/#mainImage"},"primaryImageOfPage":{"@id":"https:\/\/www.eldigitaldeasturias.com\/noticias\/aviles-foro-acusa-al-psoe-de-secuestrar-la-participacion-ciudadana-en-el-municipio\/#mainImage"},"datePublished":"2013-09-24T23:08:12+02:00","dateModified":"2013-09-24T23:08:12+02:00"},{"@type":"WebSite","@id":"https:\/\/www.eldigitaldeasturias.com\/noticias\/#website","url":"https:\/\/www.eldigitaldeasturias.com\/noticias\/","name":"El Digital de Asturias - Diario de actualidad y noticias","alternateName":"El Digital de Asturias - Diario de actualidad y noticias","description":"Hemeroteca","inLanguage":"es-ES","publisher":{"@id":"https:\/\/www.eldigitaldeasturias.com\/noticias\/#organization"}}]},"og:locale":"es_ES","og:site_name":"El Digital de Asturias","og:type":"article","og:title":"Avil\u00e9s : Foro acusa al PSOE de \u00absecuestrar\u00bb la participaci\u00f3n ciudadana en el municipio - El Digital de Asturias","og:description":"AVIL\u00c9S\/OVIEDO, 24 Sep. (EUROPA PRESS) - El portavoz de Foro Asturias en el Ayuntamiento de Avil\u00e9s, Pablo S\u00e1nchez Lorda, ha acusado este martes al gobierno local del PSOE de &quot;secuestrar&quot; la participaci\u00f3n ciudadana en el concejo. El grupo municipal responde de este modo al rechazo de los concejales socialistas y del PP a la moci\u00f3n presentada","og:url":"https:\/\/www.eldigitaldeasturias.com\/noticias\/aviles-foro-acusa-al-psoe-de-secuestrar-la-participacion-ciudadana-en-el-municipio\/","article:tag":["actualidad asturias"],"article:published_time":"2013-09-24T23:08:12+00:00","article:modified_time":"2013-09-24T23:08:12+00:00","article:publisher":"https:\/\/facebook.com\/eldigitaldeasturias","twitter:card":"summary_large_image","twitter:title":"Avil\u00e9s : Foro acusa al PSOE de \u00absecuestrar\u00bb la participaci\u00f3n ciudadana en el municipio - El Digital de Asturias","twitter:description":"AVIL\u00c9S\/OVIEDO, 24 Sep. (EUROPA PRESS) - El portavoz de Foro Asturias en el Ayuntamiento de Avil\u00e9s, Pablo S\u00e1nchez Lorda, ha acusado este martes al gobierno local del PSOE de &quot;secuestrar&quot; la participaci\u00f3n ciudadana en el concejo. El grupo municipal responde de este modo al rechazo de los concejales socialistas y del PP a la moci\u00f3n presentada","twitter:label1":"Escrito por","twitter:data1":"El Digital de Asturias","twitter:label2":"Tiempo de lectura estimado","twitter:data2":"2 minutos"},"aioseo_meta_data":{"post_id":"2895","title":null,"description":null,"keywords":null,"keyphrases":null,"primary_term":null,"canonical_url":null,"og_title":null,"og_description":null,"og_object_type":"default","og_image_type":"default","og_image_url":null,"og_image_width":null,"og_image_height":null,"og_image_custom_url":null,"og_image_custom_fields":null,"og_video":null,"og_custom_url":null,"og_article_section":null,"og_article_tags":null,"twitter_use_og":true,"twitter_card":"default","twitter_image_type":"default","twitter_image_url":null,"twitter_image_custom_url":null,"twitter_image_custom_fields":null,"twitter_title":null,"twitter_description":null,"schema":{"blockGraphs":[],"customGraphs":[],"default":{"data":{"Article":[],"Course":[],"Dataset":[],"FAQPage":[],"Movie":[],"Person":[],"Product":[],"ProductReview":[],"Car":[],"Recipe":[],"Service":[],"SoftwareApplication":[],"WebPage":[]},"graphName":"","isEnabled":true},"graphs":[],"defaultGraph":"","defaultPostTypeGraph":""},"schema_type":null,"schema_type_options":null,"pillar_content":false,"robots_default":true,"robots_noindex":false,"robots_noarchive":false,"robots_nosnippet":false,"robots_nofollow":false,"robots_noimageindex":false,"robots_noodp":false,"robots_notranslate":false,"robots_max_snippet":null,"robots_max_videopreview":null,"robots_max_imagepreview":"none","priority":null,"frequency":null,"local_seo":null,"seo_analyzer_scan_date":"2025-08-21 05:12:47","breadcrumb_settings":null,"limit_modified_date":false,"open_ai":null,"ai":null,"created":"2020-11-14 22:37:00","updated":"2025-08-21 05:12:47"},"aioseo_breadcrumb":"<div class=\"aioseo-breadcrumbs\"><span class=\"aioseo-breadcrumb\">\n\t<a href=\"https:\/\/www.eldigitaldeasturias.com\/noticias\" title=\"Home\">Home<\/a>\n<\/span><span class=\"aioseo-breadcrumb-separator\">\u2013<\/span><span class=\"aioseo-breadcrumb\">\n\t<a href=\"https:\/\/www.eldigitaldeasturias.com\/noticias\/category\/actualidad-asturias\/\" title=\"Actualidad Asturias\">Actualidad Asturias<\/a>\n<\/span><span class=\"aioseo-breadcrumb-separator\">\u2013<\/span><span class=\"aioseo-breadcrumb\">\n\t<a href=\"https:\/\/www.eldigitaldeasturias.com\/noticias\/aviles-foro-acusa-al-psoe-de-secuestrar-la-participacion-ciudadana-en-el-municipio\/\" title=\"Avil\u00e9s : Foro acusa al PSOE de \u00absecuestrar\u00bb la participaci\u00f3n ciudadana en el municipio\">Avil\u00e9s : Foro acusa al PSOE de \u00absecuestrar\u00bb la participaci\u00f3n ciudadana en el municipio<\/a>\n<\/span><\/div>","aioseo_breadcrumb_json":[{"label":"Home","link":"https:\/\/www.eldigitaldeasturias.com\/noticias"},{"label":"Actualidad Asturias","link":"https:\/\/www.eldigitaldeasturias.com\/noticias\/category\/actualidad-asturias\/"},{"label":"Avil\u00e9s : Foro acusa al PSOE de \u00absecuestrar\u00bb la participaci\u00f3n ciudadana en el municipio","link":"https:\/\/www.eldigitaldeasturias.com\/noticias\/aviles-foro-acusa-al-psoe-de-secuestrar-la-participacion-ciudadana-en-el-municipio\/"}],"_links":{"self":[{"href":"https:\/\/www.eldigitaldeasturias.com\/noticias\/wp-json\/wp\/v2\/posts\/2895","targetHints":{"allow":["GET"]}}],"collection":[{"href":"https:\/\/www.eldigitaldeasturias.com\/noticias\/wp-json\/wp\/v2\/posts"}],"about":[{"href":"https:\/\/www.eldigitaldeasturias.com\/noticias\/wp-json\/wp\/v2\/types\/post"}],"author":[{"embeddable":true,"href":"https:\/\/www.eldigitaldeasturias.com\/noticias\/wp-json\/wp\/v2\/users\/1"}],"replies":[{"embeddable":true,"href":"https:\/\/www.eldigitaldeasturias.com\/noticias\/wp-json\/wp\/v2\/comments?post=2895"}],"version-history":[{"count":0,"href":"https:\/\/www.eldigitaldeasturias.com\/noticias\/wp-json\/wp\/v2\/posts\/2895\/revisions"}],"wp:featuredmedia":[{"embeddable":true,"href":"https:\/\/www.eldigitaldeasturias.com\/noticias\/wp-json\/"}],"wp:attachment":[{"href":"https:\/\/www.eldigitaldeasturias.com\/noticias\/wp-json\/wp\/v2\/media?parent=2895"}],"wp:term":[{"taxonomy":"category","embeddable":true,"href":"https:\/\/www.eldigitaldeasturias.com\/noticias\/wp-json\/wp\/v2\/categories?post=2895"},{"taxonomy":"post_tag","embeddable":true,"href":"https:\/\/www.eldigitaldeasturias.com\/noticias\/wp-json\/wp\/v2\/tags?post=2895"}],"curies":[{"name":"wp","href":"https:\/\/api.w.org\/{rel}","templated":true}]}}