{"id":2893,"date":"2013-09-24T23:06:44","date_gmt":"2013-09-24T23:06:44","guid":{"rendered":"http:\/\/www.eldigitaldeasturias.com\/noticias\/?p=2893"},"modified":"2013-09-24T23:06:44","modified_gmt":"2013-09-24T23:06:44","slug":"el-pp-de-cudillero-dice-que-el-psoe-es-el-unico-responsable-de-la-situacion-en-el-municipio","status":"publish","type":"post","link":"https:\/\/www.eldigitaldeasturias.com\/noticias\/el-pp-de-cudillero-dice-que-el-psoe-es-el-unico-responsable-de-la-situacion-en-el-municipio\/","title":{"rendered":"El PP de Cudillero dice que el PSOE es el \u00fanico responsable de la situaci\u00f3n en el municipio"},"content":{"rendered":"<p><img loading=\"lazy\" decoding=\"async\" class=\"alignleft size-medium wp-image-2884\" alt=\"cudillero2\" src=\"https:\/\/www.eldigitaldeasturias.com\/noticias\/wp-content\/uploads\/2013\/09\/cudillero2-360x269.jpg\" width=\"360\" height=\"269\" \/>OVIEDO, 24 Sep. (EUROPA PRESS) &#8211;\u00a0La presidenta del PP de Cudillero y portavoz municipal, Carmen P\u00e9rez Garc\u00eda de la Mata, ha dicho este martes que el PSOE y la FSA, que tiene mayor\u00eda absoluta, son los \u00fanicos responsables de la situaci\u00f3n en el municipio, tras las \u00faltimas sentencias judiciales que han venido anulando los nombramientos de los alcaldes socialistas.<\/p>\n<p>La \u00faltima ha sido una sentencia del Tribunal Superior de Justicia de Asturias (TSJA) que ha declarado no ajustado a Derecho el Acuerdo del Pleno del Ayuntamiento de Cudillero (Asturias) de 23 de agosto de 2013 por el que se procedi\u00f3 a la elecci\u00f3n y proclamaci\u00f3n como alcalde del socialista Luis Fern\u00e1ndez Garay. El municipio lleva dos a\u00f1os con cinco alcaldes, y tres nombramientos han sido anulado.<\/p>\n<p>En declaraciones a Europa Press, Garc\u00eda de la Mata ha mostrado su respeto por el fallo y se ha congratulado por el mismo, dado que el PP fue uno de los partidos, junto a Foro, que recurrieron el nombramiento.<\/p>\n<p>\u00abSon ya dos a\u00f1os de ingobernabilidad, en los que las verdaderas v\u00edctimas son los vecinos\u00bb, ha manifestado la dirigente del PP, que ha se\u00f1alado que los socialista han venido \u00abaplaudiendo\u00bb todas las decisiones que luego anular\u00eda la Justicia.<\/p>\n<p>A su juicio, el PSOE deber\u00eda pedir perd\u00f3n al pueblo de Cudillero y, si tuviera \u00abun m\u00ednimo de dignidad y \u00e9tica\u00bb, deber\u00eda apartarse, ha explicado Garc\u00eda de la Mata. \u00abPero visto lo visto, parece que se agarrar\u00e1n a lo que sea para ganar tiempo&#8230;\u00bb, ha lamentado.<\/p>\n<p>Seg\u00fan la dirigente del PP, la ra\u00edz del problema en Cudillero est\u00e1 en su anterior alcalde, Francisco Gonz\u00e1lez, que sigue al frente de la Agrupaci\u00f3n Socialista del municipio y que dej\u00f3 el cargo de alcalde para ir en 2012 como diputado a la Junta General del Principado. Le ha definido como \u00abel gran cacique\u00bb y ha dicho que durante a\u00f1os el PP ha visto c\u00f3mo se les impide el acceso a documentaci\u00f3n que solicitan.<\/p>\n<p>\u00abSe est\u00e1n tapando cosas, en un ambiente de clientelismo, con temas econ\u00f3micos inconfesables y unos presupuestos prorrogados desde el a\u00f1o 2008\u00bb, ha explicado Carmen Garc\u00eda de la Mata.<\/p>\n<p>DIMISIONES Y NOMBRAMIENTOS<\/p>\n<p>El primer alcalde que tuvo el concejo esta legislatura, Francisco Gonz\u00e1lez, que es el actual secretario general de la Agrupaci\u00f3n Socialista de Cudillero, dej\u00f3 el cargo en 2012 para ir como diputado a la Junta General del Principado de Asturias. Le sustituy\u00f3 Gabriel L\u00f3pez, quien dimiti\u00f3 al poco tiempo por motivos personales.<\/p>\n<p>Fue entonces cuando, tras la renuncia de varios concejales a serlo, en el PSOE designaron candidato a Ignacio Fern\u00e1ndez, un socialista que no hab\u00eda ido en la lista electoral. Por este motivo, Foro recurri\u00f3 a los tribunales y el Tribunal Constitucional finalmente le dio la raz\u00f3n, anulando el nombramiento.<\/p>\n<p>Ante esa circunstancia, el PSOE decidi\u00f3 nombrar a uno de sus concejales, Luis Fern\u00e1ndez Garay, de los que en su d\u00eda hab\u00eda expresado su renuncia expresa a ser alcalde. Foro volvi\u00f3 a llevar el asunto al Tribunal Constitucional y este volvi\u00f3 a anular el nombramiento, entendiendo que ya hab\u00eda renunciado.<\/p>\n<p>Por \u00faltimo, el 23 de agosto de 2013 el PSOE volvi\u00f3 a nombrar a Luis Fern\u00e1ndez Garay alcalde de la localidad tras la dimisi\u00f3n y renuncia al cargo de dos ediles socialistas. Hoy, el TSJA vuelve a anular ese nombramiento y Cudillero pierde al quinto alcalde en lo que va de mandato.<\/p>\n","protected":false},"excerpt":{"rendered":"<p>OVIEDO, 24 Sep. (EUROPA PRESS) &#8211;\u00a0La presidenta del PP de Cudillero y portavoz municipal, Carmen P\u00e9rez Garc\u00eda de la Mata, ha dicho este martes que el PSOE y la FSA, que tiene mayor\u00eda absoluta, son los \u00fanicos responsables de la situaci\u00f3n en el municipio, tras las \u00faltimas sentencias judiciales que han venido anulando los nombramientos [&hellip;]<\/p>\n","protected":false},"author":1,"featured_media":2884,"comment_status":"open","ping_status":"open","sticky":false,"template":"","format":"standard","meta":{"footnotes":""},"categories":[12],"tags":[],"class_list":["post-2893","post","type-post","status-publish","format-standard","has-post-thumbnail","hentry","category-actualidad-asturias"],"aioseo_notices":[],"aioseo_head":"\n\t\t<!-- All in One SEO Pro 4.9.6.2 - aioseo.com -->\n\t<meta name=\"description\" content=\"OVIEDO, 24 Sep. (EUROPA PRESS) - La presidenta del PP de Cudillero y portavoz municipal, Carmen P\u00e9rez Garc\u00eda de la Mata, ha dicho este martes que el PSOE y la FSA, que tiene mayor\u00eda absoluta, son los \u00fanicos responsables de la situaci\u00f3n en el municipio, tras las \u00faltimas sentencias judiciales que han venido anulando los nombramientos\" \/>\n\t<meta name=\"robots\" content=\"max-image-preview:large\" \/>\n\t<meta name=\"author\" content=\"El Digital de Asturias\"\/>\n\t<meta name=\"google-site-verification\" content=\"UA-38556648-1\" \/>\n\t<meta name=\"msvalidate.01\" content=\"7dfe9f3f1b24437ab69f4f2559babe99\" \/>\n\t<meta name=\"keywords\" content=\"actualidad asturias\" \/>\n\t<link rel=\"canonical\" href=\"https:\/\/www.eldigitaldeasturias.com\/noticias\/el-pp-de-cudillero-dice-que-el-psoe-es-el-unico-responsable-de-la-situacion-en-el-municipio\/\" \/>\n\t<meta name=\"generator\" content=\"All in One SEO Pro (AIOSEO) 4.9.6.2\" \/>\n\t\t<meta property=\"og:locale\" content=\"es_ES\" \/>\n\t\t<meta property=\"og:site_name\" content=\"El Digital de Asturias\" \/>\n\t\t<meta property=\"og:type\" content=\"article\" \/>\n\t\t<meta property=\"og:title\" content=\"El PP de Cudillero dice que el PSOE es el \u00fanico responsable de la situaci\u00f3n en el municipio - El Digital de Asturias\" \/>\n\t\t<meta property=\"og:description\" content=\"OVIEDO, 24 Sep. (EUROPA PRESS) - La presidenta del PP de Cudillero y portavoz municipal, Carmen P\u00e9rez Garc\u00eda de la Mata, ha dicho este martes que el PSOE y la FSA, que tiene mayor\u00eda absoluta, son los \u00fanicos responsables de la situaci\u00f3n en el municipio, tras las \u00faltimas sentencias judiciales que han venido anulando los nombramientos\" \/>\n\t\t<meta property=\"og:url\" content=\"https:\/\/www.eldigitaldeasturias.com\/noticias\/el-pp-de-cudillero-dice-que-el-psoe-es-el-unico-responsable-de-la-situacion-en-el-municipio\/\" \/>\n\t\t<meta property=\"article:tag\" content=\"actualidad asturias\" \/>\n\t\t<meta property=\"article:published_time\" content=\"2013-09-24T23:06:44+00:00\" \/>\n\t\t<meta property=\"article:modified_time\" content=\"2013-09-24T23:06:44+00:00\" \/>\n\t\t<meta property=\"article:publisher\" content=\"https:\/\/facebook.com\/eldigitaldeasturias\" \/>\n\t\t<meta name=\"twitter:card\" content=\"summary_large_image\" \/>\n\t\t<meta name=\"twitter:title\" content=\"El PP de Cudillero dice que el PSOE es el \u00fanico responsable de la situaci\u00f3n en el municipio - El Digital de Asturias\" \/>\n\t\t<meta name=\"twitter:description\" content=\"OVIEDO, 24 Sep. (EUROPA PRESS) - La presidenta del PP de Cudillero y portavoz municipal, Carmen P\u00e9rez Garc\u00eda de la Mata, ha dicho este martes que el PSOE y la FSA, que tiene mayor\u00eda absoluta, son los \u00fanicos responsables de la situaci\u00f3n en el municipio, tras las \u00faltimas sentencias judiciales que han venido anulando los nombramientos\" \/>\n\t\t<meta name=\"twitter:label1\" content=\"Escrito por\" \/>\n\t\t<meta name=\"twitter:data1\" content=\"El Digital de Asturias\" \/>\n\t\t<meta name=\"twitter:label2\" content=\"Tiempo de lectura estimado\" \/>\n\t\t<meta name=\"twitter:data2\" content=\"3 minutos\" \/>\n\t\t<script type=\"application\/ld+json\" class=\"aioseo-schema\">\n\t\t\t{\"@context\":\"https:\\\/\\\/schema.org\",\"@graph\":[{\"@type\":\"BlogPosting\",\"@id\":\"https:\\\/\\\/www.eldigitaldeasturias.com\\\/noticias\\\/el-pp-de-cudillero-dice-que-el-psoe-es-el-unico-responsable-de-la-situacion-en-el-municipio\\\/#blogposting\",\"name\":\"El PP de Cudillero dice que el PSOE es el \\u00fanico responsable de la situaci\\u00f3n en el municipio - El Digital de Asturias\",\"headline\":\"El PP de Cudillero dice que el PSOE es el \\u00fanico responsable de la situaci\\u00f3n en el municipio\",\"author\":{\"@id\":\"https:\\\/\\\/www.eldigitaldeasturias.com\\\/noticias\\\/author\\\/admin\\\/#author\"},\"publisher\":{\"@id\":\"https:\\\/\\\/www.eldigitaldeasturias.com\\\/noticias\\\/#organization\"},\"image\":{\"@type\":\"ImageObject\",\"url\":2884},\"datePublished\":\"2013-09-24T23:06:44+02:00\",\"dateModified\":\"2013-09-24T23:06:44+02:00\",\"inLanguage\":\"es-ES\",\"mainEntityOfPage\":{\"@id\":\"https:\\\/\\\/www.eldigitaldeasturias.com\\\/noticias\\\/el-pp-de-cudillero-dice-que-el-psoe-es-el-unico-responsable-de-la-situacion-en-el-municipio\\\/#webpage\"},\"isPartOf\":{\"@id\":\"https:\\\/\\\/www.eldigitaldeasturias.com\\\/noticias\\\/el-pp-de-cudillero-dice-que-el-psoe-es-el-unico-responsable-de-la-situacion-en-el-municipio\\\/#webpage\"},\"articleSection\":\"Actualidad Asturias\"},{\"@type\":\"BreadcrumbList\",\"@id\":\"https:\\\/\\\/www.eldigitaldeasturias.com\\\/noticias\\\/el-pp-de-cudillero-dice-que-el-psoe-es-el-unico-responsable-de-la-situacion-en-el-municipio\\\/#breadcrumblist\",\"itemListElement\":[{\"@type\":\"ListItem\",\"@id\":\"https:\\\/\\\/www.eldigitaldeasturias.com\\\/noticias#listItem\",\"position\":1,\"name\":\"Home\",\"item\":\"https:\\\/\\\/www.eldigitaldeasturias.com\\\/noticias\",\"nextItem\":{\"@type\":\"ListItem\",\"@id\":\"https:\\\/\\\/www.eldigitaldeasturias.com\\\/noticias\\\/category\\\/actualidad-asturias\\\/#listItem\",\"name\":\"Actualidad Asturias\"}},{\"@type\":\"ListItem\",\"@id\":\"https:\\\/\\\/www.eldigitaldeasturias.com\\\/noticias\\\/category\\\/actualidad-asturias\\\/#listItem\",\"position\":2,\"name\":\"Actualidad Asturias\",\"item\":\"https:\\\/\\\/www.eldigitaldeasturias.com\\\/noticias\\\/category\\\/actualidad-asturias\\\/\",\"nextItem\":{\"@type\":\"ListItem\",\"@id\":\"https:\\\/\\\/www.eldigitaldeasturias.com\\\/noticias\\\/el-pp-de-cudillero-dice-que-el-psoe-es-el-unico-responsable-de-la-situacion-en-el-municipio\\\/#listItem\",\"name\":\"El PP de Cudillero dice que el PSOE es el \\u00fanico responsable de la situaci\\u00f3n en el municipio\"},\"previousItem\":{\"@type\":\"ListItem\",\"@id\":\"https:\\\/\\\/www.eldigitaldeasturias.com\\\/noticias#listItem\",\"name\":\"Home\"}},{\"@type\":\"ListItem\",\"@id\":\"https:\\\/\\\/www.eldigitaldeasturias.com\\\/noticias\\\/el-pp-de-cudillero-dice-que-el-psoe-es-el-unico-responsable-de-la-situacion-en-el-municipio\\\/#listItem\",\"position\":3,\"name\":\"El PP de Cudillero dice que el PSOE es el \\u00fanico responsable de la situaci\\u00f3n en el municipio\",\"previousItem\":{\"@type\":\"ListItem\",\"@id\":\"https:\\\/\\\/www.eldigitaldeasturias.com\\\/noticias\\\/category\\\/actualidad-asturias\\\/#listItem\",\"name\":\"Actualidad Asturias\"}}]},{\"@type\":\"Organization\",\"@id\":\"https:\\\/\\\/www.eldigitaldeasturias.com\\\/noticias\\\/#organization\",\"name\":\"El Digital de Asturias\",\"description\":\"Hemeroteca\",\"url\":\"https:\\\/\\\/www.eldigitaldeasturias.com\\\/noticias\\\/\",\"email\":\"info@eldigitaldeasturias.com\",\"telephone\":\"+34652131393\",\"logo\":{\"@type\":\"ImageObject\",\"url\":\"https:\\\/\\\/www.eldigitaldeasturias.com\\\/noticias\\\/wp-content\\\/uploads\\\/2020\\\/12\\\/EDA.jpg\",\"@id\":\"https:\\\/\\\/www.eldigitaldeasturias.com\\\/noticias\\\/el-pp-de-cudillero-dice-que-el-psoe-es-el-unico-responsable-de-la-situacion-en-el-municipio\\\/#organizationLogo\",\"width\":649,\"height\":297},\"image\":{\"@id\":\"https:\\\/\\\/www.eldigitaldeasturias.com\\\/noticias\\\/el-pp-de-cudillero-dice-que-el-psoe-es-el-unico-responsable-de-la-situacion-en-el-municipio\\\/#organizationLogo\"},\"sameAs\":[\"https:\\\/\\\/facebook.com\\\/eldigitaldeasturias\",\"https:\\\/\\\/www.youtube.com\\\/channel\\\/UCZP-2wLEB9Rv6erhFmqVnvg\"],\"address\":{\"@id\":\"https:\\\/\\\/www.eldigitaldeasturias.com\\\/noticias\\\/#postaladdress\",\"@type\":\"PostalAddress\",\"streetAddress\":\"san antonio 4,\",\"postalCode\":\"33430\",\"addressLocality\":\"Cand\\u00e1s\",\"addressRegion\":\"Asturias\",\"addressCountry\":\"ES\"}},{\"@type\":\"Person\",\"@id\":\"https:\\\/\\\/www.eldigitaldeasturias.com\\\/noticias\\\/author\\\/admin\\\/#author\",\"url\":\"https:\\\/\\\/www.eldigitaldeasturias.com\\\/noticias\\\/author\\\/admin\\\/\",\"name\":\"El Digital de Asturias\",\"image\":{\"@type\":\"ImageObject\",\"@id\":\"https:\\\/\\\/www.eldigitaldeasturias.com\\\/noticias\\\/el-pp-de-cudillero-dice-que-el-psoe-es-el-unico-responsable-de-la-situacion-en-el-municipio\\\/#authorImage\",\"url\":\"https:\\\/\\\/www.eldigitaldeasturias.com\\\/noticias\\\/wp-content\\\/litespeed\\\/avatar\\\/18677e78aa0546b92d9dbf31ec7d7668.jpg?ver=1776685526\",\"width\":96,\"height\":96,\"caption\":\"El Digital de Asturias\"}},{\"@type\":\"WebPage\",\"@id\":\"https:\\\/\\\/www.eldigitaldeasturias.com\\\/noticias\\\/el-pp-de-cudillero-dice-que-el-psoe-es-el-unico-responsable-de-la-situacion-en-el-municipio\\\/#webpage\",\"url\":\"https:\\\/\\\/www.eldigitaldeasturias.com\\\/noticias\\\/el-pp-de-cudillero-dice-que-el-psoe-es-el-unico-responsable-de-la-situacion-en-el-municipio\\\/\",\"name\":\"El PP de Cudillero dice que el PSOE es el \\u00fanico responsable de la situaci\\u00f3n en el municipio - El Digital de Asturias\",\"description\":\"OVIEDO, 24 Sep. (EUROPA PRESS) - La presidenta del PP de Cudillero y portavoz municipal, Carmen P\\u00e9rez Garc\\u00eda de la Mata, ha dicho este martes que el PSOE y la FSA, que tiene mayor\\u00eda absoluta, son los \\u00fanicos responsables de la situaci\\u00f3n en el municipio, tras las \\u00faltimas sentencias judiciales que han venido anulando los nombramientos\",\"inLanguage\":\"es-ES\",\"isPartOf\":{\"@id\":\"https:\\\/\\\/www.eldigitaldeasturias.com\\\/noticias\\\/#website\"},\"breadcrumb\":{\"@id\":\"https:\\\/\\\/www.eldigitaldeasturias.com\\\/noticias\\\/el-pp-de-cudillero-dice-que-el-psoe-es-el-unico-responsable-de-la-situacion-en-el-municipio\\\/#breadcrumblist\"},\"author\":{\"@id\":\"https:\\\/\\\/www.eldigitaldeasturias.com\\\/noticias\\\/author\\\/admin\\\/#author\"},\"creator\":{\"@id\":\"https:\\\/\\\/www.eldigitaldeasturias.com\\\/noticias\\\/author\\\/admin\\\/#author\"},\"image\":{\"@type\":\"ImageObject\",\"url\":2884,\"@id\":\"https:\\\/\\\/www.eldigitaldeasturias.com\\\/noticias\\\/el-pp-de-cudillero-dice-que-el-psoe-es-el-unico-responsable-de-la-situacion-en-el-municipio\\\/#mainImage\"},\"primaryImageOfPage\":{\"@id\":\"https:\\\/\\\/www.eldigitaldeasturias.com\\\/noticias\\\/el-pp-de-cudillero-dice-que-el-psoe-es-el-unico-responsable-de-la-situacion-en-el-municipio\\\/#mainImage\"},\"datePublished\":\"2013-09-24T23:06:44+02:00\",\"dateModified\":\"2013-09-24T23:06:44+02:00\"},{\"@type\":\"WebSite\",\"@id\":\"https:\\\/\\\/www.eldigitaldeasturias.com\\\/noticias\\\/#website\",\"url\":\"https:\\\/\\\/www.eldigitaldeasturias.com\\\/noticias\\\/\",\"name\":\"El Digital de Asturias - Diario de actualidad y noticias\",\"alternateName\":\"El Digital de Asturias - Diario de actualidad y noticias\",\"description\":\"Hemeroteca\",\"inLanguage\":\"es-ES\",\"publisher\":{\"@id\":\"https:\\\/\\\/www.eldigitaldeasturias.com\\\/noticias\\\/#organization\"}}]}\n\t\t<\/script>\n\t\t<!-- All in One SEO Pro -->\r\n\t\t<title>El PP de Cudillero dice que el PSOE es el \u00fanico responsable de la situaci\u00f3n en el municipio - El Digital de Asturias<\/title>\n\n","aioseo_head_json":{"title":"El PP de Cudillero dice que el PSOE es el \u00fanico responsable de la situaci\u00f3n en el municipio - El Digital de Asturias","description":"OVIEDO, 24 Sep. (EUROPA PRESS) - La presidenta del PP de Cudillero y portavoz municipal, Carmen P\u00e9rez Garc\u00eda de la Mata, ha dicho este martes que el PSOE y la FSA, que tiene mayor\u00eda absoluta, son los \u00fanicos responsables de la situaci\u00f3n en el municipio, tras las \u00faltimas sentencias judiciales que han venido anulando los nombramientos","canonical_url":"https:\/\/www.eldigitaldeasturias.com\/noticias\/el-pp-de-cudillero-dice-que-el-psoe-es-el-unico-responsable-de-la-situacion-en-el-municipio\/","robots":"max-image-preview:large","keywords":"actualidad asturias","webmasterTools":{"google-site-verification":"UA-38556648-1","msvalidate.01":"7dfe9f3f1b24437ab69f4f2559babe99","miscellaneous":""},"schema":{"@context":"https:\/\/schema.org","@graph":[{"@type":"BlogPosting","@id":"https:\/\/www.eldigitaldeasturias.com\/noticias\/el-pp-de-cudillero-dice-que-el-psoe-es-el-unico-responsable-de-la-situacion-en-el-municipio\/#blogposting","name":"El PP de Cudillero dice que el PSOE es el \u00fanico responsable de la situaci\u00f3n en el municipio - El Digital de Asturias","headline":"El PP de Cudillero dice que el PSOE es el \u00fanico responsable de la situaci\u00f3n en el municipio","author":{"@id":"https:\/\/www.eldigitaldeasturias.com\/noticias\/author\/admin\/#author"},"publisher":{"@id":"https:\/\/www.eldigitaldeasturias.com\/noticias\/#organization"},"image":{"@type":"ImageObject","url":2884},"datePublished":"2013-09-24T23:06:44+02:00","dateModified":"2013-09-24T23:06:44+02:00","inLanguage":"es-ES","mainEntityOfPage":{"@id":"https:\/\/www.eldigitaldeasturias.com\/noticias\/el-pp-de-cudillero-dice-que-el-psoe-es-el-unico-responsable-de-la-situacion-en-el-municipio\/#webpage"},"isPartOf":{"@id":"https:\/\/www.eldigitaldeasturias.com\/noticias\/el-pp-de-cudillero-dice-que-el-psoe-es-el-unico-responsable-de-la-situacion-en-el-municipio\/#webpage"},"articleSection":"Actualidad Asturias"},{"@type":"BreadcrumbList","@id":"https:\/\/www.eldigitaldeasturias.com\/noticias\/el-pp-de-cudillero-dice-que-el-psoe-es-el-unico-responsable-de-la-situacion-en-el-municipio\/#breadcrumblist","itemListElement":[{"@type":"ListItem","@id":"https:\/\/www.eldigitaldeasturias.com\/noticias#listItem","position":1,"name":"Home","item":"https:\/\/www.eldigitaldeasturias.com\/noticias","nextItem":{"@type":"ListItem","@id":"https:\/\/www.eldigitaldeasturias.com\/noticias\/category\/actualidad-asturias\/#listItem","name":"Actualidad Asturias"}},{"@type":"ListItem","@id":"https:\/\/www.eldigitaldeasturias.com\/noticias\/category\/actualidad-asturias\/#listItem","position":2,"name":"Actualidad Asturias","item":"https:\/\/www.eldigitaldeasturias.com\/noticias\/category\/actualidad-asturias\/","nextItem":{"@type":"ListItem","@id":"https:\/\/www.eldigitaldeasturias.com\/noticias\/el-pp-de-cudillero-dice-que-el-psoe-es-el-unico-responsable-de-la-situacion-en-el-municipio\/#listItem","name":"El PP de Cudillero dice que el PSOE es el \u00fanico responsable de la situaci\u00f3n en el municipio"},"previousItem":{"@type":"ListItem","@id":"https:\/\/www.eldigitaldeasturias.com\/noticias#listItem","name":"Home"}},{"@type":"ListItem","@id":"https:\/\/www.eldigitaldeasturias.com\/noticias\/el-pp-de-cudillero-dice-que-el-psoe-es-el-unico-responsable-de-la-situacion-en-el-municipio\/#listItem","position":3,"name":"El PP de Cudillero dice que el PSOE es el \u00fanico responsable de la situaci\u00f3n en el municipio","previousItem":{"@type":"ListItem","@id":"https:\/\/www.eldigitaldeasturias.com\/noticias\/category\/actualidad-asturias\/#listItem","name":"Actualidad Asturias"}}]},{"@type":"Organization","@id":"https:\/\/www.eldigitaldeasturias.com\/noticias\/#organization","name":"El Digital de Asturias","description":"Hemeroteca","url":"https:\/\/www.eldigitaldeasturias.com\/noticias\/","email":"info@eldigitaldeasturias.com","telephone":"+34652131393","logo":{"@type":"ImageObject","url":"https:\/\/www.eldigitaldeasturias.com\/noticias\/wp-content\/uploads\/2020\/12\/EDA.jpg","@id":"https:\/\/www.eldigitaldeasturias.com\/noticias\/el-pp-de-cudillero-dice-que-el-psoe-es-el-unico-responsable-de-la-situacion-en-el-municipio\/#organizationLogo","width":649,"height":297},"image":{"@id":"https:\/\/www.eldigitaldeasturias.com\/noticias\/el-pp-de-cudillero-dice-que-el-psoe-es-el-unico-responsable-de-la-situacion-en-el-municipio\/#organizationLogo"},"sameAs":["https:\/\/facebook.com\/eldigitaldeasturias","https:\/\/www.youtube.com\/channel\/UCZP-2wLEB9Rv6erhFmqVnvg"],"address":{"@id":"https:\/\/www.eldigitaldeasturias.com\/noticias\/#postaladdress","@type":"PostalAddress","streetAddress":"san antonio 4,","postalCode":"33430","addressLocality":"Cand\u00e1s","addressRegion":"Asturias","addressCountry":"ES"}},{"@type":"Person","@id":"https:\/\/www.eldigitaldeasturias.com\/noticias\/author\/admin\/#author","url":"https:\/\/www.eldigitaldeasturias.com\/noticias\/author\/admin\/","name":"El Digital de Asturias","image":{"@type":"ImageObject","@id":"https:\/\/www.eldigitaldeasturias.com\/noticias\/el-pp-de-cudillero-dice-que-el-psoe-es-el-unico-responsable-de-la-situacion-en-el-municipio\/#authorImage","url":"https:\/\/www.eldigitaldeasturias.com\/noticias\/wp-content\/litespeed\/avatar\/18677e78aa0546b92d9dbf31ec7d7668.jpg?ver=1776685526","width":96,"height":96,"caption":"El Digital de Asturias"}},{"@type":"WebPage","@id":"https:\/\/www.eldigitaldeasturias.com\/noticias\/el-pp-de-cudillero-dice-que-el-psoe-es-el-unico-responsable-de-la-situacion-en-el-municipio\/#webpage","url":"https:\/\/www.eldigitaldeasturias.com\/noticias\/el-pp-de-cudillero-dice-que-el-psoe-es-el-unico-responsable-de-la-situacion-en-el-municipio\/","name":"El PP de Cudillero dice que el PSOE es el \u00fanico responsable de la situaci\u00f3n en el municipio - El Digital de Asturias","description":"OVIEDO, 24 Sep. (EUROPA PRESS) - La presidenta del PP de Cudillero y portavoz municipal, Carmen P\u00e9rez Garc\u00eda de la Mata, ha dicho este martes que el PSOE y la FSA, que tiene mayor\u00eda absoluta, son los \u00fanicos responsables de la situaci\u00f3n en el municipio, tras las \u00faltimas sentencias judiciales que han venido anulando los nombramientos","inLanguage":"es-ES","isPartOf":{"@id":"https:\/\/www.eldigitaldeasturias.com\/noticias\/#website"},"breadcrumb":{"@id":"https:\/\/www.eldigitaldeasturias.com\/noticias\/el-pp-de-cudillero-dice-que-el-psoe-es-el-unico-responsable-de-la-situacion-en-el-municipio\/#breadcrumblist"},"author":{"@id":"https:\/\/www.eldigitaldeasturias.com\/noticias\/author\/admin\/#author"},"creator":{"@id":"https:\/\/www.eldigitaldeasturias.com\/noticias\/author\/admin\/#author"},"image":{"@type":"ImageObject","url":2884,"@id":"https:\/\/www.eldigitaldeasturias.com\/noticias\/el-pp-de-cudillero-dice-que-el-psoe-es-el-unico-responsable-de-la-situacion-en-el-municipio\/#mainImage"},"primaryImageOfPage":{"@id":"https:\/\/www.eldigitaldeasturias.com\/noticias\/el-pp-de-cudillero-dice-que-el-psoe-es-el-unico-responsable-de-la-situacion-en-el-municipio\/#mainImage"},"datePublished":"2013-09-24T23:06:44+02:00","dateModified":"2013-09-24T23:06:44+02:00"},{"@type":"WebSite","@id":"https:\/\/www.eldigitaldeasturias.com\/noticias\/#website","url":"https:\/\/www.eldigitaldeasturias.com\/noticias\/","name":"El Digital de Asturias - Diario de actualidad y noticias","alternateName":"El Digital de Asturias - Diario de actualidad y noticias","description":"Hemeroteca","inLanguage":"es-ES","publisher":{"@id":"https:\/\/www.eldigitaldeasturias.com\/noticias\/#organization"}}]},"og:locale":"es_ES","og:site_name":"El Digital de Asturias","og:type":"article","og:title":"El PP de Cudillero dice que el PSOE es el \u00fanico responsable de la situaci\u00f3n en el municipio - El Digital de Asturias","og:description":"OVIEDO, 24 Sep. (EUROPA PRESS) - La presidenta del PP de Cudillero y portavoz municipal, Carmen P\u00e9rez Garc\u00eda de la Mata, ha dicho este martes que el PSOE y la FSA, que tiene mayor\u00eda absoluta, son los \u00fanicos responsables de la situaci\u00f3n en el municipio, tras las \u00faltimas sentencias judiciales que han venido anulando los nombramientos","og:url":"https:\/\/www.eldigitaldeasturias.com\/noticias\/el-pp-de-cudillero-dice-que-el-psoe-es-el-unico-responsable-de-la-situacion-en-el-municipio\/","article:tag":["actualidad asturias"],"article:published_time":"2013-09-24T23:06:44+00:00","article:modified_time":"2013-09-24T23:06:44+00:00","article:publisher":"https:\/\/facebook.com\/eldigitaldeasturias","twitter:card":"summary_large_image","twitter:title":"El PP de Cudillero dice que el PSOE es el \u00fanico responsable de la situaci\u00f3n en el municipio - El Digital de Asturias","twitter:description":"OVIEDO, 24 Sep. (EUROPA PRESS) - La presidenta del PP de Cudillero y portavoz municipal, Carmen P\u00e9rez Garc\u00eda de la Mata, ha dicho este martes que el PSOE y la FSA, que tiene mayor\u00eda absoluta, son los \u00fanicos responsables de la situaci\u00f3n en el municipio, tras las \u00faltimas sentencias judiciales que han venido anulando los nombramientos","twitter:label1":"Escrito por","twitter:data1":"El Digital de Asturias","twitter:label2":"Tiempo de lectura estimado","twitter:data2":"3 minutos"},"aioseo_meta_data":{"post_id":"2893","title":null,"description":null,"keywords":null,"keyphrases":null,"primary_term":null,"canonical_url":null,"og_title":null,"og_description":null,"og_object_type":"default","og_image_type":"default","og_image_url":null,"og_image_width":null,"og_image_height":null,"og_image_custom_url":null,"og_image_custom_fields":null,"og_video":null,"og_custom_url":null,"og_article_section":null,"og_article_tags":null,"twitter_use_og":true,"twitter_card":"default","twitter_image_type":"default","twitter_image_url":null,"twitter_image_custom_url":null,"twitter_image_custom_fields":null,"twitter_title":null,"twitter_description":null,"schema":{"blockGraphs":[],"customGraphs":[],"default":{"data":{"Article":[],"Course":[],"Dataset":[],"FAQPage":[],"Movie":[],"Person":[],"Product":[],"ProductReview":[],"Car":[],"Recipe":[],"Service":[],"SoftwareApplication":[],"WebPage":[]},"graphName":"","isEnabled":true},"graphs":[],"defaultGraph":"","defaultPostTypeGraph":""},"schema_type":null,"schema_type_options":null,"pillar_content":false,"robots_default":true,"robots_noindex":false,"robots_noarchive":false,"robots_nosnippet":false,"robots_nofollow":false,"robots_noimageindex":false,"robots_noodp":false,"robots_notranslate":false,"robots_max_snippet":null,"robots_max_videopreview":null,"robots_max_imagepreview":"none","priority":null,"frequency":null,"local_seo":null,"seo_analyzer_scan_date":"2025-08-21 05:12:46","breadcrumb_settings":null,"limit_modified_date":false,"open_ai":null,"ai":null,"created":"2020-11-14 22:37:00","updated":"2025-08-21 05:12:46"},"aioseo_breadcrumb":"<div class=\"aioseo-breadcrumbs\"><span class=\"aioseo-breadcrumb\">\n\t<a href=\"https:\/\/www.eldigitaldeasturias.com\/noticias\" title=\"Home\">Home<\/a>\n<\/span><span class=\"aioseo-breadcrumb-separator\">\u2013<\/span><span class=\"aioseo-breadcrumb\">\n\t<a href=\"https:\/\/www.eldigitaldeasturias.com\/noticias\/category\/actualidad-asturias\/\" title=\"Actualidad Asturias\">Actualidad Asturias<\/a>\n<\/span><span class=\"aioseo-breadcrumb-separator\">\u2013<\/span><span class=\"aioseo-breadcrumb\">\n\t<a href=\"https:\/\/www.eldigitaldeasturias.com\/noticias\/el-pp-de-cudillero-dice-que-el-psoe-es-el-unico-responsable-de-la-situacion-en-el-municipio\/\" title=\"El PP de Cudillero dice que el PSOE es el \u00fanico responsable de la situaci\u00f3n en el municipio\">El PP de Cudillero dice que el PSOE es el \u00fanico responsable de la situaci\u00f3n en el municipio<\/a>\n<\/span><\/div>","aioseo_breadcrumb_json":[{"label":"Home","link":"https:\/\/www.eldigitaldeasturias.com\/noticias"},{"label":"Actualidad Asturias","link":"https:\/\/www.eldigitaldeasturias.com\/noticias\/category\/actualidad-asturias\/"},{"label":"El PP de Cudillero dice que el PSOE es el \u00fanico responsable de la situaci\u00f3n en el municipio","link":"https:\/\/www.eldigitaldeasturias.com\/noticias\/el-pp-de-cudillero-dice-que-el-psoe-es-el-unico-responsable-de-la-situacion-en-el-municipio\/"}],"_links":{"self":[{"href":"https:\/\/www.eldigitaldeasturias.com\/noticias\/wp-json\/wp\/v2\/posts\/2893","targetHints":{"allow":["GET"]}}],"collection":[{"href":"https:\/\/www.eldigitaldeasturias.com\/noticias\/wp-json\/wp\/v2\/posts"}],"about":[{"href":"https:\/\/www.eldigitaldeasturias.com\/noticias\/wp-json\/wp\/v2\/types\/post"}],"author":[{"embeddable":true,"href":"https:\/\/www.eldigitaldeasturias.com\/noticias\/wp-json\/wp\/v2\/users\/1"}],"replies":[{"embeddable":true,"href":"https:\/\/www.eldigitaldeasturias.com\/noticias\/wp-json\/wp\/v2\/comments?post=2893"}],"version-history":[{"count":0,"href":"https:\/\/www.eldigitaldeasturias.com\/noticias\/wp-json\/wp\/v2\/posts\/2893\/revisions"}],"wp:featuredmedia":[{"embeddable":true,"href":"https:\/\/www.eldigitaldeasturias.com\/noticias\/wp-json\/"}],"wp:attachment":[{"href":"https:\/\/www.eldigitaldeasturias.com\/noticias\/wp-json\/wp\/v2\/media?parent=2893"}],"wp:term":[{"taxonomy":"category","embeddable":true,"href":"https:\/\/www.eldigitaldeasturias.com\/noticias\/wp-json\/wp\/v2\/categories?post=2893"},{"taxonomy":"post_tag","embeddable":true,"href":"https:\/\/www.eldigitaldeasturias.com\/noticias\/wp-json\/wp\/v2\/tags?post=2893"}],"curies":[{"name":"wp","href":"https:\/\/api.w.org\/{rel}","templated":true}]}}