{"id":2891,"date":"2013-09-24T23:05:16","date_gmt":"2013-09-24T23:05:16","guid":{"rendered":"http:\/\/www.eldigitaldeasturias.com\/noticias\/?p=2891"},"modified":"2013-09-24T23:05:16","modified_gmt":"2013-09-24T23:05:16","slug":"torre-aboga-por-legislar-sobre-las-deslocalizaciones-de-empresas-para-evitar-cierres-como-el-de-tenneco","status":"publish","type":"post","link":"https:\/\/www.eldigitaldeasturias.com\/noticias\/torre-aboga-por-legislar-sobre-las-deslocalizaciones-de-empresas-para-evitar-cierres-como-el-de-tenneco\/","title":{"rendered":"Torre aboga por legislar sobre las deslocalizaciones de empresas para evitar cierres como el de Tenneco"},"content":{"rendered":"<p><img loading=\"lazy\" decoding=\"async\" class=\"alignleft size-medium wp-image-684\" alt=\"tenneco\" src=\"https:\/\/www.eldigitaldeasturias.com\/noticias\/wp-content\/uploads\/2013\/09\/tenneco-360x288.jpg\" width=\"360\" height=\"288\" srcset=\"https:\/\/www.eldigitaldeasturias.com\/noticias\/wp-content\/uploads\/2013\/09\/tenneco-360x288.jpg 360w, https:\/\/www.eldigitaldeasturias.com\/noticias\/wp-content\/uploads\/2013\/09\/tenneco.jpg 600w\" sizes=\"auto, (max-width: 360px) 100vw, 360px\" \/>OVIEDO, 24 Sep. (EUROPA PRESS) &#8211;\u00a0El consejero de Econom\u00eda y Empleo del Principado, Graciano Torre, ha reiterado este martes que \u00abno existen motivos econ\u00f3micos ni organizativos que justifiquen la decisi\u00f3n de la empresa Tenneco de cerrar su planta de Gij\u00f3n\u00bb. Adem\u00e1s, ha abogado por legislar sobre las deslocalizaciones de las empresas, algo que evitar\u00eda que algunas compa\u00f1\u00edas, entre las que cit\u00f3 a Tenneco, cerrasen sus instalaciones \u00absin una causa real\u00bb.<\/p>\n<p>Torre cree que si se legislase, tanto a nivel nacional como europeo, para endurecer las condiciones sobre las deslocalizaciones, decisiones como la tomada por Tenneco, con instalaciones en Espa\u00f1a y Europa, de clausurar la planta m\u00e1s competitiva y vers\u00e1til, no se llevar\u00edan a la pr\u00e1ctica.<\/p>\n<p>Por otra parte, el titular de Econom\u00eda y Empleo se ha referido esta ma\u00f1ana a las declaraciones vertidas por el secretario general de la Federaci\u00f3n de Industria de CCOO de Asturias, Dami\u00e1n Manzano, sobre la retirada de las concesiones mineras a Victorino Alonso. Torre, que destac\u00f3 que la concesi\u00f3n es de Coto Minero del Cant\u00e1brico y no de Victorino Alonso, considera inoportuna esa petici\u00f3n, que conllevar\u00eda la disoluci\u00f3n de la empresa.<\/p>\n<p>El consejero esgrimi\u00f3 varios motivos para justificar su postura: \u00abCoto Minero del Cant\u00e1brico ya no es de Victorino Alonso, sino que est\u00e1 en manos del juez y los administradores concursales\u00bb. Asimismo, indic\u00f3 que \u00abes dif\u00edcil que a una empresa que est\u00e1 en concurso de acreedores se le pueda quitar un valor de la masa activa como es el de la concesi\u00f3n\u00bb. Seg\u00fan el consejero, esto conllevar\u00eda la disoluci\u00f3n de la empresa; y el Principado va a reunirse con los administradores para demandarles que hagan todo lo posible por la continuidad de la empresa.<\/p>\n","protected":false},"excerpt":{"rendered":"<p>OVIEDO, 24 Sep. (EUROPA PRESS) &#8211;\u00a0El consejero de Econom\u00eda y Empleo del Principado, Graciano Torre, ha reiterado este martes que \u00abno existen motivos econ\u00f3micos ni organizativos que justifiquen la decisi\u00f3n de la empresa Tenneco de cerrar su planta de Gij\u00f3n\u00bb. Adem\u00e1s, ha abogado por legislar sobre las deslocalizaciones de las empresas, algo que evitar\u00eda que [&hellip;]<\/p>\n","protected":false},"author":1,"featured_media":684,"comment_status":"open","ping_status":"open","sticky":false,"template":"","format":"standard","meta":{"footnotes":""},"categories":[12],"tags":[],"class_list":["post-2891","post","type-post","status-publish","format-standard","has-post-thumbnail","hentry","category-actualidad-asturias"],"aioseo_notices":[],"aioseo_head":"\n\t\t<!-- All in One SEO Pro 4.9.6.2 - aioseo.com -->\n\t<meta name=\"description\" content=\"OVIEDO, 24 Sep. (EUROPA PRESS) - El consejero de Econom\u00eda y Empleo del Principado, Graciano Torre, ha reiterado este martes que &quot;no existen motivos econ\u00f3micos ni organizativos que justifiquen la decisi\u00f3n de la empresa Tenneco de cerrar su planta de Gij\u00f3n&quot;. Adem\u00e1s, ha abogado por legislar sobre las deslocalizaciones de las empresas, algo que evitar\u00eda que\" \/>\n\t<meta name=\"robots\" content=\"max-image-preview:large\" \/>\n\t<meta name=\"author\" content=\"El Digital de Asturias\"\/>\n\t<meta name=\"google-site-verification\" content=\"UA-38556648-1\" \/>\n\t<meta name=\"msvalidate.01\" content=\"7dfe9f3f1b24437ab69f4f2559babe99\" \/>\n\t<meta name=\"keywords\" content=\"actualidad asturias\" \/>\n\t<link rel=\"canonical\" href=\"https:\/\/www.eldigitaldeasturias.com\/noticias\/torre-aboga-por-legislar-sobre-las-deslocalizaciones-de-empresas-para-evitar-cierres-como-el-de-tenneco\/\" \/>\n\t<meta name=\"generator\" content=\"All in One SEO Pro (AIOSEO) 4.9.6.2\" \/>\n\t\t<meta property=\"og:locale\" content=\"es_ES\" \/>\n\t\t<meta property=\"og:site_name\" content=\"El Digital de Asturias\" \/>\n\t\t<meta property=\"og:type\" content=\"article\" \/>\n\t\t<meta property=\"og:title\" content=\"Torre aboga por legislar sobre las deslocalizaciones de empresas para evitar cierres como el de Tenneco - El Digital de Asturias\" \/>\n\t\t<meta property=\"og:description\" content=\"OVIEDO, 24 Sep. (EUROPA PRESS) - El consejero de Econom\u00eda y Empleo del Principado, Graciano Torre, ha reiterado este martes que &quot;no existen motivos econ\u00f3micos ni organizativos que justifiquen la decisi\u00f3n de la empresa Tenneco de cerrar su planta de Gij\u00f3n&quot;. Adem\u00e1s, ha abogado por legislar sobre las deslocalizaciones de las empresas, algo que evitar\u00eda que\" \/>\n\t\t<meta property=\"og:url\" content=\"https:\/\/www.eldigitaldeasturias.com\/noticias\/torre-aboga-por-legislar-sobre-las-deslocalizaciones-de-empresas-para-evitar-cierres-como-el-de-tenneco\/\" \/>\n\t\t<meta property=\"og:image\" content=\"https:\/\/www.eldigitaldeasturias.com\/noticias\/wp-content\/uploads\/2013\/09\/tenneco.jpg\" \/>\n\t\t<meta property=\"og:image:secure_url\" content=\"https:\/\/www.eldigitaldeasturias.com\/noticias\/wp-content\/uploads\/2013\/09\/tenneco.jpg\" \/>\n\t\t<meta property=\"og:image:width\" content=\"600\" \/>\n\t\t<meta property=\"og:image:height\" content=\"480\" \/>\n\t\t<meta property=\"article:tag\" content=\"actualidad asturias\" \/>\n\t\t<meta property=\"article:published_time\" content=\"2013-09-24T23:05:16+00:00\" \/>\n\t\t<meta property=\"article:modified_time\" content=\"2013-09-24T23:05:16+00:00\" \/>\n\t\t<meta property=\"article:publisher\" content=\"https:\/\/facebook.com\/eldigitaldeasturias\" \/>\n\t\t<meta name=\"twitter:card\" content=\"summary_large_image\" \/>\n\t\t<meta name=\"twitter:title\" content=\"Torre aboga por legislar sobre las deslocalizaciones de empresas para evitar cierres como el de Tenneco - El Digital de Asturias\" \/>\n\t\t<meta name=\"twitter:description\" content=\"OVIEDO, 24 Sep. (EUROPA PRESS) - El consejero de Econom\u00eda y Empleo del Principado, Graciano Torre, ha reiterado este martes que &quot;no existen motivos econ\u00f3micos ni organizativos que justifiquen la decisi\u00f3n de la empresa Tenneco de cerrar su planta de Gij\u00f3n&quot;. Adem\u00e1s, ha abogado por legislar sobre las deslocalizaciones de las empresas, algo que evitar\u00eda que\" \/>\n\t\t<meta name=\"twitter:image\" content=\"https:\/\/www.eldigitaldeasturias.com\/noticias\/wp-content\/uploads\/2013\/09\/tenneco.jpg\" \/>\n\t\t<meta name=\"twitter:label1\" content=\"Escrito por\" \/>\n\t\t<meta name=\"twitter:data1\" content=\"El Digital de Asturias\" \/>\n\t\t<meta name=\"twitter:label2\" content=\"Tiempo de lectura estimado\" \/>\n\t\t<meta name=\"twitter:data2\" content=\"2 minutos\" \/>\n\t\t<script type=\"application\/ld+json\" class=\"aioseo-schema\">\n\t\t\t{\"@context\":\"https:\\\/\\\/schema.org\",\"@graph\":[{\"@type\":\"BlogPosting\",\"@id\":\"https:\\\/\\\/www.eldigitaldeasturias.com\\\/noticias\\\/torre-aboga-por-legislar-sobre-las-deslocalizaciones-de-empresas-para-evitar-cierres-como-el-de-tenneco\\\/#blogposting\",\"name\":\"Torre aboga por legislar sobre las deslocalizaciones de empresas para evitar cierres como el de Tenneco - El Digital de Asturias\",\"headline\":\"Torre aboga por legislar sobre las deslocalizaciones de empresas para evitar cierres como el de Tenneco\",\"author\":{\"@id\":\"https:\\\/\\\/www.eldigitaldeasturias.com\\\/noticias\\\/author\\\/admin\\\/#author\"},\"publisher\":{\"@id\":\"https:\\\/\\\/www.eldigitaldeasturias.com\\\/noticias\\\/#organization\"},\"image\":{\"@type\":\"ImageObject\",\"url\":\"https:\\\/\\\/www.eldigitaldeasturias.com\\\/noticias\\\/wp-content\\\/uploads\\\/2013\\\/09\\\/tenneco.jpg\",\"width\":600,\"height\":480},\"datePublished\":\"2013-09-24T23:05:16+02:00\",\"dateModified\":\"2013-09-24T23:05:16+02:00\",\"inLanguage\":\"es-ES\",\"mainEntityOfPage\":{\"@id\":\"https:\\\/\\\/www.eldigitaldeasturias.com\\\/noticias\\\/torre-aboga-por-legislar-sobre-las-deslocalizaciones-de-empresas-para-evitar-cierres-como-el-de-tenneco\\\/#webpage\"},\"isPartOf\":{\"@id\":\"https:\\\/\\\/www.eldigitaldeasturias.com\\\/noticias\\\/torre-aboga-por-legislar-sobre-las-deslocalizaciones-de-empresas-para-evitar-cierres-como-el-de-tenneco\\\/#webpage\"},\"articleSection\":\"Actualidad Asturias\"},{\"@type\":\"BreadcrumbList\",\"@id\":\"https:\\\/\\\/www.eldigitaldeasturias.com\\\/noticias\\\/torre-aboga-por-legislar-sobre-las-deslocalizaciones-de-empresas-para-evitar-cierres-como-el-de-tenneco\\\/#breadcrumblist\",\"itemListElement\":[{\"@type\":\"ListItem\",\"@id\":\"https:\\\/\\\/www.eldigitaldeasturias.com\\\/noticias#listItem\",\"position\":1,\"name\":\"Home\",\"item\":\"https:\\\/\\\/www.eldigitaldeasturias.com\\\/noticias\",\"nextItem\":{\"@type\":\"ListItem\",\"@id\":\"https:\\\/\\\/www.eldigitaldeasturias.com\\\/noticias\\\/category\\\/actualidad-asturias\\\/#listItem\",\"name\":\"Actualidad Asturias\"}},{\"@type\":\"ListItem\",\"@id\":\"https:\\\/\\\/www.eldigitaldeasturias.com\\\/noticias\\\/category\\\/actualidad-asturias\\\/#listItem\",\"position\":2,\"name\":\"Actualidad Asturias\",\"item\":\"https:\\\/\\\/www.eldigitaldeasturias.com\\\/noticias\\\/category\\\/actualidad-asturias\\\/\",\"nextItem\":{\"@type\":\"ListItem\",\"@id\":\"https:\\\/\\\/www.eldigitaldeasturias.com\\\/noticias\\\/torre-aboga-por-legislar-sobre-las-deslocalizaciones-de-empresas-para-evitar-cierres-como-el-de-tenneco\\\/#listItem\",\"name\":\"Torre aboga por legislar sobre las deslocalizaciones de empresas para evitar cierres como el de Tenneco\"},\"previousItem\":{\"@type\":\"ListItem\",\"@id\":\"https:\\\/\\\/www.eldigitaldeasturias.com\\\/noticias#listItem\",\"name\":\"Home\"}},{\"@type\":\"ListItem\",\"@id\":\"https:\\\/\\\/www.eldigitaldeasturias.com\\\/noticias\\\/torre-aboga-por-legislar-sobre-las-deslocalizaciones-de-empresas-para-evitar-cierres-como-el-de-tenneco\\\/#listItem\",\"position\":3,\"name\":\"Torre aboga por legislar sobre las deslocalizaciones de empresas para evitar cierres como el de Tenneco\",\"previousItem\":{\"@type\":\"ListItem\",\"@id\":\"https:\\\/\\\/www.eldigitaldeasturias.com\\\/noticias\\\/category\\\/actualidad-asturias\\\/#listItem\",\"name\":\"Actualidad Asturias\"}}]},{\"@type\":\"Organization\",\"@id\":\"https:\\\/\\\/www.eldigitaldeasturias.com\\\/noticias\\\/#organization\",\"name\":\"El Digital de Asturias\",\"description\":\"Hemeroteca\",\"url\":\"https:\\\/\\\/www.eldigitaldeasturias.com\\\/noticias\\\/\",\"email\":\"info@eldigitaldeasturias.com\",\"telephone\":\"+34652131393\",\"logo\":{\"@type\":\"ImageObject\",\"url\":\"https:\\\/\\\/www.eldigitaldeasturias.com\\\/noticias\\\/wp-content\\\/uploads\\\/2020\\\/12\\\/EDA.jpg\",\"@id\":\"https:\\\/\\\/www.eldigitaldeasturias.com\\\/noticias\\\/torre-aboga-por-legislar-sobre-las-deslocalizaciones-de-empresas-para-evitar-cierres-como-el-de-tenneco\\\/#organizationLogo\",\"width\":649,\"height\":297},\"image\":{\"@id\":\"https:\\\/\\\/www.eldigitaldeasturias.com\\\/noticias\\\/torre-aboga-por-legislar-sobre-las-deslocalizaciones-de-empresas-para-evitar-cierres-como-el-de-tenneco\\\/#organizationLogo\"},\"sameAs\":[\"https:\\\/\\\/facebook.com\\\/eldigitaldeasturias\",\"https:\\\/\\\/www.youtube.com\\\/channel\\\/UCZP-2wLEB9Rv6erhFmqVnvg\"],\"address\":{\"@id\":\"https:\\\/\\\/www.eldigitaldeasturias.com\\\/noticias\\\/#postaladdress\",\"@type\":\"PostalAddress\",\"streetAddress\":\"san antonio 4,\",\"postalCode\":\"33430\",\"addressLocality\":\"Cand\\u00e1s\",\"addressRegion\":\"Asturias\",\"addressCountry\":\"ES\"}},{\"@type\":\"Person\",\"@id\":\"https:\\\/\\\/www.eldigitaldeasturias.com\\\/noticias\\\/author\\\/admin\\\/#author\",\"url\":\"https:\\\/\\\/www.eldigitaldeasturias.com\\\/noticias\\\/author\\\/admin\\\/\",\"name\":\"El Digital de Asturias\",\"image\":{\"@type\":\"ImageObject\",\"@id\":\"https:\\\/\\\/www.eldigitaldeasturias.com\\\/noticias\\\/torre-aboga-por-legislar-sobre-las-deslocalizaciones-de-empresas-para-evitar-cierres-como-el-de-tenneco\\\/#authorImage\",\"url\":\"https:\\\/\\\/www.eldigitaldeasturias.com\\\/noticias\\\/wp-content\\\/litespeed\\\/avatar\\\/18677e78aa0546b92d9dbf31ec7d7668.jpg?ver=1776685526\",\"width\":96,\"height\":96,\"caption\":\"El Digital de Asturias\"}},{\"@type\":\"WebPage\",\"@id\":\"https:\\\/\\\/www.eldigitaldeasturias.com\\\/noticias\\\/torre-aboga-por-legislar-sobre-las-deslocalizaciones-de-empresas-para-evitar-cierres-como-el-de-tenneco\\\/#webpage\",\"url\":\"https:\\\/\\\/www.eldigitaldeasturias.com\\\/noticias\\\/torre-aboga-por-legislar-sobre-las-deslocalizaciones-de-empresas-para-evitar-cierres-como-el-de-tenneco\\\/\",\"name\":\"Torre aboga por legislar sobre las deslocalizaciones de empresas para evitar cierres como el de Tenneco - El Digital de Asturias\",\"description\":\"OVIEDO, 24 Sep. (EUROPA PRESS) - El consejero de Econom\\u00eda y Empleo del Principado, Graciano Torre, ha reiterado este martes que \\\"no existen motivos econ\\u00f3micos ni organizativos que justifiquen la decisi\\u00f3n de la empresa Tenneco de cerrar su planta de Gij\\u00f3n\\\". Adem\\u00e1s, ha abogado por legislar sobre las deslocalizaciones de las empresas, algo que evitar\\u00eda que\",\"inLanguage\":\"es-ES\",\"isPartOf\":{\"@id\":\"https:\\\/\\\/www.eldigitaldeasturias.com\\\/noticias\\\/#website\"},\"breadcrumb\":{\"@id\":\"https:\\\/\\\/www.eldigitaldeasturias.com\\\/noticias\\\/torre-aboga-por-legislar-sobre-las-deslocalizaciones-de-empresas-para-evitar-cierres-como-el-de-tenneco\\\/#breadcrumblist\"},\"author\":{\"@id\":\"https:\\\/\\\/www.eldigitaldeasturias.com\\\/noticias\\\/author\\\/admin\\\/#author\"},\"creator\":{\"@id\":\"https:\\\/\\\/www.eldigitaldeasturias.com\\\/noticias\\\/author\\\/admin\\\/#author\"},\"image\":{\"@type\":\"ImageObject\",\"url\":\"https:\\\/\\\/www.eldigitaldeasturias.com\\\/noticias\\\/wp-content\\\/uploads\\\/2013\\\/09\\\/tenneco.jpg\",\"@id\":\"https:\\\/\\\/www.eldigitaldeasturias.com\\\/noticias\\\/torre-aboga-por-legislar-sobre-las-deslocalizaciones-de-empresas-para-evitar-cierres-como-el-de-tenneco\\\/#mainImage\",\"width\":600,\"height\":480},\"primaryImageOfPage\":{\"@id\":\"https:\\\/\\\/www.eldigitaldeasturias.com\\\/noticias\\\/torre-aboga-por-legislar-sobre-las-deslocalizaciones-de-empresas-para-evitar-cierres-como-el-de-tenneco\\\/#mainImage\"},\"datePublished\":\"2013-09-24T23:05:16+02:00\",\"dateModified\":\"2013-09-24T23:05:16+02:00\"},{\"@type\":\"WebSite\",\"@id\":\"https:\\\/\\\/www.eldigitaldeasturias.com\\\/noticias\\\/#website\",\"url\":\"https:\\\/\\\/www.eldigitaldeasturias.com\\\/noticias\\\/\",\"name\":\"El Digital de Asturias - Diario de actualidad y noticias\",\"alternateName\":\"El Digital de Asturias - Diario de actualidad y noticias\",\"description\":\"Hemeroteca\",\"inLanguage\":\"es-ES\",\"publisher\":{\"@id\":\"https:\\\/\\\/www.eldigitaldeasturias.com\\\/noticias\\\/#organization\"}}]}\n\t\t<\/script>\n\t\t<!-- All in One SEO Pro -->\r\n\t\t<title>Torre aboga por legislar sobre las deslocalizaciones de empresas para evitar cierres como el de Tenneco - El Digital de Asturias<\/title>\n\n","aioseo_head_json":{"title":"Torre aboga por legislar sobre las deslocalizaciones de empresas para evitar cierres como el de Tenneco - El Digital de Asturias","description":"OVIEDO, 24 Sep. (EUROPA PRESS) - El consejero de Econom\u00eda y Empleo del Principado, Graciano Torre, ha reiterado este martes que \"no existen motivos econ\u00f3micos ni organizativos que justifiquen la decisi\u00f3n de la empresa Tenneco de cerrar su planta de Gij\u00f3n\". Adem\u00e1s, ha abogado por legislar sobre las deslocalizaciones de las empresas, algo que evitar\u00eda que","canonical_url":"https:\/\/www.eldigitaldeasturias.com\/noticias\/torre-aboga-por-legislar-sobre-las-deslocalizaciones-de-empresas-para-evitar-cierres-como-el-de-tenneco\/","robots":"max-image-preview:large","keywords":"actualidad asturias","webmasterTools":{"google-site-verification":"UA-38556648-1","msvalidate.01":"7dfe9f3f1b24437ab69f4f2559babe99","miscellaneous":""},"schema":{"@context":"https:\/\/schema.org","@graph":[{"@type":"BlogPosting","@id":"https:\/\/www.eldigitaldeasturias.com\/noticias\/torre-aboga-por-legislar-sobre-las-deslocalizaciones-de-empresas-para-evitar-cierres-como-el-de-tenneco\/#blogposting","name":"Torre aboga por legislar sobre las deslocalizaciones de empresas para evitar cierres como el de Tenneco - El Digital de Asturias","headline":"Torre aboga por legislar sobre las deslocalizaciones de empresas para evitar cierres como el de Tenneco","author":{"@id":"https:\/\/www.eldigitaldeasturias.com\/noticias\/author\/admin\/#author"},"publisher":{"@id":"https:\/\/www.eldigitaldeasturias.com\/noticias\/#organization"},"image":{"@type":"ImageObject","url":"https:\/\/www.eldigitaldeasturias.com\/noticias\/wp-content\/uploads\/2013\/09\/tenneco.jpg","width":600,"height":480},"datePublished":"2013-09-24T23:05:16+02:00","dateModified":"2013-09-24T23:05:16+02:00","inLanguage":"es-ES","mainEntityOfPage":{"@id":"https:\/\/www.eldigitaldeasturias.com\/noticias\/torre-aboga-por-legislar-sobre-las-deslocalizaciones-de-empresas-para-evitar-cierres-como-el-de-tenneco\/#webpage"},"isPartOf":{"@id":"https:\/\/www.eldigitaldeasturias.com\/noticias\/torre-aboga-por-legislar-sobre-las-deslocalizaciones-de-empresas-para-evitar-cierres-como-el-de-tenneco\/#webpage"},"articleSection":"Actualidad Asturias"},{"@type":"BreadcrumbList","@id":"https:\/\/www.eldigitaldeasturias.com\/noticias\/torre-aboga-por-legislar-sobre-las-deslocalizaciones-de-empresas-para-evitar-cierres-como-el-de-tenneco\/#breadcrumblist","itemListElement":[{"@type":"ListItem","@id":"https:\/\/www.eldigitaldeasturias.com\/noticias#listItem","position":1,"name":"Home","item":"https:\/\/www.eldigitaldeasturias.com\/noticias","nextItem":{"@type":"ListItem","@id":"https:\/\/www.eldigitaldeasturias.com\/noticias\/category\/actualidad-asturias\/#listItem","name":"Actualidad Asturias"}},{"@type":"ListItem","@id":"https:\/\/www.eldigitaldeasturias.com\/noticias\/category\/actualidad-asturias\/#listItem","position":2,"name":"Actualidad Asturias","item":"https:\/\/www.eldigitaldeasturias.com\/noticias\/category\/actualidad-asturias\/","nextItem":{"@type":"ListItem","@id":"https:\/\/www.eldigitaldeasturias.com\/noticias\/torre-aboga-por-legislar-sobre-las-deslocalizaciones-de-empresas-para-evitar-cierres-como-el-de-tenneco\/#listItem","name":"Torre aboga por legislar sobre las deslocalizaciones de empresas para evitar cierres como el de Tenneco"},"previousItem":{"@type":"ListItem","@id":"https:\/\/www.eldigitaldeasturias.com\/noticias#listItem","name":"Home"}},{"@type":"ListItem","@id":"https:\/\/www.eldigitaldeasturias.com\/noticias\/torre-aboga-por-legislar-sobre-las-deslocalizaciones-de-empresas-para-evitar-cierres-como-el-de-tenneco\/#listItem","position":3,"name":"Torre aboga por legislar sobre las deslocalizaciones de empresas para evitar cierres como el de Tenneco","previousItem":{"@type":"ListItem","@id":"https:\/\/www.eldigitaldeasturias.com\/noticias\/category\/actualidad-asturias\/#listItem","name":"Actualidad Asturias"}}]},{"@type":"Organization","@id":"https:\/\/www.eldigitaldeasturias.com\/noticias\/#organization","name":"El Digital de Asturias","description":"Hemeroteca","url":"https:\/\/www.eldigitaldeasturias.com\/noticias\/","email":"info@eldigitaldeasturias.com","telephone":"+34652131393","logo":{"@type":"ImageObject","url":"https:\/\/www.eldigitaldeasturias.com\/noticias\/wp-content\/uploads\/2020\/12\/EDA.jpg","@id":"https:\/\/www.eldigitaldeasturias.com\/noticias\/torre-aboga-por-legislar-sobre-las-deslocalizaciones-de-empresas-para-evitar-cierres-como-el-de-tenneco\/#organizationLogo","width":649,"height":297},"image":{"@id":"https:\/\/www.eldigitaldeasturias.com\/noticias\/torre-aboga-por-legislar-sobre-las-deslocalizaciones-de-empresas-para-evitar-cierres-como-el-de-tenneco\/#organizationLogo"},"sameAs":["https:\/\/facebook.com\/eldigitaldeasturias","https:\/\/www.youtube.com\/channel\/UCZP-2wLEB9Rv6erhFmqVnvg"],"address":{"@id":"https:\/\/www.eldigitaldeasturias.com\/noticias\/#postaladdress","@type":"PostalAddress","streetAddress":"san antonio 4,","postalCode":"33430","addressLocality":"Cand\u00e1s","addressRegion":"Asturias","addressCountry":"ES"}},{"@type":"Person","@id":"https:\/\/www.eldigitaldeasturias.com\/noticias\/author\/admin\/#author","url":"https:\/\/www.eldigitaldeasturias.com\/noticias\/author\/admin\/","name":"El Digital de Asturias","image":{"@type":"ImageObject","@id":"https:\/\/www.eldigitaldeasturias.com\/noticias\/torre-aboga-por-legislar-sobre-las-deslocalizaciones-de-empresas-para-evitar-cierres-como-el-de-tenneco\/#authorImage","url":"https:\/\/www.eldigitaldeasturias.com\/noticias\/wp-content\/litespeed\/avatar\/18677e78aa0546b92d9dbf31ec7d7668.jpg?ver=1776685526","width":96,"height":96,"caption":"El Digital de Asturias"}},{"@type":"WebPage","@id":"https:\/\/www.eldigitaldeasturias.com\/noticias\/torre-aboga-por-legislar-sobre-las-deslocalizaciones-de-empresas-para-evitar-cierres-como-el-de-tenneco\/#webpage","url":"https:\/\/www.eldigitaldeasturias.com\/noticias\/torre-aboga-por-legislar-sobre-las-deslocalizaciones-de-empresas-para-evitar-cierres-como-el-de-tenneco\/","name":"Torre aboga por legislar sobre las deslocalizaciones de empresas para evitar cierres como el de Tenneco - El Digital de Asturias","description":"OVIEDO, 24 Sep. (EUROPA PRESS) - El consejero de Econom\u00eda y Empleo del Principado, Graciano Torre, ha reiterado este martes que \"no existen motivos econ\u00f3micos ni organizativos que justifiquen la decisi\u00f3n de la empresa Tenneco de cerrar su planta de Gij\u00f3n\". Adem\u00e1s, ha abogado por legislar sobre las deslocalizaciones de las empresas, algo que evitar\u00eda que","inLanguage":"es-ES","isPartOf":{"@id":"https:\/\/www.eldigitaldeasturias.com\/noticias\/#website"},"breadcrumb":{"@id":"https:\/\/www.eldigitaldeasturias.com\/noticias\/torre-aboga-por-legislar-sobre-las-deslocalizaciones-de-empresas-para-evitar-cierres-como-el-de-tenneco\/#breadcrumblist"},"author":{"@id":"https:\/\/www.eldigitaldeasturias.com\/noticias\/author\/admin\/#author"},"creator":{"@id":"https:\/\/www.eldigitaldeasturias.com\/noticias\/author\/admin\/#author"},"image":{"@type":"ImageObject","url":"https:\/\/www.eldigitaldeasturias.com\/noticias\/wp-content\/uploads\/2013\/09\/tenneco.jpg","@id":"https:\/\/www.eldigitaldeasturias.com\/noticias\/torre-aboga-por-legislar-sobre-las-deslocalizaciones-de-empresas-para-evitar-cierres-como-el-de-tenneco\/#mainImage","width":600,"height":480},"primaryImageOfPage":{"@id":"https:\/\/www.eldigitaldeasturias.com\/noticias\/torre-aboga-por-legislar-sobre-las-deslocalizaciones-de-empresas-para-evitar-cierres-como-el-de-tenneco\/#mainImage"},"datePublished":"2013-09-24T23:05:16+02:00","dateModified":"2013-09-24T23:05:16+02:00"},{"@type":"WebSite","@id":"https:\/\/www.eldigitaldeasturias.com\/noticias\/#website","url":"https:\/\/www.eldigitaldeasturias.com\/noticias\/","name":"El Digital de Asturias - Diario de actualidad y noticias","alternateName":"El Digital de Asturias - Diario de actualidad y noticias","description":"Hemeroteca","inLanguage":"es-ES","publisher":{"@id":"https:\/\/www.eldigitaldeasturias.com\/noticias\/#organization"}}]},"og:locale":"es_ES","og:site_name":"El Digital de Asturias","og:type":"article","og:title":"Torre aboga por legislar sobre las deslocalizaciones de empresas para evitar cierres como el de Tenneco - El Digital de Asturias","og:description":"OVIEDO, 24 Sep. (EUROPA PRESS) - El consejero de Econom\u00eda y Empleo del Principado, Graciano Torre, ha reiterado este martes que &quot;no existen motivos econ\u00f3micos ni organizativos que justifiquen la decisi\u00f3n de la empresa Tenneco de cerrar su planta de Gij\u00f3n&quot;. Adem\u00e1s, ha abogado por legislar sobre las deslocalizaciones de las empresas, algo que evitar\u00eda que","og:url":"https:\/\/www.eldigitaldeasturias.com\/noticias\/torre-aboga-por-legislar-sobre-las-deslocalizaciones-de-empresas-para-evitar-cierres-como-el-de-tenneco\/","og:image":"https:\/\/www.eldigitaldeasturias.com\/noticias\/wp-content\/uploads\/2013\/09\/tenneco.jpg","og:image:secure_url":"https:\/\/www.eldigitaldeasturias.com\/noticias\/wp-content\/uploads\/2013\/09\/tenneco.jpg","og:image:width":600,"og:image:height":480,"article:tag":["actualidad asturias"],"article:published_time":"2013-09-24T23:05:16+00:00","article:modified_time":"2013-09-24T23:05:16+00:00","article:publisher":"https:\/\/facebook.com\/eldigitaldeasturias","twitter:card":"summary_large_image","twitter:title":"Torre aboga por legislar sobre las deslocalizaciones de empresas para evitar cierres como el de Tenneco - El Digital de Asturias","twitter:description":"OVIEDO, 24 Sep. (EUROPA PRESS) - El consejero de Econom\u00eda y Empleo del Principado, Graciano Torre, ha reiterado este martes que &quot;no existen motivos econ\u00f3micos ni organizativos que justifiquen la decisi\u00f3n de la empresa Tenneco de cerrar su planta de Gij\u00f3n&quot;. Adem\u00e1s, ha abogado por legislar sobre las deslocalizaciones de las empresas, algo que evitar\u00eda que","twitter:image":"https:\/\/www.eldigitaldeasturias.com\/noticias\/wp-content\/uploads\/2013\/09\/tenneco.jpg","twitter:label1":"Escrito por","twitter:data1":"El Digital de Asturias","twitter:label2":"Tiempo de lectura estimado","twitter:data2":"2 minutos"},"aioseo_meta_data":{"post_id":"2891","title":null,"description":null,"keywords":null,"keyphrases":null,"primary_term":null,"canonical_url":null,"og_title":null,"og_description":null,"og_object_type":"default","og_image_type":"default","og_image_url":null,"og_image_width":null,"og_image_height":null,"og_image_custom_url":null,"og_image_custom_fields":null,"og_video":null,"og_custom_url":null,"og_article_section":null,"og_article_tags":null,"twitter_use_og":true,"twitter_card":"default","twitter_image_type":"default","twitter_image_url":null,"twitter_image_custom_url":null,"twitter_image_custom_fields":null,"twitter_title":null,"twitter_description":null,"schema":{"blockGraphs":[],"customGraphs":[],"default":{"data":{"Article":[],"Course":[],"Dataset":[],"FAQPage":[],"Movie":[],"Person":[],"Product":[],"ProductReview":[],"Car":[],"Recipe":[],"Service":[],"SoftwareApplication":[],"WebPage":[]},"graphName":"","isEnabled":true},"graphs":[],"defaultGraph":"","defaultPostTypeGraph":""},"schema_type":null,"schema_type_options":null,"pillar_content":false,"robots_default":true,"robots_noindex":false,"robots_noarchive":false,"robots_nosnippet":false,"robots_nofollow":false,"robots_noimageindex":false,"robots_noodp":false,"robots_notranslate":false,"robots_max_snippet":null,"robots_max_videopreview":null,"robots_max_imagepreview":"none","priority":null,"frequency":null,"local_seo":null,"seo_analyzer_scan_date":"2025-08-21 05:10:48","breadcrumb_settings":null,"limit_modified_date":false,"open_ai":null,"ai":null,"created":"2020-11-14 22:37:00","updated":"2025-08-21 05:10:48"},"aioseo_breadcrumb":"<div class=\"aioseo-breadcrumbs\"><span class=\"aioseo-breadcrumb\">\n\t<a href=\"https:\/\/www.eldigitaldeasturias.com\/noticias\" title=\"Home\">Home<\/a>\n<\/span><span class=\"aioseo-breadcrumb-separator\">\u2013<\/span><span class=\"aioseo-breadcrumb\">\n\t<a href=\"https:\/\/www.eldigitaldeasturias.com\/noticias\/category\/actualidad-asturias\/\" title=\"Actualidad Asturias\">Actualidad Asturias<\/a>\n<\/span><span class=\"aioseo-breadcrumb-separator\">\u2013<\/span><span class=\"aioseo-breadcrumb\">\n\t<a href=\"https:\/\/www.eldigitaldeasturias.com\/noticias\/torre-aboga-por-legislar-sobre-las-deslocalizaciones-de-empresas-para-evitar-cierres-como-el-de-tenneco\/\" title=\"Torre aboga por legislar sobre las deslocalizaciones de empresas para evitar cierres como el de Tenneco\">Torre aboga por legislar sobre las deslocalizaciones de empresas para evitar cierres como el de Tenneco<\/a>\n<\/span><\/div>","aioseo_breadcrumb_json":[{"label":"Home","link":"https:\/\/www.eldigitaldeasturias.com\/noticias"},{"label":"Actualidad Asturias","link":"https:\/\/www.eldigitaldeasturias.com\/noticias\/category\/actualidad-asturias\/"},{"label":"Torre aboga por legislar sobre las deslocalizaciones de empresas para evitar cierres como el de Tenneco","link":"https:\/\/www.eldigitaldeasturias.com\/noticias\/torre-aboga-por-legislar-sobre-las-deslocalizaciones-de-empresas-para-evitar-cierres-como-el-de-tenneco\/"}],"_links":{"self":[{"href":"https:\/\/www.eldigitaldeasturias.com\/noticias\/wp-json\/wp\/v2\/posts\/2891","targetHints":{"allow":["GET"]}}],"collection":[{"href":"https:\/\/www.eldigitaldeasturias.com\/noticias\/wp-json\/wp\/v2\/posts"}],"about":[{"href":"https:\/\/www.eldigitaldeasturias.com\/noticias\/wp-json\/wp\/v2\/types\/post"}],"author":[{"embeddable":true,"href":"https:\/\/www.eldigitaldeasturias.com\/noticias\/wp-json\/wp\/v2\/users\/1"}],"replies":[{"embeddable":true,"href":"https:\/\/www.eldigitaldeasturias.com\/noticias\/wp-json\/wp\/v2\/comments?post=2891"}],"version-history":[{"count":0,"href":"https:\/\/www.eldigitaldeasturias.com\/noticias\/wp-json\/wp\/v2\/posts\/2891\/revisions"}],"wp:featuredmedia":[{"embeddable":true,"href":"https:\/\/www.eldigitaldeasturias.com\/noticias\/wp-json\/wp\/v2\/media\/684"}],"wp:attachment":[{"href":"https:\/\/www.eldigitaldeasturias.com\/noticias\/wp-json\/wp\/v2\/media?parent=2891"}],"wp:term":[{"taxonomy":"category","embeddable":true,"href":"https:\/\/www.eldigitaldeasturias.com\/noticias\/wp-json\/wp\/v2\/categories?post=2891"},{"taxonomy":"post_tag","embeddable":true,"href":"https:\/\/www.eldigitaldeasturias.com\/noticias\/wp-json\/wp\/v2\/tags?post=2891"}],"curies":[{"name":"wp","href":"https:\/\/api.w.org\/{rel}","templated":true}]}}